{"id":992,"date":"2021-02-11T16:15:56","date_gmt":"2021-02-11T16:15:56","guid":{"rendered":"https:\/\/www.lucernatv.cz\/?p=992"},"modified":"2021-02-17T11:40:24","modified_gmt":"2021-02-17T11:40:24","slug":"sympozium-art-colony-cered-zvukovy-denik-miroslav-zelinsky-vizualizace-aliaksandra-laurova","status":"publish","type":"post","link":"https:\/\/www.lucernatv.cz\/index.php\/2021\/02\/11\/sympozium-art-colony-cered-zvukovy-denik-miroslav-zelinsky-vizualizace-aliaksandra-laurova\/","title":{"rendered":"Sympozium Art Colony Cered: Zvukov\u00fd den\u00edk \u2013 Miroslav Zelinsk\u00fd, Vizualizace \u2013 Aliaksandra Laurova"},"content":{"rendered":"\n<figure class=\"wp-block-embed is-type-video is-provider-youtube wp-block-embed-youtube wp-embed-aspect-16-9 wp-has-aspect-ratio\"><div class=\"wp-block-embed__wrapper\">\n<div class=\"nv-iframe-embed\"><div class=\"arve\" data-mode=\"normal\" data-oembed=\"1\" data-provider=\"youtube\" id=\"arve-youtube-glfguyert7s69f1af48310f0913327071\">\n<span class=\"arve-inner\">\n<span class=\"arve-embed arve-embed--has-aspect-ratio\">\n<span class=\"arve-ar\" style=\"padding-top:56.250000%\"><\/span><iframe allow=\"accelerometer; autoplay; clipboard-write; encrypted-media; gyroscope; picture-in-picture\" allowfullscreen class=\"arve-iframe fitvidsignore\" data-arve=\"arve-youtube-glfguyert7s69f1af48310f0913327071\" data-src-no-ap=\"https:\/\/www.youtube-nocookie.com\/embed\/GlFGUyert7s?feature=oembed&amp;iv_load_policy=3&amp;modestbranding=1&amp;rel=0&amp;autohide=1&amp;playsinline=0&amp;autoplay=0\" frameborder=\"0\" height=\"0\" sandbox=\"allow-scripts allow-same-origin allow-presentation allow-popups allow-popups-to-escape-sandbox\" scrolling=\"no\" src=\"https:\/\/www.youtube-nocookie.com\/embed\/GlFGUyert7s?feature=oembed&#038;iv_load_policy=3&#038;modestbranding=1&#038;rel=0&#038;autohide=1&#038;playsinline=0&#038;autoplay=0\"><\/iframe>\n\n<\/span>\n\n<\/span>\n<script type=\"application\/ld+json\">{\"@context\":\"http:\\\/\\\/schema.org\\\/\",\"@id\":\"https:\\\/\\\/www.lucernatv.cz\\\/index.php\\\/2021\\\/02\\\/11\\\/sympozium-art-colony-cered-zvukovy-denik-miroslav-zelinsky-vizualizace-aliaksandra-laurova\\\/#arve-youtube-glfguyert7s69f1af48310f0913327071\",\"type\":\"VideoObject\",\"embedURL\":\"https:\\\/\\\/www.youtube-nocookie.com\\\/embed\\\/GlFGUyert7s?feature=oembed&iv_load_policy=3&modestbranding=1&rel=0&autohide=1&playsinline=0&autoplay=0\"}<\/script>\n<\/div>\n<\/div>\n<\/div><\/figure>\n\n\n\n<p>Atmosf\u00e9ra sympozia ve zvukov\u00e9 stop\u011b s vizualizac\u00ed b\u011blorusk\u00e9 digit\u00e1ln\u00ed design\u00e9rky Aliaksandry Laurovov\u00e9, kter\u00e1 p\u0159evedla zvukov\u00fd z\u00e1znam do vizu\u00e1ln\u00ed podoby.<\/p>\n\n\n\n<h5 class=\"wp-block-heading\">Pr\u016fvodn\u00ed text M. Zelinsk\u00e9ho<\/h5>\n\n\n\n<p>Dosavadn\u00ed vztah zvuku a obrazu byl v d\u011bjin\u00e1ch audiovizu\u00e1ln\u00ed kultury budov\u00e1n v naprost\u00e9 v\u011bt\u0161in\u011b komplement\u00e1rn\u011b, tedy ve smyslu vz\u00e1jemn\u00e9 prov\u00e1zanosti, jedno doprov\u00e1z\u00ed, ilustruje, dopl\u0148uje druh\u00e9 a spolu vytv\u00e1\u0159\u00ed celek audiovizu\u00e1ln\u00edho d\u00edla. Nov\u00e9 podn\u011bty vnesla do prostoru vztahu zvuku a obrazu modern\u00ed elektronick\u00e1 hudba, kdy t\u00f3ny n\u00e1stroj\u016f generuj\u00ed prost\u0159ednictv\u00edm po\u010d\u00edta\u010d\u016f vizu\u00e1ln\u00ed, p\u0159edev\u0161\u00edm abstraktn\u00ed, geometrick\u00e9 nebo organicky inspirovan\u00e9 tvary a barvy a poslucha\u010d (kter\u00fd je z\u00e1rove\u0148 div\u00e1kem) dost\u00e1v\u00e1 komplexn\u00ed vjem. Zcela nov\u00fdm p\u0159\u00edstupem je pak uchopit nikoliv zvuk samotn\u00fd, ale jeho digit\u00e1ln\u00ed, datov\u00fd z\u00e1znam a ten pou\u017e\u00edt jako materi\u00e1l k vizu\u00e1ln\u00ed tvorb\u011b.<\/p>\n\n\n\n<p>Jako kur\u00e1tor a \u00fa\u010dastn\u00edk v\u00fdtvarn\u00e9ho sympozia Art Colony v ma\u010farsk\u00e9m Ceredu jsem byl um\u011bleck\u00fdm \u0159editelem, ma\u010farsko-rakousk\u00fdm v\u00fdtvarn\u00edkem Csabou F\u00fcrjesi a jeho \u017eenou Eszter, po\u017e\u00e1d\u00e1n, abych jako pozv\u00e1nku pro dal\u0161\u00ed ro\u010dn\u00edk a z\u00e1rove\u0148 tematickou v\u00fdzvu p\u0159ipravil zvukov\u00fd den\u00edk, kter\u00fd zachyt\u00ed v audio stop\u011b atmosf\u00e9ru sympozia i charakteristick\u00e9 zvuky t\u00e9to jihoma\u010farsk\u00e9 vesnice na sam\u00e9 hranici se Slovenskem.<\/p>\n\n\n\n<p>Nechal jsem se inspirovat slavn\u00fdm sedmdes\u00e1timinutov\u00fdm audiofilmem litevsko-americk\u00e9ho filmov\u00e9ho re\u017eis\u00e9ra a b\u00e1sn\u00edka Jonase Mekase, zvukov\u00fdm den\u00edkem s n\u00e1zvem Petrarcovi, kter\u00fd proch\u00e1zel kopci v Provence (2003). Mekas zde chronologicky spojuje des\u00edtky zvukov\u00fdch z\u00e1znam\u016f od poh\u0159bu Andyho Warholla (s\u00e1m tak\u00e9 pat\u0159il k avantgardn\u00ed generaci slavn\u00e9ho newyorsk\u00e9ho hotelu Chelsea) a\u017e po n\u00e1\u0159ek lid\u00ed zachycen\u00fd po p\u00e1du \u201edvoj\u010dat\u201c 11. z\u00e1\u0159\u00ed 2001. V m\u00ed\u0159e nepom\u011brn\u011b skromn\u011bj\u0161\u00ed jsem zaznamenal audio rozm\u011br ceredsk\u00e9ho setk\u00e1n\u00ed v r. 2020, omezen\u00e9ho, stejn\u011b jako mnoho jin\u00fdch aktivit, situac\u00ed pandemie. Necht\u011bl jsem ov\u0161em Mekas\u016fv princip jen prost\u011b okop\u00edrovat a pozval jsem ke spolupr\u00e1ci digit\u00e1ln\u00ed design\u00e9rku, kter\u00e1 se zab\u00fdv\u00e1 vizualizacemi dat, a po\u017e\u00e1dal ji, aby data zvukov\u00e9ho z\u00e1znamu p\u0159evedla do vizu\u00e1ln\u00ed podoby. Ve v\u00fdb\u011bru barev, programovac\u00edch algoritm\u016f a v\u00fdsledn\u00fdch obraz\u016f m\u011bla Aliaksandra Laurova svobodnou volbu, jedin\u00fdm m\u00fdm po\u017eadavkem byla plynulost cel\u00e9ho d\u00edla. Na v\u00fdsledn\u00e9 podob\u011b zvukov\u00e9 stopy se pod\u00edlel mlad\u00fd mistr zvuku z \u010cesk\u00e9ho rozhlasu v Ostrav\u011b Vojt\u011bch Dluh\u00fd. Cel\u00e9 d\u00edlo dostalo n\u00e1zev To Csaba and Eszter Who Walked Over the Hills of Cered (Audio diary: Hommage \u00e0 Jonas Mekas).<\/p>\n","protected":false},"excerpt":{"rendered":"<p>Atmosf\u00e9ra sympozia ve zvukov\u00e9 stop\u011b s vizualizac\u00ed b\u011blorusk\u00e9 digit\u00e1ln\u00ed design\u00e9rky Aliaksandry Laurovov\u00e9, kter\u00e1 p\u0159evedla zvukov\u00fd z\u00e1znam do vizu\u00e1ln\u00ed podoby. Pr\u016fvodn\u00ed text M. Zelinsk\u00e9ho Dosavadn\u00ed vztah zvuku a obrazu byl v d\u011bjin\u00e1ch audiovizu\u00e1ln\u00ed kultury budov\u00e1n v naprost\u00e9 v\u011bt\u0161in\u011b komplement\u00e1rn\u011b, tedy ve smyslu vz\u00e1jemn\u00e9 prov\u00e1zanosti, jedno doprov\u00e1z\u00ed, ilustruje, dopl\u0148uje druh\u00e9 a spolu vytv\u00e1\u0159\u00ed celek audiovizu\u00e1ln\u00edho d\u00edla. Nov\u00e9&hellip;&nbsp;<a href=\"https:\/\/www.lucernatv.cz\/index.php\/2021\/02\/11\/sympozium-art-colony-cered-zvukovy-denik-miroslav-zelinsky-vizualizace-aliaksandra-laurova\/\" class=\"\" rel=\"bookmark\">\u010c\u00edst d\u00e1le &raquo;<span class=\"screen-reader-text\">Sympozium Art Colony Cered: Zvukov\u00fd den\u00edk \u2013 Miroslav Zelinsk\u00fd, Vizualizace \u2013 Aliaksandra Laurova<\/span><\/a><\/p>\n","protected":false},"author":1,"featured_media":1838,"comment_status":"closed","ping_status":"open","sticky":false,"template":"","format":"gallery","meta":{"inline_featured_image":false,"_uag_custom_page_level_css":"","neve_meta_sidebar":"","neve_meta_container":"","neve_meta_enable_content_width":"","neve_meta_content_width":0,"neve_meta_title_alignment":"","neve_meta_author_avatar":"","neve_post_elements_order":"","neve_meta_disable_header":"","neve_meta_disable_footer":"","neve_meta_disable_title":"","_vp_format_video_url":"","_vp_image_focal_point":[]},"categories":[3,9,12],"tags":[34,30,27,39],"yoast_head":"<!-- This site is optimized with the Yoast SEO plugin v20.12 - https:\/\/yoast.com\/wordpress\/plugins\/seo\/ -->\n<title>Sympozium Art Colony Cered: Zvukov\u00fd den\u00edk \u2013 Miroslav Zelinsk\u00fd, Vizualizace \u2013 Aliaksandra Laurova - lucernatv.cz<\/title>\n<meta name=\"robots\" content=\"index, follow, max-snippet:-1, max-image-preview:large, max-video-preview:-1\" \/>\n<link rel=\"canonical\" href=\"https:\/\/www.lucernatv.cz\/index.php\/2021\/02\/11\/sympozium-art-colony-cered-zvukovy-denik-miroslav-zelinsky-vizualizace-aliaksandra-laurova\/\" \/>\n<meta property=\"og:locale\" content=\"cs_CZ\" \/>\n<meta property=\"og:type\" content=\"article\" \/>\n<meta property=\"og:title\" content=\"Sympozium Art Colony Cered: Zvukov\u00fd den\u00edk \u2013 Miroslav Zelinsk\u00fd, Vizualizace \u2013 Aliaksandra Laurova - lucernatv.cz\" \/>\n<meta property=\"og:description\" content=\"Atmosf\u00e9ra sympozia ve zvukov\u00e9 stop\u011b s vizualizac\u00ed b\u011blorusk\u00e9 digit\u00e1ln\u00ed design\u00e9rky Aliaksandry Laurovov\u00e9, kter\u00e1 p\u0159evedla zvukov\u00fd z\u00e1znam do vizu\u00e1ln\u00ed podoby. Pr\u016fvodn\u00ed text M. Zelinsk\u00e9ho Dosavadn\u00ed vztah zvuku a obrazu byl v d\u011bjin\u00e1ch audiovizu\u00e1ln\u00ed kultury budov\u00e1n v naprost\u00e9 v\u011bt\u0161in\u011b komplement\u00e1rn\u011b, tedy ve smyslu vz\u00e1jemn\u00e9 prov\u00e1zanosti, jedno doprov\u00e1z\u00ed, ilustruje, dopl\u0148uje druh\u00e9 a spolu vytv\u00e1\u0159\u00ed celek audiovizu\u00e1ln\u00edho d\u00edla. Nov\u00e9&hellip;&nbsp;\u010c\u00edst d\u00e1le &raquo;Sympozium Art Colony Cered: Zvukov\u00fd den\u00edk \u2013 Miroslav Zelinsk\u00fd, Vizualizace \u2013 Aliaksandra Laurova\" \/>\n<meta property=\"og:url\" content=\"https:\/\/www.lucernatv.cz\/index.php\/2021\/02\/11\/sympozium-art-colony-cered-zvukovy-denik-miroslav-zelinsky-vizualizace-aliaksandra-laurova\/\" \/>\n<meta property=\"og:site_name\" content=\"lucernatv.cz\" \/>\n<meta property=\"article:publisher\" content=\"https:\/\/www.facebook.com\/avtopava\" \/>\n<meta property=\"article:published_time\" content=\"2021-02-11T16:15:56+00:00\" \/>\n<meta property=\"article:modified_time\" content=\"2021-02-17T11:40:24+00:00\" \/>\n<meta property=\"og:image\" content=\"https:\/\/www.lucernatv.cz\/wp-content\/uploads\/2021\/02\/GlFGUyert7s.jpg\" \/>\n\t<meta property=\"og:image:width\" content=\"1280\" \/>\n\t<meta property=\"og:image:height\" content=\"720\" \/>\n\t<meta property=\"og:image:type\" content=\"image\/jpeg\" \/>\n<meta name=\"author\" content=\"lucernatvc\" \/>\n<meta name=\"twitter:card\" content=\"summary_large_image\" \/>\n<meta name=\"twitter:label1\" content=\"Napsal(a)\" \/>\n\t<meta name=\"twitter:data1\" content=\"lucernatvc\" \/>\n\t<meta name=\"twitter:label2\" content=\"Odhadovan\u00e1 doba \u010dten\u00ed\" \/>\n\t<meta name=\"twitter:data2\" content=\"2 minuty\" \/>\n<script type=\"application\/ld+json\" class=\"yoast-schema-graph\">{\"@context\":\"https:\/\/schema.org\",\"@graph\":[{\"@type\":\"Article\",\"@id\":\"https:\/\/www.lucernatv.cz\/index.php\/2021\/02\/11\/sympozium-art-colony-cered-zvukovy-denik-miroslav-zelinsky-vizualizace-aliaksandra-laurova\/#article\",\"isPartOf\":{\"@id\":\"https:\/\/www.lucernatv.cz\/index.php\/2021\/02\/11\/sympozium-art-colony-cered-zvukovy-denik-miroslav-zelinsky-vizualizace-aliaksandra-laurova\/\"},\"author\":{\"name\":\"lucernatvc\",\"@id\":\"https:\/\/www.lucernatv.cz\/#\/schema\/person\/fdc6b3778fe63c82ba7479978ad159ad\"},\"headline\":\"Sympozium Art Colony Cered: Zvukov\u00fd den\u00edk \u2013 Miroslav Zelinsk\u00fd, Vizualizace \u2013 Aliaksandra Laurova\",\"datePublished\":\"2021-02-11T16:15:56+00:00\",\"dateModified\":\"2021-02-17T11:40:24+00:00\",\"mainEntityOfPage\":{\"@id\":\"https:\/\/www.lucernatv.cz\/index.php\/2021\/02\/11\/sympozium-art-colony-cered-zvukovy-denik-miroslav-zelinsky-vizualizace-aliaksandra-laurova\/\"},\"wordCount\":479,\"publisher\":{\"@id\":\"https:\/\/www.lucernatv.cz\/#organization\"},\"keywords\":[\"audio\",\"experiment\u00e1ln\u00ed film\",\"publicistika\",\"v\u00fdstava\"],\"articleSection\":[\"Kultura\",\"v\u00fdstavy\",\"v\u00fdtvarn\u00e9 um\u011bn\u00ed, architektura a ve\u0159ejn\u00fd prostor\"],\"inLanguage\":\"cs\"},{\"@type\":\"WebPage\",\"@id\":\"https:\/\/www.lucernatv.cz\/index.php\/2021\/02\/11\/sympozium-art-colony-cered-zvukovy-denik-miroslav-zelinsky-vizualizace-aliaksandra-laurova\/\",\"url\":\"https:\/\/www.lucernatv.cz\/index.php\/2021\/02\/11\/sympozium-art-colony-cered-zvukovy-denik-miroslav-zelinsky-vizualizace-aliaksandra-laurova\/\",\"name\":\"Sympozium Art Colony Cered: Zvukov\u00fd den\u00edk \u2013 Miroslav Zelinsk\u00fd, Vizualizace \u2013 Aliaksandra Laurova - lucernatv.cz\",\"isPartOf\":{\"@id\":\"https:\/\/www.lucernatv.cz\/#website\"},\"datePublished\":\"2021-02-11T16:15:56+00:00\",\"dateModified\":\"2021-02-17T11:40:24+00:00\",\"breadcrumb\":{\"@id\":\"https:\/\/www.lucernatv.cz\/index.php\/2021\/02\/11\/sympozium-art-colony-cered-zvukovy-denik-miroslav-zelinsky-vizualizace-aliaksandra-laurova\/#breadcrumb\"},\"inLanguage\":\"cs\",\"potentialAction\":[{\"@type\":\"ReadAction\",\"target\":[\"https:\/\/www.lucernatv.cz\/index.php\/2021\/02\/11\/sympozium-art-colony-cered-zvukovy-denik-miroslav-zelinsky-vizualizace-aliaksandra-laurova\/\"]}]},{\"@type\":\"BreadcrumbList\",\"@id\":\"https:\/\/www.lucernatv.cz\/index.php\/2021\/02\/11\/sympozium-art-colony-cered-zvukovy-denik-miroslav-zelinsky-vizualizace-aliaksandra-laurova\/#breadcrumb\",\"itemListElement\":[{\"@type\":\"ListItem\",\"position\":1,\"name\":\"Dom\u016f\",\"item\":\"https:\/\/www.lucernatv.cz\/\"},{\"@type\":\"ListItem\",\"position\":2,\"name\":\"Sympozium Art Colony Cered: Zvukov\u00fd den\u00edk \u2013 Miroslav Zelinsk\u00fd, Vizualizace \u2013 Aliaksandra Laurova\"}]},{\"@type\":\"WebSite\",\"@id\":\"https:\/\/www.lucernatv.cz\/#website\",\"url\":\"https:\/\/www.lucernatv.cz\/\",\"name\":\"lucernatv.cz\",\"description\":\"Vzd\u011bl\u00e1vac\u00ed televize\",\"publisher\":{\"@id\":\"https:\/\/www.lucernatv.cz\/#organization\"},\"alternateName\":\"Lucerna TV\",\"potentialAction\":[{\"@type\":\"SearchAction\",\"target\":{\"@type\":\"EntryPoint\",\"urlTemplate\":\"https:\/\/www.lucernatv.cz\/?s={search_term_string}\"},\"query-input\":\"required name=search_term_string\"}],\"inLanguage\":\"cs\"},{\"@type\":\"Organization\",\"@id\":\"https:\/\/www.lucernatv.cz\/#organization\",\"name\":\"Lucerna TV\",\"url\":\"https:\/\/www.lucernatv.cz\/\",\"logo\":{\"@type\":\"ImageObject\",\"inLanguage\":\"cs\",\"@id\":\"https:\/\/www.lucernatv.cz\/#\/schema\/logo\/image\/\",\"url\":\"https:\/\/www.lucernatv.cz\/wp-content\/uploads\/2021\/02\/logo.svg\",\"contentUrl\":\"https:\/\/www.lucernatv.cz\/wp-content\/uploads\/2021\/02\/logo.svg\",\"width\":128,\"height\":41,\"caption\":\"Lucerna TV\"},\"image\":{\"@id\":\"https:\/\/www.lucernatv.cz\/#\/schema\/logo\/image\/\"},\"sameAs\":[\"https:\/\/www.facebook.com\/avtopava\",\"https:\/\/www.youtube.com\/channel\/UCtP8PPWG9JatWSMsKMOvdDg\"]},{\"@type\":\"Person\",\"@id\":\"https:\/\/www.lucernatv.cz\/#\/schema\/person\/fdc6b3778fe63c82ba7479978ad159ad\",\"name\":\"lucernatvc\",\"image\":{\"@type\":\"ImageObject\",\"inLanguage\":\"cs\",\"@id\":\"https:\/\/www.lucernatv.cz\/#\/schema\/person\/image\/\",\"url\":\"https:\/\/secure.gravatar.com\/avatar\/5b7905a95103f5227c1afd8b2a10f058?s=96&d=mm&r=g\",\"contentUrl\":\"https:\/\/secure.gravatar.com\/avatar\/5b7905a95103f5227c1afd8b2a10f058?s=96&d=mm&r=g\",\"caption\":\"lucernatvc\"},\"url\":\"https:\/\/www.lucernatv.cz\/index.php\/author\/lucernatvc\/\"}]}<\/script>\n<!-- \/ Yoast SEO plugin. -->","yoast_head_json":{"title":"Sympozium Art Colony Cered: Zvukov\u00fd den\u00edk \u2013 Miroslav Zelinsk\u00fd, Vizualizace \u2013 Aliaksandra Laurova - lucernatv.cz","robots":{"index":"index","follow":"follow","max-snippet":"max-snippet:-1","max-image-preview":"max-image-preview:large","max-video-preview":"max-video-preview:-1"},"canonical":"https:\/\/www.lucernatv.cz\/index.php\/2021\/02\/11\/sympozium-art-colony-cered-zvukovy-denik-miroslav-zelinsky-vizualizace-aliaksandra-laurova\/","og_locale":"cs_CZ","og_type":"article","og_title":"Sympozium Art Colony Cered: Zvukov\u00fd den\u00edk \u2013 Miroslav Zelinsk\u00fd, Vizualizace \u2013 Aliaksandra Laurova - lucernatv.cz","og_description":"Atmosf\u00e9ra sympozia ve zvukov\u00e9 stop\u011b s vizualizac\u00ed b\u011blorusk\u00e9 digit\u00e1ln\u00ed design\u00e9rky Aliaksandry Laurovov\u00e9, kter\u00e1 p\u0159evedla zvukov\u00fd z\u00e1znam do vizu\u00e1ln\u00ed podoby. Pr\u016fvodn\u00ed text M. Zelinsk\u00e9ho Dosavadn\u00ed vztah zvuku a obrazu byl v d\u011bjin\u00e1ch audiovizu\u00e1ln\u00ed kultury budov\u00e1n v naprost\u00e9 v\u011bt\u0161in\u011b komplement\u00e1rn\u011b, tedy ve smyslu vz\u00e1jemn\u00e9 prov\u00e1zanosti, jedno doprov\u00e1z\u00ed, ilustruje, dopl\u0148uje druh\u00e9 a spolu vytv\u00e1\u0159\u00ed celek audiovizu\u00e1ln\u00edho d\u00edla. Nov\u00e9&hellip;&nbsp;\u010c\u00edst d\u00e1le &raquo;Sympozium Art Colony Cered: Zvukov\u00fd den\u00edk \u2013 Miroslav Zelinsk\u00fd, Vizualizace \u2013 Aliaksandra Laurova","og_url":"https:\/\/www.lucernatv.cz\/index.php\/2021\/02\/11\/sympozium-art-colony-cered-zvukovy-denik-miroslav-zelinsky-vizualizace-aliaksandra-laurova\/","og_site_name":"lucernatv.cz","article_publisher":"https:\/\/www.facebook.com\/avtopava","article_published_time":"2021-02-11T16:15:56+00:00","article_modified_time":"2021-02-17T11:40:24+00:00","og_image":[{"width":1280,"height":720,"url":"https:\/\/www.lucernatv.cz\/wp-content\/uploads\/2021\/02\/GlFGUyert7s.jpg","type":"image\/jpeg"}],"author":"lucernatvc","twitter_card":"summary_large_image","twitter_misc":{"Napsal(a)":"lucernatvc","Odhadovan\u00e1 doba \u010dten\u00ed":"2 minuty"},"schema":{"@context":"https:\/\/schema.org","@graph":[{"@type":"Article","@id":"https:\/\/www.lucernatv.cz\/index.php\/2021\/02\/11\/sympozium-art-colony-cered-zvukovy-denik-miroslav-zelinsky-vizualizace-aliaksandra-laurova\/#article","isPartOf":{"@id":"https:\/\/www.lucernatv.cz\/index.php\/2021\/02\/11\/sympozium-art-colony-cered-zvukovy-denik-miroslav-zelinsky-vizualizace-aliaksandra-laurova\/"},"author":{"name":"lucernatvc","@id":"https:\/\/www.lucernatv.cz\/#\/schema\/person\/fdc6b3778fe63c82ba7479978ad159ad"},"headline":"Sympozium Art Colony Cered: Zvukov\u00fd den\u00edk \u2013 Miroslav Zelinsk\u00fd, Vizualizace \u2013 Aliaksandra Laurova","datePublished":"2021-02-11T16:15:56+00:00","dateModified":"2021-02-17T11:40:24+00:00","mainEntityOfPage":{"@id":"https:\/\/www.lucernatv.cz\/index.php\/2021\/02\/11\/sympozium-art-colony-cered-zvukovy-denik-miroslav-zelinsky-vizualizace-aliaksandra-laurova\/"},"wordCount":479,"publisher":{"@id":"https:\/\/www.lucernatv.cz\/#organization"},"keywords":["audio","experiment\u00e1ln\u00ed film","publicistika","v\u00fdstava"],"articleSection":["Kultura","v\u00fdstavy","v\u00fdtvarn\u00e9 um\u011bn\u00ed, architektura a ve\u0159ejn\u00fd prostor"],"inLanguage":"cs"},{"@type":"WebPage","@id":"https:\/\/www.lucernatv.cz\/index.php\/2021\/02\/11\/sympozium-art-colony-cered-zvukovy-denik-miroslav-zelinsky-vizualizace-aliaksandra-laurova\/","url":"https:\/\/www.lucernatv.cz\/index.php\/2021\/02\/11\/sympozium-art-colony-cered-zvukovy-denik-miroslav-zelinsky-vizualizace-aliaksandra-laurova\/","name":"Sympozium Art Colony Cered: Zvukov\u00fd den\u00edk \u2013 Miroslav Zelinsk\u00fd, Vizualizace \u2013 Aliaksandra Laurova - lucernatv.cz","isPartOf":{"@id":"https:\/\/www.lucernatv.cz\/#website"},"datePublished":"2021-02-11T16:15:56+00:00","dateModified":"2021-02-17T11:40:24+00:00","breadcrumb":{"@id":"https:\/\/www.lucernatv.cz\/index.php\/2021\/02\/11\/sympozium-art-colony-cered-zvukovy-denik-miroslav-zelinsky-vizualizace-aliaksandra-laurova\/#breadcrumb"},"inLanguage":"cs","potentialAction":[{"@type":"ReadAction","target":["https:\/\/www.lucernatv.cz\/index.php\/2021\/02\/11\/sympozium-art-colony-cered-zvukovy-denik-miroslav-zelinsky-vizualizace-aliaksandra-laurova\/"]}]},{"@type":"BreadcrumbList","@id":"https:\/\/www.lucernatv.cz\/index.php\/2021\/02\/11\/sympozium-art-colony-cered-zvukovy-denik-miroslav-zelinsky-vizualizace-aliaksandra-laurova\/#breadcrumb","itemListElement":[{"@type":"ListItem","position":1,"name":"Dom\u016f","item":"https:\/\/www.lucernatv.cz\/"},{"@type":"ListItem","position":2,"name":"Sympozium Art Colony Cered: Zvukov\u00fd den\u00edk \u2013 Miroslav Zelinsk\u00fd, Vizualizace \u2013 Aliaksandra Laurova"}]},{"@type":"WebSite","@id":"https:\/\/www.lucernatv.cz\/#website","url":"https:\/\/www.lucernatv.cz\/","name":"lucernatv.cz","description":"Vzd\u011bl\u00e1vac\u00ed televize","publisher":{"@id":"https:\/\/www.lucernatv.cz\/#organization"},"alternateName":"Lucerna TV","potentialAction":[{"@type":"SearchAction","target":{"@type":"EntryPoint","urlTemplate":"https:\/\/www.lucernatv.cz\/?s={search_term_string}"},"query-input":"required name=search_term_string"}],"inLanguage":"cs"},{"@type":"Organization","@id":"https:\/\/www.lucernatv.cz\/#organization","name":"Lucerna TV","url":"https:\/\/www.lucernatv.cz\/","logo":{"@type":"ImageObject","inLanguage":"cs","@id":"https:\/\/www.lucernatv.cz\/#\/schema\/logo\/image\/","url":"https:\/\/www.lucernatv.cz\/wp-content\/uploads\/2021\/02\/logo.svg","contentUrl":"https:\/\/www.lucernatv.cz\/wp-content\/uploads\/2021\/02\/logo.svg","width":128,"height":41,"caption":"Lucerna TV"},"image":{"@id":"https:\/\/www.lucernatv.cz\/#\/schema\/logo\/image\/"},"sameAs":["https:\/\/www.facebook.com\/avtopava","https:\/\/www.youtube.com\/channel\/UCtP8PPWG9JatWSMsKMOvdDg"]},{"@type":"Person","@id":"https:\/\/www.lucernatv.cz\/#\/schema\/person\/fdc6b3778fe63c82ba7479978ad159ad","name":"lucernatvc","image":{"@type":"ImageObject","inLanguage":"cs","@id":"https:\/\/www.lucernatv.cz\/#\/schema\/person\/image\/","url":"https:\/\/secure.gravatar.com\/avatar\/5b7905a95103f5227c1afd8b2a10f058?s=96&d=mm&r=g","contentUrl":"https:\/\/secure.gravatar.com\/avatar\/5b7905a95103f5227c1afd8b2a10f058?s=96&d=mm&r=g","caption":"lucernatvc"},"url":"https:\/\/www.lucernatv.cz\/index.php\/author\/lucernatvc\/"}]}},"uagb_featured_image_src":{"full":["https:\/\/www.lucernatv.cz\/wp-content\/uploads\/2021\/02\/GlFGUyert7s.jpg",1280,720,false],"thumbnail":["https:\/\/www.lucernatv.cz\/wp-content\/uploads\/2021\/02\/GlFGUyert7s-150x150.jpg",150,150,true],"medium":["https:\/\/www.lucernatv.cz\/wp-content\/uploads\/2021\/02\/GlFGUyert7s-300x169.jpg",300,169,true],"medium_large":["https:\/\/www.lucernatv.cz\/wp-content\/uploads\/2021\/02\/GlFGUyert7s-768x432.jpg",768,432,true],"large":["https:\/\/www.lucernatv.cz\/wp-content\/uploads\/2021\/02\/GlFGUyert7s.jpg",1200,675,false],"1536x1536":["https:\/\/www.lucernatv.cz\/wp-content\/uploads\/2021\/02\/GlFGUyert7s.jpg",1280,720,false],"2048x2048":["https:\/\/www.lucernatv.cz\/wp-content\/uploads\/2021\/02\/GlFGUyert7s.jpg",1280,720,false],"ultp_layout_landscape_large":["https:\/\/www.lucernatv.cz\/wp-content\/uploads\/2021\/02\/GlFGUyert7s.jpg",1200,675,false],"ultp_layout_landscape":["https:\/\/www.lucernatv.cz\/wp-content\/uploads\/2021\/02\/GlFGUyert7s.jpg",870,489,false],"ultp_layout_portrait":["https:\/\/www.lucernatv.cz\/wp-content\/uploads\/2021\/02\/GlFGUyert7s.jpg",600,338,false],"ultp_layout_square":["https:\/\/www.lucernatv.cz\/wp-content\/uploads\/2021\/02\/GlFGUyert7s.jpg",600,338,false],"vp_sm":["https:\/\/www.lucernatv.cz\/wp-content\/uploads\/2021\/02\/GlFGUyert7s-500x281.jpg",500,281,true],"vp_md":["https:\/\/www.lucernatv.cz\/wp-content\/uploads\/2021\/02\/GlFGUyert7s-800x450.jpg",800,450,true],"vp_lg":["https:\/\/www.lucernatv.cz\/wp-content\/uploads\/2021\/02\/GlFGUyert7s.jpg",1280,720,false],"vp_xl":["https:\/\/www.lucernatv.cz\/wp-content\/uploads\/2021\/02\/GlFGUyert7s.jpg",1280,720,false],"vp_sm_popup":["https:\/\/www.lucernatv.cz\/wp-content\/uploads\/2021\/02\/GlFGUyert7s-500x281.jpg",500,281,true],"vp_md_popup":["https:\/\/www.lucernatv.cz\/wp-content\/uploads\/2021\/02\/GlFGUyert7s-800x450.jpg",800,450,true],"vp_xl_popup":["https:\/\/www.lucernatv.cz\/wp-content\/uploads\/2021\/02\/GlFGUyert7s.jpg",1280,720,false],"neve-blog":["https:\/\/www.lucernatv.cz\/wp-content\/uploads\/2021\/02\/GlFGUyert7s.jpg",930,523,false]},"uagb_author_info":{"display_name":"lucernatvc","author_link":"https:\/\/www.lucernatv.cz\/index.php\/author\/lucernatvc\/"},"uagb_comment_info":0,"uagb_excerpt":"Atmosf\u00e9ra sympozia ve zvukov\u00e9 stop\u011b s vizualizac\u00ed b\u011blorusk\u00e9 digit\u00e1ln\u00ed design\u00e9rky Aliaksandry Laurovov\u00e9, kter\u00e1 p\u0159evedla zvukov\u00fd z\u00e1znam do vizu\u00e1ln\u00ed podoby. Pr\u016fvodn\u00ed text M. Zelinsk\u00e9ho Dosavadn\u00ed vztah zvuku a obrazu byl v d\u011bjin\u00e1ch audiovizu\u00e1ln\u00ed kultury budov\u00e1n v naprost\u00e9 v\u011bt\u0161in\u011b komplement\u00e1rn\u011b, tedy ve smyslu vz\u00e1jemn\u00e9 prov\u00e1zanosti, jedno doprov\u00e1z\u00ed, ilustruje, dopl\u0148uje druh\u00e9 a spolu vytv\u00e1\u0159\u00ed celek audiovizu\u00e1ln\u00edho d\u00edla. Nov\u00e9&hellip;&nbsp;\u010c\u00edst&hellip;","_links":{"self":[{"href":"https:\/\/www.lucernatv.cz\/index.php\/wp-json\/wp\/v2\/posts\/992"}],"collection":[{"href":"https:\/\/www.lucernatv.cz\/index.php\/wp-json\/wp\/v2\/posts"}],"about":[{"href":"https:\/\/www.lucernatv.cz\/index.php\/wp-json\/wp\/v2\/types\/post"}],"author":[{"embeddable":true,"href":"https:\/\/www.lucernatv.cz\/index.php\/wp-json\/wp\/v2\/users\/1"}],"replies":[{"embeddable":true,"href":"https:\/\/www.lucernatv.cz\/index.php\/wp-json\/wp\/v2\/comments?post=992"}],"version-history":[{"count":2,"href":"https:\/\/www.lucernatv.cz\/index.php\/wp-json\/wp\/v2\/posts\/992\/revisions"}],"predecessor-version":[{"id":2536,"href":"https:\/\/www.lucernatv.cz\/index.php\/wp-json\/wp\/v2\/posts\/992\/revisions\/2536"}],"wp:featuredmedia":[{"embeddable":true,"href":"https:\/\/www.lucernatv.cz\/index.php\/wp-json\/wp\/v2\/media\/1838"}],"wp:attachment":[{"href":"https:\/\/www.lucernatv.cz\/index.php\/wp-json\/wp\/v2\/media?parent=992"}],"wp:term":[{"taxonomy":"category","embeddable":true,"href":"https:\/\/www.lucernatv.cz\/index.php\/wp-json\/wp\/v2\/categories?post=992"},{"taxonomy":"post_tag","embeddable":true,"href":"https:\/\/www.lucernatv.cz\/index.php\/wp-json\/wp\/v2\/tags?post=992"}],"curies":[{"name":"wp","href":"https:\/\/api.w.org\/{rel}","templated":true}]}}