{"id":954,"date":"2021-02-11T13:13:11","date_gmt":"2021-02-11T13:13:11","guid":{"rendered":"https:\/\/www.lucernatv.cz\/?p=954"},"modified":"2021-02-19T18:11:05","modified_gmt":"2021-02-19T18:11:05","slug":"30-let-sus-ostrava-kristyna-gezova","status":"publish","type":"post","link":"https:\/\/www.lucernatv.cz\/index.php\/2021\/02\/11\/30-let-sus-ostrava-kristyna-gezova\/","title":{"rendered":"30 let SU\u0160 Ostrava \u2013 Krist\u00fdna Ge\u017eov\u00e1"},"content":{"rendered":"\n<figure class=\"wp-block-video\"><video controls src=\"https:\/\/www.lucernatv.cz\/wp-content\/uploads\/2021\/01\/K.Gez\u030cova\u0301-portfolio.mp4\"><\/video><\/figure>\n\n\n\n<h5 class=\"wp-block-heading\">Krist\u00fdna Ge\u017eov\u00e1 o\u010dima Martina Mikol\u00e1\u0161ka<\/h5>\n\n\n\n<p>Studuje ve \u0161koln\u00edm roce 2020\u20132021 v posledn\u00edm ro\u010dn\u00edku oboru Grafick\u00fd design, \u0160VP Klasick\u00e1 a po\u010d\u00edta\u010dov\u00e1 grafika. U\u017e od prvn\u00edch m\u011bs\u00edc\u016f sv\u00e9ho studia na na\u0161\u00ed \u0161kole ne\u010dek\u00e1 na to, a\u017e bude v ruce dr\u017eet maturitn\u00ed vysv\u011bd\u010den\u00ed. Uplatn\u011bn\u00ed v oboru a mo\u017enosti pro svou realizaci hled\u00e1 u\u017e te\u010f. V\u011b\u0159\u00edm, \u017ee o t\u00e9to nad\u011bjn\u00e9 grafick\u00e9 design\u00e9rce, kter\u00e1 p\u0159\u00edsnost&nbsp;a striktnost grafick\u00fdch pravidel dopl\u0148uje hravost\u00ed, je\u0161t\u011b usly\u0161\u00edme.<\/p>\n\n\n\n<p>V\u017edy\u0165 u\u017e jej\u00ed lo\u0148sk\u00e1 pr\u00e1ce (vlastn\u00ed autorsk\u00e1 abeceda) byla vybr\u00e1na do fin\u00e1le N\u00e1rodn\u00ed ceny za studentsk\u00fd design 2020 a n\u00e1vrh na logo participativn\u00edho rozpo\u010dtu, kter\u00fd vytvo\u0159ila pro sout\u011b\u017e vyhl\u00e1\u0161enou M\u011bstsk\u00fdm obvodem Moravsk\u00e1 Ostrava a P\u0159\u00edvoz, se natolik l\u00edbil, \u017ee se s n\u00edm v centru Ostravy m\u016f\u017eete setk\u00e1vat jako se sou\u010d\u00e1st\u00ed informa\u010dn\u00ed kampan\u011b m\u00edstn\u00ed radnice. V minul\u00e9m obdob\u00ed se aktivn\u011b pod\u00edlela i na vytvo\u0159en\u00ed vizu\u00e1ln\u00ed podoby ob\u010dasn\u00edku SU\u0160, Ostrava \u201eSu\u0161\u00e1k\u201c. Vyzkou\u0161ela si i to, co v\u0161e obn\u00e1\u0161\u00ed pozice grafika v dynamicky se rozv\u00edjej\u00edc\u00ed firm\u011b BeWOODEN.<\/p>\n","protected":false},"excerpt":{"rendered":"<p>Krist\u00fdna Ge\u017eov\u00e1 o\u010dima Martina Mikol\u00e1\u0161ka Studuje ve \u0161koln\u00edm roce 2020\u20132021 v posledn\u00edm ro\u010dn\u00edku oboru Grafick\u00fd design, \u0160VP Klasick\u00e1 a po\u010d\u00edta\u010dov\u00e1 grafika. U\u017e od prvn\u00edch m\u011bs\u00edc\u016f sv\u00e9ho studia na na\u0161\u00ed \u0161kole ne\u010dek\u00e1 na to, a\u017e bude v ruce dr\u017eet maturitn\u00ed vysv\u011bd\u010den\u00ed. Uplatn\u011bn\u00ed v oboru a mo\u017enosti pro svou realizaci hled\u00e1 u\u017e te\u010f. V\u011b\u0159\u00edm, \u017ee o t\u00e9to&hellip;&nbsp;<a href=\"https:\/\/www.lucernatv.cz\/index.php\/2021\/02\/11\/30-let-sus-ostrava-kristyna-gezova\/\" class=\"\" rel=\"bookmark\">\u010c\u00edst d\u00e1le &raquo;<span class=\"screen-reader-text\">30 let SU\u0160 Ostrava \u2013 Krist\u00fdna Ge\u017eov\u00e1<\/span><\/a><\/p>\n","protected":false},"author":1,"featured_media":2289,"comment_status":"closed","ping_status":"open","sticky":false,"template":"","format":"gallery","meta":{"inline_featured_image":false,"_uag_custom_page_level_css":"","neve_meta_sidebar":"","neve_meta_container":"","neve_meta_enable_content_width":"","neve_meta_content_width":0,"neve_meta_title_alignment":"","neve_meta_author_avatar":"","neve_post_elements_order":"","neve_meta_disable_header":"","neve_meta_disable_footer":"","neve_meta_disable_title":"","_vp_format_video_url":"","_vp_image_focal_point":[]},"categories":[3,12],"tags":[31,26],"yoast_head":"<!-- This site is optimized with the Yoast SEO plugin v20.12 - https:\/\/yoast.com\/wordpress\/plugins\/seo\/ -->\n<title>30 let SU\u0160 Ostrava \u2013 Krist\u00fdna Ge\u017eov\u00e1 - lucernatv.cz<\/title>\n<meta name=\"robots\" content=\"index, follow, max-snippet:-1, max-image-preview:large, max-video-preview:-1\" \/>\n<link rel=\"canonical\" href=\"https:\/\/www.lucernatv.cz\/index.php\/2021\/02\/11\/30-let-sus-ostrava-kristyna-gezova\/\" \/>\n<meta property=\"og:locale\" content=\"cs_CZ\" \/>\n<meta property=\"og:type\" content=\"article\" \/>\n<meta property=\"og:title\" content=\"30 let SU\u0160 Ostrava \u2013 Krist\u00fdna Ge\u017eov\u00e1 - lucernatv.cz\" \/>\n<meta property=\"og:description\" content=\"Krist\u00fdna Ge\u017eov\u00e1 o\u010dima Martina Mikol\u00e1\u0161ka Studuje ve \u0161koln\u00edm roce 2020\u20132021 v posledn\u00edm ro\u010dn\u00edku oboru Grafick\u00fd design, \u0160VP Klasick\u00e1 a po\u010d\u00edta\u010dov\u00e1 grafika. U\u017e od prvn\u00edch m\u011bs\u00edc\u016f sv\u00e9ho studia na na\u0161\u00ed \u0161kole ne\u010dek\u00e1 na to, a\u017e bude v ruce dr\u017eet maturitn\u00ed vysv\u011bd\u010den\u00ed. Uplatn\u011bn\u00ed v oboru a mo\u017enosti pro svou realizaci hled\u00e1 u\u017e te\u010f. V\u011b\u0159\u00edm, \u017ee o t\u00e9to&hellip;&nbsp;\u010c\u00edst d\u00e1le &raquo;30 let SU\u0160 Ostrava \u2013 Krist\u00fdna Ge\u017eov\u00e1\" \/>\n<meta property=\"og:url\" content=\"https:\/\/www.lucernatv.cz\/index.php\/2021\/02\/11\/30-let-sus-ostrava-kristyna-gezova\/\" \/>\n<meta property=\"og:site_name\" content=\"lucernatv.cz\" \/>\n<meta property=\"article:publisher\" content=\"https:\/\/www.facebook.com\/avtopava\" \/>\n<meta property=\"article:published_time\" content=\"2021-02-11T13:13:11+00:00\" \/>\n<meta property=\"article:modified_time\" content=\"2021-02-19T18:11:05+00:00\" \/>\n<meta property=\"og:image\" content=\"https:\/\/www.lucernatv.cz\/wp-content\/uploads\/2021\/02\/Sni\u0301mek-obrazovky-2021-02-19-v-19.08.28.jpeg\" \/>\n\t<meta property=\"og:image:width\" content=\"1920\" \/>\n\t<meta property=\"og:image:height\" content=\"1068\" \/>\n\t<meta property=\"og:image:type\" content=\"image\/jpeg\" \/>\n<meta name=\"author\" content=\"lucernatvc\" \/>\n<meta name=\"twitter:card\" content=\"summary_large_image\" \/>\n<meta name=\"twitter:label1\" content=\"Napsal(a)\" \/>\n\t<meta name=\"twitter:data1\" content=\"lucernatvc\" \/>\n\t<meta name=\"twitter:label2\" content=\"Odhadovan\u00e1 doba \u010dten\u00ed\" \/>\n\t<meta name=\"twitter:data2\" content=\"1 minuta\" \/>\n<script type=\"application\/ld+json\" class=\"yoast-schema-graph\">{\"@context\":\"https:\/\/schema.org\",\"@graph\":[{\"@type\":\"Article\",\"@id\":\"https:\/\/www.lucernatv.cz\/index.php\/2021\/02\/11\/30-let-sus-ostrava-kristyna-gezova\/#article\",\"isPartOf\":{\"@id\":\"https:\/\/www.lucernatv.cz\/index.php\/2021\/02\/11\/30-let-sus-ostrava-kristyna-gezova\/\"},\"author\":{\"name\":\"lucernatvc\",\"@id\":\"https:\/\/www.lucernatv.cz\/#\/schema\/person\/fdc6b3778fe63c82ba7479978ad159ad\"},\"headline\":\"30 let SU\u0160 Ostrava \u2013 Krist\u00fdna Ge\u017eov\u00e1\",\"datePublished\":\"2021-02-11T13:13:11+00:00\",\"dateModified\":\"2021-02-19T18:11:05+00:00\",\"mainEntityOfPage\":{\"@id\":\"https:\/\/www.lucernatv.cz\/index.php\/2021\/02\/11\/30-let-sus-ostrava-kristyna-gezova\/\"},\"wordCount\":219,\"publisher\":{\"@id\":\"https:\/\/www.lucernatv.cz\/#organization\"},\"keywords\":[\"30 let SU\u0160 Ostrava\",\"galerie\"],\"articleSection\":[\"Kultura\",\"v\u00fdtvarn\u00e9 um\u011bn\u00ed, architektura a ve\u0159ejn\u00fd prostor\"],\"inLanguage\":\"cs\"},{\"@type\":\"WebPage\",\"@id\":\"https:\/\/www.lucernatv.cz\/index.php\/2021\/02\/11\/30-let-sus-ostrava-kristyna-gezova\/\",\"url\":\"https:\/\/www.lucernatv.cz\/index.php\/2021\/02\/11\/30-let-sus-ostrava-kristyna-gezova\/\",\"name\":\"30 let SU\u0160 Ostrava \u2013 Krist\u00fdna Ge\u017eov\u00e1 - lucernatv.cz\",\"isPartOf\":{\"@id\":\"https:\/\/www.lucernatv.cz\/#website\"},\"datePublished\":\"2021-02-11T13:13:11+00:00\",\"dateModified\":\"2021-02-19T18:11:05+00:00\",\"breadcrumb\":{\"@id\":\"https:\/\/www.lucernatv.cz\/index.php\/2021\/02\/11\/30-let-sus-ostrava-kristyna-gezova\/#breadcrumb\"},\"inLanguage\":\"cs\",\"potentialAction\":[{\"@type\":\"ReadAction\",\"target\":[\"https:\/\/www.lucernatv.cz\/index.php\/2021\/02\/11\/30-let-sus-ostrava-kristyna-gezova\/\"]}]},{\"@type\":\"BreadcrumbList\",\"@id\":\"https:\/\/www.lucernatv.cz\/index.php\/2021\/02\/11\/30-let-sus-ostrava-kristyna-gezova\/#breadcrumb\",\"itemListElement\":[{\"@type\":\"ListItem\",\"position\":1,\"name\":\"Dom\u016f\",\"item\":\"https:\/\/www.lucernatv.cz\/\"},{\"@type\":\"ListItem\",\"position\":2,\"name\":\"30 let SU\u0160 Ostrava \u2013 Krist\u00fdna Ge\u017eov\u00e1\"}]},{\"@type\":\"WebSite\",\"@id\":\"https:\/\/www.lucernatv.cz\/#website\",\"url\":\"https:\/\/www.lucernatv.cz\/\",\"name\":\"lucernatv.cz\",\"description\":\"Vzd\u011bl\u00e1vac\u00ed televize\",\"publisher\":{\"@id\":\"https:\/\/www.lucernatv.cz\/#organization\"},\"alternateName\":\"Lucerna TV\",\"potentialAction\":[{\"@type\":\"SearchAction\",\"target\":{\"@type\":\"EntryPoint\",\"urlTemplate\":\"https:\/\/www.lucernatv.cz\/?s={search_term_string}\"},\"query-input\":\"required name=search_term_string\"}],\"inLanguage\":\"cs\"},{\"@type\":\"Organization\",\"@id\":\"https:\/\/www.lucernatv.cz\/#organization\",\"name\":\"Lucerna TV\",\"url\":\"https:\/\/www.lucernatv.cz\/\",\"logo\":{\"@type\":\"ImageObject\",\"inLanguage\":\"cs\",\"@id\":\"https:\/\/www.lucernatv.cz\/#\/schema\/logo\/image\/\",\"url\":\"https:\/\/www.lucernatv.cz\/wp-content\/uploads\/2021\/02\/logo.svg\",\"contentUrl\":\"https:\/\/www.lucernatv.cz\/wp-content\/uploads\/2021\/02\/logo.svg\",\"width\":128,\"height\":41,\"caption\":\"Lucerna TV\"},\"image\":{\"@id\":\"https:\/\/www.lucernatv.cz\/#\/schema\/logo\/image\/\"},\"sameAs\":[\"https:\/\/www.facebook.com\/avtopava\",\"https:\/\/www.youtube.com\/channel\/UCtP8PPWG9JatWSMsKMOvdDg\"]},{\"@type\":\"Person\",\"@id\":\"https:\/\/www.lucernatv.cz\/#\/schema\/person\/fdc6b3778fe63c82ba7479978ad159ad\",\"name\":\"lucernatvc\",\"image\":{\"@type\":\"ImageObject\",\"inLanguage\":\"cs\",\"@id\":\"https:\/\/www.lucernatv.cz\/#\/schema\/person\/image\/\",\"url\":\"https:\/\/secure.gravatar.com\/avatar\/5b7905a95103f5227c1afd8b2a10f058?s=96&d=mm&r=g\",\"contentUrl\":\"https:\/\/secure.gravatar.com\/avatar\/5b7905a95103f5227c1afd8b2a10f058?s=96&d=mm&r=g\",\"caption\":\"lucernatvc\"},\"url\":\"https:\/\/www.lucernatv.cz\/index.php\/author\/lucernatvc\/\"}]}<\/script>\n<!-- \/ Yoast SEO plugin. -->","yoast_head_json":{"title":"30 let SU\u0160 Ostrava \u2013 Krist\u00fdna Ge\u017eov\u00e1 - lucernatv.cz","robots":{"index":"index","follow":"follow","max-snippet":"max-snippet:-1","max-image-preview":"max-image-preview:large","max-video-preview":"max-video-preview:-1"},"canonical":"https:\/\/www.lucernatv.cz\/index.php\/2021\/02\/11\/30-let-sus-ostrava-kristyna-gezova\/","og_locale":"cs_CZ","og_type":"article","og_title":"30 let SU\u0160 Ostrava \u2013 Krist\u00fdna Ge\u017eov\u00e1 - lucernatv.cz","og_description":"Krist\u00fdna Ge\u017eov\u00e1 o\u010dima Martina Mikol\u00e1\u0161ka Studuje ve \u0161koln\u00edm roce 2020\u20132021 v posledn\u00edm ro\u010dn\u00edku oboru Grafick\u00fd design, \u0160VP Klasick\u00e1 a po\u010d\u00edta\u010dov\u00e1 grafika. U\u017e od prvn\u00edch m\u011bs\u00edc\u016f sv\u00e9ho studia na na\u0161\u00ed \u0161kole ne\u010dek\u00e1 na to, a\u017e bude v ruce dr\u017eet maturitn\u00ed vysv\u011bd\u010den\u00ed. Uplatn\u011bn\u00ed v oboru a mo\u017enosti pro svou realizaci hled\u00e1 u\u017e te\u010f. V\u011b\u0159\u00edm, \u017ee o t\u00e9to&hellip;&nbsp;\u010c\u00edst d\u00e1le &raquo;30 let SU\u0160 Ostrava \u2013 Krist\u00fdna Ge\u017eov\u00e1","og_url":"https:\/\/www.lucernatv.cz\/index.php\/2021\/02\/11\/30-let-sus-ostrava-kristyna-gezova\/","og_site_name":"lucernatv.cz","article_publisher":"https:\/\/www.facebook.com\/avtopava","article_published_time":"2021-02-11T13:13:11+00:00","article_modified_time":"2021-02-19T18:11:05+00:00","og_image":[{"width":1920,"height":1068,"url":"https:\/\/www.lucernatv.cz\/wp-content\/uploads\/2021\/02\/Sni\u0301mek-obrazovky-2021-02-19-v-19.08.28.jpeg","type":"image\/jpeg"}],"author":"lucernatvc","twitter_card":"summary_large_image","twitter_misc":{"Napsal(a)":"lucernatvc","Odhadovan\u00e1 doba \u010dten\u00ed":"1 minuta"},"schema":{"@context":"https:\/\/schema.org","@graph":[{"@type":"Article","@id":"https:\/\/www.lucernatv.cz\/index.php\/2021\/02\/11\/30-let-sus-ostrava-kristyna-gezova\/#article","isPartOf":{"@id":"https:\/\/www.lucernatv.cz\/index.php\/2021\/02\/11\/30-let-sus-ostrava-kristyna-gezova\/"},"author":{"name":"lucernatvc","@id":"https:\/\/www.lucernatv.cz\/#\/schema\/person\/fdc6b3778fe63c82ba7479978ad159ad"},"headline":"30 let SU\u0160 Ostrava \u2013 Krist\u00fdna Ge\u017eov\u00e1","datePublished":"2021-02-11T13:13:11+00:00","dateModified":"2021-02-19T18:11:05+00:00","mainEntityOfPage":{"@id":"https:\/\/www.lucernatv.cz\/index.php\/2021\/02\/11\/30-let-sus-ostrava-kristyna-gezova\/"},"wordCount":219,"publisher":{"@id":"https:\/\/www.lucernatv.cz\/#organization"},"keywords":["30 let SU\u0160 Ostrava","galerie"],"articleSection":["Kultura","v\u00fdtvarn\u00e9 um\u011bn\u00ed, architektura a ve\u0159ejn\u00fd prostor"],"inLanguage":"cs"},{"@type":"WebPage","@id":"https:\/\/www.lucernatv.cz\/index.php\/2021\/02\/11\/30-let-sus-ostrava-kristyna-gezova\/","url":"https:\/\/www.lucernatv.cz\/index.php\/2021\/02\/11\/30-let-sus-ostrava-kristyna-gezova\/","name":"30 let SU\u0160 Ostrava \u2013 Krist\u00fdna Ge\u017eov\u00e1 - lucernatv.cz","isPartOf":{"@id":"https:\/\/www.lucernatv.cz\/#website"},"datePublished":"2021-02-11T13:13:11+00:00","dateModified":"2021-02-19T18:11:05+00:00","breadcrumb":{"@id":"https:\/\/www.lucernatv.cz\/index.php\/2021\/02\/11\/30-let-sus-ostrava-kristyna-gezova\/#breadcrumb"},"inLanguage":"cs","potentialAction":[{"@type":"ReadAction","target":["https:\/\/www.lucernatv.cz\/index.php\/2021\/02\/11\/30-let-sus-ostrava-kristyna-gezova\/"]}]},{"@type":"BreadcrumbList","@id":"https:\/\/www.lucernatv.cz\/index.php\/2021\/02\/11\/30-let-sus-ostrava-kristyna-gezova\/#breadcrumb","itemListElement":[{"@type":"ListItem","position":1,"name":"Dom\u016f","item":"https:\/\/www.lucernatv.cz\/"},{"@type":"ListItem","position":2,"name":"30 let SU\u0160 Ostrava \u2013 Krist\u00fdna Ge\u017eov\u00e1"}]},{"@type":"WebSite","@id":"https:\/\/www.lucernatv.cz\/#website","url":"https:\/\/www.lucernatv.cz\/","name":"lucernatv.cz","description":"Vzd\u011bl\u00e1vac\u00ed televize","publisher":{"@id":"https:\/\/www.lucernatv.cz\/#organization"},"alternateName":"Lucerna TV","potentialAction":[{"@type":"SearchAction","target":{"@type":"EntryPoint","urlTemplate":"https:\/\/www.lucernatv.cz\/?s={search_term_string}"},"query-input":"required name=search_term_string"}],"inLanguage":"cs"},{"@type":"Organization","@id":"https:\/\/www.lucernatv.cz\/#organization","name":"Lucerna TV","url":"https:\/\/www.lucernatv.cz\/","logo":{"@type":"ImageObject","inLanguage":"cs","@id":"https:\/\/www.lucernatv.cz\/#\/schema\/logo\/image\/","url":"https:\/\/www.lucernatv.cz\/wp-content\/uploads\/2021\/02\/logo.svg","contentUrl":"https:\/\/www.lucernatv.cz\/wp-content\/uploads\/2021\/02\/logo.svg","width":128,"height":41,"caption":"Lucerna TV"},"image":{"@id":"https:\/\/www.lucernatv.cz\/#\/schema\/logo\/image\/"},"sameAs":["https:\/\/www.facebook.com\/avtopava","https:\/\/www.youtube.com\/channel\/UCtP8PPWG9JatWSMsKMOvdDg"]},{"@type":"Person","@id":"https:\/\/www.lucernatv.cz\/#\/schema\/person\/fdc6b3778fe63c82ba7479978ad159ad","name":"lucernatvc","image":{"@type":"ImageObject","inLanguage":"cs","@id":"https:\/\/www.lucernatv.cz\/#\/schema\/person\/image\/","url":"https:\/\/secure.gravatar.com\/avatar\/5b7905a95103f5227c1afd8b2a10f058?s=96&d=mm&r=g","contentUrl":"https:\/\/secure.gravatar.com\/avatar\/5b7905a95103f5227c1afd8b2a10f058?s=96&d=mm&r=g","caption":"lucernatvc"},"url":"https:\/\/www.lucernatv.cz\/index.php\/author\/lucernatvc\/"}]}},"uagb_featured_image_src":{"full":["https:\/\/www.lucernatv.cz\/wp-content\/uploads\/2021\/02\/Sni\u0301mek-obrazovky-2021-02-19-v-19.08.28.jpeg",1920,1068,false],"thumbnail":["https:\/\/www.lucernatv.cz\/wp-content\/uploads\/2021\/02\/Sni\u0301mek-obrazovky-2021-02-19-v-19.08.28-150x150.jpeg",150,150,true],"medium":["https:\/\/www.lucernatv.cz\/wp-content\/uploads\/2021\/02\/Sni\u0301mek-obrazovky-2021-02-19-v-19.08.28-300x167.jpeg",300,167,true],"medium_large":["https:\/\/www.lucernatv.cz\/wp-content\/uploads\/2021\/02\/Sni\u0301mek-obrazovky-2021-02-19-v-19.08.28-768x427.jpeg",768,427,true],"large":["https:\/\/www.lucernatv.cz\/wp-content\/uploads\/2021\/02\/Sni\u0301mek-obrazovky-2021-02-19-v-19.08.28.jpeg",1200,668,false],"1536x1536":["https:\/\/www.lucernatv.cz\/wp-content\/uploads\/2021\/02\/Sni\u0301mek-obrazovky-2021-02-19-v-19.08.28-1536x854.jpeg",1536,854,true],"2048x2048":["https:\/\/www.lucernatv.cz\/wp-content\/uploads\/2021\/02\/Sni\u0301mek-obrazovky-2021-02-19-v-19.08.28.jpeg",1920,1068,false],"ultp_layout_landscape_large":["https:\/\/www.lucernatv.cz\/wp-content\/uploads\/2021\/02\/Sni\u0301mek-obrazovky-2021-02-19-v-19.08.28-1200x800.jpeg",1200,800,true],"ultp_layout_landscape":["https:\/\/www.lucernatv.cz\/wp-content\/uploads\/2021\/02\/Sni\u0301mek-obrazovky-2021-02-19-v-19.08.28-870x570.jpeg",870,570,true],"ultp_layout_portrait":["https:\/\/www.lucernatv.cz\/wp-content\/uploads\/2021\/02\/Sni\u0301mek-obrazovky-2021-02-19-v-19.08.28-600x900.jpeg",600,900,true],"ultp_layout_square":["https:\/\/www.lucernatv.cz\/wp-content\/uploads\/2021\/02\/Sni\u0301mek-obrazovky-2021-02-19-v-19.08.28-600x600.jpeg",600,600,true],"vp_sm":["https:\/\/www.lucernatv.cz\/wp-content\/uploads\/2021\/02\/Sni\u0301mek-obrazovky-2021-02-19-v-19.08.28-500x278.jpeg",500,278,true],"vp_md":["https:\/\/www.lucernatv.cz\/wp-content\/uploads\/2021\/02\/Sni\u0301mek-obrazovky-2021-02-19-v-19.08.28-800x445.jpeg",800,445,true],"vp_lg":["https:\/\/www.lucernatv.cz\/wp-content\/uploads\/2021\/02\/Sni\u0301mek-obrazovky-2021-02-19-v-19.08.28-1280x712.jpeg",1280,712,true],"vp_xl":["https:\/\/www.lucernatv.cz\/wp-content\/uploads\/2021\/02\/Sni\u0301mek-obrazovky-2021-02-19-v-19.08.28.jpeg",1920,1068,false],"vp_sm_popup":["https:\/\/www.lucernatv.cz\/wp-content\/uploads\/2021\/02\/Sni\u0301mek-obrazovky-2021-02-19-v-19.08.28-500x278.jpeg",500,278,true],"vp_md_popup":["https:\/\/www.lucernatv.cz\/wp-content\/uploads\/2021\/02\/Sni\u0301mek-obrazovky-2021-02-19-v-19.08.28-800x445.jpeg",800,445,true],"vp_xl_popup":["https:\/\/www.lucernatv.cz\/wp-content\/uploads\/2021\/02\/Sni\u0301mek-obrazovky-2021-02-19-v-19.08.28.jpeg",1920,1068,false],"neve-blog":["https:\/\/www.lucernatv.cz\/wp-content\/uploads\/2021\/02\/Sni\u0301mek-obrazovky-2021-02-19-v-19.08.28-930x620.jpeg",930,620,true]},"uagb_author_info":{"display_name":"lucernatvc","author_link":"https:\/\/www.lucernatv.cz\/index.php\/author\/lucernatvc\/"},"uagb_comment_info":0,"uagb_excerpt":"Krist\u00fdna Ge\u017eov\u00e1 o\u010dima Martina Mikol\u00e1\u0161ka Studuje ve \u0161koln\u00edm roce 2020\u20132021 v posledn\u00edm ro\u010dn\u00edku oboru Grafick\u00fd design, \u0160VP Klasick\u00e1 a po\u010d\u00edta\u010dov\u00e1 grafika. U\u017e od prvn\u00edch m\u011bs\u00edc\u016f sv\u00e9ho studia na na\u0161\u00ed \u0161kole ne\u010dek\u00e1 na to, a\u017e bude v ruce dr\u017eet maturitn\u00ed vysv\u011bd\u010den\u00ed. Uplatn\u011bn\u00ed v oboru a mo\u017enosti pro svou realizaci hled\u00e1 u\u017e te\u010f. V\u011b\u0159\u00edm, \u017ee o t\u00e9to&hellip;&nbsp;\u010c\u00edst&hellip;","_links":{"self":[{"href":"https:\/\/www.lucernatv.cz\/index.php\/wp-json\/wp\/v2\/posts\/954"}],"collection":[{"href":"https:\/\/www.lucernatv.cz\/index.php\/wp-json\/wp\/v2\/posts"}],"about":[{"href":"https:\/\/www.lucernatv.cz\/index.php\/wp-json\/wp\/v2\/types\/post"}],"author":[{"embeddable":true,"href":"https:\/\/www.lucernatv.cz\/index.php\/wp-json\/wp\/v2\/users\/1"}],"replies":[{"embeddable":true,"href":"https:\/\/www.lucernatv.cz\/index.php\/wp-json\/wp\/v2\/comments?post=954"}],"version-history":[{"count":2,"href":"https:\/\/www.lucernatv.cz\/index.php\/wp-json\/wp\/v2\/posts\/954\/revisions"}],"predecessor-version":[{"id":1839,"href":"https:\/\/www.lucernatv.cz\/index.php\/wp-json\/wp\/v2\/posts\/954\/revisions\/1839"}],"wp:featuredmedia":[{"embeddable":true,"href":"https:\/\/www.lucernatv.cz\/index.php\/wp-json\/wp\/v2\/media\/2289"}],"wp:attachment":[{"href":"https:\/\/www.lucernatv.cz\/index.php\/wp-json\/wp\/v2\/media?parent=954"}],"wp:term":[{"taxonomy":"category","embeddable":true,"href":"https:\/\/www.lucernatv.cz\/index.php\/wp-json\/wp\/v2\/categories?post=954"},{"taxonomy":"post_tag","embeddable":true,"href":"https:\/\/www.lucernatv.cz\/index.php\/wp-json\/wp\/v2\/tags?post=954"}],"curies":[{"name":"wp","href":"https:\/\/api.w.org\/{rel}","templated":true}]}}