{"id":947,"date":"2021-02-11T13:06:29","date_gmt":"2021-02-11T13:06:29","guid":{"rendered":"https:\/\/www.lucernatv.cz\/?p=947"},"modified":"2021-02-21T22:35:53","modified_gmt":"2021-02-21T22:35:53","slug":"30-let-sus-ondrej-stocek","status":"publish","type":"post","link":"https:\/\/www.lucernatv.cz\/index.php\/2021\/02\/11\/30-let-sus-ondrej-stocek\/","title":{"rendered":"30 let SU\u0160 \u2013 Ond\u0159ej Sto\u010dek"},"content":{"rendered":"<div class=\"wp-block-visual-portfolio\">\n<div class=\"vp-portfolio vp-uid-536f622e vp-id-Z17EnNf\"\n    data-vp-layout=\"masonry\" data-vp-content-source=\"images\" data-vp-items-style=\"fly\" data-vp-items-click-action=\"popup_gallery\" data-vp-items-gap=\"15\" data-vp-items-gap-vertical=\"\" data-vp-pagination=\"load-more\" data-vp-next-page-url=\"\" data-vp-masonry-columns=\"3\" >\n    <div class=\"vp-portfolio__preloader-wrap\">\n        <div class=\"vp-portfolio__preloader\">\n            <img decoding=\"async\" loading=\"eager\" src=\"https:\/\/www.lucernatv.cz\/wp-content\/plugins\/visual-portfolio\/assets\/images\/logo-dark.svg\" alt=\"Visual Portfolio, Posts &amp; Image Gallery for WordPress\" width=\"20\" height=\"20\" data-skip-lazy>\n        <\/div>\n    <\/div>\n        <div class=\"vp-portfolio__items-wrap\">\n            \n<div class=\"vp-portfolio__items vp-portfolio__items-style-fly vp-portfolio__items-show-overlay-hover\">\n\n        <div        class=\"vp-portfolio__item-wrap vp-portfolio__item-uid-08967f49\" data-vp-filter=\"\"         >\n            <template class=\"vp-portfolio__item-popup\" data-vp-popup-img=\"https:\/\/www.lucernatv.cz\/wp-content\/uploads\/2021\/01\/Stocek-portfolio_Stra\u0301nka_01.jpeg\" data-vp-popup-img-srcset=\"https:\/\/www.lucernatv.cz\/wp-content\/uploads\/2021\/01\/Stocek-portfolio_Stra\u0301nka_01.jpeg 2000w, https:\/\/www.lucernatv.cz\/wp-content\/uploads\/2021\/01\/Stocek-portfolio_Stra\u0301nka_01-300x212.jpeg 300w, https:\/\/www.lucernatv.cz\/wp-content\/uploads\/2021\/01\/Stocek-portfolio_Stra\u0301nka_01-768x543.jpeg 768w, https:\/\/www.lucernatv.cz\/wp-content\/uploads\/2021\/01\/Stocek-portfolio_Stra\u0301nka_01-1527x1080.jpeg 1527w, https:\/\/www.lucernatv.cz\/wp-content\/uploads\/2021\/01\/Stocek-portfolio_Stra\u0301nka_01-100x71.jpeg 100w, https:\/\/www.lucernatv.cz\/wp-content\/uploads\/2021\/01\/Stocek-portfolio_Stra\u0301nka_01-1200x849.jpeg 1200w\" data-vp-popup-img-size=\"1920x1358\" data-vp-popup-md-img=\"https:\/\/www.lucernatv.cz\/wp-content\/uploads\/2021\/01\/Stocek-portfolio_Stra\u0301nka_01.jpeg\" data-vp-popup-md-img-size=\"800x566\" data-vp-popup-sm-img=\"https:\/\/www.lucernatv.cz\/wp-content\/uploads\/2021\/01\/Stocek-portfolio_Stra\u0301nka_01.jpeg\" data-vp-popup-sm-img-size=\"500x354\">\n            <h3 class=\"vp-portfolio__item-popup-title\">Ond\u0159ej Sto\u010dek \u2013 Portfolio<\/h3>\n        <\/template>\n                        <figure class=\"vp-portfolio__item\">\n                \n<div class=\"vp-portfolio__item-img-wrap\">\n    <div class=\"vp-portfolio__item-img\">\n            <a\n        href=\"https:\/\/www.lucernatv.cz\/wp-content\/uploads\/2021\/01\/Stocek-portfolio_Stra\u0301nka_01.jpeg\"\n            >\n    \n        <img decoding=\"async\" width=\"1920\" height=\"1358\" src=\"https:\/\/www.lucernatv.cz\/wp-content\/uploads\/2021\/01\/Stocek-portfolio_Stra\u0301nka_01.jpeg\" class=\"wp-image-705\" alt=\"\" srcset=\"https:\/\/www.lucernatv.cz\/wp-content\/uploads\/2021\/01\/Stocek-portfolio_Stra\u0301nka_01.jpeg 2000w, https:\/\/www.lucernatv.cz\/wp-content\/uploads\/2021\/01\/Stocek-portfolio_Stra\u0301nka_01-300x212.jpeg 300w, https:\/\/www.lucernatv.cz\/wp-content\/uploads\/2021\/01\/Stocek-portfolio_Stra\u0301nka_01-768x543.jpeg 768w, https:\/\/www.lucernatv.cz\/wp-content\/uploads\/2021\/01\/Stocek-portfolio_Stra\u0301nka_01-1527x1080.jpeg 1527w, https:\/\/www.lucernatv.cz\/wp-content\/uploads\/2021\/01\/Stocek-portfolio_Stra\u0301nka_01-100x71.jpeg 100w, https:\/\/www.lucernatv.cz\/wp-content\/uploads\/2021\/01\/Stocek-portfolio_Stra\u0301nka_01-1200x849.jpeg 1200w\" sizes=\"(max-width: 1920px) 100vw, 1920px\" \/>\n        <\/a>    <\/div>\n<\/div>\n\n<figcaption class=\"vp-portfolio__item-overlay vp-portfolio__item-overlay-text-align-center\">\n    <div class=\"vp-portfolio__item-meta-wrap vp-portfolio__custom-scrollbar\">\n            <a\n        href=\"https:\/\/www.lucernatv.cz\/wp-content\/uploads\/2021\/01\/Stocek-portfolio_Stra\u0301nka_01.jpeg\"\n        tabindex=\"-1\" class=\"vp-portfolio__item-meta\"     >\n    \n        \n<h2 class=\"vp-portfolio__item-meta-title\">\n    Ond\u0159ej Sto\u010dek \u2013 Portfolio<\/h2>\n\n        <\/a>    <\/div>\n<\/figcaption>\n            <\/figure>\n                    <\/div>\n        \n        <div        class=\"vp-portfolio__item-wrap vp-portfolio__item-uid-29234996\" data-vp-filter=\"\"         >\n            <template class=\"vp-portfolio__item-popup\" data-vp-popup-img=\"https:\/\/www.lucernatv.cz\/wp-content\/uploads\/2021\/01\/Stocek-portfolio_Stra\u0301nka_02-1.jpeg\" data-vp-popup-img-srcset=\"https:\/\/www.lucernatv.cz\/wp-content\/uploads\/2021\/01\/Stocek-portfolio_Stra\u0301nka_02-1.jpeg 2000w, https:\/\/www.lucernatv.cz\/wp-content\/uploads\/2021\/01\/Stocek-portfolio_Stra\u0301nka_02-1-300x212.jpeg 300w, https:\/\/www.lucernatv.cz\/wp-content\/uploads\/2021\/01\/Stocek-portfolio_Stra\u0301nka_02-1-768x543.jpeg 768w, https:\/\/www.lucernatv.cz\/wp-content\/uploads\/2021\/01\/Stocek-portfolio_Stra\u0301nka_02-1-1527x1080.jpeg 1527w, https:\/\/www.lucernatv.cz\/wp-content\/uploads\/2021\/01\/Stocek-portfolio_Stra\u0301nka_02-1-100x71.jpeg 100w, https:\/\/www.lucernatv.cz\/wp-content\/uploads\/2021\/01\/Stocek-portfolio_Stra\u0301nka_02-1-1200x849.jpeg 1200w\" data-vp-popup-img-size=\"1920x1358\" data-vp-popup-md-img=\"https:\/\/www.lucernatv.cz\/wp-content\/uploads\/2021\/01\/Stocek-portfolio_Stra\u0301nka_02-1.jpeg\" data-vp-popup-md-img-size=\"800x566\" data-vp-popup-sm-img=\"https:\/\/www.lucernatv.cz\/wp-content\/uploads\/2021\/01\/Stocek-portfolio_Stra\u0301nka_02-1.jpeg\" data-vp-popup-sm-img-size=\"500x354\">\n            <h3 class=\"vp-portfolio__item-popup-title\">Ond\u0159ej Sto\u010dek \u2013 Portfolio 1<\/h3>\n        <\/template>\n                        <figure class=\"vp-portfolio__item\">\n                \n<div class=\"vp-portfolio__item-img-wrap\">\n    <div class=\"vp-portfolio__item-img\">\n            <a\n        href=\"https:\/\/www.lucernatv.cz\/wp-content\/uploads\/2021\/01\/Stocek-portfolio_Stra\u0301nka_02-1.jpeg\"\n            >\n    \n        <img decoding=\"async\" width=\"1920\" height=\"1358\" src=\"https:\/\/www.lucernatv.cz\/wp-content\/uploads\/2021\/01\/Stocek-portfolio_Stra\u0301nka_02-1.jpeg\" class=\"wp-image-706\" alt=\"\" srcset=\"https:\/\/www.lucernatv.cz\/wp-content\/uploads\/2021\/01\/Stocek-portfolio_Stra\u0301nka_02-1.jpeg 2000w, https:\/\/www.lucernatv.cz\/wp-content\/uploads\/2021\/01\/Stocek-portfolio_Stra\u0301nka_02-1-300x212.jpeg 300w, https:\/\/www.lucernatv.cz\/wp-content\/uploads\/2021\/01\/Stocek-portfolio_Stra\u0301nka_02-1-768x543.jpeg 768w, https:\/\/www.lucernatv.cz\/wp-content\/uploads\/2021\/01\/Stocek-portfolio_Stra\u0301nka_02-1-1527x1080.jpeg 1527w, https:\/\/www.lucernatv.cz\/wp-content\/uploads\/2021\/01\/Stocek-portfolio_Stra\u0301nka_02-1-100x71.jpeg 100w, https:\/\/www.lucernatv.cz\/wp-content\/uploads\/2021\/01\/Stocek-portfolio_Stra\u0301nka_02-1-1200x849.jpeg 1200w\" sizes=\"(max-width: 1920px) 100vw, 1920px\" \/>\n        <\/a>    <\/div>\n<\/div>\n\n<figcaption class=\"vp-portfolio__item-overlay vp-portfolio__item-overlay-text-align-center\">\n    <div class=\"vp-portfolio__item-meta-wrap vp-portfolio__custom-scrollbar\">\n            <a\n        href=\"https:\/\/www.lucernatv.cz\/wp-content\/uploads\/2021\/01\/Stocek-portfolio_Stra\u0301nka_02-1.jpeg\"\n        tabindex=\"-1\" class=\"vp-portfolio__item-meta\"     >\n    \n        \n<h2 class=\"vp-portfolio__item-meta-title\">\n    Ond\u0159ej Sto\u010dek \u2013 Portfolio 1<\/h2>\n\n        <\/a>    <\/div>\n<\/figcaption>\n            <\/figure>\n                    <\/div>\n        \n        <div        class=\"vp-portfolio__item-wrap vp-portfolio__item-uid-4c91d6ee\" data-vp-filter=\"\"         >\n            <template class=\"vp-portfolio__item-popup\" data-vp-popup-img=\"https:\/\/www.lucernatv.cz\/wp-content\/uploads\/2021\/01\/Stocek-portfolio_Stra\u0301nka_03.jpeg\" data-vp-popup-img-srcset=\"https:\/\/www.lucernatv.cz\/wp-content\/uploads\/2021\/01\/Stocek-portfolio_Stra\u0301nka_03.jpeg 2000w, https:\/\/www.lucernatv.cz\/wp-content\/uploads\/2021\/01\/Stocek-portfolio_Stra\u0301nka_03-300x212.jpeg 300w, https:\/\/www.lucernatv.cz\/wp-content\/uploads\/2021\/01\/Stocek-portfolio_Stra\u0301nka_03-768x543.jpeg 768w, https:\/\/www.lucernatv.cz\/wp-content\/uploads\/2021\/01\/Stocek-portfolio_Stra\u0301nka_03-1527x1080.jpeg 1527w, https:\/\/www.lucernatv.cz\/wp-content\/uploads\/2021\/01\/Stocek-portfolio_Stra\u0301nka_03-100x71.jpeg 100w, https:\/\/www.lucernatv.cz\/wp-content\/uploads\/2021\/01\/Stocek-portfolio_Stra\u0301nka_03-1200x849.jpeg 1200w\" data-vp-popup-img-size=\"1920x1358\" data-vp-popup-md-img=\"https:\/\/www.lucernatv.cz\/wp-content\/uploads\/2021\/01\/Stocek-portfolio_Stra\u0301nka_03.jpeg\" data-vp-popup-md-img-size=\"800x566\" data-vp-popup-sm-img=\"https:\/\/www.lucernatv.cz\/wp-content\/uploads\/2021\/01\/Stocek-portfolio_Stra\u0301nka_03.jpeg\" data-vp-popup-sm-img-size=\"500x354\">\n            <h3 class=\"vp-portfolio__item-popup-title\">Ond\u0159ej Sto\u010dek \u2013 Portfolio 2<\/h3>\n        <\/template>\n                        <figure class=\"vp-portfolio__item\">\n                \n<div class=\"vp-portfolio__item-img-wrap\">\n    <div class=\"vp-portfolio__item-img\">\n            <a\n        href=\"https:\/\/www.lucernatv.cz\/wp-content\/uploads\/2021\/01\/Stocek-portfolio_Stra\u0301nka_03.jpeg\"\n            >\n    \n        <img decoding=\"async\" width=\"1920\" height=\"1358\" src=\"https:\/\/www.lucernatv.cz\/wp-content\/uploads\/2021\/01\/Stocek-portfolio_Stra\u0301nka_03.jpeg\" class=\"wp-image-707\" alt=\"\" srcset=\"https:\/\/www.lucernatv.cz\/wp-content\/uploads\/2021\/01\/Stocek-portfolio_Stra\u0301nka_03.jpeg 2000w, https:\/\/www.lucernatv.cz\/wp-content\/uploads\/2021\/01\/Stocek-portfolio_Stra\u0301nka_03-300x212.jpeg 300w, https:\/\/www.lucernatv.cz\/wp-content\/uploads\/2021\/01\/Stocek-portfolio_Stra\u0301nka_03-768x543.jpeg 768w, https:\/\/www.lucernatv.cz\/wp-content\/uploads\/2021\/01\/Stocek-portfolio_Stra\u0301nka_03-1527x1080.jpeg 1527w, https:\/\/www.lucernatv.cz\/wp-content\/uploads\/2021\/01\/Stocek-portfolio_Stra\u0301nka_03-100x71.jpeg 100w, https:\/\/www.lucernatv.cz\/wp-content\/uploads\/2021\/01\/Stocek-portfolio_Stra\u0301nka_03-1200x849.jpeg 1200w\" sizes=\"(max-width: 1920px) 100vw, 1920px\" \/>\n        <\/a>    <\/div>\n<\/div>\n\n<figcaption class=\"vp-portfolio__item-overlay vp-portfolio__item-overlay-text-align-center\">\n    <div class=\"vp-portfolio__item-meta-wrap vp-portfolio__custom-scrollbar\">\n            <a\n        href=\"https:\/\/www.lucernatv.cz\/wp-content\/uploads\/2021\/01\/Stocek-portfolio_Stra\u0301nka_03.jpeg\"\n        tabindex=\"-1\" class=\"vp-portfolio__item-meta\"     >\n    \n        \n<h2 class=\"vp-portfolio__item-meta-title\">\n    Ond\u0159ej Sto\u010dek \u2013 Portfolio 2<\/h2>\n\n        <\/a>    <\/div>\n<\/figcaption>\n            <\/figure>\n                    <\/div>\n        \n        <div        class=\"vp-portfolio__item-wrap vp-portfolio__item-uid-6492ac1a\" data-vp-filter=\"\"         >\n            <template class=\"vp-portfolio__item-popup\" data-vp-popup-img=\"https:\/\/www.lucernatv.cz\/wp-content\/uploads\/2021\/01\/Stocek-portfolio_Stra\u0301nka_04.jpeg\" data-vp-popup-img-srcset=\"https:\/\/www.lucernatv.cz\/wp-content\/uploads\/2021\/01\/Stocek-portfolio_Stra\u0301nka_04.jpeg 2000w, https:\/\/www.lucernatv.cz\/wp-content\/uploads\/2021\/01\/Stocek-portfolio_Stra\u0301nka_04-300x212.jpeg 300w, https:\/\/www.lucernatv.cz\/wp-content\/uploads\/2021\/01\/Stocek-portfolio_Stra\u0301nka_04-768x543.jpeg 768w, https:\/\/www.lucernatv.cz\/wp-content\/uploads\/2021\/01\/Stocek-portfolio_Stra\u0301nka_04-1527x1080.jpeg 1527w, https:\/\/www.lucernatv.cz\/wp-content\/uploads\/2021\/01\/Stocek-portfolio_Stra\u0301nka_04-100x71.jpeg 100w, https:\/\/www.lucernatv.cz\/wp-content\/uploads\/2021\/01\/Stocek-portfolio_Stra\u0301nka_04-1200x849.jpeg 1200w\" data-vp-popup-img-size=\"1920x1358\" data-vp-popup-md-img=\"https:\/\/www.lucernatv.cz\/wp-content\/uploads\/2021\/01\/Stocek-portfolio_Stra\u0301nka_04.jpeg\" data-vp-popup-md-img-size=\"800x566\" data-vp-popup-sm-img=\"https:\/\/www.lucernatv.cz\/wp-content\/uploads\/2021\/01\/Stocek-portfolio_Stra\u0301nka_04.jpeg\" data-vp-popup-sm-img-size=\"500x354\">\n            <h3 class=\"vp-portfolio__item-popup-title\">Ond\u0159ej Sto\u010dek \u2013 Portfolio 3<\/h3>\n        <\/template>\n                        <figure class=\"vp-portfolio__item\">\n                \n<div class=\"vp-portfolio__item-img-wrap\">\n    <div class=\"vp-portfolio__item-img\">\n            <a\n        href=\"https:\/\/www.lucernatv.cz\/wp-content\/uploads\/2021\/01\/Stocek-portfolio_Stra\u0301nka_04.jpeg\"\n            >\n    \n        <img decoding=\"async\" width=\"1920\" height=\"1358\" src=\"https:\/\/www.lucernatv.cz\/wp-content\/uploads\/2021\/01\/Stocek-portfolio_Stra\u0301nka_04.jpeg\" class=\"wp-image-708\" alt=\"\" srcset=\"https:\/\/www.lucernatv.cz\/wp-content\/uploads\/2021\/01\/Stocek-portfolio_Stra\u0301nka_04.jpeg 2000w, https:\/\/www.lucernatv.cz\/wp-content\/uploads\/2021\/01\/Stocek-portfolio_Stra\u0301nka_04-300x212.jpeg 300w, https:\/\/www.lucernatv.cz\/wp-content\/uploads\/2021\/01\/Stocek-portfolio_Stra\u0301nka_04-768x543.jpeg 768w, https:\/\/www.lucernatv.cz\/wp-content\/uploads\/2021\/01\/Stocek-portfolio_Stra\u0301nka_04-1527x1080.jpeg 1527w, https:\/\/www.lucernatv.cz\/wp-content\/uploads\/2021\/01\/Stocek-portfolio_Stra\u0301nka_04-100x71.jpeg 100w, https:\/\/www.lucernatv.cz\/wp-content\/uploads\/2021\/01\/Stocek-portfolio_Stra\u0301nka_04-1200x849.jpeg 1200w\" sizes=\"(max-width: 1920px) 100vw, 1920px\" \/>\n        <\/a>    <\/div>\n<\/div>\n\n<figcaption class=\"vp-portfolio__item-overlay vp-portfolio__item-overlay-text-align-center\">\n    <div class=\"vp-portfolio__item-meta-wrap vp-portfolio__custom-scrollbar\">\n            <a\n        href=\"https:\/\/www.lucernatv.cz\/wp-content\/uploads\/2021\/01\/Stocek-portfolio_Stra\u0301nka_04.jpeg\"\n        tabindex=\"-1\" class=\"vp-portfolio__item-meta\"     >\n    \n        \n<h2 class=\"vp-portfolio__item-meta-title\">\n    Ond\u0159ej Sto\u010dek \u2013 Portfolio 3<\/h2>\n\n        <\/a>    <\/div>\n<\/figcaption>\n            <\/figure>\n                    <\/div>\n        \n        <div        class=\"vp-portfolio__item-wrap vp-portfolio__item-uid-8e42a435\" data-vp-filter=\"\"         >\n            <template class=\"vp-portfolio__item-popup\" data-vp-popup-img=\"https:\/\/www.lucernatv.cz\/wp-content\/uploads\/2021\/01\/Stocek-portfolio_Stra\u0301nka_05.jpeg\" data-vp-popup-img-srcset=\"https:\/\/www.lucernatv.cz\/wp-content\/uploads\/2021\/01\/Stocek-portfolio_Stra\u0301nka_05.jpeg 2000w, https:\/\/www.lucernatv.cz\/wp-content\/uploads\/2021\/01\/Stocek-portfolio_Stra\u0301nka_05-300x212.jpeg 300w, https:\/\/www.lucernatv.cz\/wp-content\/uploads\/2021\/01\/Stocek-portfolio_Stra\u0301nka_05-768x543.jpeg 768w, https:\/\/www.lucernatv.cz\/wp-content\/uploads\/2021\/01\/Stocek-portfolio_Stra\u0301nka_05-1527x1080.jpeg 1527w, https:\/\/www.lucernatv.cz\/wp-content\/uploads\/2021\/01\/Stocek-portfolio_Stra\u0301nka_05-100x71.jpeg 100w, https:\/\/www.lucernatv.cz\/wp-content\/uploads\/2021\/01\/Stocek-portfolio_Stra\u0301nka_05-1200x849.jpeg 1200w\" data-vp-popup-img-size=\"1920x1358\" data-vp-popup-md-img=\"https:\/\/www.lucernatv.cz\/wp-content\/uploads\/2021\/01\/Stocek-portfolio_Stra\u0301nka_05.jpeg\" data-vp-popup-md-img-size=\"800x566\" data-vp-popup-sm-img=\"https:\/\/www.lucernatv.cz\/wp-content\/uploads\/2021\/01\/Stocek-portfolio_Stra\u0301nka_05.jpeg\" data-vp-popup-sm-img-size=\"500x354\">\n            <h3 class=\"vp-portfolio__item-popup-title\">Ond\u0159ej Sto\u010dek \u2013 Portfolio 4<\/h3>\n        <\/template>\n                        <figure class=\"vp-portfolio__item\">\n                \n<div class=\"vp-portfolio__item-img-wrap\">\n    <div class=\"vp-portfolio__item-img\">\n            <a\n        href=\"https:\/\/www.lucernatv.cz\/wp-content\/uploads\/2021\/01\/Stocek-portfolio_Stra\u0301nka_05.jpeg\"\n            >\n    \n        <img decoding=\"async\" width=\"1920\" height=\"1358\" src=\"https:\/\/www.lucernatv.cz\/wp-content\/uploads\/2021\/01\/Stocek-portfolio_Stra\u0301nka_05.jpeg\" class=\"wp-image-709\" alt=\"\" srcset=\"https:\/\/www.lucernatv.cz\/wp-content\/uploads\/2021\/01\/Stocek-portfolio_Stra\u0301nka_05.jpeg 2000w, https:\/\/www.lucernatv.cz\/wp-content\/uploads\/2021\/01\/Stocek-portfolio_Stra\u0301nka_05-300x212.jpeg 300w, https:\/\/www.lucernatv.cz\/wp-content\/uploads\/2021\/01\/Stocek-portfolio_Stra\u0301nka_05-768x543.jpeg 768w, https:\/\/www.lucernatv.cz\/wp-content\/uploads\/2021\/01\/Stocek-portfolio_Stra\u0301nka_05-1527x1080.jpeg 1527w, https:\/\/www.lucernatv.cz\/wp-content\/uploads\/2021\/01\/Stocek-portfolio_Stra\u0301nka_05-100x71.jpeg 100w, https:\/\/www.lucernatv.cz\/wp-content\/uploads\/2021\/01\/Stocek-portfolio_Stra\u0301nka_05-1200x849.jpeg 1200w\" sizes=\"(max-width: 1920px) 100vw, 1920px\" \/>\n        <\/a>    <\/div>\n<\/div>\n\n<figcaption class=\"vp-portfolio__item-overlay vp-portfolio__item-overlay-text-align-center\">\n    <div class=\"vp-portfolio__item-meta-wrap vp-portfolio__custom-scrollbar\">\n            <a\n        href=\"https:\/\/www.lucernatv.cz\/wp-content\/uploads\/2021\/01\/Stocek-portfolio_Stra\u0301nka_05.jpeg\"\n        tabindex=\"-1\" class=\"vp-portfolio__item-meta\"     >\n    \n        \n<h2 class=\"vp-portfolio__item-meta-title\">\n    Ond\u0159ej Sto\u010dek \u2013 Portfolio 4<\/h2>\n\n        <\/a>    <\/div>\n<\/figcaption>\n            <\/figure>\n                    <\/div>\n        \n        <div        class=\"vp-portfolio__item-wrap vp-portfolio__item-uid-56394ab5\" data-vp-filter=\"\"         >\n            <template class=\"vp-portfolio__item-popup\" data-vp-popup-img=\"https:\/\/www.lucernatv.cz\/wp-content\/uploads\/2021\/01\/Stocek-portfolio_Stra\u0301nka_06.jpeg\" data-vp-popup-img-srcset=\"https:\/\/www.lucernatv.cz\/wp-content\/uploads\/2021\/01\/Stocek-portfolio_Stra\u0301nka_06.jpeg 2000w, https:\/\/www.lucernatv.cz\/wp-content\/uploads\/2021\/01\/Stocek-portfolio_Stra\u0301nka_06-300x212.jpeg 300w, https:\/\/www.lucernatv.cz\/wp-content\/uploads\/2021\/01\/Stocek-portfolio_Stra\u0301nka_06-768x543.jpeg 768w, https:\/\/www.lucernatv.cz\/wp-content\/uploads\/2021\/01\/Stocek-portfolio_Stra\u0301nka_06-1527x1080.jpeg 1527w, https:\/\/www.lucernatv.cz\/wp-content\/uploads\/2021\/01\/Stocek-portfolio_Stra\u0301nka_06-100x71.jpeg 100w, https:\/\/www.lucernatv.cz\/wp-content\/uploads\/2021\/01\/Stocek-portfolio_Stra\u0301nka_06-1200x849.jpeg 1200w\" data-vp-popup-img-size=\"1920x1358\" data-vp-popup-md-img=\"https:\/\/www.lucernatv.cz\/wp-content\/uploads\/2021\/01\/Stocek-portfolio_Stra\u0301nka_06.jpeg\" data-vp-popup-md-img-size=\"800x566\" data-vp-popup-sm-img=\"https:\/\/www.lucernatv.cz\/wp-content\/uploads\/2021\/01\/Stocek-portfolio_Stra\u0301nka_06.jpeg\" data-vp-popup-sm-img-size=\"500x354\">\n            <h3 class=\"vp-portfolio__item-popup-title\">Ond\u0159ej Sto\u010dek \u2013 Portfolio 5<\/h3>\n        <\/template>\n                        <figure class=\"vp-portfolio__item\">\n                \n<div class=\"vp-portfolio__item-img-wrap\">\n    <div class=\"vp-portfolio__item-img\">\n            <a\n        href=\"https:\/\/www.lucernatv.cz\/wp-content\/uploads\/2021\/01\/Stocek-portfolio_Stra\u0301nka_06.jpeg\"\n            >\n    \n        <img decoding=\"async\" width=\"1920\" height=\"1358\" src=\"https:\/\/www.lucernatv.cz\/wp-content\/uploads\/2021\/01\/Stocek-portfolio_Stra\u0301nka_06.jpeg\" class=\"wp-image-710\" alt=\"\" srcset=\"https:\/\/www.lucernatv.cz\/wp-content\/uploads\/2021\/01\/Stocek-portfolio_Stra\u0301nka_06.jpeg 2000w, https:\/\/www.lucernatv.cz\/wp-content\/uploads\/2021\/01\/Stocek-portfolio_Stra\u0301nka_06-300x212.jpeg 300w, https:\/\/www.lucernatv.cz\/wp-content\/uploads\/2021\/01\/Stocek-portfolio_Stra\u0301nka_06-768x543.jpeg 768w, https:\/\/www.lucernatv.cz\/wp-content\/uploads\/2021\/01\/Stocek-portfolio_Stra\u0301nka_06-1527x1080.jpeg 1527w, https:\/\/www.lucernatv.cz\/wp-content\/uploads\/2021\/01\/Stocek-portfolio_Stra\u0301nka_06-100x71.jpeg 100w, https:\/\/www.lucernatv.cz\/wp-content\/uploads\/2021\/01\/Stocek-portfolio_Stra\u0301nka_06-1200x849.jpeg 1200w\" sizes=\"(max-width: 1920px) 100vw, 1920px\" \/>\n        <\/a>    <\/div>\n<\/div>\n\n<figcaption class=\"vp-portfolio__item-overlay vp-portfolio__item-overlay-text-align-center\">\n    <div class=\"vp-portfolio__item-meta-wrap vp-portfolio__custom-scrollbar\">\n            <a\n        href=\"https:\/\/www.lucernatv.cz\/wp-content\/uploads\/2021\/01\/Stocek-portfolio_Stra\u0301nka_06.jpeg\"\n        tabindex=\"-1\" class=\"vp-portfolio__item-meta\"     >\n    \n        \n<h2 class=\"vp-portfolio__item-meta-title\">\n    Ond\u0159ej Sto\u010dek \u2013 Portfolio 5<\/h2>\n\n        <\/a>    <\/div>\n<\/figcaption>\n            <\/figure>\n                    <\/div>\n        \n        <div        class=\"vp-portfolio__item-wrap vp-portfolio__item-uid-338bd5cd\" data-vp-filter=\"\"         >\n            <template class=\"vp-portfolio__item-popup\" data-vp-popup-img=\"https:\/\/www.lucernatv.cz\/wp-content\/uploads\/2021\/01\/Stocek-portfolio_Stra\u0301nka_07.jpeg\" data-vp-popup-img-srcset=\"https:\/\/www.lucernatv.cz\/wp-content\/uploads\/2021\/01\/Stocek-portfolio_Stra\u0301nka_07.jpeg 2000w, https:\/\/www.lucernatv.cz\/wp-content\/uploads\/2021\/01\/Stocek-portfolio_Stra\u0301nka_07-300x212.jpeg 300w, https:\/\/www.lucernatv.cz\/wp-content\/uploads\/2021\/01\/Stocek-portfolio_Stra\u0301nka_07-768x543.jpeg 768w, https:\/\/www.lucernatv.cz\/wp-content\/uploads\/2021\/01\/Stocek-portfolio_Stra\u0301nka_07-1527x1080.jpeg 1527w, https:\/\/www.lucernatv.cz\/wp-content\/uploads\/2021\/01\/Stocek-portfolio_Stra\u0301nka_07-100x71.jpeg 100w, https:\/\/www.lucernatv.cz\/wp-content\/uploads\/2021\/01\/Stocek-portfolio_Stra\u0301nka_07-1200x849.jpeg 1200w\" data-vp-popup-img-size=\"1920x1358\" data-vp-popup-md-img=\"https:\/\/www.lucernatv.cz\/wp-content\/uploads\/2021\/01\/Stocek-portfolio_Stra\u0301nka_07.jpeg\" data-vp-popup-md-img-size=\"800x566\" data-vp-popup-sm-img=\"https:\/\/www.lucernatv.cz\/wp-content\/uploads\/2021\/01\/Stocek-portfolio_Stra\u0301nka_07.jpeg\" data-vp-popup-sm-img-size=\"500x354\">\n            <h3 class=\"vp-portfolio__item-popup-title\">Ond\u0159ej Sto\u010dek \u2013 Portfolio 6<\/h3>\n        <\/template>\n                        <figure class=\"vp-portfolio__item\">\n                \n<div class=\"vp-portfolio__item-img-wrap\">\n    <div class=\"vp-portfolio__item-img\">\n            <a\n        href=\"https:\/\/www.lucernatv.cz\/wp-content\/uploads\/2021\/01\/Stocek-portfolio_Stra\u0301nka_07.jpeg\"\n            >\n    \n        <img decoding=\"async\" width=\"1920\" height=\"1358\" src=\"https:\/\/www.lucernatv.cz\/wp-content\/uploads\/2021\/01\/Stocek-portfolio_Stra\u0301nka_07.jpeg\" class=\"wp-image-711\" alt=\"\" srcset=\"https:\/\/www.lucernatv.cz\/wp-content\/uploads\/2021\/01\/Stocek-portfolio_Stra\u0301nka_07.jpeg 2000w, https:\/\/www.lucernatv.cz\/wp-content\/uploads\/2021\/01\/Stocek-portfolio_Stra\u0301nka_07-300x212.jpeg 300w, https:\/\/www.lucernatv.cz\/wp-content\/uploads\/2021\/01\/Stocek-portfolio_Stra\u0301nka_07-768x543.jpeg 768w, https:\/\/www.lucernatv.cz\/wp-content\/uploads\/2021\/01\/Stocek-portfolio_Stra\u0301nka_07-1527x1080.jpeg 1527w, https:\/\/www.lucernatv.cz\/wp-content\/uploads\/2021\/01\/Stocek-portfolio_Stra\u0301nka_07-100x71.jpeg 100w, https:\/\/www.lucernatv.cz\/wp-content\/uploads\/2021\/01\/Stocek-portfolio_Stra\u0301nka_07-1200x849.jpeg 1200w\" sizes=\"(max-width: 1920px) 100vw, 1920px\" \/>\n        <\/a>    <\/div>\n<\/div>\n\n<figcaption class=\"vp-portfolio__item-overlay vp-portfolio__item-overlay-text-align-center\">\n    <div class=\"vp-portfolio__item-meta-wrap vp-portfolio__custom-scrollbar\">\n            <a\n        href=\"https:\/\/www.lucernatv.cz\/wp-content\/uploads\/2021\/01\/Stocek-portfolio_Stra\u0301nka_07.jpeg\"\n        tabindex=\"-1\" class=\"vp-portfolio__item-meta\"     >\n    \n        \n<h2 class=\"vp-portfolio__item-meta-title\">\n    Ond\u0159ej Sto\u010dek \u2013 Portfolio 6<\/h2>\n\n        <\/a>    <\/div>\n<\/figcaption>\n            <\/figure>\n                    <\/div>\n        \n        <div        class=\"vp-portfolio__item-wrap vp-portfolio__item-uid-123ee312\" data-vp-filter=\"\"         >\n            <template class=\"vp-portfolio__item-popup\" data-vp-popup-img=\"https:\/\/www.lucernatv.cz\/wp-content\/uploads\/2021\/01\/Stocek-portfolio_Stra\u0301nka_08.jpeg\" data-vp-popup-img-srcset=\"https:\/\/www.lucernatv.cz\/wp-content\/uploads\/2021\/01\/Stocek-portfolio_Stra\u0301nka_08.jpeg 2000w, https:\/\/www.lucernatv.cz\/wp-content\/uploads\/2021\/01\/Stocek-portfolio_Stra\u0301nka_08-300x212.jpeg 300w, https:\/\/www.lucernatv.cz\/wp-content\/uploads\/2021\/01\/Stocek-portfolio_Stra\u0301nka_08-768x543.jpeg 768w, https:\/\/www.lucernatv.cz\/wp-content\/uploads\/2021\/01\/Stocek-portfolio_Stra\u0301nka_08-1527x1080.jpeg 1527w, https:\/\/www.lucernatv.cz\/wp-content\/uploads\/2021\/01\/Stocek-portfolio_Stra\u0301nka_08-100x71.jpeg 100w, https:\/\/www.lucernatv.cz\/wp-content\/uploads\/2021\/01\/Stocek-portfolio_Stra\u0301nka_08-1200x849.jpeg 1200w\" data-vp-popup-img-size=\"1920x1358\" data-vp-popup-md-img=\"https:\/\/www.lucernatv.cz\/wp-content\/uploads\/2021\/01\/Stocek-portfolio_Stra\u0301nka_08.jpeg\" data-vp-popup-md-img-size=\"800x566\" data-vp-popup-sm-img=\"https:\/\/www.lucernatv.cz\/wp-content\/uploads\/2021\/01\/Stocek-portfolio_Stra\u0301nka_08.jpeg\" data-vp-popup-sm-img-size=\"500x354\">\n            <h3 class=\"vp-portfolio__item-popup-title\">Ond\u0159ej Sto\u010dek \u2013 Portfolio 7<\/h3>\n        <\/template>\n                        <figure class=\"vp-portfolio__item\">\n                \n<div class=\"vp-portfolio__item-img-wrap\">\n    <div class=\"vp-portfolio__item-img\">\n            <a\n        href=\"https:\/\/www.lucernatv.cz\/wp-content\/uploads\/2021\/01\/Stocek-portfolio_Stra\u0301nka_08.jpeg\"\n            >\n    \n        <img decoding=\"async\" width=\"1920\" height=\"1358\" src=\"https:\/\/www.lucernatv.cz\/wp-content\/uploads\/2021\/01\/Stocek-portfolio_Stra\u0301nka_08.jpeg\" class=\"wp-image-712\" alt=\"\" srcset=\"https:\/\/www.lucernatv.cz\/wp-content\/uploads\/2021\/01\/Stocek-portfolio_Stra\u0301nka_08.jpeg 2000w, https:\/\/www.lucernatv.cz\/wp-content\/uploads\/2021\/01\/Stocek-portfolio_Stra\u0301nka_08-300x212.jpeg 300w, https:\/\/www.lucernatv.cz\/wp-content\/uploads\/2021\/01\/Stocek-portfolio_Stra\u0301nka_08-768x543.jpeg 768w, https:\/\/www.lucernatv.cz\/wp-content\/uploads\/2021\/01\/Stocek-portfolio_Stra\u0301nka_08-1527x1080.jpeg 1527w, https:\/\/www.lucernatv.cz\/wp-content\/uploads\/2021\/01\/Stocek-portfolio_Stra\u0301nka_08-100x71.jpeg 100w, https:\/\/www.lucernatv.cz\/wp-content\/uploads\/2021\/01\/Stocek-portfolio_Stra\u0301nka_08-1200x849.jpeg 1200w\" sizes=\"(max-width: 1920px) 100vw, 1920px\" \/>\n        <\/a>    <\/div>\n<\/div>\n\n<figcaption class=\"vp-portfolio__item-overlay vp-portfolio__item-overlay-text-align-center\">\n    <div class=\"vp-portfolio__item-meta-wrap vp-portfolio__custom-scrollbar\">\n            <a\n        href=\"https:\/\/www.lucernatv.cz\/wp-content\/uploads\/2021\/01\/Stocek-portfolio_Stra\u0301nka_08.jpeg\"\n        tabindex=\"-1\" class=\"vp-portfolio__item-meta\"     >\n    \n        \n<h2 class=\"vp-portfolio__item-meta-title\">\n    Ond\u0159ej Sto\u010dek \u2013 Portfolio 7<\/h2>\n\n        <\/a>    <\/div>\n<\/figcaption>\n            <\/figure>\n                    <\/div>\n        \n        <div        class=\"vp-portfolio__item-wrap vp-portfolio__item-uid-3d5ac3d2\" data-vp-filter=\"\"         >\n            <template class=\"vp-portfolio__item-popup\" data-vp-popup-img=\"https:\/\/www.lucernatv.cz\/wp-content\/uploads\/2021\/01\/Stocek-portfolio_Stra\u0301nka_09.jpeg\" data-vp-popup-img-srcset=\"https:\/\/www.lucernatv.cz\/wp-content\/uploads\/2021\/01\/Stocek-portfolio_Stra\u0301nka_09.jpeg 2000w, https:\/\/www.lucernatv.cz\/wp-content\/uploads\/2021\/01\/Stocek-portfolio_Stra\u0301nka_09-300x212.jpeg 300w, https:\/\/www.lucernatv.cz\/wp-content\/uploads\/2021\/01\/Stocek-portfolio_Stra\u0301nka_09-768x543.jpeg 768w, https:\/\/www.lucernatv.cz\/wp-content\/uploads\/2021\/01\/Stocek-portfolio_Stra\u0301nka_09-1527x1080.jpeg 1527w, https:\/\/www.lucernatv.cz\/wp-content\/uploads\/2021\/01\/Stocek-portfolio_Stra\u0301nka_09-100x71.jpeg 100w, https:\/\/www.lucernatv.cz\/wp-content\/uploads\/2021\/01\/Stocek-portfolio_Stra\u0301nka_09-1200x849.jpeg 1200w\" data-vp-popup-img-size=\"1920x1358\" data-vp-popup-md-img=\"https:\/\/www.lucernatv.cz\/wp-content\/uploads\/2021\/01\/Stocek-portfolio_Stra\u0301nka_09.jpeg\" data-vp-popup-md-img-size=\"800x566\" data-vp-popup-sm-img=\"https:\/\/www.lucernatv.cz\/wp-content\/uploads\/2021\/01\/Stocek-portfolio_Stra\u0301nka_09.jpeg\" data-vp-popup-sm-img-size=\"500x354\">\n            <h3 class=\"vp-portfolio__item-popup-title\">Ond\u0159ej Sto\u010dek \u2013 Portfolio 8<\/h3>\n        <\/template>\n                        <figure class=\"vp-portfolio__item\">\n                \n<div class=\"vp-portfolio__item-img-wrap\">\n    <div class=\"vp-portfolio__item-img\">\n            <a\n        href=\"https:\/\/www.lucernatv.cz\/wp-content\/uploads\/2021\/01\/Stocek-portfolio_Stra\u0301nka_09.jpeg\"\n            >\n    \n        <img decoding=\"async\" width=\"1920\" height=\"1358\" src=\"https:\/\/www.lucernatv.cz\/wp-content\/uploads\/2021\/01\/Stocek-portfolio_Stra\u0301nka_09.jpeg\" class=\"wp-image-713\" alt=\"\" srcset=\"https:\/\/www.lucernatv.cz\/wp-content\/uploads\/2021\/01\/Stocek-portfolio_Stra\u0301nka_09.jpeg 2000w, https:\/\/www.lucernatv.cz\/wp-content\/uploads\/2021\/01\/Stocek-portfolio_Stra\u0301nka_09-300x212.jpeg 300w, https:\/\/www.lucernatv.cz\/wp-content\/uploads\/2021\/01\/Stocek-portfolio_Stra\u0301nka_09-768x543.jpeg 768w, https:\/\/www.lucernatv.cz\/wp-content\/uploads\/2021\/01\/Stocek-portfolio_Stra\u0301nka_09-1527x1080.jpeg 1527w, https:\/\/www.lucernatv.cz\/wp-content\/uploads\/2021\/01\/Stocek-portfolio_Stra\u0301nka_09-100x71.jpeg 100w, https:\/\/www.lucernatv.cz\/wp-content\/uploads\/2021\/01\/Stocek-portfolio_Stra\u0301nka_09-1200x849.jpeg 1200w\" sizes=\"(max-width: 1920px) 100vw, 1920px\" \/>\n        <\/a>    <\/div>\n<\/div>\n\n<figcaption class=\"vp-portfolio__item-overlay vp-portfolio__item-overlay-text-align-center\">\n    <div class=\"vp-portfolio__item-meta-wrap vp-portfolio__custom-scrollbar\">\n            <a\n        href=\"https:\/\/www.lucernatv.cz\/wp-content\/uploads\/2021\/01\/Stocek-portfolio_Stra\u0301nka_09.jpeg\"\n        tabindex=\"-1\" class=\"vp-portfolio__item-meta\"     >\n    \n        \n<h2 class=\"vp-portfolio__item-meta-title\">\n    Ond\u0159ej Sto\u010dek \u2013 Portfolio 8<\/h2>\n\n        <\/a>    <\/div>\n<\/figcaption>\n            <\/figure>\n                    <\/div>\n        \n        <div        class=\"vp-portfolio__item-wrap vp-portfolio__item-uid-1b823114\" data-vp-filter=\"\"         >\n            <template class=\"vp-portfolio__item-popup\" data-vp-popup-img=\"https:\/\/www.lucernatv.cz\/wp-content\/uploads\/2021\/01\/Stocek-portfolio_Stra\u0301nka_10.jpeg\" data-vp-popup-img-srcset=\"https:\/\/www.lucernatv.cz\/wp-content\/uploads\/2021\/01\/Stocek-portfolio_Stra\u0301nka_10.jpeg 2000w, https:\/\/www.lucernatv.cz\/wp-content\/uploads\/2021\/01\/Stocek-portfolio_Stra\u0301nka_10-300x212.jpeg 300w, https:\/\/www.lucernatv.cz\/wp-content\/uploads\/2021\/01\/Stocek-portfolio_Stra\u0301nka_10-768x543.jpeg 768w, https:\/\/www.lucernatv.cz\/wp-content\/uploads\/2021\/01\/Stocek-portfolio_Stra\u0301nka_10-1527x1080.jpeg 1527w, https:\/\/www.lucernatv.cz\/wp-content\/uploads\/2021\/01\/Stocek-portfolio_Stra\u0301nka_10-100x71.jpeg 100w, https:\/\/www.lucernatv.cz\/wp-content\/uploads\/2021\/01\/Stocek-portfolio_Stra\u0301nka_10-1200x849.jpeg 1200w\" data-vp-popup-img-size=\"1920x1358\" data-vp-popup-md-img=\"https:\/\/www.lucernatv.cz\/wp-content\/uploads\/2021\/01\/Stocek-portfolio_Stra\u0301nka_10.jpeg\" data-vp-popup-md-img-size=\"800x566\" data-vp-popup-sm-img=\"https:\/\/www.lucernatv.cz\/wp-content\/uploads\/2021\/01\/Stocek-portfolio_Stra\u0301nka_10.jpeg\" data-vp-popup-sm-img-size=\"500x354\">\n            <h3 class=\"vp-portfolio__item-popup-title\">Ond\u0159ej Sto\u010dek \u2013 Portfolio 9<\/h3>\n        <\/template>\n                        <figure class=\"vp-portfolio__item\">\n                \n<div class=\"vp-portfolio__item-img-wrap\">\n    <div class=\"vp-portfolio__item-img\">\n            <a\n        href=\"https:\/\/www.lucernatv.cz\/wp-content\/uploads\/2021\/01\/Stocek-portfolio_Stra\u0301nka_10.jpeg\"\n            >\n    \n        <img decoding=\"async\" width=\"1920\" height=\"1358\" src=\"https:\/\/www.lucernatv.cz\/wp-content\/uploads\/2021\/01\/Stocek-portfolio_Stra\u0301nka_10.jpeg\" class=\"wp-image-714\" alt=\"\" srcset=\"https:\/\/www.lucernatv.cz\/wp-content\/uploads\/2021\/01\/Stocek-portfolio_Stra\u0301nka_10.jpeg 2000w, https:\/\/www.lucernatv.cz\/wp-content\/uploads\/2021\/01\/Stocek-portfolio_Stra\u0301nka_10-300x212.jpeg 300w, https:\/\/www.lucernatv.cz\/wp-content\/uploads\/2021\/01\/Stocek-portfolio_Stra\u0301nka_10-768x543.jpeg 768w, https:\/\/www.lucernatv.cz\/wp-content\/uploads\/2021\/01\/Stocek-portfolio_Stra\u0301nka_10-1527x1080.jpeg 1527w, https:\/\/www.lucernatv.cz\/wp-content\/uploads\/2021\/01\/Stocek-portfolio_Stra\u0301nka_10-100x71.jpeg 100w, https:\/\/www.lucernatv.cz\/wp-content\/uploads\/2021\/01\/Stocek-portfolio_Stra\u0301nka_10-1200x849.jpeg 1200w\" sizes=\"(max-width: 1920px) 100vw, 1920px\" \/>\n        <\/a>    <\/div>\n<\/div>\n\n<figcaption class=\"vp-portfolio__item-overlay vp-portfolio__item-overlay-text-align-center\">\n    <div class=\"vp-portfolio__item-meta-wrap vp-portfolio__custom-scrollbar\">\n            <a\n        href=\"https:\/\/www.lucernatv.cz\/wp-content\/uploads\/2021\/01\/Stocek-portfolio_Stra\u0301nka_10.jpeg\"\n        tabindex=\"-1\" class=\"vp-portfolio__item-meta\"     >\n    \n        \n<h2 class=\"vp-portfolio__item-meta-title\">\n    Ond\u0159ej Sto\u010dek \u2013 Portfolio 9<\/h2>\n\n        <\/a>    <\/div>\n<\/figcaption>\n            <\/figure>\n                    <\/div>\n        \n        <div        class=\"vp-portfolio__item-wrap vp-portfolio__item-uid-4a2d866d\" data-vp-filter=\"\"         >\n            <template class=\"vp-portfolio__item-popup\" data-vp-popup-img=\"https:\/\/www.lucernatv.cz\/wp-content\/uploads\/2021\/01\/Stocek-portfolio_Stra\u0301nka_11.jpeg\" data-vp-popup-img-srcset=\"https:\/\/www.lucernatv.cz\/wp-content\/uploads\/2021\/01\/Stocek-portfolio_Stra\u0301nka_11.jpeg 2000w, https:\/\/www.lucernatv.cz\/wp-content\/uploads\/2021\/01\/Stocek-portfolio_Stra\u0301nka_11-300x212.jpeg 300w, https:\/\/www.lucernatv.cz\/wp-content\/uploads\/2021\/01\/Stocek-portfolio_Stra\u0301nka_11-768x543.jpeg 768w, https:\/\/www.lucernatv.cz\/wp-content\/uploads\/2021\/01\/Stocek-portfolio_Stra\u0301nka_11-1527x1080.jpeg 1527w, https:\/\/www.lucernatv.cz\/wp-content\/uploads\/2021\/01\/Stocek-portfolio_Stra\u0301nka_11-100x71.jpeg 100w, https:\/\/www.lucernatv.cz\/wp-content\/uploads\/2021\/01\/Stocek-portfolio_Stra\u0301nka_11-1200x849.jpeg 1200w\" data-vp-popup-img-size=\"1920x1358\" data-vp-popup-md-img=\"https:\/\/www.lucernatv.cz\/wp-content\/uploads\/2021\/01\/Stocek-portfolio_Stra\u0301nka_11.jpeg\" data-vp-popup-md-img-size=\"800x566\" data-vp-popup-sm-img=\"https:\/\/www.lucernatv.cz\/wp-content\/uploads\/2021\/01\/Stocek-portfolio_Stra\u0301nka_11.jpeg\" data-vp-popup-sm-img-size=\"500x354\">\n            <h3 class=\"vp-portfolio__item-popup-title\">Ond\u0159ej Sto\u010dek \u2013 Portfolio 10<\/h3>\n        <\/template>\n                        <figure class=\"vp-portfolio__item\">\n                \n<div class=\"vp-portfolio__item-img-wrap\">\n    <div class=\"vp-portfolio__item-img\">\n            <a\n        href=\"https:\/\/www.lucernatv.cz\/wp-content\/uploads\/2021\/01\/Stocek-portfolio_Stra\u0301nka_11.jpeg\"\n            >\n    \n        <img decoding=\"async\" width=\"1920\" height=\"1358\" src=\"https:\/\/www.lucernatv.cz\/wp-content\/uploads\/2021\/01\/Stocek-portfolio_Stra\u0301nka_11.jpeg\" class=\"wp-image-715\" alt=\"\" srcset=\"https:\/\/www.lucernatv.cz\/wp-content\/uploads\/2021\/01\/Stocek-portfolio_Stra\u0301nka_11.jpeg 2000w, https:\/\/www.lucernatv.cz\/wp-content\/uploads\/2021\/01\/Stocek-portfolio_Stra\u0301nka_11-300x212.jpeg 300w, https:\/\/www.lucernatv.cz\/wp-content\/uploads\/2021\/01\/Stocek-portfolio_Stra\u0301nka_11-768x543.jpeg 768w, https:\/\/www.lucernatv.cz\/wp-content\/uploads\/2021\/01\/Stocek-portfolio_Stra\u0301nka_11-1527x1080.jpeg 1527w, https:\/\/www.lucernatv.cz\/wp-content\/uploads\/2021\/01\/Stocek-portfolio_Stra\u0301nka_11-100x71.jpeg 100w, https:\/\/www.lucernatv.cz\/wp-content\/uploads\/2021\/01\/Stocek-portfolio_Stra\u0301nka_11-1200x849.jpeg 1200w\" sizes=\"(max-width: 1920px) 100vw, 1920px\" \/>\n        <\/a>    <\/div>\n<\/div>\n\n<figcaption class=\"vp-portfolio__item-overlay vp-portfolio__item-overlay-text-align-center\">\n    <div class=\"vp-portfolio__item-meta-wrap vp-portfolio__custom-scrollbar\">\n            <a\n        href=\"https:\/\/www.lucernatv.cz\/wp-content\/uploads\/2021\/01\/Stocek-portfolio_Stra\u0301nka_11.jpeg\"\n        tabindex=\"-1\" class=\"vp-portfolio__item-meta\"     >\n    \n        \n<h2 class=\"vp-portfolio__item-meta-title\">\n    Ond\u0159ej Sto\u010dek \u2013 Portfolio 10<\/h2>\n\n        <\/a>    <\/div>\n<\/figcaption>\n            <\/figure>\n                    <\/div>\n        \n        <div        class=\"vp-portfolio__item-wrap vp-portfolio__item-uid-6b98b0b2\" data-vp-filter=\"\"         >\n            <template class=\"vp-portfolio__item-popup\" data-vp-popup-img=\"https:\/\/www.lucernatv.cz\/wp-content\/uploads\/2021\/01\/Stocek-portfolio_Stra\u0301nka_12.jpeg\" data-vp-popup-img-srcset=\"https:\/\/www.lucernatv.cz\/wp-content\/uploads\/2021\/01\/Stocek-portfolio_Stra\u0301nka_12.jpeg 2000w, https:\/\/www.lucernatv.cz\/wp-content\/uploads\/2021\/01\/Stocek-portfolio_Stra\u0301nka_12-300x212.jpeg 300w, https:\/\/www.lucernatv.cz\/wp-content\/uploads\/2021\/01\/Stocek-portfolio_Stra\u0301nka_12-768x543.jpeg 768w, https:\/\/www.lucernatv.cz\/wp-content\/uploads\/2021\/01\/Stocek-portfolio_Stra\u0301nka_12-1527x1080.jpeg 1527w, https:\/\/www.lucernatv.cz\/wp-content\/uploads\/2021\/01\/Stocek-portfolio_Stra\u0301nka_12-100x71.jpeg 100w, https:\/\/www.lucernatv.cz\/wp-content\/uploads\/2021\/01\/Stocek-portfolio_Stra\u0301nka_12-1200x849.jpeg 1200w\" data-vp-popup-img-size=\"1920x1358\" data-vp-popup-md-img=\"https:\/\/www.lucernatv.cz\/wp-content\/uploads\/2021\/01\/Stocek-portfolio_Stra\u0301nka_12.jpeg\" data-vp-popup-md-img-size=\"800x566\" data-vp-popup-sm-img=\"https:\/\/www.lucernatv.cz\/wp-content\/uploads\/2021\/01\/Stocek-portfolio_Stra\u0301nka_12.jpeg\" data-vp-popup-sm-img-size=\"500x354\">\n            <h3 class=\"vp-portfolio__item-popup-title\">Ond\u0159ej Sto\u010dek \u2013 Portfolio 11<\/h3>\n        <\/template>\n                        <figure class=\"vp-portfolio__item\">\n                \n<div class=\"vp-portfolio__item-img-wrap\">\n    <div class=\"vp-portfolio__item-img\">\n            <a\n        href=\"https:\/\/www.lucernatv.cz\/wp-content\/uploads\/2021\/01\/Stocek-portfolio_Stra\u0301nka_12.jpeg\"\n            >\n    \n        <img decoding=\"async\" width=\"1920\" height=\"1358\" src=\"https:\/\/www.lucernatv.cz\/wp-content\/uploads\/2021\/01\/Stocek-portfolio_Stra\u0301nka_12.jpeg\" class=\"wp-image-716\" alt=\"\" srcset=\"https:\/\/www.lucernatv.cz\/wp-content\/uploads\/2021\/01\/Stocek-portfolio_Stra\u0301nka_12.jpeg 2000w, https:\/\/www.lucernatv.cz\/wp-content\/uploads\/2021\/01\/Stocek-portfolio_Stra\u0301nka_12-300x212.jpeg 300w, https:\/\/www.lucernatv.cz\/wp-content\/uploads\/2021\/01\/Stocek-portfolio_Stra\u0301nka_12-768x543.jpeg 768w, https:\/\/www.lucernatv.cz\/wp-content\/uploads\/2021\/01\/Stocek-portfolio_Stra\u0301nka_12-1527x1080.jpeg 1527w, https:\/\/www.lucernatv.cz\/wp-content\/uploads\/2021\/01\/Stocek-portfolio_Stra\u0301nka_12-100x71.jpeg 100w, https:\/\/www.lucernatv.cz\/wp-content\/uploads\/2021\/01\/Stocek-portfolio_Stra\u0301nka_12-1200x849.jpeg 1200w\" sizes=\"(max-width: 1920px) 100vw, 1920px\" \/>\n        <\/a>    <\/div>\n<\/div>\n\n<figcaption class=\"vp-portfolio__item-overlay vp-portfolio__item-overlay-text-align-center\">\n    <div class=\"vp-portfolio__item-meta-wrap vp-portfolio__custom-scrollbar\">\n            <a\n        href=\"https:\/\/www.lucernatv.cz\/wp-content\/uploads\/2021\/01\/Stocek-portfolio_Stra\u0301nka_12.jpeg\"\n        tabindex=\"-1\" class=\"vp-portfolio__item-meta\"     >\n    \n        \n<h2 class=\"vp-portfolio__item-meta-title\">\n    Ond\u0159ej Sto\u010dek \u2013 Portfolio 11<\/h2>\n\n        <\/a>    <\/div>\n<\/figcaption>\n            <\/figure>\n                    <\/div>\n        \n        <div        class=\"vp-portfolio__item-wrap vp-portfolio__item-uid-0e2a2fca\" data-vp-filter=\"\"         >\n            <template class=\"vp-portfolio__item-popup\" data-vp-popup-img=\"https:\/\/www.lucernatv.cz\/wp-content\/uploads\/2021\/01\/Stocek-portfolio_Stra\u0301nka_13.jpeg\" data-vp-popup-img-srcset=\"https:\/\/www.lucernatv.cz\/wp-content\/uploads\/2021\/01\/Stocek-portfolio_Stra\u0301nka_13.jpeg 2000w, https:\/\/www.lucernatv.cz\/wp-content\/uploads\/2021\/01\/Stocek-portfolio_Stra\u0301nka_13-300x212.jpeg 300w, https:\/\/www.lucernatv.cz\/wp-content\/uploads\/2021\/01\/Stocek-portfolio_Stra\u0301nka_13-768x543.jpeg 768w, https:\/\/www.lucernatv.cz\/wp-content\/uploads\/2021\/01\/Stocek-portfolio_Stra\u0301nka_13-1527x1080.jpeg 1527w, https:\/\/www.lucernatv.cz\/wp-content\/uploads\/2021\/01\/Stocek-portfolio_Stra\u0301nka_13-100x71.jpeg 100w, https:\/\/www.lucernatv.cz\/wp-content\/uploads\/2021\/01\/Stocek-portfolio_Stra\u0301nka_13-1200x849.jpeg 1200w\" data-vp-popup-img-size=\"1920x1358\" data-vp-popup-md-img=\"https:\/\/www.lucernatv.cz\/wp-content\/uploads\/2021\/01\/Stocek-portfolio_Stra\u0301nka_13.jpeg\" data-vp-popup-md-img-size=\"800x566\" data-vp-popup-sm-img=\"https:\/\/www.lucernatv.cz\/wp-content\/uploads\/2021\/01\/Stocek-portfolio_Stra\u0301nka_13.jpeg\" data-vp-popup-sm-img-size=\"500x354\">\n            <h3 class=\"vp-portfolio__item-popup-title\">Ond\u0159ej Sto\u010dek \u2013 Portfolio 12<\/h3>\n        <\/template>\n                        <figure class=\"vp-portfolio__item\">\n                \n<div class=\"vp-portfolio__item-img-wrap\">\n    <div class=\"vp-portfolio__item-img\">\n            <a\n        href=\"https:\/\/www.lucernatv.cz\/wp-content\/uploads\/2021\/01\/Stocek-portfolio_Stra\u0301nka_13.jpeg\"\n            >\n    \n        <img decoding=\"async\" width=\"1920\" height=\"1358\" src=\"https:\/\/www.lucernatv.cz\/wp-content\/uploads\/2021\/01\/Stocek-portfolio_Stra\u0301nka_13.jpeg\" class=\"wp-image-717\" alt=\"\" srcset=\"https:\/\/www.lucernatv.cz\/wp-content\/uploads\/2021\/01\/Stocek-portfolio_Stra\u0301nka_13.jpeg 2000w, https:\/\/www.lucernatv.cz\/wp-content\/uploads\/2021\/01\/Stocek-portfolio_Stra\u0301nka_13-300x212.jpeg 300w, https:\/\/www.lucernatv.cz\/wp-content\/uploads\/2021\/01\/Stocek-portfolio_Stra\u0301nka_13-768x543.jpeg 768w, https:\/\/www.lucernatv.cz\/wp-content\/uploads\/2021\/01\/Stocek-portfolio_Stra\u0301nka_13-1527x1080.jpeg 1527w, https:\/\/www.lucernatv.cz\/wp-content\/uploads\/2021\/01\/Stocek-portfolio_Stra\u0301nka_13-100x71.jpeg 100w, https:\/\/www.lucernatv.cz\/wp-content\/uploads\/2021\/01\/Stocek-portfolio_Stra\u0301nka_13-1200x849.jpeg 1200w\" sizes=\"(max-width: 1920px) 100vw, 1920px\" \/>\n        <\/a>    <\/div>\n<\/div>\n\n<figcaption class=\"vp-portfolio__item-overlay vp-portfolio__item-overlay-text-align-center\">\n    <div class=\"vp-portfolio__item-meta-wrap vp-portfolio__custom-scrollbar\">\n            <a\n        href=\"https:\/\/www.lucernatv.cz\/wp-content\/uploads\/2021\/01\/Stocek-portfolio_Stra\u0301nka_13.jpeg\"\n        tabindex=\"-1\" class=\"vp-portfolio__item-meta\"     >\n    \n        \n<h2 class=\"vp-portfolio__item-meta-title\">\n    Ond\u0159ej Sto\u010dek \u2013 Portfolio 12<\/h2>\n\n        <\/a>    <\/div>\n<\/figcaption>\n            <\/figure>\n                    <\/div>\n        \n        <div        class=\"vp-portfolio__item-wrap vp-portfolio__item-uid-2629553e\" data-vp-filter=\"\"         >\n            <template class=\"vp-portfolio__item-popup\" data-vp-popup-img=\"https:\/\/www.lucernatv.cz\/wp-content\/uploads\/2021\/01\/Stocek-portfolio_Stra\u0301nka_14.jpeg\" data-vp-popup-img-srcset=\"https:\/\/www.lucernatv.cz\/wp-content\/uploads\/2021\/01\/Stocek-portfolio_Stra\u0301nka_14.jpeg 2000w, https:\/\/www.lucernatv.cz\/wp-content\/uploads\/2021\/01\/Stocek-portfolio_Stra\u0301nka_14-300x212.jpeg 300w, https:\/\/www.lucernatv.cz\/wp-content\/uploads\/2021\/01\/Stocek-portfolio_Stra\u0301nka_14-768x543.jpeg 768w, https:\/\/www.lucernatv.cz\/wp-content\/uploads\/2021\/01\/Stocek-portfolio_Stra\u0301nka_14-1527x1080.jpeg 1527w, https:\/\/www.lucernatv.cz\/wp-content\/uploads\/2021\/01\/Stocek-portfolio_Stra\u0301nka_14-100x71.jpeg 100w, https:\/\/www.lucernatv.cz\/wp-content\/uploads\/2021\/01\/Stocek-portfolio_Stra\u0301nka_14-1200x849.jpeg 1200w\" data-vp-popup-img-size=\"1920x1358\" data-vp-popup-md-img=\"https:\/\/www.lucernatv.cz\/wp-content\/uploads\/2021\/01\/Stocek-portfolio_Stra\u0301nka_14.jpeg\" data-vp-popup-md-img-size=\"800x566\" data-vp-popup-sm-img=\"https:\/\/www.lucernatv.cz\/wp-content\/uploads\/2021\/01\/Stocek-portfolio_Stra\u0301nka_14.jpeg\" data-vp-popup-sm-img-size=\"500x354\">\n            <h3 class=\"vp-portfolio__item-popup-title\">Ond\u0159ej Sto\u010dek \u2013 Portfolio 13<\/h3>\n        <\/template>\n                        <figure class=\"vp-portfolio__item\">\n                \n<div class=\"vp-portfolio__item-img-wrap\">\n    <div class=\"vp-portfolio__item-img\">\n            <a\n        href=\"https:\/\/www.lucernatv.cz\/wp-content\/uploads\/2021\/01\/Stocek-portfolio_Stra\u0301nka_14.jpeg\"\n            >\n    \n        <img decoding=\"async\" width=\"1920\" height=\"1358\" src=\"https:\/\/www.lucernatv.cz\/wp-content\/uploads\/2021\/01\/Stocek-portfolio_Stra\u0301nka_14.jpeg\" class=\"wp-image-718\" alt=\"\" srcset=\"https:\/\/www.lucernatv.cz\/wp-content\/uploads\/2021\/01\/Stocek-portfolio_Stra\u0301nka_14.jpeg 2000w, https:\/\/www.lucernatv.cz\/wp-content\/uploads\/2021\/01\/Stocek-portfolio_Stra\u0301nka_14-300x212.jpeg 300w, https:\/\/www.lucernatv.cz\/wp-content\/uploads\/2021\/01\/Stocek-portfolio_Stra\u0301nka_14-768x543.jpeg 768w, https:\/\/www.lucernatv.cz\/wp-content\/uploads\/2021\/01\/Stocek-portfolio_Stra\u0301nka_14-1527x1080.jpeg 1527w, https:\/\/www.lucernatv.cz\/wp-content\/uploads\/2021\/01\/Stocek-portfolio_Stra\u0301nka_14-100x71.jpeg 100w, https:\/\/www.lucernatv.cz\/wp-content\/uploads\/2021\/01\/Stocek-portfolio_Stra\u0301nka_14-1200x849.jpeg 1200w\" sizes=\"(max-width: 1920px) 100vw, 1920px\" \/>\n        <\/a>    <\/div>\n<\/div>\n\n<figcaption class=\"vp-portfolio__item-overlay vp-portfolio__item-overlay-text-align-center\">\n    <div class=\"vp-portfolio__item-meta-wrap vp-portfolio__custom-scrollbar\">\n            <a\n        href=\"https:\/\/www.lucernatv.cz\/wp-content\/uploads\/2021\/01\/Stocek-portfolio_Stra\u0301nka_14.jpeg\"\n        tabindex=\"-1\" class=\"vp-portfolio__item-meta\"     >\n    \n        \n<h2 class=\"vp-portfolio__item-meta-title\">\n    Ond\u0159ej Sto\u010dek \u2013 Portfolio 13<\/h2>\n\n        <\/a>    <\/div>\n<\/figcaption>\n            <\/figure>\n                    <\/div>\n        \n        <div        class=\"vp-portfolio__item-wrap vp-portfolio__item-uid-ccf95d11\" data-vp-filter=\"\"         >\n            <template class=\"vp-portfolio__item-popup\" data-vp-popup-img=\"https:\/\/www.lucernatv.cz\/wp-content\/uploads\/2021\/01\/Stocek-portfolio_Stra\u0301nka_15.jpeg\" data-vp-popup-img-srcset=\"https:\/\/www.lucernatv.cz\/wp-content\/uploads\/2021\/01\/Stocek-portfolio_Stra\u0301nka_15.jpeg 2000w, https:\/\/www.lucernatv.cz\/wp-content\/uploads\/2021\/01\/Stocek-portfolio_Stra\u0301nka_15-300x212.jpeg 300w, https:\/\/www.lucernatv.cz\/wp-content\/uploads\/2021\/01\/Stocek-portfolio_Stra\u0301nka_15-768x543.jpeg 768w, https:\/\/www.lucernatv.cz\/wp-content\/uploads\/2021\/01\/Stocek-portfolio_Stra\u0301nka_15-1527x1080.jpeg 1527w, https:\/\/www.lucernatv.cz\/wp-content\/uploads\/2021\/01\/Stocek-portfolio_Stra\u0301nka_15-100x71.jpeg 100w, https:\/\/www.lucernatv.cz\/wp-content\/uploads\/2021\/01\/Stocek-portfolio_Stra\u0301nka_15-1200x849.jpeg 1200w\" data-vp-popup-img-size=\"1920x1358\" data-vp-popup-md-img=\"https:\/\/www.lucernatv.cz\/wp-content\/uploads\/2021\/01\/Stocek-portfolio_Stra\u0301nka_15.jpeg\" data-vp-popup-md-img-size=\"800x566\" data-vp-popup-sm-img=\"https:\/\/www.lucernatv.cz\/wp-content\/uploads\/2021\/01\/Stocek-portfolio_Stra\u0301nka_15.jpeg\" data-vp-popup-sm-img-size=\"500x354\">\n            <h3 class=\"vp-portfolio__item-popup-title\">Ond\u0159ej Sto\u010dek \u2013 Portfolio 14<\/h3>\n        <\/template>\n                        <figure class=\"vp-portfolio__item\">\n                \n<div class=\"vp-portfolio__item-img-wrap\">\n    <div class=\"vp-portfolio__item-img\">\n            <a\n        href=\"https:\/\/www.lucernatv.cz\/wp-content\/uploads\/2021\/01\/Stocek-portfolio_Stra\u0301nka_15.jpeg\"\n            >\n    \n        <img decoding=\"async\" width=\"1920\" height=\"1358\" src=\"https:\/\/www.lucernatv.cz\/wp-content\/uploads\/2021\/01\/Stocek-portfolio_Stra\u0301nka_15.jpeg\" class=\"wp-image-719\" alt=\"\" srcset=\"https:\/\/www.lucernatv.cz\/wp-content\/uploads\/2021\/01\/Stocek-portfolio_Stra\u0301nka_15.jpeg 2000w, https:\/\/www.lucernatv.cz\/wp-content\/uploads\/2021\/01\/Stocek-portfolio_Stra\u0301nka_15-300x212.jpeg 300w, https:\/\/www.lucernatv.cz\/wp-content\/uploads\/2021\/01\/Stocek-portfolio_Stra\u0301nka_15-768x543.jpeg 768w, https:\/\/www.lucernatv.cz\/wp-content\/uploads\/2021\/01\/Stocek-portfolio_Stra\u0301nka_15-1527x1080.jpeg 1527w, https:\/\/www.lucernatv.cz\/wp-content\/uploads\/2021\/01\/Stocek-portfolio_Stra\u0301nka_15-100x71.jpeg 100w, https:\/\/www.lucernatv.cz\/wp-content\/uploads\/2021\/01\/Stocek-portfolio_Stra\u0301nka_15-1200x849.jpeg 1200w\" sizes=\"(max-width: 1920px) 100vw, 1920px\" \/>\n        <\/a>    <\/div>\n<\/div>\n\n<figcaption class=\"vp-portfolio__item-overlay vp-portfolio__item-overlay-text-align-center\">\n    <div class=\"vp-portfolio__item-meta-wrap vp-portfolio__custom-scrollbar\">\n            <a\n        href=\"https:\/\/www.lucernatv.cz\/wp-content\/uploads\/2021\/01\/Stocek-portfolio_Stra\u0301nka_15.jpeg\"\n        tabindex=\"-1\" class=\"vp-portfolio__item-meta\"     >\n    \n        \n<h2 class=\"vp-portfolio__item-meta-title\">\n    Ond\u0159ej Sto\u010dek \u2013 Portfolio 14<\/h2>\n\n        <\/a>    <\/div>\n<\/figcaption>\n            <\/figure>\n                    <\/div>\n        \n        <div        class=\"vp-portfolio__item-wrap vp-portfolio__item-uid-26b4d113\" data-vp-filter=\"\"         >\n            <template class=\"vp-portfolio__item-popup\" data-vp-popup-img=\"https:\/\/www.lucernatv.cz\/wp-content\/uploads\/2021\/01\/Stocek-portfolio_Stra\u0301nka_16.jpeg\" data-vp-popup-img-srcset=\"https:\/\/www.lucernatv.cz\/wp-content\/uploads\/2021\/01\/Stocek-portfolio_Stra\u0301nka_16.jpeg 2000w, https:\/\/www.lucernatv.cz\/wp-content\/uploads\/2021\/01\/Stocek-portfolio_Stra\u0301nka_16-300x212.jpeg 300w, https:\/\/www.lucernatv.cz\/wp-content\/uploads\/2021\/01\/Stocek-portfolio_Stra\u0301nka_16-768x543.jpeg 768w, https:\/\/www.lucernatv.cz\/wp-content\/uploads\/2021\/01\/Stocek-portfolio_Stra\u0301nka_16-1527x1080.jpeg 1527w, https:\/\/www.lucernatv.cz\/wp-content\/uploads\/2021\/01\/Stocek-portfolio_Stra\u0301nka_16-100x71.jpeg 100w, https:\/\/www.lucernatv.cz\/wp-content\/uploads\/2021\/01\/Stocek-portfolio_Stra\u0301nka_16-1200x849.jpeg 1200w\" data-vp-popup-img-size=\"1920x1358\" data-vp-popup-md-img=\"https:\/\/www.lucernatv.cz\/wp-content\/uploads\/2021\/01\/Stocek-portfolio_Stra\u0301nka_16.jpeg\" data-vp-popup-md-img-size=\"800x566\" data-vp-popup-sm-img=\"https:\/\/www.lucernatv.cz\/wp-content\/uploads\/2021\/01\/Stocek-portfolio_Stra\u0301nka_16.jpeg\" data-vp-popup-sm-img-size=\"500x354\">\n            <h3 class=\"vp-portfolio__item-popup-title\">Ond\u0159ej Sto\u010dek \u2013 Portfolio 15<\/h3>\n        <\/template>\n                        <figure class=\"vp-portfolio__item\">\n                \n<div class=\"vp-portfolio__item-img-wrap\">\n    <div class=\"vp-portfolio__item-img\">\n            <a\n        href=\"https:\/\/www.lucernatv.cz\/wp-content\/uploads\/2021\/01\/Stocek-portfolio_Stra\u0301nka_16.jpeg\"\n            >\n    \n        <img decoding=\"async\" width=\"1920\" height=\"1358\" src=\"https:\/\/www.lucernatv.cz\/wp-content\/uploads\/2021\/01\/Stocek-portfolio_Stra\u0301nka_16.jpeg\" class=\"wp-image-720\" alt=\"\" srcset=\"https:\/\/www.lucernatv.cz\/wp-content\/uploads\/2021\/01\/Stocek-portfolio_Stra\u0301nka_16.jpeg 2000w, https:\/\/www.lucernatv.cz\/wp-content\/uploads\/2021\/01\/Stocek-portfolio_Stra\u0301nka_16-300x212.jpeg 300w, https:\/\/www.lucernatv.cz\/wp-content\/uploads\/2021\/01\/Stocek-portfolio_Stra\u0301nka_16-768x543.jpeg 768w, https:\/\/www.lucernatv.cz\/wp-content\/uploads\/2021\/01\/Stocek-portfolio_Stra\u0301nka_16-1527x1080.jpeg 1527w, https:\/\/www.lucernatv.cz\/wp-content\/uploads\/2021\/01\/Stocek-portfolio_Stra\u0301nka_16-100x71.jpeg 100w, https:\/\/www.lucernatv.cz\/wp-content\/uploads\/2021\/01\/Stocek-portfolio_Stra\u0301nka_16-1200x849.jpeg 1200w\" sizes=\"(max-width: 1920px) 100vw, 1920px\" \/>\n        <\/a>    <\/div>\n<\/div>\n\n<figcaption class=\"vp-portfolio__item-overlay vp-portfolio__item-overlay-text-align-center\">\n    <div class=\"vp-portfolio__item-meta-wrap vp-portfolio__custom-scrollbar\">\n            <a\n        href=\"https:\/\/www.lucernatv.cz\/wp-content\/uploads\/2021\/01\/Stocek-portfolio_Stra\u0301nka_16.jpeg\"\n        tabindex=\"-1\" class=\"vp-portfolio__item-meta\"     >\n    \n        \n<h2 class=\"vp-portfolio__item-meta-title\">\n    Ond\u0159ej Sto\u010dek \u2013 Portfolio 15<\/h2>\n\n        <\/a>    <\/div>\n<\/figcaption>\n            <\/figure>\n                    <\/div>\n        \n        <div        class=\"vp-portfolio__item-wrap vp-portfolio__item-uid-43064e6b\" data-vp-filter=\"\"         >\n            <template class=\"vp-portfolio__item-popup\" data-vp-popup-img=\"https:\/\/www.lucernatv.cz\/wp-content\/uploads\/2021\/01\/Stocek-portfolio_Stra\u0301nka_17.jpeg\" data-vp-popup-img-srcset=\"https:\/\/www.lucernatv.cz\/wp-content\/uploads\/2021\/01\/Stocek-portfolio_Stra\u0301nka_17.jpeg 2000w, https:\/\/www.lucernatv.cz\/wp-content\/uploads\/2021\/01\/Stocek-portfolio_Stra\u0301nka_17-300x212.jpeg 300w, https:\/\/www.lucernatv.cz\/wp-content\/uploads\/2021\/01\/Stocek-portfolio_Stra\u0301nka_17-768x543.jpeg 768w, https:\/\/www.lucernatv.cz\/wp-content\/uploads\/2021\/01\/Stocek-portfolio_Stra\u0301nka_17-1527x1080.jpeg 1527w, https:\/\/www.lucernatv.cz\/wp-content\/uploads\/2021\/01\/Stocek-portfolio_Stra\u0301nka_17-100x71.jpeg 100w, https:\/\/www.lucernatv.cz\/wp-content\/uploads\/2021\/01\/Stocek-portfolio_Stra\u0301nka_17-1200x849.jpeg 1200w\" data-vp-popup-img-size=\"1920x1358\" data-vp-popup-md-img=\"https:\/\/www.lucernatv.cz\/wp-content\/uploads\/2021\/01\/Stocek-portfolio_Stra\u0301nka_17.jpeg\" data-vp-popup-md-img-size=\"800x566\" data-vp-popup-sm-img=\"https:\/\/www.lucernatv.cz\/wp-content\/uploads\/2021\/01\/Stocek-portfolio_Stra\u0301nka_17.jpeg\" data-vp-popup-sm-img-size=\"500x354\">\n            <h3 class=\"vp-portfolio__item-popup-title\">Ond\u0159ej Sto\u010dek \u2013 Portfolio 16<\/h3>\n        <\/template>\n                        <figure class=\"vp-portfolio__item\">\n                \n<div class=\"vp-portfolio__item-img-wrap\">\n    <div class=\"vp-portfolio__item-img\">\n            <a\n        href=\"https:\/\/www.lucernatv.cz\/wp-content\/uploads\/2021\/01\/Stocek-portfolio_Stra\u0301nka_17.jpeg\"\n            >\n    \n        <img decoding=\"async\" width=\"1920\" height=\"1358\" src=\"https:\/\/www.lucernatv.cz\/wp-content\/uploads\/2021\/01\/Stocek-portfolio_Stra\u0301nka_17.jpeg\" class=\"wp-image-721\" alt=\"\" srcset=\"https:\/\/www.lucernatv.cz\/wp-content\/uploads\/2021\/01\/Stocek-portfolio_Stra\u0301nka_17.jpeg 2000w, https:\/\/www.lucernatv.cz\/wp-content\/uploads\/2021\/01\/Stocek-portfolio_Stra\u0301nka_17-300x212.jpeg 300w, https:\/\/www.lucernatv.cz\/wp-content\/uploads\/2021\/01\/Stocek-portfolio_Stra\u0301nka_17-768x543.jpeg 768w, https:\/\/www.lucernatv.cz\/wp-content\/uploads\/2021\/01\/Stocek-portfolio_Stra\u0301nka_17-1527x1080.jpeg 1527w, https:\/\/www.lucernatv.cz\/wp-content\/uploads\/2021\/01\/Stocek-portfolio_Stra\u0301nka_17-100x71.jpeg 100w, https:\/\/www.lucernatv.cz\/wp-content\/uploads\/2021\/01\/Stocek-portfolio_Stra\u0301nka_17-1200x849.jpeg 1200w\" sizes=\"(max-width: 1920px) 100vw, 1920px\" \/>\n        <\/a>    <\/div>\n<\/div>\n\n<figcaption class=\"vp-portfolio__item-overlay vp-portfolio__item-overlay-text-align-center\">\n    <div class=\"vp-portfolio__item-meta-wrap vp-portfolio__custom-scrollbar\">\n            <a\n        href=\"https:\/\/www.lucernatv.cz\/wp-content\/uploads\/2021\/01\/Stocek-portfolio_Stra\u0301nka_17.jpeg\"\n        tabindex=\"-1\" class=\"vp-portfolio__item-meta\"     >\n    \n        \n<h2 class=\"vp-portfolio__item-meta-title\">\n    Ond\u0159ej Sto\u010dek \u2013 Portfolio 16<\/h2>\n\n        <\/a>    <\/div>\n<\/figcaption>\n            <\/figure>\n                    <\/div>\n        \n        <div        class=\"vp-portfolio__item-wrap vp-portfolio__item-uid-62b378b4\" data-vp-filter=\"\"         >\n            <template class=\"vp-portfolio__item-popup\" data-vp-popup-img=\"https:\/\/www.lucernatv.cz\/wp-content\/uploads\/2021\/01\/Stocek-portfolio_Stra\u0301nka_18.jpeg\" data-vp-popup-img-srcset=\"https:\/\/www.lucernatv.cz\/wp-content\/uploads\/2021\/01\/Stocek-portfolio_Stra\u0301nka_18.jpeg 2000w, https:\/\/www.lucernatv.cz\/wp-content\/uploads\/2021\/01\/Stocek-portfolio_Stra\u0301nka_18-300x212.jpeg 300w, https:\/\/www.lucernatv.cz\/wp-content\/uploads\/2021\/01\/Stocek-portfolio_Stra\u0301nka_18-768x543.jpeg 768w, https:\/\/www.lucernatv.cz\/wp-content\/uploads\/2021\/01\/Stocek-portfolio_Stra\u0301nka_18-1527x1080.jpeg 1527w, https:\/\/www.lucernatv.cz\/wp-content\/uploads\/2021\/01\/Stocek-portfolio_Stra\u0301nka_18-100x71.jpeg 100w, https:\/\/www.lucernatv.cz\/wp-content\/uploads\/2021\/01\/Stocek-portfolio_Stra\u0301nka_18-1200x849.jpeg 1200w\" data-vp-popup-img-size=\"1920x1358\" data-vp-popup-md-img=\"https:\/\/www.lucernatv.cz\/wp-content\/uploads\/2021\/01\/Stocek-portfolio_Stra\u0301nka_18.jpeg\" data-vp-popup-md-img-size=\"800x566\" data-vp-popup-sm-img=\"https:\/\/www.lucernatv.cz\/wp-content\/uploads\/2021\/01\/Stocek-portfolio_Stra\u0301nka_18.jpeg\" data-vp-popup-sm-img-size=\"500x354\">\n            <h3 class=\"vp-portfolio__item-popup-title\">Ond\u0159ej Sto\u010dek \u2013 Portfolio 17<\/h3>\n        <\/template>\n                        <figure class=\"vp-portfolio__item\">\n                \n<div class=\"vp-portfolio__item-img-wrap\">\n    <div class=\"vp-portfolio__item-img\">\n            <a\n        href=\"https:\/\/www.lucernatv.cz\/wp-content\/uploads\/2021\/01\/Stocek-portfolio_Stra\u0301nka_18.jpeg\"\n            >\n    \n        <img decoding=\"async\" width=\"1920\" height=\"1358\" src=\"https:\/\/www.lucernatv.cz\/wp-content\/uploads\/2021\/01\/Stocek-portfolio_Stra\u0301nka_18.jpeg\" class=\"wp-image-722\" alt=\"\" srcset=\"https:\/\/www.lucernatv.cz\/wp-content\/uploads\/2021\/01\/Stocek-portfolio_Stra\u0301nka_18.jpeg 2000w, https:\/\/www.lucernatv.cz\/wp-content\/uploads\/2021\/01\/Stocek-portfolio_Stra\u0301nka_18-300x212.jpeg 300w, https:\/\/www.lucernatv.cz\/wp-content\/uploads\/2021\/01\/Stocek-portfolio_Stra\u0301nka_18-768x543.jpeg 768w, https:\/\/www.lucernatv.cz\/wp-content\/uploads\/2021\/01\/Stocek-portfolio_Stra\u0301nka_18-1527x1080.jpeg 1527w, https:\/\/www.lucernatv.cz\/wp-content\/uploads\/2021\/01\/Stocek-portfolio_Stra\u0301nka_18-100x71.jpeg 100w, https:\/\/www.lucernatv.cz\/wp-content\/uploads\/2021\/01\/Stocek-portfolio_Stra\u0301nka_18-1200x849.jpeg 1200w\" sizes=\"(max-width: 1920px) 100vw, 1920px\" \/>\n        <\/a>    <\/div>\n<\/div>\n\n<figcaption class=\"vp-portfolio__item-overlay vp-portfolio__item-overlay-text-align-center\">\n    <div class=\"vp-portfolio__item-meta-wrap vp-portfolio__custom-scrollbar\">\n            <a\n        href=\"https:\/\/www.lucernatv.cz\/wp-content\/uploads\/2021\/01\/Stocek-portfolio_Stra\u0301nka_18.jpeg\"\n        tabindex=\"-1\" class=\"vp-portfolio__item-meta\"     >\n    \n        \n<h2 class=\"vp-portfolio__item-meta-title\">\n    Ond\u0159ej Sto\u010dek \u2013 Portfolio 17<\/h2>\n\n        <\/a>    <\/div>\n<\/figcaption>\n            <\/figure>\n                    <\/div>\n        \n        <div        class=\"vp-portfolio__item-wrap vp-portfolio__item-uid-4dd75874\" data-vp-filter=\"\"         >\n            <template class=\"vp-portfolio__item-popup\" data-vp-popup-img=\"https:\/\/www.lucernatv.cz\/wp-content\/uploads\/2021\/01\/Stocek-portfolio_Stra\u0301nka_19.jpeg\" data-vp-popup-img-srcset=\"https:\/\/www.lucernatv.cz\/wp-content\/uploads\/2021\/01\/Stocek-portfolio_Stra\u0301nka_19.jpeg 2000w, https:\/\/www.lucernatv.cz\/wp-content\/uploads\/2021\/01\/Stocek-portfolio_Stra\u0301nka_19-300x212.jpeg 300w, https:\/\/www.lucernatv.cz\/wp-content\/uploads\/2021\/01\/Stocek-portfolio_Stra\u0301nka_19-768x543.jpeg 768w, https:\/\/www.lucernatv.cz\/wp-content\/uploads\/2021\/01\/Stocek-portfolio_Stra\u0301nka_19-1527x1080.jpeg 1527w, https:\/\/www.lucernatv.cz\/wp-content\/uploads\/2021\/01\/Stocek-portfolio_Stra\u0301nka_19-100x71.jpeg 100w, https:\/\/www.lucernatv.cz\/wp-content\/uploads\/2021\/01\/Stocek-portfolio_Stra\u0301nka_19-1200x849.jpeg 1200w\" data-vp-popup-img-size=\"1920x1358\" data-vp-popup-md-img=\"https:\/\/www.lucernatv.cz\/wp-content\/uploads\/2021\/01\/Stocek-portfolio_Stra\u0301nka_19.jpeg\" data-vp-popup-md-img-size=\"800x566\" data-vp-popup-sm-img=\"https:\/\/www.lucernatv.cz\/wp-content\/uploads\/2021\/01\/Stocek-portfolio_Stra\u0301nka_19.jpeg\" data-vp-popup-sm-img-size=\"500x354\">\n            <h3 class=\"vp-portfolio__item-popup-title\">Ond\u0159ej Sto\u010dek \u2013 Portfolio 18<\/h3>\n        <\/template>\n                        <figure class=\"vp-portfolio__item\">\n                \n<div class=\"vp-portfolio__item-img-wrap\">\n    <div class=\"vp-portfolio__item-img\">\n            <a\n        href=\"https:\/\/www.lucernatv.cz\/wp-content\/uploads\/2021\/01\/Stocek-portfolio_Stra\u0301nka_19.jpeg\"\n            >\n    \n        <img decoding=\"async\" width=\"1920\" height=\"1358\" src=\"https:\/\/www.lucernatv.cz\/wp-content\/uploads\/2021\/01\/Stocek-portfolio_Stra\u0301nka_19.jpeg\" class=\"wp-image-723\" alt=\"\" srcset=\"https:\/\/www.lucernatv.cz\/wp-content\/uploads\/2021\/01\/Stocek-portfolio_Stra\u0301nka_19.jpeg 2000w, https:\/\/www.lucernatv.cz\/wp-content\/uploads\/2021\/01\/Stocek-portfolio_Stra\u0301nka_19-300x212.jpeg 300w, https:\/\/www.lucernatv.cz\/wp-content\/uploads\/2021\/01\/Stocek-portfolio_Stra\u0301nka_19-768x543.jpeg 768w, https:\/\/www.lucernatv.cz\/wp-content\/uploads\/2021\/01\/Stocek-portfolio_Stra\u0301nka_19-1527x1080.jpeg 1527w, https:\/\/www.lucernatv.cz\/wp-content\/uploads\/2021\/01\/Stocek-portfolio_Stra\u0301nka_19-100x71.jpeg 100w, https:\/\/www.lucernatv.cz\/wp-content\/uploads\/2021\/01\/Stocek-portfolio_Stra\u0301nka_19-1200x849.jpeg 1200w\" sizes=\"(max-width: 1920px) 100vw, 1920px\" \/>\n        <\/a>    <\/div>\n<\/div>\n\n<figcaption class=\"vp-portfolio__item-overlay vp-portfolio__item-overlay-text-align-center\">\n    <div class=\"vp-portfolio__item-meta-wrap vp-portfolio__custom-scrollbar\">\n            <a\n        href=\"https:\/\/www.lucernatv.cz\/wp-content\/uploads\/2021\/01\/Stocek-portfolio_Stra\u0301nka_19.jpeg\"\n        tabindex=\"-1\" class=\"vp-portfolio__item-meta\"     >\n    \n        \n<h2 class=\"vp-portfolio__item-meta-title\">\n    Ond\u0159ej Sto\u010dek \u2013 Portfolio 18<\/h2>\n\n        <\/a>    <\/div>\n<\/figcaption>\n            <\/figure>\n                    <\/div>\n        \n<\/div>\n        <\/div>\n        \n<\/div>\n<\/div>\n\n\n<h5 class=\"wp-block-heading\">Ond\u0159ej Sto\u010dek o\u010dima Martina Mikol\u00e1\u0161ka<\/h5>\n\n\n\n<p>Keramika je mo\u017en\u00e1 to v\u016fbec nejstar\u0161\u00ed \u0159emeslo. Dnes, kdy\u017e je sv\u011bt \u201eposti\u017een\u201c \u0161tvavou touhou po novot\u00e1ch a ze v\u0161ech stran n\u00e1s obklopuj\u00ed a obaluj\u00ed plasty usnad\u0148uj\u00edc\u00ed rychlou a levnou produkci \u010dehokoli se zd\u00e1, jako by keramika ztr\u00e1cela sv\u00e9 opodstatn\u011bn\u00ed. \u010c\u00edm v\u00edc se ale \u0159ada lidsk\u00fdch aktivit p\u0159esouv\u00e1 do virtu\u00e1ln\u00edho prostoru, t\u00edm nal\u00e9hav\u011bji se za\u010d\u00ednaj\u00ed p\u0159edev\u0161\u00edm u nejmlad\u0161\u00edch tv\u016frc\u016f projevovat tendence k&nbsp;udr\u017een\u00ed materiality na\u0161eho&nbsp;sv\u011bta.<\/p>\n\n\n\n<p>Pr\u00e1v\u011b zde pak, mysl\u00edm si, vstupuje op\u011bt se v\u0161\u00ed v\u00e1\u017enost\u00ed do hry keramika a keramick\u00fd design, v&nbsp;n\u011bm\u017e d\u016fraz na materi\u00e1l konkretizovan\u00fd pr\u00e1v\u011b v&nbsp;keramick\u00e9 hl\u00edn\u011b a jej\u00ed zpracov\u00e1n\u00ed s&nbsp;d\u016frazem na estetick\u00e9 hodnoty i u\u017eitnost dok\u00e1\u017ee propojit to v\u016fbec nejstar\u0161\u00ed z&nbsp;\u0159emesel s&nbsp;t\u00edm, co je dnes typickou sou\u010d\u00e1st\u00ed designersk\u00e9 pr\u00e1ce, tj. s&nbsp;virtu\u00e1ln\u00edm navrhov\u00e1n\u00edm a modelov\u00e1n\u00edm nebo i realizac\u00ed pomoc\u00ed 3D tisku. Ond\u0159ej sto\u010dek je v&nbsp;tomto smyslu typick\u00fdm p\u0159edstavitelem t\u011bchto tendenc\u00ed. Ve sv\u00e9m portfoliu se zmi\u0148uje o tom, \u017ee m\u00e1 r\u00e1d pr\u00e1ci s&nbsp;keramickou hmotou, proto\u017ee ta mu umo\u017e\u0148uje \u00fapln\u011b v\u0161e, co ho jen v&nbsp;jeho tv\u016fr\u010d\u00edch my\u0161lenk\u00e1ch napad\u00e1. Jde jen o to, spr\u00e1vn\u011b to technicky a technologicky uchopit. P\u0159idru\u017e\u00ed-li se k&nbsp;tomu i Ond\u0159ej\u016fv z\u00e1jem o sou\u010dasn\u00e9 technologie, kter\u00e9 dok\u00e1\u017ee skv\u011bl\u00fdm zp\u016fsobem vyu\u017e\u00edvat p\u0159i sv\u00e9 pr\u00e1ci, v\u011b\u0159\u00edm, \u017ee se nad keramikou zdaleka je\u0161t\u011b nezav\u00edr\u00e1 voda.<\/p>\n","protected":false},"excerpt":{"rendered":"<p>Ond\u0159ej Sto\u010dek o\u010dima Martina Mikol\u00e1\u0161ka Keramika je mo\u017en\u00e1 to v\u016fbec nejstar\u0161\u00ed \u0159emeslo. Dnes, kdy\u017e je sv\u011bt \u201eposti\u017een\u201c \u0161tvavou touhou po novot\u00e1ch a ze v\u0161ech stran n\u00e1s obklopuj\u00ed a obaluj\u00ed plasty usnad\u0148uj\u00edc\u00ed rychlou a levnou produkci \u010dehokoli se zd\u00e1, jako by keramika ztr\u00e1cela sv\u00e9 opodstatn\u011bn\u00ed. \u010c\u00edm v\u00edc se ale \u0159ada lidsk\u00fdch aktivit p\u0159esouv\u00e1 do virtu\u00e1ln\u00edho prostoru,&hellip;&nbsp;<a href=\"https:\/\/www.lucernatv.cz\/index.php\/2021\/02\/11\/30-let-sus-ondrej-stocek\/\" class=\"\" rel=\"bookmark\">\u010c\u00edst d\u00e1le &raquo;<span class=\"screen-reader-text\">30 let SU\u0160 \u2013 Ond\u0159ej Sto\u010dek<\/span><\/a><\/p>\n","protected":false},"author":1,"featured_media":705,"comment_status":"closed","ping_status":"open","sticky":false,"template":"","format":"standard","meta":{"inline_featured_image":false,"_uag_custom_page_level_css":"","neve_meta_sidebar":"","neve_meta_container":"","neve_meta_enable_content_width":"","neve_meta_content_width":0,"neve_meta_title_alignment":"","neve_meta_author_avatar":"","neve_post_elements_order":"","neve_meta_disable_header":"","neve_meta_disable_footer":"","neve_meta_disable_title":"","_vp_format_video_url":"","_vp_image_focal_point":[]},"categories":[3,12],"tags":[31,26],"yoast_head":"<!-- This site is optimized with the Yoast SEO plugin v20.12 - https:\/\/yoast.com\/wordpress\/plugins\/seo\/ -->\n<title>30 let SU\u0160 \u2013 Ond\u0159ej Sto\u010dek - lucernatv.cz<\/title>\n<meta name=\"robots\" content=\"index, follow, max-snippet:-1, max-image-preview:large, max-video-preview:-1\" \/>\n<link rel=\"canonical\" href=\"https:\/\/www.lucernatv.cz\/index.php\/2021\/02\/11\/30-let-sus-ondrej-stocek\/\" \/>\n<meta property=\"og:locale\" content=\"cs_CZ\" \/>\n<meta property=\"og:type\" content=\"article\" \/>\n<meta property=\"og:title\" content=\"30 let SU\u0160 \u2013 Ond\u0159ej Sto\u010dek - lucernatv.cz\" \/>\n<meta property=\"og:description\" content=\"Ond\u0159ej Sto\u010dek o\u010dima Martina Mikol\u00e1\u0161ka Keramika je mo\u017en\u00e1 to v\u016fbec nejstar\u0161\u00ed \u0159emeslo. Dnes, kdy\u017e je sv\u011bt \u201eposti\u017een\u201c \u0161tvavou touhou po novot\u00e1ch a ze v\u0161ech stran n\u00e1s obklopuj\u00ed a obaluj\u00ed plasty usnad\u0148uj\u00edc\u00ed rychlou a levnou produkci \u010dehokoli se zd\u00e1, jako by keramika ztr\u00e1cela sv\u00e9 opodstatn\u011bn\u00ed. \u010c\u00edm v\u00edc se ale \u0159ada lidsk\u00fdch aktivit p\u0159esouv\u00e1 do virtu\u00e1ln\u00edho prostoru,&hellip;&nbsp;\u010c\u00edst d\u00e1le &raquo;30 let SU\u0160 \u2013 Ond\u0159ej Sto\u010dek\" \/>\n<meta property=\"og:url\" content=\"https:\/\/www.lucernatv.cz\/index.php\/2021\/02\/11\/30-let-sus-ondrej-stocek\/\" \/>\n<meta property=\"og:site_name\" content=\"lucernatv.cz\" \/>\n<meta property=\"article:publisher\" content=\"https:\/\/www.facebook.com\/avtopava\" \/>\n<meta property=\"article:published_time\" content=\"2021-02-11T13:06:29+00:00\" \/>\n<meta property=\"article:modified_time\" content=\"2021-02-21T22:35:53+00:00\" \/>\n<meta property=\"og:image\" content=\"https:\/\/www.lucernatv.cz\/wp-content\/uploads\/2021\/01\/Stocek-portfolio_Stra\u0301nka_01.jpeg\" \/>\n\t<meta property=\"og:image:width\" content=\"2000\" \/>\n\t<meta property=\"og:image:height\" content=\"1415\" \/>\n\t<meta property=\"og:image:type\" content=\"image\/jpeg\" \/>\n<meta name=\"author\" content=\"lucernatvc\" \/>\n<meta name=\"twitter:card\" content=\"summary_large_image\" \/>\n<meta name=\"twitter:label1\" content=\"Napsal(a)\" \/>\n\t<meta name=\"twitter:data1\" content=\"lucernatvc\" \/>\n\t<meta name=\"twitter:label2\" content=\"Odhadovan\u00e1 doba \u010dten\u00ed\" \/>\n\t<meta name=\"twitter:data2\" content=\"2 minuty\" \/>\n<script type=\"application\/ld+json\" class=\"yoast-schema-graph\">{\"@context\":\"https:\/\/schema.org\",\"@graph\":[{\"@type\":\"Article\",\"@id\":\"https:\/\/www.lucernatv.cz\/index.php\/2021\/02\/11\/30-let-sus-ondrej-stocek\/#article\",\"isPartOf\":{\"@id\":\"https:\/\/www.lucernatv.cz\/index.php\/2021\/02\/11\/30-let-sus-ondrej-stocek\/\"},\"author\":{\"name\":\"lucernatvc\",\"@id\":\"https:\/\/www.lucernatv.cz\/#\/schema\/person\/fdc6b3778fe63c82ba7479978ad159ad\"},\"headline\":\"30 let SU\u0160 \u2013 Ond\u0159ej Sto\u010dek\",\"datePublished\":\"2021-02-11T13:06:29+00:00\",\"dateModified\":\"2021-02-21T22:35:53+00:00\",\"mainEntityOfPage\":{\"@id\":\"https:\/\/www.lucernatv.cz\/index.php\/2021\/02\/11\/30-let-sus-ondrej-stocek\/\"},\"wordCount\":314,\"publisher\":{\"@id\":\"https:\/\/www.lucernatv.cz\/#organization\"},\"keywords\":[\"30 let SU\u0160 Ostrava\",\"galerie\"],\"articleSection\":[\"Kultura\",\"v\u00fdtvarn\u00e9 um\u011bn\u00ed, architektura a ve\u0159ejn\u00fd prostor\"],\"inLanguage\":\"cs\"},{\"@type\":\"WebPage\",\"@id\":\"https:\/\/www.lucernatv.cz\/index.php\/2021\/02\/11\/30-let-sus-ondrej-stocek\/\",\"url\":\"https:\/\/www.lucernatv.cz\/index.php\/2021\/02\/11\/30-let-sus-ondrej-stocek\/\",\"name\":\"30 let SU\u0160 \u2013 Ond\u0159ej Sto\u010dek - lucernatv.cz\",\"isPartOf\":{\"@id\":\"https:\/\/www.lucernatv.cz\/#website\"},\"datePublished\":\"2021-02-11T13:06:29+00:00\",\"dateModified\":\"2021-02-21T22:35:53+00:00\",\"breadcrumb\":{\"@id\":\"https:\/\/www.lucernatv.cz\/index.php\/2021\/02\/11\/30-let-sus-ondrej-stocek\/#breadcrumb\"},\"inLanguage\":\"cs\",\"potentialAction\":[{\"@type\":\"ReadAction\",\"target\":[\"https:\/\/www.lucernatv.cz\/index.php\/2021\/02\/11\/30-let-sus-ondrej-stocek\/\"]}]},{\"@type\":\"BreadcrumbList\",\"@id\":\"https:\/\/www.lucernatv.cz\/index.php\/2021\/02\/11\/30-let-sus-ondrej-stocek\/#breadcrumb\",\"itemListElement\":[{\"@type\":\"ListItem\",\"position\":1,\"name\":\"Dom\u016f\",\"item\":\"https:\/\/www.lucernatv.cz\/\"},{\"@type\":\"ListItem\",\"position\":2,\"name\":\"30 let SU\u0160 \u2013 Ond\u0159ej Sto\u010dek\"}]},{\"@type\":\"WebSite\",\"@id\":\"https:\/\/www.lucernatv.cz\/#website\",\"url\":\"https:\/\/www.lucernatv.cz\/\",\"name\":\"lucernatv.cz\",\"description\":\"Vzd\u011bl\u00e1vac\u00ed televize\",\"publisher\":{\"@id\":\"https:\/\/www.lucernatv.cz\/#organization\"},\"alternateName\":\"Lucerna TV\",\"potentialAction\":[{\"@type\":\"SearchAction\",\"target\":{\"@type\":\"EntryPoint\",\"urlTemplate\":\"https:\/\/www.lucernatv.cz\/?s={search_term_string}\"},\"query-input\":\"required name=search_term_string\"}],\"inLanguage\":\"cs\"},{\"@type\":\"Organization\",\"@id\":\"https:\/\/www.lucernatv.cz\/#organization\",\"name\":\"Lucerna TV\",\"url\":\"https:\/\/www.lucernatv.cz\/\",\"logo\":{\"@type\":\"ImageObject\",\"inLanguage\":\"cs\",\"@id\":\"https:\/\/www.lucernatv.cz\/#\/schema\/logo\/image\/\",\"url\":\"https:\/\/www.lucernatv.cz\/wp-content\/uploads\/2021\/02\/logo.svg\",\"contentUrl\":\"https:\/\/www.lucernatv.cz\/wp-content\/uploads\/2021\/02\/logo.svg\",\"width\":128,\"height\":41,\"caption\":\"Lucerna TV\"},\"image\":{\"@id\":\"https:\/\/www.lucernatv.cz\/#\/schema\/logo\/image\/\"},\"sameAs\":[\"https:\/\/www.facebook.com\/avtopava\",\"https:\/\/www.youtube.com\/channel\/UCtP8PPWG9JatWSMsKMOvdDg\"]},{\"@type\":\"Person\",\"@id\":\"https:\/\/www.lucernatv.cz\/#\/schema\/person\/fdc6b3778fe63c82ba7479978ad159ad\",\"name\":\"lucernatvc\",\"image\":{\"@type\":\"ImageObject\",\"inLanguage\":\"cs\",\"@id\":\"https:\/\/www.lucernatv.cz\/#\/schema\/person\/image\/\",\"url\":\"https:\/\/secure.gravatar.com\/avatar\/5b7905a95103f5227c1afd8b2a10f058?s=96&d=mm&r=g\",\"contentUrl\":\"https:\/\/secure.gravatar.com\/avatar\/5b7905a95103f5227c1afd8b2a10f058?s=96&d=mm&r=g\",\"caption\":\"lucernatvc\"},\"url\":\"https:\/\/www.lucernatv.cz\/index.php\/author\/lucernatvc\/\"}]}<\/script>\n<!-- \/ Yoast SEO plugin. -->","yoast_head_json":{"title":"30 let SU\u0160 \u2013 Ond\u0159ej Sto\u010dek - lucernatv.cz","robots":{"index":"index","follow":"follow","max-snippet":"max-snippet:-1","max-image-preview":"max-image-preview:large","max-video-preview":"max-video-preview:-1"},"canonical":"https:\/\/www.lucernatv.cz\/index.php\/2021\/02\/11\/30-let-sus-ondrej-stocek\/","og_locale":"cs_CZ","og_type":"article","og_title":"30 let SU\u0160 \u2013 Ond\u0159ej Sto\u010dek - lucernatv.cz","og_description":"Ond\u0159ej Sto\u010dek o\u010dima Martina Mikol\u00e1\u0161ka Keramika je mo\u017en\u00e1 to v\u016fbec nejstar\u0161\u00ed \u0159emeslo. Dnes, kdy\u017e je sv\u011bt \u201eposti\u017een\u201c \u0161tvavou touhou po novot\u00e1ch a ze v\u0161ech stran n\u00e1s obklopuj\u00ed a obaluj\u00ed plasty usnad\u0148uj\u00edc\u00ed rychlou a levnou produkci \u010dehokoli se zd\u00e1, jako by keramika ztr\u00e1cela sv\u00e9 opodstatn\u011bn\u00ed. \u010c\u00edm v\u00edc se ale \u0159ada lidsk\u00fdch aktivit p\u0159esouv\u00e1 do virtu\u00e1ln\u00edho prostoru,&hellip;&nbsp;\u010c\u00edst d\u00e1le &raquo;30 let SU\u0160 \u2013 Ond\u0159ej Sto\u010dek","og_url":"https:\/\/www.lucernatv.cz\/index.php\/2021\/02\/11\/30-let-sus-ondrej-stocek\/","og_site_name":"lucernatv.cz","article_publisher":"https:\/\/www.facebook.com\/avtopava","article_published_time":"2021-02-11T13:06:29+00:00","article_modified_time":"2021-02-21T22:35:53+00:00","og_image":[{"width":2000,"height":1415,"url":"https:\/\/www.lucernatv.cz\/wp-content\/uploads\/2021\/01\/Stocek-portfolio_Stra\u0301nka_01.jpeg","type":"image\/jpeg"}],"author":"lucernatvc","twitter_card":"summary_large_image","twitter_misc":{"Napsal(a)":"lucernatvc","Odhadovan\u00e1 doba \u010dten\u00ed":"2 minuty"},"schema":{"@context":"https:\/\/schema.org","@graph":[{"@type":"Article","@id":"https:\/\/www.lucernatv.cz\/index.php\/2021\/02\/11\/30-let-sus-ondrej-stocek\/#article","isPartOf":{"@id":"https:\/\/www.lucernatv.cz\/index.php\/2021\/02\/11\/30-let-sus-ondrej-stocek\/"},"author":{"name":"lucernatvc","@id":"https:\/\/www.lucernatv.cz\/#\/schema\/person\/fdc6b3778fe63c82ba7479978ad159ad"},"headline":"30 let SU\u0160 \u2013 Ond\u0159ej Sto\u010dek","datePublished":"2021-02-11T13:06:29+00:00","dateModified":"2021-02-21T22:35:53+00:00","mainEntityOfPage":{"@id":"https:\/\/www.lucernatv.cz\/index.php\/2021\/02\/11\/30-let-sus-ondrej-stocek\/"},"wordCount":314,"publisher":{"@id":"https:\/\/www.lucernatv.cz\/#organization"},"keywords":["30 let SU\u0160 Ostrava","galerie"],"articleSection":["Kultura","v\u00fdtvarn\u00e9 um\u011bn\u00ed, architektura a ve\u0159ejn\u00fd prostor"],"inLanguage":"cs"},{"@type":"WebPage","@id":"https:\/\/www.lucernatv.cz\/index.php\/2021\/02\/11\/30-let-sus-ondrej-stocek\/","url":"https:\/\/www.lucernatv.cz\/index.php\/2021\/02\/11\/30-let-sus-ondrej-stocek\/","name":"30 let SU\u0160 \u2013 Ond\u0159ej Sto\u010dek - lucernatv.cz","isPartOf":{"@id":"https:\/\/www.lucernatv.cz\/#website"},"datePublished":"2021-02-11T13:06:29+00:00","dateModified":"2021-02-21T22:35:53+00:00","breadcrumb":{"@id":"https:\/\/www.lucernatv.cz\/index.php\/2021\/02\/11\/30-let-sus-ondrej-stocek\/#breadcrumb"},"inLanguage":"cs","potentialAction":[{"@type":"ReadAction","target":["https:\/\/www.lucernatv.cz\/index.php\/2021\/02\/11\/30-let-sus-ondrej-stocek\/"]}]},{"@type":"BreadcrumbList","@id":"https:\/\/www.lucernatv.cz\/index.php\/2021\/02\/11\/30-let-sus-ondrej-stocek\/#breadcrumb","itemListElement":[{"@type":"ListItem","position":1,"name":"Dom\u016f","item":"https:\/\/www.lucernatv.cz\/"},{"@type":"ListItem","position":2,"name":"30 let SU\u0160 \u2013 Ond\u0159ej Sto\u010dek"}]},{"@type":"WebSite","@id":"https:\/\/www.lucernatv.cz\/#website","url":"https:\/\/www.lucernatv.cz\/","name":"lucernatv.cz","description":"Vzd\u011bl\u00e1vac\u00ed televize","publisher":{"@id":"https:\/\/www.lucernatv.cz\/#organization"},"alternateName":"Lucerna TV","potentialAction":[{"@type":"SearchAction","target":{"@type":"EntryPoint","urlTemplate":"https:\/\/www.lucernatv.cz\/?s={search_term_string}"},"query-input":"required name=search_term_string"}],"inLanguage":"cs"},{"@type":"Organization","@id":"https:\/\/www.lucernatv.cz\/#organization","name":"Lucerna TV","url":"https:\/\/www.lucernatv.cz\/","logo":{"@type":"ImageObject","inLanguage":"cs","@id":"https:\/\/www.lucernatv.cz\/#\/schema\/logo\/image\/","url":"https:\/\/www.lucernatv.cz\/wp-content\/uploads\/2021\/02\/logo.svg","contentUrl":"https:\/\/www.lucernatv.cz\/wp-content\/uploads\/2021\/02\/logo.svg","width":128,"height":41,"caption":"Lucerna TV"},"image":{"@id":"https:\/\/www.lucernatv.cz\/#\/schema\/logo\/image\/"},"sameAs":["https:\/\/www.facebook.com\/avtopava","https:\/\/www.youtube.com\/channel\/UCtP8PPWG9JatWSMsKMOvdDg"]},{"@type":"Person","@id":"https:\/\/www.lucernatv.cz\/#\/schema\/person\/fdc6b3778fe63c82ba7479978ad159ad","name":"lucernatvc","image":{"@type":"ImageObject","inLanguage":"cs","@id":"https:\/\/www.lucernatv.cz\/#\/schema\/person\/image\/","url":"https:\/\/secure.gravatar.com\/avatar\/5b7905a95103f5227c1afd8b2a10f058?s=96&d=mm&r=g","contentUrl":"https:\/\/secure.gravatar.com\/avatar\/5b7905a95103f5227c1afd8b2a10f058?s=96&d=mm&r=g","caption":"lucernatvc"},"url":"https:\/\/www.lucernatv.cz\/index.php\/author\/lucernatvc\/"}]}},"uagb_featured_image_src":{"full":["https:\/\/www.lucernatv.cz\/wp-content\/uploads\/2021\/01\/Stocek-portfolio_Stra\u0301nka_01.jpeg",2000,1415,false],"thumbnail":["https:\/\/www.lucernatv.cz\/wp-content\/uploads\/2021\/01\/Stocek-portfolio_Stra\u0301nka_01-150x150.jpeg",150,150,true],"medium":["https:\/\/www.lucernatv.cz\/wp-content\/uploads\/2021\/01\/Stocek-portfolio_Stra\u0301nka_01-300x212.jpeg",255,180,true],"medium_large":["https:\/\/www.lucernatv.cz\/wp-content\/uploads\/2021\/01\/Stocek-portfolio_Stra\u0301nka_01-768x543.jpeg",768,543,true],"large":["https:\/\/www.lucernatv.cz\/wp-content\/uploads\/2021\/01\/Stocek-portfolio_Stra\u0301nka_01-1527x1080.jpeg",1200,849,true],"1536x1536":["https:\/\/www.lucernatv.cz\/wp-content\/uploads\/2021\/01\/Stocek-portfolio_Stra\u0301nka_01.jpeg",1536,1087,false],"2048x2048":["https:\/\/www.lucernatv.cz\/wp-content\/uploads\/2021\/01\/Stocek-portfolio_Stra\u0301nka_01.jpeg",2000,1415,false],"ultp_layout_landscape_large":["https:\/\/www.lucernatv.cz\/wp-content\/uploads\/2021\/01\/Stocek-portfolio_Stra\u0301nka_01.jpeg",1131,800,false],"ultp_layout_landscape":["https:\/\/www.lucernatv.cz\/wp-content\/uploads\/2021\/01\/Stocek-portfolio_Stra\u0301nka_01.jpeg",806,570,false],"ultp_layout_portrait":["https:\/\/www.lucernatv.cz\/wp-content\/uploads\/2021\/01\/Stocek-portfolio_Stra\u0301nka_01.jpeg",600,425,false],"ultp_layout_square":["https:\/\/www.lucernatv.cz\/wp-content\/uploads\/2021\/01\/Stocek-portfolio_Stra\u0301nka_01.jpeg",600,425,false],"vp_sm":["https:\/\/www.lucernatv.cz\/wp-content\/uploads\/2021\/01\/Stocek-portfolio_Stra\u0301nka_01.jpeg",500,354,false],"vp_md":["https:\/\/www.lucernatv.cz\/wp-content\/uploads\/2021\/01\/Stocek-portfolio_Stra\u0301nka_01.jpeg",800,566,false],"vp_lg":["https:\/\/www.lucernatv.cz\/wp-content\/uploads\/2021\/01\/Stocek-portfolio_Stra\u0301nka_01.jpeg",1280,906,false],"vp_xl":["https:\/\/www.lucernatv.cz\/wp-content\/uploads\/2021\/01\/Stocek-portfolio_Stra\u0301nka_01.jpeg",1920,1358,false],"vp_sm_popup":["https:\/\/www.lucernatv.cz\/wp-content\/uploads\/2021\/01\/Stocek-portfolio_Stra\u0301nka_01.jpeg",500,354,false],"vp_md_popup":["https:\/\/www.lucernatv.cz\/wp-content\/uploads\/2021\/01\/Stocek-portfolio_Stra\u0301nka_01.jpeg",800,566,false],"vp_xl_popup":["https:\/\/www.lucernatv.cz\/wp-content\/uploads\/2021\/01\/Stocek-portfolio_Stra\u0301nka_01.jpeg",1920,1358,false],"neve-blog":["https:\/\/www.lucernatv.cz\/wp-content\/uploads\/2021\/01\/Stocek-portfolio_Stra\u0301nka_01.jpeg",876,620,false]},"uagb_author_info":{"display_name":"lucernatvc","author_link":"https:\/\/www.lucernatv.cz\/index.php\/author\/lucernatvc\/"},"uagb_comment_info":0,"uagb_excerpt":"Ond\u0159ej Sto\u010dek o\u010dima Martina Mikol\u00e1\u0161ka Keramika je mo\u017en\u00e1 to v\u016fbec nejstar\u0161\u00ed \u0159emeslo. Dnes, kdy\u017e je sv\u011bt \u201eposti\u017een\u201c \u0161tvavou touhou po novot\u00e1ch a ze v\u0161ech stran n\u00e1s obklopuj\u00ed a obaluj\u00ed plasty usnad\u0148uj\u00edc\u00ed rychlou a levnou produkci \u010dehokoli se zd\u00e1, jako by keramika ztr\u00e1cela sv\u00e9 opodstatn\u011bn\u00ed. \u010c\u00edm v\u00edc se ale \u0159ada lidsk\u00fdch aktivit p\u0159esouv\u00e1 do virtu\u00e1ln\u00edho prostoru,&hellip;&nbsp;\u010c\u00edst&hellip;","_links":{"self":[{"href":"https:\/\/www.lucernatv.cz\/index.php\/wp-json\/wp\/v2\/posts\/947"}],"collection":[{"href":"https:\/\/www.lucernatv.cz\/index.php\/wp-json\/wp\/v2\/posts"}],"about":[{"href":"https:\/\/www.lucernatv.cz\/index.php\/wp-json\/wp\/v2\/types\/post"}],"author":[{"embeddable":true,"href":"https:\/\/www.lucernatv.cz\/index.php\/wp-json\/wp\/v2\/users\/1"}],"replies":[{"embeddable":true,"href":"https:\/\/www.lucernatv.cz\/index.php\/wp-json\/wp\/v2\/comments?post=947"}],"version-history":[{"count":4,"href":"https:\/\/www.lucernatv.cz\/index.php\/wp-json\/wp\/v2\/posts\/947\/revisions"}],"predecessor-version":[{"id":2700,"href":"https:\/\/www.lucernatv.cz\/index.php\/wp-json\/wp\/v2\/posts\/947\/revisions\/2700"}],"wp:featuredmedia":[{"embeddable":true,"href":"https:\/\/www.lucernatv.cz\/index.php\/wp-json\/wp\/v2\/media\/705"}],"wp:attachment":[{"href":"https:\/\/www.lucernatv.cz\/index.php\/wp-json\/wp\/v2\/media?parent=947"}],"wp:term":[{"taxonomy":"category","embeddable":true,"href":"https:\/\/www.lucernatv.cz\/index.php\/wp-json\/wp\/v2\/categories?post=947"},{"taxonomy":"post_tag","embeddable":true,"href":"https:\/\/www.lucernatv.cz\/index.php\/wp-json\/wp\/v2\/tags?post=947"}],"curies":[{"name":"wp","href":"https:\/\/api.w.org\/{rel}","templated":true}]}}