{"id":945,"date":"2021-02-11T13:02:05","date_gmt":"2021-02-11T13:02:05","guid":{"rendered":"https:\/\/www.lucernatv.cz\/?p=945"},"modified":"2021-02-13T12:53:18","modified_gmt":"2021-02-13T12:53:18","slug":"30-let-sus-natalie-smatlanova","status":"publish","type":"post","link":"https:\/\/www.lucernatv.cz\/index.php\/2021\/02\/11\/30-let-sus-natalie-smatlanova\/","title":{"rendered":"30 let SU\u0160 \u2013 Nat\u00e1lie \u0160matl\u00e1\u0148ov\u00e1"},"content":{"rendered":"<div class=\"wp-block-visual-portfolio\">\n<div class=\"vp-portfolio vp-uid-8d68553e vp-id-1Pt7Rf\"\n    data-vp-layout=\"masonry\" data-vp-content-source=\"images\" data-vp-items-style=\"fly\" data-vp-items-click-action=\"popup_gallery\" data-vp-items-gap=\"15\" data-vp-items-gap-vertical=\"\" data-vp-pagination=\"load-more\" data-vp-next-page-url=\"\" data-vp-masonry-columns=\"3\" >\n    <div class=\"vp-portfolio__preloader-wrap\">\n        <div class=\"vp-portfolio__preloader\">\n            <img decoding=\"async\" loading=\"eager\" src=\"https:\/\/www.lucernatv.cz\/wp-content\/plugins\/visual-portfolio\/assets\/images\/logo-dark.svg\" alt=\"Visual Portfolio, Posts &amp; Image Gallery for WordPress\" width=\"20\" height=\"20\" data-skip-lazy>\n        <\/div>\n    <\/div>\n        <div class=\"vp-portfolio__items-wrap\">\n            \n<div class=\"vp-portfolio__items vp-portfolio__items-style-fly vp-portfolio__items-show-overlay-hover\">\n\n        <div        class=\"vp-portfolio__item-wrap vp-portfolio__item-uid-3aa01dcb\" data-vp-filter=\"\"         >\n            <template class=\"vp-portfolio__item-popup\" data-vp-popup-img=\"https:\/\/www.lucernatv.cz\/wp-content\/uploads\/2021\/01\/Smatlanova-portfolio_Stra\u0301nka_01.jpeg\" data-vp-popup-img-srcset=\"https:\/\/www.lucernatv.cz\/wp-content\/uploads\/2021\/01\/Smatlanova-portfolio_Stra\u0301nka_01.jpeg 2000w, https:\/\/www.lucernatv.cz\/wp-content\/uploads\/2021\/01\/Smatlanova-portfolio_Stra\u0301nka_01-212x300.jpeg 212w, https:\/\/www.lucernatv.cz\/wp-content\/uploads\/2021\/01\/Smatlanova-portfolio_Stra\u0301nka_01-768x1086.jpeg 768w, https:\/\/www.lucernatv.cz\/wp-content\/uploads\/2021\/01\/Smatlanova-portfolio_Stra\u0301nka_01-764x1080.jpeg 764w, https:\/\/www.lucernatv.cz\/wp-content\/uploads\/2021\/01\/Smatlanova-portfolio_Stra\u0301nka_01-100x141.jpeg 100w, https:\/\/www.lucernatv.cz\/wp-content\/uploads\/2021\/01\/Smatlanova-portfolio_Stra\u0301nka_01-1200x1697.jpeg 1200w\" data-vp-popup-img-size=\"1920x2715\" data-vp-popup-md-img=\"https:\/\/www.lucernatv.cz\/wp-content\/uploads\/2021\/01\/Smatlanova-portfolio_Stra\u0301nka_01.jpeg\" data-vp-popup-md-img-size=\"800x1131\" data-vp-popup-sm-img=\"https:\/\/www.lucernatv.cz\/wp-content\/uploads\/2021\/01\/Smatlanova-portfolio_Stra\u0301nka_01.jpeg\" data-vp-popup-sm-img-size=\"500x707\">\n            <h3 class=\"vp-portfolio__item-popup-title\">Nat\u00e1lie \u0160matl\u00e1\u0148ov\u00e1 \u2013 Portfolio<\/h3>\n        <\/template>\n                        <figure class=\"vp-portfolio__item\">\n                \n<div class=\"vp-portfolio__item-img-wrap\">\n    <div class=\"vp-portfolio__item-img\">\n            <a\n        href=\"https:\/\/www.lucernatv.cz\/wp-content\/uploads\/2021\/01\/Smatlanova-portfolio_Stra\u0301nka_01.jpeg\"\n            >\n    \n        <img decoding=\"async\" width=\"1920\" height=\"2715\" src=\"https:\/\/www.lucernatv.cz\/wp-content\/uploads\/2021\/01\/Smatlanova-portfolio_Stra\u0301nka_01.jpeg\" class=\"wp-image-725\" alt=\"\" srcset=\"https:\/\/www.lucernatv.cz\/wp-content\/uploads\/2021\/01\/Smatlanova-portfolio_Stra\u0301nka_01.jpeg 2000w, https:\/\/www.lucernatv.cz\/wp-content\/uploads\/2021\/01\/Smatlanova-portfolio_Stra\u0301nka_01-212x300.jpeg 212w, https:\/\/www.lucernatv.cz\/wp-content\/uploads\/2021\/01\/Smatlanova-portfolio_Stra\u0301nka_01-768x1086.jpeg 768w, https:\/\/www.lucernatv.cz\/wp-content\/uploads\/2021\/01\/Smatlanova-portfolio_Stra\u0301nka_01-764x1080.jpeg 764w, https:\/\/www.lucernatv.cz\/wp-content\/uploads\/2021\/01\/Smatlanova-portfolio_Stra\u0301nka_01-100x141.jpeg 100w, https:\/\/www.lucernatv.cz\/wp-content\/uploads\/2021\/01\/Smatlanova-portfolio_Stra\u0301nka_01-1200x1697.jpeg 1200w\" sizes=\"(max-width: 1920px) 100vw, 1920px\" \/>\n        <\/a>    <\/div>\n<\/div>\n\n<figcaption class=\"vp-portfolio__item-overlay vp-portfolio__item-overlay-text-align-center\">\n    <div class=\"vp-portfolio__item-meta-wrap vp-portfolio__custom-scrollbar\">\n            <a\n        href=\"https:\/\/www.lucernatv.cz\/wp-content\/uploads\/2021\/01\/Smatlanova-portfolio_Stra\u0301nka_01.jpeg\"\n        tabindex=\"-1\" class=\"vp-portfolio__item-meta\"     >\n    \n        \n<h2 class=\"vp-portfolio__item-meta-title\">\n    Nat\u00e1lie \u0160matl\u00e1\u0148ov\u00e1 \u2013 Portfolio<\/h2>\n\n        <\/a>    <\/div>\n<\/figcaption>\n            <\/figure>\n                    <\/div>\n        \n        <div        class=\"vp-portfolio__item-wrap vp-portfolio__item-uid-1b152b14\" data-vp-filter=\"\"         >\n            <template class=\"vp-portfolio__item-popup\" data-vp-popup-img=\"https:\/\/www.lucernatv.cz\/wp-content\/uploads\/2021\/01\/Smatlanova-portfolio_Stra\u0301nka_02.jpeg\" data-vp-popup-img-srcset=\"https:\/\/www.lucernatv.cz\/wp-content\/uploads\/2021\/01\/Smatlanova-portfolio_Stra\u0301nka_02.jpeg 2000w, https:\/\/www.lucernatv.cz\/wp-content\/uploads\/2021\/01\/Smatlanova-portfolio_Stra\u0301nka_02-212x300.jpeg 212w, https:\/\/www.lucernatv.cz\/wp-content\/uploads\/2021\/01\/Smatlanova-portfolio_Stra\u0301nka_02-768x1086.jpeg 768w, https:\/\/www.lucernatv.cz\/wp-content\/uploads\/2021\/01\/Smatlanova-portfolio_Stra\u0301nka_02-764x1080.jpeg 764w, https:\/\/www.lucernatv.cz\/wp-content\/uploads\/2021\/01\/Smatlanova-portfolio_Stra\u0301nka_02-100x141.jpeg 100w, https:\/\/www.lucernatv.cz\/wp-content\/uploads\/2021\/01\/Smatlanova-portfolio_Stra\u0301nka_02-1200x1697.jpeg 1200w\" data-vp-popup-img-size=\"1920x2715\" data-vp-popup-md-img=\"https:\/\/www.lucernatv.cz\/wp-content\/uploads\/2021\/01\/Smatlanova-portfolio_Stra\u0301nka_02.jpeg\" data-vp-popup-md-img-size=\"800x1131\" data-vp-popup-sm-img=\"https:\/\/www.lucernatv.cz\/wp-content\/uploads\/2021\/01\/Smatlanova-portfolio_Stra\u0301nka_02.jpeg\" data-vp-popup-sm-img-size=\"500x707\">\n            <h3 class=\"vp-portfolio__item-popup-title\">Nat\u00e1lie \u0160matl\u00e1\u0148ov\u00e1 \u2013 Portfolio 1<\/h3>\n        <\/template>\n                        <figure class=\"vp-portfolio__item\">\n                \n<div class=\"vp-portfolio__item-img-wrap\">\n    <div class=\"vp-portfolio__item-img\">\n            <a\n        href=\"https:\/\/www.lucernatv.cz\/wp-content\/uploads\/2021\/01\/Smatlanova-portfolio_Stra\u0301nka_02.jpeg\"\n            >\n    \n        <img decoding=\"async\" width=\"1920\" height=\"2715\" src=\"https:\/\/www.lucernatv.cz\/wp-content\/uploads\/2021\/01\/Smatlanova-portfolio_Stra\u0301nka_02.jpeg\" class=\"wp-image-726\" alt=\"\" srcset=\"https:\/\/www.lucernatv.cz\/wp-content\/uploads\/2021\/01\/Smatlanova-portfolio_Stra\u0301nka_02.jpeg 2000w, https:\/\/www.lucernatv.cz\/wp-content\/uploads\/2021\/01\/Smatlanova-portfolio_Stra\u0301nka_02-212x300.jpeg 212w, https:\/\/www.lucernatv.cz\/wp-content\/uploads\/2021\/01\/Smatlanova-portfolio_Stra\u0301nka_02-768x1086.jpeg 768w, https:\/\/www.lucernatv.cz\/wp-content\/uploads\/2021\/01\/Smatlanova-portfolio_Stra\u0301nka_02-764x1080.jpeg 764w, https:\/\/www.lucernatv.cz\/wp-content\/uploads\/2021\/01\/Smatlanova-portfolio_Stra\u0301nka_02-100x141.jpeg 100w, https:\/\/www.lucernatv.cz\/wp-content\/uploads\/2021\/01\/Smatlanova-portfolio_Stra\u0301nka_02-1200x1697.jpeg 1200w\" sizes=\"(max-width: 1920px) 100vw, 1920px\" \/>\n        <\/a>    <\/div>\n<\/div>\n\n<figcaption class=\"vp-portfolio__item-overlay vp-portfolio__item-overlay-text-align-center\">\n    <div class=\"vp-portfolio__item-meta-wrap vp-portfolio__custom-scrollbar\">\n            <a\n        href=\"https:\/\/www.lucernatv.cz\/wp-content\/uploads\/2021\/01\/Smatlanova-portfolio_Stra\u0301nka_02.jpeg\"\n        tabindex=\"-1\" class=\"vp-portfolio__item-meta\"     >\n    \n        \n<h2 class=\"vp-portfolio__item-meta-title\">\n    Nat\u00e1lie \u0160matl\u00e1\u0148ov\u00e1 \u2013 Portfolio 1<\/h2>\n\n        <\/a>    <\/div>\n<\/figcaption>\n            <\/figure>\n                    <\/div>\n        \n        <div        class=\"vp-portfolio__item-wrap vp-portfolio__item-uid-7ea7b46c\" data-vp-filter=\"\"         >\n            <template class=\"vp-portfolio__item-popup\" data-vp-popup-img=\"https:\/\/www.lucernatv.cz\/wp-content\/uploads\/2021\/01\/Smatlanova-portfolio_Stra\u0301nka_03.jpeg\" data-vp-popup-img-srcset=\"https:\/\/www.lucernatv.cz\/wp-content\/uploads\/2021\/01\/Smatlanova-portfolio_Stra\u0301nka_03.jpeg 2000w, https:\/\/www.lucernatv.cz\/wp-content\/uploads\/2021\/01\/Smatlanova-portfolio_Stra\u0301nka_03-212x300.jpeg 212w, https:\/\/www.lucernatv.cz\/wp-content\/uploads\/2021\/01\/Smatlanova-portfolio_Stra\u0301nka_03-768x1086.jpeg 768w, https:\/\/www.lucernatv.cz\/wp-content\/uploads\/2021\/01\/Smatlanova-portfolio_Stra\u0301nka_03-764x1080.jpeg 764w, https:\/\/www.lucernatv.cz\/wp-content\/uploads\/2021\/01\/Smatlanova-portfolio_Stra\u0301nka_03-100x141.jpeg 100w, https:\/\/www.lucernatv.cz\/wp-content\/uploads\/2021\/01\/Smatlanova-portfolio_Stra\u0301nka_03-1200x1697.jpeg 1200w\" data-vp-popup-img-size=\"1920x2715\" data-vp-popup-md-img=\"https:\/\/www.lucernatv.cz\/wp-content\/uploads\/2021\/01\/Smatlanova-portfolio_Stra\u0301nka_03.jpeg\" data-vp-popup-md-img-size=\"800x1131\" data-vp-popup-sm-img=\"https:\/\/www.lucernatv.cz\/wp-content\/uploads\/2021\/01\/Smatlanova-portfolio_Stra\u0301nka_03.jpeg\" data-vp-popup-sm-img-size=\"500x707\">\n            <h3 class=\"vp-portfolio__item-popup-title\">Nat\u00e1lie \u0160matl\u00e1\u0148ov\u00e1 \u2013 Portfolio 2<\/h3>\n        <\/template>\n                        <figure class=\"vp-portfolio__item\">\n                \n<div class=\"vp-portfolio__item-img-wrap\">\n    <div class=\"vp-portfolio__item-img\">\n            <a\n        href=\"https:\/\/www.lucernatv.cz\/wp-content\/uploads\/2021\/01\/Smatlanova-portfolio_Stra\u0301nka_03.jpeg\"\n            >\n    \n        <img decoding=\"async\" width=\"1920\" height=\"2715\" src=\"https:\/\/www.lucernatv.cz\/wp-content\/uploads\/2021\/01\/Smatlanova-portfolio_Stra\u0301nka_03.jpeg\" class=\"wp-image-727\" alt=\"\" srcset=\"https:\/\/www.lucernatv.cz\/wp-content\/uploads\/2021\/01\/Smatlanova-portfolio_Stra\u0301nka_03.jpeg 2000w, https:\/\/www.lucernatv.cz\/wp-content\/uploads\/2021\/01\/Smatlanova-portfolio_Stra\u0301nka_03-212x300.jpeg 212w, https:\/\/www.lucernatv.cz\/wp-content\/uploads\/2021\/01\/Smatlanova-portfolio_Stra\u0301nka_03-768x1086.jpeg 768w, https:\/\/www.lucernatv.cz\/wp-content\/uploads\/2021\/01\/Smatlanova-portfolio_Stra\u0301nka_03-764x1080.jpeg 764w, https:\/\/www.lucernatv.cz\/wp-content\/uploads\/2021\/01\/Smatlanova-portfolio_Stra\u0301nka_03-100x141.jpeg 100w, https:\/\/www.lucernatv.cz\/wp-content\/uploads\/2021\/01\/Smatlanova-portfolio_Stra\u0301nka_03-1200x1697.jpeg 1200w\" sizes=\"(max-width: 1920px) 100vw, 1920px\" \/>\n        <\/a>    <\/div>\n<\/div>\n\n<figcaption class=\"vp-portfolio__item-overlay vp-portfolio__item-overlay-text-align-center\">\n    <div class=\"vp-portfolio__item-meta-wrap vp-portfolio__custom-scrollbar\">\n            <a\n        href=\"https:\/\/www.lucernatv.cz\/wp-content\/uploads\/2021\/01\/Smatlanova-portfolio_Stra\u0301nka_03.jpeg\"\n        tabindex=\"-1\" class=\"vp-portfolio__item-meta\"     >\n    \n        \n<h2 class=\"vp-portfolio__item-meta-title\">\n    Nat\u00e1lie \u0160matl\u00e1\u0148ov\u00e1 \u2013 Portfolio 2<\/h2>\n\n        <\/a>    <\/div>\n<\/figcaption>\n            <\/figure>\n                    <\/div>\n        \n        <div        class=\"vp-portfolio__item-wrap vp-portfolio__item-uid-56a4ce98\" data-vp-filter=\"\"         >\n            <template class=\"vp-portfolio__item-popup\" data-vp-popup-img=\"https:\/\/www.lucernatv.cz\/wp-content\/uploads\/2021\/01\/Smatlanova-portfolio_Stra\u0301nka_04.jpeg\" data-vp-popup-img-srcset=\"https:\/\/www.lucernatv.cz\/wp-content\/uploads\/2021\/01\/Smatlanova-portfolio_Stra\u0301nka_04.jpeg 2000w, https:\/\/www.lucernatv.cz\/wp-content\/uploads\/2021\/01\/Smatlanova-portfolio_Stra\u0301nka_04-212x300.jpeg 212w, https:\/\/www.lucernatv.cz\/wp-content\/uploads\/2021\/01\/Smatlanova-portfolio_Stra\u0301nka_04-768x1086.jpeg 768w, https:\/\/www.lucernatv.cz\/wp-content\/uploads\/2021\/01\/Smatlanova-portfolio_Stra\u0301nka_04-764x1080.jpeg 764w, https:\/\/www.lucernatv.cz\/wp-content\/uploads\/2021\/01\/Smatlanova-portfolio_Stra\u0301nka_04-100x141.jpeg 100w, https:\/\/www.lucernatv.cz\/wp-content\/uploads\/2021\/01\/Smatlanova-portfolio_Stra\u0301nka_04-1200x1697.jpeg 1200w\" data-vp-popup-img-size=\"1920x2715\" data-vp-popup-md-img=\"https:\/\/www.lucernatv.cz\/wp-content\/uploads\/2021\/01\/Smatlanova-portfolio_Stra\u0301nka_04.jpeg\" data-vp-popup-md-img-size=\"800x1131\" data-vp-popup-sm-img=\"https:\/\/www.lucernatv.cz\/wp-content\/uploads\/2021\/01\/Smatlanova-portfolio_Stra\u0301nka_04.jpeg\" data-vp-popup-sm-img-size=\"500x707\">\n            <h3 class=\"vp-portfolio__item-popup-title\">Nat\u00e1lie \u0160matl\u00e1\u0148ov\u00e1 \u2013 Portfolio 3<\/h3>\n        <\/template>\n                        <figure class=\"vp-portfolio__item\">\n                \n<div class=\"vp-portfolio__item-img-wrap\">\n    <div class=\"vp-portfolio__item-img\">\n            <a\n        href=\"https:\/\/www.lucernatv.cz\/wp-content\/uploads\/2021\/01\/Smatlanova-portfolio_Stra\u0301nka_04.jpeg\"\n            >\n    \n        <img decoding=\"async\" width=\"1920\" height=\"2715\" src=\"https:\/\/www.lucernatv.cz\/wp-content\/uploads\/2021\/01\/Smatlanova-portfolio_Stra\u0301nka_04.jpeg\" class=\"wp-image-728\" alt=\"\" srcset=\"https:\/\/www.lucernatv.cz\/wp-content\/uploads\/2021\/01\/Smatlanova-portfolio_Stra\u0301nka_04.jpeg 2000w, https:\/\/www.lucernatv.cz\/wp-content\/uploads\/2021\/01\/Smatlanova-portfolio_Stra\u0301nka_04-212x300.jpeg 212w, https:\/\/www.lucernatv.cz\/wp-content\/uploads\/2021\/01\/Smatlanova-portfolio_Stra\u0301nka_04-768x1086.jpeg 768w, https:\/\/www.lucernatv.cz\/wp-content\/uploads\/2021\/01\/Smatlanova-portfolio_Stra\u0301nka_04-764x1080.jpeg 764w, https:\/\/www.lucernatv.cz\/wp-content\/uploads\/2021\/01\/Smatlanova-portfolio_Stra\u0301nka_04-100x141.jpeg 100w, https:\/\/www.lucernatv.cz\/wp-content\/uploads\/2021\/01\/Smatlanova-portfolio_Stra\u0301nka_04-1200x1697.jpeg 1200w\" sizes=\"(max-width: 1920px) 100vw, 1920px\" \/>\n        <\/a>    <\/div>\n<\/div>\n\n<figcaption class=\"vp-portfolio__item-overlay vp-portfolio__item-overlay-text-align-center\">\n    <div class=\"vp-portfolio__item-meta-wrap vp-portfolio__custom-scrollbar\">\n            <a\n        href=\"https:\/\/www.lucernatv.cz\/wp-content\/uploads\/2021\/01\/Smatlanova-portfolio_Stra\u0301nka_04.jpeg\"\n        tabindex=\"-1\" class=\"vp-portfolio__item-meta\"     >\n    \n        \n<h2 class=\"vp-portfolio__item-meta-title\">\n    Nat\u00e1lie \u0160matl\u00e1\u0148ov\u00e1 \u2013 Portfolio 3<\/h2>\n\n        <\/a>    <\/div>\n<\/figcaption>\n            <\/figure>\n                    <\/div>\n        \n        <div        class=\"vp-portfolio__item-wrap vp-portfolio__item-uid-bc74c6b7\" data-vp-filter=\"\"         >\n            <template class=\"vp-portfolio__item-popup\" data-vp-popup-img=\"https:\/\/www.lucernatv.cz\/wp-content\/uploads\/2021\/01\/Smatlanova-portfolio_Stra\u0301nka_05.jpeg\" data-vp-popup-img-srcset=\"https:\/\/www.lucernatv.cz\/wp-content\/uploads\/2021\/01\/Smatlanova-portfolio_Stra\u0301nka_05.jpeg 2000w, https:\/\/www.lucernatv.cz\/wp-content\/uploads\/2021\/01\/Smatlanova-portfolio_Stra\u0301nka_05-212x300.jpeg 212w, https:\/\/www.lucernatv.cz\/wp-content\/uploads\/2021\/01\/Smatlanova-portfolio_Stra\u0301nka_05-768x1086.jpeg 768w, https:\/\/www.lucernatv.cz\/wp-content\/uploads\/2021\/01\/Smatlanova-portfolio_Stra\u0301nka_05-764x1080.jpeg 764w, https:\/\/www.lucernatv.cz\/wp-content\/uploads\/2021\/01\/Smatlanova-portfolio_Stra\u0301nka_05-100x141.jpeg 100w, https:\/\/www.lucernatv.cz\/wp-content\/uploads\/2021\/01\/Smatlanova-portfolio_Stra\u0301nka_05-1200x1697.jpeg 1200w\" data-vp-popup-img-size=\"1920x2715\" data-vp-popup-md-img=\"https:\/\/www.lucernatv.cz\/wp-content\/uploads\/2021\/01\/Smatlanova-portfolio_Stra\u0301nka_05.jpeg\" data-vp-popup-md-img-size=\"800x1131\" data-vp-popup-sm-img=\"https:\/\/www.lucernatv.cz\/wp-content\/uploads\/2021\/01\/Smatlanova-portfolio_Stra\u0301nka_05.jpeg\" data-vp-popup-sm-img-size=\"500x707\">\n            <h3 class=\"vp-portfolio__item-popup-title\">Nat\u00e1lie \u0160matl\u00e1\u0148ov\u00e1 \u2013 Portfolio 4<\/h3>\n        <\/template>\n                        <figure class=\"vp-portfolio__item\">\n                \n<div class=\"vp-portfolio__item-img-wrap\">\n    <div class=\"vp-portfolio__item-img\">\n            <a\n        href=\"https:\/\/www.lucernatv.cz\/wp-content\/uploads\/2021\/01\/Smatlanova-portfolio_Stra\u0301nka_05.jpeg\"\n            >\n    \n        <img decoding=\"async\" width=\"1920\" height=\"2715\" src=\"https:\/\/www.lucernatv.cz\/wp-content\/uploads\/2021\/01\/Smatlanova-portfolio_Stra\u0301nka_05.jpeg\" class=\"wp-image-729\" alt=\"\" srcset=\"https:\/\/www.lucernatv.cz\/wp-content\/uploads\/2021\/01\/Smatlanova-portfolio_Stra\u0301nka_05.jpeg 2000w, https:\/\/www.lucernatv.cz\/wp-content\/uploads\/2021\/01\/Smatlanova-portfolio_Stra\u0301nka_05-212x300.jpeg 212w, https:\/\/www.lucernatv.cz\/wp-content\/uploads\/2021\/01\/Smatlanova-portfolio_Stra\u0301nka_05-768x1086.jpeg 768w, https:\/\/www.lucernatv.cz\/wp-content\/uploads\/2021\/01\/Smatlanova-portfolio_Stra\u0301nka_05-764x1080.jpeg 764w, https:\/\/www.lucernatv.cz\/wp-content\/uploads\/2021\/01\/Smatlanova-portfolio_Stra\u0301nka_05-100x141.jpeg 100w, https:\/\/www.lucernatv.cz\/wp-content\/uploads\/2021\/01\/Smatlanova-portfolio_Stra\u0301nka_05-1200x1697.jpeg 1200w\" sizes=\"(max-width: 1920px) 100vw, 1920px\" \/>\n        <\/a>    <\/div>\n<\/div>\n\n<figcaption class=\"vp-portfolio__item-overlay vp-portfolio__item-overlay-text-align-center\">\n    <div class=\"vp-portfolio__item-meta-wrap vp-portfolio__custom-scrollbar\">\n            <a\n        href=\"https:\/\/www.lucernatv.cz\/wp-content\/uploads\/2021\/01\/Smatlanova-portfolio_Stra\u0301nka_05.jpeg\"\n        tabindex=\"-1\" class=\"vp-portfolio__item-meta\"     >\n    \n        \n<h2 class=\"vp-portfolio__item-meta-title\">\n    Nat\u00e1lie \u0160matl\u00e1\u0148ov\u00e1 \u2013 Portfolio 4<\/h2>\n\n        <\/a>    <\/div>\n<\/figcaption>\n            <\/figure>\n                    <\/div>\n        \n        <div        class=\"vp-portfolio__item-wrap vp-portfolio__item-uid-640f2837\" data-vp-filter=\"\"         >\n            <template class=\"vp-portfolio__item-popup\" data-vp-popup-img=\"https:\/\/www.lucernatv.cz\/wp-content\/uploads\/2021\/01\/Smatlanova-portfolio_Stra\u0301nka_06.jpeg\" data-vp-popup-img-srcset=\"https:\/\/www.lucernatv.cz\/wp-content\/uploads\/2021\/01\/Smatlanova-portfolio_Stra\u0301nka_06.jpeg 2000w, https:\/\/www.lucernatv.cz\/wp-content\/uploads\/2021\/01\/Smatlanova-portfolio_Stra\u0301nka_06-212x300.jpeg 212w, https:\/\/www.lucernatv.cz\/wp-content\/uploads\/2021\/01\/Smatlanova-portfolio_Stra\u0301nka_06-768x1086.jpeg 768w, https:\/\/www.lucernatv.cz\/wp-content\/uploads\/2021\/01\/Smatlanova-portfolio_Stra\u0301nka_06-764x1080.jpeg 764w, https:\/\/www.lucernatv.cz\/wp-content\/uploads\/2021\/01\/Smatlanova-portfolio_Stra\u0301nka_06-100x141.jpeg 100w, https:\/\/www.lucernatv.cz\/wp-content\/uploads\/2021\/01\/Smatlanova-portfolio_Stra\u0301nka_06-1200x1697.jpeg 1200w\" data-vp-popup-img-size=\"1920x2715\" data-vp-popup-md-img=\"https:\/\/www.lucernatv.cz\/wp-content\/uploads\/2021\/01\/Smatlanova-portfolio_Stra\u0301nka_06.jpeg\" data-vp-popup-md-img-size=\"800x1131\" data-vp-popup-sm-img=\"https:\/\/www.lucernatv.cz\/wp-content\/uploads\/2021\/01\/Smatlanova-portfolio_Stra\u0301nka_06.jpeg\" data-vp-popup-sm-img-size=\"500x707\">\n            <h3 class=\"vp-portfolio__item-popup-title\">Nat\u00e1lie \u0160matl\u00e1\u0148ov\u00e1 \u2013 Portfolio 5<\/h3>\n        <\/template>\n                        <figure class=\"vp-portfolio__item\">\n                \n<div class=\"vp-portfolio__item-img-wrap\">\n    <div class=\"vp-portfolio__item-img\">\n            <a\n        href=\"https:\/\/www.lucernatv.cz\/wp-content\/uploads\/2021\/01\/Smatlanova-portfolio_Stra\u0301nka_06.jpeg\"\n            >\n    \n        <img decoding=\"async\" width=\"1920\" height=\"2715\" src=\"https:\/\/www.lucernatv.cz\/wp-content\/uploads\/2021\/01\/Smatlanova-portfolio_Stra\u0301nka_06.jpeg\" class=\"wp-image-730\" alt=\"\" srcset=\"https:\/\/www.lucernatv.cz\/wp-content\/uploads\/2021\/01\/Smatlanova-portfolio_Stra\u0301nka_06.jpeg 2000w, https:\/\/www.lucernatv.cz\/wp-content\/uploads\/2021\/01\/Smatlanova-portfolio_Stra\u0301nka_06-212x300.jpeg 212w, https:\/\/www.lucernatv.cz\/wp-content\/uploads\/2021\/01\/Smatlanova-portfolio_Stra\u0301nka_06-768x1086.jpeg 768w, https:\/\/www.lucernatv.cz\/wp-content\/uploads\/2021\/01\/Smatlanova-portfolio_Stra\u0301nka_06-764x1080.jpeg 764w, https:\/\/www.lucernatv.cz\/wp-content\/uploads\/2021\/01\/Smatlanova-portfolio_Stra\u0301nka_06-100x141.jpeg 100w, https:\/\/www.lucernatv.cz\/wp-content\/uploads\/2021\/01\/Smatlanova-portfolio_Stra\u0301nka_06-1200x1697.jpeg 1200w\" sizes=\"(max-width: 1920px) 100vw, 1920px\" \/>\n        <\/a>    <\/div>\n<\/div>\n\n<figcaption class=\"vp-portfolio__item-overlay vp-portfolio__item-overlay-text-align-center\">\n    <div class=\"vp-portfolio__item-meta-wrap vp-portfolio__custom-scrollbar\">\n            <a\n        href=\"https:\/\/www.lucernatv.cz\/wp-content\/uploads\/2021\/01\/Smatlanova-portfolio_Stra\u0301nka_06.jpeg\"\n        tabindex=\"-1\" class=\"vp-portfolio__item-meta\"     >\n    \n        \n<h2 class=\"vp-portfolio__item-meta-title\">\n    Nat\u00e1lie \u0160matl\u00e1\u0148ov\u00e1 \u2013 Portfolio 5<\/h2>\n\n        <\/a>    <\/div>\n<\/figcaption>\n            <\/figure>\n                    <\/div>\n        \n        <div        class=\"vp-portfolio__item-wrap vp-portfolio__item-uid-01bdb74f\" data-vp-filter=\"\"         >\n            <template class=\"vp-portfolio__item-popup\" data-vp-popup-img=\"https:\/\/www.lucernatv.cz\/wp-content\/uploads\/2021\/01\/Smatlanova-portfolio_Stra\u0301nka_07.jpeg\" data-vp-popup-img-srcset=\"https:\/\/www.lucernatv.cz\/wp-content\/uploads\/2021\/01\/Smatlanova-portfolio_Stra\u0301nka_07.jpeg 2000w, https:\/\/www.lucernatv.cz\/wp-content\/uploads\/2021\/01\/Smatlanova-portfolio_Stra\u0301nka_07-212x300.jpeg 212w, https:\/\/www.lucernatv.cz\/wp-content\/uploads\/2021\/01\/Smatlanova-portfolio_Stra\u0301nka_07-768x1086.jpeg 768w, https:\/\/www.lucernatv.cz\/wp-content\/uploads\/2021\/01\/Smatlanova-portfolio_Stra\u0301nka_07-764x1080.jpeg 764w, https:\/\/www.lucernatv.cz\/wp-content\/uploads\/2021\/01\/Smatlanova-portfolio_Stra\u0301nka_07-100x141.jpeg 100w, https:\/\/www.lucernatv.cz\/wp-content\/uploads\/2021\/01\/Smatlanova-portfolio_Stra\u0301nka_07-1200x1697.jpeg 1200w\" data-vp-popup-img-size=\"1920x2715\" data-vp-popup-md-img=\"https:\/\/www.lucernatv.cz\/wp-content\/uploads\/2021\/01\/Smatlanova-portfolio_Stra\u0301nka_07.jpeg\" data-vp-popup-md-img-size=\"800x1131\" data-vp-popup-sm-img=\"https:\/\/www.lucernatv.cz\/wp-content\/uploads\/2021\/01\/Smatlanova-portfolio_Stra\u0301nka_07.jpeg\" data-vp-popup-sm-img-size=\"500x707\">\n            <h3 class=\"vp-portfolio__item-popup-title\">Nat\u00e1lie \u0160matl\u00e1\u0148ov\u00e1 \u2013 Portfolio 6<\/h3>\n        <\/template>\n                        <figure class=\"vp-portfolio__item\">\n                \n<div class=\"vp-portfolio__item-img-wrap\">\n    <div class=\"vp-portfolio__item-img\">\n            <a\n        href=\"https:\/\/www.lucernatv.cz\/wp-content\/uploads\/2021\/01\/Smatlanova-portfolio_Stra\u0301nka_07.jpeg\"\n            >\n    \n        <img decoding=\"async\" width=\"1920\" height=\"2715\" src=\"https:\/\/www.lucernatv.cz\/wp-content\/uploads\/2021\/01\/Smatlanova-portfolio_Stra\u0301nka_07.jpeg\" class=\"wp-image-731\" alt=\"\" srcset=\"https:\/\/www.lucernatv.cz\/wp-content\/uploads\/2021\/01\/Smatlanova-portfolio_Stra\u0301nka_07.jpeg 2000w, https:\/\/www.lucernatv.cz\/wp-content\/uploads\/2021\/01\/Smatlanova-portfolio_Stra\u0301nka_07-212x300.jpeg 212w, https:\/\/www.lucernatv.cz\/wp-content\/uploads\/2021\/01\/Smatlanova-portfolio_Stra\u0301nka_07-768x1086.jpeg 768w, https:\/\/www.lucernatv.cz\/wp-content\/uploads\/2021\/01\/Smatlanova-portfolio_Stra\u0301nka_07-764x1080.jpeg 764w, https:\/\/www.lucernatv.cz\/wp-content\/uploads\/2021\/01\/Smatlanova-portfolio_Stra\u0301nka_07-100x141.jpeg 100w, https:\/\/www.lucernatv.cz\/wp-content\/uploads\/2021\/01\/Smatlanova-portfolio_Stra\u0301nka_07-1200x1697.jpeg 1200w\" sizes=\"(max-width: 1920px) 100vw, 1920px\" \/>\n        <\/a>    <\/div>\n<\/div>\n\n<figcaption class=\"vp-portfolio__item-overlay vp-portfolio__item-overlay-text-align-center\">\n    <div class=\"vp-portfolio__item-meta-wrap vp-portfolio__custom-scrollbar\">\n            <a\n        href=\"https:\/\/www.lucernatv.cz\/wp-content\/uploads\/2021\/01\/Smatlanova-portfolio_Stra\u0301nka_07.jpeg\"\n        tabindex=\"-1\" class=\"vp-portfolio__item-meta\"     >\n    \n        \n<h2 class=\"vp-portfolio__item-meta-title\">\n    Nat\u00e1lie \u0160matl\u00e1\u0148ov\u00e1 \u2013 Portfolio 6<\/h2>\n\n        <\/a>    <\/div>\n<\/figcaption>\n            <\/figure>\n                    <\/div>\n        \n        <div        class=\"vp-portfolio__item-wrap vp-portfolio__item-uid-20088190\" data-vp-filter=\"\"         >\n            <template class=\"vp-portfolio__item-popup\" data-vp-popup-img=\"https:\/\/www.lucernatv.cz\/wp-content\/uploads\/2021\/01\/Smatlanova-portfolio_Stra\u0301nka_08.jpeg\" data-vp-popup-img-srcset=\"https:\/\/www.lucernatv.cz\/wp-content\/uploads\/2021\/01\/Smatlanova-portfolio_Stra\u0301nka_08.jpeg 2000w, https:\/\/www.lucernatv.cz\/wp-content\/uploads\/2021\/01\/Smatlanova-portfolio_Stra\u0301nka_08-212x300.jpeg 212w, https:\/\/www.lucernatv.cz\/wp-content\/uploads\/2021\/01\/Smatlanova-portfolio_Stra\u0301nka_08-768x1086.jpeg 768w, https:\/\/www.lucernatv.cz\/wp-content\/uploads\/2021\/01\/Smatlanova-portfolio_Stra\u0301nka_08-764x1080.jpeg 764w, https:\/\/www.lucernatv.cz\/wp-content\/uploads\/2021\/01\/Smatlanova-portfolio_Stra\u0301nka_08-100x141.jpeg 100w, https:\/\/www.lucernatv.cz\/wp-content\/uploads\/2021\/01\/Smatlanova-portfolio_Stra\u0301nka_08-1200x1697.jpeg 1200w\" data-vp-popup-img-size=\"1920x2715\" data-vp-popup-md-img=\"https:\/\/www.lucernatv.cz\/wp-content\/uploads\/2021\/01\/Smatlanova-portfolio_Stra\u0301nka_08.jpeg\" data-vp-popup-md-img-size=\"800x1131\" data-vp-popup-sm-img=\"https:\/\/www.lucernatv.cz\/wp-content\/uploads\/2021\/01\/Smatlanova-portfolio_Stra\u0301nka_08.jpeg\" data-vp-popup-sm-img-size=\"500x707\">\n            <h3 class=\"vp-portfolio__item-popup-title\">Nat\u00e1lie \u0160matl\u00e1\u0148ov\u00e1 \u2013 Portfolio 7<\/h3>\n        <\/template>\n                        <figure class=\"vp-portfolio__item\">\n                \n<div class=\"vp-portfolio__item-img-wrap\">\n    <div class=\"vp-portfolio__item-img\">\n            <a\n        href=\"https:\/\/www.lucernatv.cz\/wp-content\/uploads\/2021\/01\/Smatlanova-portfolio_Stra\u0301nka_08.jpeg\"\n            >\n    \n        <img decoding=\"async\" width=\"1920\" height=\"2715\" src=\"https:\/\/www.lucernatv.cz\/wp-content\/uploads\/2021\/01\/Smatlanova-portfolio_Stra\u0301nka_08.jpeg\" class=\"wp-image-732\" alt=\"\" srcset=\"https:\/\/www.lucernatv.cz\/wp-content\/uploads\/2021\/01\/Smatlanova-portfolio_Stra\u0301nka_08.jpeg 2000w, https:\/\/www.lucernatv.cz\/wp-content\/uploads\/2021\/01\/Smatlanova-portfolio_Stra\u0301nka_08-212x300.jpeg 212w, https:\/\/www.lucernatv.cz\/wp-content\/uploads\/2021\/01\/Smatlanova-portfolio_Stra\u0301nka_08-768x1086.jpeg 768w, https:\/\/www.lucernatv.cz\/wp-content\/uploads\/2021\/01\/Smatlanova-portfolio_Stra\u0301nka_08-764x1080.jpeg 764w, https:\/\/www.lucernatv.cz\/wp-content\/uploads\/2021\/01\/Smatlanova-portfolio_Stra\u0301nka_08-100x141.jpeg 100w, https:\/\/www.lucernatv.cz\/wp-content\/uploads\/2021\/01\/Smatlanova-portfolio_Stra\u0301nka_08-1200x1697.jpeg 1200w\" sizes=\"(max-width: 1920px) 100vw, 1920px\" \/>\n        <\/a>    <\/div>\n<\/div>\n\n<figcaption class=\"vp-portfolio__item-overlay vp-portfolio__item-overlay-text-align-center\">\n    <div class=\"vp-portfolio__item-meta-wrap vp-portfolio__custom-scrollbar\">\n            <a\n        href=\"https:\/\/www.lucernatv.cz\/wp-content\/uploads\/2021\/01\/Smatlanova-portfolio_Stra\u0301nka_08.jpeg\"\n        tabindex=\"-1\" class=\"vp-portfolio__item-meta\"     >\n    \n        \n<h2 class=\"vp-portfolio__item-meta-title\">\n    Nat\u00e1lie \u0160matl\u00e1\u0148ov\u00e1 \u2013 Portfolio 7<\/h2>\n\n        <\/a>    <\/div>\n<\/figcaption>\n            <\/figure>\n                    <\/div>\n        \n        <div        class=\"vp-portfolio__item-wrap vp-portfolio__item-uid-0f6ca150\" data-vp-filter=\"\"         >\n            <template class=\"vp-portfolio__item-popup\" data-vp-popup-img=\"https:\/\/www.lucernatv.cz\/wp-content\/uploads\/2021\/01\/Smatlanova-portfolio_Stra\u0301nka_09.jpeg\" data-vp-popup-img-srcset=\"https:\/\/www.lucernatv.cz\/wp-content\/uploads\/2021\/01\/Smatlanova-portfolio_Stra\u0301nka_09.jpeg 2000w, https:\/\/www.lucernatv.cz\/wp-content\/uploads\/2021\/01\/Smatlanova-portfolio_Stra\u0301nka_09-212x300.jpeg 212w, https:\/\/www.lucernatv.cz\/wp-content\/uploads\/2021\/01\/Smatlanova-portfolio_Stra\u0301nka_09-768x1086.jpeg 768w, https:\/\/www.lucernatv.cz\/wp-content\/uploads\/2021\/01\/Smatlanova-portfolio_Stra\u0301nka_09-764x1080.jpeg 764w, https:\/\/www.lucernatv.cz\/wp-content\/uploads\/2021\/01\/Smatlanova-portfolio_Stra\u0301nka_09-100x141.jpeg 100w, https:\/\/www.lucernatv.cz\/wp-content\/uploads\/2021\/01\/Smatlanova-portfolio_Stra\u0301nka_09-1200x1697.jpeg 1200w\" data-vp-popup-img-size=\"1920x2715\" data-vp-popup-md-img=\"https:\/\/www.lucernatv.cz\/wp-content\/uploads\/2021\/01\/Smatlanova-portfolio_Stra\u0301nka_09.jpeg\" data-vp-popup-md-img-size=\"800x1131\" data-vp-popup-sm-img=\"https:\/\/www.lucernatv.cz\/wp-content\/uploads\/2021\/01\/Smatlanova-portfolio_Stra\u0301nka_09.jpeg\" data-vp-popup-sm-img-size=\"500x707\">\n            <h3 class=\"vp-portfolio__item-popup-title\">Nat\u00e1lie \u0160matl\u00e1\u0148ov\u00e1 \u2013 Portfolio 8<\/h3>\n        <\/template>\n                        <figure class=\"vp-portfolio__item\">\n                \n<div class=\"vp-portfolio__item-img-wrap\">\n    <div class=\"vp-portfolio__item-img\">\n            <a\n        href=\"https:\/\/www.lucernatv.cz\/wp-content\/uploads\/2021\/01\/Smatlanova-portfolio_Stra\u0301nka_09.jpeg\"\n            >\n    \n        <img decoding=\"async\" width=\"1920\" height=\"2715\" src=\"https:\/\/www.lucernatv.cz\/wp-content\/uploads\/2021\/01\/Smatlanova-portfolio_Stra\u0301nka_09.jpeg\" class=\"wp-image-733\" alt=\"\" srcset=\"https:\/\/www.lucernatv.cz\/wp-content\/uploads\/2021\/01\/Smatlanova-portfolio_Stra\u0301nka_09.jpeg 2000w, https:\/\/www.lucernatv.cz\/wp-content\/uploads\/2021\/01\/Smatlanova-portfolio_Stra\u0301nka_09-212x300.jpeg 212w, https:\/\/www.lucernatv.cz\/wp-content\/uploads\/2021\/01\/Smatlanova-portfolio_Stra\u0301nka_09-768x1086.jpeg 768w, https:\/\/www.lucernatv.cz\/wp-content\/uploads\/2021\/01\/Smatlanova-portfolio_Stra\u0301nka_09-764x1080.jpeg 764w, https:\/\/www.lucernatv.cz\/wp-content\/uploads\/2021\/01\/Smatlanova-portfolio_Stra\u0301nka_09-100x141.jpeg 100w, https:\/\/www.lucernatv.cz\/wp-content\/uploads\/2021\/01\/Smatlanova-portfolio_Stra\u0301nka_09-1200x1697.jpeg 1200w\" sizes=\"(max-width: 1920px) 100vw, 1920px\" \/>\n        <\/a>    <\/div>\n<\/div>\n\n<figcaption class=\"vp-portfolio__item-overlay vp-portfolio__item-overlay-text-align-center\">\n    <div class=\"vp-portfolio__item-meta-wrap vp-portfolio__custom-scrollbar\">\n            <a\n        href=\"https:\/\/www.lucernatv.cz\/wp-content\/uploads\/2021\/01\/Smatlanova-portfolio_Stra\u0301nka_09.jpeg\"\n        tabindex=\"-1\" class=\"vp-portfolio__item-meta\"     >\n    \n        \n<h2 class=\"vp-portfolio__item-meta-title\">\n    Nat\u00e1lie \u0160matl\u00e1\u0148ov\u00e1 \u2013 Portfolio 8<\/h2>\n\n        <\/a>    <\/div>\n<\/figcaption>\n            <\/figure>\n                    <\/div>\n        \n        <div        class=\"vp-portfolio__item-wrap vp-portfolio__item-uid-29b45396\" data-vp-filter=\"\"         >\n            <template class=\"vp-portfolio__item-popup\" data-vp-popup-img=\"https:\/\/www.lucernatv.cz\/wp-content\/uploads\/2021\/01\/Smatlanova-portfolio_Stra\u0301nka_10.jpeg\" data-vp-popup-img-srcset=\"https:\/\/www.lucernatv.cz\/wp-content\/uploads\/2021\/01\/Smatlanova-portfolio_Stra\u0301nka_10.jpeg 2000w, https:\/\/www.lucernatv.cz\/wp-content\/uploads\/2021\/01\/Smatlanova-portfolio_Stra\u0301nka_10-212x300.jpeg 212w, https:\/\/www.lucernatv.cz\/wp-content\/uploads\/2021\/01\/Smatlanova-portfolio_Stra\u0301nka_10-768x1086.jpeg 768w, https:\/\/www.lucernatv.cz\/wp-content\/uploads\/2021\/01\/Smatlanova-portfolio_Stra\u0301nka_10-764x1080.jpeg 764w, https:\/\/www.lucernatv.cz\/wp-content\/uploads\/2021\/01\/Smatlanova-portfolio_Stra\u0301nka_10-100x141.jpeg 100w, https:\/\/www.lucernatv.cz\/wp-content\/uploads\/2021\/01\/Smatlanova-portfolio_Stra\u0301nka_10-1200x1697.jpeg 1200w\" data-vp-popup-img-size=\"1920x2715\" data-vp-popup-md-img=\"https:\/\/www.lucernatv.cz\/wp-content\/uploads\/2021\/01\/Smatlanova-portfolio_Stra\u0301nka_10.jpeg\" data-vp-popup-md-img-size=\"800x1131\" data-vp-popup-sm-img=\"https:\/\/www.lucernatv.cz\/wp-content\/uploads\/2021\/01\/Smatlanova-portfolio_Stra\u0301nka_10.jpeg\" data-vp-popup-sm-img-size=\"500x707\">\n            <h3 class=\"vp-portfolio__item-popup-title\">Nat\u00e1lie \u0160matl\u00e1\u0148ov\u00e1 \u2013 Portfolio 9<\/h3>\n        <\/template>\n                        <figure class=\"vp-portfolio__item\">\n                \n<div class=\"vp-portfolio__item-img-wrap\">\n    <div class=\"vp-portfolio__item-img\">\n            <a\n        href=\"https:\/\/www.lucernatv.cz\/wp-content\/uploads\/2021\/01\/Smatlanova-portfolio_Stra\u0301nka_10.jpeg\"\n            >\n    \n        <img decoding=\"async\" width=\"1920\" height=\"2715\" src=\"https:\/\/www.lucernatv.cz\/wp-content\/uploads\/2021\/01\/Smatlanova-portfolio_Stra\u0301nka_10.jpeg\" class=\"wp-image-734\" alt=\"\" srcset=\"https:\/\/www.lucernatv.cz\/wp-content\/uploads\/2021\/01\/Smatlanova-portfolio_Stra\u0301nka_10.jpeg 2000w, https:\/\/www.lucernatv.cz\/wp-content\/uploads\/2021\/01\/Smatlanova-portfolio_Stra\u0301nka_10-212x300.jpeg 212w, https:\/\/www.lucernatv.cz\/wp-content\/uploads\/2021\/01\/Smatlanova-portfolio_Stra\u0301nka_10-768x1086.jpeg 768w, https:\/\/www.lucernatv.cz\/wp-content\/uploads\/2021\/01\/Smatlanova-portfolio_Stra\u0301nka_10-764x1080.jpeg 764w, https:\/\/www.lucernatv.cz\/wp-content\/uploads\/2021\/01\/Smatlanova-portfolio_Stra\u0301nka_10-100x141.jpeg 100w, https:\/\/www.lucernatv.cz\/wp-content\/uploads\/2021\/01\/Smatlanova-portfolio_Stra\u0301nka_10-1200x1697.jpeg 1200w\" sizes=\"(max-width: 1920px) 100vw, 1920px\" \/>\n        <\/a>    <\/div>\n<\/div>\n\n<figcaption class=\"vp-portfolio__item-overlay vp-portfolio__item-overlay-text-align-center\">\n    <div class=\"vp-portfolio__item-meta-wrap vp-portfolio__custom-scrollbar\">\n            <a\n        href=\"https:\/\/www.lucernatv.cz\/wp-content\/uploads\/2021\/01\/Smatlanova-portfolio_Stra\u0301nka_10.jpeg\"\n        tabindex=\"-1\" class=\"vp-portfolio__item-meta\"     >\n    \n        \n<h2 class=\"vp-portfolio__item-meta-title\">\n    Nat\u00e1lie \u0160matl\u00e1\u0148ov\u00e1 \u2013 Portfolio 9<\/h2>\n\n        <\/a>    <\/div>\n<\/figcaption>\n            <\/figure>\n                    <\/div>\n        \n        <div        class=\"vp-portfolio__item-wrap vp-portfolio__item-uid-781be4ef\" data-vp-filter=\"\"         >\n            <template class=\"vp-portfolio__item-popup\" data-vp-popup-img=\"https:\/\/www.lucernatv.cz\/wp-content\/uploads\/2021\/01\/Smatlanova-portfolio_Stra\u0301nka_11.jpeg\" data-vp-popup-img-srcset=\"https:\/\/www.lucernatv.cz\/wp-content\/uploads\/2021\/01\/Smatlanova-portfolio_Stra\u0301nka_11.jpeg 2000w, https:\/\/www.lucernatv.cz\/wp-content\/uploads\/2021\/01\/Smatlanova-portfolio_Stra\u0301nka_11-212x300.jpeg 212w, https:\/\/www.lucernatv.cz\/wp-content\/uploads\/2021\/01\/Smatlanova-portfolio_Stra\u0301nka_11-768x1086.jpeg 768w, https:\/\/www.lucernatv.cz\/wp-content\/uploads\/2021\/01\/Smatlanova-portfolio_Stra\u0301nka_11-764x1080.jpeg 764w, https:\/\/www.lucernatv.cz\/wp-content\/uploads\/2021\/01\/Smatlanova-portfolio_Stra\u0301nka_11-100x141.jpeg 100w, https:\/\/www.lucernatv.cz\/wp-content\/uploads\/2021\/01\/Smatlanova-portfolio_Stra\u0301nka_11-1200x1697.jpeg 1200w\" data-vp-popup-img-size=\"1920x2715\" data-vp-popup-md-img=\"https:\/\/www.lucernatv.cz\/wp-content\/uploads\/2021\/01\/Smatlanova-portfolio_Stra\u0301nka_11.jpeg\" data-vp-popup-md-img-size=\"800x1131\" data-vp-popup-sm-img=\"https:\/\/www.lucernatv.cz\/wp-content\/uploads\/2021\/01\/Smatlanova-portfolio_Stra\u0301nka_11.jpeg\" data-vp-popup-sm-img-size=\"500x707\">\n            <h3 class=\"vp-portfolio__item-popup-title\">Nat\u00e1lie \u0160matl\u00e1\u0148ov\u00e1 \u2013 Portfolio 10<\/h3>\n        <\/template>\n                        <figure class=\"vp-portfolio__item\">\n                \n<div class=\"vp-portfolio__item-img-wrap\">\n    <div class=\"vp-portfolio__item-img\">\n            <a\n        href=\"https:\/\/www.lucernatv.cz\/wp-content\/uploads\/2021\/01\/Smatlanova-portfolio_Stra\u0301nka_11.jpeg\"\n            >\n    \n        <img decoding=\"async\" width=\"1920\" height=\"2715\" src=\"https:\/\/www.lucernatv.cz\/wp-content\/uploads\/2021\/01\/Smatlanova-portfolio_Stra\u0301nka_11.jpeg\" class=\"wp-image-735\" alt=\"\" srcset=\"https:\/\/www.lucernatv.cz\/wp-content\/uploads\/2021\/01\/Smatlanova-portfolio_Stra\u0301nka_11.jpeg 2000w, https:\/\/www.lucernatv.cz\/wp-content\/uploads\/2021\/01\/Smatlanova-portfolio_Stra\u0301nka_11-212x300.jpeg 212w, https:\/\/www.lucernatv.cz\/wp-content\/uploads\/2021\/01\/Smatlanova-portfolio_Stra\u0301nka_11-768x1086.jpeg 768w, https:\/\/www.lucernatv.cz\/wp-content\/uploads\/2021\/01\/Smatlanova-portfolio_Stra\u0301nka_11-764x1080.jpeg 764w, https:\/\/www.lucernatv.cz\/wp-content\/uploads\/2021\/01\/Smatlanova-portfolio_Stra\u0301nka_11-100x141.jpeg 100w, https:\/\/www.lucernatv.cz\/wp-content\/uploads\/2021\/01\/Smatlanova-portfolio_Stra\u0301nka_11-1200x1697.jpeg 1200w\" sizes=\"(max-width: 1920px) 100vw, 1920px\" \/>\n        <\/a>    <\/div>\n<\/div>\n\n<figcaption class=\"vp-portfolio__item-overlay vp-portfolio__item-overlay-text-align-center\">\n    <div class=\"vp-portfolio__item-meta-wrap vp-portfolio__custom-scrollbar\">\n            <a\n        href=\"https:\/\/www.lucernatv.cz\/wp-content\/uploads\/2021\/01\/Smatlanova-portfolio_Stra\u0301nka_11.jpeg\"\n        tabindex=\"-1\" class=\"vp-portfolio__item-meta\"     >\n    \n        \n<h2 class=\"vp-portfolio__item-meta-title\">\n    Nat\u00e1lie \u0160matl\u00e1\u0148ov\u00e1 \u2013 Portfolio 10<\/h2>\n\n        <\/a>    <\/div>\n<\/figcaption>\n            <\/figure>\n                    <\/div>\n        \n        <div        class=\"vp-portfolio__item-wrap vp-portfolio__item-uid-59aed230\" data-vp-filter=\"\"         >\n            <template class=\"vp-portfolio__item-popup\" data-vp-popup-img=\"https:\/\/www.lucernatv.cz\/wp-content\/uploads\/2021\/01\/Smatlanova-portfolio_Stra\u0301nka_12.jpeg\" data-vp-popup-img-srcset=\"https:\/\/www.lucernatv.cz\/wp-content\/uploads\/2021\/01\/Smatlanova-portfolio_Stra\u0301nka_12.jpeg 2000w, https:\/\/www.lucernatv.cz\/wp-content\/uploads\/2021\/01\/Smatlanova-portfolio_Stra\u0301nka_12-212x300.jpeg 212w, https:\/\/www.lucernatv.cz\/wp-content\/uploads\/2021\/01\/Smatlanova-portfolio_Stra\u0301nka_12-768x1086.jpeg 768w, https:\/\/www.lucernatv.cz\/wp-content\/uploads\/2021\/01\/Smatlanova-portfolio_Stra\u0301nka_12-764x1080.jpeg 764w, https:\/\/www.lucernatv.cz\/wp-content\/uploads\/2021\/01\/Smatlanova-portfolio_Stra\u0301nka_12-100x141.jpeg 100w, https:\/\/www.lucernatv.cz\/wp-content\/uploads\/2021\/01\/Smatlanova-portfolio_Stra\u0301nka_12-1200x1697.jpeg 1200w\" data-vp-popup-img-size=\"1920x2715\" data-vp-popup-md-img=\"https:\/\/www.lucernatv.cz\/wp-content\/uploads\/2021\/01\/Smatlanova-portfolio_Stra\u0301nka_12.jpeg\" data-vp-popup-md-img-size=\"800x1131\" data-vp-popup-sm-img=\"https:\/\/www.lucernatv.cz\/wp-content\/uploads\/2021\/01\/Smatlanova-portfolio_Stra\u0301nka_12.jpeg\" data-vp-popup-sm-img-size=\"500x707\">\n            <h3 class=\"vp-portfolio__item-popup-title\">Nat\u00e1lie \u0160matl\u00e1\u0148ov\u00e1 \u2013 Portfolio 11<\/h3>\n        <\/template>\n                        <figure class=\"vp-portfolio__item\">\n                \n<div class=\"vp-portfolio__item-img-wrap\">\n    <div class=\"vp-portfolio__item-img\">\n            <a\n        href=\"https:\/\/www.lucernatv.cz\/wp-content\/uploads\/2021\/01\/Smatlanova-portfolio_Stra\u0301nka_12.jpeg\"\n            >\n    \n        <img decoding=\"async\" width=\"1920\" height=\"2715\" src=\"https:\/\/www.lucernatv.cz\/wp-content\/uploads\/2021\/01\/Smatlanova-portfolio_Stra\u0301nka_12.jpeg\" class=\"wp-image-736\" alt=\"\" srcset=\"https:\/\/www.lucernatv.cz\/wp-content\/uploads\/2021\/01\/Smatlanova-portfolio_Stra\u0301nka_12.jpeg 2000w, https:\/\/www.lucernatv.cz\/wp-content\/uploads\/2021\/01\/Smatlanova-portfolio_Stra\u0301nka_12-212x300.jpeg 212w, https:\/\/www.lucernatv.cz\/wp-content\/uploads\/2021\/01\/Smatlanova-portfolio_Stra\u0301nka_12-768x1086.jpeg 768w, https:\/\/www.lucernatv.cz\/wp-content\/uploads\/2021\/01\/Smatlanova-portfolio_Stra\u0301nka_12-764x1080.jpeg 764w, https:\/\/www.lucernatv.cz\/wp-content\/uploads\/2021\/01\/Smatlanova-portfolio_Stra\u0301nka_12-100x141.jpeg 100w, https:\/\/www.lucernatv.cz\/wp-content\/uploads\/2021\/01\/Smatlanova-portfolio_Stra\u0301nka_12-1200x1697.jpeg 1200w\" sizes=\"(max-width: 1920px) 100vw, 1920px\" \/>\n        <\/a>    <\/div>\n<\/div>\n\n<figcaption class=\"vp-portfolio__item-overlay vp-portfolio__item-overlay-text-align-center\">\n    <div class=\"vp-portfolio__item-meta-wrap vp-portfolio__custom-scrollbar\">\n            <a\n        href=\"https:\/\/www.lucernatv.cz\/wp-content\/uploads\/2021\/01\/Smatlanova-portfolio_Stra\u0301nka_12.jpeg\"\n        tabindex=\"-1\" class=\"vp-portfolio__item-meta\"     >\n    \n        \n<h2 class=\"vp-portfolio__item-meta-title\">\n    Nat\u00e1lie \u0160matl\u00e1\u0148ov\u00e1 \u2013 Portfolio 11<\/h2>\n\n        <\/a>    <\/div>\n<\/figcaption>\n            <\/figure>\n                    <\/div>\n        \n        <div        class=\"vp-portfolio__item-wrap vp-portfolio__item-uid-3c1c4d48\" data-vp-filter=\"\"         >\n            <template class=\"vp-portfolio__item-popup\" data-vp-popup-img=\"https:\/\/www.lucernatv.cz\/wp-content\/uploads\/2021\/01\/Smatlanova-portfolio_Stra\u0301nka_13.jpeg\" data-vp-popup-img-srcset=\"https:\/\/www.lucernatv.cz\/wp-content\/uploads\/2021\/01\/Smatlanova-portfolio_Stra\u0301nka_13.jpeg 2000w, https:\/\/www.lucernatv.cz\/wp-content\/uploads\/2021\/01\/Smatlanova-portfolio_Stra\u0301nka_13-212x300.jpeg 212w, https:\/\/www.lucernatv.cz\/wp-content\/uploads\/2021\/01\/Smatlanova-portfolio_Stra\u0301nka_13-768x1086.jpeg 768w, https:\/\/www.lucernatv.cz\/wp-content\/uploads\/2021\/01\/Smatlanova-portfolio_Stra\u0301nka_13-764x1080.jpeg 764w, https:\/\/www.lucernatv.cz\/wp-content\/uploads\/2021\/01\/Smatlanova-portfolio_Stra\u0301nka_13-100x141.jpeg 100w, https:\/\/www.lucernatv.cz\/wp-content\/uploads\/2021\/01\/Smatlanova-portfolio_Stra\u0301nka_13-1200x1697.jpeg 1200w\" data-vp-popup-img-size=\"1920x2715\" data-vp-popup-md-img=\"https:\/\/www.lucernatv.cz\/wp-content\/uploads\/2021\/01\/Smatlanova-portfolio_Stra\u0301nka_13.jpeg\" data-vp-popup-md-img-size=\"800x1131\" data-vp-popup-sm-img=\"https:\/\/www.lucernatv.cz\/wp-content\/uploads\/2021\/01\/Smatlanova-portfolio_Stra\u0301nka_13.jpeg\" data-vp-popup-sm-img-size=\"500x707\">\n            <h3 class=\"vp-portfolio__item-popup-title\">Nat\u00e1lie \u0160matl\u00e1\u0148ov\u00e1 \u2013 Portfolio 12<\/h3>\n        <\/template>\n                        <figure class=\"vp-portfolio__item\">\n                \n<div class=\"vp-portfolio__item-img-wrap\">\n    <div class=\"vp-portfolio__item-img\">\n            <a\n        href=\"https:\/\/www.lucernatv.cz\/wp-content\/uploads\/2021\/01\/Smatlanova-portfolio_Stra\u0301nka_13.jpeg\"\n            >\n    \n        <img decoding=\"async\" width=\"1920\" height=\"2715\" src=\"https:\/\/www.lucernatv.cz\/wp-content\/uploads\/2021\/01\/Smatlanova-portfolio_Stra\u0301nka_13.jpeg\" class=\"wp-image-737\" alt=\"\" srcset=\"https:\/\/www.lucernatv.cz\/wp-content\/uploads\/2021\/01\/Smatlanova-portfolio_Stra\u0301nka_13.jpeg 2000w, https:\/\/www.lucernatv.cz\/wp-content\/uploads\/2021\/01\/Smatlanova-portfolio_Stra\u0301nka_13-212x300.jpeg 212w, https:\/\/www.lucernatv.cz\/wp-content\/uploads\/2021\/01\/Smatlanova-portfolio_Stra\u0301nka_13-768x1086.jpeg 768w, https:\/\/www.lucernatv.cz\/wp-content\/uploads\/2021\/01\/Smatlanova-portfolio_Stra\u0301nka_13-764x1080.jpeg 764w, https:\/\/www.lucernatv.cz\/wp-content\/uploads\/2021\/01\/Smatlanova-portfolio_Stra\u0301nka_13-100x141.jpeg 100w, https:\/\/www.lucernatv.cz\/wp-content\/uploads\/2021\/01\/Smatlanova-portfolio_Stra\u0301nka_13-1200x1697.jpeg 1200w\" sizes=\"(max-width: 1920px) 100vw, 1920px\" \/>\n        <\/a>    <\/div>\n<\/div>\n\n<figcaption class=\"vp-portfolio__item-overlay vp-portfolio__item-overlay-text-align-center\">\n    <div class=\"vp-portfolio__item-meta-wrap vp-portfolio__custom-scrollbar\">\n            <a\n        href=\"https:\/\/www.lucernatv.cz\/wp-content\/uploads\/2021\/01\/Smatlanova-portfolio_Stra\u0301nka_13.jpeg\"\n        tabindex=\"-1\" class=\"vp-portfolio__item-meta\"     >\n    \n        \n<h2 class=\"vp-portfolio__item-meta-title\">\n    Nat\u00e1lie \u0160matl\u00e1\u0148ov\u00e1 \u2013 Portfolio 12<\/h2>\n\n        <\/a>    <\/div>\n<\/figcaption>\n            <\/figure>\n                    <\/div>\n        \n        <div        class=\"vp-portfolio__item-wrap vp-portfolio__item-uid-141f37bc\" data-vp-filter=\"\"         >\n            <template class=\"vp-portfolio__item-popup\" data-vp-popup-img=\"https:\/\/www.lucernatv.cz\/wp-content\/uploads\/2021\/01\/Smatlanova-portfolio_Stra\u0301nka_14.jpeg\" data-vp-popup-img-srcset=\"https:\/\/www.lucernatv.cz\/wp-content\/uploads\/2021\/01\/Smatlanova-portfolio_Stra\u0301nka_14.jpeg 2000w, https:\/\/www.lucernatv.cz\/wp-content\/uploads\/2021\/01\/Smatlanova-portfolio_Stra\u0301nka_14-212x300.jpeg 212w, https:\/\/www.lucernatv.cz\/wp-content\/uploads\/2021\/01\/Smatlanova-portfolio_Stra\u0301nka_14-768x1086.jpeg 768w, https:\/\/www.lucernatv.cz\/wp-content\/uploads\/2021\/01\/Smatlanova-portfolio_Stra\u0301nka_14-764x1080.jpeg 764w, https:\/\/www.lucernatv.cz\/wp-content\/uploads\/2021\/01\/Smatlanova-portfolio_Stra\u0301nka_14-100x141.jpeg 100w, https:\/\/www.lucernatv.cz\/wp-content\/uploads\/2021\/01\/Smatlanova-portfolio_Stra\u0301nka_14-1200x1697.jpeg 1200w\" data-vp-popup-img-size=\"1920x2715\" data-vp-popup-md-img=\"https:\/\/www.lucernatv.cz\/wp-content\/uploads\/2021\/01\/Smatlanova-portfolio_Stra\u0301nka_14.jpeg\" data-vp-popup-md-img-size=\"800x1131\" data-vp-popup-sm-img=\"https:\/\/www.lucernatv.cz\/wp-content\/uploads\/2021\/01\/Smatlanova-portfolio_Stra\u0301nka_14.jpeg\" data-vp-popup-sm-img-size=\"500x707\">\n            <h3 class=\"vp-portfolio__item-popup-title\">Nat\u00e1lie \u0160matl\u00e1\u0148ov\u00e1 \u2013 Portfolio 13<\/h3>\n        <\/template>\n                        <figure class=\"vp-portfolio__item\">\n                \n<div class=\"vp-portfolio__item-img-wrap\">\n    <div class=\"vp-portfolio__item-img\">\n            <a\n        href=\"https:\/\/www.lucernatv.cz\/wp-content\/uploads\/2021\/01\/Smatlanova-portfolio_Stra\u0301nka_14.jpeg\"\n            >\n    \n        <img decoding=\"async\" width=\"1920\" height=\"2715\" src=\"https:\/\/www.lucernatv.cz\/wp-content\/uploads\/2021\/01\/Smatlanova-portfolio_Stra\u0301nka_14.jpeg\" class=\"wp-image-738\" alt=\"\" srcset=\"https:\/\/www.lucernatv.cz\/wp-content\/uploads\/2021\/01\/Smatlanova-portfolio_Stra\u0301nka_14.jpeg 2000w, https:\/\/www.lucernatv.cz\/wp-content\/uploads\/2021\/01\/Smatlanova-portfolio_Stra\u0301nka_14-212x300.jpeg 212w, https:\/\/www.lucernatv.cz\/wp-content\/uploads\/2021\/01\/Smatlanova-portfolio_Stra\u0301nka_14-768x1086.jpeg 768w, https:\/\/www.lucernatv.cz\/wp-content\/uploads\/2021\/01\/Smatlanova-portfolio_Stra\u0301nka_14-764x1080.jpeg 764w, https:\/\/www.lucernatv.cz\/wp-content\/uploads\/2021\/01\/Smatlanova-portfolio_Stra\u0301nka_14-100x141.jpeg 100w, https:\/\/www.lucernatv.cz\/wp-content\/uploads\/2021\/01\/Smatlanova-portfolio_Stra\u0301nka_14-1200x1697.jpeg 1200w\" sizes=\"(max-width: 1920px) 100vw, 1920px\" \/>\n        <\/a>    <\/div>\n<\/div>\n\n<figcaption class=\"vp-portfolio__item-overlay vp-portfolio__item-overlay-text-align-center\">\n    <div class=\"vp-portfolio__item-meta-wrap vp-portfolio__custom-scrollbar\">\n            <a\n        href=\"https:\/\/www.lucernatv.cz\/wp-content\/uploads\/2021\/01\/Smatlanova-portfolio_Stra\u0301nka_14.jpeg\"\n        tabindex=\"-1\" class=\"vp-portfolio__item-meta\"     >\n    \n        \n<h2 class=\"vp-portfolio__item-meta-title\">\n    Nat\u00e1lie \u0160matl\u00e1\u0148ov\u00e1 \u2013 Portfolio 13<\/h2>\n\n        <\/a>    <\/div>\n<\/figcaption>\n            <\/figure>\n                    <\/div>\n        \n<\/div>\n        <\/div>\n        \n<\/div>\n<\/div>\n\n\n<h5 class=\"wp-block-heading\">Nat\u00e1lie \u0160matl\u00e1\u0148ov\u00e1 o\u010dima Martina Mikol\u00e1\u0161ka<\/h5>\n\n\n\n<p>Obalov\u00fd design je nejmlad\u0161\u00ed z&nbsp;oborov\u00fdch zam\u011b\u0159en\u00ed, kter\u00e1 se na St\u0159edn\u00ed um\u011bleck\u00e9 \u0161kole v Ostrav\u011b vyu\u010duj\u00ed. Jeho specifikum spo\u010d\u00edv\u00e1 v&nbsp;prolnut\u00ed dvou, jen na prvn\u00ed pohled od sebe vzd\u00e1len\u00fdch u\u017eitn\u00fdch v\u00fdtvarn\u00fdch discipl\u00edn, tj. grafick\u00e9ho a produktov\u00e9ho designu. V&nbsp;ka\u017ed\u00e9m obalu, kter\u00fd kolem sebe vid\u00edme, kter\u00fd destruujeme, kdy\u017e z&nbsp;n\u011bj vyj\u00edm\u00e1me v\u011bc&nbsp;nebo v\u011bci, a kter\u00fd mo\u017en\u00e1 zbyte\u010dn\u011b p\u0159ehl\u00ed\u017e\u00edme, se skr\u00fdv\u00e1 n\u011bkolik d\u016fle\u017eit\u00fdch ingredienc\u00ed, jejich kombinace m\u016f\u017ee z&nbsp;n\u011b\u010deho, co nem\u00e1 dlouh\u00e9ho trv\u00e1n\u00ed, ud\u011blat n\u011bco v\u00edc ne\u017e jen budouc\u00ed potenci\u00e1ln\u00ed odpad. Pr\u00e1v\u011b d\u016fraz na to, jak bude obal vypadat, jak bude p\u0159itahovat pozornost, jak bude slou\u017eit a jak bude tak\u00e9 informovat o tom, co ukr\u00fdv\u00e1, jsou d\u016fle\u017eit\u00e9 slo\u017eky pr\u00e1ce obalov\u00e9ho design\u00e9ra. Nat\u00e1lie \u0160matl\u00e1\u0148ov\u00e1, mysl\u00edm si, ve sv\u00fdch n\u00e1vrz\u00edch p\u0159esn\u011b ukazuje, co m\u00e1m na mysli. Velmi c\u00edlen\u011b pracuje s&nbsp;tvarov\u00fdmi aspekty, kter\u00e9 jsou v\u017edy dop\u0159edu d\u00e1ny pr\u00e1v\u011b t\u00edm, co se skr\u00fdv\u00e1 uvnit\u0159, ale i t\u00edm, jak\u00fd z\u00e1m\u011br chce autorka p\u0159i n\u00e1vrz\u00edch uplatnit. Na obalech, kter\u00e9 navrhuje, poka\u017ed\u00e9 nach\u00e1z\u00ed prostor pro subtiln\u00ed hru s&nbsp;detaily, kter\u00e1 pak ve v\u00fdsledku \u010din\u00ed z&nbsp;prost\u00e9ho naoh\u00fdban\u00e9ho pap\u00edru exkluzivn\u00ed artefakt hodn\u00fd na\u0161\u00ed pozornosti.<\/p>\n","protected":false},"excerpt":{"rendered":"<p>Nat\u00e1lie \u0160matl\u00e1\u0148ov\u00e1 o\u010dima Martina Mikol\u00e1\u0161ka Obalov\u00fd design je nejmlad\u0161\u00ed z&nbsp;oborov\u00fdch zam\u011b\u0159en\u00ed, kter\u00e1 se na St\u0159edn\u00ed um\u011bleck\u00e9 \u0161kole v Ostrav\u011b vyu\u010duj\u00ed. Jeho specifikum spo\u010d\u00edv\u00e1 v&nbsp;prolnut\u00ed dvou, jen na prvn\u00ed pohled od sebe vzd\u00e1len\u00fdch u\u017eitn\u00fdch v\u00fdtvarn\u00fdch discipl\u00edn, tj. grafick\u00e9ho a produktov\u00e9ho designu. V&nbsp;ka\u017ed\u00e9m obalu, kter\u00fd kolem sebe vid\u00edme, kter\u00fd destruujeme, kdy\u017e z&nbsp;n\u011bj vyj\u00edm\u00e1me v\u011bc&nbsp;nebo v\u011bci, a kter\u00fd&hellip;&nbsp;<a href=\"https:\/\/www.lucernatv.cz\/index.php\/2021\/02\/11\/30-let-sus-natalie-smatlanova\/\" class=\"\" rel=\"bookmark\">\u010c\u00edst d\u00e1le &raquo;<span class=\"screen-reader-text\">30 let SU\u0160 \u2013 Nat\u00e1lie \u0160matl\u00e1\u0148ov\u00e1<\/span><\/a><\/p>\n","protected":false},"author":1,"featured_media":665,"comment_status":"closed","ping_status":"open","sticky":false,"template":"","format":"standard","meta":{"inline_featured_image":false,"_uag_custom_page_level_css":"","neve_meta_sidebar":"","neve_meta_container":"","neve_meta_enable_content_width":"","neve_meta_content_width":0,"neve_meta_title_alignment":"","neve_meta_author_avatar":"","neve_post_elements_order":"","neve_meta_disable_header":"","neve_meta_disable_footer":"","neve_meta_disable_title":"","_vp_format_video_url":"","_vp_image_focal_point":{"x":0.460000000000000019984014443252817727625370025634765625,"y":0.68000000000000004884981308350688777863979339599609375}},"categories":[3,12],"tags":[31,26],"yoast_head":"<!-- This site is optimized with the Yoast SEO plugin v20.12 - https:\/\/yoast.com\/wordpress\/plugins\/seo\/ -->\n<title>30 let SU\u0160 \u2013 Nat\u00e1lie \u0160matl\u00e1\u0148ov\u00e1 - lucernatv.cz<\/title>\n<meta name=\"robots\" content=\"index, follow, max-snippet:-1, max-image-preview:large, max-video-preview:-1\" \/>\n<link rel=\"canonical\" href=\"https:\/\/www.lucernatv.cz\/index.php\/2021\/02\/11\/30-let-sus-natalie-smatlanova\/\" \/>\n<meta property=\"og:locale\" content=\"cs_CZ\" \/>\n<meta property=\"og:type\" content=\"article\" \/>\n<meta property=\"og:title\" content=\"30 let SU\u0160 \u2013 Nat\u00e1lie \u0160matl\u00e1\u0148ov\u00e1 - lucernatv.cz\" \/>\n<meta property=\"og:description\" content=\"Nat\u00e1lie \u0160matl\u00e1\u0148ov\u00e1 o\u010dima Martina Mikol\u00e1\u0161ka Obalov\u00fd design je nejmlad\u0161\u00ed z&nbsp;oborov\u00fdch zam\u011b\u0159en\u00ed, kter\u00e1 se na St\u0159edn\u00ed um\u011bleck\u00e9 \u0161kole v Ostrav\u011b vyu\u010duj\u00ed. Jeho specifikum spo\u010d\u00edv\u00e1 v&nbsp;prolnut\u00ed dvou, jen na prvn\u00ed pohled od sebe vzd\u00e1len\u00fdch u\u017eitn\u00fdch v\u00fdtvarn\u00fdch discipl\u00edn, tj. grafick\u00e9ho a produktov\u00e9ho designu. V&nbsp;ka\u017ed\u00e9m obalu, kter\u00fd kolem sebe vid\u00edme, kter\u00fd destruujeme, kdy\u017e z&nbsp;n\u011bj vyj\u00edm\u00e1me v\u011bc&nbsp;nebo v\u011bci, a kter\u00fd&hellip;&nbsp;\u010c\u00edst d\u00e1le &raquo;30 let SU\u0160 \u2013 Nat\u00e1lie \u0160matl\u00e1\u0148ov\u00e1\" \/>\n<meta property=\"og:url\" content=\"https:\/\/www.lucernatv.cz\/index.php\/2021\/02\/11\/30-let-sus-natalie-smatlanova\/\" \/>\n<meta property=\"og:site_name\" content=\"lucernatv.cz\" \/>\n<meta property=\"article:publisher\" content=\"https:\/\/www.facebook.com\/avtopava\" \/>\n<meta property=\"article:published_time\" content=\"2021-02-11T13:02:05+00:00\" \/>\n<meta property=\"article:modified_time\" content=\"2021-02-13T12:53:18+00:00\" \/>\n<meta property=\"og:image\" content=\"https:\/\/www.lucernatv.cz\/wp-content\/uploads\/2021\/01\/Smatlanova-cover2.jpeg\" \/>\n\t<meta property=\"og:image:width\" content=\"2000\" \/>\n\t<meta property=\"og:image:height\" content=\"1415\" \/>\n\t<meta property=\"og:image:type\" content=\"image\/jpeg\" \/>\n<meta name=\"author\" content=\"lucernatvc\" \/>\n<meta name=\"twitter:card\" content=\"summary_large_image\" \/>\n<meta name=\"twitter:label1\" content=\"Napsal(a)\" \/>\n\t<meta name=\"twitter:data1\" content=\"lucernatvc\" \/>\n\t<meta name=\"twitter:label2\" content=\"Odhadovan\u00e1 doba \u010dten\u00ed\" \/>\n\t<meta name=\"twitter:data2\" content=\"1 minuta\" \/>\n<script type=\"application\/ld+json\" class=\"yoast-schema-graph\">{\"@context\":\"https:\/\/schema.org\",\"@graph\":[{\"@type\":\"Article\",\"@id\":\"https:\/\/www.lucernatv.cz\/index.php\/2021\/02\/11\/30-let-sus-natalie-smatlanova\/#article\",\"isPartOf\":{\"@id\":\"https:\/\/www.lucernatv.cz\/index.php\/2021\/02\/11\/30-let-sus-natalie-smatlanova\/\"},\"author\":{\"name\":\"lucernatvc\",\"@id\":\"https:\/\/www.lucernatv.cz\/#\/schema\/person\/fdc6b3778fe63c82ba7479978ad159ad\"},\"headline\":\"30 let SU\u0160 \u2013 Nat\u00e1lie \u0160matl\u00e1\u0148ov\u00e1\",\"datePublished\":\"2021-02-11T13:02:05+00:00\",\"dateModified\":\"2021-02-13T12:53:18+00:00\",\"mainEntityOfPage\":{\"@id\":\"https:\/\/www.lucernatv.cz\/index.php\/2021\/02\/11\/30-let-sus-natalie-smatlanova\/\"},\"wordCount\":280,\"publisher\":{\"@id\":\"https:\/\/www.lucernatv.cz\/#organization\"},\"keywords\":[\"30 let SU\u0160 Ostrava\",\"galerie\"],\"articleSection\":[\"Kultura\",\"v\u00fdtvarn\u00e9 um\u011bn\u00ed, architektura a ve\u0159ejn\u00fd prostor\"],\"inLanguage\":\"cs\"},{\"@type\":\"WebPage\",\"@id\":\"https:\/\/www.lucernatv.cz\/index.php\/2021\/02\/11\/30-let-sus-natalie-smatlanova\/\",\"url\":\"https:\/\/www.lucernatv.cz\/index.php\/2021\/02\/11\/30-let-sus-natalie-smatlanova\/\",\"name\":\"30 let SU\u0160 \u2013 Nat\u00e1lie \u0160matl\u00e1\u0148ov\u00e1 - lucernatv.cz\",\"isPartOf\":{\"@id\":\"https:\/\/www.lucernatv.cz\/#website\"},\"datePublished\":\"2021-02-11T13:02:05+00:00\",\"dateModified\":\"2021-02-13T12:53:18+00:00\",\"breadcrumb\":{\"@id\":\"https:\/\/www.lucernatv.cz\/index.php\/2021\/02\/11\/30-let-sus-natalie-smatlanova\/#breadcrumb\"},\"inLanguage\":\"cs\",\"potentialAction\":[{\"@type\":\"ReadAction\",\"target\":[\"https:\/\/www.lucernatv.cz\/index.php\/2021\/02\/11\/30-let-sus-natalie-smatlanova\/\"]}]},{\"@type\":\"BreadcrumbList\",\"@id\":\"https:\/\/www.lucernatv.cz\/index.php\/2021\/02\/11\/30-let-sus-natalie-smatlanova\/#breadcrumb\",\"itemListElement\":[{\"@type\":\"ListItem\",\"position\":1,\"name\":\"Dom\u016f\",\"item\":\"https:\/\/www.lucernatv.cz\/\"},{\"@type\":\"ListItem\",\"position\":2,\"name\":\"30 let SU\u0160 \u2013 Nat\u00e1lie \u0160matl\u00e1\u0148ov\u00e1\"}]},{\"@type\":\"WebSite\",\"@id\":\"https:\/\/www.lucernatv.cz\/#website\",\"url\":\"https:\/\/www.lucernatv.cz\/\",\"name\":\"lucernatv.cz\",\"description\":\"Vzd\u011bl\u00e1vac\u00ed televize\",\"publisher\":{\"@id\":\"https:\/\/www.lucernatv.cz\/#organization\"},\"alternateName\":\"Lucerna TV\",\"potentialAction\":[{\"@type\":\"SearchAction\",\"target\":{\"@type\":\"EntryPoint\",\"urlTemplate\":\"https:\/\/www.lucernatv.cz\/?s={search_term_string}\"},\"query-input\":\"required name=search_term_string\"}],\"inLanguage\":\"cs\"},{\"@type\":\"Organization\",\"@id\":\"https:\/\/www.lucernatv.cz\/#organization\",\"name\":\"Lucerna TV\",\"url\":\"https:\/\/www.lucernatv.cz\/\",\"logo\":{\"@type\":\"ImageObject\",\"inLanguage\":\"cs\",\"@id\":\"https:\/\/www.lucernatv.cz\/#\/schema\/logo\/image\/\",\"url\":\"https:\/\/www.lucernatv.cz\/wp-content\/uploads\/2021\/02\/logo.svg\",\"contentUrl\":\"https:\/\/www.lucernatv.cz\/wp-content\/uploads\/2021\/02\/logo.svg\",\"width\":128,\"height\":41,\"caption\":\"Lucerna TV\"},\"image\":{\"@id\":\"https:\/\/www.lucernatv.cz\/#\/schema\/logo\/image\/\"},\"sameAs\":[\"https:\/\/www.facebook.com\/avtopava\",\"https:\/\/www.youtube.com\/channel\/UCtP8PPWG9JatWSMsKMOvdDg\"]},{\"@type\":\"Person\",\"@id\":\"https:\/\/www.lucernatv.cz\/#\/schema\/person\/fdc6b3778fe63c82ba7479978ad159ad\",\"name\":\"lucernatvc\",\"image\":{\"@type\":\"ImageObject\",\"inLanguage\":\"cs\",\"@id\":\"https:\/\/www.lucernatv.cz\/#\/schema\/person\/image\/\",\"url\":\"https:\/\/secure.gravatar.com\/avatar\/5b7905a95103f5227c1afd8b2a10f058?s=96&d=mm&r=g\",\"contentUrl\":\"https:\/\/secure.gravatar.com\/avatar\/5b7905a95103f5227c1afd8b2a10f058?s=96&d=mm&r=g\",\"caption\":\"lucernatvc\"},\"url\":\"https:\/\/www.lucernatv.cz\/index.php\/author\/lucernatvc\/\"}]}<\/script>\n<!-- \/ Yoast SEO plugin. -->","yoast_head_json":{"title":"30 let SU\u0160 \u2013 Nat\u00e1lie \u0160matl\u00e1\u0148ov\u00e1 - lucernatv.cz","robots":{"index":"index","follow":"follow","max-snippet":"max-snippet:-1","max-image-preview":"max-image-preview:large","max-video-preview":"max-video-preview:-1"},"canonical":"https:\/\/www.lucernatv.cz\/index.php\/2021\/02\/11\/30-let-sus-natalie-smatlanova\/","og_locale":"cs_CZ","og_type":"article","og_title":"30 let SU\u0160 \u2013 Nat\u00e1lie \u0160matl\u00e1\u0148ov\u00e1 - lucernatv.cz","og_description":"Nat\u00e1lie \u0160matl\u00e1\u0148ov\u00e1 o\u010dima Martina Mikol\u00e1\u0161ka Obalov\u00fd design je nejmlad\u0161\u00ed z&nbsp;oborov\u00fdch zam\u011b\u0159en\u00ed, kter\u00e1 se na St\u0159edn\u00ed um\u011bleck\u00e9 \u0161kole v Ostrav\u011b vyu\u010duj\u00ed. Jeho specifikum spo\u010d\u00edv\u00e1 v&nbsp;prolnut\u00ed dvou, jen na prvn\u00ed pohled od sebe vzd\u00e1len\u00fdch u\u017eitn\u00fdch v\u00fdtvarn\u00fdch discipl\u00edn, tj. grafick\u00e9ho a produktov\u00e9ho designu. V&nbsp;ka\u017ed\u00e9m obalu, kter\u00fd kolem sebe vid\u00edme, kter\u00fd destruujeme, kdy\u017e z&nbsp;n\u011bj vyj\u00edm\u00e1me v\u011bc&nbsp;nebo v\u011bci, a kter\u00fd&hellip;&nbsp;\u010c\u00edst d\u00e1le &raquo;30 let SU\u0160 \u2013 Nat\u00e1lie \u0160matl\u00e1\u0148ov\u00e1","og_url":"https:\/\/www.lucernatv.cz\/index.php\/2021\/02\/11\/30-let-sus-natalie-smatlanova\/","og_site_name":"lucernatv.cz","article_publisher":"https:\/\/www.facebook.com\/avtopava","article_published_time":"2021-02-11T13:02:05+00:00","article_modified_time":"2021-02-13T12:53:18+00:00","og_image":[{"width":2000,"height":1415,"url":"https:\/\/www.lucernatv.cz\/wp-content\/uploads\/2021\/01\/Smatlanova-cover2.jpeg","type":"image\/jpeg"}],"author":"lucernatvc","twitter_card":"summary_large_image","twitter_misc":{"Napsal(a)":"lucernatvc","Odhadovan\u00e1 doba \u010dten\u00ed":"1 minuta"},"schema":{"@context":"https:\/\/schema.org","@graph":[{"@type":"Article","@id":"https:\/\/www.lucernatv.cz\/index.php\/2021\/02\/11\/30-let-sus-natalie-smatlanova\/#article","isPartOf":{"@id":"https:\/\/www.lucernatv.cz\/index.php\/2021\/02\/11\/30-let-sus-natalie-smatlanova\/"},"author":{"name":"lucernatvc","@id":"https:\/\/www.lucernatv.cz\/#\/schema\/person\/fdc6b3778fe63c82ba7479978ad159ad"},"headline":"30 let SU\u0160 \u2013 Nat\u00e1lie \u0160matl\u00e1\u0148ov\u00e1","datePublished":"2021-02-11T13:02:05+00:00","dateModified":"2021-02-13T12:53:18+00:00","mainEntityOfPage":{"@id":"https:\/\/www.lucernatv.cz\/index.php\/2021\/02\/11\/30-let-sus-natalie-smatlanova\/"},"wordCount":280,"publisher":{"@id":"https:\/\/www.lucernatv.cz\/#organization"},"keywords":["30 let SU\u0160 Ostrava","galerie"],"articleSection":["Kultura","v\u00fdtvarn\u00e9 um\u011bn\u00ed, architektura a ve\u0159ejn\u00fd prostor"],"inLanguage":"cs"},{"@type":"WebPage","@id":"https:\/\/www.lucernatv.cz\/index.php\/2021\/02\/11\/30-let-sus-natalie-smatlanova\/","url":"https:\/\/www.lucernatv.cz\/index.php\/2021\/02\/11\/30-let-sus-natalie-smatlanova\/","name":"30 let SU\u0160 \u2013 Nat\u00e1lie \u0160matl\u00e1\u0148ov\u00e1 - lucernatv.cz","isPartOf":{"@id":"https:\/\/www.lucernatv.cz\/#website"},"datePublished":"2021-02-11T13:02:05+00:00","dateModified":"2021-02-13T12:53:18+00:00","breadcrumb":{"@id":"https:\/\/www.lucernatv.cz\/index.php\/2021\/02\/11\/30-let-sus-natalie-smatlanova\/#breadcrumb"},"inLanguage":"cs","potentialAction":[{"@type":"ReadAction","target":["https:\/\/www.lucernatv.cz\/index.php\/2021\/02\/11\/30-let-sus-natalie-smatlanova\/"]}]},{"@type":"BreadcrumbList","@id":"https:\/\/www.lucernatv.cz\/index.php\/2021\/02\/11\/30-let-sus-natalie-smatlanova\/#breadcrumb","itemListElement":[{"@type":"ListItem","position":1,"name":"Dom\u016f","item":"https:\/\/www.lucernatv.cz\/"},{"@type":"ListItem","position":2,"name":"30 let SU\u0160 \u2013 Nat\u00e1lie \u0160matl\u00e1\u0148ov\u00e1"}]},{"@type":"WebSite","@id":"https:\/\/www.lucernatv.cz\/#website","url":"https:\/\/www.lucernatv.cz\/","name":"lucernatv.cz","description":"Vzd\u011bl\u00e1vac\u00ed televize","publisher":{"@id":"https:\/\/www.lucernatv.cz\/#organization"},"alternateName":"Lucerna TV","potentialAction":[{"@type":"SearchAction","target":{"@type":"EntryPoint","urlTemplate":"https:\/\/www.lucernatv.cz\/?s={search_term_string}"},"query-input":"required name=search_term_string"}],"inLanguage":"cs"},{"@type":"Organization","@id":"https:\/\/www.lucernatv.cz\/#organization","name":"Lucerna TV","url":"https:\/\/www.lucernatv.cz\/","logo":{"@type":"ImageObject","inLanguage":"cs","@id":"https:\/\/www.lucernatv.cz\/#\/schema\/logo\/image\/","url":"https:\/\/www.lucernatv.cz\/wp-content\/uploads\/2021\/02\/logo.svg","contentUrl":"https:\/\/www.lucernatv.cz\/wp-content\/uploads\/2021\/02\/logo.svg","width":128,"height":41,"caption":"Lucerna TV"},"image":{"@id":"https:\/\/www.lucernatv.cz\/#\/schema\/logo\/image\/"},"sameAs":["https:\/\/www.facebook.com\/avtopava","https:\/\/www.youtube.com\/channel\/UCtP8PPWG9JatWSMsKMOvdDg"]},{"@type":"Person","@id":"https:\/\/www.lucernatv.cz\/#\/schema\/person\/fdc6b3778fe63c82ba7479978ad159ad","name":"lucernatvc","image":{"@type":"ImageObject","inLanguage":"cs","@id":"https:\/\/www.lucernatv.cz\/#\/schema\/person\/image\/","url":"https:\/\/secure.gravatar.com\/avatar\/5b7905a95103f5227c1afd8b2a10f058?s=96&d=mm&r=g","contentUrl":"https:\/\/secure.gravatar.com\/avatar\/5b7905a95103f5227c1afd8b2a10f058?s=96&d=mm&r=g","caption":"lucernatvc"},"url":"https:\/\/www.lucernatv.cz\/index.php\/author\/lucernatvc\/"}]}},"uagb_featured_image_src":{"full":["https:\/\/www.lucernatv.cz\/wp-content\/uploads\/2021\/01\/Smatlanova-cover2.jpeg",2000,1415,false],"thumbnail":["https:\/\/www.lucernatv.cz\/wp-content\/uploads\/2021\/01\/Smatlanova-cover2-150x150.jpeg",150,150,true],"medium":["https:\/\/www.lucernatv.cz\/wp-content\/uploads\/2021\/01\/Smatlanova-cover2-300x212.jpeg",255,180,true],"medium_large":["https:\/\/www.lucernatv.cz\/wp-content\/uploads\/2021\/01\/Smatlanova-cover2-768x543.jpeg",768,543,true],"large":["https:\/\/www.lucernatv.cz\/wp-content\/uploads\/2021\/01\/Smatlanova-cover2-1527x1080.jpeg",1200,849,true],"1536x1536":["https:\/\/www.lucernatv.cz\/wp-content\/uploads\/2021\/01\/Smatlanova-cover2.jpeg",1536,1087,false],"2048x2048":["https:\/\/www.lucernatv.cz\/wp-content\/uploads\/2021\/01\/Smatlanova-cover2.jpeg",2000,1415,false],"ultp_layout_landscape_large":["https:\/\/www.lucernatv.cz\/wp-content\/uploads\/2021\/01\/Smatlanova-cover2.jpeg",1131,800,false],"ultp_layout_landscape":["https:\/\/www.lucernatv.cz\/wp-content\/uploads\/2021\/01\/Smatlanova-cover2.jpeg",806,570,false],"ultp_layout_portrait":["https:\/\/www.lucernatv.cz\/wp-content\/uploads\/2021\/01\/Smatlanova-cover2.jpeg",600,425,false],"ultp_layout_square":["https:\/\/www.lucernatv.cz\/wp-content\/uploads\/2021\/01\/Smatlanova-cover2.jpeg",600,425,false],"vp_sm":["https:\/\/www.lucernatv.cz\/wp-content\/uploads\/2021\/01\/Smatlanova-cover2.jpeg",500,354,false],"vp_md":["https:\/\/www.lucernatv.cz\/wp-content\/uploads\/2021\/01\/Smatlanova-cover2.jpeg",800,566,false],"vp_lg":["https:\/\/www.lucernatv.cz\/wp-content\/uploads\/2021\/01\/Smatlanova-cover2.jpeg",1280,906,false],"vp_xl":["https:\/\/www.lucernatv.cz\/wp-content\/uploads\/2021\/01\/Smatlanova-cover2.jpeg",1920,1358,false],"vp_sm_popup":["https:\/\/www.lucernatv.cz\/wp-content\/uploads\/2021\/01\/Smatlanova-cover2.jpeg",500,354,false],"vp_md_popup":["https:\/\/www.lucernatv.cz\/wp-content\/uploads\/2021\/01\/Smatlanova-cover2.jpeg",800,566,false],"vp_xl_popup":["https:\/\/www.lucernatv.cz\/wp-content\/uploads\/2021\/01\/Smatlanova-cover2.jpeg",1920,1358,false],"neve-blog":["https:\/\/www.lucernatv.cz\/wp-content\/uploads\/2021\/01\/Smatlanova-cover2.jpeg",876,620,false]},"uagb_author_info":{"display_name":"lucernatvc","author_link":"https:\/\/www.lucernatv.cz\/index.php\/author\/lucernatvc\/"},"uagb_comment_info":0,"uagb_excerpt":"Nat\u00e1lie \u0160matl\u00e1\u0148ov\u00e1 o\u010dima Martina Mikol\u00e1\u0161ka Obalov\u00fd design je nejmlad\u0161\u00ed z&nbsp;oborov\u00fdch zam\u011b\u0159en\u00ed, kter\u00e1 se na St\u0159edn\u00ed um\u011bleck\u00e9 \u0161kole v Ostrav\u011b vyu\u010duj\u00ed. Jeho specifikum spo\u010d\u00edv\u00e1 v&nbsp;prolnut\u00ed dvou, jen na prvn\u00ed pohled od sebe vzd\u00e1len\u00fdch u\u017eitn\u00fdch v\u00fdtvarn\u00fdch discipl\u00edn, tj. grafick\u00e9ho a produktov\u00e9ho designu. V&nbsp;ka\u017ed\u00e9m obalu, kter\u00fd kolem sebe vid\u00edme, kter\u00fd destruujeme, kdy\u017e z&nbsp;n\u011bj vyj\u00edm\u00e1me v\u011bc&nbsp;nebo v\u011bci, a kter\u00fd&hellip;&nbsp;\u010c\u00edst&hellip;","_links":{"self":[{"href":"https:\/\/www.lucernatv.cz\/index.php\/wp-json\/wp\/v2\/posts\/945"}],"collection":[{"href":"https:\/\/www.lucernatv.cz\/index.php\/wp-json\/wp\/v2\/posts"}],"about":[{"href":"https:\/\/www.lucernatv.cz\/index.php\/wp-json\/wp\/v2\/types\/post"}],"author":[{"embeddable":true,"href":"https:\/\/www.lucernatv.cz\/index.php\/wp-json\/wp\/v2\/users\/1"}],"replies":[{"embeddable":true,"href":"https:\/\/www.lucernatv.cz\/index.php\/wp-json\/wp\/v2\/comments?post=945"}],"version-history":[{"count":3,"href":"https:\/\/www.lucernatv.cz\/index.php\/wp-json\/wp\/v2\/posts\/945\/revisions"}],"predecessor-version":[{"id":953,"href":"https:\/\/www.lucernatv.cz\/index.php\/wp-json\/wp\/v2\/posts\/945\/revisions\/953"}],"wp:featuredmedia":[{"embeddable":true,"href":"https:\/\/www.lucernatv.cz\/index.php\/wp-json\/wp\/v2\/media\/665"}],"wp:attachment":[{"href":"https:\/\/www.lucernatv.cz\/index.php\/wp-json\/wp\/v2\/media?parent=945"}],"wp:term":[{"taxonomy":"category","embeddable":true,"href":"https:\/\/www.lucernatv.cz\/index.php\/wp-json\/wp\/v2\/categories?post=945"},{"taxonomy":"post_tag","embeddable":true,"href":"https:\/\/www.lucernatv.cz\/index.php\/wp-json\/wp\/v2\/tags?post=945"}],"curies":[{"name":"wp","href":"https:\/\/api.w.org\/{rel}","templated":true}]}}