{"id":943,"date":"2021-02-11T12:57:55","date_gmt":"2021-02-11T12:57:55","guid":{"rendered":"https:\/\/www.lucernatv.cz\/?p=943"},"modified":"2021-02-13T12:53:24","modified_gmt":"2021-02-13T12:53:24","slug":"30-let-sus-ostrava-anna-pelikanova","status":"publish","type":"post","link":"https:\/\/www.lucernatv.cz\/index.php\/2021\/02\/11\/30-let-sus-ostrava-anna-pelikanova\/","title":{"rendered":"30 let SU\u0160 Ostrava \u2013 Anna Pelik\u00e1nov\u00e1"},"content":{"rendered":"<div class=\"wp-block-visual-portfolio\">\n<div class=\"vp-portfolio vp-uid-f2bed9e7 vp-id-axj6d\"\n    data-vp-layout=\"masonry\" data-vp-content-source=\"images\" data-vp-items-style=\"fly\" data-vp-items-click-action=\"popup_gallery\" data-vp-items-gap=\"15\" data-vp-items-gap-vertical=\"\" data-vp-pagination=\"load-more\" data-vp-next-page-url=\"\" data-vp-masonry-columns=\"3\" >\n    <div class=\"vp-portfolio__preloader-wrap\">\n        <div class=\"vp-portfolio__preloader\">\n            <img decoding=\"async\" loading=\"eager\" src=\"https:\/\/www.lucernatv.cz\/wp-content\/plugins\/visual-portfolio\/assets\/images\/logo-dark.svg\" alt=\"Visual Portfolio, Posts &amp; Image Gallery for WordPress\" width=\"20\" height=\"20\" data-skip-lazy>\n        <\/div>\n    <\/div>\n        <div class=\"vp-portfolio__items-wrap\">\n            \n<div class=\"vp-portfolio__items vp-portfolio__items-style-fly vp-portfolio__items-show-overlay-hover\">\n\n        <div        class=\"vp-portfolio__item-wrap vp-portfolio__item-uid-461583b9\" data-vp-filter=\"\"         >\n            <template class=\"vp-portfolio__item-popup\" data-vp-popup-img=\"https:\/\/www.lucernatv.cz\/wp-content\/uploads\/2021\/01\/5-1.jpeg\" data-vp-popup-img-srcset=\"https:\/\/www.lucernatv.cz\/wp-content\/uploads\/2021\/01\/5-1.jpeg 2000w, https:\/\/www.lucernatv.cz\/wp-content\/uploads\/2021\/01\/5-1-300x199.jpeg 300w, https:\/\/www.lucernatv.cz\/wp-content\/uploads\/2021\/01\/5-1-768x509.jpeg 768w, https:\/\/www.lucernatv.cz\/wp-content\/uploads\/2021\/01\/5-1-1629x1080.jpeg 1629w, https:\/\/www.lucernatv.cz\/wp-content\/uploads\/2021\/01\/5-1-100x66.jpeg 100w, https:\/\/www.lucernatv.cz\/wp-content\/uploads\/2021\/01\/5-1-1200x796.jpeg 1200w\" data-vp-popup-img-size=\"1920x1273\" data-vp-popup-md-img=\"https:\/\/www.lucernatv.cz\/wp-content\/uploads\/2021\/01\/5-1.jpeg\" data-vp-popup-md-img-size=\"800x530\" data-vp-popup-sm-img=\"https:\/\/www.lucernatv.cz\/wp-content\/uploads\/2021\/01\/5-1.jpeg\" data-vp-popup-sm-img-size=\"500x332\">\n            <h3 class=\"vp-portfolio__item-popup-title\">Anna Pelik\u00e1nov\u00e1 \u2013 Portfolio 1<\/h3>\n        <\/template>\n                        <figure class=\"vp-portfolio__item\">\n                \n<div class=\"vp-portfolio__item-img-wrap\">\n    <div class=\"vp-portfolio__item-img\">\n            <a\n        href=\"https:\/\/www.lucernatv.cz\/wp-content\/uploads\/2021\/01\/5-1.jpeg\"\n            >\n    \n        <img decoding=\"async\" width=\"1920\" height=\"1273\" src=\"https:\/\/www.lucernatv.cz\/wp-content\/uploads\/2021\/01\/5-1.jpeg\" class=\"wp-image-675\" alt=\"\" srcset=\"https:\/\/www.lucernatv.cz\/wp-content\/uploads\/2021\/01\/5-1.jpeg 2000w, https:\/\/www.lucernatv.cz\/wp-content\/uploads\/2021\/01\/5-1-300x199.jpeg 300w, https:\/\/www.lucernatv.cz\/wp-content\/uploads\/2021\/01\/5-1-768x509.jpeg 768w, https:\/\/www.lucernatv.cz\/wp-content\/uploads\/2021\/01\/5-1-1629x1080.jpeg 1629w, https:\/\/www.lucernatv.cz\/wp-content\/uploads\/2021\/01\/5-1-100x66.jpeg 100w, https:\/\/www.lucernatv.cz\/wp-content\/uploads\/2021\/01\/5-1-1200x796.jpeg 1200w\" sizes=\"(max-width: 1920px) 100vw, 1920px\" \/>\n        <\/a>    <\/div>\n<\/div>\n\n<figcaption class=\"vp-portfolio__item-overlay vp-portfolio__item-overlay-text-align-center\">\n    <div class=\"vp-portfolio__item-meta-wrap vp-portfolio__custom-scrollbar\">\n            <a\n        href=\"https:\/\/www.lucernatv.cz\/wp-content\/uploads\/2021\/01\/5-1.jpeg\"\n        tabindex=\"-1\" class=\"vp-portfolio__item-meta\"     >\n    \n        \n<h2 class=\"vp-portfolio__item-meta-title\">\n    Anna Pelik\u00e1nov\u00e1 \u2013 Portfolio 1<\/h2>\n\n        <\/a>    <\/div>\n<\/figcaption>\n            <\/figure>\n                    <\/div>\n        \n        <div        class=\"vp-portfolio__item-wrap vp-portfolio__item-uid-e7556db0\" data-vp-filter=\"\"         >\n            <template class=\"vp-portfolio__item-popup\" data-vp-popup-img=\"https:\/\/www.lucernatv.cz\/wp-content\/uploads\/2021\/01\/12.jpeg\" data-vp-popup-img-srcset=\"https:\/\/www.lucernatv.cz\/wp-content\/uploads\/2021\/01\/12.jpeg 2000w, https:\/\/www.lucernatv.cz\/wp-content\/uploads\/2021\/01\/12-199x300.jpeg 199w, https:\/\/www.lucernatv.cz\/wp-content\/uploads\/2021\/01\/12-768x1159.jpeg 768w, https:\/\/www.lucernatv.cz\/wp-content\/uploads\/2021\/01\/12-716x1080.jpeg 716w, https:\/\/www.lucernatv.cz\/wp-content\/uploads\/2021\/01\/12-100x151.jpeg 100w, https:\/\/www.lucernatv.cz\/wp-content\/uploads\/2021\/01\/12-1200x1810.jpeg 1200w\" data-vp-popup-img-size=\"1920x2896\" data-vp-popup-md-img=\"https:\/\/www.lucernatv.cz\/wp-content\/uploads\/2021\/01\/12.jpeg\" data-vp-popup-md-img-size=\"800x1207\" data-vp-popup-sm-img=\"https:\/\/www.lucernatv.cz\/wp-content\/uploads\/2021\/01\/12.jpeg\" data-vp-popup-sm-img-size=\"500x754\">\n            <h3 class=\"vp-portfolio__item-popup-title\">Anna Pelik\u00e1nov\u00e1 \u2013 Portfolio 13<\/h3>\n        <\/template>\n                        <figure class=\"vp-portfolio__item\">\n                \n<div class=\"vp-portfolio__item-img-wrap\">\n    <div class=\"vp-portfolio__item-img\">\n            <a\n        href=\"https:\/\/www.lucernatv.cz\/wp-content\/uploads\/2021\/01\/12.jpeg\"\n            >\n    \n        <img decoding=\"async\" width=\"1920\" height=\"2896\" src=\"https:\/\/www.lucernatv.cz\/wp-content\/uploads\/2021\/01\/12.jpeg\" class=\"wp-image-682\" alt=\"\" srcset=\"https:\/\/www.lucernatv.cz\/wp-content\/uploads\/2021\/01\/12.jpeg 2000w, https:\/\/www.lucernatv.cz\/wp-content\/uploads\/2021\/01\/12-199x300.jpeg 199w, https:\/\/www.lucernatv.cz\/wp-content\/uploads\/2021\/01\/12-768x1159.jpeg 768w, https:\/\/www.lucernatv.cz\/wp-content\/uploads\/2021\/01\/12-716x1080.jpeg 716w, https:\/\/www.lucernatv.cz\/wp-content\/uploads\/2021\/01\/12-100x151.jpeg 100w, https:\/\/www.lucernatv.cz\/wp-content\/uploads\/2021\/01\/12-1200x1810.jpeg 1200w\" sizes=\"(max-width: 1920px) 100vw, 1920px\" \/>\n        <\/a>    <\/div>\n<\/div>\n\n<figcaption class=\"vp-portfolio__item-overlay vp-portfolio__item-overlay-text-align-center\">\n    <div class=\"vp-portfolio__item-meta-wrap vp-portfolio__custom-scrollbar\">\n            <a\n        href=\"https:\/\/www.lucernatv.cz\/wp-content\/uploads\/2021\/01\/12.jpeg\"\n        tabindex=\"-1\" class=\"vp-portfolio__item-meta\"     >\n    \n        \n<h2 class=\"vp-portfolio__item-meta-title\">\n    Anna Pelik\u00e1nov\u00e1 \u2013 Portfolio 13<\/h2>\n\n        <\/a>    <\/div>\n<\/figcaption>\n            <\/figure>\n                    <\/div>\n        \n        <div        class=\"vp-portfolio__item-wrap vp-portfolio__item-uid-6ce993e4\" data-vp-filter=\"\"         >\n            <template class=\"vp-portfolio__item-popup\" data-vp-popup-img=\"https:\/\/www.lucernatv.cz\/wp-content\/uploads\/2021\/01\/11-1.jpeg\" data-vp-popup-img-srcset=\"https:\/\/www.lucernatv.cz\/wp-content\/uploads\/2021\/01\/11-1.jpeg 2000w, https:\/\/www.lucernatv.cz\/wp-content\/uploads\/2021\/01\/11-1-300x199.jpeg 300w, https:\/\/www.lucernatv.cz\/wp-content\/uploads\/2021\/01\/11-1-768x509.jpeg 768w, https:\/\/www.lucernatv.cz\/wp-content\/uploads\/2021\/01\/11-1-1629x1080.jpeg 1629w, https:\/\/www.lucernatv.cz\/wp-content\/uploads\/2021\/01\/11-1-100x66.jpeg 100w, https:\/\/www.lucernatv.cz\/wp-content\/uploads\/2021\/01\/11-1-1200x796.jpeg 1200w\" data-vp-popup-img-size=\"1920x1273\" data-vp-popup-md-img=\"https:\/\/www.lucernatv.cz\/wp-content\/uploads\/2021\/01\/11-1.jpeg\" data-vp-popup-md-img-size=\"800x530\" data-vp-popup-sm-img=\"https:\/\/www.lucernatv.cz\/wp-content\/uploads\/2021\/01\/11-1.jpeg\" data-vp-popup-sm-img-size=\"500x332\">\n            <h3 class=\"vp-portfolio__item-popup-title\">Anna Pelik\u00e1nov\u00e1 \u2013 Portfolio 12<\/h3>\n        <\/template>\n                        <figure class=\"vp-portfolio__item\">\n                \n<div class=\"vp-portfolio__item-img-wrap\">\n    <div class=\"vp-portfolio__item-img\">\n            <a\n        href=\"https:\/\/www.lucernatv.cz\/wp-content\/uploads\/2021\/01\/11-1.jpeg\"\n            >\n    \n        <img decoding=\"async\" width=\"1920\" height=\"1273\" src=\"https:\/\/www.lucernatv.cz\/wp-content\/uploads\/2021\/01\/11-1.jpeg\" class=\"wp-image-681\" alt=\"\" srcset=\"https:\/\/www.lucernatv.cz\/wp-content\/uploads\/2021\/01\/11-1.jpeg 2000w, https:\/\/www.lucernatv.cz\/wp-content\/uploads\/2021\/01\/11-1-300x199.jpeg 300w, https:\/\/www.lucernatv.cz\/wp-content\/uploads\/2021\/01\/11-1-768x509.jpeg 768w, https:\/\/www.lucernatv.cz\/wp-content\/uploads\/2021\/01\/11-1-1629x1080.jpeg 1629w, https:\/\/www.lucernatv.cz\/wp-content\/uploads\/2021\/01\/11-1-100x66.jpeg 100w, https:\/\/www.lucernatv.cz\/wp-content\/uploads\/2021\/01\/11-1-1200x796.jpeg 1200w\" sizes=\"(max-width: 1920px) 100vw, 1920px\" \/>\n        <\/a>    <\/div>\n<\/div>\n\n<figcaption class=\"vp-portfolio__item-overlay vp-portfolio__item-overlay-text-align-center\">\n    <div class=\"vp-portfolio__item-meta-wrap vp-portfolio__custom-scrollbar\">\n            <a\n        href=\"https:\/\/www.lucernatv.cz\/wp-content\/uploads\/2021\/01\/11-1.jpeg\"\n        tabindex=\"-1\" class=\"vp-portfolio__item-meta\"     >\n    \n        \n<h2 class=\"vp-portfolio__item-meta-title\">\n    Anna Pelik\u00e1nov\u00e1 \u2013 Portfolio 12<\/h2>\n\n        <\/a>    <\/div>\n<\/figcaption>\n            <\/figure>\n                    <\/div>\n        \n        <div        class=\"vp-portfolio__item-wrap vp-portfolio__item-uid-a352c417\" data-vp-filter=\"\"         >\n            <template class=\"vp-portfolio__item-popup\" data-vp-popup-img=\"https:\/\/www.lucernatv.cz\/wp-content\/uploads\/2021\/01\/10.jpeg\" data-vp-popup-img-srcset=\"https:\/\/www.lucernatv.cz\/wp-content\/uploads\/2021\/01\/10.jpeg 1975w, https:\/\/www.lucernatv.cz\/wp-content\/uploads\/2021\/01\/10-200x300.jpeg 200w, https:\/\/www.lucernatv.cz\/wp-content\/uploads\/2021\/01\/10-768x1152.jpeg 768w, https:\/\/www.lucernatv.cz\/wp-content\/uploads\/2021\/01\/10-720x1080.jpeg 720w, https:\/\/www.lucernatv.cz\/wp-content\/uploads\/2021\/01\/10-100x150.jpeg 100w, https:\/\/www.lucernatv.cz\/wp-content\/uploads\/2021\/01\/10-1200x1800.jpeg 1200w\" data-vp-popup-img-size=\"1920x2880\" data-vp-popup-md-img=\"https:\/\/www.lucernatv.cz\/wp-content\/uploads\/2021\/01\/10.jpeg\" data-vp-popup-md-img-size=\"800x1200\" data-vp-popup-sm-img=\"https:\/\/www.lucernatv.cz\/wp-content\/uploads\/2021\/01\/10.jpeg\" data-vp-popup-sm-img-size=\"500x750\">\n            <h3 class=\"vp-portfolio__item-popup-title\">Anna Pelik\u00e1nov\u00e1 \u2013 Portfolio 11<\/h3>\n        <\/template>\n                        <figure class=\"vp-portfolio__item\">\n                \n<div class=\"vp-portfolio__item-img-wrap\">\n    <div class=\"vp-portfolio__item-img\">\n            <a\n        href=\"https:\/\/www.lucernatv.cz\/wp-content\/uploads\/2021\/01\/10.jpeg\"\n            >\n    \n        <img decoding=\"async\" width=\"1920\" height=\"2880\" src=\"https:\/\/www.lucernatv.cz\/wp-content\/uploads\/2021\/01\/10.jpeg\" class=\"wp-image-680\" alt=\"\" srcset=\"https:\/\/www.lucernatv.cz\/wp-content\/uploads\/2021\/01\/10.jpeg 1975w, https:\/\/www.lucernatv.cz\/wp-content\/uploads\/2021\/01\/10-200x300.jpeg 200w, https:\/\/www.lucernatv.cz\/wp-content\/uploads\/2021\/01\/10-768x1152.jpeg 768w, https:\/\/www.lucernatv.cz\/wp-content\/uploads\/2021\/01\/10-720x1080.jpeg 720w, https:\/\/www.lucernatv.cz\/wp-content\/uploads\/2021\/01\/10-100x150.jpeg 100w, https:\/\/www.lucernatv.cz\/wp-content\/uploads\/2021\/01\/10-1200x1800.jpeg 1200w\" sizes=\"(max-width: 1920px) 100vw, 1920px\" \/>\n        <\/a>    <\/div>\n<\/div>\n\n<figcaption class=\"vp-portfolio__item-overlay vp-portfolio__item-overlay-text-align-center\">\n    <div class=\"vp-portfolio__item-meta-wrap vp-portfolio__custom-scrollbar\">\n            <a\n        href=\"https:\/\/www.lucernatv.cz\/wp-content\/uploads\/2021\/01\/10.jpeg\"\n        tabindex=\"-1\" class=\"vp-portfolio__item-meta\"     >\n    \n        \n<h2 class=\"vp-portfolio__item-meta-title\">\n    Anna Pelik\u00e1nov\u00e1 \u2013 Portfolio 11<\/h2>\n\n        <\/a>    <\/div>\n<\/figcaption>\n            <\/figure>\n                    <\/div>\n        \n        <div        class=\"vp-portfolio__item-wrap vp-portfolio__item-uid-c0c158c5\" data-vp-filter=\"\"         >\n            <template class=\"vp-portfolio__item-popup\" data-vp-popup-img=\"https:\/\/www.lucernatv.cz\/wp-content\/uploads\/2021\/01\/9.jpeg\" data-vp-popup-img-srcset=\"https:\/\/www.lucernatv.cz\/wp-content\/uploads\/2021\/01\/9.jpeg 2000w, https:\/\/www.lucernatv.cz\/wp-content\/uploads\/2021\/01\/9-200x300.jpeg 200w, https:\/\/www.lucernatv.cz\/wp-content\/uploads\/2021\/01\/9-768x1152.jpeg 768w, https:\/\/www.lucernatv.cz\/wp-content\/uploads\/2021\/01\/9-720x1080.jpeg 720w, https:\/\/www.lucernatv.cz\/wp-content\/uploads\/2021\/01\/9-100x150.jpeg 100w, https:\/\/www.lucernatv.cz\/wp-content\/uploads\/2021\/01\/9-1200x1800.jpeg 1200w\" data-vp-popup-img-size=\"1920x2880\" data-vp-popup-md-img=\"https:\/\/www.lucernatv.cz\/wp-content\/uploads\/2021\/01\/9.jpeg\" data-vp-popup-md-img-size=\"800x1200\" data-vp-popup-sm-img=\"https:\/\/www.lucernatv.cz\/wp-content\/uploads\/2021\/01\/9.jpeg\" data-vp-popup-sm-img-size=\"500x750\">\n            <h3 class=\"vp-portfolio__item-popup-title\">Anna Pelik\u00e1nov\u00e1 \u2013 Portfolio 10<\/h3>\n        <\/template>\n                        <figure class=\"vp-portfolio__item\">\n                \n<div class=\"vp-portfolio__item-img-wrap\">\n    <div class=\"vp-portfolio__item-img\">\n            <a\n        href=\"https:\/\/www.lucernatv.cz\/wp-content\/uploads\/2021\/01\/9.jpeg\"\n            >\n    \n        <img decoding=\"async\" width=\"1920\" height=\"2880\" src=\"https:\/\/www.lucernatv.cz\/wp-content\/uploads\/2021\/01\/9.jpeg\" class=\"wp-image-679\" alt=\"\" srcset=\"https:\/\/www.lucernatv.cz\/wp-content\/uploads\/2021\/01\/9.jpeg 2000w, https:\/\/www.lucernatv.cz\/wp-content\/uploads\/2021\/01\/9-200x300.jpeg 200w, https:\/\/www.lucernatv.cz\/wp-content\/uploads\/2021\/01\/9-768x1152.jpeg 768w, https:\/\/www.lucernatv.cz\/wp-content\/uploads\/2021\/01\/9-720x1080.jpeg 720w, https:\/\/www.lucernatv.cz\/wp-content\/uploads\/2021\/01\/9-100x150.jpeg 100w, https:\/\/www.lucernatv.cz\/wp-content\/uploads\/2021\/01\/9-1200x1800.jpeg 1200w\" sizes=\"(max-width: 1920px) 100vw, 1920px\" \/>\n        <\/a>    <\/div>\n<\/div>\n\n<figcaption class=\"vp-portfolio__item-overlay vp-portfolio__item-overlay-text-align-center\">\n    <div class=\"vp-portfolio__item-meta-wrap vp-portfolio__custom-scrollbar\">\n            <a\n        href=\"https:\/\/www.lucernatv.cz\/wp-content\/uploads\/2021\/01\/9.jpeg\"\n        tabindex=\"-1\" class=\"vp-portfolio__item-meta\"     >\n    \n        \n<h2 class=\"vp-portfolio__item-meta-title\">\n    Anna Pelik\u00e1nov\u00e1 \u2013 Portfolio 10<\/h2>\n\n        <\/a>    <\/div>\n<\/figcaption>\n            <\/figure>\n                    <\/div>\n        \n        <div        class=\"vp-portfolio__item-wrap vp-portfolio__item-uid-0f7a0f36\" data-vp-filter=\"\"         >\n            <template class=\"vp-portfolio__item-popup\" data-vp-popup-img=\"https:\/\/www.lucernatv.cz\/wp-content\/uploads\/2021\/01\/8.jpeg\" data-vp-popup-img-srcset=\"https:\/\/www.lucernatv.cz\/wp-content\/uploads\/2021\/01\/8.jpeg 1999w, https:\/\/www.lucernatv.cz\/wp-content\/uploads\/2021\/01\/8-200x300.jpeg 200w, https:\/\/www.lucernatv.cz\/wp-content\/uploads\/2021\/01\/8-768x1152.jpeg 768w, https:\/\/www.lucernatv.cz\/wp-content\/uploads\/2021\/01\/8-720x1080.jpeg 720w, https:\/\/www.lucernatv.cz\/wp-content\/uploads\/2021\/01\/8-100x150.jpeg 100w, https:\/\/www.lucernatv.cz\/wp-content\/uploads\/2021\/01\/8-1200x1800.jpeg 1200w\" data-vp-popup-img-size=\"1920x2880\" data-vp-popup-md-img=\"https:\/\/www.lucernatv.cz\/wp-content\/uploads\/2021\/01\/8.jpeg\" data-vp-popup-md-img-size=\"800x1200\" data-vp-popup-sm-img=\"https:\/\/www.lucernatv.cz\/wp-content\/uploads\/2021\/01\/8.jpeg\" data-vp-popup-sm-img-size=\"500x750\">\n            <h3 class=\"vp-portfolio__item-popup-title\">Anna Pelik\u00e1nov\u00e1 \u2013 Portfolio 9<\/h3>\n        <\/template>\n                        <figure class=\"vp-portfolio__item\">\n                \n<div class=\"vp-portfolio__item-img-wrap\">\n    <div class=\"vp-portfolio__item-img\">\n            <a\n        href=\"https:\/\/www.lucernatv.cz\/wp-content\/uploads\/2021\/01\/8.jpeg\"\n            >\n    \n        <img decoding=\"async\" width=\"1920\" height=\"2880\" src=\"https:\/\/www.lucernatv.cz\/wp-content\/uploads\/2021\/01\/8.jpeg\" class=\"wp-image-678\" alt=\"\" srcset=\"https:\/\/www.lucernatv.cz\/wp-content\/uploads\/2021\/01\/8.jpeg 1999w, https:\/\/www.lucernatv.cz\/wp-content\/uploads\/2021\/01\/8-200x300.jpeg 200w, https:\/\/www.lucernatv.cz\/wp-content\/uploads\/2021\/01\/8-768x1152.jpeg 768w, https:\/\/www.lucernatv.cz\/wp-content\/uploads\/2021\/01\/8-720x1080.jpeg 720w, https:\/\/www.lucernatv.cz\/wp-content\/uploads\/2021\/01\/8-100x150.jpeg 100w, https:\/\/www.lucernatv.cz\/wp-content\/uploads\/2021\/01\/8-1200x1800.jpeg 1200w\" sizes=\"(max-width: 1920px) 100vw, 1920px\" \/>\n        <\/a>    <\/div>\n<\/div>\n\n<figcaption class=\"vp-portfolio__item-overlay vp-portfolio__item-overlay-text-align-center\">\n    <div class=\"vp-portfolio__item-meta-wrap vp-portfolio__custom-scrollbar\">\n            <a\n        href=\"https:\/\/www.lucernatv.cz\/wp-content\/uploads\/2021\/01\/8.jpeg\"\n        tabindex=\"-1\" class=\"vp-portfolio__item-meta\"     >\n    \n        \n<h2 class=\"vp-portfolio__item-meta-title\">\n    Anna Pelik\u00e1nov\u00e1 \u2013 Portfolio 9<\/h2>\n\n        <\/a>    <\/div>\n<\/figcaption>\n            <\/figure>\n                    <\/div>\n        \n        <div        class=\"vp-portfolio__item-wrap vp-portfolio__item-uid-8d70bd49\" data-vp-filter=\"\"         >\n            <template class=\"vp-portfolio__item-popup\" data-vp-popup-img=\"https:\/\/www.lucernatv.cz\/wp-content\/uploads\/2021\/01\/7.jpeg\" data-vp-popup-img-srcset=\"https:\/\/www.lucernatv.cz\/wp-content\/uploads\/2021\/01\/7.jpeg 2000w, https:\/\/www.lucernatv.cz\/wp-content\/uploads\/2021\/01\/7-200x300.jpeg 200w, https:\/\/www.lucernatv.cz\/wp-content\/uploads\/2021\/01\/7-768x1152.jpeg 768w, https:\/\/www.lucernatv.cz\/wp-content\/uploads\/2021\/01\/7-720x1080.jpeg 720w, https:\/\/www.lucernatv.cz\/wp-content\/uploads\/2021\/01\/7-100x150.jpeg 100w, https:\/\/www.lucernatv.cz\/wp-content\/uploads\/2021\/01\/7-1200x1800.jpeg 1200w\" data-vp-popup-img-size=\"1920x2880\" data-vp-popup-md-img=\"https:\/\/www.lucernatv.cz\/wp-content\/uploads\/2021\/01\/7.jpeg\" data-vp-popup-md-img-size=\"800x1200\" data-vp-popup-sm-img=\"https:\/\/www.lucernatv.cz\/wp-content\/uploads\/2021\/01\/7.jpeg\" data-vp-popup-sm-img-size=\"500x750\">\n            <h3 class=\"vp-portfolio__item-popup-title\">Anna Pelik\u00e1nov\u00e1 \u2013 Portfolio 8<\/h3>\n        <\/template>\n                        <figure class=\"vp-portfolio__item\">\n                \n<div class=\"vp-portfolio__item-img-wrap\">\n    <div class=\"vp-portfolio__item-img\">\n            <a\n        href=\"https:\/\/www.lucernatv.cz\/wp-content\/uploads\/2021\/01\/7.jpeg\"\n            >\n    \n        <img decoding=\"async\" width=\"1920\" height=\"2880\" src=\"https:\/\/www.lucernatv.cz\/wp-content\/uploads\/2021\/01\/7.jpeg\" class=\"wp-image-677\" alt=\"\" srcset=\"https:\/\/www.lucernatv.cz\/wp-content\/uploads\/2021\/01\/7.jpeg 2000w, https:\/\/www.lucernatv.cz\/wp-content\/uploads\/2021\/01\/7-200x300.jpeg 200w, https:\/\/www.lucernatv.cz\/wp-content\/uploads\/2021\/01\/7-768x1152.jpeg 768w, https:\/\/www.lucernatv.cz\/wp-content\/uploads\/2021\/01\/7-720x1080.jpeg 720w, https:\/\/www.lucernatv.cz\/wp-content\/uploads\/2021\/01\/7-100x150.jpeg 100w, https:\/\/www.lucernatv.cz\/wp-content\/uploads\/2021\/01\/7-1200x1800.jpeg 1200w\" sizes=\"(max-width: 1920px) 100vw, 1920px\" \/>\n        <\/a>    <\/div>\n<\/div>\n\n<figcaption class=\"vp-portfolio__item-overlay vp-portfolio__item-overlay-text-align-center\">\n    <div class=\"vp-portfolio__item-meta-wrap vp-portfolio__custom-scrollbar\">\n            <a\n        href=\"https:\/\/www.lucernatv.cz\/wp-content\/uploads\/2021\/01\/7.jpeg\"\n        tabindex=\"-1\" class=\"vp-portfolio__item-meta\"     >\n    \n        \n<h2 class=\"vp-portfolio__item-meta-title\">\n    Anna Pelik\u00e1nov\u00e1 \u2013 Portfolio 8<\/h2>\n\n        <\/a>    <\/div>\n<\/figcaption>\n            <\/figure>\n                    <\/div>\n        \n        <div        class=\"vp-portfolio__item-wrap vp-portfolio__item-uid-42cbeaba\" data-vp-filter=\"\"         >\n            <template class=\"vp-portfolio__item-popup\" data-vp-popup-img=\"https:\/\/www.lucernatv.cz\/wp-content\/uploads\/2021\/01\/6.jpeg\" data-vp-popup-img-srcset=\"https:\/\/www.lucernatv.cz\/wp-content\/uploads\/2021\/01\/6.jpeg 2000w, https:\/\/www.lucernatv.cz\/wp-content\/uploads\/2021\/01\/6-300x200.jpeg 300w, https:\/\/www.lucernatv.cz\/wp-content\/uploads\/2021\/01\/6-768x512.jpeg 768w, https:\/\/www.lucernatv.cz\/wp-content\/uploads\/2021\/01\/6-1619x1080.jpeg 1619w, https:\/\/www.lucernatv.cz\/wp-content\/uploads\/2021\/01\/6-100x67.jpeg 100w, https:\/\/www.lucernatv.cz\/wp-content\/uploads\/2021\/01\/6-1200x800.jpeg 1200w\" data-vp-popup-img-size=\"1920x1281\" data-vp-popup-md-img=\"https:\/\/www.lucernatv.cz\/wp-content\/uploads\/2021\/01\/6.jpeg\" data-vp-popup-md-img-size=\"800x534\" data-vp-popup-sm-img=\"https:\/\/www.lucernatv.cz\/wp-content\/uploads\/2021\/01\/6.jpeg\" data-vp-popup-sm-img-size=\"500x334\">\n            <h3 class=\"vp-portfolio__item-popup-title\">Anna Pelik\u00e1nov\u00e1 \u2013 Portfolio 7<\/h3>\n        <\/template>\n                        <figure class=\"vp-portfolio__item\">\n                \n<div class=\"vp-portfolio__item-img-wrap\">\n    <div class=\"vp-portfolio__item-img\">\n            <a\n        href=\"https:\/\/www.lucernatv.cz\/wp-content\/uploads\/2021\/01\/6.jpeg\"\n            >\n    \n        <img decoding=\"async\" width=\"1920\" height=\"1281\" src=\"https:\/\/www.lucernatv.cz\/wp-content\/uploads\/2021\/01\/6.jpeg\" class=\"wp-image-676\" alt=\"\" srcset=\"https:\/\/www.lucernatv.cz\/wp-content\/uploads\/2021\/01\/6.jpeg 2000w, https:\/\/www.lucernatv.cz\/wp-content\/uploads\/2021\/01\/6-300x200.jpeg 300w, https:\/\/www.lucernatv.cz\/wp-content\/uploads\/2021\/01\/6-768x512.jpeg 768w, https:\/\/www.lucernatv.cz\/wp-content\/uploads\/2021\/01\/6-1619x1080.jpeg 1619w, https:\/\/www.lucernatv.cz\/wp-content\/uploads\/2021\/01\/6-100x67.jpeg 100w, https:\/\/www.lucernatv.cz\/wp-content\/uploads\/2021\/01\/6-1200x800.jpeg 1200w\" sizes=\"(max-width: 1920px) 100vw, 1920px\" \/>\n        <\/a>    <\/div>\n<\/div>\n\n<figcaption class=\"vp-portfolio__item-overlay vp-portfolio__item-overlay-text-align-center\">\n    <div class=\"vp-portfolio__item-meta-wrap vp-portfolio__custom-scrollbar\">\n            <a\n        href=\"https:\/\/www.lucernatv.cz\/wp-content\/uploads\/2021\/01\/6.jpeg\"\n        tabindex=\"-1\" class=\"vp-portfolio__item-meta\"     >\n    \n        \n<h2 class=\"vp-portfolio__item-meta-title\">\n    Anna Pelik\u00e1nov\u00e1 \u2013 Portfolio 7<\/h2>\n\n        <\/a>    <\/div>\n<\/figcaption>\n            <\/figure>\n                    <\/div>\n        \n<\/div>\n        <\/div>\n        \n<\/div>\n<\/div>\n\n\n<h5 class=\"wp-block-heading\">Anna Pelik\u00e1nov\u00e1 o\u010dima Martina Mikol\u00e1\u0161ka<\/h5>\n\n\n\n<p>P\u016fsob\u00ed na oboru U\u017eit\u00e1 fotografie a m\u00e9dia. Moment\u00e1ln\u011b je ve t\u0159et\u00edm ro\u010dn\u00edku studia. O to v\u00edc ka\u017ed\u00e9ho zaujme, jak vyt\u0159\u00edben\u00fdm a vrstevnat\u00fdm v\u00fdtvarn\u00fdm jazykem se u\u017e te\u010f dok\u00e1\u017ee vyjad\u0159ovat. M\u016f\u017eeme samoz\u0159ejm\u011b spekulovat o tom, pro\u010d jej\u00ed fotografick\u00e9 pr\u00e1ce p\u016fsob\u00ed tak promy\u0161len\u00fdm a origin\u00e1ln\u00edm dojmem a pro\u010d je jej\u00ed autorsk\u00e9 vid\u011bn\u00ed tak zvl\u00e1\u0161tn\u011b p\u0159ita\u017eliv\u00e9. Ur\u010dit\u011b to m\u016f\u017ee b\u00fdt rodinn\u00fdm z\u00e1zem\u00edm, v n\u011bm\u017e \u201ev\u00fdtvarno\u201c hr\u00e1lo a hraje d\u016fle\u017eitou roli. To by ale k vysv\u011btlen\u00ed zdaleka nesta\u010dilo. Anna toti\u017e u\u017e d\u00e1vno nenapodobuje ani slo\u017eit\u011b nehled\u00e1, ale jaksi mimochodem a p\u0159irozen\u011b nach\u00e1z\u00ed to, jak se m\u00e1 a d\u00e1 prost\u0159ednictv\u00edm fotografie vyjad\u0159ovat. Fotografii pou\u017e\u00edv\u00e1 jako n\u00e1stroj k reflexi vlastn\u00edho sv\u011bta. Nasn\u00edman\u00fdmi obrazy introspektivn\u011b reflektuje sama sebe, sv\u00e9 n\u00e1lady, psychick\u00e9 stavy, rodinn\u00e9 ud\u00e1losti.<\/p>\n\n\n\n<p>Zkou\u0161\u00ed ps\u00e1t i poezii. Podle m\u00e9ho n\u00e1zoru je tato jej\u00ed zku\u0161enost d\u016fle\u017eit\u00e1 pro rozvoj schopnosti soust\u0159edit se na detail skute\u010dnosti a vyhm\u00e1tnout pr\u00e1v\u011b to, co m\u016f\u017ee b\u00fdt symbolick\u00fdm z\u00e1stupcem celku v\u0161ech t\u011bchto pocit\u016f a ud\u00e1lost\u00ed. V prezentovan\u00e9m cyklu fotografi\u00ed pracovala s analogovou technologi\u00ed. Ponoukalo by to k domn\u011bnk\u00e1m o zjednodu\u0161en\u00e9 fascinaci retro technologi\u00ed. Jej\u00ed pr\u00e1ce ale dokazuj\u00ed, \u017ee tu rozhodn\u011b nejsme sv\u011bdky form\u00e1ln\u00ed a technick\u00e9 hry dop\u0159edu rezignuj\u00edc\u00ed na obsahov\u00e1 sd\u011blen\u00ed. Jej\u00ed sn\u00edmky vykazuj\u00ed evidentn\u00ed znaky sou\u010dasn\u00e9 fotografick\u00e9 estetiky, pro kterou je d\u016fle\u017eit\u00e1 nejen snaha o pr\u00e1ci s v\u00fdseky skute\u010dnosti, s barevnost\u00ed, ostrost\u00ed a neostrost\u00ed, s klipovou a instagramovou estetikou ale i s t\u00edm, jak vysoce osobn\u00ed m\u016f\u017ee a m\u00e1 b\u00fdt autorsk\u00e1 vizu\u00e1ln\u00ed v\u00fdpov\u011b\u010f. Anna ostatn\u011b pr\u00e1v\u011b v t\u00e9to souvislosti mluv\u00ed o tom, \u017ee pr\u00e1ce s fotografi\u00ed j\u00ed slou\u017e\u00ed nejen k reflektov\u00e1n\u00ed \u017eivotn\u00edch situac\u00ed, kter\u00e9 zakou\u0161\u00ed a se kter\u00fdmi se vyrovn\u00e1v\u00e1, ale \u017ee je pro ni sv\u00fdm zp\u016fsobem jakousi osobn\u00ed terapi\u00ed, kter\u00e1 j\u00ed d\u00e1v\u00e1 mo\u017enost vych\u00e1zet ze sv\u00e9ho osobn\u00edho sv\u011bta (do n\u011bj\u017e se jinak velice \u010dasto hluboce uzav\u00edr\u00e1) sm\u011brem ven, a dost\u00e1vat se tak do kontaktu se sv\u00fdm okol\u00edm. Jej\u00ed sn\u00edmky m\u016f\u017eeme tedy vn\u00edmat i jako osobit\u011b formulovanou \u0159e\u010d, kter\u00e1 nepot\u0159ebuje slova, a tak\u00e9 jako sum\u00e1\u0159 dotek\u016f, kter\u00e9 snad mohou nahradit fyzick\u00fd kontakt.<\/p>\n","protected":false},"excerpt":{"rendered":"<p>Anna Pelik\u00e1nov\u00e1 o\u010dima Martina Mikol\u00e1\u0161ka P\u016fsob\u00ed na oboru U\u017eit\u00e1 fotografie a m\u00e9dia. Moment\u00e1ln\u011b je ve t\u0159et\u00edm ro\u010dn\u00edku studia. O to v\u00edc ka\u017ed\u00e9ho zaujme, jak vyt\u0159\u00edben\u00fdm a vrstevnat\u00fdm v\u00fdtvarn\u00fdm jazykem se u\u017e te\u010f dok\u00e1\u017ee vyjad\u0159ovat. M\u016f\u017eeme samoz\u0159ejm\u011b spekulovat o tom, pro\u010d jej\u00ed fotografick\u00e9 pr\u00e1ce p\u016fsob\u00ed tak promy\u0161len\u00fdm a origin\u00e1ln\u00edm dojmem a pro\u010d je jej\u00ed autorsk\u00e9 vid\u011bn\u00ed&hellip;&nbsp;<a href=\"https:\/\/www.lucernatv.cz\/index.php\/2021\/02\/11\/30-let-sus-ostrava-anna-pelikanova\/\" class=\"\" rel=\"bookmark\">\u010c\u00edst d\u00e1le &raquo;<span class=\"screen-reader-text\">30 let SU\u0160 Ostrava \u2013 Anna Pelik\u00e1nov\u00e1<\/span><\/a><\/p>\n","protected":false},"author":1,"featured_media":668,"comment_status":"closed","ping_status":"open","sticky":false,"template":"","format":"standard","meta":{"inline_featured_image":false,"_uag_custom_page_level_css":"","neve_meta_sidebar":"","neve_meta_container":"","neve_meta_enable_content_width":"","neve_meta_content_width":0,"neve_meta_title_alignment":"","neve_meta_author_avatar":"","neve_post_elements_order":"","neve_meta_disable_header":"","neve_meta_disable_footer":"","neve_meta_disable_title":"","_vp_format_video_url":"","_vp_image_focal_point":[]},"categories":[3,12],"tags":[31,26],"yoast_head":"<!-- This site is optimized with the Yoast SEO plugin v20.12 - https:\/\/yoast.com\/wordpress\/plugins\/seo\/ -->\n<title>30 let SU\u0160 Ostrava \u2013 Anna Pelik\u00e1nov\u00e1 - lucernatv.cz<\/title>\n<meta name=\"robots\" content=\"index, follow, max-snippet:-1, max-image-preview:large, max-video-preview:-1\" \/>\n<link rel=\"canonical\" href=\"https:\/\/www.lucernatv.cz\/index.php\/2021\/02\/11\/30-let-sus-ostrava-anna-pelikanova\/\" \/>\n<meta property=\"og:locale\" content=\"cs_CZ\" \/>\n<meta property=\"og:type\" content=\"article\" \/>\n<meta property=\"og:title\" content=\"30 let SU\u0160 Ostrava \u2013 Anna Pelik\u00e1nov\u00e1 - lucernatv.cz\" \/>\n<meta property=\"og:description\" content=\"Anna Pelik\u00e1nov\u00e1 o\u010dima Martina Mikol\u00e1\u0161ka P\u016fsob\u00ed na oboru U\u017eit\u00e1 fotografie a m\u00e9dia. Moment\u00e1ln\u011b je ve t\u0159et\u00edm ro\u010dn\u00edku studia. O to v\u00edc ka\u017ed\u00e9ho zaujme, jak vyt\u0159\u00edben\u00fdm a vrstevnat\u00fdm v\u00fdtvarn\u00fdm jazykem se u\u017e te\u010f dok\u00e1\u017ee vyjad\u0159ovat. M\u016f\u017eeme samoz\u0159ejm\u011b spekulovat o tom, pro\u010d jej\u00ed fotografick\u00e9 pr\u00e1ce p\u016fsob\u00ed tak promy\u0161len\u00fdm a origin\u00e1ln\u00edm dojmem a pro\u010d je jej\u00ed autorsk\u00e9 vid\u011bn\u00ed&hellip;&nbsp;\u010c\u00edst d\u00e1le &raquo;30 let SU\u0160 Ostrava \u2013 Anna Pelik\u00e1nov\u00e1\" \/>\n<meta property=\"og:url\" content=\"https:\/\/www.lucernatv.cz\/index.php\/2021\/02\/11\/30-let-sus-ostrava-anna-pelikanova\/\" \/>\n<meta property=\"og:site_name\" content=\"lucernatv.cz\" \/>\n<meta property=\"article:publisher\" content=\"https:\/\/www.facebook.com\/avtopava\" \/>\n<meta property=\"article:published_time\" content=\"2021-02-11T12:57:55+00:00\" \/>\n<meta property=\"article:modified_time\" content=\"2021-02-13T12:53:24+00:00\" \/>\n<meta property=\"og:image\" content=\"https:\/\/www.lucernatv.cz\/wp-content\/uploads\/2021\/01\/Cover-SUS\u030c.jpeg\" \/>\n\t<meta property=\"og:image:width\" content=\"1920\" \/>\n\t<meta property=\"og:image:height\" content=\"1080\" \/>\n\t<meta property=\"og:image:type\" content=\"image\/jpeg\" \/>\n<meta name=\"author\" content=\"lucernatvc\" \/>\n<meta name=\"twitter:card\" content=\"summary_large_image\" \/>\n<meta name=\"twitter:label1\" content=\"Napsal(a)\" \/>\n\t<meta name=\"twitter:data1\" content=\"lucernatvc\" \/>\n\t<meta name=\"twitter:label2\" content=\"Odhadovan\u00e1 doba \u010dten\u00ed\" \/>\n\t<meta name=\"twitter:data2\" content=\"2 minuty\" \/>\n<script type=\"application\/ld+json\" class=\"yoast-schema-graph\">{\"@context\":\"https:\/\/schema.org\",\"@graph\":[{\"@type\":\"Article\",\"@id\":\"https:\/\/www.lucernatv.cz\/index.php\/2021\/02\/11\/30-let-sus-ostrava-anna-pelikanova\/#article\",\"isPartOf\":{\"@id\":\"https:\/\/www.lucernatv.cz\/index.php\/2021\/02\/11\/30-let-sus-ostrava-anna-pelikanova\/\"},\"author\":{\"name\":\"lucernatvc\",\"@id\":\"https:\/\/www.lucernatv.cz\/#\/schema\/person\/fdc6b3778fe63c82ba7479978ad159ad\"},\"headline\":\"30 let SU\u0160 Ostrava \u2013 Anna Pelik\u00e1nov\u00e1\",\"datePublished\":\"2021-02-11T12:57:55+00:00\",\"dateModified\":\"2021-02-13T12:53:24+00:00\",\"mainEntityOfPage\":{\"@id\":\"https:\/\/www.lucernatv.cz\/index.php\/2021\/02\/11\/30-let-sus-ostrava-anna-pelikanova\/\"},\"wordCount\":456,\"publisher\":{\"@id\":\"https:\/\/www.lucernatv.cz\/#organization\"},\"keywords\":[\"30 let SU\u0160 Ostrava\",\"galerie\"],\"articleSection\":[\"Kultura\",\"v\u00fdtvarn\u00e9 um\u011bn\u00ed, architektura a ve\u0159ejn\u00fd prostor\"],\"inLanguage\":\"cs\"},{\"@type\":\"WebPage\",\"@id\":\"https:\/\/www.lucernatv.cz\/index.php\/2021\/02\/11\/30-let-sus-ostrava-anna-pelikanova\/\",\"url\":\"https:\/\/www.lucernatv.cz\/index.php\/2021\/02\/11\/30-let-sus-ostrava-anna-pelikanova\/\",\"name\":\"30 let SU\u0160 Ostrava \u2013 Anna Pelik\u00e1nov\u00e1 - lucernatv.cz\",\"isPartOf\":{\"@id\":\"https:\/\/www.lucernatv.cz\/#website\"},\"datePublished\":\"2021-02-11T12:57:55+00:00\",\"dateModified\":\"2021-02-13T12:53:24+00:00\",\"breadcrumb\":{\"@id\":\"https:\/\/www.lucernatv.cz\/index.php\/2021\/02\/11\/30-let-sus-ostrava-anna-pelikanova\/#breadcrumb\"},\"inLanguage\":\"cs\",\"potentialAction\":[{\"@type\":\"ReadAction\",\"target\":[\"https:\/\/www.lucernatv.cz\/index.php\/2021\/02\/11\/30-let-sus-ostrava-anna-pelikanova\/\"]}]},{\"@type\":\"BreadcrumbList\",\"@id\":\"https:\/\/www.lucernatv.cz\/index.php\/2021\/02\/11\/30-let-sus-ostrava-anna-pelikanova\/#breadcrumb\",\"itemListElement\":[{\"@type\":\"ListItem\",\"position\":1,\"name\":\"Dom\u016f\",\"item\":\"https:\/\/www.lucernatv.cz\/\"},{\"@type\":\"ListItem\",\"position\":2,\"name\":\"30 let SU\u0160 Ostrava \u2013 Anna Pelik\u00e1nov\u00e1\"}]},{\"@type\":\"WebSite\",\"@id\":\"https:\/\/www.lucernatv.cz\/#website\",\"url\":\"https:\/\/www.lucernatv.cz\/\",\"name\":\"lucernatv.cz\",\"description\":\"Vzd\u011bl\u00e1vac\u00ed televize\",\"publisher\":{\"@id\":\"https:\/\/www.lucernatv.cz\/#organization\"},\"alternateName\":\"Lucerna TV\",\"potentialAction\":[{\"@type\":\"SearchAction\",\"target\":{\"@type\":\"EntryPoint\",\"urlTemplate\":\"https:\/\/www.lucernatv.cz\/?s={search_term_string}\"},\"query-input\":\"required name=search_term_string\"}],\"inLanguage\":\"cs\"},{\"@type\":\"Organization\",\"@id\":\"https:\/\/www.lucernatv.cz\/#organization\",\"name\":\"Lucerna TV\",\"url\":\"https:\/\/www.lucernatv.cz\/\",\"logo\":{\"@type\":\"ImageObject\",\"inLanguage\":\"cs\",\"@id\":\"https:\/\/www.lucernatv.cz\/#\/schema\/logo\/image\/\",\"url\":\"https:\/\/www.lucernatv.cz\/wp-content\/uploads\/2021\/02\/logo.svg\",\"contentUrl\":\"https:\/\/www.lucernatv.cz\/wp-content\/uploads\/2021\/02\/logo.svg\",\"width\":128,\"height\":41,\"caption\":\"Lucerna TV\"},\"image\":{\"@id\":\"https:\/\/www.lucernatv.cz\/#\/schema\/logo\/image\/\"},\"sameAs\":[\"https:\/\/www.facebook.com\/avtopava\",\"https:\/\/www.youtube.com\/channel\/UCtP8PPWG9JatWSMsKMOvdDg\"]},{\"@type\":\"Person\",\"@id\":\"https:\/\/www.lucernatv.cz\/#\/schema\/person\/fdc6b3778fe63c82ba7479978ad159ad\",\"name\":\"lucernatvc\",\"image\":{\"@type\":\"ImageObject\",\"inLanguage\":\"cs\",\"@id\":\"https:\/\/www.lucernatv.cz\/#\/schema\/person\/image\/\",\"url\":\"https:\/\/secure.gravatar.com\/avatar\/5b7905a95103f5227c1afd8b2a10f058?s=96&d=mm&r=g\",\"contentUrl\":\"https:\/\/secure.gravatar.com\/avatar\/5b7905a95103f5227c1afd8b2a10f058?s=96&d=mm&r=g\",\"caption\":\"lucernatvc\"},\"url\":\"https:\/\/www.lucernatv.cz\/index.php\/author\/lucernatvc\/\"}]}<\/script>\n<!-- \/ Yoast SEO plugin. -->","yoast_head_json":{"title":"30 let SU\u0160 Ostrava \u2013 Anna Pelik\u00e1nov\u00e1 - lucernatv.cz","robots":{"index":"index","follow":"follow","max-snippet":"max-snippet:-1","max-image-preview":"max-image-preview:large","max-video-preview":"max-video-preview:-1"},"canonical":"https:\/\/www.lucernatv.cz\/index.php\/2021\/02\/11\/30-let-sus-ostrava-anna-pelikanova\/","og_locale":"cs_CZ","og_type":"article","og_title":"30 let SU\u0160 Ostrava \u2013 Anna Pelik\u00e1nov\u00e1 - lucernatv.cz","og_description":"Anna Pelik\u00e1nov\u00e1 o\u010dima Martina Mikol\u00e1\u0161ka P\u016fsob\u00ed na oboru U\u017eit\u00e1 fotografie a m\u00e9dia. Moment\u00e1ln\u011b je ve t\u0159et\u00edm ro\u010dn\u00edku studia. O to v\u00edc ka\u017ed\u00e9ho zaujme, jak vyt\u0159\u00edben\u00fdm a vrstevnat\u00fdm v\u00fdtvarn\u00fdm jazykem se u\u017e te\u010f dok\u00e1\u017ee vyjad\u0159ovat. M\u016f\u017eeme samoz\u0159ejm\u011b spekulovat o tom, pro\u010d jej\u00ed fotografick\u00e9 pr\u00e1ce p\u016fsob\u00ed tak promy\u0161len\u00fdm a origin\u00e1ln\u00edm dojmem a pro\u010d je jej\u00ed autorsk\u00e9 vid\u011bn\u00ed&hellip;&nbsp;\u010c\u00edst d\u00e1le &raquo;30 let SU\u0160 Ostrava \u2013 Anna Pelik\u00e1nov\u00e1","og_url":"https:\/\/www.lucernatv.cz\/index.php\/2021\/02\/11\/30-let-sus-ostrava-anna-pelikanova\/","og_site_name":"lucernatv.cz","article_publisher":"https:\/\/www.facebook.com\/avtopava","article_published_time":"2021-02-11T12:57:55+00:00","article_modified_time":"2021-02-13T12:53:24+00:00","og_image":[{"width":1920,"height":1080,"url":"https:\/\/www.lucernatv.cz\/wp-content\/uploads\/2021\/01\/Cover-SUS\u030c.jpeg","type":"image\/jpeg"}],"author":"lucernatvc","twitter_card":"summary_large_image","twitter_misc":{"Napsal(a)":"lucernatvc","Odhadovan\u00e1 doba \u010dten\u00ed":"2 minuty"},"schema":{"@context":"https:\/\/schema.org","@graph":[{"@type":"Article","@id":"https:\/\/www.lucernatv.cz\/index.php\/2021\/02\/11\/30-let-sus-ostrava-anna-pelikanova\/#article","isPartOf":{"@id":"https:\/\/www.lucernatv.cz\/index.php\/2021\/02\/11\/30-let-sus-ostrava-anna-pelikanova\/"},"author":{"name":"lucernatvc","@id":"https:\/\/www.lucernatv.cz\/#\/schema\/person\/fdc6b3778fe63c82ba7479978ad159ad"},"headline":"30 let SU\u0160 Ostrava \u2013 Anna Pelik\u00e1nov\u00e1","datePublished":"2021-02-11T12:57:55+00:00","dateModified":"2021-02-13T12:53:24+00:00","mainEntityOfPage":{"@id":"https:\/\/www.lucernatv.cz\/index.php\/2021\/02\/11\/30-let-sus-ostrava-anna-pelikanova\/"},"wordCount":456,"publisher":{"@id":"https:\/\/www.lucernatv.cz\/#organization"},"keywords":["30 let SU\u0160 Ostrava","galerie"],"articleSection":["Kultura","v\u00fdtvarn\u00e9 um\u011bn\u00ed, architektura a ve\u0159ejn\u00fd prostor"],"inLanguage":"cs"},{"@type":"WebPage","@id":"https:\/\/www.lucernatv.cz\/index.php\/2021\/02\/11\/30-let-sus-ostrava-anna-pelikanova\/","url":"https:\/\/www.lucernatv.cz\/index.php\/2021\/02\/11\/30-let-sus-ostrava-anna-pelikanova\/","name":"30 let SU\u0160 Ostrava \u2013 Anna Pelik\u00e1nov\u00e1 - lucernatv.cz","isPartOf":{"@id":"https:\/\/www.lucernatv.cz\/#website"},"datePublished":"2021-02-11T12:57:55+00:00","dateModified":"2021-02-13T12:53:24+00:00","breadcrumb":{"@id":"https:\/\/www.lucernatv.cz\/index.php\/2021\/02\/11\/30-let-sus-ostrava-anna-pelikanova\/#breadcrumb"},"inLanguage":"cs","potentialAction":[{"@type":"ReadAction","target":["https:\/\/www.lucernatv.cz\/index.php\/2021\/02\/11\/30-let-sus-ostrava-anna-pelikanova\/"]}]},{"@type":"BreadcrumbList","@id":"https:\/\/www.lucernatv.cz\/index.php\/2021\/02\/11\/30-let-sus-ostrava-anna-pelikanova\/#breadcrumb","itemListElement":[{"@type":"ListItem","position":1,"name":"Dom\u016f","item":"https:\/\/www.lucernatv.cz\/"},{"@type":"ListItem","position":2,"name":"30 let SU\u0160 Ostrava \u2013 Anna Pelik\u00e1nov\u00e1"}]},{"@type":"WebSite","@id":"https:\/\/www.lucernatv.cz\/#website","url":"https:\/\/www.lucernatv.cz\/","name":"lucernatv.cz","description":"Vzd\u011bl\u00e1vac\u00ed televize","publisher":{"@id":"https:\/\/www.lucernatv.cz\/#organization"},"alternateName":"Lucerna TV","potentialAction":[{"@type":"SearchAction","target":{"@type":"EntryPoint","urlTemplate":"https:\/\/www.lucernatv.cz\/?s={search_term_string}"},"query-input":"required name=search_term_string"}],"inLanguage":"cs"},{"@type":"Organization","@id":"https:\/\/www.lucernatv.cz\/#organization","name":"Lucerna TV","url":"https:\/\/www.lucernatv.cz\/","logo":{"@type":"ImageObject","inLanguage":"cs","@id":"https:\/\/www.lucernatv.cz\/#\/schema\/logo\/image\/","url":"https:\/\/www.lucernatv.cz\/wp-content\/uploads\/2021\/02\/logo.svg","contentUrl":"https:\/\/www.lucernatv.cz\/wp-content\/uploads\/2021\/02\/logo.svg","width":128,"height":41,"caption":"Lucerna TV"},"image":{"@id":"https:\/\/www.lucernatv.cz\/#\/schema\/logo\/image\/"},"sameAs":["https:\/\/www.facebook.com\/avtopava","https:\/\/www.youtube.com\/channel\/UCtP8PPWG9JatWSMsKMOvdDg"]},{"@type":"Person","@id":"https:\/\/www.lucernatv.cz\/#\/schema\/person\/fdc6b3778fe63c82ba7479978ad159ad","name":"lucernatvc","image":{"@type":"ImageObject","inLanguage":"cs","@id":"https:\/\/www.lucernatv.cz\/#\/schema\/person\/image\/","url":"https:\/\/secure.gravatar.com\/avatar\/5b7905a95103f5227c1afd8b2a10f058?s=96&d=mm&r=g","contentUrl":"https:\/\/secure.gravatar.com\/avatar\/5b7905a95103f5227c1afd8b2a10f058?s=96&d=mm&r=g","caption":"lucernatvc"},"url":"https:\/\/www.lucernatv.cz\/index.php\/author\/lucernatvc\/"}]}},"uagb_featured_image_src":{"full":["https:\/\/www.lucernatv.cz\/wp-content\/uploads\/2021\/01\/Cover-SUS\u030c.jpeg",1920,1080,false],"thumbnail":["https:\/\/www.lucernatv.cz\/wp-content\/uploads\/2021\/01\/Cover-SUS\u030c-150x150.jpeg",150,150,true],"medium":["https:\/\/www.lucernatv.cz\/wp-content\/uploads\/2021\/01\/Cover-SUS\u030c-300x169.jpeg",300,169,true],"medium_large":["https:\/\/www.lucernatv.cz\/wp-content\/uploads\/2021\/01\/Cover-SUS\u030c-768x432.jpeg",768,432,true],"large":["https:\/\/www.lucernatv.cz\/wp-content\/uploads\/2021\/01\/Cover-SUS\u030c.jpeg",1200,675,false],"1536x1536":["https:\/\/www.lucernatv.cz\/wp-content\/uploads\/2021\/01\/Cover-SUS\u030c.jpeg",1536,864,false],"2048x2048":["https:\/\/www.lucernatv.cz\/wp-content\/uploads\/2021\/01\/Cover-SUS\u030c.jpeg",1920,1080,false],"ultp_layout_landscape_large":["https:\/\/www.lucernatv.cz\/wp-content\/uploads\/2021\/01\/Cover-SUS\u030c.jpeg",1200,675,false],"ultp_layout_landscape":["https:\/\/www.lucernatv.cz\/wp-content\/uploads\/2021\/01\/Cover-SUS\u030c.jpeg",870,489,false],"ultp_layout_portrait":["https:\/\/www.lucernatv.cz\/wp-content\/uploads\/2021\/01\/Cover-SUS\u030c.jpeg",600,338,false],"ultp_layout_square":["https:\/\/www.lucernatv.cz\/wp-content\/uploads\/2021\/01\/Cover-SUS\u030c.jpeg",600,338,false],"vp_sm":["https:\/\/www.lucernatv.cz\/wp-content\/uploads\/2021\/01\/Cover-SUS\u030c.jpeg",500,281,false],"vp_md":["https:\/\/www.lucernatv.cz\/wp-content\/uploads\/2021\/01\/Cover-SUS\u030c.jpeg",800,450,false],"vp_lg":["https:\/\/www.lucernatv.cz\/wp-content\/uploads\/2021\/01\/Cover-SUS\u030c.jpeg",1280,720,false],"vp_xl":["https:\/\/www.lucernatv.cz\/wp-content\/uploads\/2021\/01\/Cover-SUS\u030c.jpeg",1920,1080,false],"vp_sm_popup":["https:\/\/www.lucernatv.cz\/wp-content\/uploads\/2021\/01\/Cover-SUS\u030c.jpeg",500,281,false],"vp_md_popup":["https:\/\/www.lucernatv.cz\/wp-content\/uploads\/2021\/01\/Cover-SUS\u030c.jpeg",800,450,false],"vp_xl_popup":["https:\/\/www.lucernatv.cz\/wp-content\/uploads\/2021\/01\/Cover-SUS\u030c.jpeg",1920,1080,false],"neve-blog":["https:\/\/www.lucernatv.cz\/wp-content\/uploads\/2021\/01\/Cover-SUS\u030c.jpeg",930,523,false]},"uagb_author_info":{"display_name":"lucernatvc","author_link":"https:\/\/www.lucernatv.cz\/index.php\/author\/lucernatvc\/"},"uagb_comment_info":0,"uagb_excerpt":"Anna Pelik\u00e1nov\u00e1 o\u010dima Martina Mikol\u00e1\u0161ka P\u016fsob\u00ed na oboru U\u017eit\u00e1 fotografie a m\u00e9dia. Moment\u00e1ln\u011b je ve t\u0159et\u00edm ro\u010dn\u00edku studia. O to v\u00edc ka\u017ed\u00e9ho zaujme, jak vyt\u0159\u00edben\u00fdm a vrstevnat\u00fdm v\u00fdtvarn\u00fdm jazykem se u\u017e te\u010f dok\u00e1\u017ee vyjad\u0159ovat. M\u016f\u017eeme samoz\u0159ejm\u011b spekulovat o tom, pro\u010d jej\u00ed fotografick\u00e9 pr\u00e1ce p\u016fsob\u00ed tak promy\u0161len\u00fdm a origin\u00e1ln\u00edm dojmem a pro\u010d je jej\u00ed autorsk\u00e9 vid\u011bn\u00ed&hellip;&nbsp;\u010c\u00edst&hellip;","_links":{"self":[{"href":"https:\/\/www.lucernatv.cz\/index.php\/wp-json\/wp\/v2\/posts\/943"}],"collection":[{"href":"https:\/\/www.lucernatv.cz\/index.php\/wp-json\/wp\/v2\/posts"}],"about":[{"href":"https:\/\/www.lucernatv.cz\/index.php\/wp-json\/wp\/v2\/types\/post"}],"author":[{"embeddable":true,"href":"https:\/\/www.lucernatv.cz\/index.php\/wp-json\/wp\/v2\/users\/1"}],"replies":[{"embeddable":true,"href":"https:\/\/www.lucernatv.cz\/index.php\/wp-json\/wp\/v2\/comments?post=943"}],"version-history":[{"count":1,"href":"https:\/\/www.lucernatv.cz\/index.php\/wp-json\/wp\/v2\/posts\/943\/revisions"}],"predecessor-version":[{"id":944,"href":"https:\/\/www.lucernatv.cz\/index.php\/wp-json\/wp\/v2\/posts\/943\/revisions\/944"}],"wp:featuredmedia":[{"embeddable":true,"href":"https:\/\/www.lucernatv.cz\/index.php\/wp-json\/wp\/v2\/media\/668"}],"wp:attachment":[{"href":"https:\/\/www.lucernatv.cz\/index.php\/wp-json\/wp\/v2\/media?parent=943"}],"wp:term":[{"taxonomy":"category","embeddable":true,"href":"https:\/\/www.lucernatv.cz\/index.php\/wp-json\/wp\/v2\/categories?post=943"},{"taxonomy":"post_tag","embeddable":true,"href":"https:\/\/www.lucernatv.cz\/index.php\/wp-json\/wp\/v2\/tags?post=943"}],"curies":[{"name":"wp","href":"https:\/\/api.w.org\/{rel}","templated":true}]}}