{"id":941,"date":"2021-02-11T12:53:36","date_gmt":"2021-02-11T12:53:36","guid":{"rendered":"https:\/\/www.lucernatv.cz\/?p=941"},"modified":"2021-02-17T12:54:01","modified_gmt":"2021-02-17T12:54:01","slug":"30-let-sus-ostrava-ondrej-kubik","status":"publish","type":"post","link":"https:\/\/www.lucernatv.cz\/index.php\/2021\/02\/11\/30-let-sus-ostrava-ondrej-kubik\/","title":{"rendered":"30 let SU\u0160 Ostrava \u2013 Ond\u0159ej Kub\u00edk"},"content":{"rendered":"<div class=\"wp-block-visual-portfolio\">\n<div class=\"vp-portfolio vp-uid-a75ffb42 vp-id-Z1NMU1K\"\n    data-vp-layout=\"masonry\" data-vp-content-source=\"images\" data-vp-items-style=\"fly\" data-vp-items-click-action=\"popup_gallery\" data-vp-items-gap=\"15\" data-vp-items-gap-vertical=\"\" data-vp-pagination=\"load-more\" data-vp-next-page-url=\"\" data-vp-masonry-columns=\"3\" >\n    <div class=\"vp-portfolio__preloader-wrap\">\n        <div class=\"vp-portfolio__preloader\">\n            <img decoding=\"async\" loading=\"eager\" src=\"https:\/\/www.lucernatv.cz\/wp-content\/plugins\/visual-portfolio\/assets\/images\/logo-dark.svg\" alt=\"Visual Portfolio, Posts &amp; Image Gallery for WordPress\" width=\"20\" height=\"20\" data-skip-lazy>\n        <\/div>\n    <\/div>\n        <div class=\"vp-portfolio__items-wrap\">\n            \n<div class=\"vp-portfolio__items vp-portfolio__items-style-fly vp-portfolio__items-show-overlay-hover\">\n\n        <div        class=\"vp-portfolio__item-wrap vp-portfolio__item-uid-6025d0b0\" data-vp-filter=\"\"         >\n            <template class=\"vp-portfolio__item-popup\" data-vp-popup-img=\"https:\/\/www.lucernatv.cz\/wp-content\/uploads\/2021\/01\/Vi\u0300ber-prac\u00a1-Kubik_Stra\u0301nka_01.jpg\" data-vp-popup-img-srcset=\"https:\/\/www.lucernatv.cz\/wp-content\/uploads\/2021\/01\/Vi\u0300ber-prac\u00a1-Kubik_Stra\u0301nka_01.jpg 4961w, https:\/\/www.lucernatv.cz\/wp-content\/uploads\/2021\/01\/Vi\u0300ber-prac\u00a1-Kubik_Stra\u0301nka_01-300x212.jpg 300w, https:\/\/www.lucernatv.cz\/wp-content\/uploads\/2021\/01\/Vi\u0300ber-prac\u00a1-Kubik_Stra\u0301nka_01-768x543.jpg 768w, https:\/\/www.lucernatv.cz\/wp-content\/uploads\/2021\/01\/Vi\u0300ber-prac\u00a1-Kubik_Stra\u0301nka_01-1527x1080.jpg 1527w, https:\/\/www.lucernatv.cz\/wp-content\/uploads\/2021\/01\/Vi\u0300ber-prac\u00a1-Kubik_Stra\u0301nka_01-100x71.jpg 100w, https:\/\/www.lucernatv.cz\/wp-content\/uploads\/2021\/01\/Vi\u0300ber-prac\u00a1-Kubik_Stra\u0301nka_01-1200x849.jpg 1200w\" data-vp-popup-img-size=\"1920x1358\" data-vp-popup-md-img=\"https:\/\/www.lucernatv.cz\/wp-content\/uploads\/2021\/01\/Vi\u0300ber-prac\u00a1-Kubik_Stra\u0301nka_01.jpg\" data-vp-popup-md-img-size=\"800x566\" data-vp-popup-sm-img=\"https:\/\/www.lucernatv.cz\/wp-content\/uploads\/2021\/01\/Vi\u0300ber-prac\u00a1-Kubik_Stra\u0301nka_01.jpg\" data-vp-popup-sm-img-size=\"500x354\">\n            <h3 class=\"vp-portfolio__item-popup-title\">Ond\u0159ej Kub\u00edk \u2013 Portfolio<\/h3>\n        <\/template>\n                        <figure class=\"vp-portfolio__item\">\n                \n<div class=\"vp-portfolio__item-img-wrap\">\n    <div class=\"vp-portfolio__item-img\">\n            <a\n        href=\"https:\/\/www.lucernatv.cz\/wp-content\/uploads\/2021\/01\/Vi\u0300ber-prac\u00a1-Kubik_Stra\u0301nka_01.jpg\"\n            >\n    \n        <img decoding=\"async\" width=\"1920\" height=\"1358\" src=\"https:\/\/www.lucernatv.cz\/wp-content\/uploads\/2021\/01\/Vi\u0300ber-prac\u00a1-Kubik_Stra\u0301nka_01.jpg\" class=\"wp-image-610\" alt=\"\" srcset=\"https:\/\/www.lucernatv.cz\/wp-content\/uploads\/2021\/01\/Vi\u0300ber-prac\u00a1-Kubik_Stra\u0301nka_01.jpg 4961w, https:\/\/www.lucernatv.cz\/wp-content\/uploads\/2021\/01\/Vi\u0300ber-prac\u00a1-Kubik_Stra\u0301nka_01-300x212.jpg 300w, https:\/\/www.lucernatv.cz\/wp-content\/uploads\/2021\/01\/Vi\u0300ber-prac\u00a1-Kubik_Stra\u0301nka_01-768x543.jpg 768w, https:\/\/www.lucernatv.cz\/wp-content\/uploads\/2021\/01\/Vi\u0300ber-prac\u00a1-Kubik_Stra\u0301nka_01-1527x1080.jpg 1527w, https:\/\/www.lucernatv.cz\/wp-content\/uploads\/2021\/01\/Vi\u0300ber-prac\u00a1-Kubik_Stra\u0301nka_01-100x71.jpg 100w, https:\/\/www.lucernatv.cz\/wp-content\/uploads\/2021\/01\/Vi\u0300ber-prac\u00a1-Kubik_Stra\u0301nka_01-1200x849.jpg 1200w\" sizes=\"(max-width: 1920px) 100vw, 1920px\" \/>\n        <\/a>    <\/div>\n<\/div>\n\n<figcaption class=\"vp-portfolio__item-overlay vp-portfolio__item-overlay-text-align-center\">\n    <div class=\"vp-portfolio__item-meta-wrap vp-portfolio__custom-scrollbar\">\n            <a\n        href=\"https:\/\/www.lucernatv.cz\/wp-content\/uploads\/2021\/01\/Vi\u0300ber-prac\u00a1-Kubik_Stra\u0301nka_01.jpg\"\n        tabindex=\"-1\" class=\"vp-portfolio__item-meta\"     >\n    \n        \n<h2 class=\"vp-portfolio__item-meta-title\">\n    Ond\u0159ej Kub\u00edk \u2013 Portfolio<\/h2>\n\n        <\/a>    <\/div>\n<\/figcaption>\n            <\/figure>\n                    <\/div>\n        \n        <div        class=\"vp-portfolio__item-wrap vp-portfolio__item-uid-af9e8743\" data-vp-filter=\"\"         >\n            <template class=\"vp-portfolio__item-popup\" data-vp-popup-img=\"https:\/\/www.lucernatv.cz\/wp-content\/uploads\/2021\/01\/Vi\u0300ber-prac\u00a1-Kubik_Stra\u0301nka_02.jpg\" data-vp-popup-img-srcset=\"https:\/\/www.lucernatv.cz\/wp-content\/uploads\/2021\/01\/Vi\u0300ber-prac\u00a1-Kubik_Stra\u0301nka_02.jpg 4961w, https:\/\/www.lucernatv.cz\/wp-content\/uploads\/2021\/01\/Vi\u0300ber-prac\u00a1-Kubik_Stra\u0301nka_02-300x212.jpg 300w, https:\/\/www.lucernatv.cz\/wp-content\/uploads\/2021\/01\/Vi\u0300ber-prac\u00a1-Kubik_Stra\u0301nka_02-768x543.jpg 768w, https:\/\/www.lucernatv.cz\/wp-content\/uploads\/2021\/01\/Vi\u0300ber-prac\u00a1-Kubik_Stra\u0301nka_02-1527x1080.jpg 1527w, https:\/\/www.lucernatv.cz\/wp-content\/uploads\/2021\/01\/Vi\u0300ber-prac\u00a1-Kubik_Stra\u0301nka_02-100x71.jpg 100w, https:\/\/www.lucernatv.cz\/wp-content\/uploads\/2021\/01\/Vi\u0300ber-prac\u00a1-Kubik_Stra\u0301nka_02-1200x849.jpg 1200w\" data-vp-popup-img-size=\"1920x1358\" data-vp-popup-md-img=\"https:\/\/www.lucernatv.cz\/wp-content\/uploads\/2021\/01\/Vi\u0300ber-prac\u00a1-Kubik_Stra\u0301nka_02.jpg\" data-vp-popup-md-img-size=\"800x566\" data-vp-popup-sm-img=\"https:\/\/www.lucernatv.cz\/wp-content\/uploads\/2021\/01\/Vi\u0300ber-prac\u00a1-Kubik_Stra\u0301nka_02.jpg\" data-vp-popup-sm-img-size=\"500x354\">\n            <h3 class=\"vp-portfolio__item-popup-title\">Ond\u0159ej Kub\u00edk \u2013 Portfolio 2<\/h3>\n        <\/template>\n                        <figure class=\"vp-portfolio__item\">\n                \n<div class=\"vp-portfolio__item-img-wrap\">\n    <div class=\"vp-portfolio__item-img\">\n            <a\n        href=\"https:\/\/www.lucernatv.cz\/wp-content\/uploads\/2021\/01\/Vi\u0300ber-prac\u00a1-Kubik_Stra\u0301nka_02.jpg\"\n            >\n    \n        <img decoding=\"async\" width=\"1920\" height=\"1358\" src=\"https:\/\/www.lucernatv.cz\/wp-content\/uploads\/2021\/01\/Vi\u0300ber-prac\u00a1-Kubik_Stra\u0301nka_02.jpg\" class=\"wp-image-611\" alt=\"\" srcset=\"https:\/\/www.lucernatv.cz\/wp-content\/uploads\/2021\/01\/Vi\u0300ber-prac\u00a1-Kubik_Stra\u0301nka_02.jpg 4961w, https:\/\/www.lucernatv.cz\/wp-content\/uploads\/2021\/01\/Vi\u0300ber-prac\u00a1-Kubik_Stra\u0301nka_02-300x212.jpg 300w, https:\/\/www.lucernatv.cz\/wp-content\/uploads\/2021\/01\/Vi\u0300ber-prac\u00a1-Kubik_Stra\u0301nka_02-768x543.jpg 768w, https:\/\/www.lucernatv.cz\/wp-content\/uploads\/2021\/01\/Vi\u0300ber-prac\u00a1-Kubik_Stra\u0301nka_02-1527x1080.jpg 1527w, https:\/\/www.lucernatv.cz\/wp-content\/uploads\/2021\/01\/Vi\u0300ber-prac\u00a1-Kubik_Stra\u0301nka_02-100x71.jpg 100w, https:\/\/www.lucernatv.cz\/wp-content\/uploads\/2021\/01\/Vi\u0300ber-prac\u00a1-Kubik_Stra\u0301nka_02-1200x849.jpg 1200w\" sizes=\"(max-width: 1920px) 100vw, 1920px\" \/>\n        <\/a>    <\/div>\n<\/div>\n\n<figcaption class=\"vp-portfolio__item-overlay vp-portfolio__item-overlay-text-align-center\">\n    <div class=\"vp-portfolio__item-meta-wrap vp-portfolio__custom-scrollbar\">\n            <a\n        href=\"https:\/\/www.lucernatv.cz\/wp-content\/uploads\/2021\/01\/Vi\u0300ber-prac\u00a1-Kubik_Stra\u0301nka_02.jpg\"\n        tabindex=\"-1\" class=\"vp-portfolio__item-meta\"     >\n    \n        \n<h2 class=\"vp-portfolio__item-meta-title\">\n    Ond\u0159ej Kub\u00edk \u2013 Portfolio 2<\/h2>\n\n        <\/a>    <\/div>\n<\/figcaption>\n            <\/figure>\n                    <\/div>\n        \n        <div        class=\"vp-portfolio__item-wrap vp-portfolio__item-uid-24227917\" data-vp-filter=\"\"         >\n            <template class=\"vp-portfolio__item-popup\" data-vp-popup-img=\"https:\/\/www.lucernatv.cz\/wp-content\/uploads\/2021\/01\/Vi\u0300ber-prac\u00a1-Kubik_Stra\u0301nka_03.jpg\" data-vp-popup-img-srcset=\"https:\/\/www.lucernatv.cz\/wp-content\/uploads\/2021\/01\/Vi\u0300ber-prac\u00a1-Kubik_Stra\u0301nka_03.jpg 4961w, https:\/\/www.lucernatv.cz\/wp-content\/uploads\/2021\/01\/Vi\u0300ber-prac\u00a1-Kubik_Stra\u0301nka_03-300x212.jpg 300w, https:\/\/www.lucernatv.cz\/wp-content\/uploads\/2021\/01\/Vi\u0300ber-prac\u00a1-Kubik_Stra\u0301nka_03-768x543.jpg 768w, https:\/\/www.lucernatv.cz\/wp-content\/uploads\/2021\/01\/Vi\u0300ber-prac\u00a1-Kubik_Stra\u0301nka_03-1527x1080.jpg 1527w, https:\/\/www.lucernatv.cz\/wp-content\/uploads\/2021\/01\/Vi\u0300ber-prac\u00a1-Kubik_Stra\u0301nka_03-100x71.jpg 100w, https:\/\/www.lucernatv.cz\/wp-content\/uploads\/2021\/01\/Vi\u0300ber-prac\u00a1-Kubik_Stra\u0301nka_03-1200x849.jpg 1200w\" data-vp-popup-img-size=\"1920x1358\" data-vp-popup-md-img=\"https:\/\/www.lucernatv.cz\/wp-content\/uploads\/2021\/01\/Vi\u0300ber-prac\u00a1-Kubik_Stra\u0301nka_03.jpg\" data-vp-popup-md-img-size=\"800x566\" data-vp-popup-sm-img=\"https:\/\/www.lucernatv.cz\/wp-content\/uploads\/2021\/01\/Vi\u0300ber-prac\u00a1-Kubik_Stra\u0301nka_03.jpg\" data-vp-popup-sm-img-size=\"500x354\">\n            <h3 class=\"vp-portfolio__item-popup-title\">Ond\u0159ej Kub\u00edk \u2013 Portfolio 2<\/h3>\n        <\/template>\n                        <figure class=\"vp-portfolio__item\">\n                \n<div class=\"vp-portfolio__item-img-wrap\">\n    <div class=\"vp-portfolio__item-img\">\n            <a\n        href=\"https:\/\/www.lucernatv.cz\/wp-content\/uploads\/2021\/01\/Vi\u0300ber-prac\u00a1-Kubik_Stra\u0301nka_03.jpg\"\n            >\n    \n        <img decoding=\"async\" width=\"1920\" height=\"1358\" src=\"https:\/\/www.lucernatv.cz\/wp-content\/uploads\/2021\/01\/Vi\u0300ber-prac\u00a1-Kubik_Stra\u0301nka_03.jpg\" class=\"wp-image-612\" alt=\"\" srcset=\"https:\/\/www.lucernatv.cz\/wp-content\/uploads\/2021\/01\/Vi\u0300ber-prac\u00a1-Kubik_Stra\u0301nka_03.jpg 4961w, https:\/\/www.lucernatv.cz\/wp-content\/uploads\/2021\/01\/Vi\u0300ber-prac\u00a1-Kubik_Stra\u0301nka_03-300x212.jpg 300w, https:\/\/www.lucernatv.cz\/wp-content\/uploads\/2021\/01\/Vi\u0300ber-prac\u00a1-Kubik_Stra\u0301nka_03-768x543.jpg 768w, https:\/\/www.lucernatv.cz\/wp-content\/uploads\/2021\/01\/Vi\u0300ber-prac\u00a1-Kubik_Stra\u0301nka_03-1527x1080.jpg 1527w, https:\/\/www.lucernatv.cz\/wp-content\/uploads\/2021\/01\/Vi\u0300ber-prac\u00a1-Kubik_Stra\u0301nka_03-100x71.jpg 100w, https:\/\/www.lucernatv.cz\/wp-content\/uploads\/2021\/01\/Vi\u0300ber-prac\u00a1-Kubik_Stra\u0301nka_03-1200x849.jpg 1200w\" sizes=\"(max-width: 1920px) 100vw, 1920px\" \/>\n        <\/a>    <\/div>\n<\/div>\n\n<figcaption class=\"vp-portfolio__item-overlay vp-portfolio__item-overlay-text-align-center\">\n    <div class=\"vp-portfolio__item-meta-wrap vp-portfolio__custom-scrollbar\">\n            <a\n        href=\"https:\/\/www.lucernatv.cz\/wp-content\/uploads\/2021\/01\/Vi\u0300ber-prac\u00a1-Kubik_Stra\u0301nka_03.jpg\"\n        tabindex=\"-1\" class=\"vp-portfolio__item-meta\"     >\n    \n        \n<h2 class=\"vp-portfolio__item-meta-title\">\n    Ond\u0159ej Kub\u00edk \u2013 Portfolio 2<\/h2>\n\n        <\/a>    <\/div>\n<\/figcaption>\n            <\/figure>\n                    <\/div>\n        \n        <div        class=\"vp-portfolio__item-wrap vp-portfolio__item-uid-eb992ee4\" data-vp-filter=\"\"         >\n            <template class=\"vp-portfolio__item-popup\" data-vp-popup-img=\"https:\/\/www.lucernatv.cz\/wp-content\/uploads\/2021\/01\/Vi\u0300ber-prac\u00a1-Kubik_Stra\u0301nka_04.jpg\" data-vp-popup-img-srcset=\"https:\/\/www.lucernatv.cz\/wp-content\/uploads\/2021\/01\/Vi\u0300ber-prac\u00a1-Kubik_Stra\u0301nka_04.jpg 4961w, https:\/\/www.lucernatv.cz\/wp-content\/uploads\/2021\/01\/Vi\u0300ber-prac\u00a1-Kubik_Stra\u0301nka_04-300x212.jpg 300w, https:\/\/www.lucernatv.cz\/wp-content\/uploads\/2021\/01\/Vi\u0300ber-prac\u00a1-Kubik_Stra\u0301nka_04-768x543.jpg 768w, https:\/\/www.lucernatv.cz\/wp-content\/uploads\/2021\/01\/Vi\u0300ber-prac\u00a1-Kubik_Stra\u0301nka_04-1527x1080.jpg 1527w, https:\/\/www.lucernatv.cz\/wp-content\/uploads\/2021\/01\/Vi\u0300ber-prac\u00a1-Kubik_Stra\u0301nka_04-100x71.jpg 100w, https:\/\/www.lucernatv.cz\/wp-content\/uploads\/2021\/01\/Vi\u0300ber-prac\u00a1-Kubik_Stra\u0301nka_04-1200x849.jpg 1200w\" data-vp-popup-img-size=\"1920x1358\" data-vp-popup-md-img=\"https:\/\/www.lucernatv.cz\/wp-content\/uploads\/2021\/01\/Vi\u0300ber-prac\u00a1-Kubik_Stra\u0301nka_04.jpg\" data-vp-popup-md-img-size=\"800x566\" data-vp-popup-sm-img=\"https:\/\/www.lucernatv.cz\/wp-content\/uploads\/2021\/01\/Vi\u0300ber-prac\u00a1-Kubik_Stra\u0301nka_04.jpg\" data-vp-popup-sm-img-size=\"500x354\">\n            <h3 class=\"vp-portfolio__item-popup-title\">Ond\u0159ej Kub\u00edk \u2013 Portfolio 3<\/h3>\n        <\/template>\n                        <figure class=\"vp-portfolio__item\">\n                \n<div class=\"vp-portfolio__item-img-wrap\">\n    <div class=\"vp-portfolio__item-img\">\n            <a\n        href=\"https:\/\/www.lucernatv.cz\/wp-content\/uploads\/2021\/01\/Vi\u0300ber-prac\u00a1-Kubik_Stra\u0301nka_04.jpg\"\n            >\n    \n        <img decoding=\"async\" width=\"1920\" height=\"1358\" src=\"https:\/\/www.lucernatv.cz\/wp-content\/uploads\/2021\/01\/Vi\u0300ber-prac\u00a1-Kubik_Stra\u0301nka_04.jpg\" class=\"wp-image-613\" alt=\"\" srcset=\"https:\/\/www.lucernatv.cz\/wp-content\/uploads\/2021\/01\/Vi\u0300ber-prac\u00a1-Kubik_Stra\u0301nka_04.jpg 4961w, https:\/\/www.lucernatv.cz\/wp-content\/uploads\/2021\/01\/Vi\u0300ber-prac\u00a1-Kubik_Stra\u0301nka_04-300x212.jpg 300w, https:\/\/www.lucernatv.cz\/wp-content\/uploads\/2021\/01\/Vi\u0300ber-prac\u00a1-Kubik_Stra\u0301nka_04-768x543.jpg 768w, https:\/\/www.lucernatv.cz\/wp-content\/uploads\/2021\/01\/Vi\u0300ber-prac\u00a1-Kubik_Stra\u0301nka_04-1527x1080.jpg 1527w, https:\/\/www.lucernatv.cz\/wp-content\/uploads\/2021\/01\/Vi\u0300ber-prac\u00a1-Kubik_Stra\u0301nka_04-100x71.jpg 100w, https:\/\/www.lucernatv.cz\/wp-content\/uploads\/2021\/01\/Vi\u0300ber-prac\u00a1-Kubik_Stra\u0301nka_04-1200x849.jpg 1200w\" sizes=\"(max-width: 1920px) 100vw, 1920px\" \/>\n        <\/a>    <\/div>\n<\/div>\n\n<figcaption class=\"vp-portfolio__item-overlay vp-portfolio__item-overlay-text-align-center\">\n    <div class=\"vp-portfolio__item-meta-wrap vp-portfolio__custom-scrollbar\">\n            <a\n        href=\"https:\/\/www.lucernatv.cz\/wp-content\/uploads\/2021\/01\/Vi\u0300ber-prac\u00a1-Kubik_Stra\u0301nka_04.jpg\"\n        tabindex=\"-1\" class=\"vp-portfolio__item-meta\"     >\n    \n        \n<h2 class=\"vp-portfolio__item-meta-title\">\n    Ond\u0159ej Kub\u00edk \u2013 Portfolio 3<\/h2>\n\n        <\/a>    <\/div>\n<\/figcaption>\n            <\/figure>\n                    <\/div>\n        \n        <div        class=\"vp-portfolio__item-wrap vp-portfolio__item-uid-e82a83fe\" data-vp-filter=\"\"         >\n            <template class=\"vp-portfolio__item-popup\" data-vp-popup-img=\"https:\/\/www.lucernatv.cz\/wp-content\/uploads\/2021\/01\/Vi\u0300ber-prac\u00a1-Kubik_Stra\u0301nka_05.jpg\" data-vp-popup-img-srcset=\"https:\/\/www.lucernatv.cz\/wp-content\/uploads\/2021\/01\/Vi\u0300ber-prac\u00a1-Kubik_Stra\u0301nka_05.jpg 4961w, https:\/\/www.lucernatv.cz\/wp-content\/uploads\/2021\/01\/Vi\u0300ber-prac\u00a1-Kubik_Stra\u0301nka_05-300x212.jpg 300w, https:\/\/www.lucernatv.cz\/wp-content\/uploads\/2021\/01\/Vi\u0300ber-prac\u00a1-Kubik_Stra\u0301nka_05-768x543.jpg 768w, https:\/\/www.lucernatv.cz\/wp-content\/uploads\/2021\/01\/Vi\u0300ber-prac\u00a1-Kubik_Stra\u0301nka_05-1527x1080.jpg 1527w, https:\/\/www.lucernatv.cz\/wp-content\/uploads\/2021\/01\/Vi\u0300ber-prac\u00a1-Kubik_Stra\u0301nka_05-100x71.jpg 100w, https:\/\/www.lucernatv.cz\/wp-content\/uploads\/2021\/01\/Vi\u0300ber-prac\u00a1-Kubik_Stra\u0301nka_05-1200x849.jpg 1200w\" data-vp-popup-img-size=\"1920x1358\" data-vp-popup-md-img=\"https:\/\/www.lucernatv.cz\/wp-content\/uploads\/2021\/01\/Vi\u0300ber-prac\u00a1-Kubik_Stra\u0301nka_05.jpg\" data-vp-popup-md-img-size=\"800x566\" data-vp-popup-sm-img=\"https:\/\/www.lucernatv.cz\/wp-content\/uploads\/2021\/01\/Vi\u0300ber-prac\u00a1-Kubik_Stra\u0301nka_05.jpg\" data-vp-popup-sm-img-size=\"500x354\">\n            <h3 class=\"vp-portfolio__item-popup-title\">Ond\u0159ej Kub\u00edk \u2013 Portfolio 4<\/h3>\n        <\/template>\n                        <figure class=\"vp-portfolio__item\">\n                \n<div class=\"vp-portfolio__item-img-wrap\">\n    <div class=\"vp-portfolio__item-img\">\n            <a\n        href=\"https:\/\/www.lucernatv.cz\/wp-content\/uploads\/2021\/01\/Vi\u0300ber-prac\u00a1-Kubik_Stra\u0301nka_05.jpg\"\n            >\n    \n        <img decoding=\"async\" width=\"1920\" height=\"1358\" src=\"https:\/\/www.lucernatv.cz\/wp-content\/uploads\/2021\/01\/Vi\u0300ber-prac\u00a1-Kubik_Stra\u0301nka_05.jpg\" class=\"wp-image-614\" alt=\"\" srcset=\"https:\/\/www.lucernatv.cz\/wp-content\/uploads\/2021\/01\/Vi\u0300ber-prac\u00a1-Kubik_Stra\u0301nka_05.jpg 4961w, https:\/\/www.lucernatv.cz\/wp-content\/uploads\/2021\/01\/Vi\u0300ber-prac\u00a1-Kubik_Stra\u0301nka_05-300x212.jpg 300w, https:\/\/www.lucernatv.cz\/wp-content\/uploads\/2021\/01\/Vi\u0300ber-prac\u00a1-Kubik_Stra\u0301nka_05-768x543.jpg 768w, https:\/\/www.lucernatv.cz\/wp-content\/uploads\/2021\/01\/Vi\u0300ber-prac\u00a1-Kubik_Stra\u0301nka_05-1527x1080.jpg 1527w, https:\/\/www.lucernatv.cz\/wp-content\/uploads\/2021\/01\/Vi\u0300ber-prac\u00a1-Kubik_Stra\u0301nka_05-100x71.jpg 100w, https:\/\/www.lucernatv.cz\/wp-content\/uploads\/2021\/01\/Vi\u0300ber-prac\u00a1-Kubik_Stra\u0301nka_05-1200x849.jpg 1200w\" sizes=\"(max-width: 1920px) 100vw, 1920px\" \/>\n        <\/a>    <\/div>\n<\/div>\n\n<figcaption class=\"vp-portfolio__item-overlay vp-portfolio__item-overlay-text-align-center\">\n    <div class=\"vp-portfolio__item-meta-wrap vp-portfolio__custom-scrollbar\">\n            <a\n        href=\"https:\/\/www.lucernatv.cz\/wp-content\/uploads\/2021\/01\/Vi\u0300ber-prac\u00a1-Kubik_Stra\u0301nka_05.jpg\"\n        tabindex=\"-1\" class=\"vp-portfolio__item-meta\"     >\n    \n        \n<h2 class=\"vp-portfolio__item-meta-title\">\n    Ond\u0159ej Kub\u00edk \u2013 Portfolio 4<\/h2>\n\n        <\/a>    <\/div>\n<\/figcaption>\n            <\/figure>\n                    <\/div>\n        \n        <div        class=\"vp-portfolio__item-wrap vp-portfolio__item-uid-2791d40d\" data-vp-filter=\"\"         >\n            <template class=\"vp-portfolio__item-popup\" data-vp-popup-img=\"https:\/\/www.lucernatv.cz\/wp-content\/uploads\/2021\/01\/Vi\u0300ber-prac\u00a1-Kubik_Stra\u0301nka_06.jpg\" data-vp-popup-img-srcset=\"https:\/\/www.lucernatv.cz\/wp-content\/uploads\/2021\/01\/Vi\u0300ber-prac\u00a1-Kubik_Stra\u0301nka_06.jpg 4961w, https:\/\/www.lucernatv.cz\/wp-content\/uploads\/2021\/01\/Vi\u0300ber-prac\u00a1-Kubik_Stra\u0301nka_06-300x212.jpg 300w, https:\/\/www.lucernatv.cz\/wp-content\/uploads\/2021\/01\/Vi\u0300ber-prac\u00a1-Kubik_Stra\u0301nka_06-768x543.jpg 768w, https:\/\/www.lucernatv.cz\/wp-content\/uploads\/2021\/01\/Vi\u0300ber-prac\u00a1-Kubik_Stra\u0301nka_06-1527x1080.jpg 1527w, https:\/\/www.lucernatv.cz\/wp-content\/uploads\/2021\/01\/Vi\u0300ber-prac\u00a1-Kubik_Stra\u0301nka_06-100x71.jpg 100w, https:\/\/www.lucernatv.cz\/wp-content\/uploads\/2021\/01\/Vi\u0300ber-prac\u00a1-Kubik_Stra\u0301nka_06-1200x849.jpg 1200w\" data-vp-popup-img-size=\"1920x1358\" data-vp-popup-md-img=\"https:\/\/www.lucernatv.cz\/wp-content\/uploads\/2021\/01\/Vi\u0300ber-prac\u00a1-Kubik_Stra\u0301nka_06.jpg\" data-vp-popup-md-img-size=\"800x566\" data-vp-popup-sm-img=\"https:\/\/www.lucernatv.cz\/wp-content\/uploads\/2021\/01\/Vi\u0300ber-prac\u00a1-Kubik_Stra\u0301nka_06.jpg\" data-vp-popup-sm-img-size=\"500x354\">\n            <h3 class=\"vp-portfolio__item-popup-title\">Ond\u0159ej Kub\u00edk \u2013 Portfolio 5<\/h3>\n        <\/template>\n                        <figure class=\"vp-portfolio__item\">\n                \n<div class=\"vp-portfolio__item-img-wrap\">\n    <div class=\"vp-portfolio__item-img\">\n            <a\n        href=\"https:\/\/www.lucernatv.cz\/wp-content\/uploads\/2021\/01\/Vi\u0300ber-prac\u00a1-Kubik_Stra\u0301nka_06.jpg\"\n            >\n    \n        <img decoding=\"async\" width=\"1920\" height=\"1358\" src=\"https:\/\/www.lucernatv.cz\/wp-content\/uploads\/2021\/01\/Vi\u0300ber-prac\u00a1-Kubik_Stra\u0301nka_06.jpg\" class=\"wp-image-615\" alt=\"\" srcset=\"https:\/\/www.lucernatv.cz\/wp-content\/uploads\/2021\/01\/Vi\u0300ber-prac\u00a1-Kubik_Stra\u0301nka_06.jpg 4961w, https:\/\/www.lucernatv.cz\/wp-content\/uploads\/2021\/01\/Vi\u0300ber-prac\u00a1-Kubik_Stra\u0301nka_06-300x212.jpg 300w, https:\/\/www.lucernatv.cz\/wp-content\/uploads\/2021\/01\/Vi\u0300ber-prac\u00a1-Kubik_Stra\u0301nka_06-768x543.jpg 768w, https:\/\/www.lucernatv.cz\/wp-content\/uploads\/2021\/01\/Vi\u0300ber-prac\u00a1-Kubik_Stra\u0301nka_06-1527x1080.jpg 1527w, https:\/\/www.lucernatv.cz\/wp-content\/uploads\/2021\/01\/Vi\u0300ber-prac\u00a1-Kubik_Stra\u0301nka_06-100x71.jpg 100w, https:\/\/www.lucernatv.cz\/wp-content\/uploads\/2021\/01\/Vi\u0300ber-prac\u00a1-Kubik_Stra\u0301nka_06-1200x849.jpg 1200w\" sizes=\"(max-width: 1920px) 100vw, 1920px\" \/>\n        <\/a>    <\/div>\n<\/div>\n\n<figcaption class=\"vp-portfolio__item-overlay vp-portfolio__item-overlay-text-align-center\">\n    <div class=\"vp-portfolio__item-meta-wrap vp-portfolio__custom-scrollbar\">\n            <a\n        href=\"https:\/\/www.lucernatv.cz\/wp-content\/uploads\/2021\/01\/Vi\u0300ber-prac\u00a1-Kubik_Stra\u0301nka_06.jpg\"\n        tabindex=\"-1\" class=\"vp-portfolio__item-meta\"     >\n    \n        \n<h2 class=\"vp-portfolio__item-meta-title\">\n    Ond\u0159ej Kub\u00edk \u2013 Portfolio 5<\/h2>\n\n        <\/a>    <\/div>\n<\/figcaption>\n            <\/figure>\n                    <\/div>\n        \n        <div        class=\"vp-portfolio__item-wrap vp-portfolio__item-uid-ac2d2a59\" data-vp-filter=\"\"         >\n            <template class=\"vp-portfolio__item-popup\" data-vp-popup-img=\"https:\/\/www.lucernatv.cz\/wp-content\/uploads\/2021\/01\/Vi\u0300ber-prac\u00a1-Kubik_Stra\u0301nka_07.jpg\" data-vp-popup-img-srcset=\"https:\/\/www.lucernatv.cz\/wp-content\/uploads\/2021\/01\/Vi\u0300ber-prac\u00a1-Kubik_Stra\u0301nka_07.jpg 4961w, https:\/\/www.lucernatv.cz\/wp-content\/uploads\/2021\/01\/Vi\u0300ber-prac\u00a1-Kubik_Stra\u0301nka_07-300x212.jpg 300w, https:\/\/www.lucernatv.cz\/wp-content\/uploads\/2021\/01\/Vi\u0300ber-prac\u00a1-Kubik_Stra\u0301nka_07-768x543.jpg 768w, https:\/\/www.lucernatv.cz\/wp-content\/uploads\/2021\/01\/Vi\u0300ber-prac\u00a1-Kubik_Stra\u0301nka_07-1527x1080.jpg 1527w, https:\/\/www.lucernatv.cz\/wp-content\/uploads\/2021\/01\/Vi\u0300ber-prac\u00a1-Kubik_Stra\u0301nka_07-100x71.jpg 100w, https:\/\/www.lucernatv.cz\/wp-content\/uploads\/2021\/01\/Vi\u0300ber-prac\u00a1-Kubik_Stra\u0301nka_07-1200x849.jpg 1200w\" data-vp-popup-img-size=\"1920x1358\" data-vp-popup-md-img=\"https:\/\/www.lucernatv.cz\/wp-content\/uploads\/2021\/01\/Vi\u0300ber-prac\u00a1-Kubik_Stra\u0301nka_07.jpg\" data-vp-popup-md-img-size=\"800x566\" data-vp-popup-sm-img=\"https:\/\/www.lucernatv.cz\/wp-content\/uploads\/2021\/01\/Vi\u0300ber-prac\u00a1-Kubik_Stra\u0301nka_07.jpg\" data-vp-popup-sm-img-size=\"500x354\">\n            <h3 class=\"vp-portfolio__item-popup-title\">Ond\u0159ej Kub\u00edk \u2013 Portfolio 6<\/h3>\n        <\/template>\n                        <figure class=\"vp-portfolio__item\">\n                \n<div class=\"vp-portfolio__item-img-wrap\">\n    <div class=\"vp-portfolio__item-img\">\n            <a\n        href=\"https:\/\/www.lucernatv.cz\/wp-content\/uploads\/2021\/01\/Vi\u0300ber-prac\u00a1-Kubik_Stra\u0301nka_07.jpg\"\n            >\n    \n        <img decoding=\"async\" width=\"1920\" height=\"1358\" src=\"https:\/\/www.lucernatv.cz\/wp-content\/uploads\/2021\/01\/Vi\u0300ber-prac\u00a1-Kubik_Stra\u0301nka_07.jpg\" class=\"wp-image-616\" alt=\"\" srcset=\"https:\/\/www.lucernatv.cz\/wp-content\/uploads\/2021\/01\/Vi\u0300ber-prac\u00a1-Kubik_Stra\u0301nka_07.jpg 4961w, https:\/\/www.lucernatv.cz\/wp-content\/uploads\/2021\/01\/Vi\u0300ber-prac\u00a1-Kubik_Stra\u0301nka_07-300x212.jpg 300w, https:\/\/www.lucernatv.cz\/wp-content\/uploads\/2021\/01\/Vi\u0300ber-prac\u00a1-Kubik_Stra\u0301nka_07-768x543.jpg 768w, https:\/\/www.lucernatv.cz\/wp-content\/uploads\/2021\/01\/Vi\u0300ber-prac\u00a1-Kubik_Stra\u0301nka_07-1527x1080.jpg 1527w, https:\/\/www.lucernatv.cz\/wp-content\/uploads\/2021\/01\/Vi\u0300ber-prac\u00a1-Kubik_Stra\u0301nka_07-100x71.jpg 100w, https:\/\/www.lucernatv.cz\/wp-content\/uploads\/2021\/01\/Vi\u0300ber-prac\u00a1-Kubik_Stra\u0301nka_07-1200x849.jpg 1200w\" sizes=\"(max-width: 1920px) 100vw, 1920px\" \/>\n        <\/a>    <\/div>\n<\/div>\n\n<figcaption class=\"vp-portfolio__item-overlay vp-portfolio__item-overlay-text-align-center\">\n    <div class=\"vp-portfolio__item-meta-wrap vp-portfolio__custom-scrollbar\">\n            <a\n        href=\"https:\/\/www.lucernatv.cz\/wp-content\/uploads\/2021\/01\/Vi\u0300ber-prac\u00a1-Kubik_Stra\u0301nka_07.jpg\"\n        tabindex=\"-1\" class=\"vp-portfolio__item-meta\"     >\n    \n        \n<h2 class=\"vp-portfolio__item-meta-title\">\n    Ond\u0159ej Kub\u00edk \u2013 Portfolio 6<\/h2>\n\n        <\/a>    <\/div>\n<\/figcaption>\n            <\/figure>\n                    <\/div>\n        \n        <div        class=\"vp-portfolio__item-wrap vp-portfolio__item-uid-63967daa\" data-vp-filter=\"\"         >\n            <template class=\"vp-portfolio__item-popup\" data-vp-popup-img=\"https:\/\/www.lucernatv.cz\/wp-content\/uploads\/2021\/01\/Vi\u0300ber-prac\u00a1-Kubik_Stra\u0301nka_08.jpg\" data-vp-popup-img-srcset=\"https:\/\/www.lucernatv.cz\/wp-content\/uploads\/2021\/01\/Vi\u0300ber-prac\u00a1-Kubik_Stra\u0301nka_08.jpg 4961w, https:\/\/www.lucernatv.cz\/wp-content\/uploads\/2021\/01\/Vi\u0300ber-prac\u00a1-Kubik_Stra\u0301nka_08-300x212.jpg 300w, https:\/\/www.lucernatv.cz\/wp-content\/uploads\/2021\/01\/Vi\u0300ber-prac\u00a1-Kubik_Stra\u0301nka_08-768x543.jpg 768w, https:\/\/www.lucernatv.cz\/wp-content\/uploads\/2021\/01\/Vi\u0300ber-prac\u00a1-Kubik_Stra\u0301nka_08-1527x1080.jpg 1527w, https:\/\/www.lucernatv.cz\/wp-content\/uploads\/2021\/01\/Vi\u0300ber-prac\u00a1-Kubik_Stra\u0301nka_08-100x71.jpg 100w, https:\/\/www.lucernatv.cz\/wp-content\/uploads\/2021\/01\/Vi\u0300ber-prac\u00a1-Kubik_Stra\u0301nka_08-1200x849.jpg 1200w\" data-vp-popup-img-size=\"1920x1358\" data-vp-popup-md-img=\"https:\/\/www.lucernatv.cz\/wp-content\/uploads\/2021\/01\/Vi\u0300ber-prac\u00a1-Kubik_Stra\u0301nka_08.jpg\" data-vp-popup-md-img-size=\"800x566\" data-vp-popup-sm-img=\"https:\/\/www.lucernatv.cz\/wp-content\/uploads\/2021\/01\/Vi\u0300ber-prac\u00a1-Kubik_Stra\u0301nka_08.jpg\" data-vp-popup-sm-img-size=\"500x354\">\n            <h3 class=\"vp-portfolio__item-popup-title\">Ond\u0159ej Kub\u00edk \u2013 Portfolio 7<\/h3>\n        <\/template>\n                        <figure class=\"vp-portfolio__item\">\n                \n<div class=\"vp-portfolio__item-img-wrap\">\n    <div class=\"vp-portfolio__item-img\">\n            <a\n        href=\"https:\/\/www.lucernatv.cz\/wp-content\/uploads\/2021\/01\/Vi\u0300ber-prac\u00a1-Kubik_Stra\u0301nka_08.jpg\"\n            >\n    \n        <img decoding=\"async\" width=\"1920\" height=\"1358\" src=\"https:\/\/www.lucernatv.cz\/wp-content\/uploads\/2021\/01\/Vi\u0300ber-prac\u00a1-Kubik_Stra\u0301nka_08.jpg\" class=\"wp-image-617\" alt=\"\" srcset=\"https:\/\/www.lucernatv.cz\/wp-content\/uploads\/2021\/01\/Vi\u0300ber-prac\u00a1-Kubik_Stra\u0301nka_08.jpg 4961w, https:\/\/www.lucernatv.cz\/wp-content\/uploads\/2021\/01\/Vi\u0300ber-prac\u00a1-Kubik_Stra\u0301nka_08-300x212.jpg 300w, https:\/\/www.lucernatv.cz\/wp-content\/uploads\/2021\/01\/Vi\u0300ber-prac\u00a1-Kubik_Stra\u0301nka_08-768x543.jpg 768w, https:\/\/www.lucernatv.cz\/wp-content\/uploads\/2021\/01\/Vi\u0300ber-prac\u00a1-Kubik_Stra\u0301nka_08-1527x1080.jpg 1527w, https:\/\/www.lucernatv.cz\/wp-content\/uploads\/2021\/01\/Vi\u0300ber-prac\u00a1-Kubik_Stra\u0301nka_08-100x71.jpg 100w, https:\/\/www.lucernatv.cz\/wp-content\/uploads\/2021\/01\/Vi\u0300ber-prac\u00a1-Kubik_Stra\u0301nka_08-1200x849.jpg 1200w\" sizes=\"(max-width: 1920px) 100vw, 1920px\" \/>\n        <\/a>    <\/div>\n<\/div>\n\n<figcaption class=\"vp-portfolio__item-overlay vp-portfolio__item-overlay-text-align-center\">\n    <div class=\"vp-portfolio__item-meta-wrap vp-portfolio__custom-scrollbar\">\n            <a\n        href=\"https:\/\/www.lucernatv.cz\/wp-content\/uploads\/2021\/01\/Vi\u0300ber-prac\u00a1-Kubik_Stra\u0301nka_08.jpg\"\n        tabindex=\"-1\" class=\"vp-portfolio__item-meta\"     >\n    \n        \n<h2 class=\"vp-portfolio__item-meta-title\">\n    Ond\u0159ej Kub\u00edk \u2013 Portfolio 7<\/h2>\n\n        <\/a>    <\/div>\n<\/figcaption>\n            <\/figure>\n                    <\/div>\n        \n        <div        class=\"vp-portfolio__item-wrap vp-portfolio__item-uid-ab4a706d\" data-vp-filter=\"\"         >\n            <template class=\"vp-portfolio__item-popup\" data-vp-popup-img=\"https:\/\/www.lucernatv.cz\/wp-content\/uploads\/2021\/01\/Vi\u0300ber-prac\u00a1-Kubik_Stra\u0301nka_09.jpg\" data-vp-popup-img-srcset=\"https:\/\/www.lucernatv.cz\/wp-content\/uploads\/2021\/01\/Vi\u0300ber-prac\u00a1-Kubik_Stra\u0301nka_09.jpg 4961w, https:\/\/www.lucernatv.cz\/wp-content\/uploads\/2021\/01\/Vi\u0300ber-prac\u00a1-Kubik_Stra\u0301nka_09-300x212.jpg 300w, https:\/\/www.lucernatv.cz\/wp-content\/uploads\/2021\/01\/Vi\u0300ber-prac\u00a1-Kubik_Stra\u0301nka_09-768x543.jpg 768w, https:\/\/www.lucernatv.cz\/wp-content\/uploads\/2021\/01\/Vi\u0300ber-prac\u00a1-Kubik_Stra\u0301nka_09-1527x1080.jpg 1527w, https:\/\/www.lucernatv.cz\/wp-content\/uploads\/2021\/01\/Vi\u0300ber-prac\u00a1-Kubik_Stra\u0301nka_09-100x71.jpg 100w, https:\/\/www.lucernatv.cz\/wp-content\/uploads\/2021\/01\/Vi\u0300ber-prac\u00a1-Kubik_Stra\u0301nka_09-1200x849.jpg 1200w\" data-vp-popup-img-size=\"1920x1358\" data-vp-popup-md-img=\"https:\/\/www.lucernatv.cz\/wp-content\/uploads\/2021\/01\/Vi\u0300ber-prac\u00a1-Kubik_Stra\u0301nka_09.jpg\" data-vp-popup-md-img-size=\"800x566\" data-vp-popup-sm-img=\"https:\/\/www.lucernatv.cz\/wp-content\/uploads\/2021\/01\/Vi\u0300ber-prac\u00a1-Kubik_Stra\u0301nka_09.jpg\" data-vp-popup-sm-img-size=\"500x354\">\n            <h3 class=\"vp-portfolio__item-popup-title\">Ond\u0159ej Kub\u00edk \u2013 Portfolio 8<\/h3>\n        <\/template>\n                        <figure class=\"vp-portfolio__item\">\n                \n<div class=\"vp-portfolio__item-img-wrap\">\n    <div class=\"vp-portfolio__item-img\">\n            <a\n        href=\"https:\/\/www.lucernatv.cz\/wp-content\/uploads\/2021\/01\/Vi\u0300ber-prac\u00a1-Kubik_Stra\u0301nka_09.jpg\"\n            >\n    \n        <img decoding=\"async\" width=\"1920\" height=\"1358\" src=\"https:\/\/www.lucernatv.cz\/wp-content\/uploads\/2021\/01\/Vi\u0300ber-prac\u00a1-Kubik_Stra\u0301nka_09.jpg\" class=\"wp-image-618\" alt=\"\" srcset=\"https:\/\/www.lucernatv.cz\/wp-content\/uploads\/2021\/01\/Vi\u0300ber-prac\u00a1-Kubik_Stra\u0301nka_09.jpg 4961w, https:\/\/www.lucernatv.cz\/wp-content\/uploads\/2021\/01\/Vi\u0300ber-prac\u00a1-Kubik_Stra\u0301nka_09-300x212.jpg 300w, https:\/\/www.lucernatv.cz\/wp-content\/uploads\/2021\/01\/Vi\u0300ber-prac\u00a1-Kubik_Stra\u0301nka_09-768x543.jpg 768w, https:\/\/www.lucernatv.cz\/wp-content\/uploads\/2021\/01\/Vi\u0300ber-prac\u00a1-Kubik_Stra\u0301nka_09-1527x1080.jpg 1527w, https:\/\/www.lucernatv.cz\/wp-content\/uploads\/2021\/01\/Vi\u0300ber-prac\u00a1-Kubik_Stra\u0301nka_09-100x71.jpg 100w, https:\/\/www.lucernatv.cz\/wp-content\/uploads\/2021\/01\/Vi\u0300ber-prac\u00a1-Kubik_Stra\u0301nka_09-1200x849.jpg 1200w\" sizes=\"(max-width: 1920px) 100vw, 1920px\" \/>\n        <\/a>    <\/div>\n<\/div>\n\n<figcaption class=\"vp-portfolio__item-overlay vp-portfolio__item-overlay-text-align-center\">\n    <div class=\"vp-portfolio__item-meta-wrap vp-portfolio__custom-scrollbar\">\n            <a\n        href=\"https:\/\/www.lucernatv.cz\/wp-content\/uploads\/2021\/01\/Vi\u0300ber-prac\u00a1-Kubik_Stra\u0301nka_09.jpg\"\n        tabindex=\"-1\" class=\"vp-portfolio__item-meta\"     >\n    \n        \n<h2 class=\"vp-portfolio__item-meta-title\">\n    Ond\u0159ej Kub\u00edk \u2013 Portfolio 8<\/h2>\n\n        <\/a>    <\/div>\n<\/figcaption>\n            <\/figure>\n                    <\/div>\n        \n        <div        class=\"vp-portfolio__item-wrap vp-portfolio__item-uid-64f1279e\" data-vp-filter=\"\"         >\n            <template class=\"vp-portfolio__item-popup\" data-vp-popup-img=\"https:\/\/www.lucernatv.cz\/wp-content\/uploads\/2021\/01\/Vi\u0300ber-prac\u00a1-Kubik_Stra\u0301nka_10.jpg\" data-vp-popup-img-srcset=\"https:\/\/www.lucernatv.cz\/wp-content\/uploads\/2021\/01\/Vi\u0300ber-prac\u00a1-Kubik_Stra\u0301nka_10.jpg 4961w, https:\/\/www.lucernatv.cz\/wp-content\/uploads\/2021\/01\/Vi\u0300ber-prac\u00a1-Kubik_Stra\u0301nka_10-300x212.jpg 300w, https:\/\/www.lucernatv.cz\/wp-content\/uploads\/2021\/01\/Vi\u0300ber-prac\u00a1-Kubik_Stra\u0301nka_10-768x543.jpg 768w, https:\/\/www.lucernatv.cz\/wp-content\/uploads\/2021\/01\/Vi\u0300ber-prac\u00a1-Kubik_Stra\u0301nka_10-1527x1080.jpg 1527w, https:\/\/www.lucernatv.cz\/wp-content\/uploads\/2021\/01\/Vi\u0300ber-prac\u00a1-Kubik_Stra\u0301nka_10-100x71.jpg 100w, https:\/\/www.lucernatv.cz\/wp-content\/uploads\/2021\/01\/Vi\u0300ber-prac\u00a1-Kubik_Stra\u0301nka_10-1200x849.jpg 1200w\" data-vp-popup-img-size=\"1920x1358\" data-vp-popup-md-img=\"https:\/\/www.lucernatv.cz\/wp-content\/uploads\/2021\/01\/Vi\u0300ber-prac\u00a1-Kubik_Stra\u0301nka_10.jpg\" data-vp-popup-md-img-size=\"800x566\" data-vp-popup-sm-img=\"https:\/\/www.lucernatv.cz\/wp-content\/uploads\/2021\/01\/Vi\u0300ber-prac\u00a1-Kubik_Stra\u0301nka_10.jpg\" data-vp-popup-sm-img-size=\"500x354\">\n            <h3 class=\"vp-portfolio__item-popup-title\">Ond\u0159ej Kub\u00edk \u2013 Portfolio 9<\/h3>\n        <\/template>\n                        <figure class=\"vp-portfolio__item\">\n                \n<div class=\"vp-portfolio__item-img-wrap\">\n    <div class=\"vp-portfolio__item-img\">\n            <a\n        href=\"https:\/\/www.lucernatv.cz\/wp-content\/uploads\/2021\/01\/Vi\u0300ber-prac\u00a1-Kubik_Stra\u0301nka_10.jpg\"\n            >\n    \n        <img decoding=\"async\" width=\"1920\" height=\"1358\" src=\"https:\/\/www.lucernatv.cz\/wp-content\/uploads\/2021\/01\/Vi\u0300ber-prac\u00a1-Kubik_Stra\u0301nka_10.jpg\" class=\"wp-image-619\" alt=\"\" srcset=\"https:\/\/www.lucernatv.cz\/wp-content\/uploads\/2021\/01\/Vi\u0300ber-prac\u00a1-Kubik_Stra\u0301nka_10.jpg 4961w, https:\/\/www.lucernatv.cz\/wp-content\/uploads\/2021\/01\/Vi\u0300ber-prac\u00a1-Kubik_Stra\u0301nka_10-300x212.jpg 300w, https:\/\/www.lucernatv.cz\/wp-content\/uploads\/2021\/01\/Vi\u0300ber-prac\u00a1-Kubik_Stra\u0301nka_10-768x543.jpg 768w, https:\/\/www.lucernatv.cz\/wp-content\/uploads\/2021\/01\/Vi\u0300ber-prac\u00a1-Kubik_Stra\u0301nka_10-1527x1080.jpg 1527w, https:\/\/www.lucernatv.cz\/wp-content\/uploads\/2021\/01\/Vi\u0300ber-prac\u00a1-Kubik_Stra\u0301nka_10-100x71.jpg 100w, https:\/\/www.lucernatv.cz\/wp-content\/uploads\/2021\/01\/Vi\u0300ber-prac\u00a1-Kubik_Stra\u0301nka_10-1200x849.jpg 1200w\" sizes=\"(max-width: 1920px) 100vw, 1920px\" \/>\n        <\/a>    <\/div>\n<\/div>\n\n<figcaption class=\"vp-portfolio__item-overlay vp-portfolio__item-overlay-text-align-center\">\n    <div class=\"vp-portfolio__item-meta-wrap vp-portfolio__custom-scrollbar\">\n            <a\n        href=\"https:\/\/www.lucernatv.cz\/wp-content\/uploads\/2021\/01\/Vi\u0300ber-prac\u00a1-Kubik_Stra\u0301nka_10.jpg\"\n        tabindex=\"-1\" class=\"vp-portfolio__item-meta\"     >\n    \n        \n<h2 class=\"vp-portfolio__item-meta-title\">\n    Ond\u0159ej Kub\u00edk \u2013 Portfolio 9<\/h2>\n\n        <\/a>    <\/div>\n<\/figcaption>\n            <\/figure>\n                    <\/div>\n        \n        <div        class=\"vp-portfolio__item-wrap vp-portfolio__item-uid-10a84b16\" data-vp-filter=\"\"         >\n            <template class=\"vp-portfolio__item-popup\" data-vp-popup-img=\"https:\/\/www.lucernatv.cz\/wp-content\/uploads\/2021\/01\/Vi\u0300ber-prac\u00a1-Kubik_Stra\u0301nka_11.jpg\" data-vp-popup-img-srcset=\"https:\/\/www.lucernatv.cz\/wp-content\/uploads\/2021\/01\/Vi\u0300ber-prac\u00a1-Kubik_Stra\u0301nka_11.jpg 4961w, https:\/\/www.lucernatv.cz\/wp-content\/uploads\/2021\/01\/Vi\u0300ber-prac\u00a1-Kubik_Stra\u0301nka_11-300x212.jpg 300w, https:\/\/www.lucernatv.cz\/wp-content\/uploads\/2021\/01\/Vi\u0300ber-prac\u00a1-Kubik_Stra\u0301nka_11-768x543.jpg 768w, https:\/\/www.lucernatv.cz\/wp-content\/uploads\/2021\/01\/Vi\u0300ber-prac\u00a1-Kubik_Stra\u0301nka_11-1527x1080.jpg 1527w, https:\/\/www.lucernatv.cz\/wp-content\/uploads\/2021\/01\/Vi\u0300ber-prac\u00a1-Kubik_Stra\u0301nka_11-100x71.jpg 100w, https:\/\/www.lucernatv.cz\/wp-content\/uploads\/2021\/01\/Vi\u0300ber-prac\u00a1-Kubik_Stra\u0301nka_11-1200x849.jpg 1200w\" data-vp-popup-img-size=\"1920x1358\" data-vp-popup-md-img=\"https:\/\/www.lucernatv.cz\/wp-content\/uploads\/2021\/01\/Vi\u0300ber-prac\u00a1-Kubik_Stra\u0301nka_11.jpg\" data-vp-popup-md-img-size=\"800x566\" data-vp-popup-sm-img=\"https:\/\/www.lucernatv.cz\/wp-content\/uploads\/2021\/01\/Vi\u0300ber-prac\u00a1-Kubik_Stra\u0301nka_11.jpg\" data-vp-popup-sm-img-size=\"500x354\">\n            <h3 class=\"vp-portfolio__item-popup-title\">Ond\u0159ej Kub\u00edk \u2013 Portfolio 10<\/h3>\n        <\/template>\n                        <figure class=\"vp-portfolio__item\">\n                \n<div class=\"vp-portfolio__item-img-wrap\">\n    <div class=\"vp-portfolio__item-img\">\n            <a\n        href=\"https:\/\/www.lucernatv.cz\/wp-content\/uploads\/2021\/01\/Vi\u0300ber-prac\u00a1-Kubik_Stra\u0301nka_11.jpg\"\n            >\n    \n        <img decoding=\"async\" width=\"1920\" height=\"1358\" src=\"https:\/\/www.lucernatv.cz\/wp-content\/uploads\/2021\/01\/Vi\u0300ber-prac\u00a1-Kubik_Stra\u0301nka_11.jpg\" class=\"wp-image-620\" alt=\"\" srcset=\"https:\/\/www.lucernatv.cz\/wp-content\/uploads\/2021\/01\/Vi\u0300ber-prac\u00a1-Kubik_Stra\u0301nka_11.jpg 4961w, https:\/\/www.lucernatv.cz\/wp-content\/uploads\/2021\/01\/Vi\u0300ber-prac\u00a1-Kubik_Stra\u0301nka_11-300x212.jpg 300w, https:\/\/www.lucernatv.cz\/wp-content\/uploads\/2021\/01\/Vi\u0300ber-prac\u00a1-Kubik_Stra\u0301nka_11-768x543.jpg 768w, https:\/\/www.lucernatv.cz\/wp-content\/uploads\/2021\/01\/Vi\u0300ber-prac\u00a1-Kubik_Stra\u0301nka_11-1527x1080.jpg 1527w, https:\/\/www.lucernatv.cz\/wp-content\/uploads\/2021\/01\/Vi\u0300ber-prac\u00a1-Kubik_Stra\u0301nka_11-100x71.jpg 100w, https:\/\/www.lucernatv.cz\/wp-content\/uploads\/2021\/01\/Vi\u0300ber-prac\u00a1-Kubik_Stra\u0301nka_11-1200x849.jpg 1200w\" sizes=\"(max-width: 1920px) 100vw, 1920px\" \/>\n        <\/a>    <\/div>\n<\/div>\n\n<figcaption class=\"vp-portfolio__item-overlay vp-portfolio__item-overlay-text-align-center\">\n    <div class=\"vp-portfolio__item-meta-wrap vp-portfolio__custom-scrollbar\">\n            <a\n        href=\"https:\/\/www.lucernatv.cz\/wp-content\/uploads\/2021\/01\/Vi\u0300ber-prac\u00a1-Kubik_Stra\u0301nka_11.jpg\"\n        tabindex=\"-1\" class=\"vp-portfolio__item-meta\"     >\n    \n        \n<h2 class=\"vp-portfolio__item-meta-title\">\n    Ond\u0159ej Kub\u00edk \u2013 Portfolio 10<\/h2>\n\n        <\/a>    <\/div>\n<\/figcaption>\n            <\/figure>\n                    <\/div>\n        \n        <div        class=\"vp-portfolio__item-wrap vp-portfolio__item-uid-df131ce5\" data-vp-filter=\"\"         >\n            <template class=\"vp-portfolio__item-popup\" data-vp-popup-img=\"https:\/\/www.lucernatv.cz\/wp-content\/uploads\/2021\/01\/Vi\u0300ber-prac\u00a1-Kubik_Stra\u0301nka_12.jpg\" data-vp-popup-img-srcset=\"https:\/\/www.lucernatv.cz\/wp-content\/uploads\/2021\/01\/Vi\u0300ber-prac\u00a1-Kubik_Stra\u0301nka_12.jpg 4961w, https:\/\/www.lucernatv.cz\/wp-content\/uploads\/2021\/01\/Vi\u0300ber-prac\u00a1-Kubik_Stra\u0301nka_12-300x212.jpg 300w, https:\/\/www.lucernatv.cz\/wp-content\/uploads\/2021\/01\/Vi\u0300ber-prac\u00a1-Kubik_Stra\u0301nka_12-768x543.jpg 768w, https:\/\/www.lucernatv.cz\/wp-content\/uploads\/2021\/01\/Vi\u0300ber-prac\u00a1-Kubik_Stra\u0301nka_12-1527x1080.jpg 1527w, https:\/\/www.lucernatv.cz\/wp-content\/uploads\/2021\/01\/Vi\u0300ber-prac\u00a1-Kubik_Stra\u0301nka_12-100x71.jpg 100w, https:\/\/www.lucernatv.cz\/wp-content\/uploads\/2021\/01\/Vi\u0300ber-prac\u00a1-Kubik_Stra\u0301nka_12-1200x849.jpg 1200w\" data-vp-popup-img-size=\"1920x1358\" data-vp-popup-md-img=\"https:\/\/www.lucernatv.cz\/wp-content\/uploads\/2021\/01\/Vi\u0300ber-prac\u00a1-Kubik_Stra\u0301nka_12.jpg\" data-vp-popup-md-img-size=\"800x566\" data-vp-popup-sm-img=\"https:\/\/www.lucernatv.cz\/wp-content\/uploads\/2021\/01\/Vi\u0300ber-prac\u00a1-Kubik_Stra\u0301nka_12.jpg\" data-vp-popup-sm-img-size=\"500x354\">\n            <h3 class=\"vp-portfolio__item-popup-title\">Ond\u0159ej Kub\u00edk \u2013 Portfolio 11<\/h3>\n        <\/template>\n                        <figure class=\"vp-portfolio__item\">\n                \n<div class=\"vp-portfolio__item-img-wrap\">\n    <div class=\"vp-portfolio__item-img\">\n            <a\n        href=\"https:\/\/www.lucernatv.cz\/wp-content\/uploads\/2021\/01\/Vi\u0300ber-prac\u00a1-Kubik_Stra\u0301nka_12.jpg\"\n            >\n    \n        <img decoding=\"async\" width=\"1920\" height=\"1358\" src=\"https:\/\/www.lucernatv.cz\/wp-content\/uploads\/2021\/01\/Vi\u0300ber-prac\u00a1-Kubik_Stra\u0301nka_12.jpg\" class=\"wp-image-621\" alt=\"\" srcset=\"https:\/\/www.lucernatv.cz\/wp-content\/uploads\/2021\/01\/Vi\u0300ber-prac\u00a1-Kubik_Stra\u0301nka_12.jpg 4961w, https:\/\/www.lucernatv.cz\/wp-content\/uploads\/2021\/01\/Vi\u0300ber-prac\u00a1-Kubik_Stra\u0301nka_12-300x212.jpg 300w, https:\/\/www.lucernatv.cz\/wp-content\/uploads\/2021\/01\/Vi\u0300ber-prac\u00a1-Kubik_Stra\u0301nka_12-768x543.jpg 768w, https:\/\/www.lucernatv.cz\/wp-content\/uploads\/2021\/01\/Vi\u0300ber-prac\u00a1-Kubik_Stra\u0301nka_12-1527x1080.jpg 1527w, https:\/\/www.lucernatv.cz\/wp-content\/uploads\/2021\/01\/Vi\u0300ber-prac\u00a1-Kubik_Stra\u0301nka_12-100x71.jpg 100w, https:\/\/www.lucernatv.cz\/wp-content\/uploads\/2021\/01\/Vi\u0300ber-prac\u00a1-Kubik_Stra\u0301nka_12-1200x849.jpg 1200w\" sizes=\"(max-width: 1920px) 100vw, 1920px\" \/>\n        <\/a>    <\/div>\n<\/div>\n\n<figcaption class=\"vp-portfolio__item-overlay vp-portfolio__item-overlay-text-align-center\">\n    <div class=\"vp-portfolio__item-meta-wrap vp-portfolio__custom-scrollbar\">\n            <a\n        href=\"https:\/\/www.lucernatv.cz\/wp-content\/uploads\/2021\/01\/Vi\u0300ber-prac\u00a1-Kubik_Stra\u0301nka_12.jpg\"\n        tabindex=\"-1\" class=\"vp-portfolio__item-meta\"     >\n    \n        \n<h2 class=\"vp-portfolio__item-meta-title\">\n    Ond\u0159ej Kub\u00edk \u2013 Portfolio 11<\/h2>\n\n        <\/a>    <\/div>\n<\/figcaption>\n            <\/figure>\n                    <\/div>\n        \n        <div        class=\"vp-portfolio__item-wrap vp-portfolio__item-uid-54afe2b1\" data-vp-filter=\"\"         >\n            <template class=\"vp-portfolio__item-popup\" data-vp-popup-img=\"https:\/\/www.lucernatv.cz\/wp-content\/uploads\/2021\/01\/Vi\u0300ber-prac\u00a1-Kubik_Stra\u0301nka_13.jpg\" data-vp-popup-img-srcset=\"https:\/\/www.lucernatv.cz\/wp-content\/uploads\/2021\/01\/Vi\u0300ber-prac\u00a1-Kubik_Stra\u0301nka_13.jpg 4961w, https:\/\/www.lucernatv.cz\/wp-content\/uploads\/2021\/01\/Vi\u0300ber-prac\u00a1-Kubik_Stra\u0301nka_13-300x212.jpg 300w, https:\/\/www.lucernatv.cz\/wp-content\/uploads\/2021\/01\/Vi\u0300ber-prac\u00a1-Kubik_Stra\u0301nka_13-768x543.jpg 768w, https:\/\/www.lucernatv.cz\/wp-content\/uploads\/2021\/01\/Vi\u0300ber-prac\u00a1-Kubik_Stra\u0301nka_13-1527x1080.jpg 1527w, https:\/\/www.lucernatv.cz\/wp-content\/uploads\/2021\/01\/Vi\u0300ber-prac\u00a1-Kubik_Stra\u0301nka_13-100x71.jpg 100w, https:\/\/www.lucernatv.cz\/wp-content\/uploads\/2021\/01\/Vi\u0300ber-prac\u00a1-Kubik_Stra\u0301nka_13-1200x849.jpg 1200w\" data-vp-popup-img-size=\"1920x1358\" data-vp-popup-md-img=\"https:\/\/www.lucernatv.cz\/wp-content\/uploads\/2021\/01\/Vi\u0300ber-prac\u00a1-Kubik_Stra\u0301nka_13.jpg\" data-vp-popup-md-img-size=\"800x566\" data-vp-popup-sm-img=\"https:\/\/www.lucernatv.cz\/wp-content\/uploads\/2021\/01\/Vi\u0300ber-prac\u00a1-Kubik_Stra\u0301nka_13.jpg\" data-vp-popup-sm-img-size=\"500x354\">\n            <h3 class=\"vp-portfolio__item-popup-title\">Ond\u0159ej Kub\u00edk \u2013 Portfolio 12<\/h3>\n        <\/template>\n                        <figure class=\"vp-portfolio__item\">\n                \n<div class=\"vp-portfolio__item-img-wrap\">\n    <div class=\"vp-portfolio__item-img\">\n            <a\n        href=\"https:\/\/www.lucernatv.cz\/wp-content\/uploads\/2021\/01\/Vi\u0300ber-prac\u00a1-Kubik_Stra\u0301nka_13.jpg\"\n            >\n    \n        <img decoding=\"async\" width=\"1920\" height=\"1358\" src=\"https:\/\/www.lucernatv.cz\/wp-content\/uploads\/2021\/01\/Vi\u0300ber-prac\u00a1-Kubik_Stra\u0301nka_13.jpg\" class=\"wp-image-622\" alt=\"\" srcset=\"https:\/\/www.lucernatv.cz\/wp-content\/uploads\/2021\/01\/Vi\u0300ber-prac\u00a1-Kubik_Stra\u0301nka_13.jpg 4961w, https:\/\/www.lucernatv.cz\/wp-content\/uploads\/2021\/01\/Vi\u0300ber-prac\u00a1-Kubik_Stra\u0301nka_13-300x212.jpg 300w, https:\/\/www.lucernatv.cz\/wp-content\/uploads\/2021\/01\/Vi\u0300ber-prac\u00a1-Kubik_Stra\u0301nka_13-768x543.jpg 768w, https:\/\/www.lucernatv.cz\/wp-content\/uploads\/2021\/01\/Vi\u0300ber-prac\u00a1-Kubik_Stra\u0301nka_13-1527x1080.jpg 1527w, https:\/\/www.lucernatv.cz\/wp-content\/uploads\/2021\/01\/Vi\u0300ber-prac\u00a1-Kubik_Stra\u0301nka_13-100x71.jpg 100w, https:\/\/www.lucernatv.cz\/wp-content\/uploads\/2021\/01\/Vi\u0300ber-prac\u00a1-Kubik_Stra\u0301nka_13-1200x849.jpg 1200w\" sizes=\"(max-width: 1920px) 100vw, 1920px\" \/>\n        <\/a>    <\/div>\n<\/div>\n\n<figcaption class=\"vp-portfolio__item-overlay vp-portfolio__item-overlay-text-align-center\">\n    <div class=\"vp-portfolio__item-meta-wrap vp-portfolio__custom-scrollbar\">\n            <a\n        href=\"https:\/\/www.lucernatv.cz\/wp-content\/uploads\/2021\/01\/Vi\u0300ber-prac\u00a1-Kubik_Stra\u0301nka_13.jpg\"\n        tabindex=\"-1\" class=\"vp-portfolio__item-meta\"     >\n    \n        \n<h2 class=\"vp-portfolio__item-meta-title\">\n    Ond\u0159ej Kub\u00edk \u2013 Portfolio 12<\/h2>\n\n        <\/a>    <\/div>\n<\/figcaption>\n            <\/figure>\n                    <\/div>\n        \n        <div        class=\"vp-portfolio__item-wrap vp-portfolio__item-uid-9b14b542\" data-vp-filter=\"\"         >\n            <template class=\"vp-portfolio__item-popup\" data-vp-popup-img=\"https:\/\/www.lucernatv.cz\/wp-content\/uploads\/2021\/01\/Vi\u0300ber-prac\u00a1-Kubik_Stra\u0301nka_14.jpg\" data-vp-popup-img-srcset=\"https:\/\/www.lucernatv.cz\/wp-content\/uploads\/2021\/01\/Vi\u0300ber-prac\u00a1-Kubik_Stra\u0301nka_14.jpg 4961w, https:\/\/www.lucernatv.cz\/wp-content\/uploads\/2021\/01\/Vi\u0300ber-prac\u00a1-Kubik_Stra\u0301nka_14-300x212.jpg 300w, https:\/\/www.lucernatv.cz\/wp-content\/uploads\/2021\/01\/Vi\u0300ber-prac\u00a1-Kubik_Stra\u0301nka_14-768x543.jpg 768w, https:\/\/www.lucernatv.cz\/wp-content\/uploads\/2021\/01\/Vi\u0300ber-prac\u00a1-Kubik_Stra\u0301nka_14-1527x1080.jpg 1527w, https:\/\/www.lucernatv.cz\/wp-content\/uploads\/2021\/01\/Vi\u0300ber-prac\u00a1-Kubik_Stra\u0301nka_14-100x71.jpg 100w, https:\/\/www.lucernatv.cz\/wp-content\/uploads\/2021\/01\/Vi\u0300ber-prac\u00a1-Kubik_Stra\u0301nka_14-1200x849.jpg 1200w\" data-vp-popup-img-size=\"1920x1358\" data-vp-popup-md-img=\"https:\/\/www.lucernatv.cz\/wp-content\/uploads\/2021\/01\/Vi\u0300ber-prac\u00a1-Kubik_Stra\u0301nka_14.jpg\" data-vp-popup-md-img-size=\"800x566\" data-vp-popup-sm-img=\"https:\/\/www.lucernatv.cz\/wp-content\/uploads\/2021\/01\/Vi\u0300ber-prac\u00a1-Kubik_Stra\u0301nka_14.jpg\" data-vp-popup-sm-img-size=\"500x354\">\n            <h3 class=\"vp-portfolio__item-popup-title\">Ond\u0159ej Kub\u00edk \u2013 Portfolio 13<\/h3>\n        <\/template>\n                        <figure class=\"vp-portfolio__item\">\n                \n<div class=\"vp-portfolio__item-img-wrap\">\n    <div class=\"vp-portfolio__item-img\">\n            <a\n        href=\"https:\/\/www.lucernatv.cz\/wp-content\/uploads\/2021\/01\/Vi\u0300ber-prac\u00a1-Kubik_Stra\u0301nka_14.jpg\"\n            >\n    \n        <img decoding=\"async\" width=\"1920\" height=\"1358\" src=\"https:\/\/www.lucernatv.cz\/wp-content\/uploads\/2021\/01\/Vi\u0300ber-prac\u00a1-Kubik_Stra\u0301nka_14.jpg\" class=\"wp-image-623\" alt=\"\" srcset=\"https:\/\/www.lucernatv.cz\/wp-content\/uploads\/2021\/01\/Vi\u0300ber-prac\u00a1-Kubik_Stra\u0301nka_14.jpg 4961w, https:\/\/www.lucernatv.cz\/wp-content\/uploads\/2021\/01\/Vi\u0300ber-prac\u00a1-Kubik_Stra\u0301nka_14-300x212.jpg 300w, https:\/\/www.lucernatv.cz\/wp-content\/uploads\/2021\/01\/Vi\u0300ber-prac\u00a1-Kubik_Stra\u0301nka_14-768x543.jpg 768w, https:\/\/www.lucernatv.cz\/wp-content\/uploads\/2021\/01\/Vi\u0300ber-prac\u00a1-Kubik_Stra\u0301nka_14-1527x1080.jpg 1527w, https:\/\/www.lucernatv.cz\/wp-content\/uploads\/2021\/01\/Vi\u0300ber-prac\u00a1-Kubik_Stra\u0301nka_14-100x71.jpg 100w, https:\/\/www.lucernatv.cz\/wp-content\/uploads\/2021\/01\/Vi\u0300ber-prac\u00a1-Kubik_Stra\u0301nka_14-1200x849.jpg 1200w\" sizes=\"(max-width: 1920px) 100vw, 1920px\" \/>\n        <\/a>    <\/div>\n<\/div>\n\n<figcaption class=\"vp-portfolio__item-overlay vp-portfolio__item-overlay-text-align-center\">\n    <div class=\"vp-portfolio__item-meta-wrap vp-portfolio__custom-scrollbar\">\n            <a\n        href=\"https:\/\/www.lucernatv.cz\/wp-content\/uploads\/2021\/01\/Vi\u0300ber-prac\u00a1-Kubik_Stra\u0301nka_14.jpg\"\n        tabindex=\"-1\" class=\"vp-portfolio__item-meta\"     >\n    \n        \n<h2 class=\"vp-portfolio__item-meta-title\">\n    Ond\u0159ej Kub\u00edk \u2013 Portfolio 13<\/h2>\n\n        <\/a>    <\/div>\n<\/figcaption>\n            <\/figure>\n                    <\/div>\n        \n        <div        class=\"vp-portfolio__item-wrap vp-portfolio__item-uid-98a71858\" data-vp-filter=\"\"         >\n            <template class=\"vp-portfolio__item-popup\" data-vp-popup-img=\"https:\/\/www.lucernatv.cz\/wp-content\/uploads\/2021\/01\/Vi\u0300ber-prac\u00a1-Kubik_Stra\u0301nka_15.jpg\" data-vp-popup-img-srcset=\"https:\/\/www.lucernatv.cz\/wp-content\/uploads\/2021\/01\/Vi\u0300ber-prac\u00a1-Kubik_Stra\u0301nka_15.jpg 4961w, https:\/\/www.lucernatv.cz\/wp-content\/uploads\/2021\/01\/Vi\u0300ber-prac\u00a1-Kubik_Stra\u0301nka_15-300x212.jpg 300w, https:\/\/www.lucernatv.cz\/wp-content\/uploads\/2021\/01\/Vi\u0300ber-prac\u00a1-Kubik_Stra\u0301nka_15-768x543.jpg 768w, https:\/\/www.lucernatv.cz\/wp-content\/uploads\/2021\/01\/Vi\u0300ber-prac\u00a1-Kubik_Stra\u0301nka_15-1527x1080.jpg 1527w, https:\/\/www.lucernatv.cz\/wp-content\/uploads\/2021\/01\/Vi\u0300ber-prac\u00a1-Kubik_Stra\u0301nka_15-100x71.jpg 100w, https:\/\/www.lucernatv.cz\/wp-content\/uploads\/2021\/01\/Vi\u0300ber-prac\u00a1-Kubik_Stra\u0301nka_15-1200x849.jpg 1200w\" data-vp-popup-img-size=\"1920x1358\" data-vp-popup-md-img=\"https:\/\/www.lucernatv.cz\/wp-content\/uploads\/2021\/01\/Vi\u0300ber-prac\u00a1-Kubik_Stra\u0301nka_15.jpg\" data-vp-popup-md-img-size=\"800x566\" data-vp-popup-sm-img=\"https:\/\/www.lucernatv.cz\/wp-content\/uploads\/2021\/01\/Vi\u0300ber-prac\u00a1-Kubik_Stra\u0301nka_15.jpg\" data-vp-popup-sm-img-size=\"500x354\">\n            <h3 class=\"vp-portfolio__item-popup-title\">Ond\u0159ej Kub\u00edk \u2013 Portfolio 14<\/h3>\n        <\/template>\n                        <figure class=\"vp-portfolio__item\">\n                \n<div class=\"vp-portfolio__item-img-wrap\">\n    <div class=\"vp-portfolio__item-img\">\n            <a\n        href=\"https:\/\/www.lucernatv.cz\/wp-content\/uploads\/2021\/01\/Vi\u0300ber-prac\u00a1-Kubik_Stra\u0301nka_15.jpg\"\n            >\n    \n        <img decoding=\"async\" width=\"1920\" height=\"1358\" src=\"https:\/\/www.lucernatv.cz\/wp-content\/uploads\/2021\/01\/Vi\u0300ber-prac\u00a1-Kubik_Stra\u0301nka_15.jpg\" class=\"wp-image-624\" alt=\"\" srcset=\"https:\/\/www.lucernatv.cz\/wp-content\/uploads\/2021\/01\/Vi\u0300ber-prac\u00a1-Kubik_Stra\u0301nka_15.jpg 4961w, https:\/\/www.lucernatv.cz\/wp-content\/uploads\/2021\/01\/Vi\u0300ber-prac\u00a1-Kubik_Stra\u0301nka_15-300x212.jpg 300w, https:\/\/www.lucernatv.cz\/wp-content\/uploads\/2021\/01\/Vi\u0300ber-prac\u00a1-Kubik_Stra\u0301nka_15-768x543.jpg 768w, https:\/\/www.lucernatv.cz\/wp-content\/uploads\/2021\/01\/Vi\u0300ber-prac\u00a1-Kubik_Stra\u0301nka_15-1527x1080.jpg 1527w, https:\/\/www.lucernatv.cz\/wp-content\/uploads\/2021\/01\/Vi\u0300ber-prac\u00a1-Kubik_Stra\u0301nka_15-100x71.jpg 100w, https:\/\/www.lucernatv.cz\/wp-content\/uploads\/2021\/01\/Vi\u0300ber-prac\u00a1-Kubik_Stra\u0301nka_15-1200x849.jpg 1200w\" sizes=\"(max-width: 1920px) 100vw, 1920px\" \/>\n        <\/a>    <\/div>\n<\/div>\n\n<figcaption class=\"vp-portfolio__item-overlay vp-portfolio__item-overlay-text-align-center\">\n    <div class=\"vp-portfolio__item-meta-wrap vp-portfolio__custom-scrollbar\">\n            <a\n        href=\"https:\/\/www.lucernatv.cz\/wp-content\/uploads\/2021\/01\/Vi\u0300ber-prac\u00a1-Kubik_Stra\u0301nka_15.jpg\"\n        tabindex=\"-1\" class=\"vp-portfolio__item-meta\"     >\n    \n        \n<h2 class=\"vp-portfolio__item-meta-title\">\n    Ond\u0159ej Kub\u00edk \u2013 Portfolio 14<\/h2>\n\n        <\/a>    <\/div>\n<\/figcaption>\n            <\/figure>\n                    <\/div>\n        \n        <div        class=\"vp-portfolio__item-wrap vp-portfolio__item-uid-571c4fab\" data-vp-filter=\"\"         >\n            <template class=\"vp-portfolio__item-popup\" data-vp-popup-img=\"https:\/\/www.lucernatv.cz\/wp-content\/uploads\/2021\/01\/Vi\u0300ber-prac\u00a1-Kubik_Stra\u0301nka_16.jpg\" data-vp-popup-img-srcset=\"https:\/\/www.lucernatv.cz\/wp-content\/uploads\/2021\/01\/Vi\u0300ber-prac\u00a1-Kubik_Stra\u0301nka_16.jpg 4961w, https:\/\/www.lucernatv.cz\/wp-content\/uploads\/2021\/01\/Vi\u0300ber-prac\u00a1-Kubik_Stra\u0301nka_16-300x212.jpg 300w, https:\/\/www.lucernatv.cz\/wp-content\/uploads\/2021\/01\/Vi\u0300ber-prac\u00a1-Kubik_Stra\u0301nka_16-768x543.jpg 768w, https:\/\/www.lucernatv.cz\/wp-content\/uploads\/2021\/01\/Vi\u0300ber-prac\u00a1-Kubik_Stra\u0301nka_16-1527x1080.jpg 1527w, https:\/\/www.lucernatv.cz\/wp-content\/uploads\/2021\/01\/Vi\u0300ber-prac\u00a1-Kubik_Stra\u0301nka_16-100x71.jpg 100w, https:\/\/www.lucernatv.cz\/wp-content\/uploads\/2021\/01\/Vi\u0300ber-prac\u00a1-Kubik_Stra\u0301nka_16-1200x849.jpg 1200w\" data-vp-popup-img-size=\"1920x1358\" data-vp-popup-md-img=\"https:\/\/www.lucernatv.cz\/wp-content\/uploads\/2021\/01\/Vi\u0300ber-prac\u00a1-Kubik_Stra\u0301nka_16.jpg\" data-vp-popup-md-img-size=\"800x566\" data-vp-popup-sm-img=\"https:\/\/www.lucernatv.cz\/wp-content\/uploads\/2021\/01\/Vi\u0300ber-prac\u00a1-Kubik_Stra\u0301nka_16.jpg\" data-vp-popup-sm-img-size=\"500x354\">\n            <h3 class=\"vp-portfolio__item-popup-title\">Ond\u0159ej Kub\u00edk \u2013 Portfolio 15<\/h3>\n        <\/template>\n                        <figure class=\"vp-portfolio__item\">\n                \n<div class=\"vp-portfolio__item-img-wrap\">\n    <div class=\"vp-portfolio__item-img\">\n            <a\n        href=\"https:\/\/www.lucernatv.cz\/wp-content\/uploads\/2021\/01\/Vi\u0300ber-prac\u00a1-Kubik_Stra\u0301nka_16.jpg\"\n            >\n    \n        <img decoding=\"async\" width=\"1920\" height=\"1358\" src=\"https:\/\/www.lucernatv.cz\/wp-content\/uploads\/2021\/01\/Vi\u0300ber-prac\u00a1-Kubik_Stra\u0301nka_16.jpg\" class=\"wp-image-625\" alt=\"\" srcset=\"https:\/\/www.lucernatv.cz\/wp-content\/uploads\/2021\/01\/Vi\u0300ber-prac\u00a1-Kubik_Stra\u0301nka_16.jpg 4961w, https:\/\/www.lucernatv.cz\/wp-content\/uploads\/2021\/01\/Vi\u0300ber-prac\u00a1-Kubik_Stra\u0301nka_16-300x212.jpg 300w, https:\/\/www.lucernatv.cz\/wp-content\/uploads\/2021\/01\/Vi\u0300ber-prac\u00a1-Kubik_Stra\u0301nka_16-768x543.jpg 768w, https:\/\/www.lucernatv.cz\/wp-content\/uploads\/2021\/01\/Vi\u0300ber-prac\u00a1-Kubik_Stra\u0301nka_16-1527x1080.jpg 1527w, https:\/\/www.lucernatv.cz\/wp-content\/uploads\/2021\/01\/Vi\u0300ber-prac\u00a1-Kubik_Stra\u0301nka_16-100x71.jpg 100w, https:\/\/www.lucernatv.cz\/wp-content\/uploads\/2021\/01\/Vi\u0300ber-prac\u00a1-Kubik_Stra\u0301nka_16-1200x849.jpg 1200w\" sizes=\"(max-width: 1920px) 100vw, 1920px\" \/>\n        <\/a>    <\/div>\n<\/div>\n\n<figcaption class=\"vp-portfolio__item-overlay vp-portfolio__item-overlay-text-align-center\">\n    <div class=\"vp-portfolio__item-meta-wrap vp-portfolio__custom-scrollbar\">\n            <a\n        href=\"https:\/\/www.lucernatv.cz\/wp-content\/uploads\/2021\/01\/Vi\u0300ber-prac\u00a1-Kubik_Stra\u0301nka_16.jpg\"\n        tabindex=\"-1\" class=\"vp-portfolio__item-meta\"     >\n    \n        \n<h2 class=\"vp-portfolio__item-meta-title\">\n    Ond\u0159ej Kub\u00edk \u2013 Portfolio 15<\/h2>\n\n        <\/a>    <\/div>\n<\/figcaption>\n            <\/figure>\n                    <\/div>\n        \n        <div        class=\"vp-portfolio__item-wrap vp-portfolio__item-uid-dca0b1ff\" data-vp-filter=\"\"         >\n            <template class=\"vp-portfolio__item-popup\" data-vp-popup-img=\"https:\/\/www.lucernatv.cz\/wp-content\/uploads\/2021\/01\/Vi\u0300ber-prac\u00a1-Kubik_Stra\u0301nka_17.jpg\" data-vp-popup-img-srcset=\"https:\/\/www.lucernatv.cz\/wp-content\/uploads\/2021\/01\/Vi\u0300ber-prac\u00a1-Kubik_Stra\u0301nka_17.jpg 4961w, https:\/\/www.lucernatv.cz\/wp-content\/uploads\/2021\/01\/Vi\u0300ber-prac\u00a1-Kubik_Stra\u0301nka_17-300x212.jpg 300w, https:\/\/www.lucernatv.cz\/wp-content\/uploads\/2021\/01\/Vi\u0300ber-prac\u00a1-Kubik_Stra\u0301nka_17-768x543.jpg 768w, https:\/\/www.lucernatv.cz\/wp-content\/uploads\/2021\/01\/Vi\u0300ber-prac\u00a1-Kubik_Stra\u0301nka_17-1527x1080.jpg 1527w, https:\/\/www.lucernatv.cz\/wp-content\/uploads\/2021\/01\/Vi\u0300ber-prac\u00a1-Kubik_Stra\u0301nka_17-100x71.jpg 100w, https:\/\/www.lucernatv.cz\/wp-content\/uploads\/2021\/01\/Vi\u0300ber-prac\u00a1-Kubik_Stra\u0301nka_17-1200x849.jpg 1200w\" data-vp-popup-img-size=\"1920x1358\" data-vp-popup-md-img=\"https:\/\/www.lucernatv.cz\/wp-content\/uploads\/2021\/01\/Vi\u0300ber-prac\u00a1-Kubik_Stra\u0301nka_17.jpg\" data-vp-popup-md-img-size=\"800x566\" data-vp-popup-sm-img=\"https:\/\/www.lucernatv.cz\/wp-content\/uploads\/2021\/01\/Vi\u0300ber-prac\u00a1-Kubik_Stra\u0301nka_17.jpg\" data-vp-popup-sm-img-size=\"500x354\">\n            <h3 class=\"vp-portfolio__item-popup-title\">Ond\u0159ej Kub\u00edk \u2013 Portfolio 16<\/h3>\n        <\/template>\n                        <figure class=\"vp-portfolio__item\">\n                \n<div class=\"vp-portfolio__item-img-wrap\">\n    <div class=\"vp-portfolio__item-img\">\n            <a\n        href=\"https:\/\/www.lucernatv.cz\/wp-content\/uploads\/2021\/01\/Vi\u0300ber-prac\u00a1-Kubik_Stra\u0301nka_17.jpg\"\n            >\n    \n        <img decoding=\"async\" width=\"1920\" height=\"1358\" src=\"https:\/\/www.lucernatv.cz\/wp-content\/uploads\/2021\/01\/Vi\u0300ber-prac\u00a1-Kubik_Stra\u0301nka_17.jpg\" class=\"wp-image-626\" alt=\"\" srcset=\"https:\/\/www.lucernatv.cz\/wp-content\/uploads\/2021\/01\/Vi\u0300ber-prac\u00a1-Kubik_Stra\u0301nka_17.jpg 4961w, https:\/\/www.lucernatv.cz\/wp-content\/uploads\/2021\/01\/Vi\u0300ber-prac\u00a1-Kubik_Stra\u0301nka_17-300x212.jpg 300w, https:\/\/www.lucernatv.cz\/wp-content\/uploads\/2021\/01\/Vi\u0300ber-prac\u00a1-Kubik_Stra\u0301nka_17-768x543.jpg 768w, https:\/\/www.lucernatv.cz\/wp-content\/uploads\/2021\/01\/Vi\u0300ber-prac\u00a1-Kubik_Stra\u0301nka_17-1527x1080.jpg 1527w, https:\/\/www.lucernatv.cz\/wp-content\/uploads\/2021\/01\/Vi\u0300ber-prac\u00a1-Kubik_Stra\u0301nka_17-100x71.jpg 100w, https:\/\/www.lucernatv.cz\/wp-content\/uploads\/2021\/01\/Vi\u0300ber-prac\u00a1-Kubik_Stra\u0301nka_17-1200x849.jpg 1200w\" sizes=\"(max-width: 1920px) 100vw, 1920px\" \/>\n        <\/a>    <\/div>\n<\/div>\n\n<figcaption class=\"vp-portfolio__item-overlay vp-portfolio__item-overlay-text-align-center\">\n    <div class=\"vp-portfolio__item-meta-wrap vp-portfolio__custom-scrollbar\">\n            <a\n        href=\"https:\/\/www.lucernatv.cz\/wp-content\/uploads\/2021\/01\/Vi\u0300ber-prac\u00a1-Kubik_Stra\u0301nka_17.jpg\"\n        tabindex=\"-1\" class=\"vp-portfolio__item-meta\"     >\n    \n        \n<h2 class=\"vp-portfolio__item-meta-title\">\n    Ond\u0159ej Kub\u00edk \u2013 Portfolio 16<\/h2>\n\n        <\/a>    <\/div>\n<\/figcaption>\n            <\/figure>\n                    <\/div>\n        \n        <div        class=\"vp-portfolio__item-wrap vp-portfolio__item-uid-131be60c\" data-vp-filter=\"\"         >\n            <template class=\"vp-portfolio__item-popup\" data-vp-popup-img=\"https:\/\/www.lucernatv.cz\/wp-content\/uploads\/2021\/01\/Vi\u0300ber-prac\u00a1-Kubik_Stra\u0301nka_18.jpg\" data-vp-popup-img-srcset=\"https:\/\/www.lucernatv.cz\/wp-content\/uploads\/2021\/01\/Vi\u0300ber-prac\u00a1-Kubik_Stra\u0301nka_18.jpg 4961w, https:\/\/www.lucernatv.cz\/wp-content\/uploads\/2021\/01\/Vi\u0300ber-prac\u00a1-Kubik_Stra\u0301nka_18-300x212.jpg 300w, https:\/\/www.lucernatv.cz\/wp-content\/uploads\/2021\/01\/Vi\u0300ber-prac\u00a1-Kubik_Stra\u0301nka_18-768x543.jpg 768w, https:\/\/www.lucernatv.cz\/wp-content\/uploads\/2021\/01\/Vi\u0300ber-prac\u00a1-Kubik_Stra\u0301nka_18-1527x1080.jpg 1527w, https:\/\/www.lucernatv.cz\/wp-content\/uploads\/2021\/01\/Vi\u0300ber-prac\u00a1-Kubik_Stra\u0301nka_18-100x71.jpg 100w, https:\/\/www.lucernatv.cz\/wp-content\/uploads\/2021\/01\/Vi\u0300ber-prac\u00a1-Kubik_Stra\u0301nka_18-1200x849.jpg 1200w\" data-vp-popup-img-size=\"1920x1358\" data-vp-popup-md-img=\"https:\/\/www.lucernatv.cz\/wp-content\/uploads\/2021\/01\/Vi\u0300ber-prac\u00a1-Kubik_Stra\u0301nka_18.jpg\" data-vp-popup-md-img-size=\"800x566\" data-vp-popup-sm-img=\"https:\/\/www.lucernatv.cz\/wp-content\/uploads\/2021\/01\/Vi\u0300ber-prac\u00a1-Kubik_Stra\u0301nka_18.jpg\" data-vp-popup-sm-img-size=\"500x354\">\n            <h3 class=\"vp-portfolio__item-popup-title\">Ond\u0159ej Kub\u00edk \u2013 Portfolio 17<\/h3>\n        <\/template>\n                        <figure class=\"vp-portfolio__item\">\n                \n<div class=\"vp-portfolio__item-img-wrap\">\n    <div class=\"vp-portfolio__item-img\">\n            <a\n        href=\"https:\/\/www.lucernatv.cz\/wp-content\/uploads\/2021\/01\/Vi\u0300ber-prac\u00a1-Kubik_Stra\u0301nka_18.jpg\"\n            >\n    \n        <img decoding=\"async\" width=\"1920\" height=\"1358\" src=\"https:\/\/www.lucernatv.cz\/wp-content\/uploads\/2021\/01\/Vi\u0300ber-prac\u00a1-Kubik_Stra\u0301nka_18.jpg\" class=\"wp-image-627\" alt=\"\" srcset=\"https:\/\/www.lucernatv.cz\/wp-content\/uploads\/2021\/01\/Vi\u0300ber-prac\u00a1-Kubik_Stra\u0301nka_18.jpg 4961w, https:\/\/www.lucernatv.cz\/wp-content\/uploads\/2021\/01\/Vi\u0300ber-prac\u00a1-Kubik_Stra\u0301nka_18-300x212.jpg 300w, https:\/\/www.lucernatv.cz\/wp-content\/uploads\/2021\/01\/Vi\u0300ber-prac\u00a1-Kubik_Stra\u0301nka_18-768x543.jpg 768w, https:\/\/www.lucernatv.cz\/wp-content\/uploads\/2021\/01\/Vi\u0300ber-prac\u00a1-Kubik_Stra\u0301nka_18-1527x1080.jpg 1527w, https:\/\/www.lucernatv.cz\/wp-content\/uploads\/2021\/01\/Vi\u0300ber-prac\u00a1-Kubik_Stra\u0301nka_18-100x71.jpg 100w, https:\/\/www.lucernatv.cz\/wp-content\/uploads\/2021\/01\/Vi\u0300ber-prac\u00a1-Kubik_Stra\u0301nka_18-1200x849.jpg 1200w\" sizes=\"(max-width: 1920px) 100vw, 1920px\" \/>\n        <\/a>    <\/div>\n<\/div>\n\n<figcaption class=\"vp-portfolio__item-overlay vp-portfolio__item-overlay-text-align-center\">\n    <div class=\"vp-portfolio__item-meta-wrap vp-portfolio__custom-scrollbar\">\n            <a\n        href=\"https:\/\/www.lucernatv.cz\/wp-content\/uploads\/2021\/01\/Vi\u0300ber-prac\u00a1-Kubik_Stra\u0301nka_18.jpg\"\n        tabindex=\"-1\" class=\"vp-portfolio__item-meta\"     >\n    \n        \n<h2 class=\"vp-portfolio__item-meta-title\">\n    Ond\u0159ej Kub\u00edk \u2013 Portfolio 17<\/h2>\n\n        <\/a>    <\/div>\n<\/figcaption>\n            <\/figure>\n                    <\/div>\n        \n        <div        class=\"vp-portfolio__item-wrap vp-portfolio__item-uid-dbc7ebcb\" data-vp-filter=\"\"         >\n            <template class=\"vp-portfolio__item-popup\" data-vp-popup-img=\"https:\/\/www.lucernatv.cz\/wp-content\/uploads\/2021\/01\/Vi\u0300ber-prac\u00a1-Kubik_Stra\u0301nka_19.jpg\" data-vp-popup-img-srcset=\"https:\/\/www.lucernatv.cz\/wp-content\/uploads\/2021\/01\/Vi\u0300ber-prac\u00a1-Kubik_Stra\u0301nka_19.jpg 4961w, https:\/\/www.lucernatv.cz\/wp-content\/uploads\/2021\/01\/Vi\u0300ber-prac\u00a1-Kubik_Stra\u0301nka_19-300x212.jpg 300w, https:\/\/www.lucernatv.cz\/wp-content\/uploads\/2021\/01\/Vi\u0300ber-prac\u00a1-Kubik_Stra\u0301nka_19-768x543.jpg 768w, https:\/\/www.lucernatv.cz\/wp-content\/uploads\/2021\/01\/Vi\u0300ber-prac\u00a1-Kubik_Stra\u0301nka_19-1527x1080.jpg 1527w, https:\/\/www.lucernatv.cz\/wp-content\/uploads\/2021\/01\/Vi\u0300ber-prac\u00a1-Kubik_Stra\u0301nka_19-100x71.jpg 100w, https:\/\/www.lucernatv.cz\/wp-content\/uploads\/2021\/01\/Vi\u0300ber-prac\u00a1-Kubik_Stra\u0301nka_19-1200x849.jpg 1200w\" data-vp-popup-img-size=\"1920x1358\" data-vp-popup-md-img=\"https:\/\/www.lucernatv.cz\/wp-content\/uploads\/2021\/01\/Vi\u0300ber-prac\u00a1-Kubik_Stra\u0301nka_19.jpg\" data-vp-popup-md-img-size=\"800x566\" data-vp-popup-sm-img=\"https:\/\/www.lucernatv.cz\/wp-content\/uploads\/2021\/01\/Vi\u0300ber-prac\u00a1-Kubik_Stra\u0301nka_19.jpg\" data-vp-popup-sm-img-size=\"500x354\">\n            <h3 class=\"vp-portfolio__item-popup-title\">Ond\u0159ej Kub\u00edk \u2013 Portfolio 18<\/h3>\n        <\/template>\n                        <figure class=\"vp-portfolio__item\">\n                \n<div class=\"vp-portfolio__item-img-wrap\">\n    <div class=\"vp-portfolio__item-img\">\n            <a\n        href=\"https:\/\/www.lucernatv.cz\/wp-content\/uploads\/2021\/01\/Vi\u0300ber-prac\u00a1-Kubik_Stra\u0301nka_19.jpg\"\n            >\n    \n        <img decoding=\"async\" width=\"1920\" height=\"1358\" src=\"https:\/\/www.lucernatv.cz\/wp-content\/uploads\/2021\/01\/Vi\u0300ber-prac\u00a1-Kubik_Stra\u0301nka_19.jpg\" class=\"wp-image-628\" alt=\"\" srcset=\"https:\/\/www.lucernatv.cz\/wp-content\/uploads\/2021\/01\/Vi\u0300ber-prac\u00a1-Kubik_Stra\u0301nka_19.jpg 4961w, https:\/\/www.lucernatv.cz\/wp-content\/uploads\/2021\/01\/Vi\u0300ber-prac\u00a1-Kubik_Stra\u0301nka_19-300x212.jpg 300w, https:\/\/www.lucernatv.cz\/wp-content\/uploads\/2021\/01\/Vi\u0300ber-prac\u00a1-Kubik_Stra\u0301nka_19-768x543.jpg 768w, https:\/\/www.lucernatv.cz\/wp-content\/uploads\/2021\/01\/Vi\u0300ber-prac\u00a1-Kubik_Stra\u0301nka_19-1527x1080.jpg 1527w, https:\/\/www.lucernatv.cz\/wp-content\/uploads\/2021\/01\/Vi\u0300ber-prac\u00a1-Kubik_Stra\u0301nka_19-100x71.jpg 100w, https:\/\/www.lucernatv.cz\/wp-content\/uploads\/2021\/01\/Vi\u0300ber-prac\u00a1-Kubik_Stra\u0301nka_19-1200x849.jpg 1200w\" sizes=\"(max-width: 1920px) 100vw, 1920px\" \/>\n        <\/a>    <\/div>\n<\/div>\n\n<figcaption class=\"vp-portfolio__item-overlay vp-portfolio__item-overlay-text-align-center\">\n    <div class=\"vp-portfolio__item-meta-wrap vp-portfolio__custom-scrollbar\">\n            <a\n        href=\"https:\/\/www.lucernatv.cz\/wp-content\/uploads\/2021\/01\/Vi\u0300ber-prac\u00a1-Kubik_Stra\u0301nka_19.jpg\"\n        tabindex=\"-1\" class=\"vp-portfolio__item-meta\"     >\n    \n        \n<h2 class=\"vp-portfolio__item-meta-title\">\n    Ond\u0159ej Kub\u00edk \u2013 Portfolio 18<\/h2>\n\n        <\/a>    <\/div>\n<\/figcaption>\n            <\/figure>\n                    <\/div>\n        \n        <div        class=\"vp-portfolio__item-wrap vp-portfolio__item-uid-147cbc38\" data-vp-filter=\"\"         >\n            <template class=\"vp-portfolio__item-popup\" data-vp-popup-img=\"https:\/\/www.lucernatv.cz\/wp-content\/uploads\/2021\/01\/Vi\u0300ber-prac\u00a1-Kubik_Stra\u0301nka_20.jpg\" data-vp-popup-img-srcset=\"https:\/\/www.lucernatv.cz\/wp-content\/uploads\/2021\/01\/Vi\u0300ber-prac\u00a1-Kubik_Stra\u0301nka_20.jpg 4961w, https:\/\/www.lucernatv.cz\/wp-content\/uploads\/2021\/01\/Vi\u0300ber-prac\u00a1-Kubik_Stra\u0301nka_20-300x212.jpg 300w, https:\/\/www.lucernatv.cz\/wp-content\/uploads\/2021\/01\/Vi\u0300ber-prac\u00a1-Kubik_Stra\u0301nka_20-768x543.jpg 768w, https:\/\/www.lucernatv.cz\/wp-content\/uploads\/2021\/01\/Vi\u0300ber-prac\u00a1-Kubik_Stra\u0301nka_20-1527x1080.jpg 1527w, https:\/\/www.lucernatv.cz\/wp-content\/uploads\/2021\/01\/Vi\u0300ber-prac\u00a1-Kubik_Stra\u0301nka_20-100x71.jpg 100w, https:\/\/www.lucernatv.cz\/wp-content\/uploads\/2021\/01\/Vi\u0300ber-prac\u00a1-Kubik_Stra\u0301nka_20-1200x849.jpg 1200w\" data-vp-popup-img-size=\"1920x1358\" data-vp-popup-md-img=\"https:\/\/www.lucernatv.cz\/wp-content\/uploads\/2021\/01\/Vi\u0300ber-prac\u00a1-Kubik_Stra\u0301nka_20.jpg\" data-vp-popup-md-img-size=\"800x566\" data-vp-popup-sm-img=\"https:\/\/www.lucernatv.cz\/wp-content\/uploads\/2021\/01\/Vi\u0300ber-prac\u00a1-Kubik_Stra\u0301nka_20.jpg\" data-vp-popup-sm-img-size=\"500x354\">\n            <h3 class=\"vp-portfolio__item-popup-title\">Ond\u0159ej Kub\u00edk \u2013 Portfolio 19<\/h3>\n        <\/template>\n                        <figure class=\"vp-portfolio__item\">\n                \n<div class=\"vp-portfolio__item-img-wrap\">\n    <div class=\"vp-portfolio__item-img\">\n            <a\n        href=\"https:\/\/www.lucernatv.cz\/wp-content\/uploads\/2021\/01\/Vi\u0300ber-prac\u00a1-Kubik_Stra\u0301nka_20.jpg\"\n            >\n    \n        <img decoding=\"async\" width=\"1920\" height=\"1358\" src=\"https:\/\/www.lucernatv.cz\/wp-content\/uploads\/2021\/01\/Vi\u0300ber-prac\u00a1-Kubik_Stra\u0301nka_20.jpg\" class=\"wp-image-629\" alt=\"\" srcset=\"https:\/\/www.lucernatv.cz\/wp-content\/uploads\/2021\/01\/Vi\u0300ber-prac\u00a1-Kubik_Stra\u0301nka_20.jpg 4961w, https:\/\/www.lucernatv.cz\/wp-content\/uploads\/2021\/01\/Vi\u0300ber-prac\u00a1-Kubik_Stra\u0301nka_20-300x212.jpg 300w, https:\/\/www.lucernatv.cz\/wp-content\/uploads\/2021\/01\/Vi\u0300ber-prac\u00a1-Kubik_Stra\u0301nka_20-768x543.jpg 768w, https:\/\/www.lucernatv.cz\/wp-content\/uploads\/2021\/01\/Vi\u0300ber-prac\u00a1-Kubik_Stra\u0301nka_20-1527x1080.jpg 1527w, https:\/\/www.lucernatv.cz\/wp-content\/uploads\/2021\/01\/Vi\u0300ber-prac\u00a1-Kubik_Stra\u0301nka_20-100x71.jpg 100w, https:\/\/www.lucernatv.cz\/wp-content\/uploads\/2021\/01\/Vi\u0300ber-prac\u00a1-Kubik_Stra\u0301nka_20-1200x849.jpg 1200w\" sizes=\"(max-width: 1920px) 100vw, 1920px\" \/>\n        <\/a>    <\/div>\n<\/div>\n\n<figcaption class=\"vp-portfolio__item-overlay vp-portfolio__item-overlay-text-align-center\">\n    <div class=\"vp-portfolio__item-meta-wrap vp-portfolio__custom-scrollbar\">\n            <a\n        href=\"https:\/\/www.lucernatv.cz\/wp-content\/uploads\/2021\/01\/Vi\u0300ber-prac\u00a1-Kubik_Stra\u0301nka_20.jpg\"\n        tabindex=\"-1\" class=\"vp-portfolio__item-meta\"     >\n    \n        \n<h2 class=\"vp-portfolio__item-meta-title\">\n    Ond\u0159ej Kub\u00edk \u2013 Portfolio 19<\/h2>\n\n        <\/a>    <\/div>\n<\/figcaption>\n            <\/figure>\n                    <\/div>\n        \n        <div        class=\"vp-portfolio__item-wrap vp-portfolio__item-uid-4e130087\" data-vp-filter=\"\"         >\n            <template class=\"vp-portfolio__item-popup\" data-vp-popup-img=\"https:\/\/www.lucernatv.cz\/wp-content\/uploads\/2021\/01\/Vi\u0300ber-prac\u00a1-Kubik_Stra\u0301nka_21.jpg\" data-vp-popup-img-srcset=\"https:\/\/www.lucernatv.cz\/wp-content\/uploads\/2021\/01\/Vi\u0300ber-prac\u00a1-Kubik_Stra\u0301nka_21.jpg 4961w, https:\/\/www.lucernatv.cz\/wp-content\/uploads\/2021\/01\/Vi\u0300ber-prac\u00a1-Kubik_Stra\u0301nka_21-300x212.jpg 300w, https:\/\/www.lucernatv.cz\/wp-content\/uploads\/2021\/01\/Vi\u0300ber-prac\u00a1-Kubik_Stra\u0301nka_21-768x543.jpg 768w, https:\/\/www.lucernatv.cz\/wp-content\/uploads\/2021\/01\/Vi\u0300ber-prac\u00a1-Kubik_Stra\u0301nka_21-1527x1080.jpg 1527w, https:\/\/www.lucernatv.cz\/wp-content\/uploads\/2021\/01\/Vi\u0300ber-prac\u00a1-Kubik_Stra\u0301nka_21-100x71.jpg 100w, https:\/\/www.lucernatv.cz\/wp-content\/uploads\/2021\/01\/Vi\u0300ber-prac\u00a1-Kubik_Stra\u0301nka_21-1200x849.jpg 1200w\" data-vp-popup-img-size=\"1920x1358\" data-vp-popup-md-img=\"https:\/\/www.lucernatv.cz\/wp-content\/uploads\/2021\/01\/Vi\u0300ber-prac\u00a1-Kubik_Stra\u0301nka_21.jpg\" data-vp-popup-md-img-size=\"800x566\" data-vp-popup-sm-img=\"https:\/\/www.lucernatv.cz\/wp-content\/uploads\/2021\/01\/Vi\u0300ber-prac\u00a1-Kubik_Stra\u0301nka_21.jpg\" data-vp-popup-sm-img-size=\"500x354\">\n            <h3 class=\"vp-portfolio__item-popup-title\">Ond\u0159ej Kub\u00edk \u2013 Portfolio 20<\/h3>\n        <\/template>\n                        <figure class=\"vp-portfolio__item\">\n                \n<div class=\"vp-portfolio__item-img-wrap\">\n    <div class=\"vp-portfolio__item-img\">\n            <a\n        href=\"https:\/\/www.lucernatv.cz\/wp-content\/uploads\/2021\/01\/Vi\u0300ber-prac\u00a1-Kubik_Stra\u0301nka_21.jpg\"\n            >\n    \n        <img decoding=\"async\" width=\"1920\" height=\"1358\" src=\"https:\/\/www.lucernatv.cz\/wp-content\/uploads\/2021\/01\/Vi\u0300ber-prac\u00a1-Kubik_Stra\u0301nka_21.jpg\" class=\"wp-image-630\" alt=\"\" srcset=\"https:\/\/www.lucernatv.cz\/wp-content\/uploads\/2021\/01\/Vi\u0300ber-prac\u00a1-Kubik_Stra\u0301nka_21.jpg 4961w, https:\/\/www.lucernatv.cz\/wp-content\/uploads\/2021\/01\/Vi\u0300ber-prac\u00a1-Kubik_Stra\u0301nka_21-300x212.jpg 300w, https:\/\/www.lucernatv.cz\/wp-content\/uploads\/2021\/01\/Vi\u0300ber-prac\u00a1-Kubik_Stra\u0301nka_21-768x543.jpg 768w, https:\/\/www.lucernatv.cz\/wp-content\/uploads\/2021\/01\/Vi\u0300ber-prac\u00a1-Kubik_Stra\u0301nka_21-1527x1080.jpg 1527w, https:\/\/www.lucernatv.cz\/wp-content\/uploads\/2021\/01\/Vi\u0300ber-prac\u00a1-Kubik_Stra\u0301nka_21-100x71.jpg 100w, https:\/\/www.lucernatv.cz\/wp-content\/uploads\/2021\/01\/Vi\u0300ber-prac\u00a1-Kubik_Stra\u0301nka_21-1200x849.jpg 1200w\" sizes=\"(max-width: 1920px) 100vw, 1920px\" \/>\n        <\/a>    <\/div>\n<\/div>\n\n<figcaption class=\"vp-portfolio__item-overlay vp-portfolio__item-overlay-text-align-center\">\n    <div class=\"vp-portfolio__item-meta-wrap vp-portfolio__custom-scrollbar\">\n            <a\n        href=\"https:\/\/www.lucernatv.cz\/wp-content\/uploads\/2021\/01\/Vi\u0300ber-prac\u00a1-Kubik_Stra\u0301nka_21.jpg\"\n        tabindex=\"-1\" class=\"vp-portfolio__item-meta\"     >\n    \n        \n<h2 class=\"vp-portfolio__item-meta-title\">\n    Ond\u0159ej Kub\u00edk \u2013 Portfolio 20<\/h2>\n\n        <\/a>    <\/div>\n<\/figcaption>\n            <\/figure>\n                    <\/div>\n        \n        <div        class=\"vp-portfolio__item-wrap vp-portfolio__item-uid-18a106ce\" data-vp-filter=\"\"         >\n            <template class=\"vp-portfolio__item-popup\" data-vp-popup-img=\"https:\/\/www.lucernatv.cz\/wp-content\/uploads\/2021\/01\/Vi\u0300ber-prac\u00a1-Kubik_Stra\u0301nka_22.jpg\" data-vp-popup-img-srcset=\"https:\/\/www.lucernatv.cz\/wp-content\/uploads\/2021\/01\/Vi\u0300ber-prac\u00a1-Kubik_Stra\u0301nka_22.jpg 4961w, https:\/\/www.lucernatv.cz\/wp-content\/uploads\/2021\/01\/Vi\u0300ber-prac\u00a1-Kubik_Stra\u0301nka_22-300x212.jpg 300w, https:\/\/www.lucernatv.cz\/wp-content\/uploads\/2021\/01\/Vi\u0300ber-prac\u00a1-Kubik_Stra\u0301nka_22-768x543.jpg 768w, https:\/\/www.lucernatv.cz\/wp-content\/uploads\/2021\/01\/Vi\u0300ber-prac\u00a1-Kubik_Stra\u0301nka_22-1527x1080.jpg 1527w, https:\/\/www.lucernatv.cz\/wp-content\/uploads\/2021\/01\/Vi\u0300ber-prac\u00a1-Kubik_Stra\u0301nka_22-100x71.jpg 100w, https:\/\/www.lucernatv.cz\/wp-content\/uploads\/2021\/01\/Vi\u0300ber-prac\u00a1-Kubik_Stra\u0301nka_22-1200x849.jpg 1200w\" data-vp-popup-img-size=\"1920x1358\" data-vp-popup-md-img=\"https:\/\/www.lucernatv.cz\/wp-content\/uploads\/2021\/01\/Vi\u0300ber-prac\u00a1-Kubik_Stra\u0301nka_22.jpg\" data-vp-popup-md-img-size=\"800x566\" data-vp-popup-sm-img=\"https:\/\/www.lucernatv.cz\/wp-content\/uploads\/2021\/01\/Vi\u0300ber-prac\u00a1-Kubik_Stra\u0301nka_22.jpg\" data-vp-popup-sm-img-size=\"500x354\">\n            <h3 class=\"vp-portfolio__item-popup-title\">Ond\u0159ej Kub\u00edk \u2013 Portfolio 21<\/h3>\n        <\/template>\n                        <figure class=\"vp-portfolio__item\">\n                \n<div class=\"vp-portfolio__item-img-wrap\">\n    <div class=\"vp-portfolio__item-img\">\n            <a\n        href=\"https:\/\/www.lucernatv.cz\/wp-content\/uploads\/2021\/01\/Vi\u0300ber-prac\u00a1-Kubik_Stra\u0301nka_22.jpg\"\n            >\n    \n        <img decoding=\"async\" width=\"1920\" height=\"1358\" src=\"https:\/\/www.lucernatv.cz\/wp-content\/uploads\/2021\/01\/Vi\u0300ber-prac\u00a1-Kubik_Stra\u0301nka_22.jpg\" class=\"wp-image-632\" alt=\"\" srcset=\"https:\/\/www.lucernatv.cz\/wp-content\/uploads\/2021\/01\/Vi\u0300ber-prac\u00a1-Kubik_Stra\u0301nka_22.jpg 4961w, https:\/\/www.lucernatv.cz\/wp-content\/uploads\/2021\/01\/Vi\u0300ber-prac\u00a1-Kubik_Stra\u0301nka_22-300x212.jpg 300w, https:\/\/www.lucernatv.cz\/wp-content\/uploads\/2021\/01\/Vi\u0300ber-prac\u00a1-Kubik_Stra\u0301nka_22-768x543.jpg 768w, https:\/\/www.lucernatv.cz\/wp-content\/uploads\/2021\/01\/Vi\u0300ber-prac\u00a1-Kubik_Stra\u0301nka_22-1527x1080.jpg 1527w, https:\/\/www.lucernatv.cz\/wp-content\/uploads\/2021\/01\/Vi\u0300ber-prac\u00a1-Kubik_Stra\u0301nka_22-100x71.jpg 100w, https:\/\/www.lucernatv.cz\/wp-content\/uploads\/2021\/01\/Vi\u0300ber-prac\u00a1-Kubik_Stra\u0301nka_22-1200x849.jpg 1200w\" sizes=\"(max-width: 1920px) 100vw, 1920px\" \/>\n        <\/a>    <\/div>\n<\/div>\n\n<figcaption class=\"vp-portfolio__item-overlay vp-portfolio__item-overlay-text-align-center\">\n    <div class=\"vp-portfolio__item-meta-wrap vp-portfolio__custom-scrollbar\">\n            <a\n        href=\"https:\/\/www.lucernatv.cz\/wp-content\/uploads\/2021\/01\/Vi\u0300ber-prac\u00a1-Kubik_Stra\u0301nka_22.jpg\"\n        tabindex=\"-1\" class=\"vp-portfolio__item-meta\"     >\n    \n        \n<h2 class=\"vp-portfolio__item-meta-title\">\n    Ond\u0159ej Kub\u00edk \u2013 Portfolio 21<\/h2>\n\n        <\/a>    <\/div>\n<\/figcaption>\n            <\/figure>\n                    <\/div>\n        \n        <div        class=\"vp-portfolio__item-wrap vp-portfolio__item-uid-7d1399b6\" data-vp-filter=\"\"         >\n            <template class=\"vp-portfolio__item-popup\" data-vp-popup-img=\"https:\/\/www.lucernatv.cz\/wp-content\/uploads\/2021\/01\/Vi\u0300ber-prac\u00a1-Kubik_Stra\u0301nka_23.jpg\" data-vp-popup-img-srcset=\"https:\/\/www.lucernatv.cz\/wp-content\/uploads\/2021\/01\/Vi\u0300ber-prac\u00a1-Kubik_Stra\u0301nka_23.jpg 4961w, https:\/\/www.lucernatv.cz\/wp-content\/uploads\/2021\/01\/Vi\u0300ber-prac\u00a1-Kubik_Stra\u0301nka_23-300x212.jpg 300w, https:\/\/www.lucernatv.cz\/wp-content\/uploads\/2021\/01\/Vi\u0300ber-prac\u00a1-Kubik_Stra\u0301nka_23-768x543.jpg 768w, https:\/\/www.lucernatv.cz\/wp-content\/uploads\/2021\/01\/Vi\u0300ber-prac\u00a1-Kubik_Stra\u0301nka_23-1527x1080.jpg 1527w, https:\/\/www.lucernatv.cz\/wp-content\/uploads\/2021\/01\/Vi\u0300ber-prac\u00a1-Kubik_Stra\u0301nka_23-100x71.jpg 100w, https:\/\/www.lucernatv.cz\/wp-content\/uploads\/2021\/01\/Vi\u0300ber-prac\u00a1-Kubik_Stra\u0301nka_23-1200x849.jpg 1200w\" data-vp-popup-img-size=\"1920x1358\" data-vp-popup-md-img=\"https:\/\/www.lucernatv.cz\/wp-content\/uploads\/2021\/01\/Vi\u0300ber-prac\u00a1-Kubik_Stra\u0301nka_23.jpg\" data-vp-popup-md-img-size=\"800x566\" data-vp-popup-sm-img=\"https:\/\/www.lucernatv.cz\/wp-content\/uploads\/2021\/01\/Vi\u0300ber-prac\u00a1-Kubik_Stra\u0301nka_23.jpg\" data-vp-popup-sm-img-size=\"500x354\">\n            <h3 class=\"vp-portfolio__item-popup-title\">Ond\u0159ej Kub\u00edk \u2013 Portfolio 22<\/h3>\n        <\/template>\n                        <figure class=\"vp-portfolio__item\">\n                \n<div class=\"vp-portfolio__item-img-wrap\">\n    <div class=\"vp-portfolio__item-img\">\n            <a\n        href=\"https:\/\/www.lucernatv.cz\/wp-content\/uploads\/2021\/01\/Vi\u0300ber-prac\u00a1-Kubik_Stra\u0301nka_23.jpg\"\n            >\n    \n        <img decoding=\"async\" width=\"1920\" height=\"1358\" src=\"https:\/\/www.lucernatv.cz\/wp-content\/uploads\/2021\/01\/Vi\u0300ber-prac\u00a1-Kubik_Stra\u0301nka_23.jpg\" class=\"wp-image-633\" alt=\"\" srcset=\"https:\/\/www.lucernatv.cz\/wp-content\/uploads\/2021\/01\/Vi\u0300ber-prac\u00a1-Kubik_Stra\u0301nka_23.jpg 4961w, https:\/\/www.lucernatv.cz\/wp-content\/uploads\/2021\/01\/Vi\u0300ber-prac\u00a1-Kubik_Stra\u0301nka_23-300x212.jpg 300w, https:\/\/www.lucernatv.cz\/wp-content\/uploads\/2021\/01\/Vi\u0300ber-prac\u00a1-Kubik_Stra\u0301nka_23-768x543.jpg 768w, https:\/\/www.lucernatv.cz\/wp-content\/uploads\/2021\/01\/Vi\u0300ber-prac\u00a1-Kubik_Stra\u0301nka_23-1527x1080.jpg 1527w, https:\/\/www.lucernatv.cz\/wp-content\/uploads\/2021\/01\/Vi\u0300ber-prac\u00a1-Kubik_Stra\u0301nka_23-100x71.jpg 100w, https:\/\/www.lucernatv.cz\/wp-content\/uploads\/2021\/01\/Vi\u0300ber-prac\u00a1-Kubik_Stra\u0301nka_23-1200x849.jpg 1200w\" sizes=\"(max-width: 1920px) 100vw, 1920px\" \/>\n        <\/a>    <\/div>\n<\/div>\n\n<figcaption class=\"vp-portfolio__item-overlay vp-portfolio__item-overlay-text-align-center\">\n    <div class=\"vp-portfolio__item-meta-wrap vp-portfolio__custom-scrollbar\">\n            <a\n        href=\"https:\/\/www.lucernatv.cz\/wp-content\/uploads\/2021\/01\/Vi\u0300ber-prac\u00a1-Kubik_Stra\u0301nka_23.jpg\"\n        tabindex=\"-1\" class=\"vp-portfolio__item-meta\"     >\n    \n        \n<h2 class=\"vp-portfolio__item-meta-title\">\n    Ond\u0159ej Kub\u00edk \u2013 Portfolio 22<\/h2>\n\n        <\/a>    <\/div>\n<\/figcaption>\n            <\/figure>\n                    <\/div>\n        \n        <div        class=\"vp-portfolio__item-wrap vp-portfolio__item-uid-5bcb6b70\" data-vp-filter=\"\"         >\n            <template class=\"vp-portfolio__item-popup\" data-vp-popup-img=\"https:\/\/www.lucernatv.cz\/wp-content\/uploads\/2021\/01\/Vi\u0300ber-prac\u00a1-Kubik_Stra\u0301nka_24.jpg\" data-vp-popup-img-srcset=\"https:\/\/www.lucernatv.cz\/wp-content\/uploads\/2021\/01\/Vi\u0300ber-prac\u00a1-Kubik_Stra\u0301nka_24.jpg 4961w, https:\/\/www.lucernatv.cz\/wp-content\/uploads\/2021\/01\/Vi\u0300ber-prac\u00a1-Kubik_Stra\u0301nka_24-300x212.jpg 300w, https:\/\/www.lucernatv.cz\/wp-content\/uploads\/2021\/01\/Vi\u0300ber-prac\u00a1-Kubik_Stra\u0301nka_24-768x543.jpg 768w, https:\/\/www.lucernatv.cz\/wp-content\/uploads\/2021\/01\/Vi\u0300ber-prac\u00a1-Kubik_Stra\u0301nka_24-1527x1080.jpg 1527w, https:\/\/www.lucernatv.cz\/wp-content\/uploads\/2021\/01\/Vi\u0300ber-prac\u00a1-Kubik_Stra\u0301nka_24-100x71.jpg 100w, https:\/\/www.lucernatv.cz\/wp-content\/uploads\/2021\/01\/Vi\u0300ber-prac\u00a1-Kubik_Stra\u0301nka_24-1200x849.jpg 1200w\" data-vp-popup-img-size=\"1920x1358\" data-vp-popup-md-img=\"https:\/\/www.lucernatv.cz\/wp-content\/uploads\/2021\/01\/Vi\u0300ber-prac\u00a1-Kubik_Stra\u0301nka_24.jpg\" data-vp-popup-md-img-size=\"800x566\" data-vp-popup-sm-img=\"https:\/\/www.lucernatv.cz\/wp-content\/uploads\/2021\/01\/Vi\u0300ber-prac\u00a1-Kubik_Stra\u0301nka_24.jpg\" data-vp-popup-sm-img-size=\"500x354\">\n            <h3 class=\"vp-portfolio__item-popup-title\">Ond\u0159ej Kub\u00edk \u2013 Portfolio 23<\/h3>\n        <\/template>\n                        <figure class=\"vp-portfolio__item\">\n                \n<div class=\"vp-portfolio__item-img-wrap\">\n    <div class=\"vp-portfolio__item-img\">\n            <a\n        href=\"https:\/\/www.lucernatv.cz\/wp-content\/uploads\/2021\/01\/Vi\u0300ber-prac\u00a1-Kubik_Stra\u0301nka_24.jpg\"\n            >\n    \n        <img decoding=\"async\" width=\"1920\" height=\"1358\" src=\"https:\/\/www.lucernatv.cz\/wp-content\/uploads\/2021\/01\/Vi\u0300ber-prac\u00a1-Kubik_Stra\u0301nka_24.jpg\" class=\"wp-image-634\" alt=\"\" srcset=\"https:\/\/www.lucernatv.cz\/wp-content\/uploads\/2021\/01\/Vi\u0300ber-prac\u00a1-Kubik_Stra\u0301nka_24.jpg 4961w, https:\/\/www.lucernatv.cz\/wp-content\/uploads\/2021\/01\/Vi\u0300ber-prac\u00a1-Kubik_Stra\u0301nka_24-300x212.jpg 300w, https:\/\/www.lucernatv.cz\/wp-content\/uploads\/2021\/01\/Vi\u0300ber-prac\u00a1-Kubik_Stra\u0301nka_24-768x543.jpg 768w, https:\/\/www.lucernatv.cz\/wp-content\/uploads\/2021\/01\/Vi\u0300ber-prac\u00a1-Kubik_Stra\u0301nka_24-1527x1080.jpg 1527w, https:\/\/www.lucernatv.cz\/wp-content\/uploads\/2021\/01\/Vi\u0300ber-prac\u00a1-Kubik_Stra\u0301nka_24-100x71.jpg 100w, https:\/\/www.lucernatv.cz\/wp-content\/uploads\/2021\/01\/Vi\u0300ber-prac\u00a1-Kubik_Stra\u0301nka_24-1200x849.jpg 1200w\" sizes=\"(max-width: 1920px) 100vw, 1920px\" \/>\n        <\/a>    <\/div>\n<\/div>\n\n<figcaption class=\"vp-portfolio__item-overlay vp-portfolio__item-overlay-text-align-center\">\n    <div class=\"vp-portfolio__item-meta-wrap vp-portfolio__custom-scrollbar\">\n            <a\n        href=\"https:\/\/www.lucernatv.cz\/wp-content\/uploads\/2021\/01\/Vi\u0300ber-prac\u00a1-Kubik_Stra\u0301nka_24.jpg\"\n        tabindex=\"-1\" class=\"vp-portfolio__item-meta\"     >\n    \n        \n<h2 class=\"vp-portfolio__item-meta-title\">\n    Ond\u0159ej Kub\u00edk \u2013 Portfolio 23<\/h2>\n\n        <\/a>    <\/div>\n<\/figcaption>\n            <\/figure>\n                    <\/div>\n        \n        <div        class=\"vp-portfolio__item-wrap vp-portfolio__item-uid-b11b635f\" data-vp-filter=\"\"         >\n            <template class=\"vp-portfolio__item-popup\" data-vp-popup-img=\"https:\/\/www.lucernatv.cz\/wp-content\/uploads\/2021\/01\/Vi\u0300ber-prac\u00a1-Kubik_Stra\u0301nka_25.jpg\" data-vp-popup-img-srcset=\"https:\/\/www.lucernatv.cz\/wp-content\/uploads\/2021\/01\/Vi\u0300ber-prac\u00a1-Kubik_Stra\u0301nka_25.jpg 4961w, https:\/\/www.lucernatv.cz\/wp-content\/uploads\/2021\/01\/Vi\u0300ber-prac\u00a1-Kubik_Stra\u0301nka_25-300x212.jpg 300w, https:\/\/www.lucernatv.cz\/wp-content\/uploads\/2021\/01\/Vi\u0300ber-prac\u00a1-Kubik_Stra\u0301nka_25-768x543.jpg 768w, https:\/\/www.lucernatv.cz\/wp-content\/uploads\/2021\/01\/Vi\u0300ber-prac\u00a1-Kubik_Stra\u0301nka_25-1527x1080.jpg 1527w, https:\/\/www.lucernatv.cz\/wp-content\/uploads\/2021\/01\/Vi\u0300ber-prac\u00a1-Kubik_Stra\u0301nka_25-100x71.jpg 100w, https:\/\/www.lucernatv.cz\/wp-content\/uploads\/2021\/01\/Vi\u0300ber-prac\u00a1-Kubik_Stra\u0301nka_25-1200x849.jpg 1200w\" data-vp-popup-img-size=\"1920x1358\" data-vp-popup-md-img=\"https:\/\/www.lucernatv.cz\/wp-content\/uploads\/2021\/01\/Vi\u0300ber-prac\u00a1-Kubik_Stra\u0301nka_25.jpg\" data-vp-popup-md-img-size=\"800x566\" data-vp-popup-sm-img=\"https:\/\/www.lucernatv.cz\/wp-content\/uploads\/2021\/01\/Vi\u0300ber-prac\u00a1-Kubik_Stra\u0301nka_25.jpg\" data-vp-popup-sm-img-size=\"500x354\">\n            <h3 class=\"vp-portfolio__item-popup-title\">Ond\u0159ej Kub\u00edk \u2013 Portfolio 24<\/h3>\n        <\/template>\n                        <figure class=\"vp-portfolio__item\">\n                \n<div class=\"vp-portfolio__item-img-wrap\">\n    <div class=\"vp-portfolio__item-img\">\n            <a\n        href=\"https:\/\/www.lucernatv.cz\/wp-content\/uploads\/2021\/01\/Vi\u0300ber-prac\u00a1-Kubik_Stra\u0301nka_25.jpg\"\n            >\n    \n        <img decoding=\"async\" width=\"1920\" height=\"1358\" src=\"https:\/\/www.lucernatv.cz\/wp-content\/uploads\/2021\/01\/Vi\u0300ber-prac\u00a1-Kubik_Stra\u0301nka_25.jpg\" class=\"wp-image-635\" alt=\"\" srcset=\"https:\/\/www.lucernatv.cz\/wp-content\/uploads\/2021\/01\/Vi\u0300ber-prac\u00a1-Kubik_Stra\u0301nka_25.jpg 4961w, https:\/\/www.lucernatv.cz\/wp-content\/uploads\/2021\/01\/Vi\u0300ber-prac\u00a1-Kubik_Stra\u0301nka_25-300x212.jpg 300w, https:\/\/www.lucernatv.cz\/wp-content\/uploads\/2021\/01\/Vi\u0300ber-prac\u00a1-Kubik_Stra\u0301nka_25-768x543.jpg 768w, https:\/\/www.lucernatv.cz\/wp-content\/uploads\/2021\/01\/Vi\u0300ber-prac\u00a1-Kubik_Stra\u0301nka_25-1527x1080.jpg 1527w, https:\/\/www.lucernatv.cz\/wp-content\/uploads\/2021\/01\/Vi\u0300ber-prac\u00a1-Kubik_Stra\u0301nka_25-100x71.jpg 100w, https:\/\/www.lucernatv.cz\/wp-content\/uploads\/2021\/01\/Vi\u0300ber-prac\u00a1-Kubik_Stra\u0301nka_25-1200x849.jpg 1200w\" sizes=\"(max-width: 1920px) 100vw, 1920px\" \/>\n        <\/a>    <\/div>\n<\/div>\n\n<figcaption class=\"vp-portfolio__item-overlay vp-portfolio__item-overlay-text-align-center\">\n    <div class=\"vp-portfolio__item-meta-wrap vp-portfolio__custom-scrollbar\">\n            <a\n        href=\"https:\/\/www.lucernatv.cz\/wp-content\/uploads\/2021\/01\/Vi\u0300ber-prac\u00a1-Kubik_Stra\u0301nka_25.jpg\"\n        tabindex=\"-1\" class=\"vp-portfolio__item-meta\"     >\n    \n        \n<h2 class=\"vp-portfolio__item-meta-title\">\n    Ond\u0159ej Kub\u00edk \u2013 Portfolio 24<\/h2>\n\n        <\/a>    <\/div>\n<\/figcaption>\n            <\/figure>\n                    <\/div>\n        \n        <div        class=\"vp-portfolio__item-wrap vp-portfolio__item-uid-90ae5580\" data-vp-filter=\"\"         >\n            <template class=\"vp-portfolio__item-popup\" data-vp-popup-img=\"https:\/\/www.lucernatv.cz\/wp-content\/uploads\/2021\/01\/Vi\u0300ber-prac\u00a1-Kubik_Stra\u0301nka_26.jpg\" data-vp-popup-img-srcset=\"https:\/\/www.lucernatv.cz\/wp-content\/uploads\/2021\/01\/Vi\u0300ber-prac\u00a1-Kubik_Stra\u0301nka_26.jpg 4961w, https:\/\/www.lucernatv.cz\/wp-content\/uploads\/2021\/01\/Vi\u0300ber-prac\u00a1-Kubik_Stra\u0301nka_26-300x212.jpg 300w, https:\/\/www.lucernatv.cz\/wp-content\/uploads\/2021\/01\/Vi\u0300ber-prac\u00a1-Kubik_Stra\u0301nka_26-768x543.jpg 768w, https:\/\/www.lucernatv.cz\/wp-content\/uploads\/2021\/01\/Vi\u0300ber-prac\u00a1-Kubik_Stra\u0301nka_26-1527x1080.jpg 1527w, https:\/\/www.lucernatv.cz\/wp-content\/uploads\/2021\/01\/Vi\u0300ber-prac\u00a1-Kubik_Stra\u0301nka_26-100x71.jpg 100w, https:\/\/www.lucernatv.cz\/wp-content\/uploads\/2021\/01\/Vi\u0300ber-prac\u00a1-Kubik_Stra\u0301nka_26-1200x849.jpg 1200w\" data-vp-popup-img-size=\"1920x1358\" data-vp-popup-md-img=\"https:\/\/www.lucernatv.cz\/wp-content\/uploads\/2021\/01\/Vi\u0300ber-prac\u00a1-Kubik_Stra\u0301nka_26.jpg\" data-vp-popup-md-img-size=\"800x566\" data-vp-popup-sm-img=\"https:\/\/www.lucernatv.cz\/wp-content\/uploads\/2021\/01\/Vi\u0300ber-prac\u00a1-Kubik_Stra\u0301nka_26.jpg\" data-vp-popup-sm-img-size=\"500x354\">\n            <h3 class=\"vp-portfolio__item-popup-title\">Ond\u0159ej Kub\u00edk \u2013 Portfolio 25<\/h3>\n        <\/template>\n                        <figure class=\"vp-portfolio__item\">\n                \n<div class=\"vp-portfolio__item-img-wrap\">\n    <div class=\"vp-portfolio__item-img\">\n            <a\n        href=\"https:\/\/www.lucernatv.cz\/wp-content\/uploads\/2021\/01\/Vi\u0300ber-prac\u00a1-Kubik_Stra\u0301nka_26.jpg\"\n            >\n    \n        <img decoding=\"async\" width=\"1920\" height=\"1358\" src=\"https:\/\/www.lucernatv.cz\/wp-content\/uploads\/2021\/01\/Vi\u0300ber-prac\u00a1-Kubik_Stra\u0301nka_26.jpg\" class=\"wp-image-636\" alt=\"\" srcset=\"https:\/\/www.lucernatv.cz\/wp-content\/uploads\/2021\/01\/Vi\u0300ber-prac\u00a1-Kubik_Stra\u0301nka_26.jpg 4961w, https:\/\/www.lucernatv.cz\/wp-content\/uploads\/2021\/01\/Vi\u0300ber-prac\u00a1-Kubik_Stra\u0301nka_26-300x212.jpg 300w, https:\/\/www.lucernatv.cz\/wp-content\/uploads\/2021\/01\/Vi\u0300ber-prac\u00a1-Kubik_Stra\u0301nka_26-768x543.jpg 768w, https:\/\/www.lucernatv.cz\/wp-content\/uploads\/2021\/01\/Vi\u0300ber-prac\u00a1-Kubik_Stra\u0301nka_26-1527x1080.jpg 1527w, https:\/\/www.lucernatv.cz\/wp-content\/uploads\/2021\/01\/Vi\u0300ber-prac\u00a1-Kubik_Stra\u0301nka_26-100x71.jpg 100w, https:\/\/www.lucernatv.cz\/wp-content\/uploads\/2021\/01\/Vi\u0300ber-prac\u00a1-Kubik_Stra\u0301nka_26-1200x849.jpg 1200w\" sizes=\"(max-width: 1920px) 100vw, 1920px\" \/>\n        <\/a>    <\/div>\n<\/div>\n\n<figcaption class=\"vp-portfolio__item-overlay vp-portfolio__item-overlay-text-align-center\">\n    <div class=\"vp-portfolio__item-meta-wrap vp-portfolio__custom-scrollbar\">\n            <a\n        href=\"https:\/\/www.lucernatv.cz\/wp-content\/uploads\/2021\/01\/Vi\u0300ber-prac\u00a1-Kubik_Stra\u0301nka_26.jpg\"\n        tabindex=\"-1\" class=\"vp-portfolio__item-meta\"     >\n    \n        \n<h2 class=\"vp-portfolio__item-meta-title\">\n    Ond\u0159ej Kub\u00edk \u2013 Portfolio 25<\/h2>\n\n        <\/a>    <\/div>\n<\/figcaption>\n            <\/figure>\n                    <\/div>\n        \n        <div        class=\"vp-portfolio__item-wrap vp-portfolio__item-uid-f51ccaf8\" data-vp-filter=\"\"         >\n            <template class=\"vp-portfolio__item-popup\" data-vp-popup-img=\"https:\/\/www.lucernatv.cz\/wp-content\/uploads\/2021\/01\/Vi\u0300ber-prac\u00a1-Kubik_Stra\u0301nka_27.jpg\" data-vp-popup-img-srcset=\"https:\/\/www.lucernatv.cz\/wp-content\/uploads\/2021\/01\/Vi\u0300ber-prac\u00a1-Kubik_Stra\u0301nka_27.jpg 4961w, https:\/\/www.lucernatv.cz\/wp-content\/uploads\/2021\/01\/Vi\u0300ber-prac\u00a1-Kubik_Stra\u0301nka_27-300x212.jpg 300w, https:\/\/www.lucernatv.cz\/wp-content\/uploads\/2021\/01\/Vi\u0300ber-prac\u00a1-Kubik_Stra\u0301nka_27-768x543.jpg 768w, https:\/\/www.lucernatv.cz\/wp-content\/uploads\/2021\/01\/Vi\u0300ber-prac\u00a1-Kubik_Stra\u0301nka_27-1527x1080.jpg 1527w, https:\/\/www.lucernatv.cz\/wp-content\/uploads\/2021\/01\/Vi\u0300ber-prac\u00a1-Kubik_Stra\u0301nka_27-100x71.jpg 100w, https:\/\/www.lucernatv.cz\/wp-content\/uploads\/2021\/01\/Vi\u0300ber-prac\u00a1-Kubik_Stra\u0301nka_27-1200x849.jpg 1200w\" data-vp-popup-img-size=\"1920x1358\" data-vp-popup-md-img=\"https:\/\/www.lucernatv.cz\/wp-content\/uploads\/2021\/01\/Vi\u0300ber-prac\u00a1-Kubik_Stra\u0301nka_27.jpg\" data-vp-popup-md-img-size=\"800x566\" data-vp-popup-sm-img=\"https:\/\/www.lucernatv.cz\/wp-content\/uploads\/2021\/01\/Vi\u0300ber-prac\u00a1-Kubik_Stra\u0301nka_27.jpg\" data-vp-popup-sm-img-size=\"500x354\">\n            <h3 class=\"vp-portfolio__item-popup-title\">Ond\u0159ej Kub\u00edk \u2013 Portfolio 26<\/h3>\n        <\/template>\n                        <figure class=\"vp-portfolio__item\">\n                \n<div class=\"vp-portfolio__item-img-wrap\">\n    <div class=\"vp-portfolio__item-img\">\n            <a\n        href=\"https:\/\/www.lucernatv.cz\/wp-content\/uploads\/2021\/01\/Vi\u0300ber-prac\u00a1-Kubik_Stra\u0301nka_27.jpg\"\n            >\n    \n        <img decoding=\"async\" width=\"1920\" height=\"1358\" src=\"https:\/\/www.lucernatv.cz\/wp-content\/uploads\/2021\/01\/Vi\u0300ber-prac\u00a1-Kubik_Stra\u0301nka_27.jpg\" class=\"wp-image-637\" alt=\"\" srcset=\"https:\/\/www.lucernatv.cz\/wp-content\/uploads\/2021\/01\/Vi\u0300ber-prac\u00a1-Kubik_Stra\u0301nka_27.jpg 4961w, https:\/\/www.lucernatv.cz\/wp-content\/uploads\/2021\/01\/Vi\u0300ber-prac\u00a1-Kubik_Stra\u0301nka_27-300x212.jpg 300w, https:\/\/www.lucernatv.cz\/wp-content\/uploads\/2021\/01\/Vi\u0300ber-prac\u00a1-Kubik_Stra\u0301nka_27-768x543.jpg 768w, https:\/\/www.lucernatv.cz\/wp-content\/uploads\/2021\/01\/Vi\u0300ber-prac\u00a1-Kubik_Stra\u0301nka_27-1527x1080.jpg 1527w, https:\/\/www.lucernatv.cz\/wp-content\/uploads\/2021\/01\/Vi\u0300ber-prac\u00a1-Kubik_Stra\u0301nka_27-100x71.jpg 100w, https:\/\/www.lucernatv.cz\/wp-content\/uploads\/2021\/01\/Vi\u0300ber-prac\u00a1-Kubik_Stra\u0301nka_27-1200x849.jpg 1200w\" sizes=\"(max-width: 1920px) 100vw, 1920px\" \/>\n        <\/a>    <\/div>\n<\/div>\n\n<figcaption class=\"vp-portfolio__item-overlay vp-portfolio__item-overlay-text-align-center\">\n    <div class=\"vp-portfolio__item-meta-wrap vp-portfolio__custom-scrollbar\">\n            <a\n        href=\"https:\/\/www.lucernatv.cz\/wp-content\/uploads\/2021\/01\/Vi\u0300ber-prac\u00a1-Kubik_Stra\u0301nka_27.jpg\"\n        tabindex=\"-1\" class=\"vp-portfolio__item-meta\"     >\n    \n        \n<h2 class=\"vp-portfolio__item-meta-title\">\n    Ond\u0159ej Kub\u00edk \u2013 Portfolio 26<\/h2>\n\n        <\/a>    <\/div>\n<\/figcaption>\n            <\/figure>\n                    <\/div>\n        \n        <div        class=\"vp-portfolio__item-wrap vp-portfolio__item-uid-dd1fb00c\" data-vp-filter=\"\"         >\n            <template class=\"vp-portfolio__item-popup\" data-vp-popup-img=\"https:\/\/www.lucernatv.cz\/wp-content\/uploads\/2021\/01\/Vi\u0300ber-prac\u00a1-Kubik_Stra\u0301nka_28.jpg\" data-vp-popup-img-srcset=\"https:\/\/www.lucernatv.cz\/wp-content\/uploads\/2021\/01\/Vi\u0300ber-prac\u00a1-Kubik_Stra\u0301nka_28.jpg 4961w, https:\/\/www.lucernatv.cz\/wp-content\/uploads\/2021\/01\/Vi\u0300ber-prac\u00a1-Kubik_Stra\u0301nka_28-300x212.jpg 300w, https:\/\/www.lucernatv.cz\/wp-content\/uploads\/2021\/01\/Vi\u0300ber-prac\u00a1-Kubik_Stra\u0301nka_28-768x543.jpg 768w, https:\/\/www.lucernatv.cz\/wp-content\/uploads\/2021\/01\/Vi\u0300ber-prac\u00a1-Kubik_Stra\u0301nka_28-1527x1080.jpg 1527w, https:\/\/www.lucernatv.cz\/wp-content\/uploads\/2021\/01\/Vi\u0300ber-prac\u00a1-Kubik_Stra\u0301nka_28-100x71.jpg 100w, https:\/\/www.lucernatv.cz\/wp-content\/uploads\/2021\/01\/Vi\u0300ber-prac\u00a1-Kubik_Stra\u0301nka_28-1200x849.jpg 1200w\" data-vp-popup-img-size=\"1920x1358\" data-vp-popup-md-img=\"https:\/\/www.lucernatv.cz\/wp-content\/uploads\/2021\/01\/Vi\u0300ber-prac\u00a1-Kubik_Stra\u0301nka_28.jpg\" data-vp-popup-md-img-size=\"800x566\" data-vp-popup-sm-img=\"https:\/\/www.lucernatv.cz\/wp-content\/uploads\/2021\/01\/Vi\u0300ber-prac\u00a1-Kubik_Stra\u0301nka_28.jpg\" data-vp-popup-sm-img-size=\"500x354\">\n            <h3 class=\"vp-portfolio__item-popup-title\">Ond\u0159ej Kub\u00edk \u2013 Portfolio 27<\/h3>\n        <\/template>\n                        <figure class=\"vp-portfolio__item\">\n                \n<div class=\"vp-portfolio__item-img-wrap\">\n    <div class=\"vp-portfolio__item-img\">\n            <a\n        href=\"https:\/\/www.lucernatv.cz\/wp-content\/uploads\/2021\/01\/Vi\u0300ber-prac\u00a1-Kubik_Stra\u0301nka_28.jpg\"\n            >\n    \n        <img decoding=\"async\" width=\"1920\" height=\"1358\" src=\"https:\/\/www.lucernatv.cz\/wp-content\/uploads\/2021\/01\/Vi\u0300ber-prac\u00a1-Kubik_Stra\u0301nka_28.jpg\" class=\"wp-image-638\" alt=\"\" srcset=\"https:\/\/www.lucernatv.cz\/wp-content\/uploads\/2021\/01\/Vi\u0300ber-prac\u00a1-Kubik_Stra\u0301nka_28.jpg 4961w, https:\/\/www.lucernatv.cz\/wp-content\/uploads\/2021\/01\/Vi\u0300ber-prac\u00a1-Kubik_Stra\u0301nka_28-300x212.jpg 300w, https:\/\/www.lucernatv.cz\/wp-content\/uploads\/2021\/01\/Vi\u0300ber-prac\u00a1-Kubik_Stra\u0301nka_28-768x543.jpg 768w, https:\/\/www.lucernatv.cz\/wp-content\/uploads\/2021\/01\/Vi\u0300ber-prac\u00a1-Kubik_Stra\u0301nka_28-1527x1080.jpg 1527w, https:\/\/www.lucernatv.cz\/wp-content\/uploads\/2021\/01\/Vi\u0300ber-prac\u00a1-Kubik_Stra\u0301nka_28-100x71.jpg 100w, https:\/\/www.lucernatv.cz\/wp-content\/uploads\/2021\/01\/Vi\u0300ber-prac\u00a1-Kubik_Stra\u0301nka_28-1200x849.jpg 1200w\" sizes=\"(max-width: 1920px) 100vw, 1920px\" \/>\n        <\/a>    <\/div>\n<\/div>\n\n<figcaption class=\"vp-portfolio__item-overlay vp-portfolio__item-overlay-text-align-center\">\n    <div class=\"vp-portfolio__item-meta-wrap vp-portfolio__custom-scrollbar\">\n            <a\n        href=\"https:\/\/www.lucernatv.cz\/wp-content\/uploads\/2021\/01\/Vi\u0300ber-prac\u00a1-Kubik_Stra\u0301nka_28.jpg\"\n        tabindex=\"-1\" class=\"vp-portfolio__item-meta\"     >\n    \n        \n<h2 class=\"vp-portfolio__item-meta-title\">\n    Ond\u0159ej Kub\u00edk \u2013 Portfolio 27<\/h2>\n\n        <\/a>    <\/div>\n<\/figcaption>\n            <\/figure>\n                    <\/div>\n        \n        <div        class=\"vp-portfolio__item-wrap vp-portfolio__item-uid-f27b90cc\" data-vp-filter=\"\"         >\n            <template class=\"vp-portfolio__item-popup\" data-vp-popup-img=\"https:\/\/www.lucernatv.cz\/wp-content\/uploads\/2021\/01\/Vi\u0300ber-prac\u00a1-Kubik_Stra\u0301nka_29.jpg\" data-vp-popup-img-srcset=\"https:\/\/www.lucernatv.cz\/wp-content\/uploads\/2021\/01\/Vi\u0300ber-prac\u00a1-Kubik_Stra\u0301nka_29.jpg 4961w, https:\/\/www.lucernatv.cz\/wp-content\/uploads\/2021\/01\/Vi\u0300ber-prac\u00a1-Kubik_Stra\u0301nka_29-300x212.jpg 300w, https:\/\/www.lucernatv.cz\/wp-content\/uploads\/2021\/01\/Vi\u0300ber-prac\u00a1-Kubik_Stra\u0301nka_29-768x543.jpg 768w, https:\/\/www.lucernatv.cz\/wp-content\/uploads\/2021\/01\/Vi\u0300ber-prac\u00a1-Kubik_Stra\u0301nka_29-1527x1080.jpg 1527w, https:\/\/www.lucernatv.cz\/wp-content\/uploads\/2021\/01\/Vi\u0300ber-prac\u00a1-Kubik_Stra\u0301nka_29-100x71.jpg 100w, https:\/\/www.lucernatv.cz\/wp-content\/uploads\/2021\/01\/Vi\u0300ber-prac\u00a1-Kubik_Stra\u0301nka_29-1200x849.jpg 1200w\" data-vp-popup-img-size=\"1920x1358\" data-vp-popup-md-img=\"https:\/\/www.lucernatv.cz\/wp-content\/uploads\/2021\/01\/Vi\u0300ber-prac\u00a1-Kubik_Stra\u0301nka_29.jpg\" data-vp-popup-md-img-size=\"800x566\" data-vp-popup-sm-img=\"https:\/\/www.lucernatv.cz\/wp-content\/uploads\/2021\/01\/Vi\u0300ber-prac\u00a1-Kubik_Stra\u0301nka_29.jpg\" data-vp-popup-sm-img-size=\"500x354\">\n            <h3 class=\"vp-portfolio__item-popup-title\">Ond\u0159ej Kub\u00edk \u2013 Portfolio 28<\/h3>\n        <\/template>\n                        <figure class=\"vp-portfolio__item\">\n                \n<div class=\"vp-portfolio__item-img-wrap\">\n    <div class=\"vp-portfolio__item-img\">\n            <a\n        href=\"https:\/\/www.lucernatv.cz\/wp-content\/uploads\/2021\/01\/Vi\u0300ber-prac\u00a1-Kubik_Stra\u0301nka_29.jpg\"\n            >\n    \n        <img decoding=\"async\" width=\"1920\" height=\"1358\" src=\"https:\/\/www.lucernatv.cz\/wp-content\/uploads\/2021\/01\/Vi\u0300ber-prac\u00a1-Kubik_Stra\u0301nka_29.jpg\" class=\"wp-image-639\" alt=\"\" srcset=\"https:\/\/www.lucernatv.cz\/wp-content\/uploads\/2021\/01\/Vi\u0300ber-prac\u00a1-Kubik_Stra\u0301nka_29.jpg 4961w, https:\/\/www.lucernatv.cz\/wp-content\/uploads\/2021\/01\/Vi\u0300ber-prac\u00a1-Kubik_Stra\u0301nka_29-300x212.jpg 300w, https:\/\/www.lucernatv.cz\/wp-content\/uploads\/2021\/01\/Vi\u0300ber-prac\u00a1-Kubik_Stra\u0301nka_29-768x543.jpg 768w, https:\/\/www.lucernatv.cz\/wp-content\/uploads\/2021\/01\/Vi\u0300ber-prac\u00a1-Kubik_Stra\u0301nka_29-1527x1080.jpg 1527w, https:\/\/www.lucernatv.cz\/wp-content\/uploads\/2021\/01\/Vi\u0300ber-prac\u00a1-Kubik_Stra\u0301nka_29-100x71.jpg 100w, https:\/\/www.lucernatv.cz\/wp-content\/uploads\/2021\/01\/Vi\u0300ber-prac\u00a1-Kubik_Stra\u0301nka_29-1200x849.jpg 1200w\" sizes=\"(max-width: 1920px) 100vw, 1920px\" \/>\n        <\/a>    <\/div>\n<\/div>\n\n<figcaption class=\"vp-portfolio__item-overlay vp-portfolio__item-overlay-text-align-center\">\n    <div class=\"vp-portfolio__item-meta-wrap vp-portfolio__custom-scrollbar\">\n            <a\n        href=\"https:\/\/www.lucernatv.cz\/wp-content\/uploads\/2021\/01\/Vi\u0300ber-prac\u00a1-Kubik_Stra\u0301nka_29.jpg\"\n        tabindex=\"-1\" class=\"vp-portfolio__item-meta\"     >\n    \n        \n<h2 class=\"vp-portfolio__item-meta-title\">\n    Ond\u0159ej Kub\u00edk \u2013 Portfolio 28<\/h2>\n\n        <\/a>    <\/div>\n<\/figcaption>\n            <\/figure>\n                    <\/div>\n        \n        <div        class=\"vp-portfolio__item-wrap vp-portfolio__item-uid-7c5ad9ca\" data-vp-filter=\"\"         >\n            <template class=\"vp-portfolio__item-popup\" data-vp-popup-img=\"https:\/\/www.lucernatv.cz\/wp-content\/uploads\/2021\/01\/Vi\u0300ber-prac\u00a1-Kubik_Stra\u0301nka_30.jpg\" data-vp-popup-img-srcset=\"https:\/\/www.lucernatv.cz\/wp-content\/uploads\/2021\/01\/Vi\u0300ber-prac\u00a1-Kubik_Stra\u0301nka_30.jpg 4961w, https:\/\/www.lucernatv.cz\/wp-content\/uploads\/2021\/01\/Vi\u0300ber-prac\u00a1-Kubik_Stra\u0301nka_30-300x212.jpg 300w, https:\/\/www.lucernatv.cz\/wp-content\/uploads\/2021\/01\/Vi\u0300ber-prac\u00a1-Kubik_Stra\u0301nka_30-768x543.jpg 768w, https:\/\/www.lucernatv.cz\/wp-content\/uploads\/2021\/01\/Vi\u0300ber-prac\u00a1-Kubik_Stra\u0301nka_30-1527x1080.jpg 1527w, https:\/\/www.lucernatv.cz\/wp-content\/uploads\/2021\/01\/Vi\u0300ber-prac\u00a1-Kubik_Stra\u0301nka_30-100x71.jpg 100w, https:\/\/www.lucernatv.cz\/wp-content\/uploads\/2021\/01\/Vi\u0300ber-prac\u00a1-Kubik_Stra\u0301nka_30-1200x849.jpg 1200w\" data-vp-popup-img-size=\"1920x1358\" data-vp-popup-md-img=\"https:\/\/www.lucernatv.cz\/wp-content\/uploads\/2021\/01\/Vi\u0300ber-prac\u00a1-Kubik_Stra\u0301nka_30.jpg\" data-vp-popup-md-img-size=\"800x566\" data-vp-popup-sm-img=\"https:\/\/www.lucernatv.cz\/wp-content\/uploads\/2021\/01\/Vi\u0300ber-prac\u00a1-Kubik_Stra\u0301nka_30.jpg\" data-vp-popup-sm-img-size=\"500x354\">\n            <h3 class=\"vp-portfolio__item-popup-title\">Ond\u0159ej Kub\u00edk \u2013 Portfolio 29<\/h3>\n        <\/template>\n                        <figure class=\"vp-portfolio__item\">\n                \n<div class=\"vp-portfolio__item-img-wrap\">\n    <div class=\"vp-portfolio__item-img\">\n            <a\n        href=\"https:\/\/www.lucernatv.cz\/wp-content\/uploads\/2021\/01\/Vi\u0300ber-prac\u00a1-Kubik_Stra\u0301nka_30.jpg\"\n            >\n    \n        <img decoding=\"async\" width=\"1920\" height=\"1358\" src=\"https:\/\/www.lucernatv.cz\/wp-content\/uploads\/2021\/01\/Vi\u0300ber-prac\u00a1-Kubik_Stra\u0301nka_30.jpg\" class=\"wp-image-640\" alt=\"\" srcset=\"https:\/\/www.lucernatv.cz\/wp-content\/uploads\/2021\/01\/Vi\u0300ber-prac\u00a1-Kubik_Stra\u0301nka_30.jpg 4961w, https:\/\/www.lucernatv.cz\/wp-content\/uploads\/2021\/01\/Vi\u0300ber-prac\u00a1-Kubik_Stra\u0301nka_30-300x212.jpg 300w, https:\/\/www.lucernatv.cz\/wp-content\/uploads\/2021\/01\/Vi\u0300ber-prac\u00a1-Kubik_Stra\u0301nka_30-768x543.jpg 768w, https:\/\/www.lucernatv.cz\/wp-content\/uploads\/2021\/01\/Vi\u0300ber-prac\u00a1-Kubik_Stra\u0301nka_30-1527x1080.jpg 1527w, https:\/\/www.lucernatv.cz\/wp-content\/uploads\/2021\/01\/Vi\u0300ber-prac\u00a1-Kubik_Stra\u0301nka_30-100x71.jpg 100w, https:\/\/www.lucernatv.cz\/wp-content\/uploads\/2021\/01\/Vi\u0300ber-prac\u00a1-Kubik_Stra\u0301nka_30-1200x849.jpg 1200w\" sizes=\"(max-width: 1920px) 100vw, 1920px\" \/>\n        <\/a>    <\/div>\n<\/div>\n\n<figcaption class=\"vp-portfolio__item-overlay vp-portfolio__item-overlay-text-align-center\">\n    <div class=\"vp-portfolio__item-meta-wrap vp-portfolio__custom-scrollbar\">\n            <a\n        href=\"https:\/\/www.lucernatv.cz\/wp-content\/uploads\/2021\/01\/Vi\u0300ber-prac\u00a1-Kubik_Stra\u0301nka_30.jpg\"\n        tabindex=\"-1\" class=\"vp-portfolio__item-meta\"     >\n    \n        \n<h2 class=\"vp-portfolio__item-meta-title\">\n    Ond\u0159ej Kub\u00edk \u2013 Portfolio 29<\/h2>\n\n        <\/a>    <\/div>\n<\/figcaption>\n            <\/figure>\n                    <\/div>\n        \n        <div        class=\"vp-portfolio__item-wrap vp-portfolio__item-uid-4b358f66\" data-vp-filter=\"\"         >\n            <template class=\"vp-portfolio__item-popup\" data-vp-popup-img=\"https:\/\/www.lucernatv.cz\/wp-content\/uploads\/2021\/01\/Vi\u0300ber-prac\u00a1-Kubik_Stra\u0301nka_31.jpg\" data-vp-popup-img-srcset=\"https:\/\/www.lucernatv.cz\/wp-content\/uploads\/2021\/01\/Vi\u0300ber-prac\u00a1-Kubik_Stra\u0301nka_31.jpg 4961w, https:\/\/www.lucernatv.cz\/wp-content\/uploads\/2021\/01\/Vi\u0300ber-prac\u00a1-Kubik_Stra\u0301nka_31-300x212.jpg 300w, https:\/\/www.lucernatv.cz\/wp-content\/uploads\/2021\/01\/Vi\u0300ber-prac\u00a1-Kubik_Stra\u0301nka_31-768x543.jpg 768w, https:\/\/www.lucernatv.cz\/wp-content\/uploads\/2021\/01\/Vi\u0300ber-prac\u00a1-Kubik_Stra\u0301nka_31-1527x1080.jpg 1527w, https:\/\/www.lucernatv.cz\/wp-content\/uploads\/2021\/01\/Vi\u0300ber-prac\u00a1-Kubik_Stra\u0301nka_31-100x71.jpg 100w, https:\/\/www.lucernatv.cz\/wp-content\/uploads\/2021\/01\/Vi\u0300ber-prac\u00a1-Kubik_Stra\u0301nka_31-1200x849.jpg 1200w\" data-vp-popup-img-size=\"1920x1358\" data-vp-popup-md-img=\"https:\/\/www.lucernatv.cz\/wp-content\/uploads\/2021\/01\/Vi\u0300ber-prac\u00a1-Kubik_Stra\u0301nka_31.jpg\" data-vp-popup-md-img-size=\"800x566\" data-vp-popup-sm-img=\"https:\/\/www.lucernatv.cz\/wp-content\/uploads\/2021\/01\/Vi\u0300ber-prac\u00a1-Kubik_Stra\u0301nka_31.jpg\" data-vp-popup-sm-img-size=\"500x354\">\n            <h3 class=\"vp-portfolio__item-popup-title\">Ond\u0159ej Kub\u00edk \u2013 Portfolio 30<\/h3>\n        <\/template>\n                        <figure class=\"vp-portfolio__item\">\n                \n<div class=\"vp-portfolio__item-img-wrap\">\n    <div class=\"vp-portfolio__item-img\">\n            <a\n        href=\"https:\/\/www.lucernatv.cz\/wp-content\/uploads\/2021\/01\/Vi\u0300ber-prac\u00a1-Kubik_Stra\u0301nka_31.jpg\"\n            >\n    \n        <img decoding=\"async\" width=\"1920\" height=\"1358\" src=\"https:\/\/www.lucernatv.cz\/wp-content\/uploads\/2021\/01\/Vi\u0300ber-prac\u00a1-Kubik_Stra\u0301nka_31.jpg\" class=\"wp-image-641\" alt=\"\" srcset=\"https:\/\/www.lucernatv.cz\/wp-content\/uploads\/2021\/01\/Vi\u0300ber-prac\u00a1-Kubik_Stra\u0301nka_31.jpg 4961w, https:\/\/www.lucernatv.cz\/wp-content\/uploads\/2021\/01\/Vi\u0300ber-prac\u00a1-Kubik_Stra\u0301nka_31-300x212.jpg 300w, https:\/\/www.lucernatv.cz\/wp-content\/uploads\/2021\/01\/Vi\u0300ber-prac\u00a1-Kubik_Stra\u0301nka_31-768x543.jpg 768w, https:\/\/www.lucernatv.cz\/wp-content\/uploads\/2021\/01\/Vi\u0300ber-prac\u00a1-Kubik_Stra\u0301nka_31-1527x1080.jpg 1527w, https:\/\/www.lucernatv.cz\/wp-content\/uploads\/2021\/01\/Vi\u0300ber-prac\u00a1-Kubik_Stra\u0301nka_31-100x71.jpg 100w, https:\/\/www.lucernatv.cz\/wp-content\/uploads\/2021\/01\/Vi\u0300ber-prac\u00a1-Kubik_Stra\u0301nka_31-1200x849.jpg 1200w\" sizes=\"(max-width: 1920px) 100vw, 1920px\" \/>\n        <\/a>    <\/div>\n<\/div>\n\n<figcaption class=\"vp-portfolio__item-overlay vp-portfolio__item-overlay-text-align-center\">\n    <div class=\"vp-portfolio__item-meta-wrap vp-portfolio__custom-scrollbar\">\n            <a\n        href=\"https:\/\/www.lucernatv.cz\/wp-content\/uploads\/2021\/01\/Vi\u0300ber-prac\u00a1-Kubik_Stra\u0301nka_31.jpg\"\n        tabindex=\"-1\" class=\"vp-portfolio__item-meta\"     >\n    \n        \n<h2 class=\"vp-portfolio__item-meta-title\">\n    Ond\u0159ej Kub\u00edk \u2013 Portfolio 30<\/h2>\n\n        <\/a>    <\/div>\n<\/figcaption>\n            <\/figure>\n                    <\/div>\n        \n        <div        class=\"vp-portfolio__item-wrap vp-portfolio__item-uid-6a80b9b9\" data-vp-filter=\"\"         >\n            <template class=\"vp-portfolio__item-popup\" data-vp-popup-img=\"https:\/\/www.lucernatv.cz\/wp-content\/uploads\/2021\/01\/Vi\u0300ber-prac\u00a1-Kubik_Stra\u0301nka_32.jpg\" data-vp-popup-img-srcset=\"https:\/\/www.lucernatv.cz\/wp-content\/uploads\/2021\/01\/Vi\u0300ber-prac\u00a1-Kubik_Stra\u0301nka_32.jpg 4961w, https:\/\/www.lucernatv.cz\/wp-content\/uploads\/2021\/01\/Vi\u0300ber-prac\u00a1-Kubik_Stra\u0301nka_32-300x212.jpg 300w, https:\/\/www.lucernatv.cz\/wp-content\/uploads\/2021\/01\/Vi\u0300ber-prac\u00a1-Kubik_Stra\u0301nka_32-768x543.jpg 768w, https:\/\/www.lucernatv.cz\/wp-content\/uploads\/2021\/01\/Vi\u0300ber-prac\u00a1-Kubik_Stra\u0301nka_32-1527x1080.jpg 1527w, https:\/\/www.lucernatv.cz\/wp-content\/uploads\/2021\/01\/Vi\u0300ber-prac\u00a1-Kubik_Stra\u0301nka_32-100x71.jpg 100w, https:\/\/www.lucernatv.cz\/wp-content\/uploads\/2021\/01\/Vi\u0300ber-prac\u00a1-Kubik_Stra\u0301nka_32-1200x849.jpg 1200w\" data-vp-popup-img-size=\"1920x1358\" data-vp-popup-md-img=\"https:\/\/www.lucernatv.cz\/wp-content\/uploads\/2021\/01\/Vi\u0300ber-prac\u00a1-Kubik_Stra\u0301nka_32.jpg\" data-vp-popup-md-img-size=\"800x566\" data-vp-popup-sm-img=\"https:\/\/www.lucernatv.cz\/wp-content\/uploads\/2021\/01\/Vi\u0300ber-prac\u00a1-Kubik_Stra\u0301nka_32.jpg\" data-vp-popup-sm-img-size=\"500x354\">\n            <h3 class=\"vp-portfolio__item-popup-title\">Ond\u0159ej Kub\u00edk \u2013 Portfolio 31<\/h3>\n        <\/template>\n                        <figure class=\"vp-portfolio__item\">\n                \n<div class=\"vp-portfolio__item-img-wrap\">\n    <div class=\"vp-portfolio__item-img\">\n            <a\n        href=\"https:\/\/www.lucernatv.cz\/wp-content\/uploads\/2021\/01\/Vi\u0300ber-prac\u00a1-Kubik_Stra\u0301nka_32.jpg\"\n            >\n    \n        <img decoding=\"async\" width=\"1920\" height=\"1358\" src=\"https:\/\/www.lucernatv.cz\/wp-content\/uploads\/2021\/01\/Vi\u0300ber-prac\u00a1-Kubik_Stra\u0301nka_32.jpg\" class=\"wp-image-642\" alt=\"\" srcset=\"https:\/\/www.lucernatv.cz\/wp-content\/uploads\/2021\/01\/Vi\u0300ber-prac\u00a1-Kubik_Stra\u0301nka_32.jpg 4961w, https:\/\/www.lucernatv.cz\/wp-content\/uploads\/2021\/01\/Vi\u0300ber-prac\u00a1-Kubik_Stra\u0301nka_32-300x212.jpg 300w, https:\/\/www.lucernatv.cz\/wp-content\/uploads\/2021\/01\/Vi\u0300ber-prac\u00a1-Kubik_Stra\u0301nka_32-768x543.jpg 768w, https:\/\/www.lucernatv.cz\/wp-content\/uploads\/2021\/01\/Vi\u0300ber-prac\u00a1-Kubik_Stra\u0301nka_32-1527x1080.jpg 1527w, https:\/\/www.lucernatv.cz\/wp-content\/uploads\/2021\/01\/Vi\u0300ber-prac\u00a1-Kubik_Stra\u0301nka_32-100x71.jpg 100w, https:\/\/www.lucernatv.cz\/wp-content\/uploads\/2021\/01\/Vi\u0300ber-prac\u00a1-Kubik_Stra\u0301nka_32-1200x849.jpg 1200w\" sizes=\"(max-width: 1920px) 100vw, 1920px\" \/>\n        <\/a>    <\/div>\n<\/div>\n\n<figcaption class=\"vp-portfolio__item-overlay vp-portfolio__item-overlay-text-align-center\">\n    <div class=\"vp-portfolio__item-meta-wrap vp-portfolio__custom-scrollbar\">\n            <a\n        href=\"https:\/\/www.lucernatv.cz\/wp-content\/uploads\/2021\/01\/Vi\u0300ber-prac\u00a1-Kubik_Stra\u0301nka_32.jpg\"\n        tabindex=\"-1\" class=\"vp-portfolio__item-meta\"     >\n    \n        \n<h2 class=\"vp-portfolio__item-meta-title\">\n    Ond\u0159ej Kub\u00edk \u2013 Portfolio 31<\/h2>\n\n        <\/a>    <\/div>\n<\/figcaption>\n            <\/figure>\n                    <\/div>\n        \n        <div        class=\"vp-portfolio__item-wrap vp-portfolio__item-uid-0f3226c1\" data-vp-filter=\"\"         >\n            <template class=\"vp-portfolio__item-popup\" data-vp-popup-img=\"https:\/\/www.lucernatv.cz\/wp-content\/uploads\/2021\/01\/Vi\u0300ber-prac\u00a1-Kubik_Stra\u0301nka_33.jpg\" data-vp-popup-img-srcset=\"https:\/\/www.lucernatv.cz\/wp-content\/uploads\/2021\/01\/Vi\u0300ber-prac\u00a1-Kubik_Stra\u0301nka_33.jpg 4961w, https:\/\/www.lucernatv.cz\/wp-content\/uploads\/2021\/01\/Vi\u0300ber-prac\u00a1-Kubik_Stra\u0301nka_33-300x212.jpg 300w, https:\/\/www.lucernatv.cz\/wp-content\/uploads\/2021\/01\/Vi\u0300ber-prac\u00a1-Kubik_Stra\u0301nka_33-768x543.jpg 768w, https:\/\/www.lucernatv.cz\/wp-content\/uploads\/2021\/01\/Vi\u0300ber-prac\u00a1-Kubik_Stra\u0301nka_33-1527x1080.jpg 1527w, https:\/\/www.lucernatv.cz\/wp-content\/uploads\/2021\/01\/Vi\u0300ber-prac\u00a1-Kubik_Stra\u0301nka_33-100x71.jpg 100w, https:\/\/www.lucernatv.cz\/wp-content\/uploads\/2021\/01\/Vi\u0300ber-prac\u00a1-Kubik_Stra\u0301nka_33-1200x849.jpg 1200w\" data-vp-popup-img-size=\"1920x1358\" data-vp-popup-md-img=\"https:\/\/www.lucernatv.cz\/wp-content\/uploads\/2021\/01\/Vi\u0300ber-prac\u00a1-Kubik_Stra\u0301nka_33.jpg\" data-vp-popup-md-img-size=\"800x566\" data-vp-popup-sm-img=\"https:\/\/www.lucernatv.cz\/wp-content\/uploads\/2021\/01\/Vi\u0300ber-prac\u00a1-Kubik_Stra\u0301nka_33.jpg\" data-vp-popup-sm-img-size=\"500x354\">\n            <h3 class=\"vp-portfolio__item-popup-title\">Ond\u0159ej Kub\u00edk \u2013 Portfolio 32<\/h3>\n        <\/template>\n                        <figure class=\"vp-portfolio__item\">\n                \n<div class=\"vp-portfolio__item-img-wrap\">\n    <div class=\"vp-portfolio__item-img\">\n            <a\n        href=\"https:\/\/www.lucernatv.cz\/wp-content\/uploads\/2021\/01\/Vi\u0300ber-prac\u00a1-Kubik_Stra\u0301nka_33.jpg\"\n            >\n    \n        <img decoding=\"async\" width=\"1920\" height=\"1358\" src=\"https:\/\/www.lucernatv.cz\/wp-content\/uploads\/2021\/01\/Vi\u0300ber-prac\u00a1-Kubik_Stra\u0301nka_33.jpg\" class=\"wp-image-643\" alt=\"\" srcset=\"https:\/\/www.lucernatv.cz\/wp-content\/uploads\/2021\/01\/Vi\u0300ber-prac\u00a1-Kubik_Stra\u0301nka_33.jpg 4961w, https:\/\/www.lucernatv.cz\/wp-content\/uploads\/2021\/01\/Vi\u0300ber-prac\u00a1-Kubik_Stra\u0301nka_33-300x212.jpg 300w, https:\/\/www.lucernatv.cz\/wp-content\/uploads\/2021\/01\/Vi\u0300ber-prac\u00a1-Kubik_Stra\u0301nka_33-768x543.jpg 768w, https:\/\/www.lucernatv.cz\/wp-content\/uploads\/2021\/01\/Vi\u0300ber-prac\u00a1-Kubik_Stra\u0301nka_33-1527x1080.jpg 1527w, https:\/\/www.lucernatv.cz\/wp-content\/uploads\/2021\/01\/Vi\u0300ber-prac\u00a1-Kubik_Stra\u0301nka_33-100x71.jpg 100w, https:\/\/www.lucernatv.cz\/wp-content\/uploads\/2021\/01\/Vi\u0300ber-prac\u00a1-Kubik_Stra\u0301nka_33-1200x849.jpg 1200w\" sizes=\"(max-width: 1920px) 100vw, 1920px\" \/>\n        <\/a>    <\/div>\n<\/div>\n\n<figcaption class=\"vp-portfolio__item-overlay vp-portfolio__item-overlay-text-align-center\">\n    <div class=\"vp-portfolio__item-meta-wrap vp-portfolio__custom-scrollbar\">\n            <a\n        href=\"https:\/\/www.lucernatv.cz\/wp-content\/uploads\/2021\/01\/Vi\u0300ber-prac\u00a1-Kubik_Stra\u0301nka_33.jpg\"\n        tabindex=\"-1\" class=\"vp-portfolio__item-meta\"     >\n    \n        \n<h2 class=\"vp-portfolio__item-meta-title\">\n    Ond\u0159ej Kub\u00edk \u2013 Portfolio 32<\/h2>\n\n        <\/a>    <\/div>\n<\/figcaption>\n            <\/figure>\n                    <\/div>\n        \n<\/div>\n        <\/div>\n        \n<\/div>\n<\/div>\n\n\n<h5 class=\"wp-block-heading\">Ond\u0159ej Kub\u00edk o\u010dima Martina Mikol\u00e1\u0161ka<\/h5>\n\n\n\n<p>Od doby, kdy se na po\u010d\u00e1tku 20. stolet\u00ed stal z&nbsp;um\u011bleck\u00e9ho \u0159emesla modern\u00ed design, se na jeho z\u00e1kladn\u00edch principech vyty\u010den\u00fdch u\u017e u\u010diteli a \u017e\u00e1ky n\u011bmeck\u00e9ho Bauhausu p\u0159\u00edli\u0161 nezm\u011bnilo. Prostor, v&nbsp;n\u011bm\u017e se design\u00e9\u0159i i dnes pohybuj\u00ed, je vykol\u00edkov\u00e1n pom\u011brn\u011b jednozna\u010dn\u011b \u2013 na jedn\u00e9 stran\u011b zde dominuje souzvuk formy a funkce, na stran\u011b druh\u00e9 vyu\u017eit\u00ed nov\u00fdch materi\u00e1l\u016f a technologick\u00fdch postup\u016f a spolu s&nbsp;t\u00edm i schopnost masov\u00e9&nbsp;produkce navr\u017een\u00fdch v\u00fdrobk\u016f.<\/p>\n\n\n\n<p>Dnes by k&nbsp;v\u00fd\u0161e \u0159e\u010den\u00e9mu snad mohl p\u0159ib\u00fdt je\u0161t\u011b d\u016fraz na tzv. udr\u017eiteln\u00fd design, akcentuj\u00edc\u00ed principy ekologick\u00e9ho a \u0161etrn\u00e9ho p\u0159\u00edstupu k&nbsp;u\u017eit\u00fdm materi\u00e1l\u016fm, d\u016fraz na u\u017eit\u00ed recykl\u00e1t\u016f nebo i snaha zanechat co nejmen\u0161\u00ed uhl\u00edkovou stopu. Za\u010d\u00ednaj\u00edc\u00ed design\u00e9\u0159i tedy v\u011bd\u00ed, do jak\u00e9ho prostoru vstupuj\u00ed, a ur\u010dit\u011b tu\u0161\u00ed, \u017ee nach\u00e1zet nov\u00e9 a neot\u0159el\u00e9 p\u0159\u00edstupy, v&nbsp;nich\u017e by nedoch\u00e1zelo k&nbsp;citac\u00edm a n\u00e1podob\u00e1m, je st\u00e1le t\u011b\u017e\u0161\u00ed. O to v\u00edce m\u011b v\u017edy pot\u011b\u0161\u00ed, kdy\u017e se mezi \u017e\u00e1ky SU\u0160 Ostrava objev\u00ed \u010dlov\u011bk, kter\u00fd si s&nbsp;principy sou\u010dasn\u00e9ho designu dok\u00e1\u017ee lehce pohr\u00e1vat, nepot\u0159ebuje p\u0159itom zd\u016fraz\u0148ovat sv\u00e9 ego a m\u00edsto toho se zam\u011b\u0159uje na st\u0159\u00eddmost a \u010distotu tvaru a proveden\u00ed. Domn\u00edv\u00e1m se, \u017ee pr\u00e1v\u011b Ond\u0159ej Kubik je takov\u00fdm mlad\u00fdm design\u00e9rem, kter\u00fd u\u017e te\u010f dok\u00e1\u017ee ve sv\u00fdch n\u00e1vrz\u00edch rezonovat s&nbsp;t\u00edm, co budeme naz\u00fdvat sou\u010dasn\u00fdm designem za n\u011bkolik m\u00e1lo n\u00e1sleduj\u00edc\u00edch let.<\/p>\n","protected":false},"excerpt":{"rendered":"<p>Ond\u0159ej Kub\u00edk o\u010dima Martina Mikol\u00e1\u0161ka Od doby, kdy se na po\u010d\u00e1tku 20. stolet\u00ed stal z&nbsp;um\u011bleck\u00e9ho \u0159emesla modern\u00ed design, se na jeho z\u00e1kladn\u00edch principech vyty\u010den\u00fdch u\u017e u\u010diteli a \u017e\u00e1ky n\u011bmeck\u00e9ho Bauhausu p\u0159\u00edli\u0161 nezm\u011bnilo. Prostor, v&nbsp;n\u011bm\u017e se design\u00e9\u0159i i dnes pohybuj\u00ed, je vykol\u00edkov\u00e1n pom\u011brn\u011b jednozna\u010dn\u011b \u2013 na jedn\u00e9 stran\u011b zde dominuje souzvuk formy a funkce, na stran\u011b&hellip;&nbsp;<a href=\"https:\/\/www.lucernatv.cz\/index.php\/2021\/02\/11\/30-let-sus-ostrava-ondrej-kubik\/\" class=\"\" rel=\"bookmark\">\u010c\u00edst d\u00e1le &raquo;<span class=\"screen-reader-text\">30 let SU\u0160 Ostrava \u2013 Ond\u0159ej Kub\u00edk<\/span><\/a><\/p>\n","protected":false},"author":1,"featured_media":633,"comment_status":"closed","ping_status":"open","sticky":false,"template":"","format":"gallery","meta":{"inline_featured_image":false,"_uag_custom_page_level_css":"","neve_meta_sidebar":"","neve_meta_container":"","neve_meta_enable_content_width":"","neve_meta_content_width":0,"neve_meta_title_alignment":"","neve_meta_author_avatar":"","neve_post_elements_order":"","neve_meta_disable_header":"","neve_meta_disable_footer":"","neve_meta_disable_title":"","_vp_format_video_url":"","_vp_image_focal_point":[]},"categories":[3,12],"tags":[31,26],"yoast_head":"<!-- This site is optimized with the Yoast SEO plugin v20.12 - https:\/\/yoast.com\/wordpress\/plugins\/seo\/ -->\n<title>30 let SU\u0160 Ostrava \u2013 Ond\u0159ej Kub\u00edk - lucernatv.cz<\/title>\n<meta name=\"robots\" content=\"index, follow, max-snippet:-1, max-image-preview:large, max-video-preview:-1\" \/>\n<link rel=\"canonical\" href=\"https:\/\/www.lucernatv.cz\/index.php\/2021\/02\/11\/30-let-sus-ostrava-ondrej-kubik\/\" \/>\n<meta property=\"og:locale\" content=\"cs_CZ\" \/>\n<meta property=\"og:type\" content=\"article\" \/>\n<meta property=\"og:title\" content=\"30 let SU\u0160 Ostrava \u2013 Ond\u0159ej Kub\u00edk - lucernatv.cz\" \/>\n<meta property=\"og:description\" content=\"Ond\u0159ej Kub\u00edk o\u010dima Martina Mikol\u00e1\u0161ka Od doby, kdy se na po\u010d\u00e1tku 20. stolet\u00ed stal z&nbsp;um\u011bleck\u00e9ho \u0159emesla modern\u00ed design, se na jeho z\u00e1kladn\u00edch principech vyty\u010den\u00fdch u\u017e u\u010diteli a \u017e\u00e1ky n\u011bmeck\u00e9ho Bauhausu p\u0159\u00edli\u0161 nezm\u011bnilo. Prostor, v&nbsp;n\u011bm\u017e se design\u00e9\u0159i i dnes pohybuj\u00ed, je vykol\u00edkov\u00e1n pom\u011brn\u011b jednozna\u010dn\u011b \u2013 na jedn\u00e9 stran\u011b zde dominuje souzvuk formy a funkce, na stran\u011b&hellip;&nbsp;\u010c\u00edst d\u00e1le &raquo;30 let SU\u0160 Ostrava \u2013 Ond\u0159ej Kub\u00edk\" \/>\n<meta property=\"og:url\" content=\"https:\/\/www.lucernatv.cz\/index.php\/2021\/02\/11\/30-let-sus-ostrava-ondrej-kubik\/\" \/>\n<meta property=\"og:site_name\" content=\"lucernatv.cz\" \/>\n<meta property=\"article:publisher\" content=\"https:\/\/www.facebook.com\/avtopava\" \/>\n<meta property=\"article:published_time\" content=\"2021-02-11T12:53:36+00:00\" \/>\n<meta property=\"article:modified_time\" content=\"2021-02-17T12:54:01+00:00\" \/>\n<meta property=\"og:image\" content=\"https:\/\/www.lucernatv.cz\/wp-content\/uploads\/2021\/01\/Vi\u0300ber-prac\u00a1-Kubik_Stra\u0301nka_23.jpg\" \/>\n\t<meta property=\"og:image:width\" content=\"4961\" \/>\n\t<meta property=\"og:image:height\" content=\"3508\" \/>\n\t<meta property=\"og:image:type\" content=\"image\/jpeg\" \/>\n<meta name=\"author\" content=\"lucernatvc\" \/>\n<meta name=\"twitter:card\" content=\"summary_large_image\" \/>\n<meta name=\"twitter:label1\" content=\"Napsal(a)\" \/>\n\t<meta name=\"twitter:data1\" content=\"lucernatvc\" \/>\n\t<meta name=\"twitter:label2\" content=\"Odhadovan\u00e1 doba \u010dten\u00ed\" \/>\n\t<meta name=\"twitter:data2\" content=\"2 minuty\" \/>\n<script type=\"application\/ld+json\" class=\"yoast-schema-graph\">{\"@context\":\"https:\/\/schema.org\",\"@graph\":[{\"@type\":\"Article\",\"@id\":\"https:\/\/www.lucernatv.cz\/index.php\/2021\/02\/11\/30-let-sus-ostrava-ondrej-kubik\/#article\",\"isPartOf\":{\"@id\":\"https:\/\/www.lucernatv.cz\/index.php\/2021\/02\/11\/30-let-sus-ostrava-ondrej-kubik\/\"},\"author\":{\"name\":\"lucernatvc\",\"@id\":\"https:\/\/www.lucernatv.cz\/#\/schema\/person\/fdc6b3778fe63c82ba7479978ad159ad\"},\"headline\":\"30 let SU\u0160 Ostrava \u2013 Ond\u0159ej Kub\u00edk\",\"datePublished\":\"2021-02-11T12:53:36+00:00\",\"dateModified\":\"2021-02-17T12:54:01+00:00\",\"mainEntityOfPage\":{\"@id\":\"https:\/\/www.lucernatv.cz\/index.php\/2021\/02\/11\/30-let-sus-ostrava-ondrej-kubik\/\"},\"wordCount\":320,\"publisher\":{\"@id\":\"https:\/\/www.lucernatv.cz\/#organization\"},\"keywords\":[\"30 let SU\u0160 Ostrava\",\"galerie\"],\"articleSection\":[\"Kultura\",\"v\u00fdtvarn\u00e9 um\u011bn\u00ed, architektura a ve\u0159ejn\u00fd prostor\"],\"inLanguage\":\"cs\"},{\"@type\":\"WebPage\",\"@id\":\"https:\/\/www.lucernatv.cz\/index.php\/2021\/02\/11\/30-let-sus-ostrava-ondrej-kubik\/\",\"url\":\"https:\/\/www.lucernatv.cz\/index.php\/2021\/02\/11\/30-let-sus-ostrava-ondrej-kubik\/\",\"name\":\"30 let SU\u0160 Ostrava \u2013 Ond\u0159ej Kub\u00edk - lucernatv.cz\",\"isPartOf\":{\"@id\":\"https:\/\/www.lucernatv.cz\/#website\"},\"datePublished\":\"2021-02-11T12:53:36+00:00\",\"dateModified\":\"2021-02-17T12:54:01+00:00\",\"breadcrumb\":{\"@id\":\"https:\/\/www.lucernatv.cz\/index.php\/2021\/02\/11\/30-let-sus-ostrava-ondrej-kubik\/#breadcrumb\"},\"inLanguage\":\"cs\",\"potentialAction\":[{\"@type\":\"ReadAction\",\"target\":[\"https:\/\/www.lucernatv.cz\/index.php\/2021\/02\/11\/30-let-sus-ostrava-ondrej-kubik\/\"]}]},{\"@type\":\"BreadcrumbList\",\"@id\":\"https:\/\/www.lucernatv.cz\/index.php\/2021\/02\/11\/30-let-sus-ostrava-ondrej-kubik\/#breadcrumb\",\"itemListElement\":[{\"@type\":\"ListItem\",\"position\":1,\"name\":\"Dom\u016f\",\"item\":\"https:\/\/www.lucernatv.cz\/\"},{\"@type\":\"ListItem\",\"position\":2,\"name\":\"30 let SU\u0160 Ostrava \u2013 Ond\u0159ej Kub\u00edk\"}]},{\"@type\":\"WebSite\",\"@id\":\"https:\/\/www.lucernatv.cz\/#website\",\"url\":\"https:\/\/www.lucernatv.cz\/\",\"name\":\"lucernatv.cz\",\"description\":\"Vzd\u011bl\u00e1vac\u00ed televize\",\"publisher\":{\"@id\":\"https:\/\/www.lucernatv.cz\/#organization\"},\"alternateName\":\"Lucerna TV\",\"potentialAction\":[{\"@type\":\"SearchAction\",\"target\":{\"@type\":\"EntryPoint\",\"urlTemplate\":\"https:\/\/www.lucernatv.cz\/?s={search_term_string}\"},\"query-input\":\"required name=search_term_string\"}],\"inLanguage\":\"cs\"},{\"@type\":\"Organization\",\"@id\":\"https:\/\/www.lucernatv.cz\/#organization\",\"name\":\"Lucerna TV\",\"url\":\"https:\/\/www.lucernatv.cz\/\",\"logo\":{\"@type\":\"ImageObject\",\"inLanguage\":\"cs\",\"@id\":\"https:\/\/www.lucernatv.cz\/#\/schema\/logo\/image\/\",\"url\":\"https:\/\/www.lucernatv.cz\/wp-content\/uploads\/2021\/02\/logo.svg\",\"contentUrl\":\"https:\/\/www.lucernatv.cz\/wp-content\/uploads\/2021\/02\/logo.svg\",\"width\":128,\"height\":41,\"caption\":\"Lucerna TV\"},\"image\":{\"@id\":\"https:\/\/www.lucernatv.cz\/#\/schema\/logo\/image\/\"},\"sameAs\":[\"https:\/\/www.facebook.com\/avtopava\",\"https:\/\/www.youtube.com\/channel\/UCtP8PPWG9JatWSMsKMOvdDg\"]},{\"@type\":\"Person\",\"@id\":\"https:\/\/www.lucernatv.cz\/#\/schema\/person\/fdc6b3778fe63c82ba7479978ad159ad\",\"name\":\"lucernatvc\",\"image\":{\"@type\":\"ImageObject\",\"inLanguage\":\"cs\",\"@id\":\"https:\/\/www.lucernatv.cz\/#\/schema\/person\/image\/\",\"url\":\"https:\/\/secure.gravatar.com\/avatar\/5b7905a95103f5227c1afd8b2a10f058?s=96&d=mm&r=g\",\"contentUrl\":\"https:\/\/secure.gravatar.com\/avatar\/5b7905a95103f5227c1afd8b2a10f058?s=96&d=mm&r=g\",\"caption\":\"lucernatvc\"},\"url\":\"https:\/\/www.lucernatv.cz\/index.php\/author\/lucernatvc\/\"}]}<\/script>\n<!-- \/ Yoast SEO plugin. -->","yoast_head_json":{"title":"30 let SU\u0160 Ostrava \u2013 Ond\u0159ej Kub\u00edk - lucernatv.cz","robots":{"index":"index","follow":"follow","max-snippet":"max-snippet:-1","max-image-preview":"max-image-preview:large","max-video-preview":"max-video-preview:-1"},"canonical":"https:\/\/www.lucernatv.cz\/index.php\/2021\/02\/11\/30-let-sus-ostrava-ondrej-kubik\/","og_locale":"cs_CZ","og_type":"article","og_title":"30 let SU\u0160 Ostrava \u2013 Ond\u0159ej Kub\u00edk - lucernatv.cz","og_description":"Ond\u0159ej Kub\u00edk o\u010dima Martina Mikol\u00e1\u0161ka Od doby, kdy se na po\u010d\u00e1tku 20. stolet\u00ed stal z&nbsp;um\u011bleck\u00e9ho \u0159emesla modern\u00ed design, se na jeho z\u00e1kladn\u00edch principech vyty\u010den\u00fdch u\u017e u\u010diteli a \u017e\u00e1ky n\u011bmeck\u00e9ho Bauhausu p\u0159\u00edli\u0161 nezm\u011bnilo. Prostor, v&nbsp;n\u011bm\u017e se design\u00e9\u0159i i dnes pohybuj\u00ed, je vykol\u00edkov\u00e1n pom\u011brn\u011b jednozna\u010dn\u011b \u2013 na jedn\u00e9 stran\u011b zde dominuje souzvuk formy a funkce, na stran\u011b&hellip;&nbsp;\u010c\u00edst d\u00e1le &raquo;30 let SU\u0160 Ostrava \u2013 Ond\u0159ej Kub\u00edk","og_url":"https:\/\/www.lucernatv.cz\/index.php\/2021\/02\/11\/30-let-sus-ostrava-ondrej-kubik\/","og_site_name":"lucernatv.cz","article_publisher":"https:\/\/www.facebook.com\/avtopava","article_published_time":"2021-02-11T12:53:36+00:00","article_modified_time":"2021-02-17T12:54:01+00:00","og_image":[{"width":4961,"height":3508,"url":"https:\/\/www.lucernatv.cz\/wp-content\/uploads\/2021\/01\/Vi\u0300ber-prac\u00a1-Kubik_Stra\u0301nka_23.jpg","type":"image\/jpeg"}],"author":"lucernatvc","twitter_card":"summary_large_image","twitter_misc":{"Napsal(a)":"lucernatvc","Odhadovan\u00e1 doba \u010dten\u00ed":"2 minuty"},"schema":{"@context":"https:\/\/schema.org","@graph":[{"@type":"Article","@id":"https:\/\/www.lucernatv.cz\/index.php\/2021\/02\/11\/30-let-sus-ostrava-ondrej-kubik\/#article","isPartOf":{"@id":"https:\/\/www.lucernatv.cz\/index.php\/2021\/02\/11\/30-let-sus-ostrava-ondrej-kubik\/"},"author":{"name":"lucernatvc","@id":"https:\/\/www.lucernatv.cz\/#\/schema\/person\/fdc6b3778fe63c82ba7479978ad159ad"},"headline":"30 let SU\u0160 Ostrava \u2013 Ond\u0159ej Kub\u00edk","datePublished":"2021-02-11T12:53:36+00:00","dateModified":"2021-02-17T12:54:01+00:00","mainEntityOfPage":{"@id":"https:\/\/www.lucernatv.cz\/index.php\/2021\/02\/11\/30-let-sus-ostrava-ondrej-kubik\/"},"wordCount":320,"publisher":{"@id":"https:\/\/www.lucernatv.cz\/#organization"},"keywords":["30 let SU\u0160 Ostrava","galerie"],"articleSection":["Kultura","v\u00fdtvarn\u00e9 um\u011bn\u00ed, architektura a ve\u0159ejn\u00fd prostor"],"inLanguage":"cs"},{"@type":"WebPage","@id":"https:\/\/www.lucernatv.cz\/index.php\/2021\/02\/11\/30-let-sus-ostrava-ondrej-kubik\/","url":"https:\/\/www.lucernatv.cz\/index.php\/2021\/02\/11\/30-let-sus-ostrava-ondrej-kubik\/","name":"30 let SU\u0160 Ostrava \u2013 Ond\u0159ej Kub\u00edk - lucernatv.cz","isPartOf":{"@id":"https:\/\/www.lucernatv.cz\/#website"},"datePublished":"2021-02-11T12:53:36+00:00","dateModified":"2021-02-17T12:54:01+00:00","breadcrumb":{"@id":"https:\/\/www.lucernatv.cz\/index.php\/2021\/02\/11\/30-let-sus-ostrava-ondrej-kubik\/#breadcrumb"},"inLanguage":"cs","potentialAction":[{"@type":"ReadAction","target":["https:\/\/www.lucernatv.cz\/index.php\/2021\/02\/11\/30-let-sus-ostrava-ondrej-kubik\/"]}]},{"@type":"BreadcrumbList","@id":"https:\/\/www.lucernatv.cz\/index.php\/2021\/02\/11\/30-let-sus-ostrava-ondrej-kubik\/#breadcrumb","itemListElement":[{"@type":"ListItem","position":1,"name":"Dom\u016f","item":"https:\/\/www.lucernatv.cz\/"},{"@type":"ListItem","position":2,"name":"30 let SU\u0160 Ostrava \u2013 Ond\u0159ej Kub\u00edk"}]},{"@type":"WebSite","@id":"https:\/\/www.lucernatv.cz\/#website","url":"https:\/\/www.lucernatv.cz\/","name":"lucernatv.cz","description":"Vzd\u011bl\u00e1vac\u00ed televize","publisher":{"@id":"https:\/\/www.lucernatv.cz\/#organization"},"alternateName":"Lucerna TV","potentialAction":[{"@type":"SearchAction","target":{"@type":"EntryPoint","urlTemplate":"https:\/\/www.lucernatv.cz\/?s={search_term_string}"},"query-input":"required name=search_term_string"}],"inLanguage":"cs"},{"@type":"Organization","@id":"https:\/\/www.lucernatv.cz\/#organization","name":"Lucerna TV","url":"https:\/\/www.lucernatv.cz\/","logo":{"@type":"ImageObject","inLanguage":"cs","@id":"https:\/\/www.lucernatv.cz\/#\/schema\/logo\/image\/","url":"https:\/\/www.lucernatv.cz\/wp-content\/uploads\/2021\/02\/logo.svg","contentUrl":"https:\/\/www.lucernatv.cz\/wp-content\/uploads\/2021\/02\/logo.svg","width":128,"height":41,"caption":"Lucerna TV"},"image":{"@id":"https:\/\/www.lucernatv.cz\/#\/schema\/logo\/image\/"},"sameAs":["https:\/\/www.facebook.com\/avtopava","https:\/\/www.youtube.com\/channel\/UCtP8PPWG9JatWSMsKMOvdDg"]},{"@type":"Person","@id":"https:\/\/www.lucernatv.cz\/#\/schema\/person\/fdc6b3778fe63c82ba7479978ad159ad","name":"lucernatvc","image":{"@type":"ImageObject","inLanguage":"cs","@id":"https:\/\/www.lucernatv.cz\/#\/schema\/person\/image\/","url":"https:\/\/secure.gravatar.com\/avatar\/5b7905a95103f5227c1afd8b2a10f058?s=96&d=mm&r=g","contentUrl":"https:\/\/secure.gravatar.com\/avatar\/5b7905a95103f5227c1afd8b2a10f058?s=96&d=mm&r=g","caption":"lucernatvc"},"url":"https:\/\/www.lucernatv.cz\/index.php\/author\/lucernatvc\/"}]}},"uagb_featured_image_src":{"full":["https:\/\/www.lucernatv.cz\/wp-content\/uploads\/2021\/01\/Vi\u0300ber-prac\u00a1-Kubik_Stra\u0301nka_23.jpg",4961,3508,false],"thumbnail":["https:\/\/www.lucernatv.cz\/wp-content\/uploads\/2021\/01\/Vi\u0300ber-prac\u00a1-Kubik_Stra\u0301nka_23-150x150.jpg",150,150,true],"medium":["https:\/\/www.lucernatv.cz\/wp-content\/uploads\/2021\/01\/Vi\u0300ber-prac\u00a1-Kubik_Stra\u0301nka_23-300x212.jpg",255,180,true],"medium_large":["https:\/\/www.lucernatv.cz\/wp-content\/uploads\/2021\/01\/Vi\u0300ber-prac\u00a1-Kubik_Stra\u0301nka_23-768x543.jpg",768,543,true],"large":["https:\/\/www.lucernatv.cz\/wp-content\/uploads\/2021\/01\/Vi\u0300ber-prac\u00a1-Kubik_Stra\u0301nka_23-1527x1080.jpg",1200,849,true],"1536x1536":["https:\/\/www.lucernatv.cz\/wp-content\/uploads\/2021\/01\/Vi\u0300ber-prac\u00a1-Kubik_Stra\u0301nka_23.jpg",1536,1086,false],"2048x2048":["https:\/\/www.lucernatv.cz\/wp-content\/uploads\/2021\/01\/Vi\u0300ber-prac\u00a1-Kubik_Stra\u0301nka_23.jpg",2048,1448,false],"ultp_layout_landscape_large":["https:\/\/www.lucernatv.cz\/wp-content\/uploads\/2021\/01\/Vi\u0300ber-prac\u00a1-Kubik_Stra\u0301nka_23.jpg",1131,800,false],"ultp_layout_landscape":["https:\/\/www.lucernatv.cz\/wp-content\/uploads\/2021\/01\/Vi\u0300ber-prac\u00a1-Kubik_Stra\u0301nka_23.jpg",806,570,false],"ultp_layout_portrait":["https:\/\/www.lucernatv.cz\/wp-content\/uploads\/2021\/01\/Vi\u0300ber-prac\u00a1-Kubik_Stra\u0301nka_23.jpg",600,424,false],"ultp_layout_square":["https:\/\/www.lucernatv.cz\/wp-content\/uploads\/2021\/01\/Vi\u0300ber-prac\u00a1-Kubik_Stra\u0301nka_23.jpg",600,424,false],"vp_sm":["https:\/\/www.lucernatv.cz\/wp-content\/uploads\/2021\/01\/Vi\u0300ber-prac\u00a1-Kubik_Stra\u0301nka_23.jpg",500,354,false],"vp_md":["https:\/\/www.lucernatv.cz\/wp-content\/uploads\/2021\/01\/Vi\u0300ber-prac\u00a1-Kubik_Stra\u0301nka_23.jpg",800,566,false],"vp_lg":["https:\/\/www.lucernatv.cz\/wp-content\/uploads\/2021\/01\/Vi\u0300ber-prac\u00a1-Kubik_Stra\u0301nka_23.jpg",1280,905,false],"vp_xl":["https:\/\/www.lucernatv.cz\/wp-content\/uploads\/2021\/01\/Vi\u0300ber-prac\u00a1-Kubik_Stra\u0301nka_23.jpg",1920,1358,false],"vp_sm_popup":["https:\/\/www.lucernatv.cz\/wp-content\/uploads\/2021\/01\/Vi\u0300ber-prac\u00a1-Kubik_Stra\u0301nka_23.jpg",500,354,false],"vp_md_popup":["https:\/\/www.lucernatv.cz\/wp-content\/uploads\/2021\/01\/Vi\u0300ber-prac\u00a1-Kubik_Stra\u0301nka_23.jpg",800,566,false],"vp_xl_popup":["https:\/\/www.lucernatv.cz\/wp-content\/uploads\/2021\/01\/Vi\u0300ber-prac\u00a1-Kubik_Stra\u0301nka_23.jpg",1920,1358,false],"neve-blog":["https:\/\/www.lucernatv.cz\/wp-content\/uploads\/2021\/01\/Vi\u0300ber-prac\u00a1-Kubik_Stra\u0301nka_23.jpg",877,620,false]},"uagb_author_info":{"display_name":"lucernatvc","author_link":"https:\/\/www.lucernatv.cz\/index.php\/author\/lucernatvc\/"},"uagb_comment_info":0,"uagb_excerpt":"Ond\u0159ej Kub\u00edk o\u010dima Martina Mikol\u00e1\u0161ka Od doby, kdy se na po\u010d\u00e1tku 20. stolet\u00ed stal z&nbsp;um\u011bleck\u00e9ho \u0159emesla modern\u00ed design, se na jeho z\u00e1kladn\u00edch principech vyty\u010den\u00fdch u\u017e u\u010diteli a \u017e\u00e1ky n\u011bmeck\u00e9ho Bauhausu p\u0159\u00edli\u0161 nezm\u011bnilo. Prostor, v&nbsp;n\u011bm\u017e se design\u00e9\u0159i i dnes pohybuj\u00ed, je vykol\u00edkov\u00e1n pom\u011brn\u011b jednozna\u010dn\u011b \u2013 na jedn\u00e9 stran\u011b zde dominuje souzvuk formy a funkce, na stran\u011b&hellip;&nbsp;\u010c\u00edst&hellip;","_links":{"self":[{"href":"https:\/\/www.lucernatv.cz\/index.php\/wp-json\/wp\/v2\/posts\/941"}],"collection":[{"href":"https:\/\/www.lucernatv.cz\/index.php\/wp-json\/wp\/v2\/posts"}],"about":[{"href":"https:\/\/www.lucernatv.cz\/index.php\/wp-json\/wp\/v2\/types\/post"}],"author":[{"embeddable":true,"href":"https:\/\/www.lucernatv.cz\/index.php\/wp-json\/wp\/v2\/users\/1"}],"replies":[{"embeddable":true,"href":"https:\/\/www.lucernatv.cz\/index.php\/wp-json\/wp\/v2\/comments?post=941"}],"version-history":[{"count":2,"href":"https:\/\/www.lucernatv.cz\/index.php\/wp-json\/wp\/v2\/posts\/941\/revisions"}],"predecessor-version":[{"id":1853,"href":"https:\/\/www.lucernatv.cz\/index.php\/wp-json\/wp\/v2\/posts\/941\/revisions\/1853"}],"wp:featuredmedia":[{"embeddable":true,"href":"https:\/\/www.lucernatv.cz\/index.php\/wp-json\/wp\/v2\/media\/633"}],"wp:attachment":[{"href":"https:\/\/www.lucernatv.cz\/index.php\/wp-json\/wp\/v2\/media?parent=941"}],"wp:term":[{"taxonomy":"category","embeddable":true,"href":"https:\/\/www.lucernatv.cz\/index.php\/wp-json\/wp\/v2\/categories?post=941"},{"taxonomy":"post_tag","embeddable":true,"href":"https:\/\/www.lucernatv.cz\/index.php\/wp-json\/wp\/v2\/tags?post=941"}],"curies":[{"name":"wp","href":"https:\/\/api.w.org\/{rel}","templated":true}]}}