{"id":938,"date":"2021-02-11T12:40:17","date_gmt":"2021-02-11T12:40:17","guid":{"rendered":"https:\/\/www.lucernatv.cz\/?p=938"},"modified":"2021-02-21T22:32:49","modified_gmt":"2021-02-21T22:32:49","slug":"30-let-sus-ostrava-matous-kaleta","status":"publish","type":"post","link":"https:\/\/www.lucernatv.cz\/index.php\/2021\/02\/11\/30-let-sus-ostrava-matous-kaleta\/","title":{"rendered":"30 let SU\u0160 Ostrava \u2013 Matou\u0161 Kaleta"},"content":{"rendered":"<div class=\"wp-block-visual-portfolio\">\n<div class=\"vp-portfolio vp-uid-aff0ebc4 vp-id-jbKb7\"\n    data-vp-layout=\"masonry\" data-vp-content-source=\"images\" data-vp-items-style=\"fly\" data-vp-items-click-action=\"popup_gallery\" data-vp-items-gap=\"15\" data-vp-items-gap-vertical=\"\" data-vp-pagination=\"load-more\" data-vp-next-page-url=\"\" data-vp-masonry-columns=\"3\" >\n    <div class=\"vp-portfolio__preloader-wrap\">\n        <div class=\"vp-portfolio__preloader\">\n            <img decoding=\"async\" loading=\"eager\" src=\"https:\/\/www.lucernatv.cz\/wp-content\/plugins\/visual-portfolio\/assets\/images\/logo-dark.svg\" alt=\"Visual Portfolio, Posts &amp; Image Gallery for WordPress\" width=\"20\" height=\"20\" data-skip-lazy>\n        <\/div>\n    <\/div>\n        <div class=\"vp-portfolio__items-wrap\">\n            \n<div class=\"vp-portfolio__items vp-portfolio__items-style-fly vp-portfolio__items-show-overlay-hover\">\n\n        <div        class=\"vp-portfolio__item-wrap vp-portfolio__item-uid-33b3b55b\" data-vp-filter=\"\"         >\n            <template class=\"vp-portfolio__item-popup\" data-vp-popup-img=\"https:\/\/www.lucernatv.cz\/wp-content\/uploads\/2021\/01\/KALETA_vyber-praci__Stra\u0301nka_01.jpeg\" data-vp-popup-img-srcset=\"https:\/\/www.lucernatv.cz\/wp-content\/uploads\/2021\/01\/KALETA_vyber-praci__Stra\u0301nka_01.jpeg 2000w, https:\/\/www.lucernatv.cz\/wp-content\/uploads\/2021\/01\/KALETA_vyber-praci__Stra\u0301nka_01-300x212.jpeg 300w, https:\/\/www.lucernatv.cz\/wp-content\/uploads\/2021\/01\/KALETA_vyber-praci__Stra\u0301nka_01-768x543.jpeg 768w, https:\/\/www.lucernatv.cz\/wp-content\/uploads\/2021\/01\/KALETA_vyber-praci__Stra\u0301nka_01-1527x1080.jpeg 1527w, https:\/\/www.lucernatv.cz\/wp-content\/uploads\/2021\/01\/KALETA_vyber-praci__Stra\u0301nka_01-100x71.jpeg 100w, https:\/\/www.lucernatv.cz\/wp-content\/uploads\/2021\/01\/KALETA_vyber-praci__Stra\u0301nka_01-1200x849.jpeg 1200w\" data-vp-popup-img-size=\"1920x1358\" data-vp-popup-md-img=\"https:\/\/www.lucernatv.cz\/wp-content\/uploads\/2021\/01\/KALETA_vyber-praci__Stra\u0301nka_01.jpeg\" data-vp-popup-md-img-size=\"800x566\" data-vp-popup-sm-img=\"https:\/\/www.lucernatv.cz\/wp-content\/uploads\/2021\/01\/KALETA_vyber-praci__Stra\u0301nka_01.jpeg\" data-vp-popup-sm-img-size=\"500x354\">\n            <h3 class=\"vp-portfolio__item-popup-title\">Matou\u0161 Kaleta \u2013 Portfolio<\/h3>\n        <\/template>\n                        <figure class=\"vp-portfolio__item\">\n                \n<div class=\"vp-portfolio__item-img-wrap\">\n    <div class=\"vp-portfolio__item-img\">\n            <a\n        href=\"https:\/\/www.lucernatv.cz\/wp-content\/uploads\/2021\/01\/KALETA_vyber-praci__Stra\u0301nka_01.jpeg\"\n            >\n    \n        <img decoding=\"async\" width=\"1920\" height=\"1358\" src=\"https:\/\/www.lucernatv.cz\/wp-content\/uploads\/2021\/01\/KALETA_vyber-praci__Stra\u0301nka_01.jpeg\" class=\"wp-image-593\" alt=\"\" srcset=\"https:\/\/www.lucernatv.cz\/wp-content\/uploads\/2021\/01\/KALETA_vyber-praci__Stra\u0301nka_01.jpeg 2000w, https:\/\/www.lucernatv.cz\/wp-content\/uploads\/2021\/01\/KALETA_vyber-praci__Stra\u0301nka_01-300x212.jpeg 300w, https:\/\/www.lucernatv.cz\/wp-content\/uploads\/2021\/01\/KALETA_vyber-praci__Stra\u0301nka_01-768x543.jpeg 768w, https:\/\/www.lucernatv.cz\/wp-content\/uploads\/2021\/01\/KALETA_vyber-praci__Stra\u0301nka_01-1527x1080.jpeg 1527w, https:\/\/www.lucernatv.cz\/wp-content\/uploads\/2021\/01\/KALETA_vyber-praci__Stra\u0301nka_01-100x71.jpeg 100w, https:\/\/www.lucernatv.cz\/wp-content\/uploads\/2021\/01\/KALETA_vyber-praci__Stra\u0301nka_01-1200x849.jpeg 1200w\" sizes=\"(max-width: 1920px) 100vw, 1920px\" \/>\n        <\/a>    <\/div>\n<\/div>\n\n<figcaption class=\"vp-portfolio__item-overlay vp-portfolio__item-overlay-text-align-center\">\n    <div class=\"vp-portfolio__item-meta-wrap vp-portfolio__custom-scrollbar\">\n            <a\n        href=\"https:\/\/www.lucernatv.cz\/wp-content\/uploads\/2021\/01\/KALETA_vyber-praci__Stra\u0301nka_01.jpeg\"\n        tabindex=\"-1\" class=\"vp-portfolio__item-meta\"     >\n    \n        \n<h2 class=\"vp-portfolio__item-meta-title\">\n    Matou\u0161 Kaleta \u2013 Portfolio<\/h2>\n\n        <\/a>    <\/div>\n<\/figcaption>\n            <\/figure>\n                    <\/div>\n        \n        <div        class=\"vp-portfolio__item-wrap vp-portfolio__item-uid-156b479d\" data-vp-filter=\"\"         >\n            <template class=\"vp-portfolio__item-popup\" data-vp-popup-img=\"https:\/\/www.lucernatv.cz\/wp-content\/uploads\/2021\/01\/KALETA_vyber-praci__Stra\u0301nka_02.jpeg\" data-vp-popup-img-srcset=\"https:\/\/www.lucernatv.cz\/wp-content\/uploads\/2021\/01\/KALETA_vyber-praci__Stra\u0301nka_02.jpeg 2000w, https:\/\/www.lucernatv.cz\/wp-content\/uploads\/2021\/01\/KALETA_vyber-praci__Stra\u0301nka_02-300x212.jpeg 300w, https:\/\/www.lucernatv.cz\/wp-content\/uploads\/2021\/01\/KALETA_vyber-praci__Stra\u0301nka_02-768x543.jpeg 768w, https:\/\/www.lucernatv.cz\/wp-content\/uploads\/2021\/01\/KALETA_vyber-praci__Stra\u0301nka_02-1527x1080.jpeg 1527w, https:\/\/www.lucernatv.cz\/wp-content\/uploads\/2021\/01\/KALETA_vyber-praci__Stra\u0301nka_02-100x71.jpeg 100w, https:\/\/www.lucernatv.cz\/wp-content\/uploads\/2021\/01\/KALETA_vyber-praci__Stra\u0301nka_02-1200x849.jpeg 1200w\" data-vp-popup-img-size=\"1920x1358\" data-vp-popup-md-img=\"https:\/\/www.lucernatv.cz\/wp-content\/uploads\/2021\/01\/KALETA_vyber-praci__Stra\u0301nka_02.jpeg\" data-vp-popup-md-img-size=\"800x566\" data-vp-popup-sm-img=\"https:\/\/www.lucernatv.cz\/wp-content\/uploads\/2021\/01\/KALETA_vyber-praci__Stra\u0301nka_02.jpeg\" data-vp-popup-sm-img-size=\"500x354\">\n            <h3 class=\"vp-portfolio__item-popup-title\">Matou\u0161 Kaleta \u2013 Portfolio 1<\/h3>\n        <\/template>\n                        <figure class=\"vp-portfolio__item\">\n                \n<div class=\"vp-portfolio__item-img-wrap\">\n    <div class=\"vp-portfolio__item-img\">\n            <a\n        href=\"https:\/\/www.lucernatv.cz\/wp-content\/uploads\/2021\/01\/KALETA_vyber-praci__Stra\u0301nka_02.jpeg\"\n            >\n    \n        <img decoding=\"async\" width=\"1920\" height=\"1358\" src=\"https:\/\/www.lucernatv.cz\/wp-content\/uploads\/2021\/01\/KALETA_vyber-praci__Stra\u0301nka_02.jpeg\" class=\"wp-image-594\" alt=\"\" srcset=\"https:\/\/www.lucernatv.cz\/wp-content\/uploads\/2021\/01\/KALETA_vyber-praci__Stra\u0301nka_02.jpeg 2000w, https:\/\/www.lucernatv.cz\/wp-content\/uploads\/2021\/01\/KALETA_vyber-praci__Stra\u0301nka_02-300x212.jpeg 300w, https:\/\/www.lucernatv.cz\/wp-content\/uploads\/2021\/01\/KALETA_vyber-praci__Stra\u0301nka_02-768x543.jpeg 768w, https:\/\/www.lucernatv.cz\/wp-content\/uploads\/2021\/01\/KALETA_vyber-praci__Stra\u0301nka_02-1527x1080.jpeg 1527w, https:\/\/www.lucernatv.cz\/wp-content\/uploads\/2021\/01\/KALETA_vyber-praci__Stra\u0301nka_02-100x71.jpeg 100w, https:\/\/www.lucernatv.cz\/wp-content\/uploads\/2021\/01\/KALETA_vyber-praci__Stra\u0301nka_02-1200x849.jpeg 1200w\" sizes=\"(max-width: 1920px) 100vw, 1920px\" \/>\n        <\/a>    <\/div>\n<\/div>\n\n<figcaption class=\"vp-portfolio__item-overlay vp-portfolio__item-overlay-text-align-center\">\n    <div class=\"vp-portfolio__item-meta-wrap vp-portfolio__custom-scrollbar\">\n            <a\n        href=\"https:\/\/www.lucernatv.cz\/wp-content\/uploads\/2021\/01\/KALETA_vyber-praci__Stra\u0301nka_02.jpeg\"\n        tabindex=\"-1\" class=\"vp-portfolio__item-meta\"     >\n    \n        \n<h2 class=\"vp-portfolio__item-meta-title\">\n    Matou\u0161 Kaleta \u2013 Portfolio 1<\/h2>\n\n        <\/a>    <\/div>\n<\/figcaption>\n            <\/figure>\n                    <\/div>\n        \n        <div        class=\"vp-portfolio__item-wrap vp-portfolio__item-uid-70d9d8e5\" data-vp-filter=\"\"         >\n            <template class=\"vp-portfolio__item-popup\" data-vp-popup-img=\"https:\/\/www.lucernatv.cz\/wp-content\/uploads\/2021\/01\/KALETA_vyber-praci__Stra\u0301nka_03.jpeg\" data-vp-popup-img-srcset=\"https:\/\/www.lucernatv.cz\/wp-content\/uploads\/2021\/01\/KALETA_vyber-praci__Stra\u0301nka_03.jpeg 2000w, https:\/\/www.lucernatv.cz\/wp-content\/uploads\/2021\/01\/KALETA_vyber-praci__Stra\u0301nka_03-300x212.jpeg 300w, https:\/\/www.lucernatv.cz\/wp-content\/uploads\/2021\/01\/KALETA_vyber-praci__Stra\u0301nka_03-768x543.jpeg 768w, https:\/\/www.lucernatv.cz\/wp-content\/uploads\/2021\/01\/KALETA_vyber-praci__Stra\u0301nka_03-1527x1080.jpeg 1527w, https:\/\/www.lucernatv.cz\/wp-content\/uploads\/2021\/01\/KALETA_vyber-praci__Stra\u0301nka_03-100x71.jpeg 100w, https:\/\/www.lucernatv.cz\/wp-content\/uploads\/2021\/01\/KALETA_vyber-praci__Stra\u0301nka_03-1200x849.jpeg 1200w\" data-vp-popup-img-size=\"1920x1358\" data-vp-popup-md-img=\"https:\/\/www.lucernatv.cz\/wp-content\/uploads\/2021\/01\/KALETA_vyber-praci__Stra\u0301nka_03.jpeg\" data-vp-popup-md-img-size=\"800x566\" data-vp-popup-sm-img=\"https:\/\/www.lucernatv.cz\/wp-content\/uploads\/2021\/01\/KALETA_vyber-praci__Stra\u0301nka_03.jpeg\" data-vp-popup-sm-img-size=\"500x354\">\n            <h3 class=\"vp-portfolio__item-popup-title\">Matou\u0161 Kaleta \u2013 Portfolio 2<\/h3>\n        <\/template>\n                        <figure class=\"vp-portfolio__item\">\n                \n<div class=\"vp-portfolio__item-img-wrap\">\n    <div class=\"vp-portfolio__item-img\">\n            <a\n        href=\"https:\/\/www.lucernatv.cz\/wp-content\/uploads\/2021\/01\/KALETA_vyber-praci__Stra\u0301nka_03.jpeg\"\n            >\n    \n        <img decoding=\"async\" width=\"1920\" height=\"1358\" src=\"https:\/\/www.lucernatv.cz\/wp-content\/uploads\/2021\/01\/KALETA_vyber-praci__Stra\u0301nka_03.jpeg\" class=\"wp-image-595\" alt=\"\" srcset=\"https:\/\/www.lucernatv.cz\/wp-content\/uploads\/2021\/01\/KALETA_vyber-praci__Stra\u0301nka_03.jpeg 2000w, https:\/\/www.lucernatv.cz\/wp-content\/uploads\/2021\/01\/KALETA_vyber-praci__Stra\u0301nka_03-300x212.jpeg 300w, https:\/\/www.lucernatv.cz\/wp-content\/uploads\/2021\/01\/KALETA_vyber-praci__Stra\u0301nka_03-768x543.jpeg 768w, https:\/\/www.lucernatv.cz\/wp-content\/uploads\/2021\/01\/KALETA_vyber-praci__Stra\u0301nka_03-1527x1080.jpeg 1527w, https:\/\/www.lucernatv.cz\/wp-content\/uploads\/2021\/01\/KALETA_vyber-praci__Stra\u0301nka_03-100x71.jpeg 100w, https:\/\/www.lucernatv.cz\/wp-content\/uploads\/2021\/01\/KALETA_vyber-praci__Stra\u0301nka_03-1200x849.jpeg 1200w\" sizes=\"(max-width: 1920px) 100vw, 1920px\" \/>\n        <\/a>    <\/div>\n<\/div>\n\n<figcaption class=\"vp-portfolio__item-overlay vp-portfolio__item-overlay-text-align-center\">\n    <div class=\"vp-portfolio__item-meta-wrap vp-portfolio__custom-scrollbar\">\n            <a\n        href=\"https:\/\/www.lucernatv.cz\/wp-content\/uploads\/2021\/01\/KALETA_vyber-praci__Stra\u0301nka_03.jpeg\"\n        tabindex=\"-1\" class=\"vp-portfolio__item-meta\"     >\n    \n        \n<h2 class=\"vp-portfolio__item-meta-title\">\n    Matou\u0161 Kaleta \u2013 Portfolio 2<\/h2>\n\n        <\/a>    <\/div>\n<\/figcaption>\n            <\/figure>\n                    <\/div>\n        \n        <div        class=\"vp-portfolio__item-wrap vp-portfolio__item-uid-516cee3a\" data-vp-filter=\"\"         >\n            <template class=\"vp-portfolio__item-popup\" data-vp-popup-img=\"https:\/\/www.lucernatv.cz\/wp-content\/uploads\/2021\/01\/KALETA_vyber-praci__Stra\u0301nka_04.jpeg\" data-vp-popup-img-srcset=\"https:\/\/www.lucernatv.cz\/wp-content\/uploads\/2021\/01\/KALETA_vyber-praci__Stra\u0301nka_04.jpeg 2000w, https:\/\/www.lucernatv.cz\/wp-content\/uploads\/2021\/01\/KALETA_vyber-praci__Stra\u0301nka_04-300x212.jpeg 300w, https:\/\/www.lucernatv.cz\/wp-content\/uploads\/2021\/01\/KALETA_vyber-praci__Stra\u0301nka_04-768x543.jpeg 768w, https:\/\/www.lucernatv.cz\/wp-content\/uploads\/2021\/01\/KALETA_vyber-praci__Stra\u0301nka_04-1527x1080.jpeg 1527w, https:\/\/www.lucernatv.cz\/wp-content\/uploads\/2021\/01\/KALETA_vyber-praci__Stra\u0301nka_04-100x71.jpeg 100w, https:\/\/www.lucernatv.cz\/wp-content\/uploads\/2021\/01\/KALETA_vyber-praci__Stra\u0301nka_04-1200x849.jpeg 1200w\" data-vp-popup-img-size=\"1920x1358\" data-vp-popup-md-img=\"https:\/\/www.lucernatv.cz\/wp-content\/uploads\/2021\/01\/KALETA_vyber-praci__Stra\u0301nka_04.jpeg\" data-vp-popup-md-img-size=\"800x566\" data-vp-popup-sm-img=\"https:\/\/www.lucernatv.cz\/wp-content\/uploads\/2021\/01\/KALETA_vyber-praci__Stra\u0301nka_04.jpeg\" data-vp-popup-sm-img-size=\"500x354\">\n            <h3 class=\"vp-portfolio__item-popup-title\">Matou\u0161 Kaleta \u2013 Portfolio 3<\/h3>\n        <\/template>\n                        <figure class=\"vp-portfolio__item\">\n                \n<div class=\"vp-portfolio__item-img-wrap\">\n    <div class=\"vp-portfolio__item-img\">\n            <a\n        href=\"https:\/\/www.lucernatv.cz\/wp-content\/uploads\/2021\/01\/KALETA_vyber-praci__Stra\u0301nka_04.jpeg\"\n            >\n    \n        <img decoding=\"async\" width=\"1920\" height=\"1358\" src=\"https:\/\/www.lucernatv.cz\/wp-content\/uploads\/2021\/01\/KALETA_vyber-praci__Stra\u0301nka_04.jpeg\" class=\"wp-image-596\" alt=\"\" srcset=\"https:\/\/www.lucernatv.cz\/wp-content\/uploads\/2021\/01\/KALETA_vyber-praci__Stra\u0301nka_04.jpeg 2000w, https:\/\/www.lucernatv.cz\/wp-content\/uploads\/2021\/01\/KALETA_vyber-praci__Stra\u0301nka_04-300x212.jpeg 300w, https:\/\/www.lucernatv.cz\/wp-content\/uploads\/2021\/01\/KALETA_vyber-praci__Stra\u0301nka_04-768x543.jpeg 768w, https:\/\/www.lucernatv.cz\/wp-content\/uploads\/2021\/01\/KALETA_vyber-praci__Stra\u0301nka_04-1527x1080.jpeg 1527w, https:\/\/www.lucernatv.cz\/wp-content\/uploads\/2021\/01\/KALETA_vyber-praci__Stra\u0301nka_04-100x71.jpeg 100w, https:\/\/www.lucernatv.cz\/wp-content\/uploads\/2021\/01\/KALETA_vyber-praci__Stra\u0301nka_04-1200x849.jpeg 1200w\" sizes=\"(max-width: 1920px) 100vw, 1920px\" \/>\n        <\/a>    <\/div>\n<\/div>\n\n<figcaption class=\"vp-portfolio__item-overlay vp-portfolio__item-overlay-text-align-center\">\n    <div class=\"vp-portfolio__item-meta-wrap vp-portfolio__custom-scrollbar\">\n            <a\n        href=\"https:\/\/www.lucernatv.cz\/wp-content\/uploads\/2021\/01\/KALETA_vyber-praci__Stra\u0301nka_04.jpeg\"\n        tabindex=\"-1\" class=\"vp-portfolio__item-meta\"     >\n    \n        \n<h2 class=\"vp-portfolio__item-meta-title\">\n    Matou\u0161 Kaleta \u2013 Portfolio 3<\/h2>\n\n        <\/a>    <\/div>\n<\/figcaption>\n            <\/figure>\n                    <\/div>\n        \n        <div        class=\"vp-portfolio__item-wrap vp-portfolio__item-uid-bbbce615\" data-vp-filter=\"\"         >\n            <template class=\"vp-portfolio__item-popup\" data-vp-popup-img=\"https:\/\/www.lucernatv.cz\/wp-content\/uploads\/2021\/01\/KALETA_vyber-praci__Stra\u0301nka_05.jpeg\" data-vp-popup-img-srcset=\"https:\/\/www.lucernatv.cz\/wp-content\/uploads\/2021\/01\/KALETA_vyber-praci__Stra\u0301nka_05.jpeg 2000w, https:\/\/www.lucernatv.cz\/wp-content\/uploads\/2021\/01\/KALETA_vyber-praci__Stra\u0301nka_05-300x212.jpeg 300w, https:\/\/www.lucernatv.cz\/wp-content\/uploads\/2021\/01\/KALETA_vyber-praci__Stra\u0301nka_05-768x543.jpeg 768w, https:\/\/www.lucernatv.cz\/wp-content\/uploads\/2021\/01\/KALETA_vyber-praci__Stra\u0301nka_05-1527x1080.jpeg 1527w, https:\/\/www.lucernatv.cz\/wp-content\/uploads\/2021\/01\/KALETA_vyber-praci__Stra\u0301nka_05-100x71.jpeg 100w, https:\/\/www.lucernatv.cz\/wp-content\/uploads\/2021\/01\/KALETA_vyber-praci__Stra\u0301nka_05-1200x849.jpeg 1200w\" data-vp-popup-img-size=\"1920x1358\" data-vp-popup-md-img=\"https:\/\/www.lucernatv.cz\/wp-content\/uploads\/2021\/01\/KALETA_vyber-praci__Stra\u0301nka_05.jpeg\" data-vp-popup-md-img-size=\"800x566\" data-vp-popup-sm-img=\"https:\/\/www.lucernatv.cz\/wp-content\/uploads\/2021\/01\/KALETA_vyber-praci__Stra\u0301nka_05.jpeg\" data-vp-popup-sm-img-size=\"500x354\">\n            <h3 class=\"vp-portfolio__item-popup-title\">Matou\u0161 Kaleta \u2013 Portfolio 4<\/h3>\n        <\/template>\n                        <figure class=\"vp-portfolio__item\">\n                \n<div class=\"vp-portfolio__item-img-wrap\">\n    <div class=\"vp-portfolio__item-img\">\n            <a\n        href=\"https:\/\/www.lucernatv.cz\/wp-content\/uploads\/2021\/01\/KALETA_vyber-praci__Stra\u0301nka_05.jpeg\"\n            >\n    \n        <img decoding=\"async\" width=\"1920\" height=\"1358\" src=\"https:\/\/www.lucernatv.cz\/wp-content\/uploads\/2021\/01\/KALETA_vyber-praci__Stra\u0301nka_05.jpeg\" class=\"wp-image-597\" alt=\"\" srcset=\"https:\/\/www.lucernatv.cz\/wp-content\/uploads\/2021\/01\/KALETA_vyber-praci__Stra\u0301nka_05.jpeg 2000w, https:\/\/www.lucernatv.cz\/wp-content\/uploads\/2021\/01\/KALETA_vyber-praci__Stra\u0301nka_05-300x212.jpeg 300w, https:\/\/www.lucernatv.cz\/wp-content\/uploads\/2021\/01\/KALETA_vyber-praci__Stra\u0301nka_05-768x543.jpeg 768w, https:\/\/www.lucernatv.cz\/wp-content\/uploads\/2021\/01\/KALETA_vyber-praci__Stra\u0301nka_05-1527x1080.jpeg 1527w, https:\/\/www.lucernatv.cz\/wp-content\/uploads\/2021\/01\/KALETA_vyber-praci__Stra\u0301nka_05-100x71.jpeg 100w, https:\/\/www.lucernatv.cz\/wp-content\/uploads\/2021\/01\/KALETA_vyber-praci__Stra\u0301nka_05-1200x849.jpeg 1200w\" sizes=\"(max-width: 1920px) 100vw, 1920px\" \/>\n        <\/a>    <\/div>\n<\/div>\n\n<figcaption class=\"vp-portfolio__item-overlay vp-portfolio__item-overlay-text-align-center\">\n    <div class=\"vp-portfolio__item-meta-wrap vp-portfolio__custom-scrollbar\">\n            <a\n        href=\"https:\/\/www.lucernatv.cz\/wp-content\/uploads\/2021\/01\/KALETA_vyber-praci__Stra\u0301nka_05.jpeg\"\n        tabindex=\"-1\" class=\"vp-portfolio__item-meta\"     >\n    \n        \n<h2 class=\"vp-portfolio__item-meta-title\">\n    Matou\u0161 Kaleta \u2013 Portfolio 4<\/h2>\n\n        <\/a>    <\/div>\n<\/figcaption>\n            <\/figure>\n                    <\/div>\n        \n        <div        class=\"vp-portfolio__item-wrap vp-portfolio__item-uid-93bf9ce1\" data-vp-filter=\"\"         >\n            <template class=\"vp-portfolio__item-popup\" data-vp-popup-img=\"https:\/\/www.lucernatv.cz\/wp-content\/uploads\/2021\/01\/KALETA_vyber-praci__Stra\u0301nka_06.jpeg\" data-vp-popup-img-srcset=\"https:\/\/www.lucernatv.cz\/wp-content\/uploads\/2021\/01\/KALETA_vyber-praci__Stra\u0301nka_06.jpeg 2000w, https:\/\/www.lucernatv.cz\/wp-content\/uploads\/2021\/01\/KALETA_vyber-praci__Stra\u0301nka_06-300x212.jpeg 300w, https:\/\/www.lucernatv.cz\/wp-content\/uploads\/2021\/01\/KALETA_vyber-praci__Stra\u0301nka_06-768x543.jpeg 768w, https:\/\/www.lucernatv.cz\/wp-content\/uploads\/2021\/01\/KALETA_vyber-praci__Stra\u0301nka_06-1527x1080.jpeg 1527w, https:\/\/www.lucernatv.cz\/wp-content\/uploads\/2021\/01\/KALETA_vyber-praci__Stra\u0301nka_06-100x71.jpeg 100w, https:\/\/www.lucernatv.cz\/wp-content\/uploads\/2021\/01\/KALETA_vyber-praci__Stra\u0301nka_06-1200x849.jpeg 1200w\" data-vp-popup-img-size=\"1920x1358\" data-vp-popup-md-img=\"https:\/\/www.lucernatv.cz\/wp-content\/uploads\/2021\/01\/KALETA_vyber-praci__Stra\u0301nka_06.jpeg\" data-vp-popup-md-img-size=\"800x566\" data-vp-popup-sm-img=\"https:\/\/www.lucernatv.cz\/wp-content\/uploads\/2021\/01\/KALETA_vyber-praci__Stra\u0301nka_06.jpeg\" data-vp-popup-sm-img-size=\"500x354\">\n            <h3 class=\"vp-portfolio__item-popup-title\">Matou\u0161 Kaleta \u2013 Portfolio 5<\/h3>\n        <\/template>\n                        <figure class=\"vp-portfolio__item\">\n                \n<div class=\"vp-portfolio__item-img-wrap\">\n    <div class=\"vp-portfolio__item-img\">\n            <a\n        href=\"https:\/\/www.lucernatv.cz\/wp-content\/uploads\/2021\/01\/KALETA_vyber-praci__Stra\u0301nka_06.jpeg\"\n            >\n    \n        <img decoding=\"async\" width=\"1920\" height=\"1358\" src=\"https:\/\/www.lucernatv.cz\/wp-content\/uploads\/2021\/01\/KALETA_vyber-praci__Stra\u0301nka_06.jpeg\" class=\"wp-image-598\" alt=\"\" srcset=\"https:\/\/www.lucernatv.cz\/wp-content\/uploads\/2021\/01\/KALETA_vyber-praci__Stra\u0301nka_06.jpeg 2000w, https:\/\/www.lucernatv.cz\/wp-content\/uploads\/2021\/01\/KALETA_vyber-praci__Stra\u0301nka_06-300x212.jpeg 300w, https:\/\/www.lucernatv.cz\/wp-content\/uploads\/2021\/01\/KALETA_vyber-praci__Stra\u0301nka_06-768x543.jpeg 768w, https:\/\/www.lucernatv.cz\/wp-content\/uploads\/2021\/01\/KALETA_vyber-praci__Stra\u0301nka_06-1527x1080.jpeg 1527w, https:\/\/www.lucernatv.cz\/wp-content\/uploads\/2021\/01\/KALETA_vyber-praci__Stra\u0301nka_06-100x71.jpeg 100w, https:\/\/www.lucernatv.cz\/wp-content\/uploads\/2021\/01\/KALETA_vyber-praci__Stra\u0301nka_06-1200x849.jpeg 1200w\" sizes=\"(max-width: 1920px) 100vw, 1920px\" \/>\n        <\/a>    <\/div>\n<\/div>\n\n<figcaption class=\"vp-portfolio__item-overlay vp-portfolio__item-overlay-text-align-center\">\n    <div class=\"vp-portfolio__item-meta-wrap vp-portfolio__custom-scrollbar\">\n            <a\n        href=\"https:\/\/www.lucernatv.cz\/wp-content\/uploads\/2021\/01\/KALETA_vyber-praci__Stra\u0301nka_06.jpeg\"\n        tabindex=\"-1\" class=\"vp-portfolio__item-meta\"     >\n    \n        \n<h2 class=\"vp-portfolio__item-meta-title\">\n    Matou\u0161 Kaleta \u2013 Portfolio 5<\/h2>\n\n        <\/a>    <\/div>\n<\/figcaption>\n            <\/figure>\n                    <\/div>\n        \n        <div        class=\"vp-portfolio__item-wrap vp-portfolio__item-uid-f60d0399\" data-vp-filter=\"\"         >\n            <template class=\"vp-portfolio__item-popup\" data-vp-popup-img=\"https:\/\/www.lucernatv.cz\/wp-content\/uploads\/2021\/01\/KALETA_vyber-praci__Stra\u0301nka_07.jpeg\" data-vp-popup-img-srcset=\"https:\/\/www.lucernatv.cz\/wp-content\/uploads\/2021\/01\/KALETA_vyber-praci__Stra\u0301nka_07.jpeg 2000w, https:\/\/www.lucernatv.cz\/wp-content\/uploads\/2021\/01\/KALETA_vyber-praci__Stra\u0301nka_07-300x212.jpeg 300w, https:\/\/www.lucernatv.cz\/wp-content\/uploads\/2021\/01\/KALETA_vyber-praci__Stra\u0301nka_07-768x543.jpeg 768w, https:\/\/www.lucernatv.cz\/wp-content\/uploads\/2021\/01\/KALETA_vyber-praci__Stra\u0301nka_07-1527x1080.jpeg 1527w, https:\/\/www.lucernatv.cz\/wp-content\/uploads\/2021\/01\/KALETA_vyber-praci__Stra\u0301nka_07-100x71.jpeg 100w, https:\/\/www.lucernatv.cz\/wp-content\/uploads\/2021\/01\/KALETA_vyber-praci__Stra\u0301nka_07-1200x849.jpeg 1200w\" data-vp-popup-img-size=\"1920x1358\" data-vp-popup-md-img=\"https:\/\/www.lucernatv.cz\/wp-content\/uploads\/2021\/01\/KALETA_vyber-praci__Stra\u0301nka_07.jpeg\" data-vp-popup-md-img-size=\"800x566\" data-vp-popup-sm-img=\"https:\/\/www.lucernatv.cz\/wp-content\/uploads\/2021\/01\/KALETA_vyber-praci__Stra\u0301nka_07.jpeg\" data-vp-popup-sm-img-size=\"500x354\">\n            <h3 class=\"vp-portfolio__item-popup-title\">Matou\u0161 Kaleta \u2013 Portfolio 6<\/h3>\n        <\/template>\n                        <figure class=\"vp-portfolio__item\">\n                \n<div class=\"vp-portfolio__item-img-wrap\">\n    <div class=\"vp-portfolio__item-img\">\n            <a\n        href=\"https:\/\/www.lucernatv.cz\/wp-content\/uploads\/2021\/01\/KALETA_vyber-praci__Stra\u0301nka_07.jpeg\"\n            >\n    \n        <img decoding=\"async\" width=\"1920\" height=\"1358\" src=\"https:\/\/www.lucernatv.cz\/wp-content\/uploads\/2021\/01\/KALETA_vyber-praci__Stra\u0301nka_07.jpeg\" class=\"wp-image-599\" alt=\"\" srcset=\"https:\/\/www.lucernatv.cz\/wp-content\/uploads\/2021\/01\/KALETA_vyber-praci__Stra\u0301nka_07.jpeg 2000w, https:\/\/www.lucernatv.cz\/wp-content\/uploads\/2021\/01\/KALETA_vyber-praci__Stra\u0301nka_07-300x212.jpeg 300w, https:\/\/www.lucernatv.cz\/wp-content\/uploads\/2021\/01\/KALETA_vyber-praci__Stra\u0301nka_07-768x543.jpeg 768w, https:\/\/www.lucernatv.cz\/wp-content\/uploads\/2021\/01\/KALETA_vyber-praci__Stra\u0301nka_07-1527x1080.jpeg 1527w, https:\/\/www.lucernatv.cz\/wp-content\/uploads\/2021\/01\/KALETA_vyber-praci__Stra\u0301nka_07-100x71.jpeg 100w, https:\/\/www.lucernatv.cz\/wp-content\/uploads\/2021\/01\/KALETA_vyber-praci__Stra\u0301nka_07-1200x849.jpeg 1200w\" sizes=\"(max-width: 1920px) 100vw, 1920px\" \/>\n        <\/a>    <\/div>\n<\/div>\n\n<figcaption class=\"vp-portfolio__item-overlay vp-portfolio__item-overlay-text-align-center\">\n    <div class=\"vp-portfolio__item-meta-wrap vp-portfolio__custom-scrollbar\">\n            <a\n        href=\"https:\/\/www.lucernatv.cz\/wp-content\/uploads\/2021\/01\/KALETA_vyber-praci__Stra\u0301nka_07.jpeg\"\n        tabindex=\"-1\" class=\"vp-portfolio__item-meta\"     >\n    \n        \n<h2 class=\"vp-portfolio__item-meta-title\">\n    Matou\u0161 Kaleta \u2013 Portfolio 6<\/h2>\n\n        <\/a>    <\/div>\n<\/figcaption>\n            <\/figure>\n                    <\/div>\n        \n        <div        class=\"vp-portfolio__item-wrap vp-portfolio__item-uid-e4e9d948\" data-vp-filter=\"\"         >\n            <template class=\"vp-portfolio__item-popup\" data-vp-popup-img=\"https:\/\/www.lucernatv.cz\/wp-content\/uploads\/2021\/01\/KALETA_vyber-praci__Stra\u0301nka_08.jpeg\" data-vp-popup-img-srcset=\"https:\/\/www.lucernatv.cz\/wp-content\/uploads\/2021\/01\/KALETA_vyber-praci__Stra\u0301nka_08.jpeg 2000w, https:\/\/www.lucernatv.cz\/wp-content\/uploads\/2021\/01\/KALETA_vyber-praci__Stra\u0301nka_08-300x212.jpeg 300w, https:\/\/www.lucernatv.cz\/wp-content\/uploads\/2021\/01\/KALETA_vyber-praci__Stra\u0301nka_08-768x543.jpeg 768w, https:\/\/www.lucernatv.cz\/wp-content\/uploads\/2021\/01\/KALETA_vyber-praci__Stra\u0301nka_08-1527x1080.jpeg 1527w, https:\/\/www.lucernatv.cz\/wp-content\/uploads\/2021\/01\/KALETA_vyber-praci__Stra\u0301nka_08-100x71.jpeg 100w, https:\/\/www.lucernatv.cz\/wp-content\/uploads\/2021\/01\/KALETA_vyber-praci__Stra\u0301nka_08-1200x849.jpeg 1200w\" data-vp-popup-img-size=\"1920x1358\" data-vp-popup-md-img=\"https:\/\/www.lucernatv.cz\/wp-content\/uploads\/2021\/01\/KALETA_vyber-praci__Stra\u0301nka_08.jpeg\" data-vp-popup-md-img-size=\"800x566\" data-vp-popup-sm-img=\"https:\/\/www.lucernatv.cz\/wp-content\/uploads\/2021\/01\/KALETA_vyber-praci__Stra\u0301nka_08.jpeg\" data-vp-popup-sm-img-size=\"500x354\">\n            <h3 class=\"vp-portfolio__item-popup-title\">Matou\u0161 Kaleta \u2013 Portfolio 7<\/h3>\n        <\/template>\n                        <figure class=\"vp-portfolio__item\">\n                \n<div class=\"vp-portfolio__item-img-wrap\">\n    <div class=\"vp-portfolio__item-img\">\n            <a\n        href=\"https:\/\/www.lucernatv.cz\/wp-content\/uploads\/2021\/01\/KALETA_vyber-praci__Stra\u0301nka_08.jpeg\"\n            >\n    \n        <img decoding=\"async\" width=\"1920\" height=\"1358\" src=\"https:\/\/www.lucernatv.cz\/wp-content\/uploads\/2021\/01\/KALETA_vyber-praci__Stra\u0301nka_08.jpeg\" class=\"wp-image-600\" alt=\"\" srcset=\"https:\/\/www.lucernatv.cz\/wp-content\/uploads\/2021\/01\/KALETA_vyber-praci__Stra\u0301nka_08.jpeg 2000w, https:\/\/www.lucernatv.cz\/wp-content\/uploads\/2021\/01\/KALETA_vyber-praci__Stra\u0301nka_08-300x212.jpeg 300w, https:\/\/www.lucernatv.cz\/wp-content\/uploads\/2021\/01\/KALETA_vyber-praci__Stra\u0301nka_08-768x543.jpeg 768w, https:\/\/www.lucernatv.cz\/wp-content\/uploads\/2021\/01\/KALETA_vyber-praci__Stra\u0301nka_08-1527x1080.jpeg 1527w, https:\/\/www.lucernatv.cz\/wp-content\/uploads\/2021\/01\/KALETA_vyber-praci__Stra\u0301nka_08-100x71.jpeg 100w, https:\/\/www.lucernatv.cz\/wp-content\/uploads\/2021\/01\/KALETA_vyber-praci__Stra\u0301nka_08-1200x849.jpeg 1200w\" sizes=\"(max-width: 1920px) 100vw, 1920px\" \/>\n        <\/a>    <\/div>\n<\/div>\n\n<figcaption class=\"vp-portfolio__item-overlay vp-portfolio__item-overlay-text-align-center\">\n    <div class=\"vp-portfolio__item-meta-wrap vp-portfolio__custom-scrollbar\">\n            <a\n        href=\"https:\/\/www.lucernatv.cz\/wp-content\/uploads\/2021\/01\/KALETA_vyber-praci__Stra\u0301nka_08.jpeg\"\n        tabindex=\"-1\" class=\"vp-portfolio__item-meta\"     >\n    \n        \n<h2 class=\"vp-portfolio__item-meta-title\">\n    Matou\u0161 Kaleta \u2013 Portfolio 7<\/h2>\n\n        <\/a>    <\/div>\n<\/figcaption>\n            <\/figure>\n                    <\/div>\n        \n        <div        class=\"vp-portfolio__item-wrap vp-portfolio__item-uid-cb8df988\" data-vp-filter=\"\"         >\n            <template class=\"vp-portfolio__item-popup\" data-vp-popup-img=\"https:\/\/www.lucernatv.cz\/wp-content\/uploads\/2021\/01\/KALETA_vyber-praci__Stra\u0301nka_09.jpeg\" data-vp-popup-img-srcset=\"https:\/\/www.lucernatv.cz\/wp-content\/uploads\/2021\/01\/KALETA_vyber-praci__Stra\u0301nka_09.jpeg 2000w, https:\/\/www.lucernatv.cz\/wp-content\/uploads\/2021\/01\/KALETA_vyber-praci__Stra\u0301nka_09-300x212.jpeg 300w, https:\/\/www.lucernatv.cz\/wp-content\/uploads\/2021\/01\/KALETA_vyber-praci__Stra\u0301nka_09-768x543.jpeg 768w, https:\/\/www.lucernatv.cz\/wp-content\/uploads\/2021\/01\/KALETA_vyber-praci__Stra\u0301nka_09-1527x1080.jpeg 1527w, https:\/\/www.lucernatv.cz\/wp-content\/uploads\/2021\/01\/KALETA_vyber-praci__Stra\u0301nka_09-100x71.jpeg 100w, https:\/\/www.lucernatv.cz\/wp-content\/uploads\/2021\/01\/KALETA_vyber-praci__Stra\u0301nka_09-1200x849.jpeg 1200w\" data-vp-popup-img-size=\"1920x1358\" data-vp-popup-md-img=\"https:\/\/www.lucernatv.cz\/wp-content\/uploads\/2021\/01\/KALETA_vyber-praci__Stra\u0301nka_09.jpeg\" data-vp-popup-md-img-size=\"800x566\" data-vp-popup-sm-img=\"https:\/\/www.lucernatv.cz\/wp-content\/uploads\/2021\/01\/KALETA_vyber-praci__Stra\u0301nka_09.jpeg\" data-vp-popup-sm-img-size=\"500x354\">\n            <h3 class=\"vp-portfolio__item-popup-title\">Matou\u0161 Kaleta \u2013 Portfolio 8<\/h3>\n        <\/template>\n                        <figure class=\"vp-portfolio__item\">\n                \n<div class=\"vp-portfolio__item-img-wrap\">\n    <div class=\"vp-portfolio__item-img\">\n            <a\n        href=\"https:\/\/www.lucernatv.cz\/wp-content\/uploads\/2021\/01\/KALETA_vyber-praci__Stra\u0301nka_09.jpeg\"\n            >\n    \n        <img decoding=\"async\" width=\"1920\" height=\"1358\" src=\"https:\/\/www.lucernatv.cz\/wp-content\/uploads\/2021\/01\/KALETA_vyber-praci__Stra\u0301nka_09.jpeg\" class=\"wp-image-601\" alt=\"\" srcset=\"https:\/\/www.lucernatv.cz\/wp-content\/uploads\/2021\/01\/KALETA_vyber-praci__Stra\u0301nka_09.jpeg 2000w, https:\/\/www.lucernatv.cz\/wp-content\/uploads\/2021\/01\/KALETA_vyber-praci__Stra\u0301nka_09-300x212.jpeg 300w, https:\/\/www.lucernatv.cz\/wp-content\/uploads\/2021\/01\/KALETA_vyber-praci__Stra\u0301nka_09-768x543.jpeg 768w, https:\/\/www.lucernatv.cz\/wp-content\/uploads\/2021\/01\/KALETA_vyber-praci__Stra\u0301nka_09-1527x1080.jpeg 1527w, https:\/\/www.lucernatv.cz\/wp-content\/uploads\/2021\/01\/KALETA_vyber-praci__Stra\u0301nka_09-100x71.jpeg 100w, https:\/\/www.lucernatv.cz\/wp-content\/uploads\/2021\/01\/KALETA_vyber-praci__Stra\u0301nka_09-1200x849.jpeg 1200w\" sizes=\"(max-width: 1920px) 100vw, 1920px\" \/>\n        <\/a>    <\/div>\n<\/div>\n\n<figcaption class=\"vp-portfolio__item-overlay vp-portfolio__item-overlay-text-align-center\">\n    <div class=\"vp-portfolio__item-meta-wrap vp-portfolio__custom-scrollbar\">\n            <a\n        href=\"https:\/\/www.lucernatv.cz\/wp-content\/uploads\/2021\/01\/KALETA_vyber-praci__Stra\u0301nka_09.jpeg\"\n        tabindex=\"-1\" class=\"vp-portfolio__item-meta\"     >\n    \n        \n<h2 class=\"vp-portfolio__item-meta-title\">\n    Matou\u0161 Kaleta \u2013 Portfolio 8<\/h2>\n\n        <\/a>    <\/div>\n<\/figcaption>\n            <\/figure>\n                    <\/div>\n        \n        <div        class=\"vp-portfolio__item-wrap vp-portfolio__item-uid-ea38cf57\" data-vp-filter=\"\"         >\n            <template class=\"vp-portfolio__item-popup\" data-vp-popup-img=\"https:\/\/www.lucernatv.cz\/wp-content\/uploads\/2021\/01\/KALETA_vyber-praci__Stra\u0301nka_10.jpeg\" data-vp-popup-img-srcset=\"https:\/\/www.lucernatv.cz\/wp-content\/uploads\/2021\/01\/KALETA_vyber-praci__Stra\u0301nka_10.jpeg 2000w, https:\/\/www.lucernatv.cz\/wp-content\/uploads\/2021\/01\/KALETA_vyber-praci__Stra\u0301nka_10-300x212.jpeg 300w, https:\/\/www.lucernatv.cz\/wp-content\/uploads\/2021\/01\/KALETA_vyber-praci__Stra\u0301nka_10-768x543.jpeg 768w, https:\/\/www.lucernatv.cz\/wp-content\/uploads\/2021\/01\/KALETA_vyber-praci__Stra\u0301nka_10-1527x1080.jpeg 1527w, https:\/\/www.lucernatv.cz\/wp-content\/uploads\/2021\/01\/KALETA_vyber-praci__Stra\u0301nka_10-100x71.jpeg 100w, https:\/\/www.lucernatv.cz\/wp-content\/uploads\/2021\/01\/KALETA_vyber-praci__Stra\u0301nka_10-1200x849.jpeg 1200w\" data-vp-popup-img-size=\"1920x1358\" data-vp-popup-md-img=\"https:\/\/www.lucernatv.cz\/wp-content\/uploads\/2021\/01\/KALETA_vyber-praci__Stra\u0301nka_10.jpeg\" data-vp-popup-md-img-size=\"800x566\" data-vp-popup-sm-img=\"https:\/\/www.lucernatv.cz\/wp-content\/uploads\/2021\/01\/KALETA_vyber-praci__Stra\u0301nka_10.jpeg\" data-vp-popup-sm-img-size=\"500x354\">\n            <h3 class=\"vp-portfolio__item-popup-title\">Matou\u0161 Kaleta \u2013 Portfolio 9<\/h3>\n        <\/template>\n                        <figure class=\"vp-portfolio__item\">\n                \n<div class=\"vp-portfolio__item-img-wrap\">\n    <div class=\"vp-portfolio__item-img\">\n            <a\n        href=\"https:\/\/www.lucernatv.cz\/wp-content\/uploads\/2021\/01\/KALETA_vyber-praci__Stra\u0301nka_10.jpeg\"\n            >\n    \n        <img decoding=\"async\" width=\"1920\" height=\"1358\" src=\"https:\/\/www.lucernatv.cz\/wp-content\/uploads\/2021\/01\/KALETA_vyber-praci__Stra\u0301nka_10.jpeg\" class=\"wp-image-602\" alt=\"\" srcset=\"https:\/\/www.lucernatv.cz\/wp-content\/uploads\/2021\/01\/KALETA_vyber-praci__Stra\u0301nka_10.jpeg 2000w, https:\/\/www.lucernatv.cz\/wp-content\/uploads\/2021\/01\/KALETA_vyber-praci__Stra\u0301nka_10-300x212.jpeg 300w, https:\/\/www.lucernatv.cz\/wp-content\/uploads\/2021\/01\/KALETA_vyber-praci__Stra\u0301nka_10-768x543.jpeg 768w, https:\/\/www.lucernatv.cz\/wp-content\/uploads\/2021\/01\/KALETA_vyber-praci__Stra\u0301nka_10-1527x1080.jpeg 1527w, https:\/\/www.lucernatv.cz\/wp-content\/uploads\/2021\/01\/KALETA_vyber-praci__Stra\u0301nka_10-100x71.jpeg 100w, https:\/\/www.lucernatv.cz\/wp-content\/uploads\/2021\/01\/KALETA_vyber-praci__Stra\u0301nka_10-1200x849.jpeg 1200w\" sizes=\"(max-width: 1920px) 100vw, 1920px\" \/>\n        <\/a>    <\/div>\n<\/div>\n\n<figcaption class=\"vp-portfolio__item-overlay vp-portfolio__item-overlay-text-align-center\">\n    <div class=\"vp-portfolio__item-meta-wrap vp-portfolio__custom-scrollbar\">\n            <a\n        href=\"https:\/\/www.lucernatv.cz\/wp-content\/uploads\/2021\/01\/KALETA_vyber-praci__Stra\u0301nka_10.jpeg\"\n        tabindex=\"-1\" class=\"vp-portfolio__item-meta\"     >\n    \n        \n<h2 class=\"vp-portfolio__item-meta-title\">\n    Matou\u0161 Kaleta \u2013 Portfolio 9<\/h2>\n\n        <\/a>    <\/div>\n<\/figcaption>\n            <\/figure>\n                    <\/div>\n        \n        <div        class=\"vp-portfolio__item-wrap vp-portfolio__item-uid-bb97782e\" data-vp-filter=\"\"         >\n            <template class=\"vp-portfolio__item-popup\" data-vp-popup-img=\"https:\/\/www.lucernatv.cz\/wp-content\/uploads\/2021\/01\/KALETA_vyber-praci__Stra\u0301nka_11.jpeg\" data-vp-popup-img-srcset=\"https:\/\/www.lucernatv.cz\/wp-content\/uploads\/2021\/01\/KALETA_vyber-praci__Stra\u0301nka_11.jpeg 2000w, https:\/\/www.lucernatv.cz\/wp-content\/uploads\/2021\/01\/KALETA_vyber-praci__Stra\u0301nka_11-300x212.jpeg 300w, https:\/\/www.lucernatv.cz\/wp-content\/uploads\/2021\/01\/KALETA_vyber-praci__Stra\u0301nka_11-768x543.jpeg 768w, https:\/\/www.lucernatv.cz\/wp-content\/uploads\/2021\/01\/KALETA_vyber-praci__Stra\u0301nka_11-1527x1080.jpeg 1527w, https:\/\/www.lucernatv.cz\/wp-content\/uploads\/2021\/01\/KALETA_vyber-praci__Stra\u0301nka_11-100x71.jpeg 100w, https:\/\/www.lucernatv.cz\/wp-content\/uploads\/2021\/01\/KALETA_vyber-praci__Stra\u0301nka_11-1200x849.jpeg 1200w\" data-vp-popup-img-size=\"1920x1358\" data-vp-popup-md-img=\"https:\/\/www.lucernatv.cz\/wp-content\/uploads\/2021\/01\/KALETA_vyber-praci__Stra\u0301nka_11.jpeg\" data-vp-popup-md-img-size=\"800x566\" data-vp-popup-sm-img=\"https:\/\/www.lucernatv.cz\/wp-content\/uploads\/2021\/01\/KALETA_vyber-praci__Stra\u0301nka_11.jpeg\" data-vp-popup-sm-img-size=\"500x354\">\n            <h3 class=\"vp-portfolio__item-popup-title\">Matou\u0161 Kaleta \u2013 Portfolio 10<\/h3>\n        <\/template>\n                        <figure class=\"vp-portfolio__item\">\n                \n<div class=\"vp-portfolio__item-img-wrap\">\n    <div class=\"vp-portfolio__item-img\">\n            <a\n        href=\"https:\/\/www.lucernatv.cz\/wp-content\/uploads\/2021\/01\/KALETA_vyber-praci__Stra\u0301nka_11.jpeg\"\n            >\n    \n        <img decoding=\"async\" width=\"1920\" height=\"1358\" src=\"https:\/\/www.lucernatv.cz\/wp-content\/uploads\/2021\/01\/KALETA_vyber-praci__Stra\u0301nka_11.jpeg\" class=\"wp-image-603\" alt=\"\" srcset=\"https:\/\/www.lucernatv.cz\/wp-content\/uploads\/2021\/01\/KALETA_vyber-praci__Stra\u0301nka_11.jpeg 2000w, https:\/\/www.lucernatv.cz\/wp-content\/uploads\/2021\/01\/KALETA_vyber-praci__Stra\u0301nka_11-300x212.jpeg 300w, https:\/\/www.lucernatv.cz\/wp-content\/uploads\/2021\/01\/KALETA_vyber-praci__Stra\u0301nka_11-768x543.jpeg 768w, https:\/\/www.lucernatv.cz\/wp-content\/uploads\/2021\/01\/KALETA_vyber-praci__Stra\u0301nka_11-1527x1080.jpeg 1527w, https:\/\/www.lucernatv.cz\/wp-content\/uploads\/2021\/01\/KALETA_vyber-praci__Stra\u0301nka_11-100x71.jpeg 100w, https:\/\/www.lucernatv.cz\/wp-content\/uploads\/2021\/01\/KALETA_vyber-praci__Stra\u0301nka_11-1200x849.jpeg 1200w\" sizes=\"(max-width: 1920px) 100vw, 1920px\" \/>\n        <\/a>    <\/div>\n<\/div>\n\n<figcaption class=\"vp-portfolio__item-overlay vp-portfolio__item-overlay-text-align-center\">\n    <div class=\"vp-portfolio__item-meta-wrap vp-portfolio__custom-scrollbar\">\n            <a\n        href=\"https:\/\/www.lucernatv.cz\/wp-content\/uploads\/2021\/01\/KALETA_vyber-praci__Stra\u0301nka_11.jpeg\"\n        tabindex=\"-1\" class=\"vp-portfolio__item-meta\"     >\n    \n        \n<h2 class=\"vp-portfolio__item-meta-title\">\n    Matou\u0161 Kaleta \u2013 Portfolio 10<\/h2>\n\n        <\/a>    <\/div>\n<\/figcaption>\n            <\/figure>\n                    <\/div>\n        \n<\/div>\n        <\/div>\n        \n<\/div>\n<\/div>\n\n\n<h5 class=\"wp-block-heading\">Matou\u0161 Kaleta o\u010dima Martina Mikool\u00e1\u0161ka<\/h5>\n\n\n\n<p>Pro kvalitn\u00ed animovanou tvorbu by m\u011bla b\u00fdt v\u017edycky typick\u00e1 hrav\u00e1 nads\u00e1zka, v\u00fdrazn\u00e1 autorsk\u00e1 stylizace stejn\u011b jako smyl pro dramatick\u00fd oblouk a vypointovan\u00fd p\u0159\u00edb\u011bh. V\u0161e v\u00fd\u0161e uveden\u00e9 se u\u010ditel\u00e9 \u0160VP Grafika a animace sna\u017e\u00ed p\u0159ed\u00e1vat sv\u00fdm \u017e\u00e1k\u016fm, mezi kter\u00e9 pat\u0159\u00ed i Matou\u0161 Kaleta. A\u010dkoli ve \u0161koln\u00edm roce 2020\u20132021 studuje teprve ve t\u0159et\u00edm ro\u010dn\u00edku, podle toho, jak p\u0159em\u00fd\u0161l\u00ed a pracuje, je z\u0159ejm\u00e9, \u017ee v\u0161echny podstatn\u00e9 ingredience pro animovanou pr\u00e1ci dok\u00e1\u017ee se spr\u00e1vn\u00e9m pom\u011bru m\u00edchat u\u017e te\u010f. Nebr\u00e1n\u00ed se p\u0159itom ani \u201eklasick\u00e9\u201c rukod\u011bln\u00e9 pr\u00e1ci, bl\u00edzko m\u00e1 i k digit\u00e1ln\u00ed kresb\u011b. Vid\u011bt je to na jeho loutk\u00e1ch, ilustrac\u00edch i komiksech.<\/p>\n","protected":false},"excerpt":{"rendered":"<p>Matou\u0161 Kaleta o\u010dima Martina Mikool\u00e1\u0161ka Pro kvalitn\u00ed animovanou tvorbu by m\u011bla b\u00fdt v\u017edycky typick\u00e1 hrav\u00e1 nads\u00e1zka, v\u00fdrazn\u00e1 autorsk\u00e1 stylizace stejn\u011b jako smyl pro dramatick\u00fd oblouk a vypointovan\u00fd p\u0159\u00edb\u011bh. V\u0161e v\u00fd\u0161e uveden\u00e9 se u\u010ditel\u00e9 \u0160VP Grafika a animace sna\u017e\u00ed p\u0159ed\u00e1vat sv\u00fdm \u017e\u00e1k\u016fm, mezi kter\u00e9 pat\u0159\u00ed i Matou\u0161 Kaleta. A\u010dkoli ve \u0161koln\u00edm roce 2020\u20132021 studuje teprve ve&hellip;&nbsp;<a href=\"https:\/\/www.lucernatv.cz\/index.php\/2021\/02\/11\/30-let-sus-ostrava-matous-kaleta\/\" class=\"\" rel=\"bookmark\">\u010c\u00edst d\u00e1le &raquo;<span class=\"screen-reader-text\">30 let SU\u0160 Ostrava \u2013 Matou\u0161 Kaleta<\/span><\/a><\/p>\n","protected":false},"author":1,"featured_media":593,"comment_status":"closed","ping_status":"open","sticky":false,"template":"","format":"gallery","meta":{"inline_featured_image":false,"_uag_custom_page_level_css":"","neve_meta_sidebar":"","neve_meta_container":"","neve_meta_enable_content_width":"","neve_meta_content_width":0,"neve_meta_title_alignment":"","neve_meta_author_avatar":"","neve_post_elements_order":"","neve_meta_disable_header":"","neve_meta_disable_footer":"","neve_meta_disable_title":"","_vp_format_video_url":"","_vp_image_focal_point":[]},"categories":[3,12],"tags":[31,26],"yoast_head":"<!-- This site is optimized with the Yoast SEO plugin v20.12 - https:\/\/yoast.com\/wordpress\/plugins\/seo\/ -->\n<title>30 let SU\u0160 Ostrava \u2013 Matou\u0161 Kaleta - lucernatv.cz<\/title>\n<meta name=\"robots\" content=\"index, follow, max-snippet:-1, max-image-preview:large, max-video-preview:-1\" \/>\n<link rel=\"canonical\" href=\"https:\/\/www.lucernatv.cz\/index.php\/2021\/02\/11\/30-let-sus-ostrava-matous-kaleta\/\" \/>\n<meta property=\"og:locale\" content=\"cs_CZ\" \/>\n<meta property=\"og:type\" content=\"article\" \/>\n<meta property=\"og:title\" content=\"30 let SU\u0160 Ostrava \u2013 Matou\u0161 Kaleta - lucernatv.cz\" \/>\n<meta property=\"og:description\" content=\"Matou\u0161 Kaleta o\u010dima Martina Mikool\u00e1\u0161ka Pro kvalitn\u00ed animovanou tvorbu by m\u011bla b\u00fdt v\u017edycky typick\u00e1 hrav\u00e1 nads\u00e1zka, v\u00fdrazn\u00e1 autorsk\u00e1 stylizace stejn\u011b jako smyl pro dramatick\u00fd oblouk a vypointovan\u00fd p\u0159\u00edb\u011bh. V\u0161e v\u00fd\u0161e uveden\u00e9 se u\u010ditel\u00e9 \u0160VP Grafika a animace sna\u017e\u00ed p\u0159ed\u00e1vat sv\u00fdm \u017e\u00e1k\u016fm, mezi kter\u00e9 pat\u0159\u00ed i Matou\u0161 Kaleta. A\u010dkoli ve \u0161koln\u00edm roce 2020\u20132021 studuje teprve ve&hellip;&nbsp;\u010c\u00edst d\u00e1le &raquo;30 let SU\u0160 Ostrava \u2013 Matou\u0161 Kaleta\" \/>\n<meta property=\"og:url\" content=\"https:\/\/www.lucernatv.cz\/index.php\/2021\/02\/11\/30-let-sus-ostrava-matous-kaleta\/\" \/>\n<meta property=\"og:site_name\" content=\"lucernatv.cz\" \/>\n<meta property=\"article:publisher\" content=\"https:\/\/www.facebook.com\/avtopava\" \/>\n<meta property=\"article:published_time\" content=\"2021-02-11T12:40:17+00:00\" \/>\n<meta property=\"article:modified_time\" content=\"2021-02-21T22:32:49+00:00\" \/>\n<meta property=\"og:image\" content=\"https:\/\/www.lucernatv.cz\/wp-content\/uploads\/2021\/01\/KALETA_vyber-praci__Stra\u0301nka_01.jpeg\" \/>\n\t<meta property=\"og:image:width\" content=\"2000\" \/>\n\t<meta property=\"og:image:height\" content=\"1415\" \/>\n\t<meta property=\"og:image:type\" content=\"image\/jpeg\" \/>\n<meta name=\"author\" content=\"lucernatvc\" \/>\n<meta name=\"twitter:card\" content=\"summary_large_image\" \/>\n<meta name=\"twitter:label1\" content=\"Napsal(a)\" \/>\n\t<meta name=\"twitter:data1\" content=\"lucernatvc\" \/>\n\t<meta name=\"twitter:label2\" content=\"Odhadovan\u00e1 doba \u010dten\u00ed\" \/>\n\t<meta name=\"twitter:data2\" content=\"1 minuta\" \/>\n<script type=\"application\/ld+json\" class=\"yoast-schema-graph\">{\"@context\":\"https:\/\/schema.org\",\"@graph\":[{\"@type\":\"Article\",\"@id\":\"https:\/\/www.lucernatv.cz\/index.php\/2021\/02\/11\/30-let-sus-ostrava-matous-kaleta\/#article\",\"isPartOf\":{\"@id\":\"https:\/\/www.lucernatv.cz\/index.php\/2021\/02\/11\/30-let-sus-ostrava-matous-kaleta\/\"},\"author\":{\"name\":\"lucernatvc\",\"@id\":\"https:\/\/www.lucernatv.cz\/#\/schema\/person\/fdc6b3778fe63c82ba7479978ad159ad\"},\"headline\":\"30 let SU\u0160 Ostrava \u2013 Matou\u0161 Kaleta\",\"datePublished\":\"2021-02-11T12:40:17+00:00\",\"dateModified\":\"2021-02-21T22:32:49+00:00\",\"mainEntityOfPage\":{\"@id\":\"https:\/\/www.lucernatv.cz\/index.php\/2021\/02\/11\/30-let-sus-ostrava-matous-kaleta\/\"},\"wordCount\":146,\"publisher\":{\"@id\":\"https:\/\/www.lucernatv.cz\/#organization\"},\"keywords\":[\"30 let SU\u0160 Ostrava\",\"galerie\"],\"articleSection\":[\"Kultura\",\"v\u00fdtvarn\u00e9 um\u011bn\u00ed, architektura a ve\u0159ejn\u00fd prostor\"],\"inLanguage\":\"cs\"},{\"@type\":\"WebPage\",\"@id\":\"https:\/\/www.lucernatv.cz\/index.php\/2021\/02\/11\/30-let-sus-ostrava-matous-kaleta\/\",\"url\":\"https:\/\/www.lucernatv.cz\/index.php\/2021\/02\/11\/30-let-sus-ostrava-matous-kaleta\/\",\"name\":\"30 let SU\u0160 Ostrava \u2013 Matou\u0161 Kaleta - lucernatv.cz\",\"isPartOf\":{\"@id\":\"https:\/\/www.lucernatv.cz\/#website\"},\"datePublished\":\"2021-02-11T12:40:17+00:00\",\"dateModified\":\"2021-02-21T22:32:49+00:00\",\"breadcrumb\":{\"@id\":\"https:\/\/www.lucernatv.cz\/index.php\/2021\/02\/11\/30-let-sus-ostrava-matous-kaleta\/#breadcrumb\"},\"inLanguage\":\"cs\",\"potentialAction\":[{\"@type\":\"ReadAction\",\"target\":[\"https:\/\/www.lucernatv.cz\/index.php\/2021\/02\/11\/30-let-sus-ostrava-matous-kaleta\/\"]}]},{\"@type\":\"BreadcrumbList\",\"@id\":\"https:\/\/www.lucernatv.cz\/index.php\/2021\/02\/11\/30-let-sus-ostrava-matous-kaleta\/#breadcrumb\",\"itemListElement\":[{\"@type\":\"ListItem\",\"position\":1,\"name\":\"Dom\u016f\",\"item\":\"https:\/\/www.lucernatv.cz\/\"},{\"@type\":\"ListItem\",\"position\":2,\"name\":\"30 let SU\u0160 Ostrava \u2013 Matou\u0161 Kaleta\"}]},{\"@type\":\"WebSite\",\"@id\":\"https:\/\/www.lucernatv.cz\/#website\",\"url\":\"https:\/\/www.lucernatv.cz\/\",\"name\":\"lucernatv.cz\",\"description\":\"Vzd\u011bl\u00e1vac\u00ed televize\",\"publisher\":{\"@id\":\"https:\/\/www.lucernatv.cz\/#organization\"},\"alternateName\":\"Lucerna TV\",\"potentialAction\":[{\"@type\":\"SearchAction\",\"target\":{\"@type\":\"EntryPoint\",\"urlTemplate\":\"https:\/\/www.lucernatv.cz\/?s={search_term_string}\"},\"query-input\":\"required name=search_term_string\"}],\"inLanguage\":\"cs\"},{\"@type\":\"Organization\",\"@id\":\"https:\/\/www.lucernatv.cz\/#organization\",\"name\":\"Lucerna TV\",\"url\":\"https:\/\/www.lucernatv.cz\/\",\"logo\":{\"@type\":\"ImageObject\",\"inLanguage\":\"cs\",\"@id\":\"https:\/\/www.lucernatv.cz\/#\/schema\/logo\/image\/\",\"url\":\"https:\/\/www.lucernatv.cz\/wp-content\/uploads\/2021\/02\/logo.svg\",\"contentUrl\":\"https:\/\/www.lucernatv.cz\/wp-content\/uploads\/2021\/02\/logo.svg\",\"width\":128,\"height\":41,\"caption\":\"Lucerna TV\"},\"image\":{\"@id\":\"https:\/\/www.lucernatv.cz\/#\/schema\/logo\/image\/\"},\"sameAs\":[\"https:\/\/www.facebook.com\/avtopava\",\"https:\/\/www.youtube.com\/channel\/UCtP8PPWG9JatWSMsKMOvdDg\"]},{\"@type\":\"Person\",\"@id\":\"https:\/\/www.lucernatv.cz\/#\/schema\/person\/fdc6b3778fe63c82ba7479978ad159ad\",\"name\":\"lucernatvc\",\"image\":{\"@type\":\"ImageObject\",\"inLanguage\":\"cs\",\"@id\":\"https:\/\/www.lucernatv.cz\/#\/schema\/person\/image\/\",\"url\":\"https:\/\/secure.gravatar.com\/avatar\/5b7905a95103f5227c1afd8b2a10f058?s=96&d=mm&r=g\",\"contentUrl\":\"https:\/\/secure.gravatar.com\/avatar\/5b7905a95103f5227c1afd8b2a10f058?s=96&d=mm&r=g\",\"caption\":\"lucernatvc\"},\"url\":\"https:\/\/www.lucernatv.cz\/index.php\/author\/lucernatvc\/\"}]}<\/script>\n<!-- \/ Yoast SEO plugin. -->","yoast_head_json":{"title":"30 let SU\u0160 Ostrava \u2013 Matou\u0161 Kaleta - lucernatv.cz","robots":{"index":"index","follow":"follow","max-snippet":"max-snippet:-1","max-image-preview":"max-image-preview:large","max-video-preview":"max-video-preview:-1"},"canonical":"https:\/\/www.lucernatv.cz\/index.php\/2021\/02\/11\/30-let-sus-ostrava-matous-kaleta\/","og_locale":"cs_CZ","og_type":"article","og_title":"30 let SU\u0160 Ostrava \u2013 Matou\u0161 Kaleta - lucernatv.cz","og_description":"Matou\u0161 Kaleta o\u010dima Martina Mikool\u00e1\u0161ka Pro kvalitn\u00ed animovanou tvorbu by m\u011bla b\u00fdt v\u017edycky typick\u00e1 hrav\u00e1 nads\u00e1zka, v\u00fdrazn\u00e1 autorsk\u00e1 stylizace stejn\u011b jako smyl pro dramatick\u00fd oblouk a vypointovan\u00fd p\u0159\u00edb\u011bh. V\u0161e v\u00fd\u0161e uveden\u00e9 se u\u010ditel\u00e9 \u0160VP Grafika a animace sna\u017e\u00ed p\u0159ed\u00e1vat sv\u00fdm \u017e\u00e1k\u016fm, mezi kter\u00e9 pat\u0159\u00ed i Matou\u0161 Kaleta. A\u010dkoli ve \u0161koln\u00edm roce 2020\u20132021 studuje teprve ve&hellip;&nbsp;\u010c\u00edst d\u00e1le &raquo;30 let SU\u0160 Ostrava \u2013 Matou\u0161 Kaleta","og_url":"https:\/\/www.lucernatv.cz\/index.php\/2021\/02\/11\/30-let-sus-ostrava-matous-kaleta\/","og_site_name":"lucernatv.cz","article_publisher":"https:\/\/www.facebook.com\/avtopava","article_published_time":"2021-02-11T12:40:17+00:00","article_modified_time":"2021-02-21T22:32:49+00:00","og_image":[{"width":2000,"height":1415,"url":"https:\/\/www.lucernatv.cz\/wp-content\/uploads\/2021\/01\/KALETA_vyber-praci__Stra\u0301nka_01.jpeg","type":"image\/jpeg"}],"author":"lucernatvc","twitter_card":"summary_large_image","twitter_misc":{"Napsal(a)":"lucernatvc","Odhadovan\u00e1 doba \u010dten\u00ed":"1 minuta"},"schema":{"@context":"https:\/\/schema.org","@graph":[{"@type":"Article","@id":"https:\/\/www.lucernatv.cz\/index.php\/2021\/02\/11\/30-let-sus-ostrava-matous-kaleta\/#article","isPartOf":{"@id":"https:\/\/www.lucernatv.cz\/index.php\/2021\/02\/11\/30-let-sus-ostrava-matous-kaleta\/"},"author":{"name":"lucernatvc","@id":"https:\/\/www.lucernatv.cz\/#\/schema\/person\/fdc6b3778fe63c82ba7479978ad159ad"},"headline":"30 let SU\u0160 Ostrava \u2013 Matou\u0161 Kaleta","datePublished":"2021-02-11T12:40:17+00:00","dateModified":"2021-02-21T22:32:49+00:00","mainEntityOfPage":{"@id":"https:\/\/www.lucernatv.cz\/index.php\/2021\/02\/11\/30-let-sus-ostrava-matous-kaleta\/"},"wordCount":146,"publisher":{"@id":"https:\/\/www.lucernatv.cz\/#organization"},"keywords":["30 let SU\u0160 Ostrava","galerie"],"articleSection":["Kultura","v\u00fdtvarn\u00e9 um\u011bn\u00ed, architektura a ve\u0159ejn\u00fd prostor"],"inLanguage":"cs"},{"@type":"WebPage","@id":"https:\/\/www.lucernatv.cz\/index.php\/2021\/02\/11\/30-let-sus-ostrava-matous-kaleta\/","url":"https:\/\/www.lucernatv.cz\/index.php\/2021\/02\/11\/30-let-sus-ostrava-matous-kaleta\/","name":"30 let SU\u0160 Ostrava \u2013 Matou\u0161 Kaleta - lucernatv.cz","isPartOf":{"@id":"https:\/\/www.lucernatv.cz\/#website"},"datePublished":"2021-02-11T12:40:17+00:00","dateModified":"2021-02-21T22:32:49+00:00","breadcrumb":{"@id":"https:\/\/www.lucernatv.cz\/index.php\/2021\/02\/11\/30-let-sus-ostrava-matous-kaleta\/#breadcrumb"},"inLanguage":"cs","potentialAction":[{"@type":"ReadAction","target":["https:\/\/www.lucernatv.cz\/index.php\/2021\/02\/11\/30-let-sus-ostrava-matous-kaleta\/"]}]},{"@type":"BreadcrumbList","@id":"https:\/\/www.lucernatv.cz\/index.php\/2021\/02\/11\/30-let-sus-ostrava-matous-kaleta\/#breadcrumb","itemListElement":[{"@type":"ListItem","position":1,"name":"Dom\u016f","item":"https:\/\/www.lucernatv.cz\/"},{"@type":"ListItem","position":2,"name":"30 let SU\u0160 Ostrava \u2013 Matou\u0161 Kaleta"}]},{"@type":"WebSite","@id":"https:\/\/www.lucernatv.cz\/#website","url":"https:\/\/www.lucernatv.cz\/","name":"lucernatv.cz","description":"Vzd\u011bl\u00e1vac\u00ed televize","publisher":{"@id":"https:\/\/www.lucernatv.cz\/#organization"},"alternateName":"Lucerna TV","potentialAction":[{"@type":"SearchAction","target":{"@type":"EntryPoint","urlTemplate":"https:\/\/www.lucernatv.cz\/?s={search_term_string}"},"query-input":"required name=search_term_string"}],"inLanguage":"cs"},{"@type":"Organization","@id":"https:\/\/www.lucernatv.cz\/#organization","name":"Lucerna TV","url":"https:\/\/www.lucernatv.cz\/","logo":{"@type":"ImageObject","inLanguage":"cs","@id":"https:\/\/www.lucernatv.cz\/#\/schema\/logo\/image\/","url":"https:\/\/www.lucernatv.cz\/wp-content\/uploads\/2021\/02\/logo.svg","contentUrl":"https:\/\/www.lucernatv.cz\/wp-content\/uploads\/2021\/02\/logo.svg","width":128,"height":41,"caption":"Lucerna TV"},"image":{"@id":"https:\/\/www.lucernatv.cz\/#\/schema\/logo\/image\/"},"sameAs":["https:\/\/www.facebook.com\/avtopava","https:\/\/www.youtube.com\/channel\/UCtP8PPWG9JatWSMsKMOvdDg"]},{"@type":"Person","@id":"https:\/\/www.lucernatv.cz\/#\/schema\/person\/fdc6b3778fe63c82ba7479978ad159ad","name":"lucernatvc","image":{"@type":"ImageObject","inLanguage":"cs","@id":"https:\/\/www.lucernatv.cz\/#\/schema\/person\/image\/","url":"https:\/\/secure.gravatar.com\/avatar\/5b7905a95103f5227c1afd8b2a10f058?s=96&d=mm&r=g","contentUrl":"https:\/\/secure.gravatar.com\/avatar\/5b7905a95103f5227c1afd8b2a10f058?s=96&d=mm&r=g","caption":"lucernatvc"},"url":"https:\/\/www.lucernatv.cz\/index.php\/author\/lucernatvc\/"}]}},"uagb_featured_image_src":{"full":["https:\/\/www.lucernatv.cz\/wp-content\/uploads\/2021\/01\/KALETA_vyber-praci__Stra\u0301nka_01.jpeg",2000,1415,false],"thumbnail":["https:\/\/www.lucernatv.cz\/wp-content\/uploads\/2021\/01\/KALETA_vyber-praci__Stra\u0301nka_01-150x150.jpeg",150,150,true],"medium":["https:\/\/www.lucernatv.cz\/wp-content\/uploads\/2021\/01\/KALETA_vyber-praci__Stra\u0301nka_01-300x212.jpeg",255,180,true],"medium_large":["https:\/\/www.lucernatv.cz\/wp-content\/uploads\/2021\/01\/KALETA_vyber-praci__Stra\u0301nka_01-768x543.jpeg",768,543,true],"large":["https:\/\/www.lucernatv.cz\/wp-content\/uploads\/2021\/01\/KALETA_vyber-praci__Stra\u0301nka_01-1527x1080.jpeg",1200,849,true],"1536x1536":["https:\/\/www.lucernatv.cz\/wp-content\/uploads\/2021\/01\/KALETA_vyber-praci__Stra\u0301nka_01.jpeg",1536,1087,false],"2048x2048":["https:\/\/www.lucernatv.cz\/wp-content\/uploads\/2021\/01\/KALETA_vyber-praci__Stra\u0301nka_01.jpeg",2000,1415,false],"ultp_layout_landscape_large":["https:\/\/www.lucernatv.cz\/wp-content\/uploads\/2021\/01\/KALETA_vyber-praci__Stra\u0301nka_01.jpeg",1131,800,false],"ultp_layout_landscape":["https:\/\/www.lucernatv.cz\/wp-content\/uploads\/2021\/01\/KALETA_vyber-praci__Stra\u0301nka_01.jpeg",806,570,false],"ultp_layout_portrait":["https:\/\/www.lucernatv.cz\/wp-content\/uploads\/2021\/01\/KALETA_vyber-praci__Stra\u0301nka_01.jpeg",600,425,false],"ultp_layout_square":["https:\/\/www.lucernatv.cz\/wp-content\/uploads\/2021\/01\/KALETA_vyber-praci__Stra\u0301nka_01.jpeg",600,425,false],"vp_sm":["https:\/\/www.lucernatv.cz\/wp-content\/uploads\/2021\/01\/KALETA_vyber-praci__Stra\u0301nka_01.jpeg",500,354,false],"vp_md":["https:\/\/www.lucernatv.cz\/wp-content\/uploads\/2021\/01\/KALETA_vyber-praci__Stra\u0301nka_01.jpeg",800,566,false],"vp_lg":["https:\/\/www.lucernatv.cz\/wp-content\/uploads\/2021\/01\/KALETA_vyber-praci__Stra\u0301nka_01.jpeg",1280,906,false],"vp_xl":["https:\/\/www.lucernatv.cz\/wp-content\/uploads\/2021\/01\/KALETA_vyber-praci__Stra\u0301nka_01.jpeg",1920,1358,false],"vp_sm_popup":["https:\/\/www.lucernatv.cz\/wp-content\/uploads\/2021\/01\/KALETA_vyber-praci__Stra\u0301nka_01.jpeg",500,354,false],"vp_md_popup":["https:\/\/www.lucernatv.cz\/wp-content\/uploads\/2021\/01\/KALETA_vyber-praci__Stra\u0301nka_01.jpeg",800,566,false],"vp_xl_popup":["https:\/\/www.lucernatv.cz\/wp-content\/uploads\/2021\/01\/KALETA_vyber-praci__Stra\u0301nka_01.jpeg",1920,1358,false],"neve-blog":["https:\/\/www.lucernatv.cz\/wp-content\/uploads\/2021\/01\/KALETA_vyber-praci__Stra\u0301nka_01.jpeg",876,620,false]},"uagb_author_info":{"display_name":"lucernatvc","author_link":"https:\/\/www.lucernatv.cz\/index.php\/author\/lucernatvc\/"},"uagb_comment_info":0,"uagb_excerpt":"Matou\u0161 Kaleta o\u010dima Martina Mikool\u00e1\u0161ka Pro kvalitn\u00ed animovanou tvorbu by m\u011bla b\u00fdt v\u017edycky typick\u00e1 hrav\u00e1 nads\u00e1zka, v\u00fdrazn\u00e1 autorsk\u00e1 stylizace stejn\u011b jako smyl pro dramatick\u00fd oblouk a vypointovan\u00fd p\u0159\u00edb\u011bh. V\u0161e v\u00fd\u0161e uveden\u00e9 se u\u010ditel\u00e9 \u0160VP Grafika a animace sna\u017e\u00ed p\u0159ed\u00e1vat sv\u00fdm \u017e\u00e1k\u016fm, mezi kter\u00e9 pat\u0159\u00ed i Matou\u0161 Kaleta. A\u010dkoli ve \u0161koln\u00edm roce 2020\u20132021 studuje teprve ve&hellip;&nbsp;\u010c\u00edst&hellip;","_links":{"self":[{"href":"https:\/\/www.lucernatv.cz\/index.php\/wp-json\/wp\/v2\/posts\/938"}],"collection":[{"href":"https:\/\/www.lucernatv.cz\/index.php\/wp-json\/wp\/v2\/posts"}],"about":[{"href":"https:\/\/www.lucernatv.cz\/index.php\/wp-json\/wp\/v2\/types\/post"}],"author":[{"embeddable":true,"href":"https:\/\/www.lucernatv.cz\/index.php\/wp-json\/wp\/v2\/users\/1"}],"replies":[{"embeddable":true,"href":"https:\/\/www.lucernatv.cz\/index.php\/wp-json\/wp\/v2\/comments?post=938"}],"version-history":[{"count":3,"href":"https:\/\/www.lucernatv.cz\/index.php\/wp-json\/wp\/v2\/posts\/938\/revisions"}],"predecessor-version":[{"id":2698,"href":"https:\/\/www.lucernatv.cz\/index.php\/wp-json\/wp\/v2\/posts\/938\/revisions\/2698"}],"wp:featuredmedia":[{"embeddable":true,"href":"https:\/\/www.lucernatv.cz\/index.php\/wp-json\/wp\/v2\/media\/593"}],"wp:attachment":[{"href":"https:\/\/www.lucernatv.cz\/index.php\/wp-json\/wp\/v2\/media?parent=938"}],"wp:term":[{"taxonomy":"category","embeddable":true,"href":"https:\/\/www.lucernatv.cz\/index.php\/wp-json\/wp\/v2\/categories?post=938"},{"taxonomy":"post_tag","embeddable":true,"href":"https:\/\/www.lucernatv.cz\/index.php\/wp-json\/wp\/v2\/tags?post=938"}],"curies":[{"name":"wp","href":"https:\/\/api.w.org\/{rel}","templated":true}]}}