{"id":932,"date":"2021-02-11T12:28:51","date_gmt":"2021-02-11T12:28:51","guid":{"rendered":"https:\/\/www.lucernatv.cz\/?p=932"},"modified":"2021-02-17T23:37:37","modified_gmt":"2021-02-17T23:37:37","slug":"30-let-sus-ostrava-zuzana-sekerova","status":"publish","type":"post","link":"https:\/\/www.lucernatv.cz\/index.php\/2021\/02\/11\/30-let-sus-ostrava-zuzana-sekerova\/","title":{"rendered":"30 let SU\u0160 Ostrava \u2013 Zuzana Sekerov\u00e1"},"content":{"rendered":"<div class=\"wp-block-visual-portfolio\">\n<div class=\"vp-portfolio vp-uid-a8429eea vp-id-9161c\"\n    data-vp-layout=\"masonry\" data-vp-content-source=\"images\" data-vp-items-style=\"fly\" data-vp-items-click-action=\"popup_gallery\" data-vp-items-gap=\"15\" data-vp-items-gap-vertical=\"\" data-vp-pagination=\"load-more\" data-vp-next-page-url=\"\" data-vp-masonry-columns=\"3\" >\n    <div class=\"vp-portfolio__preloader-wrap\">\n        <div class=\"vp-portfolio__preloader\">\n            <img decoding=\"async\" loading=\"eager\" src=\"https:\/\/www.lucernatv.cz\/wp-content\/plugins\/visual-portfolio\/assets\/images\/logo-dark.svg\" alt=\"Visual Portfolio, Posts &amp; Image Gallery for WordPress\" width=\"20\" height=\"20\" data-skip-lazy>\n        <\/div>\n    <\/div>\n        <div class=\"vp-portfolio__items-wrap\">\n            \n<div class=\"vp-portfolio__items vp-portfolio__items-style-fly vp-portfolio__items-show-overlay-hover\">\n\n        <div        class=\"vp-portfolio__item-wrap vp-portfolio__item-uid-c18d9f76\" data-vp-filter=\"\"         >\n            <template class=\"vp-portfolio__item-popup\" data-vp-popup-img=\"https:\/\/www.lucernatv.cz\/wp-content\/uploads\/2021\/01\/autoportr\u0082t_1.jpeg\" data-vp-popup-img-srcset=\"https:\/\/www.lucernatv.cz\/wp-content\/uploads\/2021\/01\/autoportr\u0082t_1.jpeg 1657w, https:\/\/www.lucernatv.cz\/wp-content\/uploads\/2021\/01\/autoportr\u0082t_1-249x300.jpeg 249w, https:\/\/www.lucernatv.cz\/wp-content\/uploads\/2021\/01\/autoportr\u0082t_1-768x927.jpeg 768w, https:\/\/www.lucernatv.cz\/wp-content\/uploads\/2021\/01\/autoportr\u0082t_1-895x1080.jpeg 895w, https:\/\/www.lucernatv.cz\/wp-content\/uploads\/2021\/01\/autoportr\u0082t_1-100x121.jpeg 100w, https:\/\/www.lucernatv.cz\/wp-content\/uploads\/2021\/01\/autoportr\u0082t_1-1200x1448.jpeg 1200w\" data-vp-popup-img-size=\"1657x2000\" data-vp-popup-md-img=\"https:\/\/www.lucernatv.cz\/wp-content\/uploads\/2021\/01\/autoportr\u0082t_1.jpeg\" data-vp-popup-md-img-size=\"800x966\" data-vp-popup-sm-img=\"https:\/\/www.lucernatv.cz\/wp-content\/uploads\/2021\/01\/autoportr\u0082t_1.jpeg\" data-vp-popup-sm-img-size=\"500x604\">\n            <h3 class=\"vp-portfolio__item-popup-title\">Zuzana Sekerov\u00e1 \u2013 Autoportr\u00e9t 1<\/h3>\n        <\/template>\n                        <figure class=\"vp-portfolio__item\">\n                \n<div class=\"vp-portfolio__item-img-wrap\">\n    <div class=\"vp-portfolio__item-img\">\n            <a\n        href=\"https:\/\/www.lucernatv.cz\/wp-content\/uploads\/2021\/01\/autoportr\u0082t_1.jpeg\"\n            >\n    \n        <img decoding=\"async\" width=\"1657\" height=\"2000\" src=\"https:\/\/www.lucernatv.cz\/wp-content\/uploads\/2021\/01\/autoportr\u0082t_1.jpeg\" class=\"wp-image-685\" alt=\"\" srcset=\"https:\/\/www.lucernatv.cz\/wp-content\/uploads\/2021\/01\/autoportr\u0082t_1.jpeg 1657w, https:\/\/www.lucernatv.cz\/wp-content\/uploads\/2021\/01\/autoportr\u0082t_1-249x300.jpeg 249w, https:\/\/www.lucernatv.cz\/wp-content\/uploads\/2021\/01\/autoportr\u0082t_1-768x927.jpeg 768w, https:\/\/www.lucernatv.cz\/wp-content\/uploads\/2021\/01\/autoportr\u0082t_1-895x1080.jpeg 895w, https:\/\/www.lucernatv.cz\/wp-content\/uploads\/2021\/01\/autoportr\u0082t_1-100x121.jpeg 100w, https:\/\/www.lucernatv.cz\/wp-content\/uploads\/2021\/01\/autoportr\u0082t_1-1200x1448.jpeg 1200w\" sizes=\"(max-width: 1657px) 100vw, 1657px\" \/>\n        <\/a>    <\/div>\n<\/div>\n\n<figcaption class=\"vp-portfolio__item-overlay vp-portfolio__item-overlay-text-align-center\">\n    <div class=\"vp-portfolio__item-meta-wrap vp-portfolio__custom-scrollbar\">\n            <a\n        href=\"https:\/\/www.lucernatv.cz\/wp-content\/uploads\/2021\/01\/autoportr\u0082t_1.jpeg\"\n        tabindex=\"-1\" class=\"vp-portfolio__item-meta\"     >\n    \n        \n<h2 class=\"vp-portfolio__item-meta-title\">\n    Zuzana Sekerov\u00e1 \u2013 Autoportr\u00e9t 1<\/h2>\n\n        <\/a>    <\/div>\n<\/figcaption>\n            <\/figure>\n                    <\/div>\n        \n        <div        class=\"vp-portfolio__item-wrap vp-portfolio__item-uid-e038a9a9\" data-vp-filter=\"\"         >\n            <template class=\"vp-portfolio__item-popup\" data-vp-popup-img=\"https:\/\/www.lucernatv.cz\/wp-content\/uploads\/2021\/01\/autoportr\u0082t_2.jpeg\" data-vp-popup-img-srcset=\"https:\/\/www.lucernatv.cz\/wp-content\/uploads\/2021\/01\/autoportr\u0082t_2.jpeg 1732w, https:\/\/www.lucernatv.cz\/wp-content\/uploads\/2021\/01\/autoportr\u0082t_2-260x300.jpeg 260w, https:\/\/www.lucernatv.cz\/wp-content\/uploads\/2021\/01\/autoportr\u0082t_2-768x887.jpeg 768w, https:\/\/www.lucernatv.cz\/wp-content\/uploads\/2021\/01\/autoportr\u0082t_2-935x1080.jpeg 935w, https:\/\/www.lucernatv.cz\/wp-content\/uploads\/2021\/01\/autoportr\u0082t_2-100x115.jpeg 100w, https:\/\/www.lucernatv.cz\/wp-content\/uploads\/2021\/01\/autoportr\u0082t_2-1200x1386.jpeg 1200w\" data-vp-popup-img-size=\"1732x2000\" data-vp-popup-md-img=\"https:\/\/www.lucernatv.cz\/wp-content\/uploads\/2021\/01\/autoportr\u0082t_2.jpeg\" data-vp-popup-md-img-size=\"800x924\" data-vp-popup-sm-img=\"https:\/\/www.lucernatv.cz\/wp-content\/uploads\/2021\/01\/autoportr\u0082t_2.jpeg\" data-vp-popup-sm-img-size=\"500x577\">\n            <h3 class=\"vp-portfolio__item-popup-title\">Zuzana Sekerov\u00e1 \u2013 Autoportr\u00e9t 2<\/h3>\n        <\/template>\n                        <figure class=\"vp-portfolio__item\">\n                \n<div class=\"vp-portfolio__item-img-wrap\">\n    <div class=\"vp-portfolio__item-img\">\n            <a\n        href=\"https:\/\/www.lucernatv.cz\/wp-content\/uploads\/2021\/01\/autoportr\u0082t_2.jpeg\"\n            >\n    \n        <img decoding=\"async\" width=\"1732\" height=\"2000\" src=\"https:\/\/www.lucernatv.cz\/wp-content\/uploads\/2021\/01\/autoportr\u0082t_2.jpeg\" class=\"wp-image-686\" alt=\"\" srcset=\"https:\/\/www.lucernatv.cz\/wp-content\/uploads\/2021\/01\/autoportr\u0082t_2.jpeg 1732w, https:\/\/www.lucernatv.cz\/wp-content\/uploads\/2021\/01\/autoportr\u0082t_2-260x300.jpeg 260w, https:\/\/www.lucernatv.cz\/wp-content\/uploads\/2021\/01\/autoportr\u0082t_2-768x887.jpeg 768w, https:\/\/www.lucernatv.cz\/wp-content\/uploads\/2021\/01\/autoportr\u0082t_2-935x1080.jpeg 935w, https:\/\/www.lucernatv.cz\/wp-content\/uploads\/2021\/01\/autoportr\u0082t_2-100x115.jpeg 100w, https:\/\/www.lucernatv.cz\/wp-content\/uploads\/2021\/01\/autoportr\u0082t_2-1200x1386.jpeg 1200w\" sizes=\"(max-width: 1732px) 100vw, 1732px\" \/>\n        <\/a>    <\/div>\n<\/div>\n\n<figcaption class=\"vp-portfolio__item-overlay vp-portfolio__item-overlay-text-align-center\">\n    <div class=\"vp-portfolio__item-meta-wrap vp-portfolio__custom-scrollbar\">\n            <a\n        href=\"https:\/\/www.lucernatv.cz\/wp-content\/uploads\/2021\/01\/autoportr\u0082t_2.jpeg\"\n        tabindex=\"-1\" class=\"vp-portfolio__item-meta\"     >\n    \n        \n<h2 class=\"vp-portfolio__item-meta-title\">\n    Zuzana Sekerov\u00e1 \u2013 Autoportr\u00e9t 2<\/h2>\n\n        <\/a>    <\/div>\n<\/figcaption>\n            <\/figure>\n                    <\/div>\n        \n        <div        class=\"vp-portfolio__item-wrap vp-portfolio__item-uid-858a36d1\" data-vp-filter=\"\"         >\n            <template class=\"vp-portfolio__item-popup\" data-vp-popup-img=\"https:\/\/www.lucernatv.cz\/wp-content\/uploads\/2021\/01\/autoportr\u0082t_3.jpeg\" data-vp-popup-img-srcset=\"https:\/\/www.lucernatv.cz\/wp-content\/uploads\/2021\/01\/autoportr\u0082t_3.jpeg 1700w, https:\/\/www.lucernatv.cz\/wp-content\/uploads\/2021\/01\/autoportr\u0082t_3-255x300.jpeg 255w, https:\/\/www.lucernatv.cz\/wp-content\/uploads\/2021\/01\/autoportr\u0082t_3-768x904.jpeg 768w, https:\/\/www.lucernatv.cz\/wp-content\/uploads\/2021\/01\/autoportr\u0082t_3-918x1080.jpeg 918w, https:\/\/www.lucernatv.cz\/wp-content\/uploads\/2021\/01\/autoportr\u0082t_3-100x118.jpeg 100w, https:\/\/www.lucernatv.cz\/wp-content\/uploads\/2021\/01\/autoportr\u0082t_3-1200x1412.jpeg 1200w\" data-vp-popup-img-size=\"1700x2000\" data-vp-popup-md-img=\"https:\/\/www.lucernatv.cz\/wp-content\/uploads\/2021\/01\/autoportr\u0082t_3.jpeg\" data-vp-popup-md-img-size=\"800x941\" data-vp-popup-sm-img=\"https:\/\/www.lucernatv.cz\/wp-content\/uploads\/2021\/01\/autoportr\u0082t_3.jpeg\" data-vp-popup-sm-img-size=\"500x588\">\n            <h3 class=\"vp-portfolio__item-popup-title\">Zuzana Sekerov\u00e1 \u2013 Autoportr\u00e9t 3<\/h3>\n        <\/template>\n                        <figure class=\"vp-portfolio__item\">\n                \n<div class=\"vp-portfolio__item-img-wrap\">\n    <div class=\"vp-portfolio__item-img\">\n            <a\n        href=\"https:\/\/www.lucernatv.cz\/wp-content\/uploads\/2021\/01\/autoportr\u0082t_3.jpeg\"\n            >\n    \n        <img decoding=\"async\" width=\"1700\" height=\"2000\" src=\"https:\/\/www.lucernatv.cz\/wp-content\/uploads\/2021\/01\/autoportr\u0082t_3.jpeg\" class=\"wp-image-687\" alt=\"\" srcset=\"https:\/\/www.lucernatv.cz\/wp-content\/uploads\/2021\/01\/autoportr\u0082t_3.jpeg 1700w, https:\/\/www.lucernatv.cz\/wp-content\/uploads\/2021\/01\/autoportr\u0082t_3-255x300.jpeg 255w, https:\/\/www.lucernatv.cz\/wp-content\/uploads\/2021\/01\/autoportr\u0082t_3-768x904.jpeg 768w, https:\/\/www.lucernatv.cz\/wp-content\/uploads\/2021\/01\/autoportr\u0082t_3-918x1080.jpeg 918w, https:\/\/www.lucernatv.cz\/wp-content\/uploads\/2021\/01\/autoportr\u0082t_3-100x118.jpeg 100w, https:\/\/www.lucernatv.cz\/wp-content\/uploads\/2021\/01\/autoportr\u0082t_3-1200x1412.jpeg 1200w\" sizes=\"(max-width: 1700px) 100vw, 1700px\" \/>\n        <\/a>    <\/div>\n<\/div>\n\n<figcaption class=\"vp-portfolio__item-overlay vp-portfolio__item-overlay-text-align-center\">\n    <div class=\"vp-portfolio__item-meta-wrap vp-portfolio__custom-scrollbar\">\n            <a\n        href=\"https:\/\/www.lucernatv.cz\/wp-content\/uploads\/2021\/01\/autoportr\u0082t_3.jpeg\"\n        tabindex=\"-1\" class=\"vp-portfolio__item-meta\"     >\n    \n        \n<h2 class=\"vp-portfolio__item-meta-title\">\n    Zuzana Sekerov\u00e1 \u2013 Autoportr\u00e9t 3<\/h2>\n\n        <\/a>    <\/div>\n<\/figcaption>\n            <\/figure>\n                    <\/div>\n        \n        <div        class=\"vp-portfolio__item-wrap vp-portfolio__item-uid-ad894c25\" data-vp-filter=\"\"         >\n            <template class=\"vp-portfolio__item-popup\" data-vp-popup-img=\"https:\/\/www.lucernatv.cz\/wp-content\/uploads\/2021\/01\/autoportr\u0082t_4-1.jpeg\" data-vp-popup-img-srcset=\"https:\/\/www.lucernatv.cz\/wp-content\/uploads\/2021\/01\/autoportr\u0082t_4-1.jpeg 2000w, https:\/\/www.lucernatv.cz\/wp-content\/uploads\/2021\/01\/autoportr\u0082t_4-1-300x205.jpeg 300w, https:\/\/www.lucernatv.cz\/wp-content\/uploads\/2021\/01\/autoportr\u0082t_4-1-768x524.jpeg 768w, https:\/\/www.lucernatv.cz\/wp-content\/uploads\/2021\/01\/autoportr\u0082t_4-1-1584x1080.jpeg 1584w, https:\/\/www.lucernatv.cz\/wp-content\/uploads\/2021\/01\/autoportr\u0082t_4-1-100x68.jpeg 100w, https:\/\/www.lucernatv.cz\/wp-content\/uploads\/2021\/01\/autoportr\u0082t_4-1-1200x818.jpeg 1200w\" data-vp-popup-img-size=\"1920x1309\" data-vp-popup-md-img=\"https:\/\/www.lucernatv.cz\/wp-content\/uploads\/2021\/01\/autoportr\u0082t_4-1.jpeg\" data-vp-popup-md-img-size=\"800x546\" data-vp-popup-sm-img=\"https:\/\/www.lucernatv.cz\/wp-content\/uploads\/2021\/01\/autoportr\u0082t_4-1.jpeg\" data-vp-popup-sm-img-size=\"500x341\">\n            <h3 class=\"vp-portfolio__item-popup-title\">Zuzana Sekerov\u00e1 \u2013 Autoportr\u00e9t 4<\/h3>\n        <\/template>\n                        <figure class=\"vp-portfolio__item\">\n                \n<div class=\"vp-portfolio__item-img-wrap\">\n    <div class=\"vp-portfolio__item-img\">\n            <a\n        href=\"https:\/\/www.lucernatv.cz\/wp-content\/uploads\/2021\/01\/autoportr\u0082t_4-1.jpeg\"\n            >\n    \n        <img decoding=\"async\" width=\"1920\" height=\"1309\" src=\"https:\/\/www.lucernatv.cz\/wp-content\/uploads\/2021\/01\/autoportr\u0082t_4-1.jpeg\" class=\"wp-image-688\" alt=\"\" srcset=\"https:\/\/www.lucernatv.cz\/wp-content\/uploads\/2021\/01\/autoportr\u0082t_4-1.jpeg 2000w, https:\/\/www.lucernatv.cz\/wp-content\/uploads\/2021\/01\/autoportr\u0082t_4-1-300x205.jpeg 300w, https:\/\/www.lucernatv.cz\/wp-content\/uploads\/2021\/01\/autoportr\u0082t_4-1-768x524.jpeg 768w, https:\/\/www.lucernatv.cz\/wp-content\/uploads\/2021\/01\/autoportr\u0082t_4-1-1584x1080.jpeg 1584w, https:\/\/www.lucernatv.cz\/wp-content\/uploads\/2021\/01\/autoportr\u0082t_4-1-100x68.jpeg 100w, https:\/\/www.lucernatv.cz\/wp-content\/uploads\/2021\/01\/autoportr\u0082t_4-1-1200x818.jpeg 1200w\" sizes=\"(max-width: 1920px) 100vw, 1920px\" \/>\n        <\/a>    <\/div>\n<\/div>\n\n<figcaption class=\"vp-portfolio__item-overlay vp-portfolio__item-overlay-text-align-center\">\n    <div class=\"vp-portfolio__item-meta-wrap vp-portfolio__custom-scrollbar\">\n            <a\n        href=\"https:\/\/www.lucernatv.cz\/wp-content\/uploads\/2021\/01\/autoportr\u0082t_4-1.jpeg\"\n        tabindex=\"-1\" class=\"vp-portfolio__item-meta\"     >\n    \n        \n<h2 class=\"vp-portfolio__item-meta-title\">\n    Zuzana Sekerov\u00e1 \u2013 Autoportr\u00e9t 4<\/h2>\n\n        <\/a>    <\/div>\n<\/figcaption>\n            <\/figure>\n                    <\/div>\n        \n        <div        class=\"vp-portfolio__item-wrap vp-portfolio__item-uid-294545dd\" data-vp-filter=\"\"         >\n            <template class=\"vp-portfolio__item-popup\" data-vp-popup-img=\"https:\/\/www.lucernatv.cz\/wp-content\/uploads\/2021\/01\/odraz_1.jpeg\" data-vp-popup-img-srcset=\"https:\/\/www.lucernatv.cz\/wp-content\/uploads\/2021\/01\/odraz_1.jpeg 2000w, https:\/\/www.lucernatv.cz\/wp-content\/uploads\/2021\/01\/odraz_1-300x213.jpeg 300w, https:\/\/www.lucernatv.cz\/wp-content\/uploads\/2021\/01\/odraz_1-768x545.jpeg 768w, https:\/\/www.lucernatv.cz\/wp-content\/uploads\/2021\/01\/odraz_1-1522x1080.jpeg 1522w, https:\/\/www.lucernatv.cz\/wp-content\/uploads\/2021\/01\/odraz_1-100x71.jpeg 100w, https:\/\/www.lucernatv.cz\/wp-content\/uploads\/2021\/01\/odraz_1-1200x851.jpeg 1200w\" data-vp-popup-img-size=\"1920x1362\" data-vp-popup-md-img=\"https:\/\/www.lucernatv.cz\/wp-content\/uploads\/2021\/01\/odraz_1.jpeg\" data-vp-popup-md-img-size=\"800x568\" data-vp-popup-sm-img=\"https:\/\/www.lucernatv.cz\/wp-content\/uploads\/2021\/01\/odraz_1.jpeg\" data-vp-popup-sm-img-size=\"500x355\">\n            <h3 class=\"vp-portfolio__item-popup-title\">Zuzana Sekerov\u00e1 \u2013 Odraz<\/h3>\n        <\/template>\n                        <figure class=\"vp-portfolio__item\">\n                \n<div class=\"vp-portfolio__item-img-wrap\">\n    <div class=\"vp-portfolio__item-img\">\n            <a\n        href=\"https:\/\/www.lucernatv.cz\/wp-content\/uploads\/2021\/01\/odraz_1.jpeg\"\n            >\n    \n        <img decoding=\"async\" width=\"1920\" height=\"1362\" src=\"https:\/\/www.lucernatv.cz\/wp-content\/uploads\/2021\/01\/odraz_1.jpeg\" class=\"wp-image-698\" alt=\"\" srcset=\"https:\/\/www.lucernatv.cz\/wp-content\/uploads\/2021\/01\/odraz_1.jpeg 2000w, https:\/\/www.lucernatv.cz\/wp-content\/uploads\/2021\/01\/odraz_1-300x213.jpeg 300w, https:\/\/www.lucernatv.cz\/wp-content\/uploads\/2021\/01\/odraz_1-768x545.jpeg 768w, https:\/\/www.lucernatv.cz\/wp-content\/uploads\/2021\/01\/odraz_1-1522x1080.jpeg 1522w, https:\/\/www.lucernatv.cz\/wp-content\/uploads\/2021\/01\/odraz_1-100x71.jpeg 100w, https:\/\/www.lucernatv.cz\/wp-content\/uploads\/2021\/01\/odraz_1-1200x851.jpeg 1200w\" sizes=\"(max-width: 1920px) 100vw, 1920px\" \/>\n        <\/a>    <\/div>\n<\/div>\n\n<figcaption class=\"vp-portfolio__item-overlay vp-portfolio__item-overlay-text-align-center\">\n    <div class=\"vp-portfolio__item-meta-wrap vp-portfolio__custom-scrollbar\">\n            <a\n        href=\"https:\/\/www.lucernatv.cz\/wp-content\/uploads\/2021\/01\/odraz_1.jpeg\"\n        tabindex=\"-1\" class=\"vp-portfolio__item-meta\"     >\n    \n        \n<h2 class=\"vp-portfolio__item-meta-title\">\n    Zuzana Sekerov\u00e1 \u2013 Odraz<\/h2>\n\n        <\/a>    <\/div>\n<\/figcaption>\n            <\/figure>\n                    <\/div>\n        \n        <div        class=\"vp-portfolio__item-wrap vp-portfolio__item-uid-ffe5236f\" data-vp-filter=\"\"         >\n            <template class=\"vp-portfolio__item-popup\" data-vp-popup-img=\"https:\/\/www.lucernatv.cz\/wp-content\/uploads\/2021\/01\/figur-ln\u00a1-kompozice_2.jpeg\" data-vp-popup-img-srcset=\"https:\/\/www.lucernatv.cz\/wp-content\/uploads\/2021\/01\/figur-ln\u00a1-kompozice_2.jpeg 1402w, https:\/\/www.lucernatv.cz\/wp-content\/uploads\/2021\/01\/figur-ln\u00a1-kompozice_2-210x300.jpeg 210w, https:\/\/www.lucernatv.cz\/wp-content\/uploads\/2021\/01\/figur-ln\u00a1-kompozice_2-768x1096.jpeg 768w, https:\/\/www.lucernatv.cz\/wp-content\/uploads\/2021\/01\/figur-ln\u00a1-kompozice_2-757x1080.jpeg 757w, https:\/\/www.lucernatv.cz\/wp-content\/uploads\/2021\/01\/figur-ln\u00a1-kompozice_2-100x143.jpeg 100w, https:\/\/www.lucernatv.cz\/wp-content\/uploads\/2021\/01\/figur-ln\u00a1-kompozice_2-1200x1712.jpeg 1200w\" data-vp-popup-img-size=\"1402x2000\" data-vp-popup-md-img=\"https:\/\/www.lucernatv.cz\/wp-content\/uploads\/2021\/01\/figur-ln\u00a1-kompozice_2.jpeg\" data-vp-popup-md-img-size=\"800x1141\" data-vp-popup-sm-img=\"https:\/\/www.lucernatv.cz\/wp-content\/uploads\/2021\/01\/figur-ln\u00a1-kompozice_2.jpeg\" data-vp-popup-sm-img-size=\"500x713\">\n            <h3 class=\"vp-portfolio__item-popup-title\">Zuzana Sekerov\u00e1 \u2013 Figur\u00e1ln\u00ed kompozice 1<\/h3>\n        <\/template>\n                        <figure class=\"vp-portfolio__item\">\n                \n<div class=\"vp-portfolio__item-img-wrap\">\n    <div class=\"vp-portfolio__item-img\">\n            <a\n        href=\"https:\/\/www.lucernatv.cz\/wp-content\/uploads\/2021\/01\/figur-ln\u00a1-kompozice_2.jpeg\"\n            >\n    \n        <img decoding=\"async\" width=\"1402\" height=\"2000\" src=\"https:\/\/www.lucernatv.cz\/wp-content\/uploads\/2021\/01\/figur-ln\u00a1-kompozice_2.jpeg\" class=\"wp-image-689\" alt=\"\" srcset=\"https:\/\/www.lucernatv.cz\/wp-content\/uploads\/2021\/01\/figur-ln\u00a1-kompozice_2.jpeg 1402w, https:\/\/www.lucernatv.cz\/wp-content\/uploads\/2021\/01\/figur-ln\u00a1-kompozice_2-210x300.jpeg 210w, https:\/\/www.lucernatv.cz\/wp-content\/uploads\/2021\/01\/figur-ln\u00a1-kompozice_2-768x1096.jpeg 768w, https:\/\/www.lucernatv.cz\/wp-content\/uploads\/2021\/01\/figur-ln\u00a1-kompozice_2-757x1080.jpeg 757w, https:\/\/www.lucernatv.cz\/wp-content\/uploads\/2021\/01\/figur-ln\u00a1-kompozice_2-100x143.jpeg 100w, https:\/\/www.lucernatv.cz\/wp-content\/uploads\/2021\/01\/figur-ln\u00a1-kompozice_2-1200x1712.jpeg 1200w\" sizes=\"(max-width: 1402px) 100vw, 1402px\" \/>\n        <\/a>    <\/div>\n<\/div>\n\n<figcaption class=\"vp-portfolio__item-overlay vp-portfolio__item-overlay-text-align-center\">\n    <div class=\"vp-portfolio__item-meta-wrap vp-portfolio__custom-scrollbar\">\n            <a\n        href=\"https:\/\/www.lucernatv.cz\/wp-content\/uploads\/2021\/01\/figur-ln\u00a1-kompozice_2.jpeg\"\n        tabindex=\"-1\" class=\"vp-portfolio__item-meta\"     >\n    \n        \n<h2 class=\"vp-portfolio__item-meta-title\">\n    Zuzana Sekerov\u00e1 \u2013 Figur\u00e1ln\u00ed kompozice 1<\/h2>\n\n        <\/a>    <\/div>\n<\/figcaption>\n            <\/figure>\n                    <\/div>\n        \n        <div        class=\"vp-portfolio__item-wrap vp-portfolio__item-uid-5d97d41a\" data-vp-filter=\"\"         >\n            <template class=\"vp-portfolio__item-popup\" data-vp-popup-img=\"https:\/\/www.lucernatv.cz\/wp-content\/uploads\/2021\/01\/z-tic\u0327\u00a1_2.jpeg\" data-vp-popup-img-srcset=\"https:\/\/www.lucernatv.cz\/wp-content\/uploads\/2021\/01\/z-tic\u0327\u00a1_2.jpeg 2000w, https:\/\/www.lucernatv.cz\/wp-content\/uploads\/2021\/01\/z-tic\u0327\u00a1_2-300x194.jpeg 300w, https:\/\/www.lucernatv.cz\/wp-content\/uploads\/2021\/01\/z-tic\u0327\u00a1_2-768x497.jpeg 768w, https:\/\/www.lucernatv.cz\/wp-content\/uploads\/2021\/01\/z-tic\u0327\u00a1_2-1668x1080.jpeg 1668w, https:\/\/www.lucernatv.cz\/wp-content\/uploads\/2021\/01\/z-tic\u0327\u00a1_2-100x65.jpeg 100w, https:\/\/www.lucernatv.cz\/wp-content\/uploads\/2021\/01\/z-tic\u0327\u00a1_2-1200x777.jpeg 1200w\" data-vp-popup-img-size=\"1920x1243\" data-vp-popup-md-img=\"https:\/\/www.lucernatv.cz\/wp-content\/uploads\/2021\/01\/z-tic\u0327\u00a1_2.jpeg\" data-vp-popup-md-img-size=\"800x518\" data-vp-popup-sm-img=\"https:\/\/www.lucernatv.cz\/wp-content\/uploads\/2021\/01\/z-tic\u0327\u00a1_2.jpeg\" data-vp-popup-sm-img-size=\"500x324\">\n            <h3 class=\"vp-portfolio__item-popup-title\">Zuzana Sekerov\u00e1 \u2013 Z\u00e1ti\u0161\u00ed 1<\/h3>\n        <\/template>\n                        <figure class=\"vp-portfolio__item\">\n                \n<div class=\"vp-portfolio__item-img-wrap\">\n    <div class=\"vp-portfolio__item-img\">\n            <a\n        href=\"https:\/\/www.lucernatv.cz\/wp-content\/uploads\/2021\/01\/z-tic\u0327\u00a1_2.jpeg\"\n            >\n    \n        <img decoding=\"async\" width=\"1920\" height=\"1243\" src=\"https:\/\/www.lucernatv.cz\/wp-content\/uploads\/2021\/01\/z-tic\u0327\u00a1_2.jpeg\" class=\"wp-image-700\" alt=\"\" srcset=\"https:\/\/www.lucernatv.cz\/wp-content\/uploads\/2021\/01\/z-tic\u0327\u00a1_2.jpeg 2000w, https:\/\/www.lucernatv.cz\/wp-content\/uploads\/2021\/01\/z-tic\u0327\u00a1_2-300x194.jpeg 300w, https:\/\/www.lucernatv.cz\/wp-content\/uploads\/2021\/01\/z-tic\u0327\u00a1_2-768x497.jpeg 768w, https:\/\/www.lucernatv.cz\/wp-content\/uploads\/2021\/01\/z-tic\u0327\u00a1_2-1668x1080.jpeg 1668w, https:\/\/www.lucernatv.cz\/wp-content\/uploads\/2021\/01\/z-tic\u0327\u00a1_2-100x65.jpeg 100w, https:\/\/www.lucernatv.cz\/wp-content\/uploads\/2021\/01\/z-tic\u0327\u00a1_2-1200x777.jpeg 1200w\" sizes=\"(max-width: 1920px) 100vw, 1920px\" \/>\n        <\/a>    <\/div>\n<\/div>\n\n<figcaption class=\"vp-portfolio__item-overlay vp-portfolio__item-overlay-text-align-center\">\n    <div class=\"vp-portfolio__item-meta-wrap vp-portfolio__custom-scrollbar\">\n            <a\n        href=\"https:\/\/www.lucernatv.cz\/wp-content\/uploads\/2021\/01\/z-tic\u0327\u00a1_2.jpeg\"\n        tabindex=\"-1\" class=\"vp-portfolio__item-meta\"     >\n    \n        \n<h2 class=\"vp-portfolio__item-meta-title\">\n    Zuzana Sekerov\u00e1 \u2013 Z\u00e1ti\u0161\u00ed 1<\/h2>\n\n        <\/a>    <\/div>\n<\/figcaption>\n            <\/figure>\n                    <\/div>\n        \n        <div        class=\"vp-portfolio__item-wrap vp-portfolio__item-uid-4cf7daa5\" data-vp-filter=\"\"         >\n            <template class=\"vp-portfolio__item-popup\" data-vp-popup-img=\"https:\/\/www.lucernatv.cz\/wp-content\/uploads\/2021\/01\/z-tic\u0327\u00a1-se-soc\u0327kou.jpeg\" data-vp-popup-img-srcset=\"https:\/\/www.lucernatv.cz\/wp-content\/uploads\/2021\/01\/z-tic\u0327\u00a1-se-soc\u0327kou.jpeg 1272w, https:\/\/www.lucernatv.cz\/wp-content\/uploads\/2021\/01\/z-tic\u0327\u00a1-se-soc\u0327kou-206x300.jpeg 206w, https:\/\/www.lucernatv.cz\/wp-content\/uploads\/2021\/01\/z-tic\u0327\u00a1-se-soc\u0327kou-768x1121.jpeg 768w, https:\/\/www.lucernatv.cz\/wp-content\/uploads\/2021\/01\/z-tic\u0327\u00a1-se-soc\u0327kou-740x1080.jpeg 740w, https:\/\/www.lucernatv.cz\/wp-content\/uploads\/2021\/01\/z-tic\u0327\u00a1-se-soc\u0327kou-100x146.jpeg 100w, https:\/\/www.lucernatv.cz\/wp-content\/uploads\/2021\/01\/z-tic\u0327\u00a1-se-soc\u0327kou-1200x1751.jpeg 1200w\" data-vp-popup-img-size=\"1272x1856\" data-vp-popup-md-img=\"https:\/\/www.lucernatv.cz\/wp-content\/uploads\/2021\/01\/z-tic\u0327\u00a1-se-soc\u0327kou.jpeg\" data-vp-popup-md-img-size=\"800x1167\" data-vp-popup-sm-img=\"https:\/\/www.lucernatv.cz\/wp-content\/uploads\/2021\/01\/z-tic\u0327\u00a1-se-soc\u0327kou.jpeg\" data-vp-popup-sm-img-size=\"500x730\">\n            <h3 class=\"vp-portfolio__item-popup-title\">Zuzana Sekerov\u00e1 \u2013 Made with Square InstaPic 2<\/h3>\n        <\/template>\n                        <figure class=\"vp-portfolio__item\">\n                \n<div class=\"vp-portfolio__item-img-wrap\">\n    <div class=\"vp-portfolio__item-img\">\n            <a\n        href=\"https:\/\/www.lucernatv.cz\/wp-content\/uploads\/2021\/01\/z-tic\u0327\u00a1-se-soc\u0327kou.jpeg\"\n            >\n    \n        <img decoding=\"async\" width=\"1272\" height=\"1856\" src=\"https:\/\/www.lucernatv.cz\/wp-content\/uploads\/2021\/01\/z-tic\u0327\u00a1-se-soc\u0327kou.jpeg\" class=\"wp-image-699\" alt=\"\" srcset=\"https:\/\/www.lucernatv.cz\/wp-content\/uploads\/2021\/01\/z-tic\u0327\u00a1-se-soc\u0327kou.jpeg 1272w, https:\/\/www.lucernatv.cz\/wp-content\/uploads\/2021\/01\/z-tic\u0327\u00a1-se-soc\u0327kou-206x300.jpeg 206w, https:\/\/www.lucernatv.cz\/wp-content\/uploads\/2021\/01\/z-tic\u0327\u00a1-se-soc\u0327kou-768x1121.jpeg 768w, https:\/\/www.lucernatv.cz\/wp-content\/uploads\/2021\/01\/z-tic\u0327\u00a1-se-soc\u0327kou-740x1080.jpeg 740w, https:\/\/www.lucernatv.cz\/wp-content\/uploads\/2021\/01\/z-tic\u0327\u00a1-se-soc\u0327kou-100x146.jpeg 100w, https:\/\/www.lucernatv.cz\/wp-content\/uploads\/2021\/01\/z-tic\u0327\u00a1-se-soc\u0327kou-1200x1751.jpeg 1200w\" sizes=\"(max-width: 1272px) 100vw, 1272px\" \/>\n        <\/a>    <\/div>\n<\/div>\n\n<figcaption class=\"vp-portfolio__item-overlay vp-portfolio__item-overlay-text-align-center\">\n    <div class=\"vp-portfolio__item-meta-wrap vp-portfolio__custom-scrollbar\">\n            <a\n        href=\"https:\/\/www.lucernatv.cz\/wp-content\/uploads\/2021\/01\/z-tic\u0327\u00a1-se-soc\u0327kou.jpeg\"\n        tabindex=\"-1\" class=\"vp-portfolio__item-meta\"     >\n    \n        \n<h2 class=\"vp-portfolio__item-meta-title\">\n    Zuzana Sekerov\u00e1 \u2013 Made with Square InstaPic 2<\/h2>\n\n        <\/a>    <\/div>\n<\/figcaption>\n            <\/figure>\n                    <\/div>\n        \n        <div        class=\"vp-portfolio__item-wrap vp-portfolio__item-uid-6d487257\" data-vp-filter=\"\"         >\n            <template class=\"vp-portfolio__item-popup\" data-vp-popup-img=\"https:\/\/www.lucernatv.cz\/wp-content\/uploads\/2021\/01\/figur-ln\u00a1-kompozice.jpeg\" data-vp-popup-img-srcset=\"https:\/\/www.lucernatv.cz\/wp-content\/uploads\/2021\/01\/figur-ln\u00a1-kompozice.jpeg 2000w, https:\/\/www.lucernatv.cz\/wp-content\/uploads\/2021\/01\/figur-ln\u00a1-kompozice-300x211.jpeg 300w, https:\/\/www.lucernatv.cz\/wp-content\/uploads\/2021\/01\/figur-ln\u00a1-kompozice-768x541.jpeg 768w, https:\/\/www.lucernatv.cz\/wp-content\/uploads\/2021\/01\/figur-ln\u00a1-kompozice-1533x1080.jpeg 1533w, https:\/\/www.lucernatv.cz\/wp-content\/uploads\/2021\/01\/figur-ln\u00a1-kompozice-100x70.jpeg 100w, https:\/\/www.lucernatv.cz\/wp-content\/uploads\/2021\/01\/figur-ln\u00a1-kompozice-1200x845.jpeg 1200w\" data-vp-popup-img-size=\"1920x1353\" data-vp-popup-md-img=\"https:\/\/www.lucernatv.cz\/wp-content\/uploads\/2021\/01\/figur-ln\u00a1-kompozice.jpeg\" data-vp-popup-md-img-size=\"800x564\" data-vp-popup-sm-img=\"https:\/\/www.lucernatv.cz\/wp-content\/uploads\/2021\/01\/figur-ln\u00a1-kompozice.jpeg\" data-vp-popup-sm-img-size=\"500x352\">\n            <h3 class=\"vp-portfolio__item-popup-title\">Zuzana Sekerov\u00e1 \u2013 Figur\u00e1ln\u00ed kompozice 2<\/h3>\n        <\/template>\n                        <figure class=\"vp-portfolio__item\">\n                \n<div class=\"vp-portfolio__item-img-wrap\">\n    <div class=\"vp-portfolio__item-img\">\n            <a\n        href=\"https:\/\/www.lucernatv.cz\/wp-content\/uploads\/2021\/01\/figur-ln\u00a1-kompozice.jpeg\"\n            >\n    \n        <img decoding=\"async\" width=\"1920\" height=\"1353\" src=\"https:\/\/www.lucernatv.cz\/wp-content\/uploads\/2021\/01\/figur-ln\u00a1-kompozice.jpeg\" class=\"wp-image-690\" alt=\"\" srcset=\"https:\/\/www.lucernatv.cz\/wp-content\/uploads\/2021\/01\/figur-ln\u00a1-kompozice.jpeg 2000w, https:\/\/www.lucernatv.cz\/wp-content\/uploads\/2021\/01\/figur-ln\u00a1-kompozice-300x211.jpeg 300w, https:\/\/www.lucernatv.cz\/wp-content\/uploads\/2021\/01\/figur-ln\u00a1-kompozice-768x541.jpeg 768w, https:\/\/www.lucernatv.cz\/wp-content\/uploads\/2021\/01\/figur-ln\u00a1-kompozice-1533x1080.jpeg 1533w, https:\/\/www.lucernatv.cz\/wp-content\/uploads\/2021\/01\/figur-ln\u00a1-kompozice-100x70.jpeg 100w, https:\/\/www.lucernatv.cz\/wp-content\/uploads\/2021\/01\/figur-ln\u00a1-kompozice-1200x845.jpeg 1200w\" sizes=\"(max-width: 1920px) 100vw, 1920px\" \/>\n        <\/a>    <\/div>\n<\/div>\n\n<figcaption class=\"vp-portfolio__item-overlay vp-portfolio__item-overlay-text-align-center\">\n    <div class=\"vp-portfolio__item-meta-wrap vp-portfolio__custom-scrollbar\">\n            <a\n        href=\"https:\/\/www.lucernatv.cz\/wp-content\/uploads\/2021\/01\/figur-ln\u00a1-kompozice.jpeg\"\n        tabindex=\"-1\" class=\"vp-portfolio__item-meta\"     >\n    \n        \n<h2 class=\"vp-portfolio__item-meta-title\">\n    Zuzana Sekerov\u00e1 \u2013 Figur\u00e1ln\u00ed kompozice 2<\/h2>\n\n        <\/a>    <\/div>\n<\/figcaption>\n            <\/figure>\n                    <\/div>\n        \n        <div        class=\"vp-portfolio__item-wrap vp-portfolio__item-uid-4b908091\" data-vp-filter=\"\"         >\n            <template class=\"vp-portfolio__item-popup\" data-vp-popup-img=\"https:\/\/www.lucernatv.cz\/wp-content\/uploads\/2021\/01\/maska.jpeg\" data-vp-popup-img-srcset=\"https:\/\/www.lucernatv.cz\/wp-content\/uploads\/2021\/01\/maska.jpeg 1385w, https:\/\/www.lucernatv.cz\/wp-content\/uploads\/2021\/01\/maska-208x300.jpeg 208w, https:\/\/www.lucernatv.cz\/wp-content\/uploads\/2021\/01\/maska-768x1109.jpeg 768w, https:\/\/www.lucernatv.cz\/wp-content\/uploads\/2021\/01\/maska-748x1080.jpeg 748w, https:\/\/www.lucernatv.cz\/wp-content\/uploads\/2021\/01\/maska-100x144.jpeg 100w, https:\/\/www.lucernatv.cz\/wp-content\/uploads\/2021\/01\/maska-1200x1733.jpeg 1200w\" data-vp-popup-img-size=\"1385x2000\" data-vp-popup-md-img=\"https:\/\/www.lucernatv.cz\/wp-content\/uploads\/2021\/01\/maska.jpeg\" data-vp-popup-md-img-size=\"800x1155\" data-vp-popup-sm-img=\"https:\/\/www.lucernatv.cz\/wp-content\/uploads\/2021\/01\/maska.jpeg\" data-vp-popup-sm-img-size=\"500x722\">\n            <h3 class=\"vp-portfolio__item-popup-title\">Zuzana Sekerov\u00e1 \u2013 Maska<\/h3>\n        <\/template>\n                        <figure class=\"vp-portfolio__item\">\n                \n<div class=\"vp-portfolio__item-img-wrap\">\n    <div class=\"vp-portfolio__item-img\">\n            <a\n        href=\"https:\/\/www.lucernatv.cz\/wp-content\/uploads\/2021\/01\/maska.jpeg\"\n            >\n    \n        <img decoding=\"async\" width=\"1385\" height=\"2000\" src=\"https:\/\/www.lucernatv.cz\/wp-content\/uploads\/2021\/01\/maska.jpeg\" class=\"wp-image-697\" alt=\"\" srcset=\"https:\/\/www.lucernatv.cz\/wp-content\/uploads\/2021\/01\/maska.jpeg 1385w, https:\/\/www.lucernatv.cz\/wp-content\/uploads\/2021\/01\/maska-208x300.jpeg 208w, https:\/\/www.lucernatv.cz\/wp-content\/uploads\/2021\/01\/maska-768x1109.jpeg 768w, https:\/\/www.lucernatv.cz\/wp-content\/uploads\/2021\/01\/maska-748x1080.jpeg 748w, https:\/\/www.lucernatv.cz\/wp-content\/uploads\/2021\/01\/maska-100x144.jpeg 100w, https:\/\/www.lucernatv.cz\/wp-content\/uploads\/2021\/01\/maska-1200x1733.jpeg 1200w\" sizes=\"(max-width: 1385px) 100vw, 1385px\" \/>\n        <\/a>    <\/div>\n<\/div>\n\n<figcaption class=\"vp-portfolio__item-overlay vp-portfolio__item-overlay-text-align-center\">\n    <div class=\"vp-portfolio__item-meta-wrap vp-portfolio__custom-scrollbar\">\n            <a\n        href=\"https:\/\/www.lucernatv.cz\/wp-content\/uploads\/2021\/01\/maska.jpeg\"\n        tabindex=\"-1\" class=\"vp-portfolio__item-meta\"     >\n    \n        \n<h2 class=\"vp-portfolio__item-meta-title\">\n    Zuzana Sekerov\u00e1 \u2013 Maska<\/h2>\n\n        <\/a>    <\/div>\n<\/figcaption>\n            <\/figure>\n                    <\/div>\n        \n        <div        class=\"vp-portfolio__item-wrap vp-portfolio__item-uid-1a3f37e8\" data-vp-filter=\"\"         >\n            <template class=\"vp-portfolio__item-popup\" data-vp-popup-img=\"https:\/\/www.lucernatv.cz\/wp-content\/uploads\/2021\/01\/krajina_tropicki\u0300_sklen\u00a1k.jpeg\" data-vp-popup-img-srcset=\"https:\/\/www.lucernatv.cz\/wp-content\/uploads\/2021\/01\/krajina_tropicki\u0300_sklen\u00a1k.jpeg 1363w, https:\/\/www.lucernatv.cz\/wp-content\/uploads\/2021\/01\/krajina_tropicki\u0300_sklen\u00a1k-204x300.jpeg 204w, https:\/\/www.lucernatv.cz\/wp-content\/uploads\/2021\/01\/krajina_tropicki\u0300_sklen\u00a1k-768x1127.jpeg 768w, https:\/\/www.lucernatv.cz\/wp-content\/uploads\/2021\/01\/krajina_tropicki\u0300_sklen\u00a1k-736x1080.jpeg 736w, https:\/\/www.lucernatv.cz\/wp-content\/uploads\/2021\/01\/krajina_tropicki\u0300_sklen\u00a1k-100x147.jpeg 100w, https:\/\/www.lucernatv.cz\/wp-content\/uploads\/2021\/01\/krajina_tropicki\u0300_sklen\u00a1k-1200x1761.jpeg 1200w\" data-vp-popup-img-size=\"1363x2000\" data-vp-popup-md-img=\"https:\/\/www.lucernatv.cz\/wp-content\/uploads\/2021\/01\/krajina_tropicki\u0300_sklen\u00a1k.jpeg\" data-vp-popup-md-img-size=\"800x1174\" data-vp-popup-sm-img=\"https:\/\/www.lucernatv.cz\/wp-content\/uploads\/2021\/01\/krajina_tropicki\u0300_sklen\u00a1k.jpeg\" data-vp-popup-sm-img-size=\"500x734\">\n            <h3 class=\"vp-portfolio__item-popup-title\">Zuzana Sekerov\u00e1 \u2013 Tropick\u00fd sklen\u00edk<\/h3>\n        <\/template>\n                        <figure class=\"vp-portfolio__item\">\n                \n<div class=\"vp-portfolio__item-img-wrap\">\n    <div class=\"vp-portfolio__item-img\">\n            <a\n        href=\"https:\/\/www.lucernatv.cz\/wp-content\/uploads\/2021\/01\/krajina_tropicki\u0300_sklen\u00a1k.jpeg\"\n            >\n    \n        <img decoding=\"async\" width=\"1363\" height=\"2000\" src=\"https:\/\/www.lucernatv.cz\/wp-content\/uploads\/2021\/01\/krajina_tropicki\u0300_sklen\u00a1k.jpeg\" class=\"wp-image-696\" alt=\"\" srcset=\"https:\/\/www.lucernatv.cz\/wp-content\/uploads\/2021\/01\/krajina_tropicki\u0300_sklen\u00a1k.jpeg 1363w, https:\/\/www.lucernatv.cz\/wp-content\/uploads\/2021\/01\/krajina_tropicki\u0300_sklen\u00a1k-204x300.jpeg 204w, https:\/\/www.lucernatv.cz\/wp-content\/uploads\/2021\/01\/krajina_tropicki\u0300_sklen\u00a1k-768x1127.jpeg 768w, https:\/\/www.lucernatv.cz\/wp-content\/uploads\/2021\/01\/krajina_tropicki\u0300_sklen\u00a1k-736x1080.jpeg 736w, https:\/\/www.lucernatv.cz\/wp-content\/uploads\/2021\/01\/krajina_tropicki\u0300_sklen\u00a1k-100x147.jpeg 100w, https:\/\/www.lucernatv.cz\/wp-content\/uploads\/2021\/01\/krajina_tropicki\u0300_sklen\u00a1k-1200x1761.jpeg 1200w\" sizes=\"(max-width: 1363px) 100vw, 1363px\" \/>\n        <\/a>    <\/div>\n<\/div>\n\n<figcaption class=\"vp-portfolio__item-overlay vp-portfolio__item-overlay-text-align-center\">\n    <div class=\"vp-portfolio__item-meta-wrap vp-portfolio__custom-scrollbar\">\n            <a\n        href=\"https:\/\/www.lucernatv.cz\/wp-content\/uploads\/2021\/01\/krajina_tropicki\u0300_sklen\u00a1k.jpeg\"\n        tabindex=\"-1\" class=\"vp-portfolio__item-meta\"     >\n    \n        \n<h2 class=\"vp-portfolio__item-meta-title\">\n    Zuzana Sekerov\u00e1 \u2013 Tropick\u00fd sklen\u00edk<\/h2>\n\n        <\/a>    <\/div>\n<\/figcaption>\n            <\/figure>\n                    <\/div>\n        \n        <div        class=\"vp-portfolio__item-wrap vp-portfolio__item-uid-3b8a0137\" data-vp-filter=\"\"         >\n            <template class=\"vp-portfolio__item-popup\" data-vp-popup-img=\"https:\/\/www.lucernatv.cz\/wp-content\/uploads\/2021\/01\/krajina-s-v\u009felou.jpeg\" data-vp-popup-img-srcset=\"https:\/\/www.lucernatv.cz\/wp-content\/uploads\/2021\/01\/krajina-s-v\u009felou.jpeg 2000w, https:\/\/www.lucernatv.cz\/wp-content\/uploads\/2021\/01\/krajina-s-v\u009felou-300x239.jpeg 300w, https:\/\/www.lucernatv.cz\/wp-content\/uploads\/2021\/01\/krajina-s-v\u009felou-768x612.jpeg 768w, https:\/\/www.lucernatv.cz\/wp-content\/uploads\/2021\/01\/krajina-s-v\u009felou-1356x1080.jpeg 1356w, https:\/\/www.lucernatv.cz\/wp-content\/uploads\/2021\/01\/krajina-s-v\u009felou-100x80.jpeg 100w, https:\/\/www.lucernatv.cz\/wp-content\/uploads\/2021\/01\/krajina-s-v\u009felou-1200x956.jpeg 1200w\" data-vp-popup-img-size=\"1920x1529\" data-vp-popup-md-img=\"https:\/\/www.lucernatv.cz\/wp-content\/uploads\/2021\/01\/krajina-s-v\u009felou.jpeg\" data-vp-popup-md-img-size=\"800x637\" data-vp-popup-sm-img=\"https:\/\/www.lucernatv.cz\/wp-content\/uploads\/2021\/01\/krajina-s-v\u009felou.jpeg\" data-vp-popup-sm-img-size=\"500x398\">\n            <h3 class=\"vp-portfolio__item-popup-title\">Zuzana Sekerov\u00e1 \u2013 Krajina s v\u010delou<\/h3>\n        <\/template>\n                        <figure class=\"vp-portfolio__item\">\n                \n<div class=\"vp-portfolio__item-img-wrap\">\n    <div class=\"vp-portfolio__item-img\">\n            <a\n        href=\"https:\/\/www.lucernatv.cz\/wp-content\/uploads\/2021\/01\/krajina-s-v\u009felou.jpeg\"\n            >\n    \n        <img decoding=\"async\" width=\"1920\" height=\"1529\" src=\"https:\/\/www.lucernatv.cz\/wp-content\/uploads\/2021\/01\/krajina-s-v\u009felou.jpeg\" class=\"wp-image-695\" alt=\"\" srcset=\"https:\/\/www.lucernatv.cz\/wp-content\/uploads\/2021\/01\/krajina-s-v\u009felou.jpeg 2000w, https:\/\/www.lucernatv.cz\/wp-content\/uploads\/2021\/01\/krajina-s-v\u009felou-300x239.jpeg 300w, https:\/\/www.lucernatv.cz\/wp-content\/uploads\/2021\/01\/krajina-s-v\u009felou-768x612.jpeg 768w, https:\/\/www.lucernatv.cz\/wp-content\/uploads\/2021\/01\/krajina-s-v\u009felou-1356x1080.jpeg 1356w, https:\/\/www.lucernatv.cz\/wp-content\/uploads\/2021\/01\/krajina-s-v\u009felou-100x80.jpeg 100w, https:\/\/www.lucernatv.cz\/wp-content\/uploads\/2021\/01\/krajina-s-v\u009felou-1200x956.jpeg 1200w\" sizes=\"(max-width: 1920px) 100vw, 1920px\" \/>\n        <\/a>    <\/div>\n<\/div>\n\n<figcaption class=\"vp-portfolio__item-overlay vp-portfolio__item-overlay-text-align-center\">\n    <div class=\"vp-portfolio__item-meta-wrap vp-portfolio__custom-scrollbar\">\n            <a\n        href=\"https:\/\/www.lucernatv.cz\/wp-content\/uploads\/2021\/01\/krajina-s-v\u009felou.jpeg\"\n        tabindex=\"-1\" class=\"vp-portfolio__item-meta\"     >\n    \n        \n<h2 class=\"vp-portfolio__item-meta-title\">\n    Zuzana Sekerov\u00e1 \u2013 Krajina s v\u010delou<\/h2>\n\n        <\/a>    <\/div>\n<\/figcaption>\n            <\/figure>\n                    <\/div>\n        \n        <div        class=\"vp-portfolio__item-wrap vp-portfolio__item-uid-5e389e4f\" data-vp-filter=\"\"         >\n            <template class=\"vp-portfolio__item-popup\" data-vp-popup-img=\"https:\/\/www.lucernatv.cz\/wp-content\/uploads\/2021\/01\/kompozice-s-kapesn\u00a1ky.jpeg\" data-vp-popup-img-srcset=\"https:\/\/www.lucernatv.cz\/wp-content\/uploads\/2021\/01\/kompozice-s-kapesn\u00a1ky.jpeg 2000w, https:\/\/www.lucernatv.cz\/wp-content\/uploads\/2021\/01\/kompozice-s-kapesn\u00a1ky-300x177.jpeg 300w, https:\/\/www.lucernatv.cz\/wp-content\/uploads\/2021\/01\/kompozice-s-kapesn\u00a1ky-768x452.jpeg 768w, https:\/\/www.lucernatv.cz\/wp-content\/uploads\/2021\/01\/kompozice-s-kapesn\u00a1ky-1834x1080.jpeg 1834w, https:\/\/www.lucernatv.cz\/wp-content\/uploads\/2021\/01\/kompozice-s-kapesn\u00a1ky-100x59.jpeg 100w, https:\/\/www.lucernatv.cz\/wp-content\/uploads\/2021\/01\/kompozice-s-kapesn\u00a1ky-1200x707.jpeg 1200w\" data-vp-popup-img-size=\"1920x1131\" data-vp-popup-md-img=\"https:\/\/www.lucernatv.cz\/wp-content\/uploads\/2021\/01\/kompozice-s-kapesn\u00a1ky.jpeg\" data-vp-popup-md-img-size=\"800x471\" data-vp-popup-sm-img=\"https:\/\/www.lucernatv.cz\/wp-content\/uploads\/2021\/01\/kompozice-s-kapesn\u00a1ky.jpeg\" data-vp-popup-sm-img-size=\"500x295\">\n            <h3 class=\"vp-portfolio__item-popup-title\">Zuzana Sekerov\u00e1 \u2013 Kompozice s kapesn\u00edky<\/h3>\n        <\/template>\n                        <figure class=\"vp-portfolio__item\">\n                \n<div class=\"vp-portfolio__item-img-wrap\">\n    <div class=\"vp-portfolio__item-img\">\n            <a\n        href=\"https:\/\/www.lucernatv.cz\/wp-content\/uploads\/2021\/01\/kompozice-s-kapesn\u00a1ky.jpeg\"\n            >\n    \n        <img decoding=\"async\" width=\"1920\" height=\"1131\" src=\"https:\/\/www.lucernatv.cz\/wp-content\/uploads\/2021\/01\/kompozice-s-kapesn\u00a1ky.jpeg\" class=\"wp-image-694\" alt=\"\" srcset=\"https:\/\/www.lucernatv.cz\/wp-content\/uploads\/2021\/01\/kompozice-s-kapesn\u00a1ky.jpeg 2000w, https:\/\/www.lucernatv.cz\/wp-content\/uploads\/2021\/01\/kompozice-s-kapesn\u00a1ky-300x177.jpeg 300w, https:\/\/www.lucernatv.cz\/wp-content\/uploads\/2021\/01\/kompozice-s-kapesn\u00a1ky-768x452.jpeg 768w, https:\/\/www.lucernatv.cz\/wp-content\/uploads\/2021\/01\/kompozice-s-kapesn\u00a1ky-1834x1080.jpeg 1834w, https:\/\/www.lucernatv.cz\/wp-content\/uploads\/2021\/01\/kompozice-s-kapesn\u00a1ky-100x59.jpeg 100w, https:\/\/www.lucernatv.cz\/wp-content\/uploads\/2021\/01\/kompozice-s-kapesn\u00a1ky-1200x707.jpeg 1200w\" sizes=\"(max-width: 1920px) 100vw, 1920px\" \/>\n        <\/a>    <\/div>\n<\/div>\n\n<figcaption class=\"vp-portfolio__item-overlay vp-portfolio__item-overlay-text-align-center\">\n    <div class=\"vp-portfolio__item-meta-wrap vp-portfolio__custom-scrollbar\">\n            <a\n        href=\"https:\/\/www.lucernatv.cz\/wp-content\/uploads\/2021\/01\/kompozice-s-kapesn\u00a1ky.jpeg\"\n        tabindex=\"-1\" class=\"vp-portfolio__item-meta\"     >\n    \n        \n<h2 class=\"vp-portfolio__item-meta-title\">\n    Zuzana Sekerov\u00e1 \u2013 Kompozice s kapesn\u00edky<\/h2>\n\n        <\/a>    <\/div>\n<\/figcaption>\n            <\/figure>\n                    <\/div>\n        \n        <div        class=\"vp-portfolio__item-wrap vp-portfolio__item-uid-78e06c89\" data-vp-filter=\"\"         >\n            <template class=\"vp-portfolio__item-popup\" data-vp-popup-img=\"https:\/\/www.lucernatv.cz\/wp-content\/uploads\/2021\/01\/kol-\u00a7.jpeg\" data-vp-popup-img-srcset=\"https:\/\/www.lucernatv.cz\/wp-content\/uploads\/2021\/01\/kol-\u00a7.jpeg 1474w, https:\/\/www.lucernatv.cz\/wp-content\/uploads\/2021\/01\/kol-\u00a7-221x300.jpeg 221w, https:\/\/www.lucernatv.cz\/wp-content\/uploads\/2021\/01\/kol-\u00a7-768x1042.jpeg 768w, https:\/\/www.lucernatv.cz\/wp-content\/uploads\/2021\/01\/kol-\u00a7-796x1080.jpeg 796w, https:\/\/www.lucernatv.cz\/wp-content\/uploads\/2021\/01\/kol-\u00a7-100x136.jpeg 100w, https:\/\/www.lucernatv.cz\/wp-content\/uploads\/2021\/01\/kol-\u00a7-1200x1628.jpeg 1200w\" data-vp-popup-img-size=\"1474x2000\" data-vp-popup-md-img=\"https:\/\/www.lucernatv.cz\/wp-content\/uploads\/2021\/01\/kol-\u00a7.jpeg\" data-vp-popup-md-img-size=\"800x1085\" data-vp-popup-sm-img=\"https:\/\/www.lucernatv.cz\/wp-content\/uploads\/2021\/01\/kol-\u00a7.jpeg\" data-vp-popup-sm-img-size=\"500x678\">\n            <h3 class=\"vp-portfolio__item-popup-title\">Zuzana Sekerov\u00e1 \u2013 Kol\u00e1\u017e<\/h3>\n        <\/template>\n                        <figure class=\"vp-portfolio__item\">\n                \n<div class=\"vp-portfolio__item-img-wrap\">\n    <div class=\"vp-portfolio__item-img\">\n            <a\n        href=\"https:\/\/www.lucernatv.cz\/wp-content\/uploads\/2021\/01\/kol-\u00a7.jpeg\"\n            >\n    \n        <img decoding=\"async\" width=\"1474\" height=\"2000\" src=\"https:\/\/www.lucernatv.cz\/wp-content\/uploads\/2021\/01\/kol-\u00a7.jpeg\" class=\"wp-image-693\" alt=\"\" srcset=\"https:\/\/www.lucernatv.cz\/wp-content\/uploads\/2021\/01\/kol-\u00a7.jpeg 1474w, https:\/\/www.lucernatv.cz\/wp-content\/uploads\/2021\/01\/kol-\u00a7-221x300.jpeg 221w, https:\/\/www.lucernatv.cz\/wp-content\/uploads\/2021\/01\/kol-\u00a7-768x1042.jpeg 768w, https:\/\/www.lucernatv.cz\/wp-content\/uploads\/2021\/01\/kol-\u00a7-796x1080.jpeg 796w, https:\/\/www.lucernatv.cz\/wp-content\/uploads\/2021\/01\/kol-\u00a7-100x136.jpeg 100w, https:\/\/www.lucernatv.cz\/wp-content\/uploads\/2021\/01\/kol-\u00a7-1200x1628.jpeg 1200w\" sizes=\"(max-width: 1474px) 100vw, 1474px\" \/>\n        <\/a>    <\/div>\n<\/div>\n\n<figcaption class=\"vp-portfolio__item-overlay vp-portfolio__item-overlay-text-align-center\">\n    <div class=\"vp-portfolio__item-meta-wrap vp-portfolio__custom-scrollbar\">\n            <a\n        href=\"https:\/\/www.lucernatv.cz\/wp-content\/uploads\/2021\/01\/kol-\u00a7.jpeg\"\n        tabindex=\"-1\" class=\"vp-portfolio__item-meta\"     >\n    \n        \n<h2 class=\"vp-portfolio__item-meta-title\">\n    Zuzana Sekerov\u00e1 \u2013 Kol\u00e1\u017e<\/h2>\n\n        <\/a>    <\/div>\n<\/figcaption>\n            <\/figure>\n                    <\/div>\n        \n        <div        class=\"vp-portfolio__item-wrap vp-portfolio__item-uid-0b39351c\" data-vp-filter=\"\"         >\n            <template class=\"vp-portfolio__item-popup\" data-vp-popup-img=\"https:\/\/www.lucernatv.cz\/wp-content\/uploads\/2021\/01\/figura-krajina_2.jpeg\" data-vp-popup-img-srcset=\"https:\/\/www.lucernatv.cz\/wp-content\/uploads\/2021\/01\/figura-krajina_2.jpeg 1332w, https:\/\/www.lucernatv.cz\/wp-content\/uploads\/2021\/01\/figura-krajina_2-200x300.jpeg 200w, https:\/\/www.lucernatv.cz\/wp-content\/uploads\/2021\/01\/figura-krajina_2-768x1153.jpeg 768w, https:\/\/www.lucernatv.cz\/wp-content\/uploads\/2021\/01\/figura-krajina_2-719x1080.jpeg 719w, https:\/\/www.lucernatv.cz\/wp-content\/uploads\/2021\/01\/figura-krajina_2-100x150.jpeg 100w, https:\/\/www.lucernatv.cz\/wp-content\/uploads\/2021\/01\/figura-krajina_2-1200x1802.jpeg 1200w\" data-vp-popup-img-size=\"1332x2000\" data-vp-popup-md-img=\"https:\/\/www.lucernatv.cz\/wp-content\/uploads\/2021\/01\/figura-krajina_2.jpeg\" data-vp-popup-md-img-size=\"800x1201\" data-vp-popup-sm-img=\"https:\/\/www.lucernatv.cz\/wp-content\/uploads\/2021\/01\/figura-krajina_2.jpeg\" data-vp-popup-sm-img-size=\"500x751\">\n            <h3 class=\"vp-portfolio__item-popup-title\">Zuzana Sekerov\u00e1 \u2013 Figura a krajina<\/h3>\n        <\/template>\n                        <figure class=\"vp-portfolio__item\">\n                \n<div class=\"vp-portfolio__item-img-wrap\">\n    <div class=\"vp-portfolio__item-img\">\n            <a\n        href=\"https:\/\/www.lucernatv.cz\/wp-content\/uploads\/2021\/01\/figura-krajina_2.jpeg\"\n            >\n    \n        <img decoding=\"async\" width=\"1332\" height=\"2000\" src=\"https:\/\/www.lucernatv.cz\/wp-content\/uploads\/2021\/01\/figura-krajina_2.jpeg\" class=\"wp-image-691\" alt=\"\" srcset=\"https:\/\/www.lucernatv.cz\/wp-content\/uploads\/2021\/01\/figura-krajina_2.jpeg 1332w, https:\/\/www.lucernatv.cz\/wp-content\/uploads\/2021\/01\/figura-krajina_2-200x300.jpeg 200w, https:\/\/www.lucernatv.cz\/wp-content\/uploads\/2021\/01\/figura-krajina_2-768x1153.jpeg 768w, https:\/\/www.lucernatv.cz\/wp-content\/uploads\/2021\/01\/figura-krajina_2-719x1080.jpeg 719w, https:\/\/www.lucernatv.cz\/wp-content\/uploads\/2021\/01\/figura-krajina_2-100x150.jpeg 100w, https:\/\/www.lucernatv.cz\/wp-content\/uploads\/2021\/01\/figura-krajina_2-1200x1802.jpeg 1200w\" sizes=\"(max-width: 1332px) 100vw, 1332px\" \/>\n        <\/a>    <\/div>\n<\/div>\n\n<figcaption class=\"vp-portfolio__item-overlay vp-portfolio__item-overlay-text-align-center\">\n    <div class=\"vp-portfolio__item-meta-wrap vp-portfolio__custom-scrollbar\">\n            <a\n        href=\"https:\/\/www.lucernatv.cz\/wp-content\/uploads\/2021\/01\/figura-krajina_2.jpeg\"\n        tabindex=\"-1\" class=\"vp-portfolio__item-meta\"     >\n    \n        \n<h2 class=\"vp-portfolio__item-meta-title\">\n    Zuzana Sekerov\u00e1 \u2013 Figura a krajina<\/h2>\n\n        <\/a>    <\/div>\n<\/figcaption>\n            <\/figure>\n                    <\/div>\n        \n        <div        class=\"vp-portfolio__item-wrap vp-portfolio__item-uid-2a8c03c3\" data-vp-filter=\"\"         >\n            <template class=\"vp-portfolio__item-popup\" data-vp-popup-img=\"https:\/\/www.lucernatv.cz\/wp-content\/uploads\/2021\/01\/figura-krajina.jpeg\" data-vp-popup-img-srcset=\"https:\/\/www.lucernatv.cz\/wp-content\/uploads\/2021\/01\/figura-krajina.jpeg 2000w, https:\/\/www.lucernatv.cz\/wp-content\/uploads\/2021\/01\/figura-krajina-300x204.jpeg 300w, https:\/\/www.lucernatv.cz\/wp-content\/uploads\/2021\/01\/figura-krajina-768x521.jpeg 768w, https:\/\/www.lucernatv.cz\/wp-content\/uploads\/2021\/01\/figura-krajina-1591x1080.jpeg 1591w, https:\/\/www.lucernatv.cz\/wp-content\/uploads\/2021\/01\/figura-krajina-100x68.jpeg 100w, https:\/\/www.lucernatv.cz\/wp-content\/uploads\/2021\/01\/figura-krajina-1200x815.jpeg 1200w\" data-vp-popup-img-size=\"1920x1304\" data-vp-popup-md-img=\"https:\/\/www.lucernatv.cz\/wp-content\/uploads\/2021\/01\/figura-krajina.jpeg\" data-vp-popup-md-img-size=\"800x543\" data-vp-popup-sm-img=\"https:\/\/www.lucernatv.cz\/wp-content\/uploads\/2021\/01\/figura-krajina.jpeg\" data-vp-popup-sm-img-size=\"500x340\">\n            <h3 class=\"vp-portfolio__item-popup-title\">Zuzana Sekerov\u00e1 &#8211; Made with Square InstaPic<\/h3>\n        <\/template>\n                        <figure class=\"vp-portfolio__item\">\n                \n<div class=\"vp-portfolio__item-img-wrap\">\n    <div class=\"vp-portfolio__item-img\">\n            <a\n        href=\"https:\/\/www.lucernatv.cz\/wp-content\/uploads\/2021\/01\/figura-krajina.jpeg\"\n            >\n    \n        <img decoding=\"async\" width=\"1920\" height=\"1304\" src=\"https:\/\/www.lucernatv.cz\/wp-content\/uploads\/2021\/01\/figura-krajina.jpeg\" class=\"wp-image-692\" alt=\"\" srcset=\"https:\/\/www.lucernatv.cz\/wp-content\/uploads\/2021\/01\/figura-krajina.jpeg 2000w, https:\/\/www.lucernatv.cz\/wp-content\/uploads\/2021\/01\/figura-krajina-300x204.jpeg 300w, https:\/\/www.lucernatv.cz\/wp-content\/uploads\/2021\/01\/figura-krajina-768x521.jpeg 768w, https:\/\/www.lucernatv.cz\/wp-content\/uploads\/2021\/01\/figura-krajina-1591x1080.jpeg 1591w, https:\/\/www.lucernatv.cz\/wp-content\/uploads\/2021\/01\/figura-krajina-100x68.jpeg 100w, https:\/\/www.lucernatv.cz\/wp-content\/uploads\/2021\/01\/figura-krajina-1200x815.jpeg 1200w\" sizes=\"(max-width: 1920px) 100vw, 1920px\" \/>\n        <\/a>    <\/div>\n<\/div>\n\n<figcaption class=\"vp-portfolio__item-overlay vp-portfolio__item-overlay-text-align-center\">\n    <div class=\"vp-portfolio__item-meta-wrap vp-portfolio__custom-scrollbar\">\n            <a\n        href=\"https:\/\/www.lucernatv.cz\/wp-content\/uploads\/2021\/01\/figura-krajina.jpeg\"\n        tabindex=\"-1\" class=\"vp-portfolio__item-meta\"     >\n    \n        \n<h2 class=\"vp-portfolio__item-meta-title\">\n    Zuzana Sekerov\u00e1 &#8211; Made with Square InstaPic<\/h2>\n\n        <\/a>    <\/div>\n<\/figcaption>\n            <\/figure>\n                    <\/div>\n        \n<\/div>\n        <\/div>\n        \n<\/div>\n<\/div>\n\n\n<h5 class=\"wp-block-heading\">Zuzana Sekerov\u00e1 o\u010dima Martina Mikol\u00e1\u0161ka<\/h5>\n\n\n\n<p>Zuzana Sekerov\u00e1 ve \u0161koln\u00edm roce 2020\u20132021 zavr\u0161uje sv\u00e9 studium na oboru U\u017eit\u00e1 malba St\u0159edn\u00ed um\u011bleck\u00e9 \u0161koly v Ostrav\u011b. Stoj\u00ed tedy sice na \u00fapln\u00e9m po\u010d\u00e1tku sv\u00e9 um\u011bleck\u00e9 dr\u00e1hy, zkou\u0161\u00ed si jednotliv\u00e9 mal\u00ed\u0159sk\u00e9 techniky, u\u010d\u00ed se a zkvalit\u0148uje pr\u00e1ci s kresebnou linkou i barevnou skvrnou. Podle toho, jak jsou jej\u00ed kresby, skici i malby pojaty, i podle n\u00e1zoru jej\u00edch u\u010ditel\u016f (a v\u00fdborn\u00fdch mal\u00ed\u0159\u016f Josefa Mlad\u011bjovsk\u00e9ho, Ale\u0161e Hude\u010dka, Katar\u00edny Hude\u010dkov\u00e9) u\u017e te\u010f m\u00e1me co do\u010din\u011bn\u00ed s autorkou, kter\u00e1 si je v\u011bdoma toho, co je pro uplatn\u011bn\u00ed jej\u00edho jist\u011b nemal\u00e9ho mal\u00ed\u0159sk\u00e9ho talentu nejd\u016fle\u017eit\u011bj\u0161\u00ed. Je to pr\u00e1ce, maxim\u00e1ln\u00ed nasazen\u00ed, odevzd\u00e1n\u00ed se tomu, co v um\u011bn\u00ed d\u011bl\u00e1 a jak to d\u011bl\u00e1.<\/p>\n\n\n\n<p>K tomu se dru\u017e\u00ed i schopnost pou\u010dit se z chyb, br\u00e1t v potaz rady a doporu\u010den\u00ed star\u0161\u00edch a zku\u0161en\u011bj\u0161\u00edch, a p\u0159itom m\u00edt i zdrav\u00e9 sebev\u011bdom\u00ed, d\u00edky kter\u00e9mu se nebude jen trpce podvolovat sv\u00fdm (u\u010ditelsk\u00fdm) vzor\u016fm. I proto se m\u016f\u017eeme d\u00edvat na jej\u00ed portr\u00e9ty a autoportr\u00e9ty i na jin\u00e1 t\u00e9mata a vn\u00edmat v nich, jak dob\u0159e jsou mal\u00ed\u0159sky pojata, jak je v nich patrn\u00e1 citliv\u00e1 pr\u00e1ce s barevnou hmotou. Evidentn\u00ed je i jej\u00ed z\u00e1liba ve vyu\u017e\u00edv\u00e1n\u00ed omezen\u00e9 barevn\u00e9 \u0161k\u00e1ly, jej\u00ed\u017e modulac\u00ed v\u0161ak dok\u00e1\u017ee navodit dojem prostorov\u00fdch vztah\u016f i l\u00e1tkov\u00fdch charakteristik zobrazovan\u00fdch v\u011bc\u00ed. Nejsme sv\u011bdky nejist\u00e9ho \u00e9terick\u00e9ho t\u011bk\u00e1n\u00ed od jednoho zp\u016fsobu malby k druh\u00e9mu. Jej\u00ed malby naopak p\u016fsob\u00ed hutn\u011b, a p\u0159itom promalovan\u011b a sebejist\u011b. Cel\u00e9 jej\u00ed malov\u00e1n\u00ed a mal\u00ed\u0159sk\u00e9 uva\u017eov\u00e1n\u00ed proto stoj\u00ed na pevn\u00fdch z\u00e1kladech. D\u00edky t\u011bmto p\u0159edpoklad\u016fm, kter\u00e9 takto dob\u0159e poskl\u00e1d\u00e1ny stoj\u00ed u\u017e na po\u010d\u00e1tku jej\u00ed um\u011bleck\u00e9 dr\u00e1hy, se d\u00e1 p\u0159edpokl\u00e1dat, \u017ee Zuzana bude d\u00e1le um\u011blecky r\u016fst a \u017ee jej\u00ed budouc\u00ed pr\u00e1ce (a je lhostejn\u00e9, zda to budou malby nebo p\u0159ejde k jin\u00e9mu m\u00e9diu) budou ur\u010dit\u011b zaj\u00edmav\u00e9 a budou k sob\u011b poutat pozornost div\u00e1k\u016f i kritik\u016f.<\/p>\n","protected":false},"excerpt":{"rendered":"<p>Zuzana Sekerov\u00e1 o\u010dima Martina Mikol\u00e1\u0161ka Zuzana Sekerov\u00e1 ve \u0161koln\u00edm roce 2020\u20132021 zavr\u0161uje sv\u00e9 studium na oboru U\u017eit\u00e1 malba St\u0159edn\u00ed um\u011bleck\u00e9 \u0161koly v Ostrav\u011b. Stoj\u00ed tedy sice na \u00fapln\u00e9m po\u010d\u00e1tku sv\u00e9 um\u011bleck\u00e9 dr\u00e1hy, zkou\u0161\u00ed si jednotliv\u00e9 mal\u00ed\u0159sk\u00e9 techniky, u\u010d\u00ed se a zkvalit\u0148uje pr\u00e1ci s kresebnou linkou i barevnou skvrnou. Podle toho, jak jsou jej\u00ed kresby, skici&hellip;&nbsp;<a href=\"https:\/\/www.lucernatv.cz\/index.php\/2021\/02\/11\/30-let-sus-ostrava-zuzana-sekerova\/\" class=\"\" rel=\"bookmark\">\u010c\u00edst d\u00e1le &raquo;<span class=\"screen-reader-text\">30 let SU\u0160 Ostrava \u2013 Zuzana Sekerov\u00e1<\/span><\/a><\/p>\n","protected":false},"author":1,"featured_media":690,"comment_status":"closed","ping_status":"open","sticky":false,"template":"","format":"gallery","meta":{"inline_featured_image":false,"_uag_custom_page_level_css":"","neve_meta_sidebar":"","neve_meta_container":"","neve_meta_enable_content_width":"","neve_meta_content_width":0,"neve_meta_title_alignment":"","neve_meta_author_avatar":"","neve_post_elements_order":"","neve_meta_disable_header":"","neve_meta_disable_footer":"","neve_meta_disable_title":"","_vp_format_video_url":"","_vp_image_focal_point":[]},"categories":[3,12],"tags":[31,26],"yoast_head":"<!-- This site is optimized with the Yoast SEO plugin v20.12 - https:\/\/yoast.com\/wordpress\/plugins\/seo\/ -->\n<title>30 let SU\u0160 Ostrava \u2013 Zuzana Sekerov\u00e1 - lucernatv.cz<\/title>\n<meta name=\"robots\" content=\"index, follow, max-snippet:-1, max-image-preview:large, max-video-preview:-1\" \/>\n<link rel=\"canonical\" href=\"https:\/\/www.lucernatv.cz\/index.php\/2021\/02\/11\/30-let-sus-ostrava-zuzana-sekerova\/\" \/>\n<meta property=\"og:locale\" content=\"cs_CZ\" \/>\n<meta property=\"og:type\" content=\"article\" \/>\n<meta property=\"og:title\" content=\"30 let SU\u0160 Ostrava \u2013 Zuzana Sekerov\u00e1 - lucernatv.cz\" \/>\n<meta property=\"og:description\" content=\"Zuzana Sekerov\u00e1 o\u010dima Martina Mikol\u00e1\u0161ka Zuzana Sekerov\u00e1 ve \u0161koln\u00edm roce 2020\u20132021 zavr\u0161uje sv\u00e9 studium na oboru U\u017eit\u00e1 malba St\u0159edn\u00ed um\u011bleck\u00e9 \u0161koly v Ostrav\u011b. Stoj\u00ed tedy sice na \u00fapln\u00e9m po\u010d\u00e1tku sv\u00e9 um\u011bleck\u00e9 dr\u00e1hy, zkou\u0161\u00ed si jednotliv\u00e9 mal\u00ed\u0159sk\u00e9 techniky, u\u010d\u00ed se a zkvalit\u0148uje pr\u00e1ci s kresebnou linkou i barevnou skvrnou. Podle toho, jak jsou jej\u00ed kresby, skici&hellip;&nbsp;\u010c\u00edst d\u00e1le &raquo;30 let SU\u0160 Ostrava \u2013 Zuzana Sekerov\u00e1\" \/>\n<meta property=\"og:url\" content=\"https:\/\/www.lucernatv.cz\/index.php\/2021\/02\/11\/30-let-sus-ostrava-zuzana-sekerova\/\" \/>\n<meta property=\"og:site_name\" content=\"lucernatv.cz\" \/>\n<meta property=\"article:publisher\" content=\"https:\/\/www.facebook.com\/avtopava\" \/>\n<meta property=\"article:published_time\" content=\"2021-02-11T12:28:51+00:00\" \/>\n<meta property=\"article:modified_time\" content=\"2021-02-17T23:37:37+00:00\" \/>\n<meta property=\"og:image\" content=\"https:\/\/www.lucernatv.cz\/wp-content\/uploads\/2021\/01\/figur-ln\u00a1-kompozice.jpeg\" \/>\n\t<meta property=\"og:image:width\" content=\"2000\" \/>\n\t<meta property=\"og:image:height\" content=\"1409\" \/>\n\t<meta property=\"og:image:type\" content=\"image\/jpeg\" \/>\n<meta name=\"author\" content=\"lucernatvc\" \/>\n<meta name=\"twitter:card\" content=\"summary_large_image\" \/>\n<meta name=\"twitter:label1\" content=\"Napsal(a)\" \/>\n\t<meta name=\"twitter:data1\" content=\"lucernatvc\" \/>\n\t<meta name=\"twitter:label2\" content=\"Odhadovan\u00e1 doba \u010dten\u00ed\" \/>\n\t<meta name=\"twitter:data2\" content=\"2 minuty\" \/>\n<script type=\"application\/ld+json\" class=\"yoast-schema-graph\">{\"@context\":\"https:\/\/schema.org\",\"@graph\":[{\"@type\":\"Article\",\"@id\":\"https:\/\/www.lucernatv.cz\/index.php\/2021\/02\/11\/30-let-sus-ostrava-zuzana-sekerova\/#article\",\"isPartOf\":{\"@id\":\"https:\/\/www.lucernatv.cz\/index.php\/2021\/02\/11\/30-let-sus-ostrava-zuzana-sekerova\/\"},\"author\":{\"name\":\"lucernatvc\",\"@id\":\"https:\/\/www.lucernatv.cz\/#\/schema\/person\/fdc6b3778fe63c82ba7479978ad159ad\"},\"headline\":\"30 let SU\u0160 Ostrava \u2013 Zuzana Sekerov\u00e1\",\"datePublished\":\"2021-02-11T12:28:51+00:00\",\"dateModified\":\"2021-02-17T23:37:37+00:00\",\"mainEntityOfPage\":{\"@id\":\"https:\/\/www.lucernatv.cz\/index.php\/2021\/02\/11\/30-let-sus-ostrava-zuzana-sekerova\/\"},\"wordCount\":405,\"publisher\":{\"@id\":\"https:\/\/www.lucernatv.cz\/#organization\"},\"keywords\":[\"30 let SU\u0160 Ostrava\",\"galerie\"],\"articleSection\":[\"Kultura\",\"v\u00fdtvarn\u00e9 um\u011bn\u00ed, architektura a ve\u0159ejn\u00fd prostor\"],\"inLanguage\":\"cs\"},{\"@type\":\"WebPage\",\"@id\":\"https:\/\/www.lucernatv.cz\/index.php\/2021\/02\/11\/30-let-sus-ostrava-zuzana-sekerova\/\",\"url\":\"https:\/\/www.lucernatv.cz\/index.php\/2021\/02\/11\/30-let-sus-ostrava-zuzana-sekerova\/\",\"name\":\"30 let SU\u0160 Ostrava \u2013 Zuzana Sekerov\u00e1 - lucernatv.cz\",\"isPartOf\":{\"@id\":\"https:\/\/www.lucernatv.cz\/#website\"},\"datePublished\":\"2021-02-11T12:28:51+00:00\",\"dateModified\":\"2021-02-17T23:37:37+00:00\",\"breadcrumb\":{\"@id\":\"https:\/\/www.lucernatv.cz\/index.php\/2021\/02\/11\/30-let-sus-ostrava-zuzana-sekerova\/#breadcrumb\"},\"inLanguage\":\"cs\",\"potentialAction\":[{\"@type\":\"ReadAction\",\"target\":[\"https:\/\/www.lucernatv.cz\/index.php\/2021\/02\/11\/30-let-sus-ostrava-zuzana-sekerova\/\"]}]},{\"@type\":\"BreadcrumbList\",\"@id\":\"https:\/\/www.lucernatv.cz\/index.php\/2021\/02\/11\/30-let-sus-ostrava-zuzana-sekerova\/#breadcrumb\",\"itemListElement\":[{\"@type\":\"ListItem\",\"position\":1,\"name\":\"Dom\u016f\",\"item\":\"https:\/\/www.lucernatv.cz\/\"},{\"@type\":\"ListItem\",\"position\":2,\"name\":\"30 let SU\u0160 Ostrava \u2013 Zuzana Sekerov\u00e1\"}]},{\"@type\":\"WebSite\",\"@id\":\"https:\/\/www.lucernatv.cz\/#website\",\"url\":\"https:\/\/www.lucernatv.cz\/\",\"name\":\"lucernatv.cz\",\"description\":\"Vzd\u011bl\u00e1vac\u00ed televize\",\"publisher\":{\"@id\":\"https:\/\/www.lucernatv.cz\/#organization\"},\"alternateName\":\"Lucerna TV\",\"potentialAction\":[{\"@type\":\"SearchAction\",\"target\":{\"@type\":\"EntryPoint\",\"urlTemplate\":\"https:\/\/www.lucernatv.cz\/?s={search_term_string}\"},\"query-input\":\"required name=search_term_string\"}],\"inLanguage\":\"cs\"},{\"@type\":\"Organization\",\"@id\":\"https:\/\/www.lucernatv.cz\/#organization\",\"name\":\"Lucerna TV\",\"url\":\"https:\/\/www.lucernatv.cz\/\",\"logo\":{\"@type\":\"ImageObject\",\"inLanguage\":\"cs\",\"@id\":\"https:\/\/www.lucernatv.cz\/#\/schema\/logo\/image\/\",\"url\":\"https:\/\/www.lucernatv.cz\/wp-content\/uploads\/2021\/02\/logo.svg\",\"contentUrl\":\"https:\/\/www.lucernatv.cz\/wp-content\/uploads\/2021\/02\/logo.svg\",\"width\":128,\"height\":41,\"caption\":\"Lucerna TV\"},\"image\":{\"@id\":\"https:\/\/www.lucernatv.cz\/#\/schema\/logo\/image\/\"},\"sameAs\":[\"https:\/\/www.facebook.com\/avtopava\",\"https:\/\/www.youtube.com\/channel\/UCtP8PPWG9JatWSMsKMOvdDg\"]},{\"@type\":\"Person\",\"@id\":\"https:\/\/www.lucernatv.cz\/#\/schema\/person\/fdc6b3778fe63c82ba7479978ad159ad\",\"name\":\"lucernatvc\",\"image\":{\"@type\":\"ImageObject\",\"inLanguage\":\"cs\",\"@id\":\"https:\/\/www.lucernatv.cz\/#\/schema\/person\/image\/\",\"url\":\"https:\/\/secure.gravatar.com\/avatar\/5b7905a95103f5227c1afd8b2a10f058?s=96&d=mm&r=g\",\"contentUrl\":\"https:\/\/secure.gravatar.com\/avatar\/5b7905a95103f5227c1afd8b2a10f058?s=96&d=mm&r=g\",\"caption\":\"lucernatvc\"},\"url\":\"https:\/\/www.lucernatv.cz\/index.php\/author\/lucernatvc\/\"}]}<\/script>\n<!-- \/ Yoast SEO plugin. -->","yoast_head_json":{"title":"30 let SU\u0160 Ostrava \u2013 Zuzana Sekerov\u00e1 - lucernatv.cz","robots":{"index":"index","follow":"follow","max-snippet":"max-snippet:-1","max-image-preview":"max-image-preview:large","max-video-preview":"max-video-preview:-1"},"canonical":"https:\/\/www.lucernatv.cz\/index.php\/2021\/02\/11\/30-let-sus-ostrava-zuzana-sekerova\/","og_locale":"cs_CZ","og_type":"article","og_title":"30 let SU\u0160 Ostrava \u2013 Zuzana Sekerov\u00e1 - lucernatv.cz","og_description":"Zuzana Sekerov\u00e1 o\u010dima Martina Mikol\u00e1\u0161ka Zuzana Sekerov\u00e1 ve \u0161koln\u00edm roce 2020\u20132021 zavr\u0161uje sv\u00e9 studium na oboru U\u017eit\u00e1 malba St\u0159edn\u00ed um\u011bleck\u00e9 \u0161koly v Ostrav\u011b. Stoj\u00ed tedy sice na \u00fapln\u00e9m po\u010d\u00e1tku sv\u00e9 um\u011bleck\u00e9 dr\u00e1hy, zkou\u0161\u00ed si jednotliv\u00e9 mal\u00ed\u0159sk\u00e9 techniky, u\u010d\u00ed se a zkvalit\u0148uje pr\u00e1ci s kresebnou linkou i barevnou skvrnou. Podle toho, jak jsou jej\u00ed kresby, skici&hellip;&nbsp;\u010c\u00edst d\u00e1le &raquo;30 let SU\u0160 Ostrava \u2013 Zuzana Sekerov\u00e1","og_url":"https:\/\/www.lucernatv.cz\/index.php\/2021\/02\/11\/30-let-sus-ostrava-zuzana-sekerova\/","og_site_name":"lucernatv.cz","article_publisher":"https:\/\/www.facebook.com\/avtopava","article_published_time":"2021-02-11T12:28:51+00:00","article_modified_time":"2021-02-17T23:37:37+00:00","og_image":[{"width":2000,"height":1409,"url":"https:\/\/www.lucernatv.cz\/wp-content\/uploads\/2021\/01\/figur-ln\u00a1-kompozice.jpeg","type":"image\/jpeg"}],"author":"lucernatvc","twitter_card":"summary_large_image","twitter_misc":{"Napsal(a)":"lucernatvc","Odhadovan\u00e1 doba \u010dten\u00ed":"2 minuty"},"schema":{"@context":"https:\/\/schema.org","@graph":[{"@type":"Article","@id":"https:\/\/www.lucernatv.cz\/index.php\/2021\/02\/11\/30-let-sus-ostrava-zuzana-sekerova\/#article","isPartOf":{"@id":"https:\/\/www.lucernatv.cz\/index.php\/2021\/02\/11\/30-let-sus-ostrava-zuzana-sekerova\/"},"author":{"name":"lucernatvc","@id":"https:\/\/www.lucernatv.cz\/#\/schema\/person\/fdc6b3778fe63c82ba7479978ad159ad"},"headline":"30 let SU\u0160 Ostrava \u2013 Zuzana Sekerov\u00e1","datePublished":"2021-02-11T12:28:51+00:00","dateModified":"2021-02-17T23:37:37+00:00","mainEntityOfPage":{"@id":"https:\/\/www.lucernatv.cz\/index.php\/2021\/02\/11\/30-let-sus-ostrava-zuzana-sekerova\/"},"wordCount":405,"publisher":{"@id":"https:\/\/www.lucernatv.cz\/#organization"},"keywords":["30 let SU\u0160 Ostrava","galerie"],"articleSection":["Kultura","v\u00fdtvarn\u00e9 um\u011bn\u00ed, architektura a ve\u0159ejn\u00fd prostor"],"inLanguage":"cs"},{"@type":"WebPage","@id":"https:\/\/www.lucernatv.cz\/index.php\/2021\/02\/11\/30-let-sus-ostrava-zuzana-sekerova\/","url":"https:\/\/www.lucernatv.cz\/index.php\/2021\/02\/11\/30-let-sus-ostrava-zuzana-sekerova\/","name":"30 let SU\u0160 Ostrava \u2013 Zuzana Sekerov\u00e1 - lucernatv.cz","isPartOf":{"@id":"https:\/\/www.lucernatv.cz\/#website"},"datePublished":"2021-02-11T12:28:51+00:00","dateModified":"2021-02-17T23:37:37+00:00","breadcrumb":{"@id":"https:\/\/www.lucernatv.cz\/index.php\/2021\/02\/11\/30-let-sus-ostrava-zuzana-sekerova\/#breadcrumb"},"inLanguage":"cs","potentialAction":[{"@type":"ReadAction","target":["https:\/\/www.lucernatv.cz\/index.php\/2021\/02\/11\/30-let-sus-ostrava-zuzana-sekerova\/"]}]},{"@type":"BreadcrumbList","@id":"https:\/\/www.lucernatv.cz\/index.php\/2021\/02\/11\/30-let-sus-ostrava-zuzana-sekerova\/#breadcrumb","itemListElement":[{"@type":"ListItem","position":1,"name":"Dom\u016f","item":"https:\/\/www.lucernatv.cz\/"},{"@type":"ListItem","position":2,"name":"30 let SU\u0160 Ostrava \u2013 Zuzana Sekerov\u00e1"}]},{"@type":"WebSite","@id":"https:\/\/www.lucernatv.cz\/#website","url":"https:\/\/www.lucernatv.cz\/","name":"lucernatv.cz","description":"Vzd\u011bl\u00e1vac\u00ed televize","publisher":{"@id":"https:\/\/www.lucernatv.cz\/#organization"},"alternateName":"Lucerna TV","potentialAction":[{"@type":"SearchAction","target":{"@type":"EntryPoint","urlTemplate":"https:\/\/www.lucernatv.cz\/?s={search_term_string}"},"query-input":"required name=search_term_string"}],"inLanguage":"cs"},{"@type":"Organization","@id":"https:\/\/www.lucernatv.cz\/#organization","name":"Lucerna TV","url":"https:\/\/www.lucernatv.cz\/","logo":{"@type":"ImageObject","inLanguage":"cs","@id":"https:\/\/www.lucernatv.cz\/#\/schema\/logo\/image\/","url":"https:\/\/www.lucernatv.cz\/wp-content\/uploads\/2021\/02\/logo.svg","contentUrl":"https:\/\/www.lucernatv.cz\/wp-content\/uploads\/2021\/02\/logo.svg","width":128,"height":41,"caption":"Lucerna TV"},"image":{"@id":"https:\/\/www.lucernatv.cz\/#\/schema\/logo\/image\/"},"sameAs":["https:\/\/www.facebook.com\/avtopava","https:\/\/www.youtube.com\/channel\/UCtP8PPWG9JatWSMsKMOvdDg"]},{"@type":"Person","@id":"https:\/\/www.lucernatv.cz\/#\/schema\/person\/fdc6b3778fe63c82ba7479978ad159ad","name":"lucernatvc","image":{"@type":"ImageObject","inLanguage":"cs","@id":"https:\/\/www.lucernatv.cz\/#\/schema\/person\/image\/","url":"https:\/\/secure.gravatar.com\/avatar\/5b7905a95103f5227c1afd8b2a10f058?s=96&d=mm&r=g","contentUrl":"https:\/\/secure.gravatar.com\/avatar\/5b7905a95103f5227c1afd8b2a10f058?s=96&d=mm&r=g","caption":"lucernatvc"},"url":"https:\/\/www.lucernatv.cz\/index.php\/author\/lucernatvc\/"}]}},"uagb_featured_image_src":{"full":["https:\/\/www.lucernatv.cz\/wp-content\/uploads\/2021\/01\/figur-ln\u00a1-kompozice.jpeg",2000,1409,false],"thumbnail":["https:\/\/www.lucernatv.cz\/wp-content\/uploads\/2021\/01\/figur-ln\u00a1-kompozice-150x150.jpeg",150,150,true],"medium":["https:\/\/www.lucernatv.cz\/wp-content\/uploads\/2021\/01\/figur-ln\u00a1-kompozice-300x211.jpeg",256,180,true],"medium_large":["https:\/\/www.lucernatv.cz\/wp-content\/uploads\/2021\/01\/figur-ln\u00a1-kompozice-768x541.jpeg",768,541,true],"large":["https:\/\/www.lucernatv.cz\/wp-content\/uploads\/2021\/01\/figur-ln\u00a1-kompozice-1533x1080.jpeg",1200,845,true],"1536x1536":["https:\/\/www.lucernatv.cz\/wp-content\/uploads\/2021\/01\/figur-ln\u00a1-kompozice.jpeg",1536,1082,false],"2048x2048":["https:\/\/www.lucernatv.cz\/wp-content\/uploads\/2021\/01\/figur-ln\u00a1-kompozice.jpeg",2000,1409,false],"ultp_layout_landscape_large":["https:\/\/www.lucernatv.cz\/wp-content\/uploads\/2021\/01\/figur-ln\u00a1-kompozice.jpeg",1136,800,false],"ultp_layout_landscape":["https:\/\/www.lucernatv.cz\/wp-content\/uploads\/2021\/01\/figur-ln\u00a1-kompozice.jpeg",809,570,false],"ultp_layout_portrait":["https:\/\/www.lucernatv.cz\/wp-content\/uploads\/2021\/01\/figur-ln\u00a1-kompozice.jpeg",600,423,false],"ultp_layout_square":["https:\/\/www.lucernatv.cz\/wp-content\/uploads\/2021\/01\/figur-ln\u00a1-kompozice.jpeg",600,423,false],"vp_sm":["https:\/\/www.lucernatv.cz\/wp-content\/uploads\/2021\/01\/figur-ln\u00a1-kompozice.jpeg",500,352,false],"vp_md":["https:\/\/www.lucernatv.cz\/wp-content\/uploads\/2021\/01\/figur-ln\u00a1-kompozice.jpeg",800,564,false],"vp_lg":["https:\/\/www.lucernatv.cz\/wp-content\/uploads\/2021\/01\/figur-ln\u00a1-kompozice.jpeg",1280,902,false],"vp_xl":["https:\/\/www.lucernatv.cz\/wp-content\/uploads\/2021\/01\/figur-ln\u00a1-kompozice.jpeg",1920,1353,false],"vp_sm_popup":["https:\/\/www.lucernatv.cz\/wp-content\/uploads\/2021\/01\/figur-ln\u00a1-kompozice.jpeg",500,352,false],"vp_md_popup":["https:\/\/www.lucernatv.cz\/wp-content\/uploads\/2021\/01\/figur-ln\u00a1-kompozice.jpeg",800,564,false],"vp_xl_popup":["https:\/\/www.lucernatv.cz\/wp-content\/uploads\/2021\/01\/figur-ln\u00a1-kompozice.jpeg",1920,1353,false],"neve-blog":["https:\/\/www.lucernatv.cz\/wp-content\/uploads\/2021\/01\/figur-ln\u00a1-kompozice.jpeg",880,620,false]},"uagb_author_info":{"display_name":"lucernatvc","author_link":"https:\/\/www.lucernatv.cz\/index.php\/author\/lucernatvc\/"},"uagb_comment_info":0,"uagb_excerpt":"Zuzana Sekerov\u00e1 o\u010dima Martina Mikol\u00e1\u0161ka Zuzana Sekerov\u00e1 ve \u0161koln\u00edm roce 2020\u20132021 zavr\u0161uje sv\u00e9 studium na oboru U\u017eit\u00e1 malba St\u0159edn\u00ed um\u011bleck\u00e9 \u0161koly v Ostrav\u011b. Stoj\u00ed tedy sice na \u00fapln\u00e9m po\u010d\u00e1tku sv\u00e9 um\u011bleck\u00e9 dr\u00e1hy, zkou\u0161\u00ed si jednotliv\u00e9 mal\u00ed\u0159sk\u00e9 techniky, u\u010d\u00ed se a zkvalit\u0148uje pr\u00e1ci s kresebnou linkou i barevnou skvrnou. Podle toho, jak jsou jej\u00ed kresby, skici&hellip;&nbsp;\u010c\u00edst&hellip;","_links":{"self":[{"href":"https:\/\/www.lucernatv.cz\/index.php\/wp-json\/wp\/v2\/posts\/932"}],"collection":[{"href":"https:\/\/www.lucernatv.cz\/index.php\/wp-json\/wp\/v2\/posts"}],"about":[{"href":"https:\/\/www.lucernatv.cz\/index.php\/wp-json\/wp\/v2\/types\/post"}],"author":[{"embeddable":true,"href":"https:\/\/www.lucernatv.cz\/index.php\/wp-json\/wp\/v2\/users\/1"}],"replies":[{"embeddable":true,"href":"https:\/\/www.lucernatv.cz\/index.php\/wp-json\/wp\/v2\/comments?post=932"}],"version-history":[{"count":2,"href":"https:\/\/www.lucernatv.cz\/index.php\/wp-json\/wp\/v2\/posts\/932\/revisions"}],"predecessor-version":[{"id":936,"href":"https:\/\/www.lucernatv.cz\/index.php\/wp-json\/wp\/v2\/posts\/932\/revisions\/936"}],"wp:featuredmedia":[{"embeddable":true,"href":"https:\/\/www.lucernatv.cz\/index.php\/wp-json\/wp\/v2\/media\/690"}],"wp:attachment":[{"href":"https:\/\/www.lucernatv.cz\/index.php\/wp-json\/wp\/v2\/media?parent=932"}],"wp:term":[{"taxonomy":"category","embeddable":true,"href":"https:\/\/www.lucernatv.cz\/index.php\/wp-json\/wp\/v2\/categories?post=932"},{"taxonomy":"post_tag","embeddable":true,"href":"https:\/\/www.lucernatv.cz\/index.php\/wp-json\/wp\/v2\/tags?post=932"}],"curies":[{"name":"wp","href":"https:\/\/api.w.org\/{rel}","templated":true}]}}