{"id":922,"date":"2021-02-11T12:16:51","date_gmt":"2021-02-11T12:16:51","guid":{"rendered":"https:\/\/www.lucernatv.cz\/?p=922"},"modified":"2021-02-17T13:31:24","modified_gmt":"2021-02-17T13:31:24","slug":"30-let-sus-ostrava-jan-drobisz","status":"publish","type":"post","link":"https:\/\/www.lucernatv.cz\/index.php\/2021\/02\/11\/30-let-sus-ostrava-jan-drobisz\/","title":{"rendered":"30 let SU\u0160 Ostrava \u2013 Jan Drobisz"},"content":{"rendered":"<div class=\"wp-block-visual-portfolio\">\n<div class=\"vp-portfolio vp-uid-a3bc7345 vp-id-Z2qxSSc\"\n    data-vp-layout=\"masonry\" data-vp-content-source=\"images\" data-vp-items-style=\"fly\" data-vp-items-click-action=\"popup_gallery\" data-vp-items-gap=\"15\" data-vp-items-gap-vertical=\"\" data-vp-pagination=\"load-more\" data-vp-next-page-url=\"\" data-vp-masonry-columns=\"3\" >\n    <div class=\"vp-portfolio__preloader-wrap\">\n        <div class=\"vp-portfolio__preloader\">\n            <img decoding=\"async\" loading=\"eager\" src=\"https:\/\/www.lucernatv.cz\/wp-content\/plugins\/visual-portfolio\/assets\/images\/logo-dark.svg\" alt=\"Visual Portfolio, Posts &amp; Image Gallery for WordPress\" width=\"20\" height=\"20\" data-skip-lazy>\n        <\/div>\n    <\/div>\n        <div class=\"vp-portfolio__items-wrap\">\n            \n<div class=\"vp-portfolio__items vp-portfolio__items-style-fly vp-portfolio__items-show-overlay-hover\">\n\n        <div        class=\"vp-portfolio__item-wrap vp-portfolio__item-uid-5a25c8b8\" data-vp-filter=\"\"         >\n            <template class=\"vp-portfolio__item-popup\" data-vp-popup-img=\"https:\/\/www.lucernatv.cz\/wp-content\/uploads\/2021\/01\/port_jan_1-01.jpg\" data-vp-popup-img-srcset=\"https:\/\/www.lucernatv.cz\/wp-content\/uploads\/2021\/01\/port_jan_1-01.jpg 1000w, https:\/\/www.lucernatv.cz\/wp-content\/uploads\/2021\/01\/port_jan_1-01-300x212.jpg 300w, https:\/\/www.lucernatv.cz\/wp-content\/uploads\/2021\/01\/port_jan_1-01-768x543.jpg 768w, https:\/\/www.lucernatv.cz\/wp-content\/uploads\/2021\/01\/port_jan_1-01-100x71.jpg 100w\" data-vp-popup-img-size=\"1000x707\" data-vp-popup-md-img=\"https:\/\/www.lucernatv.cz\/wp-content\/uploads\/2021\/01\/port_jan_1-01.jpg\" data-vp-popup-md-img-size=\"800x566\" data-vp-popup-sm-img=\"https:\/\/www.lucernatv.cz\/wp-content\/uploads\/2021\/01\/port_jan_1-01.jpg\" data-vp-popup-sm-img-size=\"500x354\">\n            <h3 class=\"vp-portfolio__item-popup-title\">Jan Drobisz \u2013 Portfolio<\/h3>\n        <\/template>\n                        <figure class=\"vp-portfolio__item\">\n                \n<div class=\"vp-portfolio__item-img-wrap\">\n    <div class=\"vp-portfolio__item-img\">\n            <a\n        href=\"https:\/\/www.lucernatv.cz\/wp-content\/uploads\/2021\/01\/port_jan_1-01.jpg\"\n            >\n    \n        <img decoding=\"async\" width=\"1000\" height=\"707\" src=\"https:\/\/www.lucernatv.cz\/wp-content\/uploads\/2021\/01\/port_jan_1-01.jpg\" class=\"wp-image-561\" alt=\"\" srcset=\"https:\/\/www.lucernatv.cz\/wp-content\/uploads\/2021\/01\/port_jan_1-01.jpg 1000w, https:\/\/www.lucernatv.cz\/wp-content\/uploads\/2021\/01\/port_jan_1-01-300x212.jpg 300w, https:\/\/www.lucernatv.cz\/wp-content\/uploads\/2021\/01\/port_jan_1-01-768x543.jpg 768w, https:\/\/www.lucernatv.cz\/wp-content\/uploads\/2021\/01\/port_jan_1-01-100x71.jpg 100w\" sizes=\"(max-width: 1000px) 100vw, 1000px\" \/>\n        <\/a>    <\/div>\n<\/div>\n\n<figcaption class=\"vp-portfolio__item-overlay vp-portfolio__item-overlay-text-align-center\">\n    <div class=\"vp-portfolio__item-meta-wrap vp-portfolio__custom-scrollbar\">\n            <a\n        href=\"https:\/\/www.lucernatv.cz\/wp-content\/uploads\/2021\/01\/port_jan_1-01.jpg\"\n        tabindex=\"-1\" class=\"vp-portfolio__item-meta\"     >\n    \n        \n<h2 class=\"vp-portfolio__item-meta-title\">\n    Jan Drobisz \u2013 Portfolio<\/h2>\n\n        <\/a>    <\/div>\n<\/figcaption>\n            <\/figure>\n                    <\/div>\n        \n        <div        class=\"vp-portfolio__item-wrap vp-portfolio__item-uid-7b90fe67\" data-vp-filter=\"\"         >\n            <template class=\"vp-portfolio__item-popup\" data-vp-popup-img=\"https:\/\/www.lucernatv.cz\/wp-content\/uploads\/2021\/01\/port_jan_1-02.jpg\" data-vp-popup-img-srcset=\"https:\/\/www.lucernatv.cz\/wp-content\/uploads\/2021\/01\/port_jan_1-02.jpg 1000w, https:\/\/www.lucernatv.cz\/wp-content\/uploads\/2021\/01\/port_jan_1-02-300x212.jpg 300w, https:\/\/www.lucernatv.cz\/wp-content\/uploads\/2021\/01\/port_jan_1-02-768x543.jpg 768w, https:\/\/www.lucernatv.cz\/wp-content\/uploads\/2021\/01\/port_jan_1-02-100x71.jpg 100w\" data-vp-popup-img-size=\"1000x707\" data-vp-popup-md-img=\"https:\/\/www.lucernatv.cz\/wp-content\/uploads\/2021\/01\/port_jan_1-02.jpg\" data-vp-popup-md-img-size=\"800x566\" data-vp-popup-sm-img=\"https:\/\/www.lucernatv.cz\/wp-content\/uploads\/2021\/01\/port_jan_1-02.jpg\" data-vp-popup-sm-img-size=\"500x354\">\n            <h3 class=\"vp-portfolio__item-popup-title\">Jan Drobisz \u2013 Portfolio 1<\/h3>\n        <\/template>\n                        <figure class=\"vp-portfolio__item\">\n                \n<div class=\"vp-portfolio__item-img-wrap\">\n    <div class=\"vp-portfolio__item-img\">\n            <a\n        href=\"https:\/\/www.lucernatv.cz\/wp-content\/uploads\/2021\/01\/port_jan_1-02.jpg\"\n            >\n    \n        <img decoding=\"async\" width=\"1000\" height=\"707\" src=\"https:\/\/www.lucernatv.cz\/wp-content\/uploads\/2021\/01\/port_jan_1-02.jpg\" class=\"wp-image-562\" alt=\"\" srcset=\"https:\/\/www.lucernatv.cz\/wp-content\/uploads\/2021\/01\/port_jan_1-02.jpg 1000w, https:\/\/www.lucernatv.cz\/wp-content\/uploads\/2021\/01\/port_jan_1-02-300x212.jpg 300w, https:\/\/www.lucernatv.cz\/wp-content\/uploads\/2021\/01\/port_jan_1-02-768x543.jpg 768w, https:\/\/www.lucernatv.cz\/wp-content\/uploads\/2021\/01\/port_jan_1-02-100x71.jpg 100w\" sizes=\"(max-width: 1000px) 100vw, 1000px\" \/>\n        <\/a>    <\/div>\n<\/div>\n\n<figcaption class=\"vp-portfolio__item-overlay vp-portfolio__item-overlay-text-align-center\">\n    <div class=\"vp-portfolio__item-meta-wrap vp-portfolio__custom-scrollbar\">\n            <a\n        href=\"https:\/\/www.lucernatv.cz\/wp-content\/uploads\/2021\/01\/port_jan_1-02.jpg\"\n        tabindex=\"-1\" class=\"vp-portfolio__item-meta\"     >\n    \n        \n<h2 class=\"vp-portfolio__item-meta-title\">\n    Jan Drobisz \u2013 Portfolio 1<\/h2>\n\n        <\/a>    <\/div>\n<\/figcaption>\n            <\/figure>\n                    <\/div>\n        \n        <div        class=\"vp-portfolio__item-wrap vp-portfolio__item-uid-1e22611f\" data-vp-filter=\"\"         >\n            <template class=\"vp-portfolio__item-popup\" data-vp-popup-img=\"https:\/\/www.lucernatv.cz\/wp-content\/uploads\/2021\/01\/port_jan_1-03.jpeg\" data-vp-popup-img-srcset=\"https:\/\/www.lucernatv.cz\/wp-content\/uploads\/2021\/01\/port_jan_1-03.jpeg 2000w, https:\/\/www.lucernatv.cz\/wp-content\/uploads\/2021\/01\/port_jan_1-03-300x212.jpeg 300w, https:\/\/www.lucernatv.cz\/wp-content\/uploads\/2021\/01\/port_jan_1-03-768x543.jpeg 768w, https:\/\/www.lucernatv.cz\/wp-content\/uploads\/2021\/01\/port_jan_1-03-1527x1080.jpeg 1527w, https:\/\/www.lucernatv.cz\/wp-content\/uploads\/2021\/01\/port_jan_1-03-100x71.jpeg 100w, https:\/\/www.lucernatv.cz\/wp-content\/uploads\/2021\/01\/port_jan_1-03-1200x849.jpeg 1200w\" data-vp-popup-img-size=\"1920x1358\" data-vp-popup-md-img=\"https:\/\/www.lucernatv.cz\/wp-content\/uploads\/2021\/01\/port_jan_1-03.jpeg\" data-vp-popup-md-img-size=\"800x566\" data-vp-popup-sm-img=\"https:\/\/www.lucernatv.cz\/wp-content\/uploads\/2021\/01\/port_jan_1-03.jpeg\" data-vp-popup-sm-img-size=\"500x354\">\n            <h3 class=\"vp-portfolio__item-popup-title\">Jan Drobisz \u2013 Portfolio 2<\/h3>\n        <\/template>\n                        <figure class=\"vp-portfolio__item\">\n                \n<div class=\"vp-portfolio__item-img-wrap\">\n    <div class=\"vp-portfolio__item-img\">\n            <a\n        href=\"https:\/\/www.lucernatv.cz\/wp-content\/uploads\/2021\/01\/port_jan_1-03.jpeg\"\n            >\n    \n        <img decoding=\"async\" width=\"1920\" height=\"1358\" src=\"https:\/\/www.lucernatv.cz\/wp-content\/uploads\/2021\/01\/port_jan_1-03.jpeg\" class=\"wp-image-563\" alt=\"\" srcset=\"https:\/\/www.lucernatv.cz\/wp-content\/uploads\/2021\/01\/port_jan_1-03.jpeg 2000w, https:\/\/www.lucernatv.cz\/wp-content\/uploads\/2021\/01\/port_jan_1-03-300x212.jpeg 300w, https:\/\/www.lucernatv.cz\/wp-content\/uploads\/2021\/01\/port_jan_1-03-768x543.jpeg 768w, https:\/\/www.lucernatv.cz\/wp-content\/uploads\/2021\/01\/port_jan_1-03-1527x1080.jpeg 1527w, https:\/\/www.lucernatv.cz\/wp-content\/uploads\/2021\/01\/port_jan_1-03-100x71.jpeg 100w, https:\/\/www.lucernatv.cz\/wp-content\/uploads\/2021\/01\/port_jan_1-03-1200x849.jpeg 1200w\" sizes=\"(max-width: 1920px) 100vw, 1920px\" \/>\n        <\/a>    <\/div>\n<\/div>\n\n<figcaption class=\"vp-portfolio__item-overlay vp-portfolio__item-overlay-text-align-center\">\n    <div class=\"vp-portfolio__item-meta-wrap vp-portfolio__custom-scrollbar\">\n            <a\n        href=\"https:\/\/www.lucernatv.cz\/wp-content\/uploads\/2021\/01\/port_jan_1-03.jpeg\"\n        tabindex=\"-1\" class=\"vp-portfolio__item-meta\"     >\n    \n        \n<h2 class=\"vp-portfolio__item-meta-title\">\n    Jan Drobisz \u2013 Portfolio 2<\/h2>\n\n        <\/a>    <\/div>\n<\/figcaption>\n            <\/figure>\n                    <\/div>\n        \n        <div        class=\"vp-portfolio__item-wrap vp-portfolio__item-uid-38fa93d9\" data-vp-filter=\"\"         >\n            <template class=\"vp-portfolio__item-popup\" data-vp-popup-img=\"https:\/\/www.lucernatv.cz\/wp-content\/uploads\/2021\/01\/port_jan_1-04.jpg\" data-vp-popup-img-srcset=\"https:\/\/www.lucernatv.cz\/wp-content\/uploads\/2021\/01\/port_jan_1-04.jpg 1000w, https:\/\/www.lucernatv.cz\/wp-content\/uploads\/2021\/01\/port_jan_1-04-300x212.jpg 300w, https:\/\/www.lucernatv.cz\/wp-content\/uploads\/2021\/01\/port_jan_1-04-768x543.jpg 768w, https:\/\/www.lucernatv.cz\/wp-content\/uploads\/2021\/01\/port_jan_1-04-100x71.jpg 100w\" data-vp-popup-img-size=\"1000x707\" data-vp-popup-md-img=\"https:\/\/www.lucernatv.cz\/wp-content\/uploads\/2021\/01\/port_jan_1-04.jpg\" data-vp-popup-md-img-size=\"800x566\" data-vp-popup-sm-img=\"https:\/\/www.lucernatv.cz\/wp-content\/uploads\/2021\/01\/port_jan_1-04.jpg\" data-vp-popup-sm-img-size=\"500x354\">\n            <h3 class=\"vp-portfolio__item-popup-title\">Jan Drobisz \u2013 Portfolio 3<\/h3>\n        <\/template>\n                        <figure class=\"vp-portfolio__item\">\n                \n<div class=\"vp-portfolio__item-img-wrap\">\n    <div class=\"vp-portfolio__item-img\">\n            <a\n        href=\"https:\/\/www.lucernatv.cz\/wp-content\/uploads\/2021\/01\/port_jan_1-04.jpg\"\n            >\n    \n        <img decoding=\"async\" width=\"1000\" height=\"707\" src=\"https:\/\/www.lucernatv.cz\/wp-content\/uploads\/2021\/01\/port_jan_1-04.jpg\" class=\"wp-image-564\" alt=\"\" srcset=\"https:\/\/www.lucernatv.cz\/wp-content\/uploads\/2021\/01\/port_jan_1-04.jpg 1000w, https:\/\/www.lucernatv.cz\/wp-content\/uploads\/2021\/01\/port_jan_1-04-300x212.jpg 300w, https:\/\/www.lucernatv.cz\/wp-content\/uploads\/2021\/01\/port_jan_1-04-768x543.jpg 768w, https:\/\/www.lucernatv.cz\/wp-content\/uploads\/2021\/01\/port_jan_1-04-100x71.jpg 100w\" sizes=\"(max-width: 1000px) 100vw, 1000px\" \/>\n        <\/a>    <\/div>\n<\/div>\n\n<figcaption class=\"vp-portfolio__item-overlay vp-portfolio__item-overlay-text-align-center\">\n    <div class=\"vp-portfolio__item-meta-wrap vp-portfolio__custom-scrollbar\">\n            <a\n        href=\"https:\/\/www.lucernatv.cz\/wp-content\/uploads\/2021\/01\/port_jan_1-04.jpg\"\n        tabindex=\"-1\" class=\"vp-portfolio__item-meta\"     >\n    \n        \n<h2 class=\"vp-portfolio__item-meta-title\">\n    Jan Drobisz \u2013 Portfolio 3<\/h2>\n\n        <\/a>    <\/div>\n<\/figcaption>\n            <\/figure>\n                    <\/div>\n        \n        <div        class=\"vp-portfolio__item-wrap vp-portfolio__item-uid-d22a9bf6\" data-vp-filter=\"\"         >\n            <template class=\"vp-portfolio__item-popup\" data-vp-popup-img=\"https:\/\/www.lucernatv.cz\/wp-content\/uploads\/2021\/01\/port_jan_1-05.jpeg\" data-vp-popup-img-srcset=\"https:\/\/www.lucernatv.cz\/wp-content\/uploads\/2021\/01\/port_jan_1-05.jpeg 2000w, https:\/\/www.lucernatv.cz\/wp-content\/uploads\/2021\/01\/port_jan_1-05-300x212.jpeg 300w, https:\/\/www.lucernatv.cz\/wp-content\/uploads\/2021\/01\/port_jan_1-05-768x543.jpeg 768w, https:\/\/www.lucernatv.cz\/wp-content\/uploads\/2021\/01\/port_jan_1-05-1527x1080.jpeg 1527w, https:\/\/www.lucernatv.cz\/wp-content\/uploads\/2021\/01\/port_jan_1-05-100x71.jpeg 100w, https:\/\/www.lucernatv.cz\/wp-content\/uploads\/2021\/01\/port_jan_1-05-1200x849.jpeg 1200w\" data-vp-popup-img-size=\"1920x1358\" data-vp-popup-md-img=\"https:\/\/www.lucernatv.cz\/wp-content\/uploads\/2021\/01\/port_jan_1-05.jpeg\" data-vp-popup-md-img-size=\"800x566\" data-vp-popup-sm-img=\"https:\/\/www.lucernatv.cz\/wp-content\/uploads\/2021\/01\/port_jan_1-05.jpeg\" data-vp-popup-sm-img-size=\"500x354\">\n            <h3 class=\"vp-portfolio__item-popup-title\">Jan Drobisz \u2013 Portfolio 4<\/h3>\n        <\/template>\n                        <figure class=\"vp-portfolio__item\">\n                \n<div class=\"vp-portfolio__item-img-wrap\">\n    <div class=\"vp-portfolio__item-img\">\n            <a\n        href=\"https:\/\/www.lucernatv.cz\/wp-content\/uploads\/2021\/01\/port_jan_1-05.jpeg\"\n            >\n    \n        <img decoding=\"async\" width=\"1920\" height=\"1358\" src=\"https:\/\/www.lucernatv.cz\/wp-content\/uploads\/2021\/01\/port_jan_1-05.jpeg\" class=\"wp-image-565\" alt=\"\" srcset=\"https:\/\/www.lucernatv.cz\/wp-content\/uploads\/2021\/01\/port_jan_1-05.jpeg 2000w, https:\/\/www.lucernatv.cz\/wp-content\/uploads\/2021\/01\/port_jan_1-05-300x212.jpeg 300w, https:\/\/www.lucernatv.cz\/wp-content\/uploads\/2021\/01\/port_jan_1-05-768x543.jpeg 768w, https:\/\/www.lucernatv.cz\/wp-content\/uploads\/2021\/01\/port_jan_1-05-1527x1080.jpeg 1527w, https:\/\/www.lucernatv.cz\/wp-content\/uploads\/2021\/01\/port_jan_1-05-100x71.jpeg 100w, https:\/\/www.lucernatv.cz\/wp-content\/uploads\/2021\/01\/port_jan_1-05-1200x849.jpeg 1200w\" sizes=\"(max-width: 1920px) 100vw, 1920px\" \/>\n        <\/a>    <\/div>\n<\/div>\n\n<figcaption class=\"vp-portfolio__item-overlay vp-portfolio__item-overlay-text-align-center\">\n    <div class=\"vp-portfolio__item-meta-wrap vp-portfolio__custom-scrollbar\">\n            <a\n        href=\"https:\/\/www.lucernatv.cz\/wp-content\/uploads\/2021\/01\/port_jan_1-05.jpeg\"\n        tabindex=\"-1\" class=\"vp-portfolio__item-meta\"     >\n    \n        \n<h2 class=\"vp-portfolio__item-meta-title\">\n    Jan Drobisz \u2013 Portfolio 4<\/h2>\n\n        <\/a>    <\/div>\n<\/figcaption>\n            <\/figure>\n                    <\/div>\n        \n        <div        class=\"vp-portfolio__item-wrap vp-portfolio__item-uid-f39fad29\" data-vp-filter=\"\"         >\n            <template class=\"vp-portfolio__item-popup\" data-vp-popup-img=\"https:\/\/www.lucernatv.cz\/wp-content\/uploads\/2021\/01\/port_jan_1-06.jpeg\" data-vp-popup-img-srcset=\"https:\/\/www.lucernatv.cz\/wp-content\/uploads\/2021\/01\/port_jan_1-06.jpeg 2000w, https:\/\/www.lucernatv.cz\/wp-content\/uploads\/2021\/01\/port_jan_1-06-300x212.jpeg 300w, https:\/\/www.lucernatv.cz\/wp-content\/uploads\/2021\/01\/port_jan_1-06-768x543.jpeg 768w, https:\/\/www.lucernatv.cz\/wp-content\/uploads\/2021\/01\/port_jan_1-06-1527x1080.jpeg 1527w, https:\/\/www.lucernatv.cz\/wp-content\/uploads\/2021\/01\/port_jan_1-06-100x71.jpeg 100w, https:\/\/www.lucernatv.cz\/wp-content\/uploads\/2021\/01\/port_jan_1-06-1200x849.jpeg 1200w\" data-vp-popup-img-size=\"1920x1358\" data-vp-popup-md-img=\"https:\/\/www.lucernatv.cz\/wp-content\/uploads\/2021\/01\/port_jan_1-06.jpeg\" data-vp-popup-md-img-size=\"800x566\" data-vp-popup-sm-img=\"https:\/\/www.lucernatv.cz\/wp-content\/uploads\/2021\/01\/port_jan_1-06.jpeg\" data-vp-popup-sm-img-size=\"500x354\">\n            <h3 class=\"vp-portfolio__item-popup-title\">Jan Drobisz \u2013 Portfolio 5<\/h3>\n        <\/template>\n                        <figure class=\"vp-portfolio__item\">\n                \n<div class=\"vp-portfolio__item-img-wrap\">\n    <div class=\"vp-portfolio__item-img\">\n            <a\n        href=\"https:\/\/www.lucernatv.cz\/wp-content\/uploads\/2021\/01\/port_jan_1-06.jpeg\"\n            >\n    \n        <img decoding=\"async\" width=\"1920\" height=\"1358\" src=\"https:\/\/www.lucernatv.cz\/wp-content\/uploads\/2021\/01\/port_jan_1-06.jpeg\" class=\"wp-image-566\" alt=\"\" srcset=\"https:\/\/www.lucernatv.cz\/wp-content\/uploads\/2021\/01\/port_jan_1-06.jpeg 2000w, https:\/\/www.lucernatv.cz\/wp-content\/uploads\/2021\/01\/port_jan_1-06-300x212.jpeg 300w, https:\/\/www.lucernatv.cz\/wp-content\/uploads\/2021\/01\/port_jan_1-06-768x543.jpeg 768w, https:\/\/www.lucernatv.cz\/wp-content\/uploads\/2021\/01\/port_jan_1-06-1527x1080.jpeg 1527w, https:\/\/www.lucernatv.cz\/wp-content\/uploads\/2021\/01\/port_jan_1-06-100x71.jpeg 100w, https:\/\/www.lucernatv.cz\/wp-content\/uploads\/2021\/01\/port_jan_1-06-1200x849.jpeg 1200w\" sizes=\"(max-width: 1920px) 100vw, 1920px\" \/>\n        <\/a>    <\/div>\n<\/div>\n\n<figcaption class=\"vp-portfolio__item-overlay vp-portfolio__item-overlay-text-align-center\">\n    <div class=\"vp-portfolio__item-meta-wrap vp-portfolio__custom-scrollbar\">\n            <a\n        href=\"https:\/\/www.lucernatv.cz\/wp-content\/uploads\/2021\/01\/port_jan_1-06.jpeg\"\n        tabindex=\"-1\" class=\"vp-portfolio__item-meta\"     >\n    \n        \n<h2 class=\"vp-portfolio__item-meta-title\">\n    Jan Drobisz \u2013 Portfolio 5<\/h2>\n\n        <\/a>    <\/div>\n<\/figcaption>\n            <\/figure>\n                    <\/div>\n        \n        <div        class=\"vp-portfolio__item-wrap vp-portfolio__item-uid-962d3251\" data-vp-filter=\"\"         >\n            <template class=\"vp-portfolio__item-popup\" data-vp-popup-img=\"https:\/\/www.lucernatv.cz\/wp-content\/uploads\/2021\/01\/port_jan_1-07.jpeg\" data-vp-popup-img-srcset=\"https:\/\/www.lucernatv.cz\/wp-content\/uploads\/2021\/01\/port_jan_1-07.jpeg 2000w, https:\/\/www.lucernatv.cz\/wp-content\/uploads\/2021\/01\/port_jan_1-07-300x212.jpeg 300w, https:\/\/www.lucernatv.cz\/wp-content\/uploads\/2021\/01\/port_jan_1-07-768x543.jpeg 768w, https:\/\/www.lucernatv.cz\/wp-content\/uploads\/2021\/01\/port_jan_1-07-1527x1080.jpeg 1527w, https:\/\/www.lucernatv.cz\/wp-content\/uploads\/2021\/01\/port_jan_1-07-100x71.jpeg 100w, https:\/\/www.lucernatv.cz\/wp-content\/uploads\/2021\/01\/port_jan_1-07-1200x849.jpeg 1200w\" data-vp-popup-img-size=\"1920x1358\" data-vp-popup-md-img=\"https:\/\/www.lucernatv.cz\/wp-content\/uploads\/2021\/01\/port_jan_1-07.jpeg\" data-vp-popup-md-img-size=\"800x566\" data-vp-popup-sm-img=\"https:\/\/www.lucernatv.cz\/wp-content\/uploads\/2021\/01\/port_jan_1-07.jpeg\" data-vp-popup-sm-img-size=\"500x354\">\n            <h3 class=\"vp-portfolio__item-popup-title\">Jan Drobisz \u2013 Portfolio 6<\/h3>\n        <\/template>\n                        <figure class=\"vp-portfolio__item\">\n                \n<div class=\"vp-portfolio__item-img-wrap\">\n    <div class=\"vp-portfolio__item-img\">\n            <a\n        href=\"https:\/\/www.lucernatv.cz\/wp-content\/uploads\/2021\/01\/port_jan_1-07.jpeg\"\n            >\n    \n        <img decoding=\"async\" width=\"1920\" height=\"1358\" src=\"https:\/\/www.lucernatv.cz\/wp-content\/uploads\/2021\/01\/port_jan_1-07.jpeg\" class=\"wp-image-567\" alt=\"\" srcset=\"https:\/\/www.lucernatv.cz\/wp-content\/uploads\/2021\/01\/port_jan_1-07.jpeg 2000w, https:\/\/www.lucernatv.cz\/wp-content\/uploads\/2021\/01\/port_jan_1-07-300x212.jpeg 300w, https:\/\/www.lucernatv.cz\/wp-content\/uploads\/2021\/01\/port_jan_1-07-768x543.jpeg 768w, https:\/\/www.lucernatv.cz\/wp-content\/uploads\/2021\/01\/port_jan_1-07-1527x1080.jpeg 1527w, https:\/\/www.lucernatv.cz\/wp-content\/uploads\/2021\/01\/port_jan_1-07-100x71.jpeg 100w, https:\/\/www.lucernatv.cz\/wp-content\/uploads\/2021\/01\/port_jan_1-07-1200x849.jpeg 1200w\" sizes=\"(max-width: 1920px) 100vw, 1920px\" \/>\n        <\/a>    <\/div>\n<\/div>\n\n<figcaption class=\"vp-portfolio__item-overlay vp-portfolio__item-overlay-text-align-center\">\n    <div class=\"vp-portfolio__item-meta-wrap vp-portfolio__custom-scrollbar\">\n            <a\n        href=\"https:\/\/www.lucernatv.cz\/wp-content\/uploads\/2021\/01\/port_jan_1-07.jpeg\"\n        tabindex=\"-1\" class=\"vp-portfolio__item-meta\"     >\n    \n        \n<h2 class=\"vp-portfolio__item-meta-title\">\n    Jan Drobisz \u2013 Portfolio 6<\/h2>\n\n        <\/a>    <\/div>\n<\/figcaption>\n            <\/figure>\n                    <\/div>\n        \n        <div        class=\"vp-portfolio__item-wrap vp-portfolio__item-uid-be2e48a5\" data-vp-filter=\"\"         >\n            <template class=\"vp-portfolio__item-popup\" data-vp-popup-img=\"https:\/\/www.lucernatv.cz\/wp-content\/uploads\/2021\/01\/port_jan_1-08.jpg\" data-vp-popup-img-srcset=\"https:\/\/www.lucernatv.cz\/wp-content\/uploads\/2021\/01\/port_jan_1-08.jpg 1000w, https:\/\/www.lucernatv.cz\/wp-content\/uploads\/2021\/01\/port_jan_1-08-300x212.jpg 300w, https:\/\/www.lucernatv.cz\/wp-content\/uploads\/2021\/01\/port_jan_1-08-768x543.jpg 768w, https:\/\/www.lucernatv.cz\/wp-content\/uploads\/2021\/01\/port_jan_1-08-100x71.jpg 100w\" data-vp-popup-img-size=\"1000x707\" data-vp-popup-md-img=\"https:\/\/www.lucernatv.cz\/wp-content\/uploads\/2021\/01\/port_jan_1-08.jpg\" data-vp-popup-md-img-size=\"800x566\" data-vp-popup-sm-img=\"https:\/\/www.lucernatv.cz\/wp-content\/uploads\/2021\/01\/port_jan_1-08.jpg\" data-vp-popup-sm-img-size=\"500x354\">\n            <h3 class=\"vp-portfolio__item-popup-title\">Jan Drobisz \u2013 Portfolio 7<\/h3>\n        <\/template>\n                        <figure class=\"vp-portfolio__item\">\n                \n<div class=\"vp-portfolio__item-img-wrap\">\n    <div class=\"vp-portfolio__item-img\">\n            <a\n        href=\"https:\/\/www.lucernatv.cz\/wp-content\/uploads\/2021\/01\/port_jan_1-08.jpg\"\n            >\n    \n        <img decoding=\"async\" width=\"1000\" height=\"707\" src=\"https:\/\/www.lucernatv.cz\/wp-content\/uploads\/2021\/01\/port_jan_1-08.jpg\" class=\"wp-image-568\" alt=\"\" srcset=\"https:\/\/www.lucernatv.cz\/wp-content\/uploads\/2021\/01\/port_jan_1-08.jpg 1000w, https:\/\/www.lucernatv.cz\/wp-content\/uploads\/2021\/01\/port_jan_1-08-300x212.jpg 300w, https:\/\/www.lucernatv.cz\/wp-content\/uploads\/2021\/01\/port_jan_1-08-768x543.jpg 768w, https:\/\/www.lucernatv.cz\/wp-content\/uploads\/2021\/01\/port_jan_1-08-100x71.jpg 100w\" sizes=\"(max-width: 1000px) 100vw, 1000px\" \/>\n        <\/a>    <\/div>\n<\/div>\n\n<figcaption class=\"vp-portfolio__item-overlay vp-portfolio__item-overlay-text-align-center\">\n    <div class=\"vp-portfolio__item-meta-wrap vp-portfolio__custom-scrollbar\">\n            <a\n        href=\"https:\/\/www.lucernatv.cz\/wp-content\/uploads\/2021\/01\/port_jan_1-08.jpg\"\n        tabindex=\"-1\" class=\"vp-portfolio__item-meta\"     >\n    \n        \n<h2 class=\"vp-portfolio__item-meta-title\">\n    Jan Drobisz \u2013 Portfolio 7<\/h2>\n\n        <\/a>    <\/div>\n<\/figcaption>\n            <\/figure>\n                    <\/div>\n        \n        <div        class=\"vp-portfolio__item-wrap vp-portfolio__item-uid-914a6865\" data-vp-filter=\"\"         >\n            <template class=\"vp-portfolio__item-popup\" data-vp-popup-img=\"https:\/\/www.lucernatv.cz\/wp-content\/uploads\/2021\/01\/port_jan_1-09.jpg\" data-vp-popup-img-srcset=\"https:\/\/www.lucernatv.cz\/wp-content\/uploads\/2021\/01\/port_jan_1-09.jpg 1000w, https:\/\/www.lucernatv.cz\/wp-content\/uploads\/2021\/01\/port_jan_1-09-300x212.jpg 300w, https:\/\/www.lucernatv.cz\/wp-content\/uploads\/2021\/01\/port_jan_1-09-768x543.jpg 768w, https:\/\/www.lucernatv.cz\/wp-content\/uploads\/2021\/01\/port_jan_1-09-100x71.jpg 100w\" data-vp-popup-img-size=\"1000x707\" data-vp-popup-md-img=\"https:\/\/www.lucernatv.cz\/wp-content\/uploads\/2021\/01\/port_jan_1-09.jpg\" data-vp-popup-md-img-size=\"800x566\" data-vp-popup-sm-img=\"https:\/\/www.lucernatv.cz\/wp-content\/uploads\/2021\/01\/port_jan_1-09.jpg\" data-vp-popup-sm-img-size=\"500x354\">\n            <h3 class=\"vp-portfolio__item-popup-title\">Jan Drobisz \u2013 Portfolio 8<\/h3>\n        <\/template>\n                        <figure class=\"vp-portfolio__item\">\n                \n<div class=\"vp-portfolio__item-img-wrap\">\n    <div class=\"vp-portfolio__item-img\">\n            <a\n        href=\"https:\/\/www.lucernatv.cz\/wp-content\/uploads\/2021\/01\/port_jan_1-09.jpg\"\n            >\n    \n        <img decoding=\"async\" width=\"1000\" height=\"707\" src=\"https:\/\/www.lucernatv.cz\/wp-content\/uploads\/2021\/01\/port_jan_1-09.jpg\" class=\"wp-image-569\" alt=\"\" srcset=\"https:\/\/www.lucernatv.cz\/wp-content\/uploads\/2021\/01\/port_jan_1-09.jpg 1000w, https:\/\/www.lucernatv.cz\/wp-content\/uploads\/2021\/01\/port_jan_1-09-300x212.jpg 300w, https:\/\/www.lucernatv.cz\/wp-content\/uploads\/2021\/01\/port_jan_1-09-768x543.jpg 768w, https:\/\/www.lucernatv.cz\/wp-content\/uploads\/2021\/01\/port_jan_1-09-100x71.jpg 100w\" sizes=\"(max-width: 1000px) 100vw, 1000px\" \/>\n        <\/a>    <\/div>\n<\/div>\n\n<figcaption class=\"vp-portfolio__item-overlay vp-portfolio__item-overlay-text-align-center\">\n    <div class=\"vp-portfolio__item-meta-wrap vp-portfolio__custom-scrollbar\">\n            <a\n        href=\"https:\/\/www.lucernatv.cz\/wp-content\/uploads\/2021\/01\/port_jan_1-09.jpg\"\n        tabindex=\"-1\" class=\"vp-portfolio__item-meta\"     >\n    \n        \n<h2 class=\"vp-portfolio__item-meta-title\">\n    Jan Drobisz \u2013 Portfolio 8<\/h2>\n\n        <\/a>    <\/div>\n<\/figcaption>\n            <\/figure>\n                    <\/div>\n        \n        <div        class=\"vp-portfolio__item-wrap vp-portfolio__item-uid-493186e5\" data-vp-filter=\"\"         >\n            <template class=\"vp-portfolio__item-popup\" data-vp-popup-img=\"https:\/\/www.lucernatv.cz\/wp-content\/uploads\/2021\/01\/port_jan_2-01.jpg\" data-vp-popup-img-srcset=\"https:\/\/www.lucernatv.cz\/wp-content\/uploads\/2021\/01\/port_jan_2-01.jpg 1000w, https:\/\/www.lucernatv.cz\/wp-content\/uploads\/2021\/01\/port_jan_2-01-300x212.jpg 300w, https:\/\/www.lucernatv.cz\/wp-content\/uploads\/2021\/01\/port_jan_2-01-768x543.jpg 768w, https:\/\/www.lucernatv.cz\/wp-content\/uploads\/2021\/01\/port_jan_2-01-100x71.jpg 100w\" data-vp-popup-img-size=\"1000x707\" data-vp-popup-md-img=\"https:\/\/www.lucernatv.cz\/wp-content\/uploads\/2021\/01\/port_jan_2-01.jpg\" data-vp-popup-md-img-size=\"800x566\" data-vp-popup-sm-img=\"https:\/\/www.lucernatv.cz\/wp-content\/uploads\/2021\/01\/port_jan_2-01.jpg\" data-vp-popup-sm-img-size=\"500x354\">\n            <h3 class=\"vp-portfolio__item-popup-title\">Jan Drobisz \u2013 Portfolio 9<\/h3>\n        <\/template>\n                        <figure class=\"vp-portfolio__item\">\n                \n<div class=\"vp-portfolio__item-img-wrap\">\n    <div class=\"vp-portfolio__item-img\">\n            <a\n        href=\"https:\/\/www.lucernatv.cz\/wp-content\/uploads\/2021\/01\/port_jan_2-01.jpg\"\n            >\n    \n        <img decoding=\"async\" width=\"1000\" height=\"707\" src=\"https:\/\/www.lucernatv.cz\/wp-content\/uploads\/2021\/01\/port_jan_2-01.jpg\" class=\"wp-image-570\" alt=\"\" srcset=\"https:\/\/www.lucernatv.cz\/wp-content\/uploads\/2021\/01\/port_jan_2-01.jpg 1000w, https:\/\/www.lucernatv.cz\/wp-content\/uploads\/2021\/01\/port_jan_2-01-300x212.jpg 300w, https:\/\/www.lucernatv.cz\/wp-content\/uploads\/2021\/01\/port_jan_2-01-768x543.jpg 768w, https:\/\/www.lucernatv.cz\/wp-content\/uploads\/2021\/01\/port_jan_2-01-100x71.jpg 100w\" sizes=\"(max-width: 1000px) 100vw, 1000px\" \/>\n        <\/a>    <\/div>\n<\/div>\n\n<figcaption class=\"vp-portfolio__item-overlay vp-portfolio__item-overlay-text-align-center\">\n    <div class=\"vp-portfolio__item-meta-wrap vp-portfolio__custom-scrollbar\">\n            <a\n        href=\"https:\/\/www.lucernatv.cz\/wp-content\/uploads\/2021\/01\/port_jan_2-01.jpg\"\n        tabindex=\"-1\" class=\"vp-portfolio__item-meta\"     >\n    \n        \n<h2 class=\"vp-portfolio__item-meta-title\">\n    Jan Drobisz \u2013 Portfolio 9<\/h2>\n\n        <\/a>    <\/div>\n<\/figcaption>\n            <\/figure>\n                    <\/div>\n        \n        <div        class=\"vp-portfolio__item-wrap vp-portfolio__item-uid-189e319c\" data-vp-filter=\"\"         >\n            <template class=\"vp-portfolio__item-popup\" data-vp-popup-img=\"https:\/\/www.lucernatv.cz\/wp-content\/uploads\/2021\/01\/port_jan_2-02.jpg\" data-vp-popup-img-srcset=\"https:\/\/www.lucernatv.cz\/wp-content\/uploads\/2021\/01\/port_jan_2-02.jpg 1000w, https:\/\/www.lucernatv.cz\/wp-content\/uploads\/2021\/01\/port_jan_2-02-300x212.jpg 300w, https:\/\/www.lucernatv.cz\/wp-content\/uploads\/2021\/01\/port_jan_2-02-768x543.jpg 768w, https:\/\/www.lucernatv.cz\/wp-content\/uploads\/2021\/01\/port_jan_2-02-100x71.jpg 100w\" data-vp-popup-img-size=\"1000x707\" data-vp-popup-md-img=\"https:\/\/www.lucernatv.cz\/wp-content\/uploads\/2021\/01\/port_jan_2-02.jpg\" data-vp-popup-md-img-size=\"800x566\" data-vp-popup-sm-img=\"https:\/\/www.lucernatv.cz\/wp-content\/uploads\/2021\/01\/port_jan_2-02.jpg\" data-vp-popup-sm-img-size=\"500x354\">\n            <h3 class=\"vp-portfolio__item-popup-title\">Jan Drobisz \u2013 Portfolio 10<\/h3>\n        <\/template>\n                        <figure class=\"vp-portfolio__item\">\n                \n<div class=\"vp-portfolio__item-img-wrap\">\n    <div class=\"vp-portfolio__item-img\">\n            <a\n        href=\"https:\/\/www.lucernatv.cz\/wp-content\/uploads\/2021\/01\/port_jan_2-02.jpg\"\n            >\n    \n        <img decoding=\"async\" width=\"1000\" height=\"707\" src=\"https:\/\/www.lucernatv.cz\/wp-content\/uploads\/2021\/01\/port_jan_2-02.jpg\" class=\"wp-image-571\" alt=\"\" srcset=\"https:\/\/www.lucernatv.cz\/wp-content\/uploads\/2021\/01\/port_jan_2-02.jpg 1000w, https:\/\/www.lucernatv.cz\/wp-content\/uploads\/2021\/01\/port_jan_2-02-300x212.jpg 300w, https:\/\/www.lucernatv.cz\/wp-content\/uploads\/2021\/01\/port_jan_2-02-768x543.jpg 768w, https:\/\/www.lucernatv.cz\/wp-content\/uploads\/2021\/01\/port_jan_2-02-100x71.jpg 100w\" sizes=\"(max-width: 1000px) 100vw, 1000px\" \/>\n        <\/a>    <\/div>\n<\/div>\n\n<figcaption class=\"vp-portfolio__item-overlay vp-portfolio__item-overlay-text-align-center\">\n    <div class=\"vp-portfolio__item-meta-wrap vp-portfolio__custom-scrollbar\">\n            <a\n        href=\"https:\/\/www.lucernatv.cz\/wp-content\/uploads\/2021\/01\/port_jan_2-02.jpg\"\n        tabindex=\"-1\" class=\"vp-portfolio__item-meta\"     >\n    \n        \n<h2 class=\"vp-portfolio__item-meta-title\">\n    Jan Drobisz \u2013 Portfolio 10<\/h2>\n\n        <\/a>    <\/div>\n<\/figcaption>\n            <\/figure>\n                    <\/div>\n        \n        <div        class=\"vp-portfolio__item-wrap vp-portfolio__item-uid-392b0743\" data-vp-filter=\"\"         >\n            <template class=\"vp-portfolio__item-popup\" data-vp-popup-img=\"https:\/\/www.lucernatv.cz\/wp-content\/uploads\/2021\/01\/port_jan_2-03.jpg\" data-vp-popup-img-srcset=\"https:\/\/www.lucernatv.cz\/wp-content\/uploads\/2021\/01\/port_jan_2-03.jpg 1000w, https:\/\/www.lucernatv.cz\/wp-content\/uploads\/2021\/01\/port_jan_2-03-300x212.jpg 300w, https:\/\/www.lucernatv.cz\/wp-content\/uploads\/2021\/01\/port_jan_2-03-768x543.jpg 768w, https:\/\/www.lucernatv.cz\/wp-content\/uploads\/2021\/01\/port_jan_2-03-100x71.jpg 100w\" data-vp-popup-img-size=\"1000x707\" data-vp-popup-md-img=\"https:\/\/www.lucernatv.cz\/wp-content\/uploads\/2021\/01\/port_jan_2-03.jpg\" data-vp-popup-md-img-size=\"800x566\" data-vp-popup-sm-img=\"https:\/\/www.lucernatv.cz\/wp-content\/uploads\/2021\/01\/port_jan_2-03.jpg\" data-vp-popup-sm-img-size=\"500x354\">\n            <h3 class=\"vp-portfolio__item-popup-title\">Jan Drobisz \u2013 Portfolio 11<\/h3>\n        <\/template>\n                        <figure class=\"vp-portfolio__item\">\n                \n<div class=\"vp-portfolio__item-img-wrap\">\n    <div class=\"vp-portfolio__item-img\">\n            <a\n        href=\"https:\/\/www.lucernatv.cz\/wp-content\/uploads\/2021\/01\/port_jan_2-03.jpg\"\n            >\n    \n        <img decoding=\"async\" width=\"1000\" height=\"707\" src=\"https:\/\/www.lucernatv.cz\/wp-content\/uploads\/2021\/01\/port_jan_2-03.jpg\" class=\"wp-image-572\" alt=\"\" srcset=\"https:\/\/www.lucernatv.cz\/wp-content\/uploads\/2021\/01\/port_jan_2-03.jpg 1000w, https:\/\/www.lucernatv.cz\/wp-content\/uploads\/2021\/01\/port_jan_2-03-300x212.jpg 300w, https:\/\/www.lucernatv.cz\/wp-content\/uploads\/2021\/01\/port_jan_2-03-768x543.jpg 768w, https:\/\/www.lucernatv.cz\/wp-content\/uploads\/2021\/01\/port_jan_2-03-100x71.jpg 100w\" sizes=\"(max-width: 1000px) 100vw, 1000px\" \/>\n        <\/a>    <\/div>\n<\/div>\n\n<figcaption class=\"vp-portfolio__item-overlay vp-portfolio__item-overlay-text-align-center\">\n    <div class=\"vp-portfolio__item-meta-wrap vp-portfolio__custom-scrollbar\">\n            <a\n        href=\"https:\/\/www.lucernatv.cz\/wp-content\/uploads\/2021\/01\/port_jan_2-03.jpg\"\n        tabindex=\"-1\" class=\"vp-portfolio__item-meta\"     >\n    \n        \n<h2 class=\"vp-portfolio__item-meta-title\">\n    Jan Drobisz \u2013 Portfolio 11<\/h2>\n\n        <\/a>    <\/div>\n<\/figcaption>\n            <\/figure>\n                    <\/div>\n        \n        <div        class=\"vp-portfolio__item-wrap vp-portfolio__item-uid-5c99983b\" data-vp-filter=\"\"         >\n            <template class=\"vp-portfolio__item-popup\" data-vp-popup-img=\"https:\/\/www.lucernatv.cz\/wp-content\/uploads\/2021\/01\/port_jan_2-04.jpg\" data-vp-popup-img-srcset=\"https:\/\/www.lucernatv.cz\/wp-content\/uploads\/2021\/01\/port_jan_2-04.jpg 1000w, https:\/\/www.lucernatv.cz\/wp-content\/uploads\/2021\/01\/port_jan_2-04-300x212.jpg 300w, https:\/\/www.lucernatv.cz\/wp-content\/uploads\/2021\/01\/port_jan_2-04-768x543.jpg 768w, https:\/\/www.lucernatv.cz\/wp-content\/uploads\/2021\/01\/port_jan_2-04-100x71.jpg 100w\" data-vp-popup-img-size=\"1000x707\" data-vp-popup-md-img=\"https:\/\/www.lucernatv.cz\/wp-content\/uploads\/2021\/01\/port_jan_2-04.jpg\" data-vp-popup-md-img-size=\"800x566\" data-vp-popup-sm-img=\"https:\/\/www.lucernatv.cz\/wp-content\/uploads\/2021\/01\/port_jan_2-04.jpg\" data-vp-popup-sm-img-size=\"500x354\">\n            <h3 class=\"vp-portfolio__item-popup-title\">Jan Drobisz \u2013 Portfolio 12<\/h3>\n        <\/template>\n                        <figure class=\"vp-portfolio__item\">\n                \n<div class=\"vp-portfolio__item-img-wrap\">\n    <div class=\"vp-portfolio__item-img\">\n            <a\n        href=\"https:\/\/www.lucernatv.cz\/wp-content\/uploads\/2021\/01\/port_jan_2-04.jpg\"\n            >\n    \n        <img decoding=\"async\" width=\"1000\" height=\"707\" src=\"https:\/\/www.lucernatv.cz\/wp-content\/uploads\/2021\/01\/port_jan_2-04.jpg\" class=\"wp-image-573\" alt=\"\" srcset=\"https:\/\/www.lucernatv.cz\/wp-content\/uploads\/2021\/01\/port_jan_2-04.jpg 1000w, https:\/\/www.lucernatv.cz\/wp-content\/uploads\/2021\/01\/port_jan_2-04-300x212.jpg 300w, https:\/\/www.lucernatv.cz\/wp-content\/uploads\/2021\/01\/port_jan_2-04-768x543.jpg 768w, https:\/\/www.lucernatv.cz\/wp-content\/uploads\/2021\/01\/port_jan_2-04-100x71.jpg 100w\" sizes=\"(max-width: 1000px) 100vw, 1000px\" \/>\n        <\/a>    <\/div>\n<\/div>\n\n<figcaption class=\"vp-portfolio__item-overlay vp-portfolio__item-overlay-text-align-center\">\n    <div class=\"vp-portfolio__item-meta-wrap vp-portfolio__custom-scrollbar\">\n            <a\n        href=\"https:\/\/www.lucernatv.cz\/wp-content\/uploads\/2021\/01\/port_jan_2-04.jpg\"\n        tabindex=\"-1\" class=\"vp-portfolio__item-meta\"     >\n    \n        \n<h2 class=\"vp-portfolio__item-meta-title\">\n    Jan Drobisz \u2013 Portfolio 12<\/h2>\n\n        <\/a>    <\/div>\n<\/figcaption>\n            <\/figure>\n                    <\/div>\n        \n        <div        class=\"vp-portfolio__item-wrap vp-portfolio__item-uid-7a416afd\" data-vp-filter=\"\"         >\n            <template class=\"vp-portfolio__item-popup\" data-vp-popup-img=\"https:\/\/www.lucernatv.cz\/wp-content\/uploads\/2021\/01\/port_jan_2-05.jpg\" data-vp-popup-img-srcset=\"https:\/\/www.lucernatv.cz\/wp-content\/uploads\/2021\/01\/port_jan_2-05.jpg 1000w, https:\/\/www.lucernatv.cz\/wp-content\/uploads\/2021\/01\/port_jan_2-05-300x212.jpg 300w, https:\/\/www.lucernatv.cz\/wp-content\/uploads\/2021\/01\/port_jan_2-05-768x543.jpg 768w, https:\/\/www.lucernatv.cz\/wp-content\/uploads\/2021\/01\/port_jan_2-05-100x71.jpg 100w\" data-vp-popup-img-size=\"1000x707\" data-vp-popup-md-img=\"https:\/\/www.lucernatv.cz\/wp-content\/uploads\/2021\/01\/port_jan_2-05.jpg\" data-vp-popup-md-img-size=\"800x566\" data-vp-popup-sm-img=\"https:\/\/www.lucernatv.cz\/wp-content\/uploads\/2021\/01\/port_jan_2-05.jpg\" data-vp-popup-sm-img-size=\"500x354\">\n            <h3 class=\"vp-portfolio__item-popup-title\">Jan Drobisz \u2013 Portfolio 13<\/h3>\n        <\/template>\n                        <figure class=\"vp-portfolio__item\">\n                \n<div class=\"vp-portfolio__item-img-wrap\">\n    <div class=\"vp-portfolio__item-img\">\n            <a\n        href=\"https:\/\/www.lucernatv.cz\/wp-content\/uploads\/2021\/01\/port_jan_2-05.jpg\"\n            >\n    \n        <img decoding=\"async\" width=\"1000\" height=\"707\" src=\"https:\/\/www.lucernatv.cz\/wp-content\/uploads\/2021\/01\/port_jan_2-05.jpg\" class=\"wp-image-574\" alt=\"\" srcset=\"https:\/\/www.lucernatv.cz\/wp-content\/uploads\/2021\/01\/port_jan_2-05.jpg 1000w, https:\/\/www.lucernatv.cz\/wp-content\/uploads\/2021\/01\/port_jan_2-05-300x212.jpg 300w, https:\/\/www.lucernatv.cz\/wp-content\/uploads\/2021\/01\/port_jan_2-05-768x543.jpg 768w, https:\/\/www.lucernatv.cz\/wp-content\/uploads\/2021\/01\/port_jan_2-05-100x71.jpg 100w\" sizes=\"(max-width: 1000px) 100vw, 1000px\" \/>\n        <\/a>    <\/div>\n<\/div>\n\n<figcaption class=\"vp-portfolio__item-overlay vp-portfolio__item-overlay-text-align-center\">\n    <div class=\"vp-portfolio__item-meta-wrap vp-portfolio__custom-scrollbar\">\n            <a\n        href=\"https:\/\/www.lucernatv.cz\/wp-content\/uploads\/2021\/01\/port_jan_2-05.jpg\"\n        tabindex=\"-1\" class=\"vp-portfolio__item-meta\"     >\n    \n        \n<h2 class=\"vp-portfolio__item-meta-title\">\n    Jan Drobisz \u2013 Portfolio 13<\/h2>\n\n        <\/a>    <\/div>\n<\/figcaption>\n            <\/figure>\n                    <\/div>\n        \n        <div        class=\"vp-portfolio__item-wrap vp-portfolio__item-uid-909162d2\" data-vp-filter=\"\"         >\n            <template class=\"vp-portfolio__item-popup\" data-vp-popup-img=\"https:\/\/www.lucernatv.cz\/wp-content\/uploads\/2021\/01\/port_jan_2-06.jpg\" data-vp-popup-img-srcset=\"https:\/\/www.lucernatv.cz\/wp-content\/uploads\/2021\/01\/port_jan_2-06.jpg 1000w, https:\/\/www.lucernatv.cz\/wp-content\/uploads\/2021\/01\/port_jan_2-06-300x212.jpg 300w, https:\/\/www.lucernatv.cz\/wp-content\/uploads\/2021\/01\/port_jan_2-06-768x543.jpg 768w, https:\/\/www.lucernatv.cz\/wp-content\/uploads\/2021\/01\/port_jan_2-06-100x71.jpg 100w\" data-vp-popup-img-size=\"1000x707\" data-vp-popup-md-img=\"https:\/\/www.lucernatv.cz\/wp-content\/uploads\/2021\/01\/port_jan_2-06.jpg\" data-vp-popup-md-img-size=\"800x566\" data-vp-popup-sm-img=\"https:\/\/www.lucernatv.cz\/wp-content\/uploads\/2021\/01\/port_jan_2-06.jpg\" data-vp-popup-sm-img-size=\"500x354\">\n            <h3 class=\"vp-portfolio__item-popup-title\">Jan Drobisz \u2013 Portfolio 14<\/h3>\n        <\/template>\n                        <figure class=\"vp-portfolio__item\">\n                \n<div class=\"vp-portfolio__item-img-wrap\">\n    <div class=\"vp-portfolio__item-img\">\n            <a\n        href=\"https:\/\/www.lucernatv.cz\/wp-content\/uploads\/2021\/01\/port_jan_2-06.jpg\"\n            >\n    \n        <img decoding=\"async\" width=\"1000\" height=\"707\" src=\"https:\/\/www.lucernatv.cz\/wp-content\/uploads\/2021\/01\/port_jan_2-06.jpg\" class=\"wp-image-575\" alt=\"\" srcset=\"https:\/\/www.lucernatv.cz\/wp-content\/uploads\/2021\/01\/port_jan_2-06.jpg 1000w, https:\/\/www.lucernatv.cz\/wp-content\/uploads\/2021\/01\/port_jan_2-06-300x212.jpg 300w, https:\/\/www.lucernatv.cz\/wp-content\/uploads\/2021\/01\/port_jan_2-06-768x543.jpg 768w, https:\/\/www.lucernatv.cz\/wp-content\/uploads\/2021\/01\/port_jan_2-06-100x71.jpg 100w\" sizes=\"(max-width: 1000px) 100vw, 1000px\" \/>\n        <\/a>    <\/div>\n<\/div>\n\n<figcaption class=\"vp-portfolio__item-overlay vp-portfolio__item-overlay-text-align-center\">\n    <div class=\"vp-portfolio__item-meta-wrap vp-portfolio__custom-scrollbar\">\n            <a\n        href=\"https:\/\/www.lucernatv.cz\/wp-content\/uploads\/2021\/01\/port_jan_2-06.jpg\"\n        tabindex=\"-1\" class=\"vp-portfolio__item-meta\"     >\n    \n        \n<h2 class=\"vp-portfolio__item-meta-title\">\n    Jan Drobisz \u2013 Portfolio 14<\/h2>\n\n        <\/a>    <\/div>\n<\/figcaption>\n            <\/figure>\n                    <\/div>\n        \n        <div        class=\"vp-portfolio__item-wrap vp-portfolio__item-uid-b124540d\" data-vp-filter=\"\"         >\n            <template class=\"vp-portfolio__item-popup\" data-vp-popup-img=\"https:\/\/www.lucernatv.cz\/wp-content\/uploads\/2021\/01\/port_jan_2-07.jpg\" data-vp-popup-img-srcset=\"https:\/\/www.lucernatv.cz\/wp-content\/uploads\/2021\/01\/port_jan_2-07.jpg 1000w, https:\/\/www.lucernatv.cz\/wp-content\/uploads\/2021\/01\/port_jan_2-07-300x212.jpg 300w, https:\/\/www.lucernatv.cz\/wp-content\/uploads\/2021\/01\/port_jan_2-07-768x543.jpg 768w, https:\/\/www.lucernatv.cz\/wp-content\/uploads\/2021\/01\/port_jan_2-07-100x71.jpg 100w\" data-vp-popup-img-size=\"1000x707\" data-vp-popup-md-img=\"https:\/\/www.lucernatv.cz\/wp-content\/uploads\/2021\/01\/port_jan_2-07.jpg\" data-vp-popup-md-img-size=\"800x566\" data-vp-popup-sm-img=\"https:\/\/www.lucernatv.cz\/wp-content\/uploads\/2021\/01\/port_jan_2-07.jpg\" data-vp-popup-sm-img-size=\"500x354\">\n            <h3 class=\"vp-portfolio__item-popup-title\">Jan Drobisz \u2013 Portfolio 15<\/h3>\n        <\/template>\n                        <figure class=\"vp-portfolio__item\">\n                \n<div class=\"vp-portfolio__item-img-wrap\">\n    <div class=\"vp-portfolio__item-img\">\n            <a\n        href=\"https:\/\/www.lucernatv.cz\/wp-content\/uploads\/2021\/01\/port_jan_2-07.jpg\"\n            >\n    \n        <img decoding=\"async\" width=\"1000\" height=\"707\" src=\"https:\/\/www.lucernatv.cz\/wp-content\/uploads\/2021\/01\/port_jan_2-07.jpg\" class=\"wp-image-576\" alt=\"\" srcset=\"https:\/\/www.lucernatv.cz\/wp-content\/uploads\/2021\/01\/port_jan_2-07.jpg 1000w, https:\/\/www.lucernatv.cz\/wp-content\/uploads\/2021\/01\/port_jan_2-07-300x212.jpg 300w, https:\/\/www.lucernatv.cz\/wp-content\/uploads\/2021\/01\/port_jan_2-07-768x543.jpg 768w, https:\/\/www.lucernatv.cz\/wp-content\/uploads\/2021\/01\/port_jan_2-07-100x71.jpg 100w\" sizes=\"(max-width: 1000px) 100vw, 1000px\" \/>\n        <\/a>    <\/div>\n<\/div>\n\n<figcaption class=\"vp-portfolio__item-overlay vp-portfolio__item-overlay-text-align-center\">\n    <div class=\"vp-portfolio__item-meta-wrap vp-portfolio__custom-scrollbar\">\n            <a\n        href=\"https:\/\/www.lucernatv.cz\/wp-content\/uploads\/2021\/01\/port_jan_2-07.jpg\"\n        tabindex=\"-1\" class=\"vp-portfolio__item-meta\"     >\n    \n        \n<h2 class=\"vp-portfolio__item-meta-title\">\n    Jan Drobisz \u2013 Portfolio 15<\/h2>\n\n        <\/a>    <\/div>\n<\/figcaption>\n            <\/figure>\n                    <\/div>\n        \n<\/div>\n        <\/div>\n        \n<\/div>\n<\/div>\n\n\n<h5 class=\"wp-block-heading\">Jan Drobisz o\u010dima Martina Mikol\u00e1\u0161ka<\/h5>\n\n\n\n<p>\u201eS pozdravem V\u00e1\u0161 kolemjdouc\u00ed vlk\u201c \u2013 n\u011bjak takhle zakon\u010dil reflexi sv\u00e9 aktu\u00e1ln\u00ed um\u011bleck\u00e9 pr\u00e1ce ji\u017e del\u0161\u00ed dobu absolvent SU\u0160 Ostrava Jan Drobisz. V roce 2011 dokon\u010dil studium oboru Grafick\u00fd design, zam\u011b\u0159en\u00ed na kresbu a ilustraci. Ji\u017e b\u011bhem studi\u00ed na \u201esu\u0161ce\u201c bylo pro jeho v\u00fdtvarn\u00e9 hled\u00e1n\u00ed typick\u00e9 siln\u00e9 zaujet\u00ed. I p\u0159es sv\u00e9 zdravotn\u00ed omezen\u00ed (nebo mo\u017en\u00e1 pr\u00e1v\u011b d\u00edky n\u011bmu) vn\u00edmal vyjad\u0159ov\u00e1n\u00ed prost\u0159ednictv\u00edm vizu\u00e1ln\u00edch artefakt\u016f, v nich\u017e dominuje linie veden\u00e1 bu\u010f v grafick\u00e9 matrici rydlem nebo na pap\u00ed\u0159e tu\u017ekou, uhlem&nbsp;\u010di perem, jako sv\u016fj hlavn\u00ed zp\u016fsob vyjad\u0159ov\u00e1n\u00ed.<\/p>\n\n\n\n<p>Ve sv\u00fdch prac\u00edch ji\u017e tehdy reflektoval tematiku, kterou bychom (snad nadnesen\u011b) mohli ozna\u010dit za \u201efilozoficko-n\u00e1bo\u017eenskou\u201c. Ta je ale dominantn\u00ed i v s\u00e9rii jeho linoryt\u016f z posledn\u00ed doby, kterou nazval \u201eMlad\u00fd b\u016fh\u201c. Zab\u00fdv\u00e1 se v n\u00ed mo\u017enost\u00ed \u010di nemo\u017enost\u00ed zobrazen\u00ed boha. Hled\u00e1 a pt\u00e1 se, kde vzal b\u016fh p\u0159edobraz pro obraz sebe sama, kdy\u017e pr\u00e1v\u011b podle sv\u00e9ho obrazu m\u011bl stvo\u0159it \u010dlov\u011bka? Na to navazuje v\u00fdtvarn\u00e9 dotazov\u00e1n\u00ed po kone\u010dn\u00e9m smyslu sv\u011bta, po \u0159\u00e1du stoj\u00edc\u00edm v protikladu k chaosu a neuspo\u0159\u00e1danosti. Soub\u011b\u017en\u011b s t\u00edm, ale v k\u0159\u00ed\u017e\u00edc\u00edch se a prot\u00ednaj\u00edc\u00edch lini\u00edch vyr\u00fdvan\u00fdch do plochy linolea, vede i dialog na t\u00e9ma anatomie, kr\u00e1sy i o\u0161klivosti, na t\u00e9ma funk\u010dnosti \u010di bez\u00fa\u010delnosti t\u00e9to dichotomie.<\/p>\n\n\n\n<p>Jeho (slovn\u00ed i v\u00fdtvarn\u00e9) vyjad\u0159ov\u00e1n\u00ed je mo\u017en\u00e1 hrub\u00e9, mo\u017en\u00e1 neomalen\u00e9, mo\u017en\u00e1 dekadentn\u00ed, rouha\u010dsk\u00e9, ale v\u017edy up\u0159\u00edmn\u00e9 v tom, jak je zarputile hledaj\u00edc\u00ed odpov\u011bdi na ot\u00e1zky, kter\u00e9 mo\u017en\u00e1 \u017e\u00e1dn\u00e9 odpov\u011bdi nemaj\u00ed.<\/p>\n","protected":false},"excerpt":{"rendered":"<p>Jan Drobisz o\u010dima Martina Mikol\u00e1\u0161ka \u201eS pozdravem V\u00e1\u0161 kolemjdouc\u00ed vlk\u201c \u2013 n\u011bjak takhle zakon\u010dil reflexi sv\u00e9 aktu\u00e1ln\u00ed um\u011bleck\u00e9 pr\u00e1ce ji\u017e del\u0161\u00ed dobu absolvent SU\u0160 Ostrava Jan Drobisz. V roce 2011 dokon\u010dil studium oboru Grafick\u00fd design, zam\u011b\u0159en\u00ed na kresbu a ilustraci. Ji\u017e b\u011bhem studi\u00ed na \u201esu\u0161ce\u201c bylo pro jeho v\u00fdtvarn\u00e9 hled\u00e1n\u00ed typick\u00e9 siln\u00e9 zaujet\u00ed. I p\u0159es&hellip;&nbsp;<a href=\"https:\/\/www.lucernatv.cz\/index.php\/2021\/02\/11\/30-let-sus-ostrava-jan-drobisz\/\" class=\"\" rel=\"bookmark\">\u010c\u00edst d\u00e1le &raquo;<span class=\"screen-reader-text\">30 let SU\u0160 Ostrava \u2013 Jan Drobisz<\/span><\/a><\/p>\n","protected":false},"author":1,"featured_media":561,"comment_status":"closed","ping_status":"open","sticky":false,"template":"","format":"gallery","meta":{"inline_featured_image":false,"_uag_custom_page_level_css":"","neve_meta_sidebar":"","neve_meta_container":"","neve_meta_enable_content_width":"","neve_meta_content_width":0,"neve_meta_title_alignment":"","neve_meta_author_avatar":"","neve_post_elements_order":"","neve_meta_disable_header":"","neve_meta_disable_footer":"","neve_meta_disable_title":"","_vp_format_video_url":"","_vp_image_focal_point":[]},"categories":[3,12],"tags":[31,26],"yoast_head":"<!-- This site is optimized with the Yoast SEO plugin v20.12 - https:\/\/yoast.com\/wordpress\/plugins\/seo\/ -->\n<title>30 let SU\u0160 Ostrava \u2013 Jan Drobisz - lucernatv.cz<\/title>\n<meta name=\"robots\" content=\"index, follow, max-snippet:-1, max-image-preview:large, max-video-preview:-1\" \/>\n<link rel=\"canonical\" href=\"https:\/\/www.lucernatv.cz\/index.php\/2021\/02\/11\/30-let-sus-ostrava-jan-drobisz\/\" \/>\n<meta property=\"og:locale\" content=\"cs_CZ\" \/>\n<meta property=\"og:type\" content=\"article\" \/>\n<meta property=\"og:title\" content=\"30 let SU\u0160 Ostrava \u2013 Jan Drobisz - lucernatv.cz\" \/>\n<meta property=\"og:description\" content=\"Jan Drobisz o\u010dima Martina Mikol\u00e1\u0161ka \u201eS pozdravem V\u00e1\u0161 kolemjdouc\u00ed vlk\u201c \u2013 n\u011bjak takhle zakon\u010dil reflexi sv\u00e9 aktu\u00e1ln\u00ed um\u011bleck\u00e9 pr\u00e1ce ji\u017e del\u0161\u00ed dobu absolvent SU\u0160 Ostrava Jan Drobisz. V roce 2011 dokon\u010dil studium oboru Grafick\u00fd design, zam\u011b\u0159en\u00ed na kresbu a ilustraci. Ji\u017e b\u011bhem studi\u00ed na \u201esu\u0161ce\u201c bylo pro jeho v\u00fdtvarn\u00e9 hled\u00e1n\u00ed typick\u00e9 siln\u00e9 zaujet\u00ed. I p\u0159es&hellip;&nbsp;\u010c\u00edst d\u00e1le &raquo;30 let SU\u0160 Ostrava \u2013 Jan Drobisz\" \/>\n<meta property=\"og:url\" content=\"https:\/\/www.lucernatv.cz\/index.php\/2021\/02\/11\/30-let-sus-ostrava-jan-drobisz\/\" \/>\n<meta property=\"og:site_name\" content=\"lucernatv.cz\" \/>\n<meta property=\"article:publisher\" content=\"https:\/\/www.facebook.com\/avtopava\" \/>\n<meta property=\"article:published_time\" content=\"2021-02-11T12:16:51+00:00\" \/>\n<meta property=\"article:modified_time\" content=\"2021-02-17T13:31:24+00:00\" \/>\n<meta property=\"og:image\" content=\"https:\/\/www.lucernatv.cz\/wp-content\/uploads\/2021\/01\/port_jan_1-01.jpg\" \/>\n\t<meta property=\"og:image:width\" content=\"1000\" \/>\n\t<meta property=\"og:image:height\" content=\"707\" \/>\n\t<meta property=\"og:image:type\" content=\"image\/jpeg\" \/>\n<meta name=\"author\" content=\"lucernatvc\" \/>\n<meta name=\"twitter:card\" content=\"summary_large_image\" \/>\n<meta name=\"twitter:label1\" content=\"Napsal(a)\" \/>\n\t<meta name=\"twitter:data1\" content=\"lucernatvc\" \/>\n\t<meta name=\"twitter:label2\" content=\"Odhadovan\u00e1 doba \u010dten\u00ed\" \/>\n\t<meta name=\"twitter:data2\" content=\"2 minuty\" \/>\n<script type=\"application\/ld+json\" class=\"yoast-schema-graph\">{\"@context\":\"https:\/\/schema.org\",\"@graph\":[{\"@type\":\"Article\",\"@id\":\"https:\/\/www.lucernatv.cz\/index.php\/2021\/02\/11\/30-let-sus-ostrava-jan-drobisz\/#article\",\"isPartOf\":{\"@id\":\"https:\/\/www.lucernatv.cz\/index.php\/2021\/02\/11\/30-let-sus-ostrava-jan-drobisz\/\"},\"author\":{\"name\":\"lucernatvc\",\"@id\":\"https:\/\/www.lucernatv.cz\/#\/schema\/person\/fdc6b3778fe63c82ba7479978ad159ad\"},\"headline\":\"30 let SU\u0160 Ostrava \u2013 Jan Drobisz\",\"datePublished\":\"2021-02-11T12:16:51+00:00\",\"dateModified\":\"2021-02-17T13:31:24+00:00\",\"mainEntityOfPage\":{\"@id\":\"https:\/\/www.lucernatv.cz\/index.php\/2021\/02\/11\/30-let-sus-ostrava-jan-drobisz\/\"},\"wordCount\":319,\"publisher\":{\"@id\":\"https:\/\/www.lucernatv.cz\/#organization\"},\"keywords\":[\"30 let SU\u0160 Ostrava\",\"galerie\"],\"articleSection\":[\"Kultura\",\"v\u00fdtvarn\u00e9 um\u011bn\u00ed, architektura a ve\u0159ejn\u00fd prostor\"],\"inLanguage\":\"cs\"},{\"@type\":\"WebPage\",\"@id\":\"https:\/\/www.lucernatv.cz\/index.php\/2021\/02\/11\/30-let-sus-ostrava-jan-drobisz\/\",\"url\":\"https:\/\/www.lucernatv.cz\/index.php\/2021\/02\/11\/30-let-sus-ostrava-jan-drobisz\/\",\"name\":\"30 let SU\u0160 Ostrava \u2013 Jan Drobisz - lucernatv.cz\",\"isPartOf\":{\"@id\":\"https:\/\/www.lucernatv.cz\/#website\"},\"datePublished\":\"2021-02-11T12:16:51+00:00\",\"dateModified\":\"2021-02-17T13:31:24+00:00\",\"breadcrumb\":{\"@id\":\"https:\/\/www.lucernatv.cz\/index.php\/2021\/02\/11\/30-let-sus-ostrava-jan-drobisz\/#breadcrumb\"},\"inLanguage\":\"cs\",\"potentialAction\":[{\"@type\":\"ReadAction\",\"target\":[\"https:\/\/www.lucernatv.cz\/index.php\/2021\/02\/11\/30-let-sus-ostrava-jan-drobisz\/\"]}]},{\"@type\":\"BreadcrumbList\",\"@id\":\"https:\/\/www.lucernatv.cz\/index.php\/2021\/02\/11\/30-let-sus-ostrava-jan-drobisz\/#breadcrumb\",\"itemListElement\":[{\"@type\":\"ListItem\",\"position\":1,\"name\":\"Dom\u016f\",\"item\":\"https:\/\/www.lucernatv.cz\/\"},{\"@type\":\"ListItem\",\"position\":2,\"name\":\"30 let SU\u0160 Ostrava \u2013 Jan Drobisz\"}]},{\"@type\":\"WebSite\",\"@id\":\"https:\/\/www.lucernatv.cz\/#website\",\"url\":\"https:\/\/www.lucernatv.cz\/\",\"name\":\"lucernatv.cz\",\"description\":\"Vzd\u011bl\u00e1vac\u00ed televize\",\"publisher\":{\"@id\":\"https:\/\/www.lucernatv.cz\/#organization\"},\"alternateName\":\"Lucerna TV\",\"potentialAction\":[{\"@type\":\"SearchAction\",\"target\":{\"@type\":\"EntryPoint\",\"urlTemplate\":\"https:\/\/www.lucernatv.cz\/?s={search_term_string}\"},\"query-input\":\"required name=search_term_string\"}],\"inLanguage\":\"cs\"},{\"@type\":\"Organization\",\"@id\":\"https:\/\/www.lucernatv.cz\/#organization\",\"name\":\"Lucerna TV\",\"url\":\"https:\/\/www.lucernatv.cz\/\",\"logo\":{\"@type\":\"ImageObject\",\"inLanguage\":\"cs\",\"@id\":\"https:\/\/www.lucernatv.cz\/#\/schema\/logo\/image\/\",\"url\":\"https:\/\/www.lucernatv.cz\/wp-content\/uploads\/2021\/02\/logo.svg\",\"contentUrl\":\"https:\/\/www.lucernatv.cz\/wp-content\/uploads\/2021\/02\/logo.svg\",\"width\":128,\"height\":41,\"caption\":\"Lucerna TV\"},\"image\":{\"@id\":\"https:\/\/www.lucernatv.cz\/#\/schema\/logo\/image\/\"},\"sameAs\":[\"https:\/\/www.facebook.com\/avtopava\",\"https:\/\/www.youtube.com\/channel\/UCtP8PPWG9JatWSMsKMOvdDg\"]},{\"@type\":\"Person\",\"@id\":\"https:\/\/www.lucernatv.cz\/#\/schema\/person\/fdc6b3778fe63c82ba7479978ad159ad\",\"name\":\"lucernatvc\",\"image\":{\"@type\":\"ImageObject\",\"inLanguage\":\"cs\",\"@id\":\"https:\/\/www.lucernatv.cz\/#\/schema\/person\/image\/\",\"url\":\"https:\/\/secure.gravatar.com\/avatar\/5b7905a95103f5227c1afd8b2a10f058?s=96&d=mm&r=g\",\"contentUrl\":\"https:\/\/secure.gravatar.com\/avatar\/5b7905a95103f5227c1afd8b2a10f058?s=96&d=mm&r=g\",\"caption\":\"lucernatvc\"},\"url\":\"https:\/\/www.lucernatv.cz\/index.php\/author\/lucernatvc\/\"}]}<\/script>\n<!-- \/ Yoast SEO plugin. -->","yoast_head_json":{"title":"30 let SU\u0160 Ostrava \u2013 Jan Drobisz - lucernatv.cz","robots":{"index":"index","follow":"follow","max-snippet":"max-snippet:-1","max-image-preview":"max-image-preview:large","max-video-preview":"max-video-preview:-1"},"canonical":"https:\/\/www.lucernatv.cz\/index.php\/2021\/02\/11\/30-let-sus-ostrava-jan-drobisz\/","og_locale":"cs_CZ","og_type":"article","og_title":"30 let SU\u0160 Ostrava \u2013 Jan Drobisz - lucernatv.cz","og_description":"Jan Drobisz o\u010dima Martina Mikol\u00e1\u0161ka \u201eS pozdravem V\u00e1\u0161 kolemjdouc\u00ed vlk\u201c \u2013 n\u011bjak takhle zakon\u010dil reflexi sv\u00e9 aktu\u00e1ln\u00ed um\u011bleck\u00e9 pr\u00e1ce ji\u017e del\u0161\u00ed dobu absolvent SU\u0160 Ostrava Jan Drobisz. V roce 2011 dokon\u010dil studium oboru Grafick\u00fd design, zam\u011b\u0159en\u00ed na kresbu a ilustraci. Ji\u017e b\u011bhem studi\u00ed na \u201esu\u0161ce\u201c bylo pro jeho v\u00fdtvarn\u00e9 hled\u00e1n\u00ed typick\u00e9 siln\u00e9 zaujet\u00ed. I p\u0159es&hellip;&nbsp;\u010c\u00edst d\u00e1le &raquo;30 let SU\u0160 Ostrava \u2013 Jan Drobisz","og_url":"https:\/\/www.lucernatv.cz\/index.php\/2021\/02\/11\/30-let-sus-ostrava-jan-drobisz\/","og_site_name":"lucernatv.cz","article_publisher":"https:\/\/www.facebook.com\/avtopava","article_published_time":"2021-02-11T12:16:51+00:00","article_modified_time":"2021-02-17T13:31:24+00:00","og_image":[{"width":1000,"height":707,"url":"https:\/\/www.lucernatv.cz\/wp-content\/uploads\/2021\/01\/port_jan_1-01.jpg","type":"image\/jpeg"}],"author":"lucernatvc","twitter_card":"summary_large_image","twitter_misc":{"Napsal(a)":"lucernatvc","Odhadovan\u00e1 doba \u010dten\u00ed":"2 minuty"},"schema":{"@context":"https:\/\/schema.org","@graph":[{"@type":"Article","@id":"https:\/\/www.lucernatv.cz\/index.php\/2021\/02\/11\/30-let-sus-ostrava-jan-drobisz\/#article","isPartOf":{"@id":"https:\/\/www.lucernatv.cz\/index.php\/2021\/02\/11\/30-let-sus-ostrava-jan-drobisz\/"},"author":{"name":"lucernatvc","@id":"https:\/\/www.lucernatv.cz\/#\/schema\/person\/fdc6b3778fe63c82ba7479978ad159ad"},"headline":"30 let SU\u0160 Ostrava \u2013 Jan Drobisz","datePublished":"2021-02-11T12:16:51+00:00","dateModified":"2021-02-17T13:31:24+00:00","mainEntityOfPage":{"@id":"https:\/\/www.lucernatv.cz\/index.php\/2021\/02\/11\/30-let-sus-ostrava-jan-drobisz\/"},"wordCount":319,"publisher":{"@id":"https:\/\/www.lucernatv.cz\/#organization"},"keywords":["30 let SU\u0160 Ostrava","galerie"],"articleSection":["Kultura","v\u00fdtvarn\u00e9 um\u011bn\u00ed, architektura a ve\u0159ejn\u00fd prostor"],"inLanguage":"cs"},{"@type":"WebPage","@id":"https:\/\/www.lucernatv.cz\/index.php\/2021\/02\/11\/30-let-sus-ostrava-jan-drobisz\/","url":"https:\/\/www.lucernatv.cz\/index.php\/2021\/02\/11\/30-let-sus-ostrava-jan-drobisz\/","name":"30 let SU\u0160 Ostrava \u2013 Jan Drobisz - lucernatv.cz","isPartOf":{"@id":"https:\/\/www.lucernatv.cz\/#website"},"datePublished":"2021-02-11T12:16:51+00:00","dateModified":"2021-02-17T13:31:24+00:00","breadcrumb":{"@id":"https:\/\/www.lucernatv.cz\/index.php\/2021\/02\/11\/30-let-sus-ostrava-jan-drobisz\/#breadcrumb"},"inLanguage":"cs","potentialAction":[{"@type":"ReadAction","target":["https:\/\/www.lucernatv.cz\/index.php\/2021\/02\/11\/30-let-sus-ostrava-jan-drobisz\/"]}]},{"@type":"BreadcrumbList","@id":"https:\/\/www.lucernatv.cz\/index.php\/2021\/02\/11\/30-let-sus-ostrava-jan-drobisz\/#breadcrumb","itemListElement":[{"@type":"ListItem","position":1,"name":"Dom\u016f","item":"https:\/\/www.lucernatv.cz\/"},{"@type":"ListItem","position":2,"name":"30 let SU\u0160 Ostrava \u2013 Jan Drobisz"}]},{"@type":"WebSite","@id":"https:\/\/www.lucernatv.cz\/#website","url":"https:\/\/www.lucernatv.cz\/","name":"lucernatv.cz","description":"Vzd\u011bl\u00e1vac\u00ed televize","publisher":{"@id":"https:\/\/www.lucernatv.cz\/#organization"},"alternateName":"Lucerna TV","potentialAction":[{"@type":"SearchAction","target":{"@type":"EntryPoint","urlTemplate":"https:\/\/www.lucernatv.cz\/?s={search_term_string}"},"query-input":"required name=search_term_string"}],"inLanguage":"cs"},{"@type":"Organization","@id":"https:\/\/www.lucernatv.cz\/#organization","name":"Lucerna TV","url":"https:\/\/www.lucernatv.cz\/","logo":{"@type":"ImageObject","inLanguage":"cs","@id":"https:\/\/www.lucernatv.cz\/#\/schema\/logo\/image\/","url":"https:\/\/www.lucernatv.cz\/wp-content\/uploads\/2021\/02\/logo.svg","contentUrl":"https:\/\/www.lucernatv.cz\/wp-content\/uploads\/2021\/02\/logo.svg","width":128,"height":41,"caption":"Lucerna TV"},"image":{"@id":"https:\/\/www.lucernatv.cz\/#\/schema\/logo\/image\/"},"sameAs":["https:\/\/www.facebook.com\/avtopava","https:\/\/www.youtube.com\/channel\/UCtP8PPWG9JatWSMsKMOvdDg"]},{"@type":"Person","@id":"https:\/\/www.lucernatv.cz\/#\/schema\/person\/fdc6b3778fe63c82ba7479978ad159ad","name":"lucernatvc","image":{"@type":"ImageObject","inLanguage":"cs","@id":"https:\/\/www.lucernatv.cz\/#\/schema\/person\/image\/","url":"https:\/\/secure.gravatar.com\/avatar\/5b7905a95103f5227c1afd8b2a10f058?s=96&d=mm&r=g","contentUrl":"https:\/\/secure.gravatar.com\/avatar\/5b7905a95103f5227c1afd8b2a10f058?s=96&d=mm&r=g","caption":"lucernatvc"},"url":"https:\/\/www.lucernatv.cz\/index.php\/author\/lucernatvc\/"}]}},"uagb_featured_image_src":{"full":["https:\/\/www.lucernatv.cz\/wp-content\/uploads\/2021\/01\/port_jan_1-01.jpg",1000,707,false],"thumbnail":["https:\/\/www.lucernatv.cz\/wp-content\/uploads\/2021\/01\/port_jan_1-01-150x150.jpg",150,150,true],"medium":["https:\/\/www.lucernatv.cz\/wp-content\/uploads\/2021\/01\/port_jan_1-01-300x212.jpg",255,180,true],"medium_large":["https:\/\/www.lucernatv.cz\/wp-content\/uploads\/2021\/01\/port_jan_1-01-768x543.jpg",768,543,true],"large":["https:\/\/www.lucernatv.cz\/wp-content\/uploads\/2021\/01\/port_jan_1-01.jpg",1000,707,false],"1536x1536":["https:\/\/www.lucernatv.cz\/wp-content\/uploads\/2021\/01\/port_jan_1-01.jpg",1000,707,false],"2048x2048":["https:\/\/www.lucernatv.cz\/wp-content\/uploads\/2021\/01\/port_jan_1-01.jpg",1000,707,false],"ultp_layout_landscape_large":["https:\/\/www.lucernatv.cz\/wp-content\/uploads\/2021\/01\/port_jan_1-01.jpg",1000,707,false],"ultp_layout_landscape":["https:\/\/www.lucernatv.cz\/wp-content\/uploads\/2021\/01\/port_jan_1-01.jpg",806,570,false],"ultp_layout_portrait":["https:\/\/www.lucernatv.cz\/wp-content\/uploads\/2021\/01\/port_jan_1-01.jpg",600,424,false],"ultp_layout_square":["https:\/\/www.lucernatv.cz\/wp-content\/uploads\/2021\/01\/port_jan_1-01.jpg",600,424,false],"vp_sm":["https:\/\/www.lucernatv.cz\/wp-content\/uploads\/2021\/01\/port_jan_1-01.jpg",500,354,false],"vp_md":["https:\/\/www.lucernatv.cz\/wp-content\/uploads\/2021\/01\/port_jan_1-01.jpg",800,566,false],"vp_lg":["https:\/\/www.lucernatv.cz\/wp-content\/uploads\/2021\/01\/port_jan_1-01.jpg",1000,707,false],"vp_xl":["https:\/\/www.lucernatv.cz\/wp-content\/uploads\/2021\/01\/port_jan_1-01.jpg",1000,707,false],"vp_sm_popup":["https:\/\/www.lucernatv.cz\/wp-content\/uploads\/2021\/01\/port_jan_1-01.jpg",500,354,false],"vp_md_popup":["https:\/\/www.lucernatv.cz\/wp-content\/uploads\/2021\/01\/port_jan_1-01.jpg",800,566,false],"vp_xl_popup":["https:\/\/www.lucernatv.cz\/wp-content\/uploads\/2021\/01\/port_jan_1-01.jpg",1000,707,false],"neve-blog":["https:\/\/www.lucernatv.cz\/wp-content\/uploads\/2021\/01\/port_jan_1-01.jpg",877,620,false]},"uagb_author_info":{"display_name":"lucernatvc","author_link":"https:\/\/www.lucernatv.cz\/index.php\/author\/lucernatvc\/"},"uagb_comment_info":0,"uagb_excerpt":"Jan Drobisz o\u010dima Martina Mikol\u00e1\u0161ka \u201eS pozdravem V\u00e1\u0161 kolemjdouc\u00ed vlk\u201c \u2013 n\u011bjak takhle zakon\u010dil reflexi sv\u00e9 aktu\u00e1ln\u00ed um\u011bleck\u00e9 pr\u00e1ce ji\u017e del\u0161\u00ed dobu absolvent SU\u0160 Ostrava Jan Drobisz. V roce 2011 dokon\u010dil studium oboru Grafick\u00fd design, zam\u011b\u0159en\u00ed na kresbu a ilustraci. Ji\u017e b\u011bhem studi\u00ed na \u201esu\u0161ce\u201c bylo pro jeho v\u00fdtvarn\u00e9 hled\u00e1n\u00ed typick\u00e9 siln\u00e9 zaujet\u00ed. I p\u0159es&hellip;&nbsp;\u010c\u00edst&hellip;","_links":{"self":[{"href":"https:\/\/www.lucernatv.cz\/index.php\/wp-json\/wp\/v2\/posts\/922"}],"collection":[{"href":"https:\/\/www.lucernatv.cz\/index.php\/wp-json\/wp\/v2\/posts"}],"about":[{"href":"https:\/\/www.lucernatv.cz\/index.php\/wp-json\/wp\/v2\/types\/post"}],"author":[{"embeddable":true,"href":"https:\/\/www.lucernatv.cz\/index.php\/wp-json\/wp\/v2\/users\/1"}],"replies":[{"embeddable":true,"href":"https:\/\/www.lucernatv.cz\/index.php\/wp-json\/wp\/v2\/comments?post=922"}],"version-history":[{"count":10,"href":"https:\/\/www.lucernatv.cz\/index.php\/wp-json\/wp\/v2\/posts\/922\/revisions"}],"predecessor-version":[{"id":961,"href":"https:\/\/www.lucernatv.cz\/index.php\/wp-json\/wp\/v2\/posts\/922\/revisions\/961"}],"wp:featuredmedia":[{"embeddable":true,"href":"https:\/\/www.lucernatv.cz\/index.php\/wp-json\/wp\/v2\/media\/561"}],"wp:attachment":[{"href":"https:\/\/www.lucernatv.cz\/index.php\/wp-json\/wp\/v2\/media?parent=922"}],"wp:term":[{"taxonomy":"category","embeddable":true,"href":"https:\/\/www.lucernatv.cz\/index.php\/wp-json\/wp\/v2\/categories?post=922"},{"taxonomy":"post_tag","embeddable":true,"href":"https:\/\/www.lucernatv.cz\/index.php\/wp-json\/wp\/v2\/tags?post=922"}],"curies":[{"name":"wp","href":"https:\/\/api.w.org\/{rel}","templated":true}]}}