{"id":886,"date":"2021-04-01T06:00:21","date_gmt":"2021-04-01T06:00:21","guid":{"rendered":"https:\/\/www.lucernatv.cz\/?p=886"},"modified":"2021-04-01T10:53:54","modified_gmt":"2021-04-01T10:53:54","slug":"autismus-jako-dar","status":"publish","type":"post","link":"https:\/\/www.lucernatv.cz\/index.php\/2021\/04\/01\/autismus-jako-dar\/","title":{"rendered":"Autismus jako dar"},"content":{"rendered":"\n<figure class=\"wp-block-embed is-type-video is-provider-youtube wp-block-embed-youtube wp-embed-aspect-16-9 wp-has-aspect-ratio\"><div class=\"wp-block-embed__wrapper\">\n<div class=\"nv-iframe-embed\"><div class=\"arve\" data-mode=\"normal\" data-oembed=\"1\" data-provider=\"youtube\" id=\"arve-youtube-vx37jnbyrsk69f37e16d6a94296902926\">\n<span class=\"arve-inner\">\n<span class=\"arve-embed arve-embed--has-aspect-ratio\">\n<span class=\"arve-ar\" style=\"padding-top:56.250000%\"><\/span><iframe allow=\"accelerometer; autoplay; clipboard-write; encrypted-media; gyroscope; picture-in-picture\" allowfullscreen class=\"arve-iframe fitvidsignore\" data-arve=\"arve-youtube-vx37jnbyrsk69f37e16d6a94296902926\" data-src-no-ap=\"https:\/\/www.youtube-nocookie.com\/embed\/VX37JNByrsk?feature=oembed&amp;iv_load_policy=3&amp;modestbranding=1&amp;rel=0&amp;autohide=1&amp;playsinline=0&amp;autoplay=0\" frameborder=\"0\" height=\"0\" sandbox=\"allow-scripts allow-same-origin allow-presentation allow-popups allow-popups-to-escape-sandbox\" scrolling=\"no\" src=\"https:\/\/www.youtube-nocookie.com\/embed\/VX37JNByrsk?feature=oembed&#038;iv_load_policy=3&#038;modestbranding=1&#038;rel=0&#038;autohide=1&#038;playsinline=0&#038;autoplay=0\"><\/iframe>\n\n<\/span>\n\n<\/span>\n<script type=\"application\/ld+json\">{\"@context\":\"http:\\\/\\\/schema.org\\\/\",\"@id\":\"https:\\\/\\\/www.lucernatv.cz\\\/index.php\\\/2021\\\/04\\\/01\\\/autismus-jako-dar\\\/#arve-youtube-vx37jnbyrsk69f37e16d6a94296902926\",\"type\":\"VideoObject\",\"embedURL\":\"https:\\\/\\\/www.youtube-nocookie.com\\\/embed\\\/VX37JNByrsk?feature=oembed&iv_load_policy=3&modestbranding=1&rel=0&autohide=1&playsinline=0&autoplay=0\"}<\/script>\n<\/div>\n<\/div>\n<\/div><\/figure>\n\n\n\n<p>2. duben je mimo jin\u00e9 Sv\u011btov\u00fdm dnem&nbsp;porozum\u011bn\u00ed&nbsp;autismu. Tomuto t\u00e9matu se mimo jin\u00e9 v\u011bnuje tak\u00e9 dokument Autismus jako dar, kter\u00fd je citlivou v\u00fdpov\u011bd\u00ed rodi\u010d\u016f dev\u00edtilet\u00e9ho autisty \u00c1ngela. Na jeho \u201eposti\u017een\u00ed\u201c \u010di \u201ezvl\u00e1\u0161tnost\u201c se d\u00edvaj\u00ed z jin\u00e9ho \u00fahlu pohledu ne\u017e v\u011bt\u0161ina spole\u010dnosti, je to pro n\u011b dar. P\u0159\u00edle\u017eitost k sebepozn\u00e1v\u00e1n\u00ed a sebevzd\u011bl\u00e1v\u00e1n\u00ed se. \u00c1ngel je jejich inspirac\u00ed a u\u010ditelem. Do jejich domu chod\u00ed \u0159ada dobrovoln\u00edk\u016f, aby v hern\u011b s \u00c1ngelem pracovali podle princip\u016f programu Son Rise \u2013 metody, kter\u00e1 v \u010cesku zat\u00edm nen\u00ed p\u0159\u00edli\u0161 zn\u00e1m\u00e1 a roz\u0161\u00ed\u0159en\u00e1. Jej\u00edm c\u00edlem nen\u00ed vt\u00e1hnout autistu do sv\u011bta na\u0161eho, n\u00fdbr\u017e sd\u00edlet ten jeho. Zat\u00edmco dobrovoln\u00edci se dost\u00e1vaj\u00ed do taj\u016f \u00c1ngelova autistick\u00e9ho sv\u011bta, \u00c1ngel pomalu otev\u00edr\u00e1 br\u00e1nu a vstupuje do toho jejich. V\u0161ichni se p\u0159itom shoduj\u00ed v tom, \u017ee \u00c1ngel m\u00e1 jak\u00fdsi \u0161est\u00fd smysl, kter\u00fdm odhaluje vnit\u0159n\u00ed zran\u011bn\u00ed ka\u017ed\u00e9ho, kdo s n\u00edm pracuje. M\u016f\u017eeme si kl\u00e1st ot\u00e1zku, kdo je tady vlastn\u011b ten posti\u017een\u00fd a kdo je dobrovoln\u00edk. Kdo pom\u00e1h\u00e1 komu? Je to \u00c1ngel, nebo osoba, kter\u00e1 je s n\u00edm v hern\u011b?<\/p>\n\n\n\n<p>Sn\u00edmek za\u0159adily do sv\u00fdch program\u016f festivaly v \u010cR, USA, Portugalsku, Bosn\u011b a Hercegovin\u011b \u010di Banglad\u00e9\u0161i, z Beach Cities Inspirational Festival v&nbsp;USA si odnesl \u010destn\u00e9 uzn\u00e1n\u00ed, na festivalu The Independent Film Collaborative se stal jedn\u00edm z v\u00edt\u011bzn\u00fdch film\u016f. Film byl klauzurn\u00ed prac\u00ed 1. ro\u010dn\u00edku navazuj\u00edc\u00edho magistersk\u00e9ho studia oboru Audiovizu\u00e1ln\u00ed tvorba Filozoficko-p\u0159\u00edrodov\u011bdeck\u00e9 fakulty Slezsk\u00e9 univerzity v Opav\u011b.&nbsp;<\/p>\n","protected":false},"excerpt":{"rendered":"<p>2. duben je mimo jin\u00e9 Sv\u011btov\u00fdm dnem&nbsp;porozum\u011bn\u00ed&nbsp;autismu. Tomuto t\u00e9matu se mimo jin\u00e9 v\u011bnuje tak\u00e9 dokument Autismus jako dar, kter\u00fd je citlivou v\u00fdpov\u011bd\u00ed rodi\u010d\u016f dev\u00edtilet\u00e9ho autisty \u00c1ngela. Na jeho \u201eposti\u017een\u00ed\u201c \u010di \u201ezvl\u00e1\u0161tnost\u201c se d\u00edvaj\u00ed z jin\u00e9ho \u00fahlu pohledu ne\u017e v\u011bt\u0161ina spole\u010dnosti, je to pro n\u011b dar. P\u0159\u00edle\u017eitost k sebepozn\u00e1v\u00e1n\u00ed a sebevzd\u011bl\u00e1v\u00e1n\u00ed se. \u00c1ngel je jejich inspirac\u00ed&hellip;&nbsp;<a href=\"https:\/\/www.lucernatv.cz\/index.php\/2021\/04\/01\/autismus-jako-dar\/\" class=\"\" rel=\"bookmark\">\u010c\u00edst d\u00e1le &raquo;<span class=\"screen-reader-text\">Autismus jako dar<\/span><\/a><\/p>\n","protected":false},"author":1,"featured_media":1781,"comment_status":"closed","ping_status":"open","sticky":false,"template":"","format":"gallery","meta":{"inline_featured_image":false,"_uag_custom_page_level_css":"","neve_meta_sidebar":"","neve_meta_container":"","neve_meta_enable_content_width":"","neve_meta_content_width":0,"neve_meta_title_alignment":"","neve_meta_author_avatar":"","neve_post_elements_order":"","neve_meta_disable_header":"","neve_meta_disable_footer":"","neve_meta_disable_title":"","_vp_format_video_url":"","_vp_image_focal_point":[]},"categories":[3,10],"tags":[24],"yoast_head":"<!-- This site is optimized with the Yoast SEO plugin v20.12 - https:\/\/yoast.com\/wordpress\/plugins\/seo\/ -->\n<title>Autismus jako dar - lucernatv.cz<\/title>\n<meta name=\"robots\" content=\"index, follow, max-snippet:-1, max-image-preview:large, max-video-preview:-1\" \/>\n<link rel=\"canonical\" href=\"https:\/\/www.lucernatv.cz\/index.php\/2021\/04\/01\/autismus-jako-dar\/\" \/>\n<meta property=\"og:locale\" content=\"cs_CZ\" \/>\n<meta property=\"og:type\" content=\"article\" \/>\n<meta property=\"og:title\" content=\"Autismus jako dar - lucernatv.cz\" \/>\n<meta property=\"og:description\" content=\"2. duben je mimo jin\u00e9 Sv\u011btov\u00fdm dnem&nbsp;porozum\u011bn\u00ed&nbsp;autismu. Tomuto t\u00e9matu se mimo jin\u00e9 v\u011bnuje tak\u00e9 dokument Autismus jako dar, kter\u00fd je citlivou v\u00fdpov\u011bd\u00ed rodi\u010d\u016f dev\u00edtilet\u00e9ho autisty \u00c1ngela. Na jeho \u201eposti\u017een\u00ed\u201c \u010di \u201ezvl\u00e1\u0161tnost\u201c se d\u00edvaj\u00ed z jin\u00e9ho \u00fahlu pohledu ne\u017e v\u011bt\u0161ina spole\u010dnosti, je to pro n\u011b dar. P\u0159\u00edle\u017eitost k sebepozn\u00e1v\u00e1n\u00ed a sebevzd\u011bl\u00e1v\u00e1n\u00ed se. \u00c1ngel je jejich inspirac\u00ed&hellip;&nbsp;\u010c\u00edst d\u00e1le &raquo;Autismus jako dar\" \/>\n<meta property=\"og:url\" content=\"https:\/\/www.lucernatv.cz\/index.php\/2021\/04\/01\/autismus-jako-dar\/\" \/>\n<meta property=\"og:site_name\" content=\"lucernatv.cz\" \/>\n<meta property=\"article:publisher\" content=\"https:\/\/www.facebook.com\/avtopava\" \/>\n<meta property=\"article:published_time\" content=\"2021-04-01T06:00:21+00:00\" \/>\n<meta property=\"article:modified_time\" content=\"2021-04-01T10:53:54+00:00\" \/>\n<meta property=\"og:image\" content=\"https:\/\/www.lucernatv.cz\/wp-content\/uploads\/2021\/02\/VX37JNByrsk.jpg\" \/>\n\t<meta property=\"og:image:width\" content=\"480\" \/>\n\t<meta property=\"og:image:height\" content=\"360\" \/>\n\t<meta property=\"og:image:type\" content=\"image\/jpeg\" \/>\n<meta name=\"author\" content=\"lucernatvc\" \/>\n<meta name=\"twitter:card\" content=\"summary_large_image\" \/>\n<meta name=\"twitter:label1\" content=\"Napsal(a)\" \/>\n\t<meta name=\"twitter:data1\" content=\"lucernatvc\" \/>\n\t<meta name=\"twitter:label2\" content=\"Odhadovan\u00e1 doba \u010dten\u00ed\" \/>\n\t<meta name=\"twitter:data2\" content=\"2 minuty\" \/>\n<script type=\"application\/ld+json\" class=\"yoast-schema-graph\">{\"@context\":\"https:\/\/schema.org\",\"@graph\":[{\"@type\":\"Article\",\"@id\":\"https:\/\/www.lucernatv.cz\/index.php\/2021\/04\/01\/autismus-jako-dar\/#article\",\"isPartOf\":{\"@id\":\"https:\/\/www.lucernatv.cz\/index.php\/2021\/04\/01\/autismus-jako-dar\/\"},\"author\":{\"name\":\"lucernatvc\",\"@id\":\"https:\/\/www.lucernatv.cz\/#\/schema\/person\/fdc6b3778fe63c82ba7479978ad159ad\"},\"headline\":\"Autismus jako dar\",\"datePublished\":\"2021-04-01T06:00:21+00:00\",\"dateModified\":\"2021-04-01T10:53:54+00:00\",\"mainEntityOfPage\":{\"@id\":\"https:\/\/www.lucernatv.cz\/index.php\/2021\/04\/01\/autismus-jako-dar\/\"},\"wordCount\":310,\"publisher\":{\"@id\":\"https:\/\/www.lucernatv.cz\/#organization\"},\"keywords\":[\"dokument\"],\"articleSection\":[\"Kultura\",\"studentsk\u00e9 filmy\"],\"inLanguage\":\"cs\"},{\"@type\":\"WebPage\",\"@id\":\"https:\/\/www.lucernatv.cz\/index.php\/2021\/04\/01\/autismus-jako-dar\/\",\"url\":\"https:\/\/www.lucernatv.cz\/index.php\/2021\/04\/01\/autismus-jako-dar\/\",\"name\":\"Autismus jako dar - lucernatv.cz\",\"isPartOf\":{\"@id\":\"https:\/\/www.lucernatv.cz\/#website\"},\"datePublished\":\"2021-04-01T06:00:21+00:00\",\"dateModified\":\"2021-04-01T10:53:54+00:00\",\"breadcrumb\":{\"@id\":\"https:\/\/www.lucernatv.cz\/index.php\/2021\/04\/01\/autismus-jako-dar\/#breadcrumb\"},\"inLanguage\":\"cs\",\"potentialAction\":[{\"@type\":\"ReadAction\",\"target\":[\"https:\/\/www.lucernatv.cz\/index.php\/2021\/04\/01\/autismus-jako-dar\/\"]}]},{\"@type\":\"BreadcrumbList\",\"@id\":\"https:\/\/www.lucernatv.cz\/index.php\/2021\/04\/01\/autismus-jako-dar\/#breadcrumb\",\"itemListElement\":[{\"@type\":\"ListItem\",\"position\":1,\"name\":\"Dom\u016f\",\"item\":\"https:\/\/www.lucernatv.cz\/\"},{\"@type\":\"ListItem\",\"position\":2,\"name\":\"Autismus jako dar\"}]},{\"@type\":\"WebSite\",\"@id\":\"https:\/\/www.lucernatv.cz\/#website\",\"url\":\"https:\/\/www.lucernatv.cz\/\",\"name\":\"lucernatv.cz\",\"description\":\"Vzd\u011bl\u00e1vac\u00ed televize\",\"publisher\":{\"@id\":\"https:\/\/www.lucernatv.cz\/#organization\"},\"alternateName\":\"Lucerna TV\",\"potentialAction\":[{\"@type\":\"SearchAction\",\"target\":{\"@type\":\"EntryPoint\",\"urlTemplate\":\"https:\/\/www.lucernatv.cz\/?s={search_term_string}\"},\"query-input\":\"required name=search_term_string\"}],\"inLanguage\":\"cs\"},{\"@type\":\"Organization\",\"@id\":\"https:\/\/www.lucernatv.cz\/#organization\",\"name\":\"Lucerna TV\",\"url\":\"https:\/\/www.lucernatv.cz\/\",\"logo\":{\"@type\":\"ImageObject\",\"inLanguage\":\"cs\",\"@id\":\"https:\/\/www.lucernatv.cz\/#\/schema\/logo\/image\/\",\"url\":\"https:\/\/www.lucernatv.cz\/wp-content\/uploads\/2021\/02\/logo.svg\",\"contentUrl\":\"https:\/\/www.lucernatv.cz\/wp-content\/uploads\/2021\/02\/logo.svg\",\"width\":128,\"height\":41,\"caption\":\"Lucerna TV\"},\"image\":{\"@id\":\"https:\/\/www.lucernatv.cz\/#\/schema\/logo\/image\/\"},\"sameAs\":[\"https:\/\/www.facebook.com\/avtopava\",\"https:\/\/www.youtube.com\/channel\/UCtP8PPWG9JatWSMsKMOvdDg\"]},{\"@type\":\"Person\",\"@id\":\"https:\/\/www.lucernatv.cz\/#\/schema\/person\/fdc6b3778fe63c82ba7479978ad159ad\",\"name\":\"lucernatvc\",\"image\":{\"@type\":\"ImageObject\",\"inLanguage\":\"cs\",\"@id\":\"https:\/\/www.lucernatv.cz\/#\/schema\/person\/image\/\",\"url\":\"https:\/\/secure.gravatar.com\/avatar\/5b7905a95103f5227c1afd8b2a10f058?s=96&d=mm&r=g\",\"contentUrl\":\"https:\/\/secure.gravatar.com\/avatar\/5b7905a95103f5227c1afd8b2a10f058?s=96&d=mm&r=g\",\"caption\":\"lucernatvc\"},\"url\":\"https:\/\/www.lucernatv.cz\/index.php\/author\/lucernatvc\/\"}]}<\/script>\n<!-- \/ Yoast SEO plugin. -->","yoast_head_json":{"title":"Autismus jako dar - lucernatv.cz","robots":{"index":"index","follow":"follow","max-snippet":"max-snippet:-1","max-image-preview":"max-image-preview:large","max-video-preview":"max-video-preview:-1"},"canonical":"https:\/\/www.lucernatv.cz\/index.php\/2021\/04\/01\/autismus-jako-dar\/","og_locale":"cs_CZ","og_type":"article","og_title":"Autismus jako dar - lucernatv.cz","og_description":"2. duben je mimo jin\u00e9 Sv\u011btov\u00fdm dnem&nbsp;porozum\u011bn\u00ed&nbsp;autismu. Tomuto t\u00e9matu se mimo jin\u00e9 v\u011bnuje tak\u00e9 dokument Autismus jako dar, kter\u00fd je citlivou v\u00fdpov\u011bd\u00ed rodi\u010d\u016f dev\u00edtilet\u00e9ho autisty \u00c1ngela. Na jeho \u201eposti\u017een\u00ed\u201c \u010di \u201ezvl\u00e1\u0161tnost\u201c se d\u00edvaj\u00ed z jin\u00e9ho \u00fahlu pohledu ne\u017e v\u011bt\u0161ina spole\u010dnosti, je to pro n\u011b dar. P\u0159\u00edle\u017eitost k sebepozn\u00e1v\u00e1n\u00ed a sebevzd\u011bl\u00e1v\u00e1n\u00ed se. \u00c1ngel je jejich inspirac\u00ed&hellip;&nbsp;\u010c\u00edst d\u00e1le &raquo;Autismus jako dar","og_url":"https:\/\/www.lucernatv.cz\/index.php\/2021\/04\/01\/autismus-jako-dar\/","og_site_name":"lucernatv.cz","article_publisher":"https:\/\/www.facebook.com\/avtopava","article_published_time":"2021-04-01T06:00:21+00:00","article_modified_time":"2021-04-01T10:53:54+00:00","og_image":[{"width":480,"height":360,"url":"https:\/\/www.lucernatv.cz\/wp-content\/uploads\/2021\/02\/VX37JNByrsk.jpg","type":"image\/jpeg"}],"author":"lucernatvc","twitter_card":"summary_large_image","twitter_misc":{"Napsal(a)":"lucernatvc","Odhadovan\u00e1 doba \u010dten\u00ed":"2 minuty"},"schema":{"@context":"https:\/\/schema.org","@graph":[{"@type":"Article","@id":"https:\/\/www.lucernatv.cz\/index.php\/2021\/04\/01\/autismus-jako-dar\/#article","isPartOf":{"@id":"https:\/\/www.lucernatv.cz\/index.php\/2021\/04\/01\/autismus-jako-dar\/"},"author":{"name":"lucernatvc","@id":"https:\/\/www.lucernatv.cz\/#\/schema\/person\/fdc6b3778fe63c82ba7479978ad159ad"},"headline":"Autismus jako dar","datePublished":"2021-04-01T06:00:21+00:00","dateModified":"2021-04-01T10:53:54+00:00","mainEntityOfPage":{"@id":"https:\/\/www.lucernatv.cz\/index.php\/2021\/04\/01\/autismus-jako-dar\/"},"wordCount":310,"publisher":{"@id":"https:\/\/www.lucernatv.cz\/#organization"},"keywords":["dokument"],"articleSection":["Kultura","studentsk\u00e9 filmy"],"inLanguage":"cs"},{"@type":"WebPage","@id":"https:\/\/www.lucernatv.cz\/index.php\/2021\/04\/01\/autismus-jako-dar\/","url":"https:\/\/www.lucernatv.cz\/index.php\/2021\/04\/01\/autismus-jako-dar\/","name":"Autismus jako dar - lucernatv.cz","isPartOf":{"@id":"https:\/\/www.lucernatv.cz\/#website"},"datePublished":"2021-04-01T06:00:21+00:00","dateModified":"2021-04-01T10:53:54+00:00","breadcrumb":{"@id":"https:\/\/www.lucernatv.cz\/index.php\/2021\/04\/01\/autismus-jako-dar\/#breadcrumb"},"inLanguage":"cs","potentialAction":[{"@type":"ReadAction","target":["https:\/\/www.lucernatv.cz\/index.php\/2021\/04\/01\/autismus-jako-dar\/"]}]},{"@type":"BreadcrumbList","@id":"https:\/\/www.lucernatv.cz\/index.php\/2021\/04\/01\/autismus-jako-dar\/#breadcrumb","itemListElement":[{"@type":"ListItem","position":1,"name":"Dom\u016f","item":"https:\/\/www.lucernatv.cz\/"},{"@type":"ListItem","position":2,"name":"Autismus jako dar"}]},{"@type":"WebSite","@id":"https:\/\/www.lucernatv.cz\/#website","url":"https:\/\/www.lucernatv.cz\/","name":"lucernatv.cz","description":"Vzd\u011bl\u00e1vac\u00ed televize","publisher":{"@id":"https:\/\/www.lucernatv.cz\/#organization"},"alternateName":"Lucerna TV","potentialAction":[{"@type":"SearchAction","target":{"@type":"EntryPoint","urlTemplate":"https:\/\/www.lucernatv.cz\/?s={search_term_string}"},"query-input":"required name=search_term_string"}],"inLanguage":"cs"},{"@type":"Organization","@id":"https:\/\/www.lucernatv.cz\/#organization","name":"Lucerna TV","url":"https:\/\/www.lucernatv.cz\/","logo":{"@type":"ImageObject","inLanguage":"cs","@id":"https:\/\/www.lucernatv.cz\/#\/schema\/logo\/image\/","url":"https:\/\/www.lucernatv.cz\/wp-content\/uploads\/2021\/02\/logo.svg","contentUrl":"https:\/\/www.lucernatv.cz\/wp-content\/uploads\/2021\/02\/logo.svg","width":128,"height":41,"caption":"Lucerna TV"},"image":{"@id":"https:\/\/www.lucernatv.cz\/#\/schema\/logo\/image\/"},"sameAs":["https:\/\/www.facebook.com\/avtopava","https:\/\/www.youtube.com\/channel\/UCtP8PPWG9JatWSMsKMOvdDg"]},{"@type":"Person","@id":"https:\/\/www.lucernatv.cz\/#\/schema\/person\/fdc6b3778fe63c82ba7479978ad159ad","name":"lucernatvc","image":{"@type":"ImageObject","inLanguage":"cs","@id":"https:\/\/www.lucernatv.cz\/#\/schema\/person\/image\/","url":"https:\/\/secure.gravatar.com\/avatar\/5b7905a95103f5227c1afd8b2a10f058?s=96&d=mm&r=g","contentUrl":"https:\/\/secure.gravatar.com\/avatar\/5b7905a95103f5227c1afd8b2a10f058?s=96&d=mm&r=g","caption":"lucernatvc"},"url":"https:\/\/www.lucernatv.cz\/index.php\/author\/lucernatvc\/"}]}},"uagb_featured_image_src":{"full":["https:\/\/www.lucernatv.cz\/wp-content\/uploads\/2021\/02\/VX37JNByrsk.jpg",480,360,false],"thumbnail":["https:\/\/www.lucernatv.cz\/wp-content\/uploads\/2021\/02\/VX37JNByrsk-150x150.jpg",150,150,true],"medium":["https:\/\/www.lucernatv.cz\/wp-content\/uploads\/2021\/02\/VX37JNByrsk-300x225.jpg",240,180,true],"medium_large":["https:\/\/www.lucernatv.cz\/wp-content\/uploads\/2021\/02\/VX37JNByrsk.jpg",480,360,false],"large":["https:\/\/www.lucernatv.cz\/wp-content\/uploads\/2021\/02\/VX37JNByrsk.jpg",480,360,false],"1536x1536":["https:\/\/www.lucernatv.cz\/wp-content\/uploads\/2021\/02\/VX37JNByrsk.jpg",480,360,false],"2048x2048":["https:\/\/www.lucernatv.cz\/wp-content\/uploads\/2021\/02\/VX37JNByrsk.jpg",480,360,false],"ultp_layout_landscape_large":["https:\/\/www.lucernatv.cz\/wp-content\/uploads\/2021\/02\/VX37JNByrsk.jpg",480,360,false],"ultp_layout_landscape":["https:\/\/www.lucernatv.cz\/wp-content\/uploads\/2021\/02\/VX37JNByrsk.jpg",480,360,false],"ultp_layout_portrait":["https:\/\/www.lucernatv.cz\/wp-content\/uploads\/2021\/02\/VX37JNByrsk.jpg",480,360,false],"ultp_layout_square":["https:\/\/www.lucernatv.cz\/wp-content\/uploads\/2021\/02\/VX37JNByrsk.jpg",480,360,false],"vp_sm":["https:\/\/www.lucernatv.cz\/wp-content\/uploads\/2021\/02\/VX37JNByrsk.jpg",480,360,false],"vp_md":["https:\/\/www.lucernatv.cz\/wp-content\/uploads\/2021\/02\/VX37JNByrsk.jpg",480,360,false],"vp_lg":["https:\/\/www.lucernatv.cz\/wp-content\/uploads\/2021\/02\/VX37JNByrsk.jpg",480,360,false],"vp_xl":["https:\/\/www.lucernatv.cz\/wp-content\/uploads\/2021\/02\/VX37JNByrsk.jpg",480,360,false],"vp_sm_popup":["https:\/\/www.lucernatv.cz\/wp-content\/uploads\/2021\/02\/VX37JNByrsk.jpg",480,360,false],"vp_md_popup":["https:\/\/www.lucernatv.cz\/wp-content\/uploads\/2021\/02\/VX37JNByrsk.jpg",480,360,false],"vp_xl_popup":["https:\/\/www.lucernatv.cz\/wp-content\/uploads\/2021\/02\/VX37JNByrsk.jpg",480,360,false],"neve-blog":["https:\/\/www.lucernatv.cz\/wp-content\/uploads\/2021\/02\/VX37JNByrsk.jpg",480,360,false]},"uagb_author_info":{"display_name":"lucernatvc","author_link":"https:\/\/www.lucernatv.cz\/index.php\/author\/lucernatvc\/"},"uagb_comment_info":0,"uagb_excerpt":"2. duben je mimo jin\u00e9 Sv\u011btov\u00fdm dnem&nbsp;porozum\u011bn\u00ed&nbsp;autismu. Tomuto t\u00e9matu se mimo jin\u00e9 v\u011bnuje tak\u00e9 dokument Autismus jako dar, kter\u00fd je citlivou v\u00fdpov\u011bd\u00ed rodi\u010d\u016f dev\u00edtilet\u00e9ho autisty \u00c1ngela. Na jeho \u201eposti\u017een\u00ed\u201c \u010di \u201ezvl\u00e1\u0161tnost\u201c se d\u00edvaj\u00ed z jin\u00e9ho \u00fahlu pohledu ne\u017e v\u011bt\u0161ina spole\u010dnosti, je to pro n\u011b dar. P\u0159\u00edle\u017eitost k sebepozn\u00e1v\u00e1n\u00ed a sebevzd\u011bl\u00e1v\u00e1n\u00ed se. \u00c1ngel je jejich inspirac\u00ed&hellip;&nbsp;\u010c\u00edst&hellip;","_links":{"self":[{"href":"https:\/\/www.lucernatv.cz\/index.php\/wp-json\/wp\/v2\/posts\/886"}],"collection":[{"href":"https:\/\/www.lucernatv.cz\/index.php\/wp-json\/wp\/v2\/posts"}],"about":[{"href":"https:\/\/www.lucernatv.cz\/index.php\/wp-json\/wp\/v2\/types\/post"}],"author":[{"embeddable":true,"href":"https:\/\/www.lucernatv.cz\/index.php\/wp-json\/wp\/v2\/users\/1"}],"replies":[{"embeddable":true,"href":"https:\/\/www.lucernatv.cz\/index.php\/wp-json\/wp\/v2\/comments?post=886"}],"version-history":[{"count":5,"href":"https:\/\/www.lucernatv.cz\/index.php\/wp-json\/wp\/v2\/posts\/886\/revisions"}],"predecessor-version":[{"id":2939,"href":"https:\/\/www.lucernatv.cz\/index.php\/wp-json\/wp\/v2\/posts\/886\/revisions\/2939"}],"wp:featuredmedia":[{"embeddable":true,"href":"https:\/\/www.lucernatv.cz\/index.php\/wp-json\/wp\/v2\/media\/1781"}],"wp:attachment":[{"href":"https:\/\/www.lucernatv.cz\/index.php\/wp-json\/wp\/v2\/media?parent=886"}],"wp:term":[{"taxonomy":"category","embeddable":true,"href":"https:\/\/www.lucernatv.cz\/index.php\/wp-json\/wp\/v2\/categories?post=886"},{"taxonomy":"post_tag","embeddable":true,"href":"https:\/\/www.lucernatv.cz\/index.php\/wp-json\/wp\/v2\/tags?post=886"}],"curies":[{"name":"wp","href":"https:\/\/api.w.org\/{rel}","templated":true}]}}