{"id":3499,"date":"2026-04-10T04:55:06","date_gmt":"2026-04-10T04:55:06","guid":{"rendered":"https:\/\/www.lucernatv.cz\/?p=3499"},"modified":"2026-04-10T04:58:28","modified_gmt":"2026-04-10T04:58:28","slug":"fiducia-on-line-buk-20","status":"publish","type":"post","link":"https:\/\/www.lucernatv.cz\/index.php\/2026\/04\/10\/fiducia-on-line-buk-20\/","title":{"rendered":"Fiducia on-line \u2013 BUK 20+"},"content":{"rendered":"\n<figure class=\"wp-block-embed is-type-video is-provider-youtube wp-block-embed-youtube wp-embed-aspect-16-9 wp-has-aspect-ratio\"><div class=\"wp-block-embed__wrapper\">\n<div class=\"nv-iframe-embed\"><div class=\"arve\" data-mode=\"normal\" data-oembed=\"1\" data-provider=\"youtube\" id=\"arve-youtube-e3fcc3hic7i69ee1f1cd1a99003873373\">\n<span class=\"arve-inner\">\n<span class=\"arve-embed arve-embed--has-aspect-ratio\">\n<span class=\"arve-ar\" style=\"padding-top:56.250000%\"><\/span><iframe allow=\"accelerometer; autoplay; clipboard-write; encrypted-media; gyroscope; picture-in-picture\" allowfullscreen class=\"arve-iframe fitvidsignore\" data-arve=\"arve-youtube-e3fcc3hic7i69ee1f1cd1a99003873373\" data-src-no-ap=\"https:\/\/www.youtube-nocookie.com\/embed\/e3FCc3Hic7I?feature=oembed&amp;iv_load_policy=3&amp;modestbranding=1&amp;rel=0&amp;autohide=1&amp;playsinline=0&amp;autoplay=0\" frameborder=\"0\" height=\"0\" sandbox=\"allow-scripts allow-same-origin allow-presentation allow-popups allow-popups-to-escape-sandbox\" scrolling=\"no\" src=\"https:\/\/www.youtube-nocookie.com\/embed\/e3FCc3Hic7I?feature=oembed&#038;iv_load_policy=3&#038;modestbranding=1&#038;rel=0&#038;autohide=1&#038;playsinline=0&#038;autoplay=0\"><\/iframe>\n\n<\/span>\n\n<\/span>\n<script type=\"application\/ld+json\">{\"@context\":\"http:\\\/\\\/schema.org\\\/\",\"@id\":\"https:\\\/\\\/www.lucernatv.cz\\\/index.php\\\/2026\\\/04\\\/10\\\/fiducia-on-line-buk-20\\\/#arve-youtube-e3fcc3hic7i69ee1f1cd1a99003873373\",\"type\":\"VideoObject\",\"embedURL\":\"https:\\\/\\\/www.youtube-nocookie.com\\\/embed\\\/e3FCc3Hic7I?feature=oembed&iv_load_policy=3&modestbranding=1&rel=0&autohide=1&playsinline=0&autoplay=0\"}<\/script>\n<\/div>\n<\/div>\n<\/div><\/figure>\n\n\n\n<p>Kur\u00e1torsk\u00e9 slovo k v\u00fdstav\u011b tv\u016frc\u016f spojen\u00fdch s almanachem Buk, kterou Galerie Dole slav\u00ed dvacet let sv\u00e9 existence. C\u00edlem tohoto dlouhodob\u00e9ho um\u011bleck\u00e9ho projektu bylo nap\u0159\u00ed\u010d generacemi propojit ostravskou vizu\u00e1ln\u00ed a kulturn\u00ed sc\u00e9nu. \u010ctve\u0159ice inici\u00e1tor\u016f \u2013 Ale\u0161 Hude\u010dek, Martin Froul\u00edk, Tom\u00e1\u0161 Kure\u010dka a Zden\u011bk Jano\u0161ec Benda \u2013 v\u202froce 2015 spole\u010dn\u011b vytvo\u0159ila velkoform\u00e1tovou autorskou knihu, jak\u00fdsi sou\u010dasn\u00fd vizu\u00e1ln\u00ed sborn\u00edk, do n\u011bho\u017e doposud p\u0159isp\u011bly v\u00edce ne\u017e t\u0159i des\u00edtky osloven\u00fdch um\u011blc\u016f. Projekt tak p\u0159irozen\u00fdm zp\u016fsobem mapuje komunitu, kter\u00e1 se v\u202fposledn\u00edch dvou dek\u00e1d\u00e1ch v\u202fOstrav\u011b setk\u00e1vala, tvo\u0159ila a vz\u00e1jemn\u011b ovliv\u0148ovala. Nejde o uzav\u0159en\u00fd okruh ani o kur\u00e1torsk\u00fd k\u00e1non, ale o \u017eiv\u00fd portr\u00e9t prost\u0159ed\u00ed, kter\u00e9 se p\u0159irozen\u011b prom\u011b\u0148uje. Podobn\u011b jako se ji\u017e dvacet let prom\u011b\u0148uje skladba autor\u016f prezentovan\u00fdch v Galerii Dole. Kur\u00e1tory v\u00fdstavy jsou Ale\u0161 Hude\u010dek, Martin Froul\u00edk a Martin Mikol\u00e1\u0161ek. V\u00fdstava potrv\u00e1 do 9. 4. 2026.<\/p>\n","protected":false},"excerpt":{"rendered":"<p>Kur\u00e1torsk\u00e9 slovo k v\u00fdstav\u011b tv\u016frc\u016f spojen\u00fdch s almanachem Buk, kterou Galerie Dole slav\u00ed dvacet let sv\u00e9 existence. C\u00edlem tohoto dlouhodob\u00e9ho um\u011bleck\u00e9ho projektu bylo nap\u0159\u00ed\u010d generacemi propojit ostravskou vizu\u00e1ln\u00ed a kulturn\u00ed sc\u00e9nu. \u010ctve\u0159ice inici\u00e1tor\u016f \u2013 Ale\u0161 Hude\u010dek, Martin Froul\u00edk, Tom\u00e1\u0161 Kure\u010dka a Zden\u011bk Jano\u0161ec Benda \u2013 v\u202froce 2015 spole\u010dn\u011b vytvo\u0159ila velkoform\u00e1tovou autorskou knihu, jak\u00fdsi sou\u010dasn\u00fd vizu\u00e1ln\u00ed&hellip;&nbsp;<a href=\"https:\/\/www.lucernatv.cz\/index.php\/2026\/04\/10\/fiducia-on-line-buk-20\/\" class=\"\" rel=\"bookmark\">\u010c\u00edst d\u00e1le &raquo;<span class=\"screen-reader-text\">Fiducia on-line \u2013 BUK 20+<\/span><\/a><\/p>\n","protected":false},"author":1,"featured_media":3501,"comment_status":"closed","ping_status":"open","sticky":false,"template":"","format":"gallery","meta":{"inline_featured_image":false,"_uag_custom_page_level_css":"","neve_meta_sidebar":"","neve_meta_container":"","neve_meta_enable_content_width":"","neve_meta_content_width":0,"neve_meta_title_alignment":"","neve_meta_author_avatar":"","neve_post_elements_order":"","neve_meta_disable_header":"","neve_meta_disable_footer":"","neve_meta_disable_title":"","_vp_format_video_url":"","_vp_image_focal_point":[]},"categories":[3],"tags":[],"yoast_head":"<!-- This site is optimized with the Yoast SEO plugin v20.12 - https:\/\/yoast.com\/wordpress\/plugins\/seo\/ -->\n<title>Fiducia on-line \u2013 BUK 20+ - lucernatv.cz<\/title>\n<meta name=\"robots\" content=\"index, follow, max-snippet:-1, max-image-preview:large, max-video-preview:-1\" \/>\n<link rel=\"canonical\" href=\"https:\/\/www.lucernatv.cz\/index.php\/2026\/04\/10\/fiducia-on-line-buk-20\/\" \/>\n<meta property=\"og:locale\" content=\"cs_CZ\" \/>\n<meta property=\"og:type\" content=\"article\" \/>\n<meta property=\"og:title\" content=\"Fiducia on-line \u2013 BUK 20+ - lucernatv.cz\" \/>\n<meta property=\"og:description\" content=\"Kur\u00e1torsk\u00e9 slovo k v\u00fdstav\u011b tv\u016frc\u016f spojen\u00fdch s almanachem Buk, kterou Galerie Dole slav\u00ed dvacet let sv\u00e9 existence. C\u00edlem tohoto dlouhodob\u00e9ho um\u011bleck\u00e9ho projektu bylo nap\u0159\u00ed\u010d generacemi propojit ostravskou vizu\u00e1ln\u00ed a kulturn\u00ed sc\u00e9nu. \u010ctve\u0159ice inici\u00e1tor\u016f \u2013 Ale\u0161 Hude\u010dek, Martin Froul\u00edk, Tom\u00e1\u0161 Kure\u010dka a Zden\u011bk Jano\u0161ec Benda \u2013 v\u202froce 2015 spole\u010dn\u011b vytvo\u0159ila velkoform\u00e1tovou autorskou knihu, jak\u00fdsi sou\u010dasn\u00fd vizu\u00e1ln\u00ed&hellip;&nbsp;\u010c\u00edst d\u00e1le &raquo;Fiducia on-line \u2013 BUK 20+\" \/>\n<meta property=\"og:url\" content=\"https:\/\/www.lucernatv.cz\/index.php\/2026\/04\/10\/fiducia-on-line-buk-20\/\" \/>\n<meta property=\"og:site_name\" content=\"lucernatv.cz\" \/>\n<meta property=\"article:publisher\" content=\"https:\/\/www.facebook.com\/avtopava\" \/>\n<meta property=\"article:published_time\" content=\"2026-04-10T04:55:06+00:00\" \/>\n<meta property=\"article:modified_time\" content=\"2026-04-10T04:58:28+00:00\" \/>\n<meta property=\"og:image\" content=\"https:\/\/www.lucernatv.cz\/wp-content\/uploads\/2026\/04\/e3FCc3Hic7I.jpg\" \/>\n\t<meta property=\"og:image:width\" content=\"480\" \/>\n\t<meta property=\"og:image:height\" content=\"360\" \/>\n\t<meta property=\"og:image:type\" content=\"image\/jpeg\" \/>\n<meta name=\"author\" content=\"lucernatvc\" \/>\n<meta name=\"twitter:card\" content=\"summary_large_image\" \/>\n<meta name=\"twitter:label1\" content=\"Napsal(a)\" \/>\n\t<meta name=\"twitter:data1\" content=\"lucernatvc\" \/>\n\t<meta name=\"twitter:label2\" content=\"Odhadovan\u00e1 doba \u010dten\u00ed\" \/>\n\t<meta name=\"twitter:data2\" content=\"1 minuta\" \/>\n<script type=\"application\/ld+json\" class=\"yoast-schema-graph\">{\"@context\":\"https:\/\/schema.org\",\"@graph\":[{\"@type\":\"Article\",\"@id\":\"https:\/\/www.lucernatv.cz\/index.php\/2026\/04\/10\/fiducia-on-line-buk-20\/#article\",\"isPartOf\":{\"@id\":\"https:\/\/www.lucernatv.cz\/index.php\/2026\/04\/10\/fiducia-on-line-buk-20\/\"},\"author\":{\"name\":\"lucernatvc\",\"@id\":\"https:\/\/www.lucernatv.cz\/#\/schema\/person\/fdc6b3778fe63c82ba7479978ad159ad\"},\"headline\":\"Fiducia on-line \u2013 BUK 20+\",\"datePublished\":\"2026-04-10T04:55:06+00:00\",\"dateModified\":\"2026-04-10T04:58:28+00:00\",\"mainEntityOfPage\":{\"@id\":\"https:\/\/www.lucernatv.cz\/index.php\/2026\/04\/10\/fiducia-on-line-buk-20\/\"},\"wordCount\":195,\"publisher\":{\"@id\":\"https:\/\/www.lucernatv.cz\/#organization\"},\"articleSection\":[\"Kultura\"],\"inLanguage\":\"cs\"},{\"@type\":\"WebPage\",\"@id\":\"https:\/\/www.lucernatv.cz\/index.php\/2026\/04\/10\/fiducia-on-line-buk-20\/\",\"url\":\"https:\/\/www.lucernatv.cz\/index.php\/2026\/04\/10\/fiducia-on-line-buk-20\/\",\"name\":\"Fiducia on-line \u2013 BUK 20+ - lucernatv.cz\",\"isPartOf\":{\"@id\":\"https:\/\/www.lucernatv.cz\/#website\"},\"datePublished\":\"2026-04-10T04:55:06+00:00\",\"dateModified\":\"2026-04-10T04:58:28+00:00\",\"breadcrumb\":{\"@id\":\"https:\/\/www.lucernatv.cz\/index.php\/2026\/04\/10\/fiducia-on-line-buk-20\/#breadcrumb\"},\"inLanguage\":\"cs\",\"potentialAction\":[{\"@type\":\"ReadAction\",\"target\":[\"https:\/\/www.lucernatv.cz\/index.php\/2026\/04\/10\/fiducia-on-line-buk-20\/\"]}]},{\"@type\":\"BreadcrumbList\",\"@id\":\"https:\/\/www.lucernatv.cz\/index.php\/2026\/04\/10\/fiducia-on-line-buk-20\/#breadcrumb\",\"itemListElement\":[{\"@type\":\"ListItem\",\"position\":1,\"name\":\"Dom\u016f\",\"item\":\"https:\/\/www.lucernatv.cz\/\"},{\"@type\":\"ListItem\",\"position\":2,\"name\":\"Fiducia on-line \u2013 BUK 20+\"}]},{\"@type\":\"WebSite\",\"@id\":\"https:\/\/www.lucernatv.cz\/#website\",\"url\":\"https:\/\/www.lucernatv.cz\/\",\"name\":\"lucernatv.cz\",\"description\":\"Vzd\u011bl\u00e1vac\u00ed televize\",\"publisher\":{\"@id\":\"https:\/\/www.lucernatv.cz\/#organization\"},\"alternateName\":\"Lucerna TV\",\"potentialAction\":[{\"@type\":\"SearchAction\",\"target\":{\"@type\":\"EntryPoint\",\"urlTemplate\":\"https:\/\/www.lucernatv.cz\/?s={search_term_string}\"},\"query-input\":\"required name=search_term_string\"}],\"inLanguage\":\"cs\"},{\"@type\":\"Organization\",\"@id\":\"https:\/\/www.lucernatv.cz\/#organization\",\"name\":\"Lucerna TV\",\"url\":\"https:\/\/www.lucernatv.cz\/\",\"logo\":{\"@type\":\"ImageObject\",\"inLanguage\":\"cs\",\"@id\":\"https:\/\/www.lucernatv.cz\/#\/schema\/logo\/image\/\",\"url\":\"https:\/\/www.lucernatv.cz\/wp-content\/uploads\/2021\/02\/logo.svg\",\"contentUrl\":\"https:\/\/www.lucernatv.cz\/wp-content\/uploads\/2021\/02\/logo.svg\",\"width\":128,\"height\":41,\"caption\":\"Lucerna TV\"},\"image\":{\"@id\":\"https:\/\/www.lucernatv.cz\/#\/schema\/logo\/image\/\"},\"sameAs\":[\"https:\/\/www.facebook.com\/avtopava\",\"https:\/\/www.youtube.com\/channel\/UCtP8PPWG9JatWSMsKMOvdDg\"]},{\"@type\":\"Person\",\"@id\":\"https:\/\/www.lucernatv.cz\/#\/schema\/person\/fdc6b3778fe63c82ba7479978ad159ad\",\"name\":\"lucernatvc\",\"image\":{\"@type\":\"ImageObject\",\"inLanguage\":\"cs\",\"@id\":\"https:\/\/www.lucernatv.cz\/#\/schema\/person\/image\/\",\"url\":\"https:\/\/secure.gravatar.com\/avatar\/5b7905a95103f5227c1afd8b2a10f058?s=96&d=mm&r=g\",\"contentUrl\":\"https:\/\/secure.gravatar.com\/avatar\/5b7905a95103f5227c1afd8b2a10f058?s=96&d=mm&r=g\",\"caption\":\"lucernatvc\"},\"url\":\"https:\/\/www.lucernatv.cz\/index.php\/author\/lucernatvc\/\"}]}<\/script>\n<!-- \/ Yoast SEO plugin. -->","yoast_head_json":{"title":"Fiducia on-line \u2013 BUK 20+ - lucernatv.cz","robots":{"index":"index","follow":"follow","max-snippet":"max-snippet:-1","max-image-preview":"max-image-preview:large","max-video-preview":"max-video-preview:-1"},"canonical":"https:\/\/www.lucernatv.cz\/index.php\/2026\/04\/10\/fiducia-on-line-buk-20\/","og_locale":"cs_CZ","og_type":"article","og_title":"Fiducia on-line \u2013 BUK 20+ - lucernatv.cz","og_description":"Kur\u00e1torsk\u00e9 slovo k v\u00fdstav\u011b tv\u016frc\u016f spojen\u00fdch s almanachem Buk, kterou Galerie Dole slav\u00ed dvacet let sv\u00e9 existence. C\u00edlem tohoto dlouhodob\u00e9ho um\u011bleck\u00e9ho projektu bylo nap\u0159\u00ed\u010d generacemi propojit ostravskou vizu\u00e1ln\u00ed a kulturn\u00ed sc\u00e9nu. \u010ctve\u0159ice inici\u00e1tor\u016f \u2013 Ale\u0161 Hude\u010dek, Martin Froul\u00edk, Tom\u00e1\u0161 Kure\u010dka a Zden\u011bk Jano\u0161ec Benda \u2013 v\u202froce 2015 spole\u010dn\u011b vytvo\u0159ila velkoform\u00e1tovou autorskou knihu, jak\u00fdsi sou\u010dasn\u00fd vizu\u00e1ln\u00ed&hellip;&nbsp;\u010c\u00edst d\u00e1le &raquo;Fiducia on-line \u2013 BUK 20+","og_url":"https:\/\/www.lucernatv.cz\/index.php\/2026\/04\/10\/fiducia-on-line-buk-20\/","og_site_name":"lucernatv.cz","article_publisher":"https:\/\/www.facebook.com\/avtopava","article_published_time":"2026-04-10T04:55:06+00:00","article_modified_time":"2026-04-10T04:58:28+00:00","og_image":[{"width":480,"height":360,"url":"https:\/\/www.lucernatv.cz\/wp-content\/uploads\/2026\/04\/e3FCc3Hic7I.jpg","type":"image\/jpeg"}],"author":"lucernatvc","twitter_card":"summary_large_image","twitter_misc":{"Napsal(a)":"lucernatvc","Odhadovan\u00e1 doba \u010dten\u00ed":"1 minuta"},"schema":{"@context":"https:\/\/schema.org","@graph":[{"@type":"Article","@id":"https:\/\/www.lucernatv.cz\/index.php\/2026\/04\/10\/fiducia-on-line-buk-20\/#article","isPartOf":{"@id":"https:\/\/www.lucernatv.cz\/index.php\/2026\/04\/10\/fiducia-on-line-buk-20\/"},"author":{"name":"lucernatvc","@id":"https:\/\/www.lucernatv.cz\/#\/schema\/person\/fdc6b3778fe63c82ba7479978ad159ad"},"headline":"Fiducia on-line \u2013 BUK 20+","datePublished":"2026-04-10T04:55:06+00:00","dateModified":"2026-04-10T04:58:28+00:00","mainEntityOfPage":{"@id":"https:\/\/www.lucernatv.cz\/index.php\/2026\/04\/10\/fiducia-on-line-buk-20\/"},"wordCount":195,"publisher":{"@id":"https:\/\/www.lucernatv.cz\/#organization"},"articleSection":["Kultura"],"inLanguage":"cs"},{"@type":"WebPage","@id":"https:\/\/www.lucernatv.cz\/index.php\/2026\/04\/10\/fiducia-on-line-buk-20\/","url":"https:\/\/www.lucernatv.cz\/index.php\/2026\/04\/10\/fiducia-on-line-buk-20\/","name":"Fiducia on-line \u2013 BUK 20+ - lucernatv.cz","isPartOf":{"@id":"https:\/\/www.lucernatv.cz\/#website"},"datePublished":"2026-04-10T04:55:06+00:00","dateModified":"2026-04-10T04:58:28+00:00","breadcrumb":{"@id":"https:\/\/www.lucernatv.cz\/index.php\/2026\/04\/10\/fiducia-on-line-buk-20\/#breadcrumb"},"inLanguage":"cs","potentialAction":[{"@type":"ReadAction","target":["https:\/\/www.lucernatv.cz\/index.php\/2026\/04\/10\/fiducia-on-line-buk-20\/"]}]},{"@type":"BreadcrumbList","@id":"https:\/\/www.lucernatv.cz\/index.php\/2026\/04\/10\/fiducia-on-line-buk-20\/#breadcrumb","itemListElement":[{"@type":"ListItem","position":1,"name":"Dom\u016f","item":"https:\/\/www.lucernatv.cz\/"},{"@type":"ListItem","position":2,"name":"Fiducia on-line \u2013 BUK 20+"}]},{"@type":"WebSite","@id":"https:\/\/www.lucernatv.cz\/#website","url":"https:\/\/www.lucernatv.cz\/","name":"lucernatv.cz","description":"Vzd\u011bl\u00e1vac\u00ed televize","publisher":{"@id":"https:\/\/www.lucernatv.cz\/#organization"},"alternateName":"Lucerna TV","potentialAction":[{"@type":"SearchAction","target":{"@type":"EntryPoint","urlTemplate":"https:\/\/www.lucernatv.cz\/?s={search_term_string}"},"query-input":"required name=search_term_string"}],"inLanguage":"cs"},{"@type":"Organization","@id":"https:\/\/www.lucernatv.cz\/#organization","name":"Lucerna TV","url":"https:\/\/www.lucernatv.cz\/","logo":{"@type":"ImageObject","inLanguage":"cs","@id":"https:\/\/www.lucernatv.cz\/#\/schema\/logo\/image\/","url":"https:\/\/www.lucernatv.cz\/wp-content\/uploads\/2021\/02\/logo.svg","contentUrl":"https:\/\/www.lucernatv.cz\/wp-content\/uploads\/2021\/02\/logo.svg","width":128,"height":41,"caption":"Lucerna TV"},"image":{"@id":"https:\/\/www.lucernatv.cz\/#\/schema\/logo\/image\/"},"sameAs":["https:\/\/www.facebook.com\/avtopava","https:\/\/www.youtube.com\/channel\/UCtP8PPWG9JatWSMsKMOvdDg"]},{"@type":"Person","@id":"https:\/\/www.lucernatv.cz\/#\/schema\/person\/fdc6b3778fe63c82ba7479978ad159ad","name":"lucernatvc","image":{"@type":"ImageObject","inLanguage":"cs","@id":"https:\/\/www.lucernatv.cz\/#\/schema\/person\/image\/","url":"https:\/\/secure.gravatar.com\/avatar\/5b7905a95103f5227c1afd8b2a10f058?s=96&d=mm&r=g","contentUrl":"https:\/\/secure.gravatar.com\/avatar\/5b7905a95103f5227c1afd8b2a10f058?s=96&d=mm&r=g","caption":"lucernatvc"},"url":"https:\/\/www.lucernatv.cz\/index.php\/author\/lucernatvc\/"}]}},"uagb_featured_image_src":{"full":["https:\/\/www.lucernatv.cz\/wp-content\/uploads\/2026\/04\/e3FCc3Hic7I.jpg",480,360,false],"thumbnail":["https:\/\/www.lucernatv.cz\/wp-content\/uploads\/2026\/04\/e3FCc3Hic7I-150x150.jpg",150,150,true],"medium":["https:\/\/www.lucernatv.cz\/wp-content\/uploads\/2026\/04\/e3FCc3Hic7I-240x180.jpg",240,180,true],"medium_large":["https:\/\/www.lucernatv.cz\/wp-content\/uploads\/2026\/04\/e3FCc3Hic7I.jpg",480,360,false],"large":["https:\/\/www.lucernatv.cz\/wp-content\/uploads\/2026\/04\/e3FCc3Hic7I.jpg",480,360,false],"1536x1536":["https:\/\/www.lucernatv.cz\/wp-content\/uploads\/2026\/04\/e3FCc3Hic7I.jpg",480,360,false],"2048x2048":["https:\/\/www.lucernatv.cz\/wp-content\/uploads\/2026\/04\/e3FCc3Hic7I.jpg",480,360,false],"ultp_layout_landscape_large":["https:\/\/www.lucernatv.cz\/wp-content\/uploads\/2026\/04\/e3FCc3Hic7I.jpg",480,360,false],"ultp_layout_landscape":["https:\/\/www.lucernatv.cz\/wp-content\/uploads\/2026\/04\/e3FCc3Hic7I.jpg",480,360,false],"ultp_layout_portrait":["https:\/\/www.lucernatv.cz\/wp-content\/uploads\/2026\/04\/e3FCc3Hic7I.jpg",480,360,false],"ultp_layout_square":["https:\/\/www.lucernatv.cz\/wp-content\/uploads\/2026\/04\/e3FCc3Hic7I.jpg",480,360,false],"vp_sm":["https:\/\/www.lucernatv.cz\/wp-content\/uploads\/2026\/04\/e3FCc3Hic7I.jpg",480,360,false],"vp_md":["https:\/\/www.lucernatv.cz\/wp-content\/uploads\/2026\/04\/e3FCc3Hic7I.jpg",480,360,false],"vp_lg":["https:\/\/www.lucernatv.cz\/wp-content\/uploads\/2026\/04\/e3FCc3Hic7I.jpg",480,360,false],"vp_xl":["https:\/\/www.lucernatv.cz\/wp-content\/uploads\/2026\/04\/e3FCc3Hic7I.jpg",480,360,false],"vp_sm_popup":["https:\/\/www.lucernatv.cz\/wp-content\/uploads\/2026\/04\/e3FCc3Hic7I.jpg",480,360,false],"vp_md_popup":["https:\/\/www.lucernatv.cz\/wp-content\/uploads\/2026\/04\/e3FCc3Hic7I.jpg",480,360,false],"vp_xl_popup":["https:\/\/www.lucernatv.cz\/wp-content\/uploads\/2026\/04\/e3FCc3Hic7I.jpg",480,360,false],"neve-blog":["https:\/\/www.lucernatv.cz\/wp-content\/uploads\/2026\/04\/e3FCc3Hic7I.jpg",480,360,false]},"uagb_author_info":{"display_name":"lucernatvc","author_link":"https:\/\/www.lucernatv.cz\/index.php\/author\/lucernatvc\/"},"uagb_comment_info":0,"uagb_excerpt":"Kur\u00e1torsk\u00e9 slovo k v\u00fdstav\u011b tv\u016frc\u016f spojen\u00fdch s almanachem Buk, kterou Galerie Dole slav\u00ed dvacet let sv\u00e9 existence. C\u00edlem tohoto dlouhodob\u00e9ho um\u011bleck\u00e9ho projektu bylo nap\u0159\u00ed\u010d generacemi propojit ostravskou vizu\u00e1ln\u00ed a kulturn\u00ed sc\u00e9nu. \u010ctve\u0159ice inici\u00e1tor\u016f \u2013 Ale\u0161 Hude\u010dek, Martin Froul\u00edk, Tom\u00e1\u0161 Kure\u010dka a Zden\u011bk Jano\u0161ec Benda \u2013 v\u202froce 2015 spole\u010dn\u011b vytvo\u0159ila velkoform\u00e1tovou autorskou knihu, jak\u00fdsi sou\u010dasn\u00fd vizu\u00e1ln\u00ed&hellip;&nbsp;\u010c\u00edst&hellip;","_links":{"self":[{"href":"https:\/\/www.lucernatv.cz\/index.php\/wp-json\/wp\/v2\/posts\/3499"}],"collection":[{"href":"https:\/\/www.lucernatv.cz\/index.php\/wp-json\/wp\/v2\/posts"}],"about":[{"href":"https:\/\/www.lucernatv.cz\/index.php\/wp-json\/wp\/v2\/types\/post"}],"author":[{"embeddable":true,"href":"https:\/\/www.lucernatv.cz\/index.php\/wp-json\/wp\/v2\/users\/1"}],"replies":[{"embeddable":true,"href":"https:\/\/www.lucernatv.cz\/index.php\/wp-json\/wp\/v2\/comments?post=3499"}],"version-history":[{"count":2,"href":"https:\/\/www.lucernatv.cz\/index.php\/wp-json\/wp\/v2\/posts\/3499\/revisions"}],"predecessor-version":[{"id":3502,"href":"https:\/\/www.lucernatv.cz\/index.php\/wp-json\/wp\/v2\/posts\/3499\/revisions\/3502"}],"wp:featuredmedia":[{"embeddable":true,"href":"https:\/\/www.lucernatv.cz\/index.php\/wp-json\/wp\/v2\/media\/3501"}],"wp:attachment":[{"href":"https:\/\/www.lucernatv.cz\/index.php\/wp-json\/wp\/v2\/media?parent=3499"}],"wp:term":[{"taxonomy":"category","embeddable":true,"href":"https:\/\/www.lucernatv.cz\/index.php\/wp-json\/wp\/v2\/categories?post=3499"},{"taxonomy":"post_tag","embeddable":true,"href":"https:\/\/www.lucernatv.cz\/index.php\/wp-json\/wp\/v2\/tags?post=3499"}],"curies":[{"name":"wp","href":"https:\/\/api.w.org\/{rel}","templated":true}]}}