{"id":3474,"date":"2025-12-31T20:12:07","date_gmt":"2025-12-31T20:12:07","guid":{"rendered":"https:\/\/www.lucernatv.cz\/?p=3474"},"modified":"2025-12-31T20:14:54","modified_gmt":"2025-12-31T20:14:54","slug":"ostravske-kulturni-stopy-architekt-ivo-klimes","status":"publish","type":"post","link":"https:\/\/www.lucernatv.cz\/index.php\/2025\/12\/31\/ostravske-kulturni-stopy-architekt-ivo-klimes\/","title":{"rendered":"Ostravsk\u00e9 kulturn\u00ed stopy &#8211; Architekt Ivo Klime\u0161"},"content":{"rendered":"\n<figure class=\"wp-block-embed is-type-video is-provider-youtube wp-block-embed-youtube wp-embed-aspect-16-9 wp-has-aspect-ratio\"><div class=\"wp-block-embed__wrapper\">\n<div class=\"nv-iframe-embed\"><div class=\"arve\" data-mode=\"normal\" data-oembed=\"1\" data-provider=\"youtube\" id=\"arve-youtube-oqidl2axh6k69ee36ab875d7300143923\">\n<span class=\"arve-inner\">\n<span class=\"arve-embed arve-embed--has-aspect-ratio\">\n<span class=\"arve-ar\" style=\"padding-top:56.250000%\"><\/span><iframe allow=\"accelerometer; autoplay; clipboard-write; encrypted-media; gyroscope; picture-in-picture\" allowfullscreen class=\"arve-iframe fitvidsignore\" data-arve=\"arve-youtube-oqidl2axh6k69ee36ab875d7300143923\" data-src-no-ap=\"https:\/\/www.youtube-nocookie.com\/embed\/oQIDL2axH6k?feature=oembed&amp;iv_load_policy=3&amp;modestbranding=1&amp;rel=0&amp;autohide=1&amp;playsinline=0&amp;autoplay=0\" frameborder=\"0\" height=\"0\" sandbox=\"allow-scripts allow-same-origin allow-presentation allow-popups allow-popups-to-escape-sandbox\" scrolling=\"no\" src=\"https:\/\/www.youtube-nocookie.com\/embed\/oQIDL2axH6k?feature=oembed&#038;iv_load_policy=3&#038;modestbranding=1&#038;rel=0&#038;autohide=1&#038;playsinline=0&#038;autoplay=0\"><\/iframe>\n\n<\/span>\n\n<\/span>\n<script type=\"application\/ld+json\">{\"@context\":\"http:\\\/\\\/schema.org\\\/\",\"@id\":\"https:\\\/\\\/www.lucernatv.cz\\\/index.php\\\/2025\\\/12\\\/31\\\/ostravske-kulturni-stopy-architekt-ivo-klimes\\\/#arve-youtube-oqidl2axh6k69ee36ab875d7300143923\",\"type\":\"VideoObject\",\"embedURL\":\"https:\\\/\\\/www.youtube-nocookie.com\\\/embed\\\/oQIDL2axH6k?feature=oembed&iv_load_policy=3&modestbranding=1&rel=0&autohide=1&playsinline=0&autoplay=0\"}<\/script>\n<\/div>\n<\/div>\n<\/div><\/figure>\n\n\n\n<p>Skulptur\u00e1ln\u00ed plastika, vynikaj\u00edc\u00ed p\u0159\u00edklad brutalismu \u2013 i takto hovo\u0159\u00ed o dostavb\u011b ostravsk\u00e9ho divadla Anton\u00edna Dvo\u0159\u00e1ka z d\u00edlny architekta Iva Klime\u0161e historik um\u011bn\u00ed Martin Strako\u0161 a architektka Eva \u0160pa\u010dkov\u00e1. Pod\u00edvejte se na dokument s \u0159adou unik\u00e1tn\u00edch dobov\u00fdch z\u00e1b\u011br\u016f, skic i sou\u010dasn\u00fdch dronov\u00fdch pohled\u016f, kter\u00e9 zachycuj\u00ed jeho jedine\u010dn\u00e9 ostravsk\u00e9 realizace \u2013 pat\u0159\u00ed mezi n\u011b jak brutalistn\u00ed dostavba divadla Anton\u00edna Dvo\u0159\u00e1ka, tak origin\u00e1ln\u00ed p\u0159\u00edstavba divadla Ji\u0159\u00edho Myrona \u010di rekonstrukce slezskoostravsk\u00e9ho h\u0159bitova v\u010detn\u011b \u0161pi\u010dkov\u00e9 um\u011bleck\u00e9 v\u00fdzdoby, o kter\u00e9 v dokumentu hovo\u0159\u00ed autor datab\u00e1ze ostravsk\u00fdch soch Jakub Iv\u00e1nek.<\/p>\n","protected":false},"excerpt":{"rendered":"<p>Skulptur\u00e1ln\u00ed plastika, vynikaj\u00edc\u00ed p\u0159\u00edklad brutalismu \u2013 i takto hovo\u0159\u00ed o dostavb\u011b ostravsk\u00e9ho divadla Anton\u00edna Dvo\u0159\u00e1ka z d\u00edlny architekta Iva Klime\u0161e historik um\u011bn\u00ed Martin Strako\u0161 a architektka Eva \u0160pa\u010dkov\u00e1. Pod\u00edvejte se na dokument s \u0159adou unik\u00e1tn\u00edch dobov\u00fdch z\u00e1b\u011br\u016f, skic i sou\u010dasn\u00fdch dronov\u00fdch pohled\u016f, kter\u00e9 zachycuj\u00ed jeho jedine\u010dn\u00e9 ostravsk\u00e9 realizace \u2013 pat\u0159\u00ed mezi n\u011b jak brutalistn\u00ed dostavba&hellip;&nbsp;<a href=\"https:\/\/www.lucernatv.cz\/index.php\/2025\/12\/31\/ostravske-kulturni-stopy-architekt-ivo-klimes\/\" class=\"\" rel=\"bookmark\">\u010c\u00edst d\u00e1le &raquo;<span class=\"screen-reader-text\">Ostravsk\u00e9 kulturn\u00ed stopy &#8211; Architekt Ivo Klime\u0161<\/span><\/a><\/p>\n","protected":false},"author":1,"featured_media":3476,"comment_status":"closed","ping_status":"open","sticky":false,"template":"","format":"gallery","meta":{"inline_featured_image":false,"_uag_custom_page_level_css":"","neve_meta_sidebar":"","neve_meta_container":"","neve_meta_enable_content_width":"","neve_meta_content_width":0,"neve_meta_title_alignment":"","neve_meta_author_avatar":"","neve_post_elements_order":"","neve_meta_disable_header":"","neve_meta_disable_footer":"","neve_meta_disable_title":"","_vp_format_video_url":"","_vp_image_focal_point":[]},"categories":[3,12],"tags":[24,28,35],"yoast_head":"<!-- This site is optimized with the Yoast SEO plugin v20.12 - https:\/\/yoast.com\/wordpress\/plugins\/seo\/ -->\n<title>Ostravsk\u00e9 kulturn\u00ed stopy - Architekt Ivo Klime\u0161 - lucernatv.cz<\/title>\n<meta name=\"robots\" content=\"index, follow, max-snippet:-1, max-image-preview:large, max-video-preview:-1\" \/>\n<link rel=\"canonical\" href=\"https:\/\/www.lucernatv.cz\/index.php\/2025\/12\/31\/ostravske-kulturni-stopy-architekt-ivo-klimes\/\" \/>\n<meta property=\"og:locale\" content=\"cs_CZ\" \/>\n<meta property=\"og:type\" content=\"article\" \/>\n<meta property=\"og:title\" content=\"Ostravsk\u00e9 kulturn\u00ed stopy - Architekt Ivo Klime\u0161 - lucernatv.cz\" \/>\n<meta property=\"og:description\" content=\"Skulptur\u00e1ln\u00ed plastika, vynikaj\u00edc\u00ed p\u0159\u00edklad brutalismu \u2013 i takto hovo\u0159\u00ed o dostavb\u011b ostravsk\u00e9ho divadla Anton\u00edna Dvo\u0159\u00e1ka z d\u00edlny architekta Iva Klime\u0161e historik um\u011bn\u00ed Martin Strako\u0161 a architektka Eva \u0160pa\u010dkov\u00e1. Pod\u00edvejte se na dokument s \u0159adou unik\u00e1tn\u00edch dobov\u00fdch z\u00e1b\u011br\u016f, skic i sou\u010dasn\u00fdch dronov\u00fdch pohled\u016f, kter\u00e9 zachycuj\u00ed jeho jedine\u010dn\u00e9 ostravsk\u00e9 realizace \u2013 pat\u0159\u00ed mezi n\u011b jak brutalistn\u00ed dostavba&hellip;&nbsp;\u010c\u00edst d\u00e1le &raquo;Ostravsk\u00e9 kulturn\u00ed stopy &#8211; Architekt Ivo Klime\u0161\" \/>\n<meta property=\"og:url\" content=\"https:\/\/www.lucernatv.cz\/index.php\/2025\/12\/31\/ostravske-kulturni-stopy-architekt-ivo-klimes\/\" \/>\n<meta property=\"og:site_name\" content=\"lucernatv.cz\" \/>\n<meta property=\"article:publisher\" content=\"https:\/\/www.facebook.com\/avtopava\" \/>\n<meta property=\"article:published_time\" content=\"2025-12-31T20:12:07+00:00\" \/>\n<meta property=\"article:modified_time\" content=\"2025-12-31T20:14:54+00:00\" \/>\n<meta property=\"og:image\" content=\"https:\/\/www.lucernatv.cz\/wp-content\/uploads\/2025\/12\/oQIDL2axH6k.jpg\" \/>\n\t<meta property=\"og:image:width\" content=\"480\" \/>\n\t<meta property=\"og:image:height\" content=\"360\" \/>\n\t<meta property=\"og:image:type\" content=\"image\/jpeg\" \/>\n<meta name=\"author\" content=\"lucernatvc\" \/>\n<meta name=\"twitter:card\" content=\"summary_large_image\" \/>\n<meta name=\"twitter:label1\" content=\"Napsal(a)\" \/>\n\t<meta name=\"twitter:data1\" content=\"lucernatvc\" \/>\n\t<meta name=\"twitter:label2\" content=\"Odhadovan\u00e1 doba \u010dten\u00ed\" \/>\n\t<meta name=\"twitter:data2\" content=\"1 minuta\" \/>\n<script type=\"application\/ld+json\" class=\"yoast-schema-graph\">{\"@context\":\"https:\/\/schema.org\",\"@graph\":[{\"@type\":\"Article\",\"@id\":\"https:\/\/www.lucernatv.cz\/index.php\/2025\/12\/31\/ostravske-kulturni-stopy-architekt-ivo-klimes\/#article\",\"isPartOf\":{\"@id\":\"https:\/\/www.lucernatv.cz\/index.php\/2025\/12\/31\/ostravske-kulturni-stopy-architekt-ivo-klimes\/\"},\"author\":{\"name\":\"lucernatvc\",\"@id\":\"https:\/\/www.lucernatv.cz\/#\/schema\/person\/fdc6b3778fe63c82ba7479978ad159ad\"},\"headline\":\"Ostravsk\u00e9 kulturn\u00ed stopy &#8211; Architekt Ivo Klime\u0161\",\"datePublished\":\"2025-12-31T20:12:07+00:00\",\"dateModified\":\"2025-12-31T20:14:54+00:00\",\"mainEntityOfPage\":{\"@id\":\"https:\/\/www.lucernatv.cz\/index.php\/2025\/12\/31\/ostravske-kulturni-stopy-architekt-ivo-klimes\/\"},\"wordCount\":128,\"publisher\":{\"@id\":\"https:\/\/www.lucernatv.cz\/#organization\"},\"keywords\":[\"dokument\",\"Fiducia on-line\",\"Ostravsk\u00e9 kulturn\u00ed stopy\"],\"articleSection\":[\"Kultura\",\"v\u00fdtvarn\u00e9 um\u011bn\u00ed, architektura a ve\u0159ejn\u00fd prostor\"],\"inLanguage\":\"cs\"},{\"@type\":\"WebPage\",\"@id\":\"https:\/\/www.lucernatv.cz\/index.php\/2025\/12\/31\/ostravske-kulturni-stopy-architekt-ivo-klimes\/\",\"url\":\"https:\/\/www.lucernatv.cz\/index.php\/2025\/12\/31\/ostravske-kulturni-stopy-architekt-ivo-klimes\/\",\"name\":\"Ostravsk\u00e9 kulturn\u00ed stopy - Architekt Ivo Klime\u0161 - lucernatv.cz\",\"isPartOf\":{\"@id\":\"https:\/\/www.lucernatv.cz\/#website\"},\"datePublished\":\"2025-12-31T20:12:07+00:00\",\"dateModified\":\"2025-12-31T20:14:54+00:00\",\"breadcrumb\":{\"@id\":\"https:\/\/www.lucernatv.cz\/index.php\/2025\/12\/31\/ostravske-kulturni-stopy-architekt-ivo-klimes\/#breadcrumb\"},\"inLanguage\":\"cs\",\"potentialAction\":[{\"@type\":\"ReadAction\",\"target\":[\"https:\/\/www.lucernatv.cz\/index.php\/2025\/12\/31\/ostravske-kulturni-stopy-architekt-ivo-klimes\/\"]}]},{\"@type\":\"BreadcrumbList\",\"@id\":\"https:\/\/www.lucernatv.cz\/index.php\/2025\/12\/31\/ostravske-kulturni-stopy-architekt-ivo-klimes\/#breadcrumb\",\"itemListElement\":[{\"@type\":\"ListItem\",\"position\":1,\"name\":\"Dom\u016f\",\"item\":\"https:\/\/www.lucernatv.cz\/\"},{\"@type\":\"ListItem\",\"position\":2,\"name\":\"Ostravsk\u00e9 kulturn\u00ed stopy &#8211; Architekt Ivo Klime\u0161\"}]},{\"@type\":\"WebSite\",\"@id\":\"https:\/\/www.lucernatv.cz\/#website\",\"url\":\"https:\/\/www.lucernatv.cz\/\",\"name\":\"lucernatv.cz\",\"description\":\"Vzd\u011bl\u00e1vac\u00ed televize\",\"publisher\":{\"@id\":\"https:\/\/www.lucernatv.cz\/#organization\"},\"alternateName\":\"Lucerna TV\",\"potentialAction\":[{\"@type\":\"SearchAction\",\"target\":{\"@type\":\"EntryPoint\",\"urlTemplate\":\"https:\/\/www.lucernatv.cz\/?s={search_term_string}\"},\"query-input\":\"required name=search_term_string\"}],\"inLanguage\":\"cs\"},{\"@type\":\"Organization\",\"@id\":\"https:\/\/www.lucernatv.cz\/#organization\",\"name\":\"Lucerna TV\",\"url\":\"https:\/\/www.lucernatv.cz\/\",\"logo\":{\"@type\":\"ImageObject\",\"inLanguage\":\"cs\",\"@id\":\"https:\/\/www.lucernatv.cz\/#\/schema\/logo\/image\/\",\"url\":\"https:\/\/www.lucernatv.cz\/wp-content\/uploads\/2021\/02\/logo.svg\",\"contentUrl\":\"https:\/\/www.lucernatv.cz\/wp-content\/uploads\/2021\/02\/logo.svg\",\"width\":128,\"height\":41,\"caption\":\"Lucerna TV\"},\"image\":{\"@id\":\"https:\/\/www.lucernatv.cz\/#\/schema\/logo\/image\/\"},\"sameAs\":[\"https:\/\/www.facebook.com\/avtopava\",\"https:\/\/www.youtube.com\/channel\/UCtP8PPWG9JatWSMsKMOvdDg\"]},{\"@type\":\"Person\",\"@id\":\"https:\/\/www.lucernatv.cz\/#\/schema\/person\/fdc6b3778fe63c82ba7479978ad159ad\",\"name\":\"lucernatvc\",\"image\":{\"@type\":\"ImageObject\",\"inLanguage\":\"cs\",\"@id\":\"https:\/\/www.lucernatv.cz\/#\/schema\/person\/image\/\",\"url\":\"https:\/\/secure.gravatar.com\/avatar\/5b7905a95103f5227c1afd8b2a10f058?s=96&d=mm&r=g\",\"contentUrl\":\"https:\/\/secure.gravatar.com\/avatar\/5b7905a95103f5227c1afd8b2a10f058?s=96&d=mm&r=g\",\"caption\":\"lucernatvc\"},\"url\":\"https:\/\/www.lucernatv.cz\/index.php\/author\/lucernatvc\/\"}]}<\/script>\n<!-- \/ Yoast SEO plugin. -->","yoast_head_json":{"title":"Ostravsk\u00e9 kulturn\u00ed stopy - Architekt Ivo Klime\u0161 - lucernatv.cz","robots":{"index":"index","follow":"follow","max-snippet":"max-snippet:-1","max-image-preview":"max-image-preview:large","max-video-preview":"max-video-preview:-1"},"canonical":"https:\/\/www.lucernatv.cz\/index.php\/2025\/12\/31\/ostravske-kulturni-stopy-architekt-ivo-klimes\/","og_locale":"cs_CZ","og_type":"article","og_title":"Ostravsk\u00e9 kulturn\u00ed stopy - Architekt Ivo Klime\u0161 - lucernatv.cz","og_description":"Skulptur\u00e1ln\u00ed plastika, vynikaj\u00edc\u00ed p\u0159\u00edklad brutalismu \u2013 i takto hovo\u0159\u00ed o dostavb\u011b ostravsk\u00e9ho divadla Anton\u00edna Dvo\u0159\u00e1ka z d\u00edlny architekta Iva Klime\u0161e historik um\u011bn\u00ed Martin Strako\u0161 a architektka Eva \u0160pa\u010dkov\u00e1. Pod\u00edvejte se na dokument s \u0159adou unik\u00e1tn\u00edch dobov\u00fdch z\u00e1b\u011br\u016f, skic i sou\u010dasn\u00fdch dronov\u00fdch pohled\u016f, kter\u00e9 zachycuj\u00ed jeho jedine\u010dn\u00e9 ostravsk\u00e9 realizace \u2013 pat\u0159\u00ed mezi n\u011b jak brutalistn\u00ed dostavba&hellip;&nbsp;\u010c\u00edst d\u00e1le &raquo;Ostravsk\u00e9 kulturn\u00ed stopy &#8211; Architekt Ivo Klime\u0161","og_url":"https:\/\/www.lucernatv.cz\/index.php\/2025\/12\/31\/ostravske-kulturni-stopy-architekt-ivo-klimes\/","og_site_name":"lucernatv.cz","article_publisher":"https:\/\/www.facebook.com\/avtopava","article_published_time":"2025-12-31T20:12:07+00:00","article_modified_time":"2025-12-31T20:14:54+00:00","og_image":[{"width":480,"height":360,"url":"https:\/\/www.lucernatv.cz\/wp-content\/uploads\/2025\/12\/oQIDL2axH6k.jpg","type":"image\/jpeg"}],"author":"lucernatvc","twitter_card":"summary_large_image","twitter_misc":{"Napsal(a)":"lucernatvc","Odhadovan\u00e1 doba \u010dten\u00ed":"1 minuta"},"schema":{"@context":"https:\/\/schema.org","@graph":[{"@type":"Article","@id":"https:\/\/www.lucernatv.cz\/index.php\/2025\/12\/31\/ostravske-kulturni-stopy-architekt-ivo-klimes\/#article","isPartOf":{"@id":"https:\/\/www.lucernatv.cz\/index.php\/2025\/12\/31\/ostravske-kulturni-stopy-architekt-ivo-klimes\/"},"author":{"name":"lucernatvc","@id":"https:\/\/www.lucernatv.cz\/#\/schema\/person\/fdc6b3778fe63c82ba7479978ad159ad"},"headline":"Ostravsk\u00e9 kulturn\u00ed stopy &#8211; Architekt Ivo Klime\u0161","datePublished":"2025-12-31T20:12:07+00:00","dateModified":"2025-12-31T20:14:54+00:00","mainEntityOfPage":{"@id":"https:\/\/www.lucernatv.cz\/index.php\/2025\/12\/31\/ostravske-kulturni-stopy-architekt-ivo-klimes\/"},"wordCount":128,"publisher":{"@id":"https:\/\/www.lucernatv.cz\/#organization"},"keywords":["dokument","Fiducia on-line","Ostravsk\u00e9 kulturn\u00ed stopy"],"articleSection":["Kultura","v\u00fdtvarn\u00e9 um\u011bn\u00ed, architektura a ve\u0159ejn\u00fd prostor"],"inLanguage":"cs"},{"@type":"WebPage","@id":"https:\/\/www.lucernatv.cz\/index.php\/2025\/12\/31\/ostravske-kulturni-stopy-architekt-ivo-klimes\/","url":"https:\/\/www.lucernatv.cz\/index.php\/2025\/12\/31\/ostravske-kulturni-stopy-architekt-ivo-klimes\/","name":"Ostravsk\u00e9 kulturn\u00ed stopy - Architekt Ivo Klime\u0161 - lucernatv.cz","isPartOf":{"@id":"https:\/\/www.lucernatv.cz\/#website"},"datePublished":"2025-12-31T20:12:07+00:00","dateModified":"2025-12-31T20:14:54+00:00","breadcrumb":{"@id":"https:\/\/www.lucernatv.cz\/index.php\/2025\/12\/31\/ostravske-kulturni-stopy-architekt-ivo-klimes\/#breadcrumb"},"inLanguage":"cs","potentialAction":[{"@type":"ReadAction","target":["https:\/\/www.lucernatv.cz\/index.php\/2025\/12\/31\/ostravske-kulturni-stopy-architekt-ivo-klimes\/"]}]},{"@type":"BreadcrumbList","@id":"https:\/\/www.lucernatv.cz\/index.php\/2025\/12\/31\/ostravske-kulturni-stopy-architekt-ivo-klimes\/#breadcrumb","itemListElement":[{"@type":"ListItem","position":1,"name":"Dom\u016f","item":"https:\/\/www.lucernatv.cz\/"},{"@type":"ListItem","position":2,"name":"Ostravsk\u00e9 kulturn\u00ed stopy &#8211; Architekt Ivo Klime\u0161"}]},{"@type":"WebSite","@id":"https:\/\/www.lucernatv.cz\/#website","url":"https:\/\/www.lucernatv.cz\/","name":"lucernatv.cz","description":"Vzd\u011bl\u00e1vac\u00ed televize","publisher":{"@id":"https:\/\/www.lucernatv.cz\/#organization"},"alternateName":"Lucerna TV","potentialAction":[{"@type":"SearchAction","target":{"@type":"EntryPoint","urlTemplate":"https:\/\/www.lucernatv.cz\/?s={search_term_string}"},"query-input":"required name=search_term_string"}],"inLanguage":"cs"},{"@type":"Organization","@id":"https:\/\/www.lucernatv.cz\/#organization","name":"Lucerna TV","url":"https:\/\/www.lucernatv.cz\/","logo":{"@type":"ImageObject","inLanguage":"cs","@id":"https:\/\/www.lucernatv.cz\/#\/schema\/logo\/image\/","url":"https:\/\/www.lucernatv.cz\/wp-content\/uploads\/2021\/02\/logo.svg","contentUrl":"https:\/\/www.lucernatv.cz\/wp-content\/uploads\/2021\/02\/logo.svg","width":128,"height":41,"caption":"Lucerna TV"},"image":{"@id":"https:\/\/www.lucernatv.cz\/#\/schema\/logo\/image\/"},"sameAs":["https:\/\/www.facebook.com\/avtopava","https:\/\/www.youtube.com\/channel\/UCtP8PPWG9JatWSMsKMOvdDg"]},{"@type":"Person","@id":"https:\/\/www.lucernatv.cz\/#\/schema\/person\/fdc6b3778fe63c82ba7479978ad159ad","name":"lucernatvc","image":{"@type":"ImageObject","inLanguage":"cs","@id":"https:\/\/www.lucernatv.cz\/#\/schema\/person\/image\/","url":"https:\/\/secure.gravatar.com\/avatar\/5b7905a95103f5227c1afd8b2a10f058?s=96&d=mm&r=g","contentUrl":"https:\/\/secure.gravatar.com\/avatar\/5b7905a95103f5227c1afd8b2a10f058?s=96&d=mm&r=g","caption":"lucernatvc"},"url":"https:\/\/www.lucernatv.cz\/index.php\/author\/lucernatvc\/"}]}},"uagb_featured_image_src":{"full":["https:\/\/www.lucernatv.cz\/wp-content\/uploads\/2025\/12\/oQIDL2axH6k.jpg",480,360,false],"thumbnail":["https:\/\/www.lucernatv.cz\/wp-content\/uploads\/2025\/12\/oQIDL2axH6k-150x150.jpg",150,150,true],"medium":["https:\/\/www.lucernatv.cz\/wp-content\/uploads\/2025\/12\/oQIDL2axH6k-240x180.jpg",240,180,true],"medium_large":["https:\/\/www.lucernatv.cz\/wp-content\/uploads\/2025\/12\/oQIDL2axH6k.jpg",480,360,false],"large":["https:\/\/www.lucernatv.cz\/wp-content\/uploads\/2025\/12\/oQIDL2axH6k.jpg",480,360,false],"1536x1536":["https:\/\/www.lucernatv.cz\/wp-content\/uploads\/2025\/12\/oQIDL2axH6k.jpg",480,360,false],"2048x2048":["https:\/\/www.lucernatv.cz\/wp-content\/uploads\/2025\/12\/oQIDL2axH6k.jpg",480,360,false],"ultp_layout_landscape_large":["https:\/\/www.lucernatv.cz\/wp-content\/uploads\/2025\/12\/oQIDL2axH6k.jpg",480,360,false],"ultp_layout_landscape":["https:\/\/www.lucernatv.cz\/wp-content\/uploads\/2025\/12\/oQIDL2axH6k.jpg",480,360,false],"ultp_layout_portrait":["https:\/\/www.lucernatv.cz\/wp-content\/uploads\/2025\/12\/oQIDL2axH6k.jpg",480,360,false],"ultp_layout_square":["https:\/\/www.lucernatv.cz\/wp-content\/uploads\/2025\/12\/oQIDL2axH6k.jpg",480,360,false],"vp_sm":["https:\/\/www.lucernatv.cz\/wp-content\/uploads\/2025\/12\/oQIDL2axH6k.jpg",480,360,false],"vp_md":["https:\/\/www.lucernatv.cz\/wp-content\/uploads\/2025\/12\/oQIDL2axH6k.jpg",480,360,false],"vp_lg":["https:\/\/www.lucernatv.cz\/wp-content\/uploads\/2025\/12\/oQIDL2axH6k.jpg",480,360,false],"vp_xl":["https:\/\/www.lucernatv.cz\/wp-content\/uploads\/2025\/12\/oQIDL2axH6k.jpg",480,360,false],"vp_sm_popup":["https:\/\/www.lucernatv.cz\/wp-content\/uploads\/2025\/12\/oQIDL2axH6k.jpg",480,360,false],"vp_md_popup":["https:\/\/www.lucernatv.cz\/wp-content\/uploads\/2025\/12\/oQIDL2axH6k.jpg",480,360,false],"vp_xl_popup":["https:\/\/www.lucernatv.cz\/wp-content\/uploads\/2025\/12\/oQIDL2axH6k.jpg",480,360,false],"neve-blog":["https:\/\/www.lucernatv.cz\/wp-content\/uploads\/2025\/12\/oQIDL2axH6k.jpg",480,360,false]},"uagb_author_info":{"display_name":"lucernatvc","author_link":"https:\/\/www.lucernatv.cz\/index.php\/author\/lucernatvc\/"},"uagb_comment_info":0,"uagb_excerpt":"Skulptur\u00e1ln\u00ed plastika, vynikaj\u00edc\u00ed p\u0159\u00edklad brutalismu \u2013 i takto hovo\u0159\u00ed o dostavb\u011b ostravsk\u00e9ho divadla Anton\u00edna Dvo\u0159\u00e1ka z d\u00edlny architekta Iva Klime\u0161e historik um\u011bn\u00ed Martin Strako\u0161 a architektka Eva \u0160pa\u010dkov\u00e1. Pod\u00edvejte se na dokument s \u0159adou unik\u00e1tn\u00edch dobov\u00fdch z\u00e1b\u011br\u016f, skic i sou\u010dasn\u00fdch dronov\u00fdch pohled\u016f, kter\u00e9 zachycuj\u00ed jeho jedine\u010dn\u00e9 ostravsk\u00e9 realizace \u2013 pat\u0159\u00ed mezi n\u011b jak brutalistn\u00ed dostavba&hellip;&nbsp;\u010c\u00edst&hellip;","_links":{"self":[{"href":"https:\/\/www.lucernatv.cz\/index.php\/wp-json\/wp\/v2\/posts\/3474"}],"collection":[{"href":"https:\/\/www.lucernatv.cz\/index.php\/wp-json\/wp\/v2\/posts"}],"about":[{"href":"https:\/\/www.lucernatv.cz\/index.php\/wp-json\/wp\/v2\/types\/post"}],"author":[{"embeddable":true,"href":"https:\/\/www.lucernatv.cz\/index.php\/wp-json\/wp\/v2\/users\/1"}],"replies":[{"embeddable":true,"href":"https:\/\/www.lucernatv.cz\/index.php\/wp-json\/wp\/v2\/comments?post=3474"}],"version-history":[{"count":1,"href":"https:\/\/www.lucernatv.cz\/index.php\/wp-json\/wp\/v2\/posts\/3474\/revisions"}],"predecessor-version":[{"id":3475,"href":"https:\/\/www.lucernatv.cz\/index.php\/wp-json\/wp\/v2\/posts\/3474\/revisions\/3475"}],"wp:featuredmedia":[{"embeddable":true,"href":"https:\/\/www.lucernatv.cz\/index.php\/wp-json\/wp\/v2\/media\/3476"}],"wp:attachment":[{"href":"https:\/\/www.lucernatv.cz\/index.php\/wp-json\/wp\/v2\/media?parent=3474"}],"wp:term":[{"taxonomy":"category","embeddable":true,"href":"https:\/\/www.lucernatv.cz\/index.php\/wp-json\/wp\/v2\/categories?post=3474"},{"taxonomy":"post_tag","embeddable":true,"href":"https:\/\/www.lucernatv.cz\/index.php\/wp-json\/wp\/v2\/tags?post=3474"}],"curies":[{"name":"wp","href":"https:\/\/api.w.org\/{rel}","templated":true}]}}