{"id":3386,"date":"2025-01-05T13:52:52","date_gmt":"2025-01-05T13:52:52","guid":{"rendered":"https:\/\/www.lucernatv.cz\/?p=3386"},"modified":"2025-01-20T13:03:05","modified_gmt":"2025-01-20T13:03:05","slug":"ostravske-kulturni-stopy-pohornicka-krajina-2-cast-architektura-a-urbanismus","status":"publish","type":"post","link":"https:\/\/www.lucernatv.cz\/index.php\/2025\/01\/05\/ostravske-kulturni-stopy-pohornicka-krajina-2-cast-architektura-a-urbanismus\/","title":{"rendered":"Ostravsk\u00e9 kulturn\u00ed stopy \u2013 Pohornick\u00e1 krajina \u2013 2. \u010d\u00e1st, architektura a urbanismus"},"content":{"rendered":"\n<figure class=\"wp-block-embed is-type-video is-provider-youtube wp-block-embed-youtube wp-embed-aspect-16-9 wp-has-aspect-ratio\"><div class=\"wp-block-embed__wrapper\">\n<div class=\"nv-iframe-embed\"><div class=\"arve\" data-mode=\"normal\" data-oembed=\"1\" data-provider=\"youtube\" id=\"arve-youtube-la3-ownuwk869ee46988738b747344545\">\n<span class=\"arve-inner\">\n<span class=\"arve-embed arve-embed--has-aspect-ratio\">\n<span class=\"arve-ar\" style=\"padding-top:56.250000%\"><\/span><iframe allow=\"accelerometer; autoplay; clipboard-write; encrypted-media; gyroscope; picture-in-picture\" allowfullscreen class=\"arve-iframe fitvidsignore\" data-arve=\"arve-youtube-la3-ownuwk869ee46988738b747344545\" data-src-no-ap=\"https:\/\/www.youtube-nocookie.com\/embed\/LA3-oWNUwK8?feature=oembed&amp;iv_load_policy=3&amp;modestbranding=1&amp;rel=0&amp;autohide=1&amp;playsinline=0&amp;autoplay=0\" frameborder=\"0\" height=\"0\" sandbox=\"allow-scripts allow-same-origin allow-presentation allow-popups allow-popups-to-escape-sandbox\" scrolling=\"no\" src=\"https:\/\/www.youtube-nocookie.com\/embed\/LA3-oWNUwK8?feature=oembed&#038;iv_load_policy=3&#038;modestbranding=1&#038;rel=0&#038;autohide=1&#038;playsinline=0&#038;autoplay=0\"><\/iframe>\n\n<\/span>\n\n<\/span>\n<script type=\"application\/ld+json\">{\"@context\":\"http:\\\/\\\/schema.org\\\/\",\"@id\":\"https:\\\/\\\/www.lucernatv.cz\\\/index.php\\\/2025\\\/01\\\/05\\\/ostravske-kulturni-stopy-pohornicka-krajina-2-cast-architektura-a-urbanismus\\\/#arve-youtube-la3-ownuwk869ee46988738b747344545\",\"type\":\"VideoObject\",\"embedURL\":\"https:\\\/\\\/www.youtube-nocookie.com\\\/embed\\\/LA3-oWNUwK8?feature=oembed&iv_load_policy=3&modestbranding=1&rel=0&autohide=1&playsinline=0&autoplay=0\"}<\/script>\n<\/div>\n<\/div>\n<\/div><\/figure>\n\n\n\n<p>Jak\u00fd dopad m\u011bla d\u016fln\u00ed \u010dinnost na Ostravsku na krajinu? Jak\u00e9 industri\u00e1ln\u00ed stavby se po uzav\u0159en\u00ed dol\u016f zachovaly? Kter\u00e9 z\u00edskaly statut pam\u00e1tky? A jak\u00fd vliv m\u011bl zdej\u0161\u00ed pr\u016fmysl na urbanismus? Odpov\u00ed architekt a vedouc\u00ed Metodick\u00e9ho centra pr\u016fmyslov\u00e9ho d\u011bdictv\u00ed N\u00e1rodn\u00edho pam\u00e1tkov\u00e9ho \u00fastavu, \u00fazemn\u00edho odborn\u00e9ho pracovi\u0161t\u011b v Ostrav\u011b, Milo\u0161 Mat\u011bj a historik Tom\u00e1\u0161 Majli\u0161.<\/p>\n\n\n\n<p>Film vznikl d\u00edky finan\u010dn\u00ed podpo\u0159e:<\/p>\n\n\n\n<figure class=\"wp-block-image size-full is-resized\"><img decoding=\"async\" src=\"https:\/\/www.lucernatv.cz\/wp-content\/uploads\/2025\/01\/NPO2024_sponzori-alfa.png\" alt=\"\" class=\"wp-image-3394\" width=\"400\" height=\"118\" srcset=\"https:\/\/www.lucernatv.cz\/wp-content\/uploads\/2025\/01\/NPO2024_sponzori-alfa.png 850w, https:\/\/www.lucernatv.cz\/wp-content\/uploads\/2025\/01\/NPO2024_sponzori-alfa-318x95.png 318w, https:\/\/www.lucernatv.cz\/wp-content\/uploads\/2025\/01\/NPO2024_sponzori-alfa-768x229.png 768w, https:\/\/www.lucernatv.cz\/wp-content\/uploads\/2025\/01\/NPO2024_sponzori-alfa-500x149.png 500w, https:\/\/www.lucernatv.cz\/wp-content\/uploads\/2025\/01\/NPO2024_sponzori-alfa-800x238.png 800w\" sizes=\"(max-width: 400px) 100vw, 400px\" \/><\/figure>\n","protected":false},"excerpt":{"rendered":"<p>Jak\u00fd dopad m\u011bla d\u016fln\u00ed \u010dinnost na Ostravsku na krajinu? Jak\u00e9 industri\u00e1ln\u00ed stavby se po uzav\u0159en\u00ed dol\u016f zachovaly? Kter\u00e9 z\u00edskaly statut pam\u00e1tky? A jak\u00fd vliv m\u011bl zdej\u0161\u00ed pr\u016fmysl na urbanismus? Odpov\u00ed architekt a vedouc\u00ed Metodick\u00e9ho centra pr\u016fmyslov\u00e9ho d\u011bdictv\u00ed N\u00e1rodn\u00edho pam\u00e1tkov\u00e9ho \u00fastavu, \u00fazemn\u00edho odborn\u00e9ho pracovi\u0161t\u011b v Ostrav\u011b, Milo\u0161 Mat\u011bj a historik Tom\u00e1\u0161 Majli\u0161. Film vznikl d\u00edky finan\u010dn\u00ed&hellip;&nbsp;<a href=\"https:\/\/www.lucernatv.cz\/index.php\/2025\/01\/05\/ostravske-kulturni-stopy-pohornicka-krajina-2-cast-architektura-a-urbanismus\/\" class=\"\" rel=\"bookmark\">\u010c\u00edst d\u00e1le &raquo;<span class=\"screen-reader-text\">Ostravsk\u00e9 kulturn\u00ed stopy \u2013 Pohornick\u00e1 krajina \u2013 2. \u010d\u00e1st, architektura a urbanismus<\/span><\/a><\/p>\n","protected":false},"author":1,"featured_media":3388,"comment_status":"closed","ping_status":"open","sticky":false,"template":"","format":"gallery","meta":{"inline_featured_image":false,"_uag_custom_page_level_css":"","neve_meta_sidebar":"","neve_meta_container":"","neve_meta_enable_content_width":"","neve_meta_content_width":0,"neve_meta_title_alignment":"","neve_meta_author_avatar":"","neve_post_elements_order":"","neve_meta_disable_header":"","neve_meta_disable_footer":"","neve_meta_disable_title":"","_vp_format_video_url":"","_vp_image_focal_point":[]},"categories":[3,12],"tags":[24,28,35],"yoast_head":"<!-- This site is optimized with the Yoast SEO plugin v20.12 - https:\/\/yoast.com\/wordpress\/plugins\/seo\/ -->\n<title>Ostravsk\u00e9 kulturn\u00ed stopy \u2013 Pohornick\u00e1 krajina \u2013 2. \u010d\u00e1st, architektura a urbanismus - lucernatv.cz<\/title>\n<meta name=\"robots\" content=\"index, follow, max-snippet:-1, max-image-preview:large, max-video-preview:-1\" \/>\n<link rel=\"canonical\" href=\"https:\/\/www.lucernatv.cz\/index.php\/2025\/01\/05\/ostravske-kulturni-stopy-pohornicka-krajina-2-cast-architektura-a-urbanismus\/\" \/>\n<meta property=\"og:locale\" content=\"cs_CZ\" \/>\n<meta property=\"og:type\" content=\"article\" \/>\n<meta property=\"og:title\" content=\"Ostravsk\u00e9 kulturn\u00ed stopy \u2013 Pohornick\u00e1 krajina \u2013 2. \u010d\u00e1st, architektura a urbanismus - lucernatv.cz\" \/>\n<meta property=\"og:description\" content=\"Jak\u00fd dopad m\u011bla d\u016fln\u00ed \u010dinnost na Ostravsku na krajinu? Jak\u00e9 industri\u00e1ln\u00ed stavby se po uzav\u0159en\u00ed dol\u016f zachovaly? Kter\u00e9 z\u00edskaly statut pam\u00e1tky? A jak\u00fd vliv m\u011bl zdej\u0161\u00ed pr\u016fmysl na urbanismus? Odpov\u00ed architekt a vedouc\u00ed Metodick\u00e9ho centra pr\u016fmyslov\u00e9ho d\u011bdictv\u00ed N\u00e1rodn\u00edho pam\u00e1tkov\u00e9ho \u00fastavu, \u00fazemn\u00edho odborn\u00e9ho pracovi\u0161t\u011b v Ostrav\u011b, Milo\u0161 Mat\u011bj a historik Tom\u00e1\u0161 Majli\u0161. Film vznikl d\u00edky finan\u010dn\u00ed&hellip;&nbsp;\u010c\u00edst d\u00e1le &raquo;Ostravsk\u00e9 kulturn\u00ed stopy \u2013 Pohornick\u00e1 krajina \u2013 2. \u010d\u00e1st, architektura a urbanismus\" \/>\n<meta property=\"og:url\" content=\"https:\/\/www.lucernatv.cz\/index.php\/2025\/01\/05\/ostravske-kulturni-stopy-pohornicka-krajina-2-cast-architektura-a-urbanismus\/\" \/>\n<meta property=\"og:site_name\" content=\"lucernatv.cz\" \/>\n<meta property=\"article:publisher\" content=\"https:\/\/www.facebook.com\/avtopava\" \/>\n<meta property=\"article:published_time\" content=\"2025-01-05T13:52:52+00:00\" \/>\n<meta property=\"article:modified_time\" content=\"2025-01-20T13:03:05+00:00\" \/>\n<meta property=\"og:image\" content=\"https:\/\/www.lucernatv.cz\/wp-content\/uploads\/2025\/01\/LA3-oWNUwK8.jpg\" \/>\n\t<meta property=\"og:image:width\" content=\"480\" \/>\n\t<meta property=\"og:image:height\" content=\"360\" \/>\n\t<meta property=\"og:image:type\" content=\"image\/jpeg\" \/>\n<meta name=\"author\" content=\"lucernatvc\" \/>\n<meta name=\"twitter:card\" content=\"summary_large_image\" \/>\n<meta name=\"twitter:label1\" content=\"Napsal(a)\" \/>\n\t<meta name=\"twitter:data1\" content=\"lucernatvc\" \/>\n\t<meta name=\"twitter:label2\" content=\"Odhadovan\u00e1 doba \u010dten\u00ed\" \/>\n\t<meta name=\"twitter:data2\" content=\"1 minuta\" \/>\n<script type=\"application\/ld+json\" class=\"yoast-schema-graph\">{\"@context\":\"https:\/\/schema.org\",\"@graph\":[{\"@type\":\"Article\",\"@id\":\"https:\/\/www.lucernatv.cz\/index.php\/2025\/01\/05\/ostravske-kulturni-stopy-pohornicka-krajina-2-cast-architektura-a-urbanismus\/#article\",\"isPartOf\":{\"@id\":\"https:\/\/www.lucernatv.cz\/index.php\/2025\/01\/05\/ostravske-kulturni-stopy-pohornicka-krajina-2-cast-architektura-a-urbanismus\/\"},\"author\":{\"name\":\"lucernatvc\",\"@id\":\"https:\/\/www.lucernatv.cz\/#\/schema\/person\/fdc6b3778fe63c82ba7479978ad159ad\"},\"headline\":\"Ostravsk\u00e9 kulturn\u00ed stopy \u2013 Pohornick\u00e1 krajina \u2013 2. \u010d\u00e1st, architektura a urbanismus\",\"datePublished\":\"2025-01-05T13:52:52+00:00\",\"dateModified\":\"2025-01-20T13:03:05+00:00\",\"mainEntityOfPage\":{\"@id\":\"https:\/\/www.lucernatv.cz\/index.php\/2025\/01\/05\/ostravske-kulturni-stopy-pohornicka-krajina-2-cast-architektura-a-urbanismus\/\"},\"wordCount\":93,\"publisher\":{\"@id\":\"https:\/\/www.lucernatv.cz\/#organization\"},\"keywords\":[\"dokument\",\"Fiducia on-line\",\"Ostravsk\u00e9 kulturn\u00ed stopy\"],\"articleSection\":[\"Kultura\",\"v\u00fdtvarn\u00e9 um\u011bn\u00ed, architektura a ve\u0159ejn\u00fd prostor\"],\"inLanguage\":\"cs\"},{\"@type\":\"WebPage\",\"@id\":\"https:\/\/www.lucernatv.cz\/index.php\/2025\/01\/05\/ostravske-kulturni-stopy-pohornicka-krajina-2-cast-architektura-a-urbanismus\/\",\"url\":\"https:\/\/www.lucernatv.cz\/index.php\/2025\/01\/05\/ostravske-kulturni-stopy-pohornicka-krajina-2-cast-architektura-a-urbanismus\/\",\"name\":\"Ostravsk\u00e9 kulturn\u00ed stopy \u2013 Pohornick\u00e1 krajina \u2013 2. \u010d\u00e1st, architektura a urbanismus - lucernatv.cz\",\"isPartOf\":{\"@id\":\"https:\/\/www.lucernatv.cz\/#website\"},\"datePublished\":\"2025-01-05T13:52:52+00:00\",\"dateModified\":\"2025-01-20T13:03:05+00:00\",\"breadcrumb\":{\"@id\":\"https:\/\/www.lucernatv.cz\/index.php\/2025\/01\/05\/ostravske-kulturni-stopy-pohornicka-krajina-2-cast-architektura-a-urbanismus\/#breadcrumb\"},\"inLanguage\":\"cs\",\"potentialAction\":[{\"@type\":\"ReadAction\",\"target\":[\"https:\/\/www.lucernatv.cz\/index.php\/2025\/01\/05\/ostravske-kulturni-stopy-pohornicka-krajina-2-cast-architektura-a-urbanismus\/\"]}]},{\"@type\":\"BreadcrumbList\",\"@id\":\"https:\/\/www.lucernatv.cz\/index.php\/2025\/01\/05\/ostravske-kulturni-stopy-pohornicka-krajina-2-cast-architektura-a-urbanismus\/#breadcrumb\",\"itemListElement\":[{\"@type\":\"ListItem\",\"position\":1,\"name\":\"Dom\u016f\",\"item\":\"https:\/\/www.lucernatv.cz\/\"},{\"@type\":\"ListItem\",\"position\":2,\"name\":\"Ostravsk\u00e9 kulturn\u00ed stopy \u2013 Pohornick\u00e1 krajina \u2013 2. \u010d\u00e1st, architektura a urbanismus\"}]},{\"@type\":\"WebSite\",\"@id\":\"https:\/\/www.lucernatv.cz\/#website\",\"url\":\"https:\/\/www.lucernatv.cz\/\",\"name\":\"lucernatv.cz\",\"description\":\"Vzd\u011bl\u00e1vac\u00ed televize\",\"publisher\":{\"@id\":\"https:\/\/www.lucernatv.cz\/#organization\"},\"alternateName\":\"Lucerna TV\",\"potentialAction\":[{\"@type\":\"SearchAction\",\"target\":{\"@type\":\"EntryPoint\",\"urlTemplate\":\"https:\/\/www.lucernatv.cz\/?s={search_term_string}\"},\"query-input\":\"required name=search_term_string\"}],\"inLanguage\":\"cs\"},{\"@type\":\"Organization\",\"@id\":\"https:\/\/www.lucernatv.cz\/#organization\",\"name\":\"Lucerna TV\",\"url\":\"https:\/\/www.lucernatv.cz\/\",\"logo\":{\"@type\":\"ImageObject\",\"inLanguage\":\"cs\",\"@id\":\"https:\/\/www.lucernatv.cz\/#\/schema\/logo\/image\/\",\"url\":\"https:\/\/www.lucernatv.cz\/wp-content\/uploads\/2021\/02\/logo.svg\",\"contentUrl\":\"https:\/\/www.lucernatv.cz\/wp-content\/uploads\/2021\/02\/logo.svg\",\"width\":128,\"height\":41,\"caption\":\"Lucerna TV\"},\"image\":{\"@id\":\"https:\/\/www.lucernatv.cz\/#\/schema\/logo\/image\/\"},\"sameAs\":[\"https:\/\/www.facebook.com\/avtopava\",\"https:\/\/www.youtube.com\/channel\/UCtP8PPWG9JatWSMsKMOvdDg\"]},{\"@type\":\"Person\",\"@id\":\"https:\/\/www.lucernatv.cz\/#\/schema\/person\/fdc6b3778fe63c82ba7479978ad159ad\",\"name\":\"lucernatvc\",\"image\":{\"@type\":\"ImageObject\",\"inLanguage\":\"cs\",\"@id\":\"https:\/\/www.lucernatv.cz\/#\/schema\/person\/image\/\",\"url\":\"https:\/\/secure.gravatar.com\/avatar\/5b7905a95103f5227c1afd8b2a10f058?s=96&d=mm&r=g\",\"contentUrl\":\"https:\/\/secure.gravatar.com\/avatar\/5b7905a95103f5227c1afd8b2a10f058?s=96&d=mm&r=g\",\"caption\":\"lucernatvc\"},\"url\":\"https:\/\/www.lucernatv.cz\/index.php\/author\/lucernatvc\/\"}]}<\/script>\n<!-- \/ Yoast SEO plugin. -->","yoast_head_json":{"title":"Ostravsk\u00e9 kulturn\u00ed stopy \u2013 Pohornick\u00e1 krajina \u2013 2. \u010d\u00e1st, architektura a urbanismus - lucernatv.cz","robots":{"index":"index","follow":"follow","max-snippet":"max-snippet:-1","max-image-preview":"max-image-preview:large","max-video-preview":"max-video-preview:-1"},"canonical":"https:\/\/www.lucernatv.cz\/index.php\/2025\/01\/05\/ostravske-kulturni-stopy-pohornicka-krajina-2-cast-architektura-a-urbanismus\/","og_locale":"cs_CZ","og_type":"article","og_title":"Ostravsk\u00e9 kulturn\u00ed stopy \u2013 Pohornick\u00e1 krajina \u2013 2. \u010d\u00e1st, architektura a urbanismus - lucernatv.cz","og_description":"Jak\u00fd dopad m\u011bla d\u016fln\u00ed \u010dinnost na Ostravsku na krajinu? Jak\u00e9 industri\u00e1ln\u00ed stavby se po uzav\u0159en\u00ed dol\u016f zachovaly? Kter\u00e9 z\u00edskaly statut pam\u00e1tky? A jak\u00fd vliv m\u011bl zdej\u0161\u00ed pr\u016fmysl na urbanismus? Odpov\u00ed architekt a vedouc\u00ed Metodick\u00e9ho centra pr\u016fmyslov\u00e9ho d\u011bdictv\u00ed N\u00e1rodn\u00edho pam\u00e1tkov\u00e9ho \u00fastavu, \u00fazemn\u00edho odborn\u00e9ho pracovi\u0161t\u011b v Ostrav\u011b, Milo\u0161 Mat\u011bj a historik Tom\u00e1\u0161 Majli\u0161. Film vznikl d\u00edky finan\u010dn\u00ed&hellip;&nbsp;\u010c\u00edst d\u00e1le &raquo;Ostravsk\u00e9 kulturn\u00ed stopy \u2013 Pohornick\u00e1 krajina \u2013 2. \u010d\u00e1st, architektura a urbanismus","og_url":"https:\/\/www.lucernatv.cz\/index.php\/2025\/01\/05\/ostravske-kulturni-stopy-pohornicka-krajina-2-cast-architektura-a-urbanismus\/","og_site_name":"lucernatv.cz","article_publisher":"https:\/\/www.facebook.com\/avtopava","article_published_time":"2025-01-05T13:52:52+00:00","article_modified_time":"2025-01-20T13:03:05+00:00","og_image":[{"width":480,"height":360,"url":"https:\/\/www.lucernatv.cz\/wp-content\/uploads\/2025\/01\/LA3-oWNUwK8.jpg","type":"image\/jpeg"}],"author":"lucernatvc","twitter_card":"summary_large_image","twitter_misc":{"Napsal(a)":"lucernatvc","Odhadovan\u00e1 doba \u010dten\u00ed":"1 minuta"},"schema":{"@context":"https:\/\/schema.org","@graph":[{"@type":"Article","@id":"https:\/\/www.lucernatv.cz\/index.php\/2025\/01\/05\/ostravske-kulturni-stopy-pohornicka-krajina-2-cast-architektura-a-urbanismus\/#article","isPartOf":{"@id":"https:\/\/www.lucernatv.cz\/index.php\/2025\/01\/05\/ostravske-kulturni-stopy-pohornicka-krajina-2-cast-architektura-a-urbanismus\/"},"author":{"name":"lucernatvc","@id":"https:\/\/www.lucernatv.cz\/#\/schema\/person\/fdc6b3778fe63c82ba7479978ad159ad"},"headline":"Ostravsk\u00e9 kulturn\u00ed stopy \u2013 Pohornick\u00e1 krajina \u2013 2. \u010d\u00e1st, architektura a urbanismus","datePublished":"2025-01-05T13:52:52+00:00","dateModified":"2025-01-20T13:03:05+00:00","mainEntityOfPage":{"@id":"https:\/\/www.lucernatv.cz\/index.php\/2025\/01\/05\/ostravske-kulturni-stopy-pohornicka-krajina-2-cast-architektura-a-urbanismus\/"},"wordCount":93,"publisher":{"@id":"https:\/\/www.lucernatv.cz\/#organization"},"keywords":["dokument","Fiducia on-line","Ostravsk\u00e9 kulturn\u00ed stopy"],"articleSection":["Kultura","v\u00fdtvarn\u00e9 um\u011bn\u00ed, architektura a ve\u0159ejn\u00fd prostor"],"inLanguage":"cs"},{"@type":"WebPage","@id":"https:\/\/www.lucernatv.cz\/index.php\/2025\/01\/05\/ostravske-kulturni-stopy-pohornicka-krajina-2-cast-architektura-a-urbanismus\/","url":"https:\/\/www.lucernatv.cz\/index.php\/2025\/01\/05\/ostravske-kulturni-stopy-pohornicka-krajina-2-cast-architektura-a-urbanismus\/","name":"Ostravsk\u00e9 kulturn\u00ed stopy \u2013 Pohornick\u00e1 krajina \u2013 2. \u010d\u00e1st, architektura a urbanismus - lucernatv.cz","isPartOf":{"@id":"https:\/\/www.lucernatv.cz\/#website"},"datePublished":"2025-01-05T13:52:52+00:00","dateModified":"2025-01-20T13:03:05+00:00","breadcrumb":{"@id":"https:\/\/www.lucernatv.cz\/index.php\/2025\/01\/05\/ostravske-kulturni-stopy-pohornicka-krajina-2-cast-architektura-a-urbanismus\/#breadcrumb"},"inLanguage":"cs","potentialAction":[{"@type":"ReadAction","target":["https:\/\/www.lucernatv.cz\/index.php\/2025\/01\/05\/ostravske-kulturni-stopy-pohornicka-krajina-2-cast-architektura-a-urbanismus\/"]}]},{"@type":"BreadcrumbList","@id":"https:\/\/www.lucernatv.cz\/index.php\/2025\/01\/05\/ostravske-kulturni-stopy-pohornicka-krajina-2-cast-architektura-a-urbanismus\/#breadcrumb","itemListElement":[{"@type":"ListItem","position":1,"name":"Dom\u016f","item":"https:\/\/www.lucernatv.cz\/"},{"@type":"ListItem","position":2,"name":"Ostravsk\u00e9 kulturn\u00ed stopy \u2013 Pohornick\u00e1 krajina \u2013 2. \u010d\u00e1st, architektura a urbanismus"}]},{"@type":"WebSite","@id":"https:\/\/www.lucernatv.cz\/#website","url":"https:\/\/www.lucernatv.cz\/","name":"lucernatv.cz","description":"Vzd\u011bl\u00e1vac\u00ed televize","publisher":{"@id":"https:\/\/www.lucernatv.cz\/#organization"},"alternateName":"Lucerna TV","potentialAction":[{"@type":"SearchAction","target":{"@type":"EntryPoint","urlTemplate":"https:\/\/www.lucernatv.cz\/?s={search_term_string}"},"query-input":"required name=search_term_string"}],"inLanguage":"cs"},{"@type":"Organization","@id":"https:\/\/www.lucernatv.cz\/#organization","name":"Lucerna TV","url":"https:\/\/www.lucernatv.cz\/","logo":{"@type":"ImageObject","inLanguage":"cs","@id":"https:\/\/www.lucernatv.cz\/#\/schema\/logo\/image\/","url":"https:\/\/www.lucernatv.cz\/wp-content\/uploads\/2021\/02\/logo.svg","contentUrl":"https:\/\/www.lucernatv.cz\/wp-content\/uploads\/2021\/02\/logo.svg","width":128,"height":41,"caption":"Lucerna TV"},"image":{"@id":"https:\/\/www.lucernatv.cz\/#\/schema\/logo\/image\/"},"sameAs":["https:\/\/www.facebook.com\/avtopava","https:\/\/www.youtube.com\/channel\/UCtP8PPWG9JatWSMsKMOvdDg"]},{"@type":"Person","@id":"https:\/\/www.lucernatv.cz\/#\/schema\/person\/fdc6b3778fe63c82ba7479978ad159ad","name":"lucernatvc","image":{"@type":"ImageObject","inLanguage":"cs","@id":"https:\/\/www.lucernatv.cz\/#\/schema\/person\/image\/","url":"https:\/\/secure.gravatar.com\/avatar\/5b7905a95103f5227c1afd8b2a10f058?s=96&d=mm&r=g","contentUrl":"https:\/\/secure.gravatar.com\/avatar\/5b7905a95103f5227c1afd8b2a10f058?s=96&d=mm&r=g","caption":"lucernatvc"},"url":"https:\/\/www.lucernatv.cz\/index.php\/author\/lucernatvc\/"}]}},"uagb_featured_image_src":{"full":["https:\/\/www.lucernatv.cz\/wp-content\/uploads\/2025\/01\/LA3-oWNUwK8.jpg",480,360,false],"thumbnail":["https:\/\/www.lucernatv.cz\/wp-content\/uploads\/2025\/01\/LA3-oWNUwK8-150x150.jpg",150,150,true],"medium":["https:\/\/www.lucernatv.cz\/wp-content\/uploads\/2025\/01\/LA3-oWNUwK8-240x180.jpg",240,180,true],"medium_large":["https:\/\/www.lucernatv.cz\/wp-content\/uploads\/2025\/01\/LA3-oWNUwK8.jpg",480,360,false],"large":["https:\/\/www.lucernatv.cz\/wp-content\/uploads\/2025\/01\/LA3-oWNUwK8.jpg",480,360,false],"1536x1536":["https:\/\/www.lucernatv.cz\/wp-content\/uploads\/2025\/01\/LA3-oWNUwK8.jpg",480,360,false],"2048x2048":["https:\/\/www.lucernatv.cz\/wp-content\/uploads\/2025\/01\/LA3-oWNUwK8.jpg",480,360,false],"ultp_layout_landscape_large":["https:\/\/www.lucernatv.cz\/wp-content\/uploads\/2025\/01\/LA3-oWNUwK8.jpg",480,360,false],"ultp_layout_landscape":["https:\/\/www.lucernatv.cz\/wp-content\/uploads\/2025\/01\/LA3-oWNUwK8.jpg",480,360,false],"ultp_layout_portrait":["https:\/\/www.lucernatv.cz\/wp-content\/uploads\/2025\/01\/LA3-oWNUwK8.jpg",480,360,false],"ultp_layout_square":["https:\/\/www.lucernatv.cz\/wp-content\/uploads\/2025\/01\/LA3-oWNUwK8.jpg",480,360,false],"vp_sm":["https:\/\/www.lucernatv.cz\/wp-content\/uploads\/2025\/01\/LA3-oWNUwK8.jpg",480,360,false],"vp_md":["https:\/\/www.lucernatv.cz\/wp-content\/uploads\/2025\/01\/LA3-oWNUwK8.jpg",480,360,false],"vp_lg":["https:\/\/www.lucernatv.cz\/wp-content\/uploads\/2025\/01\/LA3-oWNUwK8.jpg",480,360,false],"vp_xl":["https:\/\/www.lucernatv.cz\/wp-content\/uploads\/2025\/01\/LA3-oWNUwK8.jpg",480,360,false],"vp_sm_popup":["https:\/\/www.lucernatv.cz\/wp-content\/uploads\/2025\/01\/LA3-oWNUwK8.jpg",480,360,false],"vp_md_popup":["https:\/\/www.lucernatv.cz\/wp-content\/uploads\/2025\/01\/LA3-oWNUwK8.jpg",480,360,false],"vp_xl_popup":["https:\/\/www.lucernatv.cz\/wp-content\/uploads\/2025\/01\/LA3-oWNUwK8.jpg",480,360,false],"neve-blog":["https:\/\/www.lucernatv.cz\/wp-content\/uploads\/2025\/01\/LA3-oWNUwK8.jpg",480,360,false]},"uagb_author_info":{"display_name":"lucernatvc","author_link":"https:\/\/www.lucernatv.cz\/index.php\/author\/lucernatvc\/"},"uagb_comment_info":0,"uagb_excerpt":"Jak\u00fd dopad m\u011bla d\u016fln\u00ed \u010dinnost na Ostravsku na krajinu? Jak\u00e9 industri\u00e1ln\u00ed stavby se po uzav\u0159en\u00ed dol\u016f zachovaly? Kter\u00e9 z\u00edskaly statut pam\u00e1tky? A jak\u00fd vliv m\u011bl zdej\u0161\u00ed pr\u016fmysl na urbanismus? Odpov\u00ed architekt a vedouc\u00ed Metodick\u00e9ho centra pr\u016fmyslov\u00e9ho d\u011bdictv\u00ed N\u00e1rodn\u00edho pam\u00e1tkov\u00e9ho \u00fastavu, \u00fazemn\u00edho odborn\u00e9ho pracovi\u0161t\u011b v Ostrav\u011b, Milo\u0161 Mat\u011bj a historik Tom\u00e1\u0161 Majli\u0161. Film vznikl d\u00edky finan\u010dn\u00ed&hellip;&nbsp;\u010c\u00edst&hellip;","_links":{"self":[{"href":"https:\/\/www.lucernatv.cz\/index.php\/wp-json\/wp\/v2\/posts\/3386"}],"collection":[{"href":"https:\/\/www.lucernatv.cz\/index.php\/wp-json\/wp\/v2\/posts"}],"about":[{"href":"https:\/\/www.lucernatv.cz\/index.php\/wp-json\/wp\/v2\/types\/post"}],"author":[{"embeddable":true,"href":"https:\/\/www.lucernatv.cz\/index.php\/wp-json\/wp\/v2\/users\/1"}],"replies":[{"embeddable":true,"href":"https:\/\/www.lucernatv.cz\/index.php\/wp-json\/wp\/v2\/comments?post=3386"}],"version-history":[{"count":5,"href":"https:\/\/www.lucernatv.cz\/index.php\/wp-json\/wp\/v2\/posts\/3386\/revisions"}],"predecessor-version":[{"id":3402,"href":"https:\/\/www.lucernatv.cz\/index.php\/wp-json\/wp\/v2\/posts\/3386\/revisions\/3402"}],"wp:featuredmedia":[{"embeddable":true,"href":"https:\/\/www.lucernatv.cz\/index.php\/wp-json\/wp\/v2\/media\/3388"}],"wp:attachment":[{"href":"https:\/\/www.lucernatv.cz\/index.php\/wp-json\/wp\/v2\/media?parent=3386"}],"wp:term":[{"taxonomy":"category","embeddable":true,"href":"https:\/\/www.lucernatv.cz\/index.php\/wp-json\/wp\/v2\/categories?post=3386"},{"taxonomy":"post_tag","embeddable":true,"href":"https:\/\/www.lucernatv.cz\/index.php\/wp-json\/wp\/v2\/tags?post=3386"}],"curies":[{"name":"wp","href":"https:\/\/api.w.org\/{rel}","templated":true}]}}