{"id":3356,"date":"2024-10-05T23:58:53","date_gmt":"2024-10-05T23:58:53","guid":{"rendered":"https:\/\/www.lucernatv.cz\/?p=3356"},"modified":"2024-10-05T23:58:58","modified_gmt":"2024-10-05T23:58:58","slug":"fiducia-on-line-ostravska-pohornicka-krajina-a-co-s-ni-dal","status":"publish","type":"post","link":"https:\/\/www.lucernatv.cz\/index.php\/2024\/10\/05\/fiducia-on-line-ostravska-pohornicka-krajina-a-co-s-ni-dal\/","title":{"rendered":"Fiducia on-line: Ostravsk\u00e1 pohornick\u00e1 krajina a co s n\u00ed d\u00e1l?"},"content":{"rendered":"\n<figure class=\"wp-block-embed is-type-video is-provider-youtube wp-block-embed-youtube wp-embed-aspect-16-9 wp-has-aspect-ratio\"><div class=\"wp-block-embed__wrapper\">\n<div class=\"nv-iframe-embed\"><div class=\"arve\" data-mode=\"normal\" data-oembed=\"1\" data-provider=\"youtube\" id=\"arve-youtube-qdwrqg6vh1w69f1f3514bc1f107763396\">\n<span class=\"arve-inner\">\n<span class=\"arve-embed arve-embed--has-aspect-ratio\">\n<span class=\"arve-ar\" style=\"padding-top:56.250000%\"><\/span><iframe allow=\"accelerometer; autoplay; clipboard-write; encrypted-media; gyroscope; picture-in-picture\" allowfullscreen class=\"arve-iframe fitvidsignore\" data-arve=\"arve-youtube-qdwrqg6vh1w69f1f3514bc1f107763396\" data-src-no-ap=\"https:\/\/www.youtube-nocookie.com\/embed\/qdWrqg6vh1w?feature=oembed&amp;iv_load_policy=3&amp;modestbranding=1&amp;rel=0&amp;autohide=1&amp;playsinline=0&amp;autoplay=0\" frameborder=\"0\" height=\"0\" sandbox=\"allow-scripts allow-same-origin allow-presentation allow-popups allow-popups-to-escape-sandbox\" scrolling=\"no\" src=\"https:\/\/www.youtube-nocookie.com\/embed\/qdWrqg6vh1w?feature=oembed&#038;iv_load_policy=3&#038;modestbranding=1&#038;rel=0&#038;autohide=1&#038;playsinline=0&#038;autoplay=0\"><\/iframe>\n\n<\/span>\n\n<\/span>\n<script type=\"application\/ld+json\">{\"@context\":\"http:\\\/\\\/schema.org\\\/\",\"@id\":\"https:\\\/\\\/www.lucernatv.cz\\\/index.php\\\/2024\\\/10\\\/05\\\/fiducia-on-line-ostravska-pohornicka-krajina-a-co-s-ni-dal\\\/#arve-youtube-qdwrqg6vh1w69f1f3514bc1f107763396\",\"type\":\"VideoObject\",\"embedURL\":\"https:\\\/\\\/www.youtube-nocookie.com\\\/embed\\\/qdWrqg6vh1w?feature=oembed&iv_load_policy=3&modestbranding=1&rel=0&autohide=1&playsinline=0&autoplay=0\"}<\/script>\n<\/div>\n<\/div>\n<\/div><\/figure>\n\n\n\n<p>V roce 2024 uplynulo 30 let od ukon\u010den\u00ed t\u011b\u017eby uhl\u00ed v Ostrav\u011b. Z\u00e1rove\u0148 uplynulo 20 let od prvn\u00ed ve\u0159ejn\u00e9 debaty, kter\u00e1 se v\u011bnovala osudu ostravsk\u00e9ho industri\u00e1ln\u00edho d\u011bdictv\u00ed a usilovala o z\u00e1chranu Doln\u00ed oblasti V\u00edtkovic \u2014 ta byla v t\u00e9 dob\u011b ohro\u017eena z\u00e1m\u011brem demolic. Aktu\u00e1ln\u011b se otev\u00edr\u00e1 debata, v jak\u00e9m stavu se cenn\u00e9 ostravsk\u00e9 industri\u00e1ln\u00ed pam\u00e1tky nach\u00e1zej\u00ed, pro\u010d ostravsk\u00e9 industri\u00e1ln\u00ed d\u011bdictv\u00ed nen\u00ed na seznamu sv\u011btov\u00e9ho d\u011bdictv\u00ed UNESCO, pro\u010d zanikaj\u00ed n\u011bkter\u00e9 cenn\u00e9 pr\u016fmyslov\u00e9 monumenty \u010di stroje, jak\u00fd je stav ostravsk\u00e9 pohornick\u00e9 krajiny a jak\u00e1 je jej\u00ed budoucnost. V \u010dem je ostravsk\u00e1 pohornick\u00e1 krajina se sv\u00fdmi industri\u00e1ln\u00edmi pam\u00e1tkami unik\u00e1tn\u00ed? M\u00e1 \u0161anci st\u00e1t se d\u011bdictv\u00edm UNESCO jako Kru\u0161n\u00e9 hory, anebo chyb\u00ed energie \u010di v\u016fle? Jak d\u00e1l s industri\u00e1ln\u00ed minulost\u00ed a pohornickou krajinou Ostravska nakl\u00e1dat? <\/p>\n\n\n\n<p>Host\u00e9:<\/p>\n\n\n\n<p>Nela Vicanov\u00e1 \u2014 architektka<\/p>\n\n\n\n<p>Jan Lenart \u2014 spoluorganiz\u00e1tor festivalu Pestr\u00e9 vrstvy, odborn\u00fd asistent na Kated\u0159e fyzick\u00e9 geografie a geoekologie Ostravsk\u00e9 univerzity.<\/p>\n\n\n\n<p>Jakub Pot\u016f\u010dek \u2014 historik um\u011bn\u00ed specializuj\u00edc\u00ed se na modern\u00ed \u010deskou a evropskou architekturu a v\u011bdeck\u00fd pracovn\u00edk V\u00fdzkumn\u00e9ho centra pr\u016fmyslov\u00e9ho d\u011bdictv\u00ed na Fakult\u011b architektury \u010cVUT v Praze.<\/p>\n\n\n\n<p>Vladim\u00edr Bu\u0159t \u2014 environmentalista a politik, dr\u017eitel Ceny Josefa Vavrou\u0161ka za vytrvalou obhajobu udr\u017eiteln\u00e9ho rozvoje obc\u00ed proti soukrom\u00fdm z\u00e1jm\u016fm t\u011b\u017eebn\u00edch firem, starosta Horn\u00edho Ji\u0159et\u00edna v severn\u00edch \u010cech\u00e1ch<\/p>\n\n\n\n<p>Diskusi moderuje architekt Tom\u00e1\u0161 \u010cech z architektonick\u00e9 platformy POLYCHROME.<\/p>\n\n\n\n<p>Po\u0159\u00e1dal Antikvari\u00e1t a klub Fiducia spolu s Komorn\u00ed sc\u00e9nou Ar\u00e9na v r\u00e1mci cyklu debat S d\u016fv\u011brou do ar\u00e9ny. Cyklus prob\u00edh\u00e1 za finan\u010dn\u00ed podpory Ministerstva kultury \u010cR, statut\u00e1rn\u00edho m\u011bsta Ostravy, Nadace \u010desk\u00e9 architektury, Moravskoslezsk\u00e9ho kraje a m\u011bstsk\u00e9ho obvodu Moravsk\u00e1 Ostrava a P\u0159\u00edvoz.<\/p>\n\n\n\n<p><\/p>\n\n\n\n<p> <\/p>\n\n\n\n<figure class=\"wp-block-image\"><img decoding=\"async\" src=\"https:\/\/yt3.ggpht.com\/ytc\/AIdro_n9MFFefgr2CMdROVhPD-gEERf8Twx9XgZKS1sKtmoXZg=s88-c-k-c0x00ffffff-no-rj\" alt=\"\"\/><\/figure>\n\n\n\n<p><a href=\"https:\/\/www.youtube.com\/@lucernatv4041\"><\/a><\/p>\n","protected":false},"excerpt":{"rendered":"<p>V roce 2024 uplynulo 30 let od ukon\u010den\u00ed t\u011b\u017eby uhl\u00ed v Ostrav\u011b. Z\u00e1rove\u0148 uplynulo 20 let od prvn\u00ed ve\u0159ejn\u00e9 debaty, kter\u00e1 se v\u011bnovala osudu ostravsk\u00e9ho industri\u00e1ln\u00edho d\u011bdictv\u00ed a usilovala o z\u00e1chranu Doln\u00ed oblasti V\u00edtkovic \u2014 ta byla v t\u00e9 dob\u011b ohro\u017eena z\u00e1m\u011brem demolic. Aktu\u00e1ln\u011b se otev\u00edr\u00e1 debata, v jak\u00e9m stavu se cenn\u00e9 ostravsk\u00e9 industri\u00e1ln\u00ed pam\u00e1tky&hellip;&nbsp;<a href=\"https:\/\/www.lucernatv.cz\/index.php\/2024\/10\/05\/fiducia-on-line-ostravska-pohornicka-krajina-a-co-s-ni-dal\/\" class=\"\" rel=\"bookmark\">\u010c\u00edst d\u00e1le &raquo;<span class=\"screen-reader-text\">Fiducia on-line: Ostravsk\u00e1 pohornick\u00e1 krajina a co s n\u00ed d\u00e1l?<\/span><\/a><\/p>\n","protected":false},"author":1,"featured_media":3358,"comment_status":"closed","ping_status":"open","sticky":false,"template":"","format":"gallery","meta":{"inline_featured_image":false,"_uag_custom_page_level_css":"","neve_meta_sidebar":"","neve_meta_container":"","neve_meta_enable_content_width":"","neve_meta_content_width":0,"neve_meta_title_alignment":"","neve_meta_author_avatar":"","neve_post_elements_order":"","neve_meta_disable_header":"","neve_meta_disable_footer":"","neve_meta_disable_title":"","_vp_format_video_url":"","_vp_image_focal_point":[]},"categories":[5],"tags":[36,28],"yoast_head":"<!-- This site is optimized with the Yoast SEO plugin v20.12 - https:\/\/yoast.com\/wordpress\/plugins\/seo\/ -->\n<title>Fiducia on-line: Ostravsk\u00e1 pohornick\u00e1 krajina a co s n\u00ed d\u00e1l? - lucernatv.cz<\/title>\n<meta name=\"robots\" content=\"index, follow, max-snippet:-1, max-image-preview:large, max-video-preview:-1\" \/>\n<link rel=\"canonical\" href=\"https:\/\/www.lucernatv.cz\/index.php\/2024\/10\/05\/fiducia-on-line-ostravska-pohornicka-krajina-a-co-s-ni-dal\/\" \/>\n<meta property=\"og:locale\" content=\"cs_CZ\" \/>\n<meta property=\"og:type\" content=\"article\" \/>\n<meta property=\"og:title\" content=\"Fiducia on-line: Ostravsk\u00e1 pohornick\u00e1 krajina a co s n\u00ed d\u00e1l? - lucernatv.cz\" \/>\n<meta property=\"og:description\" content=\"V roce 2024 uplynulo 30 let od ukon\u010den\u00ed t\u011b\u017eby uhl\u00ed v Ostrav\u011b. Z\u00e1rove\u0148 uplynulo 20 let od prvn\u00ed ve\u0159ejn\u00e9 debaty, kter\u00e1 se v\u011bnovala osudu ostravsk\u00e9ho industri\u00e1ln\u00edho d\u011bdictv\u00ed a usilovala o z\u00e1chranu Doln\u00ed oblasti V\u00edtkovic \u2014 ta byla v t\u00e9 dob\u011b ohro\u017eena z\u00e1m\u011brem demolic. Aktu\u00e1ln\u011b se otev\u00edr\u00e1 debata, v jak\u00e9m stavu se cenn\u00e9 ostravsk\u00e9 industri\u00e1ln\u00ed pam\u00e1tky&hellip;&nbsp;\u010c\u00edst d\u00e1le &raquo;Fiducia on-line: Ostravsk\u00e1 pohornick\u00e1 krajina a co s n\u00ed d\u00e1l?\" \/>\n<meta property=\"og:url\" content=\"https:\/\/www.lucernatv.cz\/index.php\/2024\/10\/05\/fiducia-on-line-ostravska-pohornicka-krajina-a-co-s-ni-dal\/\" \/>\n<meta property=\"og:site_name\" content=\"lucernatv.cz\" \/>\n<meta property=\"article:publisher\" content=\"https:\/\/www.facebook.com\/avtopava\" \/>\n<meta property=\"article:published_time\" content=\"2024-10-05T23:58:53+00:00\" \/>\n<meta property=\"article:modified_time\" content=\"2024-10-05T23:58:58+00:00\" \/>\n<meta property=\"og:image\" content=\"https:\/\/www.lucernatv.cz\/wp-content\/uploads\/2024\/10\/qdWrqg6vh1w.jpg\" \/>\n\t<meta property=\"og:image:width\" content=\"1280\" \/>\n\t<meta property=\"og:image:height\" content=\"720\" \/>\n\t<meta property=\"og:image:type\" content=\"image\/jpeg\" \/>\n<meta name=\"author\" content=\"lucernatvc\" \/>\n<meta name=\"twitter:card\" content=\"summary_large_image\" \/>\n<meta name=\"twitter:label1\" content=\"Napsal(a)\" \/>\n\t<meta name=\"twitter:data1\" content=\"lucernatvc\" \/>\n\t<meta name=\"twitter:label2\" content=\"Odhadovan\u00e1 doba \u010dten\u00ed\" \/>\n\t<meta name=\"twitter:data2\" content=\"2 minuty\" \/>\n<script type=\"application\/ld+json\" class=\"yoast-schema-graph\">{\"@context\":\"https:\/\/schema.org\",\"@graph\":[{\"@type\":\"Article\",\"@id\":\"https:\/\/www.lucernatv.cz\/index.php\/2024\/10\/05\/fiducia-on-line-ostravska-pohornicka-krajina-a-co-s-ni-dal\/#article\",\"isPartOf\":{\"@id\":\"https:\/\/www.lucernatv.cz\/index.php\/2024\/10\/05\/fiducia-on-line-ostravska-pohornicka-krajina-a-co-s-ni-dal\/\"},\"author\":{\"name\":\"lucernatvc\",\"@id\":\"https:\/\/www.lucernatv.cz\/#\/schema\/person\/fdc6b3778fe63c82ba7479978ad159ad\"},\"headline\":\"Fiducia on-line: Ostravsk\u00e1 pohornick\u00e1 krajina a co s n\u00ed d\u00e1l?\",\"datePublished\":\"2024-10-05T23:58:53+00:00\",\"dateModified\":\"2024-10-05T23:58:58+00:00\",\"mainEntityOfPage\":{\"@id\":\"https:\/\/www.lucernatv.cz\/index.php\/2024\/10\/05\/fiducia-on-line-ostravska-pohornicka-krajina-a-co-s-ni-dal\/\"},\"wordCount\":342,\"publisher\":{\"@id\":\"https:\/\/www.lucernatv.cz\/#organization\"},\"keywords\":[\"debata\",\"Fiducia on-line\"],\"articleSection\":[\"Spole\u010dnost\"],\"inLanguage\":\"cs\"},{\"@type\":\"WebPage\",\"@id\":\"https:\/\/www.lucernatv.cz\/index.php\/2024\/10\/05\/fiducia-on-line-ostravska-pohornicka-krajina-a-co-s-ni-dal\/\",\"url\":\"https:\/\/www.lucernatv.cz\/index.php\/2024\/10\/05\/fiducia-on-line-ostravska-pohornicka-krajina-a-co-s-ni-dal\/\",\"name\":\"Fiducia on-line: Ostravsk\u00e1 pohornick\u00e1 krajina a co s n\u00ed d\u00e1l? - lucernatv.cz\",\"isPartOf\":{\"@id\":\"https:\/\/www.lucernatv.cz\/#website\"},\"datePublished\":\"2024-10-05T23:58:53+00:00\",\"dateModified\":\"2024-10-05T23:58:58+00:00\",\"breadcrumb\":{\"@id\":\"https:\/\/www.lucernatv.cz\/index.php\/2024\/10\/05\/fiducia-on-line-ostravska-pohornicka-krajina-a-co-s-ni-dal\/#breadcrumb\"},\"inLanguage\":\"cs\",\"potentialAction\":[{\"@type\":\"ReadAction\",\"target\":[\"https:\/\/www.lucernatv.cz\/index.php\/2024\/10\/05\/fiducia-on-line-ostravska-pohornicka-krajina-a-co-s-ni-dal\/\"]}]},{\"@type\":\"BreadcrumbList\",\"@id\":\"https:\/\/www.lucernatv.cz\/index.php\/2024\/10\/05\/fiducia-on-line-ostravska-pohornicka-krajina-a-co-s-ni-dal\/#breadcrumb\",\"itemListElement\":[{\"@type\":\"ListItem\",\"position\":1,\"name\":\"Dom\u016f\",\"item\":\"https:\/\/www.lucernatv.cz\/\"},{\"@type\":\"ListItem\",\"position\":2,\"name\":\"Fiducia on-line: Ostravsk\u00e1 pohornick\u00e1 krajina a co s n\u00ed d\u00e1l?\"}]},{\"@type\":\"WebSite\",\"@id\":\"https:\/\/www.lucernatv.cz\/#website\",\"url\":\"https:\/\/www.lucernatv.cz\/\",\"name\":\"lucernatv.cz\",\"description\":\"Vzd\u011bl\u00e1vac\u00ed televize\",\"publisher\":{\"@id\":\"https:\/\/www.lucernatv.cz\/#organization\"},\"alternateName\":\"Lucerna TV\",\"potentialAction\":[{\"@type\":\"SearchAction\",\"target\":{\"@type\":\"EntryPoint\",\"urlTemplate\":\"https:\/\/www.lucernatv.cz\/?s={search_term_string}\"},\"query-input\":\"required name=search_term_string\"}],\"inLanguage\":\"cs\"},{\"@type\":\"Organization\",\"@id\":\"https:\/\/www.lucernatv.cz\/#organization\",\"name\":\"Lucerna TV\",\"url\":\"https:\/\/www.lucernatv.cz\/\",\"logo\":{\"@type\":\"ImageObject\",\"inLanguage\":\"cs\",\"@id\":\"https:\/\/www.lucernatv.cz\/#\/schema\/logo\/image\/\",\"url\":\"https:\/\/www.lucernatv.cz\/wp-content\/uploads\/2021\/02\/logo.svg\",\"contentUrl\":\"https:\/\/www.lucernatv.cz\/wp-content\/uploads\/2021\/02\/logo.svg\",\"width\":128,\"height\":41,\"caption\":\"Lucerna TV\"},\"image\":{\"@id\":\"https:\/\/www.lucernatv.cz\/#\/schema\/logo\/image\/\"},\"sameAs\":[\"https:\/\/www.facebook.com\/avtopava\",\"https:\/\/www.youtube.com\/channel\/UCtP8PPWG9JatWSMsKMOvdDg\"]},{\"@type\":\"Person\",\"@id\":\"https:\/\/www.lucernatv.cz\/#\/schema\/person\/fdc6b3778fe63c82ba7479978ad159ad\",\"name\":\"lucernatvc\",\"image\":{\"@type\":\"ImageObject\",\"inLanguage\":\"cs\",\"@id\":\"https:\/\/www.lucernatv.cz\/#\/schema\/person\/image\/\",\"url\":\"https:\/\/secure.gravatar.com\/avatar\/5b7905a95103f5227c1afd8b2a10f058?s=96&d=mm&r=g\",\"contentUrl\":\"https:\/\/secure.gravatar.com\/avatar\/5b7905a95103f5227c1afd8b2a10f058?s=96&d=mm&r=g\",\"caption\":\"lucernatvc\"},\"url\":\"https:\/\/www.lucernatv.cz\/index.php\/author\/lucernatvc\/\"}]}<\/script>\n<!-- \/ Yoast SEO plugin. -->","yoast_head_json":{"title":"Fiducia on-line: Ostravsk\u00e1 pohornick\u00e1 krajina a co s n\u00ed d\u00e1l? - lucernatv.cz","robots":{"index":"index","follow":"follow","max-snippet":"max-snippet:-1","max-image-preview":"max-image-preview:large","max-video-preview":"max-video-preview:-1"},"canonical":"https:\/\/www.lucernatv.cz\/index.php\/2024\/10\/05\/fiducia-on-line-ostravska-pohornicka-krajina-a-co-s-ni-dal\/","og_locale":"cs_CZ","og_type":"article","og_title":"Fiducia on-line: Ostravsk\u00e1 pohornick\u00e1 krajina a co s n\u00ed d\u00e1l? - lucernatv.cz","og_description":"V roce 2024 uplynulo 30 let od ukon\u010den\u00ed t\u011b\u017eby uhl\u00ed v Ostrav\u011b. Z\u00e1rove\u0148 uplynulo 20 let od prvn\u00ed ve\u0159ejn\u00e9 debaty, kter\u00e1 se v\u011bnovala osudu ostravsk\u00e9ho industri\u00e1ln\u00edho d\u011bdictv\u00ed a usilovala o z\u00e1chranu Doln\u00ed oblasti V\u00edtkovic \u2014 ta byla v t\u00e9 dob\u011b ohro\u017eena z\u00e1m\u011brem demolic. Aktu\u00e1ln\u011b se otev\u00edr\u00e1 debata, v jak\u00e9m stavu se cenn\u00e9 ostravsk\u00e9 industri\u00e1ln\u00ed pam\u00e1tky&hellip;&nbsp;\u010c\u00edst d\u00e1le &raquo;Fiducia on-line: Ostravsk\u00e1 pohornick\u00e1 krajina a co s n\u00ed d\u00e1l?","og_url":"https:\/\/www.lucernatv.cz\/index.php\/2024\/10\/05\/fiducia-on-line-ostravska-pohornicka-krajina-a-co-s-ni-dal\/","og_site_name":"lucernatv.cz","article_publisher":"https:\/\/www.facebook.com\/avtopava","article_published_time":"2024-10-05T23:58:53+00:00","article_modified_time":"2024-10-05T23:58:58+00:00","og_image":[{"width":1280,"height":720,"url":"https:\/\/www.lucernatv.cz\/wp-content\/uploads\/2024\/10\/qdWrqg6vh1w.jpg","type":"image\/jpeg"}],"author":"lucernatvc","twitter_card":"summary_large_image","twitter_misc":{"Napsal(a)":"lucernatvc","Odhadovan\u00e1 doba \u010dten\u00ed":"2 minuty"},"schema":{"@context":"https:\/\/schema.org","@graph":[{"@type":"Article","@id":"https:\/\/www.lucernatv.cz\/index.php\/2024\/10\/05\/fiducia-on-line-ostravska-pohornicka-krajina-a-co-s-ni-dal\/#article","isPartOf":{"@id":"https:\/\/www.lucernatv.cz\/index.php\/2024\/10\/05\/fiducia-on-line-ostravska-pohornicka-krajina-a-co-s-ni-dal\/"},"author":{"name":"lucernatvc","@id":"https:\/\/www.lucernatv.cz\/#\/schema\/person\/fdc6b3778fe63c82ba7479978ad159ad"},"headline":"Fiducia on-line: Ostravsk\u00e1 pohornick\u00e1 krajina a co s n\u00ed d\u00e1l?","datePublished":"2024-10-05T23:58:53+00:00","dateModified":"2024-10-05T23:58:58+00:00","mainEntityOfPage":{"@id":"https:\/\/www.lucernatv.cz\/index.php\/2024\/10\/05\/fiducia-on-line-ostravska-pohornicka-krajina-a-co-s-ni-dal\/"},"wordCount":342,"publisher":{"@id":"https:\/\/www.lucernatv.cz\/#organization"},"keywords":["debata","Fiducia on-line"],"articleSection":["Spole\u010dnost"],"inLanguage":"cs"},{"@type":"WebPage","@id":"https:\/\/www.lucernatv.cz\/index.php\/2024\/10\/05\/fiducia-on-line-ostravska-pohornicka-krajina-a-co-s-ni-dal\/","url":"https:\/\/www.lucernatv.cz\/index.php\/2024\/10\/05\/fiducia-on-line-ostravska-pohornicka-krajina-a-co-s-ni-dal\/","name":"Fiducia on-line: Ostravsk\u00e1 pohornick\u00e1 krajina a co s n\u00ed d\u00e1l? - lucernatv.cz","isPartOf":{"@id":"https:\/\/www.lucernatv.cz\/#website"},"datePublished":"2024-10-05T23:58:53+00:00","dateModified":"2024-10-05T23:58:58+00:00","breadcrumb":{"@id":"https:\/\/www.lucernatv.cz\/index.php\/2024\/10\/05\/fiducia-on-line-ostravska-pohornicka-krajina-a-co-s-ni-dal\/#breadcrumb"},"inLanguage":"cs","potentialAction":[{"@type":"ReadAction","target":["https:\/\/www.lucernatv.cz\/index.php\/2024\/10\/05\/fiducia-on-line-ostravska-pohornicka-krajina-a-co-s-ni-dal\/"]}]},{"@type":"BreadcrumbList","@id":"https:\/\/www.lucernatv.cz\/index.php\/2024\/10\/05\/fiducia-on-line-ostravska-pohornicka-krajina-a-co-s-ni-dal\/#breadcrumb","itemListElement":[{"@type":"ListItem","position":1,"name":"Dom\u016f","item":"https:\/\/www.lucernatv.cz\/"},{"@type":"ListItem","position":2,"name":"Fiducia on-line: Ostravsk\u00e1 pohornick\u00e1 krajina a co s n\u00ed d\u00e1l?"}]},{"@type":"WebSite","@id":"https:\/\/www.lucernatv.cz\/#website","url":"https:\/\/www.lucernatv.cz\/","name":"lucernatv.cz","description":"Vzd\u011bl\u00e1vac\u00ed televize","publisher":{"@id":"https:\/\/www.lucernatv.cz\/#organization"},"alternateName":"Lucerna TV","potentialAction":[{"@type":"SearchAction","target":{"@type":"EntryPoint","urlTemplate":"https:\/\/www.lucernatv.cz\/?s={search_term_string}"},"query-input":"required name=search_term_string"}],"inLanguage":"cs"},{"@type":"Organization","@id":"https:\/\/www.lucernatv.cz\/#organization","name":"Lucerna TV","url":"https:\/\/www.lucernatv.cz\/","logo":{"@type":"ImageObject","inLanguage":"cs","@id":"https:\/\/www.lucernatv.cz\/#\/schema\/logo\/image\/","url":"https:\/\/www.lucernatv.cz\/wp-content\/uploads\/2021\/02\/logo.svg","contentUrl":"https:\/\/www.lucernatv.cz\/wp-content\/uploads\/2021\/02\/logo.svg","width":128,"height":41,"caption":"Lucerna TV"},"image":{"@id":"https:\/\/www.lucernatv.cz\/#\/schema\/logo\/image\/"},"sameAs":["https:\/\/www.facebook.com\/avtopava","https:\/\/www.youtube.com\/channel\/UCtP8PPWG9JatWSMsKMOvdDg"]},{"@type":"Person","@id":"https:\/\/www.lucernatv.cz\/#\/schema\/person\/fdc6b3778fe63c82ba7479978ad159ad","name":"lucernatvc","image":{"@type":"ImageObject","inLanguage":"cs","@id":"https:\/\/www.lucernatv.cz\/#\/schema\/person\/image\/","url":"https:\/\/secure.gravatar.com\/avatar\/5b7905a95103f5227c1afd8b2a10f058?s=96&d=mm&r=g","contentUrl":"https:\/\/secure.gravatar.com\/avatar\/5b7905a95103f5227c1afd8b2a10f058?s=96&d=mm&r=g","caption":"lucernatvc"},"url":"https:\/\/www.lucernatv.cz\/index.php\/author\/lucernatvc\/"}]}},"uagb_featured_image_src":{"full":["https:\/\/www.lucernatv.cz\/wp-content\/uploads\/2024\/10\/qdWrqg6vh1w.jpg",1280,720,false],"thumbnail":["https:\/\/www.lucernatv.cz\/wp-content\/uploads\/2024\/10\/qdWrqg6vh1w-150x150.jpg",150,150,true],"medium":["https:\/\/www.lucernatv.cz\/wp-content\/uploads\/2024\/10\/qdWrqg6vh1w-318x180.jpg",318,180,true],"medium_large":["https:\/\/www.lucernatv.cz\/wp-content\/uploads\/2024\/10\/qdWrqg6vh1w-768x432.jpg",768,432,true],"large":["https:\/\/www.lucernatv.cz\/wp-content\/uploads\/2024\/10\/qdWrqg6vh1w.jpg",1200,675,false],"1536x1536":["https:\/\/www.lucernatv.cz\/wp-content\/uploads\/2024\/10\/qdWrqg6vh1w.jpg",1280,720,false],"2048x2048":["https:\/\/www.lucernatv.cz\/wp-content\/uploads\/2024\/10\/qdWrqg6vh1w.jpg",1280,720,false],"ultp_layout_landscape_large":["https:\/\/www.lucernatv.cz\/wp-content\/uploads\/2024\/10\/qdWrqg6vh1w-1200x720.jpg",1200,720,true],"ultp_layout_landscape":["https:\/\/www.lucernatv.cz\/wp-content\/uploads\/2024\/10\/qdWrqg6vh1w-870x570.jpg",870,570,true],"ultp_layout_portrait":["https:\/\/www.lucernatv.cz\/wp-content\/uploads\/2024\/10\/qdWrqg6vh1w-600x720.jpg",600,720,true],"ultp_layout_square":["https:\/\/www.lucernatv.cz\/wp-content\/uploads\/2024\/10\/qdWrqg6vh1w-600x600.jpg",600,600,true],"vp_sm":["https:\/\/www.lucernatv.cz\/wp-content\/uploads\/2024\/10\/qdWrqg6vh1w-500x281.jpg",500,281,true],"vp_md":["https:\/\/www.lucernatv.cz\/wp-content\/uploads\/2024\/10\/qdWrqg6vh1w-800x450.jpg",800,450,true],"vp_lg":["https:\/\/www.lucernatv.cz\/wp-content\/uploads\/2024\/10\/qdWrqg6vh1w.jpg",1280,720,false],"vp_xl":["https:\/\/www.lucernatv.cz\/wp-content\/uploads\/2024\/10\/qdWrqg6vh1w.jpg",1280,720,false],"vp_sm_popup":["https:\/\/www.lucernatv.cz\/wp-content\/uploads\/2024\/10\/qdWrqg6vh1w-500x281.jpg",500,281,true],"vp_md_popup":["https:\/\/www.lucernatv.cz\/wp-content\/uploads\/2024\/10\/qdWrqg6vh1w-800x450.jpg",800,450,true],"vp_xl_popup":["https:\/\/www.lucernatv.cz\/wp-content\/uploads\/2024\/10\/qdWrqg6vh1w.jpg",1280,720,false],"neve-blog":["https:\/\/www.lucernatv.cz\/wp-content\/uploads\/2024\/10\/qdWrqg6vh1w-930x620.jpg",930,620,true]},"uagb_author_info":{"display_name":"lucernatvc","author_link":"https:\/\/www.lucernatv.cz\/index.php\/author\/lucernatvc\/"},"uagb_comment_info":0,"uagb_excerpt":"V roce 2024 uplynulo 30 let od ukon\u010den\u00ed t\u011b\u017eby uhl\u00ed v Ostrav\u011b. Z\u00e1rove\u0148 uplynulo 20 let od prvn\u00ed ve\u0159ejn\u00e9 debaty, kter\u00e1 se v\u011bnovala osudu ostravsk\u00e9ho industri\u00e1ln\u00edho d\u011bdictv\u00ed a usilovala o z\u00e1chranu Doln\u00ed oblasti V\u00edtkovic \u2014 ta byla v t\u00e9 dob\u011b ohro\u017eena z\u00e1m\u011brem demolic. Aktu\u00e1ln\u011b se otev\u00edr\u00e1 debata, v jak\u00e9m stavu se cenn\u00e9 ostravsk\u00e9 industri\u00e1ln\u00ed pam\u00e1tky&hellip;&nbsp;\u010c\u00edst&hellip;","_links":{"self":[{"href":"https:\/\/www.lucernatv.cz\/index.php\/wp-json\/wp\/v2\/posts\/3356"}],"collection":[{"href":"https:\/\/www.lucernatv.cz\/index.php\/wp-json\/wp\/v2\/posts"}],"about":[{"href":"https:\/\/www.lucernatv.cz\/index.php\/wp-json\/wp\/v2\/types\/post"}],"author":[{"embeddable":true,"href":"https:\/\/www.lucernatv.cz\/index.php\/wp-json\/wp\/v2\/users\/1"}],"replies":[{"embeddable":true,"href":"https:\/\/www.lucernatv.cz\/index.php\/wp-json\/wp\/v2\/comments?post=3356"}],"version-history":[{"count":1,"href":"https:\/\/www.lucernatv.cz\/index.php\/wp-json\/wp\/v2\/posts\/3356\/revisions"}],"predecessor-version":[{"id":3357,"href":"https:\/\/www.lucernatv.cz\/index.php\/wp-json\/wp\/v2\/posts\/3356\/revisions\/3357"}],"wp:featuredmedia":[{"embeddable":true,"href":"https:\/\/www.lucernatv.cz\/index.php\/wp-json\/wp\/v2\/media\/3358"}],"wp:attachment":[{"href":"https:\/\/www.lucernatv.cz\/index.php\/wp-json\/wp\/v2\/media?parent=3356"}],"wp:term":[{"taxonomy":"category","embeddable":true,"href":"https:\/\/www.lucernatv.cz\/index.php\/wp-json\/wp\/v2\/categories?post=3356"},{"taxonomy":"post_tag","embeddable":true,"href":"https:\/\/www.lucernatv.cz\/index.php\/wp-json\/wp\/v2\/tags?post=3356"}],"curies":[{"name":"wp","href":"https:\/\/api.w.org\/{rel}","templated":true}]}}