{"id":3341,"date":"2024-04-27T11:04:42","date_gmt":"2024-04-27T11:04:42","guid":{"rendered":"https:\/\/www.lucernatv.cz\/?p=3341"},"modified":"2024-04-27T11:04:43","modified_gmt":"2024-04-27T11:04:43","slug":"fiducia-on-line-natalie-perkof-still-life","status":"publish","type":"post","link":"https:\/\/www.lucernatv.cz\/index.php\/2024\/04\/27\/fiducia-on-line-natalie-perkof-still-life\/","title":{"rendered":"Fiducia on-line \u2013 Natalie Perkof: Still Life"},"content":{"rendered":"\n<figure class=\"wp-block-embed is-type-video is-provider-youtube wp-block-embed-youtube wp-embed-aspect-16-9 wp-has-aspect-ratio\"><div class=\"wp-block-embed__wrapper\">\n<div class=\"nv-iframe-embed\"><div class=\"arve\" data-mode=\"normal\" data-oembed=\"1\" data-provider=\"youtube\" id=\"arve-youtube-7uisb7gwksq69f399099af60981145348\">\n<span class=\"arve-inner\">\n<span class=\"arve-embed arve-embed--has-aspect-ratio\">\n<span class=\"arve-ar\" style=\"padding-top:56.250000%\"><\/span><iframe allow=\"accelerometer; autoplay; clipboard-write; encrypted-media; gyroscope; picture-in-picture\" allowfullscreen class=\"arve-iframe fitvidsignore\" data-arve=\"arve-youtube-7uisb7gwksq69f399099af60981145348\" data-src-no-ap=\"https:\/\/www.youtube-nocookie.com\/embed\/7uisb7GwKsQ?feature=oembed&amp;iv_load_policy=3&amp;modestbranding=1&amp;rel=0&amp;autohide=1&amp;playsinline=0&amp;autoplay=0\" frameborder=\"0\" height=\"0\" sandbox=\"allow-scripts allow-same-origin allow-presentation allow-popups allow-popups-to-escape-sandbox\" scrolling=\"no\" src=\"https:\/\/www.youtube-nocookie.com\/embed\/7uisb7GwKsQ?feature=oembed&#038;iv_load_policy=3&#038;modestbranding=1&#038;rel=0&#038;autohide=1&#038;playsinline=0&#038;autoplay=0\"><\/iframe>\n\n<\/span>\n\n<\/span>\n<script type=\"application\/ld+json\">{\"@context\":\"http:\\\/\\\/schema.org\\\/\",\"@id\":\"https:\\\/\\\/www.lucernatv.cz\\\/index.php\\\/2024\\\/04\\\/27\\\/fiducia-on-line-natalie-perkof-still-life\\\/#arve-youtube-7uisb7gwksq69f399099af60981145348\",\"type\":\"VideoObject\",\"embedURL\":\"https:\\\/\\\/www.youtube-nocookie.com\\\/embed\\\/7uisb7GwKsQ?feature=oembed&iv_load_policy=3&modestbranding=1&rel=0&autohide=1&playsinline=0&autoplay=0\"}<\/script>\n<\/div>\n<\/div>\n<\/div><\/figure>\n\n\n\n<p>Slovo kur\u00e1torky Silvie \u0160eborov\u00e9 a slovo Natalie Perkof k v\u00fdstav\u011b v ostravsk\u00e9 Galerii Dole. M\u016f\u017eeme zm\u011bnit zp\u016fsob, jak\u00fdm se vz\u00e1jemn\u011b hodnot\u00edme a kritizujeme? Jak se v sou\u010dasnosti projevuj\u00ed mezigenera\u010dn\u00ed rozd\u00edly a odta\u017eitost v r\u00e1mci rodiny? A v jak\u00fdch ohledech p\u0159em\u00fd\u0161len\u00ed spole\u010dnosti o postaven\u00ed \u017een z\u016fst\u00e1v\u00e1 st\u00e1le ve star\u00fdch, vyjet\u00fdch kolej\u00edch? V\u0161echny tyto \u2013 na prvn\u00ed pohled mo\u017en\u00e1 nesouvisej\u00edc\u00ed ot\u00e1zky \u2013 si klade Natalie Perkof, kter\u00e1 se um\u011bleck\u00fdmi prost\u0159edky pokou\u0161\u00ed hledat cesty, jak k nim p\u0159istoupit. Jedn\u00edm z rozhodnut\u00ed, ke kter\u00e9mu dosp\u011bla, je, \u017ee k realizaci takov\u00e9hoto \u00fakolu pot\u0159ebuje mimo jin\u00e9 spolupr\u00e1ci se sv\u00fdmi \u017eensk\u00fdmi p\u0159\u00edbuzn\u00fdmi, kter\u00e9 k v\u00fdstav\u011b Still Life p\u0159izvala. Origin\u00e1ln\u00ed propojen\u00ed t\u0159\u00ed rovin (hodnocen\u00ed a kritika, propasti mezi generacemi a p\u0159\u00edstup k \u017een\u00e1m) vytv\u00e1\u0159\u00ed z v\u00fdstavy Natalie Perkof &amp; Eleny Nov\u00e9, Marie P\u011brkov\u00e9 a Evy Obr\u0161l\u00edkov\u00e9 Proch\u00e1zkov\u00e9 po\u010din, kter\u00fd nenab\u00edz\u00ed jen um\u011bleck\u00fd z\u00e1\u017eitek. Za mnohem d\u016fle\u017eit\u011bj\u0161\u00ed lze pova\u017eovat zp\u016fsob, jak\u00fdm otev\u00edr\u00e1 dve\u0159e k na\u0161im osobn\u00edm t\u0159in\u00e1ct\u00fdm komnat\u00e1m. V\u00fdstava potrv\u00e1 do 22. 5. 2024.<\/p>\n","protected":false},"excerpt":{"rendered":"<p>Slovo kur\u00e1torky Silvie \u0160eborov\u00e9 a slovo Natalie Perkof k v\u00fdstav\u011b v ostravsk\u00e9 Galerii Dole. M\u016f\u017eeme zm\u011bnit zp\u016fsob, jak\u00fdm se vz\u00e1jemn\u011b hodnot\u00edme a kritizujeme? Jak se v sou\u010dasnosti projevuj\u00ed mezigenera\u010dn\u00ed rozd\u00edly a odta\u017eitost v r\u00e1mci rodiny? A v jak\u00fdch ohledech p\u0159em\u00fd\u0161len\u00ed spole\u010dnosti o postaven\u00ed \u017een z\u016fst\u00e1v\u00e1 st\u00e1le ve star\u00fdch, vyjet\u00fdch kolej\u00edch? V\u0161echny tyto \u2013 na prvn\u00ed&hellip;&nbsp;<a href=\"https:\/\/www.lucernatv.cz\/index.php\/2024\/04\/27\/fiducia-on-line-natalie-perkof-still-life\/\" class=\"\" rel=\"bookmark\">\u010c\u00edst d\u00e1le &raquo;<span class=\"screen-reader-text\">Fiducia on-line \u2013 Natalie Perkof: Still Life<\/span><\/a><\/p>\n","protected":false},"author":1,"featured_media":3343,"comment_status":"closed","ping_status":"open","sticky":false,"template":"","format":"standard","meta":{"inline_featured_image":false,"_uag_custom_page_level_css":"","neve_meta_sidebar":"","neve_meta_container":"","neve_meta_enable_content_width":"","neve_meta_content_width":0,"neve_meta_title_alignment":"","neve_meta_author_avatar":"","neve_post_elements_order":"","neve_meta_disable_header":"","neve_meta_disable_footer":"","neve_meta_disable_title":"","_vp_format_video_url":"","_vp_image_focal_point":[]},"categories":[3,12],"tags":[28,26,39],"yoast_head":"<!-- This site is optimized with the Yoast SEO plugin v20.12 - https:\/\/yoast.com\/wordpress\/plugins\/seo\/ -->\n<title>Fiducia on-line \u2013 Natalie Perkof: Still Life - lucernatv.cz<\/title>\n<meta name=\"robots\" content=\"index, follow, max-snippet:-1, max-image-preview:large, max-video-preview:-1\" \/>\n<link rel=\"canonical\" href=\"https:\/\/www.lucernatv.cz\/index.php\/2024\/04\/27\/fiducia-on-line-natalie-perkof-still-life\/\" \/>\n<meta property=\"og:locale\" content=\"cs_CZ\" \/>\n<meta property=\"og:type\" content=\"article\" \/>\n<meta property=\"og:title\" content=\"Fiducia on-line \u2013 Natalie Perkof: Still Life - lucernatv.cz\" \/>\n<meta property=\"og:description\" content=\"Slovo kur\u00e1torky Silvie \u0160eborov\u00e9 a slovo Natalie Perkof k v\u00fdstav\u011b v ostravsk\u00e9 Galerii Dole. M\u016f\u017eeme zm\u011bnit zp\u016fsob, jak\u00fdm se vz\u00e1jemn\u011b hodnot\u00edme a kritizujeme? Jak se v sou\u010dasnosti projevuj\u00ed mezigenera\u010dn\u00ed rozd\u00edly a odta\u017eitost v r\u00e1mci rodiny? A v jak\u00fdch ohledech p\u0159em\u00fd\u0161len\u00ed spole\u010dnosti o postaven\u00ed \u017een z\u016fst\u00e1v\u00e1 st\u00e1le ve star\u00fdch, vyjet\u00fdch kolej\u00edch? V\u0161echny tyto \u2013 na prvn\u00ed&hellip;&nbsp;\u010c\u00edst d\u00e1le &raquo;Fiducia on-line \u2013 Natalie Perkof: Still Life\" \/>\n<meta property=\"og:url\" content=\"https:\/\/www.lucernatv.cz\/index.php\/2024\/04\/27\/fiducia-on-line-natalie-perkof-still-life\/\" \/>\n<meta property=\"og:site_name\" content=\"lucernatv.cz\" \/>\n<meta property=\"article:publisher\" content=\"https:\/\/www.facebook.com\/avtopava\" \/>\n<meta property=\"article:published_time\" content=\"2024-04-27T11:04:42+00:00\" \/>\n<meta property=\"article:modified_time\" content=\"2024-04-27T11:04:43+00:00\" \/>\n<meta property=\"og:image\" content=\"https:\/\/www.lucernatv.cz\/wp-content\/uploads\/2024\/04\/7uisb7GwKsQ.jpg\" \/>\n\t<meta property=\"og:image:width\" content=\"480\" \/>\n\t<meta property=\"og:image:height\" content=\"360\" \/>\n\t<meta property=\"og:image:type\" content=\"image\/jpeg\" \/>\n<meta name=\"author\" content=\"lucernatvc\" \/>\n<meta name=\"twitter:card\" content=\"summary_large_image\" \/>\n<meta name=\"twitter:label1\" content=\"Napsal(a)\" \/>\n\t<meta name=\"twitter:data1\" content=\"lucernatvc\" \/>\n\t<meta name=\"twitter:label2\" content=\"Odhadovan\u00e1 doba \u010dten\u00ed\" \/>\n\t<meta name=\"twitter:data2\" content=\"1 minuta\" \/>\n<script type=\"application\/ld+json\" class=\"yoast-schema-graph\">{\"@context\":\"https:\/\/schema.org\",\"@graph\":[{\"@type\":\"Article\",\"@id\":\"https:\/\/www.lucernatv.cz\/index.php\/2024\/04\/27\/fiducia-on-line-natalie-perkof-still-life\/#article\",\"isPartOf\":{\"@id\":\"https:\/\/www.lucernatv.cz\/index.php\/2024\/04\/27\/fiducia-on-line-natalie-perkof-still-life\/\"},\"author\":{\"name\":\"lucernatvc\",\"@id\":\"https:\/\/www.lucernatv.cz\/#\/schema\/person\/fdc6b3778fe63c82ba7479978ad159ad\"},\"headline\":\"Fiducia on-line \u2013 Natalie Perkof: Still Life\",\"datePublished\":\"2024-04-27T11:04:42+00:00\",\"dateModified\":\"2024-04-27T11:04:43+00:00\",\"mainEntityOfPage\":{\"@id\":\"https:\/\/www.lucernatv.cz\/index.php\/2024\/04\/27\/fiducia-on-line-natalie-perkof-still-life\/\"},\"wordCount\":231,\"publisher\":{\"@id\":\"https:\/\/www.lucernatv.cz\/#organization\"},\"keywords\":[\"Fiducia on-line\",\"galerie\",\"v\u00fdstava\"],\"articleSection\":[\"Kultura\",\"v\u00fdtvarn\u00e9 um\u011bn\u00ed, architektura a ve\u0159ejn\u00fd prostor\"],\"inLanguage\":\"cs\"},{\"@type\":\"WebPage\",\"@id\":\"https:\/\/www.lucernatv.cz\/index.php\/2024\/04\/27\/fiducia-on-line-natalie-perkof-still-life\/\",\"url\":\"https:\/\/www.lucernatv.cz\/index.php\/2024\/04\/27\/fiducia-on-line-natalie-perkof-still-life\/\",\"name\":\"Fiducia on-line \u2013 Natalie Perkof: Still Life - lucernatv.cz\",\"isPartOf\":{\"@id\":\"https:\/\/www.lucernatv.cz\/#website\"},\"datePublished\":\"2024-04-27T11:04:42+00:00\",\"dateModified\":\"2024-04-27T11:04:43+00:00\",\"breadcrumb\":{\"@id\":\"https:\/\/www.lucernatv.cz\/index.php\/2024\/04\/27\/fiducia-on-line-natalie-perkof-still-life\/#breadcrumb\"},\"inLanguage\":\"cs\",\"potentialAction\":[{\"@type\":\"ReadAction\",\"target\":[\"https:\/\/www.lucernatv.cz\/index.php\/2024\/04\/27\/fiducia-on-line-natalie-perkof-still-life\/\"]}]},{\"@type\":\"BreadcrumbList\",\"@id\":\"https:\/\/www.lucernatv.cz\/index.php\/2024\/04\/27\/fiducia-on-line-natalie-perkof-still-life\/#breadcrumb\",\"itemListElement\":[{\"@type\":\"ListItem\",\"position\":1,\"name\":\"Dom\u016f\",\"item\":\"https:\/\/www.lucernatv.cz\/\"},{\"@type\":\"ListItem\",\"position\":2,\"name\":\"Fiducia on-line \u2013 Natalie Perkof: Still Life\"}]},{\"@type\":\"WebSite\",\"@id\":\"https:\/\/www.lucernatv.cz\/#website\",\"url\":\"https:\/\/www.lucernatv.cz\/\",\"name\":\"lucernatv.cz\",\"description\":\"Vzd\u011bl\u00e1vac\u00ed televize\",\"publisher\":{\"@id\":\"https:\/\/www.lucernatv.cz\/#organization\"},\"alternateName\":\"Lucerna TV\",\"potentialAction\":[{\"@type\":\"SearchAction\",\"target\":{\"@type\":\"EntryPoint\",\"urlTemplate\":\"https:\/\/www.lucernatv.cz\/?s={search_term_string}\"},\"query-input\":\"required name=search_term_string\"}],\"inLanguage\":\"cs\"},{\"@type\":\"Organization\",\"@id\":\"https:\/\/www.lucernatv.cz\/#organization\",\"name\":\"Lucerna TV\",\"url\":\"https:\/\/www.lucernatv.cz\/\",\"logo\":{\"@type\":\"ImageObject\",\"inLanguage\":\"cs\",\"@id\":\"https:\/\/www.lucernatv.cz\/#\/schema\/logo\/image\/\",\"url\":\"https:\/\/www.lucernatv.cz\/wp-content\/uploads\/2021\/02\/logo.svg\",\"contentUrl\":\"https:\/\/www.lucernatv.cz\/wp-content\/uploads\/2021\/02\/logo.svg\",\"width\":128,\"height\":41,\"caption\":\"Lucerna TV\"},\"image\":{\"@id\":\"https:\/\/www.lucernatv.cz\/#\/schema\/logo\/image\/\"},\"sameAs\":[\"https:\/\/www.facebook.com\/avtopava\",\"https:\/\/www.youtube.com\/channel\/UCtP8PPWG9JatWSMsKMOvdDg\"]},{\"@type\":\"Person\",\"@id\":\"https:\/\/www.lucernatv.cz\/#\/schema\/person\/fdc6b3778fe63c82ba7479978ad159ad\",\"name\":\"lucernatvc\",\"image\":{\"@type\":\"ImageObject\",\"inLanguage\":\"cs\",\"@id\":\"https:\/\/www.lucernatv.cz\/#\/schema\/person\/image\/\",\"url\":\"https:\/\/secure.gravatar.com\/avatar\/5b7905a95103f5227c1afd8b2a10f058?s=96&d=mm&r=g\",\"contentUrl\":\"https:\/\/secure.gravatar.com\/avatar\/5b7905a95103f5227c1afd8b2a10f058?s=96&d=mm&r=g\",\"caption\":\"lucernatvc\"},\"url\":\"https:\/\/www.lucernatv.cz\/index.php\/author\/lucernatvc\/\"}]}<\/script>\n<!-- \/ Yoast SEO plugin. -->","yoast_head_json":{"title":"Fiducia on-line \u2013 Natalie Perkof: Still Life - lucernatv.cz","robots":{"index":"index","follow":"follow","max-snippet":"max-snippet:-1","max-image-preview":"max-image-preview:large","max-video-preview":"max-video-preview:-1"},"canonical":"https:\/\/www.lucernatv.cz\/index.php\/2024\/04\/27\/fiducia-on-line-natalie-perkof-still-life\/","og_locale":"cs_CZ","og_type":"article","og_title":"Fiducia on-line \u2013 Natalie Perkof: Still Life - lucernatv.cz","og_description":"Slovo kur\u00e1torky Silvie \u0160eborov\u00e9 a slovo Natalie Perkof k v\u00fdstav\u011b v ostravsk\u00e9 Galerii Dole. M\u016f\u017eeme zm\u011bnit zp\u016fsob, jak\u00fdm se vz\u00e1jemn\u011b hodnot\u00edme a kritizujeme? Jak se v sou\u010dasnosti projevuj\u00ed mezigenera\u010dn\u00ed rozd\u00edly a odta\u017eitost v r\u00e1mci rodiny? A v jak\u00fdch ohledech p\u0159em\u00fd\u0161len\u00ed spole\u010dnosti o postaven\u00ed \u017een z\u016fst\u00e1v\u00e1 st\u00e1le ve star\u00fdch, vyjet\u00fdch kolej\u00edch? V\u0161echny tyto \u2013 na prvn\u00ed&hellip;&nbsp;\u010c\u00edst d\u00e1le &raquo;Fiducia on-line \u2013 Natalie Perkof: Still Life","og_url":"https:\/\/www.lucernatv.cz\/index.php\/2024\/04\/27\/fiducia-on-line-natalie-perkof-still-life\/","og_site_name":"lucernatv.cz","article_publisher":"https:\/\/www.facebook.com\/avtopava","article_published_time":"2024-04-27T11:04:42+00:00","article_modified_time":"2024-04-27T11:04:43+00:00","og_image":[{"width":480,"height":360,"url":"https:\/\/www.lucernatv.cz\/wp-content\/uploads\/2024\/04\/7uisb7GwKsQ.jpg","type":"image\/jpeg"}],"author":"lucernatvc","twitter_card":"summary_large_image","twitter_misc":{"Napsal(a)":"lucernatvc","Odhadovan\u00e1 doba \u010dten\u00ed":"1 minuta"},"schema":{"@context":"https:\/\/schema.org","@graph":[{"@type":"Article","@id":"https:\/\/www.lucernatv.cz\/index.php\/2024\/04\/27\/fiducia-on-line-natalie-perkof-still-life\/#article","isPartOf":{"@id":"https:\/\/www.lucernatv.cz\/index.php\/2024\/04\/27\/fiducia-on-line-natalie-perkof-still-life\/"},"author":{"name":"lucernatvc","@id":"https:\/\/www.lucernatv.cz\/#\/schema\/person\/fdc6b3778fe63c82ba7479978ad159ad"},"headline":"Fiducia on-line \u2013 Natalie Perkof: Still Life","datePublished":"2024-04-27T11:04:42+00:00","dateModified":"2024-04-27T11:04:43+00:00","mainEntityOfPage":{"@id":"https:\/\/www.lucernatv.cz\/index.php\/2024\/04\/27\/fiducia-on-line-natalie-perkof-still-life\/"},"wordCount":231,"publisher":{"@id":"https:\/\/www.lucernatv.cz\/#organization"},"keywords":["Fiducia on-line","galerie","v\u00fdstava"],"articleSection":["Kultura","v\u00fdtvarn\u00e9 um\u011bn\u00ed, architektura a ve\u0159ejn\u00fd prostor"],"inLanguage":"cs"},{"@type":"WebPage","@id":"https:\/\/www.lucernatv.cz\/index.php\/2024\/04\/27\/fiducia-on-line-natalie-perkof-still-life\/","url":"https:\/\/www.lucernatv.cz\/index.php\/2024\/04\/27\/fiducia-on-line-natalie-perkof-still-life\/","name":"Fiducia on-line \u2013 Natalie Perkof: Still Life - lucernatv.cz","isPartOf":{"@id":"https:\/\/www.lucernatv.cz\/#website"},"datePublished":"2024-04-27T11:04:42+00:00","dateModified":"2024-04-27T11:04:43+00:00","breadcrumb":{"@id":"https:\/\/www.lucernatv.cz\/index.php\/2024\/04\/27\/fiducia-on-line-natalie-perkof-still-life\/#breadcrumb"},"inLanguage":"cs","potentialAction":[{"@type":"ReadAction","target":["https:\/\/www.lucernatv.cz\/index.php\/2024\/04\/27\/fiducia-on-line-natalie-perkof-still-life\/"]}]},{"@type":"BreadcrumbList","@id":"https:\/\/www.lucernatv.cz\/index.php\/2024\/04\/27\/fiducia-on-line-natalie-perkof-still-life\/#breadcrumb","itemListElement":[{"@type":"ListItem","position":1,"name":"Dom\u016f","item":"https:\/\/www.lucernatv.cz\/"},{"@type":"ListItem","position":2,"name":"Fiducia on-line \u2013 Natalie Perkof: Still Life"}]},{"@type":"WebSite","@id":"https:\/\/www.lucernatv.cz\/#website","url":"https:\/\/www.lucernatv.cz\/","name":"lucernatv.cz","description":"Vzd\u011bl\u00e1vac\u00ed televize","publisher":{"@id":"https:\/\/www.lucernatv.cz\/#organization"},"alternateName":"Lucerna TV","potentialAction":[{"@type":"SearchAction","target":{"@type":"EntryPoint","urlTemplate":"https:\/\/www.lucernatv.cz\/?s={search_term_string}"},"query-input":"required name=search_term_string"}],"inLanguage":"cs"},{"@type":"Organization","@id":"https:\/\/www.lucernatv.cz\/#organization","name":"Lucerna TV","url":"https:\/\/www.lucernatv.cz\/","logo":{"@type":"ImageObject","inLanguage":"cs","@id":"https:\/\/www.lucernatv.cz\/#\/schema\/logo\/image\/","url":"https:\/\/www.lucernatv.cz\/wp-content\/uploads\/2021\/02\/logo.svg","contentUrl":"https:\/\/www.lucernatv.cz\/wp-content\/uploads\/2021\/02\/logo.svg","width":128,"height":41,"caption":"Lucerna TV"},"image":{"@id":"https:\/\/www.lucernatv.cz\/#\/schema\/logo\/image\/"},"sameAs":["https:\/\/www.facebook.com\/avtopava","https:\/\/www.youtube.com\/channel\/UCtP8PPWG9JatWSMsKMOvdDg"]},{"@type":"Person","@id":"https:\/\/www.lucernatv.cz\/#\/schema\/person\/fdc6b3778fe63c82ba7479978ad159ad","name":"lucernatvc","image":{"@type":"ImageObject","inLanguage":"cs","@id":"https:\/\/www.lucernatv.cz\/#\/schema\/person\/image\/","url":"https:\/\/secure.gravatar.com\/avatar\/5b7905a95103f5227c1afd8b2a10f058?s=96&d=mm&r=g","contentUrl":"https:\/\/secure.gravatar.com\/avatar\/5b7905a95103f5227c1afd8b2a10f058?s=96&d=mm&r=g","caption":"lucernatvc"},"url":"https:\/\/www.lucernatv.cz\/index.php\/author\/lucernatvc\/"}]}},"uagb_featured_image_src":{"full":["https:\/\/www.lucernatv.cz\/wp-content\/uploads\/2024\/04\/7uisb7GwKsQ.jpg",480,360,false],"thumbnail":["https:\/\/www.lucernatv.cz\/wp-content\/uploads\/2024\/04\/7uisb7GwKsQ-150x150.jpg",150,150,true],"medium":["https:\/\/www.lucernatv.cz\/wp-content\/uploads\/2024\/04\/7uisb7GwKsQ-240x180.jpg",240,180,true],"medium_large":["https:\/\/www.lucernatv.cz\/wp-content\/uploads\/2024\/04\/7uisb7GwKsQ.jpg",480,360,false],"large":["https:\/\/www.lucernatv.cz\/wp-content\/uploads\/2024\/04\/7uisb7GwKsQ.jpg",480,360,false],"1536x1536":["https:\/\/www.lucernatv.cz\/wp-content\/uploads\/2024\/04\/7uisb7GwKsQ.jpg",480,360,false],"2048x2048":["https:\/\/www.lucernatv.cz\/wp-content\/uploads\/2024\/04\/7uisb7GwKsQ.jpg",480,360,false],"ultp_layout_landscape_large":["https:\/\/www.lucernatv.cz\/wp-content\/uploads\/2024\/04\/7uisb7GwKsQ.jpg",480,360,false],"ultp_layout_landscape":["https:\/\/www.lucernatv.cz\/wp-content\/uploads\/2024\/04\/7uisb7GwKsQ.jpg",480,360,false],"ultp_layout_portrait":["https:\/\/www.lucernatv.cz\/wp-content\/uploads\/2024\/04\/7uisb7GwKsQ.jpg",480,360,false],"ultp_layout_square":["https:\/\/www.lucernatv.cz\/wp-content\/uploads\/2024\/04\/7uisb7GwKsQ.jpg",480,360,false],"vp_sm":["https:\/\/www.lucernatv.cz\/wp-content\/uploads\/2024\/04\/7uisb7GwKsQ.jpg",480,360,false],"vp_md":["https:\/\/www.lucernatv.cz\/wp-content\/uploads\/2024\/04\/7uisb7GwKsQ.jpg",480,360,false],"vp_lg":["https:\/\/www.lucernatv.cz\/wp-content\/uploads\/2024\/04\/7uisb7GwKsQ.jpg",480,360,false],"vp_xl":["https:\/\/www.lucernatv.cz\/wp-content\/uploads\/2024\/04\/7uisb7GwKsQ.jpg",480,360,false],"vp_sm_popup":["https:\/\/www.lucernatv.cz\/wp-content\/uploads\/2024\/04\/7uisb7GwKsQ.jpg",480,360,false],"vp_md_popup":["https:\/\/www.lucernatv.cz\/wp-content\/uploads\/2024\/04\/7uisb7GwKsQ.jpg",480,360,false],"vp_xl_popup":["https:\/\/www.lucernatv.cz\/wp-content\/uploads\/2024\/04\/7uisb7GwKsQ.jpg",480,360,false],"neve-blog":["https:\/\/www.lucernatv.cz\/wp-content\/uploads\/2024\/04\/7uisb7GwKsQ.jpg",480,360,false]},"uagb_author_info":{"display_name":"lucernatvc","author_link":"https:\/\/www.lucernatv.cz\/index.php\/author\/lucernatvc\/"},"uagb_comment_info":0,"uagb_excerpt":"Slovo kur\u00e1torky Silvie \u0160eborov\u00e9 a slovo Natalie Perkof k v\u00fdstav\u011b v ostravsk\u00e9 Galerii Dole. M\u016f\u017eeme zm\u011bnit zp\u016fsob, jak\u00fdm se vz\u00e1jemn\u011b hodnot\u00edme a kritizujeme? Jak se v sou\u010dasnosti projevuj\u00ed mezigenera\u010dn\u00ed rozd\u00edly a odta\u017eitost v r\u00e1mci rodiny? A v jak\u00fdch ohledech p\u0159em\u00fd\u0161len\u00ed spole\u010dnosti o postaven\u00ed \u017een z\u016fst\u00e1v\u00e1 st\u00e1le ve star\u00fdch, vyjet\u00fdch kolej\u00edch? V\u0161echny tyto \u2013 na prvn\u00ed&hellip;&nbsp;\u010c\u00edst&hellip;","_links":{"self":[{"href":"https:\/\/www.lucernatv.cz\/index.php\/wp-json\/wp\/v2\/posts\/3341"}],"collection":[{"href":"https:\/\/www.lucernatv.cz\/index.php\/wp-json\/wp\/v2\/posts"}],"about":[{"href":"https:\/\/www.lucernatv.cz\/index.php\/wp-json\/wp\/v2\/types\/post"}],"author":[{"embeddable":true,"href":"https:\/\/www.lucernatv.cz\/index.php\/wp-json\/wp\/v2\/users\/1"}],"replies":[{"embeddable":true,"href":"https:\/\/www.lucernatv.cz\/index.php\/wp-json\/wp\/v2\/comments?post=3341"}],"version-history":[{"count":1,"href":"https:\/\/www.lucernatv.cz\/index.php\/wp-json\/wp\/v2\/posts\/3341\/revisions"}],"predecessor-version":[{"id":3342,"href":"https:\/\/www.lucernatv.cz\/index.php\/wp-json\/wp\/v2\/posts\/3341\/revisions\/3342"}],"wp:featuredmedia":[{"embeddable":true,"href":"https:\/\/www.lucernatv.cz\/index.php\/wp-json\/wp\/v2\/media\/3343"}],"wp:attachment":[{"href":"https:\/\/www.lucernatv.cz\/index.php\/wp-json\/wp\/v2\/media?parent=3341"}],"wp:term":[{"taxonomy":"category","embeddable":true,"href":"https:\/\/www.lucernatv.cz\/index.php\/wp-json\/wp\/v2\/categories?post=3341"},{"taxonomy":"post_tag","embeddable":true,"href":"https:\/\/www.lucernatv.cz\/index.php\/wp-json\/wp\/v2\/tags?post=3341"}],"curies":[{"name":"wp","href":"https:\/\/api.w.org\/{rel}","templated":true}]}}