{"id":3336,"date":"2024-03-27T16:37:12","date_gmt":"2024-03-27T16:37:12","guid":{"rendered":"https:\/\/www.lucernatv.cz\/?p=3336"},"modified":"2024-03-27T16:37:18","modified_gmt":"2024-03-27T16:37:18","slug":"fiducia-on-line-jakub-cuska-dreams-are-bigger","status":"publish","type":"post","link":"https:\/\/www.lucernatv.cz\/index.php\/2024\/03\/27\/fiducia-on-line-jakub-cuska-dreams-are-bigger\/","title":{"rendered":"Fiducia on-line \u2013 Jakub \u010cu\u0161ka: Dreams Are Bigger"},"content":{"rendered":"\n<figure class=\"wp-block-embed is-type-video is-provider-youtube wp-block-embed-youtube wp-embed-aspect-16-9 wp-has-aspect-ratio\"><div class=\"wp-block-embed__wrapper\">\n<div class=\"nv-iframe-embed\"><div class=\"arve\" data-mode=\"normal\" data-oembed=\"1\" data-provider=\"youtube\" id=\"arve-youtube-lprjsb6lao469ee58a11ee04427667036\">\n<span class=\"arve-inner\">\n<span class=\"arve-embed arve-embed--has-aspect-ratio\">\n<span class=\"arve-ar\" style=\"padding-top:56.250000%\"><\/span><iframe allow=\"accelerometer; autoplay; clipboard-write; encrypted-media; gyroscope; picture-in-picture\" allowfullscreen class=\"arve-iframe fitvidsignore\" data-arve=\"arve-youtube-lprjsb6lao469ee58a11ee04427667036\" data-src-no-ap=\"https:\/\/www.youtube-nocookie.com\/embed\/lpRjSB6lAo4?start=2&amp;feature=oembed&amp;iv_load_policy=3&amp;modestbranding=1&amp;rel=0&amp;autohide=1&amp;playsinline=0&amp;autoplay=0\" frameborder=\"0\" height=\"0\" sandbox=\"allow-scripts allow-same-origin allow-presentation allow-popups allow-popups-to-escape-sandbox\" scrolling=\"no\" src=\"https:\/\/www.youtube-nocookie.com\/embed\/lpRjSB6lAo4?start=2&#038;feature=oembed&#038;iv_load_policy=3&#038;modestbranding=1&#038;rel=0&#038;autohide=1&#038;playsinline=0&#038;autoplay=0\"><\/iframe>\n\n<\/span>\n\n<\/span>\n<script type=\"application\/ld+json\">{\"@context\":\"http:\\\/\\\/schema.org\\\/\",\"@id\":\"https:\\\/\\\/www.lucernatv.cz\\\/index.php\\\/2024\\\/03\\\/27\\\/fiducia-on-line-jakub-cuska-dreams-are-bigger\\\/#arve-youtube-lprjsb6lao469ee58a11ee04427667036\",\"type\":\"VideoObject\",\"embedURL\":\"https:\\\/\\\/www.youtube-nocookie.com\\\/embed\\\/lpRjSB6lAo4?start=2&feature=oembed&iv_load_policy=3&modestbranding=1&rel=0&autohide=1&playsinline=0&autoplay=0\"}<\/script>\n<\/div>\n<\/div>\n<\/div><\/figure>\n\n\n\n<p>Slovo kur\u00e1tora a slovo autora k v\u00fdstav\u011b v ostravsk\u00e9 Galerii Dole. V tvorb\u011b olomouck\u00e9ho mal\u00ed\u0159e Jakuba \u010cu\u0161ky (*1989) dominuje procesu\u00e1lnost v nakl\u00e1d\u00e1n\u00ed s m\u00e9diem malby. D\u016fle\u017eitou roli p\u0159itom hraje n\u00e1hoda a improvizace. A\u010dkoli se na obrazech \u010dasto objevuje lidsk\u00e1 figura, nejde prim\u00e1rn\u011b o ni samotnou. Autor ji poj\u00edm\u00e1 sp\u00ed\u0161e jako znak \u010di symbol, jeho\u017e prost\u0159ednictv\u00edm m\u016f\u017ee uva\u017eovat o situaci \u010dlov\u011bka v sou\u010dasn\u00e9m sv\u011bt\u011b. Stejn\u011b dob\u0159e se ale d\u00e1 vyu\u017e\u00edt pro introspektivn\u00ed meditaci. Patrn\u00e9 je to p\u0159edev\u0161\u00edm na akvarelech, kter\u00e9 Jakub \u010cu\u0161ka vn\u00edm\u00e1 jako sv\u00e9 osobit\u00e9 den\u00edkov\u00e9 z\u00e1znamy. Absolvent ateli\u00e9ru Malba 4 na Akademii v\u00fdtvarn\u00fdch um\u011bn\u00ed v Praze (2020) v Galerii Dole p\u0159edstav\u00ed ob\u011b polohy sv\u00e9 tvorby. Kur\u00e1torem v\u00fdstavy je Martin Mikol\u00e1\u0161ek.<\/p>\n","protected":false},"excerpt":{"rendered":"<p>Slovo kur\u00e1tora a slovo autora k v\u00fdstav\u011b v ostravsk\u00e9 Galerii Dole. V tvorb\u011b olomouck\u00e9ho mal\u00ed\u0159e Jakuba \u010cu\u0161ky (*1989) dominuje procesu\u00e1lnost v nakl\u00e1d\u00e1n\u00ed s m\u00e9diem malby. D\u016fle\u017eitou roli p\u0159itom hraje n\u00e1hoda a improvizace. A\u010dkoli se na obrazech \u010dasto objevuje lidsk\u00e1 figura, nejde prim\u00e1rn\u011b o ni samotnou. Autor ji poj\u00edm\u00e1 sp\u00ed\u0161e jako znak \u010di symbol, jeho\u017e prost\u0159ednictv\u00edm&hellip;&nbsp;<a href=\"https:\/\/www.lucernatv.cz\/index.php\/2024\/03\/27\/fiducia-on-line-jakub-cuska-dreams-are-bigger\/\" class=\"\" rel=\"bookmark\">\u010c\u00edst d\u00e1le &raquo;<span class=\"screen-reader-text\">Fiducia on-line \u2013 Jakub \u010cu\u0161ka: Dreams Are Bigger<\/span><\/a><\/p>\n","protected":false},"author":1,"featured_media":3338,"comment_status":"closed","ping_status":"open","sticky":false,"template":"","format":"gallery","meta":{"inline_featured_image":false,"_uag_custom_page_level_css":"","neve_meta_sidebar":"","neve_meta_container":"","neve_meta_enable_content_width":"","neve_meta_content_width":0,"neve_meta_title_alignment":"","neve_meta_author_avatar":"","neve_post_elements_order":"","neve_meta_disable_header":"","neve_meta_disable_footer":"","neve_meta_disable_title":"","_vp_format_video_url":"","_vp_image_focal_point":[]},"categories":[3,9,12],"tags":[28,26,39],"yoast_head":"<!-- This site is optimized with the Yoast SEO plugin v20.12 - https:\/\/yoast.com\/wordpress\/plugins\/seo\/ -->\n<title>Fiducia on-line \u2013 Jakub \u010cu\u0161ka: Dreams Are Bigger - lucernatv.cz<\/title>\n<meta name=\"robots\" content=\"index, follow, max-snippet:-1, max-image-preview:large, max-video-preview:-1\" \/>\n<link rel=\"canonical\" href=\"https:\/\/www.lucernatv.cz\/index.php\/2024\/03\/27\/fiducia-on-line-jakub-cuska-dreams-are-bigger\/\" \/>\n<meta property=\"og:locale\" content=\"cs_CZ\" \/>\n<meta property=\"og:type\" content=\"article\" \/>\n<meta property=\"og:title\" content=\"Fiducia on-line \u2013 Jakub \u010cu\u0161ka: Dreams Are Bigger - lucernatv.cz\" \/>\n<meta property=\"og:description\" content=\"Slovo kur\u00e1tora a slovo autora k v\u00fdstav\u011b v ostravsk\u00e9 Galerii Dole. V tvorb\u011b olomouck\u00e9ho mal\u00ed\u0159e Jakuba \u010cu\u0161ky (*1989) dominuje procesu\u00e1lnost v nakl\u00e1d\u00e1n\u00ed s m\u00e9diem malby. D\u016fle\u017eitou roli p\u0159itom hraje n\u00e1hoda a improvizace. A\u010dkoli se na obrazech \u010dasto objevuje lidsk\u00e1 figura, nejde prim\u00e1rn\u011b o ni samotnou. Autor ji poj\u00edm\u00e1 sp\u00ed\u0161e jako znak \u010di symbol, jeho\u017e prost\u0159ednictv\u00edm&hellip;&nbsp;\u010c\u00edst d\u00e1le &raquo;Fiducia on-line \u2013 Jakub \u010cu\u0161ka: Dreams Are Bigger\" \/>\n<meta property=\"og:url\" content=\"https:\/\/www.lucernatv.cz\/index.php\/2024\/03\/27\/fiducia-on-line-jakub-cuska-dreams-are-bigger\/\" \/>\n<meta property=\"og:site_name\" content=\"lucernatv.cz\" \/>\n<meta property=\"article:publisher\" content=\"https:\/\/www.facebook.com\/avtopava\" \/>\n<meta property=\"article:published_time\" content=\"2024-03-27T16:37:12+00:00\" \/>\n<meta property=\"article:modified_time\" content=\"2024-03-27T16:37:18+00:00\" \/>\n<meta property=\"og:image\" content=\"https:\/\/www.lucernatv.cz\/wp-content\/uploads\/2024\/03\/lpRjSB6lAo4.jpg\" \/>\n\t<meta property=\"og:image:width\" content=\"1280\" \/>\n\t<meta property=\"og:image:height\" content=\"720\" \/>\n\t<meta property=\"og:image:type\" content=\"image\/jpeg\" \/>\n<meta name=\"author\" content=\"lucernatvc\" \/>\n<meta name=\"twitter:card\" content=\"summary_large_image\" \/>\n<meta name=\"twitter:label1\" content=\"Napsal(a)\" \/>\n\t<meta name=\"twitter:data1\" content=\"lucernatvc\" \/>\n\t<meta name=\"twitter:label2\" content=\"Odhadovan\u00e1 doba \u010dten\u00ed\" \/>\n\t<meta name=\"twitter:data2\" content=\"1 minuta\" \/>\n<script type=\"application\/ld+json\" class=\"yoast-schema-graph\">{\"@context\":\"https:\/\/schema.org\",\"@graph\":[{\"@type\":\"Article\",\"@id\":\"https:\/\/www.lucernatv.cz\/index.php\/2024\/03\/27\/fiducia-on-line-jakub-cuska-dreams-are-bigger\/#article\",\"isPartOf\":{\"@id\":\"https:\/\/www.lucernatv.cz\/index.php\/2024\/03\/27\/fiducia-on-line-jakub-cuska-dreams-are-bigger\/\"},\"author\":{\"name\":\"lucernatvc\",\"@id\":\"https:\/\/www.lucernatv.cz\/#\/schema\/person\/fdc6b3778fe63c82ba7479978ad159ad\"},\"headline\":\"Fiducia on-line \u2013 Jakub \u010cu\u0161ka: Dreams Are Bigger\",\"datePublished\":\"2024-03-27T16:37:12+00:00\",\"dateModified\":\"2024-03-27T16:37:18+00:00\",\"mainEntityOfPage\":{\"@id\":\"https:\/\/www.lucernatv.cz\/index.php\/2024\/03\/27\/fiducia-on-line-jakub-cuska-dreams-are-bigger\/\"},\"wordCount\":168,\"publisher\":{\"@id\":\"https:\/\/www.lucernatv.cz\/#organization\"},\"keywords\":[\"Fiducia on-line\",\"galerie\",\"v\u00fdstava\"],\"articleSection\":[\"Kultura\",\"v\u00fdstavy\",\"v\u00fdtvarn\u00e9 um\u011bn\u00ed, architektura a ve\u0159ejn\u00fd prostor\"],\"inLanguage\":\"cs\"},{\"@type\":\"WebPage\",\"@id\":\"https:\/\/www.lucernatv.cz\/index.php\/2024\/03\/27\/fiducia-on-line-jakub-cuska-dreams-are-bigger\/\",\"url\":\"https:\/\/www.lucernatv.cz\/index.php\/2024\/03\/27\/fiducia-on-line-jakub-cuska-dreams-are-bigger\/\",\"name\":\"Fiducia on-line \u2013 Jakub \u010cu\u0161ka: Dreams Are Bigger - lucernatv.cz\",\"isPartOf\":{\"@id\":\"https:\/\/www.lucernatv.cz\/#website\"},\"datePublished\":\"2024-03-27T16:37:12+00:00\",\"dateModified\":\"2024-03-27T16:37:18+00:00\",\"breadcrumb\":{\"@id\":\"https:\/\/www.lucernatv.cz\/index.php\/2024\/03\/27\/fiducia-on-line-jakub-cuska-dreams-are-bigger\/#breadcrumb\"},\"inLanguage\":\"cs\",\"potentialAction\":[{\"@type\":\"ReadAction\",\"target\":[\"https:\/\/www.lucernatv.cz\/index.php\/2024\/03\/27\/fiducia-on-line-jakub-cuska-dreams-are-bigger\/\"]}]},{\"@type\":\"BreadcrumbList\",\"@id\":\"https:\/\/www.lucernatv.cz\/index.php\/2024\/03\/27\/fiducia-on-line-jakub-cuska-dreams-are-bigger\/#breadcrumb\",\"itemListElement\":[{\"@type\":\"ListItem\",\"position\":1,\"name\":\"Dom\u016f\",\"item\":\"https:\/\/www.lucernatv.cz\/\"},{\"@type\":\"ListItem\",\"position\":2,\"name\":\"Fiducia on-line \u2013 Jakub \u010cu\u0161ka: Dreams Are Bigger\"}]},{\"@type\":\"WebSite\",\"@id\":\"https:\/\/www.lucernatv.cz\/#website\",\"url\":\"https:\/\/www.lucernatv.cz\/\",\"name\":\"lucernatv.cz\",\"description\":\"Vzd\u011bl\u00e1vac\u00ed televize\",\"publisher\":{\"@id\":\"https:\/\/www.lucernatv.cz\/#organization\"},\"alternateName\":\"Lucerna TV\",\"potentialAction\":[{\"@type\":\"SearchAction\",\"target\":{\"@type\":\"EntryPoint\",\"urlTemplate\":\"https:\/\/www.lucernatv.cz\/?s={search_term_string}\"},\"query-input\":\"required name=search_term_string\"}],\"inLanguage\":\"cs\"},{\"@type\":\"Organization\",\"@id\":\"https:\/\/www.lucernatv.cz\/#organization\",\"name\":\"Lucerna TV\",\"url\":\"https:\/\/www.lucernatv.cz\/\",\"logo\":{\"@type\":\"ImageObject\",\"inLanguage\":\"cs\",\"@id\":\"https:\/\/www.lucernatv.cz\/#\/schema\/logo\/image\/\",\"url\":\"https:\/\/www.lucernatv.cz\/wp-content\/uploads\/2021\/02\/logo.svg\",\"contentUrl\":\"https:\/\/www.lucernatv.cz\/wp-content\/uploads\/2021\/02\/logo.svg\",\"width\":128,\"height\":41,\"caption\":\"Lucerna TV\"},\"image\":{\"@id\":\"https:\/\/www.lucernatv.cz\/#\/schema\/logo\/image\/\"},\"sameAs\":[\"https:\/\/www.facebook.com\/avtopava\",\"https:\/\/www.youtube.com\/channel\/UCtP8PPWG9JatWSMsKMOvdDg\"]},{\"@type\":\"Person\",\"@id\":\"https:\/\/www.lucernatv.cz\/#\/schema\/person\/fdc6b3778fe63c82ba7479978ad159ad\",\"name\":\"lucernatvc\",\"image\":{\"@type\":\"ImageObject\",\"inLanguage\":\"cs\",\"@id\":\"https:\/\/www.lucernatv.cz\/#\/schema\/person\/image\/\",\"url\":\"https:\/\/secure.gravatar.com\/avatar\/5b7905a95103f5227c1afd8b2a10f058?s=96&d=mm&r=g\",\"contentUrl\":\"https:\/\/secure.gravatar.com\/avatar\/5b7905a95103f5227c1afd8b2a10f058?s=96&d=mm&r=g\",\"caption\":\"lucernatvc\"},\"url\":\"https:\/\/www.lucernatv.cz\/index.php\/author\/lucernatvc\/\"}]}<\/script>\n<!-- \/ Yoast SEO plugin. -->","yoast_head_json":{"title":"Fiducia on-line \u2013 Jakub \u010cu\u0161ka: Dreams Are Bigger - lucernatv.cz","robots":{"index":"index","follow":"follow","max-snippet":"max-snippet:-1","max-image-preview":"max-image-preview:large","max-video-preview":"max-video-preview:-1"},"canonical":"https:\/\/www.lucernatv.cz\/index.php\/2024\/03\/27\/fiducia-on-line-jakub-cuska-dreams-are-bigger\/","og_locale":"cs_CZ","og_type":"article","og_title":"Fiducia on-line \u2013 Jakub \u010cu\u0161ka: Dreams Are Bigger - lucernatv.cz","og_description":"Slovo kur\u00e1tora a slovo autora k v\u00fdstav\u011b v ostravsk\u00e9 Galerii Dole. V tvorb\u011b olomouck\u00e9ho mal\u00ed\u0159e Jakuba \u010cu\u0161ky (*1989) dominuje procesu\u00e1lnost v nakl\u00e1d\u00e1n\u00ed s m\u00e9diem malby. D\u016fle\u017eitou roli p\u0159itom hraje n\u00e1hoda a improvizace. A\u010dkoli se na obrazech \u010dasto objevuje lidsk\u00e1 figura, nejde prim\u00e1rn\u011b o ni samotnou. Autor ji poj\u00edm\u00e1 sp\u00ed\u0161e jako znak \u010di symbol, jeho\u017e prost\u0159ednictv\u00edm&hellip;&nbsp;\u010c\u00edst d\u00e1le &raquo;Fiducia on-line \u2013 Jakub \u010cu\u0161ka: Dreams Are Bigger","og_url":"https:\/\/www.lucernatv.cz\/index.php\/2024\/03\/27\/fiducia-on-line-jakub-cuska-dreams-are-bigger\/","og_site_name":"lucernatv.cz","article_publisher":"https:\/\/www.facebook.com\/avtopava","article_published_time":"2024-03-27T16:37:12+00:00","article_modified_time":"2024-03-27T16:37:18+00:00","og_image":[{"width":1280,"height":720,"url":"https:\/\/www.lucernatv.cz\/wp-content\/uploads\/2024\/03\/lpRjSB6lAo4.jpg","type":"image\/jpeg"}],"author":"lucernatvc","twitter_card":"summary_large_image","twitter_misc":{"Napsal(a)":"lucernatvc","Odhadovan\u00e1 doba \u010dten\u00ed":"1 minuta"},"schema":{"@context":"https:\/\/schema.org","@graph":[{"@type":"Article","@id":"https:\/\/www.lucernatv.cz\/index.php\/2024\/03\/27\/fiducia-on-line-jakub-cuska-dreams-are-bigger\/#article","isPartOf":{"@id":"https:\/\/www.lucernatv.cz\/index.php\/2024\/03\/27\/fiducia-on-line-jakub-cuska-dreams-are-bigger\/"},"author":{"name":"lucernatvc","@id":"https:\/\/www.lucernatv.cz\/#\/schema\/person\/fdc6b3778fe63c82ba7479978ad159ad"},"headline":"Fiducia on-line \u2013 Jakub \u010cu\u0161ka: Dreams Are Bigger","datePublished":"2024-03-27T16:37:12+00:00","dateModified":"2024-03-27T16:37:18+00:00","mainEntityOfPage":{"@id":"https:\/\/www.lucernatv.cz\/index.php\/2024\/03\/27\/fiducia-on-line-jakub-cuska-dreams-are-bigger\/"},"wordCount":168,"publisher":{"@id":"https:\/\/www.lucernatv.cz\/#organization"},"keywords":["Fiducia on-line","galerie","v\u00fdstava"],"articleSection":["Kultura","v\u00fdstavy","v\u00fdtvarn\u00e9 um\u011bn\u00ed, architektura a ve\u0159ejn\u00fd prostor"],"inLanguage":"cs"},{"@type":"WebPage","@id":"https:\/\/www.lucernatv.cz\/index.php\/2024\/03\/27\/fiducia-on-line-jakub-cuska-dreams-are-bigger\/","url":"https:\/\/www.lucernatv.cz\/index.php\/2024\/03\/27\/fiducia-on-line-jakub-cuska-dreams-are-bigger\/","name":"Fiducia on-line \u2013 Jakub \u010cu\u0161ka: Dreams Are Bigger - lucernatv.cz","isPartOf":{"@id":"https:\/\/www.lucernatv.cz\/#website"},"datePublished":"2024-03-27T16:37:12+00:00","dateModified":"2024-03-27T16:37:18+00:00","breadcrumb":{"@id":"https:\/\/www.lucernatv.cz\/index.php\/2024\/03\/27\/fiducia-on-line-jakub-cuska-dreams-are-bigger\/#breadcrumb"},"inLanguage":"cs","potentialAction":[{"@type":"ReadAction","target":["https:\/\/www.lucernatv.cz\/index.php\/2024\/03\/27\/fiducia-on-line-jakub-cuska-dreams-are-bigger\/"]}]},{"@type":"BreadcrumbList","@id":"https:\/\/www.lucernatv.cz\/index.php\/2024\/03\/27\/fiducia-on-line-jakub-cuska-dreams-are-bigger\/#breadcrumb","itemListElement":[{"@type":"ListItem","position":1,"name":"Dom\u016f","item":"https:\/\/www.lucernatv.cz\/"},{"@type":"ListItem","position":2,"name":"Fiducia on-line \u2013 Jakub \u010cu\u0161ka: Dreams Are Bigger"}]},{"@type":"WebSite","@id":"https:\/\/www.lucernatv.cz\/#website","url":"https:\/\/www.lucernatv.cz\/","name":"lucernatv.cz","description":"Vzd\u011bl\u00e1vac\u00ed televize","publisher":{"@id":"https:\/\/www.lucernatv.cz\/#organization"},"alternateName":"Lucerna TV","potentialAction":[{"@type":"SearchAction","target":{"@type":"EntryPoint","urlTemplate":"https:\/\/www.lucernatv.cz\/?s={search_term_string}"},"query-input":"required name=search_term_string"}],"inLanguage":"cs"},{"@type":"Organization","@id":"https:\/\/www.lucernatv.cz\/#organization","name":"Lucerna TV","url":"https:\/\/www.lucernatv.cz\/","logo":{"@type":"ImageObject","inLanguage":"cs","@id":"https:\/\/www.lucernatv.cz\/#\/schema\/logo\/image\/","url":"https:\/\/www.lucernatv.cz\/wp-content\/uploads\/2021\/02\/logo.svg","contentUrl":"https:\/\/www.lucernatv.cz\/wp-content\/uploads\/2021\/02\/logo.svg","width":128,"height":41,"caption":"Lucerna TV"},"image":{"@id":"https:\/\/www.lucernatv.cz\/#\/schema\/logo\/image\/"},"sameAs":["https:\/\/www.facebook.com\/avtopava","https:\/\/www.youtube.com\/channel\/UCtP8PPWG9JatWSMsKMOvdDg"]},{"@type":"Person","@id":"https:\/\/www.lucernatv.cz\/#\/schema\/person\/fdc6b3778fe63c82ba7479978ad159ad","name":"lucernatvc","image":{"@type":"ImageObject","inLanguage":"cs","@id":"https:\/\/www.lucernatv.cz\/#\/schema\/person\/image\/","url":"https:\/\/secure.gravatar.com\/avatar\/5b7905a95103f5227c1afd8b2a10f058?s=96&d=mm&r=g","contentUrl":"https:\/\/secure.gravatar.com\/avatar\/5b7905a95103f5227c1afd8b2a10f058?s=96&d=mm&r=g","caption":"lucernatvc"},"url":"https:\/\/www.lucernatv.cz\/index.php\/author\/lucernatvc\/"}]}},"uagb_featured_image_src":{"full":["https:\/\/www.lucernatv.cz\/wp-content\/uploads\/2024\/03\/lpRjSB6lAo4.jpg",1280,720,false],"thumbnail":["https:\/\/www.lucernatv.cz\/wp-content\/uploads\/2024\/03\/lpRjSB6lAo4-150x150.jpg",150,150,true],"medium":["https:\/\/www.lucernatv.cz\/wp-content\/uploads\/2024\/03\/lpRjSB6lAo4-318x180.jpg",318,180,true],"medium_large":["https:\/\/www.lucernatv.cz\/wp-content\/uploads\/2024\/03\/lpRjSB6lAo4-768x432.jpg",768,432,true],"large":["https:\/\/www.lucernatv.cz\/wp-content\/uploads\/2024\/03\/lpRjSB6lAo4.jpg",1200,675,false],"1536x1536":["https:\/\/www.lucernatv.cz\/wp-content\/uploads\/2024\/03\/lpRjSB6lAo4.jpg",1280,720,false],"2048x2048":["https:\/\/www.lucernatv.cz\/wp-content\/uploads\/2024\/03\/lpRjSB6lAo4.jpg",1280,720,false],"ultp_layout_landscape_large":["https:\/\/www.lucernatv.cz\/wp-content\/uploads\/2024\/03\/lpRjSB6lAo4-1200x720.jpg",1200,720,true],"ultp_layout_landscape":["https:\/\/www.lucernatv.cz\/wp-content\/uploads\/2024\/03\/lpRjSB6lAo4-870x570.jpg",870,570,true],"ultp_layout_portrait":["https:\/\/www.lucernatv.cz\/wp-content\/uploads\/2024\/03\/lpRjSB6lAo4-600x720.jpg",600,720,true],"ultp_layout_square":["https:\/\/www.lucernatv.cz\/wp-content\/uploads\/2024\/03\/lpRjSB6lAo4-600x600.jpg",600,600,true],"vp_sm":["https:\/\/www.lucernatv.cz\/wp-content\/uploads\/2024\/03\/lpRjSB6lAo4-500x281.jpg",500,281,true],"vp_md":["https:\/\/www.lucernatv.cz\/wp-content\/uploads\/2024\/03\/lpRjSB6lAo4-800x450.jpg",800,450,true],"vp_lg":["https:\/\/www.lucernatv.cz\/wp-content\/uploads\/2024\/03\/lpRjSB6lAo4.jpg",1280,720,false],"vp_xl":["https:\/\/www.lucernatv.cz\/wp-content\/uploads\/2024\/03\/lpRjSB6lAo4.jpg",1280,720,false],"vp_sm_popup":["https:\/\/www.lucernatv.cz\/wp-content\/uploads\/2024\/03\/lpRjSB6lAo4-500x281.jpg",500,281,true],"vp_md_popup":["https:\/\/www.lucernatv.cz\/wp-content\/uploads\/2024\/03\/lpRjSB6lAo4-800x450.jpg",800,450,true],"vp_xl_popup":["https:\/\/www.lucernatv.cz\/wp-content\/uploads\/2024\/03\/lpRjSB6lAo4.jpg",1280,720,false],"neve-blog":["https:\/\/www.lucernatv.cz\/wp-content\/uploads\/2024\/03\/lpRjSB6lAo4-930x620.jpg",930,620,true]},"uagb_author_info":{"display_name":"lucernatvc","author_link":"https:\/\/www.lucernatv.cz\/index.php\/author\/lucernatvc\/"},"uagb_comment_info":0,"uagb_excerpt":"Slovo kur\u00e1tora a slovo autora k v\u00fdstav\u011b v ostravsk\u00e9 Galerii Dole. V tvorb\u011b olomouck\u00e9ho mal\u00ed\u0159e Jakuba \u010cu\u0161ky (*1989) dominuje procesu\u00e1lnost v nakl\u00e1d\u00e1n\u00ed s m\u00e9diem malby. D\u016fle\u017eitou roli p\u0159itom hraje n\u00e1hoda a improvizace. A\u010dkoli se na obrazech \u010dasto objevuje lidsk\u00e1 figura, nejde prim\u00e1rn\u011b o ni samotnou. Autor ji poj\u00edm\u00e1 sp\u00ed\u0161e jako znak \u010di symbol, jeho\u017e prost\u0159ednictv\u00edm&hellip;&nbsp;\u010c\u00edst&hellip;","_links":{"self":[{"href":"https:\/\/www.lucernatv.cz\/index.php\/wp-json\/wp\/v2\/posts\/3336"}],"collection":[{"href":"https:\/\/www.lucernatv.cz\/index.php\/wp-json\/wp\/v2\/posts"}],"about":[{"href":"https:\/\/www.lucernatv.cz\/index.php\/wp-json\/wp\/v2\/types\/post"}],"author":[{"embeddable":true,"href":"https:\/\/www.lucernatv.cz\/index.php\/wp-json\/wp\/v2\/users\/1"}],"replies":[{"embeddable":true,"href":"https:\/\/www.lucernatv.cz\/index.php\/wp-json\/wp\/v2\/comments?post=3336"}],"version-history":[{"count":1,"href":"https:\/\/www.lucernatv.cz\/index.php\/wp-json\/wp\/v2\/posts\/3336\/revisions"}],"predecessor-version":[{"id":3337,"href":"https:\/\/www.lucernatv.cz\/index.php\/wp-json\/wp\/v2\/posts\/3336\/revisions\/3337"}],"wp:featuredmedia":[{"embeddable":true,"href":"https:\/\/www.lucernatv.cz\/index.php\/wp-json\/wp\/v2\/media\/3338"}],"wp:attachment":[{"href":"https:\/\/www.lucernatv.cz\/index.php\/wp-json\/wp\/v2\/media?parent=3336"}],"wp:term":[{"taxonomy":"category","embeddable":true,"href":"https:\/\/www.lucernatv.cz\/index.php\/wp-json\/wp\/v2\/categories?post=3336"},{"taxonomy":"post_tag","embeddable":true,"href":"https:\/\/www.lucernatv.cz\/index.php\/wp-json\/wp\/v2\/tags?post=3336"}],"curies":[{"name":"wp","href":"https:\/\/api.w.org\/{rel}","templated":true}]}}