{"id":3332,"date":"2024-02-07T21:06:12","date_gmt":"2024-02-07T21:06:12","guid":{"rendered":"https:\/\/www.lucernatv.cz\/?p=3332"},"modified":"2024-02-07T21:06:13","modified_gmt":"2024-02-07T21:06:13","slug":"fiducia-on-line-barbora-mikudova-martin-kubica-dotykane-obrazy","status":"publish","type":"post","link":"https:\/\/www.lucernatv.cz\/index.php\/2024\/02\/07\/fiducia-on-line-barbora-mikudova-martin-kubica-dotykane-obrazy\/","title":{"rendered":"Fiducia on-line \u2013 Barbora Mikudov\u00e1 &#038; Martin Kubica: Dot\u00fdkan\u00e9 obrazy"},"content":{"rendered":"\n<figure class=\"wp-block-embed is-type-video is-provider-youtube wp-block-embed-youtube wp-embed-aspect-16-9 wp-has-aspect-ratio\"><div class=\"wp-block-embed__wrapper\">\n<div class=\"nv-iframe-embed\"><div class=\"arve\" data-mode=\"normal\" data-oembed=\"1\" data-provider=\"youtube\" id=\"arve-youtube-2m5fl0jitq469f390e0c5138847377957\">\n<span class=\"arve-inner\">\n<span class=\"arve-embed arve-embed--has-aspect-ratio\">\n<span class=\"arve-ar\" style=\"padding-top:56.250000%\"><\/span><iframe allow=\"accelerometer; autoplay; clipboard-write; encrypted-media; gyroscope; picture-in-picture\" allowfullscreen class=\"arve-iframe fitvidsignore\" data-arve=\"arve-youtube-2m5fl0jitq469f390e0c5138847377957\" data-src-no-ap=\"https:\/\/www.youtube-nocookie.com\/embed\/2M5Fl0JItQ4?feature=oembed&amp;iv_load_policy=3&amp;modestbranding=1&amp;rel=0&amp;autohide=1&amp;playsinline=0&amp;autoplay=0\" frameborder=\"0\" height=\"0\" sandbox=\"allow-scripts allow-same-origin allow-presentation allow-popups allow-popups-to-escape-sandbox\" scrolling=\"no\" src=\"https:\/\/www.youtube-nocookie.com\/embed\/2M5Fl0JItQ4?feature=oembed&#038;iv_load_policy=3&#038;modestbranding=1&#038;rel=0&#038;autohide=1&#038;playsinline=0&#038;autoplay=0\"><\/iframe>\n\n<\/span>\n\n<\/span>\n<script type=\"application\/ld+json\">{\"@context\":\"http:\\\/\\\/schema.org\\\/\",\"@id\":\"https:\\\/\\\/www.lucernatv.cz\\\/index.php\\\/2024\\\/02\\\/07\\\/fiducia-on-line-barbora-mikudova-martin-kubica-dotykane-obrazy\\\/#arve-youtube-2m5fl0jitq469f390e0c5138847377957\",\"type\":\"VideoObject\",\"embedURL\":\"https:\\\/\\\/www.youtube-nocookie.com\\\/embed\\\/2M5Fl0JItQ4?feature=oembed&iv_load_policy=3&modestbranding=1&rel=0&autohide=1&playsinline=0&autoplay=0\"}<\/script>\n<\/div>\n<\/div>\n<\/div><\/figure>\n\n\n\n<p>Slovo autor\u016f a kur\u00e1tora Tom\u00e1\u0161e Knofl\u00ed\u010dka k v\u00fdstav\u011b v ostravsk\u00e9 Galerii Dole. Setk\u00e1n\u00ed mal\u00ed\u0159ky Barbory Mikudov\u00e9 a socha\u0159e Martina Kubici pat\u0159\u00ed na prvn\u00ed pohled sp\u00ed\u0161e do kategorie n\u00e1hodn\u00fdch, n\u00e1sleduj\u00edc\u00edch p\u0159\u00edklad \u0161ic\u00edho stroje a de\u0161tn\u00edku, je\u017e se setkaly na pitevn\u00edm stole. V p\u0159\u00edstupu obou autor\u016f lze skute\u010dn\u011b nal\u00e9zt v\u00edce odli\u0161nost\u00ed ne\u017e poj\u00edtek. P\u0159esto ji\u017e podruh\u00e9 v kr\u00e1tk\u00e9 dob\u011b vstupuj\u00ed do t\u00e9\u017ee \u0159eky a po spole\u010dn\u00e9 v\u00fdstav\u011b v pra\u017esk\u00e9 The Chemistry Gallery se pokou\u0161ej\u00ed zk\u0159\u00ed\u017eit sv\u016fj um\u011bleck\u00fd genofond i v domovsk\u00e9 Ostrav\u011b. Motivac\u00ed je jim nejen up\u0159\u00edmn\u00e1 snaha o dialog a odm\u00edtnut\u00ed klauzury jednoho m\u00e9dia, ale i z\u00e1jem o prostor, a\u0165 u\u017e fyzick\u00fd nebo ment\u00e1ln\u00ed, re\u00e1ln\u00fd nebo fiktivn\u00ed. V\u00fdsledkem je spolupr\u00e1ce, v n\u00ed\u017e se instalace Martina Kubici st\u00e1vaj\u00ed roz\u0161\u00ed\u0159en\u00fdm polem hyperrealistick\u00fdch maleb Barbory Mikudov\u00e9.<\/p>\n","protected":false},"excerpt":{"rendered":"<p>Slovo autor\u016f a kur\u00e1tora Tom\u00e1\u0161e Knofl\u00ed\u010dka k v\u00fdstav\u011b v ostravsk\u00e9 Galerii Dole. Setk\u00e1n\u00ed mal\u00ed\u0159ky Barbory Mikudov\u00e9 a socha\u0159e Martina Kubici pat\u0159\u00ed na prvn\u00ed pohled sp\u00ed\u0161e do kategorie n\u00e1hodn\u00fdch, n\u00e1sleduj\u00edc\u00edch p\u0159\u00edklad \u0161ic\u00edho stroje a de\u0161tn\u00edku, je\u017e se setkaly na pitevn\u00edm stole. V p\u0159\u00edstupu obou autor\u016f lze skute\u010dn\u011b nal\u00e9zt v\u00edce odli\u0161nost\u00ed ne\u017e poj\u00edtek. P\u0159esto ji\u017e podruh\u00e9 v&hellip;&nbsp;<a href=\"https:\/\/www.lucernatv.cz\/index.php\/2024\/02\/07\/fiducia-on-line-barbora-mikudova-martin-kubica-dotykane-obrazy\/\" class=\"\" rel=\"bookmark\">\u010c\u00edst d\u00e1le &raquo;<span class=\"screen-reader-text\">Fiducia on-line \u2013 Barbora Mikudov\u00e1 &#038; Martin Kubica: Dot\u00fdkan\u00e9 obrazy<\/span><\/a><\/p>\n","protected":false},"author":1,"featured_media":3334,"comment_status":"closed","ping_status":"open","sticky":false,"template":"","format":"gallery","meta":{"inline_featured_image":false,"_uag_custom_page_level_css":"","neve_meta_sidebar":"","neve_meta_container":"","neve_meta_enable_content_width":"","neve_meta_content_width":0,"neve_meta_title_alignment":"","neve_meta_author_avatar":"","neve_post_elements_order":"","neve_meta_disable_header":"","neve_meta_disable_footer":"","neve_meta_disable_title":"","_vp_format_video_url":"","_vp_image_focal_point":[]},"categories":[3,9,12],"tags":[28,39],"yoast_head":"<!-- This site is optimized with the Yoast SEO plugin v20.12 - https:\/\/yoast.com\/wordpress\/plugins\/seo\/ -->\n<title>Fiducia on-line \u2013 Barbora Mikudov\u00e1 &amp; Martin Kubica: Dot\u00fdkan\u00e9 obrazy - lucernatv.cz<\/title>\n<meta name=\"robots\" content=\"index, follow, max-snippet:-1, max-image-preview:large, max-video-preview:-1\" \/>\n<link rel=\"canonical\" href=\"https:\/\/www.lucernatv.cz\/index.php\/2024\/02\/07\/fiducia-on-line-barbora-mikudova-martin-kubica-dotykane-obrazy\/\" \/>\n<meta property=\"og:locale\" content=\"cs_CZ\" \/>\n<meta property=\"og:type\" content=\"article\" \/>\n<meta property=\"og:title\" content=\"Fiducia on-line \u2013 Barbora Mikudov\u00e1 &amp; Martin Kubica: Dot\u00fdkan\u00e9 obrazy - lucernatv.cz\" \/>\n<meta property=\"og:description\" content=\"Slovo autor\u016f a kur\u00e1tora Tom\u00e1\u0161e Knofl\u00ed\u010dka k v\u00fdstav\u011b v ostravsk\u00e9 Galerii Dole. Setk\u00e1n\u00ed mal\u00ed\u0159ky Barbory Mikudov\u00e9 a socha\u0159e Martina Kubici pat\u0159\u00ed na prvn\u00ed pohled sp\u00ed\u0161e do kategorie n\u00e1hodn\u00fdch, n\u00e1sleduj\u00edc\u00edch p\u0159\u00edklad \u0161ic\u00edho stroje a de\u0161tn\u00edku, je\u017e se setkaly na pitevn\u00edm stole. V p\u0159\u00edstupu obou autor\u016f lze skute\u010dn\u011b nal\u00e9zt v\u00edce odli\u0161nost\u00ed ne\u017e poj\u00edtek. P\u0159esto ji\u017e podruh\u00e9 v&hellip;&nbsp;\u010c\u00edst d\u00e1le &raquo;Fiducia on-line \u2013 Barbora Mikudov\u00e1 &#038; Martin Kubica: Dot\u00fdkan\u00e9 obrazy\" \/>\n<meta property=\"og:url\" content=\"https:\/\/www.lucernatv.cz\/index.php\/2024\/02\/07\/fiducia-on-line-barbora-mikudova-martin-kubica-dotykane-obrazy\/\" \/>\n<meta property=\"og:site_name\" content=\"lucernatv.cz\" \/>\n<meta property=\"article:publisher\" content=\"https:\/\/www.facebook.com\/avtopava\" \/>\n<meta property=\"article:published_time\" content=\"2024-02-07T21:06:12+00:00\" \/>\n<meta property=\"article:modified_time\" content=\"2024-02-07T21:06:13+00:00\" \/>\n<meta property=\"og:image\" content=\"https:\/\/www.lucernatv.cz\/wp-content\/uploads\/2024\/02\/2M5Fl0JItQ4.jpg\" \/>\n\t<meta property=\"og:image:width\" content=\"480\" \/>\n\t<meta property=\"og:image:height\" content=\"360\" \/>\n\t<meta property=\"og:image:type\" content=\"image\/jpeg\" \/>\n<meta name=\"author\" content=\"lucernatvc\" \/>\n<meta name=\"twitter:card\" content=\"summary_large_image\" \/>\n<meta name=\"twitter:label1\" content=\"Napsal(a)\" \/>\n\t<meta name=\"twitter:data1\" content=\"lucernatvc\" \/>\n\t<meta name=\"twitter:label2\" content=\"Odhadovan\u00e1 doba \u010dten\u00ed\" \/>\n\t<meta name=\"twitter:data2\" content=\"1 minuta\" \/>\n<script type=\"application\/ld+json\" class=\"yoast-schema-graph\">{\"@context\":\"https:\/\/schema.org\",\"@graph\":[{\"@type\":\"Article\",\"@id\":\"https:\/\/www.lucernatv.cz\/index.php\/2024\/02\/07\/fiducia-on-line-barbora-mikudova-martin-kubica-dotykane-obrazy\/#article\",\"isPartOf\":{\"@id\":\"https:\/\/www.lucernatv.cz\/index.php\/2024\/02\/07\/fiducia-on-line-barbora-mikudova-martin-kubica-dotykane-obrazy\/\"},\"author\":{\"name\":\"lucernatvc\",\"@id\":\"https:\/\/www.lucernatv.cz\/#\/schema\/person\/fdc6b3778fe63c82ba7479978ad159ad\"},\"headline\":\"Fiducia on-line \u2013 Barbora Mikudov\u00e1 &#038; Martin Kubica: Dot\u00fdkan\u00e9 obrazy\",\"datePublished\":\"2024-02-07T21:06:12+00:00\",\"dateModified\":\"2024-02-07T21:06:13+00:00\",\"mainEntityOfPage\":{\"@id\":\"https:\/\/www.lucernatv.cz\/index.php\/2024\/02\/07\/fiducia-on-line-barbora-mikudova-martin-kubica-dotykane-obrazy\/\"},\"wordCount\":186,\"publisher\":{\"@id\":\"https:\/\/www.lucernatv.cz\/#organization\"},\"keywords\":[\"Fiducia on-line\",\"v\u00fdstava\"],\"articleSection\":[\"Kultura\",\"v\u00fdstavy\",\"v\u00fdtvarn\u00e9 um\u011bn\u00ed, architektura a ve\u0159ejn\u00fd prostor\"],\"inLanguage\":\"cs\"},{\"@type\":\"WebPage\",\"@id\":\"https:\/\/www.lucernatv.cz\/index.php\/2024\/02\/07\/fiducia-on-line-barbora-mikudova-martin-kubica-dotykane-obrazy\/\",\"url\":\"https:\/\/www.lucernatv.cz\/index.php\/2024\/02\/07\/fiducia-on-line-barbora-mikudova-martin-kubica-dotykane-obrazy\/\",\"name\":\"Fiducia on-line \u2013 Barbora Mikudov\u00e1 & Martin Kubica: Dot\u00fdkan\u00e9 obrazy - lucernatv.cz\",\"isPartOf\":{\"@id\":\"https:\/\/www.lucernatv.cz\/#website\"},\"datePublished\":\"2024-02-07T21:06:12+00:00\",\"dateModified\":\"2024-02-07T21:06:13+00:00\",\"breadcrumb\":{\"@id\":\"https:\/\/www.lucernatv.cz\/index.php\/2024\/02\/07\/fiducia-on-line-barbora-mikudova-martin-kubica-dotykane-obrazy\/#breadcrumb\"},\"inLanguage\":\"cs\",\"potentialAction\":[{\"@type\":\"ReadAction\",\"target\":[\"https:\/\/www.lucernatv.cz\/index.php\/2024\/02\/07\/fiducia-on-line-barbora-mikudova-martin-kubica-dotykane-obrazy\/\"]}]},{\"@type\":\"BreadcrumbList\",\"@id\":\"https:\/\/www.lucernatv.cz\/index.php\/2024\/02\/07\/fiducia-on-line-barbora-mikudova-martin-kubica-dotykane-obrazy\/#breadcrumb\",\"itemListElement\":[{\"@type\":\"ListItem\",\"position\":1,\"name\":\"Dom\u016f\",\"item\":\"https:\/\/www.lucernatv.cz\/\"},{\"@type\":\"ListItem\",\"position\":2,\"name\":\"Fiducia on-line \u2013 Barbora Mikudov\u00e1 &#038; Martin Kubica: Dot\u00fdkan\u00e9 obrazy\"}]},{\"@type\":\"WebSite\",\"@id\":\"https:\/\/www.lucernatv.cz\/#website\",\"url\":\"https:\/\/www.lucernatv.cz\/\",\"name\":\"lucernatv.cz\",\"description\":\"Vzd\u011bl\u00e1vac\u00ed televize\",\"publisher\":{\"@id\":\"https:\/\/www.lucernatv.cz\/#organization\"},\"alternateName\":\"Lucerna TV\",\"potentialAction\":[{\"@type\":\"SearchAction\",\"target\":{\"@type\":\"EntryPoint\",\"urlTemplate\":\"https:\/\/www.lucernatv.cz\/?s={search_term_string}\"},\"query-input\":\"required name=search_term_string\"}],\"inLanguage\":\"cs\"},{\"@type\":\"Organization\",\"@id\":\"https:\/\/www.lucernatv.cz\/#organization\",\"name\":\"Lucerna TV\",\"url\":\"https:\/\/www.lucernatv.cz\/\",\"logo\":{\"@type\":\"ImageObject\",\"inLanguage\":\"cs\",\"@id\":\"https:\/\/www.lucernatv.cz\/#\/schema\/logo\/image\/\",\"url\":\"https:\/\/www.lucernatv.cz\/wp-content\/uploads\/2021\/02\/logo.svg\",\"contentUrl\":\"https:\/\/www.lucernatv.cz\/wp-content\/uploads\/2021\/02\/logo.svg\",\"width\":128,\"height\":41,\"caption\":\"Lucerna TV\"},\"image\":{\"@id\":\"https:\/\/www.lucernatv.cz\/#\/schema\/logo\/image\/\"},\"sameAs\":[\"https:\/\/www.facebook.com\/avtopava\",\"https:\/\/www.youtube.com\/channel\/UCtP8PPWG9JatWSMsKMOvdDg\"]},{\"@type\":\"Person\",\"@id\":\"https:\/\/www.lucernatv.cz\/#\/schema\/person\/fdc6b3778fe63c82ba7479978ad159ad\",\"name\":\"lucernatvc\",\"image\":{\"@type\":\"ImageObject\",\"inLanguage\":\"cs\",\"@id\":\"https:\/\/www.lucernatv.cz\/#\/schema\/person\/image\/\",\"url\":\"https:\/\/secure.gravatar.com\/avatar\/5b7905a95103f5227c1afd8b2a10f058?s=96&d=mm&r=g\",\"contentUrl\":\"https:\/\/secure.gravatar.com\/avatar\/5b7905a95103f5227c1afd8b2a10f058?s=96&d=mm&r=g\",\"caption\":\"lucernatvc\"},\"url\":\"https:\/\/www.lucernatv.cz\/index.php\/author\/lucernatvc\/\"}]}<\/script>\n<!-- \/ Yoast SEO plugin. -->","yoast_head_json":{"title":"Fiducia on-line \u2013 Barbora Mikudov\u00e1 & Martin Kubica: Dot\u00fdkan\u00e9 obrazy - lucernatv.cz","robots":{"index":"index","follow":"follow","max-snippet":"max-snippet:-1","max-image-preview":"max-image-preview:large","max-video-preview":"max-video-preview:-1"},"canonical":"https:\/\/www.lucernatv.cz\/index.php\/2024\/02\/07\/fiducia-on-line-barbora-mikudova-martin-kubica-dotykane-obrazy\/","og_locale":"cs_CZ","og_type":"article","og_title":"Fiducia on-line \u2013 Barbora Mikudov\u00e1 & Martin Kubica: Dot\u00fdkan\u00e9 obrazy - lucernatv.cz","og_description":"Slovo autor\u016f a kur\u00e1tora Tom\u00e1\u0161e Knofl\u00ed\u010dka k v\u00fdstav\u011b v ostravsk\u00e9 Galerii Dole. Setk\u00e1n\u00ed mal\u00ed\u0159ky Barbory Mikudov\u00e9 a socha\u0159e Martina Kubici pat\u0159\u00ed na prvn\u00ed pohled sp\u00ed\u0161e do kategorie n\u00e1hodn\u00fdch, n\u00e1sleduj\u00edc\u00edch p\u0159\u00edklad \u0161ic\u00edho stroje a de\u0161tn\u00edku, je\u017e se setkaly na pitevn\u00edm stole. V p\u0159\u00edstupu obou autor\u016f lze skute\u010dn\u011b nal\u00e9zt v\u00edce odli\u0161nost\u00ed ne\u017e poj\u00edtek. P\u0159esto ji\u017e podruh\u00e9 v&hellip;&nbsp;\u010c\u00edst d\u00e1le &raquo;Fiducia on-line \u2013 Barbora Mikudov\u00e1 &#038; Martin Kubica: Dot\u00fdkan\u00e9 obrazy","og_url":"https:\/\/www.lucernatv.cz\/index.php\/2024\/02\/07\/fiducia-on-line-barbora-mikudova-martin-kubica-dotykane-obrazy\/","og_site_name":"lucernatv.cz","article_publisher":"https:\/\/www.facebook.com\/avtopava","article_published_time":"2024-02-07T21:06:12+00:00","article_modified_time":"2024-02-07T21:06:13+00:00","og_image":[{"width":480,"height":360,"url":"https:\/\/www.lucernatv.cz\/wp-content\/uploads\/2024\/02\/2M5Fl0JItQ4.jpg","type":"image\/jpeg"}],"author":"lucernatvc","twitter_card":"summary_large_image","twitter_misc":{"Napsal(a)":"lucernatvc","Odhadovan\u00e1 doba \u010dten\u00ed":"1 minuta"},"schema":{"@context":"https:\/\/schema.org","@graph":[{"@type":"Article","@id":"https:\/\/www.lucernatv.cz\/index.php\/2024\/02\/07\/fiducia-on-line-barbora-mikudova-martin-kubica-dotykane-obrazy\/#article","isPartOf":{"@id":"https:\/\/www.lucernatv.cz\/index.php\/2024\/02\/07\/fiducia-on-line-barbora-mikudova-martin-kubica-dotykane-obrazy\/"},"author":{"name":"lucernatvc","@id":"https:\/\/www.lucernatv.cz\/#\/schema\/person\/fdc6b3778fe63c82ba7479978ad159ad"},"headline":"Fiducia on-line \u2013 Barbora Mikudov\u00e1 &#038; Martin Kubica: Dot\u00fdkan\u00e9 obrazy","datePublished":"2024-02-07T21:06:12+00:00","dateModified":"2024-02-07T21:06:13+00:00","mainEntityOfPage":{"@id":"https:\/\/www.lucernatv.cz\/index.php\/2024\/02\/07\/fiducia-on-line-barbora-mikudova-martin-kubica-dotykane-obrazy\/"},"wordCount":186,"publisher":{"@id":"https:\/\/www.lucernatv.cz\/#organization"},"keywords":["Fiducia on-line","v\u00fdstava"],"articleSection":["Kultura","v\u00fdstavy","v\u00fdtvarn\u00e9 um\u011bn\u00ed, architektura a ve\u0159ejn\u00fd prostor"],"inLanguage":"cs"},{"@type":"WebPage","@id":"https:\/\/www.lucernatv.cz\/index.php\/2024\/02\/07\/fiducia-on-line-barbora-mikudova-martin-kubica-dotykane-obrazy\/","url":"https:\/\/www.lucernatv.cz\/index.php\/2024\/02\/07\/fiducia-on-line-barbora-mikudova-martin-kubica-dotykane-obrazy\/","name":"Fiducia on-line \u2013 Barbora Mikudov\u00e1 & Martin Kubica: Dot\u00fdkan\u00e9 obrazy - lucernatv.cz","isPartOf":{"@id":"https:\/\/www.lucernatv.cz\/#website"},"datePublished":"2024-02-07T21:06:12+00:00","dateModified":"2024-02-07T21:06:13+00:00","breadcrumb":{"@id":"https:\/\/www.lucernatv.cz\/index.php\/2024\/02\/07\/fiducia-on-line-barbora-mikudova-martin-kubica-dotykane-obrazy\/#breadcrumb"},"inLanguage":"cs","potentialAction":[{"@type":"ReadAction","target":["https:\/\/www.lucernatv.cz\/index.php\/2024\/02\/07\/fiducia-on-line-barbora-mikudova-martin-kubica-dotykane-obrazy\/"]}]},{"@type":"BreadcrumbList","@id":"https:\/\/www.lucernatv.cz\/index.php\/2024\/02\/07\/fiducia-on-line-barbora-mikudova-martin-kubica-dotykane-obrazy\/#breadcrumb","itemListElement":[{"@type":"ListItem","position":1,"name":"Dom\u016f","item":"https:\/\/www.lucernatv.cz\/"},{"@type":"ListItem","position":2,"name":"Fiducia on-line \u2013 Barbora Mikudov\u00e1 &#038; Martin Kubica: Dot\u00fdkan\u00e9 obrazy"}]},{"@type":"WebSite","@id":"https:\/\/www.lucernatv.cz\/#website","url":"https:\/\/www.lucernatv.cz\/","name":"lucernatv.cz","description":"Vzd\u011bl\u00e1vac\u00ed televize","publisher":{"@id":"https:\/\/www.lucernatv.cz\/#organization"},"alternateName":"Lucerna TV","potentialAction":[{"@type":"SearchAction","target":{"@type":"EntryPoint","urlTemplate":"https:\/\/www.lucernatv.cz\/?s={search_term_string}"},"query-input":"required name=search_term_string"}],"inLanguage":"cs"},{"@type":"Organization","@id":"https:\/\/www.lucernatv.cz\/#organization","name":"Lucerna TV","url":"https:\/\/www.lucernatv.cz\/","logo":{"@type":"ImageObject","inLanguage":"cs","@id":"https:\/\/www.lucernatv.cz\/#\/schema\/logo\/image\/","url":"https:\/\/www.lucernatv.cz\/wp-content\/uploads\/2021\/02\/logo.svg","contentUrl":"https:\/\/www.lucernatv.cz\/wp-content\/uploads\/2021\/02\/logo.svg","width":128,"height":41,"caption":"Lucerna TV"},"image":{"@id":"https:\/\/www.lucernatv.cz\/#\/schema\/logo\/image\/"},"sameAs":["https:\/\/www.facebook.com\/avtopava","https:\/\/www.youtube.com\/channel\/UCtP8PPWG9JatWSMsKMOvdDg"]},{"@type":"Person","@id":"https:\/\/www.lucernatv.cz\/#\/schema\/person\/fdc6b3778fe63c82ba7479978ad159ad","name":"lucernatvc","image":{"@type":"ImageObject","inLanguage":"cs","@id":"https:\/\/www.lucernatv.cz\/#\/schema\/person\/image\/","url":"https:\/\/secure.gravatar.com\/avatar\/5b7905a95103f5227c1afd8b2a10f058?s=96&d=mm&r=g","contentUrl":"https:\/\/secure.gravatar.com\/avatar\/5b7905a95103f5227c1afd8b2a10f058?s=96&d=mm&r=g","caption":"lucernatvc"},"url":"https:\/\/www.lucernatv.cz\/index.php\/author\/lucernatvc\/"}]}},"uagb_featured_image_src":{"full":["https:\/\/www.lucernatv.cz\/wp-content\/uploads\/2024\/02\/2M5Fl0JItQ4.jpg",480,360,false],"thumbnail":["https:\/\/www.lucernatv.cz\/wp-content\/uploads\/2024\/02\/2M5Fl0JItQ4-150x150.jpg",150,150,true],"medium":["https:\/\/www.lucernatv.cz\/wp-content\/uploads\/2024\/02\/2M5Fl0JItQ4-240x180.jpg",240,180,true],"medium_large":["https:\/\/www.lucernatv.cz\/wp-content\/uploads\/2024\/02\/2M5Fl0JItQ4.jpg",480,360,false],"large":["https:\/\/www.lucernatv.cz\/wp-content\/uploads\/2024\/02\/2M5Fl0JItQ4.jpg",480,360,false],"1536x1536":["https:\/\/www.lucernatv.cz\/wp-content\/uploads\/2024\/02\/2M5Fl0JItQ4.jpg",480,360,false],"2048x2048":["https:\/\/www.lucernatv.cz\/wp-content\/uploads\/2024\/02\/2M5Fl0JItQ4.jpg",480,360,false],"ultp_layout_landscape_large":["https:\/\/www.lucernatv.cz\/wp-content\/uploads\/2024\/02\/2M5Fl0JItQ4.jpg",480,360,false],"ultp_layout_landscape":["https:\/\/www.lucernatv.cz\/wp-content\/uploads\/2024\/02\/2M5Fl0JItQ4.jpg",480,360,false],"ultp_layout_portrait":["https:\/\/www.lucernatv.cz\/wp-content\/uploads\/2024\/02\/2M5Fl0JItQ4.jpg",480,360,false],"ultp_layout_square":["https:\/\/www.lucernatv.cz\/wp-content\/uploads\/2024\/02\/2M5Fl0JItQ4.jpg",480,360,false],"vp_sm":["https:\/\/www.lucernatv.cz\/wp-content\/uploads\/2024\/02\/2M5Fl0JItQ4.jpg",480,360,false],"vp_md":["https:\/\/www.lucernatv.cz\/wp-content\/uploads\/2024\/02\/2M5Fl0JItQ4.jpg",480,360,false],"vp_lg":["https:\/\/www.lucernatv.cz\/wp-content\/uploads\/2024\/02\/2M5Fl0JItQ4.jpg",480,360,false],"vp_xl":["https:\/\/www.lucernatv.cz\/wp-content\/uploads\/2024\/02\/2M5Fl0JItQ4.jpg",480,360,false],"vp_sm_popup":["https:\/\/www.lucernatv.cz\/wp-content\/uploads\/2024\/02\/2M5Fl0JItQ4.jpg",480,360,false],"vp_md_popup":["https:\/\/www.lucernatv.cz\/wp-content\/uploads\/2024\/02\/2M5Fl0JItQ4.jpg",480,360,false],"vp_xl_popup":["https:\/\/www.lucernatv.cz\/wp-content\/uploads\/2024\/02\/2M5Fl0JItQ4.jpg",480,360,false],"neve-blog":["https:\/\/www.lucernatv.cz\/wp-content\/uploads\/2024\/02\/2M5Fl0JItQ4.jpg",480,360,false]},"uagb_author_info":{"display_name":"lucernatvc","author_link":"https:\/\/www.lucernatv.cz\/index.php\/author\/lucernatvc\/"},"uagb_comment_info":0,"uagb_excerpt":"Slovo autor\u016f a kur\u00e1tora Tom\u00e1\u0161e Knofl\u00ed\u010dka k v\u00fdstav\u011b v ostravsk\u00e9 Galerii Dole. Setk\u00e1n\u00ed mal\u00ed\u0159ky Barbory Mikudov\u00e9 a socha\u0159e Martina Kubici pat\u0159\u00ed na prvn\u00ed pohled sp\u00ed\u0161e do kategorie n\u00e1hodn\u00fdch, n\u00e1sleduj\u00edc\u00edch p\u0159\u00edklad \u0161ic\u00edho stroje a de\u0161tn\u00edku, je\u017e se setkaly na pitevn\u00edm stole. V p\u0159\u00edstupu obou autor\u016f lze skute\u010dn\u011b nal\u00e9zt v\u00edce odli\u0161nost\u00ed ne\u017e poj\u00edtek. P\u0159esto ji\u017e podruh\u00e9 v&hellip;&nbsp;\u010c\u00edst&hellip;","_links":{"self":[{"href":"https:\/\/www.lucernatv.cz\/index.php\/wp-json\/wp\/v2\/posts\/3332"}],"collection":[{"href":"https:\/\/www.lucernatv.cz\/index.php\/wp-json\/wp\/v2\/posts"}],"about":[{"href":"https:\/\/www.lucernatv.cz\/index.php\/wp-json\/wp\/v2\/types\/post"}],"author":[{"embeddable":true,"href":"https:\/\/www.lucernatv.cz\/index.php\/wp-json\/wp\/v2\/users\/1"}],"replies":[{"embeddable":true,"href":"https:\/\/www.lucernatv.cz\/index.php\/wp-json\/wp\/v2\/comments?post=3332"}],"version-history":[{"count":1,"href":"https:\/\/www.lucernatv.cz\/index.php\/wp-json\/wp\/v2\/posts\/3332\/revisions"}],"predecessor-version":[{"id":3333,"href":"https:\/\/www.lucernatv.cz\/index.php\/wp-json\/wp\/v2\/posts\/3332\/revisions\/3333"}],"wp:featuredmedia":[{"embeddable":true,"href":"https:\/\/www.lucernatv.cz\/index.php\/wp-json\/wp\/v2\/media\/3334"}],"wp:attachment":[{"href":"https:\/\/www.lucernatv.cz\/index.php\/wp-json\/wp\/v2\/media?parent=3332"}],"wp:term":[{"taxonomy":"category","embeddable":true,"href":"https:\/\/www.lucernatv.cz\/index.php\/wp-json\/wp\/v2\/categories?post=3332"},{"taxonomy":"post_tag","embeddable":true,"href":"https:\/\/www.lucernatv.cz\/index.php\/wp-json\/wp\/v2\/tags?post=3332"}],"curies":[{"name":"wp","href":"https:\/\/api.w.org\/{rel}","templated":true}]}}