{"id":3320,"date":"2023-12-18T20:12:16","date_gmt":"2023-12-18T20:12:16","guid":{"rendered":"https:\/\/www.lucernatv.cz\/?p=3320"},"modified":"2023-12-18T23:56:22","modified_gmt":"2023-12-18T23:56:22","slug":"ostravske-kulturni-stopy-ostravica-textilia","status":"publish","type":"post","link":"https:\/\/www.lucernatv.cz\/index.php\/2023\/12\/18\/ostravske-kulturni-stopy-ostravica-textilia\/","title":{"rendered":"Ostravsk\u00e9 kulturn\u00ed stopy \u2013 Ostravica-Textilia"},"content":{"rendered":"\n<figure class=\"wp-block-embed is-type-video is-provider-youtube wp-block-embed-youtube wp-embed-aspect-16-9 wp-has-aspect-ratio\"><div class=\"wp-block-embed__wrapper\">\n<div class=\"nv-iframe-embed\"><div class=\"arve\" data-mode=\"normal\" data-oembed=\"1\" data-provider=\"youtube\" id=\"arve-youtube-seyenpin5a869ee470950fbe343190962\">\n<span class=\"arve-inner\">\n<span class=\"arve-embed arve-embed--has-aspect-ratio\">\n<span class=\"arve-ar\" style=\"padding-top:56.250000%\"><\/span><iframe allow=\"accelerometer; autoplay; clipboard-write; encrypted-media; gyroscope; picture-in-picture\" allowfullscreen class=\"arve-iframe fitvidsignore\" data-arve=\"arve-youtube-seyenpin5a869ee470950fbe343190962\" data-src-no-ap=\"https:\/\/www.youtube-nocookie.com\/embed\/seyENpin5A8?feature=oembed&amp;iv_load_policy=3&amp;modestbranding=1&amp;rel=0&amp;autohide=1&amp;playsinline=0&amp;autoplay=0\" frameborder=\"0\" height=\"0\" sandbox=\"allow-scripts allow-same-origin allow-presentation allow-popups allow-popups-to-escape-sandbox\" scrolling=\"no\" src=\"https:\/\/www.youtube-nocookie.com\/embed\/seyENpin5A8?feature=oembed&#038;iv_load_policy=3&#038;modestbranding=1&#038;rel=0&#038;autohide=1&#038;playsinline=0&#038;autoplay=0\"><\/iframe>\n\n<\/span>\n\n<\/span>\n<script type=\"application\/ld+json\">{\"@context\":\"http:\\\/\\\/schema.org\\\/\",\"@id\":\"https:\\\/\\\/www.lucernatv.cz\\\/index.php\\\/2023\\\/12\\\/18\\\/ostravske-kulturni-stopy-ostravica-textilia\\\/#arve-youtube-seyenpin5a869ee470950fbe343190962\",\"type\":\"VideoObject\",\"embedURL\":\"https:\\\/\\\/www.youtube-nocookie.com\\\/embed\\\/seyENpin5A8?feature=oembed&iv_load_policy=3&modestbranding=1&rel=0&autohide=1&playsinline=0&autoplay=0\"}<\/script>\n<\/div>\n<\/div>\n<\/div><\/figure>\n\n\n\n<p>V dal\u0161\u00edm d\u00edle putov\u00e1n\u00ed po zaj\u00edmav\u00fdch ostravsk\u00fdch m\u00edstech jsme se zastavili v centru m\u011bsta, na Smetanov\u011b n\u00e1m\u011bst\u00ed a n\u00e1m. Dr. Edvarda Bene\u0161e. V\u011bnovat se toti\u017e budeme p\u0159\u00edb\u011bhu obchodn\u00edho domu Ostravica-Textilia, ktr\u00fd se letos po des\u00edtk\u00e1ch let do\u010dkal rekonstrukce. O historii jedn\u00e9 z perel mezi prvorepublikov\u00fdmi ostravsk\u00fdmi obchodn\u00edmi domy hovo\u0159\u00ed Martin Strako\u0161 a Romana Rosov\u00e1 z N\u00e1rodn\u00edho pam\u00e1tkov\u00e9ho \u00fastavu, \u00fazemn\u00edho pracovi\u0161t\u011b v Ostrav\u011b, a \u010dlen Peti\u010dn\u00edho v\u00fdboru za z\u00e1chranu celku zvan\u00e9ho Ostravica-Textilia a zakladatel facebookov\u00e9 str\u00e1nky M\u00f3dn\u00ed d\u016fm Ostravica-Textilia Michal \u0160\u00edma. Ve filmu najdete \u0159adu unik\u00e1tn\u00edch historick\u00fdch pramen\u016f a tak\u00e9 \u010dasosb\u011brn\u00e9 z\u00e1b\u011bry z rekonstrukce \u010di leteck\u00e9 z\u00e1b\u011bry.<\/p>\n","protected":false},"excerpt":{"rendered":"<p>V dal\u0161\u00edm d\u00edle putov\u00e1n\u00ed po zaj\u00edmav\u00fdch ostravsk\u00fdch m\u00edstech jsme se zastavili v centru m\u011bsta, na Smetanov\u011b n\u00e1m\u011bst\u00ed a n\u00e1m. Dr. Edvarda Bene\u0161e. V\u011bnovat se toti\u017e budeme p\u0159\u00edb\u011bhu obchodn\u00edho domu Ostravica-Textilia, ktr\u00fd se letos po des\u00edtk\u00e1ch let do\u010dkal rekonstrukce. O historii jedn\u00e9 z perel mezi prvorepublikov\u00fdmi ostravsk\u00fdmi obchodn\u00edmi domy hovo\u0159\u00ed Martin Strako\u0161 a Romana Rosov\u00e1 z&hellip;&nbsp;<a href=\"https:\/\/www.lucernatv.cz\/index.php\/2023\/12\/18\/ostravske-kulturni-stopy-ostravica-textilia\/\" class=\"\" rel=\"bookmark\">\u010c\u00edst d\u00e1le &raquo;<span class=\"screen-reader-text\">Ostravsk\u00e9 kulturn\u00ed stopy \u2013 Ostravica-Textilia<\/span><\/a><\/p>\n","protected":false},"author":1,"featured_media":3322,"comment_status":"closed","ping_status":"open","sticky":false,"template":"","format":"gallery","meta":{"inline_featured_image":false,"_uag_custom_page_level_css":"","neve_meta_sidebar":"","neve_meta_container":"","neve_meta_enable_content_width":"","neve_meta_content_width":0,"neve_meta_title_alignment":"","neve_meta_author_avatar":"","neve_post_elements_order":"","neve_meta_disable_header":"","neve_meta_disable_footer":"","neve_meta_disable_title":"","_vp_format_video_url":"","_vp_image_focal_point":[]},"categories":[3,12],"tags":[24,28,35],"yoast_head":"<!-- This site is optimized with the Yoast SEO plugin v20.12 - https:\/\/yoast.com\/wordpress\/plugins\/seo\/ -->\n<title>Ostravsk\u00e9 kulturn\u00ed stopy \u2013 Ostravica-Textilia - lucernatv.cz<\/title>\n<meta name=\"robots\" content=\"index, follow, max-snippet:-1, max-image-preview:large, max-video-preview:-1\" \/>\n<link rel=\"canonical\" href=\"https:\/\/www.lucernatv.cz\/index.php\/2023\/12\/18\/ostravske-kulturni-stopy-ostravica-textilia\/\" \/>\n<meta property=\"og:locale\" content=\"cs_CZ\" \/>\n<meta property=\"og:type\" content=\"article\" \/>\n<meta property=\"og:title\" content=\"Ostravsk\u00e9 kulturn\u00ed stopy \u2013 Ostravica-Textilia - lucernatv.cz\" \/>\n<meta property=\"og:description\" content=\"V dal\u0161\u00edm d\u00edle putov\u00e1n\u00ed po zaj\u00edmav\u00fdch ostravsk\u00fdch m\u00edstech jsme se zastavili v centru m\u011bsta, na Smetanov\u011b n\u00e1m\u011bst\u00ed a n\u00e1m. Dr. Edvarda Bene\u0161e. V\u011bnovat se toti\u017e budeme p\u0159\u00edb\u011bhu obchodn\u00edho domu Ostravica-Textilia, ktr\u00fd se letos po des\u00edtk\u00e1ch let do\u010dkal rekonstrukce. O historii jedn\u00e9 z perel mezi prvorepublikov\u00fdmi ostravsk\u00fdmi obchodn\u00edmi domy hovo\u0159\u00ed Martin Strako\u0161 a Romana Rosov\u00e1 z&hellip;&nbsp;\u010c\u00edst d\u00e1le &raquo;Ostravsk\u00e9 kulturn\u00ed stopy \u2013 Ostravica-Textilia\" \/>\n<meta property=\"og:url\" content=\"https:\/\/www.lucernatv.cz\/index.php\/2023\/12\/18\/ostravske-kulturni-stopy-ostravica-textilia\/\" \/>\n<meta property=\"og:site_name\" content=\"lucernatv.cz\" \/>\n<meta property=\"article:publisher\" content=\"https:\/\/www.facebook.com\/avtopava\" \/>\n<meta property=\"article:published_time\" content=\"2023-12-18T20:12:16+00:00\" \/>\n<meta property=\"article:modified_time\" content=\"2023-12-18T23:56:22+00:00\" \/>\n<meta property=\"og:image\" content=\"https:\/\/www.lucernatv.cz\/wp-content\/uploads\/2023\/12\/ywp4rNNtoys.jpg\" \/>\n\t<meta property=\"og:image:width\" content=\"1280\" \/>\n\t<meta property=\"og:image:height\" content=\"720\" \/>\n\t<meta property=\"og:image:type\" content=\"image\/jpeg\" \/>\n<meta name=\"author\" content=\"lucernatvc\" \/>\n<meta name=\"twitter:card\" content=\"summary_large_image\" \/>\n<meta name=\"twitter:label1\" content=\"Napsal(a)\" \/>\n\t<meta name=\"twitter:data1\" content=\"lucernatvc\" \/>\n\t<meta name=\"twitter:label2\" content=\"Odhadovan\u00e1 doba \u010dten\u00ed\" \/>\n\t<meta name=\"twitter:data2\" content=\"1 minuta\" \/>\n<script type=\"application\/ld+json\" class=\"yoast-schema-graph\">{\"@context\":\"https:\/\/schema.org\",\"@graph\":[{\"@type\":\"Article\",\"@id\":\"https:\/\/www.lucernatv.cz\/index.php\/2023\/12\/18\/ostravske-kulturni-stopy-ostravica-textilia\/#article\",\"isPartOf\":{\"@id\":\"https:\/\/www.lucernatv.cz\/index.php\/2023\/12\/18\/ostravske-kulturni-stopy-ostravica-textilia\/\"},\"author\":{\"name\":\"lucernatvc\",\"@id\":\"https:\/\/www.lucernatv.cz\/#\/schema\/person\/fdc6b3778fe63c82ba7479978ad159ad\"},\"headline\":\"Ostravsk\u00e9 kulturn\u00ed stopy \u2013 Ostravica-Textilia\",\"datePublished\":\"2023-12-18T20:12:16+00:00\",\"dateModified\":\"2023-12-18T23:56:22+00:00\",\"mainEntityOfPage\":{\"@id\":\"https:\/\/www.lucernatv.cz\/index.php\/2023\/12\/18\/ostravske-kulturni-stopy-ostravica-textilia\/\"},\"wordCount\":149,\"publisher\":{\"@id\":\"https:\/\/www.lucernatv.cz\/#organization\"},\"keywords\":[\"dokument\",\"Fiducia on-line\",\"Ostravsk\u00e9 kulturn\u00ed stopy\"],\"articleSection\":[\"Kultura\",\"v\u00fdtvarn\u00e9 um\u011bn\u00ed, architektura a ve\u0159ejn\u00fd prostor\"],\"inLanguage\":\"cs\"},{\"@type\":\"WebPage\",\"@id\":\"https:\/\/www.lucernatv.cz\/index.php\/2023\/12\/18\/ostravske-kulturni-stopy-ostravica-textilia\/\",\"url\":\"https:\/\/www.lucernatv.cz\/index.php\/2023\/12\/18\/ostravske-kulturni-stopy-ostravica-textilia\/\",\"name\":\"Ostravsk\u00e9 kulturn\u00ed stopy \u2013 Ostravica-Textilia - lucernatv.cz\",\"isPartOf\":{\"@id\":\"https:\/\/www.lucernatv.cz\/#website\"},\"datePublished\":\"2023-12-18T20:12:16+00:00\",\"dateModified\":\"2023-12-18T23:56:22+00:00\",\"breadcrumb\":{\"@id\":\"https:\/\/www.lucernatv.cz\/index.php\/2023\/12\/18\/ostravske-kulturni-stopy-ostravica-textilia\/#breadcrumb\"},\"inLanguage\":\"cs\",\"potentialAction\":[{\"@type\":\"ReadAction\",\"target\":[\"https:\/\/www.lucernatv.cz\/index.php\/2023\/12\/18\/ostravske-kulturni-stopy-ostravica-textilia\/\"]}]},{\"@type\":\"BreadcrumbList\",\"@id\":\"https:\/\/www.lucernatv.cz\/index.php\/2023\/12\/18\/ostravske-kulturni-stopy-ostravica-textilia\/#breadcrumb\",\"itemListElement\":[{\"@type\":\"ListItem\",\"position\":1,\"name\":\"Dom\u016f\",\"item\":\"https:\/\/www.lucernatv.cz\/\"},{\"@type\":\"ListItem\",\"position\":2,\"name\":\"Ostravsk\u00e9 kulturn\u00ed stopy \u2013 Ostravica-Textilia\"}]},{\"@type\":\"WebSite\",\"@id\":\"https:\/\/www.lucernatv.cz\/#website\",\"url\":\"https:\/\/www.lucernatv.cz\/\",\"name\":\"lucernatv.cz\",\"description\":\"Vzd\u011bl\u00e1vac\u00ed televize\",\"publisher\":{\"@id\":\"https:\/\/www.lucernatv.cz\/#organization\"},\"alternateName\":\"Lucerna TV\",\"potentialAction\":[{\"@type\":\"SearchAction\",\"target\":{\"@type\":\"EntryPoint\",\"urlTemplate\":\"https:\/\/www.lucernatv.cz\/?s={search_term_string}\"},\"query-input\":\"required name=search_term_string\"}],\"inLanguage\":\"cs\"},{\"@type\":\"Organization\",\"@id\":\"https:\/\/www.lucernatv.cz\/#organization\",\"name\":\"Lucerna TV\",\"url\":\"https:\/\/www.lucernatv.cz\/\",\"logo\":{\"@type\":\"ImageObject\",\"inLanguage\":\"cs\",\"@id\":\"https:\/\/www.lucernatv.cz\/#\/schema\/logo\/image\/\",\"url\":\"https:\/\/www.lucernatv.cz\/wp-content\/uploads\/2021\/02\/logo.svg\",\"contentUrl\":\"https:\/\/www.lucernatv.cz\/wp-content\/uploads\/2021\/02\/logo.svg\",\"width\":128,\"height\":41,\"caption\":\"Lucerna TV\"},\"image\":{\"@id\":\"https:\/\/www.lucernatv.cz\/#\/schema\/logo\/image\/\"},\"sameAs\":[\"https:\/\/www.facebook.com\/avtopava\",\"https:\/\/www.youtube.com\/channel\/UCtP8PPWG9JatWSMsKMOvdDg\"]},{\"@type\":\"Person\",\"@id\":\"https:\/\/www.lucernatv.cz\/#\/schema\/person\/fdc6b3778fe63c82ba7479978ad159ad\",\"name\":\"lucernatvc\",\"image\":{\"@type\":\"ImageObject\",\"inLanguage\":\"cs\",\"@id\":\"https:\/\/www.lucernatv.cz\/#\/schema\/person\/image\/\",\"url\":\"https:\/\/secure.gravatar.com\/avatar\/5b7905a95103f5227c1afd8b2a10f058?s=96&d=mm&r=g\",\"contentUrl\":\"https:\/\/secure.gravatar.com\/avatar\/5b7905a95103f5227c1afd8b2a10f058?s=96&d=mm&r=g\",\"caption\":\"lucernatvc\"},\"url\":\"https:\/\/www.lucernatv.cz\/index.php\/author\/lucernatvc\/\"}]}<\/script>\n<!-- \/ Yoast SEO plugin. -->","yoast_head_json":{"title":"Ostravsk\u00e9 kulturn\u00ed stopy \u2013 Ostravica-Textilia - lucernatv.cz","robots":{"index":"index","follow":"follow","max-snippet":"max-snippet:-1","max-image-preview":"max-image-preview:large","max-video-preview":"max-video-preview:-1"},"canonical":"https:\/\/www.lucernatv.cz\/index.php\/2023\/12\/18\/ostravske-kulturni-stopy-ostravica-textilia\/","og_locale":"cs_CZ","og_type":"article","og_title":"Ostravsk\u00e9 kulturn\u00ed stopy \u2013 Ostravica-Textilia - lucernatv.cz","og_description":"V dal\u0161\u00edm d\u00edle putov\u00e1n\u00ed po zaj\u00edmav\u00fdch ostravsk\u00fdch m\u00edstech jsme se zastavili v centru m\u011bsta, na Smetanov\u011b n\u00e1m\u011bst\u00ed a n\u00e1m. Dr. Edvarda Bene\u0161e. V\u011bnovat se toti\u017e budeme p\u0159\u00edb\u011bhu obchodn\u00edho domu Ostravica-Textilia, ktr\u00fd se letos po des\u00edtk\u00e1ch let do\u010dkal rekonstrukce. O historii jedn\u00e9 z perel mezi prvorepublikov\u00fdmi ostravsk\u00fdmi obchodn\u00edmi domy hovo\u0159\u00ed Martin Strako\u0161 a Romana Rosov\u00e1 z&hellip;&nbsp;\u010c\u00edst d\u00e1le &raquo;Ostravsk\u00e9 kulturn\u00ed stopy \u2013 Ostravica-Textilia","og_url":"https:\/\/www.lucernatv.cz\/index.php\/2023\/12\/18\/ostravske-kulturni-stopy-ostravica-textilia\/","og_site_name":"lucernatv.cz","article_publisher":"https:\/\/www.facebook.com\/avtopava","article_published_time":"2023-12-18T20:12:16+00:00","article_modified_time":"2023-12-18T23:56:22+00:00","og_image":[{"width":1280,"height":720,"url":"https:\/\/www.lucernatv.cz\/wp-content\/uploads\/2023\/12\/ywp4rNNtoys.jpg","type":"image\/jpeg"}],"author":"lucernatvc","twitter_card":"summary_large_image","twitter_misc":{"Napsal(a)":"lucernatvc","Odhadovan\u00e1 doba \u010dten\u00ed":"1 minuta"},"schema":{"@context":"https:\/\/schema.org","@graph":[{"@type":"Article","@id":"https:\/\/www.lucernatv.cz\/index.php\/2023\/12\/18\/ostravske-kulturni-stopy-ostravica-textilia\/#article","isPartOf":{"@id":"https:\/\/www.lucernatv.cz\/index.php\/2023\/12\/18\/ostravske-kulturni-stopy-ostravica-textilia\/"},"author":{"name":"lucernatvc","@id":"https:\/\/www.lucernatv.cz\/#\/schema\/person\/fdc6b3778fe63c82ba7479978ad159ad"},"headline":"Ostravsk\u00e9 kulturn\u00ed stopy \u2013 Ostravica-Textilia","datePublished":"2023-12-18T20:12:16+00:00","dateModified":"2023-12-18T23:56:22+00:00","mainEntityOfPage":{"@id":"https:\/\/www.lucernatv.cz\/index.php\/2023\/12\/18\/ostravske-kulturni-stopy-ostravica-textilia\/"},"wordCount":149,"publisher":{"@id":"https:\/\/www.lucernatv.cz\/#organization"},"keywords":["dokument","Fiducia on-line","Ostravsk\u00e9 kulturn\u00ed stopy"],"articleSection":["Kultura","v\u00fdtvarn\u00e9 um\u011bn\u00ed, architektura a ve\u0159ejn\u00fd prostor"],"inLanguage":"cs"},{"@type":"WebPage","@id":"https:\/\/www.lucernatv.cz\/index.php\/2023\/12\/18\/ostravske-kulturni-stopy-ostravica-textilia\/","url":"https:\/\/www.lucernatv.cz\/index.php\/2023\/12\/18\/ostravske-kulturni-stopy-ostravica-textilia\/","name":"Ostravsk\u00e9 kulturn\u00ed stopy \u2013 Ostravica-Textilia - lucernatv.cz","isPartOf":{"@id":"https:\/\/www.lucernatv.cz\/#website"},"datePublished":"2023-12-18T20:12:16+00:00","dateModified":"2023-12-18T23:56:22+00:00","breadcrumb":{"@id":"https:\/\/www.lucernatv.cz\/index.php\/2023\/12\/18\/ostravske-kulturni-stopy-ostravica-textilia\/#breadcrumb"},"inLanguage":"cs","potentialAction":[{"@type":"ReadAction","target":["https:\/\/www.lucernatv.cz\/index.php\/2023\/12\/18\/ostravske-kulturni-stopy-ostravica-textilia\/"]}]},{"@type":"BreadcrumbList","@id":"https:\/\/www.lucernatv.cz\/index.php\/2023\/12\/18\/ostravske-kulturni-stopy-ostravica-textilia\/#breadcrumb","itemListElement":[{"@type":"ListItem","position":1,"name":"Dom\u016f","item":"https:\/\/www.lucernatv.cz\/"},{"@type":"ListItem","position":2,"name":"Ostravsk\u00e9 kulturn\u00ed stopy \u2013 Ostravica-Textilia"}]},{"@type":"WebSite","@id":"https:\/\/www.lucernatv.cz\/#website","url":"https:\/\/www.lucernatv.cz\/","name":"lucernatv.cz","description":"Vzd\u011bl\u00e1vac\u00ed televize","publisher":{"@id":"https:\/\/www.lucernatv.cz\/#organization"},"alternateName":"Lucerna TV","potentialAction":[{"@type":"SearchAction","target":{"@type":"EntryPoint","urlTemplate":"https:\/\/www.lucernatv.cz\/?s={search_term_string}"},"query-input":"required name=search_term_string"}],"inLanguage":"cs"},{"@type":"Organization","@id":"https:\/\/www.lucernatv.cz\/#organization","name":"Lucerna TV","url":"https:\/\/www.lucernatv.cz\/","logo":{"@type":"ImageObject","inLanguage":"cs","@id":"https:\/\/www.lucernatv.cz\/#\/schema\/logo\/image\/","url":"https:\/\/www.lucernatv.cz\/wp-content\/uploads\/2021\/02\/logo.svg","contentUrl":"https:\/\/www.lucernatv.cz\/wp-content\/uploads\/2021\/02\/logo.svg","width":128,"height":41,"caption":"Lucerna TV"},"image":{"@id":"https:\/\/www.lucernatv.cz\/#\/schema\/logo\/image\/"},"sameAs":["https:\/\/www.facebook.com\/avtopava","https:\/\/www.youtube.com\/channel\/UCtP8PPWG9JatWSMsKMOvdDg"]},{"@type":"Person","@id":"https:\/\/www.lucernatv.cz\/#\/schema\/person\/fdc6b3778fe63c82ba7479978ad159ad","name":"lucernatvc","image":{"@type":"ImageObject","inLanguage":"cs","@id":"https:\/\/www.lucernatv.cz\/#\/schema\/person\/image\/","url":"https:\/\/secure.gravatar.com\/avatar\/5b7905a95103f5227c1afd8b2a10f058?s=96&d=mm&r=g","contentUrl":"https:\/\/secure.gravatar.com\/avatar\/5b7905a95103f5227c1afd8b2a10f058?s=96&d=mm&r=g","caption":"lucernatvc"},"url":"https:\/\/www.lucernatv.cz\/index.php\/author\/lucernatvc\/"}]}},"uagb_featured_image_src":{"full":["https:\/\/www.lucernatv.cz\/wp-content\/uploads\/2023\/12\/ywp4rNNtoys.jpg",1280,720,false],"thumbnail":["https:\/\/www.lucernatv.cz\/wp-content\/uploads\/2023\/12\/ywp4rNNtoys-150x150.jpg",150,150,true],"medium":["https:\/\/www.lucernatv.cz\/wp-content\/uploads\/2023\/12\/ywp4rNNtoys-318x180.jpg",318,180,true],"medium_large":["https:\/\/www.lucernatv.cz\/wp-content\/uploads\/2023\/12\/ywp4rNNtoys-768x432.jpg",768,432,true],"large":["https:\/\/www.lucernatv.cz\/wp-content\/uploads\/2023\/12\/ywp4rNNtoys.jpg",1200,675,false],"1536x1536":["https:\/\/www.lucernatv.cz\/wp-content\/uploads\/2023\/12\/ywp4rNNtoys.jpg",1280,720,false],"2048x2048":["https:\/\/www.lucernatv.cz\/wp-content\/uploads\/2023\/12\/ywp4rNNtoys.jpg",1280,720,false],"ultp_layout_landscape_large":["https:\/\/www.lucernatv.cz\/wp-content\/uploads\/2023\/12\/ywp4rNNtoys-1200x720.jpg",1200,720,true],"ultp_layout_landscape":["https:\/\/www.lucernatv.cz\/wp-content\/uploads\/2023\/12\/ywp4rNNtoys-870x570.jpg",870,570,true],"ultp_layout_portrait":["https:\/\/www.lucernatv.cz\/wp-content\/uploads\/2023\/12\/ywp4rNNtoys-600x720.jpg",600,720,true],"ultp_layout_square":["https:\/\/www.lucernatv.cz\/wp-content\/uploads\/2023\/12\/ywp4rNNtoys-600x600.jpg",600,600,true],"vp_sm":["https:\/\/www.lucernatv.cz\/wp-content\/uploads\/2023\/12\/ywp4rNNtoys-500x281.jpg",500,281,true],"vp_md":["https:\/\/www.lucernatv.cz\/wp-content\/uploads\/2023\/12\/ywp4rNNtoys-800x450.jpg",800,450,true],"vp_lg":["https:\/\/www.lucernatv.cz\/wp-content\/uploads\/2023\/12\/ywp4rNNtoys.jpg",1280,720,false],"vp_xl":["https:\/\/www.lucernatv.cz\/wp-content\/uploads\/2023\/12\/ywp4rNNtoys.jpg",1280,720,false],"vp_sm_popup":["https:\/\/www.lucernatv.cz\/wp-content\/uploads\/2023\/12\/ywp4rNNtoys-500x281.jpg",500,281,true],"vp_md_popup":["https:\/\/www.lucernatv.cz\/wp-content\/uploads\/2023\/12\/ywp4rNNtoys-800x450.jpg",800,450,true],"vp_xl_popup":["https:\/\/www.lucernatv.cz\/wp-content\/uploads\/2023\/12\/ywp4rNNtoys.jpg",1280,720,false],"neve-blog":["https:\/\/www.lucernatv.cz\/wp-content\/uploads\/2023\/12\/ywp4rNNtoys-930x620.jpg",930,620,true]},"uagb_author_info":{"display_name":"lucernatvc","author_link":"https:\/\/www.lucernatv.cz\/index.php\/author\/lucernatvc\/"},"uagb_comment_info":0,"uagb_excerpt":"V dal\u0161\u00edm d\u00edle putov\u00e1n\u00ed po zaj\u00edmav\u00fdch ostravsk\u00fdch m\u00edstech jsme se zastavili v centru m\u011bsta, na Smetanov\u011b n\u00e1m\u011bst\u00ed a n\u00e1m. Dr. Edvarda Bene\u0161e. V\u011bnovat se toti\u017e budeme p\u0159\u00edb\u011bhu obchodn\u00edho domu Ostravica-Textilia, ktr\u00fd se letos po des\u00edtk\u00e1ch let do\u010dkal rekonstrukce. O historii jedn\u00e9 z perel mezi prvorepublikov\u00fdmi ostravsk\u00fdmi obchodn\u00edmi domy hovo\u0159\u00ed Martin Strako\u0161 a Romana Rosov\u00e1 z&hellip;&nbsp;\u010c\u00edst&hellip;","_links":{"self":[{"href":"https:\/\/www.lucernatv.cz\/index.php\/wp-json\/wp\/v2\/posts\/3320"}],"collection":[{"href":"https:\/\/www.lucernatv.cz\/index.php\/wp-json\/wp\/v2\/posts"}],"about":[{"href":"https:\/\/www.lucernatv.cz\/index.php\/wp-json\/wp\/v2\/types\/post"}],"author":[{"embeddable":true,"href":"https:\/\/www.lucernatv.cz\/index.php\/wp-json\/wp\/v2\/users\/1"}],"replies":[{"embeddable":true,"href":"https:\/\/www.lucernatv.cz\/index.php\/wp-json\/wp\/v2\/comments?post=3320"}],"version-history":[{"count":2,"href":"https:\/\/www.lucernatv.cz\/index.php\/wp-json\/wp\/v2\/posts\/3320\/revisions"}],"predecessor-version":[{"id":3323,"href":"https:\/\/www.lucernatv.cz\/index.php\/wp-json\/wp\/v2\/posts\/3320\/revisions\/3323"}],"wp:featuredmedia":[{"embeddable":true,"href":"https:\/\/www.lucernatv.cz\/index.php\/wp-json\/wp\/v2\/media\/3322"}],"wp:attachment":[{"href":"https:\/\/www.lucernatv.cz\/index.php\/wp-json\/wp\/v2\/media?parent=3320"}],"wp:term":[{"taxonomy":"category","embeddable":true,"href":"https:\/\/www.lucernatv.cz\/index.php\/wp-json\/wp\/v2\/categories?post=3320"},{"taxonomy":"post_tag","embeddable":true,"href":"https:\/\/www.lucernatv.cz\/index.php\/wp-json\/wp\/v2\/tags?post=3320"}],"curies":[{"name":"wp","href":"https:\/\/api.w.org\/{rel}","templated":true}]}}