{"id":3251,"date":"2023-06-12T19:16:11","date_gmt":"2023-06-12T19:16:11","guid":{"rendered":"https:\/\/www.lucernatv.cz\/?p=3251"},"modified":"2023-06-12T19:29:41","modified_gmt":"2023-06-12T19:29:41","slug":"digitalni-restaurovani-kulturniho-dedictvi","status":"publish","type":"post","link":"https:\/\/www.lucernatv.cz\/index.php\/2023\/06\/12\/digitalni-restaurovani-kulturniho-dedictvi\/","title":{"rendered":"Digit\u00e1ln\u00ed restaurov\u00e1n\u00ed kulturn\u00edho d\u011bdictv\u00ed"},"content":{"rendered":"\n<figure class=\"wp-block-embed is-type-video is-provider-youtube wp-block-embed-youtube wp-embed-aspect-4-3 wp-has-aspect-ratio\"><div class=\"wp-block-embed__wrapper\">\n<div class=\"nv-iframe-embed\"><div class=\"arve\" data-mode=\"normal\" data-oembed=\"1\" data-provider=\"youtube\" id=\"arve-youtube-ien5opyzyaw69f1df542de16405844405\">\n<span class=\"arve-inner\">\n<span class=\"arve-embed arve-embed--has-aspect-ratio\">\n<span class=\"arve-ar\" style=\"padding-top:56.250000%\"><\/span><iframe allow=\"accelerometer; autoplay; clipboard-write; encrypted-media; gyroscope; picture-in-picture\" allowfullscreen class=\"arve-iframe fitvidsignore\" data-arve=\"arve-youtube-ien5opyzyaw69f1df542de16405844405\" data-src-no-ap=\"https:\/\/www.youtube-nocookie.com\/embed\/iEn5oPYzyaw?feature=oembed&amp;iv_load_policy=3&amp;modestbranding=1&amp;rel=0&amp;autohide=1&amp;playsinline=0&amp;autoplay=0\" frameborder=\"0\" height=\"0\" sandbox=\"allow-scripts allow-same-origin allow-presentation allow-popups allow-popups-to-escape-sandbox\" scrolling=\"no\" src=\"https:\/\/www.youtube-nocookie.com\/embed\/iEn5oPYzyaw?feature=oembed&#038;iv_load_policy=3&#038;modestbranding=1&#038;rel=0&#038;autohide=1&#038;playsinline=0&#038;autoplay=0\"><\/iframe>\n\n<\/span>\n\n<\/span>\n<script type=\"application\/ld+json\">{\"@context\":\"http:\\\/\\\/schema.org\\\/\",\"@id\":\"https:\\\/\\\/www.lucernatv.cz\\\/index.php\\\/2023\\\/06\\\/12\\\/digitalni-restaurovani-kulturniho-dedictvi\\\/#arve-youtube-ien5opyzyaw69f1df542de16405844405\",\"type\":\"VideoObject\",\"embedURL\":\"https:\\\/\\\/www.youtube-nocookie.com\\\/embed\\\/iEn5oPYzyaw?feature=oembed&iv_load_policy=3&modestbranding=1&rel=0&autohide=1&playsinline=0&autoplay=0\"}<\/script>\n<\/div>\n<\/div>\n<\/div><\/figure>\n\n\n\n<p>S\u00e9rie kr\u00e1tk\u00fdch dokument\u016f prezentuj\u00edc\u00edch zaj\u00edmav\u00e9 projekty Filozoficko-p\u0159\u00edrodov\u011bdeck\u00e9 fakulty v Opav\u011b. Tento d\u00edl je v\u011bnov\u00e1n aktivit\u00e1m \u00dastavu filmov\u00e9, televizn\u00ed a rozhlasov\u00e9 tvorby, konkr\u00e9tn\u011b digit\u00e1ln\u00edmu restaurov\u00e1n\u00ed audiovizu\u00e1ln\u00edho d\u011bdictv\u00ed.<\/p>\n","protected":false},"excerpt":{"rendered":"<p>S\u00e9rie kr\u00e1tk\u00fdch dokument\u016f prezentuj\u00edc\u00edch zaj\u00edmav\u00e9 projekty Filozoficko-p\u0159\u00edrodov\u011bdeck\u00e9 fakulty v Opav\u011b. Tento d\u00edl je v\u011bnov\u00e1n aktivit\u00e1m \u00dastavu filmov\u00e9, televizn\u00ed a rozhlasov\u00e9 tvorby, konkr\u00e9tn\u011b digit\u00e1ln\u00edmu restaurov\u00e1n\u00ed audiovizu\u00e1ln\u00edho d\u011bdictv\u00ed.<\/p>\n","protected":false},"author":1,"featured_media":3253,"comment_status":"closed","ping_status":"open","sticky":false,"template":"","format":"gallery","meta":{"inline_featured_image":false,"_uag_custom_page_level_css":"","neve_meta_sidebar":"","neve_meta_container":"","neve_meta_enable_content_width":"","neve_meta_content_width":0,"neve_meta_title_alignment":"","neve_meta_author_avatar":"","neve_post_elements_order":"","neve_meta_disable_header":"","neve_meta_disable_footer":"","neve_meta_disable_title":"","_vp_format_video_url":"","_vp_image_focal_point":[]},"categories":[8,3],"tags":[24,72,73],"yoast_head":"<!-- This site is optimized with the Yoast SEO plugin v20.12 - https:\/\/yoast.com\/wordpress\/plugins\/seo\/ -->\n<title>Digit\u00e1ln\u00ed restaurov\u00e1n\u00ed kulturn\u00edho d\u011bdictv\u00ed - lucernatv.cz<\/title>\n<meta name=\"robots\" content=\"index, follow, max-snippet:-1, max-image-preview:large, max-video-preview:-1\" \/>\n<link rel=\"canonical\" href=\"https:\/\/www.lucernatv.cz\/index.php\/2023\/06\/12\/digitalni-restaurovani-kulturniho-dedictvi\/\" \/>\n<meta property=\"og:locale\" content=\"cs_CZ\" \/>\n<meta property=\"og:type\" content=\"article\" \/>\n<meta property=\"og:title\" content=\"Digit\u00e1ln\u00ed restaurov\u00e1n\u00ed kulturn\u00edho d\u011bdictv\u00ed - lucernatv.cz\" \/>\n<meta property=\"og:description\" content=\"S\u00e9rie kr\u00e1tk\u00fdch dokument\u016f prezentuj\u00edc\u00edch zaj\u00edmav\u00e9 projekty Filozoficko-p\u0159\u00edrodov\u011bdeck\u00e9 fakulty v Opav\u011b. Tento d\u00edl je v\u011bnov\u00e1n aktivit\u00e1m \u00dastavu filmov\u00e9, televizn\u00ed a rozhlasov\u00e9 tvorby, konkr\u00e9tn\u011b digit\u00e1ln\u00edmu restaurov\u00e1n\u00ed audiovizu\u00e1ln\u00edho d\u011bdictv\u00ed.\" \/>\n<meta property=\"og:url\" content=\"https:\/\/www.lucernatv.cz\/index.php\/2023\/06\/12\/digitalni-restaurovani-kulturniho-dedictvi\/\" \/>\n<meta property=\"og:site_name\" content=\"lucernatv.cz\" \/>\n<meta property=\"article:publisher\" content=\"https:\/\/www.facebook.com\/avtopava\" \/>\n<meta property=\"article:published_time\" content=\"2023-06-12T19:16:11+00:00\" \/>\n<meta property=\"article:modified_time\" content=\"2023-06-12T19:29:41+00:00\" \/>\n<meta property=\"og:image\" content=\"https:\/\/www.lucernatv.cz\/wp-content\/uploads\/2023\/06\/iEn5oPYzyaw.jpg\" \/>\n\t<meta property=\"og:image:width\" content=\"480\" \/>\n\t<meta property=\"og:image:height\" content=\"360\" \/>\n\t<meta property=\"og:image:type\" content=\"image\/jpeg\" \/>\n<meta name=\"author\" content=\"lucernatvc\" \/>\n<meta name=\"twitter:card\" content=\"summary_large_image\" \/>\n<meta name=\"twitter:label1\" content=\"Napsal(a)\" \/>\n\t<meta name=\"twitter:data1\" content=\"lucernatvc\" \/>\n<script type=\"application\/ld+json\" class=\"yoast-schema-graph\">{\"@context\":\"https:\/\/schema.org\",\"@graph\":[{\"@type\":\"Article\",\"@id\":\"https:\/\/www.lucernatv.cz\/index.php\/2023\/06\/12\/digitalni-restaurovani-kulturniho-dedictvi\/#article\",\"isPartOf\":{\"@id\":\"https:\/\/www.lucernatv.cz\/index.php\/2023\/06\/12\/digitalni-restaurovani-kulturniho-dedictvi\/\"},\"author\":{\"name\":\"lucernatvc\",\"@id\":\"https:\/\/www.lucernatv.cz\/#\/schema\/person\/fdc6b3778fe63c82ba7479978ad159ad\"},\"headline\":\"Digit\u00e1ln\u00ed restaurov\u00e1n\u00ed kulturn\u00edho d\u011bdictv\u00ed\",\"datePublished\":\"2023-06-12T19:16:11+00:00\",\"dateModified\":\"2023-06-12T19:29:41+00:00\",\"mainEntityOfPage\":{\"@id\":\"https:\/\/www.lucernatv.cz\/index.php\/2023\/06\/12\/digitalni-restaurovani-kulturniho-dedictvi\/\"},\"wordCount\":58,\"publisher\":{\"@id\":\"https:\/\/www.lucernatv.cz\/#organization\"},\"keywords\":[\"dokument\",\"Filozoficko-p\u0159\u00edrodov\u011bdeck\u00e1 fakulta v Opav\u011b\",\"vzd\u011bl\u00e1v\u00e1n\u00ed\"],\"articleSection\":[\"film, televize a rozhlas\",\"Kultura\"],\"inLanguage\":\"cs\"},{\"@type\":\"WebPage\",\"@id\":\"https:\/\/www.lucernatv.cz\/index.php\/2023\/06\/12\/digitalni-restaurovani-kulturniho-dedictvi\/\",\"url\":\"https:\/\/www.lucernatv.cz\/index.php\/2023\/06\/12\/digitalni-restaurovani-kulturniho-dedictvi\/\",\"name\":\"Digit\u00e1ln\u00ed restaurov\u00e1n\u00ed kulturn\u00edho d\u011bdictv\u00ed - lucernatv.cz\",\"isPartOf\":{\"@id\":\"https:\/\/www.lucernatv.cz\/#website\"},\"datePublished\":\"2023-06-12T19:16:11+00:00\",\"dateModified\":\"2023-06-12T19:29:41+00:00\",\"breadcrumb\":{\"@id\":\"https:\/\/www.lucernatv.cz\/index.php\/2023\/06\/12\/digitalni-restaurovani-kulturniho-dedictvi\/#breadcrumb\"},\"inLanguage\":\"cs\",\"potentialAction\":[{\"@type\":\"ReadAction\",\"target\":[\"https:\/\/www.lucernatv.cz\/index.php\/2023\/06\/12\/digitalni-restaurovani-kulturniho-dedictvi\/\"]}]},{\"@type\":\"BreadcrumbList\",\"@id\":\"https:\/\/www.lucernatv.cz\/index.php\/2023\/06\/12\/digitalni-restaurovani-kulturniho-dedictvi\/#breadcrumb\",\"itemListElement\":[{\"@type\":\"ListItem\",\"position\":1,\"name\":\"Dom\u016f\",\"item\":\"https:\/\/www.lucernatv.cz\/\"},{\"@type\":\"ListItem\",\"position\":2,\"name\":\"Digit\u00e1ln\u00ed restaurov\u00e1n\u00ed kulturn\u00edho d\u011bdictv\u00ed\"}]},{\"@type\":\"WebSite\",\"@id\":\"https:\/\/www.lucernatv.cz\/#website\",\"url\":\"https:\/\/www.lucernatv.cz\/\",\"name\":\"lucernatv.cz\",\"description\":\"Vzd\u011bl\u00e1vac\u00ed televize\",\"publisher\":{\"@id\":\"https:\/\/www.lucernatv.cz\/#organization\"},\"alternateName\":\"Lucerna TV\",\"potentialAction\":[{\"@type\":\"SearchAction\",\"target\":{\"@type\":\"EntryPoint\",\"urlTemplate\":\"https:\/\/www.lucernatv.cz\/?s={search_term_string}\"},\"query-input\":\"required name=search_term_string\"}],\"inLanguage\":\"cs\"},{\"@type\":\"Organization\",\"@id\":\"https:\/\/www.lucernatv.cz\/#organization\",\"name\":\"Lucerna TV\",\"url\":\"https:\/\/www.lucernatv.cz\/\",\"logo\":{\"@type\":\"ImageObject\",\"inLanguage\":\"cs\",\"@id\":\"https:\/\/www.lucernatv.cz\/#\/schema\/logo\/image\/\",\"url\":\"https:\/\/www.lucernatv.cz\/wp-content\/uploads\/2021\/02\/logo.svg\",\"contentUrl\":\"https:\/\/www.lucernatv.cz\/wp-content\/uploads\/2021\/02\/logo.svg\",\"width\":128,\"height\":41,\"caption\":\"Lucerna TV\"},\"image\":{\"@id\":\"https:\/\/www.lucernatv.cz\/#\/schema\/logo\/image\/\"},\"sameAs\":[\"https:\/\/www.facebook.com\/avtopava\",\"https:\/\/www.youtube.com\/channel\/UCtP8PPWG9JatWSMsKMOvdDg\"]},{\"@type\":\"Person\",\"@id\":\"https:\/\/www.lucernatv.cz\/#\/schema\/person\/fdc6b3778fe63c82ba7479978ad159ad\",\"name\":\"lucernatvc\",\"image\":{\"@type\":\"ImageObject\",\"inLanguage\":\"cs\",\"@id\":\"https:\/\/www.lucernatv.cz\/#\/schema\/person\/image\/\",\"url\":\"https:\/\/secure.gravatar.com\/avatar\/5b7905a95103f5227c1afd8b2a10f058?s=96&d=mm&r=g\",\"contentUrl\":\"https:\/\/secure.gravatar.com\/avatar\/5b7905a95103f5227c1afd8b2a10f058?s=96&d=mm&r=g\",\"caption\":\"lucernatvc\"},\"url\":\"https:\/\/www.lucernatv.cz\/index.php\/author\/lucernatvc\/\"}]}<\/script>\n<!-- \/ Yoast SEO plugin. -->","yoast_head_json":{"title":"Digit\u00e1ln\u00ed restaurov\u00e1n\u00ed kulturn\u00edho d\u011bdictv\u00ed - lucernatv.cz","robots":{"index":"index","follow":"follow","max-snippet":"max-snippet:-1","max-image-preview":"max-image-preview:large","max-video-preview":"max-video-preview:-1"},"canonical":"https:\/\/www.lucernatv.cz\/index.php\/2023\/06\/12\/digitalni-restaurovani-kulturniho-dedictvi\/","og_locale":"cs_CZ","og_type":"article","og_title":"Digit\u00e1ln\u00ed restaurov\u00e1n\u00ed kulturn\u00edho d\u011bdictv\u00ed - lucernatv.cz","og_description":"S\u00e9rie kr\u00e1tk\u00fdch dokument\u016f prezentuj\u00edc\u00edch zaj\u00edmav\u00e9 projekty Filozoficko-p\u0159\u00edrodov\u011bdeck\u00e9 fakulty v Opav\u011b. Tento d\u00edl je v\u011bnov\u00e1n aktivit\u00e1m \u00dastavu filmov\u00e9, televizn\u00ed a rozhlasov\u00e9 tvorby, konkr\u00e9tn\u011b digit\u00e1ln\u00edmu restaurov\u00e1n\u00ed audiovizu\u00e1ln\u00edho d\u011bdictv\u00ed.","og_url":"https:\/\/www.lucernatv.cz\/index.php\/2023\/06\/12\/digitalni-restaurovani-kulturniho-dedictvi\/","og_site_name":"lucernatv.cz","article_publisher":"https:\/\/www.facebook.com\/avtopava","article_published_time":"2023-06-12T19:16:11+00:00","article_modified_time":"2023-06-12T19:29:41+00:00","og_image":[{"width":480,"height":360,"url":"https:\/\/www.lucernatv.cz\/wp-content\/uploads\/2023\/06\/iEn5oPYzyaw.jpg","type":"image\/jpeg"}],"author":"lucernatvc","twitter_card":"summary_large_image","twitter_misc":{"Napsal(a)":"lucernatvc"},"schema":{"@context":"https:\/\/schema.org","@graph":[{"@type":"Article","@id":"https:\/\/www.lucernatv.cz\/index.php\/2023\/06\/12\/digitalni-restaurovani-kulturniho-dedictvi\/#article","isPartOf":{"@id":"https:\/\/www.lucernatv.cz\/index.php\/2023\/06\/12\/digitalni-restaurovani-kulturniho-dedictvi\/"},"author":{"name":"lucernatvc","@id":"https:\/\/www.lucernatv.cz\/#\/schema\/person\/fdc6b3778fe63c82ba7479978ad159ad"},"headline":"Digit\u00e1ln\u00ed restaurov\u00e1n\u00ed kulturn\u00edho d\u011bdictv\u00ed","datePublished":"2023-06-12T19:16:11+00:00","dateModified":"2023-06-12T19:29:41+00:00","mainEntityOfPage":{"@id":"https:\/\/www.lucernatv.cz\/index.php\/2023\/06\/12\/digitalni-restaurovani-kulturniho-dedictvi\/"},"wordCount":58,"publisher":{"@id":"https:\/\/www.lucernatv.cz\/#organization"},"keywords":["dokument","Filozoficko-p\u0159\u00edrodov\u011bdeck\u00e1 fakulta v Opav\u011b","vzd\u011bl\u00e1v\u00e1n\u00ed"],"articleSection":["film, televize a rozhlas","Kultura"],"inLanguage":"cs"},{"@type":"WebPage","@id":"https:\/\/www.lucernatv.cz\/index.php\/2023\/06\/12\/digitalni-restaurovani-kulturniho-dedictvi\/","url":"https:\/\/www.lucernatv.cz\/index.php\/2023\/06\/12\/digitalni-restaurovani-kulturniho-dedictvi\/","name":"Digit\u00e1ln\u00ed restaurov\u00e1n\u00ed kulturn\u00edho d\u011bdictv\u00ed - lucernatv.cz","isPartOf":{"@id":"https:\/\/www.lucernatv.cz\/#website"},"datePublished":"2023-06-12T19:16:11+00:00","dateModified":"2023-06-12T19:29:41+00:00","breadcrumb":{"@id":"https:\/\/www.lucernatv.cz\/index.php\/2023\/06\/12\/digitalni-restaurovani-kulturniho-dedictvi\/#breadcrumb"},"inLanguage":"cs","potentialAction":[{"@type":"ReadAction","target":["https:\/\/www.lucernatv.cz\/index.php\/2023\/06\/12\/digitalni-restaurovani-kulturniho-dedictvi\/"]}]},{"@type":"BreadcrumbList","@id":"https:\/\/www.lucernatv.cz\/index.php\/2023\/06\/12\/digitalni-restaurovani-kulturniho-dedictvi\/#breadcrumb","itemListElement":[{"@type":"ListItem","position":1,"name":"Dom\u016f","item":"https:\/\/www.lucernatv.cz\/"},{"@type":"ListItem","position":2,"name":"Digit\u00e1ln\u00ed restaurov\u00e1n\u00ed kulturn\u00edho d\u011bdictv\u00ed"}]},{"@type":"WebSite","@id":"https:\/\/www.lucernatv.cz\/#website","url":"https:\/\/www.lucernatv.cz\/","name":"lucernatv.cz","description":"Vzd\u011bl\u00e1vac\u00ed televize","publisher":{"@id":"https:\/\/www.lucernatv.cz\/#organization"},"alternateName":"Lucerna TV","potentialAction":[{"@type":"SearchAction","target":{"@type":"EntryPoint","urlTemplate":"https:\/\/www.lucernatv.cz\/?s={search_term_string}"},"query-input":"required name=search_term_string"}],"inLanguage":"cs"},{"@type":"Organization","@id":"https:\/\/www.lucernatv.cz\/#organization","name":"Lucerna TV","url":"https:\/\/www.lucernatv.cz\/","logo":{"@type":"ImageObject","inLanguage":"cs","@id":"https:\/\/www.lucernatv.cz\/#\/schema\/logo\/image\/","url":"https:\/\/www.lucernatv.cz\/wp-content\/uploads\/2021\/02\/logo.svg","contentUrl":"https:\/\/www.lucernatv.cz\/wp-content\/uploads\/2021\/02\/logo.svg","width":128,"height":41,"caption":"Lucerna TV"},"image":{"@id":"https:\/\/www.lucernatv.cz\/#\/schema\/logo\/image\/"},"sameAs":["https:\/\/www.facebook.com\/avtopava","https:\/\/www.youtube.com\/channel\/UCtP8PPWG9JatWSMsKMOvdDg"]},{"@type":"Person","@id":"https:\/\/www.lucernatv.cz\/#\/schema\/person\/fdc6b3778fe63c82ba7479978ad159ad","name":"lucernatvc","image":{"@type":"ImageObject","inLanguage":"cs","@id":"https:\/\/www.lucernatv.cz\/#\/schema\/person\/image\/","url":"https:\/\/secure.gravatar.com\/avatar\/5b7905a95103f5227c1afd8b2a10f058?s=96&d=mm&r=g","contentUrl":"https:\/\/secure.gravatar.com\/avatar\/5b7905a95103f5227c1afd8b2a10f058?s=96&d=mm&r=g","caption":"lucernatvc"},"url":"https:\/\/www.lucernatv.cz\/index.php\/author\/lucernatvc\/"}]}},"uagb_featured_image_src":{"full":["https:\/\/www.lucernatv.cz\/wp-content\/uploads\/2023\/06\/iEn5oPYzyaw.jpg",480,360,false],"thumbnail":["https:\/\/www.lucernatv.cz\/wp-content\/uploads\/2023\/06\/iEn5oPYzyaw-150x150.jpg",150,150,true],"medium":["https:\/\/www.lucernatv.cz\/wp-content\/uploads\/2023\/06\/iEn5oPYzyaw-240x180.jpg",240,180,true],"medium_large":["https:\/\/www.lucernatv.cz\/wp-content\/uploads\/2023\/06\/iEn5oPYzyaw.jpg",480,360,false],"large":["https:\/\/www.lucernatv.cz\/wp-content\/uploads\/2023\/06\/iEn5oPYzyaw.jpg",480,360,false],"1536x1536":["https:\/\/www.lucernatv.cz\/wp-content\/uploads\/2023\/06\/iEn5oPYzyaw.jpg",480,360,false],"2048x2048":["https:\/\/www.lucernatv.cz\/wp-content\/uploads\/2023\/06\/iEn5oPYzyaw.jpg",480,360,false],"ultp_layout_landscape_large":["https:\/\/www.lucernatv.cz\/wp-content\/uploads\/2023\/06\/iEn5oPYzyaw.jpg",480,360,false],"ultp_layout_landscape":["https:\/\/www.lucernatv.cz\/wp-content\/uploads\/2023\/06\/iEn5oPYzyaw.jpg",480,360,false],"ultp_layout_portrait":["https:\/\/www.lucernatv.cz\/wp-content\/uploads\/2023\/06\/iEn5oPYzyaw.jpg",480,360,false],"ultp_layout_square":["https:\/\/www.lucernatv.cz\/wp-content\/uploads\/2023\/06\/iEn5oPYzyaw.jpg",480,360,false],"vp_sm":["https:\/\/www.lucernatv.cz\/wp-content\/uploads\/2023\/06\/iEn5oPYzyaw.jpg",480,360,false],"vp_md":["https:\/\/www.lucernatv.cz\/wp-content\/uploads\/2023\/06\/iEn5oPYzyaw.jpg",480,360,false],"vp_lg":["https:\/\/www.lucernatv.cz\/wp-content\/uploads\/2023\/06\/iEn5oPYzyaw.jpg",480,360,false],"vp_xl":["https:\/\/www.lucernatv.cz\/wp-content\/uploads\/2023\/06\/iEn5oPYzyaw.jpg",480,360,false],"vp_sm_popup":["https:\/\/www.lucernatv.cz\/wp-content\/uploads\/2023\/06\/iEn5oPYzyaw.jpg",480,360,false],"vp_md_popup":["https:\/\/www.lucernatv.cz\/wp-content\/uploads\/2023\/06\/iEn5oPYzyaw.jpg",480,360,false],"vp_xl_popup":["https:\/\/www.lucernatv.cz\/wp-content\/uploads\/2023\/06\/iEn5oPYzyaw.jpg",480,360,false],"neve-blog":["https:\/\/www.lucernatv.cz\/wp-content\/uploads\/2023\/06\/iEn5oPYzyaw.jpg",480,360,false]},"uagb_author_info":{"display_name":"lucernatvc","author_link":"https:\/\/www.lucernatv.cz\/index.php\/author\/lucernatvc\/"},"uagb_comment_info":0,"uagb_excerpt":"S\u00e9rie kr\u00e1tk\u00fdch dokument\u016f prezentuj\u00edc\u00edch zaj\u00edmav\u00e9 projekty Filozoficko-p\u0159\u00edrodov\u011bdeck\u00e9 fakulty v Opav\u011b. Tento d\u00edl je v\u011bnov\u00e1n aktivit\u00e1m \u00dastavu filmov\u00e9, televizn\u00ed a rozhlasov\u00e9 tvorby, konkr\u00e9tn\u011b digit\u00e1ln\u00edmu restaurov\u00e1n\u00ed audiovizu\u00e1ln\u00edho d\u011bdictv\u00ed.","_links":{"self":[{"href":"https:\/\/www.lucernatv.cz\/index.php\/wp-json\/wp\/v2\/posts\/3251"}],"collection":[{"href":"https:\/\/www.lucernatv.cz\/index.php\/wp-json\/wp\/v2\/posts"}],"about":[{"href":"https:\/\/www.lucernatv.cz\/index.php\/wp-json\/wp\/v2\/types\/post"}],"author":[{"embeddable":true,"href":"https:\/\/www.lucernatv.cz\/index.php\/wp-json\/wp\/v2\/users\/1"}],"replies":[{"embeddable":true,"href":"https:\/\/www.lucernatv.cz\/index.php\/wp-json\/wp\/v2\/comments?post=3251"}],"version-history":[{"count":2,"href":"https:\/\/www.lucernatv.cz\/index.php\/wp-json\/wp\/v2\/posts\/3251\/revisions"}],"predecessor-version":[{"id":3254,"href":"https:\/\/www.lucernatv.cz\/index.php\/wp-json\/wp\/v2\/posts\/3251\/revisions\/3254"}],"wp:featuredmedia":[{"embeddable":true,"href":"https:\/\/www.lucernatv.cz\/index.php\/wp-json\/wp\/v2\/media\/3253"}],"wp:attachment":[{"href":"https:\/\/www.lucernatv.cz\/index.php\/wp-json\/wp\/v2\/media?parent=3251"}],"wp:term":[{"taxonomy":"category","embeddable":true,"href":"https:\/\/www.lucernatv.cz\/index.php\/wp-json\/wp\/v2\/categories?post=3251"},{"taxonomy":"post_tag","embeddable":true,"href":"https:\/\/www.lucernatv.cz\/index.php\/wp-json\/wp\/v2\/tags?post=3251"}],"curies":[{"name":"wp","href":"https:\/\/api.w.org\/{rel}","templated":true}]}}