{"id":3130,"date":"2022-06-05T21:42:43","date_gmt":"2022-06-05T21:42:43","guid":{"rendered":"https:\/\/www.lucernatv.cz\/?p=3130"},"modified":"2022-06-05T21:43:12","modified_gmt":"2022-06-05T21:43:12","slug":"otisky-minulosti-denikk-leopolda-horaka","status":"publish","type":"post","link":"https:\/\/www.lucernatv.cz\/index.php\/2022\/06\/05\/otisky-minulosti-denikk-leopolda-horaka\/","title":{"rendered":"Otisky minulosti \u2013 Den\u00edk Leopolda Hor\u00e1ka"},"content":{"rendered":"\n<figure class=\"wp-block-embed is-type-video is-provider-youtube wp-block-embed-youtube wp-embed-aspect-16-9 wp-has-aspect-ratio\"><div class=\"wp-block-embed__wrapper\">\n<div class=\"nv-iframe-embed\"><div class=\"arve\" data-mode=\"normal\" data-oembed=\"1\" data-provider=\"youtube\" id=\"arve-youtube-6a9cajngb4w69f1defb57881833170835\">\n<span class=\"arve-inner\">\n<span class=\"arve-embed arve-embed--has-aspect-ratio\">\n<span class=\"arve-ar\" style=\"padding-top:56.250000%\"><\/span><iframe allow=\"accelerometer; autoplay; clipboard-write; encrypted-media; gyroscope; picture-in-picture\" allowfullscreen class=\"arve-iframe fitvidsignore\" data-arve=\"arve-youtube-6a9cajngb4w69f1defb57881833170835\" data-src-no-ap=\"https:\/\/www.youtube-nocookie.com\/embed\/6a9CajnGB4w?feature=oembed&amp;iv_load_policy=3&amp;modestbranding=1&amp;rel=0&amp;autohide=1&amp;playsinline=0&amp;autoplay=0\" frameborder=\"0\" height=\"0\" sandbox=\"allow-scripts allow-same-origin allow-presentation allow-popups allow-popups-to-escape-sandbox\" scrolling=\"no\" src=\"https:\/\/www.youtube-nocookie.com\/embed\/6a9CajnGB4w?feature=oembed&#038;iv_load_policy=3&#038;modestbranding=1&#038;rel=0&#038;autohide=1&#038;playsinline=0&#038;autoplay=0\"><\/iframe>\n\n<\/span>\n\n<\/span>\n<script type=\"application\/ld+json\">{\"@context\":\"http:\\\/\\\/schema.org\\\/\",\"@id\":\"https:\\\/\\\/www.lucernatv.cz\\\/index.php\\\/2022\\\/06\\\/05\\\/otisky-minulosti-denikk-leopolda-horaka\\\/#arve-youtube-6a9cajngb4w69f1defb57881833170835\",\"type\":\"VideoObject\",\"embedURL\":\"https:\\\/\\\/www.youtube-nocookie.com\\\/embed\\\/6a9CajnGB4w?feature=oembed&iv_load_policy=3&modestbranding=1&rel=0&autohide=1&playsinline=0&autoplay=0\"}<\/script>\n<\/div>\n<\/div>\n<\/div><\/figure>\n\n\n\n<p>Film ze s\u00e9rie v\u011bnuj\u00edc\u00ed se zaj\u00edmav\u00fdm p\u0159edm\u011bt\u016fm ze sb\u00edrek Slezsk\u00e9ho zemsk\u00e9ho muzea. Tento d\u00edl je v\u011bnov\u00e1n den\u00edku d\u016fstojn\u00edka \u010ds. arm\u00e1dy Leopolda Hor\u00e1ka, kter\u00fd jako \u017eelezni\u010d\u00e1\u0159 p\u0159ev\u00e1\u017eel lidi do Polska a posl\u00e9ze musel s\u00e1m p\u0159ed hroz\u00edc\u00edm zat\u010den\u00edm ut\u00e9ct za hranice. Byl p\u0159evelen na z\u00e1padn\u00ed frontu, bojoval u Tobruku, pozd\u011bji ve Francii a nakonec s americkou arm\u00e1dou do\u0161el a\u017e do Plzn\u011b.<\/p>\n","protected":false},"excerpt":{"rendered":"<p>Film ze s\u00e9rie v\u011bnuj\u00edc\u00ed se zaj\u00edmav\u00fdm p\u0159edm\u011bt\u016fm ze sb\u00edrek Slezsk\u00e9ho zemsk\u00e9ho muzea. Tento d\u00edl je v\u011bnov\u00e1n den\u00edku d\u016fstojn\u00edka \u010ds. arm\u00e1dy Leopolda Hor\u00e1ka, kter\u00fd jako \u017eelezni\u010d\u00e1\u0159 p\u0159ev\u00e1\u017eel lidi do Polska a posl\u00e9ze musel s\u00e1m p\u0159ed hroz\u00edc\u00edm zat\u010den\u00edm ut\u00e9ct za hranice. Byl p\u0159evelen na z\u00e1padn\u00ed frontu, bojoval u Tobruku, pozd\u011bji ve Francii a nakonec s americkou arm\u00e1dou&hellip;&nbsp;<a href=\"https:\/\/www.lucernatv.cz\/index.php\/2022\/06\/05\/otisky-minulosti-denikk-leopolda-horaka\/\" class=\"\" rel=\"bookmark\">\u010c\u00edst d\u00e1le &raquo;<span class=\"screen-reader-text\">Otisky minulosti \u2013 Den\u00edk Leopolda Hor\u00e1ka<\/span><\/a><\/p>\n","protected":false},"author":1,"featured_media":3132,"comment_status":"closed","ping_status":"open","sticky":false,"template":"","format":"gallery","meta":{"inline_featured_image":false,"_uag_custom_page_level_css":"","neve_meta_sidebar":"","neve_meta_container":"","neve_meta_enable_content_width":"","neve_meta_content_width":0,"neve_meta_title_alignment":"","neve_meta_author_avatar":"","neve_post_elements_order":"","neve_meta_disable_header":"","neve_meta_disable_footer":"","neve_meta_disable_title":"","_vp_format_video_url":"","_vp_image_focal_point":[]},"categories":[15,4],"tags":[69,70],"yoast_head":"<!-- This site is optimized with the Yoast SEO plugin v20.12 - https:\/\/yoast.com\/wordpress\/plugins\/seo\/ -->\n<title>Otisky minulosti \u2013 Den\u00edk Leopolda Hor\u00e1ka - lucernatv.cz<\/title>\n<meta name=\"robots\" content=\"index, follow, max-snippet:-1, max-image-preview:large, max-video-preview:-1\" \/>\n<link rel=\"canonical\" href=\"https:\/\/www.lucernatv.cz\/index.php\/2022\/06\/05\/otisky-minulosti-denikk-leopolda-horaka\/\" \/>\n<meta property=\"og:locale\" content=\"cs_CZ\" \/>\n<meta property=\"og:type\" content=\"article\" \/>\n<meta property=\"og:title\" content=\"Otisky minulosti \u2013 Den\u00edk Leopolda Hor\u00e1ka - lucernatv.cz\" \/>\n<meta property=\"og:description\" content=\"Film ze s\u00e9rie v\u011bnuj\u00edc\u00ed se zaj\u00edmav\u00fdm p\u0159edm\u011bt\u016fm ze sb\u00edrek Slezsk\u00e9ho zemsk\u00e9ho muzea. Tento d\u00edl je v\u011bnov\u00e1n den\u00edku d\u016fstojn\u00edka \u010ds. arm\u00e1dy Leopolda Hor\u00e1ka, kter\u00fd jako \u017eelezni\u010d\u00e1\u0159 p\u0159ev\u00e1\u017eel lidi do Polska a posl\u00e9ze musel s\u00e1m p\u0159ed hroz\u00edc\u00edm zat\u010den\u00edm ut\u00e9ct za hranice. Byl p\u0159evelen na z\u00e1padn\u00ed frontu, bojoval u Tobruku, pozd\u011bji ve Francii a nakonec s americkou arm\u00e1dou&hellip;&nbsp;\u010c\u00edst d\u00e1le &raquo;Otisky minulosti \u2013 Den\u00edk Leopolda Hor\u00e1ka\" \/>\n<meta property=\"og:url\" content=\"https:\/\/www.lucernatv.cz\/index.php\/2022\/06\/05\/otisky-minulosti-denikk-leopolda-horaka\/\" \/>\n<meta property=\"og:site_name\" content=\"lucernatv.cz\" \/>\n<meta property=\"article:publisher\" content=\"https:\/\/www.facebook.com\/avtopava\" \/>\n<meta property=\"article:published_time\" content=\"2022-06-05T21:42:43+00:00\" \/>\n<meta property=\"article:modified_time\" content=\"2022-06-05T21:43:12+00:00\" \/>\n<meta property=\"og:image\" content=\"https:\/\/www.lucernatv.cz\/wp-content\/uploads\/2022\/06\/6a9CajnGB4w.jpg\" \/>\n\t<meta property=\"og:image:width\" content=\"1280\" \/>\n\t<meta property=\"og:image:height\" content=\"720\" \/>\n\t<meta property=\"og:image:type\" content=\"image\/jpeg\" \/>\n<meta name=\"author\" content=\"lucernatvc\" \/>\n<meta name=\"twitter:card\" content=\"summary_large_image\" \/>\n<meta name=\"twitter:label1\" content=\"Napsal(a)\" \/>\n\t<meta name=\"twitter:data1\" content=\"lucernatvc\" \/>\n<script type=\"application\/ld+json\" class=\"yoast-schema-graph\">{\"@context\":\"https:\/\/schema.org\",\"@graph\":[{\"@type\":\"Article\",\"@id\":\"https:\/\/www.lucernatv.cz\/index.php\/2022\/06\/05\/otisky-minulosti-denikk-leopolda-horaka\/#article\",\"isPartOf\":{\"@id\":\"https:\/\/www.lucernatv.cz\/index.php\/2022\/06\/05\/otisky-minulosti-denikk-leopolda-horaka\/\"},\"author\":{\"name\":\"lucernatvc\",\"@id\":\"https:\/\/www.lucernatv.cz\/#\/schema\/person\/fdc6b3778fe63c82ba7479978ad159ad\"},\"headline\":\"Otisky minulosti \u2013 Den\u00edk Leopolda Hor\u00e1ka\",\"datePublished\":\"2022-06-05T21:42:43+00:00\",\"dateModified\":\"2022-06-05T21:43:12+00:00\",\"mainEntityOfPage\":{\"@id\":\"https:\/\/www.lucernatv.cz\/index.php\/2022\/06\/05\/otisky-minulosti-denikk-leopolda-horaka\/\"},\"wordCount\":106,\"publisher\":{\"@id\":\"https:\/\/www.lucernatv.cz\/#organization\"},\"keywords\":[\"Otisky minulosti\",\"Slezsk\u00e9 zemsk\u00e9 muzeum\"],\"articleSection\":[\"historie\",\"V\u011bda\"],\"inLanguage\":\"cs\"},{\"@type\":\"WebPage\",\"@id\":\"https:\/\/www.lucernatv.cz\/index.php\/2022\/06\/05\/otisky-minulosti-denikk-leopolda-horaka\/\",\"url\":\"https:\/\/www.lucernatv.cz\/index.php\/2022\/06\/05\/otisky-minulosti-denikk-leopolda-horaka\/\",\"name\":\"Otisky minulosti \u2013 Den\u00edk Leopolda Hor\u00e1ka - lucernatv.cz\",\"isPartOf\":{\"@id\":\"https:\/\/www.lucernatv.cz\/#website\"},\"datePublished\":\"2022-06-05T21:42:43+00:00\",\"dateModified\":\"2022-06-05T21:43:12+00:00\",\"breadcrumb\":{\"@id\":\"https:\/\/www.lucernatv.cz\/index.php\/2022\/06\/05\/otisky-minulosti-denikk-leopolda-horaka\/#breadcrumb\"},\"inLanguage\":\"cs\",\"potentialAction\":[{\"@type\":\"ReadAction\",\"target\":[\"https:\/\/www.lucernatv.cz\/index.php\/2022\/06\/05\/otisky-minulosti-denikk-leopolda-horaka\/\"]}]},{\"@type\":\"BreadcrumbList\",\"@id\":\"https:\/\/www.lucernatv.cz\/index.php\/2022\/06\/05\/otisky-minulosti-denikk-leopolda-horaka\/#breadcrumb\",\"itemListElement\":[{\"@type\":\"ListItem\",\"position\":1,\"name\":\"Dom\u016f\",\"item\":\"https:\/\/www.lucernatv.cz\/\"},{\"@type\":\"ListItem\",\"position\":2,\"name\":\"Otisky minulosti \u2013 Den\u00edk Leopolda Hor\u00e1ka\"}]},{\"@type\":\"WebSite\",\"@id\":\"https:\/\/www.lucernatv.cz\/#website\",\"url\":\"https:\/\/www.lucernatv.cz\/\",\"name\":\"lucernatv.cz\",\"description\":\"Vzd\u011bl\u00e1vac\u00ed televize\",\"publisher\":{\"@id\":\"https:\/\/www.lucernatv.cz\/#organization\"},\"alternateName\":\"Lucerna TV\",\"potentialAction\":[{\"@type\":\"SearchAction\",\"target\":{\"@type\":\"EntryPoint\",\"urlTemplate\":\"https:\/\/www.lucernatv.cz\/?s={search_term_string}\"},\"query-input\":\"required name=search_term_string\"}],\"inLanguage\":\"cs\"},{\"@type\":\"Organization\",\"@id\":\"https:\/\/www.lucernatv.cz\/#organization\",\"name\":\"Lucerna TV\",\"url\":\"https:\/\/www.lucernatv.cz\/\",\"logo\":{\"@type\":\"ImageObject\",\"inLanguage\":\"cs\",\"@id\":\"https:\/\/www.lucernatv.cz\/#\/schema\/logo\/image\/\",\"url\":\"https:\/\/www.lucernatv.cz\/wp-content\/uploads\/2021\/02\/logo.svg\",\"contentUrl\":\"https:\/\/www.lucernatv.cz\/wp-content\/uploads\/2021\/02\/logo.svg\",\"width\":128,\"height\":41,\"caption\":\"Lucerna TV\"},\"image\":{\"@id\":\"https:\/\/www.lucernatv.cz\/#\/schema\/logo\/image\/\"},\"sameAs\":[\"https:\/\/www.facebook.com\/avtopava\",\"https:\/\/www.youtube.com\/channel\/UCtP8PPWG9JatWSMsKMOvdDg\"]},{\"@type\":\"Person\",\"@id\":\"https:\/\/www.lucernatv.cz\/#\/schema\/person\/fdc6b3778fe63c82ba7479978ad159ad\",\"name\":\"lucernatvc\",\"image\":{\"@type\":\"ImageObject\",\"inLanguage\":\"cs\",\"@id\":\"https:\/\/www.lucernatv.cz\/#\/schema\/person\/image\/\",\"url\":\"https:\/\/secure.gravatar.com\/avatar\/5b7905a95103f5227c1afd8b2a10f058?s=96&d=mm&r=g\",\"contentUrl\":\"https:\/\/secure.gravatar.com\/avatar\/5b7905a95103f5227c1afd8b2a10f058?s=96&d=mm&r=g\",\"caption\":\"lucernatvc\"},\"url\":\"https:\/\/www.lucernatv.cz\/index.php\/author\/lucernatvc\/\"}]}<\/script>\n<!-- \/ Yoast SEO plugin. -->","yoast_head_json":{"title":"Otisky minulosti \u2013 Den\u00edk Leopolda Hor\u00e1ka - lucernatv.cz","robots":{"index":"index","follow":"follow","max-snippet":"max-snippet:-1","max-image-preview":"max-image-preview:large","max-video-preview":"max-video-preview:-1"},"canonical":"https:\/\/www.lucernatv.cz\/index.php\/2022\/06\/05\/otisky-minulosti-denikk-leopolda-horaka\/","og_locale":"cs_CZ","og_type":"article","og_title":"Otisky minulosti \u2013 Den\u00edk Leopolda Hor\u00e1ka - lucernatv.cz","og_description":"Film ze s\u00e9rie v\u011bnuj\u00edc\u00ed se zaj\u00edmav\u00fdm p\u0159edm\u011bt\u016fm ze sb\u00edrek Slezsk\u00e9ho zemsk\u00e9ho muzea. Tento d\u00edl je v\u011bnov\u00e1n den\u00edku d\u016fstojn\u00edka \u010ds. arm\u00e1dy Leopolda Hor\u00e1ka, kter\u00fd jako \u017eelezni\u010d\u00e1\u0159 p\u0159ev\u00e1\u017eel lidi do Polska a posl\u00e9ze musel s\u00e1m p\u0159ed hroz\u00edc\u00edm zat\u010den\u00edm ut\u00e9ct za hranice. Byl p\u0159evelen na z\u00e1padn\u00ed frontu, bojoval u Tobruku, pozd\u011bji ve Francii a nakonec s americkou arm\u00e1dou&hellip;&nbsp;\u010c\u00edst d\u00e1le &raquo;Otisky minulosti \u2013 Den\u00edk Leopolda Hor\u00e1ka","og_url":"https:\/\/www.lucernatv.cz\/index.php\/2022\/06\/05\/otisky-minulosti-denikk-leopolda-horaka\/","og_site_name":"lucernatv.cz","article_publisher":"https:\/\/www.facebook.com\/avtopava","article_published_time":"2022-06-05T21:42:43+00:00","article_modified_time":"2022-06-05T21:43:12+00:00","og_image":[{"width":1280,"height":720,"url":"https:\/\/www.lucernatv.cz\/wp-content\/uploads\/2022\/06\/6a9CajnGB4w.jpg","type":"image\/jpeg"}],"author":"lucernatvc","twitter_card":"summary_large_image","twitter_misc":{"Napsal(a)":"lucernatvc"},"schema":{"@context":"https:\/\/schema.org","@graph":[{"@type":"Article","@id":"https:\/\/www.lucernatv.cz\/index.php\/2022\/06\/05\/otisky-minulosti-denikk-leopolda-horaka\/#article","isPartOf":{"@id":"https:\/\/www.lucernatv.cz\/index.php\/2022\/06\/05\/otisky-minulosti-denikk-leopolda-horaka\/"},"author":{"name":"lucernatvc","@id":"https:\/\/www.lucernatv.cz\/#\/schema\/person\/fdc6b3778fe63c82ba7479978ad159ad"},"headline":"Otisky minulosti \u2013 Den\u00edk Leopolda Hor\u00e1ka","datePublished":"2022-06-05T21:42:43+00:00","dateModified":"2022-06-05T21:43:12+00:00","mainEntityOfPage":{"@id":"https:\/\/www.lucernatv.cz\/index.php\/2022\/06\/05\/otisky-minulosti-denikk-leopolda-horaka\/"},"wordCount":106,"publisher":{"@id":"https:\/\/www.lucernatv.cz\/#organization"},"keywords":["Otisky minulosti","Slezsk\u00e9 zemsk\u00e9 muzeum"],"articleSection":["historie","V\u011bda"],"inLanguage":"cs"},{"@type":"WebPage","@id":"https:\/\/www.lucernatv.cz\/index.php\/2022\/06\/05\/otisky-minulosti-denikk-leopolda-horaka\/","url":"https:\/\/www.lucernatv.cz\/index.php\/2022\/06\/05\/otisky-minulosti-denikk-leopolda-horaka\/","name":"Otisky minulosti \u2013 Den\u00edk Leopolda Hor\u00e1ka - lucernatv.cz","isPartOf":{"@id":"https:\/\/www.lucernatv.cz\/#website"},"datePublished":"2022-06-05T21:42:43+00:00","dateModified":"2022-06-05T21:43:12+00:00","breadcrumb":{"@id":"https:\/\/www.lucernatv.cz\/index.php\/2022\/06\/05\/otisky-minulosti-denikk-leopolda-horaka\/#breadcrumb"},"inLanguage":"cs","potentialAction":[{"@type":"ReadAction","target":["https:\/\/www.lucernatv.cz\/index.php\/2022\/06\/05\/otisky-minulosti-denikk-leopolda-horaka\/"]}]},{"@type":"BreadcrumbList","@id":"https:\/\/www.lucernatv.cz\/index.php\/2022\/06\/05\/otisky-minulosti-denikk-leopolda-horaka\/#breadcrumb","itemListElement":[{"@type":"ListItem","position":1,"name":"Dom\u016f","item":"https:\/\/www.lucernatv.cz\/"},{"@type":"ListItem","position":2,"name":"Otisky minulosti \u2013 Den\u00edk Leopolda Hor\u00e1ka"}]},{"@type":"WebSite","@id":"https:\/\/www.lucernatv.cz\/#website","url":"https:\/\/www.lucernatv.cz\/","name":"lucernatv.cz","description":"Vzd\u011bl\u00e1vac\u00ed televize","publisher":{"@id":"https:\/\/www.lucernatv.cz\/#organization"},"alternateName":"Lucerna TV","potentialAction":[{"@type":"SearchAction","target":{"@type":"EntryPoint","urlTemplate":"https:\/\/www.lucernatv.cz\/?s={search_term_string}"},"query-input":"required name=search_term_string"}],"inLanguage":"cs"},{"@type":"Organization","@id":"https:\/\/www.lucernatv.cz\/#organization","name":"Lucerna TV","url":"https:\/\/www.lucernatv.cz\/","logo":{"@type":"ImageObject","inLanguage":"cs","@id":"https:\/\/www.lucernatv.cz\/#\/schema\/logo\/image\/","url":"https:\/\/www.lucernatv.cz\/wp-content\/uploads\/2021\/02\/logo.svg","contentUrl":"https:\/\/www.lucernatv.cz\/wp-content\/uploads\/2021\/02\/logo.svg","width":128,"height":41,"caption":"Lucerna TV"},"image":{"@id":"https:\/\/www.lucernatv.cz\/#\/schema\/logo\/image\/"},"sameAs":["https:\/\/www.facebook.com\/avtopava","https:\/\/www.youtube.com\/channel\/UCtP8PPWG9JatWSMsKMOvdDg"]},{"@type":"Person","@id":"https:\/\/www.lucernatv.cz\/#\/schema\/person\/fdc6b3778fe63c82ba7479978ad159ad","name":"lucernatvc","image":{"@type":"ImageObject","inLanguage":"cs","@id":"https:\/\/www.lucernatv.cz\/#\/schema\/person\/image\/","url":"https:\/\/secure.gravatar.com\/avatar\/5b7905a95103f5227c1afd8b2a10f058?s=96&d=mm&r=g","contentUrl":"https:\/\/secure.gravatar.com\/avatar\/5b7905a95103f5227c1afd8b2a10f058?s=96&d=mm&r=g","caption":"lucernatvc"},"url":"https:\/\/www.lucernatv.cz\/index.php\/author\/lucernatvc\/"}]}},"uagb_featured_image_src":{"full":["https:\/\/www.lucernatv.cz\/wp-content\/uploads\/2022\/06\/6a9CajnGB4w.jpg",1280,720,false],"thumbnail":["https:\/\/www.lucernatv.cz\/wp-content\/uploads\/2022\/06\/6a9CajnGB4w-150x150.jpg",150,150,true],"medium":["https:\/\/www.lucernatv.cz\/wp-content\/uploads\/2022\/06\/6a9CajnGB4w-318x180.jpg",318,180,true],"medium_large":["https:\/\/www.lucernatv.cz\/wp-content\/uploads\/2022\/06\/6a9CajnGB4w-768x432.jpg",768,432,true],"large":["https:\/\/www.lucernatv.cz\/wp-content\/uploads\/2022\/06\/6a9CajnGB4w.jpg",1200,675,false],"1536x1536":["https:\/\/www.lucernatv.cz\/wp-content\/uploads\/2022\/06\/6a9CajnGB4w.jpg",1280,720,false],"2048x2048":["https:\/\/www.lucernatv.cz\/wp-content\/uploads\/2022\/06\/6a9CajnGB4w.jpg",1280,720,false],"ultp_layout_landscape_large":["https:\/\/www.lucernatv.cz\/wp-content\/uploads\/2022\/06\/6a9CajnGB4w-1200x720.jpg",1200,720,true],"ultp_layout_landscape":["https:\/\/www.lucernatv.cz\/wp-content\/uploads\/2022\/06\/6a9CajnGB4w-870x570.jpg",870,570,true],"ultp_layout_portrait":["https:\/\/www.lucernatv.cz\/wp-content\/uploads\/2022\/06\/6a9CajnGB4w-600x720.jpg",600,720,true],"ultp_layout_square":["https:\/\/www.lucernatv.cz\/wp-content\/uploads\/2022\/06\/6a9CajnGB4w-600x600.jpg",600,600,true],"vp_sm":["https:\/\/www.lucernatv.cz\/wp-content\/uploads\/2022\/06\/6a9CajnGB4w-500x281.jpg",500,281,true],"vp_md":["https:\/\/www.lucernatv.cz\/wp-content\/uploads\/2022\/06\/6a9CajnGB4w-800x450.jpg",800,450,true],"vp_lg":["https:\/\/www.lucernatv.cz\/wp-content\/uploads\/2022\/06\/6a9CajnGB4w.jpg",1280,720,false],"vp_xl":["https:\/\/www.lucernatv.cz\/wp-content\/uploads\/2022\/06\/6a9CajnGB4w.jpg",1280,720,false],"vp_sm_popup":["https:\/\/www.lucernatv.cz\/wp-content\/uploads\/2022\/06\/6a9CajnGB4w-500x281.jpg",500,281,true],"vp_md_popup":["https:\/\/www.lucernatv.cz\/wp-content\/uploads\/2022\/06\/6a9CajnGB4w-800x450.jpg",800,450,true],"vp_xl_popup":["https:\/\/www.lucernatv.cz\/wp-content\/uploads\/2022\/06\/6a9CajnGB4w.jpg",1280,720,false],"neve-blog":["https:\/\/www.lucernatv.cz\/wp-content\/uploads\/2022\/06\/6a9CajnGB4w-930x620.jpg",930,620,true]},"uagb_author_info":{"display_name":"lucernatvc","author_link":"https:\/\/www.lucernatv.cz\/index.php\/author\/lucernatvc\/"},"uagb_comment_info":0,"uagb_excerpt":"Film ze s\u00e9rie v\u011bnuj\u00edc\u00ed se zaj\u00edmav\u00fdm p\u0159edm\u011bt\u016fm ze sb\u00edrek Slezsk\u00e9ho zemsk\u00e9ho muzea. Tento d\u00edl je v\u011bnov\u00e1n den\u00edku d\u016fstojn\u00edka \u010ds. arm\u00e1dy Leopolda Hor\u00e1ka, kter\u00fd jako \u017eelezni\u010d\u00e1\u0159 p\u0159ev\u00e1\u017eel lidi do Polska a posl\u00e9ze musel s\u00e1m p\u0159ed hroz\u00edc\u00edm zat\u010den\u00edm ut\u00e9ct za hranice. Byl p\u0159evelen na z\u00e1padn\u00ed frontu, bojoval u Tobruku, pozd\u011bji ve Francii a nakonec s americkou arm\u00e1dou&hellip;&nbsp;\u010c\u00edst&hellip;","_links":{"self":[{"href":"https:\/\/www.lucernatv.cz\/index.php\/wp-json\/wp\/v2\/posts\/3130"}],"collection":[{"href":"https:\/\/www.lucernatv.cz\/index.php\/wp-json\/wp\/v2\/posts"}],"about":[{"href":"https:\/\/www.lucernatv.cz\/index.php\/wp-json\/wp\/v2\/types\/post"}],"author":[{"embeddable":true,"href":"https:\/\/www.lucernatv.cz\/index.php\/wp-json\/wp\/v2\/users\/1"}],"replies":[{"embeddable":true,"href":"https:\/\/www.lucernatv.cz\/index.php\/wp-json\/wp\/v2\/comments?post=3130"}],"version-history":[{"count":2,"href":"https:\/\/www.lucernatv.cz\/index.php\/wp-json\/wp\/v2\/posts\/3130\/revisions"}],"predecessor-version":[{"id":3133,"href":"https:\/\/www.lucernatv.cz\/index.php\/wp-json\/wp\/v2\/posts\/3130\/revisions\/3133"}],"wp:featuredmedia":[{"embeddable":true,"href":"https:\/\/www.lucernatv.cz\/index.php\/wp-json\/wp\/v2\/media\/3132"}],"wp:attachment":[{"href":"https:\/\/www.lucernatv.cz\/index.php\/wp-json\/wp\/v2\/media?parent=3130"}],"wp:term":[{"taxonomy":"category","embeddable":true,"href":"https:\/\/www.lucernatv.cz\/index.php\/wp-json\/wp\/v2\/categories?post=3130"},{"taxonomy":"post_tag","embeddable":true,"href":"https:\/\/www.lucernatv.cz\/index.php\/wp-json\/wp\/v2\/tags?post=3130"}],"curies":[{"name":"wp","href":"https:\/\/api.w.org\/{rel}","templated":true}]}}