{"id":3068,"date":"2021-12-31T22:32:48","date_gmt":"2021-12-31T22:32:48","guid":{"rendered":"https:\/\/www.lucernatv.cz\/?p=3068"},"modified":"2022-01-01T17:03:31","modified_gmt":"2022-01-01T17:03:31","slug":"ostravske-kulturni-stopy-pocatky-bibliofilstvi-v-ostrave","status":"publish","type":"post","link":"https:\/\/www.lucernatv.cz\/index.php\/2021\/12\/31\/ostravske-kulturni-stopy-pocatky-bibliofilstvi-v-ostrave\/","title":{"rendered":"Ostravsk\u00e9 kulturn\u00ed stopy \u2013 Po\u010d\u00e1tky bibliofilstv\u00ed v Ostrav\u011b"},"content":{"rendered":"\n<figure class=\"wp-block-embed is-type-video is-provider-youtube wp-block-embed-youtube wp-embed-aspect-16-9 wp-has-aspect-ratio\"><div class=\"wp-block-embed__wrapper\">\n<div class=\"nv-iframe-embed\"><div class=\"arve\" data-mode=\"normal\" data-oembed=\"1\" data-provider=\"youtube\" id=\"arve-youtube-7pxwex2cmpe69f37df837b40476931512\">\n<span class=\"arve-inner\">\n<span class=\"arve-embed arve-embed--has-aspect-ratio\">\n<span class=\"arve-ar\" style=\"padding-top:56.250000%\"><\/span><iframe allow=\"accelerometer; autoplay; clipboard-write; encrypted-media; gyroscope; picture-in-picture\" allowfullscreen class=\"arve-iframe fitvidsignore\" data-arve=\"arve-youtube-7pxwex2cmpe69f37df837b40476931512\" data-src-no-ap=\"https:\/\/www.youtube-nocookie.com\/embed\/7PXWeX2CMPE?feature=oembed&amp;iv_load_policy=3&amp;modestbranding=1&amp;rel=0&amp;autohide=1&amp;playsinline=0&amp;autoplay=0\" frameborder=\"0\" height=\"0\" sandbox=\"allow-scripts allow-same-origin allow-presentation allow-popups allow-popups-to-escape-sandbox\" scrolling=\"no\" src=\"https:\/\/www.youtube-nocookie.com\/embed\/7PXWeX2CMPE?feature=oembed&#038;iv_load_policy=3&#038;modestbranding=1&#038;rel=0&#038;autohide=1&#038;playsinline=0&#038;autoplay=0\"><\/iframe>\n\n<\/span>\n\n<\/span>\n<script type=\"application\/ld+json\">{\"@context\":\"http:\\\/\\\/schema.org\\\/\",\"@id\":\"https:\\\/\\\/www.lucernatv.cz\\\/index.php\\\/2021\\\/12\\\/31\\\/ostravske-kulturni-stopy-pocatky-bibliofilstvi-v-ostrave\\\/#arve-youtube-7pxwex2cmpe69f37df837b40476931512\",\"type\":\"VideoObject\",\"embedURL\":\"https:\\\/\\\/www.youtube-nocookie.com\\\/embed\\\/7PXWeX2CMPE?feature=oembed&iv_load_policy=3&modestbranding=1&rel=0&autohide=1&playsinline=0&autoplay=0\"}<\/script>\n<\/div>\n<\/div>\n<\/div><\/figure>\n\n\n\n<p>Jak\u00e9 tisky vyd\u00e1vali ve 30. letech 20. stolet\u00ed ostrav\u0161t\u00ed bibliofilov\u00e9, kdo mezi n\u011b pat\u0159il a jak prob\u00edhal 4. sjezd moravsk\u00fdch bibliofil\u016f, kter\u00fd prob\u00edhal v roce 1931 v ostravsk\u00e9m Dom\u011b um\u011bn\u00ed pod z\u00e1\u0161titou tehdej\u0161\u00edho starosty Moravsk\u00e9 Ostravy Jana Proke\u0161e? Dozv\u00edte se od knihovnice a dokumentaristky Galerie v\u00fdtvarn\u00e9ho um\u011bn\u00ed v Ostrav\u011b Vladim\u00edry Lichovn\u00edkov\u00e9 a od vedouc\u00ed odd\u011blen\u00ed sb\u00edrek a v\u00fdstav GVUO Gabriely Pelik\u00e1nov\u00e9.<\/p>\n","protected":false},"excerpt":{"rendered":"<p>Jak\u00e9 tisky vyd\u00e1vali ve 30. letech 20. stolet\u00ed ostrav\u0161t\u00ed bibliofilov\u00e9, kdo mezi n\u011b pat\u0159il a jak prob\u00edhal 4. sjezd moravsk\u00fdch bibliofil\u016f, kter\u00fd prob\u00edhal v roce 1931 v ostravsk\u00e9m Dom\u011b um\u011bn\u00ed pod z\u00e1\u0161titou tehdej\u0161\u00edho starosty Moravsk\u00e9 Ostravy Jana Proke\u0161e? Dozv\u00edte se od knihovnice a dokumentaristky Galerie v\u00fdtvarn\u00e9ho um\u011bn\u00ed v Ostrav\u011b Vladim\u00edry Lichovn\u00edkov\u00e9 a od vedouc\u00ed odd\u011blen\u00ed&hellip;&nbsp;<a href=\"https:\/\/www.lucernatv.cz\/index.php\/2021\/12\/31\/ostravske-kulturni-stopy-pocatky-bibliofilstvi-v-ostrave\/\" class=\"\" rel=\"bookmark\">\u010c\u00edst d\u00e1le &raquo;<span class=\"screen-reader-text\">Ostravsk\u00e9 kulturn\u00ed stopy \u2013 Po\u010d\u00e1tky bibliofilstv\u00ed v Ostrav\u011b<\/span><\/a><\/p>\n","protected":false},"author":1,"featured_media":3070,"comment_status":"closed","ping_status":"open","sticky":false,"template":"","format":"gallery","meta":{"inline_featured_image":false,"_uag_custom_page_level_css":"","neve_meta_sidebar":"","neve_meta_container":"","neve_meta_enable_content_width":"","neve_meta_content_width":0,"neve_meta_title_alignment":"","neve_meta_author_avatar":"","neve_post_elements_order":"","neve_meta_disable_header":"","neve_meta_disable_footer":"","neve_meta_disable_title":"","_vp_format_video_url":"","_vp_image_focal_point":[]},"categories":[3,6,12],"tags":[],"yoast_head":"<!-- This site is optimized with the Yoast SEO plugin v20.12 - https:\/\/yoast.com\/wordpress\/plugins\/seo\/ -->\n<title>Ostravsk\u00e9 kulturn\u00ed stopy \u2013 Po\u010d\u00e1tky bibliofilstv\u00ed v Ostrav\u011b - lucernatv.cz<\/title>\n<meta name=\"robots\" content=\"index, follow, max-snippet:-1, max-image-preview:large, max-video-preview:-1\" \/>\n<link rel=\"canonical\" href=\"https:\/\/www.lucernatv.cz\/index.php\/2021\/12\/31\/ostravske-kulturni-stopy-pocatky-bibliofilstvi-v-ostrave\/\" \/>\n<meta property=\"og:locale\" content=\"cs_CZ\" \/>\n<meta property=\"og:type\" content=\"article\" \/>\n<meta property=\"og:title\" content=\"Ostravsk\u00e9 kulturn\u00ed stopy \u2013 Po\u010d\u00e1tky bibliofilstv\u00ed v Ostrav\u011b - lucernatv.cz\" \/>\n<meta property=\"og:description\" content=\"Jak\u00e9 tisky vyd\u00e1vali ve 30. letech 20. stolet\u00ed ostrav\u0161t\u00ed bibliofilov\u00e9, kdo mezi n\u011b pat\u0159il a jak prob\u00edhal 4. sjezd moravsk\u00fdch bibliofil\u016f, kter\u00fd prob\u00edhal v roce 1931 v ostravsk\u00e9m Dom\u011b um\u011bn\u00ed pod z\u00e1\u0161titou tehdej\u0161\u00edho starosty Moravsk\u00e9 Ostravy Jana Proke\u0161e? Dozv\u00edte se od knihovnice a dokumentaristky Galerie v\u00fdtvarn\u00e9ho um\u011bn\u00ed v Ostrav\u011b Vladim\u00edry Lichovn\u00edkov\u00e9 a od vedouc\u00ed odd\u011blen\u00ed&hellip;&nbsp;\u010c\u00edst d\u00e1le &raquo;Ostravsk\u00e9 kulturn\u00ed stopy \u2013 Po\u010d\u00e1tky bibliofilstv\u00ed v Ostrav\u011b\" \/>\n<meta property=\"og:url\" content=\"https:\/\/www.lucernatv.cz\/index.php\/2021\/12\/31\/ostravske-kulturni-stopy-pocatky-bibliofilstvi-v-ostrave\/\" \/>\n<meta property=\"og:site_name\" content=\"lucernatv.cz\" \/>\n<meta property=\"article:publisher\" content=\"https:\/\/www.facebook.com\/avtopava\" \/>\n<meta property=\"article:published_time\" content=\"2021-12-31T22:32:48+00:00\" \/>\n<meta property=\"article:modified_time\" content=\"2022-01-01T17:03:31+00:00\" \/>\n<meta property=\"og:image\" content=\"https:\/\/www.lucernatv.cz\/wp-content\/uploads\/2021\/12\/7PXWeX2CMPE.jpg\" \/>\n\t<meta property=\"og:image:width\" content=\"1280\" \/>\n\t<meta property=\"og:image:height\" content=\"720\" \/>\n\t<meta property=\"og:image:type\" content=\"image\/jpeg\" \/>\n<meta name=\"author\" content=\"lucernatvc\" \/>\n<meta name=\"twitter:card\" content=\"summary_large_image\" \/>\n<meta name=\"twitter:label1\" content=\"Napsal(a)\" \/>\n\t<meta name=\"twitter:data1\" content=\"lucernatvc\" \/>\n<script type=\"application\/ld+json\" class=\"yoast-schema-graph\">{\"@context\":\"https:\/\/schema.org\",\"@graph\":[{\"@type\":\"Article\",\"@id\":\"https:\/\/www.lucernatv.cz\/index.php\/2021\/12\/31\/ostravske-kulturni-stopy-pocatky-bibliofilstvi-v-ostrave\/#article\",\"isPartOf\":{\"@id\":\"https:\/\/www.lucernatv.cz\/index.php\/2021\/12\/31\/ostravske-kulturni-stopy-pocatky-bibliofilstvi-v-ostrave\/\"},\"author\":{\"name\":\"lucernatvc\",\"@id\":\"https:\/\/www.lucernatv.cz\/#\/schema\/person\/fdc6b3778fe63c82ba7479978ad159ad\"},\"headline\":\"Ostravsk\u00e9 kulturn\u00ed stopy \u2013 Po\u010d\u00e1tky bibliofilstv\u00ed v Ostrav\u011b\",\"datePublished\":\"2021-12-31T22:32:48+00:00\",\"dateModified\":\"2022-01-01T17:03:31+00:00\",\"mainEntityOfPage\":{\"@id\":\"https:\/\/www.lucernatv.cz\/index.php\/2021\/12\/31\/ostravske-kulturni-stopy-pocatky-bibliofilstvi-v-ostrave\/\"},\"wordCount\":94,\"publisher\":{\"@id\":\"https:\/\/www.lucernatv.cz\/#organization\"},\"articleSection\":[\"Kultura\",\"literatura\",\"v\u00fdtvarn\u00e9 um\u011bn\u00ed, architektura a ve\u0159ejn\u00fd prostor\"],\"inLanguage\":\"cs\"},{\"@type\":\"WebPage\",\"@id\":\"https:\/\/www.lucernatv.cz\/index.php\/2021\/12\/31\/ostravske-kulturni-stopy-pocatky-bibliofilstvi-v-ostrave\/\",\"url\":\"https:\/\/www.lucernatv.cz\/index.php\/2021\/12\/31\/ostravske-kulturni-stopy-pocatky-bibliofilstvi-v-ostrave\/\",\"name\":\"Ostravsk\u00e9 kulturn\u00ed stopy \u2013 Po\u010d\u00e1tky bibliofilstv\u00ed v Ostrav\u011b - lucernatv.cz\",\"isPartOf\":{\"@id\":\"https:\/\/www.lucernatv.cz\/#website\"},\"datePublished\":\"2021-12-31T22:32:48+00:00\",\"dateModified\":\"2022-01-01T17:03:31+00:00\",\"breadcrumb\":{\"@id\":\"https:\/\/www.lucernatv.cz\/index.php\/2021\/12\/31\/ostravske-kulturni-stopy-pocatky-bibliofilstvi-v-ostrave\/#breadcrumb\"},\"inLanguage\":\"cs\",\"potentialAction\":[{\"@type\":\"ReadAction\",\"target\":[\"https:\/\/www.lucernatv.cz\/index.php\/2021\/12\/31\/ostravske-kulturni-stopy-pocatky-bibliofilstvi-v-ostrave\/\"]}]},{\"@type\":\"BreadcrumbList\",\"@id\":\"https:\/\/www.lucernatv.cz\/index.php\/2021\/12\/31\/ostravske-kulturni-stopy-pocatky-bibliofilstvi-v-ostrave\/#breadcrumb\",\"itemListElement\":[{\"@type\":\"ListItem\",\"position\":1,\"name\":\"Dom\u016f\",\"item\":\"https:\/\/www.lucernatv.cz\/\"},{\"@type\":\"ListItem\",\"position\":2,\"name\":\"Ostravsk\u00e9 kulturn\u00ed stopy \u2013 Po\u010d\u00e1tky bibliofilstv\u00ed v Ostrav\u011b\"}]},{\"@type\":\"WebSite\",\"@id\":\"https:\/\/www.lucernatv.cz\/#website\",\"url\":\"https:\/\/www.lucernatv.cz\/\",\"name\":\"lucernatv.cz\",\"description\":\"Vzd\u011bl\u00e1vac\u00ed televize\",\"publisher\":{\"@id\":\"https:\/\/www.lucernatv.cz\/#organization\"},\"alternateName\":\"Lucerna TV\",\"potentialAction\":[{\"@type\":\"SearchAction\",\"target\":{\"@type\":\"EntryPoint\",\"urlTemplate\":\"https:\/\/www.lucernatv.cz\/?s={search_term_string}\"},\"query-input\":\"required name=search_term_string\"}],\"inLanguage\":\"cs\"},{\"@type\":\"Organization\",\"@id\":\"https:\/\/www.lucernatv.cz\/#organization\",\"name\":\"Lucerna TV\",\"url\":\"https:\/\/www.lucernatv.cz\/\",\"logo\":{\"@type\":\"ImageObject\",\"inLanguage\":\"cs\",\"@id\":\"https:\/\/www.lucernatv.cz\/#\/schema\/logo\/image\/\",\"url\":\"https:\/\/www.lucernatv.cz\/wp-content\/uploads\/2021\/02\/logo.svg\",\"contentUrl\":\"https:\/\/www.lucernatv.cz\/wp-content\/uploads\/2021\/02\/logo.svg\",\"width\":128,\"height\":41,\"caption\":\"Lucerna TV\"},\"image\":{\"@id\":\"https:\/\/www.lucernatv.cz\/#\/schema\/logo\/image\/\"},\"sameAs\":[\"https:\/\/www.facebook.com\/avtopava\",\"https:\/\/www.youtube.com\/channel\/UCtP8PPWG9JatWSMsKMOvdDg\"]},{\"@type\":\"Person\",\"@id\":\"https:\/\/www.lucernatv.cz\/#\/schema\/person\/fdc6b3778fe63c82ba7479978ad159ad\",\"name\":\"lucernatvc\",\"image\":{\"@type\":\"ImageObject\",\"inLanguage\":\"cs\",\"@id\":\"https:\/\/www.lucernatv.cz\/#\/schema\/person\/image\/\",\"url\":\"https:\/\/secure.gravatar.com\/avatar\/5b7905a95103f5227c1afd8b2a10f058?s=96&d=mm&r=g\",\"contentUrl\":\"https:\/\/secure.gravatar.com\/avatar\/5b7905a95103f5227c1afd8b2a10f058?s=96&d=mm&r=g\",\"caption\":\"lucernatvc\"},\"url\":\"https:\/\/www.lucernatv.cz\/index.php\/author\/lucernatvc\/\"}]}<\/script>\n<!-- \/ Yoast SEO plugin. -->","yoast_head_json":{"title":"Ostravsk\u00e9 kulturn\u00ed stopy \u2013 Po\u010d\u00e1tky bibliofilstv\u00ed v Ostrav\u011b - lucernatv.cz","robots":{"index":"index","follow":"follow","max-snippet":"max-snippet:-1","max-image-preview":"max-image-preview:large","max-video-preview":"max-video-preview:-1"},"canonical":"https:\/\/www.lucernatv.cz\/index.php\/2021\/12\/31\/ostravske-kulturni-stopy-pocatky-bibliofilstvi-v-ostrave\/","og_locale":"cs_CZ","og_type":"article","og_title":"Ostravsk\u00e9 kulturn\u00ed stopy \u2013 Po\u010d\u00e1tky bibliofilstv\u00ed v Ostrav\u011b - lucernatv.cz","og_description":"Jak\u00e9 tisky vyd\u00e1vali ve 30. letech 20. stolet\u00ed ostrav\u0161t\u00ed bibliofilov\u00e9, kdo mezi n\u011b pat\u0159il a jak prob\u00edhal 4. sjezd moravsk\u00fdch bibliofil\u016f, kter\u00fd prob\u00edhal v roce 1931 v ostravsk\u00e9m Dom\u011b um\u011bn\u00ed pod z\u00e1\u0161titou tehdej\u0161\u00edho starosty Moravsk\u00e9 Ostravy Jana Proke\u0161e? Dozv\u00edte se od knihovnice a dokumentaristky Galerie v\u00fdtvarn\u00e9ho um\u011bn\u00ed v Ostrav\u011b Vladim\u00edry Lichovn\u00edkov\u00e9 a od vedouc\u00ed odd\u011blen\u00ed&hellip;&nbsp;\u010c\u00edst d\u00e1le &raquo;Ostravsk\u00e9 kulturn\u00ed stopy \u2013 Po\u010d\u00e1tky bibliofilstv\u00ed v Ostrav\u011b","og_url":"https:\/\/www.lucernatv.cz\/index.php\/2021\/12\/31\/ostravske-kulturni-stopy-pocatky-bibliofilstvi-v-ostrave\/","og_site_name":"lucernatv.cz","article_publisher":"https:\/\/www.facebook.com\/avtopava","article_published_time":"2021-12-31T22:32:48+00:00","article_modified_time":"2022-01-01T17:03:31+00:00","og_image":[{"width":1280,"height":720,"url":"https:\/\/www.lucernatv.cz\/wp-content\/uploads\/2021\/12\/7PXWeX2CMPE.jpg","type":"image\/jpeg"}],"author":"lucernatvc","twitter_card":"summary_large_image","twitter_misc":{"Napsal(a)":"lucernatvc"},"schema":{"@context":"https:\/\/schema.org","@graph":[{"@type":"Article","@id":"https:\/\/www.lucernatv.cz\/index.php\/2021\/12\/31\/ostravske-kulturni-stopy-pocatky-bibliofilstvi-v-ostrave\/#article","isPartOf":{"@id":"https:\/\/www.lucernatv.cz\/index.php\/2021\/12\/31\/ostravske-kulturni-stopy-pocatky-bibliofilstvi-v-ostrave\/"},"author":{"name":"lucernatvc","@id":"https:\/\/www.lucernatv.cz\/#\/schema\/person\/fdc6b3778fe63c82ba7479978ad159ad"},"headline":"Ostravsk\u00e9 kulturn\u00ed stopy \u2013 Po\u010d\u00e1tky bibliofilstv\u00ed v Ostrav\u011b","datePublished":"2021-12-31T22:32:48+00:00","dateModified":"2022-01-01T17:03:31+00:00","mainEntityOfPage":{"@id":"https:\/\/www.lucernatv.cz\/index.php\/2021\/12\/31\/ostravske-kulturni-stopy-pocatky-bibliofilstvi-v-ostrave\/"},"wordCount":94,"publisher":{"@id":"https:\/\/www.lucernatv.cz\/#organization"},"articleSection":["Kultura","literatura","v\u00fdtvarn\u00e9 um\u011bn\u00ed, architektura a ve\u0159ejn\u00fd prostor"],"inLanguage":"cs"},{"@type":"WebPage","@id":"https:\/\/www.lucernatv.cz\/index.php\/2021\/12\/31\/ostravske-kulturni-stopy-pocatky-bibliofilstvi-v-ostrave\/","url":"https:\/\/www.lucernatv.cz\/index.php\/2021\/12\/31\/ostravske-kulturni-stopy-pocatky-bibliofilstvi-v-ostrave\/","name":"Ostravsk\u00e9 kulturn\u00ed stopy \u2013 Po\u010d\u00e1tky bibliofilstv\u00ed v Ostrav\u011b - lucernatv.cz","isPartOf":{"@id":"https:\/\/www.lucernatv.cz\/#website"},"datePublished":"2021-12-31T22:32:48+00:00","dateModified":"2022-01-01T17:03:31+00:00","breadcrumb":{"@id":"https:\/\/www.lucernatv.cz\/index.php\/2021\/12\/31\/ostravske-kulturni-stopy-pocatky-bibliofilstvi-v-ostrave\/#breadcrumb"},"inLanguage":"cs","potentialAction":[{"@type":"ReadAction","target":["https:\/\/www.lucernatv.cz\/index.php\/2021\/12\/31\/ostravske-kulturni-stopy-pocatky-bibliofilstvi-v-ostrave\/"]}]},{"@type":"BreadcrumbList","@id":"https:\/\/www.lucernatv.cz\/index.php\/2021\/12\/31\/ostravske-kulturni-stopy-pocatky-bibliofilstvi-v-ostrave\/#breadcrumb","itemListElement":[{"@type":"ListItem","position":1,"name":"Dom\u016f","item":"https:\/\/www.lucernatv.cz\/"},{"@type":"ListItem","position":2,"name":"Ostravsk\u00e9 kulturn\u00ed stopy \u2013 Po\u010d\u00e1tky bibliofilstv\u00ed v Ostrav\u011b"}]},{"@type":"WebSite","@id":"https:\/\/www.lucernatv.cz\/#website","url":"https:\/\/www.lucernatv.cz\/","name":"lucernatv.cz","description":"Vzd\u011bl\u00e1vac\u00ed televize","publisher":{"@id":"https:\/\/www.lucernatv.cz\/#organization"},"alternateName":"Lucerna TV","potentialAction":[{"@type":"SearchAction","target":{"@type":"EntryPoint","urlTemplate":"https:\/\/www.lucernatv.cz\/?s={search_term_string}"},"query-input":"required name=search_term_string"}],"inLanguage":"cs"},{"@type":"Organization","@id":"https:\/\/www.lucernatv.cz\/#organization","name":"Lucerna TV","url":"https:\/\/www.lucernatv.cz\/","logo":{"@type":"ImageObject","inLanguage":"cs","@id":"https:\/\/www.lucernatv.cz\/#\/schema\/logo\/image\/","url":"https:\/\/www.lucernatv.cz\/wp-content\/uploads\/2021\/02\/logo.svg","contentUrl":"https:\/\/www.lucernatv.cz\/wp-content\/uploads\/2021\/02\/logo.svg","width":128,"height":41,"caption":"Lucerna TV"},"image":{"@id":"https:\/\/www.lucernatv.cz\/#\/schema\/logo\/image\/"},"sameAs":["https:\/\/www.facebook.com\/avtopava","https:\/\/www.youtube.com\/channel\/UCtP8PPWG9JatWSMsKMOvdDg"]},{"@type":"Person","@id":"https:\/\/www.lucernatv.cz\/#\/schema\/person\/fdc6b3778fe63c82ba7479978ad159ad","name":"lucernatvc","image":{"@type":"ImageObject","inLanguage":"cs","@id":"https:\/\/www.lucernatv.cz\/#\/schema\/person\/image\/","url":"https:\/\/secure.gravatar.com\/avatar\/5b7905a95103f5227c1afd8b2a10f058?s=96&d=mm&r=g","contentUrl":"https:\/\/secure.gravatar.com\/avatar\/5b7905a95103f5227c1afd8b2a10f058?s=96&d=mm&r=g","caption":"lucernatvc"},"url":"https:\/\/www.lucernatv.cz\/index.php\/author\/lucernatvc\/"}]}},"uagb_featured_image_src":{"full":["https:\/\/www.lucernatv.cz\/wp-content\/uploads\/2021\/12\/7PXWeX2CMPE.jpg",1280,720,false],"thumbnail":["https:\/\/www.lucernatv.cz\/wp-content\/uploads\/2021\/12\/7PXWeX2CMPE-150x150.jpg",150,150,true],"medium":["https:\/\/www.lucernatv.cz\/wp-content\/uploads\/2021\/12\/7PXWeX2CMPE-318x180.jpg",318,180,true],"medium_large":["https:\/\/www.lucernatv.cz\/wp-content\/uploads\/2021\/12\/7PXWeX2CMPE-768x432.jpg",768,432,true],"large":["https:\/\/www.lucernatv.cz\/wp-content\/uploads\/2021\/12\/7PXWeX2CMPE.jpg",1200,675,false],"1536x1536":["https:\/\/www.lucernatv.cz\/wp-content\/uploads\/2021\/12\/7PXWeX2CMPE.jpg",1280,720,false],"2048x2048":["https:\/\/www.lucernatv.cz\/wp-content\/uploads\/2021\/12\/7PXWeX2CMPE.jpg",1280,720,false],"ultp_layout_landscape_large":["https:\/\/www.lucernatv.cz\/wp-content\/uploads\/2021\/12\/7PXWeX2CMPE-1200x720.jpg",1200,720,true],"ultp_layout_landscape":["https:\/\/www.lucernatv.cz\/wp-content\/uploads\/2021\/12\/7PXWeX2CMPE-870x570.jpg",870,570,true],"ultp_layout_portrait":["https:\/\/www.lucernatv.cz\/wp-content\/uploads\/2021\/12\/7PXWeX2CMPE-600x720.jpg",600,720,true],"ultp_layout_square":["https:\/\/www.lucernatv.cz\/wp-content\/uploads\/2021\/12\/7PXWeX2CMPE-600x600.jpg",600,600,true],"vp_sm":["https:\/\/www.lucernatv.cz\/wp-content\/uploads\/2021\/12\/7PXWeX2CMPE-500x281.jpg",500,281,true],"vp_md":["https:\/\/www.lucernatv.cz\/wp-content\/uploads\/2021\/12\/7PXWeX2CMPE-800x450.jpg",800,450,true],"vp_lg":["https:\/\/www.lucernatv.cz\/wp-content\/uploads\/2021\/12\/7PXWeX2CMPE.jpg",1280,720,false],"vp_xl":["https:\/\/www.lucernatv.cz\/wp-content\/uploads\/2021\/12\/7PXWeX2CMPE.jpg",1280,720,false],"vp_sm_popup":["https:\/\/www.lucernatv.cz\/wp-content\/uploads\/2021\/12\/7PXWeX2CMPE-500x281.jpg",500,281,true],"vp_md_popup":["https:\/\/www.lucernatv.cz\/wp-content\/uploads\/2021\/12\/7PXWeX2CMPE-800x450.jpg",800,450,true],"vp_xl_popup":["https:\/\/www.lucernatv.cz\/wp-content\/uploads\/2021\/12\/7PXWeX2CMPE.jpg",1280,720,false],"neve-blog":["https:\/\/www.lucernatv.cz\/wp-content\/uploads\/2021\/12\/7PXWeX2CMPE-930x620.jpg",930,620,true]},"uagb_author_info":{"display_name":"lucernatvc","author_link":"https:\/\/www.lucernatv.cz\/index.php\/author\/lucernatvc\/"},"uagb_comment_info":0,"uagb_excerpt":"Jak\u00e9 tisky vyd\u00e1vali ve 30. letech 20. stolet\u00ed ostrav\u0161t\u00ed bibliofilov\u00e9, kdo mezi n\u011b pat\u0159il a jak prob\u00edhal 4. sjezd moravsk\u00fdch bibliofil\u016f, kter\u00fd prob\u00edhal v roce 1931 v ostravsk\u00e9m Dom\u011b um\u011bn\u00ed pod z\u00e1\u0161titou tehdej\u0161\u00edho starosty Moravsk\u00e9 Ostravy Jana Proke\u0161e? Dozv\u00edte se od knihovnice a dokumentaristky Galerie v\u00fdtvarn\u00e9ho um\u011bn\u00ed v Ostrav\u011b Vladim\u00edry Lichovn\u00edkov\u00e9 a od vedouc\u00ed odd\u011blen\u00ed&hellip;&nbsp;\u010c\u00edst&hellip;","_links":{"self":[{"href":"https:\/\/www.lucernatv.cz\/index.php\/wp-json\/wp\/v2\/posts\/3068"}],"collection":[{"href":"https:\/\/www.lucernatv.cz\/index.php\/wp-json\/wp\/v2\/posts"}],"about":[{"href":"https:\/\/www.lucernatv.cz\/index.php\/wp-json\/wp\/v2\/types\/post"}],"author":[{"embeddable":true,"href":"https:\/\/www.lucernatv.cz\/index.php\/wp-json\/wp\/v2\/users\/1"}],"replies":[{"embeddable":true,"href":"https:\/\/www.lucernatv.cz\/index.php\/wp-json\/wp\/v2\/comments?post=3068"}],"version-history":[{"count":2,"href":"https:\/\/www.lucernatv.cz\/index.php\/wp-json\/wp\/v2\/posts\/3068\/revisions"}],"predecessor-version":[{"id":3071,"href":"https:\/\/www.lucernatv.cz\/index.php\/wp-json\/wp\/v2\/posts\/3068\/revisions\/3071"}],"wp:featuredmedia":[{"embeddable":true,"href":"https:\/\/www.lucernatv.cz\/index.php\/wp-json\/wp\/v2\/media\/3070"}],"wp:attachment":[{"href":"https:\/\/www.lucernatv.cz\/index.php\/wp-json\/wp\/v2\/media?parent=3068"}],"wp:term":[{"taxonomy":"category","embeddable":true,"href":"https:\/\/www.lucernatv.cz\/index.php\/wp-json\/wp\/v2\/categories?post=3068"},{"taxonomy":"post_tag","embeddable":true,"href":"https:\/\/www.lucernatv.cz\/index.php\/wp-json\/wp\/v2\/tags?post=3068"}],"curies":[{"name":"wp","href":"https:\/\/api.w.org\/{rel}","templated":true}]}}