{"id":3053,"date":"2021-12-15T23:49:07","date_gmt":"2021-12-15T23:49:07","guid":{"rendered":"https:\/\/www.lucernatv.cz\/?p=3053"},"modified":"2021-12-16T12:55:22","modified_gmt":"2021-12-16T12:55:22","slug":"ostravske-kulturni-stopy","status":"publish","type":"post","link":"https:\/\/www.lucernatv.cz\/index.php\/2021\/12\/15\/ostravske-kulturni-stopy\/","title":{"rendered":"Ostravsk\u00e9 kulturn\u00ed stopy \u2013 Sympozia prostorov\u00fdch forem"},"content":{"rendered":"\n<figure class=\"wp-block-embed is-type-video is-provider-youtube wp-block-embed-youtube wp-embed-aspect-16-9 wp-has-aspect-ratio\"><div class=\"wp-block-embed__wrapper\">\n<div class=\"nv-iframe-embed\"><div class=\"arve\" data-mode=\"normal\" data-oembed=\"1\" data-provider=\"youtube\" id=\"arve-youtube-zwaiup22uvi69f27abb80992945274275\">\n<span class=\"arve-inner\">\n<span class=\"arve-embed arve-embed--has-aspect-ratio\">\n<span class=\"arve-ar\" style=\"padding-top:56.250000%\"><\/span><iframe allow=\"accelerometer; autoplay; clipboard-write; encrypted-media; gyroscope; picture-in-picture\" allowfullscreen class=\"arve-iframe fitvidsignore\" data-arve=\"arve-youtube-zwaiup22uvi69f27abb80992945274275\" data-src-no-ap=\"https:\/\/www.youtube-nocookie.com\/embed\/ZWaiuP22UvI?feature=oembed&amp;iv_load_policy=3&amp;modestbranding=1&amp;rel=0&amp;autohide=1&amp;playsinline=0&amp;autoplay=0\" frameborder=\"0\" height=\"0\" sandbox=\"allow-scripts allow-same-origin allow-presentation allow-popups allow-popups-to-escape-sandbox\" scrolling=\"no\" src=\"https:\/\/www.youtube-nocookie.com\/embed\/ZWaiuP22UvI?feature=oembed&#038;iv_load_policy=3&#038;modestbranding=1&#038;rel=0&#038;autohide=1&#038;playsinline=0&#038;autoplay=0\"><\/iframe>\n\n<\/span>\n\n<\/span>\n<script type=\"application\/ld+json\">{\"@context\":\"http:\\\/\\\/schema.org\\\/\",\"@id\":\"https:\\\/\\\/www.lucernatv.cz\\\/index.php\\\/2021\\\/12\\\/15\\\/ostravske-kulturni-stopy\\\/#arve-youtube-zwaiup22uvi69f27abb80992945274275\",\"type\":\"VideoObject\",\"embedURL\":\"https:\\\/\\\/www.youtube-nocookie.com\\\/embed\\\/ZWaiuP22UvI?feature=oembed&iv_load_policy=3&modestbranding=1&rel=0&autohide=1&playsinline=0&autoplay=0\"}<\/script>\n<\/div>\n<\/div>\n<\/div><\/figure>\n\n\n\n<p>S Eduardem Ov\u010d\u00e1\u010dkem, Martinem Mikol\u00e1\u0161kem a Jakubem Iv\u00e1nkem vzpom\u00edn\u00e1me na slavn\u00e1 ostravsk\u00e1 sympozia z 60. let 20. stolet\u00ed. Kde se jejich organiz\u00e1to\u0159i inspirovali, kte\u0159\u00ed um\u011blci se sympozi\u00ed \u00fa\u010dastnili a jak\u00fd byl osud vytvo\u0159en\u00fdch plastik?<\/p>\n","protected":false},"excerpt":{"rendered":"<p>S Eduardem Ov\u010d\u00e1\u010dkem, Martinem Mikol\u00e1\u0161kem a Jakubem Iv\u00e1nkem vzpom\u00edn\u00e1me na slavn\u00e1 ostravsk\u00e1 sympozia z 60. let 20. stolet\u00ed. Kde se jejich organiz\u00e1to\u0159i inspirovali, kte\u0159\u00ed um\u011blci se sympozi\u00ed \u00fa\u010dastnili a jak\u00fd byl osud vytvo\u0159en\u00fdch plastik?<\/p>\n","protected":false},"author":1,"featured_media":3063,"comment_status":"closed","ping_status":"open","sticky":false,"template":"","format":"gallery","meta":{"inline_featured_image":false,"_uag_custom_page_level_css":"","neve_meta_sidebar":"","neve_meta_container":"","neve_meta_enable_content_width":"","neve_meta_content_width":0,"neve_meta_title_alignment":"","neve_meta_author_avatar":"","neve_post_elements_order":"","neve_meta_disable_header":"","neve_meta_disable_footer":"","neve_meta_disable_title":"","_vp_format_video_url":"","_vp_image_focal_point":{"x":0.479999999999999982236431605997495353221893310546875,"y":0.440000000000000002220446049250313080847263336181640625}},"categories":[3,12],"tags":[35],"yoast_head":"<!-- This site is optimized with the Yoast SEO plugin v20.12 - https:\/\/yoast.com\/wordpress\/plugins\/seo\/ -->\n<title>Ostravsk\u00e9 kulturn\u00ed stopy \u2013 Sympozia prostorov\u00fdch forem - lucernatv.cz<\/title>\n<meta name=\"robots\" content=\"index, follow, max-snippet:-1, max-image-preview:large, max-video-preview:-1\" \/>\n<link rel=\"canonical\" href=\"https:\/\/www.lucernatv.cz\/index.php\/2021\/12\/15\/ostravske-kulturni-stopy\/\" \/>\n<meta property=\"og:locale\" content=\"cs_CZ\" \/>\n<meta property=\"og:type\" content=\"article\" \/>\n<meta property=\"og:title\" content=\"Ostravsk\u00e9 kulturn\u00ed stopy \u2013 Sympozia prostorov\u00fdch forem - lucernatv.cz\" \/>\n<meta property=\"og:description\" content=\"S Eduardem Ov\u010d\u00e1\u010dkem, Martinem Mikol\u00e1\u0161kem a Jakubem Iv\u00e1nkem vzpom\u00edn\u00e1me na slavn\u00e1 ostravsk\u00e1 sympozia z 60. let 20. stolet\u00ed. Kde se jejich organiz\u00e1to\u0159i inspirovali, kte\u0159\u00ed um\u011blci se sympozi\u00ed \u00fa\u010dastnili a jak\u00fd byl osud vytvo\u0159en\u00fdch plastik?\" \/>\n<meta property=\"og:url\" content=\"https:\/\/www.lucernatv.cz\/index.php\/2021\/12\/15\/ostravske-kulturni-stopy\/\" \/>\n<meta property=\"og:site_name\" content=\"lucernatv.cz\" \/>\n<meta property=\"article:publisher\" content=\"https:\/\/www.facebook.com\/avtopava\" \/>\n<meta property=\"article:published_time\" content=\"2021-12-15T23:49:07+00:00\" \/>\n<meta property=\"article:modified_time\" content=\"2021-12-16T12:55:22+00:00\" \/>\n<meta property=\"og:image\" content=\"https:\/\/www.lucernatv.cz\/wp-content\/uploads\/2021\/12\/IMG_0022.jpeg\" \/>\n\t<meta property=\"og:image:width\" content=\"1000\" \/>\n\t<meta property=\"og:image:height\" content=\"731\" \/>\n\t<meta property=\"og:image:type\" content=\"image\/jpeg\" \/>\n<meta name=\"author\" content=\"lucernatvc\" \/>\n<meta name=\"twitter:card\" content=\"summary_large_image\" \/>\n<meta name=\"twitter:label1\" content=\"Napsal(a)\" \/>\n\t<meta name=\"twitter:data1\" content=\"lucernatvc\" \/>\n<script type=\"application\/ld+json\" class=\"yoast-schema-graph\">{\"@context\":\"https:\/\/schema.org\",\"@graph\":[{\"@type\":\"Article\",\"@id\":\"https:\/\/www.lucernatv.cz\/index.php\/2021\/12\/15\/ostravske-kulturni-stopy\/#article\",\"isPartOf\":{\"@id\":\"https:\/\/www.lucernatv.cz\/index.php\/2021\/12\/15\/ostravske-kulturni-stopy\/\"},\"author\":{\"name\":\"lucernatvc\",\"@id\":\"https:\/\/www.lucernatv.cz\/#\/schema\/person\/fdc6b3778fe63c82ba7479978ad159ad\"},\"headline\":\"Ostravsk\u00e9 kulturn\u00ed stopy \u2013 Sympozia prostorov\u00fdch forem\",\"datePublished\":\"2021-12-15T23:49:07+00:00\",\"dateModified\":\"2021-12-16T12:55:22+00:00\",\"mainEntityOfPage\":{\"@id\":\"https:\/\/www.lucernatv.cz\/index.php\/2021\/12\/15\/ostravske-kulturni-stopy\/\"},\"wordCount\":54,\"publisher\":{\"@id\":\"https:\/\/www.lucernatv.cz\/#organization\"},\"keywords\":[\"Ostravsk\u00e9 kulturn\u00ed stopy\"],\"articleSection\":[\"Kultura\",\"v\u00fdtvarn\u00e9 um\u011bn\u00ed, architektura a ve\u0159ejn\u00fd prostor\"],\"inLanguage\":\"cs\"},{\"@type\":\"WebPage\",\"@id\":\"https:\/\/www.lucernatv.cz\/index.php\/2021\/12\/15\/ostravske-kulturni-stopy\/\",\"url\":\"https:\/\/www.lucernatv.cz\/index.php\/2021\/12\/15\/ostravske-kulturni-stopy\/\",\"name\":\"Ostravsk\u00e9 kulturn\u00ed stopy \u2013 Sympozia prostorov\u00fdch forem - lucernatv.cz\",\"isPartOf\":{\"@id\":\"https:\/\/www.lucernatv.cz\/#website\"},\"datePublished\":\"2021-12-15T23:49:07+00:00\",\"dateModified\":\"2021-12-16T12:55:22+00:00\",\"breadcrumb\":{\"@id\":\"https:\/\/www.lucernatv.cz\/index.php\/2021\/12\/15\/ostravske-kulturni-stopy\/#breadcrumb\"},\"inLanguage\":\"cs\",\"potentialAction\":[{\"@type\":\"ReadAction\",\"target\":[\"https:\/\/www.lucernatv.cz\/index.php\/2021\/12\/15\/ostravske-kulturni-stopy\/\"]}]},{\"@type\":\"BreadcrumbList\",\"@id\":\"https:\/\/www.lucernatv.cz\/index.php\/2021\/12\/15\/ostravske-kulturni-stopy\/#breadcrumb\",\"itemListElement\":[{\"@type\":\"ListItem\",\"position\":1,\"name\":\"Dom\u016f\",\"item\":\"https:\/\/www.lucernatv.cz\/\"},{\"@type\":\"ListItem\",\"position\":2,\"name\":\"Ostravsk\u00e9 kulturn\u00ed stopy \u2013 Sympozia prostorov\u00fdch forem\"}]},{\"@type\":\"WebSite\",\"@id\":\"https:\/\/www.lucernatv.cz\/#website\",\"url\":\"https:\/\/www.lucernatv.cz\/\",\"name\":\"lucernatv.cz\",\"description\":\"Vzd\u011bl\u00e1vac\u00ed televize\",\"publisher\":{\"@id\":\"https:\/\/www.lucernatv.cz\/#organization\"},\"alternateName\":\"Lucerna TV\",\"potentialAction\":[{\"@type\":\"SearchAction\",\"target\":{\"@type\":\"EntryPoint\",\"urlTemplate\":\"https:\/\/www.lucernatv.cz\/?s={search_term_string}\"},\"query-input\":\"required name=search_term_string\"}],\"inLanguage\":\"cs\"},{\"@type\":\"Organization\",\"@id\":\"https:\/\/www.lucernatv.cz\/#organization\",\"name\":\"Lucerna TV\",\"url\":\"https:\/\/www.lucernatv.cz\/\",\"logo\":{\"@type\":\"ImageObject\",\"inLanguage\":\"cs\",\"@id\":\"https:\/\/www.lucernatv.cz\/#\/schema\/logo\/image\/\",\"url\":\"https:\/\/www.lucernatv.cz\/wp-content\/uploads\/2021\/02\/logo.svg\",\"contentUrl\":\"https:\/\/www.lucernatv.cz\/wp-content\/uploads\/2021\/02\/logo.svg\",\"width\":128,\"height\":41,\"caption\":\"Lucerna TV\"},\"image\":{\"@id\":\"https:\/\/www.lucernatv.cz\/#\/schema\/logo\/image\/\"},\"sameAs\":[\"https:\/\/www.facebook.com\/avtopava\",\"https:\/\/www.youtube.com\/channel\/UCtP8PPWG9JatWSMsKMOvdDg\"]},{\"@type\":\"Person\",\"@id\":\"https:\/\/www.lucernatv.cz\/#\/schema\/person\/fdc6b3778fe63c82ba7479978ad159ad\",\"name\":\"lucernatvc\",\"image\":{\"@type\":\"ImageObject\",\"inLanguage\":\"cs\",\"@id\":\"https:\/\/www.lucernatv.cz\/#\/schema\/person\/image\/\",\"url\":\"https:\/\/secure.gravatar.com\/avatar\/5b7905a95103f5227c1afd8b2a10f058?s=96&d=mm&r=g\",\"contentUrl\":\"https:\/\/secure.gravatar.com\/avatar\/5b7905a95103f5227c1afd8b2a10f058?s=96&d=mm&r=g\",\"caption\":\"lucernatvc\"},\"url\":\"https:\/\/www.lucernatv.cz\/index.php\/author\/lucernatvc\/\"}]}<\/script>\n<!-- \/ Yoast SEO plugin. -->","yoast_head_json":{"title":"Ostravsk\u00e9 kulturn\u00ed stopy \u2013 Sympozia prostorov\u00fdch forem - lucernatv.cz","robots":{"index":"index","follow":"follow","max-snippet":"max-snippet:-1","max-image-preview":"max-image-preview:large","max-video-preview":"max-video-preview:-1"},"canonical":"https:\/\/www.lucernatv.cz\/index.php\/2021\/12\/15\/ostravske-kulturni-stopy\/","og_locale":"cs_CZ","og_type":"article","og_title":"Ostravsk\u00e9 kulturn\u00ed stopy \u2013 Sympozia prostorov\u00fdch forem - lucernatv.cz","og_description":"S Eduardem Ov\u010d\u00e1\u010dkem, Martinem Mikol\u00e1\u0161kem a Jakubem Iv\u00e1nkem vzpom\u00edn\u00e1me na slavn\u00e1 ostravsk\u00e1 sympozia z 60. let 20. stolet\u00ed. Kde se jejich organiz\u00e1to\u0159i inspirovali, kte\u0159\u00ed um\u011blci se sympozi\u00ed \u00fa\u010dastnili a jak\u00fd byl osud vytvo\u0159en\u00fdch plastik?","og_url":"https:\/\/www.lucernatv.cz\/index.php\/2021\/12\/15\/ostravske-kulturni-stopy\/","og_site_name":"lucernatv.cz","article_publisher":"https:\/\/www.facebook.com\/avtopava","article_published_time":"2021-12-15T23:49:07+00:00","article_modified_time":"2021-12-16T12:55:22+00:00","og_image":[{"width":1000,"height":731,"url":"https:\/\/www.lucernatv.cz\/wp-content\/uploads\/2021\/12\/IMG_0022.jpeg","type":"image\/jpeg"}],"author":"lucernatvc","twitter_card":"summary_large_image","twitter_misc":{"Napsal(a)":"lucernatvc"},"schema":{"@context":"https:\/\/schema.org","@graph":[{"@type":"Article","@id":"https:\/\/www.lucernatv.cz\/index.php\/2021\/12\/15\/ostravske-kulturni-stopy\/#article","isPartOf":{"@id":"https:\/\/www.lucernatv.cz\/index.php\/2021\/12\/15\/ostravske-kulturni-stopy\/"},"author":{"name":"lucernatvc","@id":"https:\/\/www.lucernatv.cz\/#\/schema\/person\/fdc6b3778fe63c82ba7479978ad159ad"},"headline":"Ostravsk\u00e9 kulturn\u00ed stopy \u2013 Sympozia prostorov\u00fdch forem","datePublished":"2021-12-15T23:49:07+00:00","dateModified":"2021-12-16T12:55:22+00:00","mainEntityOfPage":{"@id":"https:\/\/www.lucernatv.cz\/index.php\/2021\/12\/15\/ostravske-kulturni-stopy\/"},"wordCount":54,"publisher":{"@id":"https:\/\/www.lucernatv.cz\/#organization"},"keywords":["Ostravsk\u00e9 kulturn\u00ed stopy"],"articleSection":["Kultura","v\u00fdtvarn\u00e9 um\u011bn\u00ed, architektura a ve\u0159ejn\u00fd prostor"],"inLanguage":"cs"},{"@type":"WebPage","@id":"https:\/\/www.lucernatv.cz\/index.php\/2021\/12\/15\/ostravske-kulturni-stopy\/","url":"https:\/\/www.lucernatv.cz\/index.php\/2021\/12\/15\/ostravske-kulturni-stopy\/","name":"Ostravsk\u00e9 kulturn\u00ed stopy \u2013 Sympozia prostorov\u00fdch forem - lucernatv.cz","isPartOf":{"@id":"https:\/\/www.lucernatv.cz\/#website"},"datePublished":"2021-12-15T23:49:07+00:00","dateModified":"2021-12-16T12:55:22+00:00","breadcrumb":{"@id":"https:\/\/www.lucernatv.cz\/index.php\/2021\/12\/15\/ostravske-kulturni-stopy\/#breadcrumb"},"inLanguage":"cs","potentialAction":[{"@type":"ReadAction","target":["https:\/\/www.lucernatv.cz\/index.php\/2021\/12\/15\/ostravske-kulturni-stopy\/"]}]},{"@type":"BreadcrumbList","@id":"https:\/\/www.lucernatv.cz\/index.php\/2021\/12\/15\/ostravske-kulturni-stopy\/#breadcrumb","itemListElement":[{"@type":"ListItem","position":1,"name":"Dom\u016f","item":"https:\/\/www.lucernatv.cz\/"},{"@type":"ListItem","position":2,"name":"Ostravsk\u00e9 kulturn\u00ed stopy \u2013 Sympozia prostorov\u00fdch forem"}]},{"@type":"WebSite","@id":"https:\/\/www.lucernatv.cz\/#website","url":"https:\/\/www.lucernatv.cz\/","name":"lucernatv.cz","description":"Vzd\u011bl\u00e1vac\u00ed televize","publisher":{"@id":"https:\/\/www.lucernatv.cz\/#organization"},"alternateName":"Lucerna TV","potentialAction":[{"@type":"SearchAction","target":{"@type":"EntryPoint","urlTemplate":"https:\/\/www.lucernatv.cz\/?s={search_term_string}"},"query-input":"required name=search_term_string"}],"inLanguage":"cs"},{"@type":"Organization","@id":"https:\/\/www.lucernatv.cz\/#organization","name":"Lucerna TV","url":"https:\/\/www.lucernatv.cz\/","logo":{"@type":"ImageObject","inLanguage":"cs","@id":"https:\/\/www.lucernatv.cz\/#\/schema\/logo\/image\/","url":"https:\/\/www.lucernatv.cz\/wp-content\/uploads\/2021\/02\/logo.svg","contentUrl":"https:\/\/www.lucernatv.cz\/wp-content\/uploads\/2021\/02\/logo.svg","width":128,"height":41,"caption":"Lucerna TV"},"image":{"@id":"https:\/\/www.lucernatv.cz\/#\/schema\/logo\/image\/"},"sameAs":["https:\/\/www.facebook.com\/avtopava","https:\/\/www.youtube.com\/channel\/UCtP8PPWG9JatWSMsKMOvdDg"]},{"@type":"Person","@id":"https:\/\/www.lucernatv.cz\/#\/schema\/person\/fdc6b3778fe63c82ba7479978ad159ad","name":"lucernatvc","image":{"@type":"ImageObject","inLanguage":"cs","@id":"https:\/\/www.lucernatv.cz\/#\/schema\/person\/image\/","url":"https:\/\/secure.gravatar.com\/avatar\/5b7905a95103f5227c1afd8b2a10f058?s=96&d=mm&r=g","contentUrl":"https:\/\/secure.gravatar.com\/avatar\/5b7905a95103f5227c1afd8b2a10f058?s=96&d=mm&r=g","caption":"lucernatvc"},"url":"https:\/\/www.lucernatv.cz\/index.php\/author\/lucernatvc\/"}]}},"uagb_featured_image_src":{"full":["https:\/\/www.lucernatv.cz\/wp-content\/uploads\/2021\/12\/IMG_0022.jpeg",1000,731,false],"thumbnail":["https:\/\/www.lucernatv.cz\/wp-content\/uploads\/2021\/12\/IMG_0022-150x150.jpeg",150,150,true],"medium":["https:\/\/www.lucernatv.cz\/wp-content\/uploads\/2021\/12\/IMG_0022-246x180.jpeg",246,180,true],"medium_large":["https:\/\/www.lucernatv.cz\/wp-content\/uploads\/2021\/12\/IMG_0022-768x561.jpeg",768,561,true],"large":["https:\/\/www.lucernatv.cz\/wp-content\/uploads\/2021\/12\/IMG_0022.jpeg",1000,731,false],"1536x1536":["https:\/\/www.lucernatv.cz\/wp-content\/uploads\/2021\/12\/IMG_0022.jpeg",1000,731,false],"2048x2048":["https:\/\/www.lucernatv.cz\/wp-content\/uploads\/2021\/12\/IMG_0022.jpeg",1000,731,false],"ultp_layout_landscape_large":["https:\/\/www.lucernatv.cz\/wp-content\/uploads\/2021\/12\/IMG_0022.jpeg",1000,731,false],"ultp_layout_landscape":["https:\/\/www.lucernatv.cz\/wp-content\/uploads\/2021\/12\/IMG_0022-870x570.jpeg",870,570,true],"ultp_layout_portrait":["https:\/\/www.lucernatv.cz\/wp-content\/uploads\/2021\/12\/IMG_0022-600x731.jpeg",600,731,true],"ultp_layout_square":["https:\/\/www.lucernatv.cz\/wp-content\/uploads\/2021\/12\/IMG_0022-600x600.jpeg",600,600,true],"vp_sm":["https:\/\/www.lucernatv.cz\/wp-content\/uploads\/2021\/12\/IMG_0022-500x366.jpeg",500,366,true],"vp_md":["https:\/\/www.lucernatv.cz\/wp-content\/uploads\/2021\/12\/IMG_0022-800x585.jpeg",800,585,true],"vp_lg":["https:\/\/www.lucernatv.cz\/wp-content\/uploads\/2021\/12\/IMG_0022.jpeg",1000,731,false],"vp_xl":["https:\/\/www.lucernatv.cz\/wp-content\/uploads\/2021\/12\/IMG_0022.jpeg",1000,731,false],"vp_sm_popup":["https:\/\/www.lucernatv.cz\/wp-content\/uploads\/2021\/12\/IMG_0022-500x366.jpeg",500,366,true],"vp_md_popup":["https:\/\/www.lucernatv.cz\/wp-content\/uploads\/2021\/12\/IMG_0022-800x585.jpeg",800,585,true],"vp_xl_popup":["https:\/\/www.lucernatv.cz\/wp-content\/uploads\/2021\/12\/IMG_0022.jpeg",1000,731,false],"neve-blog":["https:\/\/www.lucernatv.cz\/wp-content\/uploads\/2021\/12\/IMG_0022-930x620.jpeg",930,620,true]},"uagb_author_info":{"display_name":"lucernatvc","author_link":"https:\/\/www.lucernatv.cz\/index.php\/author\/lucernatvc\/"},"uagb_comment_info":0,"uagb_excerpt":"S Eduardem Ov\u010d\u00e1\u010dkem, Martinem Mikol\u00e1\u0161kem a Jakubem Iv\u00e1nkem vzpom\u00edn\u00e1me na slavn\u00e1 ostravsk\u00e1 sympozia z 60. let 20. stolet\u00ed. Kde se jejich organiz\u00e1to\u0159i inspirovali, kte\u0159\u00ed um\u011blci se sympozi\u00ed \u00fa\u010dastnili a jak\u00fd byl osud vytvo\u0159en\u00fdch plastik?","_links":{"self":[{"href":"https:\/\/www.lucernatv.cz\/index.php\/wp-json\/wp\/v2\/posts\/3053"}],"collection":[{"href":"https:\/\/www.lucernatv.cz\/index.php\/wp-json\/wp\/v2\/posts"}],"about":[{"href":"https:\/\/www.lucernatv.cz\/index.php\/wp-json\/wp\/v2\/types\/post"}],"author":[{"embeddable":true,"href":"https:\/\/www.lucernatv.cz\/index.php\/wp-json\/wp\/v2\/users\/1"}],"replies":[{"embeddable":true,"href":"https:\/\/www.lucernatv.cz\/index.php\/wp-json\/wp\/v2\/comments?post=3053"}],"version-history":[{"count":6,"href":"https:\/\/www.lucernatv.cz\/index.php\/wp-json\/wp\/v2\/posts\/3053\/revisions"}],"predecessor-version":[{"id":3062,"href":"https:\/\/www.lucernatv.cz\/index.php\/wp-json\/wp\/v2\/posts\/3053\/revisions\/3062"}],"wp:featuredmedia":[{"embeddable":true,"href":"https:\/\/www.lucernatv.cz\/index.php\/wp-json\/wp\/v2\/media\/3063"}],"wp:attachment":[{"href":"https:\/\/www.lucernatv.cz\/index.php\/wp-json\/wp\/v2\/media?parent=3053"}],"wp:term":[{"taxonomy":"category","embeddable":true,"href":"https:\/\/www.lucernatv.cz\/index.php\/wp-json\/wp\/v2\/categories?post=3053"},{"taxonomy":"post_tag","embeddable":true,"href":"https:\/\/www.lucernatv.cz\/index.php\/wp-json\/wp\/v2\/tags?post=3053"}],"curies":[{"name":"wp","href":"https:\/\/api.w.org\/{rel}","templated":true}]}}