{"id":2987,"date":"2021-05-28T19:50:20","date_gmt":"2021-05-28T19:50:20","guid":{"rendered":"https:\/\/www.lucernatv.cz\/?p=2987"},"modified":"2021-05-30T05:37:03","modified_gmt":"2021-05-30T05:37:03","slug":"fiducia-on-line-sofie-svejdova-bless-the-fire","status":"publish","type":"post","link":"https:\/\/www.lucernatv.cz\/index.php\/2021\/05\/28\/fiducia-on-line-sofie-svejdova-bless-the-fire\/","title":{"rendered":"Fiducia on-line \u2013 Sofie \u0160vejdov\u00e1: Bless the fire"},"content":{"rendered":"\n<figure class=\"wp-block-embed is-type-video is-provider-youtube wp-block-embed-youtube wp-embed-aspect-16-9 wp-has-aspect-ratio\"><div class=\"wp-block-embed__wrapper\">\n<div class=\"nv-iframe-embed\"><div class=\"arve\" data-mode=\"normal\" data-oembed=\"1\" data-provider=\"youtube\" id=\"arve-youtube-rpqgptx8k5869f1e93e51292522749484\">\n<span class=\"arve-inner\">\n<span class=\"arve-embed arve-embed--has-aspect-ratio\">\n<span class=\"arve-ar\" style=\"padding-top:56.250000%\"><\/span><iframe allow=\"accelerometer; autoplay; clipboard-write; encrypted-media; gyroscope; picture-in-picture\" allowfullscreen class=\"arve-iframe fitvidsignore\" data-arve=\"arve-youtube-rpqgptx8k5869f1e93e51292522749484\" data-src-no-ap=\"https:\/\/www.youtube-nocookie.com\/embed\/rPQGPtx8k58?feature=oembed&amp;iv_load_policy=3&amp;modestbranding=1&amp;rel=0&amp;autohide=1&amp;playsinline=0&amp;autoplay=0\" frameborder=\"0\" height=\"0\" sandbox=\"allow-scripts allow-same-origin allow-presentation allow-popups allow-popups-to-escape-sandbox\" scrolling=\"no\" src=\"https:\/\/www.youtube-nocookie.com\/embed\/rPQGPtx8k58?feature=oembed&#038;iv_load_policy=3&#038;modestbranding=1&#038;rel=0&#038;autohide=1&#038;playsinline=0&#038;autoplay=0\"><\/iframe>\n\n<\/span>\n\n<\/span>\n<script type=\"application\/ld+json\">{\"@context\":\"http:\\\/\\\/schema.org\\\/\",\"@id\":\"https:\\\/\\\/www.lucernatv.cz\\\/index.php\\\/2021\\\/05\\\/28\\\/fiducia-on-line-sofie-svejdova-bless-the-fire\\\/#arve-youtube-rpqgptx8k5869f1e93e51292522749484\",\"type\":\"VideoObject\",\"embedURL\":\"https:\\\/\\\/www.youtube-nocookie.com\\\/embed\\\/rPQGPtx8k58?feature=oembed&iv_load_policy=3&modestbranding=1&rel=0&autohide=1&playsinline=0&autoplay=0\"}<\/script>\n<\/div>\n<\/div>\n<\/div><\/figure>\n\n\n\n<p>Kur\u00e1torsk\u00e9 slovo a slovo autorky k v\u00fdstav\u011b v Galerii Dole. Sofie \u0160vejdov\u00e1 (*1990) absolvovala pra\u017eskou UMPRUM, ateli\u00e9r malby Stanislava Divi\u0161e a Ji\u0159\u00edho \u010cernick\u00e9ho. V posledn\u00ed dob\u011b je pro ni st\u00e1le typi\u010dt\u011bj\u0161\u00ed expresivn\u011b pojat\u00fd rukopis, v n\u011bm\u017e m\u00eds\u00ed abstraktn\u00ed tvaroslov\u00ed s mimetick\u00fdmi ozvuky pojat\u00fdmi n\u011bkdy s notnou d\u00e1vkou ironick\u00e9ho odstupu a jindy zas s p\u0159iznan\u00fdm hlubok\u00fdm vnit\u0159n\u00edm zaujet\u00edm. Exaltovan\u011b nan\u00e1\u0161en\u00e9 barvy se v ploch\u00e1ch, vrstv\u00e1ch a past\u00e1ch k\u0159\u00ed\u017e\u00ed a sr\u00e1\u017e\u00ed stejn\u011b jako pou\u017eit\u00e9 motivy a symboly.<\/p>\n","protected":false},"excerpt":{"rendered":"<p>Kur\u00e1torsk\u00e9 slovo a slovo autorky k v\u00fdstav\u011b v Galerii Dole. Sofie \u0160vejdov\u00e1 (*1990) absolvovala pra\u017eskou UMPRUM, ateli\u00e9r malby Stanislava Divi\u0161e a Ji\u0159\u00edho \u010cernick\u00e9ho. V posledn\u00ed dob\u011b je pro ni st\u00e1le typi\u010dt\u011bj\u0161\u00ed expresivn\u011b pojat\u00fd rukopis, v n\u011bm\u017e m\u00eds\u00ed abstraktn\u00ed tvaroslov\u00ed s mimetick\u00fdmi ozvuky pojat\u00fdmi n\u011bkdy s notnou d\u00e1vkou ironick\u00e9ho odstupu a jindy zas s p\u0159iznan\u00fdm hlubok\u00fdm&hellip;&nbsp;<a href=\"https:\/\/www.lucernatv.cz\/index.php\/2021\/05\/28\/fiducia-on-line-sofie-svejdova-bless-the-fire\/\" class=\"\" rel=\"bookmark\">\u010c\u00edst d\u00e1le &raquo;<span class=\"screen-reader-text\">Fiducia on-line \u2013 Sofie \u0160vejdov\u00e1: Bless the fire<\/span><\/a><\/p>\n","protected":false},"author":1,"featured_media":2989,"comment_status":"closed","ping_status":"open","sticky":false,"template":"","format":"gallery","meta":{"inline_featured_image":false,"_uag_custom_page_level_css":"","neve_meta_sidebar":"","neve_meta_container":"","neve_meta_enable_content_width":"","neve_meta_content_width":0,"neve_meta_title_alignment":"","neve_meta_author_avatar":"","neve_post_elements_order":"","neve_meta_disable_header":"","neve_meta_disable_footer":"","neve_meta_disable_title":"","_vp_format_video_url":"","_vp_image_focal_point":[]},"categories":[3,9,12],"tags":[28,27],"yoast_head":"<!-- This site is optimized with the Yoast SEO plugin v20.12 - https:\/\/yoast.com\/wordpress\/plugins\/seo\/ -->\n<title>Fiducia on-line \u2013 Sofie \u0160vejdov\u00e1: Bless the fire - lucernatv.cz<\/title>\n<meta name=\"robots\" content=\"index, follow, max-snippet:-1, max-image-preview:large, max-video-preview:-1\" \/>\n<link rel=\"canonical\" href=\"https:\/\/www.lucernatv.cz\/index.php\/2021\/05\/28\/fiducia-on-line-sofie-svejdova-bless-the-fire\/\" \/>\n<meta property=\"og:locale\" content=\"cs_CZ\" \/>\n<meta property=\"og:type\" content=\"article\" \/>\n<meta property=\"og:title\" content=\"Fiducia on-line \u2013 Sofie \u0160vejdov\u00e1: Bless the fire - lucernatv.cz\" \/>\n<meta property=\"og:description\" content=\"Kur\u00e1torsk\u00e9 slovo a slovo autorky k v\u00fdstav\u011b v Galerii Dole. Sofie \u0160vejdov\u00e1 (*1990) absolvovala pra\u017eskou UMPRUM, ateli\u00e9r malby Stanislava Divi\u0161e a Ji\u0159\u00edho \u010cernick\u00e9ho. V posledn\u00ed dob\u011b je pro ni st\u00e1le typi\u010dt\u011bj\u0161\u00ed expresivn\u011b pojat\u00fd rukopis, v n\u011bm\u017e m\u00eds\u00ed abstraktn\u00ed tvaroslov\u00ed s mimetick\u00fdmi ozvuky pojat\u00fdmi n\u011bkdy s notnou d\u00e1vkou ironick\u00e9ho odstupu a jindy zas s p\u0159iznan\u00fdm hlubok\u00fdm&hellip;&nbsp;\u010c\u00edst d\u00e1le &raquo;Fiducia on-line \u2013 Sofie \u0160vejdov\u00e1: Bless the fire\" \/>\n<meta property=\"og:url\" content=\"https:\/\/www.lucernatv.cz\/index.php\/2021\/05\/28\/fiducia-on-line-sofie-svejdova-bless-the-fire\/\" \/>\n<meta property=\"og:site_name\" content=\"lucernatv.cz\" \/>\n<meta property=\"article:publisher\" content=\"https:\/\/www.facebook.com\/avtopava\" \/>\n<meta property=\"article:published_time\" content=\"2021-05-28T19:50:20+00:00\" \/>\n<meta property=\"article:modified_time\" content=\"2021-05-30T05:37:03+00:00\" \/>\n<meta property=\"og:image\" content=\"https:\/\/www.lucernatv.cz\/wp-content\/uploads\/2021\/05\/rPQGPtx8k58.jpg\" \/>\n\t<meta property=\"og:image:width\" content=\"1280\" \/>\n\t<meta property=\"og:image:height\" content=\"720\" \/>\n\t<meta property=\"og:image:type\" content=\"image\/jpeg\" \/>\n<meta name=\"author\" content=\"lucernatvc\" \/>\n<meta name=\"twitter:card\" content=\"summary_large_image\" \/>\n<meta name=\"twitter:label1\" content=\"Napsal(a)\" \/>\n\t<meta name=\"twitter:data1\" content=\"lucernatvc\" \/>\n\t<meta name=\"twitter:label2\" content=\"Odhadovan\u00e1 doba \u010dten\u00ed\" \/>\n\t<meta name=\"twitter:data2\" content=\"1 minuta\" \/>\n<script type=\"application\/ld+json\" class=\"yoast-schema-graph\">{\"@context\":\"https:\/\/schema.org\",\"@graph\":[{\"@type\":\"Article\",\"@id\":\"https:\/\/www.lucernatv.cz\/index.php\/2021\/05\/28\/fiducia-on-line-sofie-svejdova-bless-the-fire\/#article\",\"isPartOf\":{\"@id\":\"https:\/\/www.lucernatv.cz\/index.php\/2021\/05\/28\/fiducia-on-line-sofie-svejdova-bless-the-fire\/\"},\"author\":{\"name\":\"lucernatvc\",\"@id\":\"https:\/\/www.lucernatv.cz\/#\/schema\/person\/fdc6b3778fe63c82ba7479978ad159ad\"},\"headline\":\"Fiducia on-line \u2013 Sofie \u0160vejdov\u00e1: Bless the fire\",\"datePublished\":\"2021-05-28T19:50:20+00:00\",\"dateModified\":\"2021-05-30T05:37:03+00:00\",\"mainEntityOfPage\":{\"@id\":\"https:\/\/www.lucernatv.cz\/index.php\/2021\/05\/28\/fiducia-on-line-sofie-svejdova-bless-the-fire\/\"},\"wordCount\":117,\"publisher\":{\"@id\":\"https:\/\/www.lucernatv.cz\/#organization\"},\"keywords\":[\"Fiducia on-line\",\"publicistika\"],\"articleSection\":[\"Kultura\",\"v\u00fdstavy\",\"v\u00fdtvarn\u00e9 um\u011bn\u00ed, architektura a ve\u0159ejn\u00fd prostor\"],\"inLanguage\":\"cs\"},{\"@type\":\"WebPage\",\"@id\":\"https:\/\/www.lucernatv.cz\/index.php\/2021\/05\/28\/fiducia-on-line-sofie-svejdova-bless-the-fire\/\",\"url\":\"https:\/\/www.lucernatv.cz\/index.php\/2021\/05\/28\/fiducia-on-line-sofie-svejdova-bless-the-fire\/\",\"name\":\"Fiducia on-line \u2013 Sofie \u0160vejdov\u00e1: Bless the fire - lucernatv.cz\",\"isPartOf\":{\"@id\":\"https:\/\/www.lucernatv.cz\/#website\"},\"datePublished\":\"2021-05-28T19:50:20+00:00\",\"dateModified\":\"2021-05-30T05:37:03+00:00\",\"breadcrumb\":{\"@id\":\"https:\/\/www.lucernatv.cz\/index.php\/2021\/05\/28\/fiducia-on-line-sofie-svejdova-bless-the-fire\/#breadcrumb\"},\"inLanguage\":\"cs\",\"potentialAction\":[{\"@type\":\"ReadAction\",\"target\":[\"https:\/\/www.lucernatv.cz\/index.php\/2021\/05\/28\/fiducia-on-line-sofie-svejdova-bless-the-fire\/\"]}]},{\"@type\":\"BreadcrumbList\",\"@id\":\"https:\/\/www.lucernatv.cz\/index.php\/2021\/05\/28\/fiducia-on-line-sofie-svejdova-bless-the-fire\/#breadcrumb\",\"itemListElement\":[{\"@type\":\"ListItem\",\"position\":1,\"name\":\"Dom\u016f\",\"item\":\"https:\/\/www.lucernatv.cz\/\"},{\"@type\":\"ListItem\",\"position\":2,\"name\":\"Fiducia on-line \u2013 Sofie \u0160vejdov\u00e1: Bless the fire\"}]},{\"@type\":\"WebSite\",\"@id\":\"https:\/\/www.lucernatv.cz\/#website\",\"url\":\"https:\/\/www.lucernatv.cz\/\",\"name\":\"lucernatv.cz\",\"description\":\"Vzd\u011bl\u00e1vac\u00ed televize\",\"publisher\":{\"@id\":\"https:\/\/www.lucernatv.cz\/#organization\"},\"alternateName\":\"Lucerna TV\",\"potentialAction\":[{\"@type\":\"SearchAction\",\"target\":{\"@type\":\"EntryPoint\",\"urlTemplate\":\"https:\/\/www.lucernatv.cz\/?s={search_term_string}\"},\"query-input\":\"required name=search_term_string\"}],\"inLanguage\":\"cs\"},{\"@type\":\"Organization\",\"@id\":\"https:\/\/www.lucernatv.cz\/#organization\",\"name\":\"Lucerna TV\",\"url\":\"https:\/\/www.lucernatv.cz\/\",\"logo\":{\"@type\":\"ImageObject\",\"inLanguage\":\"cs\",\"@id\":\"https:\/\/www.lucernatv.cz\/#\/schema\/logo\/image\/\",\"url\":\"https:\/\/www.lucernatv.cz\/wp-content\/uploads\/2021\/02\/logo.svg\",\"contentUrl\":\"https:\/\/www.lucernatv.cz\/wp-content\/uploads\/2021\/02\/logo.svg\",\"width\":128,\"height\":41,\"caption\":\"Lucerna TV\"},\"image\":{\"@id\":\"https:\/\/www.lucernatv.cz\/#\/schema\/logo\/image\/\"},\"sameAs\":[\"https:\/\/www.facebook.com\/avtopava\",\"https:\/\/www.youtube.com\/channel\/UCtP8PPWG9JatWSMsKMOvdDg\"]},{\"@type\":\"Person\",\"@id\":\"https:\/\/www.lucernatv.cz\/#\/schema\/person\/fdc6b3778fe63c82ba7479978ad159ad\",\"name\":\"lucernatvc\",\"image\":{\"@type\":\"ImageObject\",\"inLanguage\":\"cs\",\"@id\":\"https:\/\/www.lucernatv.cz\/#\/schema\/person\/image\/\",\"url\":\"https:\/\/secure.gravatar.com\/avatar\/5b7905a95103f5227c1afd8b2a10f058?s=96&d=mm&r=g\",\"contentUrl\":\"https:\/\/secure.gravatar.com\/avatar\/5b7905a95103f5227c1afd8b2a10f058?s=96&d=mm&r=g\",\"caption\":\"lucernatvc\"},\"url\":\"https:\/\/www.lucernatv.cz\/index.php\/author\/lucernatvc\/\"}]}<\/script>\n<!-- \/ Yoast SEO plugin. -->","yoast_head_json":{"title":"Fiducia on-line \u2013 Sofie \u0160vejdov\u00e1: Bless the fire - lucernatv.cz","robots":{"index":"index","follow":"follow","max-snippet":"max-snippet:-1","max-image-preview":"max-image-preview:large","max-video-preview":"max-video-preview:-1"},"canonical":"https:\/\/www.lucernatv.cz\/index.php\/2021\/05\/28\/fiducia-on-line-sofie-svejdova-bless-the-fire\/","og_locale":"cs_CZ","og_type":"article","og_title":"Fiducia on-line \u2013 Sofie \u0160vejdov\u00e1: Bless the fire - lucernatv.cz","og_description":"Kur\u00e1torsk\u00e9 slovo a slovo autorky k v\u00fdstav\u011b v Galerii Dole. Sofie \u0160vejdov\u00e1 (*1990) absolvovala pra\u017eskou UMPRUM, ateli\u00e9r malby Stanislava Divi\u0161e a Ji\u0159\u00edho \u010cernick\u00e9ho. V posledn\u00ed dob\u011b je pro ni st\u00e1le typi\u010dt\u011bj\u0161\u00ed expresivn\u011b pojat\u00fd rukopis, v n\u011bm\u017e m\u00eds\u00ed abstraktn\u00ed tvaroslov\u00ed s mimetick\u00fdmi ozvuky pojat\u00fdmi n\u011bkdy s notnou d\u00e1vkou ironick\u00e9ho odstupu a jindy zas s p\u0159iznan\u00fdm hlubok\u00fdm&hellip;&nbsp;\u010c\u00edst d\u00e1le &raquo;Fiducia on-line \u2013 Sofie \u0160vejdov\u00e1: Bless the fire","og_url":"https:\/\/www.lucernatv.cz\/index.php\/2021\/05\/28\/fiducia-on-line-sofie-svejdova-bless-the-fire\/","og_site_name":"lucernatv.cz","article_publisher":"https:\/\/www.facebook.com\/avtopava","article_published_time":"2021-05-28T19:50:20+00:00","article_modified_time":"2021-05-30T05:37:03+00:00","og_image":[{"width":1280,"height":720,"url":"https:\/\/www.lucernatv.cz\/wp-content\/uploads\/2021\/05\/rPQGPtx8k58.jpg","type":"image\/jpeg"}],"author":"lucernatvc","twitter_card":"summary_large_image","twitter_misc":{"Napsal(a)":"lucernatvc","Odhadovan\u00e1 doba \u010dten\u00ed":"1 minuta"},"schema":{"@context":"https:\/\/schema.org","@graph":[{"@type":"Article","@id":"https:\/\/www.lucernatv.cz\/index.php\/2021\/05\/28\/fiducia-on-line-sofie-svejdova-bless-the-fire\/#article","isPartOf":{"@id":"https:\/\/www.lucernatv.cz\/index.php\/2021\/05\/28\/fiducia-on-line-sofie-svejdova-bless-the-fire\/"},"author":{"name":"lucernatvc","@id":"https:\/\/www.lucernatv.cz\/#\/schema\/person\/fdc6b3778fe63c82ba7479978ad159ad"},"headline":"Fiducia on-line \u2013 Sofie \u0160vejdov\u00e1: Bless the fire","datePublished":"2021-05-28T19:50:20+00:00","dateModified":"2021-05-30T05:37:03+00:00","mainEntityOfPage":{"@id":"https:\/\/www.lucernatv.cz\/index.php\/2021\/05\/28\/fiducia-on-line-sofie-svejdova-bless-the-fire\/"},"wordCount":117,"publisher":{"@id":"https:\/\/www.lucernatv.cz\/#organization"},"keywords":["Fiducia on-line","publicistika"],"articleSection":["Kultura","v\u00fdstavy","v\u00fdtvarn\u00e9 um\u011bn\u00ed, architektura a ve\u0159ejn\u00fd prostor"],"inLanguage":"cs"},{"@type":"WebPage","@id":"https:\/\/www.lucernatv.cz\/index.php\/2021\/05\/28\/fiducia-on-line-sofie-svejdova-bless-the-fire\/","url":"https:\/\/www.lucernatv.cz\/index.php\/2021\/05\/28\/fiducia-on-line-sofie-svejdova-bless-the-fire\/","name":"Fiducia on-line \u2013 Sofie \u0160vejdov\u00e1: Bless the fire - lucernatv.cz","isPartOf":{"@id":"https:\/\/www.lucernatv.cz\/#website"},"datePublished":"2021-05-28T19:50:20+00:00","dateModified":"2021-05-30T05:37:03+00:00","breadcrumb":{"@id":"https:\/\/www.lucernatv.cz\/index.php\/2021\/05\/28\/fiducia-on-line-sofie-svejdova-bless-the-fire\/#breadcrumb"},"inLanguage":"cs","potentialAction":[{"@type":"ReadAction","target":["https:\/\/www.lucernatv.cz\/index.php\/2021\/05\/28\/fiducia-on-line-sofie-svejdova-bless-the-fire\/"]}]},{"@type":"BreadcrumbList","@id":"https:\/\/www.lucernatv.cz\/index.php\/2021\/05\/28\/fiducia-on-line-sofie-svejdova-bless-the-fire\/#breadcrumb","itemListElement":[{"@type":"ListItem","position":1,"name":"Dom\u016f","item":"https:\/\/www.lucernatv.cz\/"},{"@type":"ListItem","position":2,"name":"Fiducia on-line \u2013 Sofie \u0160vejdov\u00e1: Bless the fire"}]},{"@type":"WebSite","@id":"https:\/\/www.lucernatv.cz\/#website","url":"https:\/\/www.lucernatv.cz\/","name":"lucernatv.cz","description":"Vzd\u011bl\u00e1vac\u00ed televize","publisher":{"@id":"https:\/\/www.lucernatv.cz\/#organization"},"alternateName":"Lucerna TV","potentialAction":[{"@type":"SearchAction","target":{"@type":"EntryPoint","urlTemplate":"https:\/\/www.lucernatv.cz\/?s={search_term_string}"},"query-input":"required name=search_term_string"}],"inLanguage":"cs"},{"@type":"Organization","@id":"https:\/\/www.lucernatv.cz\/#organization","name":"Lucerna TV","url":"https:\/\/www.lucernatv.cz\/","logo":{"@type":"ImageObject","inLanguage":"cs","@id":"https:\/\/www.lucernatv.cz\/#\/schema\/logo\/image\/","url":"https:\/\/www.lucernatv.cz\/wp-content\/uploads\/2021\/02\/logo.svg","contentUrl":"https:\/\/www.lucernatv.cz\/wp-content\/uploads\/2021\/02\/logo.svg","width":128,"height":41,"caption":"Lucerna TV"},"image":{"@id":"https:\/\/www.lucernatv.cz\/#\/schema\/logo\/image\/"},"sameAs":["https:\/\/www.facebook.com\/avtopava","https:\/\/www.youtube.com\/channel\/UCtP8PPWG9JatWSMsKMOvdDg"]},{"@type":"Person","@id":"https:\/\/www.lucernatv.cz\/#\/schema\/person\/fdc6b3778fe63c82ba7479978ad159ad","name":"lucernatvc","image":{"@type":"ImageObject","inLanguage":"cs","@id":"https:\/\/www.lucernatv.cz\/#\/schema\/person\/image\/","url":"https:\/\/secure.gravatar.com\/avatar\/5b7905a95103f5227c1afd8b2a10f058?s=96&d=mm&r=g","contentUrl":"https:\/\/secure.gravatar.com\/avatar\/5b7905a95103f5227c1afd8b2a10f058?s=96&d=mm&r=g","caption":"lucernatvc"},"url":"https:\/\/www.lucernatv.cz\/index.php\/author\/lucernatvc\/"}]}},"uagb_featured_image_src":{"full":["https:\/\/www.lucernatv.cz\/wp-content\/uploads\/2021\/05\/rPQGPtx8k58.jpg",1280,720,false],"thumbnail":["https:\/\/www.lucernatv.cz\/wp-content\/uploads\/2021\/05\/rPQGPtx8k58-150x150.jpg",150,150,true],"medium":["https:\/\/www.lucernatv.cz\/wp-content\/uploads\/2021\/05\/rPQGPtx8k58-318x180.jpg",318,180,true],"medium_large":["https:\/\/www.lucernatv.cz\/wp-content\/uploads\/2021\/05\/rPQGPtx8k58-768x432.jpg",768,432,true],"large":["https:\/\/www.lucernatv.cz\/wp-content\/uploads\/2021\/05\/rPQGPtx8k58.jpg",1200,675,false],"1536x1536":["https:\/\/www.lucernatv.cz\/wp-content\/uploads\/2021\/05\/rPQGPtx8k58.jpg",1280,720,false],"2048x2048":["https:\/\/www.lucernatv.cz\/wp-content\/uploads\/2021\/05\/rPQGPtx8k58.jpg",1280,720,false],"ultp_layout_landscape_large":["https:\/\/www.lucernatv.cz\/wp-content\/uploads\/2021\/05\/rPQGPtx8k58-1200x720.jpg",1200,720,true],"ultp_layout_landscape":["https:\/\/www.lucernatv.cz\/wp-content\/uploads\/2021\/05\/rPQGPtx8k58-870x570.jpg",870,570,true],"ultp_layout_portrait":["https:\/\/www.lucernatv.cz\/wp-content\/uploads\/2021\/05\/rPQGPtx8k58-600x720.jpg",600,720,true],"ultp_layout_square":["https:\/\/www.lucernatv.cz\/wp-content\/uploads\/2021\/05\/rPQGPtx8k58-600x600.jpg",600,600,true],"vp_sm":["https:\/\/www.lucernatv.cz\/wp-content\/uploads\/2021\/05\/rPQGPtx8k58-500x281.jpg",500,281,true],"vp_md":["https:\/\/www.lucernatv.cz\/wp-content\/uploads\/2021\/05\/rPQGPtx8k58-800x450.jpg",800,450,true],"vp_lg":["https:\/\/www.lucernatv.cz\/wp-content\/uploads\/2021\/05\/rPQGPtx8k58.jpg",1280,720,false],"vp_xl":["https:\/\/www.lucernatv.cz\/wp-content\/uploads\/2021\/05\/rPQGPtx8k58.jpg",1280,720,false],"vp_sm_popup":["https:\/\/www.lucernatv.cz\/wp-content\/uploads\/2021\/05\/rPQGPtx8k58-500x281.jpg",500,281,true],"vp_md_popup":["https:\/\/www.lucernatv.cz\/wp-content\/uploads\/2021\/05\/rPQGPtx8k58-800x450.jpg",800,450,true],"vp_xl_popup":["https:\/\/www.lucernatv.cz\/wp-content\/uploads\/2021\/05\/rPQGPtx8k58.jpg",1280,720,false],"neve-blog":["https:\/\/www.lucernatv.cz\/wp-content\/uploads\/2021\/05\/rPQGPtx8k58-930x620.jpg",930,620,true]},"uagb_author_info":{"display_name":"lucernatvc","author_link":"https:\/\/www.lucernatv.cz\/index.php\/author\/lucernatvc\/"},"uagb_comment_info":0,"uagb_excerpt":"Kur\u00e1torsk\u00e9 slovo a slovo autorky k v\u00fdstav\u011b v Galerii Dole. Sofie \u0160vejdov\u00e1 (*1990) absolvovala pra\u017eskou UMPRUM, ateli\u00e9r malby Stanislava Divi\u0161e a Ji\u0159\u00edho \u010cernick\u00e9ho. V posledn\u00ed dob\u011b je pro ni st\u00e1le typi\u010dt\u011bj\u0161\u00ed expresivn\u011b pojat\u00fd rukopis, v n\u011bm\u017e m\u00eds\u00ed abstraktn\u00ed tvaroslov\u00ed s mimetick\u00fdmi ozvuky pojat\u00fdmi n\u011bkdy s notnou d\u00e1vkou ironick\u00e9ho odstupu a jindy zas s p\u0159iznan\u00fdm hlubok\u00fdm&hellip;&nbsp;\u010c\u00edst&hellip;","_links":{"self":[{"href":"https:\/\/www.lucernatv.cz\/index.php\/wp-json\/wp\/v2\/posts\/2987"}],"collection":[{"href":"https:\/\/www.lucernatv.cz\/index.php\/wp-json\/wp\/v2\/posts"}],"about":[{"href":"https:\/\/www.lucernatv.cz\/index.php\/wp-json\/wp\/v2\/types\/post"}],"author":[{"embeddable":true,"href":"https:\/\/www.lucernatv.cz\/index.php\/wp-json\/wp\/v2\/users\/1"}],"replies":[{"embeddable":true,"href":"https:\/\/www.lucernatv.cz\/index.php\/wp-json\/wp\/v2\/comments?post=2987"}],"version-history":[{"count":1,"href":"https:\/\/www.lucernatv.cz\/index.php\/wp-json\/wp\/v2\/posts\/2987\/revisions"}],"predecessor-version":[{"id":2988,"href":"https:\/\/www.lucernatv.cz\/index.php\/wp-json\/wp\/v2\/posts\/2987\/revisions\/2988"}],"wp:featuredmedia":[{"embeddable":true,"href":"https:\/\/www.lucernatv.cz\/index.php\/wp-json\/wp\/v2\/media\/2989"}],"wp:attachment":[{"href":"https:\/\/www.lucernatv.cz\/index.php\/wp-json\/wp\/v2\/media?parent=2987"}],"wp:term":[{"taxonomy":"category","embeddable":true,"href":"https:\/\/www.lucernatv.cz\/index.php\/wp-json\/wp\/v2\/categories?post=2987"},{"taxonomy":"post_tag","embeddable":true,"href":"https:\/\/www.lucernatv.cz\/index.php\/wp-json\/wp\/v2\/tags?post=2987"}],"curies":[{"name":"wp","href":"https:\/\/api.w.org\/{rel}","templated":true}]}}