{"id":2955,"date":"2021-04-06T20:49:04","date_gmt":"2021-04-06T20:49:04","guid":{"rendered":"https:\/\/www.lucernatv.cz\/?p=2955"},"modified":"2021-04-06T20:49:07","modified_gmt":"2021-04-06T20:49:07","slug":"fiducia-on-line-martin-cihlar-krajiny","status":"publish","type":"post","link":"https:\/\/www.lucernatv.cz\/index.php\/2021\/04\/06\/fiducia-on-line-martin-cihlar-krajiny\/","title":{"rendered":"Fiducia on-line \u2013 Martin Cihl\u00e1\u0159: Krajiny"},"content":{"rendered":"\n<figure class=\"wp-block-embed is-type-video is-provider-youtube wp-block-embed-youtube wp-embed-aspect-16-9 wp-has-aspect-ratio\"><div class=\"wp-block-embed__wrapper\">\n<div class=\"nv-iframe-embed\"><div class=\"arve\" data-mode=\"normal\" data-oembed=\"1\" data-provider=\"youtube\" id=\"arve-youtube-mjnndltkhzi69f1d9d7a3271208197725\">\n<span class=\"arve-inner\">\n<span class=\"arve-embed arve-embed--has-aspect-ratio\">\n<span class=\"arve-ar\" style=\"padding-top:56.250000%\"><\/span><iframe allow=\"accelerometer; autoplay; clipboard-write; encrypted-media; gyroscope; picture-in-picture\" allowfullscreen class=\"arve-iframe fitvidsignore\" data-arve=\"arve-youtube-mjnndltkhzi69f1d9d7a3271208197725\" data-src-no-ap=\"https:\/\/www.youtube-nocookie.com\/embed\/mJNNDlTKHZI?feature=oembed&amp;iv_load_policy=3&amp;modestbranding=1&amp;rel=0&amp;autohide=1&amp;playsinline=0&amp;autoplay=0\" frameborder=\"0\" height=\"0\" sandbox=\"allow-scripts allow-same-origin allow-presentation allow-popups allow-popups-to-escape-sandbox\" scrolling=\"no\" src=\"https:\/\/www.youtube-nocookie.com\/embed\/mJNNDlTKHZI?feature=oembed&#038;iv_load_policy=3&#038;modestbranding=1&#038;rel=0&#038;autohide=1&#038;playsinline=0&#038;autoplay=0\"><\/iframe>\n\n<\/span>\n\n<\/span>\n<script type=\"application\/ld+json\">{\"@context\":\"http:\\\/\\\/schema.org\\\/\",\"@id\":\"https:\\\/\\\/www.lucernatv.cz\\\/index.php\\\/2021\\\/04\\\/06\\\/fiducia-on-line-martin-cihlar-krajiny\\\/#arve-youtube-mjnndltkhzi69f1d9d7a3271208197725\",\"type\":\"VideoObject\",\"embedURL\":\"https:\\\/\\\/www.youtube-nocookie.com\\\/embed\\\/mJNNDlTKHZI?feature=oembed&iv_load_policy=3&modestbranding=1&rel=0&autohide=1&playsinline=0&autoplay=0\"}<\/script>\n<\/div>\n<\/div>\n<\/div><\/figure>\n\n\n\n<p>Kur\u00e1torsk\u00e9 slovo Martina Mikol\u00e1\u0161ka k v\u00fdstav\u011b Martina Cihl\u00e1\u0159e v galerii IN VITRO ve vitr\u00edn\u00e1ch Ostravice-Textilie. Martin Cihl\u00e1\u0159 studoval na SU\u0160 v Ostrav\u011b grafick\u00fd design a klasickou grafiku a jej\u00edmi p\u0159esahy se zab\u00fdval i u grafika Eduarda Ov\u010d\u00e1\u010dka na ostravsk\u00e9 Fakult\u011b um\u011bn\u00ed, kterou \u00fasp\u011b\u0161n\u011b dokon\u010dil p\u0159ed deseti lety. Rozsahem dosud ne p\u0159\u00edli\u0161 obs\u00e1hl\u00e9 d\u00edlo lze charakterizovat vztahem autora k tradi\u010dn\u00edm \u017e\u00e1nr\u016fm, jako jsou z\u00e1ti\u0161\u00ed \u010di krajiny. Zd\u016fraznit je ale t\u0159eba i to, \u017ee se jedn\u00e1 o vztah nav\u00fdsost nedev\u00f3tn\u00ed, voln\u00fd a nep\u0159edpojat\u00fd. I proto se jako vystudovan\u00fd grafik nev\u00e1h\u00e1 v\u011bnovat malb\u011b nebo komponov\u00e1n\u00ed obraz\u016f-objekt\u016f. Ty \u010dasto vznikaj\u00ed jako v\u00fdsledn\u00e1 kombinace rozli\u010dn\u00fdch materi\u00e1l\u016f \u2013 plexiskla, igelitu, tylu, krajek, jehel, kor\u00e1lk\u016f \u010di plsti. Charakteristick\u00e9 je rovn\u011b\u017e u\u017eit\u00ed redukovan\u00e9 barevn\u00e9 \u0161k\u00e1ly, omezen\u00e9 p\u0159ev\u00e1\u017en\u011b na odst\u00edny \u0161ed\u00ed a \u010dern\u00ed. Svobodn\u00fdm m\u00edsen\u00edm v\u0161ech uveden\u00fdch element\u016f dosahuje autor zvl\u00e1\u0161tn\u00edho reversn\u00edho zhodnocen\u00ed sv\u00fdch v\u00fdchodisek \u2013 co se mimikricky m\u016f\u017ee jevit jako rezult\u00e1t rozli\u010dn\u00fdch grafick\u00fdch technik, jako jsou mezzotinta, akvatinta \u010di litografie, je fakticky v\u00fdsledkem neopakovateln\u00e9ho (a mo\u017en\u00e1 i nereprodukovateln\u00e9ho) uvoln\u011bn\u00e9ho, a\u017e gestick\u00e9ho mal\u00ed\u0159sk\u00e9ho rukopisu odkazuj\u00edc\u00edho na jedn\u00e9 stran\u011b k expresivn\u011b-informeln\u00edm poloh\u00e1m a na stran\u011b druh\u00e9 k postmodern\u00edmu jazyku arte povera, zd\u016fraz\u0148uj\u00edc\u00edmu u\u017eit\u00ed neum\u011bleck\u00fdch materi\u00e1l\u016f jako nosn\u00e9ho prvku vizu\u00e1ln\u00edho sd\u011blen\u00ed. V\u00fdsledkem pak jsou kombinace skvrn \u010di n\u00e1znak\u016f, kter\u00e9 mohou b\u00fdt stejn\u011b dob\u0159e abstraktn\u00ed kompozic\u00ed i voln\u011b pojatou krajinnou impres\u00ed.<\/p>\n\n\n\n<p>Krajiny v Cihl\u00e1\u0159ov\u011b pojet\u00ed m\u016f\u017eeme proto vn\u00edmat jako fragment zanechan\u00fdch v\u011bc\u00ed uspo\u0159\u00e1dan\u00fdch \u010dasto kolem horizont\u00e1ln\u011b veden\u00e9 linie, sugeruj\u00edc\u00ed dojem horizontu jako symbolick\u00e9 krajinn\u00e9 konstanty definuj\u00edc\u00ed d\u00e1lku. Horizont se tu z\u00e1rove\u0148 st\u00e1v\u00e1 jak\u00fdmsi zobecn\u011bn\u00fdm archetypem (ne)dosa\u017eitelna. Vypov\u00edd\u00e1 proto daleko v\u00edc o \u010dlov\u011bku samotn\u00e9m ne\u017e o zobrazen\u00e9 krajin\u011b. Mo\u017en\u00e1 proto jsou Cihl\u00e1\u0159ovy krajiny protk\u00e1ny tak citelnou nejistotou a neur\u010ditost\u00ed. Potemn\u011ble zti\u0161en\u00e9 barevn\u00e9 lad\u011bn\u00ed v nich navozuje a\u017e jakousi pseudoromantickou atmosf\u00e9ru soumraku, v n\u011bm\u017e s ub\u00fdvaj\u00edc\u00edm sv\u011btlem a s nar\u016fstaj\u00edc\u00edm mno\u017estv\u00edm odlesk\u016f a odraz\u016f (plexisklo) kles\u00e1 jistota z vid\u011bn\u00e9ho a vzr\u016fst\u00e1 prostor pro uvoln\u011bn\u00e9 spekulace. Dos\u00e1hnout op\u011btovn\u00e9ho souladu vid\u011bn\u00e9ho a my\u0161len\u00e9ho je potom mo\u017en\u00e9 jen opakovanou a reflektovanou zm\u011bnou perspektiv vn\u00edm\u00e1n\u00ed. To ostatn\u011b plat\u00ed nejen v um\u011bn\u00ed.<\/p>\n","protected":false},"excerpt":{"rendered":"<p>Kur\u00e1torsk\u00e9 slovo Martina Mikol\u00e1\u0161ka k v\u00fdstav\u011b Martina Cihl\u00e1\u0159e v galerii IN VITRO ve vitr\u00edn\u00e1ch Ostravice-Textilie. Martin Cihl\u00e1\u0159 studoval na SU\u0160 v Ostrav\u011b grafick\u00fd design a klasickou grafiku a jej\u00edmi p\u0159esahy se zab\u00fdval i u grafika Eduarda Ov\u010d\u00e1\u010dka na ostravsk\u00e9 Fakult\u011b um\u011bn\u00ed, kterou \u00fasp\u011b\u0161n\u011b dokon\u010dil p\u0159ed deseti lety. Rozsahem dosud ne p\u0159\u00edli\u0161 obs\u00e1hl\u00e9 d\u00edlo lze charakterizovat&hellip;&nbsp;<a href=\"https:\/\/www.lucernatv.cz\/index.php\/2021\/04\/06\/fiducia-on-line-martin-cihlar-krajiny\/\" class=\"\" rel=\"bookmark\">\u010c\u00edst d\u00e1le &raquo;<span class=\"screen-reader-text\">Fiducia on-line \u2013 Martin Cihl\u00e1\u0159: Krajiny<\/span><\/a><\/p>\n","protected":false},"author":1,"featured_media":2957,"comment_status":"closed","ping_status":"open","sticky":false,"template":"","format":"gallery","meta":{"inline_featured_image":false,"_uag_custom_page_level_css":"","neve_meta_sidebar":"","neve_meta_container":"","neve_meta_enable_content_width":"","neve_meta_content_width":0,"neve_meta_title_alignment":"","neve_meta_author_avatar":"","neve_post_elements_order":"","neve_meta_disable_header":"","neve_meta_disable_footer":"","neve_meta_disable_title":"","_vp_format_video_url":"","_vp_image_focal_point":[]},"categories":[3,9,12],"tags":[28,27],"yoast_head":"<!-- This site is optimized with the Yoast SEO plugin v20.12 - https:\/\/yoast.com\/wordpress\/plugins\/seo\/ -->\n<title>Fiducia on-line \u2013 Martin Cihl\u00e1\u0159: Krajiny - lucernatv.cz<\/title>\n<meta name=\"robots\" content=\"index, follow, max-snippet:-1, max-image-preview:large, max-video-preview:-1\" \/>\n<link rel=\"canonical\" href=\"https:\/\/www.lucernatv.cz\/index.php\/2021\/04\/06\/fiducia-on-line-martin-cihlar-krajiny\/\" \/>\n<meta property=\"og:locale\" content=\"cs_CZ\" \/>\n<meta property=\"og:type\" content=\"article\" \/>\n<meta property=\"og:title\" content=\"Fiducia on-line \u2013 Martin Cihl\u00e1\u0159: Krajiny - lucernatv.cz\" \/>\n<meta property=\"og:description\" content=\"Kur\u00e1torsk\u00e9 slovo Martina Mikol\u00e1\u0161ka k v\u00fdstav\u011b Martina Cihl\u00e1\u0159e v galerii IN VITRO ve vitr\u00edn\u00e1ch Ostravice-Textilie. Martin Cihl\u00e1\u0159 studoval na SU\u0160 v Ostrav\u011b grafick\u00fd design a klasickou grafiku a jej\u00edmi p\u0159esahy se zab\u00fdval i u grafika Eduarda Ov\u010d\u00e1\u010dka na ostravsk\u00e9 Fakult\u011b um\u011bn\u00ed, kterou \u00fasp\u011b\u0161n\u011b dokon\u010dil p\u0159ed deseti lety. Rozsahem dosud ne p\u0159\u00edli\u0161 obs\u00e1hl\u00e9 d\u00edlo lze charakterizovat&hellip;&nbsp;\u010c\u00edst d\u00e1le &raquo;Fiducia on-line \u2013 Martin Cihl\u00e1\u0159: Krajiny\" \/>\n<meta property=\"og:url\" content=\"https:\/\/www.lucernatv.cz\/index.php\/2021\/04\/06\/fiducia-on-line-martin-cihlar-krajiny\/\" \/>\n<meta property=\"og:site_name\" content=\"lucernatv.cz\" \/>\n<meta property=\"article:publisher\" content=\"https:\/\/www.facebook.com\/avtopava\" \/>\n<meta property=\"article:published_time\" content=\"2021-04-06T20:49:04+00:00\" \/>\n<meta property=\"article:modified_time\" content=\"2021-04-06T20:49:07+00:00\" \/>\n<meta property=\"og:image\" content=\"https:\/\/www.lucernatv.cz\/wp-content\/uploads\/2021\/04\/mJNNDlTKHZI.jpg\" \/>\n\t<meta property=\"og:image:width\" content=\"1280\" \/>\n\t<meta property=\"og:image:height\" content=\"720\" \/>\n\t<meta property=\"og:image:type\" content=\"image\/jpeg\" \/>\n<meta name=\"author\" content=\"lucernatvc\" \/>\n<meta name=\"twitter:card\" content=\"summary_large_image\" \/>\n<meta name=\"twitter:label1\" content=\"Napsal(a)\" \/>\n\t<meta name=\"twitter:data1\" content=\"lucernatvc\" \/>\n\t<meta name=\"twitter:label2\" content=\"Odhadovan\u00e1 doba \u010dten\u00ed\" \/>\n\t<meta name=\"twitter:data2\" content=\"2 minuty\" \/>\n<script type=\"application\/ld+json\" class=\"yoast-schema-graph\">{\"@context\":\"https:\/\/schema.org\",\"@graph\":[{\"@type\":\"Article\",\"@id\":\"https:\/\/www.lucernatv.cz\/index.php\/2021\/04\/06\/fiducia-on-line-martin-cihlar-krajiny\/#article\",\"isPartOf\":{\"@id\":\"https:\/\/www.lucernatv.cz\/index.php\/2021\/04\/06\/fiducia-on-line-martin-cihlar-krajiny\/\"},\"author\":{\"name\":\"lucernatvc\",\"@id\":\"https:\/\/www.lucernatv.cz\/#\/schema\/person\/fdc6b3778fe63c82ba7479978ad159ad\"},\"headline\":\"Fiducia on-line \u2013 Martin Cihl\u00e1\u0159: Krajiny\",\"datePublished\":\"2021-04-06T20:49:04+00:00\",\"dateModified\":\"2021-04-06T20:49:07+00:00\",\"mainEntityOfPage\":{\"@id\":\"https:\/\/www.lucernatv.cz\/index.php\/2021\/04\/06\/fiducia-on-line-martin-cihlar-krajiny\/\"},\"wordCount\":473,\"publisher\":{\"@id\":\"https:\/\/www.lucernatv.cz\/#organization\"},\"keywords\":[\"Fiducia on-line\",\"publicistika\"],\"articleSection\":[\"Kultura\",\"v\u00fdstavy\",\"v\u00fdtvarn\u00e9 um\u011bn\u00ed, architektura a ve\u0159ejn\u00fd prostor\"],\"inLanguage\":\"cs\"},{\"@type\":\"WebPage\",\"@id\":\"https:\/\/www.lucernatv.cz\/index.php\/2021\/04\/06\/fiducia-on-line-martin-cihlar-krajiny\/\",\"url\":\"https:\/\/www.lucernatv.cz\/index.php\/2021\/04\/06\/fiducia-on-line-martin-cihlar-krajiny\/\",\"name\":\"Fiducia on-line \u2013 Martin Cihl\u00e1\u0159: Krajiny - lucernatv.cz\",\"isPartOf\":{\"@id\":\"https:\/\/www.lucernatv.cz\/#website\"},\"datePublished\":\"2021-04-06T20:49:04+00:00\",\"dateModified\":\"2021-04-06T20:49:07+00:00\",\"breadcrumb\":{\"@id\":\"https:\/\/www.lucernatv.cz\/index.php\/2021\/04\/06\/fiducia-on-line-martin-cihlar-krajiny\/#breadcrumb\"},\"inLanguage\":\"cs\",\"potentialAction\":[{\"@type\":\"ReadAction\",\"target\":[\"https:\/\/www.lucernatv.cz\/index.php\/2021\/04\/06\/fiducia-on-line-martin-cihlar-krajiny\/\"]}]},{\"@type\":\"BreadcrumbList\",\"@id\":\"https:\/\/www.lucernatv.cz\/index.php\/2021\/04\/06\/fiducia-on-line-martin-cihlar-krajiny\/#breadcrumb\",\"itemListElement\":[{\"@type\":\"ListItem\",\"position\":1,\"name\":\"Dom\u016f\",\"item\":\"https:\/\/www.lucernatv.cz\/\"},{\"@type\":\"ListItem\",\"position\":2,\"name\":\"Fiducia on-line \u2013 Martin Cihl\u00e1\u0159: Krajiny\"}]},{\"@type\":\"WebSite\",\"@id\":\"https:\/\/www.lucernatv.cz\/#website\",\"url\":\"https:\/\/www.lucernatv.cz\/\",\"name\":\"lucernatv.cz\",\"description\":\"Vzd\u011bl\u00e1vac\u00ed televize\",\"publisher\":{\"@id\":\"https:\/\/www.lucernatv.cz\/#organization\"},\"alternateName\":\"Lucerna TV\",\"potentialAction\":[{\"@type\":\"SearchAction\",\"target\":{\"@type\":\"EntryPoint\",\"urlTemplate\":\"https:\/\/www.lucernatv.cz\/?s={search_term_string}\"},\"query-input\":\"required name=search_term_string\"}],\"inLanguage\":\"cs\"},{\"@type\":\"Organization\",\"@id\":\"https:\/\/www.lucernatv.cz\/#organization\",\"name\":\"Lucerna TV\",\"url\":\"https:\/\/www.lucernatv.cz\/\",\"logo\":{\"@type\":\"ImageObject\",\"inLanguage\":\"cs\",\"@id\":\"https:\/\/www.lucernatv.cz\/#\/schema\/logo\/image\/\",\"url\":\"https:\/\/www.lucernatv.cz\/wp-content\/uploads\/2021\/02\/logo.svg\",\"contentUrl\":\"https:\/\/www.lucernatv.cz\/wp-content\/uploads\/2021\/02\/logo.svg\",\"width\":128,\"height\":41,\"caption\":\"Lucerna TV\"},\"image\":{\"@id\":\"https:\/\/www.lucernatv.cz\/#\/schema\/logo\/image\/\"},\"sameAs\":[\"https:\/\/www.facebook.com\/avtopava\",\"https:\/\/www.youtube.com\/channel\/UCtP8PPWG9JatWSMsKMOvdDg\"]},{\"@type\":\"Person\",\"@id\":\"https:\/\/www.lucernatv.cz\/#\/schema\/person\/fdc6b3778fe63c82ba7479978ad159ad\",\"name\":\"lucernatvc\",\"image\":{\"@type\":\"ImageObject\",\"inLanguage\":\"cs\",\"@id\":\"https:\/\/www.lucernatv.cz\/#\/schema\/person\/image\/\",\"url\":\"https:\/\/secure.gravatar.com\/avatar\/5b7905a95103f5227c1afd8b2a10f058?s=96&d=mm&r=g\",\"contentUrl\":\"https:\/\/secure.gravatar.com\/avatar\/5b7905a95103f5227c1afd8b2a10f058?s=96&d=mm&r=g\",\"caption\":\"lucernatvc\"},\"url\":\"https:\/\/www.lucernatv.cz\/index.php\/author\/lucernatvc\/\"}]}<\/script>\n<!-- \/ Yoast SEO plugin. -->","yoast_head_json":{"title":"Fiducia on-line \u2013 Martin Cihl\u00e1\u0159: Krajiny - lucernatv.cz","robots":{"index":"index","follow":"follow","max-snippet":"max-snippet:-1","max-image-preview":"max-image-preview:large","max-video-preview":"max-video-preview:-1"},"canonical":"https:\/\/www.lucernatv.cz\/index.php\/2021\/04\/06\/fiducia-on-line-martin-cihlar-krajiny\/","og_locale":"cs_CZ","og_type":"article","og_title":"Fiducia on-line \u2013 Martin Cihl\u00e1\u0159: Krajiny - lucernatv.cz","og_description":"Kur\u00e1torsk\u00e9 slovo Martina Mikol\u00e1\u0161ka k v\u00fdstav\u011b Martina Cihl\u00e1\u0159e v galerii IN VITRO ve vitr\u00edn\u00e1ch Ostravice-Textilie. Martin Cihl\u00e1\u0159 studoval na SU\u0160 v Ostrav\u011b grafick\u00fd design a klasickou grafiku a jej\u00edmi p\u0159esahy se zab\u00fdval i u grafika Eduarda Ov\u010d\u00e1\u010dka na ostravsk\u00e9 Fakult\u011b um\u011bn\u00ed, kterou \u00fasp\u011b\u0161n\u011b dokon\u010dil p\u0159ed deseti lety. Rozsahem dosud ne p\u0159\u00edli\u0161 obs\u00e1hl\u00e9 d\u00edlo lze charakterizovat&hellip;&nbsp;\u010c\u00edst d\u00e1le &raquo;Fiducia on-line \u2013 Martin Cihl\u00e1\u0159: Krajiny","og_url":"https:\/\/www.lucernatv.cz\/index.php\/2021\/04\/06\/fiducia-on-line-martin-cihlar-krajiny\/","og_site_name":"lucernatv.cz","article_publisher":"https:\/\/www.facebook.com\/avtopava","article_published_time":"2021-04-06T20:49:04+00:00","article_modified_time":"2021-04-06T20:49:07+00:00","og_image":[{"width":1280,"height":720,"url":"https:\/\/www.lucernatv.cz\/wp-content\/uploads\/2021\/04\/mJNNDlTKHZI.jpg","type":"image\/jpeg"}],"author":"lucernatvc","twitter_card":"summary_large_image","twitter_misc":{"Napsal(a)":"lucernatvc","Odhadovan\u00e1 doba \u010dten\u00ed":"2 minuty"},"schema":{"@context":"https:\/\/schema.org","@graph":[{"@type":"Article","@id":"https:\/\/www.lucernatv.cz\/index.php\/2021\/04\/06\/fiducia-on-line-martin-cihlar-krajiny\/#article","isPartOf":{"@id":"https:\/\/www.lucernatv.cz\/index.php\/2021\/04\/06\/fiducia-on-line-martin-cihlar-krajiny\/"},"author":{"name":"lucernatvc","@id":"https:\/\/www.lucernatv.cz\/#\/schema\/person\/fdc6b3778fe63c82ba7479978ad159ad"},"headline":"Fiducia on-line \u2013 Martin Cihl\u00e1\u0159: Krajiny","datePublished":"2021-04-06T20:49:04+00:00","dateModified":"2021-04-06T20:49:07+00:00","mainEntityOfPage":{"@id":"https:\/\/www.lucernatv.cz\/index.php\/2021\/04\/06\/fiducia-on-line-martin-cihlar-krajiny\/"},"wordCount":473,"publisher":{"@id":"https:\/\/www.lucernatv.cz\/#organization"},"keywords":["Fiducia on-line","publicistika"],"articleSection":["Kultura","v\u00fdstavy","v\u00fdtvarn\u00e9 um\u011bn\u00ed, architektura a ve\u0159ejn\u00fd prostor"],"inLanguage":"cs"},{"@type":"WebPage","@id":"https:\/\/www.lucernatv.cz\/index.php\/2021\/04\/06\/fiducia-on-line-martin-cihlar-krajiny\/","url":"https:\/\/www.lucernatv.cz\/index.php\/2021\/04\/06\/fiducia-on-line-martin-cihlar-krajiny\/","name":"Fiducia on-line \u2013 Martin Cihl\u00e1\u0159: Krajiny - lucernatv.cz","isPartOf":{"@id":"https:\/\/www.lucernatv.cz\/#website"},"datePublished":"2021-04-06T20:49:04+00:00","dateModified":"2021-04-06T20:49:07+00:00","breadcrumb":{"@id":"https:\/\/www.lucernatv.cz\/index.php\/2021\/04\/06\/fiducia-on-line-martin-cihlar-krajiny\/#breadcrumb"},"inLanguage":"cs","potentialAction":[{"@type":"ReadAction","target":["https:\/\/www.lucernatv.cz\/index.php\/2021\/04\/06\/fiducia-on-line-martin-cihlar-krajiny\/"]}]},{"@type":"BreadcrumbList","@id":"https:\/\/www.lucernatv.cz\/index.php\/2021\/04\/06\/fiducia-on-line-martin-cihlar-krajiny\/#breadcrumb","itemListElement":[{"@type":"ListItem","position":1,"name":"Dom\u016f","item":"https:\/\/www.lucernatv.cz\/"},{"@type":"ListItem","position":2,"name":"Fiducia on-line \u2013 Martin Cihl\u00e1\u0159: Krajiny"}]},{"@type":"WebSite","@id":"https:\/\/www.lucernatv.cz\/#website","url":"https:\/\/www.lucernatv.cz\/","name":"lucernatv.cz","description":"Vzd\u011bl\u00e1vac\u00ed televize","publisher":{"@id":"https:\/\/www.lucernatv.cz\/#organization"},"alternateName":"Lucerna TV","potentialAction":[{"@type":"SearchAction","target":{"@type":"EntryPoint","urlTemplate":"https:\/\/www.lucernatv.cz\/?s={search_term_string}"},"query-input":"required name=search_term_string"}],"inLanguage":"cs"},{"@type":"Organization","@id":"https:\/\/www.lucernatv.cz\/#organization","name":"Lucerna TV","url":"https:\/\/www.lucernatv.cz\/","logo":{"@type":"ImageObject","inLanguage":"cs","@id":"https:\/\/www.lucernatv.cz\/#\/schema\/logo\/image\/","url":"https:\/\/www.lucernatv.cz\/wp-content\/uploads\/2021\/02\/logo.svg","contentUrl":"https:\/\/www.lucernatv.cz\/wp-content\/uploads\/2021\/02\/logo.svg","width":128,"height":41,"caption":"Lucerna TV"},"image":{"@id":"https:\/\/www.lucernatv.cz\/#\/schema\/logo\/image\/"},"sameAs":["https:\/\/www.facebook.com\/avtopava","https:\/\/www.youtube.com\/channel\/UCtP8PPWG9JatWSMsKMOvdDg"]},{"@type":"Person","@id":"https:\/\/www.lucernatv.cz\/#\/schema\/person\/fdc6b3778fe63c82ba7479978ad159ad","name":"lucernatvc","image":{"@type":"ImageObject","inLanguage":"cs","@id":"https:\/\/www.lucernatv.cz\/#\/schema\/person\/image\/","url":"https:\/\/secure.gravatar.com\/avatar\/5b7905a95103f5227c1afd8b2a10f058?s=96&d=mm&r=g","contentUrl":"https:\/\/secure.gravatar.com\/avatar\/5b7905a95103f5227c1afd8b2a10f058?s=96&d=mm&r=g","caption":"lucernatvc"},"url":"https:\/\/www.lucernatv.cz\/index.php\/author\/lucernatvc\/"}]}},"uagb_featured_image_src":{"full":["https:\/\/www.lucernatv.cz\/wp-content\/uploads\/2021\/04\/mJNNDlTKHZI.jpg",1280,720,false],"thumbnail":["https:\/\/www.lucernatv.cz\/wp-content\/uploads\/2021\/04\/mJNNDlTKHZI-150x150.jpg",150,150,true],"medium":["https:\/\/www.lucernatv.cz\/wp-content\/uploads\/2021\/04\/mJNNDlTKHZI-318x180.jpg",318,180,true],"medium_large":["https:\/\/www.lucernatv.cz\/wp-content\/uploads\/2021\/04\/mJNNDlTKHZI-768x432.jpg",768,432,true],"large":["https:\/\/www.lucernatv.cz\/wp-content\/uploads\/2021\/04\/mJNNDlTKHZI.jpg",1200,675,false],"1536x1536":["https:\/\/www.lucernatv.cz\/wp-content\/uploads\/2021\/04\/mJNNDlTKHZI.jpg",1280,720,false],"2048x2048":["https:\/\/www.lucernatv.cz\/wp-content\/uploads\/2021\/04\/mJNNDlTKHZI.jpg",1280,720,false],"ultp_layout_landscape_large":["https:\/\/www.lucernatv.cz\/wp-content\/uploads\/2021\/04\/mJNNDlTKHZI-1200x720.jpg",1200,720,true],"ultp_layout_landscape":["https:\/\/www.lucernatv.cz\/wp-content\/uploads\/2021\/04\/mJNNDlTKHZI-870x570.jpg",870,570,true],"ultp_layout_portrait":["https:\/\/www.lucernatv.cz\/wp-content\/uploads\/2021\/04\/mJNNDlTKHZI-600x720.jpg",600,720,true],"ultp_layout_square":["https:\/\/www.lucernatv.cz\/wp-content\/uploads\/2021\/04\/mJNNDlTKHZI-600x600.jpg",600,600,true],"vp_sm":["https:\/\/www.lucernatv.cz\/wp-content\/uploads\/2021\/04\/mJNNDlTKHZI-500x281.jpg",500,281,true],"vp_md":["https:\/\/www.lucernatv.cz\/wp-content\/uploads\/2021\/04\/mJNNDlTKHZI-800x450.jpg",800,450,true],"vp_lg":["https:\/\/www.lucernatv.cz\/wp-content\/uploads\/2021\/04\/mJNNDlTKHZI.jpg",1280,720,false],"vp_xl":["https:\/\/www.lucernatv.cz\/wp-content\/uploads\/2021\/04\/mJNNDlTKHZI.jpg",1280,720,false],"vp_sm_popup":["https:\/\/www.lucernatv.cz\/wp-content\/uploads\/2021\/04\/mJNNDlTKHZI-500x281.jpg",500,281,true],"vp_md_popup":["https:\/\/www.lucernatv.cz\/wp-content\/uploads\/2021\/04\/mJNNDlTKHZI-800x450.jpg",800,450,true],"vp_xl_popup":["https:\/\/www.lucernatv.cz\/wp-content\/uploads\/2021\/04\/mJNNDlTKHZI.jpg",1280,720,false],"neve-blog":["https:\/\/www.lucernatv.cz\/wp-content\/uploads\/2021\/04\/mJNNDlTKHZI-930x620.jpg",930,620,true]},"uagb_author_info":{"display_name":"lucernatvc","author_link":"https:\/\/www.lucernatv.cz\/index.php\/author\/lucernatvc\/"},"uagb_comment_info":0,"uagb_excerpt":"Kur\u00e1torsk\u00e9 slovo Martina Mikol\u00e1\u0161ka k v\u00fdstav\u011b Martina Cihl\u00e1\u0159e v galerii IN VITRO ve vitr\u00edn\u00e1ch Ostravice-Textilie. Martin Cihl\u00e1\u0159 studoval na SU\u0160 v Ostrav\u011b grafick\u00fd design a klasickou grafiku a jej\u00edmi p\u0159esahy se zab\u00fdval i u grafika Eduarda Ov\u010d\u00e1\u010dka na ostravsk\u00e9 Fakult\u011b um\u011bn\u00ed, kterou \u00fasp\u011b\u0161n\u011b dokon\u010dil p\u0159ed deseti lety. Rozsahem dosud ne p\u0159\u00edli\u0161 obs\u00e1hl\u00e9 d\u00edlo lze charakterizovat&hellip;&nbsp;\u010c\u00edst&hellip;","_links":{"self":[{"href":"https:\/\/www.lucernatv.cz\/index.php\/wp-json\/wp\/v2\/posts\/2955"}],"collection":[{"href":"https:\/\/www.lucernatv.cz\/index.php\/wp-json\/wp\/v2\/posts"}],"about":[{"href":"https:\/\/www.lucernatv.cz\/index.php\/wp-json\/wp\/v2\/types\/post"}],"author":[{"embeddable":true,"href":"https:\/\/www.lucernatv.cz\/index.php\/wp-json\/wp\/v2\/users\/1"}],"replies":[{"embeddable":true,"href":"https:\/\/www.lucernatv.cz\/index.php\/wp-json\/wp\/v2\/comments?post=2955"}],"version-history":[{"count":1,"href":"https:\/\/www.lucernatv.cz\/index.php\/wp-json\/wp\/v2\/posts\/2955\/revisions"}],"predecessor-version":[{"id":2956,"href":"https:\/\/www.lucernatv.cz\/index.php\/wp-json\/wp\/v2\/posts\/2955\/revisions\/2956"}],"wp:featuredmedia":[{"embeddable":true,"href":"https:\/\/www.lucernatv.cz\/index.php\/wp-json\/wp\/v2\/media\/2957"}],"wp:attachment":[{"href":"https:\/\/www.lucernatv.cz\/index.php\/wp-json\/wp\/v2\/media?parent=2955"}],"wp:term":[{"taxonomy":"category","embeddable":true,"href":"https:\/\/www.lucernatv.cz\/index.php\/wp-json\/wp\/v2\/categories?post=2955"},{"taxonomy":"post_tag","embeddable":true,"href":"https:\/\/www.lucernatv.cz\/index.php\/wp-json\/wp\/v2\/tags?post=2955"}],"curies":[{"name":"wp","href":"https:\/\/api.w.org\/{rel}","templated":true}]}}