{"id":2872,"date":"2021-03-04T06:35:05","date_gmt":"2021-03-04T06:35:05","guid":{"rendered":"https:\/\/www.lucernatv.cz\/?p=2872"},"modified":"2021-03-04T06:38:35","modified_gmt":"2021-03-04T06:38:35","slug":"voices-of-meltingpot-kamila-kielar","status":"publish","type":"post","link":"https:\/\/www.lucernatv.cz\/index.php\/2021\/03\/04\/voices-of-meltingpot-kamila-kielar\/","title":{"rendered":"Voices of Meltingpot \u2013 Kamila Kielar"},"content":{"rendered":"\n<figure class=\"wp-block-embed is-type-video is-provider-youtube wp-block-embed-youtube wp-embed-aspect-16-9 wp-has-aspect-ratio\"><div class=\"wp-block-embed__wrapper\">\n<div class=\"nv-iframe-embed\"><div class=\"arve\" data-mode=\"normal\" data-oembed=\"1\" data-provider=\"youtube\" id=\"arve-youtube-gy_qfjq1hri69f31ac8afd8f473196139\">\n<span class=\"arve-inner\">\n<span class=\"arve-embed arve-embed--has-aspect-ratio\">\n<span class=\"arve-ar\" style=\"padding-top:56.250000%\"><\/span><iframe allow=\"accelerometer; autoplay; clipboard-write; encrypted-media; gyroscope; picture-in-picture\" allowfullscreen class=\"arve-iframe fitvidsignore\" data-arve=\"arve-youtube-gy_qfjq1hri69f31ac8afd8f473196139\" data-src-no-ap=\"https:\/\/www.youtube-nocookie.com\/embed\/GY_QFJq1hRI?feature=oembed&amp;iv_load_policy=3&amp;modestbranding=1&amp;rel=0&amp;autohide=1&amp;playsinline=0&amp;autoplay=0\" frameborder=\"0\" height=\"0\" sandbox=\"allow-scripts allow-same-origin allow-presentation allow-popups allow-popups-to-escape-sandbox\" scrolling=\"no\" src=\"https:\/\/www.youtube-nocookie.com\/embed\/GY_QFJq1hRI?feature=oembed&#038;iv_load_policy=3&#038;modestbranding=1&#038;rel=0&#038;autohide=1&#038;playsinline=0&#038;autoplay=0\"><\/iframe>\n\n<\/span>\n\n<\/span>\n<script type=\"application\/ld+json\">{\"@context\":\"http:\\\/\\\/schema.org\\\/\",\"@id\":\"https:\\\/\\\/www.lucernatv.cz\\\/index.php\\\/2021\\\/03\\\/04\\\/voices-of-meltingpot-kamila-kielar\\\/#arve-youtube-gy_qfjq1hri69f31ac8afd8f473196139\",\"type\":\"VideoObject\",\"embedURL\":\"https:\\\/\\\/www.youtube-nocookie.com\\\/embed\\\/GY_QFJq1hRI?feature=oembed&iv_load_policy=3&modestbranding=1&rel=0&autohide=1&playsinline=0&autoplay=0\"}<\/script>\n<\/div>\n<\/div>\n<\/div><\/figure>\n\n\n\n<p>Cestovatelka, specialistka na dalek\u00fd sever, kter\u00e1 str\u00e1vila roky pozn\u00e1v\u00e1n\u00edm p\u0159\u00edrody a v\u00fdzkumem na Alja\u0161ce, v Kanad\u011b i v Laponsku. Sama plula na kajaku vodami Britsk\u00e9 Kolumbie, aby se setkala s \u201emedv\u011bd\u00edm duchem\u201c \u2013 Baribalem b\u00edl\u00fdm. Sama projela na kole zasn\u011b\u017een\u00fd Yukon, Alja\u0161ku, Kam\u010datku, sama pro\u0161la slavnou Pacifickou h\u0159ebenovku. Na cest\u00e1ch poznala lovce, biology, rangery. Dvakr\u00e1t byla nominov\u00e1na na Cestovatelskou cenu National Geographic.<\/p>\n","protected":false},"excerpt":{"rendered":"<p>Cestovatelka, specialistka na dalek\u00fd sever, kter\u00e1 str\u00e1vila roky pozn\u00e1v\u00e1n\u00edm p\u0159\u00edrody a v\u00fdzkumem na Alja\u0161ce, v Kanad\u011b i v Laponsku. Sama plula na kajaku vodami Britsk\u00e9 Kolumbie, aby se setkala s \u201emedv\u011bd\u00edm duchem\u201c \u2013 Baribalem b\u00edl\u00fdm. Sama projela na kole zasn\u011b\u017een\u00fd Yukon, Alja\u0161ku, Kam\u010datku, sama pro\u0161la slavnou Pacifickou h\u0159ebenovku. Na cest\u00e1ch poznala lovce, biology, rangery. Dvakr\u00e1t&hellip;&nbsp;<a href=\"https:\/\/www.lucernatv.cz\/index.php\/2021\/03\/04\/voices-of-meltingpot-kamila-kielar\/\" class=\"\" rel=\"bookmark\">\u010c\u00edst d\u00e1le &raquo;<span class=\"screen-reader-text\">Voices of Meltingpot \u2013 Kamila Kielar<\/span><\/a><\/p>\n","protected":false},"author":1,"featured_media":2874,"comment_status":"open","ping_status":"open","sticky":false,"template":"","format":"gallery","meta":{"inline_featured_image":false,"_uag_custom_page_level_css":"","neve_meta_sidebar":"","neve_meta_container":"","neve_meta_enable_content_width":"","neve_meta_content_width":0,"neve_meta_title_alignment":"","neve_meta_author_avatar":"","neve_post_elements_order":"","neve_meta_disable_header":"","neve_meta_disable_footer":"","neve_meta_disable_title":"","_vp_format_video_url":"","_vp_image_focal_point":[]},"categories":[57,21,5,22],"tags":[46],"yoast_head":"<!-- This site is optimized with the Yoast SEO plugin v20.12 - https:\/\/yoast.com\/wordpress\/plugins\/seo\/ -->\n<title>Voices of Meltingpot \u2013 Kamila Kielar - lucernatv.cz<\/title>\n<meta name=\"robots\" content=\"index, follow, max-snippet:-1, max-image-preview:large, max-video-preview:-1\" \/>\n<link rel=\"canonical\" href=\"https:\/\/www.lucernatv.cz\/index.php\/2021\/03\/04\/voices-of-meltingpot-kamila-kielar\/\" \/>\n<meta property=\"og:locale\" content=\"cs_CZ\" \/>\n<meta property=\"og:type\" content=\"article\" \/>\n<meta property=\"og:title\" content=\"Voices of Meltingpot \u2013 Kamila Kielar - lucernatv.cz\" \/>\n<meta property=\"og:description\" content=\"Cestovatelka, specialistka na dalek\u00fd sever, kter\u00e1 str\u00e1vila roky pozn\u00e1v\u00e1n\u00edm p\u0159\u00edrody a v\u00fdzkumem na Alja\u0161ce, v Kanad\u011b i v Laponsku. Sama plula na kajaku vodami Britsk\u00e9 Kolumbie, aby se setkala s \u201emedv\u011bd\u00edm duchem\u201c \u2013 Baribalem b\u00edl\u00fdm. Sama projela na kole zasn\u011b\u017een\u00fd Yukon, Alja\u0161ku, Kam\u010datku, sama pro\u0161la slavnou Pacifickou h\u0159ebenovku. Na cest\u00e1ch poznala lovce, biology, rangery. Dvakr\u00e1t&hellip;&nbsp;\u010c\u00edst d\u00e1le &raquo;Voices of Meltingpot \u2013 Kamila Kielar\" \/>\n<meta property=\"og:url\" content=\"https:\/\/www.lucernatv.cz\/index.php\/2021\/03\/04\/voices-of-meltingpot-kamila-kielar\/\" \/>\n<meta property=\"og:site_name\" content=\"lucernatv.cz\" \/>\n<meta property=\"article:publisher\" content=\"https:\/\/www.facebook.com\/avtopava\" \/>\n<meta property=\"article:published_time\" content=\"2021-03-04T06:35:05+00:00\" \/>\n<meta property=\"article:modified_time\" content=\"2021-03-04T06:38:35+00:00\" \/>\n<meta property=\"og:image\" content=\"https:\/\/www.lucernatv.cz\/wp-content\/uploads\/2021\/03\/GY_QFJq1hRI.jpg\" \/>\n\t<meta property=\"og:image:width\" content=\"1280\" \/>\n\t<meta property=\"og:image:height\" content=\"720\" \/>\n\t<meta property=\"og:image:type\" content=\"image\/jpeg\" \/>\n<meta name=\"author\" content=\"lucernatvc\" \/>\n<meta name=\"twitter:card\" content=\"summary_large_image\" \/>\n<meta name=\"twitter:label1\" content=\"Napsal(a)\" \/>\n\t<meta name=\"twitter:data1\" content=\"lucernatvc\" \/>\n<script type=\"application\/ld+json\" class=\"yoast-schema-graph\">{\"@context\":\"https:\/\/schema.org\",\"@graph\":[{\"@type\":\"Article\",\"@id\":\"https:\/\/www.lucernatv.cz\/index.php\/2021\/03\/04\/voices-of-meltingpot-kamila-kielar\/#article\",\"isPartOf\":{\"@id\":\"https:\/\/www.lucernatv.cz\/index.php\/2021\/03\/04\/voices-of-meltingpot-kamila-kielar\/\"},\"author\":{\"name\":\"lucernatvc\",\"@id\":\"https:\/\/www.lucernatv.cz\/#\/schema\/person\/fdc6b3778fe63c82ba7479978ad159ad\"},\"headline\":\"Voices of Meltingpot \u2013 Kamila Kielar\",\"datePublished\":\"2021-03-04T06:35:05+00:00\",\"dateModified\":\"2021-03-04T06:38:35+00:00\",\"mainEntityOfPage\":{\"@id\":\"https:\/\/www.lucernatv.cz\/index.php\/2021\/03\/04\/voices-of-meltingpot-kamila-kielar\/\"},\"wordCount\":98,\"commentCount\":0,\"publisher\":{\"@id\":\"https:\/\/www.lucernatv.cz\/#organization\"},\"keywords\":[\"Voices of Meltingpot\"],\"articleSection\":[\"cestov\u00e1n\u00ed\",\"osobnosti\",\"Spole\u010dnost\",\"voices of Meltingpot\"],\"inLanguage\":\"cs\",\"potentialAction\":[{\"@type\":\"CommentAction\",\"name\":\"Comment\",\"target\":[\"https:\/\/www.lucernatv.cz\/index.php\/2021\/03\/04\/voices-of-meltingpot-kamila-kielar\/#respond\"]}]},{\"@type\":\"WebPage\",\"@id\":\"https:\/\/www.lucernatv.cz\/index.php\/2021\/03\/04\/voices-of-meltingpot-kamila-kielar\/\",\"url\":\"https:\/\/www.lucernatv.cz\/index.php\/2021\/03\/04\/voices-of-meltingpot-kamila-kielar\/\",\"name\":\"Voices of Meltingpot \u2013 Kamila Kielar - lucernatv.cz\",\"isPartOf\":{\"@id\":\"https:\/\/www.lucernatv.cz\/#website\"},\"datePublished\":\"2021-03-04T06:35:05+00:00\",\"dateModified\":\"2021-03-04T06:38:35+00:00\",\"breadcrumb\":{\"@id\":\"https:\/\/www.lucernatv.cz\/index.php\/2021\/03\/04\/voices-of-meltingpot-kamila-kielar\/#breadcrumb\"},\"inLanguage\":\"cs\",\"potentialAction\":[{\"@type\":\"ReadAction\",\"target\":[\"https:\/\/www.lucernatv.cz\/index.php\/2021\/03\/04\/voices-of-meltingpot-kamila-kielar\/\"]}]},{\"@type\":\"BreadcrumbList\",\"@id\":\"https:\/\/www.lucernatv.cz\/index.php\/2021\/03\/04\/voices-of-meltingpot-kamila-kielar\/#breadcrumb\",\"itemListElement\":[{\"@type\":\"ListItem\",\"position\":1,\"name\":\"Dom\u016f\",\"item\":\"https:\/\/www.lucernatv.cz\/\"},{\"@type\":\"ListItem\",\"position\":2,\"name\":\"Voices of Meltingpot \u2013 Kamila Kielar\"}]},{\"@type\":\"WebSite\",\"@id\":\"https:\/\/www.lucernatv.cz\/#website\",\"url\":\"https:\/\/www.lucernatv.cz\/\",\"name\":\"lucernatv.cz\",\"description\":\"Vzd\u011bl\u00e1vac\u00ed televize\",\"publisher\":{\"@id\":\"https:\/\/www.lucernatv.cz\/#organization\"},\"alternateName\":\"Lucerna TV\",\"potentialAction\":[{\"@type\":\"SearchAction\",\"target\":{\"@type\":\"EntryPoint\",\"urlTemplate\":\"https:\/\/www.lucernatv.cz\/?s={search_term_string}\"},\"query-input\":\"required name=search_term_string\"}],\"inLanguage\":\"cs\"},{\"@type\":\"Organization\",\"@id\":\"https:\/\/www.lucernatv.cz\/#organization\",\"name\":\"Lucerna TV\",\"url\":\"https:\/\/www.lucernatv.cz\/\",\"logo\":{\"@type\":\"ImageObject\",\"inLanguage\":\"cs\",\"@id\":\"https:\/\/www.lucernatv.cz\/#\/schema\/logo\/image\/\",\"url\":\"https:\/\/www.lucernatv.cz\/wp-content\/uploads\/2021\/02\/logo.svg\",\"contentUrl\":\"https:\/\/www.lucernatv.cz\/wp-content\/uploads\/2021\/02\/logo.svg\",\"width\":128,\"height\":41,\"caption\":\"Lucerna TV\"},\"image\":{\"@id\":\"https:\/\/www.lucernatv.cz\/#\/schema\/logo\/image\/\"},\"sameAs\":[\"https:\/\/www.facebook.com\/avtopava\",\"https:\/\/www.youtube.com\/channel\/UCtP8PPWG9JatWSMsKMOvdDg\"]},{\"@type\":\"Person\",\"@id\":\"https:\/\/www.lucernatv.cz\/#\/schema\/person\/fdc6b3778fe63c82ba7479978ad159ad\",\"name\":\"lucernatvc\",\"image\":{\"@type\":\"ImageObject\",\"inLanguage\":\"cs\",\"@id\":\"https:\/\/www.lucernatv.cz\/#\/schema\/person\/image\/\",\"url\":\"https:\/\/secure.gravatar.com\/avatar\/5b7905a95103f5227c1afd8b2a10f058?s=96&d=mm&r=g\",\"contentUrl\":\"https:\/\/secure.gravatar.com\/avatar\/5b7905a95103f5227c1afd8b2a10f058?s=96&d=mm&r=g\",\"caption\":\"lucernatvc\"},\"url\":\"https:\/\/www.lucernatv.cz\/index.php\/author\/lucernatvc\/\"}]}<\/script>\n<!-- \/ Yoast SEO plugin. -->","yoast_head_json":{"title":"Voices of Meltingpot \u2013 Kamila Kielar - lucernatv.cz","robots":{"index":"index","follow":"follow","max-snippet":"max-snippet:-1","max-image-preview":"max-image-preview:large","max-video-preview":"max-video-preview:-1"},"canonical":"https:\/\/www.lucernatv.cz\/index.php\/2021\/03\/04\/voices-of-meltingpot-kamila-kielar\/","og_locale":"cs_CZ","og_type":"article","og_title":"Voices of Meltingpot \u2013 Kamila Kielar - lucernatv.cz","og_description":"Cestovatelka, specialistka na dalek\u00fd sever, kter\u00e1 str\u00e1vila roky pozn\u00e1v\u00e1n\u00edm p\u0159\u00edrody a v\u00fdzkumem na Alja\u0161ce, v Kanad\u011b i v Laponsku. Sama plula na kajaku vodami Britsk\u00e9 Kolumbie, aby se setkala s \u201emedv\u011bd\u00edm duchem\u201c \u2013 Baribalem b\u00edl\u00fdm. Sama projela na kole zasn\u011b\u017een\u00fd Yukon, Alja\u0161ku, Kam\u010datku, sama pro\u0161la slavnou Pacifickou h\u0159ebenovku. Na cest\u00e1ch poznala lovce, biology, rangery. Dvakr\u00e1t&hellip;&nbsp;\u010c\u00edst d\u00e1le &raquo;Voices of Meltingpot \u2013 Kamila Kielar","og_url":"https:\/\/www.lucernatv.cz\/index.php\/2021\/03\/04\/voices-of-meltingpot-kamila-kielar\/","og_site_name":"lucernatv.cz","article_publisher":"https:\/\/www.facebook.com\/avtopava","article_published_time":"2021-03-04T06:35:05+00:00","article_modified_time":"2021-03-04T06:38:35+00:00","og_image":[{"width":1280,"height":720,"url":"https:\/\/www.lucernatv.cz\/wp-content\/uploads\/2021\/03\/GY_QFJq1hRI.jpg","type":"image\/jpeg"}],"author":"lucernatvc","twitter_card":"summary_large_image","twitter_misc":{"Napsal(a)":"lucernatvc"},"schema":{"@context":"https:\/\/schema.org","@graph":[{"@type":"Article","@id":"https:\/\/www.lucernatv.cz\/index.php\/2021\/03\/04\/voices-of-meltingpot-kamila-kielar\/#article","isPartOf":{"@id":"https:\/\/www.lucernatv.cz\/index.php\/2021\/03\/04\/voices-of-meltingpot-kamila-kielar\/"},"author":{"name":"lucernatvc","@id":"https:\/\/www.lucernatv.cz\/#\/schema\/person\/fdc6b3778fe63c82ba7479978ad159ad"},"headline":"Voices of Meltingpot \u2013 Kamila Kielar","datePublished":"2021-03-04T06:35:05+00:00","dateModified":"2021-03-04T06:38:35+00:00","mainEntityOfPage":{"@id":"https:\/\/www.lucernatv.cz\/index.php\/2021\/03\/04\/voices-of-meltingpot-kamila-kielar\/"},"wordCount":98,"commentCount":0,"publisher":{"@id":"https:\/\/www.lucernatv.cz\/#organization"},"keywords":["Voices of Meltingpot"],"articleSection":["cestov\u00e1n\u00ed","osobnosti","Spole\u010dnost","voices of Meltingpot"],"inLanguage":"cs","potentialAction":[{"@type":"CommentAction","name":"Comment","target":["https:\/\/www.lucernatv.cz\/index.php\/2021\/03\/04\/voices-of-meltingpot-kamila-kielar\/#respond"]}]},{"@type":"WebPage","@id":"https:\/\/www.lucernatv.cz\/index.php\/2021\/03\/04\/voices-of-meltingpot-kamila-kielar\/","url":"https:\/\/www.lucernatv.cz\/index.php\/2021\/03\/04\/voices-of-meltingpot-kamila-kielar\/","name":"Voices of Meltingpot \u2013 Kamila Kielar - lucernatv.cz","isPartOf":{"@id":"https:\/\/www.lucernatv.cz\/#website"},"datePublished":"2021-03-04T06:35:05+00:00","dateModified":"2021-03-04T06:38:35+00:00","breadcrumb":{"@id":"https:\/\/www.lucernatv.cz\/index.php\/2021\/03\/04\/voices-of-meltingpot-kamila-kielar\/#breadcrumb"},"inLanguage":"cs","potentialAction":[{"@type":"ReadAction","target":["https:\/\/www.lucernatv.cz\/index.php\/2021\/03\/04\/voices-of-meltingpot-kamila-kielar\/"]}]},{"@type":"BreadcrumbList","@id":"https:\/\/www.lucernatv.cz\/index.php\/2021\/03\/04\/voices-of-meltingpot-kamila-kielar\/#breadcrumb","itemListElement":[{"@type":"ListItem","position":1,"name":"Dom\u016f","item":"https:\/\/www.lucernatv.cz\/"},{"@type":"ListItem","position":2,"name":"Voices of Meltingpot \u2013 Kamila Kielar"}]},{"@type":"WebSite","@id":"https:\/\/www.lucernatv.cz\/#website","url":"https:\/\/www.lucernatv.cz\/","name":"lucernatv.cz","description":"Vzd\u011bl\u00e1vac\u00ed televize","publisher":{"@id":"https:\/\/www.lucernatv.cz\/#organization"},"alternateName":"Lucerna TV","potentialAction":[{"@type":"SearchAction","target":{"@type":"EntryPoint","urlTemplate":"https:\/\/www.lucernatv.cz\/?s={search_term_string}"},"query-input":"required name=search_term_string"}],"inLanguage":"cs"},{"@type":"Organization","@id":"https:\/\/www.lucernatv.cz\/#organization","name":"Lucerna TV","url":"https:\/\/www.lucernatv.cz\/","logo":{"@type":"ImageObject","inLanguage":"cs","@id":"https:\/\/www.lucernatv.cz\/#\/schema\/logo\/image\/","url":"https:\/\/www.lucernatv.cz\/wp-content\/uploads\/2021\/02\/logo.svg","contentUrl":"https:\/\/www.lucernatv.cz\/wp-content\/uploads\/2021\/02\/logo.svg","width":128,"height":41,"caption":"Lucerna TV"},"image":{"@id":"https:\/\/www.lucernatv.cz\/#\/schema\/logo\/image\/"},"sameAs":["https:\/\/www.facebook.com\/avtopava","https:\/\/www.youtube.com\/channel\/UCtP8PPWG9JatWSMsKMOvdDg"]},{"@type":"Person","@id":"https:\/\/www.lucernatv.cz\/#\/schema\/person\/fdc6b3778fe63c82ba7479978ad159ad","name":"lucernatvc","image":{"@type":"ImageObject","inLanguage":"cs","@id":"https:\/\/www.lucernatv.cz\/#\/schema\/person\/image\/","url":"https:\/\/secure.gravatar.com\/avatar\/5b7905a95103f5227c1afd8b2a10f058?s=96&d=mm&r=g","contentUrl":"https:\/\/secure.gravatar.com\/avatar\/5b7905a95103f5227c1afd8b2a10f058?s=96&d=mm&r=g","caption":"lucernatvc"},"url":"https:\/\/www.lucernatv.cz\/index.php\/author\/lucernatvc\/"}]}},"uagb_featured_image_src":{"full":["https:\/\/www.lucernatv.cz\/wp-content\/uploads\/2021\/03\/GY_QFJq1hRI.jpg",1280,720,false],"thumbnail":["https:\/\/www.lucernatv.cz\/wp-content\/uploads\/2021\/03\/GY_QFJq1hRI-150x150.jpg",150,150,true],"medium":["https:\/\/www.lucernatv.cz\/wp-content\/uploads\/2021\/03\/GY_QFJq1hRI-318x180.jpg",318,180,true],"medium_large":["https:\/\/www.lucernatv.cz\/wp-content\/uploads\/2021\/03\/GY_QFJq1hRI-768x432.jpg",768,432,true],"large":["https:\/\/www.lucernatv.cz\/wp-content\/uploads\/2021\/03\/GY_QFJq1hRI.jpg",1200,675,false],"1536x1536":["https:\/\/www.lucernatv.cz\/wp-content\/uploads\/2021\/03\/GY_QFJq1hRI.jpg",1280,720,false],"2048x2048":["https:\/\/www.lucernatv.cz\/wp-content\/uploads\/2021\/03\/GY_QFJq1hRI.jpg",1280,720,false],"ultp_layout_landscape_large":["https:\/\/www.lucernatv.cz\/wp-content\/uploads\/2021\/03\/GY_QFJq1hRI-1200x720.jpg",1200,720,true],"ultp_layout_landscape":["https:\/\/www.lucernatv.cz\/wp-content\/uploads\/2021\/03\/GY_QFJq1hRI-870x570.jpg",870,570,true],"ultp_layout_portrait":["https:\/\/www.lucernatv.cz\/wp-content\/uploads\/2021\/03\/GY_QFJq1hRI-600x720.jpg",600,720,true],"ultp_layout_square":["https:\/\/www.lucernatv.cz\/wp-content\/uploads\/2021\/03\/GY_QFJq1hRI-600x600.jpg",600,600,true],"vp_sm":["https:\/\/www.lucernatv.cz\/wp-content\/uploads\/2021\/03\/GY_QFJq1hRI-500x281.jpg",500,281,true],"vp_md":["https:\/\/www.lucernatv.cz\/wp-content\/uploads\/2021\/03\/GY_QFJq1hRI-800x450.jpg",800,450,true],"vp_lg":["https:\/\/www.lucernatv.cz\/wp-content\/uploads\/2021\/03\/GY_QFJq1hRI.jpg",1280,720,false],"vp_xl":["https:\/\/www.lucernatv.cz\/wp-content\/uploads\/2021\/03\/GY_QFJq1hRI.jpg",1280,720,false],"vp_sm_popup":["https:\/\/www.lucernatv.cz\/wp-content\/uploads\/2021\/03\/GY_QFJq1hRI-500x281.jpg",500,281,true],"vp_md_popup":["https:\/\/www.lucernatv.cz\/wp-content\/uploads\/2021\/03\/GY_QFJq1hRI-800x450.jpg",800,450,true],"vp_xl_popup":["https:\/\/www.lucernatv.cz\/wp-content\/uploads\/2021\/03\/GY_QFJq1hRI.jpg",1280,720,false],"neve-blog":["https:\/\/www.lucernatv.cz\/wp-content\/uploads\/2021\/03\/GY_QFJq1hRI-930x620.jpg",930,620,true]},"uagb_author_info":{"display_name":"lucernatvc","author_link":"https:\/\/www.lucernatv.cz\/index.php\/author\/lucernatvc\/"},"uagb_comment_info":0,"uagb_excerpt":"Cestovatelka, specialistka na dalek\u00fd sever, kter\u00e1 str\u00e1vila roky pozn\u00e1v\u00e1n\u00edm p\u0159\u00edrody a v\u00fdzkumem na Alja\u0161ce, v Kanad\u011b i v Laponsku. Sama plula na kajaku vodami Britsk\u00e9 Kolumbie, aby se setkala s \u201emedv\u011bd\u00edm duchem\u201c \u2013 Baribalem b\u00edl\u00fdm. Sama projela na kole zasn\u011b\u017een\u00fd Yukon, Alja\u0161ku, Kam\u010datku, sama pro\u0161la slavnou Pacifickou h\u0159ebenovku. Na cest\u00e1ch poznala lovce, biology, rangery. Dvakr\u00e1t&hellip;&nbsp;\u010c\u00edst&hellip;","_links":{"self":[{"href":"https:\/\/www.lucernatv.cz\/index.php\/wp-json\/wp\/v2\/posts\/2872"}],"collection":[{"href":"https:\/\/www.lucernatv.cz\/index.php\/wp-json\/wp\/v2\/posts"}],"about":[{"href":"https:\/\/www.lucernatv.cz\/index.php\/wp-json\/wp\/v2\/types\/post"}],"author":[{"embeddable":true,"href":"https:\/\/www.lucernatv.cz\/index.php\/wp-json\/wp\/v2\/users\/1"}],"replies":[{"embeddable":true,"href":"https:\/\/www.lucernatv.cz\/index.php\/wp-json\/wp\/v2\/comments?post=2872"}],"version-history":[{"count":1,"href":"https:\/\/www.lucernatv.cz\/index.php\/wp-json\/wp\/v2\/posts\/2872\/revisions"}],"predecessor-version":[{"id":2873,"href":"https:\/\/www.lucernatv.cz\/index.php\/wp-json\/wp\/v2\/posts\/2872\/revisions\/2873"}],"wp:featuredmedia":[{"embeddable":true,"href":"https:\/\/www.lucernatv.cz\/index.php\/wp-json\/wp\/v2\/media\/2874"}],"wp:attachment":[{"href":"https:\/\/www.lucernatv.cz\/index.php\/wp-json\/wp\/v2\/media?parent=2872"}],"wp:term":[{"taxonomy":"category","embeddable":true,"href":"https:\/\/www.lucernatv.cz\/index.php\/wp-json\/wp\/v2\/categories?post=2872"},{"taxonomy":"post_tag","embeddable":true,"href":"https:\/\/www.lucernatv.cz\/index.php\/wp-json\/wp\/v2\/tags?post=2872"}],"curies":[{"name":"wp","href":"https:\/\/api.w.org\/{rel}","templated":true}]}}