{"id":2684,"date":"2021-02-21T22:18:57","date_gmt":"2021-02-21T22:18:57","guid":{"rendered":"https:\/\/www.lucernatv.cz\/?p=2684"},"modified":"2021-02-21T22:25:21","modified_gmt":"2021-02-21T22:25:21","slug":"visegradske-ateliery-4-magda-grzybowska","status":"publish","type":"post","link":"https:\/\/www.lucernatv.cz\/index.php\/2021\/02\/21\/visegradske-ateliery-4-magda-grzybowska\/","title":{"rendered":"Visegr\u00e1dsk\u00e9 ateli\u00e9ry 4 \u2013 Magda Grzybowska"},"content":{"rendered":"\n<p>Ve \u010dtvrt\u00e9m d\u00edle cyklu, ve kter\u00e9m p\u0159edstavujeme v\u00fdtvarn\u00edky visegr\u00e1dsk\u00e9ho okruhu, naru\u0161\u00edme dosavadn\u00ed mu\u017eskou hegemonii sympatickou mladou \u017eenou. Cyklus p\u0159ipravujeme ve spolupr\u00e1ci s revue Protimluv.<\/p>\n\n\n<div class=\"wp-block-visual-portfolio\">\n<div class=\"vp-portfolio vp-uid-a3bc549d vp-id-lH4KC\"\n    data-vp-layout=\"masonry\" data-vp-content-source=\"images\" data-vp-items-style=\"fly\" data-vp-items-click-action=\"popup_gallery\" data-vp-items-gap=\"15\" data-vp-items-gap-vertical=\"\" data-vp-pagination=\"load-more\" data-vp-next-page-url=\"\" data-vp-masonry-columns=\"3\" >\n    <div class=\"vp-portfolio__preloader-wrap\">\n        <div class=\"vp-portfolio__preloader\">\n            <img decoding=\"async\" loading=\"eager\" src=\"https:\/\/www.lucernatv.cz\/wp-content\/plugins\/visual-portfolio\/assets\/images\/logo-dark.svg\" alt=\"Visual Portfolio, Posts &amp; Image Gallery for WordPress\" width=\"20\" height=\"20\" data-skip-lazy>\n        <\/div>\n    <\/div>\n        <div class=\"vp-portfolio__items-wrap\">\n            \n<div class=\"vp-portfolio__items vp-portfolio__items-style-fly vp-portfolio__items-show-overlay-hover\">\n\n        <div        class=\"vp-portfolio__item-wrap vp-portfolio__item-uid-0d44b628\" data-vp-filter=\"\"         >\n            <template class=\"vp-portfolio__item-popup\" data-vp-popup-img=\"https:\/\/www.lucernatv.cz\/wp-content\/uploads\/2021\/02\/image007.jpg\" data-vp-popup-img-srcset=\"https:\/\/www.lucernatv.cz\/wp-content\/uploads\/2021\/02\/image007.jpg 960w, https:\/\/www.lucernatv.cz\/wp-content\/uploads\/2021\/02\/image007-151x180.jpg 151w, https:\/\/www.lucernatv.cz\/wp-content\/uploads\/2021\/02\/image007-903x1080.jpg 903w, https:\/\/www.lucernatv.cz\/wp-content\/uploads\/2021\/02\/image007-768x918.jpg 768w, https:\/\/www.lucernatv.cz\/wp-content\/uploads\/2021\/02\/image007-500x598.jpg 500w, https:\/\/www.lucernatv.cz\/wp-content\/uploads\/2021\/02\/image007-800x957.jpg 800w\" data-vp-popup-img-size=\"960x1148\" data-vp-popup-md-img=\"https:\/\/www.lucernatv.cz\/wp-content\/uploads\/2021\/02\/image007-800x957.jpg\" data-vp-popup-md-img-size=\"800x957\" data-vp-popup-sm-img=\"https:\/\/www.lucernatv.cz\/wp-content\/uploads\/2021\/02\/image007-500x598.jpg\" data-vp-popup-sm-img-size=\"500x598\">\n            <h3 class=\"vp-portfolio__item-popup-title\">Magda Grzybowska 1<\/h3>\n        <\/template>\n                        <figure class=\"vp-portfolio__item\">\n                \n<div class=\"vp-portfolio__item-img-wrap\">\n    <div class=\"vp-portfolio__item-img\">\n            <a\n        href=\"https:\/\/www.lucernatv.cz\/wp-content\/uploads\/2021\/02\/image007.jpg\"\n            >\n    \n        <img decoding=\"async\" width=\"960\" height=\"1148\" src=\"https:\/\/www.lucernatv.cz\/wp-content\/uploads\/2021\/02\/image007.jpg\" class=\"wp-image-2685\" alt=\"\" srcset=\"https:\/\/www.lucernatv.cz\/wp-content\/uploads\/2021\/02\/image007.jpg 960w, https:\/\/www.lucernatv.cz\/wp-content\/uploads\/2021\/02\/image007-151x180.jpg 151w, https:\/\/www.lucernatv.cz\/wp-content\/uploads\/2021\/02\/image007-903x1080.jpg 903w, https:\/\/www.lucernatv.cz\/wp-content\/uploads\/2021\/02\/image007-768x918.jpg 768w, https:\/\/www.lucernatv.cz\/wp-content\/uploads\/2021\/02\/image007-500x598.jpg 500w, https:\/\/www.lucernatv.cz\/wp-content\/uploads\/2021\/02\/image007-800x957.jpg 800w\" sizes=\"(max-width: 960px) 100vw, 960px\" \/>\n        <\/a>    <\/div>\n<\/div>\n\n<figcaption class=\"vp-portfolio__item-overlay vp-portfolio__item-overlay-text-align-center\">\n    <div class=\"vp-portfolio__item-meta-wrap vp-portfolio__custom-scrollbar\">\n            <a\n        href=\"https:\/\/www.lucernatv.cz\/wp-content\/uploads\/2021\/02\/image007.jpg\"\n        tabindex=\"-1\" class=\"vp-portfolio__item-meta\"     >\n    \n        \n<h2 class=\"vp-portfolio__item-meta-title\">\n    Magda Grzybowska 1<\/h2>\n\n        <\/a>    <\/div>\n<\/figcaption>\n            <\/figure>\n                    <\/div>\n        \n        <div        class=\"vp-portfolio__item-wrap vp-portfolio__item-uid-59555a56\" data-vp-filter=\"\"         >\n            <template class=\"vp-portfolio__item-popup\" data-vp-popup-img=\"https:\/\/www.lucernatv.cz\/wp-content\/uploads\/2021\/02\/P1240020-scaled.jpeg\" data-vp-popup-img-srcset=\"https:\/\/www.lucernatv.cz\/wp-content\/uploads\/2021\/02\/P1240020-scaled.jpeg 1440w, https:\/\/www.lucernatv.cz\/wp-content\/uploads\/2021\/02\/P1240020-101x180.jpeg 101w, https:\/\/www.lucernatv.cz\/wp-content\/uploads\/2021\/02\/P1240020-607x1080.jpeg 607w, https:\/\/www.lucernatv.cz\/wp-content\/uploads\/2021\/02\/P1240020-768x1366.jpeg 768w, https:\/\/www.lucernatv.cz\/wp-content\/uploads\/2021\/02\/P1240020-500x889.jpeg 500w, https:\/\/www.lucernatv.cz\/wp-content\/uploads\/2021\/02\/P1240020-800x1422.jpeg 800w, https:\/\/www.lucernatv.cz\/wp-content\/uploads\/2021\/02\/P1240020-1280x2276.jpeg 1280w, https:\/\/www.lucernatv.cz\/wp-content\/uploads\/2021\/02\/P1240020-864x1536.jpeg 864w, https:\/\/www.lucernatv.cz\/wp-content\/uploads\/2021\/02\/P1240020-1152x2048.jpeg 1152w\" data-vp-popup-img-size=\"1440x2560\" data-vp-popup-md-img=\"https:\/\/www.lucernatv.cz\/wp-content\/uploads\/2021\/02\/P1240020-800x1422.jpeg\" data-vp-popup-md-img-size=\"800x1422\" data-vp-popup-sm-img=\"https:\/\/www.lucernatv.cz\/wp-content\/uploads\/2021\/02\/P1240020-500x889.jpeg\" data-vp-popup-sm-img-size=\"500x889\">\n            <h3 class=\"vp-portfolio__item-popup-title\">Magda Grzybowska 2<\/h3>\n        <\/template>\n                        <figure class=\"vp-portfolio__item\">\n                \n<div class=\"vp-portfolio__item-img-wrap\">\n    <div class=\"vp-portfolio__item-img\">\n            <a\n        href=\"https:\/\/www.lucernatv.cz\/wp-content\/uploads\/2021\/02\/P1240020-scaled.jpeg\"\n            >\n    \n        <img decoding=\"async\" width=\"1440\" height=\"2560\" src=\"https:\/\/www.lucernatv.cz\/wp-content\/uploads\/2021\/02\/P1240020-scaled.jpeg\" class=\"wp-image-2690\" alt=\"\" srcset=\"https:\/\/www.lucernatv.cz\/wp-content\/uploads\/2021\/02\/P1240020-scaled.jpeg 1440w, https:\/\/www.lucernatv.cz\/wp-content\/uploads\/2021\/02\/P1240020-101x180.jpeg 101w, https:\/\/www.lucernatv.cz\/wp-content\/uploads\/2021\/02\/P1240020-607x1080.jpeg 607w, https:\/\/www.lucernatv.cz\/wp-content\/uploads\/2021\/02\/P1240020-768x1366.jpeg 768w, https:\/\/www.lucernatv.cz\/wp-content\/uploads\/2021\/02\/P1240020-500x889.jpeg 500w, https:\/\/www.lucernatv.cz\/wp-content\/uploads\/2021\/02\/P1240020-800x1422.jpeg 800w, https:\/\/www.lucernatv.cz\/wp-content\/uploads\/2021\/02\/P1240020-1280x2276.jpeg 1280w, https:\/\/www.lucernatv.cz\/wp-content\/uploads\/2021\/02\/P1240020-864x1536.jpeg 864w, https:\/\/www.lucernatv.cz\/wp-content\/uploads\/2021\/02\/P1240020-1152x2048.jpeg 1152w\" sizes=\"(max-width: 1440px) 100vw, 1440px\" \/>\n        <\/a>    <\/div>\n<\/div>\n\n<figcaption class=\"vp-portfolio__item-overlay vp-portfolio__item-overlay-text-align-center\">\n    <div class=\"vp-portfolio__item-meta-wrap vp-portfolio__custom-scrollbar\">\n            <a\n        href=\"https:\/\/www.lucernatv.cz\/wp-content\/uploads\/2021\/02\/P1240020-scaled.jpeg\"\n        tabindex=\"-1\" class=\"vp-portfolio__item-meta\"     >\n    \n        \n<h2 class=\"vp-portfolio__item-meta-title\">\n    Magda Grzybowska 2<\/h2>\n\n        <\/a>    <\/div>\n<\/figcaption>\n            <\/figure>\n                    <\/div>\n        \n        <div        class=\"vp-portfolio__item-wrap vp-portfolio__item-uid-ee8db4f2\" data-vp-filter=\"\"         >\n            <template class=\"vp-portfolio__item-popup\" data-vp-popup-img=\"https:\/\/www.lucernatv.cz\/wp-content\/uploads\/2021\/02\/IMG_6464-Copy.jpg\" data-vp-popup-img-srcset=\"https:\/\/www.lucernatv.cz\/wp-content\/uploads\/2021\/02\/IMG_6464-Copy.jpg 1368w, https:\/\/www.lucernatv.cz\/wp-content\/uploads\/2021\/02\/IMG_6464-Copy-270x180.jpg 270w, https:\/\/www.lucernatv.cz\/wp-content\/uploads\/2021\/02\/IMG_6464-Copy-768x512.jpg 768w, https:\/\/www.lucernatv.cz\/wp-content\/uploads\/2021\/02\/IMG_6464-Copy-500x333.jpg 500w, https:\/\/www.lucernatv.cz\/wp-content\/uploads\/2021\/02\/IMG_6464-Copy-800x533.jpg 800w, https:\/\/www.lucernatv.cz\/wp-content\/uploads\/2021\/02\/IMG_6464-Copy-1280x853.jpg 1280w, https:\/\/www.lucernatv.cz\/wp-content\/uploads\/2021\/02\/IMG_6464-Copy-1200x800.jpg 1200w, https:\/\/www.lucernatv.cz\/wp-content\/uploads\/2021\/02\/IMG_6464-Copy-930x620.jpg 930w\" data-vp-popup-img-size=\"1368x912\" data-vp-popup-md-img=\"https:\/\/www.lucernatv.cz\/wp-content\/uploads\/2021\/02\/IMG_6464-Copy-800x533.jpg\" data-vp-popup-md-img-size=\"800x533\" data-vp-popup-sm-img=\"https:\/\/www.lucernatv.cz\/wp-content\/uploads\/2021\/02\/IMG_6464-Copy-500x333.jpg\" data-vp-popup-sm-img-size=\"500x333\">\n            <h3 class=\"vp-portfolio__item-popup-title\">Magda Grzybowska 3<\/h3>\n        <\/template>\n                        <figure class=\"vp-portfolio__item\">\n                \n<div class=\"vp-portfolio__item-img-wrap\">\n    <div class=\"vp-portfolio__item-img\">\n            <a\n        href=\"https:\/\/www.lucernatv.cz\/wp-content\/uploads\/2021\/02\/IMG_6464-Copy.jpg\"\n            >\n    \n        <img decoding=\"async\" width=\"1368\" height=\"912\" src=\"https:\/\/www.lucernatv.cz\/wp-content\/uploads\/2021\/02\/IMG_6464-Copy.jpg\" class=\"wp-image-2686\" alt=\"\" srcset=\"https:\/\/www.lucernatv.cz\/wp-content\/uploads\/2021\/02\/IMG_6464-Copy.jpg 1368w, https:\/\/www.lucernatv.cz\/wp-content\/uploads\/2021\/02\/IMG_6464-Copy-270x180.jpg 270w, https:\/\/www.lucernatv.cz\/wp-content\/uploads\/2021\/02\/IMG_6464-Copy-768x512.jpg 768w, https:\/\/www.lucernatv.cz\/wp-content\/uploads\/2021\/02\/IMG_6464-Copy-500x333.jpg 500w, https:\/\/www.lucernatv.cz\/wp-content\/uploads\/2021\/02\/IMG_6464-Copy-800x533.jpg 800w, https:\/\/www.lucernatv.cz\/wp-content\/uploads\/2021\/02\/IMG_6464-Copy-1280x853.jpg 1280w, https:\/\/www.lucernatv.cz\/wp-content\/uploads\/2021\/02\/IMG_6464-Copy-1200x800.jpg 1200w, https:\/\/www.lucernatv.cz\/wp-content\/uploads\/2021\/02\/IMG_6464-Copy-930x620.jpg 930w\" sizes=\"(max-width: 1368px) 100vw, 1368px\" \/>\n        <\/a>    <\/div>\n<\/div>\n\n<figcaption class=\"vp-portfolio__item-overlay vp-portfolio__item-overlay-text-align-center\">\n    <div class=\"vp-portfolio__item-meta-wrap vp-portfolio__custom-scrollbar\">\n            <a\n        href=\"https:\/\/www.lucernatv.cz\/wp-content\/uploads\/2021\/02\/IMG_6464-Copy.jpg\"\n        tabindex=\"-1\" class=\"vp-portfolio__item-meta\"     >\n    \n        \n<h2 class=\"vp-portfolio__item-meta-title\">\n    Magda Grzybowska 3<\/h2>\n\n        <\/a>    <\/div>\n<\/figcaption>\n            <\/figure>\n                    <\/div>\n        \n        <div        class=\"vp-portfolio__item-wrap vp-portfolio__item-uid-a4eaadd4\" data-vp-filter=\"\"         >\n            <template class=\"vp-portfolio__item-popup\" data-vp-popup-img=\"https:\/\/www.lucernatv.cz\/wp-content\/uploads\/2021\/02\/IMG_6474-Copy.jpg\" data-vp-popup-img-srcset=\"https:\/\/www.lucernatv.cz\/wp-content\/uploads\/2021\/02\/IMG_6474-Copy.jpg 1368w, https:\/\/www.lucernatv.cz\/wp-content\/uploads\/2021\/02\/IMG_6474-Copy-270x180.jpg 270w, https:\/\/www.lucernatv.cz\/wp-content\/uploads\/2021\/02\/IMG_6474-Copy-768x512.jpg 768w, https:\/\/www.lucernatv.cz\/wp-content\/uploads\/2021\/02\/IMG_6474-Copy-500x333.jpg 500w, https:\/\/www.lucernatv.cz\/wp-content\/uploads\/2021\/02\/IMG_6474-Copy-800x533.jpg 800w, https:\/\/www.lucernatv.cz\/wp-content\/uploads\/2021\/02\/IMG_6474-Copy-1280x853.jpg 1280w, https:\/\/www.lucernatv.cz\/wp-content\/uploads\/2021\/02\/IMG_6474-Copy-1200x800.jpg 1200w, https:\/\/www.lucernatv.cz\/wp-content\/uploads\/2021\/02\/IMG_6474-Copy-930x620.jpg 930w\" data-vp-popup-img-size=\"1368x912\" data-vp-popup-md-img=\"https:\/\/www.lucernatv.cz\/wp-content\/uploads\/2021\/02\/IMG_6474-Copy-800x533.jpg\" data-vp-popup-md-img-size=\"800x533\" data-vp-popup-sm-img=\"https:\/\/www.lucernatv.cz\/wp-content\/uploads\/2021\/02\/IMG_6474-Copy-500x333.jpg\" data-vp-popup-sm-img-size=\"500x333\">\n            <h3 class=\"vp-portfolio__item-popup-title\">Magda Grzybowska 4<\/h3>\n        <\/template>\n                        <figure class=\"vp-portfolio__item\">\n                \n<div class=\"vp-portfolio__item-img-wrap\">\n    <div class=\"vp-portfolio__item-img\">\n            <a\n        href=\"https:\/\/www.lucernatv.cz\/wp-content\/uploads\/2021\/02\/IMG_6474-Copy.jpg\"\n            >\n    \n        <img decoding=\"async\" width=\"1368\" height=\"912\" src=\"https:\/\/www.lucernatv.cz\/wp-content\/uploads\/2021\/02\/IMG_6474-Copy.jpg\" class=\"wp-image-2687\" alt=\"\" srcset=\"https:\/\/www.lucernatv.cz\/wp-content\/uploads\/2021\/02\/IMG_6474-Copy.jpg 1368w, https:\/\/www.lucernatv.cz\/wp-content\/uploads\/2021\/02\/IMG_6474-Copy-270x180.jpg 270w, https:\/\/www.lucernatv.cz\/wp-content\/uploads\/2021\/02\/IMG_6474-Copy-768x512.jpg 768w, https:\/\/www.lucernatv.cz\/wp-content\/uploads\/2021\/02\/IMG_6474-Copy-500x333.jpg 500w, https:\/\/www.lucernatv.cz\/wp-content\/uploads\/2021\/02\/IMG_6474-Copy-800x533.jpg 800w, https:\/\/www.lucernatv.cz\/wp-content\/uploads\/2021\/02\/IMG_6474-Copy-1280x853.jpg 1280w, https:\/\/www.lucernatv.cz\/wp-content\/uploads\/2021\/02\/IMG_6474-Copy-1200x800.jpg 1200w, https:\/\/www.lucernatv.cz\/wp-content\/uploads\/2021\/02\/IMG_6474-Copy-930x620.jpg 930w\" sizes=\"(max-width: 1368px) 100vw, 1368px\" \/>\n        <\/a>    <\/div>\n<\/div>\n\n<figcaption class=\"vp-portfolio__item-overlay vp-portfolio__item-overlay-text-align-center\">\n    <div class=\"vp-portfolio__item-meta-wrap vp-portfolio__custom-scrollbar\">\n            <a\n        href=\"https:\/\/www.lucernatv.cz\/wp-content\/uploads\/2021\/02\/IMG_6474-Copy.jpg\"\n        tabindex=\"-1\" class=\"vp-portfolio__item-meta\"     >\n    \n        \n<h2 class=\"vp-portfolio__item-meta-title\">\n    Magda Grzybowska 4<\/h2>\n\n        <\/a>    <\/div>\n<\/figcaption>\n            <\/figure>\n                    <\/div>\n        \n        <div        class=\"vp-portfolio__item-wrap vp-portfolio__item-uid-86756c55\" data-vp-filter=\"\"         >\n            <template class=\"vp-portfolio__item-popup\" data-vp-popup-img=\"https:\/\/www.lucernatv.cz\/wp-content\/uploads\/2021\/02\/P1110717.jpeg\" data-vp-popup-img-srcset=\"https:\/\/www.lucernatv.cz\/wp-content\/uploads\/2021\/02\/P1110717.jpeg 1500w, https:\/\/www.lucernatv.cz\/wp-content\/uploads\/2021\/02\/P1110717-318x180.jpeg 318w, https:\/\/www.lucernatv.cz\/wp-content\/uploads\/2021\/02\/P1110717-768x432.jpeg 768w, https:\/\/www.lucernatv.cz\/wp-content\/uploads\/2021\/02\/P1110717-500x281.jpeg 500w, https:\/\/www.lucernatv.cz\/wp-content\/uploads\/2021\/02\/P1110717-800x450.jpeg 800w, https:\/\/www.lucernatv.cz\/wp-content\/uploads\/2021\/02\/P1110717-1280x720.jpeg 1280w\" data-vp-popup-img-size=\"1500x844\" data-vp-popup-md-img=\"https:\/\/www.lucernatv.cz\/wp-content\/uploads\/2021\/02\/P1110717-800x450.jpeg\" data-vp-popup-md-img-size=\"800x450\" data-vp-popup-sm-img=\"https:\/\/www.lucernatv.cz\/wp-content\/uploads\/2021\/02\/P1110717-500x281.jpeg\" data-vp-popup-sm-img-size=\"500x281\">\n            <h3 class=\"vp-portfolio__item-popup-title\">Magda Grzybowska 5<\/h3>\n        <\/template>\n                        <figure class=\"vp-portfolio__item\">\n                \n<div class=\"vp-portfolio__item-img-wrap\">\n    <div class=\"vp-portfolio__item-img\">\n            <a\n        href=\"https:\/\/www.lucernatv.cz\/wp-content\/uploads\/2021\/02\/P1110717.jpeg\"\n            >\n    \n        <img decoding=\"async\" width=\"1500\" height=\"844\" src=\"https:\/\/www.lucernatv.cz\/wp-content\/uploads\/2021\/02\/P1110717.jpeg\" class=\"wp-image-2688\" alt=\"\" srcset=\"https:\/\/www.lucernatv.cz\/wp-content\/uploads\/2021\/02\/P1110717.jpeg 1500w, https:\/\/www.lucernatv.cz\/wp-content\/uploads\/2021\/02\/P1110717-318x180.jpeg 318w, https:\/\/www.lucernatv.cz\/wp-content\/uploads\/2021\/02\/P1110717-768x432.jpeg 768w, https:\/\/www.lucernatv.cz\/wp-content\/uploads\/2021\/02\/P1110717-500x281.jpeg 500w, https:\/\/www.lucernatv.cz\/wp-content\/uploads\/2021\/02\/P1110717-800x450.jpeg 800w, https:\/\/www.lucernatv.cz\/wp-content\/uploads\/2021\/02\/P1110717-1280x720.jpeg 1280w\" sizes=\"(max-width: 1500px) 100vw, 1500px\" \/>\n        <\/a>    <\/div>\n<\/div>\n\n<figcaption class=\"vp-portfolio__item-overlay vp-portfolio__item-overlay-text-align-center\">\n    <div class=\"vp-portfolio__item-meta-wrap vp-portfolio__custom-scrollbar\">\n            <a\n        href=\"https:\/\/www.lucernatv.cz\/wp-content\/uploads\/2021\/02\/P1110717.jpeg\"\n        tabindex=\"-1\" class=\"vp-portfolio__item-meta\"     >\n    \n        \n<h2 class=\"vp-portfolio__item-meta-title\">\n    Magda Grzybowska 5<\/h2>\n\n        <\/a>    <\/div>\n<\/figcaption>\n            <\/figure>\n                    <\/div>\n        \n        <div        class=\"vp-portfolio__item-wrap vp-portfolio__item-uid-cc127573\" data-vp-filter=\"\"         >\n            <template class=\"vp-portfolio__item-popup\" data-vp-popup-img=\"https:\/\/www.lucernatv.cz\/wp-content\/uploads\/2021\/02\/P1240009.jpeg\" data-vp-popup-img-srcset=\"https:\/\/www.lucernatv.cz\/wp-content\/uploads\/2021\/02\/P1240009.jpeg 1500w, https:\/\/www.lucernatv.cz\/wp-content\/uploads\/2021\/02\/P1240009-318x180.jpeg 318w, https:\/\/www.lucernatv.cz\/wp-content\/uploads\/2021\/02\/P1240009-768x432.jpeg 768w, https:\/\/www.lucernatv.cz\/wp-content\/uploads\/2021\/02\/P1240009-500x281.jpeg 500w, https:\/\/www.lucernatv.cz\/wp-content\/uploads\/2021\/02\/P1240009-800x450.jpeg 800w, https:\/\/www.lucernatv.cz\/wp-content\/uploads\/2021\/02\/P1240009-1280x720.jpeg 1280w\" data-vp-popup-img-size=\"1500x844\" data-vp-popup-md-img=\"https:\/\/www.lucernatv.cz\/wp-content\/uploads\/2021\/02\/P1240009-800x450.jpeg\" data-vp-popup-md-img-size=\"800x450\" data-vp-popup-sm-img=\"https:\/\/www.lucernatv.cz\/wp-content\/uploads\/2021\/02\/P1240009-500x281.jpeg\" data-vp-popup-sm-img-size=\"500x281\">\n            <h3 class=\"vp-portfolio__item-popup-title\">Magda Grzybowska 6<\/h3>\n        <\/template>\n                        <figure class=\"vp-portfolio__item\">\n                \n<div class=\"vp-portfolio__item-img-wrap\">\n    <div class=\"vp-portfolio__item-img\">\n            <a\n        href=\"https:\/\/www.lucernatv.cz\/wp-content\/uploads\/2021\/02\/P1240009.jpeg\"\n            >\n    \n        <img decoding=\"async\" width=\"1500\" height=\"844\" src=\"https:\/\/www.lucernatv.cz\/wp-content\/uploads\/2021\/02\/P1240009.jpeg\" class=\"wp-image-2689\" alt=\"\" srcset=\"https:\/\/www.lucernatv.cz\/wp-content\/uploads\/2021\/02\/P1240009.jpeg 1500w, https:\/\/www.lucernatv.cz\/wp-content\/uploads\/2021\/02\/P1240009-318x180.jpeg 318w, https:\/\/www.lucernatv.cz\/wp-content\/uploads\/2021\/02\/P1240009-768x432.jpeg 768w, https:\/\/www.lucernatv.cz\/wp-content\/uploads\/2021\/02\/P1240009-500x281.jpeg 500w, https:\/\/www.lucernatv.cz\/wp-content\/uploads\/2021\/02\/P1240009-800x450.jpeg 800w, https:\/\/www.lucernatv.cz\/wp-content\/uploads\/2021\/02\/P1240009-1280x720.jpeg 1280w\" sizes=\"(max-width: 1500px) 100vw, 1500px\" \/>\n        <\/a>    <\/div>\n<\/div>\n\n<figcaption class=\"vp-portfolio__item-overlay vp-portfolio__item-overlay-text-align-center\">\n    <div class=\"vp-portfolio__item-meta-wrap vp-portfolio__custom-scrollbar\">\n            <a\n        href=\"https:\/\/www.lucernatv.cz\/wp-content\/uploads\/2021\/02\/P1240009.jpeg\"\n        tabindex=\"-1\" class=\"vp-portfolio__item-meta\"     >\n    \n        \n<h2 class=\"vp-portfolio__item-meta-title\">\n    Magda Grzybowska 6<\/h2>\n\n        <\/a>    <\/div>\n<\/figcaption>\n            <\/figure>\n                    <\/div>\n        \n        <div        class=\"vp-portfolio__item-wrap vp-portfolio__item-uid-057be76a\" data-vp-filter=\"\"         >\n            <template class=\"vp-portfolio__item-popup\" data-vp-popup-img=\"https:\/\/www.lucernatv.cz\/wp-content\/uploads\/2021\/02\/zz-13.jpeg\" data-vp-popup-img-srcset=\"https:\/\/www.lucernatv.cz\/wp-content\/uploads\/2021\/02\/zz-13.jpeg 1500w, https:\/\/www.lucernatv.cz\/wp-content\/uploads\/2021\/02\/zz-13-318x180.jpeg 318w, https:\/\/www.lucernatv.cz\/wp-content\/uploads\/2021\/02\/zz-13-768x432.jpeg 768w, https:\/\/www.lucernatv.cz\/wp-content\/uploads\/2021\/02\/zz-13-500x281.jpeg 500w, https:\/\/www.lucernatv.cz\/wp-content\/uploads\/2021\/02\/zz-13-800x450.jpeg 800w, https:\/\/www.lucernatv.cz\/wp-content\/uploads\/2021\/02\/zz-13-1280x720.jpeg 1280w\" data-vp-popup-img-size=\"1500x844\" data-vp-popup-md-img=\"https:\/\/www.lucernatv.cz\/wp-content\/uploads\/2021\/02\/zz-13-800x450.jpeg\" data-vp-popup-md-img-size=\"800x450\" data-vp-popup-sm-img=\"https:\/\/www.lucernatv.cz\/wp-content\/uploads\/2021\/02\/zz-13-500x281.jpeg\" data-vp-popup-sm-img-size=\"500x281\">\n            <h3 class=\"vp-portfolio__item-popup-title\">Magda Grzybowska 8<\/h3>\n        <\/template>\n                        <figure class=\"vp-portfolio__item\">\n                \n<div class=\"vp-portfolio__item-img-wrap\">\n    <div class=\"vp-portfolio__item-img\">\n            <a\n        href=\"https:\/\/www.lucernatv.cz\/wp-content\/uploads\/2021\/02\/zz-13.jpeg\"\n            >\n    \n        <img decoding=\"async\" width=\"1500\" height=\"844\" src=\"https:\/\/www.lucernatv.cz\/wp-content\/uploads\/2021\/02\/zz-13.jpeg\" class=\"wp-image-2692\" alt=\"\" srcset=\"https:\/\/www.lucernatv.cz\/wp-content\/uploads\/2021\/02\/zz-13.jpeg 1500w, https:\/\/www.lucernatv.cz\/wp-content\/uploads\/2021\/02\/zz-13-318x180.jpeg 318w, https:\/\/www.lucernatv.cz\/wp-content\/uploads\/2021\/02\/zz-13-768x432.jpeg 768w, https:\/\/www.lucernatv.cz\/wp-content\/uploads\/2021\/02\/zz-13-500x281.jpeg 500w, https:\/\/www.lucernatv.cz\/wp-content\/uploads\/2021\/02\/zz-13-800x450.jpeg 800w, https:\/\/www.lucernatv.cz\/wp-content\/uploads\/2021\/02\/zz-13-1280x720.jpeg 1280w\" sizes=\"(max-width: 1500px) 100vw, 1500px\" \/>\n        <\/a>    <\/div>\n<\/div>\n\n<figcaption class=\"vp-portfolio__item-overlay vp-portfolio__item-overlay-text-align-center\">\n    <div class=\"vp-portfolio__item-meta-wrap vp-portfolio__custom-scrollbar\">\n            <a\n        href=\"https:\/\/www.lucernatv.cz\/wp-content\/uploads\/2021\/02\/zz-13.jpeg\"\n        tabindex=\"-1\" class=\"vp-portfolio__item-meta\"     >\n    \n        \n<h2 class=\"vp-portfolio__item-meta-title\">\n    Magda Grzybowska 8<\/h2>\n\n        <\/a>    <\/div>\n<\/figcaption>\n            <\/figure>\n                    <\/div>\n        \n        <div        class=\"vp-portfolio__item-wrap vp-portfolio__item-uid-a1129f60\" data-vp-filter=\"\"         >\n            <template class=\"vp-portfolio__item-popup\" data-vp-popup-img=\"https:\/\/www.lucernatv.cz\/wp-content\/uploads\/2021\/02\/z-9.jpeg\" data-vp-popup-img-srcset=\"https:\/\/www.lucernatv.cz\/wp-content\/uploads\/2021\/02\/z-9.jpeg 1000w, https:\/\/www.lucernatv.cz\/wp-content\/uploads\/2021\/02\/z-9-318x180.jpeg 318w, https:\/\/www.lucernatv.cz\/wp-content\/uploads\/2021\/02\/z-9-768x432.jpeg 768w, https:\/\/www.lucernatv.cz\/wp-content\/uploads\/2021\/02\/z-9-500x281.jpeg 500w, https:\/\/www.lucernatv.cz\/wp-content\/uploads\/2021\/02\/z-9-800x450.jpeg 800w\" data-vp-popup-img-size=\"1000x562\" data-vp-popup-md-img=\"https:\/\/www.lucernatv.cz\/wp-content\/uploads\/2021\/02\/z-9-800x450.jpeg\" data-vp-popup-md-img-size=\"800x450\" data-vp-popup-sm-img=\"https:\/\/www.lucernatv.cz\/wp-content\/uploads\/2021\/02\/z-9-500x281.jpeg\" data-vp-popup-sm-img-size=\"500x281\">\n            <h3 class=\"vp-portfolio__item-popup-title\">Magda Grzybowska 7<\/h3>\n        <\/template>\n                        <figure class=\"vp-portfolio__item\">\n                \n<div class=\"vp-portfolio__item-img-wrap\">\n    <div class=\"vp-portfolio__item-img\">\n            <a\n        href=\"https:\/\/www.lucernatv.cz\/wp-content\/uploads\/2021\/02\/z-9.jpeg\"\n            >\n    \n        <img decoding=\"async\" width=\"1000\" height=\"562\" src=\"https:\/\/www.lucernatv.cz\/wp-content\/uploads\/2021\/02\/z-9.jpeg\" class=\"wp-image-2691\" alt=\"\" srcset=\"https:\/\/www.lucernatv.cz\/wp-content\/uploads\/2021\/02\/z-9.jpeg 1000w, https:\/\/www.lucernatv.cz\/wp-content\/uploads\/2021\/02\/z-9-318x180.jpeg 318w, https:\/\/www.lucernatv.cz\/wp-content\/uploads\/2021\/02\/z-9-768x432.jpeg 768w, https:\/\/www.lucernatv.cz\/wp-content\/uploads\/2021\/02\/z-9-500x281.jpeg 500w, https:\/\/www.lucernatv.cz\/wp-content\/uploads\/2021\/02\/z-9-800x450.jpeg 800w\" sizes=\"(max-width: 1000px) 100vw, 1000px\" \/>\n        <\/a>    <\/div>\n<\/div>\n\n<figcaption class=\"vp-portfolio__item-overlay vp-portfolio__item-overlay-text-align-center\">\n    <div class=\"vp-portfolio__item-meta-wrap vp-portfolio__custom-scrollbar\">\n            <a\n        href=\"https:\/\/www.lucernatv.cz\/wp-content\/uploads\/2021\/02\/z-9.jpeg\"\n        tabindex=\"-1\" class=\"vp-portfolio__item-meta\"     >\n    \n        \n<h2 class=\"vp-portfolio__item-meta-title\">\n    Magda Grzybowska 7<\/h2>\n\n        <\/a>    <\/div>\n<\/figcaption>\n            <\/figure>\n                    <\/div>\n        \n<\/div>\n        <\/div>\n        \n<\/div>\n<\/div>\n\n\n<p><strong>Magda Grzybowska o\u010dima Miroslava Zelinsk\u00e9ho<\/strong><\/p>\n\n\n\n<p>\u201eMotivuje m\u011b pr\u00e1v\u011b chu\u0165 vytvo\u0159it n\u011bco, co se d\u011bje v m\u00e9 hlav\u011b. Nem\u016f\u017eu se do\u010dkat, a\u017e to uvid\u00edm na vlastn\u00ed o\u010di.\u201d<\/p>\n\n\n\n<p>Magda je polsk\u00e1 v\u00fdtvarnice, p\u0159edev\u0161\u00edm socha\u0159ka a performerka (nar. 1976), bytostn\u011b spjat\u00e1 s vratislavskou Akademi\u00ed um\u011bn\u00ed Eugeniusze Gepperta, kterou vystudovala v socha\u0159sk\u00e9m ateli\u00e9ru, absolvovala doktorsk\u00e9 studium a tak\u00e9 zde vyu\u010duje (v jednom obdob\u00ed ateli\u00e9r sochy i vedla).<\/p>\n\n\n\n<p>To, co ve sv\u00e9 tvorb\u011b preferuje p\u0159edev\u0161\u00edm, je vlastn\u00ed my\u0161lenkov\u00e1 anga\u017eovanost, chce prost\u011b vid\u011bt fyzicky hotov\u00e9 to, co se zrodilo nejprve v hlav\u011b. Nejde ov\u0161em jen o \u010dist\u011b konceptu\u00e1ln\u00ed p\u0159\u00edstup, v\u017edy je kombinov\u00e1n s intuic\u00ed a tv\u016fr\u010d\u00edm v\u00fdtvarn\u00fdm vkladem. Pracuje \u010dasto s geometrick\u00fdnmi tvary, ale tak\u00e9 ji p\u0159itahuj\u00ed biomorfn\u00ed, organick\u00e9 inspirace. A vz\u00e1cn\u00e9 nejsou ani kombinace ob\u00e9ho. V materi\u00e1lech p\u0159\u00edli\u0161 vyb\u00edrav\u00e1 nen\u00ed, v\u017edy ale ct\u00ed jejich p\u0159irozenou povahu i barevnost. Zvl\u00e1\u0161tn\u00ed \u010d\u00e1st jej\u00ed tvorby p\u0159edstavuj\u00ed materi\u00e1ly a elementy pom\u00edjiv\u00e9 povahy \u2013 voda, pohyb, zvuk, sv\u011btlo. Obzvl\u00e1\u0161t\u011b sugestivn\u00edm je improvizovan\u00fd, spont\u00e1nn\u00ed tanec v d\u0159ev\u011bn\u00fdch nebo kovov\u00fdch otev\u0159en\u00fdch konstrukc\u00edch. V konkr\u00e9tn\u00edm prostoru, vymezen\u00e9m liniemi konstrukce, ale otev\u0159en\u00e9m pr\u00e1v\u011b jen jeho pouh\u00fdm r\u00e1mov\u00e1n\u00edm, se realizuje pohyb \u017eiv\u00e9ho lidsk\u00e9ho t\u011bla,<\/p>\n\n\n\n<p>Pokud jde nap\u0159. o inspirace vodou, autor\u010dina p\u0159edlo\u0148sk\u00e1 letn\u00ed vod\u00e1ck\u00e1 cesta ji p\u0159im\u011bla na zl\u00ednsk\u00e9m sympoziu Panta Rhei v roce 2019 reflektovat uhranut\u00ed architekturou spojenou s vodn\u00edmi toky, mosty, mostn\u00edmi pil\u00ed\u0159i, vlnolamy, zdymadly. Z plastov\u00fdch, modr\u00fdch a \u010dern\u00fdch komponent\u016f vznikly variace pr\u00e1v\u011b na tyto architektonick\u00e9 prvky.<\/p>\n\n\n\n<p>Vzpomn\u011bl jsem geometrick\u00e9 formy. Autorka sama \u0159\u00edk\u00e1, \u017ee v tvorb\u011b p\u0159ich\u00e1zej\u00ed chv\u00edle, kdy m\u00e1 pot\u0159ebu se do geometrick\u00e9ho prostoru vlomit, p\u0159\u00edpadn\u011b vr\u016fst (jak nazna\u010duje n\u00e1zev v\u00fdstavy, ze kter\u00e9 je \u010d\u00e1st fotografick\u00e9 dokumentace) organick\u00fdm, biomorfn\u00edm motivem. \u010casto je to u n\u00ed n\u011bjak\u00fd fragment postavy, hl\u00edna, kousek l\u00e1tky anebo p\u0159\u00edmo v performanci ji\u017e zm\u00edn\u011bn\u00fd \u017eiv\u00fd \u010dlov\u011bk, tane\u010dnice, kter\u00e1 se stane sou\u010d\u00e1st\u00ed prostorov\u00e9 kompozice. Ta se realizuje v konstrukci, kter\u00e1 je, jak jsme nazna\u010dili, \u010dasto perforovan\u00e1, resp. prostor je vymezen pouze kvadratick\u00fdmi liniemi bez vypln\u011bn\u00fdch st\u011bn a skrze tyto otvory navazuje performerka kontakt s okoln\u00edm prost\u0159ed\u00edm.<\/p>\n\n\n\n<p>Siln\u00fd z\u00e1jem jevi o figuru, \u010dasto za\u010d\u00edn\u00e1 pr\u00e1ci n\u011bjakou abstraktn\u00ed formou p\u0159i pr\u00e1ci na so\u0161e hlavy, a\u017e se antropomorfn\u00ed tvar s\u00e1m vyjev\u00ed. Figurace je u n\u00ed p\u0159\u00edtomna tak\u0159ka v\u017edy, ozku\u0161ov\u00e1n\u00ed lidsk\u00e9ho t\u011bla, jeho tvarov\u00fdch i fyzikc\u00fdch limit\u016f je v z\u00e1kladu velk\u00e9 \u010d\u00e1sti jej\u00ed tvorby. Nepracuje ov\u0161em na jedine\u010dn\u00fdch, osamocen\u00fdch, samostatn\u00fdch objektech. Obvykle \u201eoperuje\u201d s cel\u00fdmi situacemi, mnohaprvkov\u00fdmi kompozicemi. A \u010dasto tak\u00e9 \u010d\u00e1sti jedn\u00e9 kompozice \u010di situace, &nbsp;jejich jednotliv\u00e9 elementy, migruj\u00ed z jedn\u00e9 situace a kompozice do jin\u00e9. Vytv\u00e1\u0159\u00ed se tak siln\u00e9 pov\u011bdom\u00ed my\u0161lekov\u00e9ho celku, celostnosti, totality sv\u011bta a tvorby.<\/p>\n\n\n\n<p>Nevyh\u00fdb\u00e1 se m\u00edsen\u00ed a kontaminaci nejr\u016fzn\u011bj\u0161\u00edch materi\u00e1l\u016f a m\u00e9di\u00ed ani v r\u00e1mci jednoho prostorov\u00e9ho d\u00edla. Pracuje s hl\u00ednou, \u0161amotem, porcel\u00e1nem, ocel\u00ed, s tkaninami a dal\u0161\u00edmi p\u0159\u00edrodninami, ale tak\u00e9 s plasty, vyu\u017e\u00edv\u00e1 ready made, fotografii, film a jak jsme ji\u017e zm\u00ednili, vyhled\u00e1v\u00e1 i materi\u00e1ly a m\u00e9dia pom\u00edjiv\u00e9, obt\u00ed\u017en\u011b uchopiteln\u00e9. Velmi r\u00e1da experimentuje, ale nepodl\u00e9h\u00e1 \u010di p\u0159\u00edmo se br\u00e1n\u00ed p\u0159\u00edsn\u00fdm technologick\u00fdm postup\u016fm, \u0159\u00edk\u00e1 o sob\u011b, \u017ee nen\u00ed precizn\u00ed a trp\u011bliv\u00e1.<\/p>\n\n\n\n<p>Zvl\u00e1\u0161tn\u00ed vztah m\u00e1 k barv\u00e1m. Barvy podle n\u00ed prost\u011b a jednozna\u010dn\u011b existuj\u00ed jako takov\u00e9, nev\u011b\u0159\u00ed, \u017ee barva je jen p\u0159edstavou v na\u0161em mozku. Nejrad\u011bji pracuje p\u0159\u00edmo s p\u0159irozenou barevnost\u00ed materi\u00e1l\u016f, kter\u00e9 zpracov\u00e1v\u00e1, ale v pr\u016fb\u011bhu tvorby je zd\u016fraz\u0148uje. Barvu prost\u011b nikdy neopom\u00edj\u00ed.<\/p>\n\n\n\n<p>Publikovan\u00e9 fotografie p\u0159edstavuj\u00ed jej\u00ed tvorbu na nejnov\u011bji realizovan\u00e9 \u201ekarant\u00e9nn\u00ed\u201d v\u00fdstav\u011b s n\u00e1zvem Wrastanie (Vr\u016fst\u00e1n\u00ed, Galerie sou\u010dasn\u00e9ho um\u011bn\u00ed, Brzeg u Wroclawi) a pr\u00e1v\u011b zde vid\u00edme kombinace p\u0159\u00edrodn\u00edch, nepravideln\u00fdch tvar\u016f stylizovan\u00e9ho v\u011btvov\u00ed s tvarem geometrick\u00fdm. Plastov\u00e9 geometrick\u00e9 objekty jsou v\u00fdsledkem pr\u00e1ce na zl\u00ednsk\u00e9m sympoziu Panta Rhei v r. 2019 a jde pr\u00e1v\u011b o ony inspirace architekturou spojenou s vodn\u00edmi toky.<\/p>\n","protected":false},"excerpt":{"rendered":"<p>Ve \u010dtvrt\u00e9m d\u00edle cyklu, ve kter\u00e9m p\u0159edstavujeme v\u00fdtvarn\u00edky visegr\u00e1dsk\u00e9ho okruhu, naru\u0161\u00edme dosavadn\u00ed mu\u017eskou hegemonii sympatickou mladou \u017eenou. Cyklus p\u0159ipravujeme ve spolupr\u00e1ci s revue Protimluv. Magda Grzybowska o\u010dima Miroslava Zelinsk\u00e9ho \u201eMotivuje m\u011b pr\u00e1v\u011b chu\u0165 vytvo\u0159it n\u011bco, co se d\u011bje v m\u00e9 hlav\u011b. Nem\u016f\u017eu se do\u010dkat, a\u017e to uvid\u00edm na vlastn\u00ed o\u010di.\u201d Magda je polsk\u00e1 v\u00fdtvarnice, p\u0159edev\u0161\u00edm&hellip;&nbsp;<a href=\"https:\/\/www.lucernatv.cz\/index.php\/2021\/02\/21\/visegradske-ateliery-4-magda-grzybowska\/\" class=\"\" rel=\"bookmark\">\u010c\u00edst d\u00e1le &raquo;<span class=\"screen-reader-text\">Visegr\u00e1dsk\u00e9 ateli\u00e9ry 4 \u2013 Magda Grzybowska<\/span><\/a><\/p>\n","protected":false},"author":1,"featured_media":2687,"comment_status":"closed","ping_status":"open","sticky":false,"template":"","format":"gallery","meta":{"inline_featured_image":false,"_uag_custom_page_level_css":"","neve_meta_sidebar":"","neve_meta_container":"","neve_meta_enable_content_width":"","neve_meta_content_width":0,"neve_meta_title_alignment":"","neve_meta_author_avatar":"","neve_post_elements_order":"","neve_meta_disable_header":"","neve_meta_disable_footer":"","neve_meta_disable_title":"","_vp_format_video_url":"","_vp_image_focal_point":[]},"categories":[3,12],"tags":[26,63],"yoast_head":"<!-- This site is optimized with the Yoast SEO plugin v20.12 - https:\/\/yoast.com\/wordpress\/plugins\/seo\/ -->\n<title>Visegr\u00e1dsk\u00e9 ateli\u00e9ry 4 \u2013 Magda Grzybowska - lucernatv.cz<\/title>\n<meta name=\"robots\" content=\"index, follow, max-snippet:-1, max-image-preview:large, max-video-preview:-1\" \/>\n<link rel=\"canonical\" href=\"https:\/\/www.lucernatv.cz\/index.php\/2021\/02\/21\/visegradske-ateliery-4-magda-grzybowska\/\" \/>\n<meta property=\"og:locale\" content=\"cs_CZ\" \/>\n<meta property=\"og:type\" content=\"article\" \/>\n<meta property=\"og:title\" content=\"Visegr\u00e1dsk\u00e9 ateli\u00e9ry 4 \u2013 Magda Grzybowska - lucernatv.cz\" \/>\n<meta property=\"og:description\" content=\"Ve \u010dtvrt\u00e9m d\u00edle cyklu, ve kter\u00e9m p\u0159edstavujeme v\u00fdtvarn\u00edky visegr\u00e1dsk\u00e9ho okruhu, naru\u0161\u00edme dosavadn\u00ed mu\u017eskou hegemonii sympatickou mladou \u017eenou. Cyklus p\u0159ipravujeme ve spolupr\u00e1ci s revue Protimluv. Magda Grzybowska o\u010dima Miroslava Zelinsk\u00e9ho \u201eMotivuje m\u011b pr\u00e1v\u011b chu\u0165 vytvo\u0159it n\u011bco, co se d\u011bje v m\u00e9 hlav\u011b. Nem\u016f\u017eu se do\u010dkat, a\u017e to uvid\u00edm na vlastn\u00ed o\u010di.\u201d Magda je polsk\u00e1 v\u00fdtvarnice, p\u0159edev\u0161\u00edm&hellip;&nbsp;\u010c\u00edst d\u00e1le &raquo;Visegr\u00e1dsk\u00e9 ateli\u00e9ry 4 \u2013 Magda Grzybowska\" \/>\n<meta property=\"og:url\" content=\"https:\/\/www.lucernatv.cz\/index.php\/2021\/02\/21\/visegradske-ateliery-4-magda-grzybowska\/\" \/>\n<meta property=\"og:site_name\" content=\"lucernatv.cz\" \/>\n<meta property=\"article:publisher\" content=\"https:\/\/www.facebook.com\/avtopava\" \/>\n<meta property=\"article:published_time\" content=\"2021-02-21T22:18:57+00:00\" \/>\n<meta property=\"article:modified_time\" content=\"2021-02-21T22:25:21+00:00\" \/>\n<meta property=\"og:image\" content=\"https:\/\/www.lucernatv.cz\/wp-content\/uploads\/2021\/02\/IMG_6474-Copy.jpg\" \/>\n\t<meta property=\"og:image:width\" content=\"1368\" \/>\n\t<meta property=\"og:image:height\" content=\"912\" \/>\n\t<meta property=\"og:image:type\" content=\"image\/jpeg\" \/>\n<meta name=\"author\" content=\"lucernatvc\" \/>\n<meta name=\"twitter:card\" content=\"summary_large_image\" \/>\n<meta name=\"twitter:label1\" content=\"Napsal(a)\" \/>\n\t<meta name=\"twitter:data1\" content=\"lucernatvc\" \/>\n\t<meta name=\"twitter:label2\" content=\"Odhadovan\u00e1 doba \u010dten\u00ed\" \/>\n\t<meta name=\"twitter:data2\" content=\"4 minuty\" \/>\n<script type=\"application\/ld+json\" class=\"yoast-schema-graph\">{\"@context\":\"https:\/\/schema.org\",\"@graph\":[{\"@type\":\"Article\",\"@id\":\"https:\/\/www.lucernatv.cz\/index.php\/2021\/02\/21\/visegradske-ateliery-4-magda-grzybowska\/#article\",\"isPartOf\":{\"@id\":\"https:\/\/www.lucernatv.cz\/index.php\/2021\/02\/21\/visegradske-ateliery-4-magda-grzybowska\/\"},\"author\":{\"name\":\"lucernatvc\",\"@id\":\"https:\/\/www.lucernatv.cz\/#\/schema\/person\/fdc6b3778fe63c82ba7479978ad159ad\"},\"headline\":\"Visegr\u00e1dsk\u00e9 ateli\u00e9ry 4 \u2013 Magda Grzybowska\",\"datePublished\":\"2021-02-21T22:18:57+00:00\",\"dateModified\":\"2021-02-21T22:25:21+00:00\",\"mainEntityOfPage\":{\"@id\":\"https:\/\/www.lucernatv.cz\/index.php\/2021\/02\/21\/visegradske-ateliery-4-magda-grzybowska\/\"},\"wordCount\":828,\"publisher\":{\"@id\":\"https:\/\/www.lucernatv.cz\/#organization\"},\"keywords\":[\"galerie\",\"Visegr\u00e1dsk\u00e9 ateli\u00e9ry\"],\"articleSection\":[\"Kultura\",\"v\u00fdtvarn\u00e9 um\u011bn\u00ed, architektura a ve\u0159ejn\u00fd prostor\"],\"inLanguage\":\"cs\"},{\"@type\":\"WebPage\",\"@id\":\"https:\/\/www.lucernatv.cz\/index.php\/2021\/02\/21\/visegradske-ateliery-4-magda-grzybowska\/\",\"url\":\"https:\/\/www.lucernatv.cz\/index.php\/2021\/02\/21\/visegradske-ateliery-4-magda-grzybowska\/\",\"name\":\"Visegr\u00e1dsk\u00e9 ateli\u00e9ry 4 \u2013 Magda Grzybowska - lucernatv.cz\",\"isPartOf\":{\"@id\":\"https:\/\/www.lucernatv.cz\/#website\"},\"datePublished\":\"2021-02-21T22:18:57+00:00\",\"dateModified\":\"2021-02-21T22:25:21+00:00\",\"breadcrumb\":{\"@id\":\"https:\/\/www.lucernatv.cz\/index.php\/2021\/02\/21\/visegradske-ateliery-4-magda-grzybowska\/#breadcrumb\"},\"inLanguage\":\"cs\",\"potentialAction\":[{\"@type\":\"ReadAction\",\"target\":[\"https:\/\/www.lucernatv.cz\/index.php\/2021\/02\/21\/visegradske-ateliery-4-magda-grzybowska\/\"]}]},{\"@type\":\"BreadcrumbList\",\"@id\":\"https:\/\/www.lucernatv.cz\/index.php\/2021\/02\/21\/visegradske-ateliery-4-magda-grzybowska\/#breadcrumb\",\"itemListElement\":[{\"@type\":\"ListItem\",\"position\":1,\"name\":\"Dom\u016f\",\"item\":\"https:\/\/www.lucernatv.cz\/\"},{\"@type\":\"ListItem\",\"position\":2,\"name\":\"Visegr\u00e1dsk\u00e9 ateli\u00e9ry 4 \u2013 Magda Grzybowska\"}]},{\"@type\":\"WebSite\",\"@id\":\"https:\/\/www.lucernatv.cz\/#website\",\"url\":\"https:\/\/www.lucernatv.cz\/\",\"name\":\"lucernatv.cz\",\"description\":\"Vzd\u011bl\u00e1vac\u00ed televize\",\"publisher\":{\"@id\":\"https:\/\/www.lucernatv.cz\/#organization\"},\"alternateName\":\"Lucerna TV\",\"potentialAction\":[{\"@type\":\"SearchAction\",\"target\":{\"@type\":\"EntryPoint\",\"urlTemplate\":\"https:\/\/www.lucernatv.cz\/?s={search_term_string}\"},\"query-input\":\"required name=search_term_string\"}],\"inLanguage\":\"cs\"},{\"@type\":\"Organization\",\"@id\":\"https:\/\/www.lucernatv.cz\/#organization\",\"name\":\"Lucerna TV\",\"url\":\"https:\/\/www.lucernatv.cz\/\",\"logo\":{\"@type\":\"ImageObject\",\"inLanguage\":\"cs\",\"@id\":\"https:\/\/www.lucernatv.cz\/#\/schema\/logo\/image\/\",\"url\":\"https:\/\/www.lucernatv.cz\/wp-content\/uploads\/2021\/02\/logo.svg\",\"contentUrl\":\"https:\/\/www.lucernatv.cz\/wp-content\/uploads\/2021\/02\/logo.svg\",\"width\":128,\"height\":41,\"caption\":\"Lucerna TV\"},\"image\":{\"@id\":\"https:\/\/www.lucernatv.cz\/#\/schema\/logo\/image\/\"},\"sameAs\":[\"https:\/\/www.facebook.com\/avtopava\",\"https:\/\/www.youtube.com\/channel\/UCtP8PPWG9JatWSMsKMOvdDg\"]},{\"@type\":\"Person\",\"@id\":\"https:\/\/www.lucernatv.cz\/#\/schema\/person\/fdc6b3778fe63c82ba7479978ad159ad\",\"name\":\"lucernatvc\",\"image\":{\"@type\":\"ImageObject\",\"inLanguage\":\"cs\",\"@id\":\"https:\/\/www.lucernatv.cz\/#\/schema\/person\/image\/\",\"url\":\"https:\/\/secure.gravatar.com\/avatar\/5b7905a95103f5227c1afd8b2a10f058?s=96&d=mm&r=g\",\"contentUrl\":\"https:\/\/secure.gravatar.com\/avatar\/5b7905a95103f5227c1afd8b2a10f058?s=96&d=mm&r=g\",\"caption\":\"lucernatvc\"},\"url\":\"https:\/\/www.lucernatv.cz\/index.php\/author\/lucernatvc\/\"}]}<\/script>\n<!-- \/ Yoast SEO plugin. -->","yoast_head_json":{"title":"Visegr\u00e1dsk\u00e9 ateli\u00e9ry 4 \u2013 Magda Grzybowska - lucernatv.cz","robots":{"index":"index","follow":"follow","max-snippet":"max-snippet:-1","max-image-preview":"max-image-preview:large","max-video-preview":"max-video-preview:-1"},"canonical":"https:\/\/www.lucernatv.cz\/index.php\/2021\/02\/21\/visegradske-ateliery-4-magda-grzybowska\/","og_locale":"cs_CZ","og_type":"article","og_title":"Visegr\u00e1dsk\u00e9 ateli\u00e9ry 4 \u2013 Magda Grzybowska - lucernatv.cz","og_description":"Ve \u010dtvrt\u00e9m d\u00edle cyklu, ve kter\u00e9m p\u0159edstavujeme v\u00fdtvarn\u00edky visegr\u00e1dsk\u00e9ho okruhu, naru\u0161\u00edme dosavadn\u00ed mu\u017eskou hegemonii sympatickou mladou \u017eenou. Cyklus p\u0159ipravujeme ve spolupr\u00e1ci s revue Protimluv. Magda Grzybowska o\u010dima Miroslava Zelinsk\u00e9ho \u201eMotivuje m\u011b pr\u00e1v\u011b chu\u0165 vytvo\u0159it n\u011bco, co se d\u011bje v m\u00e9 hlav\u011b. Nem\u016f\u017eu se do\u010dkat, a\u017e to uvid\u00edm na vlastn\u00ed o\u010di.\u201d Magda je polsk\u00e1 v\u00fdtvarnice, p\u0159edev\u0161\u00edm&hellip;&nbsp;\u010c\u00edst d\u00e1le &raquo;Visegr\u00e1dsk\u00e9 ateli\u00e9ry 4 \u2013 Magda Grzybowska","og_url":"https:\/\/www.lucernatv.cz\/index.php\/2021\/02\/21\/visegradske-ateliery-4-magda-grzybowska\/","og_site_name":"lucernatv.cz","article_publisher":"https:\/\/www.facebook.com\/avtopava","article_published_time":"2021-02-21T22:18:57+00:00","article_modified_time":"2021-02-21T22:25:21+00:00","og_image":[{"width":1368,"height":912,"url":"https:\/\/www.lucernatv.cz\/wp-content\/uploads\/2021\/02\/IMG_6474-Copy.jpg","type":"image\/jpeg"}],"author":"lucernatvc","twitter_card":"summary_large_image","twitter_misc":{"Napsal(a)":"lucernatvc","Odhadovan\u00e1 doba \u010dten\u00ed":"4 minuty"},"schema":{"@context":"https:\/\/schema.org","@graph":[{"@type":"Article","@id":"https:\/\/www.lucernatv.cz\/index.php\/2021\/02\/21\/visegradske-ateliery-4-magda-grzybowska\/#article","isPartOf":{"@id":"https:\/\/www.lucernatv.cz\/index.php\/2021\/02\/21\/visegradske-ateliery-4-magda-grzybowska\/"},"author":{"name":"lucernatvc","@id":"https:\/\/www.lucernatv.cz\/#\/schema\/person\/fdc6b3778fe63c82ba7479978ad159ad"},"headline":"Visegr\u00e1dsk\u00e9 ateli\u00e9ry 4 \u2013 Magda Grzybowska","datePublished":"2021-02-21T22:18:57+00:00","dateModified":"2021-02-21T22:25:21+00:00","mainEntityOfPage":{"@id":"https:\/\/www.lucernatv.cz\/index.php\/2021\/02\/21\/visegradske-ateliery-4-magda-grzybowska\/"},"wordCount":828,"publisher":{"@id":"https:\/\/www.lucernatv.cz\/#organization"},"keywords":["galerie","Visegr\u00e1dsk\u00e9 ateli\u00e9ry"],"articleSection":["Kultura","v\u00fdtvarn\u00e9 um\u011bn\u00ed, architektura a ve\u0159ejn\u00fd prostor"],"inLanguage":"cs"},{"@type":"WebPage","@id":"https:\/\/www.lucernatv.cz\/index.php\/2021\/02\/21\/visegradske-ateliery-4-magda-grzybowska\/","url":"https:\/\/www.lucernatv.cz\/index.php\/2021\/02\/21\/visegradske-ateliery-4-magda-grzybowska\/","name":"Visegr\u00e1dsk\u00e9 ateli\u00e9ry 4 \u2013 Magda Grzybowska - lucernatv.cz","isPartOf":{"@id":"https:\/\/www.lucernatv.cz\/#website"},"datePublished":"2021-02-21T22:18:57+00:00","dateModified":"2021-02-21T22:25:21+00:00","breadcrumb":{"@id":"https:\/\/www.lucernatv.cz\/index.php\/2021\/02\/21\/visegradske-ateliery-4-magda-grzybowska\/#breadcrumb"},"inLanguage":"cs","potentialAction":[{"@type":"ReadAction","target":["https:\/\/www.lucernatv.cz\/index.php\/2021\/02\/21\/visegradske-ateliery-4-magda-grzybowska\/"]}]},{"@type":"BreadcrumbList","@id":"https:\/\/www.lucernatv.cz\/index.php\/2021\/02\/21\/visegradske-ateliery-4-magda-grzybowska\/#breadcrumb","itemListElement":[{"@type":"ListItem","position":1,"name":"Dom\u016f","item":"https:\/\/www.lucernatv.cz\/"},{"@type":"ListItem","position":2,"name":"Visegr\u00e1dsk\u00e9 ateli\u00e9ry 4 \u2013 Magda Grzybowska"}]},{"@type":"WebSite","@id":"https:\/\/www.lucernatv.cz\/#website","url":"https:\/\/www.lucernatv.cz\/","name":"lucernatv.cz","description":"Vzd\u011bl\u00e1vac\u00ed televize","publisher":{"@id":"https:\/\/www.lucernatv.cz\/#organization"},"alternateName":"Lucerna TV","potentialAction":[{"@type":"SearchAction","target":{"@type":"EntryPoint","urlTemplate":"https:\/\/www.lucernatv.cz\/?s={search_term_string}"},"query-input":"required name=search_term_string"}],"inLanguage":"cs"},{"@type":"Organization","@id":"https:\/\/www.lucernatv.cz\/#organization","name":"Lucerna TV","url":"https:\/\/www.lucernatv.cz\/","logo":{"@type":"ImageObject","inLanguage":"cs","@id":"https:\/\/www.lucernatv.cz\/#\/schema\/logo\/image\/","url":"https:\/\/www.lucernatv.cz\/wp-content\/uploads\/2021\/02\/logo.svg","contentUrl":"https:\/\/www.lucernatv.cz\/wp-content\/uploads\/2021\/02\/logo.svg","width":128,"height":41,"caption":"Lucerna TV"},"image":{"@id":"https:\/\/www.lucernatv.cz\/#\/schema\/logo\/image\/"},"sameAs":["https:\/\/www.facebook.com\/avtopava","https:\/\/www.youtube.com\/channel\/UCtP8PPWG9JatWSMsKMOvdDg"]},{"@type":"Person","@id":"https:\/\/www.lucernatv.cz\/#\/schema\/person\/fdc6b3778fe63c82ba7479978ad159ad","name":"lucernatvc","image":{"@type":"ImageObject","inLanguage":"cs","@id":"https:\/\/www.lucernatv.cz\/#\/schema\/person\/image\/","url":"https:\/\/secure.gravatar.com\/avatar\/5b7905a95103f5227c1afd8b2a10f058?s=96&d=mm&r=g","contentUrl":"https:\/\/secure.gravatar.com\/avatar\/5b7905a95103f5227c1afd8b2a10f058?s=96&d=mm&r=g","caption":"lucernatvc"},"url":"https:\/\/www.lucernatv.cz\/index.php\/author\/lucernatvc\/"}]}},"uagb_featured_image_src":{"full":["https:\/\/www.lucernatv.cz\/wp-content\/uploads\/2021\/02\/IMG_6474-Copy.jpg",1368,912,false],"thumbnail":["https:\/\/www.lucernatv.cz\/wp-content\/uploads\/2021\/02\/IMG_6474-Copy-150x150.jpg",150,150,true],"medium":["https:\/\/www.lucernatv.cz\/wp-content\/uploads\/2021\/02\/IMG_6474-Copy-270x180.jpg",270,180,true],"medium_large":["https:\/\/www.lucernatv.cz\/wp-content\/uploads\/2021\/02\/IMG_6474-Copy-768x512.jpg",768,512,true],"large":["https:\/\/www.lucernatv.cz\/wp-content\/uploads\/2021\/02\/IMG_6474-Copy.jpg",1200,800,false],"1536x1536":["https:\/\/www.lucernatv.cz\/wp-content\/uploads\/2021\/02\/IMG_6474-Copy.jpg",1368,912,false],"2048x2048":["https:\/\/www.lucernatv.cz\/wp-content\/uploads\/2021\/02\/IMG_6474-Copy.jpg",1368,912,false],"ultp_layout_landscape_large":["https:\/\/www.lucernatv.cz\/wp-content\/uploads\/2021\/02\/IMG_6474-Copy-1200x800.jpg",1200,800,true],"ultp_layout_landscape":["https:\/\/www.lucernatv.cz\/wp-content\/uploads\/2021\/02\/IMG_6474-Copy-870x570.jpg",870,570,true],"ultp_layout_portrait":["https:\/\/www.lucernatv.cz\/wp-content\/uploads\/2021\/02\/IMG_6474-Copy-600x900.jpg",600,900,true],"ultp_layout_square":["https:\/\/www.lucernatv.cz\/wp-content\/uploads\/2021\/02\/IMG_6474-Copy-600x600.jpg",600,600,true],"vp_sm":["https:\/\/www.lucernatv.cz\/wp-content\/uploads\/2021\/02\/IMG_6474-Copy-500x333.jpg",500,333,true],"vp_md":["https:\/\/www.lucernatv.cz\/wp-content\/uploads\/2021\/02\/IMG_6474-Copy-800x533.jpg",800,533,true],"vp_lg":["https:\/\/www.lucernatv.cz\/wp-content\/uploads\/2021\/02\/IMG_6474-Copy-1280x853.jpg",1280,853,true],"vp_xl":["https:\/\/www.lucernatv.cz\/wp-content\/uploads\/2021\/02\/IMG_6474-Copy.jpg",1368,912,false],"vp_sm_popup":["https:\/\/www.lucernatv.cz\/wp-content\/uploads\/2021\/02\/IMG_6474-Copy-500x333.jpg",500,333,true],"vp_md_popup":["https:\/\/www.lucernatv.cz\/wp-content\/uploads\/2021\/02\/IMG_6474-Copy-800x533.jpg",800,533,true],"vp_xl_popup":["https:\/\/www.lucernatv.cz\/wp-content\/uploads\/2021\/02\/IMG_6474-Copy.jpg",1368,912,false],"neve-blog":["https:\/\/www.lucernatv.cz\/wp-content\/uploads\/2021\/02\/IMG_6474-Copy-930x620.jpg",930,620,true]},"uagb_author_info":{"display_name":"lucernatvc","author_link":"https:\/\/www.lucernatv.cz\/index.php\/author\/lucernatvc\/"},"uagb_comment_info":0,"uagb_excerpt":"Ve \u010dtvrt\u00e9m d\u00edle cyklu, ve kter\u00e9m p\u0159edstavujeme v\u00fdtvarn\u00edky visegr\u00e1dsk\u00e9ho okruhu, naru\u0161\u00edme dosavadn\u00ed mu\u017eskou hegemonii sympatickou mladou \u017eenou. Cyklus p\u0159ipravujeme ve spolupr\u00e1ci s revue Protimluv. Magda Grzybowska o\u010dima Miroslava Zelinsk\u00e9ho \u201eMotivuje m\u011b pr\u00e1v\u011b chu\u0165 vytvo\u0159it n\u011bco, co se d\u011bje v m\u00e9 hlav\u011b. Nem\u016f\u017eu se do\u010dkat, a\u017e to uvid\u00edm na vlastn\u00ed o\u010di.\u201d Magda je polsk\u00e1 v\u00fdtvarnice, p\u0159edev\u0161\u00edm&hellip;&nbsp;\u010c\u00edst&hellip;","_links":{"self":[{"href":"https:\/\/www.lucernatv.cz\/index.php\/wp-json\/wp\/v2\/posts\/2684"}],"collection":[{"href":"https:\/\/www.lucernatv.cz\/index.php\/wp-json\/wp\/v2\/posts"}],"about":[{"href":"https:\/\/www.lucernatv.cz\/index.php\/wp-json\/wp\/v2\/types\/post"}],"author":[{"embeddable":true,"href":"https:\/\/www.lucernatv.cz\/index.php\/wp-json\/wp\/v2\/users\/1"}],"replies":[{"embeddable":true,"href":"https:\/\/www.lucernatv.cz\/index.php\/wp-json\/wp\/v2\/comments?post=2684"}],"version-history":[{"count":2,"href":"https:\/\/www.lucernatv.cz\/index.php\/wp-json\/wp\/v2\/posts\/2684\/revisions"}],"predecessor-version":[{"id":2695,"href":"https:\/\/www.lucernatv.cz\/index.php\/wp-json\/wp\/v2\/posts\/2684\/revisions\/2695"}],"wp:featuredmedia":[{"embeddable":true,"href":"https:\/\/www.lucernatv.cz\/index.php\/wp-json\/wp\/v2\/media\/2687"}],"wp:attachment":[{"href":"https:\/\/www.lucernatv.cz\/index.php\/wp-json\/wp\/v2\/media?parent=2684"}],"wp:term":[{"taxonomy":"category","embeddable":true,"href":"https:\/\/www.lucernatv.cz\/index.php\/wp-json\/wp\/v2\/categories?post=2684"},{"taxonomy":"post_tag","embeddable":true,"href":"https:\/\/www.lucernatv.cz\/index.php\/wp-json\/wp\/v2\/tags?post=2684"}],"curies":[{"name":"wp","href":"https:\/\/api.w.org\/{rel}","templated":true}]}}