{"id":2668,"date":"2021-02-12T22:03:54","date_gmt":"2021-02-12T22:03:54","guid":{"rendered":"https:\/\/www.lucernatv.cz\/?p=2668"},"modified":"2021-02-21T22:05:07","modified_gmt":"2021-02-21T22:05:07","slug":"visegradske-ateliery-2-vladimir-kovarik","status":"publish","type":"post","link":"https:\/\/www.lucernatv.cz\/index.php\/2021\/02\/12\/visegradske-ateliery-2-vladimir-kovarik\/","title":{"rendered":"Visegr\u00e1dsk\u00e9 ateli\u00e9ry 2 \u2013 Vladim\u00edr Kova\u0159\u00edk"},"content":{"rendered":"\n<p>Ve druh\u00e9m d\u00edle cyklu n\u00e1v\u0161t\u011bv v&nbsp;ateli\u00e9rech autor\u016f visegr\u00e1dsk\u00e9ho okruhu, kter\u00fd p\u0159ipravujeme s&nbsp;revue Protimluv, z\u016fstaneme doma \u2013 na Morav\u011b v&nbsp;Uhersk\u00e9m Hradi\u0161ti, v&nbsp;Ma\u0159atic\u00edch\u2026<\/p>\n\n\n<div class=\"wp-block-visual-portfolio\">\n<div class=\"vp-portfolio vp-uid-bc025ac2 vp-id-ZUxfSA\"\n    data-vp-layout=\"masonry\" data-vp-content-source=\"images\" data-vp-items-style=\"fly\" data-vp-items-click-action=\"popup_gallery\" data-vp-items-gap=\"15\" data-vp-items-gap-vertical=\"\" data-vp-pagination=\"load-more\" data-vp-next-page-url=\"\" data-vp-masonry-columns=\"3\" >\n    <div class=\"vp-portfolio__preloader-wrap\">\n        <div class=\"vp-portfolio__preloader\">\n            <img decoding=\"async\" loading=\"eager\" src=\"https:\/\/www.lucernatv.cz\/wp-content\/plugins\/visual-portfolio\/assets\/images\/logo-dark.svg\" alt=\"Visual Portfolio, Posts &amp; Image Gallery for WordPress\" width=\"20\" height=\"20\" data-skip-lazy>\n        <\/div>\n    <\/div>\n        <div class=\"vp-portfolio__items-wrap\">\n            \n<div class=\"vp-portfolio__items vp-portfolio__items-style-fly vp-portfolio__items-show-overlay-hover\">\n\n        <div        class=\"vp-portfolio__item-wrap vp-portfolio__item-uid-9a71d78d\" data-vp-filter=\"\"         >\n            <template class=\"vp-portfolio__item-popup\" data-vp-popup-img=\"https:\/\/www.lucernatv.cz\/wp-content\/uploads\/2021\/02\/168.jpeg\" data-vp-popup-img-srcset=\"https:\/\/www.lucernatv.cz\/wp-content\/uploads\/2021\/02\/168.jpeg 1500w, https:\/\/www.lucernatv.cz\/wp-content\/uploads\/2021\/02\/168-254x180.jpeg 254w, https:\/\/www.lucernatv.cz\/wp-content\/uploads\/2021\/02\/168-768x543.jpeg 768w, https:\/\/www.lucernatv.cz\/wp-content\/uploads\/2021\/02\/168-500x354.jpeg 500w, https:\/\/www.lucernatv.cz\/wp-content\/uploads\/2021\/02\/168-800x566.jpeg 800w, https:\/\/www.lucernatv.cz\/wp-content\/uploads\/2021\/02\/168-1280x905.jpeg 1280w\" data-vp-popup-img-size=\"1500x1061\" data-vp-popup-md-img=\"https:\/\/www.lucernatv.cz\/wp-content\/uploads\/2021\/02\/168-800x566.jpeg\" data-vp-popup-md-img-size=\"800x566\" data-vp-popup-sm-img=\"https:\/\/www.lucernatv.cz\/wp-content\/uploads\/2021\/02\/168-500x354.jpeg\" data-vp-popup-sm-img-size=\"500x354\">\n            <h3 class=\"vp-portfolio__item-popup-title\">Vladim\u00edr Kova\u0159\u00edk 1<\/h3>\n        <\/template>\n                        <figure class=\"vp-portfolio__item\">\n                \n<div class=\"vp-portfolio__item-img-wrap\">\n    <div class=\"vp-portfolio__item-img\">\n            <a\n        href=\"https:\/\/www.lucernatv.cz\/wp-content\/uploads\/2021\/02\/168.jpeg\"\n            >\n    \n        <img decoding=\"async\" width=\"1500\" height=\"1061\" src=\"https:\/\/www.lucernatv.cz\/wp-content\/uploads\/2021\/02\/168.jpeg\" class=\"wp-image-2669\" alt=\"\" srcset=\"https:\/\/www.lucernatv.cz\/wp-content\/uploads\/2021\/02\/168.jpeg 1500w, https:\/\/www.lucernatv.cz\/wp-content\/uploads\/2021\/02\/168-254x180.jpeg 254w, https:\/\/www.lucernatv.cz\/wp-content\/uploads\/2021\/02\/168-768x543.jpeg 768w, https:\/\/www.lucernatv.cz\/wp-content\/uploads\/2021\/02\/168-500x354.jpeg 500w, https:\/\/www.lucernatv.cz\/wp-content\/uploads\/2021\/02\/168-800x566.jpeg 800w, https:\/\/www.lucernatv.cz\/wp-content\/uploads\/2021\/02\/168-1280x905.jpeg 1280w\" sizes=\"(max-width: 1500px) 100vw, 1500px\" \/>\n        <\/a>    <\/div>\n<\/div>\n\n<figcaption class=\"vp-portfolio__item-overlay vp-portfolio__item-overlay-text-align-center\">\n    <div class=\"vp-portfolio__item-meta-wrap vp-portfolio__custom-scrollbar\">\n            <a\n        href=\"https:\/\/www.lucernatv.cz\/wp-content\/uploads\/2021\/02\/168.jpeg\"\n        tabindex=\"-1\" class=\"vp-portfolio__item-meta\"     >\n    \n        \n<h2 class=\"vp-portfolio__item-meta-title\">\n    Vladim\u00edr Kova\u0159\u00edk 1<\/h2>\n\n        <\/a>    <\/div>\n<\/figcaption>\n            <\/figure>\n                    <\/div>\n        \n        <div        class=\"vp-portfolio__item-wrap vp-portfolio__item-uid-c7d677d8\" data-vp-filter=\"\"         >\n            <template class=\"vp-portfolio__item-popup\" data-vp-popup-img=\"https:\/\/www.lucernatv.cz\/wp-content\/uploads\/2021\/02\/20201021_150528.jpeg\" data-vp-popup-img-srcset=\"https:\/\/www.lucernatv.cz\/wp-content\/uploads\/2021\/02\/20201021_150528.jpeg 1500w, https:\/\/www.lucernatv.cz\/wp-content\/uploads\/2021\/02\/20201021_150528-318x180.jpeg 318w, https:\/\/www.lucernatv.cz\/wp-content\/uploads\/2021\/02\/20201021_150528-768x432.jpeg 768w, https:\/\/www.lucernatv.cz\/wp-content\/uploads\/2021\/02\/20201021_150528-500x281.jpeg 500w, https:\/\/www.lucernatv.cz\/wp-content\/uploads\/2021\/02\/20201021_150528-800x450.jpeg 800w, https:\/\/www.lucernatv.cz\/wp-content\/uploads\/2021\/02\/20201021_150528-1280x720.jpeg 1280w\" data-vp-popup-img-size=\"1500x844\" data-vp-popup-md-img=\"https:\/\/www.lucernatv.cz\/wp-content\/uploads\/2021\/02\/20201021_150528-800x450.jpeg\" data-vp-popup-md-img-size=\"800x450\" data-vp-popup-sm-img=\"https:\/\/www.lucernatv.cz\/wp-content\/uploads\/2021\/02\/20201021_150528-500x281.jpeg\" data-vp-popup-sm-img-size=\"500x281\">\n            <h3 class=\"vp-portfolio__item-popup-title\">Vladim\u00edr Kova\u0159\u00edk 2<\/h3>\n        <\/template>\n                        <figure class=\"vp-portfolio__item\">\n                \n<div class=\"vp-portfolio__item-img-wrap\">\n    <div class=\"vp-portfolio__item-img\">\n            <a\n        href=\"https:\/\/www.lucernatv.cz\/wp-content\/uploads\/2021\/02\/20201021_150528.jpeg\"\n            >\n    \n        <img decoding=\"async\" width=\"1500\" height=\"844\" src=\"https:\/\/www.lucernatv.cz\/wp-content\/uploads\/2021\/02\/20201021_150528.jpeg\" class=\"wp-image-2670\" alt=\"\" srcset=\"https:\/\/www.lucernatv.cz\/wp-content\/uploads\/2021\/02\/20201021_150528.jpeg 1500w, https:\/\/www.lucernatv.cz\/wp-content\/uploads\/2021\/02\/20201021_150528-318x180.jpeg 318w, https:\/\/www.lucernatv.cz\/wp-content\/uploads\/2021\/02\/20201021_150528-768x432.jpeg 768w, https:\/\/www.lucernatv.cz\/wp-content\/uploads\/2021\/02\/20201021_150528-500x281.jpeg 500w, https:\/\/www.lucernatv.cz\/wp-content\/uploads\/2021\/02\/20201021_150528-800x450.jpeg 800w, https:\/\/www.lucernatv.cz\/wp-content\/uploads\/2021\/02\/20201021_150528-1280x720.jpeg 1280w\" sizes=\"(max-width: 1500px) 100vw, 1500px\" \/>\n        <\/a>    <\/div>\n<\/div>\n\n<figcaption class=\"vp-portfolio__item-overlay vp-portfolio__item-overlay-text-align-center\">\n    <div class=\"vp-portfolio__item-meta-wrap vp-portfolio__custom-scrollbar\">\n            <a\n        href=\"https:\/\/www.lucernatv.cz\/wp-content\/uploads\/2021\/02\/20201021_150528.jpeg\"\n        tabindex=\"-1\" class=\"vp-portfolio__item-meta\"     >\n    \n        \n<h2 class=\"vp-portfolio__item-meta-title\">\n    Vladim\u00edr Kova\u0159\u00edk 2<\/h2>\n\n        <\/a>    <\/div>\n<\/figcaption>\n            <\/figure>\n                    <\/div>\n        \n        <div        class=\"vp-portfolio__item-wrap vp-portfolio__item-uid-f7713d9e\" data-vp-filter=\"\"         >\n            <template class=\"vp-portfolio__item-popup\" data-vp-popup-img=\"https:\/\/www.lucernatv.cz\/wp-content\/uploads\/2021\/02\/bosocculus_I_a.jpeg\" data-vp-popup-img-srcset=\"https:\/\/www.lucernatv.cz\/wp-content\/uploads\/2021\/02\/bosocculus_I_a.jpeg 1500w, https:\/\/www.lucernatv.cz\/wp-content\/uploads\/2021\/02\/bosocculus_I_a-120x180.jpeg 120w, https:\/\/www.lucernatv.cz\/wp-content\/uploads\/2021\/02\/bosocculus_I_a-717x1080.jpeg 717w, https:\/\/www.lucernatv.cz\/wp-content\/uploads\/2021\/02\/bosocculus_I_a-768x1157.jpeg 768w, https:\/\/www.lucernatv.cz\/wp-content\/uploads\/2021\/02\/bosocculus_I_a-500x753.jpeg 500w, https:\/\/www.lucernatv.cz\/wp-content\/uploads\/2021\/02\/bosocculus_I_a-800x1205.jpeg 800w, https:\/\/www.lucernatv.cz\/wp-content\/uploads\/2021\/02\/bosocculus_I_a-1280x1928.jpeg 1280w, https:\/\/www.lucernatv.cz\/wp-content\/uploads\/2021\/02\/bosocculus_I_a-1020x1536.jpeg 1020w, https:\/\/www.lucernatv.cz\/wp-content\/uploads\/2021\/02\/bosocculus_I_a-1360x2048.jpeg 1360w\" data-vp-popup-img-size=\"1500x2259\" data-vp-popup-md-img=\"https:\/\/www.lucernatv.cz\/wp-content\/uploads\/2021\/02\/bosocculus_I_a-800x1205.jpeg\" data-vp-popup-md-img-size=\"800x1205\" data-vp-popup-sm-img=\"https:\/\/www.lucernatv.cz\/wp-content\/uploads\/2021\/02\/bosocculus_I_a-500x753.jpeg\" data-vp-popup-sm-img-size=\"500x753\">\n            <h3 class=\"vp-portfolio__item-popup-title\">Vladim\u00edr Kova\u0159\u00edk 3<\/h3>\n        <\/template>\n                        <figure class=\"vp-portfolio__item\">\n                \n<div class=\"vp-portfolio__item-img-wrap\">\n    <div class=\"vp-portfolio__item-img\">\n            <a\n        href=\"https:\/\/www.lucernatv.cz\/wp-content\/uploads\/2021\/02\/bosocculus_I_a.jpeg\"\n            >\n    \n        <img decoding=\"async\" width=\"1500\" height=\"2259\" src=\"https:\/\/www.lucernatv.cz\/wp-content\/uploads\/2021\/02\/bosocculus_I_a.jpeg\" class=\"wp-image-2671\" alt=\"\" srcset=\"https:\/\/www.lucernatv.cz\/wp-content\/uploads\/2021\/02\/bosocculus_I_a.jpeg 1500w, https:\/\/www.lucernatv.cz\/wp-content\/uploads\/2021\/02\/bosocculus_I_a-120x180.jpeg 120w, https:\/\/www.lucernatv.cz\/wp-content\/uploads\/2021\/02\/bosocculus_I_a-717x1080.jpeg 717w, https:\/\/www.lucernatv.cz\/wp-content\/uploads\/2021\/02\/bosocculus_I_a-768x1157.jpeg 768w, https:\/\/www.lucernatv.cz\/wp-content\/uploads\/2021\/02\/bosocculus_I_a-500x753.jpeg 500w, https:\/\/www.lucernatv.cz\/wp-content\/uploads\/2021\/02\/bosocculus_I_a-800x1205.jpeg 800w, https:\/\/www.lucernatv.cz\/wp-content\/uploads\/2021\/02\/bosocculus_I_a-1280x1928.jpeg 1280w, https:\/\/www.lucernatv.cz\/wp-content\/uploads\/2021\/02\/bosocculus_I_a-1020x1536.jpeg 1020w, https:\/\/www.lucernatv.cz\/wp-content\/uploads\/2021\/02\/bosocculus_I_a-1360x2048.jpeg 1360w\" sizes=\"(max-width: 1500px) 100vw, 1500px\" \/>\n        <\/a>    <\/div>\n<\/div>\n\n<figcaption class=\"vp-portfolio__item-overlay vp-portfolio__item-overlay-text-align-center\">\n    <div class=\"vp-portfolio__item-meta-wrap vp-portfolio__custom-scrollbar\">\n            <a\n        href=\"https:\/\/www.lucernatv.cz\/wp-content\/uploads\/2021\/02\/bosocculus_I_a.jpeg\"\n        tabindex=\"-1\" class=\"vp-portfolio__item-meta\"     >\n    \n        \n<h2 class=\"vp-portfolio__item-meta-title\">\n    Vladim\u00edr Kova\u0159\u00edk 3<\/h2>\n\n        <\/a>    <\/div>\n<\/figcaption>\n            <\/figure>\n                    <\/div>\n        \n        <div        class=\"vp-portfolio__item-wrap vp-portfolio__item-uid-53184594\" data-vp-filter=\"\"         >\n            <template class=\"vp-portfolio__item-popup\" data-vp-popup-img=\"https:\/\/www.lucernatv.cz\/wp-content\/uploads\/2021\/02\/circles_a.jpeg\" data-vp-popup-img-srcset=\"https:\/\/www.lucernatv.cz\/wp-content\/uploads\/2021\/02\/circles_a.jpeg 1500w, https:\/\/www.lucernatv.cz\/wp-content\/uploads\/2021\/02\/circles_a-318x180.jpeg 318w, https:\/\/www.lucernatv.cz\/wp-content\/uploads\/2021\/02\/circles_a-768x432.jpeg 768w, https:\/\/www.lucernatv.cz\/wp-content\/uploads\/2021\/02\/circles_a-500x281.jpeg 500w, https:\/\/www.lucernatv.cz\/wp-content\/uploads\/2021\/02\/circles_a-800x450.jpeg 800w, https:\/\/www.lucernatv.cz\/wp-content\/uploads\/2021\/02\/circles_a-1280x720.jpeg 1280w\" data-vp-popup-img-size=\"1500x844\" data-vp-popup-md-img=\"https:\/\/www.lucernatv.cz\/wp-content\/uploads\/2021\/02\/circles_a-800x450.jpeg\" data-vp-popup-md-img-size=\"800x450\" data-vp-popup-sm-img=\"https:\/\/www.lucernatv.cz\/wp-content\/uploads\/2021\/02\/circles_a-500x281.jpeg\" data-vp-popup-sm-img-size=\"500x281\">\n            <h3 class=\"vp-portfolio__item-popup-title\">Vladim\u00edr Kova\u0159\u00edk 4<\/h3>\n        <\/template>\n                        <figure class=\"vp-portfolio__item\">\n                \n<div class=\"vp-portfolio__item-img-wrap\">\n    <div class=\"vp-portfolio__item-img\">\n            <a\n        href=\"https:\/\/www.lucernatv.cz\/wp-content\/uploads\/2021\/02\/circles_a.jpeg\"\n            >\n    \n        <img decoding=\"async\" width=\"1500\" height=\"844\" src=\"https:\/\/www.lucernatv.cz\/wp-content\/uploads\/2021\/02\/circles_a.jpeg\" class=\"wp-image-2672\" alt=\"\" srcset=\"https:\/\/www.lucernatv.cz\/wp-content\/uploads\/2021\/02\/circles_a.jpeg 1500w, https:\/\/www.lucernatv.cz\/wp-content\/uploads\/2021\/02\/circles_a-318x180.jpeg 318w, https:\/\/www.lucernatv.cz\/wp-content\/uploads\/2021\/02\/circles_a-768x432.jpeg 768w, https:\/\/www.lucernatv.cz\/wp-content\/uploads\/2021\/02\/circles_a-500x281.jpeg 500w, https:\/\/www.lucernatv.cz\/wp-content\/uploads\/2021\/02\/circles_a-800x450.jpeg 800w, https:\/\/www.lucernatv.cz\/wp-content\/uploads\/2021\/02\/circles_a-1280x720.jpeg 1280w\" sizes=\"(max-width: 1500px) 100vw, 1500px\" \/>\n        <\/a>    <\/div>\n<\/div>\n\n<figcaption class=\"vp-portfolio__item-overlay vp-portfolio__item-overlay-text-align-center\">\n    <div class=\"vp-portfolio__item-meta-wrap vp-portfolio__custom-scrollbar\">\n            <a\n        href=\"https:\/\/www.lucernatv.cz\/wp-content\/uploads\/2021\/02\/circles_a.jpeg\"\n        tabindex=\"-1\" class=\"vp-portfolio__item-meta\"     >\n    \n        \n<h2 class=\"vp-portfolio__item-meta-title\">\n    Vladim\u00edr Kova\u0159\u00edk 4<\/h2>\n\n        <\/a>    <\/div>\n<\/figcaption>\n            <\/figure>\n                    <\/div>\n        \n        <div        class=\"vp-portfolio__item-wrap vp-portfolio__item-uid-963fa912\" data-vp-filter=\"\"         >\n            <template class=\"vp-portfolio__item-popup\" data-vp-popup-img=\"https:\/\/www.lucernatv.cz\/wp-content\/uploads\/2021\/02\/circles.jpeg\" data-vp-popup-img-srcset=\"https:\/\/www.lucernatv.cz\/wp-content\/uploads\/2021\/02\/circles.jpeg 1500w, https:\/\/www.lucernatv.cz\/wp-content\/uploads\/2021\/02\/circles-240x180.jpeg 240w, https:\/\/www.lucernatv.cz\/wp-content\/uploads\/2021\/02\/circles-1440x1080.jpeg 1440w, https:\/\/www.lucernatv.cz\/wp-content\/uploads\/2021\/02\/circles-768x576.jpeg 768w, https:\/\/www.lucernatv.cz\/wp-content\/uploads\/2021\/02\/circles-500x375.jpeg 500w, https:\/\/www.lucernatv.cz\/wp-content\/uploads\/2021\/02\/circles-800x600.jpeg 800w, https:\/\/www.lucernatv.cz\/wp-content\/uploads\/2021\/02\/circles-1280x960.jpeg 1280w\" data-vp-popup-img-size=\"1500x1125\" data-vp-popup-md-img=\"https:\/\/www.lucernatv.cz\/wp-content\/uploads\/2021\/02\/circles-800x600.jpeg\" data-vp-popup-md-img-size=\"800x600\" data-vp-popup-sm-img=\"https:\/\/www.lucernatv.cz\/wp-content\/uploads\/2021\/02\/circles-500x375.jpeg\" data-vp-popup-sm-img-size=\"500x375\">\n            <h3 class=\"vp-portfolio__item-popup-title\">Vladim\u00edr Kova\u0159\u00edk 5<\/h3>\n        <\/template>\n                        <figure class=\"vp-portfolio__item\">\n                \n<div class=\"vp-portfolio__item-img-wrap\">\n    <div class=\"vp-portfolio__item-img\">\n            <a\n        href=\"https:\/\/www.lucernatv.cz\/wp-content\/uploads\/2021\/02\/circles.jpeg\"\n            >\n    \n        <img decoding=\"async\" width=\"1500\" height=\"1125\" src=\"https:\/\/www.lucernatv.cz\/wp-content\/uploads\/2021\/02\/circles.jpeg\" class=\"wp-image-2673\" alt=\"\" srcset=\"https:\/\/www.lucernatv.cz\/wp-content\/uploads\/2021\/02\/circles.jpeg 1500w, https:\/\/www.lucernatv.cz\/wp-content\/uploads\/2021\/02\/circles-240x180.jpeg 240w, https:\/\/www.lucernatv.cz\/wp-content\/uploads\/2021\/02\/circles-1440x1080.jpeg 1440w, https:\/\/www.lucernatv.cz\/wp-content\/uploads\/2021\/02\/circles-768x576.jpeg 768w, https:\/\/www.lucernatv.cz\/wp-content\/uploads\/2021\/02\/circles-500x375.jpeg 500w, https:\/\/www.lucernatv.cz\/wp-content\/uploads\/2021\/02\/circles-800x600.jpeg 800w, https:\/\/www.lucernatv.cz\/wp-content\/uploads\/2021\/02\/circles-1280x960.jpeg 1280w\" sizes=\"(max-width: 1500px) 100vw, 1500px\" \/>\n        <\/a>    <\/div>\n<\/div>\n\n<figcaption class=\"vp-portfolio__item-overlay vp-portfolio__item-overlay-text-align-center\">\n    <div class=\"vp-portfolio__item-meta-wrap vp-portfolio__custom-scrollbar\">\n            <a\n        href=\"https:\/\/www.lucernatv.cz\/wp-content\/uploads\/2021\/02\/circles.jpeg\"\n        tabindex=\"-1\" class=\"vp-portfolio__item-meta\"     >\n    \n        \n<h2 class=\"vp-portfolio__item-meta-title\">\n    Vladim\u00edr Kova\u0159\u00edk 5<\/h2>\n\n        <\/a>    <\/div>\n<\/figcaption>\n            <\/figure>\n                    <\/div>\n        \n        <div        class=\"vp-portfolio__item-wrap vp-portfolio__item-uid-353b1501\" data-vp-filter=\"\"         >\n            <template class=\"vp-portfolio__item-popup\" data-vp-popup-img=\"https:\/\/www.lucernatv.cz\/wp-content\/uploads\/2021\/02\/DSC_7021.jpeg\" data-vp-popup-img-srcset=\"https:\/\/www.lucernatv.cz\/wp-content\/uploads\/2021\/02\/DSC_7021.jpeg 1500w, https:\/\/www.lucernatv.cz\/wp-content\/uploads\/2021\/02\/DSC_7021-269x180.jpeg 269w, https:\/\/www.lucernatv.cz\/wp-content\/uploads\/2021\/02\/DSC_7021-768x513.jpeg 768w, https:\/\/www.lucernatv.cz\/wp-content\/uploads\/2021\/02\/DSC_7021-500x334.jpeg 500w, https:\/\/www.lucernatv.cz\/wp-content\/uploads\/2021\/02\/DSC_7021-800x534.jpeg 800w, https:\/\/www.lucernatv.cz\/wp-content\/uploads\/2021\/02\/DSC_7021-1280x855.jpeg 1280w, https:\/\/www.lucernatv.cz\/wp-content\/uploads\/2021\/02\/DSC_7021-930x620.jpeg 930w\" data-vp-popup-img-size=\"1500x1002\" data-vp-popup-md-img=\"https:\/\/www.lucernatv.cz\/wp-content\/uploads\/2021\/02\/DSC_7021-800x534.jpeg\" data-vp-popup-md-img-size=\"800x534\" data-vp-popup-sm-img=\"https:\/\/www.lucernatv.cz\/wp-content\/uploads\/2021\/02\/DSC_7021-500x334.jpeg\" data-vp-popup-sm-img-size=\"500x334\">\n            <h3 class=\"vp-portfolio__item-popup-title\">Vladim\u00edr Kova\u0159\u00edk 6<\/h3>\n        <\/template>\n                        <figure class=\"vp-portfolio__item\">\n                \n<div class=\"vp-portfolio__item-img-wrap\">\n    <div class=\"vp-portfolio__item-img\">\n            <a\n        href=\"https:\/\/www.lucernatv.cz\/wp-content\/uploads\/2021\/02\/DSC_7021.jpeg\"\n            >\n    \n        <img decoding=\"async\" width=\"1500\" height=\"1002\" src=\"https:\/\/www.lucernatv.cz\/wp-content\/uploads\/2021\/02\/DSC_7021.jpeg\" class=\"wp-image-2674\" alt=\"\" srcset=\"https:\/\/www.lucernatv.cz\/wp-content\/uploads\/2021\/02\/DSC_7021.jpeg 1500w, https:\/\/www.lucernatv.cz\/wp-content\/uploads\/2021\/02\/DSC_7021-269x180.jpeg 269w, https:\/\/www.lucernatv.cz\/wp-content\/uploads\/2021\/02\/DSC_7021-768x513.jpeg 768w, https:\/\/www.lucernatv.cz\/wp-content\/uploads\/2021\/02\/DSC_7021-500x334.jpeg 500w, https:\/\/www.lucernatv.cz\/wp-content\/uploads\/2021\/02\/DSC_7021-800x534.jpeg 800w, https:\/\/www.lucernatv.cz\/wp-content\/uploads\/2021\/02\/DSC_7021-1280x855.jpeg 1280w, https:\/\/www.lucernatv.cz\/wp-content\/uploads\/2021\/02\/DSC_7021-930x620.jpeg 930w\" sizes=\"(max-width: 1500px) 100vw, 1500px\" \/>\n        <\/a>    <\/div>\n<\/div>\n\n<figcaption class=\"vp-portfolio__item-overlay vp-portfolio__item-overlay-text-align-center\">\n    <div class=\"vp-portfolio__item-meta-wrap vp-portfolio__custom-scrollbar\">\n            <a\n        href=\"https:\/\/www.lucernatv.cz\/wp-content\/uploads\/2021\/02\/DSC_7021.jpeg\"\n        tabindex=\"-1\" class=\"vp-portfolio__item-meta\"     >\n    \n        \n<h2 class=\"vp-portfolio__item-meta-title\">\n    Vladim\u00edr Kova\u0159\u00edk 6<\/h2>\n\n        <\/a>    <\/div>\n<\/figcaption>\n            <\/figure>\n                    <\/div>\n        \n        <div        class=\"vp-portfolio__item-wrap vp-portfolio__item-uid-059c5f47\" data-vp-filter=\"\"         >\n            <template class=\"vp-portfolio__item-popup\" data-vp-popup-img=\"https:\/\/www.lucernatv.cz\/wp-content\/uploads\/2021\/02\/DSC03290.jpeg\" data-vp-popup-img-srcset=\"https:\/\/www.lucernatv.cz\/wp-content\/uploads\/2021\/02\/DSC03290.jpeg 1500w, https:\/\/www.lucernatv.cz\/wp-content\/uploads\/2021\/02\/DSC03290-120x180.jpeg 120w, https:\/\/www.lucernatv.cz\/wp-content\/uploads\/2021\/02\/DSC03290-720x1080.jpeg 720w, https:\/\/www.lucernatv.cz\/wp-content\/uploads\/2021\/02\/DSC03290-768x1151.jpeg 768w, https:\/\/www.lucernatv.cz\/wp-content\/uploads\/2021\/02\/DSC03290-500x750.jpeg 500w, https:\/\/www.lucernatv.cz\/wp-content\/uploads\/2021\/02\/DSC03290-800x1199.jpeg 800w, https:\/\/www.lucernatv.cz\/wp-content\/uploads\/2021\/02\/DSC03290-1280x1919.jpeg 1280w, https:\/\/www.lucernatv.cz\/wp-content\/uploads\/2021\/02\/DSC03290-1024x1536.jpeg 1024w, https:\/\/www.lucernatv.cz\/wp-content\/uploads\/2021\/02\/DSC03290-1366x2048.jpeg 1366w, https:\/\/www.lucernatv.cz\/wp-content\/uploads\/2021\/02\/DSC03290-600x900.jpeg 600w\" data-vp-popup-img-size=\"1500x2249\" data-vp-popup-md-img=\"https:\/\/www.lucernatv.cz\/wp-content\/uploads\/2021\/02\/DSC03290-800x1199.jpeg\" data-vp-popup-md-img-size=\"800x1199\" data-vp-popup-sm-img=\"https:\/\/www.lucernatv.cz\/wp-content\/uploads\/2021\/02\/DSC03290-500x750.jpeg\" data-vp-popup-sm-img-size=\"500x750\">\n            <h3 class=\"vp-portfolio__item-popup-title\">Vladim\u00edr Kova\u0159\u00edk 7<\/h3>\n        <\/template>\n                        <figure class=\"vp-portfolio__item\">\n                \n<div class=\"vp-portfolio__item-img-wrap\">\n    <div class=\"vp-portfolio__item-img\">\n            <a\n        href=\"https:\/\/www.lucernatv.cz\/wp-content\/uploads\/2021\/02\/DSC03290.jpeg\"\n            >\n    \n        <img decoding=\"async\" width=\"1500\" height=\"2249\" src=\"https:\/\/www.lucernatv.cz\/wp-content\/uploads\/2021\/02\/DSC03290.jpeg\" class=\"wp-image-2675\" alt=\"\" srcset=\"https:\/\/www.lucernatv.cz\/wp-content\/uploads\/2021\/02\/DSC03290.jpeg 1500w, https:\/\/www.lucernatv.cz\/wp-content\/uploads\/2021\/02\/DSC03290-120x180.jpeg 120w, https:\/\/www.lucernatv.cz\/wp-content\/uploads\/2021\/02\/DSC03290-720x1080.jpeg 720w, https:\/\/www.lucernatv.cz\/wp-content\/uploads\/2021\/02\/DSC03290-768x1151.jpeg 768w, https:\/\/www.lucernatv.cz\/wp-content\/uploads\/2021\/02\/DSC03290-500x750.jpeg 500w, https:\/\/www.lucernatv.cz\/wp-content\/uploads\/2021\/02\/DSC03290-800x1199.jpeg 800w, https:\/\/www.lucernatv.cz\/wp-content\/uploads\/2021\/02\/DSC03290-1280x1919.jpeg 1280w, https:\/\/www.lucernatv.cz\/wp-content\/uploads\/2021\/02\/DSC03290-1024x1536.jpeg 1024w, https:\/\/www.lucernatv.cz\/wp-content\/uploads\/2021\/02\/DSC03290-1366x2048.jpeg 1366w, https:\/\/www.lucernatv.cz\/wp-content\/uploads\/2021\/02\/DSC03290-600x900.jpeg 600w\" sizes=\"(max-width: 1500px) 100vw, 1500px\" \/>\n        <\/a>    <\/div>\n<\/div>\n\n<figcaption class=\"vp-portfolio__item-overlay vp-portfolio__item-overlay-text-align-center\">\n    <div class=\"vp-portfolio__item-meta-wrap vp-portfolio__custom-scrollbar\">\n            <a\n        href=\"https:\/\/www.lucernatv.cz\/wp-content\/uploads\/2021\/02\/DSC03290.jpeg\"\n        tabindex=\"-1\" class=\"vp-portfolio__item-meta\"     >\n    \n        \n<h2 class=\"vp-portfolio__item-meta-title\">\n    Vladim\u00edr Kova\u0159\u00edk 7<\/h2>\n\n        <\/a>    <\/div>\n<\/figcaption>\n            <\/figure>\n                    <\/div>\n        \n        <div        class=\"vp-portfolio__item-wrap vp-portfolio__item-uid-a1f5274d\" data-vp-filter=\"\"         >\n            <template class=\"vp-portfolio__item-popup\" data-vp-popup-img=\"https:\/\/www.lucernatv.cz\/wp-content\/uploads\/2021\/02\/frequence-of-silence-02.jpeg\" data-vp-popup-img-srcset=\"https:\/\/www.lucernatv.cz\/wp-content\/uploads\/2021\/02\/frequence-of-silence-02.jpeg 1500w, https:\/\/www.lucernatv.cz\/wp-content\/uploads\/2021\/02\/frequence-of-silence-02-270x180.jpeg 270w, https:\/\/www.lucernatv.cz\/wp-content\/uploads\/2021\/02\/frequence-of-silence-02-768x511.jpeg 768w, https:\/\/www.lucernatv.cz\/wp-content\/uploads\/2021\/02\/frequence-of-silence-02-500x333.jpeg 500w, https:\/\/www.lucernatv.cz\/wp-content\/uploads\/2021\/02\/frequence-of-silence-02-800x533.jpeg 800w, https:\/\/www.lucernatv.cz\/wp-content\/uploads\/2021\/02\/frequence-of-silence-02-1280x852.jpeg 1280w, https:\/\/www.lucernatv.cz\/wp-content\/uploads\/2021\/02\/frequence-of-silence-02-1200x800.jpeg 1200w, https:\/\/www.lucernatv.cz\/wp-content\/uploads\/2021\/02\/frequence-of-silence-02-930x620.jpeg 930w\" data-vp-popup-img-size=\"1500x999\" data-vp-popup-md-img=\"https:\/\/www.lucernatv.cz\/wp-content\/uploads\/2021\/02\/frequence-of-silence-02-800x533.jpeg\" data-vp-popup-md-img-size=\"800x533\" data-vp-popup-sm-img=\"https:\/\/www.lucernatv.cz\/wp-content\/uploads\/2021\/02\/frequence-of-silence-02-500x333.jpeg\" data-vp-popup-sm-img-size=\"500x333\">\n            <h3 class=\"vp-portfolio__item-popup-title\">Vladim\u00edr Kova\u0159\u00edk 8<\/h3>\n        <\/template>\n                        <figure class=\"vp-portfolio__item\">\n                \n<div class=\"vp-portfolio__item-img-wrap\">\n    <div class=\"vp-portfolio__item-img\">\n            <a\n        href=\"https:\/\/www.lucernatv.cz\/wp-content\/uploads\/2021\/02\/frequence-of-silence-02.jpeg\"\n            >\n    \n        <img decoding=\"async\" width=\"1500\" height=\"999\" src=\"https:\/\/www.lucernatv.cz\/wp-content\/uploads\/2021\/02\/frequence-of-silence-02.jpeg\" class=\"wp-image-2676\" alt=\"\" srcset=\"https:\/\/www.lucernatv.cz\/wp-content\/uploads\/2021\/02\/frequence-of-silence-02.jpeg 1500w, https:\/\/www.lucernatv.cz\/wp-content\/uploads\/2021\/02\/frequence-of-silence-02-270x180.jpeg 270w, https:\/\/www.lucernatv.cz\/wp-content\/uploads\/2021\/02\/frequence-of-silence-02-768x511.jpeg 768w, https:\/\/www.lucernatv.cz\/wp-content\/uploads\/2021\/02\/frequence-of-silence-02-500x333.jpeg 500w, https:\/\/www.lucernatv.cz\/wp-content\/uploads\/2021\/02\/frequence-of-silence-02-800x533.jpeg 800w, https:\/\/www.lucernatv.cz\/wp-content\/uploads\/2021\/02\/frequence-of-silence-02-1280x852.jpeg 1280w, https:\/\/www.lucernatv.cz\/wp-content\/uploads\/2021\/02\/frequence-of-silence-02-1200x800.jpeg 1200w, https:\/\/www.lucernatv.cz\/wp-content\/uploads\/2021\/02\/frequence-of-silence-02-930x620.jpeg 930w\" sizes=\"(max-width: 1500px) 100vw, 1500px\" \/>\n        <\/a>    <\/div>\n<\/div>\n\n<figcaption class=\"vp-portfolio__item-overlay vp-portfolio__item-overlay-text-align-center\">\n    <div class=\"vp-portfolio__item-meta-wrap vp-portfolio__custom-scrollbar\">\n            <a\n        href=\"https:\/\/www.lucernatv.cz\/wp-content\/uploads\/2021\/02\/frequence-of-silence-02.jpeg\"\n        tabindex=\"-1\" class=\"vp-portfolio__item-meta\"     >\n    \n        \n<h2 class=\"vp-portfolio__item-meta-title\">\n    Vladim\u00edr Kova\u0159\u00edk 8<\/h2>\n\n        <\/a>    <\/div>\n<\/figcaption>\n            <\/figure>\n                    <\/div>\n        \n        <div        class=\"vp-portfolio__item-wrap vp-portfolio__item-uid-54a2800a\" data-vp-filter=\"\"         >\n            <template class=\"vp-portfolio__item-popup\" data-vp-popup-img=\"https:\/\/www.lucernatv.cz\/wp-content\/uploads\/2021\/02\/hodiny-1.jpeg\" data-vp-popup-img-srcset=\"https:\/\/www.lucernatv.cz\/wp-content\/uploads\/2021\/02\/hodiny-1.jpeg 1500w, https:\/\/www.lucernatv.cz\/wp-content\/uploads\/2021\/02\/hodiny-1-240x180.jpeg 240w, https:\/\/www.lucernatv.cz\/wp-content\/uploads\/2021\/02\/hodiny-1-1440x1080.jpeg 1440w, https:\/\/www.lucernatv.cz\/wp-content\/uploads\/2021\/02\/hodiny-1-768x576.jpeg 768w, https:\/\/www.lucernatv.cz\/wp-content\/uploads\/2021\/02\/hodiny-1-500x375.jpeg 500w, https:\/\/www.lucernatv.cz\/wp-content\/uploads\/2021\/02\/hodiny-1-800x600.jpeg 800w, https:\/\/www.lucernatv.cz\/wp-content\/uploads\/2021\/02\/hodiny-1-1280x960.jpeg 1280w\" data-vp-popup-img-size=\"1500x1125\" data-vp-popup-md-img=\"https:\/\/www.lucernatv.cz\/wp-content\/uploads\/2021\/02\/hodiny-1-800x600.jpeg\" data-vp-popup-md-img-size=\"800x600\" data-vp-popup-sm-img=\"https:\/\/www.lucernatv.cz\/wp-content\/uploads\/2021\/02\/hodiny-1-500x375.jpeg\" data-vp-popup-sm-img-size=\"500x375\">\n            <h3 class=\"vp-portfolio__item-popup-title\">Vladim\u00edr Kova\u0159\u00edk 9<\/h3>\n        <\/template>\n                        <figure class=\"vp-portfolio__item\">\n                \n<div class=\"vp-portfolio__item-img-wrap\">\n    <div class=\"vp-portfolio__item-img\">\n            <a\n        href=\"https:\/\/www.lucernatv.cz\/wp-content\/uploads\/2021\/02\/hodiny-1.jpeg\"\n            >\n    \n        <img decoding=\"async\" width=\"1500\" height=\"1125\" src=\"https:\/\/www.lucernatv.cz\/wp-content\/uploads\/2021\/02\/hodiny-1.jpeg\" class=\"wp-image-2677\" alt=\"\" srcset=\"https:\/\/www.lucernatv.cz\/wp-content\/uploads\/2021\/02\/hodiny-1.jpeg 1500w, https:\/\/www.lucernatv.cz\/wp-content\/uploads\/2021\/02\/hodiny-1-240x180.jpeg 240w, https:\/\/www.lucernatv.cz\/wp-content\/uploads\/2021\/02\/hodiny-1-1440x1080.jpeg 1440w, https:\/\/www.lucernatv.cz\/wp-content\/uploads\/2021\/02\/hodiny-1-768x576.jpeg 768w, https:\/\/www.lucernatv.cz\/wp-content\/uploads\/2021\/02\/hodiny-1-500x375.jpeg 500w, https:\/\/www.lucernatv.cz\/wp-content\/uploads\/2021\/02\/hodiny-1-800x600.jpeg 800w, https:\/\/www.lucernatv.cz\/wp-content\/uploads\/2021\/02\/hodiny-1-1280x960.jpeg 1280w\" sizes=\"(max-width: 1500px) 100vw, 1500px\" \/>\n        <\/a>    <\/div>\n<\/div>\n\n<figcaption class=\"vp-portfolio__item-overlay vp-portfolio__item-overlay-text-align-center\">\n    <div class=\"vp-portfolio__item-meta-wrap vp-portfolio__custom-scrollbar\">\n            <a\n        href=\"https:\/\/www.lucernatv.cz\/wp-content\/uploads\/2021\/02\/hodiny-1.jpeg\"\n        tabindex=\"-1\" class=\"vp-portfolio__item-meta\"     >\n    \n        \n<h2 class=\"vp-portfolio__item-meta-title\">\n    Vladim\u00edr Kova\u0159\u00edk 9<\/h2>\n\n        <\/a>    <\/div>\n<\/figcaption>\n            <\/figure>\n                    <\/div>\n        \n        <div        class=\"vp-portfolio__item-wrap vp-portfolio__item-uid-f97db42b\" data-vp-filter=\"\"         >\n            <template class=\"vp-portfolio__item-popup\" data-vp-popup-img=\"https:\/\/www.lucernatv.cz\/wp-content\/uploads\/2021\/02\/ius.jpeg\" data-vp-popup-img-srcset=\"https:\/\/www.lucernatv.cz\/wp-content\/uploads\/2021\/02\/ius.jpeg 1500w, https:\/\/www.lucernatv.cz\/wp-content\/uploads\/2021\/02\/ius-254x180.jpeg 254w, https:\/\/www.lucernatv.cz\/wp-content\/uploads\/2021\/02\/ius-768x543.jpeg 768w, https:\/\/www.lucernatv.cz\/wp-content\/uploads\/2021\/02\/ius-500x354.jpeg 500w, https:\/\/www.lucernatv.cz\/wp-content\/uploads\/2021\/02\/ius-800x566.jpeg 800w, https:\/\/www.lucernatv.cz\/wp-content\/uploads\/2021\/02\/ius-1280x905.jpeg 1280w\" data-vp-popup-img-size=\"1500x1061\" data-vp-popup-md-img=\"https:\/\/www.lucernatv.cz\/wp-content\/uploads\/2021\/02\/ius-800x566.jpeg\" data-vp-popup-md-img-size=\"800x566\" data-vp-popup-sm-img=\"https:\/\/www.lucernatv.cz\/wp-content\/uploads\/2021\/02\/ius-500x354.jpeg\" data-vp-popup-sm-img-size=\"500x354\">\n            <h3 class=\"vp-portfolio__item-popup-title\">Vladim\u00edr Kova\u0159\u00edk 10<\/h3>\n        <\/template>\n                        <figure class=\"vp-portfolio__item\">\n                \n<div class=\"vp-portfolio__item-img-wrap\">\n    <div class=\"vp-portfolio__item-img\">\n            <a\n        href=\"https:\/\/www.lucernatv.cz\/wp-content\/uploads\/2021\/02\/ius.jpeg\"\n            >\n    \n        <img decoding=\"async\" width=\"1500\" height=\"1061\" src=\"https:\/\/www.lucernatv.cz\/wp-content\/uploads\/2021\/02\/ius.jpeg\" class=\"wp-image-2678\" alt=\"\" srcset=\"https:\/\/www.lucernatv.cz\/wp-content\/uploads\/2021\/02\/ius.jpeg 1500w, https:\/\/www.lucernatv.cz\/wp-content\/uploads\/2021\/02\/ius-254x180.jpeg 254w, https:\/\/www.lucernatv.cz\/wp-content\/uploads\/2021\/02\/ius-768x543.jpeg 768w, https:\/\/www.lucernatv.cz\/wp-content\/uploads\/2021\/02\/ius-500x354.jpeg 500w, https:\/\/www.lucernatv.cz\/wp-content\/uploads\/2021\/02\/ius-800x566.jpeg 800w, https:\/\/www.lucernatv.cz\/wp-content\/uploads\/2021\/02\/ius-1280x905.jpeg 1280w\" sizes=\"(max-width: 1500px) 100vw, 1500px\" \/>\n        <\/a>    <\/div>\n<\/div>\n\n<figcaption class=\"vp-portfolio__item-overlay vp-portfolio__item-overlay-text-align-center\">\n    <div class=\"vp-portfolio__item-meta-wrap vp-portfolio__custom-scrollbar\">\n            <a\n        href=\"https:\/\/www.lucernatv.cz\/wp-content\/uploads\/2021\/02\/ius.jpeg\"\n        tabindex=\"-1\" class=\"vp-portfolio__item-meta\"     >\n    \n        \n<h2 class=\"vp-portfolio__item-meta-title\">\n    Vladim\u00edr Kova\u0159\u00edk 10<\/h2>\n\n        <\/a>    <\/div>\n<\/figcaption>\n            <\/figure>\n                    <\/div>\n        \n        <div        class=\"vp-portfolio__item-wrap vp-portfolio__item-uid-bee9d3d3\" data-vp-filter=\"\"         >\n            <template class=\"vp-portfolio__item-popup\" data-vp-popup-img=\"https:\/\/www.lucernatv.cz\/wp-content\/uploads\/2021\/02\/pion.jpeg\" data-vp-popup-img-srcset=\"https:\/\/www.lucernatv.cz\/wp-content\/uploads\/2021\/02\/pion.jpeg 1500w, https:\/\/www.lucernatv.cz\/wp-content\/uploads\/2021\/02\/pion-120x180.jpeg 120w, https:\/\/www.lucernatv.cz\/wp-content\/uploads\/2021\/02\/pion-720x1080.jpeg 720w, https:\/\/www.lucernatv.cz\/wp-content\/uploads\/2021\/02\/pion-768x1152.jpeg 768w, https:\/\/www.lucernatv.cz\/wp-content\/uploads\/2021\/02\/pion-500x750.jpeg 500w, https:\/\/www.lucernatv.cz\/wp-content\/uploads\/2021\/02\/pion-800x1200.jpeg 800w, https:\/\/www.lucernatv.cz\/wp-content\/uploads\/2021\/02\/pion-1280x1920.jpeg 1280w, https:\/\/www.lucernatv.cz\/wp-content\/uploads\/2021\/02\/pion-1024x1536.jpeg 1024w, https:\/\/www.lucernatv.cz\/wp-content\/uploads\/2021\/02\/pion-1365x2048.jpeg 1365w, https:\/\/www.lucernatv.cz\/wp-content\/uploads\/2021\/02\/pion-600x900.jpeg 600w\" data-vp-popup-img-size=\"1500x2250\" data-vp-popup-md-img=\"https:\/\/www.lucernatv.cz\/wp-content\/uploads\/2021\/02\/pion-800x1200.jpeg\" data-vp-popup-md-img-size=\"800x1200\" data-vp-popup-sm-img=\"https:\/\/www.lucernatv.cz\/wp-content\/uploads\/2021\/02\/pion-500x750.jpeg\" data-vp-popup-sm-img-size=\"500x750\">\n            <h3 class=\"vp-portfolio__item-popup-title\">Vladim\u00edr Kova\u0159\u00edk 11<\/h3>\n        <\/template>\n                        <figure class=\"vp-portfolio__item\">\n                \n<div class=\"vp-portfolio__item-img-wrap\">\n    <div class=\"vp-portfolio__item-img\">\n            <a\n        href=\"https:\/\/www.lucernatv.cz\/wp-content\/uploads\/2021\/02\/pion.jpeg\"\n            >\n    \n        <img decoding=\"async\" width=\"1500\" height=\"2250\" src=\"https:\/\/www.lucernatv.cz\/wp-content\/uploads\/2021\/02\/pion.jpeg\" class=\"wp-image-2679\" alt=\"\" srcset=\"https:\/\/www.lucernatv.cz\/wp-content\/uploads\/2021\/02\/pion.jpeg 1500w, https:\/\/www.lucernatv.cz\/wp-content\/uploads\/2021\/02\/pion-120x180.jpeg 120w, https:\/\/www.lucernatv.cz\/wp-content\/uploads\/2021\/02\/pion-720x1080.jpeg 720w, https:\/\/www.lucernatv.cz\/wp-content\/uploads\/2021\/02\/pion-768x1152.jpeg 768w, https:\/\/www.lucernatv.cz\/wp-content\/uploads\/2021\/02\/pion-500x750.jpeg 500w, https:\/\/www.lucernatv.cz\/wp-content\/uploads\/2021\/02\/pion-800x1200.jpeg 800w, https:\/\/www.lucernatv.cz\/wp-content\/uploads\/2021\/02\/pion-1280x1920.jpeg 1280w, https:\/\/www.lucernatv.cz\/wp-content\/uploads\/2021\/02\/pion-1024x1536.jpeg 1024w, https:\/\/www.lucernatv.cz\/wp-content\/uploads\/2021\/02\/pion-1365x2048.jpeg 1365w, https:\/\/www.lucernatv.cz\/wp-content\/uploads\/2021\/02\/pion-600x900.jpeg 600w\" sizes=\"(max-width: 1500px) 100vw, 1500px\" \/>\n        <\/a>    <\/div>\n<\/div>\n\n<figcaption class=\"vp-portfolio__item-overlay vp-portfolio__item-overlay-text-align-center\">\n    <div class=\"vp-portfolio__item-meta-wrap vp-portfolio__custom-scrollbar\">\n            <a\n        href=\"https:\/\/www.lucernatv.cz\/wp-content\/uploads\/2021\/02\/pion.jpeg\"\n        tabindex=\"-1\" class=\"vp-portfolio__item-meta\"     >\n    \n        \n<h2 class=\"vp-portfolio__item-meta-title\">\n    Vladim\u00edr Kova\u0159\u00edk 11<\/h2>\n\n        <\/a>    <\/div>\n<\/figcaption>\n            <\/figure>\n                    <\/div>\n        \n        <div        class=\"vp-portfolio__item-wrap vp-portfolio__item-uid-0aca6e9e\" data-vp-filter=\"\"         >\n            <template class=\"vp-portfolio__item-popup\" data-vp-popup-img=\"https:\/\/www.lucernatv.cz\/wp-content\/uploads\/2021\/02\/XI.jpeg\" data-vp-popup-img-srcset=\"https:\/\/www.lucernatv.cz\/wp-content\/uploads\/2021\/02\/XI.jpeg 1500w, https:\/\/www.lucernatv.cz\/wp-content\/uploads\/2021\/02\/XI-318x180.jpeg 318w, https:\/\/www.lucernatv.cz\/wp-content\/uploads\/2021\/02\/XI-768x432.jpeg 768w, https:\/\/www.lucernatv.cz\/wp-content\/uploads\/2021\/02\/XI-500x281.jpeg 500w, https:\/\/www.lucernatv.cz\/wp-content\/uploads\/2021\/02\/XI-800x450.jpeg 800w, https:\/\/www.lucernatv.cz\/wp-content\/uploads\/2021\/02\/XI-1280x720.jpeg 1280w\" data-vp-popup-img-size=\"1500x844\" data-vp-popup-md-img=\"https:\/\/www.lucernatv.cz\/wp-content\/uploads\/2021\/02\/XI-800x450.jpeg\" data-vp-popup-md-img-size=\"800x450\" data-vp-popup-sm-img=\"https:\/\/www.lucernatv.cz\/wp-content\/uploads\/2021\/02\/XI-500x281.jpeg\" data-vp-popup-sm-img-size=\"500x281\">\n            <h3 class=\"vp-portfolio__item-popup-title\">Vladim\u00edr Kova\u0159\u00edk 13<\/h3>\n        <\/template>\n                        <figure class=\"vp-portfolio__item\">\n                \n<div class=\"vp-portfolio__item-img-wrap\">\n    <div class=\"vp-portfolio__item-img\">\n            <a\n        href=\"https:\/\/www.lucernatv.cz\/wp-content\/uploads\/2021\/02\/XI.jpeg\"\n            >\n    \n        <img decoding=\"async\" width=\"1500\" height=\"844\" src=\"https:\/\/www.lucernatv.cz\/wp-content\/uploads\/2021\/02\/XI.jpeg\" class=\"wp-image-2681\" alt=\"\" srcset=\"https:\/\/www.lucernatv.cz\/wp-content\/uploads\/2021\/02\/XI.jpeg 1500w, https:\/\/www.lucernatv.cz\/wp-content\/uploads\/2021\/02\/XI-318x180.jpeg 318w, https:\/\/www.lucernatv.cz\/wp-content\/uploads\/2021\/02\/XI-768x432.jpeg 768w, https:\/\/www.lucernatv.cz\/wp-content\/uploads\/2021\/02\/XI-500x281.jpeg 500w, https:\/\/www.lucernatv.cz\/wp-content\/uploads\/2021\/02\/XI-800x450.jpeg 800w, https:\/\/www.lucernatv.cz\/wp-content\/uploads\/2021\/02\/XI-1280x720.jpeg 1280w\" sizes=\"(max-width: 1500px) 100vw, 1500px\" \/>\n        <\/a>    <\/div>\n<\/div>\n\n<figcaption class=\"vp-portfolio__item-overlay vp-portfolio__item-overlay-text-align-center\">\n    <div class=\"vp-portfolio__item-meta-wrap vp-portfolio__custom-scrollbar\">\n            <a\n        href=\"https:\/\/www.lucernatv.cz\/wp-content\/uploads\/2021\/02\/XI.jpeg\"\n        tabindex=\"-1\" class=\"vp-portfolio__item-meta\"     >\n    \n        \n<h2 class=\"vp-portfolio__item-meta-title\">\n    Vladim\u00edr Kova\u0159\u00edk 13<\/h2>\n\n        <\/a>    <\/div>\n<\/figcaption>\n            <\/figure>\n                    <\/div>\n        \n        <div        class=\"vp-portfolio__item-wrap vp-portfolio__item-uid-3a6d24d8\" data-vp-filter=\"\"         >\n            <template class=\"vp-portfolio__item-popup\" data-vp-popup-img=\"https:\/\/www.lucernatv.cz\/wp-content\/uploads\/2021\/02\/prkna_KGVU_Zlin.jpeg\" data-vp-popup-img-srcset=\"https:\/\/www.lucernatv.cz\/wp-content\/uploads\/2021\/02\/prkna_KGVU_Zlin.jpeg 1500w, https:\/\/www.lucernatv.cz\/wp-content\/uploads\/2021\/02\/prkna_KGVU_Zlin-318x180.jpeg 318w, https:\/\/www.lucernatv.cz\/wp-content\/uploads\/2021\/02\/prkna_KGVU_Zlin-768x432.jpeg 768w, https:\/\/www.lucernatv.cz\/wp-content\/uploads\/2021\/02\/prkna_KGVU_Zlin-500x281.jpeg 500w, https:\/\/www.lucernatv.cz\/wp-content\/uploads\/2021\/02\/prkna_KGVU_Zlin-800x450.jpeg 800w, https:\/\/www.lucernatv.cz\/wp-content\/uploads\/2021\/02\/prkna_KGVU_Zlin-1280x720.jpeg 1280w\" data-vp-popup-img-size=\"1500x844\" data-vp-popup-md-img=\"https:\/\/www.lucernatv.cz\/wp-content\/uploads\/2021\/02\/prkna_KGVU_Zlin-800x450.jpeg\" data-vp-popup-md-img-size=\"800x450\" data-vp-popup-sm-img=\"https:\/\/www.lucernatv.cz\/wp-content\/uploads\/2021\/02\/prkna_KGVU_Zlin-500x281.jpeg\" data-vp-popup-sm-img-size=\"500x281\">\n            <h3 class=\"vp-portfolio__item-popup-title\">Vladim\u00edr Kova\u0159\u00edk 12<\/h3>\n        <\/template>\n                        <figure class=\"vp-portfolio__item\">\n                \n<div class=\"vp-portfolio__item-img-wrap\">\n    <div class=\"vp-portfolio__item-img\">\n            <a\n        href=\"https:\/\/www.lucernatv.cz\/wp-content\/uploads\/2021\/02\/prkna_KGVU_Zlin.jpeg\"\n            >\n    \n        <img decoding=\"async\" width=\"1500\" height=\"844\" src=\"https:\/\/www.lucernatv.cz\/wp-content\/uploads\/2021\/02\/prkna_KGVU_Zlin.jpeg\" class=\"wp-image-2680\" alt=\"\" srcset=\"https:\/\/www.lucernatv.cz\/wp-content\/uploads\/2021\/02\/prkna_KGVU_Zlin.jpeg 1500w, https:\/\/www.lucernatv.cz\/wp-content\/uploads\/2021\/02\/prkna_KGVU_Zlin-318x180.jpeg 318w, https:\/\/www.lucernatv.cz\/wp-content\/uploads\/2021\/02\/prkna_KGVU_Zlin-768x432.jpeg 768w, https:\/\/www.lucernatv.cz\/wp-content\/uploads\/2021\/02\/prkna_KGVU_Zlin-500x281.jpeg 500w, https:\/\/www.lucernatv.cz\/wp-content\/uploads\/2021\/02\/prkna_KGVU_Zlin-800x450.jpeg 800w, https:\/\/www.lucernatv.cz\/wp-content\/uploads\/2021\/02\/prkna_KGVU_Zlin-1280x720.jpeg 1280w\" sizes=\"(max-width: 1500px) 100vw, 1500px\" \/>\n        <\/a>    <\/div>\n<\/div>\n\n<figcaption class=\"vp-portfolio__item-overlay vp-portfolio__item-overlay-text-align-center\">\n    <div class=\"vp-portfolio__item-meta-wrap vp-portfolio__custom-scrollbar\">\n            <a\n        href=\"https:\/\/www.lucernatv.cz\/wp-content\/uploads\/2021\/02\/prkna_KGVU_Zlin.jpeg\"\n        tabindex=\"-1\" class=\"vp-portfolio__item-meta\"     >\n    \n        \n<h2 class=\"vp-portfolio__item-meta-title\">\n    Vladim\u00edr Kova\u0159\u00edk 12<\/h2>\n\n        <\/a>    <\/div>\n<\/figcaption>\n            <\/figure>\n                    <\/div>\n        \n<\/div>\n        <\/div>\n        \n<\/div>\n<\/div>\n\n\n<p><strong>Vladim\u00edr Kova\u0159\u00edk o\u010dima Miroslava Zelinsk\u00e9ho<\/strong><\/p>\n\n\n\n<p>Dnes se potk\u00e1me s&nbsp;autorem, kter\u00fd je rozkro\u010den mezi n\u011bkolika v\u00fdtvarn\u00fdmi profesemi na linii voln\u00e9 um\u011bn\u00ed a design.<\/p>\n\n\n\n<p>Leto\u0161n\u00ed p\u011btapades\u00e1tn\u00edk Vladim\u00edr Kova\u0159\u00edk, absolvent Vysok\u00e9 \u0161koly um\u011blecko-pr\u016fmyslov\u00e9 v Praze, je typem tv\u016frce, kter\u00fd jde ve voln\u00e9 tvorb\u011b cestou technick\u00e9ho perfekcionismu, tvarov\u00e9 redukce a odkazov\u00e1n\u00ed p\u0159\u00edmo ke smyslu v\u00fdpov\u011bdi. Design\u00e9rsk\u00e9 \u0161kolen\u00ed je zde v\u00edce ne\u017e z\u0159ejm\u00e9. Z d\u0159\u00edv\u011bj\u0161\u00edch v\u00fdstav, a p\u0159edev\u0161\u00edm nejr\u016fzn\u011bj\u0161\u00edch sympozi\u00ed, velmi \u010dasto realizovan\u00fdch i v N\u011bmecku, jsou zn\u00e1my jeho&nbsp; objekty dokumentuj\u00edc\u00ed pr\u00e1v\u011b onu profesn\u00ed rozkro\u010denost. Jednak to jsou r\u016fzn\u00e9 variace na interi\u00e9rov\u00fd i exteri\u00e9rov\u00fd mobili\u00e1\u0159, na stran\u011b druh\u00e9 abstraktizovan\u00e9 objekty, jejich\u017e smysl je pot\u0159eba hledat v&nbsp;symbolice z\u00e1kladn\u00edch geometrick\u00fdch tvar\u016f a jejich odvozenin a tvarov\u00fdch verz\u00ed. S&nbsp;\u010desko-n\u011bmeck\u00fdm sympoziem v&nbsp;Kulturn\u00edm centru \u0158ehlovice v&nbsp;severoz\u00e1padn\u00edch \u010cech\u00e1ch je nap\u0159. spojena ob\u0159\u00ed d\u0159ev\u011bn\u00e1 postel Ius primae noctis, otev\u0159en\u00e1 soukrom\u00e1 minimalistick\u00e1 kaple konTempl, d\u00e1le m\u016f\u017eeme registrovat v&nbsp;jeho tvorb\u011b r\u016fzn\u00e9 site specific realizace kyvadel, slune\u010dn\u00edch hodin, intervence do prostoru park\u016f, ulic, pr\u016fmyslov\u00fdch objekt\u016f ad. Pro Kova\u0159\u00edka je v\u017edy d\u016fle\u017eit\u00fd konkr\u00e9tn\u00ed prostor, ve kter\u00e9m tvo\u0159\u00ed nebo pro kter\u00fd tvo\u0159\u00ed. Dotv\u00e1\u0159\u00ed pak jeho funk\u010dn\u00ed a z\u00e1rove\u0148 estetick\u00fd potenci\u00e1l, ukazuje na jeho skryt\u00e9 v\u00fdznamov\u00e9 mo\u017enosti, dosud nevyu\u017eit\u00e9 a v\u017edy ne\u010dekan\u00e9, p\u0159ekvapuj\u00edc\u00ed \u2013 p\u0159edimenzovan\u00e9 nebo poddimenzovan\u00e9, \u010d\u00edm\u017e vznik\u00e1 aktualiza\u010dn\u00ed efekt.<\/p>\n\n\n\n<p>Charakterizuj\u00ed jej minimalistick\u00e9 v\u00fdrazov\u00e9 prost\u0159edky vysok\u00e9 technick\u00e9 a technologick\u00e9 \u00farovn\u011b, kter\u00e9 umo\u017e\u0148uj\u00ed, aby sd\u011blovan\u00e9 bylo v\u017edy v prvn\u00edm pl\u00e1nu. Posedlost tvarovou redukc\u00ed a materi\u00e1lov\u00fdm instrumentalismem nach\u00e1z\u00ed inspirace jak hluboko v antice, tak tak\u00e9 v evropsk\u00e9m monument\u00e1ln\u00edm v\u00fdtvarn\u00e9m um\u011bn\u00ed 60. let. Pou\u010denost na mo\u017enostech a podm\u00ednk\u00e1ch prostorov\u00e9ho a pr\u016fmyslov\u00e9ho designu vede k tvarov\u00e9 sev\u0159enosti a leckdy i ke konkr\u00e9tn\u00ed \u201efunk\u010dnosti\u201c v\u00fdtvarn\u00fdch objekt\u016f. Jejich p\u0159\u00edm\u00e1, jednoduch\u00e1, nikoliv prost\u00e1 v\u00fdznamovost jde vst\u0159\u00edc element\u00e1rn\u00edm lidsk\u00fdm hodnot\u00e1m, a\u017e tam, kde se aristotelsky st\u00fdkaj\u00ed s hodnotami um\u011bleck\u00fdmi, s estetickou funkc\u00ed.<\/p>\n\n\n\n<p>P\u0159\u00edle\u017eitostn\u011b zav\u00edt\u00e1 Kova\u0159\u00edk tak\u00e9 do mal\u00ed\u0159sk\u00e9ho prostoru, p\u0159ed n\u011bkolika lety p\u0159ipravil pro jednu malou bavorskou galerii komorn\u00ed, tvarov\u011b i materi\u00e1lov\u011b sev\u0159enou kolekci obraz\u016f, kter\u00e1 vykazuje tak\u00e9 vy\u0161\u0161\u00ed m\u00edru barevnosti ne\u017e velkorozm\u011brn\u00e9 objekty. Jde o cykly i samostatn\u00e1 d\u00edla \u2013 obrazy na d\u0159ev\u011b a na pl\u00e1tn\u011b s materi\u00e1lov\u00fdmi intervencemi geometrick\u00fdch prvk\u016f, li\u0161t, \u00fachyt\u016f apod. P\u0159eva\u017euj\u00edc\u00ed monochromn\u00ed proveden\u00ed (modr\u00e1, zlat\u00e1, st\u0159\u00edbrn\u00e1) s d\u00edl\u010d\u00edmi barevn\u00fdmi z\u00e1sahy do plochy obraz\u016f p\u016fsob\u00ed jako sugestivn\u00ed koncentr\u00e1t soust\u0159ed\u011bnosti na v\u00fdsledek.<\/p>\n\n\n\n<p>Kova\u0159\u00edk se nej\u010dast\u011bji a nejintenzivn\u011bji, a\u017e obsesivn\u011b vrh\u00e1 na kruhov\u00e9 variace \u2013 jak v dvojrozm\u011brn\u00e9m, tak trojrozm\u011brn\u00e9m proveden\u00ed. Magick\u00e1 s\u00edla kruhu je tak velk\u00e1, \u017ee ji c\u00edt\u00edme i tam, kde kruh nen\u00ed na prvn\u00ed pohled evidentn\u00ed, t\u0159eba v&nbsp;kubick\u00fdch objektech, tu\u0161en\u00fd kruh opisuje \u010dtverec anebo ten je do n\u011bj veps\u00e1n. Jeho p\u0159\u00edtomnost per absentiam je v kontextu Kova\u0159ikovy tvorby intenzivn\u00ed, z kruhu nelze jen tak snadno vykro\u010dit\u2026<\/p>\n\n\n\n<p>Vedle voln\u00e9 tvorby je pot\u0159eba zm\u00ednit i tvorbu u\u017eitou, design. Obzvl\u00e1\u0161t\u011b v&nbsp;obdob\u00ed pandemick\u00e9m sehr\u00e1l design obecn\u011b kl\u00ed\u010dovou roli p\u0159i vyv\u00edjen\u00ed ochrann\u00fdch pom\u016fcek metodou rapid prototyping. A tak v&nbsp;ateli\u00e9ru, kter\u00fd m\u016f\u017eete vid\u011bt na jedn\u00e9 z&nbsp;fotografi\u00ed, vznikly n\u00e1vrhy na dv\u011b velmi u\u017eite\u010dn\u00e9 pom\u016fcky v&nbsp;dob\u011b, kdy hygiena byla a vlastn\u011b st\u00e1le je p\u0159\u00edkazem dne. Jmenuj\u00ed se prost\u011b NAMADLO a NAKLIKU.<\/p>\n\n\n\n<p>My\u0161lenka vyu\u017e\u00edt speci\u00e1ln\u00ed n\u00e1stavec p\u0159i otev\u00edr\u00e1n\u00ed dve\u0159\u00ed je nesena faktem, \u017ee dotek s infikovan\u00fdm podkladem je druh\u00fdm nej\u010dast\u011bj\u0161\u00edm zdrojem n\u00e1kazy koronavirem zp\u016fsobuj\u00edc\u00edm nemoc COVID-19. Druh\u00fdm impulsem k v\u00fdvoji NAMADLO a NAKLIKU je p\u0159i aktu\u00e1ln\u011b omezen\u00fdch v\u00fdrobn\u00edch kapacit\u00e1ch mo\u017enost vyu\u017eit\u00ed i dom\u00e1c\u00edho 3D tisku. Tiskov\u00e1 data jako jsou k&nbsp;dispozici ka\u017ed\u00e9mu, kdo k&nbsp;tomuto modern\u00edmu \u201ev\u00fdrobn\u00edmu\u201c prost\u0159edku m\u00e1 p\u0159\u00edstup. Je\u0161t\u011b p\u0159ed n\u011bkolika lety by takov\u00fd postup nebyl mo\u017en\u00fd, dnes je jejich roz\u0161\u00ed\u0159en\u00ed tak\u0159ka masov\u00e9. Adapt\u00e9ry NAMADLO a NAKLIKU umo\u017e\u0148uj\u00ed otev\u0159\u00edt dve\u0159e jednodu\u0161e ohb\u00edm loktem nebo z\u00e1p\u011bst\u00ed, kdy je l\u00e1tkou od\u011bvu chr\u00e1n\u011bna lidsk\u00e1 poko\u017eka.<\/p>\n\n\n\n<p>Kova\u0159\u00edkova univerzalita se ukazuje tak\u00e9 v&nbsp;jeho organiza\u010dn\u00edch a po\u0159adatelsk\u00fdch aktivit\u00e1ch, stoj\u00ed za dlouholet\u00fdm \u00fasp\u011b\u0161n\u00fdm v\u00fdtvarn\u00fdm sympoziem Panta Rhei, inicioval studentsk\u00e9 design\u00e9rsk\u00e9 aktivity s&nbsp;environment\u00e1ln\u00edm potenci\u00e1lem (nap\u0159. pap\u00edrov\u00fd n\u00e1bytek Made in paper.)<\/p>\n","protected":false},"excerpt":{"rendered":"<p>Ve druh\u00e9m d\u00edle cyklu n\u00e1v\u0161t\u011bv v&nbsp;ateli\u00e9rech autor\u016f visegr\u00e1dsk\u00e9ho okruhu, kter\u00fd p\u0159ipravujeme s&nbsp;revue Protimluv, z\u016fstaneme doma \u2013 na Morav\u011b v&nbsp;Uhersk\u00e9m Hradi\u0161ti, v&nbsp;Ma\u0159atic\u00edch\u2026 Vladim\u00edr Kova\u0159\u00edk o\u010dima Miroslava Zelinsk\u00e9ho Dnes se potk\u00e1me s&nbsp;autorem, kter\u00fd je rozkro\u010den mezi n\u011bkolika v\u00fdtvarn\u00fdmi profesemi na linii voln\u00e9 um\u011bn\u00ed a design. Leto\u0161n\u00ed p\u011btapades\u00e1tn\u00edk Vladim\u00edr Kova\u0159\u00edk, absolvent Vysok\u00e9 \u0161koly um\u011blecko-pr\u016fmyslov\u00e9 v Praze, je typem&hellip;&nbsp;<a href=\"https:\/\/www.lucernatv.cz\/index.php\/2021\/02\/12\/visegradske-ateliery-2-vladimir-kovarik\/\" class=\"\" rel=\"bookmark\">\u010c\u00edst d\u00e1le &raquo;<span class=\"screen-reader-text\">Visegr\u00e1dsk\u00e9 ateli\u00e9ry 2 \u2013 Vladim\u00edr Kova\u0159\u00edk<\/span><\/a><\/p>\n","protected":false},"author":1,"featured_media":2672,"comment_status":"closed","ping_status":"open","sticky":false,"template":"","format":"gallery","meta":{"inline_featured_image":false,"_uag_custom_page_level_css":"","neve_meta_sidebar":"","neve_meta_container":"","neve_meta_enable_content_width":"","neve_meta_content_width":0,"neve_meta_title_alignment":"","neve_meta_author_avatar":"","neve_post_elements_order":"","neve_meta_disable_header":"","neve_meta_disable_footer":"","neve_meta_disable_title":"","_vp_format_video_url":"","_vp_image_focal_point":[]},"categories":[3,12],"tags":[26,63],"yoast_head":"<!-- This site is optimized with the Yoast SEO plugin v20.12 - https:\/\/yoast.com\/wordpress\/plugins\/seo\/ -->\n<title>Visegr\u00e1dsk\u00e9 ateli\u00e9ry 2 \u2013 Vladim\u00edr Kova\u0159\u00edk - lucernatv.cz<\/title>\n<meta name=\"robots\" content=\"index, follow, max-snippet:-1, max-image-preview:large, max-video-preview:-1\" \/>\n<link rel=\"canonical\" href=\"https:\/\/www.lucernatv.cz\/index.php\/2021\/02\/12\/visegradske-ateliery-2-vladimir-kovarik\/\" \/>\n<meta property=\"og:locale\" content=\"cs_CZ\" \/>\n<meta property=\"og:type\" content=\"article\" \/>\n<meta property=\"og:title\" content=\"Visegr\u00e1dsk\u00e9 ateli\u00e9ry 2 \u2013 Vladim\u00edr Kova\u0159\u00edk - lucernatv.cz\" \/>\n<meta property=\"og:description\" content=\"Ve druh\u00e9m d\u00edle cyklu n\u00e1v\u0161t\u011bv v&nbsp;ateli\u00e9rech autor\u016f visegr\u00e1dsk\u00e9ho okruhu, kter\u00fd p\u0159ipravujeme s&nbsp;revue Protimluv, z\u016fstaneme doma \u2013 na Morav\u011b v&nbsp;Uhersk\u00e9m Hradi\u0161ti, v&nbsp;Ma\u0159atic\u00edch\u2026 Vladim\u00edr Kova\u0159\u00edk o\u010dima Miroslava Zelinsk\u00e9ho Dnes se potk\u00e1me s&nbsp;autorem, kter\u00fd je rozkro\u010den mezi n\u011bkolika v\u00fdtvarn\u00fdmi profesemi na linii voln\u00e9 um\u011bn\u00ed a design. Leto\u0161n\u00ed p\u011btapades\u00e1tn\u00edk Vladim\u00edr Kova\u0159\u00edk, absolvent Vysok\u00e9 \u0161koly um\u011blecko-pr\u016fmyslov\u00e9 v Praze, je typem&hellip;&nbsp;\u010c\u00edst d\u00e1le &raquo;Visegr\u00e1dsk\u00e9 ateli\u00e9ry 2 \u2013 Vladim\u00edr Kova\u0159\u00edk\" \/>\n<meta property=\"og:url\" content=\"https:\/\/www.lucernatv.cz\/index.php\/2021\/02\/12\/visegradske-ateliery-2-vladimir-kovarik\/\" \/>\n<meta property=\"og:site_name\" content=\"lucernatv.cz\" \/>\n<meta property=\"article:publisher\" content=\"https:\/\/www.facebook.com\/avtopava\" \/>\n<meta property=\"article:published_time\" content=\"2021-02-12T22:03:54+00:00\" \/>\n<meta property=\"article:modified_time\" content=\"2021-02-21T22:05:07+00:00\" \/>\n<meta property=\"og:image\" content=\"https:\/\/www.lucernatv.cz\/wp-content\/uploads\/2021\/02\/circles_a.jpeg\" \/>\n\t<meta property=\"og:image:width\" content=\"1500\" \/>\n\t<meta property=\"og:image:height\" content=\"844\" \/>\n\t<meta property=\"og:image:type\" content=\"image\/jpeg\" \/>\n<meta name=\"author\" content=\"lucernatvc\" \/>\n<meta name=\"twitter:card\" content=\"summary_large_image\" \/>\n<meta name=\"twitter:label1\" content=\"Napsal(a)\" \/>\n\t<meta name=\"twitter:data1\" content=\"lucernatvc\" \/>\n\t<meta name=\"twitter:label2\" content=\"Odhadovan\u00e1 doba \u010dten\u00ed\" \/>\n\t<meta name=\"twitter:data2\" content=\"5 minut\" \/>\n<script type=\"application\/ld+json\" class=\"yoast-schema-graph\">{\"@context\":\"https:\/\/schema.org\",\"@graph\":[{\"@type\":\"Article\",\"@id\":\"https:\/\/www.lucernatv.cz\/index.php\/2021\/02\/12\/visegradske-ateliery-2-vladimir-kovarik\/#article\",\"isPartOf\":{\"@id\":\"https:\/\/www.lucernatv.cz\/index.php\/2021\/02\/12\/visegradske-ateliery-2-vladimir-kovarik\/\"},\"author\":{\"name\":\"lucernatvc\",\"@id\":\"https:\/\/www.lucernatv.cz\/#\/schema\/person\/fdc6b3778fe63c82ba7479978ad159ad\"},\"headline\":\"Visegr\u00e1dsk\u00e9 ateli\u00e9ry 2 \u2013 Vladim\u00edr Kova\u0159\u00edk\",\"datePublished\":\"2021-02-12T22:03:54+00:00\",\"dateModified\":\"2021-02-21T22:05:07+00:00\",\"mainEntityOfPage\":{\"@id\":\"https:\/\/www.lucernatv.cz\/index.php\/2021\/02\/12\/visegradske-ateliery-2-vladimir-kovarik\/\"},\"wordCount\":935,\"publisher\":{\"@id\":\"https:\/\/www.lucernatv.cz\/#organization\"},\"keywords\":[\"galerie\",\"Visegr\u00e1dsk\u00e9 ateli\u00e9ry\"],\"articleSection\":[\"Kultura\",\"v\u00fdtvarn\u00e9 um\u011bn\u00ed, architektura a ve\u0159ejn\u00fd prostor\"],\"inLanguage\":\"cs\"},{\"@type\":\"WebPage\",\"@id\":\"https:\/\/www.lucernatv.cz\/index.php\/2021\/02\/12\/visegradske-ateliery-2-vladimir-kovarik\/\",\"url\":\"https:\/\/www.lucernatv.cz\/index.php\/2021\/02\/12\/visegradske-ateliery-2-vladimir-kovarik\/\",\"name\":\"Visegr\u00e1dsk\u00e9 ateli\u00e9ry 2 \u2013 Vladim\u00edr Kova\u0159\u00edk - lucernatv.cz\",\"isPartOf\":{\"@id\":\"https:\/\/www.lucernatv.cz\/#website\"},\"datePublished\":\"2021-02-12T22:03:54+00:00\",\"dateModified\":\"2021-02-21T22:05:07+00:00\",\"breadcrumb\":{\"@id\":\"https:\/\/www.lucernatv.cz\/index.php\/2021\/02\/12\/visegradske-ateliery-2-vladimir-kovarik\/#breadcrumb\"},\"inLanguage\":\"cs\",\"potentialAction\":[{\"@type\":\"ReadAction\",\"target\":[\"https:\/\/www.lucernatv.cz\/index.php\/2021\/02\/12\/visegradske-ateliery-2-vladimir-kovarik\/\"]}]},{\"@type\":\"BreadcrumbList\",\"@id\":\"https:\/\/www.lucernatv.cz\/index.php\/2021\/02\/12\/visegradske-ateliery-2-vladimir-kovarik\/#breadcrumb\",\"itemListElement\":[{\"@type\":\"ListItem\",\"position\":1,\"name\":\"Dom\u016f\",\"item\":\"https:\/\/www.lucernatv.cz\/\"},{\"@type\":\"ListItem\",\"position\":2,\"name\":\"Visegr\u00e1dsk\u00e9 ateli\u00e9ry 2 \u2013 Vladim\u00edr Kova\u0159\u00edk\"}]},{\"@type\":\"WebSite\",\"@id\":\"https:\/\/www.lucernatv.cz\/#website\",\"url\":\"https:\/\/www.lucernatv.cz\/\",\"name\":\"lucernatv.cz\",\"description\":\"Vzd\u011bl\u00e1vac\u00ed televize\",\"publisher\":{\"@id\":\"https:\/\/www.lucernatv.cz\/#organization\"},\"alternateName\":\"Lucerna TV\",\"potentialAction\":[{\"@type\":\"SearchAction\",\"target\":{\"@type\":\"EntryPoint\",\"urlTemplate\":\"https:\/\/www.lucernatv.cz\/?s={search_term_string}\"},\"query-input\":\"required name=search_term_string\"}],\"inLanguage\":\"cs\"},{\"@type\":\"Organization\",\"@id\":\"https:\/\/www.lucernatv.cz\/#organization\",\"name\":\"Lucerna TV\",\"url\":\"https:\/\/www.lucernatv.cz\/\",\"logo\":{\"@type\":\"ImageObject\",\"inLanguage\":\"cs\",\"@id\":\"https:\/\/www.lucernatv.cz\/#\/schema\/logo\/image\/\",\"url\":\"https:\/\/www.lucernatv.cz\/wp-content\/uploads\/2021\/02\/logo.svg\",\"contentUrl\":\"https:\/\/www.lucernatv.cz\/wp-content\/uploads\/2021\/02\/logo.svg\",\"width\":128,\"height\":41,\"caption\":\"Lucerna TV\"},\"image\":{\"@id\":\"https:\/\/www.lucernatv.cz\/#\/schema\/logo\/image\/\"},\"sameAs\":[\"https:\/\/www.facebook.com\/avtopava\",\"https:\/\/www.youtube.com\/channel\/UCtP8PPWG9JatWSMsKMOvdDg\"]},{\"@type\":\"Person\",\"@id\":\"https:\/\/www.lucernatv.cz\/#\/schema\/person\/fdc6b3778fe63c82ba7479978ad159ad\",\"name\":\"lucernatvc\",\"image\":{\"@type\":\"ImageObject\",\"inLanguage\":\"cs\",\"@id\":\"https:\/\/www.lucernatv.cz\/#\/schema\/person\/image\/\",\"url\":\"https:\/\/secure.gravatar.com\/avatar\/5b7905a95103f5227c1afd8b2a10f058?s=96&d=mm&r=g\",\"contentUrl\":\"https:\/\/secure.gravatar.com\/avatar\/5b7905a95103f5227c1afd8b2a10f058?s=96&d=mm&r=g\",\"caption\":\"lucernatvc\"},\"url\":\"https:\/\/www.lucernatv.cz\/index.php\/author\/lucernatvc\/\"}]}<\/script>\n<!-- \/ Yoast SEO plugin. -->","yoast_head_json":{"title":"Visegr\u00e1dsk\u00e9 ateli\u00e9ry 2 \u2013 Vladim\u00edr Kova\u0159\u00edk - lucernatv.cz","robots":{"index":"index","follow":"follow","max-snippet":"max-snippet:-1","max-image-preview":"max-image-preview:large","max-video-preview":"max-video-preview:-1"},"canonical":"https:\/\/www.lucernatv.cz\/index.php\/2021\/02\/12\/visegradske-ateliery-2-vladimir-kovarik\/","og_locale":"cs_CZ","og_type":"article","og_title":"Visegr\u00e1dsk\u00e9 ateli\u00e9ry 2 \u2013 Vladim\u00edr Kova\u0159\u00edk - lucernatv.cz","og_description":"Ve druh\u00e9m d\u00edle cyklu n\u00e1v\u0161t\u011bv v&nbsp;ateli\u00e9rech autor\u016f visegr\u00e1dsk\u00e9ho okruhu, kter\u00fd p\u0159ipravujeme s&nbsp;revue Protimluv, z\u016fstaneme doma \u2013 na Morav\u011b v&nbsp;Uhersk\u00e9m Hradi\u0161ti, v&nbsp;Ma\u0159atic\u00edch\u2026 Vladim\u00edr Kova\u0159\u00edk o\u010dima Miroslava Zelinsk\u00e9ho Dnes se potk\u00e1me s&nbsp;autorem, kter\u00fd je rozkro\u010den mezi n\u011bkolika v\u00fdtvarn\u00fdmi profesemi na linii voln\u00e9 um\u011bn\u00ed a design. Leto\u0161n\u00ed p\u011btapades\u00e1tn\u00edk Vladim\u00edr Kova\u0159\u00edk, absolvent Vysok\u00e9 \u0161koly um\u011blecko-pr\u016fmyslov\u00e9 v Praze, je typem&hellip;&nbsp;\u010c\u00edst d\u00e1le &raquo;Visegr\u00e1dsk\u00e9 ateli\u00e9ry 2 \u2013 Vladim\u00edr Kova\u0159\u00edk","og_url":"https:\/\/www.lucernatv.cz\/index.php\/2021\/02\/12\/visegradske-ateliery-2-vladimir-kovarik\/","og_site_name":"lucernatv.cz","article_publisher":"https:\/\/www.facebook.com\/avtopava","article_published_time":"2021-02-12T22:03:54+00:00","article_modified_time":"2021-02-21T22:05:07+00:00","og_image":[{"width":1500,"height":844,"url":"https:\/\/www.lucernatv.cz\/wp-content\/uploads\/2021\/02\/circles_a.jpeg","type":"image\/jpeg"}],"author":"lucernatvc","twitter_card":"summary_large_image","twitter_misc":{"Napsal(a)":"lucernatvc","Odhadovan\u00e1 doba \u010dten\u00ed":"5 minut"},"schema":{"@context":"https:\/\/schema.org","@graph":[{"@type":"Article","@id":"https:\/\/www.lucernatv.cz\/index.php\/2021\/02\/12\/visegradske-ateliery-2-vladimir-kovarik\/#article","isPartOf":{"@id":"https:\/\/www.lucernatv.cz\/index.php\/2021\/02\/12\/visegradske-ateliery-2-vladimir-kovarik\/"},"author":{"name":"lucernatvc","@id":"https:\/\/www.lucernatv.cz\/#\/schema\/person\/fdc6b3778fe63c82ba7479978ad159ad"},"headline":"Visegr\u00e1dsk\u00e9 ateli\u00e9ry 2 \u2013 Vladim\u00edr Kova\u0159\u00edk","datePublished":"2021-02-12T22:03:54+00:00","dateModified":"2021-02-21T22:05:07+00:00","mainEntityOfPage":{"@id":"https:\/\/www.lucernatv.cz\/index.php\/2021\/02\/12\/visegradske-ateliery-2-vladimir-kovarik\/"},"wordCount":935,"publisher":{"@id":"https:\/\/www.lucernatv.cz\/#organization"},"keywords":["galerie","Visegr\u00e1dsk\u00e9 ateli\u00e9ry"],"articleSection":["Kultura","v\u00fdtvarn\u00e9 um\u011bn\u00ed, architektura a ve\u0159ejn\u00fd prostor"],"inLanguage":"cs"},{"@type":"WebPage","@id":"https:\/\/www.lucernatv.cz\/index.php\/2021\/02\/12\/visegradske-ateliery-2-vladimir-kovarik\/","url":"https:\/\/www.lucernatv.cz\/index.php\/2021\/02\/12\/visegradske-ateliery-2-vladimir-kovarik\/","name":"Visegr\u00e1dsk\u00e9 ateli\u00e9ry 2 \u2013 Vladim\u00edr Kova\u0159\u00edk - lucernatv.cz","isPartOf":{"@id":"https:\/\/www.lucernatv.cz\/#website"},"datePublished":"2021-02-12T22:03:54+00:00","dateModified":"2021-02-21T22:05:07+00:00","breadcrumb":{"@id":"https:\/\/www.lucernatv.cz\/index.php\/2021\/02\/12\/visegradske-ateliery-2-vladimir-kovarik\/#breadcrumb"},"inLanguage":"cs","potentialAction":[{"@type":"ReadAction","target":["https:\/\/www.lucernatv.cz\/index.php\/2021\/02\/12\/visegradske-ateliery-2-vladimir-kovarik\/"]}]},{"@type":"BreadcrumbList","@id":"https:\/\/www.lucernatv.cz\/index.php\/2021\/02\/12\/visegradske-ateliery-2-vladimir-kovarik\/#breadcrumb","itemListElement":[{"@type":"ListItem","position":1,"name":"Dom\u016f","item":"https:\/\/www.lucernatv.cz\/"},{"@type":"ListItem","position":2,"name":"Visegr\u00e1dsk\u00e9 ateli\u00e9ry 2 \u2013 Vladim\u00edr Kova\u0159\u00edk"}]},{"@type":"WebSite","@id":"https:\/\/www.lucernatv.cz\/#website","url":"https:\/\/www.lucernatv.cz\/","name":"lucernatv.cz","description":"Vzd\u011bl\u00e1vac\u00ed televize","publisher":{"@id":"https:\/\/www.lucernatv.cz\/#organization"},"alternateName":"Lucerna TV","potentialAction":[{"@type":"SearchAction","target":{"@type":"EntryPoint","urlTemplate":"https:\/\/www.lucernatv.cz\/?s={search_term_string}"},"query-input":"required name=search_term_string"}],"inLanguage":"cs"},{"@type":"Organization","@id":"https:\/\/www.lucernatv.cz\/#organization","name":"Lucerna TV","url":"https:\/\/www.lucernatv.cz\/","logo":{"@type":"ImageObject","inLanguage":"cs","@id":"https:\/\/www.lucernatv.cz\/#\/schema\/logo\/image\/","url":"https:\/\/www.lucernatv.cz\/wp-content\/uploads\/2021\/02\/logo.svg","contentUrl":"https:\/\/www.lucernatv.cz\/wp-content\/uploads\/2021\/02\/logo.svg","width":128,"height":41,"caption":"Lucerna TV"},"image":{"@id":"https:\/\/www.lucernatv.cz\/#\/schema\/logo\/image\/"},"sameAs":["https:\/\/www.facebook.com\/avtopava","https:\/\/www.youtube.com\/channel\/UCtP8PPWG9JatWSMsKMOvdDg"]},{"@type":"Person","@id":"https:\/\/www.lucernatv.cz\/#\/schema\/person\/fdc6b3778fe63c82ba7479978ad159ad","name":"lucernatvc","image":{"@type":"ImageObject","inLanguage":"cs","@id":"https:\/\/www.lucernatv.cz\/#\/schema\/person\/image\/","url":"https:\/\/secure.gravatar.com\/avatar\/5b7905a95103f5227c1afd8b2a10f058?s=96&d=mm&r=g","contentUrl":"https:\/\/secure.gravatar.com\/avatar\/5b7905a95103f5227c1afd8b2a10f058?s=96&d=mm&r=g","caption":"lucernatvc"},"url":"https:\/\/www.lucernatv.cz\/index.php\/author\/lucernatvc\/"}]}},"uagb_featured_image_src":{"full":["https:\/\/www.lucernatv.cz\/wp-content\/uploads\/2021\/02\/circles_a.jpeg",1500,844,false],"thumbnail":["https:\/\/www.lucernatv.cz\/wp-content\/uploads\/2021\/02\/circles_a-150x150.jpeg",150,150,true],"medium":["https:\/\/www.lucernatv.cz\/wp-content\/uploads\/2021\/02\/circles_a-318x180.jpeg",318,180,true],"medium_large":["https:\/\/www.lucernatv.cz\/wp-content\/uploads\/2021\/02\/circles_a-768x432.jpeg",768,432,true],"large":["https:\/\/www.lucernatv.cz\/wp-content\/uploads\/2021\/02\/circles_a.jpeg",1200,675,false],"1536x1536":["https:\/\/www.lucernatv.cz\/wp-content\/uploads\/2021\/02\/circles_a.jpeg",1500,844,false],"2048x2048":["https:\/\/www.lucernatv.cz\/wp-content\/uploads\/2021\/02\/circles_a.jpeg",1500,844,false],"ultp_layout_landscape_large":["https:\/\/www.lucernatv.cz\/wp-content\/uploads\/2021\/02\/circles_a-1200x800.jpeg",1200,800,true],"ultp_layout_landscape":["https:\/\/www.lucernatv.cz\/wp-content\/uploads\/2021\/02\/circles_a-870x570.jpeg",870,570,true],"ultp_layout_portrait":["https:\/\/www.lucernatv.cz\/wp-content\/uploads\/2021\/02\/circles_a-600x844.jpeg",600,844,true],"ultp_layout_square":["https:\/\/www.lucernatv.cz\/wp-content\/uploads\/2021\/02\/circles_a-600x600.jpeg",600,600,true],"vp_sm":["https:\/\/www.lucernatv.cz\/wp-content\/uploads\/2021\/02\/circles_a-500x281.jpeg",500,281,true],"vp_md":["https:\/\/www.lucernatv.cz\/wp-content\/uploads\/2021\/02\/circles_a-800x450.jpeg",800,450,true],"vp_lg":["https:\/\/www.lucernatv.cz\/wp-content\/uploads\/2021\/02\/circles_a-1280x720.jpeg",1280,720,true],"vp_xl":["https:\/\/www.lucernatv.cz\/wp-content\/uploads\/2021\/02\/circles_a.jpeg",1500,844,false],"vp_sm_popup":["https:\/\/www.lucernatv.cz\/wp-content\/uploads\/2021\/02\/circles_a-500x281.jpeg",500,281,true],"vp_md_popup":["https:\/\/www.lucernatv.cz\/wp-content\/uploads\/2021\/02\/circles_a-800x450.jpeg",800,450,true],"vp_xl_popup":["https:\/\/www.lucernatv.cz\/wp-content\/uploads\/2021\/02\/circles_a.jpeg",1500,844,false],"neve-blog":["https:\/\/www.lucernatv.cz\/wp-content\/uploads\/2021\/02\/circles_a-930x620.jpeg",930,620,true]},"uagb_author_info":{"display_name":"lucernatvc","author_link":"https:\/\/www.lucernatv.cz\/index.php\/author\/lucernatvc\/"},"uagb_comment_info":0,"uagb_excerpt":"Ve druh\u00e9m d\u00edle cyklu n\u00e1v\u0161t\u011bv v&nbsp;ateli\u00e9rech autor\u016f visegr\u00e1dsk\u00e9ho okruhu, kter\u00fd p\u0159ipravujeme s&nbsp;revue Protimluv, z\u016fstaneme doma \u2013 na Morav\u011b v&nbsp;Uhersk\u00e9m Hradi\u0161ti, v&nbsp;Ma\u0159atic\u00edch\u2026 Vladim\u00edr Kova\u0159\u00edk o\u010dima Miroslava Zelinsk\u00e9ho Dnes se potk\u00e1me s&nbsp;autorem, kter\u00fd je rozkro\u010den mezi n\u011bkolika v\u00fdtvarn\u00fdmi profesemi na linii voln\u00e9 um\u011bn\u00ed a design. Leto\u0161n\u00ed p\u011btapades\u00e1tn\u00edk Vladim\u00edr Kova\u0159\u00edk, absolvent Vysok\u00e9 \u0161koly um\u011blecko-pr\u016fmyslov\u00e9 v Praze, je typem&hellip;&nbsp;\u010c\u00edst&hellip;","_links":{"self":[{"href":"https:\/\/www.lucernatv.cz\/index.php\/wp-json\/wp\/v2\/posts\/2668"}],"collection":[{"href":"https:\/\/www.lucernatv.cz\/index.php\/wp-json\/wp\/v2\/posts"}],"about":[{"href":"https:\/\/www.lucernatv.cz\/index.php\/wp-json\/wp\/v2\/types\/post"}],"author":[{"embeddable":true,"href":"https:\/\/www.lucernatv.cz\/index.php\/wp-json\/wp\/v2\/users\/1"}],"replies":[{"embeddable":true,"href":"https:\/\/www.lucernatv.cz\/index.php\/wp-json\/wp\/v2\/comments?post=2668"}],"version-history":[{"count":2,"href":"https:\/\/www.lucernatv.cz\/index.php\/wp-json\/wp\/v2\/posts\/2668\/revisions"}],"predecessor-version":[{"id":2683,"href":"https:\/\/www.lucernatv.cz\/index.php\/wp-json\/wp\/v2\/posts\/2668\/revisions\/2683"}],"wp:featuredmedia":[{"embeddable":true,"href":"https:\/\/www.lucernatv.cz\/index.php\/wp-json\/wp\/v2\/media\/2672"}],"wp:attachment":[{"href":"https:\/\/www.lucernatv.cz\/index.php\/wp-json\/wp\/v2\/media?parent=2668"}],"wp:term":[{"taxonomy":"category","embeddable":true,"href":"https:\/\/www.lucernatv.cz\/index.php\/wp-json\/wp\/v2\/categories?post=2668"},{"taxonomy":"post_tag","embeddable":true,"href":"https:\/\/www.lucernatv.cz\/index.php\/wp-json\/wp\/v2\/tags?post=2668"}],"curies":[{"name":"wp","href":"https:\/\/api.w.org\/{rel}","templated":true}]}}