{"id":2653,"date":"2021-02-12T21:44:12","date_gmt":"2021-02-12T21:44:12","guid":{"rendered":"https:\/\/www.lucernatv.cz\/?p=2653"},"modified":"2021-02-21T21:46:20","modified_gmt":"2021-02-21T21:46:20","slug":"visegradske-ateliery-1-csaba-furjesi","status":"publish","type":"post","link":"https:\/\/www.lucernatv.cz\/index.php\/2021\/02\/12\/visegradske-ateliery-1-csaba-furjesi\/","title":{"rendered":"Visegr\u00e1dsk\u00e9 ateli\u00e9ry 1 \u2013 Csaba F\u00fcrjesi"},"content":{"rendered":"\n<p>Prvn\u00ed d\u00edl cyklu, kter\u00fd p\u0159ipravujeme ve spolupr\u00e1ci s revue Protimluv. V ka\u017ed\u00e9m d\u00edlu nav\u0161t\u00edv\u00edme v\u017edy jednoho v\u00fdtvarn\u00edka visegr\u00e1dsk\u00e9ho regionu, projdeme se jeho ateli\u00e9rem a nahl\u00e9dneme aktu\u00e1ln\u00ed p\u0159\u00edstupy k&nbsp;tvorb\u011b a reflexi sou\u010dasnosti.<\/p>\n\n\n<div class=\"wp-block-visual-portfolio\">\n<div class=\"vp-portfolio vp-uid-b5a2d2fe vp-id-55J2W\"\n    data-vp-layout=\"masonry\" data-vp-content-source=\"images\" data-vp-items-style=\"fly\" data-vp-items-click-action=\"popup_gallery\" data-vp-items-gap=\"15\" data-vp-items-gap-vertical=\"\" data-vp-pagination=\"load-more\" data-vp-next-page-url=\"\" data-vp-masonry-columns=\"3\" >\n    <div class=\"vp-portfolio__preloader-wrap\">\n        <div class=\"vp-portfolio__preloader\">\n            <img decoding=\"async\" loading=\"eager\" src=\"https:\/\/www.lucernatv.cz\/wp-content\/plugins\/visual-portfolio\/assets\/images\/logo-dark.svg\" alt=\"Visual Portfolio, Posts &amp; Image Gallery for WordPress\" width=\"20\" height=\"20\" data-skip-lazy>\n        <\/div>\n    <\/div>\n        <div class=\"vp-portfolio__items-wrap\">\n            \n<div class=\"vp-portfolio__items vp-portfolio__items-style-fly vp-portfolio__items-show-overlay-hover\">\n\n        <div        class=\"vp-portfolio__item-wrap vp-portfolio__item-uid-b15c844e\" data-vp-filter=\"\"         >\n            <template class=\"vp-portfolio__item-popup\" data-vp-popup-img=\"https:\/\/www.lucernatv.cz\/wp-content\/uploads\/2021\/02\/csaba-furjesi-graphics-ich-habe-genug-works-on-paper.jpg\" data-vp-popup-img-srcset=\"https:\/\/www.lucernatv.cz\/wp-content\/uploads\/2021\/02\/csaba-furjesi-graphics-ich-habe-genug-works-on-paper.jpg 800w, https:\/\/www.lucernatv.cz\/wp-content\/uploads\/2021\/02\/csaba-furjesi-graphics-ich-habe-genug-works-on-paper-258x180.jpg 258w, https:\/\/www.lucernatv.cz\/wp-content\/uploads\/2021\/02\/csaba-furjesi-graphics-ich-habe-genug-works-on-paper-768x537.jpg 768w, https:\/\/www.lucernatv.cz\/wp-content\/uploads\/2021\/02\/csaba-furjesi-graphics-ich-habe-genug-works-on-paper-500x349.jpg 500w\" data-vp-popup-img-size=\"800x559\" data-vp-popup-md-img=\"https:\/\/www.lucernatv.cz\/wp-content\/uploads\/2021\/02\/csaba-furjesi-graphics-ich-habe-genug-works-on-paper.jpg\" data-vp-popup-md-img-size=\"800x559\" data-vp-popup-sm-img=\"https:\/\/www.lucernatv.cz\/wp-content\/uploads\/2021\/02\/csaba-furjesi-graphics-ich-habe-genug-works-on-paper-500x349.jpg\" data-vp-popup-sm-img-size=\"500x349\">\n            <h3 class=\"vp-portfolio__item-popup-title\">Ich Habe Genug<\/h3>\n        <\/template>\n                        <figure class=\"vp-portfolio__item\">\n                \n<div class=\"vp-portfolio__item-img-wrap\">\n    <div class=\"vp-portfolio__item-img\">\n            <a\n        href=\"https:\/\/www.lucernatv.cz\/wp-content\/uploads\/2021\/02\/csaba-furjesi-graphics-ich-habe-genug-works-on-paper.jpg\"\n            >\n    \n        <img decoding=\"async\" width=\"800\" height=\"559\" src=\"https:\/\/www.lucernatv.cz\/wp-content\/uploads\/2021\/02\/csaba-furjesi-graphics-ich-habe-genug-works-on-paper.jpg\" class=\"wp-image-2659\" alt=\"\" srcset=\"https:\/\/www.lucernatv.cz\/wp-content\/uploads\/2021\/02\/csaba-furjesi-graphics-ich-habe-genug-works-on-paper.jpg 800w, https:\/\/www.lucernatv.cz\/wp-content\/uploads\/2021\/02\/csaba-furjesi-graphics-ich-habe-genug-works-on-paper-258x180.jpg 258w, https:\/\/www.lucernatv.cz\/wp-content\/uploads\/2021\/02\/csaba-furjesi-graphics-ich-habe-genug-works-on-paper-768x537.jpg 768w, https:\/\/www.lucernatv.cz\/wp-content\/uploads\/2021\/02\/csaba-furjesi-graphics-ich-habe-genug-works-on-paper-500x349.jpg 500w\" sizes=\"(max-width: 800px) 100vw, 800px\" \/>\n        <\/a>    <\/div>\n<\/div>\n\n<figcaption class=\"vp-portfolio__item-overlay vp-portfolio__item-overlay-text-align-center\">\n    <div class=\"vp-portfolio__item-meta-wrap vp-portfolio__custom-scrollbar\">\n            <a\n        href=\"https:\/\/www.lucernatv.cz\/wp-content\/uploads\/2021\/02\/csaba-furjesi-graphics-ich-habe-genug-works-on-paper.jpg\"\n        tabindex=\"-1\" class=\"vp-portfolio__item-meta\"     >\n    \n        \n<h2 class=\"vp-portfolio__item-meta-title\">\n    Ich Habe Genug<\/h2>\n\n        <\/a>    <\/div>\n<\/figcaption>\n            <\/figure>\n                    <\/div>\n        \n        <div        class=\"vp-portfolio__item-wrap vp-portfolio__item-uid-decd4699\" data-vp-filter=\"\"         >\n            <template class=\"vp-portfolio__item-popup\" data-vp-popup-img=\"https:\/\/www.lucernatv.cz\/wp-content\/uploads\/2021\/02\/csaba-furjesi-graphics-only-for-official-use-oil-on-vintage-maps.jpg\" data-vp-popup-img-srcset=\"https:\/\/www.lucernatv.cz\/wp-content\/uploads\/2021\/02\/csaba-furjesi-graphics-only-for-official-use-oil-on-vintage-maps.jpg 568w, https:\/\/www.lucernatv.cz\/wp-content\/uploads\/2021\/02\/csaba-furjesi-graphics-only-for-official-use-oil-on-vintage-maps-160x180.jpg 160w, https:\/\/www.lucernatv.cz\/wp-content\/uploads\/2021\/02\/csaba-furjesi-graphics-only-for-official-use-oil-on-vintage-maps-500x563.jpg 500w\" data-vp-popup-img-size=\"568x640\" data-vp-popup-md-img=\"https:\/\/www.lucernatv.cz\/wp-content\/uploads\/2021\/02\/csaba-furjesi-graphics-only-for-official-use-oil-on-vintage-maps.jpg\" data-vp-popup-md-img-size=\"568x640\" data-vp-popup-sm-img=\"https:\/\/www.lucernatv.cz\/wp-content\/uploads\/2021\/02\/csaba-furjesi-graphics-only-for-official-use-oil-on-vintage-maps-500x563.jpg\" data-vp-popup-sm-img-size=\"500x563\">\n            <h3 class=\"vp-portfolio__item-popup-title\">For Official Use Only<\/h3>\n        <\/template>\n                        <figure class=\"vp-portfolio__item\">\n                \n<div class=\"vp-portfolio__item-img-wrap\">\n    <div class=\"vp-portfolio__item-img\">\n            <a\n        href=\"https:\/\/www.lucernatv.cz\/wp-content\/uploads\/2021\/02\/csaba-furjesi-graphics-only-for-official-use-oil-on-vintage-maps.jpg\"\n            >\n    \n        <img decoding=\"async\" width=\"568\" height=\"640\" src=\"https:\/\/www.lucernatv.cz\/wp-content\/uploads\/2021\/02\/csaba-furjesi-graphics-only-for-official-use-oil-on-vintage-maps.jpg\" class=\"wp-image-2660\" alt=\"\" srcset=\"https:\/\/www.lucernatv.cz\/wp-content\/uploads\/2021\/02\/csaba-furjesi-graphics-only-for-official-use-oil-on-vintage-maps.jpg 568w, https:\/\/www.lucernatv.cz\/wp-content\/uploads\/2021\/02\/csaba-furjesi-graphics-only-for-official-use-oil-on-vintage-maps-160x180.jpg 160w, https:\/\/www.lucernatv.cz\/wp-content\/uploads\/2021\/02\/csaba-furjesi-graphics-only-for-official-use-oil-on-vintage-maps-500x563.jpg 500w\" sizes=\"(max-width: 568px) 100vw, 568px\" \/>\n        <\/a>    <\/div>\n<\/div>\n\n<figcaption class=\"vp-portfolio__item-overlay vp-portfolio__item-overlay-text-align-center\">\n    <div class=\"vp-portfolio__item-meta-wrap vp-portfolio__custom-scrollbar\">\n            <a\n        href=\"https:\/\/www.lucernatv.cz\/wp-content\/uploads\/2021\/02\/csaba-furjesi-graphics-only-for-official-use-oil-on-vintage-maps.jpg\"\n        tabindex=\"-1\" class=\"vp-portfolio__item-meta\"     >\n    \n        \n<h2 class=\"vp-portfolio__item-meta-title\">\n    For Official Use Only<\/h2>\n\n        <\/a>    <\/div>\n<\/figcaption>\n            <\/figure>\n                    <\/div>\n        \n        <div        class=\"vp-portfolio__item-wrap vp-portfolio__item-uid-00646df3\" data-vp-filter=\"\"         >\n            <template class=\"vp-portfolio__item-popup\" data-vp-popup-img=\"https:\/\/www.lucernatv.cz\/wp-content\/uploads\/2021\/02\/csaba-furjesi-graphics-timeout-II-oil-on-cellulose-1200x1126-1.jpg\" data-vp-popup-img-srcset=\"https:\/\/www.lucernatv.cz\/wp-content\/uploads\/2021\/02\/csaba-furjesi-graphics-timeout-II-oil-on-cellulose-1200x1126-1.jpg 1200w, https:\/\/www.lucernatv.cz\/wp-content\/uploads\/2021\/02\/csaba-furjesi-graphics-timeout-II-oil-on-cellulose-1200x1126-1-192x180.jpg 192w, https:\/\/www.lucernatv.cz\/wp-content\/uploads\/2021\/02\/csaba-furjesi-graphics-timeout-II-oil-on-cellulose-1200x1126-1-1151x1080.jpg 1151w, https:\/\/www.lucernatv.cz\/wp-content\/uploads\/2021\/02\/csaba-furjesi-graphics-timeout-II-oil-on-cellulose-1200x1126-1-768x721.jpg 768w, https:\/\/www.lucernatv.cz\/wp-content\/uploads\/2021\/02\/csaba-furjesi-graphics-timeout-II-oil-on-cellulose-1200x1126-1-500x469.jpg 500w, https:\/\/www.lucernatv.cz\/wp-content\/uploads\/2021\/02\/csaba-furjesi-graphics-timeout-II-oil-on-cellulose-1200x1126-1-800x751.jpg 800w\" data-vp-popup-img-size=\"1200x1126\" data-vp-popup-md-img=\"https:\/\/www.lucernatv.cz\/wp-content\/uploads\/2021\/02\/csaba-furjesi-graphics-timeout-II-oil-on-cellulose-1200x1126-1-800x751.jpg\" data-vp-popup-md-img-size=\"800x751\" data-vp-popup-sm-img=\"https:\/\/www.lucernatv.cz\/wp-content\/uploads\/2021\/02\/csaba-furjesi-graphics-timeout-II-oil-on-cellulose-1200x1126-1-500x469.jpg\" data-vp-popup-sm-img-size=\"500x469\">\n            <h3 class=\"vp-portfolio__item-popup-title\">Timeout II<\/h3>\n        <\/template>\n                        <figure class=\"vp-portfolio__item\">\n                \n<div class=\"vp-portfolio__item-img-wrap\">\n    <div class=\"vp-portfolio__item-img\">\n            <a\n        href=\"https:\/\/www.lucernatv.cz\/wp-content\/uploads\/2021\/02\/csaba-furjesi-graphics-timeout-II-oil-on-cellulose-1200x1126-1.jpg\"\n            >\n    \n        <img decoding=\"async\" width=\"1200\" height=\"1126\" src=\"https:\/\/www.lucernatv.cz\/wp-content\/uploads\/2021\/02\/csaba-furjesi-graphics-timeout-II-oil-on-cellulose-1200x1126-1.jpg\" class=\"wp-image-2663\" alt=\"\" srcset=\"https:\/\/www.lucernatv.cz\/wp-content\/uploads\/2021\/02\/csaba-furjesi-graphics-timeout-II-oil-on-cellulose-1200x1126-1.jpg 1200w, https:\/\/www.lucernatv.cz\/wp-content\/uploads\/2021\/02\/csaba-furjesi-graphics-timeout-II-oil-on-cellulose-1200x1126-1-192x180.jpg 192w, https:\/\/www.lucernatv.cz\/wp-content\/uploads\/2021\/02\/csaba-furjesi-graphics-timeout-II-oil-on-cellulose-1200x1126-1-1151x1080.jpg 1151w, https:\/\/www.lucernatv.cz\/wp-content\/uploads\/2021\/02\/csaba-furjesi-graphics-timeout-II-oil-on-cellulose-1200x1126-1-768x721.jpg 768w, https:\/\/www.lucernatv.cz\/wp-content\/uploads\/2021\/02\/csaba-furjesi-graphics-timeout-II-oil-on-cellulose-1200x1126-1-500x469.jpg 500w, https:\/\/www.lucernatv.cz\/wp-content\/uploads\/2021\/02\/csaba-furjesi-graphics-timeout-II-oil-on-cellulose-1200x1126-1-800x751.jpg 800w\" sizes=\"(max-width: 1200px) 100vw, 1200px\" \/>\n        <\/a>    <\/div>\n<\/div>\n\n<figcaption class=\"vp-portfolio__item-overlay vp-portfolio__item-overlay-text-align-center\">\n    <div class=\"vp-portfolio__item-meta-wrap vp-portfolio__custom-scrollbar\">\n            <a\n        href=\"https:\/\/www.lucernatv.cz\/wp-content\/uploads\/2021\/02\/csaba-furjesi-graphics-timeout-II-oil-on-cellulose-1200x1126-1.jpg\"\n        tabindex=\"-1\" class=\"vp-portfolio__item-meta\"     >\n    \n        \n<h2 class=\"vp-portfolio__item-meta-title\">\n    Timeout II<\/h2>\n\n        <\/a>    <\/div>\n<\/figcaption>\n            <\/figure>\n                    <\/div>\n        \n        <div        class=\"vp-portfolio__item-wrap vp-portfolio__item-uid-a360d1e0\" data-vp-filter=\"\"         >\n            <template class=\"vp-portfolio__item-popup\" data-vp-popup-img=\"https:\/\/www.lucernatv.cz\/wp-content\/uploads\/2021\/02\/csaba-furjesi-praphics-influencer-works-on-paper.jpg\" data-vp-popup-img-srcset=\"https:\/\/www.lucernatv.cz\/wp-content\/uploads\/2021\/02\/csaba-furjesi-praphics-influencer-works-on-paper.jpg 800w, https:\/\/www.lucernatv.cz\/wp-content\/uploads\/2021\/02\/csaba-furjesi-praphics-influencer-works-on-paper-183x180.jpg 183w, https:\/\/www.lucernatv.cz\/wp-content\/uploads\/2021\/02\/csaba-furjesi-praphics-influencer-works-on-paper-768x756.jpg 768w, https:\/\/www.lucernatv.cz\/wp-content\/uploads\/2021\/02\/csaba-furjesi-praphics-influencer-works-on-paper-500x493.jpg 500w, https:\/\/www.lucernatv.cz\/wp-content\/uploads\/2021\/02\/csaba-furjesi-praphics-influencer-works-on-paper-60x60.jpg 60w\" data-vp-popup-img-size=\"800x788\" data-vp-popup-md-img=\"https:\/\/www.lucernatv.cz\/wp-content\/uploads\/2021\/02\/csaba-furjesi-praphics-influencer-works-on-paper.jpg\" data-vp-popup-md-img-size=\"800x788\" data-vp-popup-sm-img=\"https:\/\/www.lucernatv.cz\/wp-content\/uploads\/2021\/02\/csaba-furjesi-praphics-influencer-works-on-paper-500x493.jpg\" data-vp-popup-sm-img-size=\"500x493\">\n            <h3 class=\"vp-portfolio__item-popup-title\">Influencer<\/h3>\n        <\/template>\n                        <figure class=\"vp-portfolio__item\">\n                \n<div class=\"vp-portfolio__item-img-wrap\">\n    <div class=\"vp-portfolio__item-img\">\n            <a\n        href=\"https:\/\/www.lucernatv.cz\/wp-content\/uploads\/2021\/02\/csaba-furjesi-praphics-influencer-works-on-paper.jpg\"\n            >\n    \n        <img decoding=\"async\" width=\"800\" height=\"788\" src=\"https:\/\/www.lucernatv.cz\/wp-content\/uploads\/2021\/02\/csaba-furjesi-praphics-influencer-works-on-paper.jpg\" class=\"wp-image-2664\" alt=\"\" srcset=\"https:\/\/www.lucernatv.cz\/wp-content\/uploads\/2021\/02\/csaba-furjesi-praphics-influencer-works-on-paper.jpg 800w, https:\/\/www.lucernatv.cz\/wp-content\/uploads\/2021\/02\/csaba-furjesi-praphics-influencer-works-on-paper-183x180.jpg 183w, https:\/\/www.lucernatv.cz\/wp-content\/uploads\/2021\/02\/csaba-furjesi-praphics-influencer-works-on-paper-768x756.jpg 768w, https:\/\/www.lucernatv.cz\/wp-content\/uploads\/2021\/02\/csaba-furjesi-praphics-influencer-works-on-paper-500x493.jpg 500w, https:\/\/www.lucernatv.cz\/wp-content\/uploads\/2021\/02\/csaba-furjesi-praphics-influencer-works-on-paper-60x60.jpg 60w\" sizes=\"(max-width: 800px) 100vw, 800px\" \/>\n        <\/a>    <\/div>\n<\/div>\n\n<figcaption class=\"vp-portfolio__item-overlay vp-portfolio__item-overlay-text-align-center\">\n    <div class=\"vp-portfolio__item-meta-wrap vp-portfolio__custom-scrollbar\">\n            <a\n        href=\"https:\/\/www.lucernatv.cz\/wp-content\/uploads\/2021\/02\/csaba-furjesi-praphics-influencer-works-on-paper.jpg\"\n        tabindex=\"-1\" class=\"vp-portfolio__item-meta\"     >\n    \n        \n<h2 class=\"vp-portfolio__item-meta-title\">\n    Influencer<\/h2>\n\n        <\/a>    <\/div>\n<\/figcaption>\n            <\/figure>\n                    <\/div>\n        \n        <div        class=\"vp-portfolio__item-wrap vp-portfolio__item-uid-4d6a6ea5\" data-vp-filter=\"\"         >\n            <template class=\"vp-portfolio__item-popup\" data-vp-popup-img=\"https:\/\/www.lucernatv.cz\/wp-content\/uploads\/2021\/02\/csaba-furjesi-graphics-dressed-oil-on-vintage-photography-e1606657284707.jpg\" data-vp-popup-img-srcset=\"https:\/\/www.lucernatv.cz\/wp-content\/uploads\/2021\/02\/csaba-furjesi-graphics-dressed-oil-on-vintage-photography-e1606657284707.jpg 447w, https:\/\/www.lucernatv.cz\/wp-content\/uploads\/2021\/02\/csaba-furjesi-graphics-dressed-oil-on-vintage-photography-e1606657284707-134x180.jpg 134w\" data-vp-popup-img-size=\"447x600\" data-vp-popup-md-img=\"https:\/\/www.lucernatv.cz\/wp-content\/uploads\/2021\/02\/csaba-furjesi-graphics-dressed-oil-on-vintage-photography-e1606657284707.jpg\" data-vp-popup-md-img-size=\"447x600\" data-vp-popup-sm-img=\"https:\/\/www.lucernatv.cz\/wp-content\/uploads\/2021\/02\/csaba-furjesi-graphics-dressed-oil-on-vintage-photography-e1606657284707.jpg\" data-vp-popup-sm-img-size=\"447x600\">\n            <h3 class=\"vp-portfolio__item-popup-title\">Dressed<\/h3>\n        <\/template>\n                        <figure class=\"vp-portfolio__item\">\n                \n<div class=\"vp-portfolio__item-img-wrap\">\n    <div class=\"vp-portfolio__item-img\">\n            <a\n        href=\"https:\/\/www.lucernatv.cz\/wp-content\/uploads\/2021\/02\/csaba-furjesi-graphics-dressed-oil-on-vintage-photography-e1606657284707.jpg\"\n            >\n    \n        <img decoding=\"async\" width=\"447\" height=\"600\" src=\"https:\/\/www.lucernatv.cz\/wp-content\/uploads\/2021\/02\/csaba-furjesi-graphics-dressed-oil-on-vintage-photography-e1606657284707.jpg\" class=\"wp-image-2655\" alt=\"\" srcset=\"https:\/\/www.lucernatv.cz\/wp-content\/uploads\/2021\/02\/csaba-furjesi-graphics-dressed-oil-on-vintage-photography-e1606657284707.jpg 447w, https:\/\/www.lucernatv.cz\/wp-content\/uploads\/2021\/02\/csaba-furjesi-graphics-dressed-oil-on-vintage-photography-e1606657284707-134x180.jpg 134w\" sizes=\"(max-width: 447px) 100vw, 447px\" \/>\n        <\/a>    <\/div>\n<\/div>\n\n<figcaption class=\"vp-portfolio__item-overlay vp-portfolio__item-overlay-text-align-center\">\n    <div class=\"vp-portfolio__item-meta-wrap vp-portfolio__custom-scrollbar\">\n            <a\n        href=\"https:\/\/www.lucernatv.cz\/wp-content\/uploads\/2021\/02\/csaba-furjesi-graphics-dressed-oil-on-vintage-photography-e1606657284707.jpg\"\n        tabindex=\"-1\" class=\"vp-portfolio__item-meta\"     >\n    \n        \n<h2 class=\"vp-portfolio__item-meta-title\">\n    Dressed<\/h2>\n\n        <\/a>    <\/div>\n<\/figcaption>\n            <\/figure>\n                    <\/div>\n        \n        <div        class=\"vp-portfolio__item-wrap vp-portfolio__item-uid-e90316af\" data-vp-filter=\"\"         >\n            <template class=\"vp-portfolio__item-popup\" data-vp-popup-img=\"https:\/\/www.lucernatv.cz\/wp-content\/uploads\/2021\/02\/csaba-furjesi-graphics-futurum-exactum-I-works-on-paper-e1606373630172.jpeg\" data-vp-popup-img-srcset=\"https:\/\/www.lucernatv.cz\/wp-content\/uploads\/2021\/02\/csaba-furjesi-graphics-futurum-exactum-I-works-on-paper-e1606373630172.jpeg 444w, https:\/\/www.lucernatv.cz\/wp-content\/uploads\/2021\/02\/csaba-furjesi-graphics-futurum-exactum-I-works-on-paper-e1606373630172-133x180.jpeg 133w\" data-vp-popup-img-size=\"444x600\" data-vp-popup-md-img=\"https:\/\/www.lucernatv.cz\/wp-content\/uploads\/2021\/02\/csaba-furjesi-graphics-futurum-exactum-I-works-on-paper-e1606373630172.jpeg\" data-vp-popup-md-img-size=\"444x600\" data-vp-popup-sm-img=\"https:\/\/www.lucernatv.cz\/wp-content\/uploads\/2021\/02\/csaba-furjesi-graphics-futurum-exactum-I-works-on-paper-e1606373630172.jpeg\" data-vp-popup-sm-img-size=\"444x600\">\n            <h3 class=\"vp-portfolio__item-popup-title\">Futurum Exactum I<\/h3>\n        <\/template>\n                        <figure class=\"vp-portfolio__item\">\n                \n<div class=\"vp-portfolio__item-img-wrap\">\n    <div class=\"vp-portfolio__item-img\">\n            <a\n        href=\"https:\/\/www.lucernatv.cz\/wp-content\/uploads\/2021\/02\/csaba-furjesi-graphics-futurum-exactum-I-works-on-paper-e1606373630172.jpeg\"\n            >\n    \n        <img decoding=\"async\" width=\"444\" height=\"600\" src=\"https:\/\/www.lucernatv.cz\/wp-content\/uploads\/2021\/02\/csaba-furjesi-graphics-futurum-exactum-I-works-on-paper-e1606373630172.jpeg\" class=\"wp-image-2656\" alt=\"\" srcset=\"https:\/\/www.lucernatv.cz\/wp-content\/uploads\/2021\/02\/csaba-furjesi-graphics-futurum-exactum-I-works-on-paper-e1606373630172.jpeg 444w, https:\/\/www.lucernatv.cz\/wp-content\/uploads\/2021\/02\/csaba-furjesi-graphics-futurum-exactum-I-works-on-paper-e1606373630172-133x180.jpeg 133w\" sizes=\"(max-width: 444px) 100vw, 444px\" \/>\n        <\/a>    <\/div>\n<\/div>\n\n<figcaption class=\"vp-portfolio__item-overlay vp-portfolio__item-overlay-text-align-center\">\n    <div class=\"vp-portfolio__item-meta-wrap vp-portfolio__custom-scrollbar\">\n            <a\n        href=\"https:\/\/www.lucernatv.cz\/wp-content\/uploads\/2021\/02\/csaba-furjesi-graphics-futurum-exactum-I-works-on-paper-e1606373630172.jpeg\"\n        tabindex=\"-1\" class=\"vp-portfolio__item-meta\"     >\n    \n        \n<h2 class=\"vp-portfolio__item-meta-title\">\n    Futurum Exactum I<\/h2>\n\n        <\/a>    <\/div>\n<\/figcaption>\n            <\/figure>\n                    <\/div>\n        \n        <div        class=\"vp-portfolio__item-wrap vp-portfolio__item-uid-40ad0d53\" data-vp-filter=\"\"         >\n            <template class=\"vp-portfolio__item-popup\" data-vp-popup-img=\"https:\/\/www.lucernatv.cz\/wp-content\/uploads\/2021\/02\/csaba-furjesi-graphics-black-jack-oil-on-paper.jpg\" data-vp-popup-img-srcset=\"https:\/\/www.lucernatv.cz\/wp-content\/uploads\/2021\/02\/csaba-furjesi-graphics-black-jack-oil-on-paper.jpg 800w, https:\/\/www.lucernatv.cz\/wp-content\/uploads\/2021\/02\/csaba-furjesi-graphics-black-jack-oil-on-paper-273x180.jpg 273w, https:\/\/www.lucernatv.cz\/wp-content\/uploads\/2021\/02\/csaba-furjesi-graphics-black-jack-oil-on-paper-768x506.jpg 768w, https:\/\/www.lucernatv.cz\/wp-content\/uploads\/2021\/02\/csaba-furjesi-graphics-black-jack-oil-on-paper-500x329.jpg 500w\" data-vp-popup-img-size=\"800x527\" data-vp-popup-md-img=\"https:\/\/www.lucernatv.cz\/wp-content\/uploads\/2021\/02\/csaba-furjesi-graphics-black-jack-oil-on-paper.jpg\" data-vp-popup-md-img-size=\"800x527\" data-vp-popup-sm-img=\"https:\/\/www.lucernatv.cz\/wp-content\/uploads\/2021\/02\/csaba-furjesi-graphics-black-jack-oil-on-paper-500x329.jpg\" data-vp-popup-sm-img-size=\"500x329\">\n            <h3 class=\"vp-portfolio__item-popup-title\">Black Jack<\/h3>\n        <\/template>\n                        <figure class=\"vp-portfolio__item\">\n                \n<div class=\"vp-portfolio__item-img-wrap\">\n    <div class=\"vp-portfolio__item-img\">\n            <a\n        href=\"https:\/\/www.lucernatv.cz\/wp-content\/uploads\/2021\/02\/csaba-furjesi-graphics-black-jack-oil-on-paper.jpg\"\n            >\n    \n        <img decoding=\"async\" width=\"800\" height=\"527\" src=\"https:\/\/www.lucernatv.cz\/wp-content\/uploads\/2021\/02\/csaba-furjesi-graphics-black-jack-oil-on-paper.jpg\" class=\"wp-image-2654\" alt=\"\" srcset=\"https:\/\/www.lucernatv.cz\/wp-content\/uploads\/2021\/02\/csaba-furjesi-graphics-black-jack-oil-on-paper.jpg 800w, https:\/\/www.lucernatv.cz\/wp-content\/uploads\/2021\/02\/csaba-furjesi-graphics-black-jack-oil-on-paper-273x180.jpg 273w, https:\/\/www.lucernatv.cz\/wp-content\/uploads\/2021\/02\/csaba-furjesi-graphics-black-jack-oil-on-paper-768x506.jpg 768w, https:\/\/www.lucernatv.cz\/wp-content\/uploads\/2021\/02\/csaba-furjesi-graphics-black-jack-oil-on-paper-500x329.jpg 500w\" sizes=\"(max-width: 800px) 100vw, 800px\" \/>\n        <\/a>    <\/div>\n<\/div>\n\n<figcaption class=\"vp-portfolio__item-overlay vp-portfolio__item-overlay-text-align-center\">\n    <div class=\"vp-portfolio__item-meta-wrap vp-portfolio__custom-scrollbar\">\n            <a\n        href=\"https:\/\/www.lucernatv.cz\/wp-content\/uploads\/2021\/02\/csaba-furjesi-graphics-black-jack-oil-on-paper.jpg\"\n        tabindex=\"-1\" class=\"vp-portfolio__item-meta\"     >\n    \n        \n<h2 class=\"vp-portfolio__item-meta-title\">\n    Black Jack<\/h2>\n\n        <\/a>    <\/div>\n<\/figcaption>\n            <\/figure>\n                    <\/div>\n        \n        <div        class=\"vp-portfolio__item-wrap vp-portfolio__item-uid-747b68c8\" data-vp-filter=\"\"         >\n            <template class=\"vp-portfolio__item-popup\" data-vp-popup-img=\"https:\/\/www.lucernatv.cz\/wp-content\/uploads\/2021\/02\/csaba-furjesi-graphics-choreography-oil-on-paper.jpg\" data-vp-popup-img-srcset=\"https:\/\/www.lucernatv.cz\/wp-content\/uploads\/2021\/02\/csaba-furjesi-graphics-choreography-oil-on-paper.jpg 800w, https:\/\/www.lucernatv.cz\/wp-content\/uploads\/2021\/02\/csaba-furjesi-graphics-choreography-oil-on-paper-280x180.jpg 280w, https:\/\/www.lucernatv.cz\/wp-content\/uploads\/2021\/02\/csaba-furjesi-graphics-choreography-oil-on-paper-768x494.jpg 768w, https:\/\/www.lucernatv.cz\/wp-content\/uploads\/2021\/02\/csaba-furjesi-graphics-choreography-oil-on-paper-500x322.jpg 500w\" data-vp-popup-img-size=\"800x515\" data-vp-popup-md-img=\"https:\/\/www.lucernatv.cz\/wp-content\/uploads\/2021\/02\/csaba-furjesi-graphics-choreography-oil-on-paper.jpg\" data-vp-popup-md-img-size=\"800x515\" data-vp-popup-sm-img=\"https:\/\/www.lucernatv.cz\/wp-content\/uploads\/2021\/02\/csaba-furjesi-graphics-choreography-oil-on-paper-500x322.jpg\" data-vp-popup-sm-img-size=\"500x322\">\n            <h3 class=\"vp-portfolio__item-popup-title\">Choreography<\/h3>\n        <\/template>\n                        <figure class=\"vp-portfolio__item\">\n                \n<div class=\"vp-portfolio__item-img-wrap\">\n    <div class=\"vp-portfolio__item-img\">\n            <a\n        href=\"https:\/\/www.lucernatv.cz\/wp-content\/uploads\/2021\/02\/csaba-furjesi-graphics-choreography-oil-on-paper.jpg\"\n            >\n    \n        <img decoding=\"async\" width=\"800\" height=\"515\" src=\"https:\/\/www.lucernatv.cz\/wp-content\/uploads\/2021\/02\/csaba-furjesi-graphics-choreography-oil-on-paper.jpg\" class=\"wp-image-2658\" alt=\"\" srcset=\"https:\/\/www.lucernatv.cz\/wp-content\/uploads\/2021\/02\/csaba-furjesi-graphics-choreography-oil-on-paper.jpg 800w, https:\/\/www.lucernatv.cz\/wp-content\/uploads\/2021\/02\/csaba-furjesi-graphics-choreography-oil-on-paper-280x180.jpg 280w, https:\/\/www.lucernatv.cz\/wp-content\/uploads\/2021\/02\/csaba-furjesi-graphics-choreography-oil-on-paper-768x494.jpg 768w, https:\/\/www.lucernatv.cz\/wp-content\/uploads\/2021\/02\/csaba-furjesi-graphics-choreography-oil-on-paper-500x322.jpg 500w\" sizes=\"(max-width: 800px) 100vw, 800px\" \/>\n        <\/a>    <\/div>\n<\/div>\n\n<figcaption class=\"vp-portfolio__item-overlay vp-portfolio__item-overlay-text-align-center\">\n    <div class=\"vp-portfolio__item-meta-wrap vp-portfolio__custom-scrollbar\">\n            <a\n        href=\"https:\/\/www.lucernatv.cz\/wp-content\/uploads\/2021\/02\/csaba-furjesi-graphics-choreography-oil-on-paper.jpg\"\n        tabindex=\"-1\" class=\"vp-portfolio__item-meta\"     >\n    \n        \n<h2 class=\"vp-portfolio__item-meta-title\">\n    Choreography<\/h2>\n\n        <\/a>    <\/div>\n<\/figcaption>\n            <\/figure>\n                    <\/div>\n        \n        <div        class=\"vp-portfolio__item-wrap vp-portfolio__item-uid-a3b7d067\" data-vp-filter=\"\"         >\n            <template class=\"vp-portfolio__item-popup\" data-vp-popup-img=\"https:\/\/www.lucernatv.cz\/wp-content\/uploads\/2021\/02\/Csaba-FURJESI-Timeout-2019-70x70-cm-Ol-auf-Zellstoff-1200x1179-1.jpg\" data-vp-popup-img-srcset=\"https:\/\/www.lucernatv.cz\/wp-content\/uploads\/2021\/02\/Csaba-FURJESI-Timeout-2019-70x70-cm-Ol-auf-Zellstoff-1200x1179-1.jpg 1200w, https:\/\/www.lucernatv.cz\/wp-content\/uploads\/2021\/02\/Csaba-FURJESI-Timeout-2019-70x70-cm-Ol-auf-Zellstoff-1200x1179-1-183x180.jpg 183w, https:\/\/www.lucernatv.cz\/wp-content\/uploads\/2021\/02\/Csaba-FURJESI-Timeout-2019-70x70-cm-Ol-auf-Zellstoff-1200x1179-1-1099x1080.jpg 1099w, https:\/\/www.lucernatv.cz\/wp-content\/uploads\/2021\/02\/Csaba-FURJESI-Timeout-2019-70x70-cm-Ol-auf-Zellstoff-1200x1179-1-768x755.jpg 768w, https:\/\/www.lucernatv.cz\/wp-content\/uploads\/2021\/02\/Csaba-FURJESI-Timeout-2019-70x70-cm-Ol-auf-Zellstoff-1200x1179-1-500x491.jpg 500w, https:\/\/www.lucernatv.cz\/wp-content\/uploads\/2021\/02\/Csaba-FURJESI-Timeout-2019-70x70-cm-Ol-auf-Zellstoff-1200x1179-1-800x786.jpg 800w, https:\/\/www.lucernatv.cz\/wp-content\/uploads\/2021\/02\/Csaba-FURJESI-Timeout-2019-70x70-cm-Ol-auf-Zellstoff-1200x1179-1-60x60.jpg 60w\" data-vp-popup-img-size=\"1200x1179\" data-vp-popup-md-img=\"https:\/\/www.lucernatv.cz\/wp-content\/uploads\/2021\/02\/Csaba-FURJESI-Timeout-2019-70x70-cm-Ol-auf-Zellstoff-1200x1179-1-800x786.jpg\" data-vp-popup-md-img-size=\"800x786\" data-vp-popup-sm-img=\"https:\/\/www.lucernatv.cz\/wp-content\/uploads\/2021\/02\/Csaba-FURJESI-Timeout-2019-70x70-cm-Ol-auf-Zellstoff-1200x1179-1-500x491.jpg\" data-vp-popup-sm-img-size=\"500x491\">\n            <h3 class=\"vp-portfolio__item-popup-title\">Timeout<\/h3>\n        <\/template>\n                        <figure class=\"vp-portfolio__item\">\n                \n<div class=\"vp-portfolio__item-img-wrap\">\n    <div class=\"vp-portfolio__item-img\">\n            <a\n        href=\"https:\/\/www.lucernatv.cz\/wp-content\/uploads\/2021\/02\/Csaba-FURJESI-Timeout-2019-70x70-cm-Ol-auf-Zellstoff-1200x1179-1.jpg\"\n            >\n    \n        <img decoding=\"async\" width=\"1200\" height=\"1179\" src=\"https:\/\/www.lucernatv.cz\/wp-content\/uploads\/2021\/02\/Csaba-FURJESI-Timeout-2019-70x70-cm-Ol-auf-Zellstoff-1200x1179-1.jpg\" class=\"wp-image-2665\" alt=\"\" srcset=\"https:\/\/www.lucernatv.cz\/wp-content\/uploads\/2021\/02\/Csaba-FURJESI-Timeout-2019-70x70-cm-Ol-auf-Zellstoff-1200x1179-1.jpg 1200w, https:\/\/www.lucernatv.cz\/wp-content\/uploads\/2021\/02\/Csaba-FURJESI-Timeout-2019-70x70-cm-Ol-auf-Zellstoff-1200x1179-1-183x180.jpg 183w, https:\/\/www.lucernatv.cz\/wp-content\/uploads\/2021\/02\/Csaba-FURJESI-Timeout-2019-70x70-cm-Ol-auf-Zellstoff-1200x1179-1-1099x1080.jpg 1099w, https:\/\/www.lucernatv.cz\/wp-content\/uploads\/2021\/02\/Csaba-FURJESI-Timeout-2019-70x70-cm-Ol-auf-Zellstoff-1200x1179-1-768x755.jpg 768w, https:\/\/www.lucernatv.cz\/wp-content\/uploads\/2021\/02\/Csaba-FURJESI-Timeout-2019-70x70-cm-Ol-auf-Zellstoff-1200x1179-1-500x491.jpg 500w, https:\/\/www.lucernatv.cz\/wp-content\/uploads\/2021\/02\/Csaba-FURJESI-Timeout-2019-70x70-cm-Ol-auf-Zellstoff-1200x1179-1-800x786.jpg 800w, https:\/\/www.lucernatv.cz\/wp-content\/uploads\/2021\/02\/Csaba-FURJESI-Timeout-2019-70x70-cm-Ol-auf-Zellstoff-1200x1179-1-60x60.jpg 60w\" sizes=\"(max-width: 1200px) 100vw, 1200px\" \/>\n        <\/a>    <\/div>\n<\/div>\n\n<figcaption class=\"vp-portfolio__item-overlay vp-portfolio__item-overlay-text-align-center\">\n    <div class=\"vp-portfolio__item-meta-wrap vp-portfolio__custom-scrollbar\">\n            <a\n        href=\"https:\/\/www.lucernatv.cz\/wp-content\/uploads\/2021\/02\/Csaba-FURJESI-Timeout-2019-70x70-cm-Ol-auf-Zellstoff-1200x1179-1.jpg\"\n        tabindex=\"-1\" class=\"vp-portfolio__item-meta\"     >\n    \n        \n<h2 class=\"vp-portfolio__item-meta-title\">\n    Timeout<\/h2>\n\n        <\/a>    <\/div>\n<\/figcaption>\n            <\/figure>\n                    <\/div>\n        \n        <div        class=\"vp-portfolio__item-wrap vp-portfolio__item-uid-99ba3dce\" data-vp-filter=\"\"         >\n            <template class=\"vp-portfolio__item-popup\" data-vp-popup-img=\"https:\/\/www.lucernatv.cz\/wp-content\/uploads\/2021\/02\/csaba-furjesi-graphics-talent-diligence-persistance-oil-on-paper-1.jpg\" data-vp-popup-img-srcset=\"https:\/\/www.lucernatv.cz\/wp-content\/uploads\/2021\/02\/csaba-furjesi-graphics-talent-diligence-persistance-oil-on-paper-1.jpg 800w, https:\/\/www.lucernatv.cz\/wp-content\/uploads\/2021\/02\/csaba-furjesi-graphics-talent-diligence-persistance-oil-on-paper-1-272x180.jpg 272w, https:\/\/www.lucernatv.cz\/wp-content\/uploads\/2021\/02\/csaba-furjesi-graphics-talent-diligence-persistance-oil-on-paper-1-768x508.jpg 768w, https:\/\/www.lucernatv.cz\/wp-content\/uploads\/2021\/02\/csaba-furjesi-graphics-talent-diligence-persistance-oil-on-paper-1-500x331.jpg 500w\" data-vp-popup-img-size=\"800x529\" data-vp-popup-md-img=\"https:\/\/www.lucernatv.cz\/wp-content\/uploads\/2021\/02\/csaba-furjesi-graphics-talent-diligence-persistance-oil-on-paper-1.jpg\" data-vp-popup-md-img-size=\"800x529\" data-vp-popup-sm-img=\"https:\/\/www.lucernatv.cz\/wp-content\/uploads\/2021\/02\/csaba-furjesi-graphics-talent-diligence-persistance-oil-on-paper-1-500x331.jpg\" data-vp-popup-sm-img-size=\"500x331\">\n            <h3 class=\"vp-portfolio__item-popup-title\">Talent Diligence Persistance<\/h3>\n        <\/template>\n                        <figure class=\"vp-portfolio__item\">\n                \n<div class=\"vp-portfolio__item-img-wrap\">\n    <div class=\"vp-portfolio__item-img\">\n            <a\n        href=\"https:\/\/www.lucernatv.cz\/wp-content\/uploads\/2021\/02\/csaba-furjesi-graphics-talent-diligence-persistance-oil-on-paper-1.jpg\"\n            >\n    \n        <img decoding=\"async\" width=\"800\" height=\"529\" src=\"https:\/\/www.lucernatv.cz\/wp-content\/uploads\/2021\/02\/csaba-furjesi-graphics-talent-diligence-persistance-oil-on-paper-1.jpg\" class=\"wp-image-2661\" alt=\"\" srcset=\"https:\/\/www.lucernatv.cz\/wp-content\/uploads\/2021\/02\/csaba-furjesi-graphics-talent-diligence-persistance-oil-on-paper-1.jpg 800w, https:\/\/www.lucernatv.cz\/wp-content\/uploads\/2021\/02\/csaba-furjesi-graphics-talent-diligence-persistance-oil-on-paper-1-272x180.jpg 272w, https:\/\/www.lucernatv.cz\/wp-content\/uploads\/2021\/02\/csaba-furjesi-graphics-talent-diligence-persistance-oil-on-paper-1-768x508.jpg 768w, https:\/\/www.lucernatv.cz\/wp-content\/uploads\/2021\/02\/csaba-furjesi-graphics-talent-diligence-persistance-oil-on-paper-1-500x331.jpg 500w\" sizes=\"(max-width: 800px) 100vw, 800px\" \/>\n        <\/a>    <\/div>\n<\/div>\n\n<figcaption class=\"vp-portfolio__item-overlay vp-portfolio__item-overlay-text-align-center\">\n    <div class=\"vp-portfolio__item-meta-wrap vp-portfolio__custom-scrollbar\">\n            <a\n        href=\"https:\/\/www.lucernatv.cz\/wp-content\/uploads\/2021\/02\/csaba-furjesi-graphics-talent-diligence-persistance-oil-on-paper-1.jpg\"\n        tabindex=\"-1\" class=\"vp-portfolio__item-meta\"     >\n    \n        \n<h2 class=\"vp-portfolio__item-meta-title\">\n    Talent Diligence Persistance<\/h2>\n\n        <\/a>    <\/div>\n<\/figcaption>\n            <\/figure>\n                    <\/div>\n        \n        <div        class=\"vp-portfolio__item-wrap vp-portfolio__item-uid-6b679c56\" data-vp-filter=\"\"         >\n            <template class=\"vp-portfolio__item-popup\" data-vp-popup-img=\"https:\/\/www.lucernatv.cz\/wp-content\/uploads\/2021\/02\/csaba-furjesi-graphics-futurum-exactum-oil-on-vintage-maps.jpg\" data-vp-popup-img-srcset=\"https:\/\/www.lucernatv.cz\/wp-content\/uploads\/2021\/02\/csaba-furjesi-graphics-futurum-exactum-oil-on-vintage-maps.jpg 800w, https:\/\/www.lucernatv.cz\/wp-content\/uploads\/2021\/02\/csaba-furjesi-graphics-futurum-exactum-oil-on-vintage-maps-254x180.jpg 254w, https:\/\/www.lucernatv.cz\/wp-content\/uploads\/2021\/02\/csaba-furjesi-graphics-futurum-exactum-oil-on-vintage-maps-768x544.jpg 768w, https:\/\/www.lucernatv.cz\/wp-content\/uploads\/2021\/02\/csaba-furjesi-graphics-futurum-exactum-oil-on-vintage-maps-500x354.jpg 500w\" data-vp-popup-img-size=\"800x567\" data-vp-popup-md-img=\"https:\/\/www.lucernatv.cz\/wp-content\/uploads\/2021\/02\/csaba-furjesi-graphics-futurum-exactum-oil-on-vintage-maps.jpg\" data-vp-popup-md-img-size=\"800x567\" data-vp-popup-sm-img=\"https:\/\/www.lucernatv.cz\/wp-content\/uploads\/2021\/02\/csaba-furjesi-graphics-futurum-exactum-oil-on-vintage-maps-500x354.jpg\" data-vp-popup-sm-img-size=\"500x354\">\n            <h3 class=\"vp-portfolio__item-popup-title\">Futurum Exactum<\/h3>\n        <\/template>\n                        <figure class=\"vp-portfolio__item\">\n                \n<div class=\"vp-portfolio__item-img-wrap\">\n    <div class=\"vp-portfolio__item-img\">\n            <a\n        href=\"https:\/\/www.lucernatv.cz\/wp-content\/uploads\/2021\/02\/csaba-furjesi-graphics-futurum-exactum-oil-on-vintage-maps.jpg\"\n            >\n    \n        <img decoding=\"async\" width=\"800\" height=\"567\" src=\"https:\/\/www.lucernatv.cz\/wp-content\/uploads\/2021\/02\/csaba-furjesi-graphics-futurum-exactum-oil-on-vintage-maps.jpg\" class=\"wp-image-2657\" alt=\"\" srcset=\"https:\/\/www.lucernatv.cz\/wp-content\/uploads\/2021\/02\/csaba-furjesi-graphics-futurum-exactum-oil-on-vintage-maps.jpg 800w, https:\/\/www.lucernatv.cz\/wp-content\/uploads\/2021\/02\/csaba-furjesi-graphics-futurum-exactum-oil-on-vintage-maps-254x180.jpg 254w, https:\/\/www.lucernatv.cz\/wp-content\/uploads\/2021\/02\/csaba-furjesi-graphics-futurum-exactum-oil-on-vintage-maps-768x544.jpg 768w, https:\/\/www.lucernatv.cz\/wp-content\/uploads\/2021\/02\/csaba-furjesi-graphics-futurum-exactum-oil-on-vintage-maps-500x354.jpg 500w\" sizes=\"(max-width: 800px) 100vw, 800px\" \/>\n        <\/a>    <\/div>\n<\/div>\n\n<figcaption class=\"vp-portfolio__item-overlay vp-portfolio__item-overlay-text-align-center\">\n    <div class=\"vp-portfolio__item-meta-wrap vp-portfolio__custom-scrollbar\">\n            <a\n        href=\"https:\/\/www.lucernatv.cz\/wp-content\/uploads\/2021\/02\/csaba-furjesi-graphics-futurum-exactum-oil-on-vintage-maps.jpg\"\n        tabindex=\"-1\" class=\"vp-portfolio__item-meta\"     >\n    \n        \n<h2 class=\"vp-portfolio__item-meta-title\">\n    Futurum Exactum<\/h2>\n\n        <\/a>    <\/div>\n<\/figcaption>\n            <\/figure>\n                    <\/div>\n        \n<\/div>\n        <\/div>\n        \n<\/div>\n<\/div>\n\n\n<p><strong>Csaba F\u00fcrjesi o\u010dima Miroslava Zelinsk\u00e9ho<\/strong><\/p>\n\n\n\n<p>Otev\u00edr\u00e1me celoro\u010dn\u00ed cyklus Protimluvu, ve kter\u00e9m nav\u0161t\u00edv\u00edme v\u017edy jednoho v\u00fdtvarn\u00edka visegr\u00e1dsk\u00e9ho regionu, projdeme se jeho ateli\u00e9rem a nahl\u00e9dneme aktu\u00e1ln\u00ed p\u0159\u00edstupy k&nbsp;tvorb\u011b a reflexi sou\u010dasnosti.<\/p>\n\n\n\n<p>Na\u0161e prvn\u00ed n\u00e1v\u0161t\u011bva vede do p\u0159\u00edm\u011bstsk\u00e9 \u010d\u00e1sti Salzburgu, do Oberalmu, kde \u017eije s&nbsp;rodinou Csaba F\u00fcrjesi, ma\u010farsk\u00fd grafik, mal\u00ed\u0159, autor sv\u011bteln\u00fdch objekt\u016f a organiz\u00e1tor v\u00fdtvarn\u00e9ho \u017eivota. Csabovi je 51 let, v&nbsp;r. 1969 se narodil v&nbsp;ma\u010farsk\u00e9m Salgotarj\u00e1nu (na to m\u011bsto a m\u00edsto je\u0161t\u011b p\u0159ijde \u0159e\u010d), vystudoval budape\u0161\u0165skou akademii u\u017eit\u00e9ho um\u011bn\u00ed, absolvoval \u0159adu residen\u010dn\u00edch pobyt\u016f v&nbsp;Evrop\u011b, na Bl\u00edzk\u00e9m V\u00fdchod\u011b i na americk\u00e9m kontinent\u011b. Je nositel mnoha presti\u017en\u00edch ma\u010farsk\u00fdch a evropsk\u00fdch v\u00fdtvarn\u00fdch ocen\u011bn\u00ed a m\u00e1 za sebou dlouh\u00fd seznam individu\u00e1ln\u00edch i kolektivn\u00edch v\u00fdstav. Je zkr\u00e1tka reprezentativn\u00ed postavou sou\u010dasn\u00e9ho ma\u010farsk\u00e9ho um\u011bleck\u00e9ho sv\u011bta, mj. tak\u00e9 tou pot\u0159ebou tvo\u0159it mimo orb\u00e1novsk\u00e9 Ma\u010farsko\u2026<\/p>\n\n\n\n<p>Rozsah technik a t\u00e9mat jeho tvorby je velmi \u0161irok\u00fd, Csaba je v\u00fdznamn\u00fdm hleda\u010dem, kter\u00fd se nech\u00e1v\u00e1 inspirovat mj. odch\u00e1zej\u00edc\u00edm sv\u011btem p\u0159edk\u016f, ale tak\u00e9 sou\u010dasn\u00fdmi probl\u00e9my, kter\u00fdmi Evropa na hranic\u00edch sv\u011bt\u016f \u017eije, a nemylme se, je to tak s&nbsp;t\u011bmi hranicemi&#8230;<\/p>\n\n\n\n<p>Csaba je jedn\u00edm ze zakladatel\u016f jedine\u010dn\u00e9 instituce, kter\u00e1 m\u00e1 sv\u016fj vzor daleko v&nbsp;d\u011bjin\u00e1ch v\u00fdtvarn\u00e9ho um\u011bn\u00ed. Um\u011bleck\u00e9 kolonie. U\u017e n\u00e1zvem sv\u00e9 Art Colony se k&nbsp;t\u00e9to tradici hl\u00e1s\u00ed.<\/p>\n\n\n\n<p>Um\u011bleck\u00e1 kolonie<\/p>\n\n\n\n<p>Um\u011bleck\u00e9 kolonie jsou ve sv\u011bt\u011b v\u00fdtvarn\u00e9ho um\u011bn\u00ed v\u00fdznamn\u00fdm fenom\u00e9nem p\u0159edev\u0161\u00edm pro druhou polovinu 19. stolet\u00ed. Vzorem se stal francouzsk\u00fd Barbizon, v\u00edska nedaleko Pa\u0159\u00ed\u017ee, kter\u00e1 p\u0159itahovala krajin\u00e1\u0159e cel\u00e9 Evropy je\u0161t\u011b dlouho p\u0159ed t\u00edm, ne\u017e sv\u016fj vliv za\u010dal \u0161\u00ed\u0159it impresionismus. Svou roli toti\u017e ve v\u00fdvoji evropsk\u00e9ho um\u011bn\u00ed sehr\u00e1ly nejen v\u00fdznamn\u00e9 metropole se sv\u00fdmi akademiemi, jako byly Pa\u0159\u00ed\u017e, Mnichov \u010di V\u00edde\u0148, ale pr\u00e1v\u011b tak\u00e9 m\u00edsta od t\u011bchto pomysln\u00fdch st\u0159ed\u016f d\u011bn\u00ed vzd\u00e1len\u00e1, um\u011bleck\u00e9 kolonie. Krom\u011b vzpomenut\u00e9ho Barbizonu v lese u Fontainebleau tak\u00e9 venkovsk\u00e1 s\u00eddla v Rumunsku, Ma\u010farsku, N\u011bmecku. Princip tohoto zp\u016fsobu \u201eorganizace\u201c um\u011bleck\u00e9ho \u017eivota je jednoduch\u00fd, p\u0159iv\u00e9st na jedno inspirativn\u00ed m\u00edsto okruh sp\u0159\u00edzn\u011bn\u00fdch autorsk\u00fdch p\u0159\u00edstup\u016f, rukopis\u016f, poetik. P\u0159idru\u017een\u00fdm efektem byl tak\u00e9 komer\u010dn\u00ed potenci\u00e1l, proto\u017ee do takov\u00fdch koloni\u00ed se vyd\u00e1vali i dobov\u00ed obchodn\u00edci s um\u011bn\u00edm. Lze mluvit o zlat\u00fdch \u010dasech mal\u00ed\u0159stv\u00ed, kdepak se v\u00e1m dneska stane, \u017ee denn\u00ed tisk p\u0159inese recenzi jednoho obrazu vystaven\u00e9ho t\u0159eba na n\u011bjak\u00e9m kolektivn\u00edm salonu. Tyto um\u011bleck\u00e9 kolonie sehr\u00e1ly p\u0159edev\u0161\u00edm v oblasti krajin\u00e1\u0159sk\u00e9 malby d\u016fle\u017eitou roli v pr\u016fb\u011bhu 19. stolet\u00ed a pak na zlomu ke stolet\u00ed dvac\u00e1t\u00e9mu. Ochota a v\u016fle ke skupinov\u00fdm poetik\u00e1m opustila tv\u016frce po konci avantgard p\u0159ed druhou sv\u011btovou v\u00e1lkou. Ta toti\u017e rozmetala v\u0161e pozitivn\u00ed, co bylo spojeno s t\u00edmto principem tvorby, a nejen s n\u00edm\u2026<\/p>\n\n\n\n<p>Ateli\u00e9ry<\/p>\n\n\n\n<p>Ateli\u00e9ry jsou tajemn\u00fdmi a tajupln\u00fdmi prostory, tak trochu ostrovy, \u010dasto ukryt\u00fdmi za naprosto nen\u00e1padn\u00fdmi dve\u0159mi obytn\u00fdch dom\u016f, tov\u00e1rn\u00edch objekt\u016f, administrativn\u00edch budov. Po jejich otev\u0159en\u00ed v\u00e1s obklop\u00ed specifick\u00fd sv\u011bt v\u016fn\u00ed, barev, stroj\u016f, n\u00e1stroj\u016f, \u0161t\u011btc\u016f, lahvi\u010dek, tub a tubi\u010dek, kl\u016fck\u016f a cupanin a\u2026 a hlavn\u011b v\u00fdtvarn\u00fdch objekt\u016f, pl\u00e1ten hotov\u00fdch i rozmalovan\u00fdch, grafik, inspira\u010dn\u00edch objekt\u016f a tak\u00e9 knih. Autor n\u00e1s vlastn\u011b pou\u0161t\u00ed do jednoho ze sv\u00fdch nejv\u011bt\u0161\u00edch privatissim, proto\u017ee vid\u00edme i to, co je\u0161t\u011b nen\u00ed hotovo, jako by se p\u0159ed n\u00e1s stav\u011bl nedooble\u010den, probuzen ze sp\u00e1nku, s&nbsp;rozcuchan\u00fdmi vlasy\u2026<\/p>\n\n\n\n<p>V&nbsp;Csabov\u011b ateli\u00e9ru jsme byli p\u0159ijati se v\u0161\u00ed vl\u00eddnost\u00ed, ona hrdost na \u201ed\u00edlo\u201c je dobrou vlastnost\u00ed ka\u017ed\u00e9ho sebev\u011bdom\u00e9ho tv\u016frce. To sebev\u011bdom\u00ed se jist\u011b negeneruje jen z&nbsp;vlastn\u00edho sebepozorov\u00e1n\u00ed a sebehodnocen\u00ed, ale p\u0159edev\u0161\u00edm z&nbsp;okol\u00ed, kter\u00e9 d\u00edlo akceptuje, hodnot\u00ed (arci\u017ee pozitivn\u011b), v\u0159azuje do kontextu, ozku\u0161uje emocion\u00e1ln\u00ed i intelektu\u00e1ln\u00ed hladiny d\u00edla.<\/p>\n\n\n\n<p>Ale vra\u0165me se k&nbsp;tomu nejevidentn\u011bj\u0161\u00edmu, co v&nbsp;Csabov\u011b tv\u016fr\u010d\u00ed&nbsp; a p\u0159edev\u0161\u00edm organiza\u010dn\u00ed pr\u00e1ci \u010dn\u00ed\u2026 Art Colony Cered. Toto specifick\u00e9 organiza\u010dn\u00ed uskupen\u00ed vzniklo p\u0159ed 25 lety v&nbsp;Ceredu, vesnici na sam\u00e9 severn\u00ed hranici Ma\u010farska a Slovenska. Csaba a dal\u0161\u00ed organiz\u00e1to\u0159i, p\u0159edev\u0161\u00edm Cecilia Kun a s\u00e1m zakladatel S\u00e1nta L\u00e1szl\u00f3 zvou na toto charismatick\u00e9 m\u00edsto ji\u017e cel\u00e9 \u010dtvrtstolet\u00ed v\u00fdtvarn\u00edky z&nbsp;cel\u00e9 Evropy, ale i ze z\u00e1mo\u0159\u00ed. V&nbsp;letn\u00edch m\u011bs\u00edc\u00edch zde nad zadan\u00fdm t\u00e9matem tvo\u0159\u00ed z&nbsp;materi\u00e1l\u016f, kter\u00e9 jsou v&nbsp;dan\u00e9m roce k&nbsp;dispozici, spole\u010dn\u011b tr\u00e1v\u00ed voln\u00e9 chv\u00edle, navz\u00e1jem si pom\u00e1haj\u00ed, pokud je sv\u011b\u0159en\u00fdm kus d\u0159eva k&nbsp;opracov\u00e1n\u00ed p\u0159\u00edli\u0161 velk\u00fd, motorov\u00e1 pila p\u0159\u00edli\u0161 siln\u00e1 pro d\u00edv\u010d\u00ed ruce nebo flexa moc divok\u00e1, ale autorsk\u00e1 vize pr\u00e1v\u011b toto k&nbsp;dokon\u010den\u00ed d\u00edla pot\u0159ebuje\u2026<\/p>\n\n\n\n<p>N\u00e1v\u0161t\u011bva v&nbsp;ateli\u00e9ru Csaby Furjesiho uk\u00e1zala na jednu v\u011bc, a\u0165 je tv\u016frce kdekoliv, po\u0159\u00e1d ho zaj\u00edmaj\u00ed t\u00e9mata 1. intimn\u00ed, soukrom\u00e1, co\u017e je p\u0159irozen\u00e9; 2., ve\u0159ejn\u00e1, obecn\u00e1, anga\u017eovan\u00e1 ve prosp\u011bch, \u0159ekn\u011bme, dobr\u00e9 spr\u00e1vy v\u011bc\u00ed ve\u0159ejn\u00fdch, a\u0165 nejsem nucen vyslovit n\u011bjak\u00fd konkr\u00e9tn\u00ed politologick\u00fd term\u00edn. Vezmeme-li si za p\u0159\u00edklad nejnov\u011bj\u0161\u00ed koncept, pak je to pr\u00e1ce s&nbsp;dotv\u00e1\u0159en\u00edm, s kresebn\u00fdmi i mal\u00ed\u0159sk\u00fdmi intervencemi do star\u00fdch map i v&nbsp;jejich velk\u00fdch form\u00e1tech. Ty mapy nejsou mapami \u010dist\u011b geografick\u00fdmi, ale nesou, jako v&nbsp;t\u011bchto p\u0159\u00edpadech, i klimatick\u00e1 data za ur\u010dit\u00e1 star\u0161\u00ed obdob\u00ed, je dobr\u00e9 v&nbsp;nich \u010d\u00edst pr\u00e1v\u011b jako&nbsp; v&nbsp;map\u00e1ch, ale z\u00e1rove\u0148 vn\u00edmat i onu v\u00fdtvarnou intervenci, kter\u00e1 je aktualiza\u010dn\u00ed a, a tady se toho slova neboj\u00edm, anga\u017eovan\u00e1. Anticipace aktu\u00e1ln\u00edch probl\u00e9m\u016f na\u0161\u00ed planety jako v\u00fdsledek intuitivn\u00ed osobn\u00ed citlivosti, a nikoliv racion\u00e1ln\u00ed reflexe informa\u010dn\u00edch dat m\u00e1 velmi silnou v\u00fdpov\u011bdn\u00ed hodnotu. S d\u00edlem Csaby F\u00fcrjesiho&nbsp; se budete moci sezn\u00e1mit letos na podzim p\u0159i velk\u00e9 v\u00fdstav\u011b k&nbsp;25. v\u00fdro\u010d\u00ed Art Colony Cered.<\/p>\n","protected":false},"excerpt":{"rendered":"<p>Prvn\u00ed d\u00edl cyklu, kter\u00fd p\u0159ipravujeme ve spolupr\u00e1ci s revue Protimluv. V ka\u017ed\u00e9m d\u00edlu nav\u0161t\u00edv\u00edme v\u017edy jednoho v\u00fdtvarn\u00edka visegr\u00e1dsk\u00e9ho regionu, projdeme se jeho ateli\u00e9rem a nahl\u00e9dneme aktu\u00e1ln\u00ed p\u0159\u00edstupy k&nbsp;tvorb\u011b a reflexi sou\u010dasnosti. Csaba F\u00fcrjesi o\u010dima Miroslava Zelinsk\u00e9ho Otev\u00edr\u00e1me celoro\u010dn\u00ed cyklus Protimluvu, ve kter\u00e9m nav\u0161t\u00edv\u00edme v\u017edy jednoho v\u00fdtvarn\u00edka visegr\u00e1dsk\u00e9ho regionu, projdeme se jeho ateli\u00e9rem a nahl\u00e9dneme aktu\u00e1ln\u00ed&hellip;&nbsp;<a href=\"https:\/\/www.lucernatv.cz\/index.php\/2021\/02\/12\/visegradske-ateliery-1-csaba-furjesi\/\" class=\"\" rel=\"bookmark\">\u010c\u00edst d\u00e1le &raquo;<span class=\"screen-reader-text\">Visegr\u00e1dsk\u00e9 ateli\u00e9ry 1 \u2013 Csaba F\u00fcrjesi<\/span><\/a><\/p>\n","protected":false},"author":1,"featured_media":2657,"comment_status":"closed","ping_status":"open","sticky":false,"template":"","format":"gallery","meta":{"inline_featured_image":false,"_uag_custom_page_level_css":"","neve_meta_sidebar":"","neve_meta_container":"","neve_meta_enable_content_width":"","neve_meta_content_width":0,"neve_meta_title_alignment":"","neve_meta_author_avatar":"","neve_post_elements_order":"","neve_meta_disable_header":"","neve_meta_disable_footer":"","neve_meta_disable_title":"","_vp_format_video_url":"","_vp_image_focal_point":[]},"categories":[3,12],"tags":[26,63],"yoast_head":"<!-- This site is optimized with the Yoast SEO plugin v20.12 - https:\/\/yoast.com\/wordpress\/plugins\/seo\/ -->\n<title>Visegr\u00e1dsk\u00e9 ateli\u00e9ry 1 \u2013 Csaba F\u00fcrjesi - lucernatv.cz<\/title>\n<meta name=\"robots\" content=\"index, follow, max-snippet:-1, max-image-preview:large, max-video-preview:-1\" \/>\n<link rel=\"canonical\" href=\"https:\/\/www.lucernatv.cz\/index.php\/2021\/02\/12\/visegradske-ateliery-1-csaba-furjesi\/\" \/>\n<meta property=\"og:locale\" content=\"cs_CZ\" \/>\n<meta property=\"og:type\" content=\"article\" \/>\n<meta property=\"og:title\" content=\"Visegr\u00e1dsk\u00e9 ateli\u00e9ry 1 \u2013 Csaba F\u00fcrjesi - lucernatv.cz\" \/>\n<meta property=\"og:description\" content=\"Prvn\u00ed d\u00edl cyklu, kter\u00fd p\u0159ipravujeme ve spolupr\u00e1ci s revue Protimluv. V ka\u017ed\u00e9m d\u00edlu nav\u0161t\u00edv\u00edme v\u017edy jednoho v\u00fdtvarn\u00edka visegr\u00e1dsk\u00e9ho regionu, projdeme se jeho ateli\u00e9rem a nahl\u00e9dneme aktu\u00e1ln\u00ed p\u0159\u00edstupy k&nbsp;tvorb\u011b a reflexi sou\u010dasnosti. Csaba F\u00fcrjesi o\u010dima Miroslava Zelinsk\u00e9ho Otev\u00edr\u00e1me celoro\u010dn\u00ed cyklus Protimluvu, ve kter\u00e9m nav\u0161t\u00edv\u00edme v\u017edy jednoho v\u00fdtvarn\u00edka visegr\u00e1dsk\u00e9ho regionu, projdeme se jeho ateli\u00e9rem a nahl\u00e9dneme aktu\u00e1ln\u00ed&hellip;&nbsp;\u010c\u00edst d\u00e1le &raquo;Visegr\u00e1dsk\u00e9 ateli\u00e9ry 1 \u2013 Csaba F\u00fcrjesi\" \/>\n<meta property=\"og:url\" content=\"https:\/\/www.lucernatv.cz\/index.php\/2021\/02\/12\/visegradske-ateliery-1-csaba-furjesi\/\" \/>\n<meta property=\"og:site_name\" content=\"lucernatv.cz\" \/>\n<meta property=\"article:publisher\" content=\"https:\/\/www.facebook.com\/avtopava\" \/>\n<meta property=\"article:published_time\" content=\"2021-02-12T21:44:12+00:00\" \/>\n<meta property=\"article:modified_time\" content=\"2021-02-21T21:46:20+00:00\" \/>\n<meta property=\"og:image\" content=\"https:\/\/www.lucernatv.cz\/wp-content\/uploads\/2021\/02\/csaba-furjesi-graphics-futurum-exactum-oil-on-vintage-maps.jpg\" \/>\n\t<meta property=\"og:image:width\" content=\"800\" \/>\n\t<meta property=\"og:image:height\" content=\"567\" \/>\n\t<meta property=\"og:image:type\" content=\"image\/jpeg\" \/>\n<meta name=\"author\" content=\"lucernatvc\" \/>\n<meta name=\"twitter:card\" content=\"summary_large_image\" \/>\n<meta name=\"twitter:label1\" content=\"Napsal(a)\" \/>\n\t<meta name=\"twitter:data1\" content=\"lucernatvc\" \/>\n\t<meta name=\"twitter:label2\" content=\"Odhadovan\u00e1 doba \u010dten\u00ed\" \/>\n\t<meta name=\"twitter:data2\" content=\"6 minut\" \/>\n<script type=\"application\/ld+json\" class=\"yoast-schema-graph\">{\"@context\":\"https:\/\/schema.org\",\"@graph\":[{\"@type\":\"Article\",\"@id\":\"https:\/\/www.lucernatv.cz\/index.php\/2021\/02\/12\/visegradske-ateliery-1-csaba-furjesi\/#article\",\"isPartOf\":{\"@id\":\"https:\/\/www.lucernatv.cz\/index.php\/2021\/02\/12\/visegradske-ateliery-1-csaba-furjesi\/\"},\"author\":{\"name\":\"lucernatvc\",\"@id\":\"https:\/\/www.lucernatv.cz\/#\/schema\/person\/fdc6b3778fe63c82ba7479978ad159ad\"},\"headline\":\"Visegr\u00e1dsk\u00e9 ateli\u00e9ry 1 \u2013 Csaba F\u00fcrjesi\",\"datePublished\":\"2021-02-12T21:44:12+00:00\",\"dateModified\":\"2021-02-21T21:46:20+00:00\",\"mainEntityOfPage\":{\"@id\":\"https:\/\/www.lucernatv.cz\/index.php\/2021\/02\/12\/visegradske-ateliery-1-csaba-furjesi\/\"},\"wordCount\":1249,\"publisher\":{\"@id\":\"https:\/\/www.lucernatv.cz\/#organization\"},\"keywords\":[\"galerie\",\"Visegr\u00e1dsk\u00e9 ateli\u00e9ry\"],\"articleSection\":[\"Kultura\",\"v\u00fdtvarn\u00e9 um\u011bn\u00ed, architektura a ve\u0159ejn\u00fd prostor\"],\"inLanguage\":\"cs\"},{\"@type\":\"WebPage\",\"@id\":\"https:\/\/www.lucernatv.cz\/index.php\/2021\/02\/12\/visegradske-ateliery-1-csaba-furjesi\/\",\"url\":\"https:\/\/www.lucernatv.cz\/index.php\/2021\/02\/12\/visegradske-ateliery-1-csaba-furjesi\/\",\"name\":\"Visegr\u00e1dsk\u00e9 ateli\u00e9ry 1 \u2013 Csaba F\u00fcrjesi - lucernatv.cz\",\"isPartOf\":{\"@id\":\"https:\/\/www.lucernatv.cz\/#website\"},\"datePublished\":\"2021-02-12T21:44:12+00:00\",\"dateModified\":\"2021-02-21T21:46:20+00:00\",\"breadcrumb\":{\"@id\":\"https:\/\/www.lucernatv.cz\/index.php\/2021\/02\/12\/visegradske-ateliery-1-csaba-furjesi\/#breadcrumb\"},\"inLanguage\":\"cs\",\"potentialAction\":[{\"@type\":\"ReadAction\",\"target\":[\"https:\/\/www.lucernatv.cz\/index.php\/2021\/02\/12\/visegradske-ateliery-1-csaba-furjesi\/\"]}]},{\"@type\":\"BreadcrumbList\",\"@id\":\"https:\/\/www.lucernatv.cz\/index.php\/2021\/02\/12\/visegradske-ateliery-1-csaba-furjesi\/#breadcrumb\",\"itemListElement\":[{\"@type\":\"ListItem\",\"position\":1,\"name\":\"Dom\u016f\",\"item\":\"https:\/\/www.lucernatv.cz\/\"},{\"@type\":\"ListItem\",\"position\":2,\"name\":\"Visegr\u00e1dsk\u00e9 ateli\u00e9ry 1 \u2013 Csaba F\u00fcrjesi\"}]},{\"@type\":\"WebSite\",\"@id\":\"https:\/\/www.lucernatv.cz\/#website\",\"url\":\"https:\/\/www.lucernatv.cz\/\",\"name\":\"lucernatv.cz\",\"description\":\"Vzd\u011bl\u00e1vac\u00ed televize\",\"publisher\":{\"@id\":\"https:\/\/www.lucernatv.cz\/#organization\"},\"alternateName\":\"Lucerna TV\",\"potentialAction\":[{\"@type\":\"SearchAction\",\"target\":{\"@type\":\"EntryPoint\",\"urlTemplate\":\"https:\/\/www.lucernatv.cz\/?s={search_term_string}\"},\"query-input\":\"required name=search_term_string\"}],\"inLanguage\":\"cs\"},{\"@type\":\"Organization\",\"@id\":\"https:\/\/www.lucernatv.cz\/#organization\",\"name\":\"Lucerna TV\",\"url\":\"https:\/\/www.lucernatv.cz\/\",\"logo\":{\"@type\":\"ImageObject\",\"inLanguage\":\"cs\",\"@id\":\"https:\/\/www.lucernatv.cz\/#\/schema\/logo\/image\/\",\"url\":\"https:\/\/www.lucernatv.cz\/wp-content\/uploads\/2021\/02\/logo.svg\",\"contentUrl\":\"https:\/\/www.lucernatv.cz\/wp-content\/uploads\/2021\/02\/logo.svg\",\"width\":128,\"height\":41,\"caption\":\"Lucerna TV\"},\"image\":{\"@id\":\"https:\/\/www.lucernatv.cz\/#\/schema\/logo\/image\/\"},\"sameAs\":[\"https:\/\/www.facebook.com\/avtopava\",\"https:\/\/www.youtube.com\/channel\/UCtP8PPWG9JatWSMsKMOvdDg\"]},{\"@type\":\"Person\",\"@id\":\"https:\/\/www.lucernatv.cz\/#\/schema\/person\/fdc6b3778fe63c82ba7479978ad159ad\",\"name\":\"lucernatvc\",\"image\":{\"@type\":\"ImageObject\",\"inLanguage\":\"cs\",\"@id\":\"https:\/\/www.lucernatv.cz\/#\/schema\/person\/image\/\",\"url\":\"https:\/\/secure.gravatar.com\/avatar\/5b7905a95103f5227c1afd8b2a10f058?s=96&d=mm&r=g\",\"contentUrl\":\"https:\/\/secure.gravatar.com\/avatar\/5b7905a95103f5227c1afd8b2a10f058?s=96&d=mm&r=g\",\"caption\":\"lucernatvc\"},\"url\":\"https:\/\/www.lucernatv.cz\/index.php\/author\/lucernatvc\/\"}]}<\/script>\n<!-- \/ Yoast SEO plugin. -->","yoast_head_json":{"title":"Visegr\u00e1dsk\u00e9 ateli\u00e9ry 1 \u2013 Csaba F\u00fcrjesi - lucernatv.cz","robots":{"index":"index","follow":"follow","max-snippet":"max-snippet:-1","max-image-preview":"max-image-preview:large","max-video-preview":"max-video-preview:-1"},"canonical":"https:\/\/www.lucernatv.cz\/index.php\/2021\/02\/12\/visegradske-ateliery-1-csaba-furjesi\/","og_locale":"cs_CZ","og_type":"article","og_title":"Visegr\u00e1dsk\u00e9 ateli\u00e9ry 1 \u2013 Csaba F\u00fcrjesi - lucernatv.cz","og_description":"Prvn\u00ed d\u00edl cyklu, kter\u00fd p\u0159ipravujeme ve spolupr\u00e1ci s revue Protimluv. V ka\u017ed\u00e9m d\u00edlu nav\u0161t\u00edv\u00edme v\u017edy jednoho v\u00fdtvarn\u00edka visegr\u00e1dsk\u00e9ho regionu, projdeme se jeho ateli\u00e9rem a nahl\u00e9dneme aktu\u00e1ln\u00ed p\u0159\u00edstupy k&nbsp;tvorb\u011b a reflexi sou\u010dasnosti. Csaba F\u00fcrjesi o\u010dima Miroslava Zelinsk\u00e9ho Otev\u00edr\u00e1me celoro\u010dn\u00ed cyklus Protimluvu, ve kter\u00e9m nav\u0161t\u00edv\u00edme v\u017edy jednoho v\u00fdtvarn\u00edka visegr\u00e1dsk\u00e9ho regionu, projdeme se jeho ateli\u00e9rem a nahl\u00e9dneme aktu\u00e1ln\u00ed&hellip;&nbsp;\u010c\u00edst d\u00e1le &raquo;Visegr\u00e1dsk\u00e9 ateli\u00e9ry 1 \u2013 Csaba F\u00fcrjesi","og_url":"https:\/\/www.lucernatv.cz\/index.php\/2021\/02\/12\/visegradske-ateliery-1-csaba-furjesi\/","og_site_name":"lucernatv.cz","article_publisher":"https:\/\/www.facebook.com\/avtopava","article_published_time":"2021-02-12T21:44:12+00:00","article_modified_time":"2021-02-21T21:46:20+00:00","og_image":[{"width":800,"height":567,"url":"https:\/\/www.lucernatv.cz\/wp-content\/uploads\/2021\/02\/csaba-furjesi-graphics-futurum-exactum-oil-on-vintage-maps.jpg","type":"image\/jpeg"}],"author":"lucernatvc","twitter_card":"summary_large_image","twitter_misc":{"Napsal(a)":"lucernatvc","Odhadovan\u00e1 doba \u010dten\u00ed":"6 minut"},"schema":{"@context":"https:\/\/schema.org","@graph":[{"@type":"Article","@id":"https:\/\/www.lucernatv.cz\/index.php\/2021\/02\/12\/visegradske-ateliery-1-csaba-furjesi\/#article","isPartOf":{"@id":"https:\/\/www.lucernatv.cz\/index.php\/2021\/02\/12\/visegradske-ateliery-1-csaba-furjesi\/"},"author":{"name":"lucernatvc","@id":"https:\/\/www.lucernatv.cz\/#\/schema\/person\/fdc6b3778fe63c82ba7479978ad159ad"},"headline":"Visegr\u00e1dsk\u00e9 ateli\u00e9ry 1 \u2013 Csaba F\u00fcrjesi","datePublished":"2021-02-12T21:44:12+00:00","dateModified":"2021-02-21T21:46:20+00:00","mainEntityOfPage":{"@id":"https:\/\/www.lucernatv.cz\/index.php\/2021\/02\/12\/visegradske-ateliery-1-csaba-furjesi\/"},"wordCount":1249,"publisher":{"@id":"https:\/\/www.lucernatv.cz\/#organization"},"keywords":["galerie","Visegr\u00e1dsk\u00e9 ateli\u00e9ry"],"articleSection":["Kultura","v\u00fdtvarn\u00e9 um\u011bn\u00ed, architektura a ve\u0159ejn\u00fd prostor"],"inLanguage":"cs"},{"@type":"WebPage","@id":"https:\/\/www.lucernatv.cz\/index.php\/2021\/02\/12\/visegradske-ateliery-1-csaba-furjesi\/","url":"https:\/\/www.lucernatv.cz\/index.php\/2021\/02\/12\/visegradske-ateliery-1-csaba-furjesi\/","name":"Visegr\u00e1dsk\u00e9 ateli\u00e9ry 1 \u2013 Csaba F\u00fcrjesi - lucernatv.cz","isPartOf":{"@id":"https:\/\/www.lucernatv.cz\/#website"},"datePublished":"2021-02-12T21:44:12+00:00","dateModified":"2021-02-21T21:46:20+00:00","breadcrumb":{"@id":"https:\/\/www.lucernatv.cz\/index.php\/2021\/02\/12\/visegradske-ateliery-1-csaba-furjesi\/#breadcrumb"},"inLanguage":"cs","potentialAction":[{"@type":"ReadAction","target":["https:\/\/www.lucernatv.cz\/index.php\/2021\/02\/12\/visegradske-ateliery-1-csaba-furjesi\/"]}]},{"@type":"BreadcrumbList","@id":"https:\/\/www.lucernatv.cz\/index.php\/2021\/02\/12\/visegradske-ateliery-1-csaba-furjesi\/#breadcrumb","itemListElement":[{"@type":"ListItem","position":1,"name":"Dom\u016f","item":"https:\/\/www.lucernatv.cz\/"},{"@type":"ListItem","position":2,"name":"Visegr\u00e1dsk\u00e9 ateli\u00e9ry 1 \u2013 Csaba F\u00fcrjesi"}]},{"@type":"WebSite","@id":"https:\/\/www.lucernatv.cz\/#website","url":"https:\/\/www.lucernatv.cz\/","name":"lucernatv.cz","description":"Vzd\u011bl\u00e1vac\u00ed televize","publisher":{"@id":"https:\/\/www.lucernatv.cz\/#organization"},"alternateName":"Lucerna TV","potentialAction":[{"@type":"SearchAction","target":{"@type":"EntryPoint","urlTemplate":"https:\/\/www.lucernatv.cz\/?s={search_term_string}"},"query-input":"required name=search_term_string"}],"inLanguage":"cs"},{"@type":"Organization","@id":"https:\/\/www.lucernatv.cz\/#organization","name":"Lucerna TV","url":"https:\/\/www.lucernatv.cz\/","logo":{"@type":"ImageObject","inLanguage":"cs","@id":"https:\/\/www.lucernatv.cz\/#\/schema\/logo\/image\/","url":"https:\/\/www.lucernatv.cz\/wp-content\/uploads\/2021\/02\/logo.svg","contentUrl":"https:\/\/www.lucernatv.cz\/wp-content\/uploads\/2021\/02\/logo.svg","width":128,"height":41,"caption":"Lucerna TV"},"image":{"@id":"https:\/\/www.lucernatv.cz\/#\/schema\/logo\/image\/"},"sameAs":["https:\/\/www.facebook.com\/avtopava","https:\/\/www.youtube.com\/channel\/UCtP8PPWG9JatWSMsKMOvdDg"]},{"@type":"Person","@id":"https:\/\/www.lucernatv.cz\/#\/schema\/person\/fdc6b3778fe63c82ba7479978ad159ad","name":"lucernatvc","image":{"@type":"ImageObject","inLanguage":"cs","@id":"https:\/\/www.lucernatv.cz\/#\/schema\/person\/image\/","url":"https:\/\/secure.gravatar.com\/avatar\/5b7905a95103f5227c1afd8b2a10f058?s=96&d=mm&r=g","contentUrl":"https:\/\/secure.gravatar.com\/avatar\/5b7905a95103f5227c1afd8b2a10f058?s=96&d=mm&r=g","caption":"lucernatvc"},"url":"https:\/\/www.lucernatv.cz\/index.php\/author\/lucernatvc\/"}]}},"uagb_featured_image_src":{"full":["https:\/\/www.lucernatv.cz\/wp-content\/uploads\/2021\/02\/csaba-furjesi-graphics-futurum-exactum-oil-on-vintage-maps.jpg",800,567,false],"thumbnail":["https:\/\/www.lucernatv.cz\/wp-content\/uploads\/2021\/02\/csaba-furjesi-graphics-futurum-exactum-oil-on-vintage-maps-150x150.jpg",150,150,true],"medium":["https:\/\/www.lucernatv.cz\/wp-content\/uploads\/2021\/02\/csaba-furjesi-graphics-futurum-exactum-oil-on-vintage-maps-254x180.jpg",254,180,true],"medium_large":["https:\/\/www.lucernatv.cz\/wp-content\/uploads\/2021\/02\/csaba-furjesi-graphics-futurum-exactum-oil-on-vintage-maps-768x544.jpg",768,544,true],"large":["https:\/\/www.lucernatv.cz\/wp-content\/uploads\/2021\/02\/csaba-furjesi-graphics-futurum-exactum-oil-on-vintage-maps.jpg",800,567,false],"1536x1536":["https:\/\/www.lucernatv.cz\/wp-content\/uploads\/2021\/02\/csaba-furjesi-graphics-futurum-exactum-oil-on-vintage-maps.jpg",800,567,false],"2048x2048":["https:\/\/www.lucernatv.cz\/wp-content\/uploads\/2021\/02\/csaba-furjesi-graphics-futurum-exactum-oil-on-vintage-maps.jpg",800,567,false],"ultp_layout_landscape_large":["https:\/\/www.lucernatv.cz\/wp-content\/uploads\/2021\/02\/csaba-furjesi-graphics-futurum-exactum-oil-on-vintage-maps.jpg",800,567,false],"ultp_layout_landscape":["https:\/\/www.lucernatv.cz\/wp-content\/uploads\/2021\/02\/csaba-furjesi-graphics-futurum-exactum-oil-on-vintage-maps.jpg",800,567,false],"ultp_layout_portrait":["https:\/\/www.lucernatv.cz\/wp-content\/uploads\/2021\/02\/csaba-furjesi-graphics-futurum-exactum-oil-on-vintage-maps-600x567.jpg",600,567,true],"ultp_layout_square":["https:\/\/www.lucernatv.cz\/wp-content\/uploads\/2021\/02\/csaba-furjesi-graphics-futurum-exactum-oil-on-vintage-maps-600x567.jpg",600,567,true],"vp_sm":["https:\/\/www.lucernatv.cz\/wp-content\/uploads\/2021\/02\/csaba-furjesi-graphics-futurum-exactum-oil-on-vintage-maps-500x354.jpg",500,354,true],"vp_md":["https:\/\/www.lucernatv.cz\/wp-content\/uploads\/2021\/02\/csaba-furjesi-graphics-futurum-exactum-oil-on-vintage-maps.jpg",800,567,false],"vp_lg":["https:\/\/www.lucernatv.cz\/wp-content\/uploads\/2021\/02\/csaba-furjesi-graphics-futurum-exactum-oil-on-vintage-maps.jpg",800,567,false],"vp_xl":["https:\/\/www.lucernatv.cz\/wp-content\/uploads\/2021\/02\/csaba-furjesi-graphics-futurum-exactum-oil-on-vintage-maps.jpg",800,567,false],"vp_sm_popup":["https:\/\/www.lucernatv.cz\/wp-content\/uploads\/2021\/02\/csaba-furjesi-graphics-futurum-exactum-oil-on-vintage-maps-500x354.jpg",500,354,true],"vp_md_popup":["https:\/\/www.lucernatv.cz\/wp-content\/uploads\/2021\/02\/csaba-furjesi-graphics-futurum-exactum-oil-on-vintage-maps.jpg",800,567,false],"vp_xl_popup":["https:\/\/www.lucernatv.cz\/wp-content\/uploads\/2021\/02\/csaba-furjesi-graphics-futurum-exactum-oil-on-vintage-maps.jpg",800,567,false],"neve-blog":["https:\/\/www.lucernatv.cz\/wp-content\/uploads\/2021\/02\/csaba-furjesi-graphics-futurum-exactum-oil-on-vintage-maps.jpg",800,567,false]},"uagb_author_info":{"display_name":"lucernatvc","author_link":"https:\/\/www.lucernatv.cz\/index.php\/author\/lucernatvc\/"},"uagb_comment_info":0,"uagb_excerpt":"Prvn\u00ed d\u00edl cyklu, kter\u00fd p\u0159ipravujeme ve spolupr\u00e1ci s revue Protimluv. V ka\u017ed\u00e9m d\u00edlu nav\u0161t\u00edv\u00edme v\u017edy jednoho v\u00fdtvarn\u00edka visegr\u00e1dsk\u00e9ho regionu, projdeme se jeho ateli\u00e9rem a nahl\u00e9dneme aktu\u00e1ln\u00ed p\u0159\u00edstupy k&nbsp;tvorb\u011b a reflexi sou\u010dasnosti. Csaba F\u00fcrjesi o\u010dima Miroslava Zelinsk\u00e9ho Otev\u00edr\u00e1me celoro\u010dn\u00ed cyklus Protimluvu, ve kter\u00e9m nav\u0161t\u00edv\u00edme v\u017edy jednoho v\u00fdtvarn\u00edka visegr\u00e1dsk\u00e9ho regionu, projdeme se jeho ateli\u00e9rem a nahl\u00e9dneme aktu\u00e1ln\u00ed&hellip;&nbsp;\u010c\u00edst&hellip;","_links":{"self":[{"href":"https:\/\/www.lucernatv.cz\/index.php\/wp-json\/wp\/v2\/posts\/2653"}],"collection":[{"href":"https:\/\/www.lucernatv.cz\/index.php\/wp-json\/wp\/v2\/posts"}],"about":[{"href":"https:\/\/www.lucernatv.cz\/index.php\/wp-json\/wp\/v2\/types\/post"}],"author":[{"embeddable":true,"href":"https:\/\/www.lucernatv.cz\/index.php\/wp-json\/wp\/v2\/users\/1"}],"replies":[{"embeddable":true,"href":"https:\/\/www.lucernatv.cz\/index.php\/wp-json\/wp\/v2\/comments?post=2653"}],"version-history":[{"count":2,"href":"https:\/\/www.lucernatv.cz\/index.php\/wp-json\/wp\/v2\/posts\/2653\/revisions"}],"predecessor-version":[{"id":2667,"href":"https:\/\/www.lucernatv.cz\/index.php\/wp-json\/wp\/v2\/posts\/2653\/revisions\/2667"}],"wp:featuredmedia":[{"embeddable":true,"href":"https:\/\/www.lucernatv.cz\/index.php\/wp-json\/wp\/v2\/media\/2657"}],"wp:attachment":[{"href":"https:\/\/www.lucernatv.cz\/index.php\/wp-json\/wp\/v2\/media?parent=2653"}],"wp:term":[{"taxonomy":"category","embeddable":true,"href":"https:\/\/www.lucernatv.cz\/index.php\/wp-json\/wp\/v2\/categories?post=2653"},{"taxonomy":"post_tag","embeddable":true,"href":"https:\/\/www.lucernatv.cz\/index.php\/wp-json\/wp\/v2\/tags?post=2653"}],"curies":[{"name":"wp","href":"https:\/\/api.w.org\/{rel}","templated":true}]}}