{"id":1532,"date":"2021-02-13T10:12:09","date_gmt":"2021-02-13T10:12:09","guid":{"rendered":"https:\/\/www.lucernatv.cz\/?p=1532"},"modified":"2021-02-18T15:23:59","modified_gmt":"2021-02-18T15:23:59","slug":"databaze-umeleckych-del-v-architekture-a-verejnem-prostoru-mesta-ostravy","status":"publish","type":"post","link":"https:\/\/www.lucernatv.cz\/index.php\/2021\/02\/13\/databaze-umeleckych-del-v-architekture-a-verejnem-prostoru-mesta-ostravy\/","title":{"rendered":"Datab\u00e1ze um\u011bleck\u00fdch d\u011bl v architektu\u0159e a ve\u0159ejn\u00e9m prostoru m\u011bsta Ostravy"},"content":{"rendered":"\n<p>Datab\u00e1ze mapuje existuj\u00edc\u00ed i zanikl\u00e1 d\u00edla. Zaznamen\u00e1v\u00e1 sochy, reli\u00e9fy, font\u00e1ny, um\u011blecky ztv\u00e1rn\u011bn\u00e9 pam\u00e1tn\u00edky a pam\u011btn\u00ed desky, mozaiky, sgrafita, vitr\u00e1\u017ee, dekorativn\u00ed st\u011bny ad. v exteri\u00e9rech i interi\u00e9rech. Dopln\u011bna je bohatou obrazovou p\u0159\u00edlohou i mapou.<\/p>\n\n\n\n<div class=\"wp-block-buttons is-layout-flex\">\n<div class=\"wp-block-button\"><a class=\"wp-block-button__link\" href=\"http:\/\/ostravskesochy.cz\/\" target=\"_blank\" rel=\"noreferrer noopener\">ostravskesochy.cz<\/a><\/div>\n<\/div>\n","protected":false},"excerpt":{"rendered":"<p>Datab\u00e1ze mapuje existuj\u00edc\u00ed i zanikl\u00e1 d\u00edla. Zaznamen\u00e1v\u00e1 sochy, reli\u00e9fy, font\u00e1ny, um\u011blecky ztv\u00e1rn\u011bn\u00e9 pam\u00e1tn\u00edky a pam\u011btn\u00ed desky, mozaiky, sgrafita, vitr\u00e1\u017ee, dekorativn\u00ed st\u011bny ad. v exteri\u00e9rech i interi\u00e9rech. Dopln\u011bna je bohatou obrazovou p\u0159\u00edlohou i mapou.<\/p>\n","protected":false},"author":1,"featured_media":1533,"comment_status":"closed","ping_status":"open","sticky":false,"template":"","format":"standard","meta":{"inline_featured_image":false,"_uag_custom_page_level_css":"","neve_meta_sidebar":"","neve_meta_container":"","neve_meta_enable_content_width":"","neve_meta_content_width":0,"neve_meta_title_alignment":"","neve_meta_author_avatar":"","neve_post_elements_order":"","neve_meta_disable_header":"","neve_meta_disable_footer":"","neve_meta_disable_title":"","_vp_format_video_url":"","_vp_image_focal_point":[]},"categories":[13],"tags":[],"yoast_head":"<!-- This site is optimized with the Yoast SEO plugin v20.12 - https:\/\/yoast.com\/wordpress\/plugins\/seo\/ -->\n<title>Datab\u00e1ze um\u011bleck\u00fdch d\u011bl v architektu\u0159e a ve\u0159ejn\u00e9m prostoru m\u011bsta Ostravy - lucernatv.cz<\/title>\n<meta name=\"robots\" content=\"index, follow, max-snippet:-1, max-image-preview:large, max-video-preview:-1\" \/>\n<link rel=\"canonical\" href=\"https:\/\/www.lucernatv.cz\/index.php\/2021\/02\/13\/databaze-umeleckych-del-v-architekture-a-verejnem-prostoru-mesta-ostravy\/\" \/>\n<meta property=\"og:locale\" content=\"cs_CZ\" \/>\n<meta property=\"og:type\" content=\"article\" \/>\n<meta property=\"og:title\" content=\"Datab\u00e1ze um\u011bleck\u00fdch d\u011bl v architektu\u0159e a ve\u0159ejn\u00e9m prostoru m\u011bsta Ostravy - lucernatv.cz\" \/>\n<meta property=\"og:description\" content=\"Datab\u00e1ze mapuje existuj\u00edc\u00ed i zanikl\u00e1 d\u00edla. Zaznamen\u00e1v\u00e1 sochy, reli\u00e9fy, font\u00e1ny, um\u011blecky ztv\u00e1rn\u011bn\u00e9 pam\u00e1tn\u00edky a pam\u011btn\u00ed desky, mozaiky, sgrafita, vitr\u00e1\u017ee, dekorativn\u00ed st\u011bny ad. v exteri\u00e9rech i interi\u00e9rech. Dopln\u011bna je bohatou obrazovou p\u0159\u00edlohou i mapou.\" \/>\n<meta property=\"og:url\" content=\"https:\/\/www.lucernatv.cz\/index.php\/2021\/02\/13\/databaze-umeleckych-del-v-architekture-a-verejnem-prostoru-mesta-ostravy\/\" \/>\n<meta property=\"og:site_name\" content=\"lucernatv.cz\" \/>\n<meta property=\"article:publisher\" content=\"https:\/\/www.facebook.com\/avtopava\" \/>\n<meta property=\"article:published_time\" content=\"2021-02-13T10:12:09+00:00\" \/>\n<meta property=\"article:modified_time\" content=\"2021-02-18T15:23:59+00:00\" \/>\n<meta property=\"og:image\" content=\"https:\/\/www.lucernatv.cz\/wp-content\/uploads\/2021\/02\/Sni\u0301mek-obrazovky-2021-02-13-v-11.05.24.jpeg\" \/>\n\t<meta property=\"og:image:width\" content=\"1920\" \/>\n\t<meta property=\"og:image:height\" content=\"889\" \/>\n\t<meta property=\"og:image:type\" content=\"image\/jpeg\" \/>\n<meta name=\"author\" content=\"lucernatvc\" \/>\n<meta name=\"twitter:card\" content=\"summary_large_image\" \/>\n<meta name=\"twitter:label1\" content=\"Napsal(a)\" \/>\n\t<meta name=\"twitter:data1\" content=\"lucernatvc\" \/>\n<script type=\"application\/ld+json\" class=\"yoast-schema-graph\">{\"@context\":\"https:\/\/schema.org\",\"@graph\":[{\"@type\":\"Article\",\"@id\":\"https:\/\/www.lucernatv.cz\/index.php\/2021\/02\/13\/databaze-umeleckych-del-v-architekture-a-verejnem-prostoru-mesta-ostravy\/#article\",\"isPartOf\":{\"@id\":\"https:\/\/www.lucernatv.cz\/index.php\/2021\/02\/13\/databaze-umeleckych-del-v-architekture-a-verejnem-prostoru-mesta-ostravy\/\"},\"author\":{\"name\":\"lucernatvc\",\"@id\":\"https:\/\/www.lucernatv.cz\/#\/schema\/person\/fdc6b3778fe63c82ba7479978ad159ad\"},\"headline\":\"Datab\u00e1ze um\u011bleck\u00fdch d\u011bl v architektu\u0159e a ve\u0159ejn\u00e9m prostoru m\u011bsta Ostravy\",\"datePublished\":\"2021-02-13T10:12:09+00:00\",\"dateModified\":\"2021-02-18T15:23:59+00:00\",\"mainEntityOfPage\":{\"@id\":\"https:\/\/www.lucernatv.cz\/index.php\/2021\/02\/13\/databaze-umeleckych-del-v-architekture-a-verejnem-prostoru-mesta-ostravy\/\"},\"wordCount\":71,\"publisher\":{\"@id\":\"https:\/\/www.lucernatv.cz\/#organization\"},\"articleSection\":[\"lucerna.tv tipy\"],\"inLanguage\":\"cs\"},{\"@type\":\"WebPage\",\"@id\":\"https:\/\/www.lucernatv.cz\/index.php\/2021\/02\/13\/databaze-umeleckych-del-v-architekture-a-verejnem-prostoru-mesta-ostravy\/\",\"url\":\"https:\/\/www.lucernatv.cz\/index.php\/2021\/02\/13\/databaze-umeleckych-del-v-architekture-a-verejnem-prostoru-mesta-ostravy\/\",\"name\":\"Datab\u00e1ze um\u011bleck\u00fdch d\u011bl v architektu\u0159e a ve\u0159ejn\u00e9m prostoru m\u011bsta Ostravy - lucernatv.cz\",\"isPartOf\":{\"@id\":\"https:\/\/www.lucernatv.cz\/#website\"},\"datePublished\":\"2021-02-13T10:12:09+00:00\",\"dateModified\":\"2021-02-18T15:23:59+00:00\",\"breadcrumb\":{\"@id\":\"https:\/\/www.lucernatv.cz\/index.php\/2021\/02\/13\/databaze-umeleckych-del-v-architekture-a-verejnem-prostoru-mesta-ostravy\/#breadcrumb\"},\"inLanguage\":\"cs\",\"potentialAction\":[{\"@type\":\"ReadAction\",\"target\":[\"https:\/\/www.lucernatv.cz\/index.php\/2021\/02\/13\/databaze-umeleckych-del-v-architekture-a-verejnem-prostoru-mesta-ostravy\/\"]}]},{\"@type\":\"BreadcrumbList\",\"@id\":\"https:\/\/www.lucernatv.cz\/index.php\/2021\/02\/13\/databaze-umeleckych-del-v-architekture-a-verejnem-prostoru-mesta-ostravy\/#breadcrumb\",\"itemListElement\":[{\"@type\":\"ListItem\",\"position\":1,\"name\":\"Dom\u016f\",\"item\":\"https:\/\/www.lucernatv.cz\/\"},{\"@type\":\"ListItem\",\"position\":2,\"name\":\"Datab\u00e1ze um\u011bleck\u00fdch d\u011bl v architektu\u0159e a ve\u0159ejn\u00e9m prostoru m\u011bsta Ostravy\"}]},{\"@type\":\"WebSite\",\"@id\":\"https:\/\/www.lucernatv.cz\/#website\",\"url\":\"https:\/\/www.lucernatv.cz\/\",\"name\":\"lucernatv.cz\",\"description\":\"Vzd\u011bl\u00e1vac\u00ed televize\",\"publisher\":{\"@id\":\"https:\/\/www.lucernatv.cz\/#organization\"},\"alternateName\":\"Lucerna TV\",\"potentialAction\":[{\"@type\":\"SearchAction\",\"target\":{\"@type\":\"EntryPoint\",\"urlTemplate\":\"https:\/\/www.lucernatv.cz\/?s={search_term_string}\"},\"query-input\":\"required name=search_term_string\"}],\"inLanguage\":\"cs\"},{\"@type\":\"Organization\",\"@id\":\"https:\/\/www.lucernatv.cz\/#organization\",\"name\":\"Lucerna TV\",\"url\":\"https:\/\/www.lucernatv.cz\/\",\"logo\":{\"@type\":\"ImageObject\",\"inLanguage\":\"cs\",\"@id\":\"https:\/\/www.lucernatv.cz\/#\/schema\/logo\/image\/\",\"url\":\"https:\/\/www.lucernatv.cz\/wp-content\/uploads\/2021\/02\/logo.svg\",\"contentUrl\":\"https:\/\/www.lucernatv.cz\/wp-content\/uploads\/2021\/02\/logo.svg\",\"width\":128,\"height\":41,\"caption\":\"Lucerna TV\"},\"image\":{\"@id\":\"https:\/\/www.lucernatv.cz\/#\/schema\/logo\/image\/\"},\"sameAs\":[\"https:\/\/www.facebook.com\/avtopava\",\"https:\/\/www.youtube.com\/channel\/UCtP8PPWG9JatWSMsKMOvdDg\"]},{\"@type\":\"Person\",\"@id\":\"https:\/\/www.lucernatv.cz\/#\/schema\/person\/fdc6b3778fe63c82ba7479978ad159ad\",\"name\":\"lucernatvc\",\"image\":{\"@type\":\"ImageObject\",\"inLanguage\":\"cs\",\"@id\":\"https:\/\/www.lucernatv.cz\/#\/schema\/person\/image\/\",\"url\":\"https:\/\/secure.gravatar.com\/avatar\/5b7905a95103f5227c1afd8b2a10f058?s=96&d=mm&r=g\",\"contentUrl\":\"https:\/\/secure.gravatar.com\/avatar\/5b7905a95103f5227c1afd8b2a10f058?s=96&d=mm&r=g\",\"caption\":\"lucernatvc\"},\"url\":\"https:\/\/www.lucernatv.cz\/index.php\/author\/lucernatvc\/\"}]}<\/script>\n<!-- \/ Yoast SEO plugin. -->","yoast_head_json":{"title":"Datab\u00e1ze um\u011bleck\u00fdch d\u011bl v architektu\u0159e a ve\u0159ejn\u00e9m prostoru m\u011bsta Ostravy - lucernatv.cz","robots":{"index":"index","follow":"follow","max-snippet":"max-snippet:-1","max-image-preview":"max-image-preview:large","max-video-preview":"max-video-preview:-1"},"canonical":"https:\/\/www.lucernatv.cz\/index.php\/2021\/02\/13\/databaze-umeleckych-del-v-architekture-a-verejnem-prostoru-mesta-ostravy\/","og_locale":"cs_CZ","og_type":"article","og_title":"Datab\u00e1ze um\u011bleck\u00fdch d\u011bl v architektu\u0159e a ve\u0159ejn\u00e9m prostoru m\u011bsta Ostravy - lucernatv.cz","og_description":"Datab\u00e1ze mapuje existuj\u00edc\u00ed i zanikl\u00e1 d\u00edla. Zaznamen\u00e1v\u00e1 sochy, reli\u00e9fy, font\u00e1ny, um\u011blecky ztv\u00e1rn\u011bn\u00e9 pam\u00e1tn\u00edky a pam\u011btn\u00ed desky, mozaiky, sgrafita, vitr\u00e1\u017ee, dekorativn\u00ed st\u011bny ad. v exteri\u00e9rech i interi\u00e9rech. Dopln\u011bna je bohatou obrazovou p\u0159\u00edlohou i mapou.","og_url":"https:\/\/www.lucernatv.cz\/index.php\/2021\/02\/13\/databaze-umeleckych-del-v-architekture-a-verejnem-prostoru-mesta-ostravy\/","og_site_name":"lucernatv.cz","article_publisher":"https:\/\/www.facebook.com\/avtopava","article_published_time":"2021-02-13T10:12:09+00:00","article_modified_time":"2021-02-18T15:23:59+00:00","og_image":[{"width":1920,"height":889,"url":"https:\/\/www.lucernatv.cz\/wp-content\/uploads\/2021\/02\/Sni\u0301mek-obrazovky-2021-02-13-v-11.05.24.jpeg","type":"image\/jpeg"}],"author":"lucernatvc","twitter_card":"summary_large_image","twitter_misc":{"Napsal(a)":"lucernatvc"},"schema":{"@context":"https:\/\/schema.org","@graph":[{"@type":"Article","@id":"https:\/\/www.lucernatv.cz\/index.php\/2021\/02\/13\/databaze-umeleckych-del-v-architekture-a-verejnem-prostoru-mesta-ostravy\/#article","isPartOf":{"@id":"https:\/\/www.lucernatv.cz\/index.php\/2021\/02\/13\/databaze-umeleckych-del-v-architekture-a-verejnem-prostoru-mesta-ostravy\/"},"author":{"name":"lucernatvc","@id":"https:\/\/www.lucernatv.cz\/#\/schema\/person\/fdc6b3778fe63c82ba7479978ad159ad"},"headline":"Datab\u00e1ze um\u011bleck\u00fdch d\u011bl v architektu\u0159e a ve\u0159ejn\u00e9m prostoru m\u011bsta Ostravy","datePublished":"2021-02-13T10:12:09+00:00","dateModified":"2021-02-18T15:23:59+00:00","mainEntityOfPage":{"@id":"https:\/\/www.lucernatv.cz\/index.php\/2021\/02\/13\/databaze-umeleckych-del-v-architekture-a-verejnem-prostoru-mesta-ostravy\/"},"wordCount":71,"publisher":{"@id":"https:\/\/www.lucernatv.cz\/#organization"},"articleSection":["lucerna.tv tipy"],"inLanguage":"cs"},{"@type":"WebPage","@id":"https:\/\/www.lucernatv.cz\/index.php\/2021\/02\/13\/databaze-umeleckych-del-v-architekture-a-verejnem-prostoru-mesta-ostravy\/","url":"https:\/\/www.lucernatv.cz\/index.php\/2021\/02\/13\/databaze-umeleckych-del-v-architekture-a-verejnem-prostoru-mesta-ostravy\/","name":"Datab\u00e1ze um\u011bleck\u00fdch d\u011bl v architektu\u0159e a ve\u0159ejn\u00e9m prostoru m\u011bsta Ostravy - lucernatv.cz","isPartOf":{"@id":"https:\/\/www.lucernatv.cz\/#website"},"datePublished":"2021-02-13T10:12:09+00:00","dateModified":"2021-02-18T15:23:59+00:00","breadcrumb":{"@id":"https:\/\/www.lucernatv.cz\/index.php\/2021\/02\/13\/databaze-umeleckych-del-v-architekture-a-verejnem-prostoru-mesta-ostravy\/#breadcrumb"},"inLanguage":"cs","potentialAction":[{"@type":"ReadAction","target":["https:\/\/www.lucernatv.cz\/index.php\/2021\/02\/13\/databaze-umeleckych-del-v-architekture-a-verejnem-prostoru-mesta-ostravy\/"]}]},{"@type":"BreadcrumbList","@id":"https:\/\/www.lucernatv.cz\/index.php\/2021\/02\/13\/databaze-umeleckych-del-v-architekture-a-verejnem-prostoru-mesta-ostravy\/#breadcrumb","itemListElement":[{"@type":"ListItem","position":1,"name":"Dom\u016f","item":"https:\/\/www.lucernatv.cz\/"},{"@type":"ListItem","position":2,"name":"Datab\u00e1ze um\u011bleck\u00fdch d\u011bl v architektu\u0159e a ve\u0159ejn\u00e9m prostoru m\u011bsta Ostravy"}]},{"@type":"WebSite","@id":"https:\/\/www.lucernatv.cz\/#website","url":"https:\/\/www.lucernatv.cz\/","name":"lucernatv.cz","description":"Vzd\u011bl\u00e1vac\u00ed televize","publisher":{"@id":"https:\/\/www.lucernatv.cz\/#organization"},"alternateName":"Lucerna TV","potentialAction":[{"@type":"SearchAction","target":{"@type":"EntryPoint","urlTemplate":"https:\/\/www.lucernatv.cz\/?s={search_term_string}"},"query-input":"required name=search_term_string"}],"inLanguage":"cs"},{"@type":"Organization","@id":"https:\/\/www.lucernatv.cz\/#organization","name":"Lucerna TV","url":"https:\/\/www.lucernatv.cz\/","logo":{"@type":"ImageObject","inLanguage":"cs","@id":"https:\/\/www.lucernatv.cz\/#\/schema\/logo\/image\/","url":"https:\/\/www.lucernatv.cz\/wp-content\/uploads\/2021\/02\/logo.svg","contentUrl":"https:\/\/www.lucernatv.cz\/wp-content\/uploads\/2021\/02\/logo.svg","width":128,"height":41,"caption":"Lucerna TV"},"image":{"@id":"https:\/\/www.lucernatv.cz\/#\/schema\/logo\/image\/"},"sameAs":["https:\/\/www.facebook.com\/avtopava","https:\/\/www.youtube.com\/channel\/UCtP8PPWG9JatWSMsKMOvdDg"]},{"@type":"Person","@id":"https:\/\/www.lucernatv.cz\/#\/schema\/person\/fdc6b3778fe63c82ba7479978ad159ad","name":"lucernatvc","image":{"@type":"ImageObject","inLanguage":"cs","@id":"https:\/\/www.lucernatv.cz\/#\/schema\/person\/image\/","url":"https:\/\/secure.gravatar.com\/avatar\/5b7905a95103f5227c1afd8b2a10f058?s=96&d=mm&r=g","contentUrl":"https:\/\/secure.gravatar.com\/avatar\/5b7905a95103f5227c1afd8b2a10f058?s=96&d=mm&r=g","caption":"lucernatvc"},"url":"https:\/\/www.lucernatv.cz\/index.php\/author\/lucernatvc\/"}]}},"uagb_featured_image_src":{"full":["https:\/\/www.lucernatv.cz\/wp-content\/uploads\/2021\/02\/Sni\u0301mek-obrazovky-2021-02-13-v-11.05.24.jpeg",1920,889,false],"thumbnail":["https:\/\/www.lucernatv.cz\/wp-content\/uploads\/2021\/02\/Sni\u0301mek-obrazovky-2021-02-13-v-11.05.24-150x150.jpeg",150,150,true],"medium":["https:\/\/www.lucernatv.cz\/wp-content\/uploads\/2021\/02\/Sni\u0301mek-obrazovky-2021-02-13-v-11.05.24-300x139.jpeg",300,139,true],"medium_large":["https:\/\/www.lucernatv.cz\/wp-content\/uploads\/2021\/02\/Sni\u0301mek-obrazovky-2021-02-13-v-11.05.24-768x356.jpeg",768,356,true],"large":["https:\/\/www.lucernatv.cz\/wp-content\/uploads\/2021\/02\/Sni\u0301mek-obrazovky-2021-02-13-v-11.05.24.jpeg",1200,556,false],"1536x1536":["https:\/\/www.lucernatv.cz\/wp-content\/uploads\/2021\/02\/Sni\u0301mek-obrazovky-2021-02-13-v-11.05.24-1536x711.jpeg",1536,711,true],"2048x2048":["https:\/\/www.lucernatv.cz\/wp-content\/uploads\/2021\/02\/Sni\u0301mek-obrazovky-2021-02-13-v-11.05.24.jpeg",1920,889,false],"ultp_layout_landscape_large":["https:\/\/www.lucernatv.cz\/wp-content\/uploads\/2021\/02\/Sni\u0301mek-obrazovky-2021-02-13-v-11.05.24.jpeg",1200,556,false],"ultp_layout_landscape":["https:\/\/www.lucernatv.cz\/wp-content\/uploads\/2021\/02\/Sni\u0301mek-obrazovky-2021-02-13-v-11.05.24.jpeg",870,403,false],"ultp_layout_portrait":["https:\/\/www.lucernatv.cz\/wp-content\/uploads\/2021\/02\/Sni\u0301mek-obrazovky-2021-02-13-v-11.05.24.jpeg",600,278,false],"ultp_layout_square":["https:\/\/www.lucernatv.cz\/wp-content\/uploads\/2021\/02\/Sni\u0301mek-obrazovky-2021-02-13-v-11.05.24.jpeg",600,278,false],"vp_sm":["https:\/\/www.lucernatv.cz\/wp-content\/uploads\/2021\/02\/Sni\u0301mek-obrazovky-2021-02-13-v-11.05.24-500x232.jpeg",500,232,true],"vp_md":["https:\/\/www.lucernatv.cz\/wp-content\/uploads\/2021\/02\/Sni\u0301mek-obrazovky-2021-02-13-v-11.05.24-800x370.jpeg",800,370,true],"vp_lg":["https:\/\/www.lucernatv.cz\/wp-content\/uploads\/2021\/02\/Sni\u0301mek-obrazovky-2021-02-13-v-11.05.24-1280x593.jpeg",1280,593,true],"vp_xl":["https:\/\/www.lucernatv.cz\/wp-content\/uploads\/2021\/02\/Sni\u0301mek-obrazovky-2021-02-13-v-11.05.24.jpeg",1920,889,false],"vp_sm_popup":["https:\/\/www.lucernatv.cz\/wp-content\/uploads\/2021\/02\/Sni\u0301mek-obrazovky-2021-02-13-v-11.05.24-500x232.jpeg",500,232,true],"vp_md_popup":["https:\/\/www.lucernatv.cz\/wp-content\/uploads\/2021\/02\/Sni\u0301mek-obrazovky-2021-02-13-v-11.05.24-800x370.jpeg",800,370,true],"vp_xl_popup":["https:\/\/www.lucernatv.cz\/wp-content\/uploads\/2021\/02\/Sni\u0301mek-obrazovky-2021-02-13-v-11.05.24.jpeg",1920,889,false],"neve-blog":["https:\/\/www.lucernatv.cz\/wp-content\/uploads\/2021\/02\/Sni\u0301mek-obrazovky-2021-02-13-v-11.05.24.jpeg",930,431,false]},"uagb_author_info":{"display_name":"lucernatvc","author_link":"https:\/\/www.lucernatv.cz\/index.php\/author\/lucernatvc\/"},"uagb_comment_info":0,"uagb_excerpt":"Datab\u00e1ze mapuje existuj\u00edc\u00ed i zanikl\u00e1 d\u00edla. Zaznamen\u00e1v\u00e1 sochy, reli\u00e9fy, font\u00e1ny, um\u011blecky ztv\u00e1rn\u011bn\u00e9 pam\u00e1tn\u00edky a pam\u011btn\u00ed desky, mozaiky, sgrafita, vitr\u00e1\u017ee, dekorativn\u00ed st\u011bny ad. v exteri\u00e9rech i interi\u00e9rech. Dopln\u011bna je bohatou obrazovou p\u0159\u00edlohou i mapou.","_links":{"self":[{"href":"https:\/\/www.lucernatv.cz\/index.php\/wp-json\/wp\/v2\/posts\/1532"}],"collection":[{"href":"https:\/\/www.lucernatv.cz\/index.php\/wp-json\/wp\/v2\/posts"}],"about":[{"href":"https:\/\/www.lucernatv.cz\/index.php\/wp-json\/wp\/v2\/types\/post"}],"author":[{"embeddable":true,"href":"https:\/\/www.lucernatv.cz\/index.php\/wp-json\/wp\/v2\/users\/1"}],"replies":[{"embeddable":true,"href":"https:\/\/www.lucernatv.cz\/index.php\/wp-json\/wp\/v2\/comments?post=1532"}],"version-history":[{"count":1,"href":"https:\/\/www.lucernatv.cz\/index.php\/wp-json\/wp\/v2\/posts\/1532\/revisions"}],"predecessor-version":[{"id":1534,"href":"https:\/\/www.lucernatv.cz\/index.php\/wp-json\/wp\/v2\/posts\/1532\/revisions\/1534"}],"wp:featuredmedia":[{"embeddable":true,"href":"https:\/\/www.lucernatv.cz\/index.php\/wp-json\/wp\/v2\/media\/1533"}],"wp:attachment":[{"href":"https:\/\/www.lucernatv.cz\/index.php\/wp-json\/wp\/v2\/media?parent=1532"}],"wp:term":[{"taxonomy":"category","embeddable":true,"href":"https:\/\/www.lucernatv.cz\/index.php\/wp-json\/wp\/v2\/categories?post=1532"},{"taxonomy":"post_tag","embeddable":true,"href":"https:\/\/www.lucernatv.cz\/index.php\/wp-json\/wp\/v2\/tags?post=1532"}],"curies":[{"name":"wp","href":"https:\/\/api.w.org\/{rel}","templated":true}]}}