{"id":1517,"date":"2021-02-13T10:43:04","date_gmt":"2021-02-13T10:43:04","guid":{"rendered":"https:\/\/www.lucernatv.cz\/?p=1517"},"modified":"2021-02-13T10:27:52","modified_gmt":"2021-02-13T10:27:52","slug":"matematika-zlocinu","status":"publish","type":"post","link":"https:\/\/www.lucernatv.cz\/index.php\/2021\/02\/13\/matematika-zlocinu\/","title":{"rendered":"Matematika zlo\u010dinu"},"content":{"rendered":"\n<p>Prvn\u00ed \u010desk\u00fd podcastov\u00fd krimi seri\u00e1l. Jak se v \u010cesk\u00e9 republice po\u010d\u00edt\u00e1 spravedlnost? A kdo ji po\u010d\u00edt\u00e1? V roce 2012 napsal report\u00e9rce Magdalen\u011b Sodomkov\u00e9 nezn\u00e1m\u00fd mu\u017e z indon\u00e9sk\u00e9ho Bali, \u017ee prch\u00e1 p\u0159ed trestem. Tvrdil, \u017ee verdikt nebyl spravedliv\u00fd, a to kv\u016fli chyb\u011b soudn\u00edho znalce. Po stop\u00e1ch tohoto experta p\u0159ezd\u00edvan\u00e9ho \u201ematematik zlo\u010dinu\u201d se pak report\u00e9rka vydala spole\u010dn\u011b s d\u00e1nskou dokumentaristkou Brit Jensen.<\/p>\n\n\n\n<div class=\"wp-block-buttons is-layout-flex\">\n<div class=\"wp-block-button\"><a class=\"wp-block-button__link\" href=\"https:\/\/matematikazlocinu.cz\/\" target=\"_blank\" rel=\"noreferrer noopener\">Matematika zlo\u010dinu<\/a><\/div>\n<\/div>\n","protected":false},"excerpt":{"rendered":"<p>Prvn\u00ed \u010desk\u00fd podcastov\u00fd krimi seri\u00e1l. Jak se v \u010cesk\u00e9 republice po\u010d\u00edt\u00e1 spravedlnost? A kdo ji po\u010d\u00edt\u00e1? V roce 2012 napsal report\u00e9rce Magdalen\u011b Sodomkov\u00e9 nezn\u00e1m\u00fd mu\u017e z indon\u00e9sk\u00e9ho Bali, \u017ee prch\u00e1 p\u0159ed trestem. Tvrdil, \u017ee verdikt nebyl spravedliv\u00fd, a to kv\u016fli chyb\u011b soudn\u00edho znalce. Po stop\u00e1ch tohoto experta p\u0159ezd\u00edvan\u00e9ho \u201ematematik zlo\u010dinu\u201d se pak report\u00e9rka vydala spole\u010dn\u011b&hellip;&nbsp;<a href=\"https:\/\/www.lucernatv.cz\/index.php\/2021\/02\/13\/matematika-zlocinu\/\" class=\"\" rel=\"bookmark\">\u010c\u00edst d\u00e1le &raquo;<span class=\"screen-reader-text\">Matematika zlo\u010dinu<\/span><\/a><\/p>\n","protected":false},"author":1,"featured_media":1519,"comment_status":"closed","ping_status":"open","sticky":false,"template":"","format":"standard","meta":{"inline_featured_image":false,"_uag_custom_page_level_css":"","neve_meta_sidebar":"","neve_meta_container":"","neve_meta_enable_content_width":"","neve_meta_content_width":0,"neve_meta_title_alignment":"","neve_meta_author_avatar":"","neve_post_elements_order":"","neve_meta_disable_header":"","neve_meta_disable_footer":"","neve_meta_disable_title":"","_vp_format_video_url":"","_vp_image_focal_point":[]},"categories":[13],"tags":[],"yoast_head":"<!-- This site is optimized with the Yoast SEO plugin v20.12 - https:\/\/yoast.com\/wordpress\/plugins\/seo\/ -->\n<title>Matematika zlo\u010dinu - lucernatv.cz<\/title>\n<meta name=\"robots\" content=\"index, follow, max-snippet:-1, max-image-preview:large, max-video-preview:-1\" \/>\n<link rel=\"canonical\" href=\"https:\/\/www.lucernatv.cz\/index.php\/2021\/02\/13\/matematika-zlocinu\/\" \/>\n<meta property=\"og:locale\" content=\"cs_CZ\" \/>\n<meta property=\"og:type\" content=\"article\" \/>\n<meta property=\"og:title\" content=\"Matematika zlo\u010dinu - lucernatv.cz\" \/>\n<meta property=\"og:description\" content=\"Prvn\u00ed \u010desk\u00fd podcastov\u00fd krimi seri\u00e1l. Jak se v \u010cesk\u00e9 republice po\u010d\u00edt\u00e1 spravedlnost? A kdo ji po\u010d\u00edt\u00e1? V roce 2012 napsal report\u00e9rce Magdalen\u011b Sodomkov\u00e9 nezn\u00e1m\u00fd mu\u017e z indon\u00e9sk\u00e9ho Bali, \u017ee prch\u00e1 p\u0159ed trestem. Tvrdil, \u017ee verdikt nebyl spravedliv\u00fd, a to kv\u016fli chyb\u011b soudn\u00edho znalce. Po stop\u00e1ch tohoto experta p\u0159ezd\u00edvan\u00e9ho \u201ematematik zlo\u010dinu\u201d se pak report\u00e9rka vydala spole\u010dn\u011b&hellip;&nbsp;\u010c\u00edst d\u00e1le &raquo;Matematika zlo\u010dinu\" \/>\n<meta property=\"og:url\" content=\"https:\/\/www.lucernatv.cz\/index.php\/2021\/02\/13\/matematika-zlocinu\/\" \/>\n<meta property=\"og:site_name\" content=\"lucernatv.cz\" \/>\n<meta property=\"article:publisher\" content=\"https:\/\/www.facebook.com\/avtopava\" \/>\n<meta property=\"article:published_time\" content=\"2021-02-13T10:43:04+00:00\" \/>\n<meta property=\"article:modified_time\" content=\"2021-02-13T10:27:52+00:00\" \/>\n<meta property=\"og:image\" content=\"https:\/\/www.lucernatv.cz\/wp-content\/uploads\/2021\/02\/Sni\u0301mek-obrazovky-2021-02-13-v-10.39.53.jpeg\" \/>\n\t<meta property=\"og:image:width\" content=\"1920\" \/>\n\t<meta property=\"og:image:height\" content=\"1013\" \/>\n\t<meta property=\"og:image:type\" content=\"image\/jpeg\" \/>\n<meta name=\"author\" content=\"lucernatvc\" \/>\n<meta name=\"twitter:card\" content=\"summary_large_image\" \/>\n<meta name=\"twitter:label1\" content=\"Napsal(a)\" \/>\n\t<meta name=\"twitter:data1\" content=\"lucernatvc\" \/>\n<script type=\"application\/ld+json\" class=\"yoast-schema-graph\">{\"@context\":\"https:\/\/schema.org\",\"@graph\":[{\"@type\":\"Article\",\"@id\":\"https:\/\/www.lucernatv.cz\/index.php\/2021\/02\/13\/matematika-zlocinu\/#article\",\"isPartOf\":{\"@id\":\"https:\/\/www.lucernatv.cz\/index.php\/2021\/02\/13\/matematika-zlocinu\/\"},\"author\":{\"name\":\"lucernatvc\",\"@id\":\"https:\/\/www.lucernatv.cz\/#\/schema\/person\/fdc6b3778fe63c82ba7479978ad159ad\"},\"headline\":\"Matematika zlo\u010dinu\",\"datePublished\":\"2021-02-13T10:43:04+00:00\",\"dateModified\":\"2021-02-13T10:27:52+00:00\",\"mainEntityOfPage\":{\"@id\":\"https:\/\/www.lucernatv.cz\/index.php\/2021\/02\/13\/matematika-zlocinu\/\"},\"wordCount\":83,\"publisher\":{\"@id\":\"https:\/\/www.lucernatv.cz\/#organization\"},\"articleSection\":[\"lucerna.tv tipy\"],\"inLanguage\":\"cs\"},{\"@type\":\"WebPage\",\"@id\":\"https:\/\/www.lucernatv.cz\/index.php\/2021\/02\/13\/matematika-zlocinu\/\",\"url\":\"https:\/\/www.lucernatv.cz\/index.php\/2021\/02\/13\/matematika-zlocinu\/\",\"name\":\"Matematika zlo\u010dinu - lucernatv.cz\",\"isPartOf\":{\"@id\":\"https:\/\/www.lucernatv.cz\/#website\"},\"datePublished\":\"2021-02-13T10:43:04+00:00\",\"dateModified\":\"2021-02-13T10:27:52+00:00\",\"breadcrumb\":{\"@id\":\"https:\/\/www.lucernatv.cz\/index.php\/2021\/02\/13\/matematika-zlocinu\/#breadcrumb\"},\"inLanguage\":\"cs\",\"potentialAction\":[{\"@type\":\"ReadAction\",\"target\":[\"https:\/\/www.lucernatv.cz\/index.php\/2021\/02\/13\/matematika-zlocinu\/\"]}]},{\"@type\":\"BreadcrumbList\",\"@id\":\"https:\/\/www.lucernatv.cz\/index.php\/2021\/02\/13\/matematika-zlocinu\/#breadcrumb\",\"itemListElement\":[{\"@type\":\"ListItem\",\"position\":1,\"name\":\"Dom\u016f\",\"item\":\"https:\/\/www.lucernatv.cz\/\"},{\"@type\":\"ListItem\",\"position\":2,\"name\":\"Matematika zlo\u010dinu\"}]},{\"@type\":\"WebSite\",\"@id\":\"https:\/\/www.lucernatv.cz\/#website\",\"url\":\"https:\/\/www.lucernatv.cz\/\",\"name\":\"lucernatv.cz\",\"description\":\"Vzd\u011bl\u00e1vac\u00ed televize\",\"publisher\":{\"@id\":\"https:\/\/www.lucernatv.cz\/#organization\"},\"alternateName\":\"Lucerna TV\",\"potentialAction\":[{\"@type\":\"SearchAction\",\"target\":{\"@type\":\"EntryPoint\",\"urlTemplate\":\"https:\/\/www.lucernatv.cz\/?s={search_term_string}\"},\"query-input\":\"required name=search_term_string\"}],\"inLanguage\":\"cs\"},{\"@type\":\"Organization\",\"@id\":\"https:\/\/www.lucernatv.cz\/#organization\",\"name\":\"Lucerna TV\",\"url\":\"https:\/\/www.lucernatv.cz\/\",\"logo\":{\"@type\":\"ImageObject\",\"inLanguage\":\"cs\",\"@id\":\"https:\/\/www.lucernatv.cz\/#\/schema\/logo\/image\/\",\"url\":\"https:\/\/www.lucernatv.cz\/wp-content\/uploads\/2021\/02\/logo.svg\",\"contentUrl\":\"https:\/\/www.lucernatv.cz\/wp-content\/uploads\/2021\/02\/logo.svg\",\"width\":128,\"height\":41,\"caption\":\"Lucerna TV\"},\"image\":{\"@id\":\"https:\/\/www.lucernatv.cz\/#\/schema\/logo\/image\/\"},\"sameAs\":[\"https:\/\/www.facebook.com\/avtopava\",\"https:\/\/www.youtube.com\/channel\/UCtP8PPWG9JatWSMsKMOvdDg\"]},{\"@type\":\"Person\",\"@id\":\"https:\/\/www.lucernatv.cz\/#\/schema\/person\/fdc6b3778fe63c82ba7479978ad159ad\",\"name\":\"lucernatvc\",\"image\":{\"@type\":\"ImageObject\",\"inLanguage\":\"cs\",\"@id\":\"https:\/\/www.lucernatv.cz\/#\/schema\/person\/image\/\",\"url\":\"https:\/\/secure.gravatar.com\/avatar\/5b7905a95103f5227c1afd8b2a10f058?s=96&d=mm&r=g\",\"contentUrl\":\"https:\/\/secure.gravatar.com\/avatar\/5b7905a95103f5227c1afd8b2a10f058?s=96&d=mm&r=g\",\"caption\":\"lucernatvc\"},\"url\":\"https:\/\/www.lucernatv.cz\/index.php\/author\/lucernatvc\/\"}]}<\/script>\n<!-- \/ Yoast SEO plugin. -->","yoast_head_json":{"title":"Matematika zlo\u010dinu - lucernatv.cz","robots":{"index":"index","follow":"follow","max-snippet":"max-snippet:-1","max-image-preview":"max-image-preview:large","max-video-preview":"max-video-preview:-1"},"canonical":"https:\/\/www.lucernatv.cz\/index.php\/2021\/02\/13\/matematika-zlocinu\/","og_locale":"cs_CZ","og_type":"article","og_title":"Matematika zlo\u010dinu - lucernatv.cz","og_description":"Prvn\u00ed \u010desk\u00fd podcastov\u00fd krimi seri\u00e1l. Jak se v \u010cesk\u00e9 republice po\u010d\u00edt\u00e1 spravedlnost? A kdo ji po\u010d\u00edt\u00e1? V roce 2012 napsal report\u00e9rce Magdalen\u011b Sodomkov\u00e9 nezn\u00e1m\u00fd mu\u017e z indon\u00e9sk\u00e9ho Bali, \u017ee prch\u00e1 p\u0159ed trestem. Tvrdil, \u017ee verdikt nebyl spravedliv\u00fd, a to kv\u016fli chyb\u011b soudn\u00edho znalce. Po stop\u00e1ch tohoto experta p\u0159ezd\u00edvan\u00e9ho \u201ematematik zlo\u010dinu\u201d se pak report\u00e9rka vydala spole\u010dn\u011b&hellip;&nbsp;\u010c\u00edst d\u00e1le &raquo;Matematika zlo\u010dinu","og_url":"https:\/\/www.lucernatv.cz\/index.php\/2021\/02\/13\/matematika-zlocinu\/","og_site_name":"lucernatv.cz","article_publisher":"https:\/\/www.facebook.com\/avtopava","article_published_time":"2021-02-13T10:43:04+00:00","article_modified_time":"2021-02-13T10:27:52+00:00","og_image":[{"width":1920,"height":1013,"url":"https:\/\/www.lucernatv.cz\/wp-content\/uploads\/2021\/02\/Sni\u0301mek-obrazovky-2021-02-13-v-10.39.53.jpeg","type":"image\/jpeg"}],"author":"lucernatvc","twitter_card":"summary_large_image","twitter_misc":{"Napsal(a)":"lucernatvc"},"schema":{"@context":"https:\/\/schema.org","@graph":[{"@type":"Article","@id":"https:\/\/www.lucernatv.cz\/index.php\/2021\/02\/13\/matematika-zlocinu\/#article","isPartOf":{"@id":"https:\/\/www.lucernatv.cz\/index.php\/2021\/02\/13\/matematika-zlocinu\/"},"author":{"name":"lucernatvc","@id":"https:\/\/www.lucernatv.cz\/#\/schema\/person\/fdc6b3778fe63c82ba7479978ad159ad"},"headline":"Matematika zlo\u010dinu","datePublished":"2021-02-13T10:43:04+00:00","dateModified":"2021-02-13T10:27:52+00:00","mainEntityOfPage":{"@id":"https:\/\/www.lucernatv.cz\/index.php\/2021\/02\/13\/matematika-zlocinu\/"},"wordCount":83,"publisher":{"@id":"https:\/\/www.lucernatv.cz\/#organization"},"articleSection":["lucerna.tv tipy"],"inLanguage":"cs"},{"@type":"WebPage","@id":"https:\/\/www.lucernatv.cz\/index.php\/2021\/02\/13\/matematika-zlocinu\/","url":"https:\/\/www.lucernatv.cz\/index.php\/2021\/02\/13\/matematika-zlocinu\/","name":"Matematika zlo\u010dinu - lucernatv.cz","isPartOf":{"@id":"https:\/\/www.lucernatv.cz\/#website"},"datePublished":"2021-02-13T10:43:04+00:00","dateModified":"2021-02-13T10:27:52+00:00","breadcrumb":{"@id":"https:\/\/www.lucernatv.cz\/index.php\/2021\/02\/13\/matematika-zlocinu\/#breadcrumb"},"inLanguage":"cs","potentialAction":[{"@type":"ReadAction","target":["https:\/\/www.lucernatv.cz\/index.php\/2021\/02\/13\/matematika-zlocinu\/"]}]},{"@type":"BreadcrumbList","@id":"https:\/\/www.lucernatv.cz\/index.php\/2021\/02\/13\/matematika-zlocinu\/#breadcrumb","itemListElement":[{"@type":"ListItem","position":1,"name":"Dom\u016f","item":"https:\/\/www.lucernatv.cz\/"},{"@type":"ListItem","position":2,"name":"Matematika zlo\u010dinu"}]},{"@type":"WebSite","@id":"https:\/\/www.lucernatv.cz\/#website","url":"https:\/\/www.lucernatv.cz\/","name":"lucernatv.cz","description":"Vzd\u011bl\u00e1vac\u00ed televize","publisher":{"@id":"https:\/\/www.lucernatv.cz\/#organization"},"alternateName":"Lucerna TV","potentialAction":[{"@type":"SearchAction","target":{"@type":"EntryPoint","urlTemplate":"https:\/\/www.lucernatv.cz\/?s={search_term_string}"},"query-input":"required name=search_term_string"}],"inLanguage":"cs"},{"@type":"Organization","@id":"https:\/\/www.lucernatv.cz\/#organization","name":"Lucerna TV","url":"https:\/\/www.lucernatv.cz\/","logo":{"@type":"ImageObject","inLanguage":"cs","@id":"https:\/\/www.lucernatv.cz\/#\/schema\/logo\/image\/","url":"https:\/\/www.lucernatv.cz\/wp-content\/uploads\/2021\/02\/logo.svg","contentUrl":"https:\/\/www.lucernatv.cz\/wp-content\/uploads\/2021\/02\/logo.svg","width":128,"height":41,"caption":"Lucerna TV"},"image":{"@id":"https:\/\/www.lucernatv.cz\/#\/schema\/logo\/image\/"},"sameAs":["https:\/\/www.facebook.com\/avtopava","https:\/\/www.youtube.com\/channel\/UCtP8PPWG9JatWSMsKMOvdDg"]},{"@type":"Person","@id":"https:\/\/www.lucernatv.cz\/#\/schema\/person\/fdc6b3778fe63c82ba7479978ad159ad","name":"lucernatvc","image":{"@type":"ImageObject","inLanguage":"cs","@id":"https:\/\/www.lucernatv.cz\/#\/schema\/person\/image\/","url":"https:\/\/secure.gravatar.com\/avatar\/5b7905a95103f5227c1afd8b2a10f058?s=96&d=mm&r=g","contentUrl":"https:\/\/secure.gravatar.com\/avatar\/5b7905a95103f5227c1afd8b2a10f058?s=96&d=mm&r=g","caption":"lucernatvc"},"url":"https:\/\/www.lucernatv.cz\/index.php\/author\/lucernatvc\/"}]}},"uagb_featured_image_src":{"full":["https:\/\/www.lucernatv.cz\/wp-content\/uploads\/2021\/02\/Sni\u0301mek-obrazovky-2021-02-13-v-10.39.53.jpeg",1920,1013,false],"thumbnail":["https:\/\/www.lucernatv.cz\/wp-content\/uploads\/2021\/02\/Sni\u0301mek-obrazovky-2021-02-13-v-10.39.53-150x150.jpeg",150,150,true],"medium":["https:\/\/www.lucernatv.cz\/wp-content\/uploads\/2021\/02\/Sni\u0301mek-obrazovky-2021-02-13-v-10.39.53-300x158.jpeg",300,158,true],"medium_large":["https:\/\/www.lucernatv.cz\/wp-content\/uploads\/2021\/02\/Sni\u0301mek-obrazovky-2021-02-13-v-10.39.53-768x405.jpeg",768,405,true],"large":["https:\/\/www.lucernatv.cz\/wp-content\/uploads\/2021\/02\/Sni\u0301mek-obrazovky-2021-02-13-v-10.39.53.jpeg",1200,633,false],"1536x1536":["https:\/\/www.lucernatv.cz\/wp-content\/uploads\/2021\/02\/Sni\u0301mek-obrazovky-2021-02-13-v-10.39.53-1536x810.jpeg",1536,810,true],"2048x2048":["https:\/\/www.lucernatv.cz\/wp-content\/uploads\/2021\/02\/Sni\u0301mek-obrazovky-2021-02-13-v-10.39.53.jpeg",1920,1013,false],"ultp_layout_landscape_large":["https:\/\/www.lucernatv.cz\/wp-content\/uploads\/2021\/02\/Sni\u0301mek-obrazovky-2021-02-13-v-10.39.53.jpeg",1200,633,false],"ultp_layout_landscape":["https:\/\/www.lucernatv.cz\/wp-content\/uploads\/2021\/02\/Sni\u0301mek-obrazovky-2021-02-13-v-10.39.53.jpeg",870,459,false],"ultp_layout_portrait":["https:\/\/www.lucernatv.cz\/wp-content\/uploads\/2021\/02\/Sni\u0301mek-obrazovky-2021-02-13-v-10.39.53.jpeg",600,317,false],"ultp_layout_square":["https:\/\/www.lucernatv.cz\/wp-content\/uploads\/2021\/02\/Sni\u0301mek-obrazovky-2021-02-13-v-10.39.53.jpeg",600,317,false],"vp_sm":["https:\/\/www.lucernatv.cz\/wp-content\/uploads\/2021\/02\/Sni\u0301mek-obrazovky-2021-02-13-v-10.39.53-500x264.jpeg",500,264,true],"vp_md":["https:\/\/www.lucernatv.cz\/wp-content\/uploads\/2021\/02\/Sni\u0301mek-obrazovky-2021-02-13-v-10.39.53-800x422.jpeg",800,422,true],"vp_lg":["https:\/\/www.lucernatv.cz\/wp-content\/uploads\/2021\/02\/Sni\u0301mek-obrazovky-2021-02-13-v-10.39.53-1280x675.jpeg",1280,675,true],"vp_xl":["https:\/\/www.lucernatv.cz\/wp-content\/uploads\/2021\/02\/Sni\u0301mek-obrazovky-2021-02-13-v-10.39.53.jpeg",1920,1013,false],"vp_sm_popup":["https:\/\/www.lucernatv.cz\/wp-content\/uploads\/2021\/02\/Sni\u0301mek-obrazovky-2021-02-13-v-10.39.53-500x264.jpeg",500,264,true],"vp_md_popup":["https:\/\/www.lucernatv.cz\/wp-content\/uploads\/2021\/02\/Sni\u0301mek-obrazovky-2021-02-13-v-10.39.53-800x422.jpeg",800,422,true],"vp_xl_popup":["https:\/\/www.lucernatv.cz\/wp-content\/uploads\/2021\/02\/Sni\u0301mek-obrazovky-2021-02-13-v-10.39.53.jpeg",1920,1013,false],"neve-blog":["https:\/\/www.lucernatv.cz\/wp-content\/uploads\/2021\/02\/Sni\u0301mek-obrazovky-2021-02-13-v-10.39.53.jpeg",930,491,false]},"uagb_author_info":{"display_name":"lucernatvc","author_link":"https:\/\/www.lucernatv.cz\/index.php\/author\/lucernatvc\/"},"uagb_comment_info":0,"uagb_excerpt":"Prvn\u00ed \u010desk\u00fd podcastov\u00fd krimi seri\u00e1l. Jak se v \u010cesk\u00e9 republice po\u010d\u00edt\u00e1 spravedlnost? A kdo ji po\u010d\u00edt\u00e1? V roce 2012 napsal report\u00e9rce Magdalen\u011b Sodomkov\u00e9 nezn\u00e1m\u00fd mu\u017e z indon\u00e9sk\u00e9ho Bali, \u017ee prch\u00e1 p\u0159ed trestem. Tvrdil, \u017ee verdikt nebyl spravedliv\u00fd, a to kv\u016fli chyb\u011b soudn\u00edho znalce. Po stop\u00e1ch tohoto experta p\u0159ezd\u00edvan\u00e9ho \u201ematematik zlo\u010dinu\u201d se pak report\u00e9rka vydala spole\u010dn\u011b&hellip;&nbsp;\u010c\u00edst&hellip;","_links":{"self":[{"href":"https:\/\/www.lucernatv.cz\/index.php\/wp-json\/wp\/v2\/posts\/1517"}],"collection":[{"href":"https:\/\/www.lucernatv.cz\/index.php\/wp-json\/wp\/v2\/posts"}],"about":[{"href":"https:\/\/www.lucernatv.cz\/index.php\/wp-json\/wp\/v2\/types\/post"}],"author":[{"embeddable":true,"href":"https:\/\/www.lucernatv.cz\/index.php\/wp-json\/wp\/v2\/users\/1"}],"replies":[{"embeddable":true,"href":"https:\/\/www.lucernatv.cz\/index.php\/wp-json\/wp\/v2\/comments?post=1517"}],"version-history":[{"count":1,"href":"https:\/\/www.lucernatv.cz\/index.php\/wp-json\/wp\/v2\/posts\/1517\/revisions"}],"predecessor-version":[{"id":1518,"href":"https:\/\/www.lucernatv.cz\/index.php\/wp-json\/wp\/v2\/posts\/1517\/revisions\/1518"}],"wp:featuredmedia":[{"embeddable":true,"href":"https:\/\/www.lucernatv.cz\/index.php\/wp-json\/wp\/v2\/media\/1519"}],"wp:attachment":[{"href":"https:\/\/www.lucernatv.cz\/index.php\/wp-json\/wp\/v2\/media?parent=1517"}],"wp:term":[{"taxonomy":"category","embeddable":true,"href":"https:\/\/www.lucernatv.cz\/index.php\/wp-json\/wp\/v2\/categories?post=1517"},{"taxonomy":"post_tag","embeddable":true,"href":"https:\/\/www.lucernatv.cz\/index.php\/wp-json\/wp\/v2\/tags?post=1517"}],"curies":[{"name":"wp","href":"https:\/\/api.w.org\/{rel}","templated":true}]}}