{"id":1463,"date":"2021-02-13T09:03:42","date_gmt":"2021-02-13T09:03:42","guid":{"rendered":"https:\/\/www.lucernatv.cz\/?p=1463"},"modified":"2021-02-16T23:31:39","modified_gmt":"2021-02-16T23:31:39","slug":"5-duvodu-proc-jeste-neletame-na-mars","status":"publish","type":"post","link":"https:\/\/www.lucernatv.cz\/index.php\/2021\/02\/13\/5-duvodu-proc-jeste-neletame-na-mars\/","title":{"rendered":"5 d\u016fvod\u016f, pro\u010d je\u0161t\u011b nel\u00e9t\u00e1me na Mars"},"content":{"rendered":"\n<figure class=\"wp-block-embed is-type-video is-provider-youtube wp-block-embed-youtube wp-embed-aspect-16-9 wp-has-aspect-ratio\"><div class=\"wp-block-embed__wrapper\">\n<div class=\"nv-iframe-embed\"><div class=\"arve\" data-mode=\"normal\" data-oembed=\"1\" data-provider=\"youtube\" id=\"arve-youtube-2necvvtx3yu69f2ded717a14643947737\">\n<span class=\"arve-inner\">\n<span class=\"arve-embed arve-embed--has-aspect-ratio\">\n<span class=\"arve-ar\" style=\"padding-top:56.250000%\"><\/span><iframe allow=\"accelerometer; autoplay; clipboard-write; encrypted-media; gyroscope; picture-in-picture\" allowfullscreen class=\"arve-iframe fitvidsignore\" data-arve=\"arve-youtube-2necvvtx3yu69f2ded717a14643947737\" data-src-no-ap=\"https:\/\/www.youtube-nocookie.com\/embed\/2neCVVTX3YU?feature=oembed&amp;iv_load_policy=3&amp;modestbranding=1&amp;rel=0&amp;autohide=1&amp;playsinline=0&amp;autoplay=0\" frameborder=\"0\" height=\"0\" sandbox=\"allow-scripts allow-same-origin allow-presentation allow-popups allow-popups-to-escape-sandbox\" scrolling=\"no\" src=\"https:\/\/www.youtube-nocookie.com\/embed\/2neCVVTX3YU?feature=oembed&#038;iv_load_policy=3&#038;modestbranding=1&#038;rel=0&#038;autohide=1&#038;playsinline=0&#038;autoplay=0\"><\/iframe>\n\n<\/span>\n\n<\/span>\n<script type=\"application\/ld+json\">{\"@context\":\"http:\\\/\\\/schema.org\\\/\",\"@id\":\"https:\\\/\\\/www.lucernatv.cz\\\/index.php\\\/2021\\\/02\\\/13\\\/5-duvodu-proc-jeste-neletame-na-mars\\\/#arve-youtube-2necvvtx3yu69f2ded717a14643947737\",\"type\":\"VideoObject\",\"embedURL\":\"https:\\\/\\\/www.youtube-nocookie.com\\\/embed\\\/2neCVVTX3YU?feature=oembed&iv_load_policy=3&modestbranding=1&rel=0&autohide=1&playsinline=0&autoplay=0\"}<\/script>\n<\/div>\n<\/div>\n<\/div><\/figure>\n\n\n\n<p>\u017de bude lidstvo \u201eji\u017e brzy\u201c l\u00e9tat na Mars sl\u00fdch\u00e1me u\u017e od t\u00e9 doby, co prvn\u00ed astronauti p\u0159ist\u00e1li na M\u011bs\u00edci. Ale od t\u00e9 doby po\u0159\u00e1d nic. A\u010dkoli se te\u010f diskuse na toto t\u00e9ma v\u00fdrazn\u011b o\u017eivily vlivem poutav\u00fdch prezentac\u00ed Elona Muska, st\u00e1le na Marsu \u010dlov\u011bk nest\u00e1l a je\u0161t\u011b dlouho nebude. V dne\u0161n\u00edm d\u00edle po\u0159adu Dobr\u00e9 v\u011bd\u011bt si uk\u00e1\u017eeme p\u00e1r z\u00e1sadn\u00edch d\u016fvod\u016f, pro\u010d tomu tak je.<\/p>\n","protected":false},"excerpt":{"rendered":"<p>\u017de bude lidstvo \u201eji\u017e brzy\u201c l\u00e9tat na Mars sl\u00fdch\u00e1me u\u017e od t\u00e9 doby, co prvn\u00ed astronauti p\u0159ist\u00e1li na M\u011bs\u00edci. Ale od t\u00e9 doby po\u0159\u00e1d nic. A\u010dkoli se te\u010f diskuse na toto t\u00e9ma v\u00fdrazn\u011b o\u017eivily vlivem poutav\u00fdch prezentac\u00ed Elona Muska, st\u00e1le na Marsu \u010dlov\u011bk nest\u00e1l a je\u0161t\u011b dlouho nebude. V dne\u0161n\u00edm d\u00edle po\u0159adu Dobr\u00e9 v\u011bd\u011bt si&hellip;&nbsp;<a href=\"https:\/\/www.lucernatv.cz\/index.php\/2021\/02\/13\/5-duvodu-proc-jeste-neletame-na-mars\/\" class=\"\" rel=\"bookmark\">\u010c\u00edst d\u00e1le &raquo;<span class=\"screen-reader-text\">5 d\u016fvod\u016f, pro\u010d je\u0161t\u011b nel\u00e9t\u00e1me na Mars<\/span><\/a><\/p>\n","protected":false},"author":1,"featured_media":1593,"comment_status":"closed","ping_status":"open","sticky":false,"template":"","format":"gallery","meta":{"inline_featured_image":false,"_uag_custom_page_level_css":"","neve_meta_sidebar":"","neve_meta_container":"","neve_meta_enable_content_width":"","neve_meta_content_width":0,"neve_meta_title_alignment":"","neve_meta_author_avatar":"","neve_post_elements_order":"","neve_meta_disable_header":"","neve_meta_disable_footer":"","neve_meta_disable_title":"","_vp_format_video_url":"","_vp_image_focal_point":[]},"categories":[14,4],"tags":[55],"yoast_head":"<!-- This site is optimized with the Yoast SEO plugin v20.12 - https:\/\/yoast.com\/wordpress\/plugins\/seo\/ -->\n<title>5 d\u016fvod\u016f, pro\u010d je\u0161t\u011b nel\u00e9t\u00e1me na Mars - lucernatv.cz<\/title>\n<meta name=\"robots\" content=\"index, follow, max-snippet:-1, max-image-preview:large, max-video-preview:-1\" \/>\n<link rel=\"canonical\" href=\"https:\/\/www.lucernatv.cz\/index.php\/2021\/02\/13\/5-duvodu-proc-jeste-neletame-na-mars\/\" \/>\n<meta property=\"og:locale\" content=\"cs_CZ\" \/>\n<meta property=\"og:type\" content=\"article\" \/>\n<meta property=\"og:title\" content=\"5 d\u016fvod\u016f, pro\u010d je\u0161t\u011b nel\u00e9t\u00e1me na Mars - lucernatv.cz\" \/>\n<meta property=\"og:description\" content=\"\u017de bude lidstvo \u201eji\u017e brzy\u201c l\u00e9tat na Mars sl\u00fdch\u00e1me u\u017e od t\u00e9 doby, co prvn\u00ed astronauti p\u0159ist\u00e1li na M\u011bs\u00edci. Ale od t\u00e9 doby po\u0159\u00e1d nic. A\u010dkoli se te\u010f diskuse na toto t\u00e9ma v\u00fdrazn\u011b o\u017eivily vlivem poutav\u00fdch prezentac\u00ed Elona Muska, st\u00e1le na Marsu \u010dlov\u011bk nest\u00e1l a je\u0161t\u011b dlouho nebude. V dne\u0161n\u00edm d\u00edle po\u0159adu Dobr\u00e9 v\u011bd\u011bt si&hellip;&nbsp;\u010c\u00edst d\u00e1le &raquo;5 d\u016fvod\u016f, pro\u010d je\u0161t\u011b nel\u00e9t\u00e1me na Mars\" \/>\n<meta property=\"og:url\" content=\"https:\/\/www.lucernatv.cz\/index.php\/2021\/02\/13\/5-duvodu-proc-jeste-neletame-na-mars\/\" \/>\n<meta property=\"og:site_name\" content=\"lucernatv.cz\" \/>\n<meta property=\"article:publisher\" content=\"https:\/\/www.facebook.com\/avtopava\" \/>\n<meta property=\"article:published_time\" content=\"2021-02-13T09:03:42+00:00\" \/>\n<meta property=\"article:modified_time\" content=\"2021-02-16T23:31:39+00:00\" \/>\n<meta property=\"og:image\" content=\"https:\/\/www.lucernatv.cz\/wp-content\/uploads\/2021\/02\/2neCVVTX3YU.jpg\" \/>\n\t<meta property=\"og:image:width\" content=\"1280\" \/>\n\t<meta property=\"og:image:height\" content=\"720\" \/>\n\t<meta property=\"og:image:type\" content=\"image\/jpeg\" \/>\n<meta name=\"author\" content=\"lucernatvc\" \/>\n<meta name=\"twitter:card\" content=\"summary_large_image\" \/>\n<meta name=\"twitter:label1\" content=\"Napsal(a)\" \/>\n\t<meta name=\"twitter:data1\" content=\"lucernatvc\" \/>\n<script type=\"application\/ld+json\" class=\"yoast-schema-graph\">{\"@context\":\"https:\/\/schema.org\",\"@graph\":[{\"@type\":\"Article\",\"@id\":\"https:\/\/www.lucernatv.cz\/index.php\/2021\/02\/13\/5-duvodu-proc-jeste-neletame-na-mars\/#article\",\"isPartOf\":{\"@id\":\"https:\/\/www.lucernatv.cz\/index.php\/2021\/02\/13\/5-duvodu-proc-jeste-neletame-na-mars\/\"},\"author\":{\"name\":\"lucernatvc\",\"@id\":\"https:\/\/www.lucernatv.cz\/#\/schema\/person\/fdc6b3778fe63c82ba7479978ad159ad\"},\"headline\":\"5 d\u016fvod\u016f, pro\u010d je\u0161t\u011b nel\u00e9t\u00e1me na Mars\",\"datePublished\":\"2021-02-13T09:03:42+00:00\",\"dateModified\":\"2021-02-16T23:31:39+00:00\",\"mainEntityOfPage\":{\"@id\":\"https:\/\/www.lucernatv.cz\/index.php\/2021\/02\/13\/5-duvodu-proc-jeste-neletame-na-mars\/\"},\"wordCount\":109,\"publisher\":{\"@id\":\"https:\/\/www.lucernatv.cz\/#organization\"},\"keywords\":[\"Dobr\u00e9 v\u011bd\u011bt\"],\"articleSection\":[\"p\u0159\u00edrodn\u00ed v\u011bdy\",\"V\u011bda\"],\"inLanguage\":\"cs\"},{\"@type\":\"WebPage\",\"@id\":\"https:\/\/www.lucernatv.cz\/index.php\/2021\/02\/13\/5-duvodu-proc-jeste-neletame-na-mars\/\",\"url\":\"https:\/\/www.lucernatv.cz\/index.php\/2021\/02\/13\/5-duvodu-proc-jeste-neletame-na-mars\/\",\"name\":\"5 d\u016fvod\u016f, pro\u010d je\u0161t\u011b nel\u00e9t\u00e1me na Mars - lucernatv.cz\",\"isPartOf\":{\"@id\":\"https:\/\/www.lucernatv.cz\/#website\"},\"datePublished\":\"2021-02-13T09:03:42+00:00\",\"dateModified\":\"2021-02-16T23:31:39+00:00\",\"breadcrumb\":{\"@id\":\"https:\/\/www.lucernatv.cz\/index.php\/2021\/02\/13\/5-duvodu-proc-jeste-neletame-na-mars\/#breadcrumb\"},\"inLanguage\":\"cs\",\"potentialAction\":[{\"@type\":\"ReadAction\",\"target\":[\"https:\/\/www.lucernatv.cz\/index.php\/2021\/02\/13\/5-duvodu-proc-jeste-neletame-na-mars\/\"]}]},{\"@type\":\"BreadcrumbList\",\"@id\":\"https:\/\/www.lucernatv.cz\/index.php\/2021\/02\/13\/5-duvodu-proc-jeste-neletame-na-mars\/#breadcrumb\",\"itemListElement\":[{\"@type\":\"ListItem\",\"position\":1,\"name\":\"Dom\u016f\",\"item\":\"https:\/\/www.lucernatv.cz\/\"},{\"@type\":\"ListItem\",\"position\":2,\"name\":\"5 d\u016fvod\u016f, pro\u010d je\u0161t\u011b nel\u00e9t\u00e1me na Mars\"}]},{\"@type\":\"WebSite\",\"@id\":\"https:\/\/www.lucernatv.cz\/#website\",\"url\":\"https:\/\/www.lucernatv.cz\/\",\"name\":\"lucernatv.cz\",\"description\":\"Vzd\u011bl\u00e1vac\u00ed televize\",\"publisher\":{\"@id\":\"https:\/\/www.lucernatv.cz\/#organization\"},\"alternateName\":\"Lucerna TV\",\"potentialAction\":[{\"@type\":\"SearchAction\",\"target\":{\"@type\":\"EntryPoint\",\"urlTemplate\":\"https:\/\/www.lucernatv.cz\/?s={search_term_string}\"},\"query-input\":\"required name=search_term_string\"}],\"inLanguage\":\"cs\"},{\"@type\":\"Organization\",\"@id\":\"https:\/\/www.lucernatv.cz\/#organization\",\"name\":\"Lucerna TV\",\"url\":\"https:\/\/www.lucernatv.cz\/\",\"logo\":{\"@type\":\"ImageObject\",\"inLanguage\":\"cs\",\"@id\":\"https:\/\/www.lucernatv.cz\/#\/schema\/logo\/image\/\",\"url\":\"https:\/\/www.lucernatv.cz\/wp-content\/uploads\/2021\/02\/logo.svg\",\"contentUrl\":\"https:\/\/www.lucernatv.cz\/wp-content\/uploads\/2021\/02\/logo.svg\",\"width\":128,\"height\":41,\"caption\":\"Lucerna TV\"},\"image\":{\"@id\":\"https:\/\/www.lucernatv.cz\/#\/schema\/logo\/image\/\"},\"sameAs\":[\"https:\/\/www.facebook.com\/avtopava\",\"https:\/\/www.youtube.com\/channel\/UCtP8PPWG9JatWSMsKMOvdDg\"]},{\"@type\":\"Person\",\"@id\":\"https:\/\/www.lucernatv.cz\/#\/schema\/person\/fdc6b3778fe63c82ba7479978ad159ad\",\"name\":\"lucernatvc\",\"image\":{\"@type\":\"ImageObject\",\"inLanguage\":\"cs\",\"@id\":\"https:\/\/www.lucernatv.cz\/#\/schema\/person\/image\/\",\"url\":\"https:\/\/secure.gravatar.com\/avatar\/5b7905a95103f5227c1afd8b2a10f058?s=96&d=mm&r=g\",\"contentUrl\":\"https:\/\/secure.gravatar.com\/avatar\/5b7905a95103f5227c1afd8b2a10f058?s=96&d=mm&r=g\",\"caption\":\"lucernatvc\"},\"url\":\"https:\/\/www.lucernatv.cz\/index.php\/author\/lucernatvc\/\"}]}<\/script>\n<!-- \/ Yoast SEO plugin. -->","yoast_head_json":{"title":"5 d\u016fvod\u016f, pro\u010d je\u0161t\u011b nel\u00e9t\u00e1me na Mars - lucernatv.cz","robots":{"index":"index","follow":"follow","max-snippet":"max-snippet:-1","max-image-preview":"max-image-preview:large","max-video-preview":"max-video-preview:-1"},"canonical":"https:\/\/www.lucernatv.cz\/index.php\/2021\/02\/13\/5-duvodu-proc-jeste-neletame-na-mars\/","og_locale":"cs_CZ","og_type":"article","og_title":"5 d\u016fvod\u016f, pro\u010d je\u0161t\u011b nel\u00e9t\u00e1me na Mars - lucernatv.cz","og_description":"\u017de bude lidstvo \u201eji\u017e brzy\u201c l\u00e9tat na Mars sl\u00fdch\u00e1me u\u017e od t\u00e9 doby, co prvn\u00ed astronauti p\u0159ist\u00e1li na M\u011bs\u00edci. Ale od t\u00e9 doby po\u0159\u00e1d nic. A\u010dkoli se te\u010f diskuse na toto t\u00e9ma v\u00fdrazn\u011b o\u017eivily vlivem poutav\u00fdch prezentac\u00ed Elona Muska, st\u00e1le na Marsu \u010dlov\u011bk nest\u00e1l a je\u0161t\u011b dlouho nebude. V dne\u0161n\u00edm d\u00edle po\u0159adu Dobr\u00e9 v\u011bd\u011bt si&hellip;&nbsp;\u010c\u00edst d\u00e1le &raquo;5 d\u016fvod\u016f, pro\u010d je\u0161t\u011b nel\u00e9t\u00e1me na Mars","og_url":"https:\/\/www.lucernatv.cz\/index.php\/2021\/02\/13\/5-duvodu-proc-jeste-neletame-na-mars\/","og_site_name":"lucernatv.cz","article_publisher":"https:\/\/www.facebook.com\/avtopava","article_published_time":"2021-02-13T09:03:42+00:00","article_modified_time":"2021-02-16T23:31:39+00:00","og_image":[{"width":1280,"height":720,"url":"https:\/\/www.lucernatv.cz\/wp-content\/uploads\/2021\/02\/2neCVVTX3YU.jpg","type":"image\/jpeg"}],"author":"lucernatvc","twitter_card":"summary_large_image","twitter_misc":{"Napsal(a)":"lucernatvc"},"schema":{"@context":"https:\/\/schema.org","@graph":[{"@type":"Article","@id":"https:\/\/www.lucernatv.cz\/index.php\/2021\/02\/13\/5-duvodu-proc-jeste-neletame-na-mars\/#article","isPartOf":{"@id":"https:\/\/www.lucernatv.cz\/index.php\/2021\/02\/13\/5-duvodu-proc-jeste-neletame-na-mars\/"},"author":{"name":"lucernatvc","@id":"https:\/\/www.lucernatv.cz\/#\/schema\/person\/fdc6b3778fe63c82ba7479978ad159ad"},"headline":"5 d\u016fvod\u016f, pro\u010d je\u0161t\u011b nel\u00e9t\u00e1me na Mars","datePublished":"2021-02-13T09:03:42+00:00","dateModified":"2021-02-16T23:31:39+00:00","mainEntityOfPage":{"@id":"https:\/\/www.lucernatv.cz\/index.php\/2021\/02\/13\/5-duvodu-proc-jeste-neletame-na-mars\/"},"wordCount":109,"publisher":{"@id":"https:\/\/www.lucernatv.cz\/#organization"},"keywords":["Dobr\u00e9 v\u011bd\u011bt"],"articleSection":["p\u0159\u00edrodn\u00ed v\u011bdy","V\u011bda"],"inLanguage":"cs"},{"@type":"WebPage","@id":"https:\/\/www.lucernatv.cz\/index.php\/2021\/02\/13\/5-duvodu-proc-jeste-neletame-na-mars\/","url":"https:\/\/www.lucernatv.cz\/index.php\/2021\/02\/13\/5-duvodu-proc-jeste-neletame-na-mars\/","name":"5 d\u016fvod\u016f, pro\u010d je\u0161t\u011b nel\u00e9t\u00e1me na Mars - lucernatv.cz","isPartOf":{"@id":"https:\/\/www.lucernatv.cz\/#website"},"datePublished":"2021-02-13T09:03:42+00:00","dateModified":"2021-02-16T23:31:39+00:00","breadcrumb":{"@id":"https:\/\/www.lucernatv.cz\/index.php\/2021\/02\/13\/5-duvodu-proc-jeste-neletame-na-mars\/#breadcrumb"},"inLanguage":"cs","potentialAction":[{"@type":"ReadAction","target":["https:\/\/www.lucernatv.cz\/index.php\/2021\/02\/13\/5-duvodu-proc-jeste-neletame-na-mars\/"]}]},{"@type":"BreadcrumbList","@id":"https:\/\/www.lucernatv.cz\/index.php\/2021\/02\/13\/5-duvodu-proc-jeste-neletame-na-mars\/#breadcrumb","itemListElement":[{"@type":"ListItem","position":1,"name":"Dom\u016f","item":"https:\/\/www.lucernatv.cz\/"},{"@type":"ListItem","position":2,"name":"5 d\u016fvod\u016f, pro\u010d je\u0161t\u011b nel\u00e9t\u00e1me na Mars"}]},{"@type":"WebSite","@id":"https:\/\/www.lucernatv.cz\/#website","url":"https:\/\/www.lucernatv.cz\/","name":"lucernatv.cz","description":"Vzd\u011bl\u00e1vac\u00ed televize","publisher":{"@id":"https:\/\/www.lucernatv.cz\/#organization"},"alternateName":"Lucerna TV","potentialAction":[{"@type":"SearchAction","target":{"@type":"EntryPoint","urlTemplate":"https:\/\/www.lucernatv.cz\/?s={search_term_string}"},"query-input":"required name=search_term_string"}],"inLanguage":"cs"},{"@type":"Organization","@id":"https:\/\/www.lucernatv.cz\/#organization","name":"Lucerna TV","url":"https:\/\/www.lucernatv.cz\/","logo":{"@type":"ImageObject","inLanguage":"cs","@id":"https:\/\/www.lucernatv.cz\/#\/schema\/logo\/image\/","url":"https:\/\/www.lucernatv.cz\/wp-content\/uploads\/2021\/02\/logo.svg","contentUrl":"https:\/\/www.lucernatv.cz\/wp-content\/uploads\/2021\/02\/logo.svg","width":128,"height":41,"caption":"Lucerna TV"},"image":{"@id":"https:\/\/www.lucernatv.cz\/#\/schema\/logo\/image\/"},"sameAs":["https:\/\/www.facebook.com\/avtopava","https:\/\/www.youtube.com\/channel\/UCtP8PPWG9JatWSMsKMOvdDg"]},{"@type":"Person","@id":"https:\/\/www.lucernatv.cz\/#\/schema\/person\/fdc6b3778fe63c82ba7479978ad159ad","name":"lucernatvc","image":{"@type":"ImageObject","inLanguage":"cs","@id":"https:\/\/www.lucernatv.cz\/#\/schema\/person\/image\/","url":"https:\/\/secure.gravatar.com\/avatar\/5b7905a95103f5227c1afd8b2a10f058?s=96&d=mm&r=g","contentUrl":"https:\/\/secure.gravatar.com\/avatar\/5b7905a95103f5227c1afd8b2a10f058?s=96&d=mm&r=g","caption":"lucernatvc"},"url":"https:\/\/www.lucernatv.cz\/index.php\/author\/lucernatvc\/"}]}},"uagb_featured_image_src":{"full":["https:\/\/www.lucernatv.cz\/wp-content\/uploads\/2021\/02\/2neCVVTX3YU.jpg",1280,720,false],"thumbnail":["https:\/\/www.lucernatv.cz\/wp-content\/uploads\/2021\/02\/2neCVVTX3YU-150x150.jpg",150,150,true],"medium":["https:\/\/www.lucernatv.cz\/wp-content\/uploads\/2021\/02\/2neCVVTX3YU-300x169.jpg",300,169,true],"medium_large":["https:\/\/www.lucernatv.cz\/wp-content\/uploads\/2021\/02\/2neCVVTX3YU-768x432.jpg",768,432,true],"large":["https:\/\/www.lucernatv.cz\/wp-content\/uploads\/2021\/02\/2neCVVTX3YU.jpg",1200,675,false],"1536x1536":["https:\/\/www.lucernatv.cz\/wp-content\/uploads\/2021\/02\/2neCVVTX3YU.jpg",1280,720,false],"2048x2048":["https:\/\/www.lucernatv.cz\/wp-content\/uploads\/2021\/02\/2neCVVTX3YU.jpg",1280,720,false],"ultp_layout_landscape_large":["https:\/\/www.lucernatv.cz\/wp-content\/uploads\/2021\/02\/2neCVVTX3YU.jpg",1200,675,false],"ultp_layout_landscape":["https:\/\/www.lucernatv.cz\/wp-content\/uploads\/2021\/02\/2neCVVTX3YU.jpg",870,489,false],"ultp_layout_portrait":["https:\/\/www.lucernatv.cz\/wp-content\/uploads\/2021\/02\/2neCVVTX3YU.jpg",600,338,false],"ultp_layout_square":["https:\/\/www.lucernatv.cz\/wp-content\/uploads\/2021\/02\/2neCVVTX3YU.jpg",600,338,false],"vp_sm":["https:\/\/www.lucernatv.cz\/wp-content\/uploads\/2021\/02\/2neCVVTX3YU-500x281.jpg",500,281,true],"vp_md":["https:\/\/www.lucernatv.cz\/wp-content\/uploads\/2021\/02\/2neCVVTX3YU-800x450.jpg",800,450,true],"vp_lg":["https:\/\/www.lucernatv.cz\/wp-content\/uploads\/2021\/02\/2neCVVTX3YU.jpg",1280,720,false],"vp_xl":["https:\/\/www.lucernatv.cz\/wp-content\/uploads\/2021\/02\/2neCVVTX3YU.jpg",1280,720,false],"vp_sm_popup":["https:\/\/www.lucernatv.cz\/wp-content\/uploads\/2021\/02\/2neCVVTX3YU-500x281.jpg",500,281,true],"vp_md_popup":["https:\/\/www.lucernatv.cz\/wp-content\/uploads\/2021\/02\/2neCVVTX3YU-800x450.jpg",800,450,true],"vp_xl_popup":["https:\/\/www.lucernatv.cz\/wp-content\/uploads\/2021\/02\/2neCVVTX3YU.jpg",1280,720,false],"neve-blog":["https:\/\/www.lucernatv.cz\/wp-content\/uploads\/2021\/02\/2neCVVTX3YU.jpg",930,523,false]},"uagb_author_info":{"display_name":"lucernatvc","author_link":"https:\/\/www.lucernatv.cz\/index.php\/author\/lucernatvc\/"},"uagb_comment_info":0,"uagb_excerpt":"\u017de bude lidstvo \u201eji\u017e brzy\u201c l\u00e9tat na Mars sl\u00fdch\u00e1me u\u017e od t\u00e9 doby, co prvn\u00ed astronauti p\u0159ist\u00e1li na M\u011bs\u00edci. Ale od t\u00e9 doby po\u0159\u00e1d nic. A\u010dkoli se te\u010f diskuse na toto t\u00e9ma v\u00fdrazn\u011b o\u017eivily vlivem poutav\u00fdch prezentac\u00ed Elona Muska, st\u00e1le na Marsu \u010dlov\u011bk nest\u00e1l a je\u0161t\u011b dlouho nebude. V dne\u0161n\u00edm d\u00edle po\u0159adu Dobr\u00e9 v\u011bd\u011bt si&hellip;&nbsp;\u010c\u00edst&hellip;","_links":{"self":[{"href":"https:\/\/www.lucernatv.cz\/index.php\/wp-json\/wp\/v2\/posts\/1463"}],"collection":[{"href":"https:\/\/www.lucernatv.cz\/index.php\/wp-json\/wp\/v2\/posts"}],"about":[{"href":"https:\/\/www.lucernatv.cz\/index.php\/wp-json\/wp\/v2\/types\/post"}],"author":[{"embeddable":true,"href":"https:\/\/www.lucernatv.cz\/index.php\/wp-json\/wp\/v2\/users\/1"}],"replies":[{"embeddable":true,"href":"https:\/\/www.lucernatv.cz\/index.php\/wp-json\/wp\/v2\/comments?post=1463"}],"version-history":[{"count":1,"href":"https:\/\/www.lucernatv.cz\/index.php\/wp-json\/wp\/v2\/posts\/1463\/revisions"}],"predecessor-version":[{"id":1464,"href":"https:\/\/www.lucernatv.cz\/index.php\/wp-json\/wp\/v2\/posts\/1463\/revisions\/1464"}],"wp:featuredmedia":[{"embeddable":true,"href":"https:\/\/www.lucernatv.cz\/index.php\/wp-json\/wp\/v2\/media\/1593"}],"wp:attachment":[{"href":"https:\/\/www.lucernatv.cz\/index.php\/wp-json\/wp\/v2\/media?parent=1463"}],"wp:term":[{"taxonomy":"category","embeddable":true,"href":"https:\/\/www.lucernatv.cz\/index.php\/wp-json\/wp\/v2\/categories?post=1463"},{"taxonomy":"post_tag","embeddable":true,"href":"https:\/\/www.lucernatv.cz\/index.php\/wp-json\/wp\/v2\/tags?post=1463"}],"curies":[{"name":"wp","href":"https:\/\/api.w.org\/{rel}","templated":true}]}}