{"id":1371,"date":"2021-02-12T19:20:13","date_gmt":"2021-02-12T19:20:13","guid":{"rendered":"https:\/\/www.lucernatv.cz\/?p=1371"},"modified":"2021-02-17T00:01:22","modified_gmt":"2021-02-17T00:01:22","slug":"jan-placak-skryt-mezi-tisky","status":"publish","type":"post","link":"https:\/\/www.lucernatv.cz\/index.php\/2021\/02\/12\/jan-placak-skryt-mezi-tisky\/","title":{"rendered":"Jan Plac\u00e1k \u2013 Skryt mezi tisky"},"content":{"rendered":"\n<figure class=\"wp-block-embed is-type-video is-provider-youtube wp-block-embed-youtube wp-embed-aspect-16-9 wp-has-aspect-ratio\"><div class=\"wp-block-embed__wrapper\">\n<div class=\"nv-iframe-embed\"><div class=\"arve\" data-mode=\"normal\" data-oembed=\"1\" data-provider=\"youtube\" id=\"arve-youtube-ff3nfhlyzg469f392cb33920331970919\">\n<span class=\"arve-inner\">\n<span class=\"arve-embed arve-embed--has-aspect-ratio\">\n<span class=\"arve-ar\" style=\"padding-top:56.250000%\"><\/span><iframe allow=\"accelerometer; autoplay; clipboard-write; encrypted-media; gyroscope; picture-in-picture\" allowfullscreen class=\"arve-iframe fitvidsignore\" data-arve=\"arve-youtube-ff3nfhlyzg469f392cb33920331970919\" data-src-no-ap=\"https:\/\/www.youtube-nocookie.com\/embed\/FF3NfhlyZG4?feature=oembed&amp;iv_load_policy=3&amp;modestbranding=1&amp;rel=0&amp;autohide=1&amp;playsinline=0&amp;autoplay=0\" frameborder=\"0\" height=\"0\" sandbox=\"allow-scripts allow-same-origin allow-presentation allow-popups allow-popups-to-escape-sandbox\" scrolling=\"no\" src=\"https:\/\/www.youtube-nocookie.com\/embed\/FF3NfhlyZG4?feature=oembed&#038;iv_load_policy=3&#038;modestbranding=1&#038;rel=0&#038;autohide=1&#038;playsinline=0&#038;autoplay=0\"><\/iframe>\n\n<\/span>\n\n<\/span>\n<script type=\"application\/ld+json\">{\"@context\":\"http:\\\/\\\/schema.org\\\/\",\"@id\":\"https:\\\/\\\/www.lucernatv.cz\\\/index.php\\\/2021\\\/02\\\/12\\\/jan-placak-skryt-mezi-tisky\\\/#arve-youtube-ff3nfhlyzg469f392cb33920331970919\",\"type\":\"VideoObject\",\"embedURL\":\"https:\\\/\\\/www.youtube-nocookie.com\\\/embed\\\/FF3NfhlyZG4?feature=oembed&iv_load_policy=3&modestbranding=1&rel=0&autohide=1&playsinline=0&autoplay=0\"}<\/script>\n<\/div>\n<\/div>\n<\/div><\/figure>\n\n\n\n<p>Filmov\u00fd dokument v\u011bnovan\u00fd p\u0159\u00edb\u011bhu Jana Plac\u00e1ka, pra\u017esk\u00e9ho antikv\u00e1\u0159e, jeho\u017e ml\u00e1d\u00ed v dob\u011b komunismu bylo z\u00e1sadn\u011b ovlivn\u011bno situac\u00ed, kter\u00e1 nastala po okupaci \u010ceskoslovenska v roce 1968. Tato ud\u00e1lost z\u00e1sadn\u011b p\u0159edur\u010dila vztah Jana Plac\u00e1ka a jeho rodiny k nastupuj\u00edc\u00edmu normaliza\u010dn\u00edmu re\u017eimu. Otec Bed\u0159ich Plac\u00e1k se stal signat\u00e1\u0159em a tak\u00e9 mluv\u010d\u00edm Charty 77, Jan i jeho mlad\u0161\u00ed bratr Petr se tak\u00e9 v\u00fdrazn\u011b zapojili do protire\u017eimn\u00edch aktivit disentu. To znamenalo policejn\u00ed \u0161ikanu, sledov\u00e1n\u00ed, v\u00fdslechy a ob\u010dasn\u00e1 zadr\u017een\u00ed na St\u00e1tn\u00ed bezpe\u010dnosti.<\/p>\n\n\n\n<div class=\"wp-block-file\"><a href=\"https:\/\/www.lucernatv.cz\/wp-content\/uploads\/2020\/03\/SGS-metodika-J.Placak.pdf\">METODIKA<\/a><a href=\"https:\/\/www.lucernatv.cz\/wp-content\/uploads\/2020\/03\/SGS-metodika-J.Placak.pdf\" class=\"wp-block-file__button\" download>St\u00e1hnout<\/a><\/div>\n","protected":false},"excerpt":{"rendered":"<p>Filmov\u00fd dokument v\u011bnovan\u00fd p\u0159\u00edb\u011bhu Jana Plac\u00e1ka, pra\u017esk\u00e9ho antikv\u00e1\u0159e, jeho\u017e ml\u00e1d\u00ed v dob\u011b komunismu bylo z\u00e1sadn\u011b ovlivn\u011bno situac\u00ed, kter\u00e1 nastala po okupaci \u010ceskoslovenska v roce 1968. Tato ud\u00e1lost z\u00e1sadn\u011b p\u0159edur\u010dila vztah Jana Plac\u00e1ka a jeho rodiny k nastupuj\u00edc\u00edmu normaliza\u010dn\u00edmu re\u017eimu. Otec Bed\u0159ich Plac\u00e1k se stal signat\u00e1\u0159em a tak\u00e9 mluv\u010d\u00edm Charty 77, Jan i jeho mlad\u0161\u00ed bratr&hellip;&nbsp;<a href=\"https:\/\/www.lucernatv.cz\/index.php\/2021\/02\/12\/jan-placak-skryt-mezi-tisky\/\" class=\"\" rel=\"bookmark\">\u010c\u00edst d\u00e1le &raquo;<span class=\"screen-reader-text\">Jan Plac\u00e1k \u2013 Skryt mezi tisky<\/span><\/a><\/p>\n","protected":false},"author":1,"featured_media":1655,"comment_status":"closed","ping_status":"open","sticky":false,"template":"","format":"gallery","meta":{"inline_featured_image":false,"_uag_custom_page_level_css":"","neve_meta_sidebar":"","neve_meta_container":"","neve_meta_enable_content_width":"","neve_meta_content_width":0,"neve_meta_title_alignment":"","neve_meta_author_avatar":"","neve_post_elements_order":"","neve_meta_disable_header":"","neve_meta_disable_footer":"","neve_meta_disable_title":"","_vp_format_video_url":"","_vp_image_focal_point":[]},"categories":[15,21,5,4],"tags":[24],"yoast_head":"<!-- This site is optimized with the Yoast SEO plugin v20.12 - https:\/\/yoast.com\/wordpress\/plugins\/seo\/ -->\n<title>Jan Plac\u00e1k \u2013 Skryt mezi tisky - lucernatv.cz<\/title>\n<meta name=\"robots\" content=\"index, follow, max-snippet:-1, max-image-preview:large, max-video-preview:-1\" \/>\n<link rel=\"canonical\" href=\"https:\/\/www.lucernatv.cz\/index.php\/2021\/02\/12\/jan-placak-skryt-mezi-tisky\/\" \/>\n<meta property=\"og:locale\" content=\"cs_CZ\" \/>\n<meta property=\"og:type\" content=\"article\" \/>\n<meta property=\"og:title\" content=\"Jan Plac\u00e1k \u2013 Skryt mezi tisky - lucernatv.cz\" \/>\n<meta property=\"og:description\" content=\"Filmov\u00fd dokument v\u011bnovan\u00fd p\u0159\u00edb\u011bhu Jana Plac\u00e1ka, pra\u017esk\u00e9ho antikv\u00e1\u0159e, jeho\u017e ml\u00e1d\u00ed v dob\u011b komunismu bylo z\u00e1sadn\u011b ovlivn\u011bno situac\u00ed, kter\u00e1 nastala po okupaci \u010ceskoslovenska v roce 1968. Tato ud\u00e1lost z\u00e1sadn\u011b p\u0159edur\u010dila vztah Jana Plac\u00e1ka a jeho rodiny k nastupuj\u00edc\u00edmu normaliza\u010dn\u00edmu re\u017eimu. Otec Bed\u0159ich Plac\u00e1k se stal signat\u00e1\u0159em a tak\u00e9 mluv\u010d\u00edm Charty 77, Jan i jeho mlad\u0161\u00ed bratr&hellip;&nbsp;\u010c\u00edst d\u00e1le &raquo;Jan Plac\u00e1k \u2013 Skryt mezi tisky\" \/>\n<meta property=\"og:url\" content=\"https:\/\/www.lucernatv.cz\/index.php\/2021\/02\/12\/jan-placak-skryt-mezi-tisky\/\" \/>\n<meta property=\"og:site_name\" content=\"lucernatv.cz\" \/>\n<meta property=\"article:publisher\" content=\"https:\/\/www.facebook.com\/avtopava\" \/>\n<meta property=\"article:published_time\" content=\"2021-02-12T19:20:13+00:00\" \/>\n<meta property=\"article:modified_time\" content=\"2021-02-17T00:01:22+00:00\" \/>\n<meta property=\"og:image\" content=\"https:\/\/www.lucernatv.cz\/wp-content\/uploads\/2021\/02\/FF3NfhlyZG4.jpg\" \/>\n\t<meta property=\"og:image:width\" content=\"1280\" \/>\n\t<meta property=\"og:image:height\" content=\"720\" \/>\n\t<meta property=\"og:image:type\" content=\"image\/jpeg\" \/>\n<meta name=\"author\" content=\"lucernatvc\" \/>\n<meta name=\"twitter:card\" content=\"summary_large_image\" \/>\n<meta name=\"twitter:label1\" content=\"Napsal(a)\" \/>\n\t<meta name=\"twitter:data1\" content=\"lucernatvc\" \/>\n\t<meta name=\"twitter:label2\" content=\"Odhadovan\u00e1 doba \u010dten\u00ed\" \/>\n\t<meta name=\"twitter:data2\" content=\"1 minuta\" \/>\n<script type=\"application\/ld+json\" class=\"yoast-schema-graph\">{\"@context\":\"https:\/\/schema.org\",\"@graph\":[{\"@type\":\"Article\",\"@id\":\"https:\/\/www.lucernatv.cz\/index.php\/2021\/02\/12\/jan-placak-skryt-mezi-tisky\/#article\",\"isPartOf\":{\"@id\":\"https:\/\/www.lucernatv.cz\/index.php\/2021\/02\/12\/jan-placak-skryt-mezi-tisky\/\"},\"author\":{\"name\":\"lucernatvc\",\"@id\":\"https:\/\/www.lucernatv.cz\/#\/schema\/person\/fdc6b3778fe63c82ba7479978ad159ad\"},\"headline\":\"Jan Plac\u00e1k \u2013 Skryt mezi tisky\",\"datePublished\":\"2021-02-12T19:20:13+00:00\",\"dateModified\":\"2021-02-17T00:01:22+00:00\",\"mainEntityOfPage\":{\"@id\":\"https:\/\/www.lucernatv.cz\/index.php\/2021\/02\/12\/jan-placak-skryt-mezi-tisky\/\"},\"wordCount\":124,\"publisher\":{\"@id\":\"https:\/\/www.lucernatv.cz\/#organization\"},\"keywords\":[\"dokument\"],\"articleSection\":[\"historie\",\"osobnosti\",\"Spole\u010dnost\",\"V\u011bda\"],\"inLanguage\":\"cs\"},{\"@type\":\"WebPage\",\"@id\":\"https:\/\/www.lucernatv.cz\/index.php\/2021\/02\/12\/jan-placak-skryt-mezi-tisky\/\",\"url\":\"https:\/\/www.lucernatv.cz\/index.php\/2021\/02\/12\/jan-placak-skryt-mezi-tisky\/\",\"name\":\"Jan Plac\u00e1k \u2013 Skryt mezi tisky - lucernatv.cz\",\"isPartOf\":{\"@id\":\"https:\/\/www.lucernatv.cz\/#website\"},\"datePublished\":\"2021-02-12T19:20:13+00:00\",\"dateModified\":\"2021-02-17T00:01:22+00:00\",\"breadcrumb\":{\"@id\":\"https:\/\/www.lucernatv.cz\/index.php\/2021\/02\/12\/jan-placak-skryt-mezi-tisky\/#breadcrumb\"},\"inLanguage\":\"cs\",\"potentialAction\":[{\"@type\":\"ReadAction\",\"target\":[\"https:\/\/www.lucernatv.cz\/index.php\/2021\/02\/12\/jan-placak-skryt-mezi-tisky\/\"]}]},{\"@type\":\"BreadcrumbList\",\"@id\":\"https:\/\/www.lucernatv.cz\/index.php\/2021\/02\/12\/jan-placak-skryt-mezi-tisky\/#breadcrumb\",\"itemListElement\":[{\"@type\":\"ListItem\",\"position\":1,\"name\":\"Dom\u016f\",\"item\":\"https:\/\/www.lucernatv.cz\/\"},{\"@type\":\"ListItem\",\"position\":2,\"name\":\"Jan Plac\u00e1k \u2013 Skryt mezi tisky\"}]},{\"@type\":\"WebSite\",\"@id\":\"https:\/\/www.lucernatv.cz\/#website\",\"url\":\"https:\/\/www.lucernatv.cz\/\",\"name\":\"lucernatv.cz\",\"description\":\"Vzd\u011bl\u00e1vac\u00ed televize\",\"publisher\":{\"@id\":\"https:\/\/www.lucernatv.cz\/#organization\"},\"alternateName\":\"Lucerna TV\",\"potentialAction\":[{\"@type\":\"SearchAction\",\"target\":{\"@type\":\"EntryPoint\",\"urlTemplate\":\"https:\/\/www.lucernatv.cz\/?s={search_term_string}\"},\"query-input\":\"required name=search_term_string\"}],\"inLanguage\":\"cs\"},{\"@type\":\"Organization\",\"@id\":\"https:\/\/www.lucernatv.cz\/#organization\",\"name\":\"Lucerna TV\",\"url\":\"https:\/\/www.lucernatv.cz\/\",\"logo\":{\"@type\":\"ImageObject\",\"inLanguage\":\"cs\",\"@id\":\"https:\/\/www.lucernatv.cz\/#\/schema\/logo\/image\/\",\"url\":\"https:\/\/www.lucernatv.cz\/wp-content\/uploads\/2021\/02\/logo.svg\",\"contentUrl\":\"https:\/\/www.lucernatv.cz\/wp-content\/uploads\/2021\/02\/logo.svg\",\"width\":128,\"height\":41,\"caption\":\"Lucerna TV\"},\"image\":{\"@id\":\"https:\/\/www.lucernatv.cz\/#\/schema\/logo\/image\/\"},\"sameAs\":[\"https:\/\/www.facebook.com\/avtopava\",\"https:\/\/www.youtube.com\/channel\/UCtP8PPWG9JatWSMsKMOvdDg\"]},{\"@type\":\"Person\",\"@id\":\"https:\/\/www.lucernatv.cz\/#\/schema\/person\/fdc6b3778fe63c82ba7479978ad159ad\",\"name\":\"lucernatvc\",\"image\":{\"@type\":\"ImageObject\",\"inLanguage\":\"cs\",\"@id\":\"https:\/\/www.lucernatv.cz\/#\/schema\/person\/image\/\",\"url\":\"https:\/\/secure.gravatar.com\/avatar\/5b7905a95103f5227c1afd8b2a10f058?s=96&d=mm&r=g\",\"contentUrl\":\"https:\/\/secure.gravatar.com\/avatar\/5b7905a95103f5227c1afd8b2a10f058?s=96&d=mm&r=g\",\"caption\":\"lucernatvc\"},\"url\":\"https:\/\/www.lucernatv.cz\/index.php\/author\/lucernatvc\/\"}]}<\/script>\n<!-- \/ Yoast SEO plugin. -->","yoast_head_json":{"title":"Jan Plac\u00e1k \u2013 Skryt mezi tisky - lucernatv.cz","robots":{"index":"index","follow":"follow","max-snippet":"max-snippet:-1","max-image-preview":"max-image-preview:large","max-video-preview":"max-video-preview:-1"},"canonical":"https:\/\/www.lucernatv.cz\/index.php\/2021\/02\/12\/jan-placak-skryt-mezi-tisky\/","og_locale":"cs_CZ","og_type":"article","og_title":"Jan Plac\u00e1k \u2013 Skryt mezi tisky - lucernatv.cz","og_description":"Filmov\u00fd dokument v\u011bnovan\u00fd p\u0159\u00edb\u011bhu Jana Plac\u00e1ka, pra\u017esk\u00e9ho antikv\u00e1\u0159e, jeho\u017e ml\u00e1d\u00ed v dob\u011b komunismu bylo z\u00e1sadn\u011b ovlivn\u011bno situac\u00ed, kter\u00e1 nastala po okupaci \u010ceskoslovenska v roce 1968. Tato ud\u00e1lost z\u00e1sadn\u011b p\u0159edur\u010dila vztah Jana Plac\u00e1ka a jeho rodiny k nastupuj\u00edc\u00edmu normaliza\u010dn\u00edmu re\u017eimu. Otec Bed\u0159ich Plac\u00e1k se stal signat\u00e1\u0159em a tak\u00e9 mluv\u010d\u00edm Charty 77, Jan i jeho mlad\u0161\u00ed bratr&hellip;&nbsp;\u010c\u00edst d\u00e1le &raquo;Jan Plac\u00e1k \u2013 Skryt mezi tisky","og_url":"https:\/\/www.lucernatv.cz\/index.php\/2021\/02\/12\/jan-placak-skryt-mezi-tisky\/","og_site_name":"lucernatv.cz","article_publisher":"https:\/\/www.facebook.com\/avtopava","article_published_time":"2021-02-12T19:20:13+00:00","article_modified_time":"2021-02-17T00:01:22+00:00","og_image":[{"width":1280,"height":720,"url":"https:\/\/www.lucernatv.cz\/wp-content\/uploads\/2021\/02\/FF3NfhlyZG4.jpg","type":"image\/jpeg"}],"author":"lucernatvc","twitter_card":"summary_large_image","twitter_misc":{"Napsal(a)":"lucernatvc","Odhadovan\u00e1 doba \u010dten\u00ed":"1 minuta"},"schema":{"@context":"https:\/\/schema.org","@graph":[{"@type":"Article","@id":"https:\/\/www.lucernatv.cz\/index.php\/2021\/02\/12\/jan-placak-skryt-mezi-tisky\/#article","isPartOf":{"@id":"https:\/\/www.lucernatv.cz\/index.php\/2021\/02\/12\/jan-placak-skryt-mezi-tisky\/"},"author":{"name":"lucernatvc","@id":"https:\/\/www.lucernatv.cz\/#\/schema\/person\/fdc6b3778fe63c82ba7479978ad159ad"},"headline":"Jan Plac\u00e1k \u2013 Skryt mezi tisky","datePublished":"2021-02-12T19:20:13+00:00","dateModified":"2021-02-17T00:01:22+00:00","mainEntityOfPage":{"@id":"https:\/\/www.lucernatv.cz\/index.php\/2021\/02\/12\/jan-placak-skryt-mezi-tisky\/"},"wordCount":124,"publisher":{"@id":"https:\/\/www.lucernatv.cz\/#organization"},"keywords":["dokument"],"articleSection":["historie","osobnosti","Spole\u010dnost","V\u011bda"],"inLanguage":"cs"},{"@type":"WebPage","@id":"https:\/\/www.lucernatv.cz\/index.php\/2021\/02\/12\/jan-placak-skryt-mezi-tisky\/","url":"https:\/\/www.lucernatv.cz\/index.php\/2021\/02\/12\/jan-placak-skryt-mezi-tisky\/","name":"Jan Plac\u00e1k \u2013 Skryt mezi tisky - lucernatv.cz","isPartOf":{"@id":"https:\/\/www.lucernatv.cz\/#website"},"datePublished":"2021-02-12T19:20:13+00:00","dateModified":"2021-02-17T00:01:22+00:00","breadcrumb":{"@id":"https:\/\/www.lucernatv.cz\/index.php\/2021\/02\/12\/jan-placak-skryt-mezi-tisky\/#breadcrumb"},"inLanguage":"cs","potentialAction":[{"@type":"ReadAction","target":["https:\/\/www.lucernatv.cz\/index.php\/2021\/02\/12\/jan-placak-skryt-mezi-tisky\/"]}]},{"@type":"BreadcrumbList","@id":"https:\/\/www.lucernatv.cz\/index.php\/2021\/02\/12\/jan-placak-skryt-mezi-tisky\/#breadcrumb","itemListElement":[{"@type":"ListItem","position":1,"name":"Dom\u016f","item":"https:\/\/www.lucernatv.cz\/"},{"@type":"ListItem","position":2,"name":"Jan Plac\u00e1k \u2013 Skryt mezi tisky"}]},{"@type":"WebSite","@id":"https:\/\/www.lucernatv.cz\/#website","url":"https:\/\/www.lucernatv.cz\/","name":"lucernatv.cz","description":"Vzd\u011bl\u00e1vac\u00ed televize","publisher":{"@id":"https:\/\/www.lucernatv.cz\/#organization"},"alternateName":"Lucerna TV","potentialAction":[{"@type":"SearchAction","target":{"@type":"EntryPoint","urlTemplate":"https:\/\/www.lucernatv.cz\/?s={search_term_string}"},"query-input":"required name=search_term_string"}],"inLanguage":"cs"},{"@type":"Organization","@id":"https:\/\/www.lucernatv.cz\/#organization","name":"Lucerna TV","url":"https:\/\/www.lucernatv.cz\/","logo":{"@type":"ImageObject","inLanguage":"cs","@id":"https:\/\/www.lucernatv.cz\/#\/schema\/logo\/image\/","url":"https:\/\/www.lucernatv.cz\/wp-content\/uploads\/2021\/02\/logo.svg","contentUrl":"https:\/\/www.lucernatv.cz\/wp-content\/uploads\/2021\/02\/logo.svg","width":128,"height":41,"caption":"Lucerna TV"},"image":{"@id":"https:\/\/www.lucernatv.cz\/#\/schema\/logo\/image\/"},"sameAs":["https:\/\/www.facebook.com\/avtopava","https:\/\/www.youtube.com\/channel\/UCtP8PPWG9JatWSMsKMOvdDg"]},{"@type":"Person","@id":"https:\/\/www.lucernatv.cz\/#\/schema\/person\/fdc6b3778fe63c82ba7479978ad159ad","name":"lucernatvc","image":{"@type":"ImageObject","inLanguage":"cs","@id":"https:\/\/www.lucernatv.cz\/#\/schema\/person\/image\/","url":"https:\/\/secure.gravatar.com\/avatar\/5b7905a95103f5227c1afd8b2a10f058?s=96&d=mm&r=g","contentUrl":"https:\/\/secure.gravatar.com\/avatar\/5b7905a95103f5227c1afd8b2a10f058?s=96&d=mm&r=g","caption":"lucernatvc"},"url":"https:\/\/www.lucernatv.cz\/index.php\/author\/lucernatvc\/"}]}},"uagb_featured_image_src":{"full":["https:\/\/www.lucernatv.cz\/wp-content\/uploads\/2021\/02\/FF3NfhlyZG4.jpg",1280,720,false],"thumbnail":["https:\/\/www.lucernatv.cz\/wp-content\/uploads\/2021\/02\/FF3NfhlyZG4-150x150.jpg",150,150,true],"medium":["https:\/\/www.lucernatv.cz\/wp-content\/uploads\/2021\/02\/FF3NfhlyZG4-300x169.jpg",300,169,true],"medium_large":["https:\/\/www.lucernatv.cz\/wp-content\/uploads\/2021\/02\/FF3NfhlyZG4-768x432.jpg",768,432,true],"large":["https:\/\/www.lucernatv.cz\/wp-content\/uploads\/2021\/02\/FF3NfhlyZG4.jpg",1200,675,false],"1536x1536":["https:\/\/www.lucernatv.cz\/wp-content\/uploads\/2021\/02\/FF3NfhlyZG4.jpg",1280,720,false],"2048x2048":["https:\/\/www.lucernatv.cz\/wp-content\/uploads\/2021\/02\/FF3NfhlyZG4.jpg",1280,720,false],"ultp_layout_landscape_large":["https:\/\/www.lucernatv.cz\/wp-content\/uploads\/2021\/02\/FF3NfhlyZG4.jpg",1200,675,false],"ultp_layout_landscape":["https:\/\/www.lucernatv.cz\/wp-content\/uploads\/2021\/02\/FF3NfhlyZG4.jpg",870,489,false],"ultp_layout_portrait":["https:\/\/www.lucernatv.cz\/wp-content\/uploads\/2021\/02\/FF3NfhlyZG4.jpg",600,338,false],"ultp_layout_square":["https:\/\/www.lucernatv.cz\/wp-content\/uploads\/2021\/02\/FF3NfhlyZG4.jpg",600,338,false],"vp_sm":["https:\/\/www.lucernatv.cz\/wp-content\/uploads\/2021\/02\/FF3NfhlyZG4-500x281.jpg",500,281,true],"vp_md":["https:\/\/www.lucernatv.cz\/wp-content\/uploads\/2021\/02\/FF3NfhlyZG4-800x450.jpg",800,450,true],"vp_lg":["https:\/\/www.lucernatv.cz\/wp-content\/uploads\/2021\/02\/FF3NfhlyZG4.jpg",1280,720,false],"vp_xl":["https:\/\/www.lucernatv.cz\/wp-content\/uploads\/2021\/02\/FF3NfhlyZG4.jpg",1280,720,false],"vp_sm_popup":["https:\/\/www.lucernatv.cz\/wp-content\/uploads\/2021\/02\/FF3NfhlyZG4-500x281.jpg",500,281,true],"vp_md_popup":["https:\/\/www.lucernatv.cz\/wp-content\/uploads\/2021\/02\/FF3NfhlyZG4-800x450.jpg",800,450,true],"vp_xl_popup":["https:\/\/www.lucernatv.cz\/wp-content\/uploads\/2021\/02\/FF3NfhlyZG4.jpg",1280,720,false],"neve-blog":["https:\/\/www.lucernatv.cz\/wp-content\/uploads\/2021\/02\/FF3NfhlyZG4.jpg",930,523,false]},"uagb_author_info":{"display_name":"lucernatvc","author_link":"https:\/\/www.lucernatv.cz\/index.php\/author\/lucernatvc\/"},"uagb_comment_info":0,"uagb_excerpt":"Filmov\u00fd dokument v\u011bnovan\u00fd p\u0159\u00edb\u011bhu Jana Plac\u00e1ka, pra\u017esk\u00e9ho antikv\u00e1\u0159e, jeho\u017e ml\u00e1d\u00ed v dob\u011b komunismu bylo z\u00e1sadn\u011b ovlivn\u011bno situac\u00ed, kter\u00e1 nastala po okupaci \u010ceskoslovenska v roce 1968. Tato ud\u00e1lost z\u00e1sadn\u011b p\u0159edur\u010dila vztah Jana Plac\u00e1ka a jeho rodiny k nastupuj\u00edc\u00edmu normaliza\u010dn\u00edmu re\u017eimu. Otec Bed\u0159ich Plac\u00e1k se stal signat\u00e1\u0159em a tak\u00e9 mluv\u010d\u00edm Charty 77, Jan i jeho mlad\u0161\u00ed bratr&hellip;&nbsp;\u010c\u00edst&hellip;","_links":{"self":[{"href":"https:\/\/www.lucernatv.cz\/index.php\/wp-json\/wp\/v2\/posts\/1371"}],"collection":[{"href":"https:\/\/www.lucernatv.cz\/index.php\/wp-json\/wp\/v2\/posts"}],"about":[{"href":"https:\/\/www.lucernatv.cz\/index.php\/wp-json\/wp\/v2\/types\/post"}],"author":[{"embeddable":true,"href":"https:\/\/www.lucernatv.cz\/index.php\/wp-json\/wp\/v2\/users\/1"}],"replies":[{"embeddable":true,"href":"https:\/\/www.lucernatv.cz\/index.php\/wp-json\/wp\/v2\/comments?post=1371"}],"version-history":[{"count":1,"href":"https:\/\/www.lucernatv.cz\/index.php\/wp-json\/wp\/v2\/posts\/1371\/revisions"}],"predecessor-version":[{"id":1372,"href":"https:\/\/www.lucernatv.cz\/index.php\/wp-json\/wp\/v2\/posts\/1371\/revisions\/1372"}],"wp:featuredmedia":[{"embeddable":true,"href":"https:\/\/www.lucernatv.cz\/index.php\/wp-json\/wp\/v2\/media\/1655"}],"wp:attachment":[{"href":"https:\/\/www.lucernatv.cz\/index.php\/wp-json\/wp\/v2\/media?parent=1371"}],"wp:term":[{"taxonomy":"category","embeddable":true,"href":"https:\/\/www.lucernatv.cz\/index.php\/wp-json\/wp\/v2\/categories?post=1371"},{"taxonomy":"post_tag","embeddable":true,"href":"https:\/\/www.lucernatv.cz\/index.php\/wp-json\/wp\/v2\/tags?post=1371"}],"curies":[{"name":"wp","href":"https:\/\/api.w.org\/{rel}","templated":true}]}}