{"id":1358,"date":"2021-02-12T19:02:30","date_gmt":"2021-02-12T19:02:30","guid":{"rendered":"https:\/\/www.lucernatv.cz\/?p=1358"},"modified":"2021-02-17T00:02:47","modified_gmt":"2021-02-17T00:02:47","slug":"familie-korbel-pribeh-z-druhe-strany","status":"publish","type":"post","link":"https:\/\/www.lucernatv.cz\/index.php\/2021\/02\/12\/familie-korbel-pribeh-z-druhe-strany\/","title":{"rendered":"Familie Korbel \u2013 P\u0159\u00edb\u011bh z druh\u00e9 strany"},"content":{"rendered":"\n<figure class=\"wp-block-embed is-type-video is-provider-youtube wp-block-embed-youtube wp-embed-aspect-16-9 wp-has-aspect-ratio\"><div class=\"wp-block-embed__wrapper\">\n<div class=\"nv-iframe-embed\"><div class=\"arve\" data-mode=\"normal\" data-oembed=\"1\" data-provider=\"youtube\" id=\"arve-youtube-azc8ormvmmq69f39144aa234865018412\">\n<span class=\"arve-inner\">\n<span class=\"arve-embed arve-embed--has-aspect-ratio\">\n<span class=\"arve-ar\" style=\"padding-top:56.250000%\"><\/span><iframe allow=\"accelerometer; autoplay; clipboard-write; encrypted-media; gyroscope; picture-in-picture\" allowfullscreen class=\"arve-iframe fitvidsignore\" data-arve=\"arve-youtube-azc8ormvmmq69f39144aa234865018412\" data-src-no-ap=\"https:\/\/www.youtube-nocookie.com\/embed\/azC8ormvMmQ?feature=oembed&amp;iv_load_policy=3&amp;modestbranding=1&amp;rel=0&amp;autohide=1&amp;playsinline=0&amp;autoplay=0\" frameborder=\"0\" height=\"0\" sandbox=\"allow-scripts allow-same-origin allow-presentation allow-popups allow-popups-to-escape-sandbox\" scrolling=\"no\" src=\"https:\/\/www.youtube-nocookie.com\/embed\/azC8ormvMmQ?feature=oembed&#038;iv_load_policy=3&#038;modestbranding=1&#038;rel=0&#038;autohide=1&#038;playsinline=0&#038;autoplay=0\"><\/iframe>\n\n<\/span>\n\n<\/span>\n<script type=\"application\/ld+json\">{\"@context\":\"http:\\\/\\\/schema.org\\\/\",\"@id\":\"https:\\\/\\\/www.lucernatv.cz\\\/index.php\\\/2021\\\/02\\\/12\\\/familie-korbel-pribeh-z-druhe-strany\\\/#arve-youtube-azc8ormvmmq69f39144aa234865018412\",\"type\":\"VideoObject\",\"embedURL\":\"https:\\\/\\\/www.youtube-nocookie.com\\\/embed\\\/azC8ormvMmQ?feature=oembed&iv_load_policy=3&modestbranding=1&rel=0&autohide=1&playsinline=0&autoplay=0\"}<\/script>\n<\/div>\n<\/div>\n<\/div><\/figure>\n\n\n\n<p>Filmov\u00fd dokument l\u00ed\u010d\u00ed p\u0159\u00edb\u011bh sourozenc\u016f Korbelov\u00fdch a jejich rodi\u010d\u016f na sklonku II. sv\u011btov\u00e9 v\u00e1lky a po jej\u00edm skon\u010den\u00ed. Sn\u00edmek otev\u00edr\u00e1 t\u00e9ma v letech komunismu tabuizovan\u00e9 a v posledn\u00edch dek\u00e1d\u00e1ch siln\u011b diskutovan\u00e9 a historicky intenzivn\u011b zkouman\u00e9 \u2013 popisuje osudy jedn\u00e9 z rodin \u010desk\u00fdch N\u011bmc\u016f, kter\u00e1 byla v pov\u00e1le\u010dn\u00e9m obdob\u00ed vy\u0159azena z odsunu.<\/p>\n\n\n\n<div class=\"wp-block-file\"><a href=\"https:\/\/www.lucernatv.cz\/wp-content\/uploads\/2020\/03\/Familie-Korbel.pdf\">METODIKA<\/a><a href=\"https:\/\/www.lucernatv.cz\/wp-content\/uploads\/2020\/03\/Familie-Korbel.pdf\" class=\"wp-block-file__button\" download>St\u00e1hnout<\/a><\/div>\n","protected":false},"excerpt":{"rendered":"<p>Filmov\u00fd dokument l\u00ed\u010d\u00ed p\u0159\u00edb\u011bh sourozenc\u016f Korbelov\u00fdch a jejich rodi\u010d\u016f na sklonku II. sv\u011btov\u00e9 v\u00e1lky a po jej\u00edm skon\u010den\u00ed. Sn\u00edmek otev\u00edr\u00e1 t\u00e9ma v letech komunismu tabuizovan\u00e9 a v posledn\u00edch dek\u00e1d\u00e1ch siln\u011b diskutovan\u00e9 a historicky intenzivn\u011b zkouman\u00e9 \u2013 popisuje osudy jedn\u00e9 z rodin \u010desk\u00fdch N\u011bmc\u016f, kter\u00e1 byla v pov\u00e1le\u010dn\u00e9m obdob\u00ed vy\u0159azena z odsunu.<\/p>\n","protected":false},"author":1,"featured_media":1661,"comment_status":"closed","ping_status":"open","sticky":false,"template":"","format":"gallery","meta":{"inline_featured_image":false,"_uag_custom_page_level_css":"","neve_meta_sidebar":"","neve_meta_container":"","neve_meta_enable_content_width":"","neve_meta_content_width":0,"neve_meta_title_alignment":"","neve_meta_author_avatar":"","neve_post_elements_order":"","neve_meta_disable_header":"","neve_meta_disable_footer":"","neve_meta_disable_title":"","_vp_format_video_url":"","_vp_image_focal_point":[]},"categories":[15,21,5,4],"tags":[24],"yoast_head":"<!-- This site is optimized with the Yoast SEO plugin v20.12 - https:\/\/yoast.com\/wordpress\/plugins\/seo\/ -->\n<title>Familie Korbel \u2013 P\u0159\u00edb\u011bh z druh\u00e9 strany - lucernatv.cz<\/title>\n<meta name=\"robots\" content=\"index, follow, max-snippet:-1, max-image-preview:large, max-video-preview:-1\" \/>\n<link rel=\"canonical\" href=\"https:\/\/www.lucernatv.cz\/index.php\/2021\/02\/12\/familie-korbel-pribeh-z-druhe-strany\/\" \/>\n<meta property=\"og:locale\" content=\"cs_CZ\" \/>\n<meta property=\"og:type\" content=\"article\" \/>\n<meta property=\"og:title\" content=\"Familie Korbel \u2013 P\u0159\u00edb\u011bh z druh\u00e9 strany - lucernatv.cz\" \/>\n<meta property=\"og:description\" content=\"Filmov\u00fd dokument l\u00ed\u010d\u00ed p\u0159\u00edb\u011bh sourozenc\u016f Korbelov\u00fdch a jejich rodi\u010d\u016f na sklonku II. sv\u011btov\u00e9 v\u00e1lky a po jej\u00edm skon\u010den\u00ed. Sn\u00edmek otev\u00edr\u00e1 t\u00e9ma v letech komunismu tabuizovan\u00e9 a v posledn\u00edch dek\u00e1d\u00e1ch siln\u011b diskutovan\u00e9 a historicky intenzivn\u011b zkouman\u00e9 \u2013 popisuje osudy jedn\u00e9 z rodin \u010desk\u00fdch N\u011bmc\u016f, kter\u00e1 byla v pov\u00e1le\u010dn\u00e9m obdob\u00ed vy\u0159azena z odsunu.\" \/>\n<meta property=\"og:url\" content=\"https:\/\/www.lucernatv.cz\/index.php\/2021\/02\/12\/familie-korbel-pribeh-z-druhe-strany\/\" \/>\n<meta property=\"og:site_name\" content=\"lucernatv.cz\" \/>\n<meta property=\"article:publisher\" content=\"https:\/\/www.facebook.com\/avtopava\" \/>\n<meta property=\"article:published_time\" content=\"2021-02-12T19:02:30+00:00\" \/>\n<meta property=\"article:modified_time\" content=\"2021-02-17T00:02:47+00:00\" \/>\n<meta property=\"og:image\" content=\"https:\/\/www.lucernatv.cz\/wp-content\/uploads\/2021\/02\/azC8ormvMmQ.jpg\" \/>\n\t<meta property=\"og:image:width\" content=\"480\" \/>\n\t<meta property=\"og:image:height\" content=\"360\" \/>\n\t<meta property=\"og:image:type\" content=\"image\/jpeg\" \/>\n<meta name=\"author\" content=\"lucernatvc\" \/>\n<meta name=\"twitter:card\" content=\"summary_large_image\" \/>\n<meta name=\"twitter:label1\" content=\"Napsal(a)\" \/>\n\t<meta name=\"twitter:data1\" content=\"lucernatvc\" \/>\n<script type=\"application\/ld+json\" class=\"yoast-schema-graph\">{\"@context\":\"https:\/\/schema.org\",\"@graph\":[{\"@type\":\"Article\",\"@id\":\"https:\/\/www.lucernatv.cz\/index.php\/2021\/02\/12\/familie-korbel-pribeh-z-druhe-strany\/#article\",\"isPartOf\":{\"@id\":\"https:\/\/www.lucernatv.cz\/index.php\/2021\/02\/12\/familie-korbel-pribeh-z-druhe-strany\/\"},\"author\":{\"name\":\"lucernatvc\",\"@id\":\"https:\/\/www.lucernatv.cz\/#\/schema\/person\/fdc6b3778fe63c82ba7479978ad159ad\"},\"headline\":\"Familie Korbel \u2013 P\u0159\u00edb\u011bh z druh\u00e9 strany\",\"datePublished\":\"2021-02-12T19:02:30+00:00\",\"dateModified\":\"2021-02-17T00:02:47+00:00\",\"mainEntityOfPage\":{\"@id\":\"https:\/\/www.lucernatv.cz\/index.php\/2021\/02\/12\/familie-korbel-pribeh-z-druhe-strany\/\"},\"wordCount\":88,\"publisher\":{\"@id\":\"https:\/\/www.lucernatv.cz\/#organization\"},\"keywords\":[\"dokument\"],\"articleSection\":[\"historie\",\"osobnosti\",\"Spole\u010dnost\",\"V\u011bda\"],\"inLanguage\":\"cs\"},{\"@type\":\"WebPage\",\"@id\":\"https:\/\/www.lucernatv.cz\/index.php\/2021\/02\/12\/familie-korbel-pribeh-z-druhe-strany\/\",\"url\":\"https:\/\/www.lucernatv.cz\/index.php\/2021\/02\/12\/familie-korbel-pribeh-z-druhe-strany\/\",\"name\":\"Familie Korbel \u2013 P\u0159\u00edb\u011bh z druh\u00e9 strany - lucernatv.cz\",\"isPartOf\":{\"@id\":\"https:\/\/www.lucernatv.cz\/#website\"},\"datePublished\":\"2021-02-12T19:02:30+00:00\",\"dateModified\":\"2021-02-17T00:02:47+00:00\",\"breadcrumb\":{\"@id\":\"https:\/\/www.lucernatv.cz\/index.php\/2021\/02\/12\/familie-korbel-pribeh-z-druhe-strany\/#breadcrumb\"},\"inLanguage\":\"cs\",\"potentialAction\":[{\"@type\":\"ReadAction\",\"target\":[\"https:\/\/www.lucernatv.cz\/index.php\/2021\/02\/12\/familie-korbel-pribeh-z-druhe-strany\/\"]}]},{\"@type\":\"BreadcrumbList\",\"@id\":\"https:\/\/www.lucernatv.cz\/index.php\/2021\/02\/12\/familie-korbel-pribeh-z-druhe-strany\/#breadcrumb\",\"itemListElement\":[{\"@type\":\"ListItem\",\"position\":1,\"name\":\"Dom\u016f\",\"item\":\"https:\/\/www.lucernatv.cz\/\"},{\"@type\":\"ListItem\",\"position\":2,\"name\":\"Familie Korbel \u2013 P\u0159\u00edb\u011bh z druh\u00e9 strany\"}]},{\"@type\":\"WebSite\",\"@id\":\"https:\/\/www.lucernatv.cz\/#website\",\"url\":\"https:\/\/www.lucernatv.cz\/\",\"name\":\"lucernatv.cz\",\"description\":\"Vzd\u011bl\u00e1vac\u00ed televize\",\"publisher\":{\"@id\":\"https:\/\/www.lucernatv.cz\/#organization\"},\"alternateName\":\"Lucerna TV\",\"potentialAction\":[{\"@type\":\"SearchAction\",\"target\":{\"@type\":\"EntryPoint\",\"urlTemplate\":\"https:\/\/www.lucernatv.cz\/?s={search_term_string}\"},\"query-input\":\"required name=search_term_string\"}],\"inLanguage\":\"cs\"},{\"@type\":\"Organization\",\"@id\":\"https:\/\/www.lucernatv.cz\/#organization\",\"name\":\"Lucerna TV\",\"url\":\"https:\/\/www.lucernatv.cz\/\",\"logo\":{\"@type\":\"ImageObject\",\"inLanguage\":\"cs\",\"@id\":\"https:\/\/www.lucernatv.cz\/#\/schema\/logo\/image\/\",\"url\":\"https:\/\/www.lucernatv.cz\/wp-content\/uploads\/2021\/02\/logo.svg\",\"contentUrl\":\"https:\/\/www.lucernatv.cz\/wp-content\/uploads\/2021\/02\/logo.svg\",\"width\":128,\"height\":41,\"caption\":\"Lucerna TV\"},\"image\":{\"@id\":\"https:\/\/www.lucernatv.cz\/#\/schema\/logo\/image\/\"},\"sameAs\":[\"https:\/\/www.facebook.com\/avtopava\",\"https:\/\/www.youtube.com\/channel\/UCtP8PPWG9JatWSMsKMOvdDg\"]},{\"@type\":\"Person\",\"@id\":\"https:\/\/www.lucernatv.cz\/#\/schema\/person\/fdc6b3778fe63c82ba7479978ad159ad\",\"name\":\"lucernatvc\",\"image\":{\"@type\":\"ImageObject\",\"inLanguage\":\"cs\",\"@id\":\"https:\/\/www.lucernatv.cz\/#\/schema\/person\/image\/\",\"url\":\"https:\/\/secure.gravatar.com\/avatar\/5b7905a95103f5227c1afd8b2a10f058?s=96&d=mm&r=g\",\"contentUrl\":\"https:\/\/secure.gravatar.com\/avatar\/5b7905a95103f5227c1afd8b2a10f058?s=96&d=mm&r=g\",\"caption\":\"lucernatvc\"},\"url\":\"https:\/\/www.lucernatv.cz\/index.php\/author\/lucernatvc\/\"}]}<\/script>\n<!-- \/ Yoast SEO plugin. -->","yoast_head_json":{"title":"Familie Korbel \u2013 P\u0159\u00edb\u011bh z druh\u00e9 strany - lucernatv.cz","robots":{"index":"index","follow":"follow","max-snippet":"max-snippet:-1","max-image-preview":"max-image-preview:large","max-video-preview":"max-video-preview:-1"},"canonical":"https:\/\/www.lucernatv.cz\/index.php\/2021\/02\/12\/familie-korbel-pribeh-z-druhe-strany\/","og_locale":"cs_CZ","og_type":"article","og_title":"Familie Korbel \u2013 P\u0159\u00edb\u011bh z druh\u00e9 strany - lucernatv.cz","og_description":"Filmov\u00fd dokument l\u00ed\u010d\u00ed p\u0159\u00edb\u011bh sourozenc\u016f Korbelov\u00fdch a jejich rodi\u010d\u016f na sklonku II. sv\u011btov\u00e9 v\u00e1lky a po jej\u00edm skon\u010den\u00ed. Sn\u00edmek otev\u00edr\u00e1 t\u00e9ma v letech komunismu tabuizovan\u00e9 a v posledn\u00edch dek\u00e1d\u00e1ch siln\u011b diskutovan\u00e9 a historicky intenzivn\u011b zkouman\u00e9 \u2013 popisuje osudy jedn\u00e9 z rodin \u010desk\u00fdch N\u011bmc\u016f, kter\u00e1 byla v pov\u00e1le\u010dn\u00e9m obdob\u00ed vy\u0159azena z odsunu.","og_url":"https:\/\/www.lucernatv.cz\/index.php\/2021\/02\/12\/familie-korbel-pribeh-z-druhe-strany\/","og_site_name":"lucernatv.cz","article_publisher":"https:\/\/www.facebook.com\/avtopava","article_published_time":"2021-02-12T19:02:30+00:00","article_modified_time":"2021-02-17T00:02:47+00:00","og_image":[{"width":480,"height":360,"url":"https:\/\/www.lucernatv.cz\/wp-content\/uploads\/2021\/02\/azC8ormvMmQ.jpg","type":"image\/jpeg"}],"author":"lucernatvc","twitter_card":"summary_large_image","twitter_misc":{"Napsal(a)":"lucernatvc"},"schema":{"@context":"https:\/\/schema.org","@graph":[{"@type":"Article","@id":"https:\/\/www.lucernatv.cz\/index.php\/2021\/02\/12\/familie-korbel-pribeh-z-druhe-strany\/#article","isPartOf":{"@id":"https:\/\/www.lucernatv.cz\/index.php\/2021\/02\/12\/familie-korbel-pribeh-z-druhe-strany\/"},"author":{"name":"lucernatvc","@id":"https:\/\/www.lucernatv.cz\/#\/schema\/person\/fdc6b3778fe63c82ba7479978ad159ad"},"headline":"Familie Korbel \u2013 P\u0159\u00edb\u011bh z druh\u00e9 strany","datePublished":"2021-02-12T19:02:30+00:00","dateModified":"2021-02-17T00:02:47+00:00","mainEntityOfPage":{"@id":"https:\/\/www.lucernatv.cz\/index.php\/2021\/02\/12\/familie-korbel-pribeh-z-druhe-strany\/"},"wordCount":88,"publisher":{"@id":"https:\/\/www.lucernatv.cz\/#organization"},"keywords":["dokument"],"articleSection":["historie","osobnosti","Spole\u010dnost","V\u011bda"],"inLanguage":"cs"},{"@type":"WebPage","@id":"https:\/\/www.lucernatv.cz\/index.php\/2021\/02\/12\/familie-korbel-pribeh-z-druhe-strany\/","url":"https:\/\/www.lucernatv.cz\/index.php\/2021\/02\/12\/familie-korbel-pribeh-z-druhe-strany\/","name":"Familie Korbel \u2013 P\u0159\u00edb\u011bh z druh\u00e9 strany - lucernatv.cz","isPartOf":{"@id":"https:\/\/www.lucernatv.cz\/#website"},"datePublished":"2021-02-12T19:02:30+00:00","dateModified":"2021-02-17T00:02:47+00:00","breadcrumb":{"@id":"https:\/\/www.lucernatv.cz\/index.php\/2021\/02\/12\/familie-korbel-pribeh-z-druhe-strany\/#breadcrumb"},"inLanguage":"cs","potentialAction":[{"@type":"ReadAction","target":["https:\/\/www.lucernatv.cz\/index.php\/2021\/02\/12\/familie-korbel-pribeh-z-druhe-strany\/"]}]},{"@type":"BreadcrumbList","@id":"https:\/\/www.lucernatv.cz\/index.php\/2021\/02\/12\/familie-korbel-pribeh-z-druhe-strany\/#breadcrumb","itemListElement":[{"@type":"ListItem","position":1,"name":"Dom\u016f","item":"https:\/\/www.lucernatv.cz\/"},{"@type":"ListItem","position":2,"name":"Familie Korbel \u2013 P\u0159\u00edb\u011bh z druh\u00e9 strany"}]},{"@type":"WebSite","@id":"https:\/\/www.lucernatv.cz\/#website","url":"https:\/\/www.lucernatv.cz\/","name":"lucernatv.cz","description":"Vzd\u011bl\u00e1vac\u00ed televize","publisher":{"@id":"https:\/\/www.lucernatv.cz\/#organization"},"alternateName":"Lucerna TV","potentialAction":[{"@type":"SearchAction","target":{"@type":"EntryPoint","urlTemplate":"https:\/\/www.lucernatv.cz\/?s={search_term_string}"},"query-input":"required name=search_term_string"}],"inLanguage":"cs"},{"@type":"Organization","@id":"https:\/\/www.lucernatv.cz\/#organization","name":"Lucerna TV","url":"https:\/\/www.lucernatv.cz\/","logo":{"@type":"ImageObject","inLanguage":"cs","@id":"https:\/\/www.lucernatv.cz\/#\/schema\/logo\/image\/","url":"https:\/\/www.lucernatv.cz\/wp-content\/uploads\/2021\/02\/logo.svg","contentUrl":"https:\/\/www.lucernatv.cz\/wp-content\/uploads\/2021\/02\/logo.svg","width":128,"height":41,"caption":"Lucerna TV"},"image":{"@id":"https:\/\/www.lucernatv.cz\/#\/schema\/logo\/image\/"},"sameAs":["https:\/\/www.facebook.com\/avtopava","https:\/\/www.youtube.com\/channel\/UCtP8PPWG9JatWSMsKMOvdDg"]},{"@type":"Person","@id":"https:\/\/www.lucernatv.cz\/#\/schema\/person\/fdc6b3778fe63c82ba7479978ad159ad","name":"lucernatvc","image":{"@type":"ImageObject","inLanguage":"cs","@id":"https:\/\/www.lucernatv.cz\/#\/schema\/person\/image\/","url":"https:\/\/secure.gravatar.com\/avatar\/5b7905a95103f5227c1afd8b2a10f058?s=96&d=mm&r=g","contentUrl":"https:\/\/secure.gravatar.com\/avatar\/5b7905a95103f5227c1afd8b2a10f058?s=96&d=mm&r=g","caption":"lucernatvc"},"url":"https:\/\/www.lucernatv.cz\/index.php\/author\/lucernatvc\/"}]}},"uagb_featured_image_src":{"full":["https:\/\/www.lucernatv.cz\/wp-content\/uploads\/2021\/02\/azC8ormvMmQ.jpg",480,360,false],"thumbnail":["https:\/\/www.lucernatv.cz\/wp-content\/uploads\/2021\/02\/azC8ormvMmQ-150x150.jpg",150,150,true],"medium":["https:\/\/www.lucernatv.cz\/wp-content\/uploads\/2021\/02\/azC8ormvMmQ-300x225.jpg",240,180,true],"medium_large":["https:\/\/www.lucernatv.cz\/wp-content\/uploads\/2021\/02\/azC8ormvMmQ.jpg",480,360,false],"large":["https:\/\/www.lucernatv.cz\/wp-content\/uploads\/2021\/02\/azC8ormvMmQ.jpg",480,360,false],"1536x1536":["https:\/\/www.lucernatv.cz\/wp-content\/uploads\/2021\/02\/azC8ormvMmQ.jpg",480,360,false],"2048x2048":["https:\/\/www.lucernatv.cz\/wp-content\/uploads\/2021\/02\/azC8ormvMmQ.jpg",480,360,false],"ultp_layout_landscape_large":["https:\/\/www.lucernatv.cz\/wp-content\/uploads\/2021\/02\/azC8ormvMmQ.jpg",480,360,false],"ultp_layout_landscape":["https:\/\/www.lucernatv.cz\/wp-content\/uploads\/2021\/02\/azC8ormvMmQ.jpg",480,360,false],"ultp_layout_portrait":["https:\/\/www.lucernatv.cz\/wp-content\/uploads\/2021\/02\/azC8ormvMmQ.jpg",480,360,false],"ultp_layout_square":["https:\/\/www.lucernatv.cz\/wp-content\/uploads\/2021\/02\/azC8ormvMmQ.jpg",480,360,false],"vp_sm":["https:\/\/www.lucernatv.cz\/wp-content\/uploads\/2021\/02\/azC8ormvMmQ.jpg",480,360,false],"vp_md":["https:\/\/www.lucernatv.cz\/wp-content\/uploads\/2021\/02\/azC8ormvMmQ.jpg",480,360,false],"vp_lg":["https:\/\/www.lucernatv.cz\/wp-content\/uploads\/2021\/02\/azC8ormvMmQ.jpg",480,360,false],"vp_xl":["https:\/\/www.lucernatv.cz\/wp-content\/uploads\/2021\/02\/azC8ormvMmQ.jpg",480,360,false],"vp_sm_popup":["https:\/\/www.lucernatv.cz\/wp-content\/uploads\/2021\/02\/azC8ormvMmQ.jpg",480,360,false],"vp_md_popup":["https:\/\/www.lucernatv.cz\/wp-content\/uploads\/2021\/02\/azC8ormvMmQ.jpg",480,360,false],"vp_xl_popup":["https:\/\/www.lucernatv.cz\/wp-content\/uploads\/2021\/02\/azC8ormvMmQ.jpg",480,360,false],"neve-blog":["https:\/\/www.lucernatv.cz\/wp-content\/uploads\/2021\/02\/azC8ormvMmQ.jpg",480,360,false]},"uagb_author_info":{"display_name":"lucernatvc","author_link":"https:\/\/www.lucernatv.cz\/index.php\/author\/lucernatvc\/"},"uagb_comment_info":0,"uagb_excerpt":"Filmov\u00fd dokument l\u00ed\u010d\u00ed p\u0159\u00edb\u011bh sourozenc\u016f Korbelov\u00fdch a jejich rodi\u010d\u016f na sklonku II. sv\u011btov\u00e9 v\u00e1lky a po jej\u00edm skon\u010den\u00ed. Sn\u00edmek otev\u00edr\u00e1 t\u00e9ma v letech komunismu tabuizovan\u00e9 a v posledn\u00edch dek\u00e1d\u00e1ch siln\u011b diskutovan\u00e9 a historicky intenzivn\u011b zkouman\u00e9 \u2013 popisuje osudy jedn\u00e9 z rodin \u010desk\u00fdch N\u011bmc\u016f, kter\u00e1 byla v pov\u00e1le\u010dn\u00e9m obdob\u00ed vy\u0159azena z odsunu.","_links":{"self":[{"href":"https:\/\/www.lucernatv.cz\/index.php\/wp-json\/wp\/v2\/posts\/1358"}],"collection":[{"href":"https:\/\/www.lucernatv.cz\/index.php\/wp-json\/wp\/v2\/posts"}],"about":[{"href":"https:\/\/www.lucernatv.cz\/index.php\/wp-json\/wp\/v2\/types\/post"}],"author":[{"embeddable":true,"href":"https:\/\/www.lucernatv.cz\/index.php\/wp-json\/wp\/v2\/users\/1"}],"replies":[{"embeddable":true,"href":"https:\/\/www.lucernatv.cz\/index.php\/wp-json\/wp\/v2\/comments?post=1358"}],"version-history":[{"count":1,"href":"https:\/\/www.lucernatv.cz\/index.php\/wp-json\/wp\/v2\/posts\/1358\/revisions"}],"predecessor-version":[{"id":1359,"href":"https:\/\/www.lucernatv.cz\/index.php\/wp-json\/wp\/v2\/posts\/1358\/revisions\/1359"}],"wp:featuredmedia":[{"embeddable":true,"href":"https:\/\/www.lucernatv.cz\/index.php\/wp-json\/wp\/v2\/media\/1661"}],"wp:attachment":[{"href":"https:\/\/www.lucernatv.cz\/index.php\/wp-json\/wp\/v2\/media?parent=1358"}],"wp:term":[{"taxonomy":"category","embeddable":true,"href":"https:\/\/www.lucernatv.cz\/index.php\/wp-json\/wp\/v2\/categories?post=1358"},{"taxonomy":"post_tag","embeddable":true,"href":"https:\/\/www.lucernatv.cz\/index.php\/wp-json\/wp\/v2\/tags?post=1358"}],"curies":[{"name":"wp","href":"https:\/\/api.w.org\/{rel}","templated":true}]}}