{"id":1328,"date":"2021-02-12T18:22:04","date_gmt":"2021-02-12T18:22:04","guid":{"rendered":"https:\/\/www.lucernatv.cz\/?p=1328"},"modified":"2021-02-17T00:49:10","modified_gmt":"2021-02-17T00:49:10","slug":"jan-zajic-pochoden-c-2","status":"publish","type":"post","link":"https:\/\/www.lucernatv.cz\/index.php\/2021\/02\/12\/jan-zajic-pochoden-c-2\/","title":{"rendered":"Jan Zaj\u00edc \u2013 pochode\u0144 \u010d. 2"},"content":{"rendered":"\n<figure class=\"wp-block-embed is-type-video is-provider-youtube wp-block-embed-youtube wp-embed-aspect-16-9 wp-has-aspect-ratio\"><div class=\"wp-block-embed__wrapper\">\n<div class=\"nv-iframe-embed\"><div class=\"arve\" data-mode=\"normal\" data-oembed=\"1\" data-provider=\"youtube\" id=\"arve-youtube-twe2fzmkboi69f1de8460903129478026\">\n<span class=\"arve-inner\">\n<span class=\"arve-embed arve-embed--has-aspect-ratio\">\n<span class=\"arve-ar\" style=\"padding-top:56.250000%\"><\/span><iframe allow=\"accelerometer; autoplay; clipboard-write; encrypted-media; gyroscope; picture-in-picture\" allowfullscreen class=\"arve-iframe fitvidsignore\" data-arve=\"arve-youtube-twe2fzmkboi69f1de8460903129478026\" data-src-no-ap=\"https:\/\/www.youtube-nocookie.com\/embed\/twe2FZmKBoI?feature=oembed&amp;iv_load_policy=3&amp;modestbranding=1&amp;rel=0&amp;autohide=1&amp;playsinline=0&amp;autoplay=0\" frameborder=\"0\" height=\"0\" sandbox=\"allow-scripts allow-same-origin allow-presentation allow-popups allow-popups-to-escape-sandbox\" scrolling=\"no\" src=\"https:\/\/www.youtube-nocookie.com\/embed\/twe2FZmKBoI?feature=oembed&#038;iv_load_policy=3&#038;modestbranding=1&#038;rel=0&#038;autohide=1&#038;playsinline=0&#038;autoplay=0\"><\/iframe>\n\n<\/span>\n\n<\/span>\n<script type=\"application\/ld+json\">{\"@context\":\"http:\\\/\\\/schema.org\\\/\",\"@id\":\"https:\\\/\\\/www.lucernatv.cz\\\/index.php\\\/2021\\\/02\\\/12\\\/jan-zajic-pochoden-c-2\\\/#arve-youtube-twe2fzmkboi69f1de8460903129478026\",\"type\":\"VideoObject\",\"embedURL\":\"https:\\\/\\\/www.youtube-nocookie.com\\\/embed\\\/twe2FZmKBoI?feature=oembed&iv_load_policy=3&modestbranding=1&rel=0&autohide=1&playsinline=0&autoplay=0\"}<\/script>\n<\/div>\n<\/div>\n<\/div><\/figure>\n\n\n\n<p>Kr\u00e1tk\u00fd filmov\u00fd dokument z cyklu &#8222;Sami proti zlu&#8220; v\u011bnovan\u00fd v\u00fdznamn\u00fdm osobnostem Moravskoslezsk\u00e9ho kraje, jejich\u017e \u017eivoty byly zasa\u017eeny velk\u00fdmi d\u011bjinami. Tento d\u00edl je v\u011bnovan\u00fd tragick\u00e9mu p\u0159\u00edb\u011bhu Jana Zaj\u00edce (1950&#8211;1969). Svou koncepc\u00ed a kr\u00e1tkou stop\u00e1\u017e\u00ed je ur\u010den pro p\u0159\u00edm\u00e9 vyu\u017eit\u00ed ve vyu\u010dovac\u00ed hodin\u011b na z\u00e1kladn\u00ed \u010di st\u0159edn\u00ed \u0161kole. P\u0159\u00edb\u011bh pochodn\u011b \u010d. 2, n\u00e1sledovn\u00edka Jana Palacha, emotivn\u011b rozkr\u00fdvaj\u00ed jeho sourozenci Marta a Jaroslav, kte\u0159\u00ed s \u010dasov\u00fdm odstupem nahl\u00ed\u017e\u00ed na \u010din sv\u00e9ho bratra, p\u0159ibli\u017euj\u00ed dobu l\u00e1m\u00e1n\u00ed charakter\u016f lid\u00ed. Vzpom\u00ednaj\u00ed tak\u00e9 jak Jan\u016fv \u010din ovlivnil jejich budoucnost v normaliza\u010dn\u00edm \u010ceskoslovensku. <\/p>\n\n\n\n<p>Div\u00e1ci se zhl\u00e9dnut\u00edm filmu sezn\u00e1m\u00ed nejen s tragick\u00fdm &#8211; a z\u00e1rove\u0148 hrdinsk\u00fdm &#8211; \u010dinem rod\u00e1ka ze severomoravsk\u00e9ho V\u00edtkova, ale tak\u00e9 s dobou um\u00edr\u00e1n\u00ed \u201epra\u017esk\u00e9ho jara&#8220; a nastupuj\u00edc\u00ed normalizace. Ned\u00edlnou sou\u010d\u00e1st\u00ed dokumentu je sada pracovn\u00edch list\u016f a soubor dobov\u00fdch pramen\u016f. N\u00e1m\u011bty pro pr\u00e1ci v hodin\u011b jsou \u0159azeny podle stupn\u011b obt\u00ed\u017enosti. C\u00edlem metodick\u00fdch materi\u00e1l\u016f pro pr\u00e1ci \u017e\u00e1k\u016f nen\u00ed v tomto p\u0159\u00edpad\u011b zkoum\u00e1n\u00ed historick\u00fdch fakt\u016f, ale hled\u00e1n\u00ed odpov\u011bd\u00ed na ot\u00e1zky p\u0159\u00ed\u010din rozhodnut\u00ed Jana Zaj\u00edce ob\u011btovat sv\u016fj \u017eivot, d\u016fsledk\u016f a odkazu jeho \u010dinu. N\u00e1m\u011bty m\u016f\u017eete vyu\u017e\u00edt jako celek nebo je kombinovat. <\/p>\n\n\n\n<p>Jan Zaj\u00edc odjel po smrti Jana Palacha do Prahy. P\u0159ipojil se k hladovce student\u016f pod rampou N\u00e1rodn\u00edho muzea na V\u00e1clavsk\u00e9m n\u00e1m\u011bst\u00ed. Pobyt v hlavn\u00edm m\u011bst\u011b a \u00fa\u010dast na Palachov\u011b poh\u0159bu osmn\u00e1ctilet\u00e9ho studenta siln\u011b zas\u00e1hly. N\u011bkolik dn\u00ed p\u0159ed svou smrt\u00ed napsal tyto ver\u0161e: Sly\u0161\u00edm va\u0161i zbab\u011blost\/ K\u0159i\u010d\u00ed v pol\u00edch\/ \u0159ve ve m\u011bstech\/ skuhr\u00e1 na rozcest\u00edch\/ jekt\u00e1 strachem ze smrti\/ a nec\u00edt\u00ed, \u017ee smrt upozor\u0148uje a v\u00e1b\u00ed\/ Bije z v\u011b\u017e\u00ed kostel\u016f\/ um\u00edr\u00e1\u010dek n\u00e1rodu a zemi\/ Ve jm\u00e9nu \u017eivota\/ va\u0161eho\/ ho\u0159\u00edm\/ Jan. Palachovy v\u00fdzvy nebyly vysly\u0161eny, spole\u010dnost se smi\u0159ovala s pomalou ztr\u00e1tou svobody, upadala do letargie. M\u011bs\u00edc po poh\u0159bu pochodn\u011b \u010d. 1 a v den v\u00fdro\u010d\u00ed n\u00e1stupu komunist\u016f k moci se polil ho\u0159lavinou a zap\u00e1lil. Zem\u0159el v pr\u016fchodu jednoho z dom\u016f na V\u00e1clavsk\u00e9m n\u00e1m\u011bst\u00ed, ani\u017e by se mu poda\u0159ilo vyb\u011bhnout p\u0159ed d\u016fm.<\/p>\n\n\n\n<div class=\"wp-block-buttons is-layout-flex\">\n<div class=\"wp-block-button\"><a class=\"wp-block-button__link\" href=\"http:\/\/www.moderni-dejiny.cz\/clanek\/jan-zajic-pochoden-c-2\/\" target=\"_blank\" rel=\"noreferrer noopener\">Metodika \u2013 moderni-dejiny.cz<\/a><\/div>\n<\/div>\n","protected":false},"excerpt":{"rendered":"<p>Kr\u00e1tk\u00fd filmov\u00fd dokument z cyklu &#8222;Sami proti zlu&#8220; v\u011bnovan\u00fd v\u00fdznamn\u00fdm osobnostem Moravskoslezsk\u00e9ho kraje, jejich\u017e \u017eivoty byly zasa\u017eeny velk\u00fdmi d\u011bjinami. Tento d\u00edl je v\u011bnovan\u00fd tragick\u00e9mu p\u0159\u00edb\u011bhu Jana Zaj\u00edce (1950&#8211;1969). Svou koncepc\u00ed a kr\u00e1tkou stop\u00e1\u017e\u00ed je ur\u010den pro p\u0159\u00edm\u00e9 vyu\u017eit\u00ed ve vyu\u010dovac\u00ed hodin\u011b na z\u00e1kladn\u00ed \u010di st\u0159edn\u00ed \u0161kole. P\u0159\u00edb\u011bh pochodn\u011b \u010d. 2, n\u00e1sledovn\u00edka Jana Palacha, emotivn\u011b rozkr\u00fdvaj\u00ed&hellip;&nbsp;<a href=\"https:\/\/www.lucernatv.cz\/index.php\/2021\/02\/12\/jan-zajic-pochoden-c-2\/\" class=\"\" rel=\"bookmark\">\u010c\u00edst d\u00e1le &raquo;<span class=\"screen-reader-text\">Jan Zaj\u00edc \u2013 pochode\u0144 \u010d. 2<\/span><\/a><\/p>\n","protected":false},"author":1,"featured_media":1681,"comment_status":"closed","ping_status":"open","sticky":false,"template":"","format":"gallery","meta":{"inline_featured_image":false,"_uag_custom_page_level_css":"","neve_meta_sidebar":"","neve_meta_container":"","neve_meta_enable_content_width":"","neve_meta_content_width":0,"neve_meta_title_alignment":"","neve_meta_author_avatar":"","neve_post_elements_order":"","neve_meta_disable_header":"","neve_meta_disable_footer":"","neve_meta_disable_title":"","_vp_format_video_url":"","_vp_image_focal_point":[]},"categories":[15,21,5,4],"tags":[24,53],"yoast_head":"<!-- This site is optimized with the Yoast SEO plugin v20.12 - https:\/\/yoast.com\/wordpress\/plugins\/seo\/ -->\n<title>Jan Zaj\u00edc \u2013 pochode\u0144 \u010d. 2 - lucernatv.cz<\/title>\n<meta name=\"robots\" content=\"index, follow, max-snippet:-1, max-image-preview:large, max-video-preview:-1\" \/>\n<link rel=\"canonical\" href=\"https:\/\/www.lucernatv.cz\/index.php\/2021\/02\/12\/jan-zajic-pochoden-c-2\/\" \/>\n<meta property=\"og:locale\" content=\"cs_CZ\" \/>\n<meta property=\"og:type\" content=\"article\" \/>\n<meta property=\"og:title\" content=\"Jan Zaj\u00edc \u2013 pochode\u0144 \u010d. 2 - lucernatv.cz\" \/>\n<meta property=\"og:description\" content=\"Kr\u00e1tk\u00fd filmov\u00fd dokument z cyklu &#8222;Sami proti zlu&#8220; v\u011bnovan\u00fd v\u00fdznamn\u00fdm osobnostem Moravskoslezsk\u00e9ho kraje, jejich\u017e \u017eivoty byly zasa\u017eeny velk\u00fdmi d\u011bjinami. Tento d\u00edl je v\u011bnovan\u00fd tragick\u00e9mu p\u0159\u00edb\u011bhu Jana Zaj\u00edce (1950&#8211;1969). Svou koncepc\u00ed a kr\u00e1tkou stop\u00e1\u017e\u00ed je ur\u010den pro p\u0159\u00edm\u00e9 vyu\u017eit\u00ed ve vyu\u010dovac\u00ed hodin\u011b na z\u00e1kladn\u00ed \u010di st\u0159edn\u00ed \u0161kole. P\u0159\u00edb\u011bh pochodn\u011b \u010d. 2, n\u00e1sledovn\u00edka Jana Palacha, emotivn\u011b rozkr\u00fdvaj\u00ed&hellip;&nbsp;\u010c\u00edst d\u00e1le &raquo;Jan Zaj\u00edc \u2013 pochode\u0144 \u010d. 2\" \/>\n<meta property=\"og:url\" content=\"https:\/\/www.lucernatv.cz\/index.php\/2021\/02\/12\/jan-zajic-pochoden-c-2\/\" \/>\n<meta property=\"og:site_name\" content=\"lucernatv.cz\" \/>\n<meta property=\"article:publisher\" content=\"https:\/\/www.facebook.com\/avtopava\" \/>\n<meta property=\"article:published_time\" content=\"2021-02-12T18:22:04+00:00\" \/>\n<meta property=\"article:modified_time\" content=\"2021-02-17T00:49:10+00:00\" \/>\n<meta property=\"og:image\" content=\"https:\/\/www.lucernatv.cz\/wp-content\/uploads\/2021\/02\/twe2FZmKBoI.jpg\" \/>\n\t<meta property=\"og:image:width\" content=\"1050\" \/>\n\t<meta property=\"og:image:height\" content=\"576\" \/>\n\t<meta property=\"og:image:type\" content=\"image\/jpeg\" \/>\n<meta name=\"author\" content=\"lucernatvc\" \/>\n<meta name=\"twitter:card\" content=\"summary_large_image\" \/>\n<meta name=\"twitter:label1\" content=\"Napsal(a)\" \/>\n\t<meta name=\"twitter:data1\" content=\"lucernatvc\" \/>\n\t<meta name=\"twitter:label2\" content=\"Odhadovan\u00e1 doba \u010dten\u00ed\" \/>\n\t<meta name=\"twitter:data2\" content=\"2 minuty\" \/>\n<script type=\"application\/ld+json\" class=\"yoast-schema-graph\">{\"@context\":\"https:\/\/schema.org\",\"@graph\":[{\"@type\":\"Article\",\"@id\":\"https:\/\/www.lucernatv.cz\/index.php\/2021\/02\/12\/jan-zajic-pochoden-c-2\/#article\",\"isPartOf\":{\"@id\":\"https:\/\/www.lucernatv.cz\/index.php\/2021\/02\/12\/jan-zajic-pochoden-c-2\/\"},\"author\":{\"name\":\"lucernatvc\",\"@id\":\"https:\/\/www.lucernatv.cz\/#\/schema\/person\/fdc6b3778fe63c82ba7479978ad159ad\"},\"headline\":\"Jan Zaj\u00edc \u2013 pochode\u0144 \u010d. 2\",\"datePublished\":\"2021-02-12T18:22:04+00:00\",\"dateModified\":\"2021-02-17T00:49:10+00:00\",\"mainEntityOfPage\":{\"@id\":\"https:\/\/www.lucernatv.cz\/index.php\/2021\/02\/12\/jan-zajic-pochoden-c-2\/\"},\"wordCount\":445,\"publisher\":{\"@id\":\"https:\/\/www.lucernatv.cz\/#organization\"},\"keywords\":[\"dokument\",\"Sami proti zlu\"],\"articleSection\":[\"historie\",\"osobnosti\",\"Spole\u010dnost\",\"V\u011bda\"],\"inLanguage\":\"cs\"},{\"@type\":\"WebPage\",\"@id\":\"https:\/\/www.lucernatv.cz\/index.php\/2021\/02\/12\/jan-zajic-pochoden-c-2\/\",\"url\":\"https:\/\/www.lucernatv.cz\/index.php\/2021\/02\/12\/jan-zajic-pochoden-c-2\/\",\"name\":\"Jan Zaj\u00edc \u2013 pochode\u0144 \u010d. 2 - lucernatv.cz\",\"isPartOf\":{\"@id\":\"https:\/\/www.lucernatv.cz\/#website\"},\"datePublished\":\"2021-02-12T18:22:04+00:00\",\"dateModified\":\"2021-02-17T00:49:10+00:00\",\"breadcrumb\":{\"@id\":\"https:\/\/www.lucernatv.cz\/index.php\/2021\/02\/12\/jan-zajic-pochoden-c-2\/#breadcrumb\"},\"inLanguage\":\"cs\",\"potentialAction\":[{\"@type\":\"ReadAction\",\"target\":[\"https:\/\/www.lucernatv.cz\/index.php\/2021\/02\/12\/jan-zajic-pochoden-c-2\/\"]}]},{\"@type\":\"BreadcrumbList\",\"@id\":\"https:\/\/www.lucernatv.cz\/index.php\/2021\/02\/12\/jan-zajic-pochoden-c-2\/#breadcrumb\",\"itemListElement\":[{\"@type\":\"ListItem\",\"position\":1,\"name\":\"Dom\u016f\",\"item\":\"https:\/\/www.lucernatv.cz\/\"},{\"@type\":\"ListItem\",\"position\":2,\"name\":\"Jan Zaj\u00edc \u2013 pochode\u0144 \u010d. 2\"}]},{\"@type\":\"WebSite\",\"@id\":\"https:\/\/www.lucernatv.cz\/#website\",\"url\":\"https:\/\/www.lucernatv.cz\/\",\"name\":\"lucernatv.cz\",\"description\":\"Vzd\u011bl\u00e1vac\u00ed televize\",\"publisher\":{\"@id\":\"https:\/\/www.lucernatv.cz\/#organization\"},\"alternateName\":\"Lucerna TV\",\"potentialAction\":[{\"@type\":\"SearchAction\",\"target\":{\"@type\":\"EntryPoint\",\"urlTemplate\":\"https:\/\/www.lucernatv.cz\/?s={search_term_string}\"},\"query-input\":\"required name=search_term_string\"}],\"inLanguage\":\"cs\"},{\"@type\":\"Organization\",\"@id\":\"https:\/\/www.lucernatv.cz\/#organization\",\"name\":\"Lucerna TV\",\"url\":\"https:\/\/www.lucernatv.cz\/\",\"logo\":{\"@type\":\"ImageObject\",\"inLanguage\":\"cs\",\"@id\":\"https:\/\/www.lucernatv.cz\/#\/schema\/logo\/image\/\",\"url\":\"https:\/\/www.lucernatv.cz\/wp-content\/uploads\/2021\/02\/logo.svg\",\"contentUrl\":\"https:\/\/www.lucernatv.cz\/wp-content\/uploads\/2021\/02\/logo.svg\",\"width\":128,\"height\":41,\"caption\":\"Lucerna TV\"},\"image\":{\"@id\":\"https:\/\/www.lucernatv.cz\/#\/schema\/logo\/image\/\"},\"sameAs\":[\"https:\/\/www.facebook.com\/avtopava\",\"https:\/\/www.youtube.com\/channel\/UCtP8PPWG9JatWSMsKMOvdDg\"]},{\"@type\":\"Person\",\"@id\":\"https:\/\/www.lucernatv.cz\/#\/schema\/person\/fdc6b3778fe63c82ba7479978ad159ad\",\"name\":\"lucernatvc\",\"image\":{\"@type\":\"ImageObject\",\"inLanguage\":\"cs\",\"@id\":\"https:\/\/www.lucernatv.cz\/#\/schema\/person\/image\/\",\"url\":\"https:\/\/secure.gravatar.com\/avatar\/5b7905a95103f5227c1afd8b2a10f058?s=96&d=mm&r=g\",\"contentUrl\":\"https:\/\/secure.gravatar.com\/avatar\/5b7905a95103f5227c1afd8b2a10f058?s=96&d=mm&r=g\",\"caption\":\"lucernatvc\"},\"url\":\"https:\/\/www.lucernatv.cz\/index.php\/author\/lucernatvc\/\"}]}<\/script>\n<!-- \/ Yoast SEO plugin. -->","yoast_head_json":{"title":"Jan Zaj\u00edc \u2013 pochode\u0144 \u010d. 2 - lucernatv.cz","robots":{"index":"index","follow":"follow","max-snippet":"max-snippet:-1","max-image-preview":"max-image-preview:large","max-video-preview":"max-video-preview:-1"},"canonical":"https:\/\/www.lucernatv.cz\/index.php\/2021\/02\/12\/jan-zajic-pochoden-c-2\/","og_locale":"cs_CZ","og_type":"article","og_title":"Jan Zaj\u00edc \u2013 pochode\u0144 \u010d. 2 - lucernatv.cz","og_description":"Kr\u00e1tk\u00fd filmov\u00fd dokument z cyklu &#8222;Sami proti zlu&#8220; v\u011bnovan\u00fd v\u00fdznamn\u00fdm osobnostem Moravskoslezsk\u00e9ho kraje, jejich\u017e \u017eivoty byly zasa\u017eeny velk\u00fdmi d\u011bjinami. Tento d\u00edl je v\u011bnovan\u00fd tragick\u00e9mu p\u0159\u00edb\u011bhu Jana Zaj\u00edce (1950&#8211;1969). Svou koncepc\u00ed a kr\u00e1tkou stop\u00e1\u017e\u00ed je ur\u010den pro p\u0159\u00edm\u00e9 vyu\u017eit\u00ed ve vyu\u010dovac\u00ed hodin\u011b na z\u00e1kladn\u00ed \u010di st\u0159edn\u00ed \u0161kole. P\u0159\u00edb\u011bh pochodn\u011b \u010d. 2, n\u00e1sledovn\u00edka Jana Palacha, emotivn\u011b rozkr\u00fdvaj\u00ed&hellip;&nbsp;\u010c\u00edst d\u00e1le &raquo;Jan Zaj\u00edc \u2013 pochode\u0144 \u010d. 2","og_url":"https:\/\/www.lucernatv.cz\/index.php\/2021\/02\/12\/jan-zajic-pochoden-c-2\/","og_site_name":"lucernatv.cz","article_publisher":"https:\/\/www.facebook.com\/avtopava","article_published_time":"2021-02-12T18:22:04+00:00","article_modified_time":"2021-02-17T00:49:10+00:00","og_image":[{"width":1050,"height":576,"url":"https:\/\/www.lucernatv.cz\/wp-content\/uploads\/2021\/02\/twe2FZmKBoI.jpg","type":"image\/jpeg"}],"author":"lucernatvc","twitter_card":"summary_large_image","twitter_misc":{"Napsal(a)":"lucernatvc","Odhadovan\u00e1 doba \u010dten\u00ed":"2 minuty"},"schema":{"@context":"https:\/\/schema.org","@graph":[{"@type":"Article","@id":"https:\/\/www.lucernatv.cz\/index.php\/2021\/02\/12\/jan-zajic-pochoden-c-2\/#article","isPartOf":{"@id":"https:\/\/www.lucernatv.cz\/index.php\/2021\/02\/12\/jan-zajic-pochoden-c-2\/"},"author":{"name":"lucernatvc","@id":"https:\/\/www.lucernatv.cz\/#\/schema\/person\/fdc6b3778fe63c82ba7479978ad159ad"},"headline":"Jan Zaj\u00edc \u2013 pochode\u0144 \u010d. 2","datePublished":"2021-02-12T18:22:04+00:00","dateModified":"2021-02-17T00:49:10+00:00","mainEntityOfPage":{"@id":"https:\/\/www.lucernatv.cz\/index.php\/2021\/02\/12\/jan-zajic-pochoden-c-2\/"},"wordCount":445,"publisher":{"@id":"https:\/\/www.lucernatv.cz\/#organization"},"keywords":["dokument","Sami proti zlu"],"articleSection":["historie","osobnosti","Spole\u010dnost","V\u011bda"],"inLanguage":"cs"},{"@type":"WebPage","@id":"https:\/\/www.lucernatv.cz\/index.php\/2021\/02\/12\/jan-zajic-pochoden-c-2\/","url":"https:\/\/www.lucernatv.cz\/index.php\/2021\/02\/12\/jan-zajic-pochoden-c-2\/","name":"Jan Zaj\u00edc \u2013 pochode\u0144 \u010d. 2 - lucernatv.cz","isPartOf":{"@id":"https:\/\/www.lucernatv.cz\/#website"},"datePublished":"2021-02-12T18:22:04+00:00","dateModified":"2021-02-17T00:49:10+00:00","breadcrumb":{"@id":"https:\/\/www.lucernatv.cz\/index.php\/2021\/02\/12\/jan-zajic-pochoden-c-2\/#breadcrumb"},"inLanguage":"cs","potentialAction":[{"@type":"ReadAction","target":["https:\/\/www.lucernatv.cz\/index.php\/2021\/02\/12\/jan-zajic-pochoden-c-2\/"]}]},{"@type":"BreadcrumbList","@id":"https:\/\/www.lucernatv.cz\/index.php\/2021\/02\/12\/jan-zajic-pochoden-c-2\/#breadcrumb","itemListElement":[{"@type":"ListItem","position":1,"name":"Dom\u016f","item":"https:\/\/www.lucernatv.cz\/"},{"@type":"ListItem","position":2,"name":"Jan Zaj\u00edc \u2013 pochode\u0144 \u010d. 2"}]},{"@type":"WebSite","@id":"https:\/\/www.lucernatv.cz\/#website","url":"https:\/\/www.lucernatv.cz\/","name":"lucernatv.cz","description":"Vzd\u011bl\u00e1vac\u00ed televize","publisher":{"@id":"https:\/\/www.lucernatv.cz\/#organization"},"alternateName":"Lucerna TV","potentialAction":[{"@type":"SearchAction","target":{"@type":"EntryPoint","urlTemplate":"https:\/\/www.lucernatv.cz\/?s={search_term_string}"},"query-input":"required name=search_term_string"}],"inLanguage":"cs"},{"@type":"Organization","@id":"https:\/\/www.lucernatv.cz\/#organization","name":"Lucerna TV","url":"https:\/\/www.lucernatv.cz\/","logo":{"@type":"ImageObject","inLanguage":"cs","@id":"https:\/\/www.lucernatv.cz\/#\/schema\/logo\/image\/","url":"https:\/\/www.lucernatv.cz\/wp-content\/uploads\/2021\/02\/logo.svg","contentUrl":"https:\/\/www.lucernatv.cz\/wp-content\/uploads\/2021\/02\/logo.svg","width":128,"height":41,"caption":"Lucerna TV"},"image":{"@id":"https:\/\/www.lucernatv.cz\/#\/schema\/logo\/image\/"},"sameAs":["https:\/\/www.facebook.com\/avtopava","https:\/\/www.youtube.com\/channel\/UCtP8PPWG9JatWSMsKMOvdDg"]},{"@type":"Person","@id":"https:\/\/www.lucernatv.cz\/#\/schema\/person\/fdc6b3778fe63c82ba7479978ad159ad","name":"lucernatvc","image":{"@type":"ImageObject","inLanguage":"cs","@id":"https:\/\/www.lucernatv.cz\/#\/schema\/person\/image\/","url":"https:\/\/secure.gravatar.com\/avatar\/5b7905a95103f5227c1afd8b2a10f058?s=96&d=mm&r=g","contentUrl":"https:\/\/secure.gravatar.com\/avatar\/5b7905a95103f5227c1afd8b2a10f058?s=96&d=mm&r=g","caption":"lucernatvc"},"url":"https:\/\/www.lucernatv.cz\/index.php\/author\/lucernatvc\/"}]}},"uagb_featured_image_src":{"full":["https:\/\/www.lucernatv.cz\/wp-content\/uploads\/2021\/02\/twe2FZmKBoI.jpg",1050,576,false],"thumbnail":["https:\/\/www.lucernatv.cz\/wp-content\/uploads\/2021\/02\/twe2FZmKBoI-150x150.jpg",150,150,true],"medium":["https:\/\/www.lucernatv.cz\/wp-content\/uploads\/2021\/02\/twe2FZmKBoI-300x165.jpg",300,165,true],"medium_large":["https:\/\/www.lucernatv.cz\/wp-content\/uploads\/2021\/02\/twe2FZmKBoI-768x421.jpg",768,421,true],"large":["https:\/\/www.lucernatv.cz\/wp-content\/uploads\/2021\/02\/twe2FZmKBoI.jpg",1050,576,false],"1536x1536":["https:\/\/www.lucernatv.cz\/wp-content\/uploads\/2021\/02\/twe2FZmKBoI.jpg",1050,576,false],"2048x2048":["https:\/\/www.lucernatv.cz\/wp-content\/uploads\/2021\/02\/twe2FZmKBoI.jpg",1050,576,false],"ultp_layout_landscape_large":["https:\/\/www.lucernatv.cz\/wp-content\/uploads\/2021\/02\/twe2FZmKBoI.jpg",1050,576,false],"ultp_layout_landscape":["https:\/\/www.lucernatv.cz\/wp-content\/uploads\/2021\/02\/twe2FZmKBoI.jpg",870,477,false],"ultp_layout_portrait":["https:\/\/www.lucernatv.cz\/wp-content\/uploads\/2021\/02\/twe2FZmKBoI.jpg",600,329,false],"ultp_layout_square":["https:\/\/www.lucernatv.cz\/wp-content\/uploads\/2021\/02\/twe2FZmKBoI.jpg",600,329,false],"vp_sm":["https:\/\/www.lucernatv.cz\/wp-content\/uploads\/2021\/02\/twe2FZmKBoI-500x274.jpg",500,274,true],"vp_md":["https:\/\/www.lucernatv.cz\/wp-content\/uploads\/2021\/02\/twe2FZmKBoI-800x439.jpg",800,439,true],"vp_lg":["https:\/\/www.lucernatv.cz\/wp-content\/uploads\/2021\/02\/twe2FZmKBoI.jpg",1050,576,false],"vp_xl":["https:\/\/www.lucernatv.cz\/wp-content\/uploads\/2021\/02\/twe2FZmKBoI.jpg",1050,576,false],"vp_sm_popup":["https:\/\/www.lucernatv.cz\/wp-content\/uploads\/2021\/02\/twe2FZmKBoI-500x274.jpg",500,274,true],"vp_md_popup":["https:\/\/www.lucernatv.cz\/wp-content\/uploads\/2021\/02\/twe2FZmKBoI-800x439.jpg",800,439,true],"vp_xl_popup":["https:\/\/www.lucernatv.cz\/wp-content\/uploads\/2021\/02\/twe2FZmKBoI.jpg",1050,576,false],"neve-blog":["https:\/\/www.lucernatv.cz\/wp-content\/uploads\/2021\/02\/twe2FZmKBoI.jpg",930,510,false]},"uagb_author_info":{"display_name":"lucernatvc","author_link":"https:\/\/www.lucernatv.cz\/index.php\/author\/lucernatvc\/"},"uagb_comment_info":0,"uagb_excerpt":"Kr\u00e1tk\u00fd filmov\u00fd dokument z cyklu &#8222;Sami proti zlu&#8220; v\u011bnovan\u00fd v\u00fdznamn\u00fdm osobnostem Moravskoslezsk\u00e9ho kraje, jejich\u017e \u017eivoty byly zasa\u017eeny velk\u00fdmi d\u011bjinami. Tento d\u00edl je v\u011bnovan\u00fd tragick\u00e9mu p\u0159\u00edb\u011bhu Jana Zaj\u00edce (1950&#8211;1969). Svou koncepc\u00ed a kr\u00e1tkou stop\u00e1\u017e\u00ed je ur\u010den pro p\u0159\u00edm\u00e9 vyu\u017eit\u00ed ve vyu\u010dovac\u00ed hodin\u011b na z\u00e1kladn\u00ed \u010di st\u0159edn\u00ed \u0161kole. P\u0159\u00edb\u011bh pochodn\u011b \u010d. 2, n\u00e1sledovn\u00edka Jana Palacha, emotivn\u011b rozkr\u00fdvaj\u00ed&hellip;&nbsp;\u010c\u00edst&hellip;","_links":{"self":[{"href":"https:\/\/www.lucernatv.cz\/index.php\/wp-json\/wp\/v2\/posts\/1328"}],"collection":[{"href":"https:\/\/www.lucernatv.cz\/index.php\/wp-json\/wp\/v2\/posts"}],"about":[{"href":"https:\/\/www.lucernatv.cz\/index.php\/wp-json\/wp\/v2\/types\/post"}],"author":[{"embeddable":true,"href":"https:\/\/www.lucernatv.cz\/index.php\/wp-json\/wp\/v2\/users\/1"}],"replies":[{"embeddable":true,"href":"https:\/\/www.lucernatv.cz\/index.php\/wp-json\/wp\/v2\/comments?post=1328"}],"version-history":[{"count":1,"href":"https:\/\/www.lucernatv.cz\/index.php\/wp-json\/wp\/v2\/posts\/1328\/revisions"}],"predecessor-version":[{"id":1329,"href":"https:\/\/www.lucernatv.cz\/index.php\/wp-json\/wp\/v2\/posts\/1328\/revisions\/1329"}],"wp:featuredmedia":[{"embeddable":true,"href":"https:\/\/www.lucernatv.cz\/index.php\/wp-json\/wp\/v2\/media\/1681"}],"wp:attachment":[{"href":"https:\/\/www.lucernatv.cz\/index.php\/wp-json\/wp\/v2\/media?parent=1328"}],"wp:term":[{"taxonomy":"category","embeddable":true,"href":"https:\/\/www.lucernatv.cz\/index.php\/wp-json\/wp\/v2\/categories?post=1328"},{"taxonomy":"post_tag","embeddable":true,"href":"https:\/\/www.lucernatv.cz\/index.php\/wp-json\/wp\/v2\/tags?post=1328"}],"curies":[{"name":"wp","href":"https:\/\/api.w.org\/{rel}","templated":true}]}}