{"id":1326,"date":"2021-02-12T18:15:21","date_gmt":"2021-02-12T18:15:21","guid":{"rendered":"https:\/\/www.lucernatv.cz\/?p=1326"},"modified":"2021-02-17T00:45:09","modified_gmt":"2021-02-17T00:45:09","slug":"libri-prohibiti-jaromira-savrdy","status":"publish","type":"post","link":"https:\/\/www.lucernatv.cz\/index.php\/2021\/02\/12\/libri-prohibiti-jaromira-savrdy\/","title":{"rendered":"Libri prohibiti Jarom\u00edra \u0160avrdy"},"content":{"rendered":"\n<figure class=\"wp-block-embed is-type-video is-provider-youtube wp-block-embed-youtube wp-embed-aspect-16-9 wp-has-aspect-ratio\"><div class=\"wp-block-embed__wrapper\">\n<div class=\"nv-iframe-embed\"><div class=\"arve\" data-mode=\"normal\" data-oembed=\"1\" data-provider=\"youtube\" id=\"arve-youtube-crdpzw8je_o69f1dedd747c0970569278\">\n<span class=\"arve-inner\">\n<span class=\"arve-embed arve-embed--has-aspect-ratio\">\n<span class=\"arve-ar\" style=\"padding-top:56.250000%\"><\/span><iframe allow=\"accelerometer; autoplay; clipboard-write; encrypted-media; gyroscope; picture-in-picture\" allowfullscreen class=\"arve-iframe fitvidsignore\" data-arve=\"arve-youtube-crdpzw8je_o69f1dedd747c0970569278\" data-src-no-ap=\"https:\/\/www.youtube-nocookie.com\/embed\/CrdpzW8je_o?feature=oembed&amp;iv_load_policy=3&amp;modestbranding=1&amp;rel=0&amp;autohide=1&amp;playsinline=0&amp;autoplay=0\" frameborder=\"0\" height=\"0\" sandbox=\"allow-scripts allow-same-origin allow-presentation allow-popups allow-popups-to-escape-sandbox\" scrolling=\"no\" src=\"https:\/\/www.youtube-nocookie.com\/embed\/CrdpzW8je_o?feature=oembed&#038;iv_load_policy=3&#038;modestbranding=1&#038;rel=0&#038;autohide=1&#038;playsinline=0&#038;autoplay=0\"><\/iframe>\n\n<\/span>\n\n<\/span>\n<script type=\"application\/ld+json\">{\"@context\":\"http:\\\/\\\/schema.org\\\/\",\"@id\":\"https:\\\/\\\/www.lucernatv.cz\\\/index.php\\\/2021\\\/02\\\/12\\\/libri-prohibiti-jaromira-savrdy\\\/#arve-youtube-crdpzw8je_o69f1dedd747c0970569278\",\"type\":\"VideoObject\",\"embedURL\":\"https:\\\/\\\/www.youtube-nocookie.com\\\/embed\\\/CrdpzW8je_o?feature=oembed&iv_load_policy=3&modestbranding=1&rel=0&autohide=1&playsinline=0&autoplay=0\"}<\/script>\n<\/div>\n<\/div>\n<\/div><\/figure>\n\n\n\n<p>Kr\u00e1tk\u00fd filmov\u00fd dokument z cyklu &#8222;Sami proti zlu&#8220; v\u011bnovan\u00fd v\u00fdznamn\u00fdm osobnostem Moravskoslezsk\u00e9ho kraje, jejich\u017e \u017eivoty byly zasa\u017eeny velk\u00fdmi d\u011bjinami. Tento d\u00edl se v\u011bnuje ostravsk\u00e9mu spisovateli a chartistovi Jarom\u00edrovi \u0160avrdovi. Vzpom\u00edn\u00e1 na n\u011bj jeho man\u017eelka Dolores \u0160avrdov\u00e1 a Ji\u0159\u00ed Gruntor\u00e1d, \u0159editel knihovny \u010ds. exilov\u00e9 a samizdatov\u00e9 literatury Libri prohibiti. <\/p>\n\n\n\n<p>PhDr. JUDr. Jarom\u00edr \u0160avrda vystudoval Filozofickou fakultu na Karlov\u011b univerzit\u011b v Praze, pozd\u011bji i Fakultu pr\u00e1vnickou. V letech 1956 a\u017e 1957 byl \u0159editelem Okresn\u00edho domu osv\u011bty v Jilemnici, pak byl v Ostrav\u011b osv\u011bt\u00e1\u0159em a knihovn\u00edkem. V letech 1959 a\u017e 1963 byl st\u0159edo\u0161kolsk\u00fdm profesorem v Ostrav\u011b. Pozd\u011bji byl pomocn\u00fdm d\u011bln\u00edkem v zoo. V letech 1968&#8211;1969 byl novin\u00e1\u0159em v den\u00edku Nov\u00e1 svoboda a sou\u010dasn\u011b podnikov\u00fdm pr\u00e1vn\u00edkem nakladatelstv\u00ed Puls. Po roce 1969, v dob\u011b normalizace, mu byla znemo\u017en\u011bna publicistick\u00e1 a profesorsk\u00e1 \u010dinnost a \u0160avrda pracoval jako skladn\u00edk u podniku Geologick\u00fd pr\u016fzkum Ostrava. V roce 1975 ode\u0161el ze zdravotn\u00edch d\u016fvod\u016f p\u0159ed\u010dasn\u011b do d\u016fchodu. P\u0159itom se v\u011bnoval tvorb\u011b v brn\u011bnsk\u00e9 odno\u017ei samizdatov\u00e9 edice Petlice, za ni\u017e byl v roce 1978 zat\u010den a odsouzen k 55 m\u011bs\u00edc\u016fm v\u011bzen\u00ed. Po n\u00e1vratu z v\u00fdkonu trestu se aktivn\u011b zapojil do Charty 77 a v z\u00e1\u0159\u00ed 1982 byl zat\u010den znovu &#8212; za \u00fadajn\u00e9 pobu\u0159ov\u00e1n\u00ed. Byl jedn\u00edm ze zakl\u00e1daj\u00edc\u00edch \u010dlen\u016f organizace Spole\u010dnost p\u0159\u00e1tel USA. V roce 1998 mu byl in memoriam ud\u011blen \u0158\u00e1d Tom\u00e1\u0161e Garrigua Masaryka IV. t\u0159\u00eddy.<\/p>\n\n\n\n<div class=\"wp-block-buttons is-layout-flex\">\n<div class=\"wp-block-button\"><a class=\"wp-block-button__link\" href=\"http:\/\/www.moderni-dejiny.cz\/clanek\/libri-prohibiti-jaromira-savrdy\/\" target=\"_blank\" rel=\"noreferrer noopener\">Metodika \u2013 moderni-dejiny.cz<\/a><\/div>\n<\/div>\n","protected":false},"excerpt":{"rendered":"<p>Kr\u00e1tk\u00fd filmov\u00fd dokument z cyklu &#8222;Sami proti zlu&#8220; v\u011bnovan\u00fd v\u00fdznamn\u00fdm osobnostem Moravskoslezsk\u00e9ho kraje, jejich\u017e \u017eivoty byly zasa\u017eeny velk\u00fdmi d\u011bjinami. Tento d\u00edl se v\u011bnuje ostravsk\u00e9mu spisovateli a chartistovi Jarom\u00edrovi \u0160avrdovi. Vzpom\u00edn\u00e1 na n\u011bj jeho man\u017eelka Dolores \u0160avrdov\u00e1 a Ji\u0159\u00ed Gruntor\u00e1d, \u0159editel knihovny \u010ds. exilov\u00e9 a samizdatov\u00e9 literatury Libri prohibiti. PhDr. JUDr. Jarom\u00edr \u0160avrda vystudoval Filozofickou fakultu&hellip;&nbsp;<a href=\"https:\/\/www.lucernatv.cz\/index.php\/2021\/02\/12\/libri-prohibiti-jaromira-savrdy\/\" class=\"\" rel=\"bookmark\">\u010c\u00edst d\u00e1le &raquo;<span class=\"screen-reader-text\">Libri prohibiti Jarom\u00edra \u0160avrdy<\/span><\/a><\/p>\n","protected":false},"author":1,"featured_media":1673,"comment_status":"closed","ping_status":"open","sticky":false,"template":"","format":"gallery","meta":{"inline_featured_image":false,"_uag_custom_page_level_css":"","neve_meta_sidebar":"","neve_meta_container":"","neve_meta_enable_content_width":"","neve_meta_content_width":0,"neve_meta_title_alignment":"","neve_meta_author_avatar":"","neve_post_elements_order":"","neve_meta_disable_header":"","neve_meta_disable_footer":"","neve_meta_disable_title":"","_vp_format_video_url":"","_vp_image_focal_point":[]},"categories":[15,21,5,4],"tags":[24,53],"yoast_head":"<!-- This site is optimized with the Yoast SEO plugin v20.12 - https:\/\/yoast.com\/wordpress\/plugins\/seo\/ -->\n<title>Libri prohibiti Jarom\u00edra \u0160avrdy - lucernatv.cz<\/title>\n<meta name=\"robots\" content=\"index, follow, max-snippet:-1, max-image-preview:large, max-video-preview:-1\" \/>\n<link rel=\"canonical\" href=\"https:\/\/www.lucernatv.cz\/index.php\/2021\/02\/12\/libri-prohibiti-jaromira-savrdy\/\" \/>\n<meta property=\"og:locale\" content=\"cs_CZ\" \/>\n<meta property=\"og:type\" content=\"article\" \/>\n<meta property=\"og:title\" content=\"Libri prohibiti Jarom\u00edra \u0160avrdy - lucernatv.cz\" \/>\n<meta property=\"og:description\" content=\"Kr\u00e1tk\u00fd filmov\u00fd dokument z cyklu &#8222;Sami proti zlu&#8220; v\u011bnovan\u00fd v\u00fdznamn\u00fdm osobnostem Moravskoslezsk\u00e9ho kraje, jejich\u017e \u017eivoty byly zasa\u017eeny velk\u00fdmi d\u011bjinami. Tento d\u00edl se v\u011bnuje ostravsk\u00e9mu spisovateli a chartistovi Jarom\u00edrovi \u0160avrdovi. Vzpom\u00edn\u00e1 na n\u011bj jeho man\u017eelka Dolores \u0160avrdov\u00e1 a Ji\u0159\u00ed Gruntor\u00e1d, \u0159editel knihovny \u010ds. exilov\u00e9 a samizdatov\u00e9 literatury Libri prohibiti. PhDr. JUDr. Jarom\u00edr \u0160avrda vystudoval Filozofickou fakultu&hellip;&nbsp;\u010c\u00edst d\u00e1le &raquo;Libri prohibiti Jarom\u00edra \u0160avrdy\" \/>\n<meta property=\"og:url\" content=\"https:\/\/www.lucernatv.cz\/index.php\/2021\/02\/12\/libri-prohibiti-jaromira-savrdy\/\" \/>\n<meta property=\"og:site_name\" content=\"lucernatv.cz\" \/>\n<meta property=\"article:publisher\" content=\"https:\/\/www.facebook.com\/avtopava\" \/>\n<meta property=\"article:published_time\" content=\"2021-02-12T18:15:21+00:00\" \/>\n<meta property=\"article:modified_time\" content=\"2021-02-17T00:45:09+00:00\" \/>\n<meta property=\"og:image\" content=\"https:\/\/www.lucernatv.cz\/wp-content\/uploads\/2021\/02\/CrdpzW8je_o.jpg\" \/>\n\t<meta property=\"og:image:width\" content=\"1050\" \/>\n\t<meta property=\"og:image:height\" content=\"576\" \/>\n\t<meta property=\"og:image:type\" content=\"image\/jpeg\" \/>\n<meta name=\"author\" content=\"lucernatvc\" \/>\n<meta name=\"twitter:card\" content=\"summary_large_image\" \/>\n<meta name=\"twitter:label1\" content=\"Napsal(a)\" \/>\n\t<meta name=\"twitter:data1\" content=\"lucernatvc\" \/>\n\t<meta name=\"twitter:label2\" content=\"Odhadovan\u00e1 doba \u010dten\u00ed\" \/>\n\t<meta name=\"twitter:data2\" content=\"1 minuta\" \/>\n<script type=\"application\/ld+json\" class=\"yoast-schema-graph\">{\"@context\":\"https:\/\/schema.org\",\"@graph\":[{\"@type\":\"Article\",\"@id\":\"https:\/\/www.lucernatv.cz\/index.php\/2021\/02\/12\/libri-prohibiti-jaromira-savrdy\/#article\",\"isPartOf\":{\"@id\":\"https:\/\/www.lucernatv.cz\/index.php\/2021\/02\/12\/libri-prohibiti-jaromira-savrdy\/\"},\"author\":{\"name\":\"lucernatvc\",\"@id\":\"https:\/\/www.lucernatv.cz\/#\/schema\/person\/fdc6b3778fe63c82ba7479978ad159ad\"},\"headline\":\"Libri prohibiti Jarom\u00edra \u0160avrdy\",\"datePublished\":\"2021-02-12T18:15:21+00:00\",\"dateModified\":\"2021-02-17T00:45:09+00:00\",\"mainEntityOfPage\":{\"@id\":\"https:\/\/www.lucernatv.cz\/index.php\/2021\/02\/12\/libri-prohibiti-jaromira-savrdy\/\"},\"wordCount\":291,\"publisher\":{\"@id\":\"https:\/\/www.lucernatv.cz\/#organization\"},\"keywords\":[\"dokument\",\"Sami proti zlu\"],\"articleSection\":[\"historie\",\"osobnosti\",\"Spole\u010dnost\",\"V\u011bda\"],\"inLanguage\":\"cs\"},{\"@type\":\"WebPage\",\"@id\":\"https:\/\/www.lucernatv.cz\/index.php\/2021\/02\/12\/libri-prohibiti-jaromira-savrdy\/\",\"url\":\"https:\/\/www.lucernatv.cz\/index.php\/2021\/02\/12\/libri-prohibiti-jaromira-savrdy\/\",\"name\":\"Libri prohibiti Jarom\u00edra \u0160avrdy - lucernatv.cz\",\"isPartOf\":{\"@id\":\"https:\/\/www.lucernatv.cz\/#website\"},\"datePublished\":\"2021-02-12T18:15:21+00:00\",\"dateModified\":\"2021-02-17T00:45:09+00:00\",\"breadcrumb\":{\"@id\":\"https:\/\/www.lucernatv.cz\/index.php\/2021\/02\/12\/libri-prohibiti-jaromira-savrdy\/#breadcrumb\"},\"inLanguage\":\"cs\",\"potentialAction\":[{\"@type\":\"ReadAction\",\"target\":[\"https:\/\/www.lucernatv.cz\/index.php\/2021\/02\/12\/libri-prohibiti-jaromira-savrdy\/\"]}]},{\"@type\":\"BreadcrumbList\",\"@id\":\"https:\/\/www.lucernatv.cz\/index.php\/2021\/02\/12\/libri-prohibiti-jaromira-savrdy\/#breadcrumb\",\"itemListElement\":[{\"@type\":\"ListItem\",\"position\":1,\"name\":\"Dom\u016f\",\"item\":\"https:\/\/www.lucernatv.cz\/\"},{\"@type\":\"ListItem\",\"position\":2,\"name\":\"Libri prohibiti Jarom\u00edra \u0160avrdy\"}]},{\"@type\":\"WebSite\",\"@id\":\"https:\/\/www.lucernatv.cz\/#website\",\"url\":\"https:\/\/www.lucernatv.cz\/\",\"name\":\"lucernatv.cz\",\"description\":\"Vzd\u011bl\u00e1vac\u00ed televize\",\"publisher\":{\"@id\":\"https:\/\/www.lucernatv.cz\/#organization\"},\"alternateName\":\"Lucerna TV\",\"potentialAction\":[{\"@type\":\"SearchAction\",\"target\":{\"@type\":\"EntryPoint\",\"urlTemplate\":\"https:\/\/www.lucernatv.cz\/?s={search_term_string}\"},\"query-input\":\"required name=search_term_string\"}],\"inLanguage\":\"cs\"},{\"@type\":\"Organization\",\"@id\":\"https:\/\/www.lucernatv.cz\/#organization\",\"name\":\"Lucerna TV\",\"url\":\"https:\/\/www.lucernatv.cz\/\",\"logo\":{\"@type\":\"ImageObject\",\"inLanguage\":\"cs\",\"@id\":\"https:\/\/www.lucernatv.cz\/#\/schema\/logo\/image\/\",\"url\":\"https:\/\/www.lucernatv.cz\/wp-content\/uploads\/2021\/02\/logo.svg\",\"contentUrl\":\"https:\/\/www.lucernatv.cz\/wp-content\/uploads\/2021\/02\/logo.svg\",\"width\":128,\"height\":41,\"caption\":\"Lucerna TV\"},\"image\":{\"@id\":\"https:\/\/www.lucernatv.cz\/#\/schema\/logo\/image\/\"},\"sameAs\":[\"https:\/\/www.facebook.com\/avtopava\",\"https:\/\/www.youtube.com\/channel\/UCtP8PPWG9JatWSMsKMOvdDg\"]},{\"@type\":\"Person\",\"@id\":\"https:\/\/www.lucernatv.cz\/#\/schema\/person\/fdc6b3778fe63c82ba7479978ad159ad\",\"name\":\"lucernatvc\",\"image\":{\"@type\":\"ImageObject\",\"inLanguage\":\"cs\",\"@id\":\"https:\/\/www.lucernatv.cz\/#\/schema\/person\/image\/\",\"url\":\"https:\/\/secure.gravatar.com\/avatar\/5b7905a95103f5227c1afd8b2a10f058?s=96&d=mm&r=g\",\"contentUrl\":\"https:\/\/secure.gravatar.com\/avatar\/5b7905a95103f5227c1afd8b2a10f058?s=96&d=mm&r=g\",\"caption\":\"lucernatvc\"},\"url\":\"https:\/\/www.lucernatv.cz\/index.php\/author\/lucernatvc\/\"}]}<\/script>\n<!-- \/ Yoast SEO plugin. -->","yoast_head_json":{"title":"Libri prohibiti Jarom\u00edra \u0160avrdy - lucernatv.cz","robots":{"index":"index","follow":"follow","max-snippet":"max-snippet:-1","max-image-preview":"max-image-preview:large","max-video-preview":"max-video-preview:-1"},"canonical":"https:\/\/www.lucernatv.cz\/index.php\/2021\/02\/12\/libri-prohibiti-jaromira-savrdy\/","og_locale":"cs_CZ","og_type":"article","og_title":"Libri prohibiti Jarom\u00edra \u0160avrdy - lucernatv.cz","og_description":"Kr\u00e1tk\u00fd filmov\u00fd dokument z cyklu &#8222;Sami proti zlu&#8220; v\u011bnovan\u00fd v\u00fdznamn\u00fdm osobnostem Moravskoslezsk\u00e9ho kraje, jejich\u017e \u017eivoty byly zasa\u017eeny velk\u00fdmi d\u011bjinami. Tento d\u00edl se v\u011bnuje ostravsk\u00e9mu spisovateli a chartistovi Jarom\u00edrovi \u0160avrdovi. Vzpom\u00edn\u00e1 na n\u011bj jeho man\u017eelka Dolores \u0160avrdov\u00e1 a Ji\u0159\u00ed Gruntor\u00e1d, \u0159editel knihovny \u010ds. exilov\u00e9 a samizdatov\u00e9 literatury Libri prohibiti. PhDr. JUDr. Jarom\u00edr \u0160avrda vystudoval Filozofickou fakultu&hellip;&nbsp;\u010c\u00edst d\u00e1le &raquo;Libri prohibiti Jarom\u00edra \u0160avrdy","og_url":"https:\/\/www.lucernatv.cz\/index.php\/2021\/02\/12\/libri-prohibiti-jaromira-savrdy\/","og_site_name":"lucernatv.cz","article_publisher":"https:\/\/www.facebook.com\/avtopava","article_published_time":"2021-02-12T18:15:21+00:00","article_modified_time":"2021-02-17T00:45:09+00:00","og_image":[{"width":1050,"height":576,"url":"https:\/\/www.lucernatv.cz\/wp-content\/uploads\/2021\/02\/CrdpzW8je_o.jpg","type":"image\/jpeg"}],"author":"lucernatvc","twitter_card":"summary_large_image","twitter_misc":{"Napsal(a)":"lucernatvc","Odhadovan\u00e1 doba \u010dten\u00ed":"1 minuta"},"schema":{"@context":"https:\/\/schema.org","@graph":[{"@type":"Article","@id":"https:\/\/www.lucernatv.cz\/index.php\/2021\/02\/12\/libri-prohibiti-jaromira-savrdy\/#article","isPartOf":{"@id":"https:\/\/www.lucernatv.cz\/index.php\/2021\/02\/12\/libri-prohibiti-jaromira-savrdy\/"},"author":{"name":"lucernatvc","@id":"https:\/\/www.lucernatv.cz\/#\/schema\/person\/fdc6b3778fe63c82ba7479978ad159ad"},"headline":"Libri prohibiti Jarom\u00edra \u0160avrdy","datePublished":"2021-02-12T18:15:21+00:00","dateModified":"2021-02-17T00:45:09+00:00","mainEntityOfPage":{"@id":"https:\/\/www.lucernatv.cz\/index.php\/2021\/02\/12\/libri-prohibiti-jaromira-savrdy\/"},"wordCount":291,"publisher":{"@id":"https:\/\/www.lucernatv.cz\/#organization"},"keywords":["dokument","Sami proti zlu"],"articleSection":["historie","osobnosti","Spole\u010dnost","V\u011bda"],"inLanguage":"cs"},{"@type":"WebPage","@id":"https:\/\/www.lucernatv.cz\/index.php\/2021\/02\/12\/libri-prohibiti-jaromira-savrdy\/","url":"https:\/\/www.lucernatv.cz\/index.php\/2021\/02\/12\/libri-prohibiti-jaromira-savrdy\/","name":"Libri prohibiti Jarom\u00edra \u0160avrdy - lucernatv.cz","isPartOf":{"@id":"https:\/\/www.lucernatv.cz\/#website"},"datePublished":"2021-02-12T18:15:21+00:00","dateModified":"2021-02-17T00:45:09+00:00","breadcrumb":{"@id":"https:\/\/www.lucernatv.cz\/index.php\/2021\/02\/12\/libri-prohibiti-jaromira-savrdy\/#breadcrumb"},"inLanguage":"cs","potentialAction":[{"@type":"ReadAction","target":["https:\/\/www.lucernatv.cz\/index.php\/2021\/02\/12\/libri-prohibiti-jaromira-savrdy\/"]}]},{"@type":"BreadcrumbList","@id":"https:\/\/www.lucernatv.cz\/index.php\/2021\/02\/12\/libri-prohibiti-jaromira-savrdy\/#breadcrumb","itemListElement":[{"@type":"ListItem","position":1,"name":"Dom\u016f","item":"https:\/\/www.lucernatv.cz\/"},{"@type":"ListItem","position":2,"name":"Libri prohibiti Jarom\u00edra \u0160avrdy"}]},{"@type":"WebSite","@id":"https:\/\/www.lucernatv.cz\/#website","url":"https:\/\/www.lucernatv.cz\/","name":"lucernatv.cz","description":"Vzd\u011bl\u00e1vac\u00ed televize","publisher":{"@id":"https:\/\/www.lucernatv.cz\/#organization"},"alternateName":"Lucerna TV","potentialAction":[{"@type":"SearchAction","target":{"@type":"EntryPoint","urlTemplate":"https:\/\/www.lucernatv.cz\/?s={search_term_string}"},"query-input":"required name=search_term_string"}],"inLanguage":"cs"},{"@type":"Organization","@id":"https:\/\/www.lucernatv.cz\/#organization","name":"Lucerna TV","url":"https:\/\/www.lucernatv.cz\/","logo":{"@type":"ImageObject","inLanguage":"cs","@id":"https:\/\/www.lucernatv.cz\/#\/schema\/logo\/image\/","url":"https:\/\/www.lucernatv.cz\/wp-content\/uploads\/2021\/02\/logo.svg","contentUrl":"https:\/\/www.lucernatv.cz\/wp-content\/uploads\/2021\/02\/logo.svg","width":128,"height":41,"caption":"Lucerna TV"},"image":{"@id":"https:\/\/www.lucernatv.cz\/#\/schema\/logo\/image\/"},"sameAs":["https:\/\/www.facebook.com\/avtopava","https:\/\/www.youtube.com\/channel\/UCtP8PPWG9JatWSMsKMOvdDg"]},{"@type":"Person","@id":"https:\/\/www.lucernatv.cz\/#\/schema\/person\/fdc6b3778fe63c82ba7479978ad159ad","name":"lucernatvc","image":{"@type":"ImageObject","inLanguage":"cs","@id":"https:\/\/www.lucernatv.cz\/#\/schema\/person\/image\/","url":"https:\/\/secure.gravatar.com\/avatar\/5b7905a95103f5227c1afd8b2a10f058?s=96&d=mm&r=g","contentUrl":"https:\/\/secure.gravatar.com\/avatar\/5b7905a95103f5227c1afd8b2a10f058?s=96&d=mm&r=g","caption":"lucernatvc"},"url":"https:\/\/www.lucernatv.cz\/index.php\/author\/lucernatvc\/"}]}},"uagb_featured_image_src":{"full":["https:\/\/www.lucernatv.cz\/wp-content\/uploads\/2021\/02\/CrdpzW8je_o.jpg",1050,576,false],"thumbnail":["https:\/\/www.lucernatv.cz\/wp-content\/uploads\/2021\/02\/CrdpzW8je_o-150x150.jpg",150,150,true],"medium":["https:\/\/www.lucernatv.cz\/wp-content\/uploads\/2021\/02\/CrdpzW8je_o-300x165.jpg",300,165,true],"medium_large":["https:\/\/www.lucernatv.cz\/wp-content\/uploads\/2021\/02\/CrdpzW8je_o-768x421.jpg",768,421,true],"large":["https:\/\/www.lucernatv.cz\/wp-content\/uploads\/2021\/02\/CrdpzW8je_o.jpg",1050,576,false],"1536x1536":["https:\/\/www.lucernatv.cz\/wp-content\/uploads\/2021\/02\/CrdpzW8je_o.jpg",1050,576,false],"2048x2048":["https:\/\/www.lucernatv.cz\/wp-content\/uploads\/2021\/02\/CrdpzW8je_o.jpg",1050,576,false],"ultp_layout_landscape_large":["https:\/\/www.lucernatv.cz\/wp-content\/uploads\/2021\/02\/CrdpzW8je_o.jpg",1050,576,false],"ultp_layout_landscape":["https:\/\/www.lucernatv.cz\/wp-content\/uploads\/2021\/02\/CrdpzW8je_o.jpg",870,477,false],"ultp_layout_portrait":["https:\/\/www.lucernatv.cz\/wp-content\/uploads\/2021\/02\/CrdpzW8je_o.jpg",600,329,false],"ultp_layout_square":["https:\/\/www.lucernatv.cz\/wp-content\/uploads\/2021\/02\/CrdpzW8je_o.jpg",600,329,false],"vp_sm":["https:\/\/www.lucernatv.cz\/wp-content\/uploads\/2021\/02\/CrdpzW8je_o-500x274.jpg",500,274,true],"vp_md":["https:\/\/www.lucernatv.cz\/wp-content\/uploads\/2021\/02\/CrdpzW8je_o-800x439.jpg",800,439,true],"vp_lg":["https:\/\/www.lucernatv.cz\/wp-content\/uploads\/2021\/02\/CrdpzW8je_o.jpg",1050,576,false],"vp_xl":["https:\/\/www.lucernatv.cz\/wp-content\/uploads\/2021\/02\/CrdpzW8je_o.jpg",1050,576,false],"vp_sm_popup":["https:\/\/www.lucernatv.cz\/wp-content\/uploads\/2021\/02\/CrdpzW8je_o-500x274.jpg",500,274,true],"vp_md_popup":["https:\/\/www.lucernatv.cz\/wp-content\/uploads\/2021\/02\/CrdpzW8je_o-800x439.jpg",800,439,true],"vp_xl_popup":["https:\/\/www.lucernatv.cz\/wp-content\/uploads\/2021\/02\/CrdpzW8je_o.jpg",1050,576,false],"neve-blog":["https:\/\/www.lucernatv.cz\/wp-content\/uploads\/2021\/02\/CrdpzW8je_o.jpg",930,510,false]},"uagb_author_info":{"display_name":"lucernatvc","author_link":"https:\/\/www.lucernatv.cz\/index.php\/author\/lucernatvc\/"},"uagb_comment_info":0,"uagb_excerpt":"Kr\u00e1tk\u00fd filmov\u00fd dokument z cyklu &#8222;Sami proti zlu&#8220; v\u011bnovan\u00fd v\u00fdznamn\u00fdm osobnostem Moravskoslezsk\u00e9ho kraje, jejich\u017e \u017eivoty byly zasa\u017eeny velk\u00fdmi d\u011bjinami. Tento d\u00edl se v\u011bnuje ostravsk\u00e9mu spisovateli a chartistovi Jarom\u00edrovi \u0160avrdovi. Vzpom\u00edn\u00e1 na n\u011bj jeho man\u017eelka Dolores \u0160avrdov\u00e1 a Ji\u0159\u00ed Gruntor\u00e1d, \u0159editel knihovny \u010ds. exilov\u00e9 a samizdatov\u00e9 literatury Libri prohibiti. PhDr. JUDr. Jarom\u00edr \u0160avrda vystudoval Filozofickou fakultu&hellip;&nbsp;\u010c\u00edst&hellip;","_links":{"self":[{"href":"https:\/\/www.lucernatv.cz\/index.php\/wp-json\/wp\/v2\/posts\/1326"}],"collection":[{"href":"https:\/\/www.lucernatv.cz\/index.php\/wp-json\/wp\/v2\/posts"}],"about":[{"href":"https:\/\/www.lucernatv.cz\/index.php\/wp-json\/wp\/v2\/types\/post"}],"author":[{"embeddable":true,"href":"https:\/\/www.lucernatv.cz\/index.php\/wp-json\/wp\/v2\/users\/1"}],"replies":[{"embeddable":true,"href":"https:\/\/www.lucernatv.cz\/index.php\/wp-json\/wp\/v2\/comments?post=1326"}],"version-history":[{"count":1,"href":"https:\/\/www.lucernatv.cz\/index.php\/wp-json\/wp\/v2\/posts\/1326\/revisions"}],"predecessor-version":[{"id":1327,"href":"https:\/\/www.lucernatv.cz\/index.php\/wp-json\/wp\/v2\/posts\/1326\/revisions\/1327"}],"wp:featuredmedia":[{"embeddable":true,"href":"https:\/\/www.lucernatv.cz\/index.php\/wp-json\/wp\/v2\/media\/1673"}],"wp:attachment":[{"href":"https:\/\/www.lucernatv.cz\/index.php\/wp-json\/wp\/v2\/media?parent=1326"}],"wp:term":[{"taxonomy":"category","embeddable":true,"href":"https:\/\/www.lucernatv.cz\/index.php\/wp-json\/wp\/v2\/categories?post=1326"},{"taxonomy":"post_tag","embeddable":true,"href":"https:\/\/www.lucernatv.cz\/index.php\/wp-json\/wp\/v2\/tags?post=1326"}],"curies":[{"name":"wp","href":"https:\/\/api.w.org\/{rel}","templated":true}]}}