{"id":1322,"date":"2021-02-12T18:10:58","date_gmt":"2021-02-12T18:10:58","guid":{"rendered":"https:\/\/www.lucernatv.cz\/?p=1322"},"modified":"2021-02-17T00:43:12","modified_gmt":"2021-02-17T00:43:12","slug":"nezlomna-vira-stanislava-lekaveho","status":"publish","type":"post","link":"https:\/\/www.lucernatv.cz\/index.php\/2021\/02\/12\/nezlomna-vira-stanislava-lekaveho\/","title":{"rendered":"Nezlomn\u00e1 v\u00edra Stanislava Lekav\u00e9ho"},"content":{"rendered":"\n<figure class=\"wp-block-embed is-type-video is-provider-youtube wp-block-embed-youtube wp-embed-aspect-16-9 wp-has-aspect-ratio\"><div class=\"wp-block-embed__wrapper\">\n<div class=\"nv-iframe-embed\"><div class=\"arve\" data-mode=\"normal\" data-oembed=\"1\" data-provider=\"youtube\" id=\"arve-youtube-ipmpfzvs4ze69f1dedd266bd324505441\">\n<span class=\"arve-inner\">\n<span class=\"arve-embed arve-embed--has-aspect-ratio\">\n<span class=\"arve-ar\" style=\"padding-top:56.250000%\"><\/span><iframe allow=\"accelerometer; autoplay; clipboard-write; encrypted-media; gyroscope; picture-in-picture\" allowfullscreen class=\"arve-iframe fitvidsignore\" data-arve=\"arve-youtube-ipmpfzvs4ze69f1dedd266bd324505441\" data-src-no-ap=\"https:\/\/www.youtube-nocookie.com\/embed\/ipMpFZVs4zE?feature=oembed&amp;iv_load_policy=3&amp;modestbranding=1&amp;rel=0&amp;autohide=1&amp;playsinline=0&amp;autoplay=0\" frameborder=\"0\" height=\"0\" sandbox=\"allow-scripts allow-same-origin allow-presentation allow-popups allow-popups-to-escape-sandbox\" scrolling=\"no\" src=\"https:\/\/www.youtube-nocookie.com\/embed\/ipMpFZVs4zE?feature=oembed&#038;iv_load_policy=3&#038;modestbranding=1&#038;rel=0&#038;autohide=1&#038;playsinline=0&#038;autoplay=0\"><\/iframe>\n\n<\/span>\n\n<\/span>\n<script type=\"application\/ld+json\">{\"@context\":\"http:\\\/\\\/schema.org\\\/\",\"@id\":\"https:\\\/\\\/www.lucernatv.cz\\\/index.php\\\/2021\\\/02\\\/12\\\/nezlomna-vira-stanislava-lekaveho\\\/#arve-youtube-ipmpfzvs4ze69f1dedd266bd324505441\",\"type\":\"VideoObject\",\"embedURL\":\"https:\\\/\\\/www.youtube-nocookie.com\\\/embed\\\/ipMpFZVs4zE?feature=oembed&iv_load_policy=3&modestbranding=1&rel=0&autohide=1&playsinline=0&autoplay=0\"}<\/script>\n<\/div>\n<\/div>\n<\/div><\/figure>\n\n\n\n<p>v\u00e1m kr\u00e1tk\u00fd filmov\u00fd dokument z cyklu &#8222;Sami proti zlu&#8220; v\u011bnovan\u00fd v\u00fdznamn\u00fdm osobnostem Moravskoslezsk\u00e9ho kraje, jejich\u017e \u017eivoty byly zasa\u017eeny velk\u00fdmi d\u011bjinami. Tento d\u00edl, v\u011bnovan\u00fd \u017eivotn\u00edmu osudu duchovn\u00edho a politick\u00e9ho v\u011bzn\u011b z 50. let Stanislava Lekav\u00e9ho, je vhodn\u00e9 pou\u017e\u00edt jako motivaci a probuzen\u00ed z\u00e1jmu o t\u00e9ma perzekuce duchovn\u00edch a protic\u00edrkevn\u00ed politiky KS\u010c v komunistick\u00e9m \u010ceskoslovensku. Svou koncepc\u00ed (s\u00edla osobn\u00edho p\u0159\u00edb\u011bhu, zac\u00edlen\u00ed na z\u00e1kladn\u00ed fenom\u00e9ny) a stop\u00e1\u017e\u00ed (13 minut) je vytvo\u0159en pro p\u0159\u00edm\u00e9 vyu\u017eit\u00ed v b\u011b\u017en\u00e9 vyu\u010dovac\u00ed hodin\u011b d\u011bjepisu na z\u00e1kladn\u00ed \u010di st\u0159edn\u00ed \u0161kole. <\/p>\n\n\n\n<p>Po projekci dokumentu zb\u00fdv\u00e1 \u017e\u00e1k\u016fm a student\u016fm dost \u010dasu na samostatnou \u010di skupinovou pr\u00e1ci, prom\u00fd\u0161len\u00ed odpov\u011bd\u00ed, diskusi s u\u010ditelem i mezi sebou navz\u00e1jem. S pomoc\u00ed dokument\u00e1rn\u00edho filmu, pracovn\u00edch list\u016f s ot\u00e1zkami, \u017e\u00e1ci a studenti pochop\u00ed z\u00e1kladn\u00ed rysy a c\u00edle protic\u00edrkevn\u00ed politiky KS\u010c v 50. letech (katolick\u00e1 c\u00edrkev jako nejsiln\u011bj\u0161\u00ed protivn\u00edk ideologie marxismu-leninismu, perzekuce kn\u011b\u017e\u00ed, \u0159eholnic a \u0159eholn\u00edk\u016f, likvidace kl\u00e1\u0161ter\u016f a kulturn\u00edho d\u011bdictv\u00ed &#8212; devastace c\u00edrkevn\u00edch objekt\u016f). Sledov\u00e1n\u00edm v\u00fdpov\u011bdi pam\u011btn\u00edka rovn\u011b\u017e pochop\u00ed jeho \u017eivotn\u00ed a historick\u00e9 zku\u0161enosti, mohou se vc\u00edtit do jeho p\u0159\u00edb\u011bhu a v jeho slovech hledat skryt\u00e9 poselstv\u00ed pro svou generaci. <\/p>\n\n\n\n<p>P\u00e1ter Stanislav Lekav\u00fd se narodil v roce 1930 v Josefov\u011b (okres Hodon\u00edn). V roce 1948 ukon\u010dil dvouletou obchodn\u00ed \u0161kolu v Hodon\u00edn\u011b. 26. z\u00e1\u0159\u00ed 1948 byl zat\u010den a n\u00e1sledn\u011b Krajsk\u00fdm soudem v Uhersk\u00e9m Hradi\u0161ti odsouzen na dva roky za distribuci let\u00e1k\u016f odsuzuj\u00edc\u00edch nedemokratick\u00fd p\u0159evrat v \u00fanoru 1948. V\u011bzn\u011bn byl v Brn\u011b na Cejlu, v Uhersk\u00e9m Hradi\u0161ti, v Plzni na Borech, v Doln\u00edm Ji\u0159et\u00edn\u011b a na J\u00e1chymovsku. Z v\u011bzen\u00ed byl propu\u0161t\u011bn 25. z\u00e1\u0159\u00ed 1950, v listopadu 1950 byl povol\u00e1n do PTP, tam si odslou\u017eil t\u0159i roky. Po propu\u0161t\u011bn\u00ed pracoval v Kyjov\u011b, kde nav\u0161t\u011bvoval ve\u010dern\u00ed st\u0159edn\u00ed \u0161kolu. Potom n\u00e1sledovala p\u0159ihl\u00e1\u0161ka na bohoslov\u00ed do Litom\u011b\u0159ic, kam v\u0161ak nebyl p\u0159ijat. V roce 1959 byl opakovan\u011b vyd\u00edr\u00e1n a nab\u00e1d\u00e1n ke spolupr\u00e1ci s StB, v\u017edy odm\u00edtl. V roce 1968 za\u010dal d\u00e1lkov\u011b studovat Teologickou fakultu UP v Olomouci. V dob\u011b normalizace byla v\u0161ak fakulta zru\u0161ena, a tak ji dokon\u010dil tajn\u011b. Dne 20. \u010dervence 1978 byl v Brn\u011b tajn\u011b vysv\u011bcen na kn\u011bze biskupem Siardem Klementem. V dob\u011b normalizace jej st\u00e1le sledovala St\u00e1tn\u00ed bezpe\u010dnost\u00ed. 25. z\u00e1\u0159\u00ed 1998 byl slavnostn\u011b vysv\u011bcen na kn\u011bze. <\/p>\n\n\n\n<div class=\"wp-block-buttons is-layout-flex\">\n<div class=\"wp-block-button\"><a class=\"wp-block-button__link\" href=\"http:\/\/www.moderni-dejiny.cz\/clanek\/nezlomna-vira-stanislava-lekaveho\/\" target=\"_blank\" rel=\"noreferrer noopener\">Metodika \u2013 moderni-dejiny.cz<\/a><\/div>\n<\/div>\n","protected":false},"excerpt":{"rendered":"<p>v\u00e1m kr\u00e1tk\u00fd filmov\u00fd dokument z cyklu &#8222;Sami proti zlu&#8220; v\u011bnovan\u00fd v\u00fdznamn\u00fdm osobnostem Moravskoslezsk\u00e9ho kraje, jejich\u017e \u017eivoty byly zasa\u017eeny velk\u00fdmi d\u011bjinami. Tento d\u00edl, v\u011bnovan\u00fd \u017eivotn\u00edmu osudu duchovn\u00edho a politick\u00e9ho v\u011bzn\u011b z 50. let Stanislava Lekav\u00e9ho, je vhodn\u00e9 pou\u017e\u00edt jako motivaci a probuzen\u00ed z\u00e1jmu o t\u00e9ma perzekuce duchovn\u00edch a protic\u00edrkevn\u00ed politiky KS\u010c v komunistick\u00e9m \u010ceskoslovensku. Svou koncepc\u00ed&hellip;&nbsp;<a href=\"https:\/\/www.lucernatv.cz\/index.php\/2021\/02\/12\/nezlomna-vira-stanislava-lekaveho\/\" class=\"\" rel=\"bookmark\">\u010c\u00edst d\u00e1le &raquo;<span class=\"screen-reader-text\">Nezlomn\u00e1 v\u00edra Stanislava Lekav\u00e9ho<\/span><\/a><\/p>\n","protected":false},"author":1,"featured_media":1669,"comment_status":"closed","ping_status":"open","sticky":false,"template":"","format":"gallery","meta":{"inline_featured_image":false,"_uag_custom_page_level_css":"","neve_meta_sidebar":"","neve_meta_container":"","neve_meta_enable_content_width":"","neve_meta_content_width":0,"neve_meta_title_alignment":"","neve_meta_author_avatar":"","neve_post_elements_order":"","neve_meta_disable_header":"","neve_meta_disable_footer":"","neve_meta_disable_title":"","_vp_format_video_url":"","_vp_image_focal_point":[]},"categories":[15,21,5,4],"tags":[24,53],"yoast_head":"<!-- This site is optimized with the Yoast SEO plugin v20.12 - https:\/\/yoast.com\/wordpress\/plugins\/seo\/ -->\n<title>Nezlomn\u00e1 v\u00edra Stanislava Lekav\u00e9ho - lucernatv.cz<\/title>\n<meta name=\"robots\" content=\"index, follow, max-snippet:-1, max-image-preview:large, max-video-preview:-1\" \/>\n<link rel=\"canonical\" href=\"https:\/\/www.lucernatv.cz\/index.php\/2021\/02\/12\/nezlomna-vira-stanislava-lekaveho\/\" \/>\n<meta property=\"og:locale\" content=\"cs_CZ\" \/>\n<meta property=\"og:type\" content=\"article\" \/>\n<meta property=\"og:title\" content=\"Nezlomn\u00e1 v\u00edra Stanislava Lekav\u00e9ho - lucernatv.cz\" \/>\n<meta property=\"og:description\" content=\"v\u00e1m kr\u00e1tk\u00fd filmov\u00fd dokument z cyklu &#8222;Sami proti zlu&#8220; v\u011bnovan\u00fd v\u00fdznamn\u00fdm osobnostem Moravskoslezsk\u00e9ho kraje, jejich\u017e \u017eivoty byly zasa\u017eeny velk\u00fdmi d\u011bjinami. Tento d\u00edl, v\u011bnovan\u00fd \u017eivotn\u00edmu osudu duchovn\u00edho a politick\u00e9ho v\u011bzn\u011b z 50. let Stanislava Lekav\u00e9ho, je vhodn\u00e9 pou\u017e\u00edt jako motivaci a probuzen\u00ed z\u00e1jmu o t\u00e9ma perzekuce duchovn\u00edch a protic\u00edrkevn\u00ed politiky KS\u010c v komunistick\u00e9m \u010ceskoslovensku. Svou koncepc\u00ed&hellip;&nbsp;\u010c\u00edst d\u00e1le &raquo;Nezlomn\u00e1 v\u00edra Stanislava Lekav\u00e9ho\" \/>\n<meta property=\"og:url\" content=\"https:\/\/www.lucernatv.cz\/index.php\/2021\/02\/12\/nezlomna-vira-stanislava-lekaveho\/\" \/>\n<meta property=\"og:site_name\" content=\"lucernatv.cz\" \/>\n<meta property=\"article:publisher\" content=\"https:\/\/www.facebook.com\/avtopava\" \/>\n<meta property=\"article:published_time\" content=\"2021-02-12T18:10:58+00:00\" \/>\n<meta property=\"article:modified_time\" content=\"2021-02-17T00:43:12+00:00\" \/>\n<meta property=\"og:image\" content=\"https:\/\/www.lucernatv.cz\/wp-content\/uploads\/2021\/02\/ipMpFZVs4zE.jpg\" \/>\n\t<meta property=\"og:image:width\" content=\"1050\" \/>\n\t<meta property=\"og:image:height\" content=\"576\" \/>\n\t<meta property=\"og:image:type\" content=\"image\/jpeg\" \/>\n<meta name=\"author\" content=\"lucernatvc\" \/>\n<meta name=\"twitter:card\" content=\"summary_large_image\" \/>\n<meta name=\"twitter:label1\" content=\"Napsal(a)\" \/>\n\t<meta name=\"twitter:data1\" content=\"lucernatvc\" \/>\n\t<meta name=\"twitter:label2\" content=\"Odhadovan\u00e1 doba \u010dten\u00ed\" \/>\n\t<meta name=\"twitter:data2\" content=\"2 minuty\" \/>\n<script type=\"application\/ld+json\" class=\"yoast-schema-graph\">{\"@context\":\"https:\/\/schema.org\",\"@graph\":[{\"@type\":\"Article\",\"@id\":\"https:\/\/www.lucernatv.cz\/index.php\/2021\/02\/12\/nezlomna-vira-stanislava-lekaveho\/#article\",\"isPartOf\":{\"@id\":\"https:\/\/www.lucernatv.cz\/index.php\/2021\/02\/12\/nezlomna-vira-stanislava-lekaveho\/\"},\"author\":{\"name\":\"lucernatvc\",\"@id\":\"https:\/\/www.lucernatv.cz\/#\/schema\/person\/fdc6b3778fe63c82ba7479978ad159ad\"},\"headline\":\"Nezlomn\u00e1 v\u00edra Stanislava Lekav\u00e9ho\",\"datePublished\":\"2021-02-12T18:10:58+00:00\",\"dateModified\":\"2021-02-17T00:43:12+00:00\",\"mainEntityOfPage\":{\"@id\":\"https:\/\/www.lucernatv.cz\/index.php\/2021\/02\/12\/nezlomna-vira-stanislava-lekaveho\/\"},\"wordCount\":474,\"publisher\":{\"@id\":\"https:\/\/www.lucernatv.cz\/#organization\"},\"keywords\":[\"dokument\",\"Sami proti zlu\"],\"articleSection\":[\"historie\",\"osobnosti\",\"Spole\u010dnost\",\"V\u011bda\"],\"inLanguage\":\"cs\"},{\"@type\":\"WebPage\",\"@id\":\"https:\/\/www.lucernatv.cz\/index.php\/2021\/02\/12\/nezlomna-vira-stanislava-lekaveho\/\",\"url\":\"https:\/\/www.lucernatv.cz\/index.php\/2021\/02\/12\/nezlomna-vira-stanislava-lekaveho\/\",\"name\":\"Nezlomn\u00e1 v\u00edra Stanislava Lekav\u00e9ho - lucernatv.cz\",\"isPartOf\":{\"@id\":\"https:\/\/www.lucernatv.cz\/#website\"},\"datePublished\":\"2021-02-12T18:10:58+00:00\",\"dateModified\":\"2021-02-17T00:43:12+00:00\",\"breadcrumb\":{\"@id\":\"https:\/\/www.lucernatv.cz\/index.php\/2021\/02\/12\/nezlomna-vira-stanislava-lekaveho\/#breadcrumb\"},\"inLanguage\":\"cs\",\"potentialAction\":[{\"@type\":\"ReadAction\",\"target\":[\"https:\/\/www.lucernatv.cz\/index.php\/2021\/02\/12\/nezlomna-vira-stanislava-lekaveho\/\"]}]},{\"@type\":\"BreadcrumbList\",\"@id\":\"https:\/\/www.lucernatv.cz\/index.php\/2021\/02\/12\/nezlomna-vira-stanislava-lekaveho\/#breadcrumb\",\"itemListElement\":[{\"@type\":\"ListItem\",\"position\":1,\"name\":\"Dom\u016f\",\"item\":\"https:\/\/www.lucernatv.cz\/\"},{\"@type\":\"ListItem\",\"position\":2,\"name\":\"Nezlomn\u00e1 v\u00edra Stanislava Lekav\u00e9ho\"}]},{\"@type\":\"WebSite\",\"@id\":\"https:\/\/www.lucernatv.cz\/#website\",\"url\":\"https:\/\/www.lucernatv.cz\/\",\"name\":\"lucernatv.cz\",\"description\":\"Vzd\u011bl\u00e1vac\u00ed televize\",\"publisher\":{\"@id\":\"https:\/\/www.lucernatv.cz\/#organization\"},\"alternateName\":\"Lucerna TV\",\"potentialAction\":[{\"@type\":\"SearchAction\",\"target\":{\"@type\":\"EntryPoint\",\"urlTemplate\":\"https:\/\/www.lucernatv.cz\/?s={search_term_string}\"},\"query-input\":\"required name=search_term_string\"}],\"inLanguage\":\"cs\"},{\"@type\":\"Organization\",\"@id\":\"https:\/\/www.lucernatv.cz\/#organization\",\"name\":\"Lucerna TV\",\"url\":\"https:\/\/www.lucernatv.cz\/\",\"logo\":{\"@type\":\"ImageObject\",\"inLanguage\":\"cs\",\"@id\":\"https:\/\/www.lucernatv.cz\/#\/schema\/logo\/image\/\",\"url\":\"https:\/\/www.lucernatv.cz\/wp-content\/uploads\/2021\/02\/logo.svg\",\"contentUrl\":\"https:\/\/www.lucernatv.cz\/wp-content\/uploads\/2021\/02\/logo.svg\",\"width\":128,\"height\":41,\"caption\":\"Lucerna TV\"},\"image\":{\"@id\":\"https:\/\/www.lucernatv.cz\/#\/schema\/logo\/image\/\"},\"sameAs\":[\"https:\/\/www.facebook.com\/avtopava\",\"https:\/\/www.youtube.com\/channel\/UCtP8PPWG9JatWSMsKMOvdDg\"]},{\"@type\":\"Person\",\"@id\":\"https:\/\/www.lucernatv.cz\/#\/schema\/person\/fdc6b3778fe63c82ba7479978ad159ad\",\"name\":\"lucernatvc\",\"image\":{\"@type\":\"ImageObject\",\"inLanguage\":\"cs\",\"@id\":\"https:\/\/www.lucernatv.cz\/#\/schema\/person\/image\/\",\"url\":\"https:\/\/secure.gravatar.com\/avatar\/5b7905a95103f5227c1afd8b2a10f058?s=96&d=mm&r=g\",\"contentUrl\":\"https:\/\/secure.gravatar.com\/avatar\/5b7905a95103f5227c1afd8b2a10f058?s=96&d=mm&r=g\",\"caption\":\"lucernatvc\"},\"url\":\"https:\/\/www.lucernatv.cz\/index.php\/author\/lucernatvc\/\"}]}<\/script>\n<!-- \/ Yoast SEO plugin. -->","yoast_head_json":{"title":"Nezlomn\u00e1 v\u00edra Stanislava Lekav\u00e9ho - lucernatv.cz","robots":{"index":"index","follow":"follow","max-snippet":"max-snippet:-1","max-image-preview":"max-image-preview:large","max-video-preview":"max-video-preview:-1"},"canonical":"https:\/\/www.lucernatv.cz\/index.php\/2021\/02\/12\/nezlomna-vira-stanislava-lekaveho\/","og_locale":"cs_CZ","og_type":"article","og_title":"Nezlomn\u00e1 v\u00edra Stanislava Lekav\u00e9ho - lucernatv.cz","og_description":"v\u00e1m kr\u00e1tk\u00fd filmov\u00fd dokument z cyklu &#8222;Sami proti zlu&#8220; v\u011bnovan\u00fd v\u00fdznamn\u00fdm osobnostem Moravskoslezsk\u00e9ho kraje, jejich\u017e \u017eivoty byly zasa\u017eeny velk\u00fdmi d\u011bjinami. Tento d\u00edl, v\u011bnovan\u00fd \u017eivotn\u00edmu osudu duchovn\u00edho a politick\u00e9ho v\u011bzn\u011b z 50. let Stanislava Lekav\u00e9ho, je vhodn\u00e9 pou\u017e\u00edt jako motivaci a probuzen\u00ed z\u00e1jmu o t\u00e9ma perzekuce duchovn\u00edch a protic\u00edrkevn\u00ed politiky KS\u010c v komunistick\u00e9m \u010ceskoslovensku. Svou koncepc\u00ed&hellip;&nbsp;\u010c\u00edst d\u00e1le &raquo;Nezlomn\u00e1 v\u00edra Stanislava Lekav\u00e9ho","og_url":"https:\/\/www.lucernatv.cz\/index.php\/2021\/02\/12\/nezlomna-vira-stanislava-lekaveho\/","og_site_name":"lucernatv.cz","article_publisher":"https:\/\/www.facebook.com\/avtopava","article_published_time":"2021-02-12T18:10:58+00:00","article_modified_time":"2021-02-17T00:43:12+00:00","og_image":[{"width":1050,"height":576,"url":"https:\/\/www.lucernatv.cz\/wp-content\/uploads\/2021\/02\/ipMpFZVs4zE.jpg","type":"image\/jpeg"}],"author":"lucernatvc","twitter_card":"summary_large_image","twitter_misc":{"Napsal(a)":"lucernatvc","Odhadovan\u00e1 doba \u010dten\u00ed":"2 minuty"},"schema":{"@context":"https:\/\/schema.org","@graph":[{"@type":"Article","@id":"https:\/\/www.lucernatv.cz\/index.php\/2021\/02\/12\/nezlomna-vira-stanislava-lekaveho\/#article","isPartOf":{"@id":"https:\/\/www.lucernatv.cz\/index.php\/2021\/02\/12\/nezlomna-vira-stanislava-lekaveho\/"},"author":{"name":"lucernatvc","@id":"https:\/\/www.lucernatv.cz\/#\/schema\/person\/fdc6b3778fe63c82ba7479978ad159ad"},"headline":"Nezlomn\u00e1 v\u00edra Stanislava Lekav\u00e9ho","datePublished":"2021-02-12T18:10:58+00:00","dateModified":"2021-02-17T00:43:12+00:00","mainEntityOfPage":{"@id":"https:\/\/www.lucernatv.cz\/index.php\/2021\/02\/12\/nezlomna-vira-stanislava-lekaveho\/"},"wordCount":474,"publisher":{"@id":"https:\/\/www.lucernatv.cz\/#organization"},"keywords":["dokument","Sami proti zlu"],"articleSection":["historie","osobnosti","Spole\u010dnost","V\u011bda"],"inLanguage":"cs"},{"@type":"WebPage","@id":"https:\/\/www.lucernatv.cz\/index.php\/2021\/02\/12\/nezlomna-vira-stanislava-lekaveho\/","url":"https:\/\/www.lucernatv.cz\/index.php\/2021\/02\/12\/nezlomna-vira-stanislava-lekaveho\/","name":"Nezlomn\u00e1 v\u00edra Stanislava Lekav\u00e9ho - lucernatv.cz","isPartOf":{"@id":"https:\/\/www.lucernatv.cz\/#website"},"datePublished":"2021-02-12T18:10:58+00:00","dateModified":"2021-02-17T00:43:12+00:00","breadcrumb":{"@id":"https:\/\/www.lucernatv.cz\/index.php\/2021\/02\/12\/nezlomna-vira-stanislava-lekaveho\/#breadcrumb"},"inLanguage":"cs","potentialAction":[{"@type":"ReadAction","target":["https:\/\/www.lucernatv.cz\/index.php\/2021\/02\/12\/nezlomna-vira-stanislava-lekaveho\/"]}]},{"@type":"BreadcrumbList","@id":"https:\/\/www.lucernatv.cz\/index.php\/2021\/02\/12\/nezlomna-vira-stanislava-lekaveho\/#breadcrumb","itemListElement":[{"@type":"ListItem","position":1,"name":"Dom\u016f","item":"https:\/\/www.lucernatv.cz\/"},{"@type":"ListItem","position":2,"name":"Nezlomn\u00e1 v\u00edra Stanislava Lekav\u00e9ho"}]},{"@type":"WebSite","@id":"https:\/\/www.lucernatv.cz\/#website","url":"https:\/\/www.lucernatv.cz\/","name":"lucernatv.cz","description":"Vzd\u011bl\u00e1vac\u00ed televize","publisher":{"@id":"https:\/\/www.lucernatv.cz\/#organization"},"alternateName":"Lucerna TV","potentialAction":[{"@type":"SearchAction","target":{"@type":"EntryPoint","urlTemplate":"https:\/\/www.lucernatv.cz\/?s={search_term_string}"},"query-input":"required name=search_term_string"}],"inLanguage":"cs"},{"@type":"Organization","@id":"https:\/\/www.lucernatv.cz\/#organization","name":"Lucerna TV","url":"https:\/\/www.lucernatv.cz\/","logo":{"@type":"ImageObject","inLanguage":"cs","@id":"https:\/\/www.lucernatv.cz\/#\/schema\/logo\/image\/","url":"https:\/\/www.lucernatv.cz\/wp-content\/uploads\/2021\/02\/logo.svg","contentUrl":"https:\/\/www.lucernatv.cz\/wp-content\/uploads\/2021\/02\/logo.svg","width":128,"height":41,"caption":"Lucerna TV"},"image":{"@id":"https:\/\/www.lucernatv.cz\/#\/schema\/logo\/image\/"},"sameAs":["https:\/\/www.facebook.com\/avtopava","https:\/\/www.youtube.com\/channel\/UCtP8PPWG9JatWSMsKMOvdDg"]},{"@type":"Person","@id":"https:\/\/www.lucernatv.cz\/#\/schema\/person\/fdc6b3778fe63c82ba7479978ad159ad","name":"lucernatvc","image":{"@type":"ImageObject","inLanguage":"cs","@id":"https:\/\/www.lucernatv.cz\/#\/schema\/person\/image\/","url":"https:\/\/secure.gravatar.com\/avatar\/5b7905a95103f5227c1afd8b2a10f058?s=96&d=mm&r=g","contentUrl":"https:\/\/secure.gravatar.com\/avatar\/5b7905a95103f5227c1afd8b2a10f058?s=96&d=mm&r=g","caption":"lucernatvc"},"url":"https:\/\/www.lucernatv.cz\/index.php\/author\/lucernatvc\/"}]}},"uagb_featured_image_src":{"full":["https:\/\/www.lucernatv.cz\/wp-content\/uploads\/2021\/02\/ipMpFZVs4zE.jpg",1050,576,false],"thumbnail":["https:\/\/www.lucernatv.cz\/wp-content\/uploads\/2021\/02\/ipMpFZVs4zE-150x150.jpg",150,150,true],"medium":["https:\/\/www.lucernatv.cz\/wp-content\/uploads\/2021\/02\/ipMpFZVs4zE-300x165.jpg",300,165,true],"medium_large":["https:\/\/www.lucernatv.cz\/wp-content\/uploads\/2021\/02\/ipMpFZVs4zE-768x421.jpg",768,421,true],"large":["https:\/\/www.lucernatv.cz\/wp-content\/uploads\/2021\/02\/ipMpFZVs4zE.jpg",1050,576,false],"1536x1536":["https:\/\/www.lucernatv.cz\/wp-content\/uploads\/2021\/02\/ipMpFZVs4zE.jpg",1050,576,false],"2048x2048":["https:\/\/www.lucernatv.cz\/wp-content\/uploads\/2021\/02\/ipMpFZVs4zE.jpg",1050,576,false],"ultp_layout_landscape_large":["https:\/\/www.lucernatv.cz\/wp-content\/uploads\/2021\/02\/ipMpFZVs4zE.jpg",1050,576,false],"ultp_layout_landscape":["https:\/\/www.lucernatv.cz\/wp-content\/uploads\/2021\/02\/ipMpFZVs4zE.jpg",870,477,false],"ultp_layout_portrait":["https:\/\/www.lucernatv.cz\/wp-content\/uploads\/2021\/02\/ipMpFZVs4zE.jpg",600,329,false],"ultp_layout_square":["https:\/\/www.lucernatv.cz\/wp-content\/uploads\/2021\/02\/ipMpFZVs4zE.jpg",600,329,false],"vp_sm":["https:\/\/www.lucernatv.cz\/wp-content\/uploads\/2021\/02\/ipMpFZVs4zE-500x274.jpg",500,274,true],"vp_md":["https:\/\/www.lucernatv.cz\/wp-content\/uploads\/2021\/02\/ipMpFZVs4zE-800x439.jpg",800,439,true],"vp_lg":["https:\/\/www.lucernatv.cz\/wp-content\/uploads\/2021\/02\/ipMpFZVs4zE.jpg",1050,576,false],"vp_xl":["https:\/\/www.lucernatv.cz\/wp-content\/uploads\/2021\/02\/ipMpFZVs4zE.jpg",1050,576,false],"vp_sm_popup":["https:\/\/www.lucernatv.cz\/wp-content\/uploads\/2021\/02\/ipMpFZVs4zE-500x274.jpg",500,274,true],"vp_md_popup":["https:\/\/www.lucernatv.cz\/wp-content\/uploads\/2021\/02\/ipMpFZVs4zE-800x439.jpg",800,439,true],"vp_xl_popup":["https:\/\/www.lucernatv.cz\/wp-content\/uploads\/2021\/02\/ipMpFZVs4zE.jpg",1050,576,false],"neve-blog":["https:\/\/www.lucernatv.cz\/wp-content\/uploads\/2021\/02\/ipMpFZVs4zE.jpg",930,510,false]},"uagb_author_info":{"display_name":"lucernatvc","author_link":"https:\/\/www.lucernatv.cz\/index.php\/author\/lucernatvc\/"},"uagb_comment_info":0,"uagb_excerpt":"v\u00e1m kr\u00e1tk\u00fd filmov\u00fd dokument z cyklu &#8222;Sami proti zlu&#8220; v\u011bnovan\u00fd v\u00fdznamn\u00fdm osobnostem Moravskoslezsk\u00e9ho kraje, jejich\u017e \u017eivoty byly zasa\u017eeny velk\u00fdmi d\u011bjinami. Tento d\u00edl, v\u011bnovan\u00fd \u017eivotn\u00edmu osudu duchovn\u00edho a politick\u00e9ho v\u011bzn\u011b z 50. let Stanislava Lekav\u00e9ho, je vhodn\u00e9 pou\u017e\u00edt jako motivaci a probuzen\u00ed z\u00e1jmu o t\u00e9ma perzekuce duchovn\u00edch a protic\u00edrkevn\u00ed politiky KS\u010c v komunistick\u00e9m \u010ceskoslovensku. Svou koncepc\u00ed&hellip;&nbsp;\u010c\u00edst&hellip;","_links":{"self":[{"href":"https:\/\/www.lucernatv.cz\/index.php\/wp-json\/wp\/v2\/posts\/1322"}],"collection":[{"href":"https:\/\/www.lucernatv.cz\/index.php\/wp-json\/wp\/v2\/posts"}],"about":[{"href":"https:\/\/www.lucernatv.cz\/index.php\/wp-json\/wp\/v2\/types\/post"}],"author":[{"embeddable":true,"href":"https:\/\/www.lucernatv.cz\/index.php\/wp-json\/wp\/v2\/users\/1"}],"replies":[{"embeddable":true,"href":"https:\/\/www.lucernatv.cz\/index.php\/wp-json\/wp\/v2\/comments?post=1322"}],"version-history":[{"count":1,"href":"https:\/\/www.lucernatv.cz\/index.php\/wp-json\/wp\/v2\/posts\/1322\/revisions"}],"predecessor-version":[{"id":1323,"href":"https:\/\/www.lucernatv.cz\/index.php\/wp-json\/wp\/v2\/posts\/1322\/revisions\/1323"}],"wp:featuredmedia":[{"embeddable":true,"href":"https:\/\/www.lucernatv.cz\/index.php\/wp-json\/wp\/v2\/media\/1669"}],"wp:attachment":[{"href":"https:\/\/www.lucernatv.cz\/index.php\/wp-json\/wp\/v2\/media?parent=1322"}],"wp:term":[{"taxonomy":"category","embeddable":true,"href":"https:\/\/www.lucernatv.cz\/index.php\/wp-json\/wp\/v2\/categories?post=1322"},{"taxonomy":"post_tag","embeddable":true,"href":"https:\/\/www.lucernatv.cz\/index.php\/wp-json\/wp\/v2\/tags?post=1322"}],"curies":[{"name":"wp","href":"https:\/\/api.w.org\/{rel}","templated":true}]}}