{"id":1317,"date":"2021-02-12T18:08:09","date_gmt":"2021-02-12T18:08:09","guid":{"rendered":"https:\/\/www.lucernatv.cz\/?p=1317"},"modified":"2021-02-17T13:02:58","modified_gmt":"2021-02-17T13:02:58","slug":"holocaust-v-zivote-ludka-eliase","status":"publish","type":"post","link":"https:\/\/www.lucernatv.cz\/index.php\/2021\/02\/12\/holocaust-v-zivote-ludka-eliase\/","title":{"rendered":"Holocaust v \u017eivot\u011b Lu\u010fka Eli\u00e1\u0161e"},"content":{"rendered":"\n<figure class=\"wp-block-embed is-type-video is-provider-youtube wp-block-embed-youtube wp-embed-aspect-16-9 wp-has-aspect-ratio\"><div class=\"wp-block-embed__wrapper\">\n<div class=\"nv-iframe-embed\"><div class=\"arve\" data-mode=\"normal\" data-oembed=\"1\" data-provider=\"youtube\" id=\"arve-youtube-ye71en-to0o69f1defa00952884888107\">\n<span class=\"arve-inner\">\n<span class=\"arve-embed arve-embed--has-aspect-ratio\">\n<span class=\"arve-ar\" style=\"padding-top:56.250000%\"><\/span><iframe allow=\"accelerometer; autoplay; clipboard-write; encrypted-media; gyroscope; picture-in-picture\" allowfullscreen class=\"arve-iframe fitvidsignore\" data-arve=\"arve-youtube-ye71en-to0o69f1defa00952884888107\" data-src-no-ap=\"https:\/\/www.youtube-nocookie.com\/embed\/Ye71EN-To0o?feature=oembed&amp;iv_load_policy=3&amp;modestbranding=1&amp;rel=0&amp;autohide=1&amp;playsinline=0&amp;autoplay=0\" frameborder=\"0\" height=\"0\" sandbox=\"allow-scripts allow-same-origin allow-presentation allow-popups allow-popups-to-escape-sandbox\" scrolling=\"no\" src=\"https:\/\/www.youtube-nocookie.com\/embed\/Ye71EN-To0o?feature=oembed&#038;iv_load_policy=3&#038;modestbranding=1&#038;rel=0&#038;autohide=1&#038;playsinline=0&#038;autoplay=0\"><\/iframe>\n\n<\/span>\n\n<\/span>\n<script type=\"application\/ld+json\">{\"@context\":\"http:\\\/\\\/schema.org\\\/\",\"@id\":\"https:\\\/\\\/www.lucernatv.cz\\\/index.php\\\/2021\\\/02\\\/12\\\/holocaust-v-zivote-ludka-eliase\\\/#arve-youtube-ye71en-to0o69f1defa00952884888107\",\"type\":\"VideoObject\",\"embedURL\":\"https:\\\/\\\/www.youtube-nocookie.com\\\/embed\\\/Ye71EN-To0o?feature=oembed&iv_load_policy=3&modestbranding=1&rel=0&autohide=1&playsinline=0&autoplay=0\"}<\/script>\n<\/div>\n<\/div>\n<\/div><\/figure>\n\n\n\n<p>Kr\u00e1tk\u00fd filmov\u00fd dokument z cyklu \u201eSami proti zlu&#8220; v\u011bnovan\u00fd v\u00fdznamn\u00fdm osobnostem Moravskoslezsk\u00e9ho kraje, jejich\u017e \u017eivoty byly zasa\u017eeny velk\u00fdmi d\u011bjinami. Tento d\u00edl, v\u011bnovan\u00fd \u017eivotn\u00edmu osudu Lu\u010fka Eli\u00e1\u0161e (*1923), v\u011bzn\u011b nacistick\u00fdch koncentra\u010dn\u00edch t\u00e1bor\u016f z doby II. sv\u011btov\u00e9 v\u00e1lky a \u00fa\u010dastn\u00edka pochodu smrti, je vhodn\u00e9 pou\u017e\u00edt jako sou\u010d\u00e1st motiva\u010dn\u00ed hodiny, ve kter\u00e9 studenti v samostatn\u00fdch \u010dinnostech objev\u00ed specifika t\u00e9matu holocaustu na osudu konkr\u00e9tn\u00edho p\u0159e\u017eiv\u0161\u00edho. <\/p>\n\n\n\n<p>Nejedn\u00e1 se o materi\u00e1l, jeho\u017e podstatou je faktografick\u00e9 a v\u011bcn\u00e9 zvl\u00e1dnut\u00ed problematiky \u201ekone\u010dn\u00e9ho \u0159e\u0161en\u00ed \u017eidovsk\u00e9 ot\u00e1zky&#8220;, ale o subjektivn\u00ed v\u00fdpov\u011b\u010f \u010dlov\u011bka, kter\u00fd peklo nacistick\u00e9ho snu o rasov\u011b \u010dist\u00e9 Evrop\u011b pro\u017eil. Jeho sv\u011bdectv\u00ed m\u00e1 na p\u0159\u00edkladech ka\u017edodennosti odhalit nelidskost a zr\u016fdnou podstatu nacistick\u00fdch idej\u00ed a masov\u00e9ho teroru. Pr\u00e1v\u011b t\u00e9mata svou podstatou \u201eoby\u010dejn\u00e1&#8220; a ve svobodn\u00e9m \u017eivot\u011b ban\u00e1ln\u011b nezaj\u00edmav\u00e1, jako jsou ritu\u00e1ly hygieny, stravov\u00e1n\u00ed, odpo\u010dinku, toalet \u010di vyu\u017eit\u00ed voln\u00e9ho \u010dasu z\u00edsk\u00e1vaj\u00ed v prostoru koncentr\u00e1\u010dnick\u00e9ho sv\u011bta na p\u0159ita\u017elivosti, bud\u00ed z\u00e1jem a vyvol\u00e1vaj\u00ed \u0159adu ot\u00e1zek. Jejich rozkli\u010dov\u00e1n\u00ed m\u016f\u017ee student\u016fm p\u0159ibl\u00ed\u017eit charakter dramatick\u00fdch ud\u00e1lost\u00ed l\u00e9pe ne\u017e anonymn\u00ed v\u00fd\u010det v\u00e1le\u010dn\u00fdch perzekuc\u00ed a jejich ob\u011bt\u00ed. D\u00edky srozumitelnosti t\u00e9mat si ka\u017ed\u00fd ze student\u016f dok\u00e1\u017ee na p\u0159\u00edkladu sledovan\u00e9ho osudu p\u0159edstavit dob\u0159e i s\u00e1m sebe, a pr\u00e1v\u011b toto ztoto\u017en\u011bn\u00ed v prostoru ka\u017edodennosti je z\u00e1kladem pro budov\u00e1n\u00ed pro\u017eitku z d\u011bjin. Eli\u00e1\u0161ovo autentick\u00e9 vypravov\u00e1n\u00ed dok\u00e1\u017ee v\u011brohodn\u011b a p\u0159ita\u017eliv\u011b komentovat osud \u201eoby\u010dejn\u00e9ho&#8220; jednotlivce, jen\u017e je (obvykle ne vlastn\u00ed vinou) drcen nemilosrdn\u00fdmi d\u011bjinami, a jeho vzpom\u00ednky n\u00e1m pak svou subjektivnost\u00ed a sugestivnost\u00ed umo\u017en\u00ed pro\u017e\u00edt a proc\u00edtit ud\u00e1losti d\u00e1vno minul\u00e9. <\/p>\n\n\n\n<p>Dokument je svou koncepc\u00ed (nat\u00e1\u010den\u00ed se \u00fa\u010dastnil \u0161t\u00e1b student\u016f filmov\u00e9 tvorby ze Slezsk\u00e9 univerzity v Opav\u011b) a stop\u00e1\u017e\u00ed vytvo\u0159en pro p\u0159\u00edm\u00e9 vyu\u017eit\u00ed v b\u011b\u017en\u00e9 vyu\u010dovac\u00ed hodin\u011b d\u011bjepisu na z\u00e1kladn\u00ed \u010di st\u0159edn\u00ed \u0161kole. Po projekci z\u016fstane je\u0161t\u011b dost \u010dasu na samostatnou \u010di skupinovou pr\u00e1ci, prom\u00fd\u0161len\u00ed ot\u00e1zek a odpov\u011bd\u00ed, diskusi s u\u010ditelem \u010di mezi sebou navz\u00e1jem. S pomoc\u00ed dokument\u00e1rn\u00edho filmu, pracovn\u00edch list\u016f s ot\u00e1zkami a dal\u0161\u00edch doprovodn\u00fdch materi\u00e1l\u016f \u017e\u00e1ci a studenti pochop\u00ed z\u00e1kladn\u00ed rysy nacistick\u00e9 perzekuce, tak jak byla prov\u00e1d\u011bna v koncentra\u010dn\u00edch t\u00e1borech. Z\u00e1sadn\u00ed roli zde hraje pr\u00e1v\u011b v\u00fdpov\u011b\u010f pam\u011btn\u00edka, d\u00edky n\u00ed\u017e je mo\u017en\u00e9 porozum\u011bt jeho \u017eivotn\u00edm a historick\u00fdm zku\u0161enostem, vc\u00edtit se do skute\u010dn\u00e9ho p\u0159\u00edb\u011bhu a hledat a nal\u00e9zat poselstv\u00ed v\u00fdrazn\u00e9 osobnosti v\u00e1le\u010dn\u00e9 generace.<\/p>\n\n\n\n<div class=\"wp-block-buttons is-layout-flex\">\n<div class=\"wp-block-button\"><a class=\"wp-block-button__link\" href=\"http:\/\/www.moderni-dejiny.cz\/clanek\/holocaust-v-zivote-ludka-eliase\/\" target=\"_blank\" rel=\"noreferrer noopener\">Metodika \u2013 moderni-dejiny.cz<\/a><\/div>\n<\/div>\n","protected":false},"excerpt":{"rendered":"<p>Kr\u00e1tk\u00fd filmov\u00fd dokument z cyklu \u201eSami proti zlu&#8220; v\u011bnovan\u00fd v\u00fdznamn\u00fdm osobnostem Moravskoslezsk\u00e9ho kraje, jejich\u017e \u017eivoty byly zasa\u017eeny velk\u00fdmi d\u011bjinami. Tento d\u00edl, v\u011bnovan\u00fd \u017eivotn\u00edmu osudu Lu\u010fka Eli\u00e1\u0161e (*1923), v\u011bzn\u011b nacistick\u00fdch koncentra\u010dn\u00edch t\u00e1bor\u016f z doby II. sv\u011btov\u00e9 v\u00e1lky a \u00fa\u010dastn\u00edka pochodu smrti, je vhodn\u00e9 pou\u017e\u00edt jako sou\u010d\u00e1st motiva\u010dn\u00ed hodiny, ve kter\u00e9 studenti v samostatn\u00fdch \u010dinnostech objev\u00ed specifika&hellip;&nbsp;<a href=\"https:\/\/www.lucernatv.cz\/index.php\/2021\/02\/12\/holocaust-v-zivote-ludka-eliase\/\" class=\"\" rel=\"bookmark\">\u010c\u00edst d\u00e1le &raquo;<span class=\"screen-reader-text\">Holocaust v \u017eivot\u011b Lu\u010fka Eli\u00e1\u0161e<\/span><\/a><\/p>\n","protected":false},"author":1,"featured_media":1668,"comment_status":"closed","ping_status":"open","sticky":false,"template":"","format":"gallery","meta":{"inline_featured_image":false,"_uag_custom_page_level_css":"","neve_meta_sidebar":"","neve_meta_container":"","neve_meta_enable_content_width":"","neve_meta_content_width":0,"neve_meta_title_alignment":"","neve_meta_author_avatar":"","neve_post_elements_order":"","neve_meta_disable_header":"","neve_meta_disable_footer":"","neve_meta_disable_title":"","_vp_format_video_url":"","_vp_image_focal_point":[]},"categories":[15,21,5,4],"tags":[24,53],"yoast_head":"<!-- This site is optimized with the Yoast SEO plugin v20.12 - https:\/\/yoast.com\/wordpress\/plugins\/seo\/ -->\n<title>Holocaust v \u017eivot\u011b Lu\u010fka Eli\u00e1\u0161e - lucernatv.cz<\/title>\n<meta name=\"robots\" content=\"index, follow, max-snippet:-1, max-image-preview:large, max-video-preview:-1\" \/>\n<link rel=\"canonical\" href=\"https:\/\/www.lucernatv.cz\/index.php\/2021\/02\/12\/holocaust-v-zivote-ludka-eliase\/\" \/>\n<meta property=\"og:locale\" content=\"cs_CZ\" \/>\n<meta property=\"og:type\" content=\"article\" \/>\n<meta property=\"og:title\" content=\"Holocaust v \u017eivot\u011b Lu\u010fka Eli\u00e1\u0161e - lucernatv.cz\" \/>\n<meta property=\"og:description\" content=\"Kr\u00e1tk\u00fd filmov\u00fd dokument z cyklu \u201eSami proti zlu&#8220; v\u011bnovan\u00fd v\u00fdznamn\u00fdm osobnostem Moravskoslezsk\u00e9ho kraje, jejich\u017e \u017eivoty byly zasa\u017eeny velk\u00fdmi d\u011bjinami. Tento d\u00edl, v\u011bnovan\u00fd \u017eivotn\u00edmu osudu Lu\u010fka Eli\u00e1\u0161e (*1923), v\u011bzn\u011b nacistick\u00fdch koncentra\u010dn\u00edch t\u00e1bor\u016f z doby II. sv\u011btov\u00e9 v\u00e1lky a \u00fa\u010dastn\u00edka pochodu smrti, je vhodn\u00e9 pou\u017e\u00edt jako sou\u010d\u00e1st motiva\u010dn\u00ed hodiny, ve kter\u00e9 studenti v samostatn\u00fdch \u010dinnostech objev\u00ed specifika&hellip;&nbsp;\u010c\u00edst d\u00e1le &raquo;Holocaust v \u017eivot\u011b Lu\u010fka Eli\u00e1\u0161e\" \/>\n<meta property=\"og:url\" content=\"https:\/\/www.lucernatv.cz\/index.php\/2021\/02\/12\/holocaust-v-zivote-ludka-eliase\/\" \/>\n<meta property=\"og:site_name\" content=\"lucernatv.cz\" \/>\n<meta property=\"article:publisher\" content=\"https:\/\/www.facebook.com\/avtopava\" \/>\n<meta property=\"article:published_time\" content=\"2021-02-12T18:08:09+00:00\" \/>\n<meta property=\"article:modified_time\" content=\"2021-02-17T13:02:58+00:00\" \/>\n<meta property=\"og:image\" content=\"https:\/\/www.lucernatv.cz\/wp-content\/uploads\/2021\/02\/Ye71EN-To0o.jpg\" \/>\n\t<meta property=\"og:image:width\" content=\"480\" \/>\n\t<meta property=\"og:image:height\" content=\"360\" \/>\n\t<meta property=\"og:image:type\" content=\"image\/jpeg\" \/>\n<meta name=\"author\" content=\"lucernatvc\" \/>\n<meta name=\"twitter:card\" content=\"summary_large_image\" \/>\n<meta name=\"twitter:label1\" content=\"Napsal(a)\" \/>\n\t<meta name=\"twitter:data1\" content=\"lucernatvc\" \/>\n\t<meta name=\"twitter:label2\" content=\"Odhadovan\u00e1 doba \u010dten\u00ed\" \/>\n\t<meta name=\"twitter:data2\" content=\"3 minuty\" \/>\n<script type=\"application\/ld+json\" class=\"yoast-schema-graph\">{\"@context\":\"https:\/\/schema.org\",\"@graph\":[{\"@type\":\"Article\",\"@id\":\"https:\/\/www.lucernatv.cz\/index.php\/2021\/02\/12\/holocaust-v-zivote-ludka-eliase\/#article\",\"isPartOf\":{\"@id\":\"https:\/\/www.lucernatv.cz\/index.php\/2021\/02\/12\/holocaust-v-zivote-ludka-eliase\/\"},\"author\":{\"name\":\"lucernatvc\",\"@id\":\"https:\/\/www.lucernatv.cz\/#\/schema\/person\/fdc6b3778fe63c82ba7479978ad159ad\"},\"headline\":\"Holocaust v \u017eivot\u011b Lu\u010fka Eli\u00e1\u0161e\",\"datePublished\":\"2021-02-12T18:08:09+00:00\",\"dateModified\":\"2021-02-17T13:02:58+00:00\",\"mainEntityOfPage\":{\"@id\":\"https:\/\/www.lucernatv.cz\/index.php\/2021\/02\/12\/holocaust-v-zivote-ludka-eliase\/\"},\"wordCount\":524,\"publisher\":{\"@id\":\"https:\/\/www.lucernatv.cz\/#organization\"},\"keywords\":[\"dokument\",\"Sami proti zlu\"],\"articleSection\":[\"historie\",\"osobnosti\",\"Spole\u010dnost\",\"V\u011bda\"],\"inLanguage\":\"cs\"},{\"@type\":\"WebPage\",\"@id\":\"https:\/\/www.lucernatv.cz\/index.php\/2021\/02\/12\/holocaust-v-zivote-ludka-eliase\/\",\"url\":\"https:\/\/www.lucernatv.cz\/index.php\/2021\/02\/12\/holocaust-v-zivote-ludka-eliase\/\",\"name\":\"Holocaust v \u017eivot\u011b Lu\u010fka Eli\u00e1\u0161e - lucernatv.cz\",\"isPartOf\":{\"@id\":\"https:\/\/www.lucernatv.cz\/#website\"},\"datePublished\":\"2021-02-12T18:08:09+00:00\",\"dateModified\":\"2021-02-17T13:02:58+00:00\",\"breadcrumb\":{\"@id\":\"https:\/\/www.lucernatv.cz\/index.php\/2021\/02\/12\/holocaust-v-zivote-ludka-eliase\/#breadcrumb\"},\"inLanguage\":\"cs\",\"potentialAction\":[{\"@type\":\"ReadAction\",\"target\":[\"https:\/\/www.lucernatv.cz\/index.php\/2021\/02\/12\/holocaust-v-zivote-ludka-eliase\/\"]}]},{\"@type\":\"BreadcrumbList\",\"@id\":\"https:\/\/www.lucernatv.cz\/index.php\/2021\/02\/12\/holocaust-v-zivote-ludka-eliase\/#breadcrumb\",\"itemListElement\":[{\"@type\":\"ListItem\",\"position\":1,\"name\":\"Dom\u016f\",\"item\":\"https:\/\/www.lucernatv.cz\/\"},{\"@type\":\"ListItem\",\"position\":2,\"name\":\"Holocaust v \u017eivot\u011b Lu\u010fka Eli\u00e1\u0161e\"}]},{\"@type\":\"WebSite\",\"@id\":\"https:\/\/www.lucernatv.cz\/#website\",\"url\":\"https:\/\/www.lucernatv.cz\/\",\"name\":\"lucernatv.cz\",\"description\":\"Vzd\u011bl\u00e1vac\u00ed televize\",\"publisher\":{\"@id\":\"https:\/\/www.lucernatv.cz\/#organization\"},\"alternateName\":\"Lucerna TV\",\"potentialAction\":[{\"@type\":\"SearchAction\",\"target\":{\"@type\":\"EntryPoint\",\"urlTemplate\":\"https:\/\/www.lucernatv.cz\/?s={search_term_string}\"},\"query-input\":\"required name=search_term_string\"}],\"inLanguage\":\"cs\"},{\"@type\":\"Organization\",\"@id\":\"https:\/\/www.lucernatv.cz\/#organization\",\"name\":\"Lucerna TV\",\"url\":\"https:\/\/www.lucernatv.cz\/\",\"logo\":{\"@type\":\"ImageObject\",\"inLanguage\":\"cs\",\"@id\":\"https:\/\/www.lucernatv.cz\/#\/schema\/logo\/image\/\",\"url\":\"https:\/\/www.lucernatv.cz\/wp-content\/uploads\/2021\/02\/logo.svg\",\"contentUrl\":\"https:\/\/www.lucernatv.cz\/wp-content\/uploads\/2021\/02\/logo.svg\",\"width\":128,\"height\":41,\"caption\":\"Lucerna TV\"},\"image\":{\"@id\":\"https:\/\/www.lucernatv.cz\/#\/schema\/logo\/image\/\"},\"sameAs\":[\"https:\/\/www.facebook.com\/avtopava\",\"https:\/\/www.youtube.com\/channel\/UCtP8PPWG9JatWSMsKMOvdDg\"]},{\"@type\":\"Person\",\"@id\":\"https:\/\/www.lucernatv.cz\/#\/schema\/person\/fdc6b3778fe63c82ba7479978ad159ad\",\"name\":\"lucernatvc\",\"image\":{\"@type\":\"ImageObject\",\"inLanguage\":\"cs\",\"@id\":\"https:\/\/www.lucernatv.cz\/#\/schema\/person\/image\/\",\"url\":\"https:\/\/secure.gravatar.com\/avatar\/5b7905a95103f5227c1afd8b2a10f058?s=96&d=mm&r=g\",\"contentUrl\":\"https:\/\/secure.gravatar.com\/avatar\/5b7905a95103f5227c1afd8b2a10f058?s=96&d=mm&r=g\",\"caption\":\"lucernatvc\"},\"url\":\"https:\/\/www.lucernatv.cz\/index.php\/author\/lucernatvc\/\"}]}<\/script>\n<!-- \/ Yoast SEO plugin. -->","yoast_head_json":{"title":"Holocaust v \u017eivot\u011b Lu\u010fka Eli\u00e1\u0161e - lucernatv.cz","robots":{"index":"index","follow":"follow","max-snippet":"max-snippet:-1","max-image-preview":"max-image-preview:large","max-video-preview":"max-video-preview:-1"},"canonical":"https:\/\/www.lucernatv.cz\/index.php\/2021\/02\/12\/holocaust-v-zivote-ludka-eliase\/","og_locale":"cs_CZ","og_type":"article","og_title":"Holocaust v \u017eivot\u011b Lu\u010fka Eli\u00e1\u0161e - lucernatv.cz","og_description":"Kr\u00e1tk\u00fd filmov\u00fd dokument z cyklu \u201eSami proti zlu&#8220; v\u011bnovan\u00fd v\u00fdznamn\u00fdm osobnostem Moravskoslezsk\u00e9ho kraje, jejich\u017e \u017eivoty byly zasa\u017eeny velk\u00fdmi d\u011bjinami. Tento d\u00edl, v\u011bnovan\u00fd \u017eivotn\u00edmu osudu Lu\u010fka Eli\u00e1\u0161e (*1923), v\u011bzn\u011b nacistick\u00fdch koncentra\u010dn\u00edch t\u00e1bor\u016f z doby II. sv\u011btov\u00e9 v\u00e1lky a \u00fa\u010dastn\u00edka pochodu smrti, je vhodn\u00e9 pou\u017e\u00edt jako sou\u010d\u00e1st motiva\u010dn\u00ed hodiny, ve kter\u00e9 studenti v samostatn\u00fdch \u010dinnostech objev\u00ed specifika&hellip;&nbsp;\u010c\u00edst d\u00e1le &raquo;Holocaust v \u017eivot\u011b Lu\u010fka Eli\u00e1\u0161e","og_url":"https:\/\/www.lucernatv.cz\/index.php\/2021\/02\/12\/holocaust-v-zivote-ludka-eliase\/","og_site_name":"lucernatv.cz","article_publisher":"https:\/\/www.facebook.com\/avtopava","article_published_time":"2021-02-12T18:08:09+00:00","article_modified_time":"2021-02-17T13:02:58+00:00","og_image":[{"width":480,"height":360,"url":"https:\/\/www.lucernatv.cz\/wp-content\/uploads\/2021\/02\/Ye71EN-To0o.jpg","type":"image\/jpeg"}],"author":"lucernatvc","twitter_card":"summary_large_image","twitter_misc":{"Napsal(a)":"lucernatvc","Odhadovan\u00e1 doba \u010dten\u00ed":"3 minuty"},"schema":{"@context":"https:\/\/schema.org","@graph":[{"@type":"Article","@id":"https:\/\/www.lucernatv.cz\/index.php\/2021\/02\/12\/holocaust-v-zivote-ludka-eliase\/#article","isPartOf":{"@id":"https:\/\/www.lucernatv.cz\/index.php\/2021\/02\/12\/holocaust-v-zivote-ludka-eliase\/"},"author":{"name":"lucernatvc","@id":"https:\/\/www.lucernatv.cz\/#\/schema\/person\/fdc6b3778fe63c82ba7479978ad159ad"},"headline":"Holocaust v \u017eivot\u011b Lu\u010fka Eli\u00e1\u0161e","datePublished":"2021-02-12T18:08:09+00:00","dateModified":"2021-02-17T13:02:58+00:00","mainEntityOfPage":{"@id":"https:\/\/www.lucernatv.cz\/index.php\/2021\/02\/12\/holocaust-v-zivote-ludka-eliase\/"},"wordCount":524,"publisher":{"@id":"https:\/\/www.lucernatv.cz\/#organization"},"keywords":["dokument","Sami proti zlu"],"articleSection":["historie","osobnosti","Spole\u010dnost","V\u011bda"],"inLanguage":"cs"},{"@type":"WebPage","@id":"https:\/\/www.lucernatv.cz\/index.php\/2021\/02\/12\/holocaust-v-zivote-ludka-eliase\/","url":"https:\/\/www.lucernatv.cz\/index.php\/2021\/02\/12\/holocaust-v-zivote-ludka-eliase\/","name":"Holocaust v \u017eivot\u011b Lu\u010fka Eli\u00e1\u0161e - lucernatv.cz","isPartOf":{"@id":"https:\/\/www.lucernatv.cz\/#website"},"datePublished":"2021-02-12T18:08:09+00:00","dateModified":"2021-02-17T13:02:58+00:00","breadcrumb":{"@id":"https:\/\/www.lucernatv.cz\/index.php\/2021\/02\/12\/holocaust-v-zivote-ludka-eliase\/#breadcrumb"},"inLanguage":"cs","potentialAction":[{"@type":"ReadAction","target":["https:\/\/www.lucernatv.cz\/index.php\/2021\/02\/12\/holocaust-v-zivote-ludka-eliase\/"]}]},{"@type":"BreadcrumbList","@id":"https:\/\/www.lucernatv.cz\/index.php\/2021\/02\/12\/holocaust-v-zivote-ludka-eliase\/#breadcrumb","itemListElement":[{"@type":"ListItem","position":1,"name":"Dom\u016f","item":"https:\/\/www.lucernatv.cz\/"},{"@type":"ListItem","position":2,"name":"Holocaust v \u017eivot\u011b Lu\u010fka Eli\u00e1\u0161e"}]},{"@type":"WebSite","@id":"https:\/\/www.lucernatv.cz\/#website","url":"https:\/\/www.lucernatv.cz\/","name":"lucernatv.cz","description":"Vzd\u011bl\u00e1vac\u00ed televize","publisher":{"@id":"https:\/\/www.lucernatv.cz\/#organization"},"alternateName":"Lucerna TV","potentialAction":[{"@type":"SearchAction","target":{"@type":"EntryPoint","urlTemplate":"https:\/\/www.lucernatv.cz\/?s={search_term_string}"},"query-input":"required name=search_term_string"}],"inLanguage":"cs"},{"@type":"Organization","@id":"https:\/\/www.lucernatv.cz\/#organization","name":"Lucerna TV","url":"https:\/\/www.lucernatv.cz\/","logo":{"@type":"ImageObject","inLanguage":"cs","@id":"https:\/\/www.lucernatv.cz\/#\/schema\/logo\/image\/","url":"https:\/\/www.lucernatv.cz\/wp-content\/uploads\/2021\/02\/logo.svg","contentUrl":"https:\/\/www.lucernatv.cz\/wp-content\/uploads\/2021\/02\/logo.svg","width":128,"height":41,"caption":"Lucerna TV"},"image":{"@id":"https:\/\/www.lucernatv.cz\/#\/schema\/logo\/image\/"},"sameAs":["https:\/\/www.facebook.com\/avtopava","https:\/\/www.youtube.com\/channel\/UCtP8PPWG9JatWSMsKMOvdDg"]},{"@type":"Person","@id":"https:\/\/www.lucernatv.cz\/#\/schema\/person\/fdc6b3778fe63c82ba7479978ad159ad","name":"lucernatvc","image":{"@type":"ImageObject","inLanguage":"cs","@id":"https:\/\/www.lucernatv.cz\/#\/schema\/person\/image\/","url":"https:\/\/secure.gravatar.com\/avatar\/5b7905a95103f5227c1afd8b2a10f058?s=96&d=mm&r=g","contentUrl":"https:\/\/secure.gravatar.com\/avatar\/5b7905a95103f5227c1afd8b2a10f058?s=96&d=mm&r=g","caption":"lucernatvc"},"url":"https:\/\/www.lucernatv.cz\/index.php\/author\/lucernatvc\/"}]}},"uagb_featured_image_src":{"full":["https:\/\/www.lucernatv.cz\/wp-content\/uploads\/2021\/02\/Ye71EN-To0o.jpg",480,360,false],"thumbnail":["https:\/\/www.lucernatv.cz\/wp-content\/uploads\/2021\/02\/Ye71EN-To0o-150x150.jpg",150,150,true],"medium":["https:\/\/www.lucernatv.cz\/wp-content\/uploads\/2021\/02\/Ye71EN-To0o-300x225.jpg",240,180,true],"medium_large":["https:\/\/www.lucernatv.cz\/wp-content\/uploads\/2021\/02\/Ye71EN-To0o.jpg",480,360,false],"large":["https:\/\/www.lucernatv.cz\/wp-content\/uploads\/2021\/02\/Ye71EN-To0o.jpg",480,360,false],"1536x1536":["https:\/\/www.lucernatv.cz\/wp-content\/uploads\/2021\/02\/Ye71EN-To0o.jpg",480,360,false],"2048x2048":["https:\/\/www.lucernatv.cz\/wp-content\/uploads\/2021\/02\/Ye71EN-To0o.jpg",480,360,false],"ultp_layout_landscape_large":["https:\/\/www.lucernatv.cz\/wp-content\/uploads\/2021\/02\/Ye71EN-To0o.jpg",480,360,false],"ultp_layout_landscape":["https:\/\/www.lucernatv.cz\/wp-content\/uploads\/2021\/02\/Ye71EN-To0o.jpg",480,360,false],"ultp_layout_portrait":["https:\/\/www.lucernatv.cz\/wp-content\/uploads\/2021\/02\/Ye71EN-To0o.jpg",480,360,false],"ultp_layout_square":["https:\/\/www.lucernatv.cz\/wp-content\/uploads\/2021\/02\/Ye71EN-To0o.jpg",480,360,false],"vp_sm":["https:\/\/www.lucernatv.cz\/wp-content\/uploads\/2021\/02\/Ye71EN-To0o.jpg",480,360,false],"vp_md":["https:\/\/www.lucernatv.cz\/wp-content\/uploads\/2021\/02\/Ye71EN-To0o.jpg",480,360,false],"vp_lg":["https:\/\/www.lucernatv.cz\/wp-content\/uploads\/2021\/02\/Ye71EN-To0o.jpg",480,360,false],"vp_xl":["https:\/\/www.lucernatv.cz\/wp-content\/uploads\/2021\/02\/Ye71EN-To0o.jpg",480,360,false],"vp_sm_popup":["https:\/\/www.lucernatv.cz\/wp-content\/uploads\/2021\/02\/Ye71EN-To0o.jpg",480,360,false],"vp_md_popup":["https:\/\/www.lucernatv.cz\/wp-content\/uploads\/2021\/02\/Ye71EN-To0o.jpg",480,360,false],"vp_xl_popup":["https:\/\/www.lucernatv.cz\/wp-content\/uploads\/2021\/02\/Ye71EN-To0o.jpg",480,360,false],"neve-blog":["https:\/\/www.lucernatv.cz\/wp-content\/uploads\/2021\/02\/Ye71EN-To0o.jpg",480,360,false]},"uagb_author_info":{"display_name":"lucernatvc","author_link":"https:\/\/www.lucernatv.cz\/index.php\/author\/lucernatvc\/"},"uagb_comment_info":0,"uagb_excerpt":"Kr\u00e1tk\u00fd filmov\u00fd dokument z cyklu \u201eSami proti zlu&#8220; v\u011bnovan\u00fd v\u00fdznamn\u00fdm osobnostem Moravskoslezsk\u00e9ho kraje, jejich\u017e \u017eivoty byly zasa\u017eeny velk\u00fdmi d\u011bjinami. Tento d\u00edl, v\u011bnovan\u00fd \u017eivotn\u00edmu osudu Lu\u010fka Eli\u00e1\u0161e (*1923), v\u011bzn\u011b nacistick\u00fdch koncentra\u010dn\u00edch t\u00e1bor\u016f z doby II. sv\u011btov\u00e9 v\u00e1lky a \u00fa\u010dastn\u00edka pochodu smrti, je vhodn\u00e9 pou\u017e\u00edt jako sou\u010d\u00e1st motiva\u010dn\u00ed hodiny, ve kter\u00e9 studenti v samostatn\u00fdch \u010dinnostech objev\u00ed specifika&hellip;&nbsp;\u010c\u00edst&hellip;","_links":{"self":[{"href":"https:\/\/www.lucernatv.cz\/index.php\/wp-json\/wp\/v2\/posts\/1317"}],"collection":[{"href":"https:\/\/www.lucernatv.cz\/index.php\/wp-json\/wp\/v2\/posts"}],"about":[{"href":"https:\/\/www.lucernatv.cz\/index.php\/wp-json\/wp\/v2\/types\/post"}],"author":[{"embeddable":true,"href":"https:\/\/www.lucernatv.cz\/index.php\/wp-json\/wp\/v2\/users\/1"}],"replies":[{"embeddable":true,"href":"https:\/\/www.lucernatv.cz\/index.php\/wp-json\/wp\/v2\/comments?post=1317"}],"version-history":[{"count":2,"href":"https:\/\/www.lucernatv.cz\/index.php\/wp-json\/wp\/v2\/posts\/1317\/revisions"}],"predecessor-version":[{"id":1854,"href":"https:\/\/www.lucernatv.cz\/index.php\/wp-json\/wp\/v2\/posts\/1317\/revisions\/1854"}],"wp:featuredmedia":[{"embeddable":true,"href":"https:\/\/www.lucernatv.cz\/index.php\/wp-json\/wp\/v2\/media\/1668"}],"wp:attachment":[{"href":"https:\/\/www.lucernatv.cz\/index.php\/wp-json\/wp\/v2\/media?parent=1317"}],"wp:term":[{"taxonomy":"category","embeddable":true,"href":"https:\/\/www.lucernatv.cz\/index.php\/wp-json\/wp\/v2\/categories?post=1317"},{"taxonomy":"post_tag","embeddable":true,"href":"https:\/\/www.lucernatv.cz\/index.php\/wp-json\/wp\/v2\/tags?post=1317"}],"curies":[{"name":"wp","href":"https:\/\/api.w.org\/{rel}","templated":true}]}}