{"id":1315,"date":"2021-02-12T18:00:12","date_gmt":"2021-02-12T18:00:12","guid":{"rendered":"https:\/\/www.lucernatv.cz\/?p=1315"},"modified":"2021-02-17T00:41:56","modified_gmt":"2021-02-17T00:41:56","slug":"chartista-tomas-hradilek","status":"publish","type":"post","link":"https:\/\/www.lucernatv.cz\/index.php\/2021\/02\/12\/chartista-tomas-hradilek\/","title":{"rendered":"Chartista Tom\u00e1\u0161 Hrad\u00edlek"},"content":{"rendered":"\n<figure class=\"wp-block-embed is-type-video is-provider-youtube wp-block-embed-youtube wp-embed-aspect-16-9 wp-has-aspect-ratio\"><div class=\"wp-block-embed__wrapper\">\n<div class=\"nv-iframe-embed\"><div class=\"arve\" data-mode=\"normal\" data-oembed=\"1\" data-provider=\"youtube\" id=\"arve-youtube-dskziuwer6u69f1defae6a6d952848718\">\n<span class=\"arve-inner\">\n<span class=\"arve-embed arve-embed--has-aspect-ratio\">\n<span class=\"arve-ar\" style=\"padding-top:56.250000%\"><\/span><iframe allow=\"accelerometer; autoplay; clipboard-write; encrypted-media; gyroscope; picture-in-picture\" allowfullscreen class=\"arve-iframe fitvidsignore\" data-arve=\"arve-youtube-dskziuwer6u69f1defae6a6d952848718\" data-src-no-ap=\"https:\/\/www.youtube-nocookie.com\/embed\/dSKZiUwEr6U?feature=oembed&amp;iv_load_policy=3&amp;modestbranding=1&amp;rel=0&amp;autohide=1&amp;playsinline=0&amp;autoplay=0\" frameborder=\"0\" height=\"0\" sandbox=\"allow-scripts allow-same-origin allow-presentation allow-popups allow-popups-to-escape-sandbox\" scrolling=\"no\" src=\"https:\/\/www.youtube-nocookie.com\/embed\/dSKZiUwEr6U?feature=oembed&#038;iv_load_policy=3&#038;modestbranding=1&#038;rel=0&#038;autohide=1&#038;playsinline=0&#038;autoplay=0\"><\/iframe>\n\n<\/span>\n\n<\/span>\n<script type=\"application\/ld+json\">{\"@context\":\"http:\\\/\\\/schema.org\\\/\",\"@id\":\"https:\\\/\\\/www.lucernatv.cz\\\/index.php\\\/2021\\\/02\\\/12\\\/chartista-tomas-hradilek\\\/#arve-youtube-dskziuwer6u69f1defae6a6d952848718\",\"type\":\"VideoObject\",\"embedURL\":\"https:\\\/\\\/www.youtube-nocookie.com\\\/embed\\\/dSKZiUwEr6U?feature=oembed&iv_load_policy=3&modestbranding=1&rel=0&autohide=1&playsinline=0&autoplay=0\"}<\/script>\n<\/div>\n<\/div>\n<\/div><\/figure>\n\n\n\n<p>Kr\u00e1tk\u00fd filmov\u00fd dokument z cyklu \u201eSami proti zlu&#8220; v\u011bnovan\u00fd v\u00fdznamn\u00fdm osobnostem Moravskoslezsk\u00e9ho kraje, jejich\u017e \u017eivoty byly zasa\u017eeny velk\u00fdmi d\u011bjinami. Tento d\u00edl, v\u011bnovan\u00fd Tom\u00e1\u0161i Hrad\u00edlkovi (*1945), signat\u00e1\u0159i a mluv\u010d\u00edmu Charty 77, p\u0159ipom\u00edn\u00e1 historii ob\u010dansk\u00fdch aktivit a odv\u00e1\u017en\u00e9ho p\u016fsoben\u00ed nemnoha jednotlivc\u016f v dob\u011b normalizace. Dokument je vhodn\u00e9 pou\u017e\u00edt jako sou\u010d\u00e1st motiva\u010dn\u00ed hodiny, ve kter\u00e9 studenti v samostatn\u00fdch \u010dinnostech objev\u00ed specifika t\u00e9matu normaliza\u010dn\u00edho \u201ebez\u010das\u00ed&#8220; a \u201epl\u00ed\u017eiv\u00e9 mravn\u00ed devastace hodnot&#8220;, tedy dvacetilet\u00ed, kdy bylo nebezpe\u010dn\u00e9 a neobvykl\u00e9 ve\u0159ejn\u011b projevovat sv\u00e9 svobodomysln\u00e9 n\u00e1zory. <\/p>\n\n\n\n<p>Nejedn\u00e1 se ale o materi\u00e1l, jeho\u017e podstatou je faktografick\u00e9 a v\u011bcn\u00e9 zvl\u00e1dnut\u00ed problematiky normalizace a reformn\u00edch ob\u010dansk\u00fdch aktivit. Jde o subjektivn\u00ed v\u00fdpov\u011b\u010f pam\u011btn\u00edka, je\u017e m\u00e1 na p\u0159\u00edkladu vlastn\u00edho \u017eivotn\u00edho p\u0159\u00edb\u011bhu odhalit zlo\u010dinnost komunistick\u00e9ho re\u017eimu a metody teroru, kter\u00e9 byly proti nekonformn\u011b a demokraticky sm\u00fd\u0161lej\u00edc\u00edm ob\u010dan\u016fm uplat\u0148ov\u00e1ny. Pr\u00e1v\u011b t\u00e9mata svou podstatou \u201eoby\u010dejn\u00e1&#8220; a ve svobodn\u00e9m \u017eivot\u011b ban\u00e1ln\u011b nezaj\u00edmav\u00e1, jako je ve\u0159ejn\u00e9 vyj\u00e1d\u0159en\u00ed sv\u00e9ho postoje transparentem, n\u00e1v\u0161t\u011bva koncertu alternativn\u00ed hudby \u010di podpis pod petic\u00ed za zlep\u0161en\u00ed pom\u011br\u016f, vzbuzuj\u00ed z\u00e1jem a vyvol\u00e1vaj\u00ed u student\u016f \u0159adu ot\u00e1zek. <\/p>\n\n\n\n<p>Diskuse nad nimi pak m\u016f\u017ee v\u0161em z\u00fa\u010dastn\u011bn\u00fdm p\u0159ibl\u00ed\u017eit atmosf\u00e9ru dramatick\u00fdch ud\u00e1lost\u00ed l\u00e9pe ne\u017e anonymn\u00ed v\u00fdklad v u\u010debnici o perzekuci a komunistick\u00fdch ob\u011btech. D\u00edky mal\u00e9mu \u010dasov\u00e9mu odstupu a srozumitelnosti t\u00e9mat si ka\u017ed\u00fd ze student\u016f dok\u00e1\u017ee dob\u0159e na p\u0159\u00edkladu sledovan\u00e9ho osudu p\u0159edstavit i s\u00e1m sebe, a pr\u00e1v\u011b toto ztoto\u017en\u011bn\u00ed v prostoru ka\u017edodennosti je z\u00e1kladem budov\u00e1n\u00ed pro\u017eitku z d\u011bjin. Dokument je svou koncepc\u00ed (nat\u00e1\u010den\u00ed se \u00fa\u010dastnil \u0161t\u00e1b student\u016f filmov\u00e9 tvorby ze Slezsk\u00e9 univerzity v Opav\u011b) a stop\u00e1\u017e\u00ed vytvo\u0159en pro p\u0159\u00edm\u00e9 vyu\u017eit\u00ed v b\u011b\u017en\u00e9 vyu\u010dovac\u00ed hodin\u011b d\u011bjepisu na z\u00e1kladn\u00ed \u010di st\u0159edn\u00ed \u0161kole. <\/p>\n\n\n\n<p>Po projekci z\u016fstane je\u0161t\u011b dost \u010dasu na samostatnou \u010di skupinovou pr\u00e1ci, prom\u00fd\u0161len\u00ed ot\u00e1zek a odpov\u011bd\u00ed, diskusi s u\u010ditelem \u010di mezi sebou navz\u00e1jem. S pomoc\u00ed dokument\u00e1rn\u00edho filmu, pracovn\u00edch list\u016f s ot\u00e1zkami a dal\u0161\u00edch doprovodn\u00fdch materi\u00e1l\u016f \u017e\u00e1ci a studenti pochop\u00ed z\u00e1kladn\u00ed rysy komunistick\u00e9 perzekuce, porozum\u00ed smyslu vystoupen\u00ed Charty 77 a my\u0161lenk\u00e1m, kter\u00e9 v mezin\u00e1rodn\u00edm kontextu p\u0159edstavovala, ale tak\u00e9 odhal\u00ed pr\u00e1zdnotu formalistn\u00edch idej\u00ed, za kter\u00e9 se schov\u00e1val vl\u00e1dnouc\u00ed re\u017eim, KS\u010c a dobov\u00e1 publicistika. D\u016fle\u017eitou roli v takov\u00e9m pozn\u00e1v\u00e1n\u00ed hraje pr\u00e1v\u011b v\u00fdpov\u011b\u010f pam\u011btn\u00edka, d\u00edky n\u00ed\u017e je mo\u017en\u00e9 pochopit jeho \u017eivotn\u00ed a historick\u00e9 zku\u0161enosti, vc\u00edtit se do skute\u010dn\u00e9ho p\u0159\u00edb\u011bhu a hledat a nal\u00e9zat poselstv\u00ed v\u00fdrazn\u00e9 osobnosti generace spojen\u00e9 se z\u00e1pasem proti syst\u00e9mu nesvobody.<\/p>\n\n\n\n<div class=\"wp-block-buttons is-layout-flex\">\n<div class=\"wp-block-button\"><a class=\"wp-block-button__link\" href=\"http:\/\/www.moderni-dejiny.cz\/clanek\/chartista-tomas-hradilek\/\" target=\"_blank\" rel=\"noreferrer noopener\">Metodika \u2013 moderni-dejiny.cz<\/a><\/div>\n<\/div>\n","protected":false},"excerpt":{"rendered":"<p>Kr\u00e1tk\u00fd filmov\u00fd dokument z cyklu \u201eSami proti zlu&#8220; v\u011bnovan\u00fd v\u00fdznamn\u00fdm osobnostem Moravskoslezsk\u00e9ho kraje, jejich\u017e \u017eivoty byly zasa\u017eeny velk\u00fdmi d\u011bjinami. Tento d\u00edl, v\u011bnovan\u00fd Tom\u00e1\u0161i Hrad\u00edlkovi (*1945), signat\u00e1\u0159i a mluv\u010d\u00edmu Charty 77, p\u0159ipom\u00edn\u00e1 historii ob\u010dansk\u00fdch aktivit a odv\u00e1\u017en\u00e9ho p\u016fsoben\u00ed nemnoha jednotlivc\u016f v dob\u011b normalizace. Dokument je vhodn\u00e9 pou\u017e\u00edt jako sou\u010d\u00e1st motiva\u010dn\u00ed hodiny, ve kter\u00e9 studenti v samostatn\u00fdch&hellip;&nbsp;<a href=\"https:\/\/www.lucernatv.cz\/index.php\/2021\/02\/12\/chartista-tomas-hradilek\/\" class=\"\" rel=\"bookmark\">\u010c\u00edst d\u00e1le &raquo;<span class=\"screen-reader-text\">Chartista Tom\u00e1\u0161 Hrad\u00edlek<\/span><\/a><\/p>\n","protected":false},"author":1,"featured_media":1667,"comment_status":"closed","ping_status":"open","sticky":false,"template":"","format":"gallery","meta":{"inline_featured_image":false,"_uag_custom_page_level_css":"","neve_meta_sidebar":"","neve_meta_container":"","neve_meta_enable_content_width":"","neve_meta_content_width":0,"neve_meta_title_alignment":"","neve_meta_author_avatar":"","neve_post_elements_order":"","neve_meta_disable_header":"","neve_meta_disable_footer":"","neve_meta_disable_title":"","_vp_format_video_url":"","_vp_image_focal_point":[]},"categories":[15,21,5,4],"tags":[24,53],"yoast_head":"<!-- This site is optimized with the Yoast SEO plugin v20.12 - https:\/\/yoast.com\/wordpress\/plugins\/seo\/ -->\n<title>Chartista Tom\u00e1\u0161 Hrad\u00edlek - lucernatv.cz<\/title>\n<meta name=\"robots\" content=\"index, follow, max-snippet:-1, max-image-preview:large, max-video-preview:-1\" \/>\n<link rel=\"canonical\" href=\"https:\/\/www.lucernatv.cz\/index.php\/2021\/02\/12\/chartista-tomas-hradilek\/\" \/>\n<meta property=\"og:locale\" content=\"cs_CZ\" \/>\n<meta property=\"og:type\" content=\"article\" \/>\n<meta property=\"og:title\" content=\"Chartista Tom\u00e1\u0161 Hrad\u00edlek - lucernatv.cz\" \/>\n<meta property=\"og:description\" content=\"Kr\u00e1tk\u00fd filmov\u00fd dokument z cyklu \u201eSami proti zlu&#8220; v\u011bnovan\u00fd v\u00fdznamn\u00fdm osobnostem Moravskoslezsk\u00e9ho kraje, jejich\u017e \u017eivoty byly zasa\u017eeny velk\u00fdmi d\u011bjinami. Tento d\u00edl, v\u011bnovan\u00fd Tom\u00e1\u0161i Hrad\u00edlkovi (*1945), signat\u00e1\u0159i a mluv\u010d\u00edmu Charty 77, p\u0159ipom\u00edn\u00e1 historii ob\u010dansk\u00fdch aktivit a odv\u00e1\u017en\u00e9ho p\u016fsoben\u00ed nemnoha jednotlivc\u016f v dob\u011b normalizace. Dokument je vhodn\u00e9 pou\u017e\u00edt jako sou\u010d\u00e1st motiva\u010dn\u00ed hodiny, ve kter\u00e9 studenti v samostatn\u00fdch&hellip;&nbsp;\u010c\u00edst d\u00e1le &raquo;Chartista Tom\u00e1\u0161 Hrad\u00edlek\" \/>\n<meta property=\"og:url\" content=\"https:\/\/www.lucernatv.cz\/index.php\/2021\/02\/12\/chartista-tomas-hradilek\/\" \/>\n<meta property=\"og:site_name\" content=\"lucernatv.cz\" \/>\n<meta property=\"article:publisher\" content=\"https:\/\/www.facebook.com\/avtopava\" \/>\n<meta property=\"article:published_time\" content=\"2021-02-12T18:00:12+00:00\" \/>\n<meta property=\"article:modified_time\" content=\"2021-02-17T00:41:56+00:00\" \/>\n<meta property=\"og:image\" content=\"https:\/\/www.lucernatv.cz\/wp-content\/uploads\/2021\/02\/dSKZiUwEr6U.jpg\" \/>\n\t<meta property=\"og:image:width\" content=\"1050\" \/>\n\t<meta property=\"og:image:height\" content=\"576\" \/>\n\t<meta property=\"og:image:type\" content=\"image\/jpeg\" \/>\n<meta name=\"author\" content=\"lucernatvc\" \/>\n<meta name=\"twitter:card\" content=\"summary_large_image\" \/>\n<meta name=\"twitter:label1\" content=\"Napsal(a)\" \/>\n\t<meta name=\"twitter:data1\" content=\"lucernatvc\" \/>\n\t<meta name=\"twitter:label2\" content=\"Odhadovan\u00e1 doba \u010dten\u00ed\" \/>\n\t<meta name=\"twitter:data2\" content=\"3 minuty\" \/>\n<script type=\"application\/ld+json\" class=\"yoast-schema-graph\">{\"@context\":\"https:\/\/schema.org\",\"@graph\":[{\"@type\":\"Article\",\"@id\":\"https:\/\/www.lucernatv.cz\/index.php\/2021\/02\/12\/chartista-tomas-hradilek\/#article\",\"isPartOf\":{\"@id\":\"https:\/\/www.lucernatv.cz\/index.php\/2021\/02\/12\/chartista-tomas-hradilek\/\"},\"author\":{\"name\":\"lucernatvc\",\"@id\":\"https:\/\/www.lucernatv.cz\/#\/schema\/person\/fdc6b3778fe63c82ba7479978ad159ad\"},\"headline\":\"Chartista Tom\u00e1\u0161 Hrad\u00edlek\",\"datePublished\":\"2021-02-12T18:00:12+00:00\",\"dateModified\":\"2021-02-17T00:41:56+00:00\",\"mainEntityOfPage\":{\"@id\":\"https:\/\/www.lucernatv.cz\/index.php\/2021\/02\/12\/chartista-tomas-hradilek\/\"},\"wordCount\":535,\"publisher\":{\"@id\":\"https:\/\/www.lucernatv.cz\/#organization\"},\"keywords\":[\"dokument\",\"Sami proti zlu\"],\"articleSection\":[\"historie\",\"osobnosti\",\"Spole\u010dnost\",\"V\u011bda\"],\"inLanguage\":\"cs\"},{\"@type\":\"WebPage\",\"@id\":\"https:\/\/www.lucernatv.cz\/index.php\/2021\/02\/12\/chartista-tomas-hradilek\/\",\"url\":\"https:\/\/www.lucernatv.cz\/index.php\/2021\/02\/12\/chartista-tomas-hradilek\/\",\"name\":\"Chartista Tom\u00e1\u0161 Hrad\u00edlek - lucernatv.cz\",\"isPartOf\":{\"@id\":\"https:\/\/www.lucernatv.cz\/#website\"},\"datePublished\":\"2021-02-12T18:00:12+00:00\",\"dateModified\":\"2021-02-17T00:41:56+00:00\",\"breadcrumb\":{\"@id\":\"https:\/\/www.lucernatv.cz\/index.php\/2021\/02\/12\/chartista-tomas-hradilek\/#breadcrumb\"},\"inLanguage\":\"cs\",\"potentialAction\":[{\"@type\":\"ReadAction\",\"target\":[\"https:\/\/www.lucernatv.cz\/index.php\/2021\/02\/12\/chartista-tomas-hradilek\/\"]}]},{\"@type\":\"BreadcrumbList\",\"@id\":\"https:\/\/www.lucernatv.cz\/index.php\/2021\/02\/12\/chartista-tomas-hradilek\/#breadcrumb\",\"itemListElement\":[{\"@type\":\"ListItem\",\"position\":1,\"name\":\"Dom\u016f\",\"item\":\"https:\/\/www.lucernatv.cz\/\"},{\"@type\":\"ListItem\",\"position\":2,\"name\":\"Chartista Tom\u00e1\u0161 Hrad\u00edlek\"}]},{\"@type\":\"WebSite\",\"@id\":\"https:\/\/www.lucernatv.cz\/#website\",\"url\":\"https:\/\/www.lucernatv.cz\/\",\"name\":\"lucernatv.cz\",\"description\":\"Vzd\u011bl\u00e1vac\u00ed televize\",\"publisher\":{\"@id\":\"https:\/\/www.lucernatv.cz\/#organization\"},\"alternateName\":\"Lucerna TV\",\"potentialAction\":[{\"@type\":\"SearchAction\",\"target\":{\"@type\":\"EntryPoint\",\"urlTemplate\":\"https:\/\/www.lucernatv.cz\/?s={search_term_string}\"},\"query-input\":\"required name=search_term_string\"}],\"inLanguage\":\"cs\"},{\"@type\":\"Organization\",\"@id\":\"https:\/\/www.lucernatv.cz\/#organization\",\"name\":\"Lucerna TV\",\"url\":\"https:\/\/www.lucernatv.cz\/\",\"logo\":{\"@type\":\"ImageObject\",\"inLanguage\":\"cs\",\"@id\":\"https:\/\/www.lucernatv.cz\/#\/schema\/logo\/image\/\",\"url\":\"https:\/\/www.lucernatv.cz\/wp-content\/uploads\/2021\/02\/logo.svg\",\"contentUrl\":\"https:\/\/www.lucernatv.cz\/wp-content\/uploads\/2021\/02\/logo.svg\",\"width\":128,\"height\":41,\"caption\":\"Lucerna TV\"},\"image\":{\"@id\":\"https:\/\/www.lucernatv.cz\/#\/schema\/logo\/image\/\"},\"sameAs\":[\"https:\/\/www.facebook.com\/avtopava\",\"https:\/\/www.youtube.com\/channel\/UCtP8PPWG9JatWSMsKMOvdDg\"]},{\"@type\":\"Person\",\"@id\":\"https:\/\/www.lucernatv.cz\/#\/schema\/person\/fdc6b3778fe63c82ba7479978ad159ad\",\"name\":\"lucernatvc\",\"image\":{\"@type\":\"ImageObject\",\"inLanguage\":\"cs\",\"@id\":\"https:\/\/www.lucernatv.cz\/#\/schema\/person\/image\/\",\"url\":\"https:\/\/secure.gravatar.com\/avatar\/5b7905a95103f5227c1afd8b2a10f058?s=96&d=mm&r=g\",\"contentUrl\":\"https:\/\/secure.gravatar.com\/avatar\/5b7905a95103f5227c1afd8b2a10f058?s=96&d=mm&r=g\",\"caption\":\"lucernatvc\"},\"url\":\"https:\/\/www.lucernatv.cz\/index.php\/author\/lucernatvc\/\"}]}<\/script>\n<!-- \/ Yoast SEO plugin. -->","yoast_head_json":{"title":"Chartista Tom\u00e1\u0161 Hrad\u00edlek - lucernatv.cz","robots":{"index":"index","follow":"follow","max-snippet":"max-snippet:-1","max-image-preview":"max-image-preview:large","max-video-preview":"max-video-preview:-1"},"canonical":"https:\/\/www.lucernatv.cz\/index.php\/2021\/02\/12\/chartista-tomas-hradilek\/","og_locale":"cs_CZ","og_type":"article","og_title":"Chartista Tom\u00e1\u0161 Hrad\u00edlek - lucernatv.cz","og_description":"Kr\u00e1tk\u00fd filmov\u00fd dokument z cyklu \u201eSami proti zlu&#8220; v\u011bnovan\u00fd v\u00fdznamn\u00fdm osobnostem Moravskoslezsk\u00e9ho kraje, jejich\u017e \u017eivoty byly zasa\u017eeny velk\u00fdmi d\u011bjinami. Tento d\u00edl, v\u011bnovan\u00fd Tom\u00e1\u0161i Hrad\u00edlkovi (*1945), signat\u00e1\u0159i a mluv\u010d\u00edmu Charty 77, p\u0159ipom\u00edn\u00e1 historii ob\u010dansk\u00fdch aktivit a odv\u00e1\u017en\u00e9ho p\u016fsoben\u00ed nemnoha jednotlivc\u016f v dob\u011b normalizace. Dokument je vhodn\u00e9 pou\u017e\u00edt jako sou\u010d\u00e1st motiva\u010dn\u00ed hodiny, ve kter\u00e9 studenti v samostatn\u00fdch&hellip;&nbsp;\u010c\u00edst d\u00e1le &raquo;Chartista Tom\u00e1\u0161 Hrad\u00edlek","og_url":"https:\/\/www.lucernatv.cz\/index.php\/2021\/02\/12\/chartista-tomas-hradilek\/","og_site_name":"lucernatv.cz","article_publisher":"https:\/\/www.facebook.com\/avtopava","article_published_time":"2021-02-12T18:00:12+00:00","article_modified_time":"2021-02-17T00:41:56+00:00","og_image":[{"width":1050,"height":576,"url":"https:\/\/www.lucernatv.cz\/wp-content\/uploads\/2021\/02\/dSKZiUwEr6U.jpg","type":"image\/jpeg"}],"author":"lucernatvc","twitter_card":"summary_large_image","twitter_misc":{"Napsal(a)":"lucernatvc","Odhadovan\u00e1 doba \u010dten\u00ed":"3 minuty"},"schema":{"@context":"https:\/\/schema.org","@graph":[{"@type":"Article","@id":"https:\/\/www.lucernatv.cz\/index.php\/2021\/02\/12\/chartista-tomas-hradilek\/#article","isPartOf":{"@id":"https:\/\/www.lucernatv.cz\/index.php\/2021\/02\/12\/chartista-tomas-hradilek\/"},"author":{"name":"lucernatvc","@id":"https:\/\/www.lucernatv.cz\/#\/schema\/person\/fdc6b3778fe63c82ba7479978ad159ad"},"headline":"Chartista Tom\u00e1\u0161 Hrad\u00edlek","datePublished":"2021-02-12T18:00:12+00:00","dateModified":"2021-02-17T00:41:56+00:00","mainEntityOfPage":{"@id":"https:\/\/www.lucernatv.cz\/index.php\/2021\/02\/12\/chartista-tomas-hradilek\/"},"wordCount":535,"publisher":{"@id":"https:\/\/www.lucernatv.cz\/#organization"},"keywords":["dokument","Sami proti zlu"],"articleSection":["historie","osobnosti","Spole\u010dnost","V\u011bda"],"inLanguage":"cs"},{"@type":"WebPage","@id":"https:\/\/www.lucernatv.cz\/index.php\/2021\/02\/12\/chartista-tomas-hradilek\/","url":"https:\/\/www.lucernatv.cz\/index.php\/2021\/02\/12\/chartista-tomas-hradilek\/","name":"Chartista Tom\u00e1\u0161 Hrad\u00edlek - lucernatv.cz","isPartOf":{"@id":"https:\/\/www.lucernatv.cz\/#website"},"datePublished":"2021-02-12T18:00:12+00:00","dateModified":"2021-02-17T00:41:56+00:00","breadcrumb":{"@id":"https:\/\/www.lucernatv.cz\/index.php\/2021\/02\/12\/chartista-tomas-hradilek\/#breadcrumb"},"inLanguage":"cs","potentialAction":[{"@type":"ReadAction","target":["https:\/\/www.lucernatv.cz\/index.php\/2021\/02\/12\/chartista-tomas-hradilek\/"]}]},{"@type":"BreadcrumbList","@id":"https:\/\/www.lucernatv.cz\/index.php\/2021\/02\/12\/chartista-tomas-hradilek\/#breadcrumb","itemListElement":[{"@type":"ListItem","position":1,"name":"Dom\u016f","item":"https:\/\/www.lucernatv.cz\/"},{"@type":"ListItem","position":2,"name":"Chartista Tom\u00e1\u0161 Hrad\u00edlek"}]},{"@type":"WebSite","@id":"https:\/\/www.lucernatv.cz\/#website","url":"https:\/\/www.lucernatv.cz\/","name":"lucernatv.cz","description":"Vzd\u011bl\u00e1vac\u00ed televize","publisher":{"@id":"https:\/\/www.lucernatv.cz\/#organization"},"alternateName":"Lucerna TV","potentialAction":[{"@type":"SearchAction","target":{"@type":"EntryPoint","urlTemplate":"https:\/\/www.lucernatv.cz\/?s={search_term_string}"},"query-input":"required name=search_term_string"}],"inLanguage":"cs"},{"@type":"Organization","@id":"https:\/\/www.lucernatv.cz\/#organization","name":"Lucerna TV","url":"https:\/\/www.lucernatv.cz\/","logo":{"@type":"ImageObject","inLanguage":"cs","@id":"https:\/\/www.lucernatv.cz\/#\/schema\/logo\/image\/","url":"https:\/\/www.lucernatv.cz\/wp-content\/uploads\/2021\/02\/logo.svg","contentUrl":"https:\/\/www.lucernatv.cz\/wp-content\/uploads\/2021\/02\/logo.svg","width":128,"height":41,"caption":"Lucerna TV"},"image":{"@id":"https:\/\/www.lucernatv.cz\/#\/schema\/logo\/image\/"},"sameAs":["https:\/\/www.facebook.com\/avtopava","https:\/\/www.youtube.com\/channel\/UCtP8PPWG9JatWSMsKMOvdDg"]},{"@type":"Person","@id":"https:\/\/www.lucernatv.cz\/#\/schema\/person\/fdc6b3778fe63c82ba7479978ad159ad","name":"lucernatvc","image":{"@type":"ImageObject","inLanguage":"cs","@id":"https:\/\/www.lucernatv.cz\/#\/schema\/person\/image\/","url":"https:\/\/secure.gravatar.com\/avatar\/5b7905a95103f5227c1afd8b2a10f058?s=96&d=mm&r=g","contentUrl":"https:\/\/secure.gravatar.com\/avatar\/5b7905a95103f5227c1afd8b2a10f058?s=96&d=mm&r=g","caption":"lucernatvc"},"url":"https:\/\/www.lucernatv.cz\/index.php\/author\/lucernatvc\/"}]}},"uagb_featured_image_src":{"full":["https:\/\/www.lucernatv.cz\/wp-content\/uploads\/2021\/02\/dSKZiUwEr6U.jpg",1050,576,false],"thumbnail":["https:\/\/www.lucernatv.cz\/wp-content\/uploads\/2021\/02\/dSKZiUwEr6U-150x150.jpg",150,150,true],"medium":["https:\/\/www.lucernatv.cz\/wp-content\/uploads\/2021\/02\/dSKZiUwEr6U-300x165.jpg",300,165,true],"medium_large":["https:\/\/www.lucernatv.cz\/wp-content\/uploads\/2021\/02\/dSKZiUwEr6U-768x421.jpg",768,421,true],"large":["https:\/\/www.lucernatv.cz\/wp-content\/uploads\/2021\/02\/dSKZiUwEr6U.jpg",1050,576,false],"1536x1536":["https:\/\/www.lucernatv.cz\/wp-content\/uploads\/2021\/02\/dSKZiUwEr6U.jpg",1050,576,false],"2048x2048":["https:\/\/www.lucernatv.cz\/wp-content\/uploads\/2021\/02\/dSKZiUwEr6U.jpg",1050,576,false],"ultp_layout_landscape_large":["https:\/\/www.lucernatv.cz\/wp-content\/uploads\/2021\/02\/dSKZiUwEr6U.jpg",1050,576,false],"ultp_layout_landscape":["https:\/\/www.lucernatv.cz\/wp-content\/uploads\/2021\/02\/dSKZiUwEr6U.jpg",870,477,false],"ultp_layout_portrait":["https:\/\/www.lucernatv.cz\/wp-content\/uploads\/2021\/02\/dSKZiUwEr6U.jpg",600,329,false],"ultp_layout_square":["https:\/\/www.lucernatv.cz\/wp-content\/uploads\/2021\/02\/dSKZiUwEr6U.jpg",600,329,false],"vp_sm":["https:\/\/www.lucernatv.cz\/wp-content\/uploads\/2021\/02\/dSKZiUwEr6U-500x274.jpg",500,274,true],"vp_md":["https:\/\/www.lucernatv.cz\/wp-content\/uploads\/2021\/02\/dSKZiUwEr6U-800x439.jpg",800,439,true],"vp_lg":["https:\/\/www.lucernatv.cz\/wp-content\/uploads\/2021\/02\/dSKZiUwEr6U.jpg",1050,576,false],"vp_xl":["https:\/\/www.lucernatv.cz\/wp-content\/uploads\/2021\/02\/dSKZiUwEr6U.jpg",1050,576,false],"vp_sm_popup":["https:\/\/www.lucernatv.cz\/wp-content\/uploads\/2021\/02\/dSKZiUwEr6U-500x274.jpg",500,274,true],"vp_md_popup":["https:\/\/www.lucernatv.cz\/wp-content\/uploads\/2021\/02\/dSKZiUwEr6U-800x439.jpg",800,439,true],"vp_xl_popup":["https:\/\/www.lucernatv.cz\/wp-content\/uploads\/2021\/02\/dSKZiUwEr6U.jpg",1050,576,false],"neve-blog":["https:\/\/www.lucernatv.cz\/wp-content\/uploads\/2021\/02\/dSKZiUwEr6U.jpg",930,510,false]},"uagb_author_info":{"display_name":"lucernatvc","author_link":"https:\/\/www.lucernatv.cz\/index.php\/author\/lucernatvc\/"},"uagb_comment_info":0,"uagb_excerpt":"Kr\u00e1tk\u00fd filmov\u00fd dokument z cyklu \u201eSami proti zlu&#8220; v\u011bnovan\u00fd v\u00fdznamn\u00fdm osobnostem Moravskoslezsk\u00e9ho kraje, jejich\u017e \u017eivoty byly zasa\u017eeny velk\u00fdmi d\u011bjinami. Tento d\u00edl, v\u011bnovan\u00fd Tom\u00e1\u0161i Hrad\u00edlkovi (*1945), signat\u00e1\u0159i a mluv\u010d\u00edmu Charty 77, p\u0159ipom\u00edn\u00e1 historii ob\u010dansk\u00fdch aktivit a odv\u00e1\u017en\u00e9ho p\u016fsoben\u00ed nemnoha jednotlivc\u016f v dob\u011b normalizace. Dokument je vhodn\u00e9 pou\u017e\u00edt jako sou\u010d\u00e1st motiva\u010dn\u00ed hodiny, ve kter\u00e9 studenti v samostatn\u00fdch&hellip;&nbsp;\u010c\u00edst&hellip;","_links":{"self":[{"href":"https:\/\/www.lucernatv.cz\/index.php\/wp-json\/wp\/v2\/posts\/1315"}],"collection":[{"href":"https:\/\/www.lucernatv.cz\/index.php\/wp-json\/wp\/v2\/posts"}],"about":[{"href":"https:\/\/www.lucernatv.cz\/index.php\/wp-json\/wp\/v2\/types\/post"}],"author":[{"embeddable":true,"href":"https:\/\/www.lucernatv.cz\/index.php\/wp-json\/wp\/v2\/users\/1"}],"replies":[{"embeddable":true,"href":"https:\/\/www.lucernatv.cz\/index.php\/wp-json\/wp\/v2\/comments?post=1315"}],"version-history":[{"count":2,"href":"https:\/\/www.lucernatv.cz\/index.php\/wp-json\/wp\/v2\/posts\/1315\/revisions"}],"predecessor-version":[{"id":1320,"href":"https:\/\/www.lucernatv.cz\/index.php\/wp-json\/wp\/v2\/posts\/1315\/revisions\/1320"}],"wp:featuredmedia":[{"embeddable":true,"href":"https:\/\/www.lucernatv.cz\/index.php\/wp-json\/wp\/v2\/media\/1667"}],"wp:attachment":[{"href":"https:\/\/www.lucernatv.cz\/index.php\/wp-json\/wp\/v2\/media?parent=1315"}],"wp:term":[{"taxonomy":"category","embeddable":true,"href":"https:\/\/www.lucernatv.cz\/index.php\/wp-json\/wp\/v2\/categories?post=1315"},{"taxonomy":"post_tag","embeddable":true,"href":"https:\/\/www.lucernatv.cz\/index.php\/wp-json\/wp\/v2\/tags?post=1315"}],"curies":[{"name":"wp","href":"https:\/\/api.w.org\/{rel}","templated":true}]}}