{"id":1313,"date":"2021-02-12T17:57:01","date_gmt":"2021-02-12T17:57:01","guid":{"rendered":"https:\/\/www.lucernatv.cz\/?p=1313"},"modified":"2021-02-17T00:44:19","modified_gmt":"2021-02-17T00:44:19","slug":"vasil-coka-z-gulagu-na-frontu","status":"publish","type":"post","link":"https:\/\/www.lucernatv.cz\/index.php\/2021\/02\/12\/vasil-coka-z-gulagu-na-frontu\/","title":{"rendered":"Vasil Coka \u2013 z gulagu na frontu"},"content":{"rendered":"\n<figure class=\"wp-block-embed is-type-video is-provider-youtube wp-block-embed-youtube wp-embed-aspect-16-9 wp-has-aspect-ratio\"><div class=\"wp-block-embed__wrapper\">\n<div class=\"nv-iframe-embed\"><div class=\"arve\" data-mode=\"normal\" data-oembed=\"1\" data-provider=\"youtube\" id=\"arve-youtube-mwddnp2tpwo69f1def93ca10183946535\">\n<span class=\"arve-inner\">\n<span class=\"arve-embed arve-embed--has-aspect-ratio\">\n<span class=\"arve-ar\" style=\"padding-top:56.250000%\"><\/span><iframe allow=\"accelerometer; autoplay; clipboard-write; encrypted-media; gyroscope; picture-in-picture\" allowfullscreen class=\"arve-iframe fitvidsignore\" data-arve=\"arve-youtube-mwddnp2tpwo69f1def93ca10183946535\" data-src-no-ap=\"https:\/\/www.youtube-nocookie.com\/embed\/MwddNp2tpwo?feature=oembed&amp;iv_load_policy=3&amp;modestbranding=1&amp;rel=0&amp;autohide=1&amp;playsinline=0&amp;autoplay=0\" frameborder=\"0\" height=\"0\" sandbox=\"allow-scripts allow-same-origin allow-presentation allow-popups allow-popups-to-escape-sandbox\" scrolling=\"no\" src=\"https:\/\/www.youtube-nocookie.com\/embed\/MwddNp2tpwo?feature=oembed&#038;iv_load_policy=3&#038;modestbranding=1&#038;rel=0&#038;autohide=1&#038;playsinline=0&#038;autoplay=0\"><\/iframe>\n\n<\/span>\n\n<\/span>\n<script type=\"application\/ld+json\">{\"@context\":\"http:\\\/\\\/schema.org\\\/\",\"@id\":\"https:\\\/\\\/www.lucernatv.cz\\\/index.php\\\/2021\\\/02\\\/12\\\/vasil-coka-z-gulagu-na-frontu\\\/#arve-youtube-mwddnp2tpwo69f1def93ca10183946535\",\"type\":\"VideoObject\",\"embedURL\":\"https:\\\/\\\/www.youtube-nocookie.com\\\/embed\\\/MwddNp2tpwo?feature=oembed&iv_load_policy=3&modestbranding=1&rel=0&autohide=1&playsinline=0&autoplay=0\"}<\/script>\n<\/div>\n<\/div>\n<\/div><\/figure>\n\n\n\n<p>Kr\u00e1tk\u00fd filmov\u00fd dokument z cyklu &#8222;Sami proti zlu&#8220; v\u011bnovan\u00fd v\u00fdznamn\u00fdm osobnostem Moravskoslezsk\u00e9ho kraje, jejich\u017e \u017eivoty byly zasa\u017eeny velk\u00fdmi d\u011bjinami. Tento d\u00edl se v\u011bnuje Vasilu Cokovi, \u010cechoslov\u00e1kovi, kter\u00fd byl uv\u011bzn\u011bn v gulagu, z n\u011bho\u017e se dostal do \u010ceskoslovensk\u00e9 vojensk\u00e9 jednotky v SSSR. S tou se probojoval a\u017e na z\u00e1padn\u00ed Slovensko a v\u00fdchodn\u00ed Moravu, kde byl t\u011b\u017ece ran\u011bn. <\/p>\n\n\n\n<p>Vasil Coka se narodil 18.4.1923 v obci Dulovo na Podkarpatsk\u00e9 Rusi. V b\u0159eznu 1939 za\u010dali Slovensko a Podkarpatskou Rus okupovat Ma\u010fa\u0159i a Vasil nemohl pokra\u010dovat ve studiu. S kamar\u00e1dem Simulikem chodili pom\u00e1hat do karpatsk\u00fdch hor a rozhodli se ut\u00e9ct do Sov\u011btsk\u00e9ho svazu. Byli v\u0161ak Sov\u011bty zadr\u017eeni, p\u0159edvedeni k v\u00fdslechu a odsouzeni na 3 roky nucen\u00fdch prac\u00ed na Sibi\u0159, na Pe\u010doru, kde lidsk\u00fd \u017eivot nem\u011bl \u017e\u00e1dnou cenu. A\u017e v \u00fanoru 1943 se ocitl v Buzuluku, kde formoval 1. \u010ds. samostatn\u00fd prapor. Byl za\u0159azen do podd\u016fstojnick\u00e9 \u0161koly. A pak na frontu, sm\u011br Kyjev. Jako p\u0159\u00edslu\u0161n\u00edk protitankov\u00e9 roty se zapojil do t\u011b\u017ek\u00fdch boj\u016f u Kyjeva a B\u00edl\u00e9 Cerekve. Byl posl\u00e1n do d\u016fstojnick\u00e9 \u0161koly v Lucku a po jej\u00edm absolvov\u00e1n\u00ed p\u0159evelen do \u010cernovic (3. brig\u00e1da). S n\u00ed pak nastoupil na konci l\u00e9ta 1944 na Duklu. Po boj\u00edch na Dukle z\u016fstal Vasil Coka ve \u0161t\u00e1bu, kter\u00fd m\u011bl organizovat dal\u0161\u00ed n\u00e1hradn\u00ed pluk a nach\u00e1zel se bl\u00edzko jeho rodi\u0161t\u011b v Chustu. Pr\u00e1ci jim v\u0161ak kazili Sov\u011bti a proto byl odvol\u00e1n do Levo\u010di, kde se formovala 4. brig\u00e1da \u010ds. arm\u00e1dn\u00edho sboru. Jako zku\u0161en\u00e9mu frontov\u00e9mu voj\u00e1kovi mu zde p\u0159ipadl \u00fakol pod\u00edlet se na v\u00fdcviku protitankov\u00e9 roty. S nov\u011b vycvi\u010den\u00fdmi voj\u00e1ky pak zas\u00e1hl do t\u011b\u017ek\u00fdch boj\u016f u Liptovsk\u00e9ho Mikul\u00e1\u0161e a Stre\u010dna. A pak u\u017e postupovali na Moravu, na Vset\u00edn. Byly posledn\u00ed dny v\u00e1lky, av\u0161ak 6. kv\u011btna 1945 do\u0161lo v Byst\u0159ici pod Host\u00fdnem i na zran\u011bn\u00ed. P\u0159i d\u011blost\u0159eleck\u00e9m souboji dopadl gran\u00e1t kousek od n\u011bj a on byl v\u00e1\u017en\u011b zran\u011bn. Za sv\u00e9 bojov\u00e9 z\u00e1sluhy obdr\u017eel Vasil Coka n\u00e1sleduj\u00edc\u00ed vyznamen\u00e1n\u00ed: V\u00e1le\u010dn\u00fd K\u0159\u00ed\u017e 1939, Medaili Za chrabrost, Medaili Za z\u00e1sluhy, Dukelskou pam\u011btn\u00ed medaili, Medaili Za z\u00e1sluhy II. stupn\u011b, \u0158\u00e1d Rud\u00e9 hv\u011bzdy, sov\u011btsk\u00e1 vyznamen\u00e1n\u00ed Medaile za v\u00edt\u011bzstv\u00ed nad N\u011bmeckem, Pam\u011btn\u00ed medaili a \u0161t\u00edtek SSSR, \u0158\u00e1d lasteneck\u00e9 v\u00e1lky I. stupn\u011b, Medaili \u017dukova, Medaili Velk\u00e9 vlasteneck\u00e9 v\u00e1lky 1941-1945 a ukrajinsk\u00e9 vyznamen\u00e1n\u00ed Medaili za osvobozen\u00ed Ukrajiny. A omylem V\u00e1le\u010dn\u00fd k\u0159\u00ed\u017e 39 in memoriam.<\/p>\n\n\n\n<div class=\"wp-block-buttons is-layout-flex\">\n<div class=\"wp-block-button\"><a class=\"wp-block-button__link\" href=\"http:\/\/www.moderni-dejiny.cz\/clanek\/vasil-coka-z-gulagu-na-frontu\/\" target=\"_blank\" rel=\"noreferrer noopener\">Metodika \u2013 moderni-dejiny.cz<\/a><\/div>\n<\/div>\n","protected":false},"excerpt":{"rendered":"<p>Kr\u00e1tk\u00fd filmov\u00fd dokument z cyklu &#8222;Sami proti zlu&#8220; v\u011bnovan\u00fd v\u00fdznamn\u00fdm osobnostem Moravskoslezsk\u00e9ho kraje, jejich\u017e \u017eivoty byly zasa\u017eeny velk\u00fdmi d\u011bjinami. Tento d\u00edl se v\u011bnuje Vasilu Cokovi, \u010cechoslov\u00e1kovi, kter\u00fd byl uv\u011bzn\u011bn v gulagu, z n\u011bho\u017e se dostal do \u010ceskoslovensk\u00e9 vojensk\u00e9 jednotky v SSSR. S tou se probojoval a\u017e na z\u00e1padn\u00ed Slovensko a v\u00fdchodn\u00ed Moravu, kde byl t\u011b\u017ece&hellip;&nbsp;<a href=\"https:\/\/www.lucernatv.cz\/index.php\/2021\/02\/12\/vasil-coka-z-gulagu-na-frontu\/\" class=\"\" rel=\"bookmark\">\u010c\u00edst d\u00e1le &raquo;<span class=\"screen-reader-text\">Vasil Coka \u2013 z gulagu na frontu<\/span><\/a><\/p>\n","protected":false},"author":1,"featured_media":1671,"comment_status":"closed","ping_status":"open","sticky":false,"template":"","format":"gallery","meta":{"inline_featured_image":false,"_uag_custom_page_level_css":"","neve_meta_sidebar":"","neve_meta_container":"","neve_meta_enable_content_width":"","neve_meta_content_width":0,"neve_meta_title_alignment":"","neve_meta_author_avatar":"","neve_post_elements_order":"","neve_meta_disable_header":"","neve_meta_disable_footer":"","neve_meta_disable_title":"","_vp_format_video_url":"","_vp_image_focal_point":[]},"categories":[15,21,5,4],"tags":[24,53],"yoast_head":"<!-- This site is optimized with the Yoast SEO plugin v20.12 - https:\/\/yoast.com\/wordpress\/plugins\/seo\/ -->\n<title>Vasil Coka \u2013 z gulagu na frontu - lucernatv.cz<\/title>\n<meta name=\"robots\" content=\"index, follow, max-snippet:-1, max-image-preview:large, max-video-preview:-1\" \/>\n<link rel=\"canonical\" href=\"https:\/\/www.lucernatv.cz\/index.php\/2021\/02\/12\/vasil-coka-z-gulagu-na-frontu\/\" \/>\n<meta property=\"og:locale\" content=\"cs_CZ\" \/>\n<meta property=\"og:type\" content=\"article\" \/>\n<meta property=\"og:title\" content=\"Vasil Coka \u2013 z gulagu na frontu - lucernatv.cz\" \/>\n<meta property=\"og:description\" content=\"Kr\u00e1tk\u00fd filmov\u00fd dokument z cyklu &#8222;Sami proti zlu&#8220; v\u011bnovan\u00fd v\u00fdznamn\u00fdm osobnostem Moravskoslezsk\u00e9ho kraje, jejich\u017e \u017eivoty byly zasa\u017eeny velk\u00fdmi d\u011bjinami. Tento d\u00edl se v\u011bnuje Vasilu Cokovi, \u010cechoslov\u00e1kovi, kter\u00fd byl uv\u011bzn\u011bn v gulagu, z n\u011bho\u017e se dostal do \u010ceskoslovensk\u00e9 vojensk\u00e9 jednotky v SSSR. S tou se probojoval a\u017e na z\u00e1padn\u00ed Slovensko a v\u00fdchodn\u00ed Moravu, kde byl t\u011b\u017ece&hellip;&nbsp;\u010c\u00edst d\u00e1le &raquo;Vasil Coka \u2013 z gulagu na frontu\" \/>\n<meta property=\"og:url\" content=\"https:\/\/www.lucernatv.cz\/index.php\/2021\/02\/12\/vasil-coka-z-gulagu-na-frontu\/\" \/>\n<meta property=\"og:site_name\" content=\"lucernatv.cz\" \/>\n<meta property=\"article:publisher\" content=\"https:\/\/www.facebook.com\/avtopava\" \/>\n<meta property=\"article:published_time\" content=\"2021-02-12T17:57:01+00:00\" \/>\n<meta property=\"article:modified_time\" content=\"2021-02-17T00:44:19+00:00\" \/>\n<meta property=\"og:image\" content=\"https:\/\/www.lucernatv.cz\/wp-content\/uploads\/2021\/02\/MwddNp2tpwo.jpg\" \/>\n\t<meta property=\"og:image:width\" content=\"480\" \/>\n\t<meta property=\"og:image:height\" content=\"360\" \/>\n\t<meta property=\"og:image:type\" content=\"image\/jpeg\" \/>\n<meta name=\"author\" content=\"lucernatvc\" \/>\n<meta name=\"twitter:card\" content=\"summary_large_image\" \/>\n<meta name=\"twitter:label1\" content=\"Napsal(a)\" \/>\n\t<meta name=\"twitter:data1\" content=\"lucernatvc\" \/>\n\t<meta name=\"twitter:label2\" content=\"Odhadovan\u00e1 doba \u010dten\u00ed\" \/>\n\t<meta name=\"twitter:data2\" content=\"2 minuty\" \/>\n<script type=\"application\/ld+json\" class=\"yoast-schema-graph\">{\"@context\":\"https:\/\/schema.org\",\"@graph\":[{\"@type\":\"Article\",\"@id\":\"https:\/\/www.lucernatv.cz\/index.php\/2021\/02\/12\/vasil-coka-z-gulagu-na-frontu\/#article\",\"isPartOf\":{\"@id\":\"https:\/\/www.lucernatv.cz\/index.php\/2021\/02\/12\/vasil-coka-z-gulagu-na-frontu\/\"},\"author\":{\"name\":\"lucernatvc\",\"@id\":\"https:\/\/www.lucernatv.cz\/#\/schema\/person\/fdc6b3778fe63c82ba7479978ad159ad\"},\"headline\":\"Vasil Coka \u2013 z gulagu na frontu\",\"datePublished\":\"2021-02-12T17:57:01+00:00\",\"dateModified\":\"2021-02-17T00:44:19+00:00\",\"mainEntityOfPage\":{\"@id\":\"https:\/\/www.lucernatv.cz\/index.php\/2021\/02\/12\/vasil-coka-z-gulagu-na-frontu\/\"},\"wordCount\":490,\"publisher\":{\"@id\":\"https:\/\/www.lucernatv.cz\/#organization\"},\"keywords\":[\"dokument\",\"Sami proti zlu\"],\"articleSection\":[\"historie\",\"osobnosti\",\"Spole\u010dnost\",\"V\u011bda\"],\"inLanguage\":\"cs\"},{\"@type\":\"WebPage\",\"@id\":\"https:\/\/www.lucernatv.cz\/index.php\/2021\/02\/12\/vasil-coka-z-gulagu-na-frontu\/\",\"url\":\"https:\/\/www.lucernatv.cz\/index.php\/2021\/02\/12\/vasil-coka-z-gulagu-na-frontu\/\",\"name\":\"Vasil Coka \u2013 z gulagu na frontu - lucernatv.cz\",\"isPartOf\":{\"@id\":\"https:\/\/www.lucernatv.cz\/#website\"},\"datePublished\":\"2021-02-12T17:57:01+00:00\",\"dateModified\":\"2021-02-17T00:44:19+00:00\",\"breadcrumb\":{\"@id\":\"https:\/\/www.lucernatv.cz\/index.php\/2021\/02\/12\/vasil-coka-z-gulagu-na-frontu\/#breadcrumb\"},\"inLanguage\":\"cs\",\"potentialAction\":[{\"@type\":\"ReadAction\",\"target\":[\"https:\/\/www.lucernatv.cz\/index.php\/2021\/02\/12\/vasil-coka-z-gulagu-na-frontu\/\"]}]},{\"@type\":\"BreadcrumbList\",\"@id\":\"https:\/\/www.lucernatv.cz\/index.php\/2021\/02\/12\/vasil-coka-z-gulagu-na-frontu\/#breadcrumb\",\"itemListElement\":[{\"@type\":\"ListItem\",\"position\":1,\"name\":\"Dom\u016f\",\"item\":\"https:\/\/www.lucernatv.cz\/\"},{\"@type\":\"ListItem\",\"position\":2,\"name\":\"Vasil Coka \u2013 z gulagu na frontu\"}]},{\"@type\":\"WebSite\",\"@id\":\"https:\/\/www.lucernatv.cz\/#website\",\"url\":\"https:\/\/www.lucernatv.cz\/\",\"name\":\"lucernatv.cz\",\"description\":\"Vzd\u011bl\u00e1vac\u00ed televize\",\"publisher\":{\"@id\":\"https:\/\/www.lucernatv.cz\/#organization\"},\"alternateName\":\"Lucerna TV\",\"potentialAction\":[{\"@type\":\"SearchAction\",\"target\":{\"@type\":\"EntryPoint\",\"urlTemplate\":\"https:\/\/www.lucernatv.cz\/?s={search_term_string}\"},\"query-input\":\"required name=search_term_string\"}],\"inLanguage\":\"cs\"},{\"@type\":\"Organization\",\"@id\":\"https:\/\/www.lucernatv.cz\/#organization\",\"name\":\"Lucerna TV\",\"url\":\"https:\/\/www.lucernatv.cz\/\",\"logo\":{\"@type\":\"ImageObject\",\"inLanguage\":\"cs\",\"@id\":\"https:\/\/www.lucernatv.cz\/#\/schema\/logo\/image\/\",\"url\":\"https:\/\/www.lucernatv.cz\/wp-content\/uploads\/2021\/02\/logo.svg\",\"contentUrl\":\"https:\/\/www.lucernatv.cz\/wp-content\/uploads\/2021\/02\/logo.svg\",\"width\":128,\"height\":41,\"caption\":\"Lucerna TV\"},\"image\":{\"@id\":\"https:\/\/www.lucernatv.cz\/#\/schema\/logo\/image\/\"},\"sameAs\":[\"https:\/\/www.facebook.com\/avtopava\",\"https:\/\/www.youtube.com\/channel\/UCtP8PPWG9JatWSMsKMOvdDg\"]},{\"@type\":\"Person\",\"@id\":\"https:\/\/www.lucernatv.cz\/#\/schema\/person\/fdc6b3778fe63c82ba7479978ad159ad\",\"name\":\"lucernatvc\",\"image\":{\"@type\":\"ImageObject\",\"inLanguage\":\"cs\",\"@id\":\"https:\/\/www.lucernatv.cz\/#\/schema\/person\/image\/\",\"url\":\"https:\/\/secure.gravatar.com\/avatar\/5b7905a95103f5227c1afd8b2a10f058?s=96&d=mm&r=g\",\"contentUrl\":\"https:\/\/secure.gravatar.com\/avatar\/5b7905a95103f5227c1afd8b2a10f058?s=96&d=mm&r=g\",\"caption\":\"lucernatvc\"},\"url\":\"https:\/\/www.lucernatv.cz\/index.php\/author\/lucernatvc\/\"}]}<\/script>\n<!-- \/ Yoast SEO plugin. -->","yoast_head_json":{"title":"Vasil Coka \u2013 z gulagu na frontu - lucernatv.cz","robots":{"index":"index","follow":"follow","max-snippet":"max-snippet:-1","max-image-preview":"max-image-preview:large","max-video-preview":"max-video-preview:-1"},"canonical":"https:\/\/www.lucernatv.cz\/index.php\/2021\/02\/12\/vasil-coka-z-gulagu-na-frontu\/","og_locale":"cs_CZ","og_type":"article","og_title":"Vasil Coka \u2013 z gulagu na frontu - lucernatv.cz","og_description":"Kr\u00e1tk\u00fd filmov\u00fd dokument z cyklu &#8222;Sami proti zlu&#8220; v\u011bnovan\u00fd v\u00fdznamn\u00fdm osobnostem Moravskoslezsk\u00e9ho kraje, jejich\u017e \u017eivoty byly zasa\u017eeny velk\u00fdmi d\u011bjinami. Tento d\u00edl se v\u011bnuje Vasilu Cokovi, \u010cechoslov\u00e1kovi, kter\u00fd byl uv\u011bzn\u011bn v gulagu, z n\u011bho\u017e se dostal do \u010ceskoslovensk\u00e9 vojensk\u00e9 jednotky v SSSR. S tou se probojoval a\u017e na z\u00e1padn\u00ed Slovensko a v\u00fdchodn\u00ed Moravu, kde byl t\u011b\u017ece&hellip;&nbsp;\u010c\u00edst d\u00e1le &raquo;Vasil Coka \u2013 z gulagu na frontu","og_url":"https:\/\/www.lucernatv.cz\/index.php\/2021\/02\/12\/vasil-coka-z-gulagu-na-frontu\/","og_site_name":"lucernatv.cz","article_publisher":"https:\/\/www.facebook.com\/avtopava","article_published_time":"2021-02-12T17:57:01+00:00","article_modified_time":"2021-02-17T00:44:19+00:00","og_image":[{"width":480,"height":360,"url":"https:\/\/www.lucernatv.cz\/wp-content\/uploads\/2021\/02\/MwddNp2tpwo.jpg","type":"image\/jpeg"}],"author":"lucernatvc","twitter_card":"summary_large_image","twitter_misc":{"Napsal(a)":"lucernatvc","Odhadovan\u00e1 doba \u010dten\u00ed":"2 minuty"},"schema":{"@context":"https:\/\/schema.org","@graph":[{"@type":"Article","@id":"https:\/\/www.lucernatv.cz\/index.php\/2021\/02\/12\/vasil-coka-z-gulagu-na-frontu\/#article","isPartOf":{"@id":"https:\/\/www.lucernatv.cz\/index.php\/2021\/02\/12\/vasil-coka-z-gulagu-na-frontu\/"},"author":{"name":"lucernatvc","@id":"https:\/\/www.lucernatv.cz\/#\/schema\/person\/fdc6b3778fe63c82ba7479978ad159ad"},"headline":"Vasil Coka \u2013 z gulagu na frontu","datePublished":"2021-02-12T17:57:01+00:00","dateModified":"2021-02-17T00:44:19+00:00","mainEntityOfPage":{"@id":"https:\/\/www.lucernatv.cz\/index.php\/2021\/02\/12\/vasil-coka-z-gulagu-na-frontu\/"},"wordCount":490,"publisher":{"@id":"https:\/\/www.lucernatv.cz\/#organization"},"keywords":["dokument","Sami proti zlu"],"articleSection":["historie","osobnosti","Spole\u010dnost","V\u011bda"],"inLanguage":"cs"},{"@type":"WebPage","@id":"https:\/\/www.lucernatv.cz\/index.php\/2021\/02\/12\/vasil-coka-z-gulagu-na-frontu\/","url":"https:\/\/www.lucernatv.cz\/index.php\/2021\/02\/12\/vasil-coka-z-gulagu-na-frontu\/","name":"Vasil Coka \u2013 z gulagu na frontu - lucernatv.cz","isPartOf":{"@id":"https:\/\/www.lucernatv.cz\/#website"},"datePublished":"2021-02-12T17:57:01+00:00","dateModified":"2021-02-17T00:44:19+00:00","breadcrumb":{"@id":"https:\/\/www.lucernatv.cz\/index.php\/2021\/02\/12\/vasil-coka-z-gulagu-na-frontu\/#breadcrumb"},"inLanguage":"cs","potentialAction":[{"@type":"ReadAction","target":["https:\/\/www.lucernatv.cz\/index.php\/2021\/02\/12\/vasil-coka-z-gulagu-na-frontu\/"]}]},{"@type":"BreadcrumbList","@id":"https:\/\/www.lucernatv.cz\/index.php\/2021\/02\/12\/vasil-coka-z-gulagu-na-frontu\/#breadcrumb","itemListElement":[{"@type":"ListItem","position":1,"name":"Dom\u016f","item":"https:\/\/www.lucernatv.cz\/"},{"@type":"ListItem","position":2,"name":"Vasil Coka \u2013 z gulagu na frontu"}]},{"@type":"WebSite","@id":"https:\/\/www.lucernatv.cz\/#website","url":"https:\/\/www.lucernatv.cz\/","name":"lucernatv.cz","description":"Vzd\u011bl\u00e1vac\u00ed televize","publisher":{"@id":"https:\/\/www.lucernatv.cz\/#organization"},"alternateName":"Lucerna TV","potentialAction":[{"@type":"SearchAction","target":{"@type":"EntryPoint","urlTemplate":"https:\/\/www.lucernatv.cz\/?s={search_term_string}"},"query-input":"required name=search_term_string"}],"inLanguage":"cs"},{"@type":"Organization","@id":"https:\/\/www.lucernatv.cz\/#organization","name":"Lucerna TV","url":"https:\/\/www.lucernatv.cz\/","logo":{"@type":"ImageObject","inLanguage":"cs","@id":"https:\/\/www.lucernatv.cz\/#\/schema\/logo\/image\/","url":"https:\/\/www.lucernatv.cz\/wp-content\/uploads\/2021\/02\/logo.svg","contentUrl":"https:\/\/www.lucernatv.cz\/wp-content\/uploads\/2021\/02\/logo.svg","width":128,"height":41,"caption":"Lucerna TV"},"image":{"@id":"https:\/\/www.lucernatv.cz\/#\/schema\/logo\/image\/"},"sameAs":["https:\/\/www.facebook.com\/avtopava","https:\/\/www.youtube.com\/channel\/UCtP8PPWG9JatWSMsKMOvdDg"]},{"@type":"Person","@id":"https:\/\/www.lucernatv.cz\/#\/schema\/person\/fdc6b3778fe63c82ba7479978ad159ad","name":"lucernatvc","image":{"@type":"ImageObject","inLanguage":"cs","@id":"https:\/\/www.lucernatv.cz\/#\/schema\/person\/image\/","url":"https:\/\/secure.gravatar.com\/avatar\/5b7905a95103f5227c1afd8b2a10f058?s=96&d=mm&r=g","contentUrl":"https:\/\/secure.gravatar.com\/avatar\/5b7905a95103f5227c1afd8b2a10f058?s=96&d=mm&r=g","caption":"lucernatvc"},"url":"https:\/\/www.lucernatv.cz\/index.php\/author\/lucernatvc\/"}]}},"uagb_featured_image_src":{"full":["https:\/\/www.lucernatv.cz\/wp-content\/uploads\/2021\/02\/MwddNp2tpwo.jpg",480,360,false],"thumbnail":["https:\/\/www.lucernatv.cz\/wp-content\/uploads\/2021\/02\/MwddNp2tpwo-150x150.jpg",150,150,true],"medium":["https:\/\/www.lucernatv.cz\/wp-content\/uploads\/2021\/02\/MwddNp2tpwo-300x225.jpg",240,180,true],"medium_large":["https:\/\/www.lucernatv.cz\/wp-content\/uploads\/2021\/02\/MwddNp2tpwo.jpg",480,360,false],"large":["https:\/\/www.lucernatv.cz\/wp-content\/uploads\/2021\/02\/MwddNp2tpwo.jpg",480,360,false],"1536x1536":["https:\/\/www.lucernatv.cz\/wp-content\/uploads\/2021\/02\/MwddNp2tpwo.jpg",480,360,false],"2048x2048":["https:\/\/www.lucernatv.cz\/wp-content\/uploads\/2021\/02\/MwddNp2tpwo.jpg",480,360,false],"ultp_layout_landscape_large":["https:\/\/www.lucernatv.cz\/wp-content\/uploads\/2021\/02\/MwddNp2tpwo.jpg",480,360,false],"ultp_layout_landscape":["https:\/\/www.lucernatv.cz\/wp-content\/uploads\/2021\/02\/MwddNp2tpwo.jpg",480,360,false],"ultp_layout_portrait":["https:\/\/www.lucernatv.cz\/wp-content\/uploads\/2021\/02\/MwddNp2tpwo.jpg",480,360,false],"ultp_layout_square":["https:\/\/www.lucernatv.cz\/wp-content\/uploads\/2021\/02\/MwddNp2tpwo.jpg",480,360,false],"vp_sm":["https:\/\/www.lucernatv.cz\/wp-content\/uploads\/2021\/02\/MwddNp2tpwo.jpg",480,360,false],"vp_md":["https:\/\/www.lucernatv.cz\/wp-content\/uploads\/2021\/02\/MwddNp2tpwo.jpg",480,360,false],"vp_lg":["https:\/\/www.lucernatv.cz\/wp-content\/uploads\/2021\/02\/MwddNp2tpwo.jpg",480,360,false],"vp_xl":["https:\/\/www.lucernatv.cz\/wp-content\/uploads\/2021\/02\/MwddNp2tpwo.jpg",480,360,false],"vp_sm_popup":["https:\/\/www.lucernatv.cz\/wp-content\/uploads\/2021\/02\/MwddNp2tpwo.jpg",480,360,false],"vp_md_popup":["https:\/\/www.lucernatv.cz\/wp-content\/uploads\/2021\/02\/MwddNp2tpwo.jpg",480,360,false],"vp_xl_popup":["https:\/\/www.lucernatv.cz\/wp-content\/uploads\/2021\/02\/MwddNp2tpwo.jpg",480,360,false],"neve-blog":["https:\/\/www.lucernatv.cz\/wp-content\/uploads\/2021\/02\/MwddNp2tpwo.jpg",480,360,false]},"uagb_author_info":{"display_name":"lucernatvc","author_link":"https:\/\/www.lucernatv.cz\/index.php\/author\/lucernatvc\/"},"uagb_comment_info":0,"uagb_excerpt":"Kr\u00e1tk\u00fd filmov\u00fd dokument z cyklu &#8222;Sami proti zlu&#8220; v\u011bnovan\u00fd v\u00fdznamn\u00fdm osobnostem Moravskoslezsk\u00e9ho kraje, jejich\u017e \u017eivoty byly zasa\u017eeny velk\u00fdmi d\u011bjinami. Tento d\u00edl se v\u011bnuje Vasilu Cokovi, \u010cechoslov\u00e1kovi, kter\u00fd byl uv\u011bzn\u011bn v gulagu, z n\u011bho\u017e se dostal do \u010ceskoslovensk\u00e9 vojensk\u00e9 jednotky v SSSR. S tou se probojoval a\u017e na z\u00e1padn\u00ed Slovensko a v\u00fdchodn\u00ed Moravu, kde byl t\u011b\u017ece&hellip;&nbsp;\u010c\u00edst&hellip;","_links":{"self":[{"href":"https:\/\/www.lucernatv.cz\/index.php\/wp-json\/wp\/v2\/posts\/1313"}],"collection":[{"href":"https:\/\/www.lucernatv.cz\/index.php\/wp-json\/wp\/v2\/posts"}],"about":[{"href":"https:\/\/www.lucernatv.cz\/index.php\/wp-json\/wp\/v2\/types\/post"}],"author":[{"embeddable":true,"href":"https:\/\/www.lucernatv.cz\/index.php\/wp-json\/wp\/v2\/users\/1"}],"replies":[{"embeddable":true,"href":"https:\/\/www.lucernatv.cz\/index.php\/wp-json\/wp\/v2\/comments?post=1313"}],"version-history":[{"count":2,"href":"https:\/\/www.lucernatv.cz\/index.php\/wp-json\/wp\/v2\/posts\/1313\/revisions"}],"predecessor-version":[{"id":1321,"href":"https:\/\/www.lucernatv.cz\/index.php\/wp-json\/wp\/v2\/posts\/1313\/revisions\/1321"}],"wp:featuredmedia":[{"embeddable":true,"href":"https:\/\/www.lucernatv.cz\/index.php\/wp-json\/wp\/v2\/media\/1671"}],"wp:attachment":[{"href":"https:\/\/www.lucernatv.cz\/index.php\/wp-json\/wp\/v2\/media?parent=1313"}],"wp:term":[{"taxonomy":"category","embeddable":true,"href":"https:\/\/www.lucernatv.cz\/index.php\/wp-json\/wp\/v2\/categories?post=1313"},{"taxonomy":"post_tag","embeddable":true,"href":"https:\/\/www.lucernatv.cz\/index.php\/wp-json\/wp\/v2\/tags?post=1313"}],"curies":[{"name":"wp","href":"https:\/\/api.w.org\/{rel}","templated":true}]}}