{"id":1311,"date":"2021-02-12T17:54:32","date_gmt":"2021-02-12T17:54:32","guid":{"rendered":"https:\/\/www.lucernatv.cz\/?p=1311"},"modified":"2021-02-17T13:30:23","modified_gmt":"2021-02-17T13:30:23","slug":"hrdinove-zapadni-fronty-milan-trunkat","status":"publish","type":"post","link":"https:\/\/www.lucernatv.cz\/index.php\/2021\/02\/12\/hrdinove-zapadni-fronty-milan-trunkat\/","title":{"rendered":"Hrdinov\u00e9 z\u00e1padn\u00ed fronty \u2013 Milan Trunk\u00e1t"},"content":{"rendered":"\n<figure class=\"wp-block-embed is-type-video is-provider-youtube wp-block-embed-youtube wp-embed-aspect-16-9 wp-has-aspect-ratio\"><div class=\"wp-block-embed__wrapper\">\n<div class=\"nv-iframe-embed\"><div class=\"arve\" data-mode=\"normal\" data-oembed=\"1\" data-provider=\"youtube\" id=\"arve-youtube-60wlnafdy-869f39107cbe68579635098\">\n<span class=\"arve-inner\">\n<span class=\"arve-embed arve-embed--has-aspect-ratio\">\n<span class=\"arve-ar\" style=\"padding-top:56.250000%\"><\/span><iframe allow=\"accelerometer; autoplay; clipboard-write; encrypted-media; gyroscope; picture-in-picture\" allowfullscreen class=\"arve-iframe fitvidsignore\" data-arve=\"arve-youtube-60wlnafdy-869f39107cbe68579635098\" data-src-no-ap=\"https:\/\/www.youtube-nocookie.com\/embed\/60WlnAFdY-8?feature=oembed&amp;iv_load_policy=3&amp;modestbranding=1&amp;rel=0&amp;autohide=1&amp;playsinline=0&amp;autoplay=0\" frameborder=\"0\" height=\"0\" sandbox=\"allow-scripts allow-same-origin allow-presentation allow-popups allow-popups-to-escape-sandbox\" scrolling=\"no\" src=\"https:\/\/www.youtube-nocookie.com\/embed\/60WlnAFdY-8?feature=oembed&#038;iv_load_policy=3&#038;modestbranding=1&#038;rel=0&#038;autohide=1&#038;playsinline=0&#038;autoplay=0\"><\/iframe>\n\n<\/span>\n\n<\/span>\n<script type=\"application\/ld+json\">{\"@context\":\"http:\\\/\\\/schema.org\\\/\",\"@id\":\"https:\\\/\\\/www.lucernatv.cz\\\/index.php\\\/2021\\\/02\\\/12\\\/hrdinove-zapadni-fronty-milan-trunkat\\\/#arve-youtube-60wlnafdy-869f39107cbe68579635098\",\"type\":\"VideoObject\",\"embedURL\":\"https:\\\/\\\/www.youtube-nocookie.com\\\/embed\\\/60WlnAFdY-8?feature=oembed&iv_load_policy=3&modestbranding=1&rel=0&autohide=1&playsinline=0&autoplay=0\"}<\/script>\n<\/div>\n<\/div>\n<\/div><\/figure>\n\n\n\n<p>Kr\u00e1tkometr\u00e1\u017en\u00ed dokument Hrdinov\u00e9 z\u00e1padn\u00ed fronty &#8212; Milan Trunk\u00e1t p\u0159edstavuje osudy \u010deskoslovensk\u00fdch letc\u016f na z\u00e1padn\u00ed front\u011b b\u011bhem 2. sv\u011btov\u00e9 v\u00e1lky na pozad\u00ed p\u016fsobiv\u00e9ho vypr\u00e1v\u011bn\u00ed Milana Trunk\u00e1ta. Pot\u00e9, co utekl p\u0159es Katovice do Velk\u00e9 Brit\u00e1nie, se vyu\u010dil jako leteck\u00fd in\u017een\u00fdr a byl p\u0159i\u0159azen k 460. eskad\u0159e australsk\u00e9 RAF. Trunk\u00e1tovo vypr\u00e1v\u011bn\u00ed doprov\u00e1z\u00ed v\u00fdklad histori\u010dky Jany Hor\u00e1kov\u00e9, kter\u00e1 popisuje osudy \u010deskoslovensk\u00fdch letc\u016f od za\u010d\u00e1tku v\u00e1lky a\u017e po jejich n\u00e1vrat zp\u011bt do vlasti, kde je \u010dekala pouze perzekuce ze strany komunistick\u00e9ho re\u017eimu. Ani Milanu Trunk\u00e1tovi se nevyhnula &#8212; po propu\u0161t\u011bn\u00ed z v\u011bzen\u00ed str\u00e1vil \u017eivot prac\u00ed na \u0161acht\u011b a docen\u011bn\u00ed se mu dostalo a\u017e po roce 1989, stejn\u011b jako omluvy od dvou p\u0159\u00edslu\u0161n\u00edk\u016f StB p\u0159i n\u00e1hodn\u00e9m setk\u00e1n\u00ed na ulici. Film je dopln\u011bn historickou studi\u00ed, prezentac\u00ed, metodick\u00fdmi materi\u00e1ly a prameny.<\/p>\n\n\n\n<div class=\"wp-block-buttons is-layout-flex\">\n<div class=\"wp-block-button\"><a class=\"wp-block-button__link\" href=\"http:\/\/www.moderni-dejiny.cz\/clanek\/film-hrdinove-zapadni-fronty-milan-trunkat\/\" target=\"_blank\" rel=\"noreferrer noopener\">Metodika \u2013 moderni-dejiny.cz<\/a><\/div>\n<\/div>\n","protected":false},"excerpt":{"rendered":"<p>Kr\u00e1tkometr\u00e1\u017en\u00ed dokument Hrdinov\u00e9 z\u00e1padn\u00ed fronty &#8212; Milan Trunk\u00e1t p\u0159edstavuje osudy \u010deskoslovensk\u00fdch letc\u016f na z\u00e1padn\u00ed front\u011b b\u011bhem 2. sv\u011btov\u00e9 v\u00e1lky na pozad\u00ed p\u016fsobiv\u00e9ho vypr\u00e1v\u011bn\u00ed Milana Trunk\u00e1ta. Pot\u00e9, co utekl p\u0159es Katovice do Velk\u00e9 Brit\u00e1nie, se vyu\u010dil jako leteck\u00fd in\u017een\u00fdr a byl p\u0159i\u0159azen k 460. eskad\u0159e australsk\u00e9 RAF. Trunk\u00e1tovo vypr\u00e1v\u011bn\u00ed doprov\u00e1z\u00ed v\u00fdklad histori\u010dky Jany Hor\u00e1kov\u00e9, kter\u00e1 popisuje&hellip;&nbsp;<a href=\"https:\/\/www.lucernatv.cz\/index.php\/2021\/02\/12\/hrdinove-zapadni-fronty-milan-trunkat\/\" class=\"\" rel=\"bookmark\">\u010c\u00edst d\u00e1le &raquo;<span class=\"screen-reader-text\">Hrdinov\u00e9 z\u00e1padn\u00ed fronty \u2013 Milan Trunk\u00e1t<\/span><\/a><\/p>\n","protected":false},"author":1,"featured_media":1683,"comment_status":"closed","ping_status":"open","sticky":false,"template":"","format":"gallery","meta":{"inline_featured_image":false,"_uag_custom_page_level_css":"","neve_meta_sidebar":"","neve_meta_container":"","neve_meta_enable_content_width":"","neve_meta_content_width":0,"neve_meta_title_alignment":"","neve_meta_author_avatar":"","neve_post_elements_order":"","neve_meta_disable_header":"","neve_meta_disable_footer":"","neve_meta_disable_title":"","_vp_format_video_url":"","_vp_image_focal_point":[]},"categories":[15,21,5,4],"tags":[54,24],"yoast_head":"<!-- This site is optimized with the Yoast SEO plugin v20.12 - https:\/\/yoast.com\/wordpress\/plugins\/seo\/ -->\n<title>Hrdinov\u00e9 z\u00e1padn\u00ed fronty \u2013 Milan Trunk\u00e1t - lucernatv.cz<\/title>\n<meta name=\"robots\" content=\"index, follow, max-snippet:-1, max-image-preview:large, max-video-preview:-1\" \/>\n<link rel=\"canonical\" href=\"https:\/\/www.lucernatv.cz\/index.php\/2021\/02\/12\/hrdinove-zapadni-fronty-milan-trunkat\/\" \/>\n<meta property=\"og:locale\" content=\"cs_CZ\" \/>\n<meta property=\"og:type\" content=\"article\" \/>\n<meta property=\"og:title\" content=\"Hrdinov\u00e9 z\u00e1padn\u00ed fronty \u2013 Milan Trunk\u00e1t - lucernatv.cz\" \/>\n<meta property=\"og:description\" content=\"Kr\u00e1tkometr\u00e1\u017en\u00ed dokument Hrdinov\u00e9 z\u00e1padn\u00ed fronty &#8212; Milan Trunk\u00e1t p\u0159edstavuje osudy \u010deskoslovensk\u00fdch letc\u016f na z\u00e1padn\u00ed front\u011b b\u011bhem 2. sv\u011btov\u00e9 v\u00e1lky na pozad\u00ed p\u016fsobiv\u00e9ho vypr\u00e1v\u011bn\u00ed Milana Trunk\u00e1ta. Pot\u00e9, co utekl p\u0159es Katovice do Velk\u00e9 Brit\u00e1nie, se vyu\u010dil jako leteck\u00fd in\u017een\u00fdr a byl p\u0159i\u0159azen k 460. eskad\u0159e australsk\u00e9 RAF. Trunk\u00e1tovo vypr\u00e1v\u011bn\u00ed doprov\u00e1z\u00ed v\u00fdklad histori\u010dky Jany Hor\u00e1kov\u00e9, kter\u00e1 popisuje&hellip;&nbsp;\u010c\u00edst d\u00e1le &raquo;Hrdinov\u00e9 z\u00e1padn\u00ed fronty \u2013 Milan Trunk\u00e1t\" \/>\n<meta property=\"og:url\" content=\"https:\/\/www.lucernatv.cz\/index.php\/2021\/02\/12\/hrdinove-zapadni-fronty-milan-trunkat\/\" \/>\n<meta property=\"og:site_name\" content=\"lucernatv.cz\" \/>\n<meta property=\"article:publisher\" content=\"https:\/\/www.facebook.com\/avtopava\" \/>\n<meta property=\"article:published_time\" content=\"2021-02-12T17:54:32+00:00\" \/>\n<meta property=\"article:modified_time\" content=\"2021-02-17T13:30:23+00:00\" \/>\n<meta property=\"og:image\" content=\"https:\/\/www.lucernatv.cz\/wp-content\/uploads\/2021\/02\/60WlnAFdY-8.jpg\" \/>\n\t<meta property=\"og:image:width\" content=\"480\" \/>\n\t<meta property=\"og:image:height\" content=\"360\" \/>\n\t<meta property=\"og:image:type\" content=\"image\/jpeg\" \/>\n<meta name=\"author\" content=\"lucernatvc\" \/>\n<meta name=\"twitter:card\" content=\"summary_large_image\" \/>\n<meta name=\"twitter:label1\" content=\"Napsal(a)\" \/>\n\t<meta name=\"twitter:data1\" content=\"lucernatvc\" \/>\n\t<meta name=\"twitter:label2\" content=\"Odhadovan\u00e1 doba \u010dten\u00ed\" \/>\n\t<meta name=\"twitter:data2\" content=\"1 minuta\" \/>\n<script type=\"application\/ld+json\" class=\"yoast-schema-graph\">{\"@context\":\"https:\/\/schema.org\",\"@graph\":[{\"@type\":\"Article\",\"@id\":\"https:\/\/www.lucernatv.cz\/index.php\/2021\/02\/12\/hrdinove-zapadni-fronty-milan-trunkat\/#article\",\"isPartOf\":{\"@id\":\"https:\/\/www.lucernatv.cz\/index.php\/2021\/02\/12\/hrdinove-zapadni-fronty-milan-trunkat\/\"},\"author\":{\"name\":\"lucernatvc\",\"@id\":\"https:\/\/www.lucernatv.cz\/#\/schema\/person\/fdc6b3778fe63c82ba7479978ad159ad\"},\"headline\":\"Hrdinov\u00e9 z\u00e1padn\u00ed fronty \u2013 Milan Trunk\u00e1t\",\"datePublished\":\"2021-02-12T17:54:32+00:00\",\"dateModified\":\"2021-02-17T13:30:23+00:00\",\"mainEntityOfPage\":{\"@id\":\"https:\/\/www.lucernatv.cz\/index.php\/2021\/02\/12\/hrdinove-zapadni-fronty-milan-trunkat\/\"},\"wordCount\":190,\"publisher\":{\"@id\":\"https:\/\/www.lucernatv.cz\/#organization\"},\"keywords\":[\"D\u011bjiny na vlastn\u00ed k\u016f\u017ei\",\"dokument\"],\"articleSection\":[\"historie\",\"osobnosti\",\"Spole\u010dnost\",\"V\u011bda\"],\"inLanguage\":\"cs\"},{\"@type\":\"WebPage\",\"@id\":\"https:\/\/www.lucernatv.cz\/index.php\/2021\/02\/12\/hrdinove-zapadni-fronty-milan-trunkat\/\",\"url\":\"https:\/\/www.lucernatv.cz\/index.php\/2021\/02\/12\/hrdinove-zapadni-fronty-milan-trunkat\/\",\"name\":\"Hrdinov\u00e9 z\u00e1padn\u00ed fronty \u2013 Milan Trunk\u00e1t - lucernatv.cz\",\"isPartOf\":{\"@id\":\"https:\/\/www.lucernatv.cz\/#website\"},\"datePublished\":\"2021-02-12T17:54:32+00:00\",\"dateModified\":\"2021-02-17T13:30:23+00:00\",\"breadcrumb\":{\"@id\":\"https:\/\/www.lucernatv.cz\/index.php\/2021\/02\/12\/hrdinove-zapadni-fronty-milan-trunkat\/#breadcrumb\"},\"inLanguage\":\"cs\",\"potentialAction\":[{\"@type\":\"ReadAction\",\"target\":[\"https:\/\/www.lucernatv.cz\/index.php\/2021\/02\/12\/hrdinove-zapadni-fronty-milan-trunkat\/\"]}]},{\"@type\":\"BreadcrumbList\",\"@id\":\"https:\/\/www.lucernatv.cz\/index.php\/2021\/02\/12\/hrdinove-zapadni-fronty-milan-trunkat\/#breadcrumb\",\"itemListElement\":[{\"@type\":\"ListItem\",\"position\":1,\"name\":\"Dom\u016f\",\"item\":\"https:\/\/www.lucernatv.cz\/\"},{\"@type\":\"ListItem\",\"position\":2,\"name\":\"Hrdinov\u00e9 z\u00e1padn\u00ed fronty \u2013 Milan Trunk\u00e1t\"}]},{\"@type\":\"WebSite\",\"@id\":\"https:\/\/www.lucernatv.cz\/#website\",\"url\":\"https:\/\/www.lucernatv.cz\/\",\"name\":\"lucernatv.cz\",\"description\":\"Vzd\u011bl\u00e1vac\u00ed televize\",\"publisher\":{\"@id\":\"https:\/\/www.lucernatv.cz\/#organization\"},\"alternateName\":\"Lucerna TV\",\"potentialAction\":[{\"@type\":\"SearchAction\",\"target\":{\"@type\":\"EntryPoint\",\"urlTemplate\":\"https:\/\/www.lucernatv.cz\/?s={search_term_string}\"},\"query-input\":\"required name=search_term_string\"}],\"inLanguage\":\"cs\"},{\"@type\":\"Organization\",\"@id\":\"https:\/\/www.lucernatv.cz\/#organization\",\"name\":\"Lucerna TV\",\"url\":\"https:\/\/www.lucernatv.cz\/\",\"logo\":{\"@type\":\"ImageObject\",\"inLanguage\":\"cs\",\"@id\":\"https:\/\/www.lucernatv.cz\/#\/schema\/logo\/image\/\",\"url\":\"https:\/\/www.lucernatv.cz\/wp-content\/uploads\/2021\/02\/logo.svg\",\"contentUrl\":\"https:\/\/www.lucernatv.cz\/wp-content\/uploads\/2021\/02\/logo.svg\",\"width\":128,\"height\":41,\"caption\":\"Lucerna TV\"},\"image\":{\"@id\":\"https:\/\/www.lucernatv.cz\/#\/schema\/logo\/image\/\"},\"sameAs\":[\"https:\/\/www.facebook.com\/avtopava\",\"https:\/\/www.youtube.com\/channel\/UCtP8PPWG9JatWSMsKMOvdDg\"]},{\"@type\":\"Person\",\"@id\":\"https:\/\/www.lucernatv.cz\/#\/schema\/person\/fdc6b3778fe63c82ba7479978ad159ad\",\"name\":\"lucernatvc\",\"image\":{\"@type\":\"ImageObject\",\"inLanguage\":\"cs\",\"@id\":\"https:\/\/www.lucernatv.cz\/#\/schema\/person\/image\/\",\"url\":\"https:\/\/secure.gravatar.com\/avatar\/5b7905a95103f5227c1afd8b2a10f058?s=96&d=mm&r=g\",\"contentUrl\":\"https:\/\/secure.gravatar.com\/avatar\/5b7905a95103f5227c1afd8b2a10f058?s=96&d=mm&r=g\",\"caption\":\"lucernatvc\"},\"url\":\"https:\/\/www.lucernatv.cz\/index.php\/author\/lucernatvc\/\"}]}<\/script>\n<!-- \/ Yoast SEO plugin. -->","yoast_head_json":{"title":"Hrdinov\u00e9 z\u00e1padn\u00ed fronty \u2013 Milan Trunk\u00e1t - lucernatv.cz","robots":{"index":"index","follow":"follow","max-snippet":"max-snippet:-1","max-image-preview":"max-image-preview:large","max-video-preview":"max-video-preview:-1"},"canonical":"https:\/\/www.lucernatv.cz\/index.php\/2021\/02\/12\/hrdinove-zapadni-fronty-milan-trunkat\/","og_locale":"cs_CZ","og_type":"article","og_title":"Hrdinov\u00e9 z\u00e1padn\u00ed fronty \u2013 Milan Trunk\u00e1t - lucernatv.cz","og_description":"Kr\u00e1tkometr\u00e1\u017en\u00ed dokument Hrdinov\u00e9 z\u00e1padn\u00ed fronty &#8212; Milan Trunk\u00e1t p\u0159edstavuje osudy \u010deskoslovensk\u00fdch letc\u016f na z\u00e1padn\u00ed front\u011b b\u011bhem 2. sv\u011btov\u00e9 v\u00e1lky na pozad\u00ed p\u016fsobiv\u00e9ho vypr\u00e1v\u011bn\u00ed Milana Trunk\u00e1ta. Pot\u00e9, co utekl p\u0159es Katovice do Velk\u00e9 Brit\u00e1nie, se vyu\u010dil jako leteck\u00fd in\u017een\u00fdr a byl p\u0159i\u0159azen k 460. eskad\u0159e australsk\u00e9 RAF. Trunk\u00e1tovo vypr\u00e1v\u011bn\u00ed doprov\u00e1z\u00ed v\u00fdklad histori\u010dky Jany Hor\u00e1kov\u00e9, kter\u00e1 popisuje&hellip;&nbsp;\u010c\u00edst d\u00e1le &raquo;Hrdinov\u00e9 z\u00e1padn\u00ed fronty \u2013 Milan Trunk\u00e1t","og_url":"https:\/\/www.lucernatv.cz\/index.php\/2021\/02\/12\/hrdinove-zapadni-fronty-milan-trunkat\/","og_site_name":"lucernatv.cz","article_publisher":"https:\/\/www.facebook.com\/avtopava","article_published_time":"2021-02-12T17:54:32+00:00","article_modified_time":"2021-02-17T13:30:23+00:00","og_image":[{"width":480,"height":360,"url":"https:\/\/www.lucernatv.cz\/wp-content\/uploads\/2021\/02\/60WlnAFdY-8.jpg","type":"image\/jpeg"}],"author":"lucernatvc","twitter_card":"summary_large_image","twitter_misc":{"Napsal(a)":"lucernatvc","Odhadovan\u00e1 doba \u010dten\u00ed":"1 minuta"},"schema":{"@context":"https:\/\/schema.org","@graph":[{"@type":"Article","@id":"https:\/\/www.lucernatv.cz\/index.php\/2021\/02\/12\/hrdinove-zapadni-fronty-milan-trunkat\/#article","isPartOf":{"@id":"https:\/\/www.lucernatv.cz\/index.php\/2021\/02\/12\/hrdinove-zapadni-fronty-milan-trunkat\/"},"author":{"name":"lucernatvc","@id":"https:\/\/www.lucernatv.cz\/#\/schema\/person\/fdc6b3778fe63c82ba7479978ad159ad"},"headline":"Hrdinov\u00e9 z\u00e1padn\u00ed fronty \u2013 Milan Trunk\u00e1t","datePublished":"2021-02-12T17:54:32+00:00","dateModified":"2021-02-17T13:30:23+00:00","mainEntityOfPage":{"@id":"https:\/\/www.lucernatv.cz\/index.php\/2021\/02\/12\/hrdinove-zapadni-fronty-milan-trunkat\/"},"wordCount":190,"publisher":{"@id":"https:\/\/www.lucernatv.cz\/#organization"},"keywords":["D\u011bjiny na vlastn\u00ed k\u016f\u017ei","dokument"],"articleSection":["historie","osobnosti","Spole\u010dnost","V\u011bda"],"inLanguage":"cs"},{"@type":"WebPage","@id":"https:\/\/www.lucernatv.cz\/index.php\/2021\/02\/12\/hrdinove-zapadni-fronty-milan-trunkat\/","url":"https:\/\/www.lucernatv.cz\/index.php\/2021\/02\/12\/hrdinove-zapadni-fronty-milan-trunkat\/","name":"Hrdinov\u00e9 z\u00e1padn\u00ed fronty \u2013 Milan Trunk\u00e1t - lucernatv.cz","isPartOf":{"@id":"https:\/\/www.lucernatv.cz\/#website"},"datePublished":"2021-02-12T17:54:32+00:00","dateModified":"2021-02-17T13:30:23+00:00","breadcrumb":{"@id":"https:\/\/www.lucernatv.cz\/index.php\/2021\/02\/12\/hrdinove-zapadni-fronty-milan-trunkat\/#breadcrumb"},"inLanguage":"cs","potentialAction":[{"@type":"ReadAction","target":["https:\/\/www.lucernatv.cz\/index.php\/2021\/02\/12\/hrdinove-zapadni-fronty-milan-trunkat\/"]}]},{"@type":"BreadcrumbList","@id":"https:\/\/www.lucernatv.cz\/index.php\/2021\/02\/12\/hrdinove-zapadni-fronty-milan-trunkat\/#breadcrumb","itemListElement":[{"@type":"ListItem","position":1,"name":"Dom\u016f","item":"https:\/\/www.lucernatv.cz\/"},{"@type":"ListItem","position":2,"name":"Hrdinov\u00e9 z\u00e1padn\u00ed fronty \u2013 Milan Trunk\u00e1t"}]},{"@type":"WebSite","@id":"https:\/\/www.lucernatv.cz\/#website","url":"https:\/\/www.lucernatv.cz\/","name":"lucernatv.cz","description":"Vzd\u011bl\u00e1vac\u00ed televize","publisher":{"@id":"https:\/\/www.lucernatv.cz\/#organization"},"alternateName":"Lucerna TV","potentialAction":[{"@type":"SearchAction","target":{"@type":"EntryPoint","urlTemplate":"https:\/\/www.lucernatv.cz\/?s={search_term_string}"},"query-input":"required name=search_term_string"}],"inLanguage":"cs"},{"@type":"Organization","@id":"https:\/\/www.lucernatv.cz\/#organization","name":"Lucerna TV","url":"https:\/\/www.lucernatv.cz\/","logo":{"@type":"ImageObject","inLanguage":"cs","@id":"https:\/\/www.lucernatv.cz\/#\/schema\/logo\/image\/","url":"https:\/\/www.lucernatv.cz\/wp-content\/uploads\/2021\/02\/logo.svg","contentUrl":"https:\/\/www.lucernatv.cz\/wp-content\/uploads\/2021\/02\/logo.svg","width":128,"height":41,"caption":"Lucerna TV"},"image":{"@id":"https:\/\/www.lucernatv.cz\/#\/schema\/logo\/image\/"},"sameAs":["https:\/\/www.facebook.com\/avtopava","https:\/\/www.youtube.com\/channel\/UCtP8PPWG9JatWSMsKMOvdDg"]},{"@type":"Person","@id":"https:\/\/www.lucernatv.cz\/#\/schema\/person\/fdc6b3778fe63c82ba7479978ad159ad","name":"lucernatvc","image":{"@type":"ImageObject","inLanguage":"cs","@id":"https:\/\/www.lucernatv.cz\/#\/schema\/person\/image\/","url":"https:\/\/secure.gravatar.com\/avatar\/5b7905a95103f5227c1afd8b2a10f058?s=96&d=mm&r=g","contentUrl":"https:\/\/secure.gravatar.com\/avatar\/5b7905a95103f5227c1afd8b2a10f058?s=96&d=mm&r=g","caption":"lucernatvc"},"url":"https:\/\/www.lucernatv.cz\/index.php\/author\/lucernatvc\/"}]}},"uagb_featured_image_src":{"full":["https:\/\/www.lucernatv.cz\/wp-content\/uploads\/2021\/02\/60WlnAFdY-8.jpg",480,360,false],"thumbnail":["https:\/\/www.lucernatv.cz\/wp-content\/uploads\/2021\/02\/60WlnAFdY-8-150x150.jpg",150,150,true],"medium":["https:\/\/www.lucernatv.cz\/wp-content\/uploads\/2021\/02\/60WlnAFdY-8-300x225.jpg",240,180,true],"medium_large":["https:\/\/www.lucernatv.cz\/wp-content\/uploads\/2021\/02\/60WlnAFdY-8.jpg",480,360,false],"large":["https:\/\/www.lucernatv.cz\/wp-content\/uploads\/2021\/02\/60WlnAFdY-8.jpg",480,360,false],"1536x1536":["https:\/\/www.lucernatv.cz\/wp-content\/uploads\/2021\/02\/60WlnAFdY-8.jpg",480,360,false],"2048x2048":["https:\/\/www.lucernatv.cz\/wp-content\/uploads\/2021\/02\/60WlnAFdY-8.jpg",480,360,false],"ultp_layout_landscape_large":["https:\/\/www.lucernatv.cz\/wp-content\/uploads\/2021\/02\/60WlnAFdY-8.jpg",480,360,false],"ultp_layout_landscape":["https:\/\/www.lucernatv.cz\/wp-content\/uploads\/2021\/02\/60WlnAFdY-8.jpg",480,360,false],"ultp_layout_portrait":["https:\/\/www.lucernatv.cz\/wp-content\/uploads\/2021\/02\/60WlnAFdY-8.jpg",480,360,false],"ultp_layout_square":["https:\/\/www.lucernatv.cz\/wp-content\/uploads\/2021\/02\/60WlnAFdY-8.jpg",480,360,false],"vp_sm":["https:\/\/www.lucernatv.cz\/wp-content\/uploads\/2021\/02\/60WlnAFdY-8.jpg",480,360,false],"vp_md":["https:\/\/www.lucernatv.cz\/wp-content\/uploads\/2021\/02\/60WlnAFdY-8.jpg",480,360,false],"vp_lg":["https:\/\/www.lucernatv.cz\/wp-content\/uploads\/2021\/02\/60WlnAFdY-8.jpg",480,360,false],"vp_xl":["https:\/\/www.lucernatv.cz\/wp-content\/uploads\/2021\/02\/60WlnAFdY-8.jpg",480,360,false],"vp_sm_popup":["https:\/\/www.lucernatv.cz\/wp-content\/uploads\/2021\/02\/60WlnAFdY-8.jpg",480,360,false],"vp_md_popup":["https:\/\/www.lucernatv.cz\/wp-content\/uploads\/2021\/02\/60WlnAFdY-8.jpg",480,360,false],"vp_xl_popup":["https:\/\/www.lucernatv.cz\/wp-content\/uploads\/2021\/02\/60WlnAFdY-8.jpg",480,360,false],"neve-blog":["https:\/\/www.lucernatv.cz\/wp-content\/uploads\/2021\/02\/60WlnAFdY-8.jpg",480,360,false]},"uagb_author_info":{"display_name":"lucernatvc","author_link":"https:\/\/www.lucernatv.cz\/index.php\/author\/lucernatvc\/"},"uagb_comment_info":0,"uagb_excerpt":"Kr\u00e1tkometr\u00e1\u017en\u00ed dokument Hrdinov\u00e9 z\u00e1padn\u00ed fronty &#8212; Milan Trunk\u00e1t p\u0159edstavuje osudy \u010deskoslovensk\u00fdch letc\u016f na z\u00e1padn\u00ed front\u011b b\u011bhem 2. sv\u011btov\u00e9 v\u00e1lky na pozad\u00ed p\u016fsobiv\u00e9ho vypr\u00e1v\u011bn\u00ed Milana Trunk\u00e1ta. Pot\u00e9, co utekl p\u0159es Katovice do Velk\u00e9 Brit\u00e1nie, se vyu\u010dil jako leteck\u00fd in\u017een\u00fdr a byl p\u0159i\u0159azen k 460. eskad\u0159e australsk\u00e9 RAF. Trunk\u00e1tovo vypr\u00e1v\u011bn\u00ed doprov\u00e1z\u00ed v\u00fdklad histori\u010dky Jany Hor\u00e1kov\u00e9, kter\u00e1 popisuje&hellip;&nbsp;\u010c\u00edst&hellip;","_links":{"self":[{"href":"https:\/\/www.lucernatv.cz\/index.php\/wp-json\/wp\/v2\/posts\/1311"}],"collection":[{"href":"https:\/\/www.lucernatv.cz\/index.php\/wp-json\/wp\/v2\/posts"}],"about":[{"href":"https:\/\/www.lucernatv.cz\/index.php\/wp-json\/wp\/v2\/types\/post"}],"author":[{"embeddable":true,"href":"https:\/\/www.lucernatv.cz\/index.php\/wp-json\/wp\/v2\/users\/1"}],"replies":[{"embeddable":true,"href":"https:\/\/www.lucernatv.cz\/index.php\/wp-json\/wp\/v2\/comments?post=1311"}],"version-history":[{"count":1,"href":"https:\/\/www.lucernatv.cz\/index.php\/wp-json\/wp\/v2\/posts\/1311\/revisions"}],"predecessor-version":[{"id":1312,"href":"https:\/\/www.lucernatv.cz\/index.php\/wp-json\/wp\/v2\/posts\/1311\/revisions\/1312"}],"wp:featuredmedia":[{"embeddable":true,"href":"https:\/\/www.lucernatv.cz\/index.php\/wp-json\/wp\/v2\/media\/1683"}],"wp:attachment":[{"href":"https:\/\/www.lucernatv.cz\/index.php\/wp-json\/wp\/v2\/media?parent=1311"}],"wp:term":[{"taxonomy":"category","embeddable":true,"href":"https:\/\/www.lucernatv.cz\/index.php\/wp-json\/wp\/v2\/categories?post=1311"},{"taxonomy":"post_tag","embeddable":true,"href":"https:\/\/www.lucernatv.cz\/index.php\/wp-json\/wp\/v2\/tags?post=1311"}],"curies":[{"name":"wp","href":"https:\/\/api.w.org\/{rel}","templated":true}]}}