{"id":1309,"date":"2021-02-12T17:52:49","date_gmt":"2021-02-12T17:52:49","guid":{"rendered":"https:\/\/www.lucernatv.cz\/?p=1309"},"modified":"2021-02-17T00:50:35","modified_gmt":"2021-02-17T00:50:35","slug":"zeny-v-disentu","status":"publish","type":"post","link":"https:\/\/www.lucernatv.cz\/index.php\/2021\/02\/12\/zeny-v-disentu\/","title":{"rendered":"\u017deny v disentu"},"content":{"rendered":"\n<figure class=\"wp-block-embed is-type-video is-provider-youtube wp-block-embed-youtube wp-embed-aspect-16-9 wp-has-aspect-ratio\"><div class=\"wp-block-embed__wrapper\">\n<div class=\"nv-iframe-embed\"><div class=\"arve\" data-mode=\"normal\" data-oembed=\"1\" data-provider=\"youtube\" id=\"arve-youtube-whkoshcznec69f391438f93c300462032\">\n<span class=\"arve-inner\">\n<span class=\"arve-embed arve-embed--has-aspect-ratio\">\n<span class=\"arve-ar\" style=\"padding-top:56.250000%\"><\/span><iframe allow=\"accelerometer; autoplay; clipboard-write; encrypted-media; gyroscope; picture-in-picture\" allowfullscreen class=\"arve-iframe fitvidsignore\" data-arve=\"arve-youtube-whkoshcznec69f391438f93c300462032\" data-src-no-ap=\"https:\/\/www.youtube-nocookie.com\/embed\/wHkosHcZnec?feature=oembed&amp;iv_load_policy=3&amp;modestbranding=1&amp;rel=0&amp;autohide=1&amp;playsinline=0&amp;autoplay=0\" frameborder=\"0\" height=\"0\" sandbox=\"allow-scripts allow-same-origin allow-presentation allow-popups allow-popups-to-escape-sandbox\" scrolling=\"no\" src=\"https:\/\/www.youtube-nocookie.com\/embed\/wHkosHcZnec?feature=oembed&#038;iv_load_policy=3&#038;modestbranding=1&#038;rel=0&#038;autohide=1&#038;playsinline=0&#038;autoplay=0\"><\/iframe>\n\n<\/span>\n\n<\/span>\n<script type=\"application\/ld+json\">{\"@context\":\"http:\\\/\\\/schema.org\\\/\",\"@id\":\"https:\\\/\\\/www.lucernatv.cz\\\/index.php\\\/2021\\\/02\\\/12\\\/zeny-v-disentu\\\/#arve-youtube-whkoshcznec69f391438f93c300462032\",\"type\":\"VideoObject\",\"embedURL\":\"https:\\\/\\\/www.youtube-nocookie.com\\\/embed\\\/wHkosHcZnec?feature=oembed&iv_load_policy=3&modestbranding=1&rel=0&autohide=1&playsinline=0&autoplay=0\"}<\/script>\n<\/div>\n<\/div>\n<\/div><\/figure>\n\n\n\n<p>V tomto filmu se setk\u00e1te se dv\u011bma \u017eenami-disidentkami, Petru\u0161kou \u0160ustrovou a Ji\u0159inou \u0160iklovou. Ka\u017ed\u00e1 zvl\u00e1\u0161\u0165 popisuje roli \u017een v disentu, kter\u00e1 je, jak lze i z jejich vypr\u00e1v\u011bn\u00ed poznat, nepr\u00e1vem opom\u00edjena. Nejen\u017ee byl pom\u011br \u017een a mu\u017e\u016f mezi signat\u00e1\u0159i Charty 77 zhruba stejn\u00fd, v\u011bt\u0161ina mu\u017e\u016f v disentu m\u011bla man\u017eelku. Na t\u011bch \u010dasto spo\u010d\u00edvalo ukl\u00edzen\u00ed po setk\u00e1n\u00edch, policejn\u00edch razi\u00edch, p\u00e9\u010de o dom\u00e1cnost a d\u011bti, kdy\u017e byli man\u017eel\u00e9 uv\u011bzn\u011bni. P\u0159esto se pozornost represivn\u00edho apar\u00e1tu \u017een\u00e1m nevyh\u00fdbala, z\u00e1\u017eitk\u016f z v\u00fdslech\u016f a v\u011bzen\u00ed maj\u00ed dost, m\u011bly dokonce vyvinutou taktiku u v\u00fdslech\u016f a psychick\u00fd obrann\u00fd mechanismus p\u0159i cest\u011b do v\u011bzen\u00ed. P\u0159esto\u017ee nebyly tak \u010dasto zav\u00edr\u00e1ny a u v\u00fdslechu bity, pat\u0159\u00ed jim p\u0159i reflexi disentu stejn\u00fd d\u00edl pozornosti jako mu\u017e\u016fm. Film je dopln\u011bn historickou studi\u00ed, prezentac\u00ed, metodick\u00fdmi materi\u00e1ly a prameny.<\/p>\n\n\n\n<div class=\"wp-block-buttons is-layout-flex\">\n<div class=\"wp-block-button\"><a class=\"wp-block-button__link\" href=\"http:\/\/www.moderni-dejiny.cz\/clanek\/film-zeny-v-disentu-petruska-sustrova-a-jirina-siklova\/\" target=\"_blank\" rel=\"noreferrer noopener\">Metodika \u2013 moderni-dejiny.cz<\/a><\/div>\n<\/div>\n","protected":false},"excerpt":{"rendered":"<p>V tomto filmu se setk\u00e1te se dv\u011bma \u017eenami-disidentkami, Petru\u0161kou \u0160ustrovou a Ji\u0159inou \u0160iklovou. Ka\u017ed\u00e1 zvl\u00e1\u0161\u0165 popisuje roli \u017een v disentu, kter\u00e1 je, jak lze i z jejich vypr\u00e1v\u011bn\u00ed poznat, nepr\u00e1vem opom\u00edjena. Nejen\u017ee byl pom\u011br \u017een a mu\u017e\u016f mezi signat\u00e1\u0159i Charty 77 zhruba stejn\u00fd, v\u011bt\u0161ina mu\u017e\u016f v disentu m\u011bla man\u017eelku. Na t\u011bch \u010dasto spo\u010d\u00edvalo ukl\u00edzen\u00ed po&hellip;&nbsp;<a href=\"https:\/\/www.lucernatv.cz\/index.php\/2021\/02\/12\/zeny-v-disentu\/\" class=\"\" rel=\"bookmark\">\u010c\u00edst d\u00e1le &raquo;<span class=\"screen-reader-text\">\u017deny v disentu<\/span><\/a><\/p>\n","protected":false},"author":1,"featured_media":1684,"comment_status":"closed","ping_status":"open","sticky":false,"template":"","format":"gallery","meta":{"inline_featured_image":false,"_uag_custom_page_level_css":"","neve_meta_sidebar":"","neve_meta_container":"","neve_meta_enable_content_width":"","neve_meta_content_width":0,"neve_meta_title_alignment":"","neve_meta_author_avatar":"","neve_post_elements_order":"","neve_meta_disable_header":"","neve_meta_disable_footer":"","neve_meta_disable_title":"","_vp_format_video_url":"","_vp_image_focal_point":[]},"categories":[15,21,5,4],"tags":[54,24],"yoast_head":"<!-- This site is optimized with the Yoast SEO plugin v20.12 - https:\/\/yoast.com\/wordpress\/plugins\/seo\/ -->\n<title>\u017deny v disentu - lucernatv.cz<\/title>\n<meta name=\"robots\" content=\"index, follow, max-snippet:-1, max-image-preview:large, max-video-preview:-1\" \/>\n<link rel=\"canonical\" href=\"https:\/\/www.lucernatv.cz\/index.php\/2021\/02\/12\/zeny-v-disentu\/\" \/>\n<meta property=\"og:locale\" content=\"cs_CZ\" \/>\n<meta property=\"og:type\" content=\"article\" \/>\n<meta property=\"og:title\" content=\"\u017deny v disentu - lucernatv.cz\" \/>\n<meta property=\"og:description\" content=\"V tomto filmu se setk\u00e1te se dv\u011bma \u017eenami-disidentkami, Petru\u0161kou \u0160ustrovou a Ji\u0159inou \u0160iklovou. Ka\u017ed\u00e1 zvl\u00e1\u0161\u0165 popisuje roli \u017een v disentu, kter\u00e1 je, jak lze i z jejich vypr\u00e1v\u011bn\u00ed poznat, nepr\u00e1vem opom\u00edjena. Nejen\u017ee byl pom\u011br \u017een a mu\u017e\u016f mezi signat\u00e1\u0159i Charty 77 zhruba stejn\u00fd, v\u011bt\u0161ina mu\u017e\u016f v disentu m\u011bla man\u017eelku. Na t\u011bch \u010dasto spo\u010d\u00edvalo ukl\u00edzen\u00ed po&hellip;&nbsp;\u010c\u00edst d\u00e1le &raquo;\u017deny v disentu\" \/>\n<meta property=\"og:url\" content=\"https:\/\/www.lucernatv.cz\/index.php\/2021\/02\/12\/zeny-v-disentu\/\" \/>\n<meta property=\"og:site_name\" content=\"lucernatv.cz\" \/>\n<meta property=\"article:publisher\" content=\"https:\/\/www.facebook.com\/avtopava\" \/>\n<meta property=\"article:published_time\" content=\"2021-02-12T17:52:49+00:00\" \/>\n<meta property=\"article:modified_time\" content=\"2021-02-17T00:50:35+00:00\" \/>\n<meta property=\"og:image\" content=\"https:\/\/www.lucernatv.cz\/wp-content\/uploads\/2021\/02\/wHkosHcZnec.jpg\" \/>\n\t<meta property=\"og:image:width\" content=\"1048\" \/>\n\t<meta property=\"og:image:height\" content=\"576\" \/>\n\t<meta property=\"og:image:type\" content=\"image\/jpeg\" \/>\n<meta name=\"author\" content=\"lucernatvc\" \/>\n<meta name=\"twitter:card\" content=\"summary_large_image\" \/>\n<meta name=\"twitter:label1\" content=\"Napsal(a)\" \/>\n\t<meta name=\"twitter:data1\" content=\"lucernatvc\" \/>\n\t<meta name=\"twitter:label2\" content=\"Odhadovan\u00e1 doba \u010dten\u00ed\" \/>\n\t<meta name=\"twitter:data2\" content=\"1 minuta\" \/>\n<script type=\"application\/ld+json\" class=\"yoast-schema-graph\">{\"@context\":\"https:\/\/schema.org\",\"@graph\":[{\"@type\":\"Article\",\"@id\":\"https:\/\/www.lucernatv.cz\/index.php\/2021\/02\/12\/zeny-v-disentu\/#article\",\"isPartOf\":{\"@id\":\"https:\/\/www.lucernatv.cz\/index.php\/2021\/02\/12\/zeny-v-disentu\/\"},\"author\":{\"name\":\"lucernatvc\",\"@id\":\"https:\/\/www.lucernatv.cz\/#\/schema\/person\/fdc6b3778fe63c82ba7479978ad159ad\"},\"headline\":\"\u017deny v disentu\",\"datePublished\":\"2021-02-12T17:52:49+00:00\",\"dateModified\":\"2021-02-17T00:50:35+00:00\",\"mainEntityOfPage\":{\"@id\":\"https:\/\/www.lucernatv.cz\/index.php\/2021\/02\/12\/zeny-v-disentu\/\"},\"wordCount\":188,\"publisher\":{\"@id\":\"https:\/\/www.lucernatv.cz\/#organization\"},\"keywords\":[\"D\u011bjiny na vlastn\u00ed k\u016f\u017ei\",\"dokument\"],\"articleSection\":[\"historie\",\"osobnosti\",\"Spole\u010dnost\",\"V\u011bda\"],\"inLanguage\":\"cs\"},{\"@type\":\"WebPage\",\"@id\":\"https:\/\/www.lucernatv.cz\/index.php\/2021\/02\/12\/zeny-v-disentu\/\",\"url\":\"https:\/\/www.lucernatv.cz\/index.php\/2021\/02\/12\/zeny-v-disentu\/\",\"name\":\"\u017deny v disentu - lucernatv.cz\",\"isPartOf\":{\"@id\":\"https:\/\/www.lucernatv.cz\/#website\"},\"datePublished\":\"2021-02-12T17:52:49+00:00\",\"dateModified\":\"2021-02-17T00:50:35+00:00\",\"breadcrumb\":{\"@id\":\"https:\/\/www.lucernatv.cz\/index.php\/2021\/02\/12\/zeny-v-disentu\/#breadcrumb\"},\"inLanguage\":\"cs\",\"potentialAction\":[{\"@type\":\"ReadAction\",\"target\":[\"https:\/\/www.lucernatv.cz\/index.php\/2021\/02\/12\/zeny-v-disentu\/\"]}]},{\"@type\":\"BreadcrumbList\",\"@id\":\"https:\/\/www.lucernatv.cz\/index.php\/2021\/02\/12\/zeny-v-disentu\/#breadcrumb\",\"itemListElement\":[{\"@type\":\"ListItem\",\"position\":1,\"name\":\"Dom\u016f\",\"item\":\"https:\/\/www.lucernatv.cz\/\"},{\"@type\":\"ListItem\",\"position\":2,\"name\":\"\u017deny v disentu\"}]},{\"@type\":\"WebSite\",\"@id\":\"https:\/\/www.lucernatv.cz\/#website\",\"url\":\"https:\/\/www.lucernatv.cz\/\",\"name\":\"lucernatv.cz\",\"description\":\"Vzd\u011bl\u00e1vac\u00ed televize\",\"publisher\":{\"@id\":\"https:\/\/www.lucernatv.cz\/#organization\"},\"alternateName\":\"Lucerna TV\",\"potentialAction\":[{\"@type\":\"SearchAction\",\"target\":{\"@type\":\"EntryPoint\",\"urlTemplate\":\"https:\/\/www.lucernatv.cz\/?s={search_term_string}\"},\"query-input\":\"required name=search_term_string\"}],\"inLanguage\":\"cs\"},{\"@type\":\"Organization\",\"@id\":\"https:\/\/www.lucernatv.cz\/#organization\",\"name\":\"Lucerna TV\",\"url\":\"https:\/\/www.lucernatv.cz\/\",\"logo\":{\"@type\":\"ImageObject\",\"inLanguage\":\"cs\",\"@id\":\"https:\/\/www.lucernatv.cz\/#\/schema\/logo\/image\/\",\"url\":\"https:\/\/www.lucernatv.cz\/wp-content\/uploads\/2021\/02\/logo.svg\",\"contentUrl\":\"https:\/\/www.lucernatv.cz\/wp-content\/uploads\/2021\/02\/logo.svg\",\"width\":128,\"height\":41,\"caption\":\"Lucerna TV\"},\"image\":{\"@id\":\"https:\/\/www.lucernatv.cz\/#\/schema\/logo\/image\/\"},\"sameAs\":[\"https:\/\/www.facebook.com\/avtopava\",\"https:\/\/www.youtube.com\/channel\/UCtP8PPWG9JatWSMsKMOvdDg\"]},{\"@type\":\"Person\",\"@id\":\"https:\/\/www.lucernatv.cz\/#\/schema\/person\/fdc6b3778fe63c82ba7479978ad159ad\",\"name\":\"lucernatvc\",\"image\":{\"@type\":\"ImageObject\",\"inLanguage\":\"cs\",\"@id\":\"https:\/\/www.lucernatv.cz\/#\/schema\/person\/image\/\",\"url\":\"https:\/\/secure.gravatar.com\/avatar\/5b7905a95103f5227c1afd8b2a10f058?s=96&d=mm&r=g\",\"contentUrl\":\"https:\/\/secure.gravatar.com\/avatar\/5b7905a95103f5227c1afd8b2a10f058?s=96&d=mm&r=g\",\"caption\":\"lucernatvc\"},\"url\":\"https:\/\/www.lucernatv.cz\/index.php\/author\/lucernatvc\/\"}]}<\/script>\n<!-- \/ Yoast SEO plugin. -->","yoast_head_json":{"title":"\u017deny v disentu - lucernatv.cz","robots":{"index":"index","follow":"follow","max-snippet":"max-snippet:-1","max-image-preview":"max-image-preview:large","max-video-preview":"max-video-preview:-1"},"canonical":"https:\/\/www.lucernatv.cz\/index.php\/2021\/02\/12\/zeny-v-disentu\/","og_locale":"cs_CZ","og_type":"article","og_title":"\u017deny v disentu - lucernatv.cz","og_description":"V tomto filmu se setk\u00e1te se dv\u011bma \u017eenami-disidentkami, Petru\u0161kou \u0160ustrovou a Ji\u0159inou \u0160iklovou. Ka\u017ed\u00e1 zvl\u00e1\u0161\u0165 popisuje roli \u017een v disentu, kter\u00e1 je, jak lze i z jejich vypr\u00e1v\u011bn\u00ed poznat, nepr\u00e1vem opom\u00edjena. Nejen\u017ee byl pom\u011br \u017een a mu\u017e\u016f mezi signat\u00e1\u0159i Charty 77 zhruba stejn\u00fd, v\u011bt\u0161ina mu\u017e\u016f v disentu m\u011bla man\u017eelku. Na t\u011bch \u010dasto spo\u010d\u00edvalo ukl\u00edzen\u00ed po&hellip;&nbsp;\u010c\u00edst d\u00e1le &raquo;\u017deny v disentu","og_url":"https:\/\/www.lucernatv.cz\/index.php\/2021\/02\/12\/zeny-v-disentu\/","og_site_name":"lucernatv.cz","article_publisher":"https:\/\/www.facebook.com\/avtopava","article_published_time":"2021-02-12T17:52:49+00:00","article_modified_time":"2021-02-17T00:50:35+00:00","og_image":[{"width":1048,"height":576,"url":"https:\/\/www.lucernatv.cz\/wp-content\/uploads\/2021\/02\/wHkosHcZnec.jpg","type":"image\/jpeg"}],"author":"lucernatvc","twitter_card":"summary_large_image","twitter_misc":{"Napsal(a)":"lucernatvc","Odhadovan\u00e1 doba \u010dten\u00ed":"1 minuta"},"schema":{"@context":"https:\/\/schema.org","@graph":[{"@type":"Article","@id":"https:\/\/www.lucernatv.cz\/index.php\/2021\/02\/12\/zeny-v-disentu\/#article","isPartOf":{"@id":"https:\/\/www.lucernatv.cz\/index.php\/2021\/02\/12\/zeny-v-disentu\/"},"author":{"name":"lucernatvc","@id":"https:\/\/www.lucernatv.cz\/#\/schema\/person\/fdc6b3778fe63c82ba7479978ad159ad"},"headline":"\u017deny v disentu","datePublished":"2021-02-12T17:52:49+00:00","dateModified":"2021-02-17T00:50:35+00:00","mainEntityOfPage":{"@id":"https:\/\/www.lucernatv.cz\/index.php\/2021\/02\/12\/zeny-v-disentu\/"},"wordCount":188,"publisher":{"@id":"https:\/\/www.lucernatv.cz\/#organization"},"keywords":["D\u011bjiny na vlastn\u00ed k\u016f\u017ei","dokument"],"articleSection":["historie","osobnosti","Spole\u010dnost","V\u011bda"],"inLanguage":"cs"},{"@type":"WebPage","@id":"https:\/\/www.lucernatv.cz\/index.php\/2021\/02\/12\/zeny-v-disentu\/","url":"https:\/\/www.lucernatv.cz\/index.php\/2021\/02\/12\/zeny-v-disentu\/","name":"\u017deny v disentu - lucernatv.cz","isPartOf":{"@id":"https:\/\/www.lucernatv.cz\/#website"},"datePublished":"2021-02-12T17:52:49+00:00","dateModified":"2021-02-17T00:50:35+00:00","breadcrumb":{"@id":"https:\/\/www.lucernatv.cz\/index.php\/2021\/02\/12\/zeny-v-disentu\/#breadcrumb"},"inLanguage":"cs","potentialAction":[{"@type":"ReadAction","target":["https:\/\/www.lucernatv.cz\/index.php\/2021\/02\/12\/zeny-v-disentu\/"]}]},{"@type":"BreadcrumbList","@id":"https:\/\/www.lucernatv.cz\/index.php\/2021\/02\/12\/zeny-v-disentu\/#breadcrumb","itemListElement":[{"@type":"ListItem","position":1,"name":"Dom\u016f","item":"https:\/\/www.lucernatv.cz\/"},{"@type":"ListItem","position":2,"name":"\u017deny v disentu"}]},{"@type":"WebSite","@id":"https:\/\/www.lucernatv.cz\/#website","url":"https:\/\/www.lucernatv.cz\/","name":"lucernatv.cz","description":"Vzd\u011bl\u00e1vac\u00ed televize","publisher":{"@id":"https:\/\/www.lucernatv.cz\/#organization"},"alternateName":"Lucerna TV","potentialAction":[{"@type":"SearchAction","target":{"@type":"EntryPoint","urlTemplate":"https:\/\/www.lucernatv.cz\/?s={search_term_string}"},"query-input":"required name=search_term_string"}],"inLanguage":"cs"},{"@type":"Organization","@id":"https:\/\/www.lucernatv.cz\/#organization","name":"Lucerna TV","url":"https:\/\/www.lucernatv.cz\/","logo":{"@type":"ImageObject","inLanguage":"cs","@id":"https:\/\/www.lucernatv.cz\/#\/schema\/logo\/image\/","url":"https:\/\/www.lucernatv.cz\/wp-content\/uploads\/2021\/02\/logo.svg","contentUrl":"https:\/\/www.lucernatv.cz\/wp-content\/uploads\/2021\/02\/logo.svg","width":128,"height":41,"caption":"Lucerna TV"},"image":{"@id":"https:\/\/www.lucernatv.cz\/#\/schema\/logo\/image\/"},"sameAs":["https:\/\/www.facebook.com\/avtopava","https:\/\/www.youtube.com\/channel\/UCtP8PPWG9JatWSMsKMOvdDg"]},{"@type":"Person","@id":"https:\/\/www.lucernatv.cz\/#\/schema\/person\/fdc6b3778fe63c82ba7479978ad159ad","name":"lucernatvc","image":{"@type":"ImageObject","inLanguage":"cs","@id":"https:\/\/www.lucernatv.cz\/#\/schema\/person\/image\/","url":"https:\/\/secure.gravatar.com\/avatar\/5b7905a95103f5227c1afd8b2a10f058?s=96&d=mm&r=g","contentUrl":"https:\/\/secure.gravatar.com\/avatar\/5b7905a95103f5227c1afd8b2a10f058?s=96&d=mm&r=g","caption":"lucernatvc"},"url":"https:\/\/www.lucernatv.cz\/index.php\/author\/lucernatvc\/"}]}},"uagb_featured_image_src":{"full":["https:\/\/www.lucernatv.cz\/wp-content\/uploads\/2021\/02\/wHkosHcZnec.jpg",1048,576,false],"thumbnail":["https:\/\/www.lucernatv.cz\/wp-content\/uploads\/2021\/02\/wHkosHcZnec-150x150.jpg",150,150,true],"medium":["https:\/\/www.lucernatv.cz\/wp-content\/uploads\/2021\/02\/wHkosHcZnec-300x165.jpg",300,165,true],"medium_large":["https:\/\/www.lucernatv.cz\/wp-content\/uploads\/2021\/02\/wHkosHcZnec-768x422.jpg",768,422,true],"large":["https:\/\/www.lucernatv.cz\/wp-content\/uploads\/2021\/02\/wHkosHcZnec.jpg",1048,576,false],"1536x1536":["https:\/\/www.lucernatv.cz\/wp-content\/uploads\/2021\/02\/wHkosHcZnec.jpg",1048,576,false],"2048x2048":["https:\/\/www.lucernatv.cz\/wp-content\/uploads\/2021\/02\/wHkosHcZnec.jpg",1048,576,false],"ultp_layout_landscape_large":["https:\/\/www.lucernatv.cz\/wp-content\/uploads\/2021\/02\/wHkosHcZnec.jpg",1048,576,false],"ultp_layout_landscape":["https:\/\/www.lucernatv.cz\/wp-content\/uploads\/2021\/02\/wHkosHcZnec.jpg",870,478,false],"ultp_layout_portrait":["https:\/\/www.lucernatv.cz\/wp-content\/uploads\/2021\/02\/wHkosHcZnec.jpg",600,330,false],"ultp_layout_square":["https:\/\/www.lucernatv.cz\/wp-content\/uploads\/2021\/02\/wHkosHcZnec.jpg",600,330,false],"vp_sm":["https:\/\/www.lucernatv.cz\/wp-content\/uploads\/2021\/02\/wHkosHcZnec-500x275.jpg",500,275,true],"vp_md":["https:\/\/www.lucernatv.cz\/wp-content\/uploads\/2021\/02\/wHkosHcZnec-800x440.jpg",800,440,true],"vp_lg":["https:\/\/www.lucernatv.cz\/wp-content\/uploads\/2021\/02\/wHkosHcZnec.jpg",1048,576,false],"vp_xl":["https:\/\/www.lucernatv.cz\/wp-content\/uploads\/2021\/02\/wHkosHcZnec.jpg",1048,576,false],"vp_sm_popup":["https:\/\/www.lucernatv.cz\/wp-content\/uploads\/2021\/02\/wHkosHcZnec-500x275.jpg",500,275,true],"vp_md_popup":["https:\/\/www.lucernatv.cz\/wp-content\/uploads\/2021\/02\/wHkosHcZnec-800x440.jpg",800,440,true],"vp_xl_popup":["https:\/\/www.lucernatv.cz\/wp-content\/uploads\/2021\/02\/wHkosHcZnec.jpg",1048,576,false],"neve-blog":["https:\/\/www.lucernatv.cz\/wp-content\/uploads\/2021\/02\/wHkosHcZnec.jpg",930,511,false]},"uagb_author_info":{"display_name":"lucernatvc","author_link":"https:\/\/www.lucernatv.cz\/index.php\/author\/lucernatvc\/"},"uagb_comment_info":0,"uagb_excerpt":"V tomto filmu se setk\u00e1te se dv\u011bma \u017eenami-disidentkami, Petru\u0161kou \u0160ustrovou a Ji\u0159inou \u0160iklovou. Ka\u017ed\u00e1 zvl\u00e1\u0161\u0165 popisuje roli \u017een v disentu, kter\u00e1 je, jak lze i z jejich vypr\u00e1v\u011bn\u00ed poznat, nepr\u00e1vem opom\u00edjena. Nejen\u017ee byl pom\u011br \u017een a mu\u017e\u016f mezi signat\u00e1\u0159i Charty 77 zhruba stejn\u00fd, v\u011bt\u0161ina mu\u017e\u016f v disentu m\u011bla man\u017eelku. Na t\u011bch \u010dasto spo\u010d\u00edvalo ukl\u00edzen\u00ed po&hellip;&nbsp;\u010c\u00edst&hellip;","_links":{"self":[{"href":"https:\/\/www.lucernatv.cz\/index.php\/wp-json\/wp\/v2\/posts\/1309"}],"collection":[{"href":"https:\/\/www.lucernatv.cz\/index.php\/wp-json\/wp\/v2\/posts"}],"about":[{"href":"https:\/\/www.lucernatv.cz\/index.php\/wp-json\/wp\/v2\/types\/post"}],"author":[{"embeddable":true,"href":"https:\/\/www.lucernatv.cz\/index.php\/wp-json\/wp\/v2\/users\/1"}],"replies":[{"embeddable":true,"href":"https:\/\/www.lucernatv.cz\/index.php\/wp-json\/wp\/v2\/comments?post=1309"}],"version-history":[{"count":1,"href":"https:\/\/www.lucernatv.cz\/index.php\/wp-json\/wp\/v2\/posts\/1309\/revisions"}],"predecessor-version":[{"id":1310,"href":"https:\/\/www.lucernatv.cz\/index.php\/wp-json\/wp\/v2\/posts\/1309\/revisions\/1310"}],"wp:featuredmedia":[{"embeddable":true,"href":"https:\/\/www.lucernatv.cz\/index.php\/wp-json\/wp\/v2\/media\/1684"}],"wp:attachment":[{"href":"https:\/\/www.lucernatv.cz\/index.php\/wp-json\/wp\/v2\/media?parent=1309"}],"wp:term":[{"taxonomy":"category","embeddable":true,"href":"https:\/\/www.lucernatv.cz\/index.php\/wp-json\/wp\/v2\/categories?post=1309"},{"taxonomy":"post_tag","embeddable":true,"href":"https:\/\/www.lucernatv.cz\/index.php\/wp-json\/wp\/v2\/tags?post=1309"}],"curies":[{"name":"wp","href":"https:\/\/api.w.org\/{rel}","templated":true}]}}