{"id":1307,"date":"2021-02-12T17:51:17","date_gmt":"2021-02-12T17:51:17","guid":{"rendered":"https:\/\/www.lucernatv.cz\/?p=1307"},"modified":"2021-02-17T00:47:25","modified_gmt":"2021-02-17T00:47:25","slug":"sudety-protrhnout-vrstvu-lhostejnosti","status":"publish","type":"post","link":"https:\/\/www.lucernatv.cz\/index.php\/2021\/02\/12\/sudety-protrhnout-vrstvu-lhostejnosti\/","title":{"rendered":"Sudety \u2013 protrhnout vrstvu lhostejnosti"},"content":{"rendered":"\n<figure class=\"wp-block-embed is-type-video is-provider-youtube wp-block-embed-youtube wp-embed-aspect-16-9 wp-has-aspect-ratio\"><div class=\"wp-block-embed__wrapper\">\n<div class=\"nv-iframe-embed\"><div class=\"arve\" data-mode=\"normal\" data-oembed=\"1\" data-provider=\"youtube\" id=\"arve-youtube-nfs0fevaxuw69f3914635eb3308923656\">\n<span class=\"arve-inner\">\n<span class=\"arve-embed arve-embed--has-aspect-ratio\">\n<span class=\"arve-ar\" style=\"padding-top:56.250000%\"><\/span><iframe allow=\"accelerometer; autoplay; clipboard-write; encrypted-media; gyroscope; picture-in-picture\" allowfullscreen class=\"arve-iframe fitvidsignore\" data-arve=\"arve-youtube-nfs0fevaxuw69f3914635eb3308923656\" data-src-no-ap=\"https:\/\/www.youtube-nocookie.com\/embed\/Nfs0fevAXuw?feature=oembed&amp;iv_load_policy=3&amp;modestbranding=1&amp;rel=0&amp;autohide=1&amp;playsinline=0&amp;autoplay=0\" frameborder=\"0\" height=\"0\" sandbox=\"allow-scripts allow-same-origin allow-presentation allow-popups allow-popups-to-escape-sandbox\" scrolling=\"no\" src=\"https:\/\/www.youtube-nocookie.com\/embed\/Nfs0fevAXuw?feature=oembed&#038;iv_load_policy=3&#038;modestbranding=1&#038;rel=0&#038;autohide=1&#038;playsinline=0&#038;autoplay=0\"><\/iframe>\n\n<\/span>\n\n<\/span>\n<script type=\"application\/ld+json\">{\"@context\":\"http:\\\/\\\/schema.org\\\/\",\"@id\":\"https:\\\/\\\/www.lucernatv.cz\\\/index.php\\\/2021\\\/02\\\/12\\\/sudety-protrhnout-vrstvu-lhostejnosti\\\/#arve-youtube-nfs0fevaxuw69f3914635eb3308923656\",\"type\":\"VideoObject\",\"embedURL\":\"https:\\\/\\\/www.youtube-nocookie.com\\\/embed\\\/Nfs0fevAXuw?feature=oembed&iv_load_policy=3&modestbranding=1&rel=0&autohide=1&playsinline=0&autoplay=0\"}<\/script>\n<\/div>\n<\/div>\n<\/div><\/figure>\n\n\n\n<p>Kr\u00e1tk\u00fd dokument\u00e1rn\u00ed film Sudety &#8212; protrhnout vrstvu lhostejnosti se zam\u011b\u0159uje na pov\u00e1le\u010dn\u00e9 vyhn\u00e1n\u00ed N\u011bmc\u016f z \u010ceskoslovenska optikou t\u0159\u00ed pam\u011btnic. Liselotte \u017didov\u00e1, Marlene Wetzel Hackspacher a Helga Heller, v dob\u011b odsunu mlad\u00e9 d\u00edvky, popisuj\u00ed \u010desko-n\u011bmeck\u00e9 vztahy p\u0159ed v\u00e1lkou r\u016fzn\u011b &#8212; podle jedn\u00e9 byli N\u011bmci p\u0159ed v\u00e1lkou znev\u00fdhodn\u011bni a cht\u011bli si udr\u017eet vlastn\u00ed kulturu, podle druh\u00e9 byly vztahy dobr\u00e9 &#8212; \u010ce\u0161i byli s N\u011bmci po prvn\u00ed sv\u011btov\u00e9 v\u00e1lce jeden n\u00e1rod. L\u00ed\u010den\u00ed ud\u00e1lost\u00ed pov\u00e1le\u010dn\u00fdch je ji\u017e homogenn\u00ed. Jako prvn\u00ed nastupuje atmosf\u00e9ra strachu v o\u010dek\u00e1v\u00e1n\u00ed, jak s nimi bude nalo\u017eeno, pot\u00e9 hektick\u00fd odsun na shroma\u017edi\u0161t\u011b, p\u0159i kter\u00e9m m\u011bli sudet\u0161t\u00ed N\u011bmci p\u00e1r hodin na sbalen\u00ed v\u011bc\u00ed s limitem 60 kg, a odvoz do N\u011bmecka v dobyt\u010d\u00edch vagonech. Tam je \u010dekalo pouze chladn\u00e9 p\u0159ijet\u00ed ze strany domorod\u00e9ho obyvatelstva, pro kter\u00e9 byli ute\u010denci ub\u00edraj\u00edc\u00ed N\u011bmc\u016fm pr\u00e1ci. \u010cekala je hmotn\u00e1 nouze, \u00famorn\u00e1 pr\u00e1ce p\u0159i odkl\u00edzen\u00ed sutin a nedostatek j\u00eddla. D\u00edky sv\u00e9 pracovitosti si v\u0161ak po letech z\u00edskali d\u016fv\u011bru m\u00edstn\u00edho obyvatelstva. Sd\u00edlen\u00fdm pocitem u v\u0161ech t\u0159\u00ed \u017een je nepochopen\u00ed d\u016fvod\u016f vyhn\u00e1n\u00ed, odsouzen\u00ed kolektivn\u00edho obvin\u011bn\u00ed N\u011bmc\u016f a smutek ze sou\u010dasn\u00e9ho schvalov\u00e1n\u00ed odsunu v \u010cesku &#8212; proto\u017ee, jak na z\u00e1v\u011br konstatuje Liselotte \u017didov\u00e1, zapomenout v\u00e1le\u010dn\u00e9 ud\u00e1losti nen\u00ed mo\u017en\u00e9, je v\u0161ak mo\u017en\u00e9 odpustit. A od odpu\u0161t\u011bn\u00ed u\u017e je jen kousek ke sm\u00ed\u0159en\u00ed. Film je dopln\u011bn historickou studi\u00ed, prezentac\u00ed, metodick\u00fdmi materi\u00e1ly a prameny.<\/p>\n\n\n\n<div class=\"wp-block-buttons is-layout-flex\">\n<div class=\"wp-block-button\"><a class=\"wp-block-button__link\" href=\"http:\/\/www.moderni-dejiny.cz\/clanek\/film-sudety-protrhnout-vrstvu-lhostejnosti\/\" target=\"_blank\" rel=\"noreferrer noopener\">Metodika \u2013 moderni-dejiny.cz<\/a><\/div>\n<\/div>\n","protected":false},"excerpt":{"rendered":"<p>Kr\u00e1tk\u00fd dokument\u00e1rn\u00ed film Sudety &#8212; protrhnout vrstvu lhostejnosti se zam\u011b\u0159uje na pov\u00e1le\u010dn\u00e9 vyhn\u00e1n\u00ed N\u011bmc\u016f z \u010ceskoslovenska optikou t\u0159\u00ed pam\u011btnic. Liselotte \u017didov\u00e1, Marlene Wetzel Hackspacher a Helga Heller, v dob\u011b odsunu mlad\u00e9 d\u00edvky, popisuj\u00ed \u010desko-n\u011bmeck\u00e9 vztahy p\u0159ed v\u00e1lkou r\u016fzn\u011b &#8212; podle jedn\u00e9 byli N\u011bmci p\u0159ed v\u00e1lkou znev\u00fdhodn\u011bni a cht\u011bli si udr\u017eet vlastn\u00ed kulturu, podle druh\u00e9 byly&hellip;&nbsp;<a href=\"https:\/\/www.lucernatv.cz\/index.php\/2021\/02\/12\/sudety-protrhnout-vrstvu-lhostejnosti\/\" class=\"\" rel=\"bookmark\">\u010c\u00edst d\u00e1le &raquo;<span class=\"screen-reader-text\">Sudety \u2013 protrhnout vrstvu lhostejnosti<\/span><\/a><\/p>\n","protected":false},"author":1,"featured_media":1678,"comment_status":"closed","ping_status":"open","sticky":false,"template":"","format":"gallery","meta":{"inline_featured_image":false,"_uag_custom_page_level_css":"","neve_meta_sidebar":"","neve_meta_container":"","neve_meta_enable_content_width":"","neve_meta_content_width":0,"neve_meta_title_alignment":"","neve_meta_author_avatar":"","neve_post_elements_order":"","neve_meta_disable_header":"","neve_meta_disable_footer":"","neve_meta_disable_title":"","_vp_format_video_url":"","_vp_image_focal_point":[]},"categories":[15,21,5,4],"tags":[54,24],"yoast_head":"<!-- This site is optimized with the Yoast SEO plugin v20.12 - https:\/\/yoast.com\/wordpress\/plugins\/seo\/ -->\n<title>Sudety \u2013 protrhnout vrstvu lhostejnosti - lucernatv.cz<\/title>\n<meta name=\"robots\" content=\"index, follow, max-snippet:-1, max-image-preview:large, max-video-preview:-1\" \/>\n<link rel=\"canonical\" href=\"https:\/\/www.lucernatv.cz\/index.php\/2021\/02\/12\/sudety-protrhnout-vrstvu-lhostejnosti\/\" \/>\n<meta property=\"og:locale\" content=\"cs_CZ\" \/>\n<meta property=\"og:type\" content=\"article\" \/>\n<meta property=\"og:title\" content=\"Sudety \u2013 protrhnout vrstvu lhostejnosti - lucernatv.cz\" \/>\n<meta property=\"og:description\" content=\"Kr\u00e1tk\u00fd dokument\u00e1rn\u00ed film Sudety &#8212; protrhnout vrstvu lhostejnosti se zam\u011b\u0159uje na pov\u00e1le\u010dn\u00e9 vyhn\u00e1n\u00ed N\u011bmc\u016f z \u010ceskoslovenska optikou t\u0159\u00ed pam\u011btnic. Liselotte \u017didov\u00e1, Marlene Wetzel Hackspacher a Helga Heller, v dob\u011b odsunu mlad\u00e9 d\u00edvky, popisuj\u00ed \u010desko-n\u011bmeck\u00e9 vztahy p\u0159ed v\u00e1lkou r\u016fzn\u011b &#8212; podle jedn\u00e9 byli N\u011bmci p\u0159ed v\u00e1lkou znev\u00fdhodn\u011bni a cht\u011bli si udr\u017eet vlastn\u00ed kulturu, podle druh\u00e9 byly&hellip;&nbsp;\u010c\u00edst d\u00e1le &raquo;Sudety \u2013 protrhnout vrstvu lhostejnosti\" \/>\n<meta property=\"og:url\" content=\"https:\/\/www.lucernatv.cz\/index.php\/2021\/02\/12\/sudety-protrhnout-vrstvu-lhostejnosti\/\" \/>\n<meta property=\"og:site_name\" content=\"lucernatv.cz\" \/>\n<meta property=\"article:publisher\" content=\"https:\/\/www.facebook.com\/avtopava\" \/>\n<meta property=\"article:published_time\" content=\"2021-02-12T17:51:17+00:00\" \/>\n<meta property=\"article:modified_time\" content=\"2021-02-17T00:47:25+00:00\" \/>\n<meta property=\"og:image\" content=\"https:\/\/www.lucernatv.cz\/wp-content\/uploads\/2021\/02\/Nfs0fevAXuw.jpg\" \/>\n\t<meta property=\"og:image:width\" content=\"480\" \/>\n\t<meta property=\"og:image:height\" content=\"360\" \/>\n\t<meta property=\"og:image:type\" content=\"image\/jpeg\" \/>\n<meta name=\"author\" content=\"lucernatvc\" \/>\n<meta name=\"twitter:card\" content=\"summary_large_image\" \/>\n<meta name=\"twitter:label1\" content=\"Napsal(a)\" \/>\n\t<meta name=\"twitter:data1\" content=\"lucernatvc\" \/>\n\t<meta name=\"twitter:label2\" content=\"Odhadovan\u00e1 doba \u010dten\u00ed\" \/>\n\t<meta name=\"twitter:data2\" content=\"2 minuty\" \/>\n<script type=\"application\/ld+json\" class=\"yoast-schema-graph\">{\"@context\":\"https:\/\/schema.org\",\"@graph\":[{\"@type\":\"Article\",\"@id\":\"https:\/\/www.lucernatv.cz\/index.php\/2021\/02\/12\/sudety-protrhnout-vrstvu-lhostejnosti\/#article\",\"isPartOf\":{\"@id\":\"https:\/\/www.lucernatv.cz\/index.php\/2021\/02\/12\/sudety-protrhnout-vrstvu-lhostejnosti\/\"},\"author\":{\"name\":\"lucernatvc\",\"@id\":\"https:\/\/www.lucernatv.cz\/#\/schema\/person\/fdc6b3778fe63c82ba7479978ad159ad\"},\"headline\":\"Sudety \u2013 protrhnout vrstvu lhostejnosti\",\"datePublished\":\"2021-02-12T17:51:17+00:00\",\"dateModified\":\"2021-02-17T00:47:25+00:00\",\"mainEntityOfPage\":{\"@id\":\"https:\/\/www.lucernatv.cz\/index.php\/2021\/02\/12\/sudety-protrhnout-vrstvu-lhostejnosti\/\"},\"wordCount\":315,\"publisher\":{\"@id\":\"https:\/\/www.lucernatv.cz\/#organization\"},\"keywords\":[\"D\u011bjiny na vlastn\u00ed k\u016f\u017ei\",\"dokument\"],\"articleSection\":[\"historie\",\"osobnosti\",\"Spole\u010dnost\",\"V\u011bda\"],\"inLanguage\":\"cs\"},{\"@type\":\"WebPage\",\"@id\":\"https:\/\/www.lucernatv.cz\/index.php\/2021\/02\/12\/sudety-protrhnout-vrstvu-lhostejnosti\/\",\"url\":\"https:\/\/www.lucernatv.cz\/index.php\/2021\/02\/12\/sudety-protrhnout-vrstvu-lhostejnosti\/\",\"name\":\"Sudety \u2013 protrhnout vrstvu lhostejnosti - lucernatv.cz\",\"isPartOf\":{\"@id\":\"https:\/\/www.lucernatv.cz\/#website\"},\"datePublished\":\"2021-02-12T17:51:17+00:00\",\"dateModified\":\"2021-02-17T00:47:25+00:00\",\"breadcrumb\":{\"@id\":\"https:\/\/www.lucernatv.cz\/index.php\/2021\/02\/12\/sudety-protrhnout-vrstvu-lhostejnosti\/#breadcrumb\"},\"inLanguage\":\"cs\",\"potentialAction\":[{\"@type\":\"ReadAction\",\"target\":[\"https:\/\/www.lucernatv.cz\/index.php\/2021\/02\/12\/sudety-protrhnout-vrstvu-lhostejnosti\/\"]}]},{\"@type\":\"BreadcrumbList\",\"@id\":\"https:\/\/www.lucernatv.cz\/index.php\/2021\/02\/12\/sudety-protrhnout-vrstvu-lhostejnosti\/#breadcrumb\",\"itemListElement\":[{\"@type\":\"ListItem\",\"position\":1,\"name\":\"Dom\u016f\",\"item\":\"https:\/\/www.lucernatv.cz\/\"},{\"@type\":\"ListItem\",\"position\":2,\"name\":\"Sudety \u2013 protrhnout vrstvu lhostejnosti\"}]},{\"@type\":\"WebSite\",\"@id\":\"https:\/\/www.lucernatv.cz\/#website\",\"url\":\"https:\/\/www.lucernatv.cz\/\",\"name\":\"lucernatv.cz\",\"description\":\"Vzd\u011bl\u00e1vac\u00ed televize\",\"publisher\":{\"@id\":\"https:\/\/www.lucernatv.cz\/#organization\"},\"alternateName\":\"Lucerna TV\",\"potentialAction\":[{\"@type\":\"SearchAction\",\"target\":{\"@type\":\"EntryPoint\",\"urlTemplate\":\"https:\/\/www.lucernatv.cz\/?s={search_term_string}\"},\"query-input\":\"required name=search_term_string\"}],\"inLanguage\":\"cs\"},{\"@type\":\"Organization\",\"@id\":\"https:\/\/www.lucernatv.cz\/#organization\",\"name\":\"Lucerna TV\",\"url\":\"https:\/\/www.lucernatv.cz\/\",\"logo\":{\"@type\":\"ImageObject\",\"inLanguage\":\"cs\",\"@id\":\"https:\/\/www.lucernatv.cz\/#\/schema\/logo\/image\/\",\"url\":\"https:\/\/www.lucernatv.cz\/wp-content\/uploads\/2021\/02\/logo.svg\",\"contentUrl\":\"https:\/\/www.lucernatv.cz\/wp-content\/uploads\/2021\/02\/logo.svg\",\"width\":128,\"height\":41,\"caption\":\"Lucerna TV\"},\"image\":{\"@id\":\"https:\/\/www.lucernatv.cz\/#\/schema\/logo\/image\/\"},\"sameAs\":[\"https:\/\/www.facebook.com\/avtopava\",\"https:\/\/www.youtube.com\/channel\/UCtP8PPWG9JatWSMsKMOvdDg\"]},{\"@type\":\"Person\",\"@id\":\"https:\/\/www.lucernatv.cz\/#\/schema\/person\/fdc6b3778fe63c82ba7479978ad159ad\",\"name\":\"lucernatvc\",\"image\":{\"@type\":\"ImageObject\",\"inLanguage\":\"cs\",\"@id\":\"https:\/\/www.lucernatv.cz\/#\/schema\/person\/image\/\",\"url\":\"https:\/\/secure.gravatar.com\/avatar\/5b7905a95103f5227c1afd8b2a10f058?s=96&d=mm&r=g\",\"contentUrl\":\"https:\/\/secure.gravatar.com\/avatar\/5b7905a95103f5227c1afd8b2a10f058?s=96&d=mm&r=g\",\"caption\":\"lucernatvc\"},\"url\":\"https:\/\/www.lucernatv.cz\/index.php\/author\/lucernatvc\/\"}]}<\/script>\n<!-- \/ Yoast SEO plugin. -->","yoast_head_json":{"title":"Sudety \u2013 protrhnout vrstvu lhostejnosti - lucernatv.cz","robots":{"index":"index","follow":"follow","max-snippet":"max-snippet:-1","max-image-preview":"max-image-preview:large","max-video-preview":"max-video-preview:-1"},"canonical":"https:\/\/www.lucernatv.cz\/index.php\/2021\/02\/12\/sudety-protrhnout-vrstvu-lhostejnosti\/","og_locale":"cs_CZ","og_type":"article","og_title":"Sudety \u2013 protrhnout vrstvu lhostejnosti - lucernatv.cz","og_description":"Kr\u00e1tk\u00fd dokument\u00e1rn\u00ed film Sudety &#8212; protrhnout vrstvu lhostejnosti se zam\u011b\u0159uje na pov\u00e1le\u010dn\u00e9 vyhn\u00e1n\u00ed N\u011bmc\u016f z \u010ceskoslovenska optikou t\u0159\u00ed pam\u011btnic. Liselotte \u017didov\u00e1, Marlene Wetzel Hackspacher a Helga Heller, v dob\u011b odsunu mlad\u00e9 d\u00edvky, popisuj\u00ed \u010desko-n\u011bmeck\u00e9 vztahy p\u0159ed v\u00e1lkou r\u016fzn\u011b &#8212; podle jedn\u00e9 byli N\u011bmci p\u0159ed v\u00e1lkou znev\u00fdhodn\u011bni a cht\u011bli si udr\u017eet vlastn\u00ed kulturu, podle druh\u00e9 byly&hellip;&nbsp;\u010c\u00edst d\u00e1le &raquo;Sudety \u2013 protrhnout vrstvu lhostejnosti","og_url":"https:\/\/www.lucernatv.cz\/index.php\/2021\/02\/12\/sudety-protrhnout-vrstvu-lhostejnosti\/","og_site_name":"lucernatv.cz","article_publisher":"https:\/\/www.facebook.com\/avtopava","article_published_time":"2021-02-12T17:51:17+00:00","article_modified_time":"2021-02-17T00:47:25+00:00","og_image":[{"width":480,"height":360,"url":"https:\/\/www.lucernatv.cz\/wp-content\/uploads\/2021\/02\/Nfs0fevAXuw.jpg","type":"image\/jpeg"}],"author":"lucernatvc","twitter_card":"summary_large_image","twitter_misc":{"Napsal(a)":"lucernatvc","Odhadovan\u00e1 doba \u010dten\u00ed":"2 minuty"},"schema":{"@context":"https:\/\/schema.org","@graph":[{"@type":"Article","@id":"https:\/\/www.lucernatv.cz\/index.php\/2021\/02\/12\/sudety-protrhnout-vrstvu-lhostejnosti\/#article","isPartOf":{"@id":"https:\/\/www.lucernatv.cz\/index.php\/2021\/02\/12\/sudety-protrhnout-vrstvu-lhostejnosti\/"},"author":{"name":"lucernatvc","@id":"https:\/\/www.lucernatv.cz\/#\/schema\/person\/fdc6b3778fe63c82ba7479978ad159ad"},"headline":"Sudety \u2013 protrhnout vrstvu lhostejnosti","datePublished":"2021-02-12T17:51:17+00:00","dateModified":"2021-02-17T00:47:25+00:00","mainEntityOfPage":{"@id":"https:\/\/www.lucernatv.cz\/index.php\/2021\/02\/12\/sudety-protrhnout-vrstvu-lhostejnosti\/"},"wordCount":315,"publisher":{"@id":"https:\/\/www.lucernatv.cz\/#organization"},"keywords":["D\u011bjiny na vlastn\u00ed k\u016f\u017ei","dokument"],"articleSection":["historie","osobnosti","Spole\u010dnost","V\u011bda"],"inLanguage":"cs"},{"@type":"WebPage","@id":"https:\/\/www.lucernatv.cz\/index.php\/2021\/02\/12\/sudety-protrhnout-vrstvu-lhostejnosti\/","url":"https:\/\/www.lucernatv.cz\/index.php\/2021\/02\/12\/sudety-protrhnout-vrstvu-lhostejnosti\/","name":"Sudety \u2013 protrhnout vrstvu lhostejnosti - lucernatv.cz","isPartOf":{"@id":"https:\/\/www.lucernatv.cz\/#website"},"datePublished":"2021-02-12T17:51:17+00:00","dateModified":"2021-02-17T00:47:25+00:00","breadcrumb":{"@id":"https:\/\/www.lucernatv.cz\/index.php\/2021\/02\/12\/sudety-protrhnout-vrstvu-lhostejnosti\/#breadcrumb"},"inLanguage":"cs","potentialAction":[{"@type":"ReadAction","target":["https:\/\/www.lucernatv.cz\/index.php\/2021\/02\/12\/sudety-protrhnout-vrstvu-lhostejnosti\/"]}]},{"@type":"BreadcrumbList","@id":"https:\/\/www.lucernatv.cz\/index.php\/2021\/02\/12\/sudety-protrhnout-vrstvu-lhostejnosti\/#breadcrumb","itemListElement":[{"@type":"ListItem","position":1,"name":"Dom\u016f","item":"https:\/\/www.lucernatv.cz\/"},{"@type":"ListItem","position":2,"name":"Sudety \u2013 protrhnout vrstvu lhostejnosti"}]},{"@type":"WebSite","@id":"https:\/\/www.lucernatv.cz\/#website","url":"https:\/\/www.lucernatv.cz\/","name":"lucernatv.cz","description":"Vzd\u011bl\u00e1vac\u00ed televize","publisher":{"@id":"https:\/\/www.lucernatv.cz\/#organization"},"alternateName":"Lucerna TV","potentialAction":[{"@type":"SearchAction","target":{"@type":"EntryPoint","urlTemplate":"https:\/\/www.lucernatv.cz\/?s={search_term_string}"},"query-input":"required name=search_term_string"}],"inLanguage":"cs"},{"@type":"Organization","@id":"https:\/\/www.lucernatv.cz\/#organization","name":"Lucerna TV","url":"https:\/\/www.lucernatv.cz\/","logo":{"@type":"ImageObject","inLanguage":"cs","@id":"https:\/\/www.lucernatv.cz\/#\/schema\/logo\/image\/","url":"https:\/\/www.lucernatv.cz\/wp-content\/uploads\/2021\/02\/logo.svg","contentUrl":"https:\/\/www.lucernatv.cz\/wp-content\/uploads\/2021\/02\/logo.svg","width":128,"height":41,"caption":"Lucerna TV"},"image":{"@id":"https:\/\/www.lucernatv.cz\/#\/schema\/logo\/image\/"},"sameAs":["https:\/\/www.facebook.com\/avtopava","https:\/\/www.youtube.com\/channel\/UCtP8PPWG9JatWSMsKMOvdDg"]},{"@type":"Person","@id":"https:\/\/www.lucernatv.cz\/#\/schema\/person\/fdc6b3778fe63c82ba7479978ad159ad","name":"lucernatvc","image":{"@type":"ImageObject","inLanguage":"cs","@id":"https:\/\/www.lucernatv.cz\/#\/schema\/person\/image\/","url":"https:\/\/secure.gravatar.com\/avatar\/5b7905a95103f5227c1afd8b2a10f058?s=96&d=mm&r=g","contentUrl":"https:\/\/secure.gravatar.com\/avatar\/5b7905a95103f5227c1afd8b2a10f058?s=96&d=mm&r=g","caption":"lucernatvc"},"url":"https:\/\/www.lucernatv.cz\/index.php\/author\/lucernatvc\/"}]}},"uagb_featured_image_src":{"full":["https:\/\/www.lucernatv.cz\/wp-content\/uploads\/2021\/02\/Nfs0fevAXuw.jpg",480,360,false],"thumbnail":["https:\/\/www.lucernatv.cz\/wp-content\/uploads\/2021\/02\/Nfs0fevAXuw-150x150.jpg",150,150,true],"medium":["https:\/\/www.lucernatv.cz\/wp-content\/uploads\/2021\/02\/Nfs0fevAXuw-300x225.jpg",240,180,true],"medium_large":["https:\/\/www.lucernatv.cz\/wp-content\/uploads\/2021\/02\/Nfs0fevAXuw.jpg",480,360,false],"large":["https:\/\/www.lucernatv.cz\/wp-content\/uploads\/2021\/02\/Nfs0fevAXuw.jpg",480,360,false],"1536x1536":["https:\/\/www.lucernatv.cz\/wp-content\/uploads\/2021\/02\/Nfs0fevAXuw.jpg",480,360,false],"2048x2048":["https:\/\/www.lucernatv.cz\/wp-content\/uploads\/2021\/02\/Nfs0fevAXuw.jpg",480,360,false],"ultp_layout_landscape_large":["https:\/\/www.lucernatv.cz\/wp-content\/uploads\/2021\/02\/Nfs0fevAXuw.jpg",480,360,false],"ultp_layout_landscape":["https:\/\/www.lucernatv.cz\/wp-content\/uploads\/2021\/02\/Nfs0fevAXuw.jpg",480,360,false],"ultp_layout_portrait":["https:\/\/www.lucernatv.cz\/wp-content\/uploads\/2021\/02\/Nfs0fevAXuw.jpg",480,360,false],"ultp_layout_square":["https:\/\/www.lucernatv.cz\/wp-content\/uploads\/2021\/02\/Nfs0fevAXuw.jpg",480,360,false],"vp_sm":["https:\/\/www.lucernatv.cz\/wp-content\/uploads\/2021\/02\/Nfs0fevAXuw.jpg",480,360,false],"vp_md":["https:\/\/www.lucernatv.cz\/wp-content\/uploads\/2021\/02\/Nfs0fevAXuw.jpg",480,360,false],"vp_lg":["https:\/\/www.lucernatv.cz\/wp-content\/uploads\/2021\/02\/Nfs0fevAXuw.jpg",480,360,false],"vp_xl":["https:\/\/www.lucernatv.cz\/wp-content\/uploads\/2021\/02\/Nfs0fevAXuw.jpg",480,360,false],"vp_sm_popup":["https:\/\/www.lucernatv.cz\/wp-content\/uploads\/2021\/02\/Nfs0fevAXuw.jpg",480,360,false],"vp_md_popup":["https:\/\/www.lucernatv.cz\/wp-content\/uploads\/2021\/02\/Nfs0fevAXuw.jpg",480,360,false],"vp_xl_popup":["https:\/\/www.lucernatv.cz\/wp-content\/uploads\/2021\/02\/Nfs0fevAXuw.jpg",480,360,false],"neve-blog":["https:\/\/www.lucernatv.cz\/wp-content\/uploads\/2021\/02\/Nfs0fevAXuw.jpg",480,360,false]},"uagb_author_info":{"display_name":"lucernatvc","author_link":"https:\/\/www.lucernatv.cz\/index.php\/author\/lucernatvc\/"},"uagb_comment_info":0,"uagb_excerpt":"Kr\u00e1tk\u00fd dokument\u00e1rn\u00ed film Sudety &#8212; protrhnout vrstvu lhostejnosti se zam\u011b\u0159uje na pov\u00e1le\u010dn\u00e9 vyhn\u00e1n\u00ed N\u011bmc\u016f z \u010ceskoslovenska optikou t\u0159\u00ed pam\u011btnic. Liselotte \u017didov\u00e1, Marlene Wetzel Hackspacher a Helga Heller, v dob\u011b odsunu mlad\u00e9 d\u00edvky, popisuj\u00ed \u010desko-n\u011bmeck\u00e9 vztahy p\u0159ed v\u00e1lkou r\u016fzn\u011b &#8212; podle jedn\u00e9 byli N\u011bmci p\u0159ed v\u00e1lkou znev\u00fdhodn\u011bni a cht\u011bli si udr\u017eet vlastn\u00ed kulturu, podle druh\u00e9 byly&hellip;&nbsp;\u010c\u00edst&hellip;","_links":{"self":[{"href":"https:\/\/www.lucernatv.cz\/index.php\/wp-json\/wp\/v2\/posts\/1307"}],"collection":[{"href":"https:\/\/www.lucernatv.cz\/index.php\/wp-json\/wp\/v2\/posts"}],"about":[{"href":"https:\/\/www.lucernatv.cz\/index.php\/wp-json\/wp\/v2\/types\/post"}],"author":[{"embeddable":true,"href":"https:\/\/www.lucernatv.cz\/index.php\/wp-json\/wp\/v2\/users\/1"}],"replies":[{"embeddable":true,"href":"https:\/\/www.lucernatv.cz\/index.php\/wp-json\/wp\/v2\/comments?post=1307"}],"version-history":[{"count":1,"href":"https:\/\/www.lucernatv.cz\/index.php\/wp-json\/wp\/v2\/posts\/1307\/revisions"}],"predecessor-version":[{"id":1308,"href":"https:\/\/www.lucernatv.cz\/index.php\/wp-json\/wp\/v2\/posts\/1307\/revisions\/1308"}],"wp:featuredmedia":[{"embeddable":true,"href":"https:\/\/www.lucernatv.cz\/index.php\/wp-json\/wp\/v2\/media\/1678"}],"wp:attachment":[{"href":"https:\/\/www.lucernatv.cz\/index.php\/wp-json\/wp\/v2\/media?parent=1307"}],"wp:term":[{"taxonomy":"category","embeddable":true,"href":"https:\/\/www.lucernatv.cz\/index.php\/wp-json\/wp\/v2\/categories?post=1307"},{"taxonomy":"post_tag","embeddable":true,"href":"https:\/\/www.lucernatv.cz\/index.php\/wp-json\/wp\/v2\/tags?post=1307"}],"curies":[{"name":"wp","href":"https:\/\/api.w.org\/{rel}","templated":true}]}}