{"id":1303,"date":"2021-02-12T17:47:03","date_gmt":"2021-02-12T17:47:03","guid":{"rendered":"https:\/\/www.lucernatv.cz\/?p=1303"},"modified":"2021-02-17T00:44:47","modified_gmt":"2021-02-17T00:44:47","slug":"frantisek-zahradka-muz-urceny-k-likvidaci","status":"publish","type":"post","link":"https:\/\/www.lucernatv.cz\/index.php\/2021\/02\/12\/frantisek-zahradka-muz-urceny-k-likvidaci\/","title":{"rendered":"Franti\u0161ek Zahr\u00e1dka \u2013 Mu\u017e Ur\u010den\u00fd K Likvidaci"},"content":{"rendered":"\n<figure class=\"wp-block-embed is-type-video is-provider-youtube wp-block-embed-youtube wp-embed-aspect-16-9 wp-has-aspect-ratio\"><div class=\"wp-block-embed__wrapper\">\n<div class=\"nv-iframe-embed\"><div class=\"arve\" data-mode=\"normal\" data-oembed=\"1\" data-provider=\"youtube\" id=\"arve-youtube-hawxcj6hz1k69f39100d14e2354454173\">\n<span class=\"arve-inner\">\n<span class=\"arve-embed arve-embed--has-aspect-ratio\">\n<span class=\"arve-ar\" style=\"padding-top:56.250000%\"><\/span><iframe allow=\"accelerometer; autoplay; clipboard-write; encrypted-media; gyroscope; picture-in-picture\" allowfullscreen class=\"arve-iframe fitvidsignore\" data-arve=\"arve-youtube-hawxcj6hz1k69f39100d14e2354454173\" data-src-no-ap=\"https:\/\/www.youtube-nocookie.com\/embed\/HAWxcJ6HZ1k?feature=oembed&amp;iv_load_policy=3&amp;modestbranding=1&amp;rel=0&amp;autohide=1&amp;playsinline=0&amp;autoplay=0\" frameborder=\"0\" height=\"0\" sandbox=\"allow-scripts allow-same-origin allow-presentation allow-popups allow-popups-to-escape-sandbox\" scrolling=\"no\" src=\"https:\/\/www.youtube-nocookie.com\/embed\/HAWxcJ6HZ1k?feature=oembed&#038;iv_load_policy=3&#038;modestbranding=1&#038;rel=0&#038;autohide=1&#038;playsinline=0&#038;autoplay=0\"><\/iframe>\n\n<\/span>\n\n<\/span>\n<script type=\"application\/ld+json\">{\"@context\":\"http:\\\/\\\/schema.org\\\/\",\"@id\":\"https:\\\/\\\/www.lucernatv.cz\\\/index.php\\\/2021\\\/02\\\/12\\\/frantisek-zahradka-muz-urceny-k-likvidaci\\\/#arve-youtube-hawxcj6hz1k69f39100d14e2354454173\",\"type\":\"VideoObject\",\"embedURL\":\"https:\\\/\\\/www.youtube-nocookie.com\\\/embed\\\/HAWxcJ6HZ1k?feature=oembed&iv_load_policy=3&modestbranding=1&rel=0&autohide=1&playsinline=0&autoplay=0\"}<\/script>\n<\/div>\n<\/div>\n<\/div><\/figure>\n\n\n\n<p>V dokumentu o pom\u011brech v komunistick\u00fdch l\u00e1grech b\u00fdval\u00fd mukl Franti\u0161ek Zahr\u00e1dka tvrd\u00ed, \u017ee v t\u00e1borech byly dva druhy v\u011bz\u0148\u016f: \u201eMo\u0159e nevinnejch ob\u011bt\u00ed a ti, kte\u0159\u00ed do toho \u0161li.&#8220; On s\u00e1m pat\u0159il k t\u00e9 druh\u00e9 skupin\u011b &#8212; do konfliktu s re\u017eimem se dostal u\u017e jako devaten\u00e1ctilet\u00fd, kdy\u017e jako \u010dlen skautsk\u00e9ho odd\u00edlu pod veden\u00edm Karla Pecky p\u0159ev\u00e1d\u011bl osoby p\u0159es hranice. Trestu smrti se vyhnul jenom d\u00edky tomu, \u017ee mu je\u0161t\u011b nebylo 20 let. Byl potrest\u00e1n dvacetilet\u00fdm \u017eal\u00e1\u0159em. Z v\u011bzen\u00ed na Borech, kde trhal pe\u0159\u00ed, byl p\u0159eveden do t\u00e1bora Nikolaj na J\u00e1chymovsku, kde ho \u010dekaly v\u0161echny str\u00e1zn\u011b komunistick\u00e9ho koncentra\u010dn\u00edho t\u00e1bora &#8212; korekce, ztr\u00e1ty v\u011bdom\u00ed z nedostatku stravy, span\u00ed v nevytopen\u00e9 m\u00edstnosti a\u017e p\u0159i &#8211;18 \u00b0C, zpr\u00e1va o smrti matky, jej\u00ed\u017e poh\u0159eb mu nebylo dovoleno nav\u0161t\u00edvit &#8212; musel m\u00edsto toho ihned na dal\u0161\u00ed sm\u011bnu. Z t\u00e1bora s tak ot\u0159esn\u00fdmi podm\u00ednkami, kde byly smrteln\u00e9 \u00farazy a do\u017eivotn\u00ed zdravotn\u00ed n\u00e1sledky \u010dast\u00fdm jevem, se vy\u0161el na svobodu po t\u0159in\u00e1cti letech. Film je dopln\u011bn historickou studi\u00ed, prezentac\u00ed, metodick\u00fdmi materi\u00e1ly a prameny.<\/p>\n\n\n\n<div class=\"wp-block-buttons is-layout-flex\">\n<div class=\"wp-block-button\"><a class=\"wp-block-button__link\" href=\"http:\/\/www.moderni-dejiny.cz\/clanek\/film-frantisek-zahradka-muz-urceny-k-likvidaci\/\" target=\"_blank\" rel=\"noreferrer noopener\">Metodika \u2013 moderni-dejiny.cz<\/a><\/div>\n<\/div>\n","protected":false},"excerpt":{"rendered":"<p>V dokumentu o pom\u011brech v komunistick\u00fdch l\u00e1grech b\u00fdval\u00fd mukl Franti\u0161ek Zahr\u00e1dka tvrd\u00ed, \u017ee v t\u00e1borech byly dva druhy v\u011bz\u0148\u016f: \u201eMo\u0159e nevinnejch ob\u011bt\u00ed a ti, kte\u0159\u00ed do toho \u0161li.&#8220; On s\u00e1m pat\u0159il k t\u00e9 druh\u00e9 skupin\u011b &#8212; do konfliktu s re\u017eimem se dostal u\u017e jako devaten\u00e1ctilet\u00fd, kdy\u017e jako \u010dlen skautsk\u00e9ho odd\u00edlu pod veden\u00edm Karla Pecky p\u0159ev\u00e1d\u011bl&hellip;&nbsp;<a href=\"https:\/\/www.lucernatv.cz\/index.php\/2021\/02\/12\/frantisek-zahradka-muz-urceny-k-likvidaci\/\" class=\"\" rel=\"bookmark\">\u010c\u00edst d\u00e1le &raquo;<span class=\"screen-reader-text\">Franti\u0161ek Zahr\u00e1dka \u2013 Mu\u017e Ur\u010den\u00fd K Likvidaci<\/span><\/a><\/p>\n","protected":false},"author":1,"featured_media":1672,"comment_status":"closed","ping_status":"open","sticky":false,"template":"","format":"gallery","meta":{"inline_featured_image":false,"_uag_custom_page_level_css":"","neve_meta_sidebar":"","neve_meta_container":"","neve_meta_enable_content_width":"","neve_meta_content_width":0,"neve_meta_title_alignment":"","neve_meta_author_avatar":"","neve_post_elements_order":"","neve_meta_disable_header":"","neve_meta_disable_footer":"","neve_meta_disable_title":"","_vp_format_video_url":"","_vp_image_focal_point":[]},"categories":[15,21,5,4],"tags":[54,24],"yoast_head":"<!-- This site is optimized with the Yoast SEO plugin v20.12 - https:\/\/yoast.com\/wordpress\/plugins\/seo\/ -->\n<title>Franti\u0161ek Zahr\u00e1dka \u2013 Mu\u017e Ur\u010den\u00fd K Likvidaci - lucernatv.cz<\/title>\n<meta name=\"robots\" content=\"index, follow, max-snippet:-1, max-image-preview:large, max-video-preview:-1\" \/>\n<link rel=\"canonical\" href=\"https:\/\/www.lucernatv.cz\/index.php\/2021\/02\/12\/frantisek-zahradka-muz-urceny-k-likvidaci\/\" \/>\n<meta property=\"og:locale\" content=\"cs_CZ\" \/>\n<meta property=\"og:type\" content=\"article\" \/>\n<meta property=\"og:title\" content=\"Franti\u0161ek Zahr\u00e1dka \u2013 Mu\u017e Ur\u010den\u00fd K Likvidaci - lucernatv.cz\" \/>\n<meta property=\"og:description\" content=\"V dokumentu o pom\u011brech v komunistick\u00fdch l\u00e1grech b\u00fdval\u00fd mukl Franti\u0161ek Zahr\u00e1dka tvrd\u00ed, \u017ee v t\u00e1borech byly dva druhy v\u011bz\u0148\u016f: \u201eMo\u0159e nevinnejch ob\u011bt\u00ed a ti, kte\u0159\u00ed do toho \u0161li.&#8220; On s\u00e1m pat\u0159il k t\u00e9 druh\u00e9 skupin\u011b &#8212; do konfliktu s re\u017eimem se dostal u\u017e jako devaten\u00e1ctilet\u00fd, kdy\u017e jako \u010dlen skautsk\u00e9ho odd\u00edlu pod veden\u00edm Karla Pecky p\u0159ev\u00e1d\u011bl&hellip;&nbsp;\u010c\u00edst d\u00e1le &raquo;Franti\u0161ek Zahr\u00e1dka \u2013 Mu\u017e Ur\u010den\u00fd K Likvidaci\" \/>\n<meta property=\"og:url\" content=\"https:\/\/www.lucernatv.cz\/index.php\/2021\/02\/12\/frantisek-zahradka-muz-urceny-k-likvidaci\/\" \/>\n<meta property=\"og:site_name\" content=\"lucernatv.cz\" \/>\n<meta property=\"article:publisher\" content=\"https:\/\/www.facebook.com\/avtopava\" \/>\n<meta property=\"article:published_time\" content=\"2021-02-12T17:47:03+00:00\" \/>\n<meta property=\"article:modified_time\" content=\"2021-02-17T00:44:47+00:00\" \/>\n<meta property=\"og:image\" content=\"https:\/\/www.lucernatv.cz\/wp-content\/uploads\/2021\/02\/HAWxcJ6HZ1k.jpg\" \/>\n\t<meta property=\"og:image:width\" content=\"480\" \/>\n\t<meta property=\"og:image:height\" content=\"360\" \/>\n\t<meta property=\"og:image:type\" content=\"image\/jpeg\" \/>\n<meta name=\"author\" content=\"lucernatvc\" \/>\n<meta name=\"twitter:card\" content=\"summary_large_image\" \/>\n<meta name=\"twitter:label1\" content=\"Napsal(a)\" \/>\n\t<meta name=\"twitter:data1\" content=\"lucernatvc\" \/>\n\t<meta name=\"twitter:label2\" content=\"Odhadovan\u00e1 doba \u010dten\u00ed\" \/>\n\t<meta name=\"twitter:data2\" content=\"1 minuta\" \/>\n<script type=\"application\/ld+json\" class=\"yoast-schema-graph\">{\"@context\":\"https:\/\/schema.org\",\"@graph\":[{\"@type\":\"Article\",\"@id\":\"https:\/\/www.lucernatv.cz\/index.php\/2021\/02\/12\/frantisek-zahradka-muz-urceny-k-likvidaci\/#article\",\"isPartOf\":{\"@id\":\"https:\/\/www.lucernatv.cz\/index.php\/2021\/02\/12\/frantisek-zahradka-muz-urceny-k-likvidaci\/\"},\"author\":{\"name\":\"lucernatvc\",\"@id\":\"https:\/\/www.lucernatv.cz\/#\/schema\/person\/fdc6b3778fe63c82ba7479978ad159ad\"},\"headline\":\"Franti\u0161ek Zahr\u00e1dka \u2013 Mu\u017e Ur\u010den\u00fd K Likvidaci\",\"datePublished\":\"2021-02-12T17:47:03+00:00\",\"dateModified\":\"2021-02-17T00:44:47+00:00\",\"mainEntityOfPage\":{\"@id\":\"https:\/\/www.lucernatv.cz\/index.php\/2021\/02\/12\/frantisek-zahradka-muz-urceny-k-likvidaci\/\"},\"wordCount\":242,\"publisher\":{\"@id\":\"https:\/\/www.lucernatv.cz\/#organization\"},\"keywords\":[\"D\u011bjiny na vlastn\u00ed k\u016f\u017ei\",\"dokument\"],\"articleSection\":[\"historie\",\"osobnosti\",\"Spole\u010dnost\",\"V\u011bda\"],\"inLanguage\":\"cs\"},{\"@type\":\"WebPage\",\"@id\":\"https:\/\/www.lucernatv.cz\/index.php\/2021\/02\/12\/frantisek-zahradka-muz-urceny-k-likvidaci\/\",\"url\":\"https:\/\/www.lucernatv.cz\/index.php\/2021\/02\/12\/frantisek-zahradka-muz-urceny-k-likvidaci\/\",\"name\":\"Franti\u0161ek Zahr\u00e1dka \u2013 Mu\u017e Ur\u010den\u00fd K Likvidaci - lucernatv.cz\",\"isPartOf\":{\"@id\":\"https:\/\/www.lucernatv.cz\/#website\"},\"datePublished\":\"2021-02-12T17:47:03+00:00\",\"dateModified\":\"2021-02-17T00:44:47+00:00\",\"breadcrumb\":{\"@id\":\"https:\/\/www.lucernatv.cz\/index.php\/2021\/02\/12\/frantisek-zahradka-muz-urceny-k-likvidaci\/#breadcrumb\"},\"inLanguage\":\"cs\",\"potentialAction\":[{\"@type\":\"ReadAction\",\"target\":[\"https:\/\/www.lucernatv.cz\/index.php\/2021\/02\/12\/frantisek-zahradka-muz-urceny-k-likvidaci\/\"]}]},{\"@type\":\"BreadcrumbList\",\"@id\":\"https:\/\/www.lucernatv.cz\/index.php\/2021\/02\/12\/frantisek-zahradka-muz-urceny-k-likvidaci\/#breadcrumb\",\"itemListElement\":[{\"@type\":\"ListItem\",\"position\":1,\"name\":\"Dom\u016f\",\"item\":\"https:\/\/www.lucernatv.cz\/\"},{\"@type\":\"ListItem\",\"position\":2,\"name\":\"Franti\u0161ek Zahr\u00e1dka \u2013 Mu\u017e Ur\u010den\u00fd K Likvidaci\"}]},{\"@type\":\"WebSite\",\"@id\":\"https:\/\/www.lucernatv.cz\/#website\",\"url\":\"https:\/\/www.lucernatv.cz\/\",\"name\":\"lucernatv.cz\",\"description\":\"Vzd\u011bl\u00e1vac\u00ed televize\",\"publisher\":{\"@id\":\"https:\/\/www.lucernatv.cz\/#organization\"},\"alternateName\":\"Lucerna TV\",\"potentialAction\":[{\"@type\":\"SearchAction\",\"target\":{\"@type\":\"EntryPoint\",\"urlTemplate\":\"https:\/\/www.lucernatv.cz\/?s={search_term_string}\"},\"query-input\":\"required name=search_term_string\"}],\"inLanguage\":\"cs\"},{\"@type\":\"Organization\",\"@id\":\"https:\/\/www.lucernatv.cz\/#organization\",\"name\":\"Lucerna TV\",\"url\":\"https:\/\/www.lucernatv.cz\/\",\"logo\":{\"@type\":\"ImageObject\",\"inLanguage\":\"cs\",\"@id\":\"https:\/\/www.lucernatv.cz\/#\/schema\/logo\/image\/\",\"url\":\"https:\/\/www.lucernatv.cz\/wp-content\/uploads\/2021\/02\/logo.svg\",\"contentUrl\":\"https:\/\/www.lucernatv.cz\/wp-content\/uploads\/2021\/02\/logo.svg\",\"width\":128,\"height\":41,\"caption\":\"Lucerna TV\"},\"image\":{\"@id\":\"https:\/\/www.lucernatv.cz\/#\/schema\/logo\/image\/\"},\"sameAs\":[\"https:\/\/www.facebook.com\/avtopava\",\"https:\/\/www.youtube.com\/channel\/UCtP8PPWG9JatWSMsKMOvdDg\"]},{\"@type\":\"Person\",\"@id\":\"https:\/\/www.lucernatv.cz\/#\/schema\/person\/fdc6b3778fe63c82ba7479978ad159ad\",\"name\":\"lucernatvc\",\"image\":{\"@type\":\"ImageObject\",\"inLanguage\":\"cs\",\"@id\":\"https:\/\/www.lucernatv.cz\/#\/schema\/person\/image\/\",\"url\":\"https:\/\/secure.gravatar.com\/avatar\/5b7905a95103f5227c1afd8b2a10f058?s=96&d=mm&r=g\",\"contentUrl\":\"https:\/\/secure.gravatar.com\/avatar\/5b7905a95103f5227c1afd8b2a10f058?s=96&d=mm&r=g\",\"caption\":\"lucernatvc\"},\"url\":\"https:\/\/www.lucernatv.cz\/index.php\/author\/lucernatvc\/\"}]}<\/script>\n<!-- \/ Yoast SEO plugin. -->","yoast_head_json":{"title":"Franti\u0161ek Zahr\u00e1dka \u2013 Mu\u017e Ur\u010den\u00fd K Likvidaci - lucernatv.cz","robots":{"index":"index","follow":"follow","max-snippet":"max-snippet:-1","max-image-preview":"max-image-preview:large","max-video-preview":"max-video-preview:-1"},"canonical":"https:\/\/www.lucernatv.cz\/index.php\/2021\/02\/12\/frantisek-zahradka-muz-urceny-k-likvidaci\/","og_locale":"cs_CZ","og_type":"article","og_title":"Franti\u0161ek Zahr\u00e1dka \u2013 Mu\u017e Ur\u010den\u00fd K Likvidaci - lucernatv.cz","og_description":"V dokumentu o pom\u011brech v komunistick\u00fdch l\u00e1grech b\u00fdval\u00fd mukl Franti\u0161ek Zahr\u00e1dka tvrd\u00ed, \u017ee v t\u00e1borech byly dva druhy v\u011bz\u0148\u016f: \u201eMo\u0159e nevinnejch ob\u011bt\u00ed a ti, kte\u0159\u00ed do toho \u0161li.&#8220; On s\u00e1m pat\u0159il k t\u00e9 druh\u00e9 skupin\u011b &#8212; do konfliktu s re\u017eimem se dostal u\u017e jako devaten\u00e1ctilet\u00fd, kdy\u017e jako \u010dlen skautsk\u00e9ho odd\u00edlu pod veden\u00edm Karla Pecky p\u0159ev\u00e1d\u011bl&hellip;&nbsp;\u010c\u00edst d\u00e1le &raquo;Franti\u0161ek Zahr\u00e1dka \u2013 Mu\u017e Ur\u010den\u00fd K Likvidaci","og_url":"https:\/\/www.lucernatv.cz\/index.php\/2021\/02\/12\/frantisek-zahradka-muz-urceny-k-likvidaci\/","og_site_name":"lucernatv.cz","article_publisher":"https:\/\/www.facebook.com\/avtopava","article_published_time":"2021-02-12T17:47:03+00:00","article_modified_time":"2021-02-17T00:44:47+00:00","og_image":[{"width":480,"height":360,"url":"https:\/\/www.lucernatv.cz\/wp-content\/uploads\/2021\/02\/HAWxcJ6HZ1k.jpg","type":"image\/jpeg"}],"author":"lucernatvc","twitter_card":"summary_large_image","twitter_misc":{"Napsal(a)":"lucernatvc","Odhadovan\u00e1 doba \u010dten\u00ed":"1 minuta"},"schema":{"@context":"https:\/\/schema.org","@graph":[{"@type":"Article","@id":"https:\/\/www.lucernatv.cz\/index.php\/2021\/02\/12\/frantisek-zahradka-muz-urceny-k-likvidaci\/#article","isPartOf":{"@id":"https:\/\/www.lucernatv.cz\/index.php\/2021\/02\/12\/frantisek-zahradka-muz-urceny-k-likvidaci\/"},"author":{"name":"lucernatvc","@id":"https:\/\/www.lucernatv.cz\/#\/schema\/person\/fdc6b3778fe63c82ba7479978ad159ad"},"headline":"Franti\u0161ek Zahr\u00e1dka \u2013 Mu\u017e Ur\u010den\u00fd K Likvidaci","datePublished":"2021-02-12T17:47:03+00:00","dateModified":"2021-02-17T00:44:47+00:00","mainEntityOfPage":{"@id":"https:\/\/www.lucernatv.cz\/index.php\/2021\/02\/12\/frantisek-zahradka-muz-urceny-k-likvidaci\/"},"wordCount":242,"publisher":{"@id":"https:\/\/www.lucernatv.cz\/#organization"},"keywords":["D\u011bjiny na vlastn\u00ed k\u016f\u017ei","dokument"],"articleSection":["historie","osobnosti","Spole\u010dnost","V\u011bda"],"inLanguage":"cs"},{"@type":"WebPage","@id":"https:\/\/www.lucernatv.cz\/index.php\/2021\/02\/12\/frantisek-zahradka-muz-urceny-k-likvidaci\/","url":"https:\/\/www.lucernatv.cz\/index.php\/2021\/02\/12\/frantisek-zahradka-muz-urceny-k-likvidaci\/","name":"Franti\u0161ek Zahr\u00e1dka \u2013 Mu\u017e Ur\u010den\u00fd K Likvidaci - lucernatv.cz","isPartOf":{"@id":"https:\/\/www.lucernatv.cz\/#website"},"datePublished":"2021-02-12T17:47:03+00:00","dateModified":"2021-02-17T00:44:47+00:00","breadcrumb":{"@id":"https:\/\/www.lucernatv.cz\/index.php\/2021\/02\/12\/frantisek-zahradka-muz-urceny-k-likvidaci\/#breadcrumb"},"inLanguage":"cs","potentialAction":[{"@type":"ReadAction","target":["https:\/\/www.lucernatv.cz\/index.php\/2021\/02\/12\/frantisek-zahradka-muz-urceny-k-likvidaci\/"]}]},{"@type":"BreadcrumbList","@id":"https:\/\/www.lucernatv.cz\/index.php\/2021\/02\/12\/frantisek-zahradka-muz-urceny-k-likvidaci\/#breadcrumb","itemListElement":[{"@type":"ListItem","position":1,"name":"Dom\u016f","item":"https:\/\/www.lucernatv.cz\/"},{"@type":"ListItem","position":2,"name":"Franti\u0161ek Zahr\u00e1dka \u2013 Mu\u017e Ur\u010den\u00fd K Likvidaci"}]},{"@type":"WebSite","@id":"https:\/\/www.lucernatv.cz\/#website","url":"https:\/\/www.lucernatv.cz\/","name":"lucernatv.cz","description":"Vzd\u011bl\u00e1vac\u00ed televize","publisher":{"@id":"https:\/\/www.lucernatv.cz\/#organization"},"alternateName":"Lucerna TV","potentialAction":[{"@type":"SearchAction","target":{"@type":"EntryPoint","urlTemplate":"https:\/\/www.lucernatv.cz\/?s={search_term_string}"},"query-input":"required name=search_term_string"}],"inLanguage":"cs"},{"@type":"Organization","@id":"https:\/\/www.lucernatv.cz\/#organization","name":"Lucerna TV","url":"https:\/\/www.lucernatv.cz\/","logo":{"@type":"ImageObject","inLanguage":"cs","@id":"https:\/\/www.lucernatv.cz\/#\/schema\/logo\/image\/","url":"https:\/\/www.lucernatv.cz\/wp-content\/uploads\/2021\/02\/logo.svg","contentUrl":"https:\/\/www.lucernatv.cz\/wp-content\/uploads\/2021\/02\/logo.svg","width":128,"height":41,"caption":"Lucerna TV"},"image":{"@id":"https:\/\/www.lucernatv.cz\/#\/schema\/logo\/image\/"},"sameAs":["https:\/\/www.facebook.com\/avtopava","https:\/\/www.youtube.com\/channel\/UCtP8PPWG9JatWSMsKMOvdDg"]},{"@type":"Person","@id":"https:\/\/www.lucernatv.cz\/#\/schema\/person\/fdc6b3778fe63c82ba7479978ad159ad","name":"lucernatvc","image":{"@type":"ImageObject","inLanguage":"cs","@id":"https:\/\/www.lucernatv.cz\/#\/schema\/person\/image\/","url":"https:\/\/secure.gravatar.com\/avatar\/5b7905a95103f5227c1afd8b2a10f058?s=96&d=mm&r=g","contentUrl":"https:\/\/secure.gravatar.com\/avatar\/5b7905a95103f5227c1afd8b2a10f058?s=96&d=mm&r=g","caption":"lucernatvc"},"url":"https:\/\/www.lucernatv.cz\/index.php\/author\/lucernatvc\/"}]}},"uagb_featured_image_src":{"full":["https:\/\/www.lucernatv.cz\/wp-content\/uploads\/2021\/02\/HAWxcJ6HZ1k.jpg",480,360,false],"thumbnail":["https:\/\/www.lucernatv.cz\/wp-content\/uploads\/2021\/02\/HAWxcJ6HZ1k-150x150.jpg",150,150,true],"medium":["https:\/\/www.lucernatv.cz\/wp-content\/uploads\/2021\/02\/HAWxcJ6HZ1k-300x225.jpg",240,180,true],"medium_large":["https:\/\/www.lucernatv.cz\/wp-content\/uploads\/2021\/02\/HAWxcJ6HZ1k.jpg",480,360,false],"large":["https:\/\/www.lucernatv.cz\/wp-content\/uploads\/2021\/02\/HAWxcJ6HZ1k.jpg",480,360,false],"1536x1536":["https:\/\/www.lucernatv.cz\/wp-content\/uploads\/2021\/02\/HAWxcJ6HZ1k.jpg",480,360,false],"2048x2048":["https:\/\/www.lucernatv.cz\/wp-content\/uploads\/2021\/02\/HAWxcJ6HZ1k.jpg",480,360,false],"ultp_layout_landscape_large":["https:\/\/www.lucernatv.cz\/wp-content\/uploads\/2021\/02\/HAWxcJ6HZ1k.jpg",480,360,false],"ultp_layout_landscape":["https:\/\/www.lucernatv.cz\/wp-content\/uploads\/2021\/02\/HAWxcJ6HZ1k.jpg",480,360,false],"ultp_layout_portrait":["https:\/\/www.lucernatv.cz\/wp-content\/uploads\/2021\/02\/HAWxcJ6HZ1k.jpg",480,360,false],"ultp_layout_square":["https:\/\/www.lucernatv.cz\/wp-content\/uploads\/2021\/02\/HAWxcJ6HZ1k.jpg",480,360,false],"vp_sm":["https:\/\/www.lucernatv.cz\/wp-content\/uploads\/2021\/02\/HAWxcJ6HZ1k.jpg",480,360,false],"vp_md":["https:\/\/www.lucernatv.cz\/wp-content\/uploads\/2021\/02\/HAWxcJ6HZ1k.jpg",480,360,false],"vp_lg":["https:\/\/www.lucernatv.cz\/wp-content\/uploads\/2021\/02\/HAWxcJ6HZ1k.jpg",480,360,false],"vp_xl":["https:\/\/www.lucernatv.cz\/wp-content\/uploads\/2021\/02\/HAWxcJ6HZ1k.jpg",480,360,false],"vp_sm_popup":["https:\/\/www.lucernatv.cz\/wp-content\/uploads\/2021\/02\/HAWxcJ6HZ1k.jpg",480,360,false],"vp_md_popup":["https:\/\/www.lucernatv.cz\/wp-content\/uploads\/2021\/02\/HAWxcJ6HZ1k.jpg",480,360,false],"vp_xl_popup":["https:\/\/www.lucernatv.cz\/wp-content\/uploads\/2021\/02\/HAWxcJ6HZ1k.jpg",480,360,false],"neve-blog":["https:\/\/www.lucernatv.cz\/wp-content\/uploads\/2021\/02\/HAWxcJ6HZ1k.jpg",480,360,false]},"uagb_author_info":{"display_name":"lucernatvc","author_link":"https:\/\/www.lucernatv.cz\/index.php\/author\/lucernatvc\/"},"uagb_comment_info":0,"uagb_excerpt":"V dokumentu o pom\u011brech v komunistick\u00fdch l\u00e1grech b\u00fdval\u00fd mukl Franti\u0161ek Zahr\u00e1dka tvrd\u00ed, \u017ee v t\u00e1borech byly dva druhy v\u011bz\u0148\u016f: \u201eMo\u0159e nevinnejch ob\u011bt\u00ed a ti, kte\u0159\u00ed do toho \u0161li.&#8220; On s\u00e1m pat\u0159il k t\u00e9 druh\u00e9 skupin\u011b &#8212; do konfliktu s re\u017eimem se dostal u\u017e jako devaten\u00e1ctilet\u00fd, kdy\u017e jako \u010dlen skautsk\u00e9ho odd\u00edlu pod veden\u00edm Karla Pecky p\u0159ev\u00e1d\u011bl&hellip;&nbsp;\u010c\u00edst&hellip;","_links":{"self":[{"href":"https:\/\/www.lucernatv.cz\/index.php\/wp-json\/wp\/v2\/posts\/1303"}],"collection":[{"href":"https:\/\/www.lucernatv.cz\/index.php\/wp-json\/wp\/v2\/posts"}],"about":[{"href":"https:\/\/www.lucernatv.cz\/index.php\/wp-json\/wp\/v2\/types\/post"}],"author":[{"embeddable":true,"href":"https:\/\/www.lucernatv.cz\/index.php\/wp-json\/wp\/v2\/users\/1"}],"replies":[{"embeddable":true,"href":"https:\/\/www.lucernatv.cz\/index.php\/wp-json\/wp\/v2\/comments?post=1303"}],"version-history":[{"count":1,"href":"https:\/\/www.lucernatv.cz\/index.php\/wp-json\/wp\/v2\/posts\/1303\/revisions"}],"predecessor-version":[{"id":1304,"href":"https:\/\/www.lucernatv.cz\/index.php\/wp-json\/wp\/v2\/posts\/1303\/revisions\/1304"}],"wp:featuredmedia":[{"embeddable":true,"href":"https:\/\/www.lucernatv.cz\/index.php\/wp-json\/wp\/v2\/media\/1672"}],"wp:attachment":[{"href":"https:\/\/www.lucernatv.cz\/index.php\/wp-json\/wp\/v2\/media?parent=1303"}],"wp:term":[{"taxonomy":"category","embeddable":true,"href":"https:\/\/www.lucernatv.cz\/index.php\/wp-json\/wp\/v2\/categories?post=1303"},{"taxonomy":"post_tag","embeddable":true,"href":"https:\/\/www.lucernatv.cz\/index.php\/wp-json\/wp\/v2\/tags?post=1303"}],"curies":[{"name":"wp","href":"https:\/\/api.w.org\/{rel}","templated":true}]}}