{"id":1114,"date":"2021-02-11T17:15:43","date_gmt":"2021-02-11T17:15:43","guid":{"rendered":"https:\/\/www.lucernatv.cz\/?p=1114"},"modified":"2021-02-21T09:18:24","modified_gmt":"2021-02-21T09:18:24","slug":"jana-bebarova-vdovy-jako-podvratny-heist-film","status":"publish","type":"post","link":"https:\/\/www.lucernatv.cz\/index.php\/2021\/02\/11\/jana-bebarova-vdovy-jako-podvratny-heist-film\/","title":{"rendered":"Jana B\u00e9barov\u00e1: Vdovy jako podvratn\u00fd heist film"},"content":{"rendered":"\n<div id=\"presentation-embed-38921026\"><\/div>\n<script src=\"https:\/\/slideslive.com\/embed_presentation.js\"><\/script>\n<script>\n    embed = new SlidesLiveEmbed('presentation-embed-38921026', {\n        presentationId: '38921026',\n        autoPlay: false, \/\/ change to true to autoplay the embedded presentation\n        verticalEnabled: true\n    });\n<\/script>\n\n\n\n<p>Z\u00e1znam vystoupen\u00ed na konferenci Prom\u011bny dramaturgie na Filozoficko-p\u0159\u00edrodov\u011bdeck\u00e9 fakult\u011b Slezsk\u00e9 univerzity v Opav\u011b.<\/p>\n","protected":false},"excerpt":{"rendered":"<p>Z\u00e1znam vystoupen\u00ed na konferenci Prom\u011bny dramaturgie na Filozoficko-p\u0159\u00edrodov\u011bdeck\u00e9 fakult\u011b Slezsk\u00e9 univerzity v Opav\u011b.<\/p>\n","protected":false},"author":1,"featured_media":2482,"comment_status":"closed","ping_status":"open","sticky":false,"template":"","format":"standard","meta":{"inline_featured_image":false,"_uag_custom_page_level_css":"","neve_meta_sidebar":"","neve_meta_container":"","neve_meta_enable_content_width":"","neve_meta_content_width":0,"neve_meta_title_alignment":"","neve_meta_author_avatar":"","neve_post_elements_order":"","neve_meta_disable_header":"","neve_meta_disable_footer":"","neve_meta_disable_title":"","_vp_format_video_url":"","_vp_image_focal_point":[]},"categories":[8,3,20,5],"tags":[48,47],"yoast_head":"<!-- This site is optimized with the Yoast SEO plugin v20.12 - https:\/\/yoast.com\/wordpress\/plugins\/seo\/ -->\n<title>Jana B\u00e9barov\u00e1: Vdovy jako podvratn\u00fd heist film - lucernatv.cz<\/title>\n<meta name=\"robots\" content=\"index, follow, max-snippet:-1, max-image-preview:large, max-video-preview:-1\" \/>\n<link rel=\"canonical\" href=\"https:\/\/www.lucernatv.cz\/index.php\/2021\/02\/11\/jana-bebarova-vdovy-jako-podvratny-heist-film\/\" \/>\n<meta property=\"og:locale\" content=\"cs_CZ\" \/>\n<meta property=\"og:type\" content=\"article\" \/>\n<meta property=\"og:title\" content=\"Jana B\u00e9barov\u00e1: Vdovy jako podvratn\u00fd heist film - lucernatv.cz\" \/>\n<meta property=\"og:description\" content=\"Z\u00e1znam vystoupen\u00ed na konferenci Prom\u011bny dramaturgie na Filozoficko-p\u0159\u00edrodov\u011bdeck\u00e9 fakult\u011b Slezsk\u00e9 univerzity v Opav\u011b.\" \/>\n<meta property=\"og:url\" content=\"https:\/\/www.lucernatv.cz\/index.php\/2021\/02\/11\/jana-bebarova-vdovy-jako-podvratny-heist-film\/\" \/>\n<meta property=\"og:site_name\" content=\"lucernatv.cz\" \/>\n<meta property=\"article:publisher\" content=\"https:\/\/www.facebook.com\/avtopava\" \/>\n<meta property=\"article:published_time\" content=\"2021-02-11T17:15:43+00:00\" \/>\n<meta property=\"article:modified_time\" content=\"2021-02-21T09:18:24+00:00\" \/>\n<meta property=\"og:image\" content=\"https:\/\/www.lucernatv.cz\/wp-content\/uploads\/2021\/02\/Prome\u030cny-J.Be\u0301barova\u0301png.png\" \/>\n\t<meta property=\"og:image:width\" content=\"1280\" \/>\n\t<meta property=\"og:image:height\" content=\"720\" \/>\n\t<meta property=\"og:image:type\" content=\"image\/png\" \/>\n<meta name=\"author\" content=\"lucernatvc\" \/>\n<meta name=\"twitter:card\" content=\"summary_large_image\" \/>\n<meta name=\"twitter:label1\" content=\"Napsal(a)\" \/>\n\t<meta name=\"twitter:data1\" content=\"lucernatvc\" \/>\n<script type=\"application\/ld+json\" class=\"yoast-schema-graph\">{\"@context\":\"https:\/\/schema.org\",\"@graph\":[{\"@type\":\"Article\",\"@id\":\"https:\/\/www.lucernatv.cz\/index.php\/2021\/02\/11\/jana-bebarova-vdovy-jako-podvratny-heist-film\/#article\",\"isPartOf\":{\"@id\":\"https:\/\/www.lucernatv.cz\/index.php\/2021\/02\/11\/jana-bebarova-vdovy-jako-podvratny-heist-film\/\"},\"author\":{\"name\":\"lucernatvc\",\"@id\":\"https:\/\/www.lucernatv.cz\/#\/schema\/person\/fdc6b3778fe63c82ba7479978ad159ad\"},\"headline\":\"Jana B\u00e9barov\u00e1: Vdovy jako podvratn\u00fd heist film\",\"datePublished\":\"2021-02-11T17:15:43+00:00\",\"dateModified\":\"2021-02-21T09:18:24+00:00\",\"mainEntityOfPage\":{\"@id\":\"https:\/\/www.lucernatv.cz\/index.php\/2021\/02\/11\/jana-bebarova-vdovy-jako-podvratny-heist-film\/\"},\"wordCount\":25,\"publisher\":{\"@id\":\"https:\/\/www.lucernatv.cz\/#organization\"},\"keywords\":[\"p\u0159edn\u00e1\u0161ka\",\"Prom\u011bny dramaturgie\"],\"articleSection\":[\"film, televize a rozhlas\",\"Kultura\",\"m\u00e9dia\",\"Spole\u010dnost\"],\"inLanguage\":\"cs\"},{\"@type\":\"WebPage\",\"@id\":\"https:\/\/www.lucernatv.cz\/index.php\/2021\/02\/11\/jana-bebarova-vdovy-jako-podvratny-heist-film\/\",\"url\":\"https:\/\/www.lucernatv.cz\/index.php\/2021\/02\/11\/jana-bebarova-vdovy-jako-podvratny-heist-film\/\",\"name\":\"Jana B\u00e9barov\u00e1: Vdovy jako podvratn\u00fd heist film - lucernatv.cz\",\"isPartOf\":{\"@id\":\"https:\/\/www.lucernatv.cz\/#website\"},\"datePublished\":\"2021-02-11T17:15:43+00:00\",\"dateModified\":\"2021-02-21T09:18:24+00:00\",\"breadcrumb\":{\"@id\":\"https:\/\/www.lucernatv.cz\/index.php\/2021\/02\/11\/jana-bebarova-vdovy-jako-podvratny-heist-film\/#breadcrumb\"},\"inLanguage\":\"cs\",\"potentialAction\":[{\"@type\":\"ReadAction\",\"target\":[\"https:\/\/www.lucernatv.cz\/index.php\/2021\/02\/11\/jana-bebarova-vdovy-jako-podvratny-heist-film\/\"]}]},{\"@type\":\"BreadcrumbList\",\"@id\":\"https:\/\/www.lucernatv.cz\/index.php\/2021\/02\/11\/jana-bebarova-vdovy-jako-podvratny-heist-film\/#breadcrumb\",\"itemListElement\":[{\"@type\":\"ListItem\",\"position\":1,\"name\":\"Dom\u016f\",\"item\":\"https:\/\/www.lucernatv.cz\/\"},{\"@type\":\"ListItem\",\"position\":2,\"name\":\"Jana B\u00e9barov\u00e1: Vdovy jako podvratn\u00fd heist film\"}]},{\"@type\":\"WebSite\",\"@id\":\"https:\/\/www.lucernatv.cz\/#website\",\"url\":\"https:\/\/www.lucernatv.cz\/\",\"name\":\"lucernatv.cz\",\"description\":\"Vzd\u011bl\u00e1vac\u00ed televize\",\"publisher\":{\"@id\":\"https:\/\/www.lucernatv.cz\/#organization\"},\"alternateName\":\"Lucerna TV\",\"potentialAction\":[{\"@type\":\"SearchAction\",\"target\":{\"@type\":\"EntryPoint\",\"urlTemplate\":\"https:\/\/www.lucernatv.cz\/?s={search_term_string}\"},\"query-input\":\"required name=search_term_string\"}],\"inLanguage\":\"cs\"},{\"@type\":\"Organization\",\"@id\":\"https:\/\/www.lucernatv.cz\/#organization\",\"name\":\"Lucerna TV\",\"url\":\"https:\/\/www.lucernatv.cz\/\",\"logo\":{\"@type\":\"ImageObject\",\"inLanguage\":\"cs\",\"@id\":\"https:\/\/www.lucernatv.cz\/#\/schema\/logo\/image\/\",\"url\":\"https:\/\/www.lucernatv.cz\/wp-content\/uploads\/2021\/02\/logo.svg\",\"contentUrl\":\"https:\/\/www.lucernatv.cz\/wp-content\/uploads\/2021\/02\/logo.svg\",\"width\":128,\"height\":41,\"caption\":\"Lucerna TV\"},\"image\":{\"@id\":\"https:\/\/www.lucernatv.cz\/#\/schema\/logo\/image\/\"},\"sameAs\":[\"https:\/\/www.facebook.com\/avtopava\",\"https:\/\/www.youtube.com\/channel\/UCtP8PPWG9JatWSMsKMOvdDg\"]},{\"@type\":\"Person\",\"@id\":\"https:\/\/www.lucernatv.cz\/#\/schema\/person\/fdc6b3778fe63c82ba7479978ad159ad\",\"name\":\"lucernatvc\",\"image\":{\"@type\":\"ImageObject\",\"inLanguage\":\"cs\",\"@id\":\"https:\/\/www.lucernatv.cz\/#\/schema\/person\/image\/\",\"url\":\"https:\/\/secure.gravatar.com\/avatar\/5b7905a95103f5227c1afd8b2a10f058?s=96&d=mm&r=g\",\"contentUrl\":\"https:\/\/secure.gravatar.com\/avatar\/5b7905a95103f5227c1afd8b2a10f058?s=96&d=mm&r=g\",\"caption\":\"lucernatvc\"},\"url\":\"https:\/\/www.lucernatv.cz\/index.php\/author\/lucernatvc\/\"}]}<\/script>\n<!-- \/ Yoast SEO plugin. -->","yoast_head_json":{"title":"Jana B\u00e9barov\u00e1: Vdovy jako podvratn\u00fd heist film - lucernatv.cz","robots":{"index":"index","follow":"follow","max-snippet":"max-snippet:-1","max-image-preview":"max-image-preview:large","max-video-preview":"max-video-preview:-1"},"canonical":"https:\/\/www.lucernatv.cz\/index.php\/2021\/02\/11\/jana-bebarova-vdovy-jako-podvratny-heist-film\/","og_locale":"cs_CZ","og_type":"article","og_title":"Jana B\u00e9barov\u00e1: Vdovy jako podvratn\u00fd heist film - lucernatv.cz","og_description":"Z\u00e1znam vystoupen\u00ed na konferenci Prom\u011bny dramaturgie na Filozoficko-p\u0159\u00edrodov\u011bdeck\u00e9 fakult\u011b Slezsk\u00e9 univerzity v Opav\u011b.","og_url":"https:\/\/www.lucernatv.cz\/index.php\/2021\/02\/11\/jana-bebarova-vdovy-jako-podvratny-heist-film\/","og_site_name":"lucernatv.cz","article_publisher":"https:\/\/www.facebook.com\/avtopava","article_published_time":"2021-02-11T17:15:43+00:00","article_modified_time":"2021-02-21T09:18:24+00:00","og_image":[{"width":1280,"height":720,"url":"https:\/\/www.lucernatv.cz\/wp-content\/uploads\/2021\/02\/Prome\u030cny-J.Be\u0301barova\u0301png.png","type":"image\/png"}],"author":"lucernatvc","twitter_card":"summary_large_image","twitter_misc":{"Napsal(a)":"lucernatvc"},"schema":{"@context":"https:\/\/schema.org","@graph":[{"@type":"Article","@id":"https:\/\/www.lucernatv.cz\/index.php\/2021\/02\/11\/jana-bebarova-vdovy-jako-podvratny-heist-film\/#article","isPartOf":{"@id":"https:\/\/www.lucernatv.cz\/index.php\/2021\/02\/11\/jana-bebarova-vdovy-jako-podvratny-heist-film\/"},"author":{"name":"lucernatvc","@id":"https:\/\/www.lucernatv.cz\/#\/schema\/person\/fdc6b3778fe63c82ba7479978ad159ad"},"headline":"Jana B\u00e9barov\u00e1: Vdovy jako podvratn\u00fd heist film","datePublished":"2021-02-11T17:15:43+00:00","dateModified":"2021-02-21T09:18:24+00:00","mainEntityOfPage":{"@id":"https:\/\/www.lucernatv.cz\/index.php\/2021\/02\/11\/jana-bebarova-vdovy-jako-podvratny-heist-film\/"},"wordCount":25,"publisher":{"@id":"https:\/\/www.lucernatv.cz\/#organization"},"keywords":["p\u0159edn\u00e1\u0161ka","Prom\u011bny dramaturgie"],"articleSection":["film, televize a rozhlas","Kultura","m\u00e9dia","Spole\u010dnost"],"inLanguage":"cs"},{"@type":"WebPage","@id":"https:\/\/www.lucernatv.cz\/index.php\/2021\/02\/11\/jana-bebarova-vdovy-jako-podvratny-heist-film\/","url":"https:\/\/www.lucernatv.cz\/index.php\/2021\/02\/11\/jana-bebarova-vdovy-jako-podvratny-heist-film\/","name":"Jana B\u00e9barov\u00e1: Vdovy jako podvratn\u00fd heist film - lucernatv.cz","isPartOf":{"@id":"https:\/\/www.lucernatv.cz\/#website"},"datePublished":"2021-02-11T17:15:43+00:00","dateModified":"2021-02-21T09:18:24+00:00","breadcrumb":{"@id":"https:\/\/www.lucernatv.cz\/index.php\/2021\/02\/11\/jana-bebarova-vdovy-jako-podvratny-heist-film\/#breadcrumb"},"inLanguage":"cs","potentialAction":[{"@type":"ReadAction","target":["https:\/\/www.lucernatv.cz\/index.php\/2021\/02\/11\/jana-bebarova-vdovy-jako-podvratny-heist-film\/"]}]},{"@type":"BreadcrumbList","@id":"https:\/\/www.lucernatv.cz\/index.php\/2021\/02\/11\/jana-bebarova-vdovy-jako-podvratny-heist-film\/#breadcrumb","itemListElement":[{"@type":"ListItem","position":1,"name":"Dom\u016f","item":"https:\/\/www.lucernatv.cz\/"},{"@type":"ListItem","position":2,"name":"Jana B\u00e9barov\u00e1: Vdovy jako podvratn\u00fd heist film"}]},{"@type":"WebSite","@id":"https:\/\/www.lucernatv.cz\/#website","url":"https:\/\/www.lucernatv.cz\/","name":"lucernatv.cz","description":"Vzd\u011bl\u00e1vac\u00ed televize","publisher":{"@id":"https:\/\/www.lucernatv.cz\/#organization"},"alternateName":"Lucerna TV","potentialAction":[{"@type":"SearchAction","target":{"@type":"EntryPoint","urlTemplate":"https:\/\/www.lucernatv.cz\/?s={search_term_string}"},"query-input":"required name=search_term_string"}],"inLanguage":"cs"},{"@type":"Organization","@id":"https:\/\/www.lucernatv.cz\/#organization","name":"Lucerna TV","url":"https:\/\/www.lucernatv.cz\/","logo":{"@type":"ImageObject","inLanguage":"cs","@id":"https:\/\/www.lucernatv.cz\/#\/schema\/logo\/image\/","url":"https:\/\/www.lucernatv.cz\/wp-content\/uploads\/2021\/02\/logo.svg","contentUrl":"https:\/\/www.lucernatv.cz\/wp-content\/uploads\/2021\/02\/logo.svg","width":128,"height":41,"caption":"Lucerna TV"},"image":{"@id":"https:\/\/www.lucernatv.cz\/#\/schema\/logo\/image\/"},"sameAs":["https:\/\/www.facebook.com\/avtopava","https:\/\/www.youtube.com\/channel\/UCtP8PPWG9JatWSMsKMOvdDg"]},{"@type":"Person","@id":"https:\/\/www.lucernatv.cz\/#\/schema\/person\/fdc6b3778fe63c82ba7479978ad159ad","name":"lucernatvc","image":{"@type":"ImageObject","inLanguage":"cs","@id":"https:\/\/www.lucernatv.cz\/#\/schema\/person\/image\/","url":"https:\/\/secure.gravatar.com\/avatar\/5b7905a95103f5227c1afd8b2a10f058?s=96&d=mm&r=g","contentUrl":"https:\/\/secure.gravatar.com\/avatar\/5b7905a95103f5227c1afd8b2a10f058?s=96&d=mm&r=g","caption":"lucernatvc"},"url":"https:\/\/www.lucernatv.cz\/index.php\/author\/lucernatvc\/"}]}},"uagb_featured_image_src":{"full":["https:\/\/www.lucernatv.cz\/wp-content\/uploads\/2021\/02\/Prome\u030cny-J.Be\u0301barova\u0301png.png",1280,720,false],"thumbnail":["https:\/\/www.lucernatv.cz\/wp-content\/uploads\/2021\/02\/Prome\u030cny-J.Be\u0301barova\u0301png-150x150.png",150,150,true],"medium":["https:\/\/www.lucernatv.cz\/wp-content\/uploads\/2021\/02\/Prome\u030cny-J.Be\u0301barova\u0301png-318x180.png",318,180,true],"medium_large":["https:\/\/www.lucernatv.cz\/wp-content\/uploads\/2021\/02\/Prome\u030cny-J.Be\u0301barova\u0301png-768x432.png",768,432,true],"large":["https:\/\/www.lucernatv.cz\/wp-content\/uploads\/2021\/02\/Prome\u030cny-J.Be\u0301barova\u0301png.png",1200,675,false],"1536x1536":["https:\/\/www.lucernatv.cz\/wp-content\/uploads\/2021\/02\/Prome\u030cny-J.Be\u0301barova\u0301png.png",1280,720,false],"2048x2048":["https:\/\/www.lucernatv.cz\/wp-content\/uploads\/2021\/02\/Prome\u030cny-J.Be\u0301barova\u0301png.png",1280,720,false],"ultp_layout_landscape_large":["https:\/\/www.lucernatv.cz\/wp-content\/uploads\/2021\/02\/Prome\u030cny-J.Be\u0301barova\u0301png-1200x720.png",1200,720,true],"ultp_layout_landscape":["https:\/\/www.lucernatv.cz\/wp-content\/uploads\/2021\/02\/Prome\u030cny-J.Be\u0301barova\u0301png-870x570.png",870,570,true],"ultp_layout_portrait":["https:\/\/www.lucernatv.cz\/wp-content\/uploads\/2021\/02\/Prome\u030cny-J.Be\u0301barova\u0301png-600x720.png",600,720,true],"ultp_layout_square":["https:\/\/www.lucernatv.cz\/wp-content\/uploads\/2021\/02\/Prome\u030cny-J.Be\u0301barova\u0301png-600x600.png",600,600,true],"vp_sm":["https:\/\/www.lucernatv.cz\/wp-content\/uploads\/2021\/02\/Prome\u030cny-J.Be\u0301barova\u0301png-500x281.png",500,281,true],"vp_md":["https:\/\/www.lucernatv.cz\/wp-content\/uploads\/2021\/02\/Prome\u030cny-J.Be\u0301barova\u0301png-800x450.png",800,450,true],"vp_lg":["https:\/\/www.lucernatv.cz\/wp-content\/uploads\/2021\/02\/Prome\u030cny-J.Be\u0301barova\u0301png.png",1280,720,false],"vp_xl":["https:\/\/www.lucernatv.cz\/wp-content\/uploads\/2021\/02\/Prome\u030cny-J.Be\u0301barova\u0301png.png",1280,720,false],"vp_sm_popup":["https:\/\/www.lucernatv.cz\/wp-content\/uploads\/2021\/02\/Prome\u030cny-J.Be\u0301barova\u0301png-500x281.png",500,281,true],"vp_md_popup":["https:\/\/www.lucernatv.cz\/wp-content\/uploads\/2021\/02\/Prome\u030cny-J.Be\u0301barova\u0301png-800x450.png",800,450,true],"vp_xl_popup":["https:\/\/www.lucernatv.cz\/wp-content\/uploads\/2021\/02\/Prome\u030cny-J.Be\u0301barova\u0301png.png",1280,720,false],"neve-blog":["https:\/\/www.lucernatv.cz\/wp-content\/uploads\/2021\/02\/Prome\u030cny-J.Be\u0301barova\u0301png-930x620.png",930,620,true]},"uagb_author_info":{"display_name":"lucernatvc","author_link":"https:\/\/www.lucernatv.cz\/index.php\/author\/lucernatvc\/"},"uagb_comment_info":0,"uagb_excerpt":"Z\u00e1znam vystoupen\u00ed na konferenci Prom\u011bny dramaturgie na Filozoficko-p\u0159\u00edrodov\u011bdeck\u00e9 fakult\u011b Slezsk\u00e9 univerzity v Opav\u011b.","_links":{"self":[{"href":"https:\/\/www.lucernatv.cz\/index.php\/wp-json\/wp\/v2\/posts\/1114"}],"collection":[{"href":"https:\/\/www.lucernatv.cz\/index.php\/wp-json\/wp\/v2\/posts"}],"about":[{"href":"https:\/\/www.lucernatv.cz\/index.php\/wp-json\/wp\/v2\/types\/post"}],"author":[{"embeddable":true,"href":"https:\/\/www.lucernatv.cz\/index.php\/wp-json\/wp\/v2\/users\/1"}],"replies":[{"embeddable":true,"href":"https:\/\/www.lucernatv.cz\/index.php\/wp-json\/wp\/v2\/comments?post=1114"}],"version-history":[{"count":2,"href":"https:\/\/www.lucernatv.cz\/index.php\/wp-json\/wp\/v2\/posts\/1114\/revisions"}],"predecessor-version":[{"id":2486,"href":"https:\/\/www.lucernatv.cz\/index.php\/wp-json\/wp\/v2\/posts\/1114\/revisions\/2486"}],"wp:featuredmedia":[{"embeddable":true,"href":"https:\/\/www.lucernatv.cz\/index.php\/wp-json\/wp\/v2\/media\/2482"}],"wp:attachment":[{"href":"https:\/\/www.lucernatv.cz\/index.php\/wp-json\/wp\/v2\/media?parent=1114"}],"wp:term":[{"taxonomy":"category","embeddable":true,"href":"https:\/\/www.lucernatv.cz\/index.php\/wp-json\/wp\/v2\/categories?post=1114"},{"taxonomy":"post_tag","embeddable":true,"href":"https:\/\/www.lucernatv.cz\/index.php\/wp-json\/wp\/v2\/tags?post=1114"}],"curies":[{"name":"wp","href":"https:\/\/api.w.org\/{rel}","templated":true}]}}